{"id":197134,"date":"2019-09-25T16:05:44","date_gmt":"2019-09-25T16:05:44","guid":{"rendered":"https:\/\/www.meydan.tv\/article\/zerdab-sakini-hokumet-qezali-evlerle-bagli-bir-care-tapmalidir\/"},"modified":"2019-09-25T16:05:44","modified_gmt":"2019-09-25T16:05:44","slug":"zerdab-sakini-hokumet-qezali-evlerle-bagli-bir-care-tapmalidir","status":"publish","type":"post","link":"https:\/\/www.meydan.tv\/az\/article\/zerdab-sakini-hokumet-qezali-evlerle-bagli-bir-care-tapmalidir\/","title":{"rendered":"Z\u0259rdab sakini: H\u00f6kum\u0259t q\u0259zal\u0131 evl\u0259rl\u0259 ba\u011fl\u0131 bir \u00e7ar\u0259 tapmal\u0131d\u0131r"},"content":{"rendered":"<p>\n  <i><br \/>\n    \u201cHam\u0131m\u0131z b\u0259db\u0259xt g\u00fcn\u00fcnd\u0259yik, insanlar\u0131 bu hala sal\u0131blar\u201d<br \/>\n  <\/i>\n<\/p>\n<p>\n  \u201cM\u0259nim x\u0259st\u0259liyim\u0259 diaqnoz qoyulanda, Az\u0259rbaycanda bu m\u0259r\u0259td\u0259n \u0259ziyy\u0259t \u00e7\u0259k\u0259n 5-6 n\u0259f\u0259rd\u0259 var idi. \u0130ndi yay\u0131l\u0131b. X\u0259st\u0259liyin ad\u0131 q\u0131rm\u0131z\u0131 qurd e\u015f\u0259n\u0259yidir (Lupus). Bir b\u0259lad\u0131r, tutub m\u0259ni. Sa\u011falan x\u0259st\u0259lik deyil, \u00f6mr\u00fcm boyu m\u00fcalic\u0259 olunmal\u0131yam\u201d.\n<\/p>\n<p>\n  Z\u0259rdab\u0131n K\u00f6rp\u00fck\u0259nd k\u0259ndind\u0259 ya\u015fayan Elzan\u0259 Qas\u0131mova bel\u0259 deyir. Bildirir ki, onsuz da 17 ildir ki, m\u00fcxt\u0259lif x\u0259st\u0259likl\u0259rd\u0259n \u0259ziyy\u0259t \u00e7\u0259kirdi, \u015f\u0259k\u0259ri, t\u0259zyiqi vard\u0131. \u00dcst\u00fcn\u0259 bu x\u0259st\u0259lik d\u0259 g\u0259lib, v\u0259ziyy\u0259ti daha da a\u011f\u0131rla\u015f\u0131b:\n<\/p>\n<p>\n  \u201cB\u00fct\u00fcn bunlar azm\u0131\u015f kimi fevralda evd\u0259 y\u0131x\u0131ld\u0131m. Daha da pis duruma d\u00fc\u015fd\u00fcm. 30 tiki\u015f qoydular aya\u011f\u0131ma. X\u0259st\u0259y\u0259m, bu ayr\u0131 bir d\u0259rddir. \u0130kinci d\u0259rd d\u0259 aya\u011f\u0131m sa\u011falm\u0131r, vaxta\u015f\u0131r\u0131 irinl\u0259yir, qanay\u0131r, q\u0131pq\u0131rm\u0131z\u0131d\u0131r. Yax\u015f\u0131 m\u00fcalic\u0259y\u0259, h\u0259kim\u0259 ehtiyac\u0131m var, imkan\u0131m yoxdur\u201d.\n<\/p>\n<p>\n  Elzan\u0259 Qas\u0131mova eyni zamanda, a\u011f\u0131r x\u0259st\u0259 \u00fc\u00e7\u00fcn uy\u011fun olmayan \u015f\u0259raitd\u0259 ya\u015fad\u0131\u011f\u0131n\u0131 deyir:\n<\/p>\n<p>\n  \u201cHamam yox, normal ayaqyolu yox, x\u0259st\u0259y\u0259m, z\u00fclm \u00e7\u0259kir\u0259m. Evi d\u0259 ki, g\u00f6r\u00fcrs\u00fcz, az qal\u0131r ba\u015f\u0131m\u0131za u\u00e7a. \u015e\u0259rait yoxdu, m\u00fcalic\u0259 d\u0259 ola bilmir\u0259m. N\u0259 etm\u0259liy\u0259m, y\u0131x\u0131l\u0131b \u00f6l\u00fcm? \u0130nan\u0131n, \u00f6l\u0259 d\u0259 bilmir\u0259m. Z\u00fclm \u00e7\u0259kir\u0259m\u201d.\n<\/p>\n<figure class=\"wp-block-image size-large\">\n  <img decoding=\"async\" src=\"https:\/\/www.meydan.tv\/az\/image_from_ios-4-jpg-62\/\" alt=\"image_from_ios (4).jpg\" class=\"wp-image-130192\"\/><figcaption>\n    Elzan\u0259 Qas\u0131mova<br \/>\n  <\/figcaption><\/figure>\n<p>\n  Elzan\u0259 Qas\u0131mova \u015f\u0259raitsizlikd\u0259n o\u011flunun da evd\u0259n ba\u015f g\u00f6t\u00fcr\u00fcb getdiyini s\u00f6yl\u0259yir. Onu q\u0131nam\u0131r, deyir, imkan\u0131 olsa, \u00f6z\u00fc d\u0259 ba\u015f g\u00f6t\u00fcr\u00fcb ged\u0259r:\n<\/p>\n<p>\n  \u201cO\u011flum deyir, ev n\u0259 g\u00fcnd\u0259dir, m\u0259n evl\u0259nmir\u0259m, \u00e7\u0131x\u0131b gedir\u0259m. Hara m\u00fcraci\u0259t etmi\u015f\u0259m, bir n\u0259tic\u0259si yoxdur. Ax\u0131rda icra hakimiyy\u0259tind\u0259n dedil\u0259r ki, \u015f\u0259hid ail\u0259si deyils\u0259n, s\u0259n\u0259 ev d\u00fc\u015fm\u00fcr. D\u00fczd\u00fcr, m\u0259n \u015f\u0259hid ail\u0259si deyil\u0259m, amma 2-ci qrup \u0259lil\u0259m, x\u0259st\u0259y\u0259m, \u00e7\u00f6l\u0259 at\u0131lmal\u0131yam? Deyir\u0259m, m\u0259n\u0259 bir d\u0259n\u0259 vaqon verin, evin k\u00fcnc\u00fcnd\u0259 qoyub, i\u00e7ind\u0259 ya\u015fay\u0131m. Dedil\u0259r, ay xan\u0131m, indiki d\u00f6vrd\u0259 vaqonda adam ya\u015fayar? Dal\u0131nca da deyir ki, qon\u015fu k\u0259ndd\u0259 bir u\u00e7mu\u015f ev var, gedin, izin veririk, onun da\u015f\u0131n\u0131, qumunu, \u0259liniz\u0259 n\u0259 ke\u00e7ir, y\u0131\u011f\u0131n, g\u0259tirin, \u00f6z\u00fcn\u00fcz\u0259 ev tikin\u201d.\n<\/p>\n<p>\n  Elzan\u0259 Qas\u0131mova deyir ki, yolda\u015f\u0131 \u015f\u0259k\u0259r, \u00f6z\u00fc ikinci qrup \u0259lil, o evin materiallar\u0131n\u0131 nec\u0259 da\u015f\u0131s\u0131nlar? \u00d6z\u00fc d\u0259 he\u00e7 yerd\u0259 i\u015fl\u0259mirl\u0259r ki, f\u0259hl\u0259 tutub bu i\u015fi g\u00f6rd\u00fcrs\u00fcnl\u0259r, imkanlar\u0131 yoxdur:\n<\/p>\n<p>\n  \u201cHe\u00e7 yerd\u0259 i\u015fl\u0259mirik, pensiyadan ba\u015fqa g\u0259lirimiz yoxdur. Ev d\u0259 ki, az qala 80 ilin tikilisidir. \u0130cra hakimiyy\u0259tind\u0259n g\u0259l\u0259n komissiya da \u201cq\u0259zal\u0131d\u0131r, ya\u015famaq olmaz\u201d, &#8211; dedi. \u0130ndi el\u0259dir ki, camaat bir tik\u0259 \u00e7\u00f6r\u0259k tapanda sevinir. \u0130\u015fsizlik, x\u0259st\u0259lik yay\u0131l\u0131b. Camaatda ev tikm\u0259y\u0259, b\u00f6y\u00fck i\u015fl\u0259r g\u00f6rm\u0259y\u0259 pul yoxdur. Odur ki, h\u00f6kum\u0259t bir \u00e7ar\u0259 tapmal\u0131d\u0131r. H\u0259qiq\u0259t\u0259n q\u0259zal\u0131 evl\u0259r\u0259 d\u0259st\u0259k olmal\u0131d\u0131r. Yoxsa, bu g\u00fcn, sabah ba\u015f\u0131m\u0131za u\u00e7acaq. Onda a\u011f\u0131llar\u0131 ba\u015flar\u0131na g\u0259l\u0259c\u0259k?\u201d\n<\/p>\n<p>\n  1960-c\u0131 il do\u011fumlu Elzan\u0259 Qas\u0131movan\u0131n 2 \u00f6vlad\u0131 var. Q\u0131z\u0131 qon\u015fu k\u0259ndd\u0259 ya\u015fay\u0131r, ail\u0259lidir. O\u011flu is\u0259 Bak\u0131da f\u0259hl\u0259lik edir:\n<\/p>\n<p>\n  \u201cBir m\u00fcdd\u0259tdir n\u0259v\u0259m g\u0259lib, guya m\u0259n\u0259 baxs\u0131n. O da k\u00f6rp\u0259 u\u015faqd\u0131r, h\u0259r \u015feyi ed\u0259 bilmir. \u0130ki x\u0259st\u0259 qalm\u0131\u015f\u0131q q\u0259zal\u0131 evd\u0259. U\u015fa\u011fa da yaz\u0131\u011f\u0131m g\u0259lir. Deyir\u0259m, biz c\u0259h\u0259nn\u0259m, ev u\u00e7sa, o da alt\u0131nda qalacaq. \u018flimiz h\u0259r yerd\u0259n \u00fcz\u00fclm\u00fc\u015f \u015f\u0259kild\u0259 g\u00f6zl\u0259yirik\u201d.\n<\/p>\n<figure class=\"wp-block-image size-large\">\n  <img decoding=\"async\" src=\"https:\/\/www.meydan.tv\/az\/image_from_ios-17-jpg\/\" alt=\"image_from_ios (17).jpg\" class=\"wp-image-130219\"\/><figcaption>\n    Evin b\u0259zi hiss\u0259l\u0259rini sellofanla tutublar ki, q\u0131\u015fda i\u00e7\u0259riy\u0259 k\u00fcl\u0259k \u0259sm\u0259sin<br \/>\n  <\/figcaption><\/figure>\n<p>\n  Ail\u0259 ba\u015f\u00e7\u0131s\u0131 Bayram Qas\u0131mov da ill\u0259rdir \u015f\u0259k\u0259rli diabet x\u0259st\u0259liyind\u0259n \u0259ziyy\u0259t \u00e7\u0259kir. Deyir, i\u015fl\u0259m\u0259k qabiliyy\u0259tini \u00e7oxdan itirib, pensiya il\u0259 g\u00fccl\u0259 dolan\u0131rlar. Ald\u0131qlar\u0131 pul is\u0259 d\u0259rmanlar\u0131na, yem\u0259kl\u0259rin\u0259 g\u00fccl\u0259 \u00e7at\u0131r. Onunla n\u0259s\u0259 i\u015f g\u00f6rm\u0259k m\u00fcmk\u00fcn deyil:\n<\/p>\n<p>\n  \u201cEv t\u0259xmin\u0259n 50-ci ill\u0259rd\u0259 tikilib. B\u0259lk\u0259 d\u0259 ondan da \u0259vv\u0259l. Adic\u0259 k\u00fcl\u0259k \u0259s\u0259nd\u0259 \u00fcr\u0259yimiz qopur. Ya\u011f\u0131\u015f, qar evin i\u00e7ind\u0259 olur. H\u0259r yer\u0259 dam\u0131r. Daha bundan o yana n\u0259 var? \u00c7\u0259tindir, dolana, ya\u015faya bilmirik. Ham\u0131m\u0131z b\u0259db\u0259xt g\u00fcn\u00fcnd\u0259yik, insanlar\u0131 bu hala sal\u0131blar. \u00d6z\u00fcm\u00fcz\u0259 ev tikm\u0259kd\u0259, t\u0259mir etm\u0259kd\u0259 d\u0259 acizik\u201d.\n<\/p>\n<p>\n  Z\u0259rdab Rayon \u0130cra Hakimiyy\u0259tind\u0259n Meydan TV-y\u0259 bildiribl\u0259r ki, eyni probleml\u0259 \u00e7ox adam m\u00fcraci\u0259t edir:\n<\/p>\n<figure class=\"wp-block-image size-large\">\n  <img decoding=\"async\" src=\"https:\/\/www.meydan.tv\/az\/image_from_ios-12-jpg-10\/\" alt=\"image_from_ios (12).jpg\" class=\"wp-image-130204\"\/><figcaption>\n    Elzan\u0259 Qas\u0131mova deyir ki, ya\u011f\u0131\u015f, qar evl\u0259rinin i\u00e7in\u0259 ya\u011f\u0131r<br \/>\n  <\/figcaption><\/figure>\n<p>\n  Z\u0259rdab Rayon \u0130cra Hakimiyy\u0259tind\u0259n Meydan TV-y\u0259 bildiribl\u0259r ki, eyni probleml\u0259 \u00e7ox adam m\u00fcraci\u0259t edir:\n<\/p>\n<p>\n  \u201cK\u0259ndl\u0259rd\u0259 o q\u0259d\u0259r q\u0259zal\u0131 evl\u0259r var ki. Sad\u0259c\u0259 bunun \u00fc\u00e7\u00fcn b\u00fcdc\u0259d\u0259n biz\u0259 v\u0259sait ayr\u0131lm\u0131r ax\u0131, gedin, bu evl\u0259ri t\u0259mir edin, yaxud yenid\u0259n tikin. Z\u0259lz\u0259l\u0259, t\u0259bii f\u0259lak\u0259t zaman\u0131 bel\u0259 b\u00fcdc\u0259l\u0259r verilir. Amma n\u0259s\u0259 ba\u015f verm\u0259diyi halda, biz kim\u0259s\u0259 ev tik\u0259 bilm\u0259rik. Ona g\u00f6r\u0259 yox ki, bunu ist\u0259mirik. Ona g\u00f6r\u0259 ki, bizim bel\u0259 bir b\u00fcdc\u0259miz yoxdur. Yoxsa biz d\u0259 v\u0259t\u0259nda\u015fa k\u00f6m\u0259k etm\u0259k ist\u0259rik, kim ist\u0259m\u0259z ki. \u00c7oxu k\u00f6hn\u0259ldiyi \u00fc\u00e7\u00fcn q\u0259zal\u0131 duruma d\u00fc\u015f\u00fcb. Ancaq bizim bel\u0259 evl\u0259ri tikm\u0259k, t\u0259mir etm\u0259k imkan\u0131m\u0131z yoxdur\u201d.\n<\/p>\n<figure class=\"wp-block-image size-large\">\n  <img decoding=\"async\" src=\"https:\/\/www.meydan.tv\/az\/image_from_ios-6-jpg-40\/\" alt=\"image_from_ios (6).jpg\" class=\"wp-image-130201\"\/><figcaption>\n    Ail\u0259nin q\u0259zal\u0131 evi t\u0259mir etm\u0259k imkan\u0131 yoxdur<br \/>\n  <\/figcaption><\/figure>\n<figure class=\"wp-block-image size-large\">\n  <img decoding=\"async\" src=\"https:\/\/www.meydan.tv\/az\/image_from_ios-13-jpg-6\/\" alt=\"image_from_ios (13).jpg\" class=\"wp-image-130210\"\/><figcaption>\n    Bayram Qas\u0131mov<br \/>\n  <\/figcaption><\/figure>\n<figure class=\"wp-block-image size-large\">\n  <img decoding=\"async\" src=\"https:\/\/www.meydan.tv\/az\/image_from_ios-5-jpg-45\/\" alt=\"image_from_ios (5).jpg\" class=\"wp-image-130198\"\/><figcaption>\n    Ail\u0259 evl\u0259rinin ba\u015flar\u0131na u\u00e7aca\u011f\u0131ndan qorxur<br \/>\n  <\/figcaption><\/figure>\n<figure class=\"wp-block-image size-large\">\n  <img decoding=\"async\" src=\"https:\/\/www.meydan.tv\/az\/image_from_ios-14-jpg-5\/\" alt=\"image_from_ios (14).jpg\" class=\"wp-image-130213\"\/><figcaption>\n    Evin b\u0259zi divarlar\u0131 tamamil\u0259 s\u0131radan \u00e7\u0131x\u0131b<br \/>\n  <\/figcaption><\/figure>\n<figure class=\"wp-block-image size-large\">\n  <img decoding=\"async\" src=\"https:\/\/www.meydan.tv\/az\/image_from_ios-15-jpg-5\/\" alt=\"image_from_ios (15).jpg\" class=\"wp-image-130216\"\/><figcaption>\n    Ail\u0259 evin tamamil\u0259 yarars\u0131z v\u0259ziyy\u0259td\u0259 oldu\u011funu s\u00f6yl\u0259yir<br \/>\n  <\/figcaption><\/figure>\n<figure class=\"wp-block-image size-large\">\n  <img decoding=\"async\" src=\"https:\/\/www.meydan.tv\/az\/image_from_ios-16-jpg-4\/\" alt=\"image_from_ios (16).jpg\" class=\"wp-image-130222\"\/><figcaption>\n    Qas\u0131movlar ail\u0259sinin pensiyadan ba\u015fqa g\u0259lirl\u0259ri olmad\u0131\u011f\u0131ndan, evl\u0259rini t\u0259mir etm\u0259k imkanlar\u0131 yoxdur<br \/>\n  <\/figcaption><\/figure>\n","protected":false},"excerpt":{"rendered":"<p>Elzan\u0259 Qas\u0131mova deyir ki, yolda\u015f\u0131 \u015f\u0259k\u0259r, \u00f6z\u00fc ikinci qrup \u0259lil, o evin materiallar\u0131n\u0131 nec\u0259 da\u015f\u0131s\u0131nlar?<\/p>\n","protected":false},"author":11,"featured_media":130207,"comment_status":"closed","ping_status":"open","sticky":false,"template":"","format":"standard","meta":{"_acf_changed":false,"_sitemap_exclude":false,"_sitemap_priority":"","_sitemap_frequency":"","footnotes":""},"categories":[60],"tags":[],"class_list":["post-197134","post","type-post","status-publish","format-standard","has-post-thumbnail","hentry","category-bolge","infinite-scroll-item","generate-columns","tablet-grid-50","mobile-grid-100","grid-parent","grid-33","no-featured-image-padding"],"acf":[],"yoast_head":"<!-- This site is optimized with the Yoast SEO plugin v27.5 - https:\/\/yoast.com\/product\/yoast-seo-wordpress\/ -->\n<title>Z\u0259rdab sakini: H\u00f6kum\u0259t q\u0259zal\u0131 evl\u0259rl\u0259 ba\u011fl\u0131 bir \u00e7ar\u0259 tapmal\u0131d\u0131r - MEYDAN.TV<\/title>\n<meta name=\"robots\" content=\"index, follow, max-snippet:-1, max-image-preview:large, max-video-preview:-1\" \/>\n<link rel=\"canonical\" href=\"https:\/\/www.meydan.tv\/az\/article\/zerdab-sakini-hokumet-qezali-evlerle-bagli-bir-care-tapmalidir\/\" \/>\n<meta property=\"og:locale\" content=\"az_AZ\" \/>\n<meta property=\"og:type\" content=\"article\" \/>\n<meta property=\"og:title\" content=\"Z\u0259rdab sakini: H\u00f6kum\u0259t q\u0259zal\u0131 evl\u0259rl\u0259 ba\u011fl\u0131 bir \u00e7ar\u0259 tapmal\u0131d\u0131r - MEYDAN.TV\" \/>\n<meta property=\"og:description\" content=\"Elzan\u0259 Qas\u0131mova deyir ki, yolda\u015f\u0131 \u015f\u0259k\u0259r, \u00f6z\u00fc ikinci qrup \u0259lil, o evin materiallar\u0131n\u0131 nec\u0259 da\u015f\u0131s\u0131nlar?\" \/>\n<meta property=\"og:url\" content=\"https:\/\/www.meydan.tv\/az\/article\/zerdab-sakini-hokumet-qezali-evlerle-bagli-bir-care-tapmalidir\/\" \/>\n<meta property=\"og:site_name\" content=\"MEYDAN.TV\" \/>\n<meta property=\"article:published_time\" content=\"2019-09-25T16:05:44+00:00\" \/>\n<meta property=\"og:image\" content=\"https:\/\/www.meydan.tv\/wp-content\/uploads\/image_from_ios_7_ee22o2b-scaled.jpg\" \/>\n\t<meta property=\"og:image:width\" content=\"2560\" \/>\n\t<meta property=\"og:image:height\" content=\"1920\" \/>\n\t<meta property=\"og:image:type\" content=\"image\/jpeg\" \/>\n<meta name=\"author\" content=\"user-manager\" \/>\n<meta name=\"twitter:card\" content=\"summary_large_image\" \/>\n<script type=\"application\/ld+json\" class=\"yoast-schema-graph\">{\"@context\":\"https:\\\/\\\/schema.org\",\"@graph\":[{\"@type\":\"Article\",\"@id\":\"https:\\\/\\\/www.meydan.tv\\\/az\\\/article\\\/zerdab-sakini-hokumet-qezali-evlerle-bagli-bir-care-tapmalidir\\\/#article\",\"isPartOf\":{\"@id\":\"https:\\\/\\\/www.meydan.tv\\\/az\\\/article\\\/zerdab-sakini-hokumet-qezali-evlerle-bagli-bir-care-tapmalidir\\\/\"},\"author\":{\"name\":\"user-manager\",\"@id\":\"https:\\\/\\\/www.meydan.tv\\\/az\\\/#\\\/schema\\\/person\\\/10d11eccf6da3662cf5fdab9806ea91a\"},\"headline\":\"Z\u0259rdab sakini: H\u00f6kum\u0259t q\u0259zal\u0131 evl\u0259rl\u0259 ba\u011fl\u0131 bir \u00e7ar\u0259 tapmal\u0131d\u0131r\",\"datePublished\":\"2019-09-25T16:05:44+00:00\",\"mainEntityOfPage\":{\"@id\":\"https:\\\/\\\/www.meydan.tv\\\/az\\\/article\\\/zerdab-sakini-hokumet-qezali-evlerle-bagli-bir-care-tapmalidir\\\/\"},\"wordCount\":1113,\"publisher\":{\"@id\":\"https:\\\/\\\/www.meydan.tv\\\/az\\\/#organization\"},\"image\":{\"@id\":\"https:\\\/\\\/www.meydan.tv\\\/az\\\/article\\\/zerdab-sakini-hokumet-qezali-evlerle-bagli-bir-care-tapmalidir\\\/#primaryimage\"},\"thumbnailUrl\":\"https:\\\/\\\/www.meydan.tv\\\/wp-content\\\/uploads\\\/image_from_ios_7_ee22o2b-scaled.jpg\",\"articleSection\":[\"B\u00f6lg\u0259\"],\"inLanguage\":\"az\"},{\"@type\":\"WebPage\",\"@id\":\"https:\\\/\\\/www.meydan.tv\\\/az\\\/article\\\/zerdab-sakini-hokumet-qezali-evlerle-bagli-bir-care-tapmalidir\\\/\",\"url\":\"https:\\\/\\\/www.meydan.tv\\\/az\\\/article\\\/zerdab-sakini-hokumet-qezali-evlerle-bagli-bir-care-tapmalidir\\\/\",\"name\":\"Z\u0259rdab sakini: H\u00f6kum\u0259t q\u0259zal\u0131 evl\u0259rl\u0259 ba\u011fl\u0131 bir \u00e7ar\u0259 tapmal\u0131d\u0131r - MEYDAN.TV\",\"isPartOf\":{\"@id\":\"https:\\\/\\\/www.meydan.tv\\\/az\\\/#website\"},\"primaryImageOfPage\":{\"@id\":\"https:\\\/\\\/www.meydan.tv\\\/az\\\/article\\\/zerdab-sakini-hokumet-qezali-evlerle-bagli-bir-care-tapmalidir\\\/#primaryimage\"},\"image\":{\"@id\":\"https:\\\/\\\/www.meydan.tv\\\/az\\\/article\\\/zerdab-sakini-hokumet-qezali-evlerle-bagli-bir-care-tapmalidir\\\/#primaryimage\"},\"thumbnailUrl\":\"https:\\\/\\\/www.meydan.tv\\\/wp-content\\\/uploads\\\/image_from_ios_7_ee22o2b-scaled.jpg\",\"datePublished\":\"2019-09-25T16:05:44+00:00\",\"breadcrumb\":{\"@id\":\"https:\\\/\\\/www.meydan.tv\\\/az\\\/article\\\/zerdab-sakini-hokumet-qezali-evlerle-bagli-bir-care-tapmalidir\\\/#breadcrumb\"},\"inLanguage\":\"az\",\"potentialAction\":[{\"@type\":\"ReadAction\",\"target\":[\"https:\\\/\\\/www.meydan.tv\\\/az\\\/article\\\/zerdab-sakini-hokumet-qezali-evlerle-bagli-bir-care-tapmalidir\\\/\"]}]},{\"@type\":\"ImageObject\",\"inLanguage\":\"az\",\"@id\":\"https:\\\/\\\/www.meydan.tv\\\/az\\\/article\\\/zerdab-sakini-hokumet-qezali-evlerle-bagli-bir-care-tapmalidir\\\/#primaryimage\",\"url\":\"https:\\\/\\\/www.meydan.tv\\\/wp-content\\\/uploads\\\/image_from_ios_7_ee22o2b-scaled.jpg\",\"contentUrl\":\"https:\\\/\\\/www.meydan.tv\\\/wp-content\\\/uploads\\\/image_from_ios_7_ee22o2b-scaled.jpg\",\"width\":2560,\"height\":1920,\"caption\":\"Source: Specify Source\"},{\"@type\":\"BreadcrumbList\",\"@id\":\"https:\\\/\\\/www.meydan.tv\\\/az\\\/article\\\/zerdab-sakini-hokumet-qezali-evlerle-bagli-bir-care-tapmalidir\\\/#breadcrumb\",\"itemListElement\":[{\"@type\":\"ListItem\",\"position\":1,\"name\":\"Ana s\u0259hif\u0259\",\"item\":\"https:\\\/\\\/www.meydan.tv\\\/az\\\/\"},{\"@type\":\"ListItem\",\"position\":2,\"name\":\"B\u00f6lg\u0259\",\"item\":\"https:\\\/\\\/www.meydan.tv\\\/az\\\/section\\\/bolge\\\/\"},{\"@type\":\"ListItem\",\"position\":3,\"name\":\"Z\u0259rdab sakini: H\u00f6kum\u0259t q\u0259zal\u0131 evl\u0259rl\u0259 ba\u011fl\u0131 bir \u00e7ar\u0259 tapmal\u0131d\u0131r\"}]},{\"@type\":\"WebSite\",\"@id\":\"https:\\\/\\\/www.meydan.tv\\\/az\\\/#website\",\"url\":\"https:\\\/\\\/www.meydan.tv\\\/az\\\/\",\"name\":\"MEYDAN.TV\",\"description\":\"Meydan TV Az\u0259rbaycan\u0131n media m\u0259kan\u0131ndak\u0131 alternativ s\u0259sidir\",\"publisher\":{\"@id\":\"https:\\\/\\\/www.meydan.tv\\\/az\\\/#organization\"},\"potentialAction\":[{\"@type\":\"SearchAction\",\"target\":{\"@type\":\"EntryPoint\",\"urlTemplate\":\"https:\\\/\\\/www.meydan.tv\\\/az\\\/?s={search_term_string}\"},\"query-input\":{\"@type\":\"PropertyValueSpecification\",\"valueRequired\":true,\"valueName\":\"search_term_string\"}}],\"inLanguage\":\"az\"},{\"@type\":\"Organization\",\"@id\":\"https:\\\/\\\/www.meydan.tv\\\/az\\\/#organization\",\"name\":\"Meydan TV\",\"url\":\"https:\\\/\\\/www.meydan.tv\\\/az\\\/\",\"logo\":{\"@type\":\"ImageObject\",\"inLanguage\":\"az\",\"@id\":\"https:\\\/\\\/www.meydan.tv\\\/az\\\/#\\\/schema\\\/logo\\\/image\\\/\",\"url\":\"https:\\\/\\\/www.meydan.tv\\\/wp-content\\\/uploads\\\/2021\\\/07\\\/meydan-logo.svg\",\"contentUrl\":\"https:\\\/\\\/www.meydan.tv\\\/wp-content\\\/uploads\\\/2021\\\/07\\\/meydan-logo.svg\",\"width\":195,\"height\":46,\"caption\":\"Meydan TV\"},\"image\":{\"@id\":\"https:\\\/\\\/www.meydan.tv\\\/az\\\/#\\\/schema\\\/logo\\\/image\\\/\"}},{\"@type\":\"Person\",\"@id\":\"https:\\\/\\\/www.meydan.tv\\\/az\\\/#\\\/schema\\\/person\\\/10d11eccf6da3662cf5fdab9806ea91a\",\"name\":\"user-manager\"}]}<\/script>\n<!-- \/ Yoast SEO plugin. -->","yoast_head_json":{"title":"Z\u0259rdab sakini: H\u00f6kum\u0259t q\u0259zal\u0131 evl\u0259rl\u0259 ba\u011fl\u0131 bir \u00e7ar\u0259 tapmal\u0131d\u0131r - MEYDAN.TV","robots":{"index":"index","follow":"follow","max-snippet":"max-snippet:-1","max-image-preview":"max-image-preview:large","max-video-preview":"max-video-preview:-1"},"canonical":"https:\/\/www.meydan.tv\/az\/article\/zerdab-sakini-hokumet-qezali-evlerle-bagli-bir-care-tapmalidir\/","og_locale":"az_AZ","og_type":"article","og_title":"Z\u0259rdab sakini: H\u00f6kum\u0259t q\u0259zal\u0131 evl\u0259rl\u0259 ba\u011fl\u0131 bir \u00e7ar\u0259 tapmal\u0131d\u0131r - MEYDAN.TV","og_description":"Elzan\u0259 Qas\u0131mova deyir ki, yolda\u015f\u0131 \u015f\u0259k\u0259r, \u00f6z\u00fc ikinci qrup \u0259lil, o evin materiallar\u0131n\u0131 nec\u0259 da\u015f\u0131s\u0131nlar?","og_url":"https:\/\/www.meydan.tv\/az\/article\/zerdab-sakini-hokumet-qezali-evlerle-bagli-bir-care-tapmalidir\/","og_site_name":"MEYDAN.TV","article_published_time":"2019-09-25T16:05:44+00:00","og_image":[{"width":2560,"height":1920,"url":"https:\/\/www.meydan.tv\/wp-content\/uploads\/image_from_ios_7_ee22o2b-scaled.jpg","type":"image\/jpeg"}],"author":"user-manager","twitter_card":"summary_large_image","schema":{"@context":"https:\/\/schema.org","@graph":[{"@type":"Article","@id":"https:\/\/www.meydan.tv\/az\/article\/zerdab-sakini-hokumet-qezali-evlerle-bagli-bir-care-tapmalidir\/#article","isPartOf":{"@id":"https:\/\/www.meydan.tv\/az\/article\/zerdab-sakini-hokumet-qezali-evlerle-bagli-bir-care-tapmalidir\/"},"author":{"name":"user-manager","@id":"https:\/\/www.meydan.tv\/az\/#\/schema\/person\/10d11eccf6da3662cf5fdab9806ea91a"},"headline":"Z\u0259rdab sakini: H\u00f6kum\u0259t q\u0259zal\u0131 evl\u0259rl\u0259 ba\u011fl\u0131 bir \u00e7ar\u0259 tapmal\u0131d\u0131r","datePublished":"2019-09-25T16:05:44+00:00","mainEntityOfPage":{"@id":"https:\/\/www.meydan.tv\/az\/article\/zerdab-sakini-hokumet-qezali-evlerle-bagli-bir-care-tapmalidir\/"},"wordCount":1113,"publisher":{"@id":"https:\/\/www.meydan.tv\/az\/#organization"},"image":{"@id":"https:\/\/www.meydan.tv\/az\/article\/zerdab-sakini-hokumet-qezali-evlerle-bagli-bir-care-tapmalidir\/#primaryimage"},"thumbnailUrl":"https:\/\/www.meydan.tv\/wp-content\/uploads\/image_from_ios_7_ee22o2b-scaled.jpg","articleSection":["B\u00f6lg\u0259"],"inLanguage":"az"},{"@type":"WebPage","@id":"https:\/\/www.meydan.tv\/az\/article\/zerdab-sakini-hokumet-qezali-evlerle-bagli-bir-care-tapmalidir\/","url":"https:\/\/www.meydan.tv\/az\/article\/zerdab-sakini-hokumet-qezali-evlerle-bagli-bir-care-tapmalidir\/","name":"Z\u0259rdab sakini: H\u00f6kum\u0259t q\u0259zal\u0131 evl\u0259rl\u0259 ba\u011fl\u0131 bir \u00e7ar\u0259 tapmal\u0131d\u0131r - MEYDAN.TV","isPartOf":{"@id":"https:\/\/www.meydan.tv\/az\/#website"},"primaryImageOfPage":{"@id":"https:\/\/www.meydan.tv\/az\/article\/zerdab-sakini-hokumet-qezali-evlerle-bagli-bir-care-tapmalidir\/#primaryimage"},"image":{"@id":"https:\/\/www.meydan.tv\/az\/article\/zerdab-sakini-hokumet-qezali-evlerle-bagli-bir-care-tapmalidir\/#primaryimage"},"thumbnailUrl":"https:\/\/www.meydan.tv\/wp-content\/uploads\/image_from_ios_7_ee22o2b-scaled.jpg","datePublished":"2019-09-25T16:05:44+00:00","breadcrumb":{"@id":"https:\/\/www.meydan.tv\/az\/article\/zerdab-sakini-hokumet-qezali-evlerle-bagli-bir-care-tapmalidir\/#breadcrumb"},"inLanguage":"az","potentialAction":[{"@type":"ReadAction","target":["https:\/\/www.meydan.tv\/az\/article\/zerdab-sakini-hokumet-qezali-evlerle-bagli-bir-care-tapmalidir\/"]}]},{"@type":"ImageObject","inLanguage":"az","@id":"https:\/\/www.meydan.tv\/az\/article\/zerdab-sakini-hokumet-qezali-evlerle-bagli-bir-care-tapmalidir\/#primaryimage","url":"https:\/\/www.meydan.tv\/wp-content\/uploads\/image_from_ios_7_ee22o2b-scaled.jpg","contentUrl":"https:\/\/www.meydan.tv\/wp-content\/uploads\/image_from_ios_7_ee22o2b-scaled.jpg","width":2560,"height":1920,"caption":"Source: Specify Source"},{"@type":"BreadcrumbList","@id":"https:\/\/www.meydan.tv\/az\/article\/zerdab-sakini-hokumet-qezali-evlerle-bagli-bir-care-tapmalidir\/#breadcrumb","itemListElement":[{"@type":"ListItem","position":1,"name":"Ana s\u0259hif\u0259","item":"https:\/\/www.meydan.tv\/az\/"},{"@type":"ListItem","position":2,"name":"B\u00f6lg\u0259","item":"https:\/\/www.meydan.tv\/az\/section\/bolge\/"},{"@type":"ListItem","position":3,"name":"Z\u0259rdab sakini: H\u00f6kum\u0259t q\u0259zal\u0131 evl\u0259rl\u0259 ba\u011fl\u0131 bir \u00e7ar\u0259 tapmal\u0131d\u0131r"}]},{"@type":"WebSite","@id":"https:\/\/www.meydan.tv\/az\/#website","url":"https:\/\/www.meydan.tv\/az\/","name":"MEYDAN.TV","description":"Meydan TV Az\u0259rbaycan\u0131n media m\u0259kan\u0131ndak\u0131 alternativ s\u0259sidir","publisher":{"@id":"https:\/\/www.meydan.tv\/az\/#organization"},"potentialAction":[{"@type":"SearchAction","target":{"@type":"EntryPoint","urlTemplate":"https:\/\/www.meydan.tv\/az\/?s={search_term_string}"},"query-input":{"@type":"PropertyValueSpecification","valueRequired":true,"valueName":"search_term_string"}}],"inLanguage":"az"},{"@type":"Organization","@id":"https:\/\/www.meydan.tv\/az\/#organization","name":"Meydan TV","url":"https:\/\/www.meydan.tv\/az\/","logo":{"@type":"ImageObject","inLanguage":"az","@id":"https:\/\/www.meydan.tv\/az\/#\/schema\/logo\/image\/","url":"https:\/\/www.meydan.tv\/wp-content\/uploads\/2021\/07\/meydan-logo.svg","contentUrl":"https:\/\/www.meydan.tv\/wp-content\/uploads\/2021\/07\/meydan-logo.svg","width":195,"height":46,"caption":"Meydan TV"},"image":{"@id":"https:\/\/www.meydan.tv\/az\/#\/schema\/logo\/image\/"}},{"@type":"Person","@id":"https:\/\/www.meydan.tv\/az\/#\/schema\/person\/10d11eccf6da3662cf5fdab9806ea91a","name":"user-manager"}]}},"_links":{"self":[{"href":"https:\/\/www.meydan.tv\/az\/wp-json\/wp\/v2\/posts\/197134","targetHints":{"allow":["GET"]}}],"collection":[{"href":"https:\/\/www.meydan.tv\/az\/wp-json\/wp\/v2\/posts"}],"about":[{"href":"https:\/\/www.meydan.tv\/az\/wp-json\/wp\/v2\/types\/post"}],"author":[{"embeddable":true,"href":"https:\/\/www.meydan.tv\/az\/wp-json\/wp\/v2\/users\/11"}],"replies":[{"embeddable":true,"href":"https:\/\/www.meydan.tv\/az\/wp-json\/wp\/v2\/comments?post=197134"}],"version-history":[{"count":0,"href":"https:\/\/www.meydan.tv\/az\/wp-json\/wp\/v2\/posts\/197134\/revisions"}],"wp:featuredmedia":[{"embeddable":true,"href":"https:\/\/www.meydan.tv\/az\/wp-json\/wp\/v2\/media\/130207"}],"wp:attachment":[{"href":"https:\/\/www.meydan.tv\/az\/wp-json\/wp\/v2\/media?parent=197134"}],"wp:term":[{"taxonomy":"category","embeddable":true,"href":"https:\/\/www.meydan.tv\/az\/wp-json\/wp\/v2\/categories?post=197134"},{"taxonomy":"post_tag","embeddable":true,"href":"https:\/\/www.meydan.tv\/az\/wp-json\/wp\/v2\/tags?post=197134"}],"curies":[{"name":"wp","href":"https:\/\/api.w.org\/{rel}","templated":true}]}}