{"id":197128,"date":"2019-09-25T14:03:09","date_gmt":"2019-09-25T14:03:09","guid":{"rendered":"https:\/\/www.meydan.tv\/article\/mehkeme-saleh-rustemliye-qarsi-ittihami-deyisdirdi\/"},"modified":"2019-09-25T14:03:09","modified_gmt":"2019-09-25T14:03:09","slug":"mehkeme-saleh-rustemliye-qarsi-ittihami-deyisdirdi","status":"publish","type":"post","link":"https:\/\/www.meydan.tv\/az\/article\/mehkeme-saleh-rustemliye-qarsi-ittihami-deyisdirdi\/","title":{"rendered":"M\u0259hk\u0259m\u0259 Saleh R\u00fcst\u0259mliy\u0259 qar\u015f\u0131 ittiham\u0131 d\u0259yi\u015fdirdi"},"content":{"rendered":"<p>\n  <i><br \/>\n    AXCP \u00fczvl\u0259rinin \u015fikay\u0259ti t\u0259min olunmad\u0131<br \/>\n  <\/i>\n<\/p>\n<p>\n  Sentyabr\u0131n 24-d\u0259 Ali M\u0259hk\u0259m\u0259d\u0259 AXCP-y\u0259 maliyy\u0259 yard\u0131m\u0131na g\u00f6r\u0259 c\u0259zaland\u0131r\u0131lan G\u0259d\u0259b\u0259y Rayon \u0130cra Hakimiyy\u0259tinin ke\u00e7mi\u015f ba\u015f\u00e7\u0131s\u0131 Saleh R\u00fcst\u0259mli, qarda\u015f\u0131 o\u011flu Vidadi R\u00fcst\u0259mli v\u0259 partiyan\u0131n \u00fc\u00e7 funksioneri \u2013 Bab\u0259k H\u0259s\u0259nov, Aqil M\u0259h\u0259rr\u0259mli v\u0259 Ruslan N\u0259sirlinin \u015fikay\u0259tin\u0259 bax\u0131l\u0131b. Hakim \u018fli Seyf\u0259liyevin s\u0259drliyil\u0259 ke\u00e7iril\u0259n m\u0259hk\u0259m\u0259nin sonunda h\u00f6km\u0259 S.R\u00fcst\u0259mliy\u0259 aid hiss\u0259y\u0259 d\u0259yi\u015fiklik edil\u0259r\u0259k, c\u0259zas\u0131 7 il 3 aydan 7 il 1 aya endirilib.\n<\/p>\n<p>\n  M\u0259hk\u0259m\u0259d\u0259 hakim m\u0259lumat verib ki, S.R\u00fcst\u0259mli v\u0259 A.M\u0259h\u0259rr\u0259mli m\u0259ktub g\u00f6nd\u0259rib, \u015fikay\u0259tl\u0259rin\u0259 bax\u0131lark\u0259n \u00f6zl\u0259rinin d\u0259 i\u015ftirak\u0131n\u0131n t\u0259min olunmas\u0131n\u0131 ist\u0259yibl\u0259r. V\u0259kill\u0259r bildirib ki, \u015f\u0259xsin ist\u0259yidirs\u0259, t\u0259min olunmal\u0131d\u0131r. Lakin m\u0259hk\u0259m\u0259 onlar\u0131n i\u015ftirak\u0131 olmadan bax\u0131lmas\u0131na q\u0259rar verib.\n<\/p>\n<p>\n  V\u0259kill\u0259rd\u0259n Cavad Cavadov \u00e7\u0131x\u0131\u015f\u0131nda bildirib ki, sonradan AXCP funksionerl\u0259rinin h\u0259bsin\u0259 z\u0259min yaratmaq \u00fc\u00e7\u00fcn \u0259vv\u0259lc\u0259 S.R\u00fcst\u0259mlini narkotik ittiham\u0131yla h\u0259bs edibl\u0259r. \u0130\u015f materiallar\u0131nda onun \u015e\u0259mkird\u0259 parkda saxland\u0131\u011f\u0131 yaz\u0131lsa da, \u0259slind\u0259, o, qarda\u015f\u0131 v\u0259 h\u0259yat yolda\u015f\u0131yla ma\u015f\u0131nla ged\u0259rk\u0259n \u015e\u0259mkir postunda saxlay\u0131b, zorla d\u00fc\u015f\u00fcr\u00fcb apar\u0131blar. V\u0259kilin s\u00f6zl\u0259rin\u0259 g\u00f6r\u0259, qarda\u015f\u0131n\u0131n onun yerini \u00f6yr\u0259nm\u0259k \u00fc\u00e7\u00fcn Daxili \u0130\u015fl\u0259r Nazirliyinin 102 xidm\u0259tin\u0259 m\u00fcraci\u0259t edib: &quot;M\u0259hk\u0259m\u0259d\u0259 v\u0259sat\u0259tl\u0259r qald\u0131r\u0131ld\u0131 ki, h\u0259min \u0259razid\u0259 kamera g\u00f6r\u00fcnt\u00fcl\u0259rin\u0259 bax\u0131\u015f ke\u00e7irilsin&quot;.\n<\/p>\n<p>\n  \u0130ttihamlar\u0131n he\u00e7 bir h\u00fcquqi \u0259sas\u0131 olmad\u0131\u011f\u0131n\u0131 dey\u0259n v\u0259kilin s\u00f6zl\u0259rin\u0259 g\u00f6r\u0259, m\u0259hbus ail\u0259l\u0259rin\u0259 yard\u0131m m\u0259qs\u0259dil\u0259 k\u00f6n\u00fcll\u00fc \u015f\u0259kild\u0259 verilmi\u015f ian\u0259l\u0259rin AXCP-y\u0259 \u00e7atd\u0131r\u0131lmas\u0131n\u0131 qanunsuz sahibkarl\u0131q, \u00e7irkli pullar\u0131n yuyulmas\u0131 kimi q\u0259l\u0259m\u0259 verm\u0259k absurddur: &quot;H\u0259tta ian\u0259 ver\u0259nl\u0259rd\u0259n biri m\u0259hk\u0259m\u0259d\u0259 dindiril\u0259nd\u0259 dedi ki, Ramazan ay\u0131 idi, fitr\u0259 kimi verdim&quot;.\n<\/p>\n<p>\n  S.R\u00fcst\u0259mlinin v\u0259kili B\u0259hruz Bayramov bildirib ki, m\u00fcv\u0259kkili Rusiya v\u0259t\u0259nda\u015f\u0131d\u0131r, orada ya\u015fay\u0131b, ki\u00e7ik sahibkarl\u0131qla m\u0259\u015f\u011ful olub. Rusiyadan da r\u0259smi m\u0259ktub verilib ki, orada he\u00e7 bir qanun pozuntusuna yol verm\u0259yib: &quot;Adam Az\u0259rbaycanda f\u0259aliyy\u0259t g\u00f6st\u0259rm\u0259diyi halda, onu burada qanunsuz sahibkarl\u0131qda ittiham edirl\u0259r&quot;.\n<\/p>\n<p>\n  S.R\u00fcst\u0259mlinin AXCP-y\u0259 maliyy\u0259 yard\u0131m\u0131na g\u00f6r\u0259 b\u00fct\u00fcn qohum-\u0259qr\u0259bas\u0131n\u0131n \u0259mlaklar\u0131n\u0131n, h\u0259tta bac\u0131s\u0131 q\u0131z\u0131n\u0131n m\u00fclk\u00fcn\u00fcn, atas\u0131n\u0131n 1955-ci ild\u0259 ald\u0131\u011f\u0131 evin d\u0259 m\u00fcsadir\u0259 edildiyini dey\u0259n v\u0259kil bunun qanunsuz v\u0259 \u0259sass\u0131z oldu\u011funu vur\u011fulay\u0131b.\n<\/p>\n<p>\n  &quot;Az\u0259rbaycanla Erm\u0259nistan aras\u0131ndak\u0131 m\u00fcharib\u0259 tariximizd\u0259 \u0259n u\u011furlu \u0259m\u0259liyyatlardan biri Ba\u015fk\u0259nd \u0259m\u0259liyyat\u0131d\u0131r. 46 kvadrat kilometr \u0259razimiz azad edilib. H\u0259min \u0259m\u0259liyyat\u0131n t\u0259\u015fkilat\u00e7\u0131s\u0131 da Saleh R\u00fcst\u0259mli olub. Pullar siyasi m\u0259hbus ail\u0259l\u0259rin\u0259 yatd\u0131m m\u0259qs\u0259dil\u0259 g\u00f6nd\u0259rilib. Amma istintaq m\u0259bl\u0259\u011fi \u015fi\u015firdib 712 min el\u0259yib. Absurddur&quot;, &#8211; dey\u0259 B.Bayramov bildirib.\n<\/p>\n<p>\n  V\u0259kil F\u0259xr\u0259ddin Mehdiyev bu h\u00f6km\u00fcn \u0259dal\u0259tsiz oldu\u011funu s\u00f6yl\u0259yib: &quot;Bu adamlar kim\u0259 v\u0259 n\u0259d\u0259 ziyan vurublar? Bu i\u015fd\u0259 \u00e7ox ciddi pozuntulara yol verilib. Bu adamlar c\u0259miyy\u0259timizin q\u0131z\u0131l s\u0259rv\u0259tidir, amma bel\u0259 insanlar\u0131 biz m\u0259hkum edirik&quot;.\n<\/p>\n<p>\n  V\u0259kill\u0259r cinay\u0259t t\u0259rkibi olmad\u0131\u011f\u0131na g\u00f6r\u0259 i\u015f\u0259 xitam, m\u00fcv\u0259kkill\u0259rin\u0259 is\u0259 b\u0259ra\u0259t verilm\u0259sini ist\u0259yibl\u0259r.\n<\/p>\n<p>\n  Ali M\u0259hk\u0259m\u0259 yaln\u0131z S.R\u00fcst\u0259mliy\u0259 qar\u015f\u0131 1 ittiham\u0131 d\u0259yi\u015fib &#8211; Cinay\u0259t M\u0259c\u0259ll\u0259sinin 234.4.3 (sat\u0131\u015f m\u0259qs\u0259dil\u0259 k\u00fclli miqdarda narkotik) madd\u0259sil\u0259 ittiham 234.1 madd\u0259sin\u0259 t\u00f6vsif olunub. Bak\u0131 A\u011f\u0131r Cinah\u0259tl\u0259r M\u0259hk\u0259m\u0259sinin ona t\u0259yin etdiyi 7 il 3 ayl\u0131q c\u0259za da 2 ay azald\u0131l\u0131b.\n<\/p>\n<p>\n  Qalan hiss\u0259d\u0259 is\u0259 h\u00f6km d\u0259yi\u015fm\u0259yib.\n<\/p>\n<p>\n  Rusiya v\u0259t\u0259nda\u015f\u0131 olan v\u0259 \u00f6t\u0259n il may\u0131n \u0259vv\u0259lind\u0259 Az\u0259rbaycana g\u0259l\u0259n S.R\u00fcst\u0259mli may\u0131n 8-d\u0259 narkotik ittiham\u0131yla h\u0259bs olunub. \u0130ki g\u00fcn sonra onun qarda\u015f\u0131 o\u011flu Vidadi R\u00fcst\u0259mli d\u0259 eyni ittihamla h\u0259bs edilib. May\u0131n 25-d\u0259 is\u0259 AXCP \u00fczvl\u0259ri Aqil M\u0259h\u0259rr\u0259mli, Bab\u0259k H\u0259s\u0259nov v\u0259 R\u00fcslan N\u0259sirli h\u0259bs edilib. H\u0259m S.R\u00fcst\u0259mligil\u0259, h\u0259m d\u0259 c\u0259bh\u0259\u00e7il\u0259r\u0259 qanunsuz sahibkarl\u0131q, cinay\u0259t yoluyla \u0259ld\u0259 olunmu\u015f v\u0259saitl\u0259rin leqalla\u015fd\u0131r\u0131lmas\u0131 ittihamlar\u0131 verilib. \u0130ddia olunur ki, S.R\u00fcst\u0259ml\u0130 Rusiyadan AXCP-y\u0259 712 min manat g\u00f6nd\u0259rib.\n<\/p>\n<p>\n  Adlar\u0131 \u00e7\u0259kil\u0259n \u015f\u0259xsl\u0259rin he\u00e7 biri \u00f6z\u00fcn\u00fc t\u0259qsirli bilmir. S.R\u00fcst\u0259mli bildirib ki, AXCP \u00fczv\u00fc olub, 1998-ci ild\u0259n ail\u0259sil\u0259 Rusiyaya k\u00f6\u00e7\u0259r\u0259k, ki\u00e7ik biznesl\u0259 m\u0259\u015f\u011ful olub. Son iki-\u00fc\u00e7 ild\u0259 qazanc\u0131ndan Az\u0259rbaycanda siyasi m\u0259hbus ail\u0259l\u0259rin\u0259 yard\u0131m edib. Onun s\u00f6zl\u0259rin\u0259 g\u00f6r\u0259, indiy\u0259d\u0259k g\u00f6nd\u0259rdiyi \u00fcmumi m\u0259bl\u0259\u011f 10 min dollardan \u00e7ox olmaz.\n<\/p>\n<p>\n  Bu h\u0259bsl\u0259rd\u0259n sonra AXCP s\u0259dri \u018fli K\u0259rimli d\u0259 b\u0259nz\u0259r a\u00e7\u0131qlama ver\u0259r\u0259k bildirib ki, S.R\u00fcst\u0259mli il\u0259 uzun ill\u0259rdir dostdur. Onun s\u00f6zl\u0259rin\u0259 g\u00f6r\u0259, S.R\u00fcst\u0259mli 500-1000 dollar olmaqla, bir ne\u00e7\u0259 d\u0259f\u0259 yard\u0131m g\u00f6st\u0259rib: &quot;\u00dcmumi m\u0259bl\u0259\u011f t\u0259xmin\u0259n 5-6 min dollar olar&quot;.\n<\/p>\n<p>\n  Bak\u0131 A\u011f\u0131r Cinay\u0259tl\u0259r M\u0259hk\u0259m\u0259sinin h\u00f6km\u00fcyl\u0259 S.R\u00fcst\u0259mli 7 il 3 ay, A.M\u0259h\u0259rr\u0259mli 4 il, B.H\u0259s\u0259nov is\u0259 3 il azadl\u0131qdan m\u0259hrum edilib. V.R\u00fcst\u0259mli v\u0259 R.N\u0259sirliy\u0259 is\u0259 \u015f\u0259rti c\u0259za verilib.\n<\/p>\n<p>\n  S.R\u00fcst\u0259mlinin bac\u0131 v\u0259 qarda\u015flar\u0131na, onlar\u0131n \u00f6vladlar\u0131na m\u0259xsus xeyli \u0259mlak m\u00fcsadir\u0259 olunub.<\/p>\n","protected":false},"excerpt":{"rendered":"<p>\u0130ttihamlar\u0131n he\u00e7 bir h\u00fcquqi \u0259sas\u0131 olmad\u0131\u011f\u0131n\u0131 dey\u0259n v\u0259kilin s\u00f6zl\u0259rin\u0259 g\u00f6r\u0259, m\u0259hbus ail\u0259l\u0259rin\u0259 yard\u0131m m\u0259qs\u0259dil\u0259 k\u00f6n\u00fcll\u00fc \u015f\u0259kild\u0259 verilmi\u015f ian\u0259l\u0259rin AXCP-y\u0259 \u00e7atd\u0131r\u0131lmas\u0131n\u0131 qanunsuz sahibkarl\u0131q, \u00e7irkli pullar\u0131n yuyulmas\u0131 kimi q\u0259l\u0259m\u0259 verm\u0259k absurddur<\/p>\n","protected":false},"author":11,"featured_media":119147,"comment_status":"closed","ping_status":"open","sticky":false,"template":"","format":"standard","meta":{"_acf_changed":false,"_sitemap_exclude":false,"_sitemap_priority":"","_sitemap_frequency":"","footnotes":""},"categories":[59],"tags":[],"class_list":["post-197128","post","type-post","status-publish","format-standard","has-post-thumbnail","hentry","category-siyaset","infinite-scroll-item","generate-columns","tablet-grid-50","mobile-grid-100","grid-parent","grid-33","no-featured-image-padding"],"acf":[],"yoast_head":"<!-- This site is optimized with the Yoast SEO plugin v27.5 - https:\/\/yoast.com\/product\/yoast-seo-wordpress\/ -->\n<title>M\u0259hk\u0259m\u0259 Saleh R\u00fcst\u0259mliy\u0259 qar\u015f\u0131 ittiham\u0131 d\u0259yi\u015fdirdi - MEYDAN.TV<\/title>\n<meta name=\"robots\" content=\"index, follow, max-snippet:-1, max-image-preview:large, max-video-preview:-1\" \/>\n<link rel=\"canonical\" href=\"https:\/\/www.meydan.tv\/az\/article\/mehkeme-saleh-rustemliye-qarsi-ittihami-deyisdirdi\/\" \/>\n<meta property=\"og:locale\" content=\"az_AZ\" \/>\n<meta property=\"og:type\" content=\"article\" \/>\n<meta property=\"og:title\" content=\"M\u0259hk\u0259m\u0259 Saleh R\u00fcst\u0259mliy\u0259 qar\u015f\u0131 ittiham\u0131 d\u0259yi\u015fdirdi - MEYDAN.TV\" \/>\n<meta property=\"og:description\" content=\"\u0130ttihamlar\u0131n he\u00e7 bir h\u00fcquqi \u0259sas\u0131 olmad\u0131\u011f\u0131n\u0131 dey\u0259n v\u0259kilin s\u00f6zl\u0259rin\u0259 g\u00f6r\u0259, m\u0259hbus ail\u0259l\u0259rin\u0259 yard\u0131m m\u0259qs\u0259dil\u0259 k\u00f6n\u00fcll\u00fc \u015f\u0259kild\u0259 verilmi\u015f ian\u0259l\u0259rin AXCP-y\u0259 \u00e7atd\u0131r\u0131lmas\u0131n\u0131 qanunsuz sahibkarl\u0131q, \u00e7irkli pullar\u0131n yuyulmas\u0131 kimi q\u0259l\u0259m\u0259 verm\u0259k absurddur\" \/>\n<meta property=\"og:url\" content=\"https:\/\/www.meydan.tv\/az\/article\/mehkeme-saleh-rustemliye-qarsi-ittihami-deyisdirdi\/\" \/>\n<meta property=\"og:site_name\" content=\"MEYDAN.TV\" \/>\n<meta property=\"article:published_time\" content=\"2019-09-25T14:03:09+00:00\" \/>\n<meta property=\"og:image\" content=\"https:\/\/www.meydan.tv\/wp-content\/uploads\/untitled_design_iiysnny.png\" \/>\n\t<meta property=\"og:image:width\" content=\"1160\" \/>\n\t<meta property=\"og:image:height\" content=\"768\" \/>\n\t<meta property=\"og:image:type\" content=\"image\/png\" \/>\n<meta name=\"author\" content=\"user-manager\" \/>\n<meta name=\"twitter:card\" content=\"summary_large_image\" \/>\n<script type=\"application\/ld+json\" class=\"yoast-schema-graph\">{\"@context\":\"https:\\\/\\\/schema.org\",\"@graph\":[{\"@type\":\"Article\",\"@id\":\"https:\\\/\\\/www.meydan.tv\\\/az\\\/article\\\/mehkeme-saleh-rustemliye-qarsi-ittihami-deyisdirdi\\\/#article\",\"isPartOf\":{\"@id\":\"https:\\\/\\\/www.meydan.tv\\\/az\\\/article\\\/mehkeme-saleh-rustemliye-qarsi-ittihami-deyisdirdi\\\/\"},\"author\":{\"name\":\"user-manager\",\"@id\":\"https:\\\/\\\/www.meydan.tv\\\/az\\\/#\\\/schema\\\/person\\\/10d11eccf6da3662cf5fdab9806ea91a\"},\"headline\":\"M\u0259hk\u0259m\u0259 Saleh R\u00fcst\u0259mliy\u0259 qar\u015f\u0131 ittiham\u0131 d\u0259yi\u015fdirdi\",\"datePublished\":\"2019-09-25T14:03:09+00:00\",\"mainEntityOfPage\":{\"@id\":\"https:\\\/\\\/www.meydan.tv\\\/az\\\/article\\\/mehkeme-saleh-rustemliye-qarsi-ittihami-deyisdirdi\\\/\"},\"wordCount\":1065,\"publisher\":{\"@id\":\"https:\\\/\\\/www.meydan.tv\\\/az\\\/#organization\"},\"image\":{\"@id\":\"https:\\\/\\\/www.meydan.tv\\\/az\\\/article\\\/mehkeme-saleh-rustemliye-qarsi-ittihami-deyisdirdi\\\/#primaryimage\"},\"thumbnailUrl\":\"https:\\\/\\\/www.meydan.tv\\\/wp-content\\\/uploads\\\/untitled_design_iiysnny.png\",\"articleSection\":[\"Siyas\u0259t\"],\"inLanguage\":\"az\"},{\"@type\":\"WebPage\",\"@id\":\"https:\\\/\\\/www.meydan.tv\\\/az\\\/article\\\/mehkeme-saleh-rustemliye-qarsi-ittihami-deyisdirdi\\\/\",\"url\":\"https:\\\/\\\/www.meydan.tv\\\/az\\\/article\\\/mehkeme-saleh-rustemliye-qarsi-ittihami-deyisdirdi\\\/\",\"name\":\"M\u0259hk\u0259m\u0259 Saleh R\u00fcst\u0259mliy\u0259 qar\u015f\u0131 ittiham\u0131 d\u0259yi\u015fdirdi - MEYDAN.TV\",\"isPartOf\":{\"@id\":\"https:\\\/\\\/www.meydan.tv\\\/az\\\/#website\"},\"primaryImageOfPage\":{\"@id\":\"https:\\\/\\\/www.meydan.tv\\\/az\\\/article\\\/mehkeme-saleh-rustemliye-qarsi-ittihami-deyisdirdi\\\/#primaryimage\"},\"image\":{\"@id\":\"https:\\\/\\\/www.meydan.tv\\\/az\\\/article\\\/mehkeme-saleh-rustemliye-qarsi-ittihami-deyisdirdi\\\/#primaryimage\"},\"thumbnailUrl\":\"https:\\\/\\\/www.meydan.tv\\\/wp-content\\\/uploads\\\/untitled_design_iiysnny.png\",\"datePublished\":\"2019-09-25T14:03:09+00:00\",\"breadcrumb\":{\"@id\":\"https:\\\/\\\/www.meydan.tv\\\/az\\\/article\\\/mehkeme-saleh-rustemliye-qarsi-ittihami-deyisdirdi\\\/#breadcrumb\"},\"inLanguage\":\"az\",\"potentialAction\":[{\"@type\":\"ReadAction\",\"target\":[\"https:\\\/\\\/www.meydan.tv\\\/az\\\/article\\\/mehkeme-saleh-rustemliye-qarsi-ittihami-deyisdirdi\\\/\"]}]},{\"@type\":\"ImageObject\",\"inLanguage\":\"az\",\"@id\":\"https:\\\/\\\/www.meydan.tv\\\/az\\\/article\\\/mehkeme-saleh-rustemliye-qarsi-ittihami-deyisdirdi\\\/#primaryimage\",\"url\":\"https:\\\/\\\/www.meydan.tv\\\/wp-content\\\/uploads\\\/untitled_design_iiysnny.png\",\"contentUrl\":\"https:\\\/\\\/www.meydan.tv\\\/wp-content\\\/uploads\\\/untitled_design_iiysnny.png\",\"width\":1160,\"height\":768,\"caption\":\"Foto: Meydan.tv\"},{\"@type\":\"BreadcrumbList\",\"@id\":\"https:\\\/\\\/www.meydan.tv\\\/az\\\/article\\\/mehkeme-saleh-rustemliye-qarsi-ittihami-deyisdirdi\\\/#breadcrumb\",\"itemListElement\":[{\"@type\":\"ListItem\",\"position\":1,\"name\":\"Ana s\u0259hif\u0259\",\"item\":\"https:\\\/\\\/www.meydan.tv\\\/az\\\/\"},{\"@type\":\"ListItem\",\"position\":2,\"name\":\"Siyas\u0259t\",\"item\":\"https:\\\/\\\/www.meydan.tv\\\/az\\\/section\\\/siyaset\\\/\"},{\"@type\":\"ListItem\",\"position\":3,\"name\":\"M\u0259hk\u0259m\u0259 Saleh R\u00fcst\u0259mliy\u0259 qar\u015f\u0131 ittiham\u0131 d\u0259yi\u015fdirdi\"}]},{\"@type\":\"WebSite\",\"@id\":\"https:\\\/\\\/www.meydan.tv\\\/az\\\/#website\",\"url\":\"https:\\\/\\\/www.meydan.tv\\\/az\\\/\",\"name\":\"MEYDAN.TV\",\"description\":\"Meydan TV Az\u0259rbaycan\u0131n media m\u0259kan\u0131ndak\u0131 alternativ s\u0259sidir\",\"publisher\":{\"@id\":\"https:\\\/\\\/www.meydan.tv\\\/az\\\/#organization\"},\"potentialAction\":[{\"@type\":\"SearchAction\",\"target\":{\"@type\":\"EntryPoint\",\"urlTemplate\":\"https:\\\/\\\/www.meydan.tv\\\/az\\\/?s={search_term_string}\"},\"query-input\":{\"@type\":\"PropertyValueSpecification\",\"valueRequired\":true,\"valueName\":\"search_term_string\"}}],\"inLanguage\":\"az\"},{\"@type\":\"Organization\",\"@id\":\"https:\\\/\\\/www.meydan.tv\\\/az\\\/#organization\",\"name\":\"Meydan TV\",\"url\":\"https:\\\/\\\/www.meydan.tv\\\/az\\\/\",\"logo\":{\"@type\":\"ImageObject\",\"inLanguage\":\"az\",\"@id\":\"https:\\\/\\\/www.meydan.tv\\\/az\\\/#\\\/schema\\\/logo\\\/image\\\/\",\"url\":\"https:\\\/\\\/www.meydan.tv\\\/wp-content\\\/uploads\\\/2021\\\/07\\\/meydan-logo.svg\",\"contentUrl\":\"https:\\\/\\\/www.meydan.tv\\\/wp-content\\\/uploads\\\/2021\\\/07\\\/meydan-logo.svg\",\"width\":195,\"height\":46,\"caption\":\"Meydan TV\"},\"image\":{\"@id\":\"https:\\\/\\\/www.meydan.tv\\\/az\\\/#\\\/schema\\\/logo\\\/image\\\/\"}},{\"@type\":\"Person\",\"@id\":\"https:\\\/\\\/www.meydan.tv\\\/az\\\/#\\\/schema\\\/person\\\/10d11eccf6da3662cf5fdab9806ea91a\",\"name\":\"user-manager\"}]}<\/script>\n<!-- \/ Yoast SEO plugin. -->","yoast_head_json":{"title":"M\u0259hk\u0259m\u0259 Saleh R\u00fcst\u0259mliy\u0259 qar\u015f\u0131 ittiham\u0131 d\u0259yi\u015fdirdi - MEYDAN.TV","robots":{"index":"index","follow":"follow","max-snippet":"max-snippet:-1","max-image-preview":"max-image-preview:large","max-video-preview":"max-video-preview:-1"},"canonical":"https:\/\/www.meydan.tv\/az\/article\/mehkeme-saleh-rustemliye-qarsi-ittihami-deyisdirdi\/","og_locale":"az_AZ","og_type":"article","og_title":"M\u0259hk\u0259m\u0259 Saleh R\u00fcst\u0259mliy\u0259 qar\u015f\u0131 ittiham\u0131 d\u0259yi\u015fdirdi - MEYDAN.TV","og_description":"\u0130ttihamlar\u0131n he\u00e7 bir h\u00fcquqi \u0259sas\u0131 olmad\u0131\u011f\u0131n\u0131 dey\u0259n v\u0259kilin s\u00f6zl\u0259rin\u0259 g\u00f6r\u0259, m\u0259hbus ail\u0259l\u0259rin\u0259 yard\u0131m m\u0259qs\u0259dil\u0259 k\u00f6n\u00fcll\u00fc \u015f\u0259kild\u0259 verilmi\u015f ian\u0259l\u0259rin AXCP-y\u0259 \u00e7atd\u0131r\u0131lmas\u0131n\u0131 qanunsuz sahibkarl\u0131q, \u00e7irkli pullar\u0131n yuyulmas\u0131 kimi q\u0259l\u0259m\u0259 verm\u0259k absurddur","og_url":"https:\/\/www.meydan.tv\/az\/article\/mehkeme-saleh-rustemliye-qarsi-ittihami-deyisdirdi\/","og_site_name":"MEYDAN.TV","article_published_time":"2019-09-25T14:03:09+00:00","og_image":[{"width":1160,"height":768,"url":"https:\/\/www.meydan.tv\/wp-content\/uploads\/untitled_design_iiysnny.png","type":"image\/png"}],"author":"user-manager","twitter_card":"summary_large_image","schema":{"@context":"https:\/\/schema.org","@graph":[{"@type":"Article","@id":"https:\/\/www.meydan.tv\/az\/article\/mehkeme-saleh-rustemliye-qarsi-ittihami-deyisdirdi\/#article","isPartOf":{"@id":"https:\/\/www.meydan.tv\/az\/article\/mehkeme-saleh-rustemliye-qarsi-ittihami-deyisdirdi\/"},"author":{"name":"user-manager","@id":"https:\/\/www.meydan.tv\/az\/#\/schema\/person\/10d11eccf6da3662cf5fdab9806ea91a"},"headline":"M\u0259hk\u0259m\u0259 Saleh R\u00fcst\u0259mliy\u0259 qar\u015f\u0131 ittiham\u0131 d\u0259yi\u015fdirdi","datePublished":"2019-09-25T14:03:09+00:00","mainEntityOfPage":{"@id":"https:\/\/www.meydan.tv\/az\/article\/mehkeme-saleh-rustemliye-qarsi-ittihami-deyisdirdi\/"},"wordCount":1065,"publisher":{"@id":"https:\/\/www.meydan.tv\/az\/#organization"},"image":{"@id":"https:\/\/www.meydan.tv\/az\/article\/mehkeme-saleh-rustemliye-qarsi-ittihami-deyisdirdi\/#primaryimage"},"thumbnailUrl":"https:\/\/www.meydan.tv\/wp-content\/uploads\/untitled_design_iiysnny.png","articleSection":["Siyas\u0259t"],"inLanguage":"az"},{"@type":"WebPage","@id":"https:\/\/www.meydan.tv\/az\/article\/mehkeme-saleh-rustemliye-qarsi-ittihami-deyisdirdi\/","url":"https:\/\/www.meydan.tv\/az\/article\/mehkeme-saleh-rustemliye-qarsi-ittihami-deyisdirdi\/","name":"M\u0259hk\u0259m\u0259 Saleh R\u00fcst\u0259mliy\u0259 qar\u015f\u0131 ittiham\u0131 d\u0259yi\u015fdirdi - MEYDAN.TV","isPartOf":{"@id":"https:\/\/www.meydan.tv\/az\/#website"},"primaryImageOfPage":{"@id":"https:\/\/www.meydan.tv\/az\/article\/mehkeme-saleh-rustemliye-qarsi-ittihami-deyisdirdi\/#primaryimage"},"image":{"@id":"https:\/\/www.meydan.tv\/az\/article\/mehkeme-saleh-rustemliye-qarsi-ittihami-deyisdirdi\/#primaryimage"},"thumbnailUrl":"https:\/\/www.meydan.tv\/wp-content\/uploads\/untitled_design_iiysnny.png","datePublished":"2019-09-25T14:03:09+00:00","breadcrumb":{"@id":"https:\/\/www.meydan.tv\/az\/article\/mehkeme-saleh-rustemliye-qarsi-ittihami-deyisdirdi\/#breadcrumb"},"inLanguage":"az","potentialAction":[{"@type":"ReadAction","target":["https:\/\/www.meydan.tv\/az\/article\/mehkeme-saleh-rustemliye-qarsi-ittihami-deyisdirdi\/"]}]},{"@type":"ImageObject","inLanguage":"az","@id":"https:\/\/www.meydan.tv\/az\/article\/mehkeme-saleh-rustemliye-qarsi-ittihami-deyisdirdi\/#primaryimage","url":"https:\/\/www.meydan.tv\/wp-content\/uploads\/untitled_design_iiysnny.png","contentUrl":"https:\/\/www.meydan.tv\/wp-content\/uploads\/untitled_design_iiysnny.png","width":1160,"height":768,"caption":"Foto: Meydan.tv"},{"@type":"BreadcrumbList","@id":"https:\/\/www.meydan.tv\/az\/article\/mehkeme-saleh-rustemliye-qarsi-ittihami-deyisdirdi\/#breadcrumb","itemListElement":[{"@type":"ListItem","position":1,"name":"Ana s\u0259hif\u0259","item":"https:\/\/www.meydan.tv\/az\/"},{"@type":"ListItem","position":2,"name":"Siyas\u0259t","item":"https:\/\/www.meydan.tv\/az\/section\/siyaset\/"},{"@type":"ListItem","position":3,"name":"M\u0259hk\u0259m\u0259 Saleh R\u00fcst\u0259mliy\u0259 qar\u015f\u0131 ittiham\u0131 d\u0259yi\u015fdirdi"}]},{"@type":"WebSite","@id":"https:\/\/www.meydan.tv\/az\/#website","url":"https:\/\/www.meydan.tv\/az\/","name":"MEYDAN.TV","description":"Meydan TV Az\u0259rbaycan\u0131n media m\u0259kan\u0131ndak\u0131 alternativ s\u0259sidir","publisher":{"@id":"https:\/\/www.meydan.tv\/az\/#organization"},"potentialAction":[{"@type":"SearchAction","target":{"@type":"EntryPoint","urlTemplate":"https:\/\/www.meydan.tv\/az\/?s={search_term_string}"},"query-input":{"@type":"PropertyValueSpecification","valueRequired":true,"valueName":"search_term_string"}}],"inLanguage":"az"},{"@type":"Organization","@id":"https:\/\/www.meydan.tv\/az\/#organization","name":"Meydan TV","url":"https:\/\/www.meydan.tv\/az\/","logo":{"@type":"ImageObject","inLanguage":"az","@id":"https:\/\/www.meydan.tv\/az\/#\/schema\/logo\/image\/","url":"https:\/\/www.meydan.tv\/wp-content\/uploads\/2021\/07\/meydan-logo.svg","contentUrl":"https:\/\/www.meydan.tv\/wp-content\/uploads\/2021\/07\/meydan-logo.svg","width":195,"height":46,"caption":"Meydan TV"},"image":{"@id":"https:\/\/www.meydan.tv\/az\/#\/schema\/logo\/image\/"}},{"@type":"Person","@id":"https:\/\/www.meydan.tv\/az\/#\/schema\/person\/10d11eccf6da3662cf5fdab9806ea91a","name":"user-manager"}]}},"_links":{"self":[{"href":"https:\/\/www.meydan.tv\/az\/wp-json\/wp\/v2\/posts\/197128","targetHints":{"allow":["GET"]}}],"collection":[{"href":"https:\/\/www.meydan.tv\/az\/wp-json\/wp\/v2\/posts"}],"about":[{"href":"https:\/\/www.meydan.tv\/az\/wp-json\/wp\/v2\/types\/post"}],"author":[{"embeddable":true,"href":"https:\/\/www.meydan.tv\/az\/wp-json\/wp\/v2\/users\/11"}],"replies":[{"embeddable":true,"href":"https:\/\/www.meydan.tv\/az\/wp-json\/wp\/v2\/comments?post=197128"}],"version-history":[{"count":0,"href":"https:\/\/www.meydan.tv\/az\/wp-json\/wp\/v2\/posts\/197128\/revisions"}],"wp:featuredmedia":[{"embeddable":true,"href":"https:\/\/www.meydan.tv\/az\/wp-json\/wp\/v2\/media\/119147"}],"wp:attachment":[{"href":"https:\/\/www.meydan.tv\/az\/wp-json\/wp\/v2\/media?parent=197128"}],"wp:term":[{"taxonomy":"category","embeddable":true,"href":"https:\/\/www.meydan.tv\/az\/wp-json\/wp\/v2\/categories?post=197128"},{"taxonomy":"post_tag","embeddable":true,"href":"https:\/\/www.meydan.tv\/az\/wp-json\/wp\/v2\/tags?post=197128"}],"curies":[{"name":"wp","href":"https:\/\/api.w.org\/{rel}","templated":true}]}}