{"id":197127,"date":"2019-09-24T21:01:02","date_gmt":"2019-09-24T21:01:02","guid":{"rendered":"https:\/\/www.meydan.tv\/article\/evi-ucan-sakin-hec-kim-gelib-maraqlanmadi-ki-burada-insan-yasayir-ne-bas-verib\/"},"modified":"2019-09-24T21:01:02","modified_gmt":"2019-09-24T21:01:02","slug":"evi-ucan-sakin-hec-kim-gelib-maraqlanmadi-ki-burada-insan-yasayir-ne-bas-verib","status":"publish","type":"post","link":"https:\/\/www.meydan.tv\/az\/article\/evi-ucan-sakin-hec-kim-gelib-maraqlanmadi-ki-burada-insan-yasayir-ne-bas-verib\/","title":{"rendered":"Evi u\u00e7an sakin: He\u00e7 kim g\u0259lib, maraqlanmad\u0131 ki, burada insan ya\u015fay\u0131r, n\u0259 ba\u015f verib"},"content":{"rendered":"<p>\n  <i><br \/>\n    Zaqatala rayon sakini d\u00f6vl\u0259t orqanlar\u0131n\u0131n laqeydliyind\u0259n \u015fikay\u0259t\u00e7idir<br \/>\n  <\/i>\n<\/p>\n<p>\n  Zaqatala rayonu, Muxax k\u0259ndi, Az\u0259rbaycan prospekti d\u00f6ng\u0259 2, ev n\u00f6mr\u0259 3-d\u0259 ya\u015fayan Abdulla Mahmudov \u015fikay\u0259t\u00e7idir.\n<\/p>\n<p>\n  Onun naraz\u0131l\u0131\u011f\u0131 FHN-nin Tikintid\u0259 T\u0259hl\u00fck\u0259sizliy\u0259 N\u0259zar\u0259t D\u00f6vl\u0259t Agentliyi v\u0259 yerli icra hakimiyy\u0259tind\u0259ndir.\n<\/p>\n<p>\n  \u015eikay\u0259t\u00e7i Meydan TV-y\u0259 deyir ki, agentlik 2018-ci ilin may\u0131nda u\u00e7araq, tamamil\u0259 yarars\u0131z v\u0259ziyy\u0259t\u0259 d\u00fc\u015f\u0259n evin\u0259 bax\u0131\u015f ke\u00e7irib, tikinti aparmaq ist\u0259mir:\n<\/p>\n<p>\n  \u201cEv 1950-ci ild\u0259 tikilib. H\u0259l\u0259 2013-c\u00fc ild\u0259n q\u0259zal\u0131 v\u0259ziyy\u0259td\u0259ydi. H\u0259r an u\u00e7maq t\u0259hl\u00fck\u0259si var\u0131yd\u0131. T\u0259xmin\u0259n y\u00fcz kvadratmetrlik, \u00fc\u00e7 otaq v\u0259 bir aynab\u0259ndd\u0259n ibar\u0259t olan evimizd\u0259 gec\u0259l\u0259r s\u0259ks\u0259k\u0259 i\u00e7\u0259risind\u0259 ya\u015fay\u0131rd\u0131q. 2018-ci ild\u0259 z\u0259lz\u0259l\u0259 oldu, ev bir az da z\u0259d\u0259l\u0259ndi. T\u0259xmin\u0259n bir ay sonra ard-arda ya\u011f\u0131\u015flar ya\u011fd\u0131, sonra da ev u\u00e7du.\n<\/p>\n<p>\n  Biz aynab\u0259ndd\u0259 yat\u0131rd\u0131q, otaqlara girm\u0259y\u0259 \u00fcr\u0259k el\u0259mirdik. S\u0259h\u0259r saat 6 idi, m\u00f6hk\u0259m s\u0259s e\u015fitdim, toz-dumana qar\u0131\u015fd\u0131, h\u0259l\u0259 n\u0259 ba\u015f verdiyini anlamam\u0131\u015fd\u0131m. Ke\u00e7dim, o biri ota\u011fa, g\u00f6rd\u00fcm ki, evin arxa t\u0259r\u0259fi tamamil\u0259 u\u00e7ub. Bundan sonra u\u015faqlar da qorxdu, yeddi n\u0259f\u0259r qarda\u015f\u0131mgild\u0259 balaca bir yer\u0259 s\u0131\u011f\u0131nd\u0131q. \u0130ki o\u011flum, bir q\u0131z\u0131m var. O\u011fullar\u0131m Bak\u0131da, orda-burda ba\u015flar\u0131n\u0131 saxlay\u0131rlar, kiray\u0259 pullar\u0131n\u0131 da g\u00fccl\u0259 verirl\u0259r. \u0130ki bac\u0131m da biziml\u0259 ya\u015fay\u0131r, biri pensiya\u00e7\u0131d\u0131r, dig\u0259ri d\u0259 ikinci qrup \u0259lildir\u201d.\n<\/p>\n<p>\n  Abdulla Mahmudov deyir ki, aidiyyat\u0131 qurumlar prezident \u0130lham \u018fliyevin q\u0259zal\u0131 evl\u0259rin s\u00f6k\u00fcl\u0259r\u0259k, yenid\u0259n tikilm\u0259si il\u0259 ba\u011fl\u0131 verdiyi g\u00f6st\u0259ri\u015f\u0259 m\u0259h\u0259l qoymur:\n<\/p>\n<p>\n  \u201cR\u00fc\u015fv\u0259t al\u0131b, evi olana yenid\u0259n ev tikirl\u0259r. Bunlara haqq\u0131 deyirs\u0259n, n\u0259s\u0259 t\u0259l\u0259b edirs\u0259n, ist\u0259yirl\u0259r ki, s\u0259ni \u00e7\u0131xda\u015f el\u0259sinl\u0259r. Burada \u015f\u0259hid ail\u0259si var, d\u0259f\u0259l\u0259rl\u0259 \u015fikay\u0259t etdi, ona ev tikm\u0259dil\u0259r. D\u00f6rd il Qaraba\u011fda d\u00f6y\u00fc\u015f\u0259n o\u011flana 2013-c\u00fc ild\u0259n ev tikirl\u0259r, amma h\u0259l\u0259 d\u0259 ba\u015fa \u00e7atd\u0131rmay\u0131blar. Y\u0259ni bel\u0259 haqs\u0131zl\u0131qlar \u00e7ox olur. K\u0259ndimizd\u0259 \u00e7ox ev var ki, q\u0259za yaz\u0131blar, hiss\u0259-hiss\u0259 tikirl\u0259r. Onlar\u0131n ham\u0131s\u0131nda insanlar ya\u015fay\u0131r. Amma m\u0259n iki ildir evimd\u0259 ya\u015faya bilmir\u0259m. Bu \u0259razid\u0259 m\u0259nim evim v\u0259ziyy\u0259td\u0259 olan ikinci bir tikili tapmaq m\u00fcmk\u00fcn deyil. H\u0259tta otuz ildir rayonda ya\u015famayan adama ev tikirl\u0259r. Kim\u0259 ev tikibl\u0259rs\u0259, sa\u011fl\u0131\u011f\u0131na qism\u0259t olsun. Dem\u0259yim odur ki, m\u0259nim evim\u0259 d\u0259 baxs\u0131nlar. He\u00e7 kim onlardan ev ist\u0259mir. S\u0259r\u0259ncam verilib, pul ayr\u0131l\u0131b. Ayr\u0131-se\u00e7kiliyi is\u0259 \u00f6zl\u0259ri yarad\u0131r. M\u0259n \u00f6z haqq\u0131m\u0131 t\u0259l\u0259b edir\u0259m\u201d.\n<\/p>\n<figure class=\"wp-block-image size-large\">\n  <img decoding=\"async\" src=\"https:\/\/www.meydan.tv\/az\/image_from_ios-10-jpg-10\/\" alt=\"image_from_ios (10).jpg\" class=\"wp-image-130132\"\/><figcaption>\n    &#8220;He\u00e7 kim g\u0259lib, maraqlanmad\u0131 ki, burada insan ya\u015fay\u0131r, n\u0259 ba\u015f verib&#8221;<br \/>\n  <\/figcaption><\/figure>\n<p>\n  Z\u0259r\u0259r\u00e7\u0259k\u0259n bildirir ki, evi u\u00e7ub, da\u011f\u0131landan sonra Zaqatala Rayon \u0130cra Hakimiyy\u0259tind\u0259 olub. H\u0259m\u00e7inin F\u00f6vq\u0259lad\u0259 Hallar Nazirliyin\u0259 d\u0259f\u0259l\u0259rl\u0259 m\u0259ktub yaz\u0131b. Bir ne\u00e7\u0259 d\u0259f\u0259 is\u0259 Tikintid\u0259 T\u0259hl\u00fck\u0259sizliy\u0259 N\u0259zar\u0259t D\u00f6vl\u0259t Agentliyin\u0259 gedib:\n<\/p>\n<p>\n  \u201c\u0130cra hakimiyy\u0259tin\u0259 m\u00fcraci\u0259t olunub. Evin da\u011f\u0131lma\u011f\u0131 bir yana, g\u0259lib baxmay\u0131blar ki, ax\u0131 burada ail\u0259 ya\u015fay\u0131r. T\u0259hl\u00fck\u0259 olar, adam\u0131n \u00fcst\u00fcn\u0259 u\u00e7ar. Bunun qaz\u0131 var, i\u015f\u0131\u011f\u0131 var. He\u00e7 kim g\u0259lib, maraqlanmad\u0131 ki, burada insan ya\u015fay\u0131r, n\u0259 ba\u015f verib.\n<\/p>\n<p>\n  \u0130ki-\u00fc\u00e7 d\u0259f\u0259 F\u00f6vq\u0259lad\u0259 Hallar Nazirliyind\u0259, Tikintid\u0259 T\u0259hl\u00fck\u0259sizliy\u0259 N\u0259zar\u0259t D\u00f6vl\u0259t Agentliyind\u0259 oldum. A\u00e7\u0131\u011f\u0131, onlar he\u00e7 kimi q\u0259bul edib, \u015fikay\u0259ti il\u0259 maraqlanm\u0131rlar.\n<\/p>\n<p>\n  Tikintid\u0259 T\u0259hl\u00fck\u0259sizliy\u0259 N\u0259zar\u0259t D\u00f6vl\u0259t Agentliyind\u0259 bir qad\u0131n vard\u0131, evin \u015f\u0259kill\u0259rin\u0259 baxd\u0131. M\u0259n\u0259 dedi ki, s\u0259n nazir m\u00fcavini il\u0259 g\u00f6r\u00fc\u015f. \u0130kinci d\u0259f\u0259 getdim, h\u0259min xan\u0131m dedi ki, g\u00f6r\u00fc\u015f\u00fcn\u00fcz n\u0259z\u0259rd\u0259 tutulan adam rayonlara gedib. N\u00f6vb\u0259ti d\u0259f\u0259 yen\u0259 ged\u0259nd\u0259, m\u0259n\u0259 \u201cs\u0259n bu ev\u0259 m\u00fcdaxil\u0259 etmis\u0259n, bel\u0259 u\u00e7a bilm\u0259z\u201d, &#8211; dedi. M\u0259n d\u0259 cavab\u0131nda dedim ki, bel\u0259 \u00e7\u0131x\u0131r, da\u011f\u0131lan v\u0259 t\u0259r\u0259finizd\u0259n tikil\u0259n evl\u0259r\u0259 sizin raz\u0131l\u0131\u011f\u0131n\u0131zla m\u00fcdaxil\u0259 edirl\u0259r? G\u0259r\u0259k adam x\u0259st\u0259 ola ki, \u00f6z evini da\u011f\u0131da, pis-yax\u015f\u0131 orada ya\u015fay\u0131rd\u0131m. Qad\u0131na dedim ki, k\u00f6m\u0259klik el\u0259mirsiniz, he\u00e7 olmasa, m\u0259ni \u015fantaj etm\u0259yin. M\u0259n \u00f6z evimi he\u00e7 vaxt da\u011f\u0131tmaram. O, da qay\u0131td\u0131 ki, bu icra hakimiyy\u0259tinin s\u0259lahiyy\u0259tind\u0259 olan i\u015fdir, bizlik deyil. M\u0259n d\u0259 dedim ki, icra hakimi ev tik\u0259n deyil. Muxaxda in\u015fa olunan s\u0259kkiz y\u00fcz yeni evin ham\u0131s\u0131n\u0131 siz tikmisiniz. Bu, sizin i\u015finizdir. Yen\u0259 t\u0259krar qay\u0131td\u0131 ki, bu oral\u0131q i\u015fdir, bizlik deyil. He\u00e7 kim \u015fikay\u0259tim\u0259 baxmad\u0131, y\u0259ni ki, siz qara siyah\u0131da olan adamlars\u0131n\u0131z, ba\u015f\u0131n\u0131z\u0131n \u00e7ar\u0259sini q\u0131l\u0131n.\n<\/p>\n<p>\n  M\u0259nim ev tikm\u0259y\u0259 imkan\u0131m yoxdur. \u0130\u015fl\u0259mir\u0259m, \u00e7\u00fcnki bu \u00f6lk\u0259d\u0259 i\u015f yoxdur. Bir-iki mal-heyvan\u0131m var, bununla da ancaq ba\u015f girl\u0259m\u0259k olar. Zaqatalan\u0131n \u00f6z\u00fcnd\u0259 fabrik vard\u0131, camaat gedib i\u015fl\u0259yirdi. K\u0259nd t\u0259s\u0259rr\u00fcfat\u0131 il\u0259 m\u0259\u015f\u011ful idik. K\u0259nd t\u0259s\u0259rr\u00fcfat\u0131n\u0131 da s\u0131x\u0131\u015fd\u0131r\u0131b \u00e7\u0131xar\u0131blar, b\u00fct\u00fcn torpaqlar\u0131 z\u0259bt edibl\u0259r. Pullu adamlar, Zaqatalan\u0131n yar\u0131s\u0131n\u0131 al\u0131blar art\u0131q. K\u0259ndli n\u0259 etm\u0259lidir? Mal\u0131 yeti\u015fdirir, bazar\u0131 yox. Q\u0259pik-quru\u015fla da ev tikm\u0259k m\u00fcmk\u00fcn deyil\u201d.\n<\/p>\n<figure class=\"wp-block-image size-large\">\n  <img decoding=\"async\" src=\"https:\/\/www.meydan.tv\/az\/image_from_ios-12-jpg-9\/\" alt=\"image_from_ios (12).jpg\" class=\"wp-image-130147\"\/><figcaption>\n    &#8220;M\u0259n d\u0259 dedim ki, icra hakimi ev tik\u0259n deyil&#8221;<br \/>\n  <\/figcaption><\/figure>\n<p>\n  Zaqatala Rayon \u0130cra Hakimiyy\u0259tinin Memarl\u0131q v\u0259 tikinti \u015f\u00f6b\u0259sinin b\u00f6y\u00fck m\u0259sl\u0259h\u0259t\u00e7i, m\u00fch\u0259ndis Ya\u015far K\u0259rimov Meydan TV-y\u0259 bildirib ki, Abdulla Abdulla o\u011flu Mahmudovdan onlara h\u0259r hans\u0131 bir \u015fikay\u0259t daxil olmay\u0131b:\n<\/p>\n<p>\n  \u201cOla bilm\u0259z ki, ev u\u00e7sun v\u0259 he\u00e7 bir struktur- \u0130cra Hakimiyy\u0259ti olmasa bel\u0259, F\u00f6vq\u0259lad\u0259 Hallar Nazirliyi buna m\u00fcdaxil\u0259 etm\u0259sin, yaxud r\u0259y bildirm\u0259sin.\n<\/p>\n<p>\n  \u0130cra Hakimiyy\u0259tinin F\u00f6vq\u0259lad\u0259 Hallar \u00fczr\u0259 Komissiyas\u0131 var, q\u0259zal\u0131 evl\u0259r\u0259 yerind\u0259 bax\u0131\u015f ke\u00e7irir. Rayon komissiyas\u0131n\u0131n r\u0259y verm\u0259 s\u0259lahiyy\u0259ti yoxdur. Daha sonra F\u00f6vq\u0259lad\u0259 Hallar Nazirliyi m\u0259lumatland\u0131r\u0131l\u0131r. H\u0259r hans\u0131 bir tikili haqq\u0131nda, onun q\u0259zal\u0131 olub-olmamas\u0131 bar\u0259d\u0259 r\u0259yi nazirliyin m\u00fct\u0259x\u0259ssis komissiyalar\u0131 verir.\n<\/p>\n<p>\n  Tikintid\u0259 T\u0259hl\u00fck\u0259sizliy\u0259 N\u0259zar\u0259t D\u00f6vl\u0259t Agentliyinin rayonumuz \u00fczr\u0259 n\u00fcmay\u0259nd\u0259si il\u0259 m\u00fct\u0259madi olaraq \u0259laq\u0259 saxlay\u0131r\u0131q. O, rayonda ged\u0259n tikintil\u0259r\u0259 n\u0259zar\u0259t edir, h\u0259m\u00e7inin \u015fikay\u0259tl\u0259r\u0259 bir yerd\u0259 bax\u0131\u015f ke\u00e7irik.\n<\/p>\n<figure class=\"wp-block-image size-large\">\n  <img decoding=\"async\" src=\"https:\/\/www.meydan.tv\/az\/image_from_ios-5-jpg-43\/\" alt=\"image_from_ios (5).jpg\" class=\"wp-image-130141\"\/><figcaption>\n    Abdulla Mahmudov<br \/>\n  <\/figcaption><\/figure>\n<p>\n  Zaqatalada g\u00fccl\u00fc z\u0259lz\u0259l\u0259 2012-ci ilin may\u0131n 7-d\u0259 olub. H\u0259min d\u00f6vrd\u0259 nazirlik t\u0259r\u0259find\u0259n bax\u0131\u015f ke\u00e7irilib v\u0259 q\u0259zal\u0131 kimi qiym\u0259tl\u0259ndiril\u0259n evl\u0259rd\u0259 haz\u0131rda tikinti v\u0259 b\u0259rpa i\u015fl\u0259ri apar\u0131l\u0131r. Bu g\u00fcn\u0259 kimi z\u0259lz\u0259l\u0259nin n\u0259tic\u0259sind\u0259 da\u011f\u0131lan d\u00f6rd min ev yenid\u0259n tikilib.\n<\/p>\n<p>\n  V\u0259t\u0259nda\u015f \u0259lind\u0259ki s\u0259n\u0259dl\u0259rl\u0259 icra hakimiyy\u0259tin\u0259 yax\u0131nla\u015fs\u0131n. Baxaq, yerind\u0259 ayd\u0131nla\u015fd\u0131raq, g\u00f6r\u0259k m\u00fcraci\u0259t edibs\u0259, ona n\u0259 cavab verilib.\n<\/p>\n<p>\n  \u018fg\u0259r h\u0259qiq\u0259t\u0259n d\u0259 o adam\u0131n evi q\u0259zal\u0131 r\u0259yi verilmi\u015f olsayd\u0131, bu g\u00fcn\u0259 kimi y\u0259qin tikinti apar\u0131lm\u0131\u015fd\u0131. Yaxud \u0259g\u0259r t\u0259mir olunmas\u0131 n\u0259z\u0259rd\u0259 tutulsayd\u0131, b\u0259rpa-g\u00fccl\u0259ndirm\u0259 i\u015fl\u0259rin\u0259 g\u00f6r\u0259 4-7 min manata q\u0259d\u0259r v\u0259sait ayr\u0131lard\u0131.\n<\/p>\n<p>\n  \u0130st\u0259nil\u0259n halda, v\u0259t\u0259nda\u015f icra hakimiyy\u0259tin\u0259 yax\u0131nla\u015fs\u0131n, m\u0259s\u0259l\u0259ni yerind\u0259 h\u0259ll ed\u0259k\u201d.\n<\/p>\n<p>\n  Tikintid\u0259 T\u0259hl\u00fck\u0259sizliy\u0259 N\u0259zar\u0259t D\u00f6vl\u0259t Agentliyind\u0259n m\u00fcnasib\u0259t \u00f6yr\u0259nm\u0259k m\u00fcmk\u00fcn olmay\u0131b.\n<\/p>\n<figure class=\"wp-block-image size-large\">\n  <img decoding=\"async\" src=\"https:\/\/www.meydan.tv\/az\/image_from_ios-jpg-86\/\" alt=\"image_from_ios.jpg\" class=\"wp-image-130144\"\/><figcaption>\n    &#8220;Kim\u0259 ev tikibl\u0259rs\u0259, sa\u011fl\u0131\u011f\u0131na qism\u0259t olsun&#8221;<br \/>\n  <\/figcaption><\/figure>\n","protected":false},"excerpt":{"rendered":"<p>Baxaq, yerind\u0259 ayd\u0131nla\u015fd\u0131raq, g\u00f6r\u0259k m\u00fcraci\u0259t edibs\u0259, ona n\u0259 cavab verilib.<\/p>\n","protected":false},"author":11,"featured_media":130138,"comment_status":"closed","ping_status":"open","sticky":false,"template":"","format":"standard","meta":{"_acf_changed":false,"_sitemap_exclude":false,"_sitemap_priority":"","_sitemap_frequency":"","footnotes":""},"categories":[60],"tags":[],"class_list":["post-197127","post","type-post","status-publish","format-standard","has-post-thumbnail","hentry","category-bolge","infinite-scroll-item","generate-columns","tablet-grid-50","mobile-grid-100","grid-parent","grid-33","no-featured-image-padding"],"acf":[],"yoast_head":"<!-- This site is optimized with the Yoast SEO plugin v27.5 - https:\/\/yoast.com\/product\/yoast-seo-wordpress\/ -->\n<title>Evi u\u00e7an sakin: He\u00e7 kim g\u0259lib, maraqlanmad\u0131 ki, burada insan ya\u015fay\u0131r, n\u0259 ba\u015f verib - MEYDAN.TV<\/title>\n<meta name=\"robots\" content=\"index, follow, max-snippet:-1, max-image-preview:large, max-video-preview:-1\" \/>\n<link rel=\"canonical\" href=\"https:\/\/www.meydan.tv\/az\/article\/evi-ucan-sakin-hec-kim-gelib-maraqlanmadi-ki-burada-insan-yasayir-ne-bas-verib\/\" \/>\n<meta property=\"og:locale\" content=\"az_AZ\" \/>\n<meta property=\"og:type\" content=\"article\" \/>\n<meta property=\"og:title\" content=\"Evi u\u00e7an sakin: He\u00e7 kim g\u0259lib, maraqlanmad\u0131 ki, burada insan ya\u015fay\u0131r, n\u0259 ba\u015f verib - MEYDAN.TV\" \/>\n<meta property=\"og:description\" content=\"Baxaq, yerind\u0259 ayd\u0131nla\u015fd\u0131raq, g\u00f6r\u0259k m\u00fcraci\u0259t edibs\u0259, ona n\u0259 cavab verilib.\" \/>\n<meta property=\"og:url\" content=\"https:\/\/www.meydan.tv\/az\/article\/evi-ucan-sakin-hec-kim-gelib-maraqlanmadi-ki-burada-insan-yasayir-ne-bas-verib\/\" \/>\n<meta property=\"og:site_name\" content=\"MEYDAN.TV\" \/>\n<meta property=\"article:published_time\" content=\"2019-09-24T21:01:02+00:00\" \/>\n<meta property=\"og:image\" content=\"https:\/\/www.meydan.tv\/wp-content\/uploads\/image_from_ios_11_awrnmks.jpg\" \/>\n\t<meta property=\"og:image:width\" content=\"960\" \/>\n\t<meta property=\"og:image:height\" content=\"480\" \/>\n\t<meta property=\"og:image:type\" content=\"image\/jpeg\" \/>\n<meta name=\"author\" content=\"user-manager\" \/>\n<meta name=\"twitter:card\" content=\"summary_large_image\" \/>\n<script type=\"application\/ld+json\" class=\"yoast-schema-graph\">{\"@context\":\"https:\\\/\\\/schema.org\",\"@graph\":[{\"@type\":\"Article\",\"@id\":\"https:\\\/\\\/www.meydan.tv\\\/az\\\/article\\\/evi-ucan-sakin-hec-kim-gelib-maraqlanmadi-ki-burada-insan-yasayir-ne-bas-verib\\\/#article\",\"isPartOf\":{\"@id\":\"https:\\\/\\\/www.meydan.tv\\\/az\\\/article\\\/evi-ucan-sakin-hec-kim-gelib-maraqlanmadi-ki-burada-insan-yasayir-ne-bas-verib\\\/\"},\"author\":{\"name\":\"user-manager\",\"@id\":\"https:\\\/\\\/www.meydan.tv\\\/az\\\/#\\\/schema\\\/person\\\/10d11eccf6da3662cf5fdab9806ea91a\"},\"headline\":\"Evi u\u00e7an sakin: He\u00e7 kim g\u0259lib, maraqlanmad\u0131 ki, burada insan ya\u015fay\u0131r, n\u0259 ba\u015f verib\",\"datePublished\":\"2019-09-24T21:01:02+00:00\",\"mainEntityOfPage\":{\"@id\":\"https:\\\/\\\/www.meydan.tv\\\/az\\\/article\\\/evi-ucan-sakin-hec-kim-gelib-maraqlanmadi-ki-burada-insan-yasayir-ne-bas-verib\\\/\"},\"wordCount\":1439,\"publisher\":{\"@id\":\"https:\\\/\\\/www.meydan.tv\\\/az\\\/#organization\"},\"image\":{\"@id\":\"https:\\\/\\\/www.meydan.tv\\\/az\\\/article\\\/evi-ucan-sakin-hec-kim-gelib-maraqlanmadi-ki-burada-insan-yasayir-ne-bas-verib\\\/#primaryimage\"},\"thumbnailUrl\":\"https:\\\/\\\/www.meydan.tv\\\/wp-content\\\/uploads\\\/image_from_ios_11_awrnmks.jpg\",\"articleSection\":[\"B\u00f6lg\u0259\"],\"inLanguage\":\"az\"},{\"@type\":\"WebPage\",\"@id\":\"https:\\\/\\\/www.meydan.tv\\\/az\\\/article\\\/evi-ucan-sakin-hec-kim-gelib-maraqlanmadi-ki-burada-insan-yasayir-ne-bas-verib\\\/\",\"url\":\"https:\\\/\\\/www.meydan.tv\\\/az\\\/article\\\/evi-ucan-sakin-hec-kim-gelib-maraqlanmadi-ki-burada-insan-yasayir-ne-bas-verib\\\/\",\"name\":\"Evi u\u00e7an sakin: He\u00e7 kim g\u0259lib, maraqlanmad\u0131 ki, burada insan ya\u015fay\u0131r, n\u0259 ba\u015f verib - MEYDAN.TV\",\"isPartOf\":{\"@id\":\"https:\\\/\\\/www.meydan.tv\\\/az\\\/#website\"},\"primaryImageOfPage\":{\"@id\":\"https:\\\/\\\/www.meydan.tv\\\/az\\\/article\\\/evi-ucan-sakin-hec-kim-gelib-maraqlanmadi-ki-burada-insan-yasayir-ne-bas-verib\\\/#primaryimage\"},\"image\":{\"@id\":\"https:\\\/\\\/www.meydan.tv\\\/az\\\/article\\\/evi-ucan-sakin-hec-kim-gelib-maraqlanmadi-ki-burada-insan-yasayir-ne-bas-verib\\\/#primaryimage\"},\"thumbnailUrl\":\"https:\\\/\\\/www.meydan.tv\\\/wp-content\\\/uploads\\\/image_from_ios_11_awrnmks.jpg\",\"datePublished\":\"2019-09-24T21:01:02+00:00\",\"breadcrumb\":{\"@id\":\"https:\\\/\\\/www.meydan.tv\\\/az\\\/article\\\/evi-ucan-sakin-hec-kim-gelib-maraqlanmadi-ki-burada-insan-yasayir-ne-bas-verib\\\/#breadcrumb\"},\"inLanguage\":\"az\",\"potentialAction\":[{\"@type\":\"ReadAction\",\"target\":[\"https:\\\/\\\/www.meydan.tv\\\/az\\\/article\\\/evi-ucan-sakin-hec-kim-gelib-maraqlanmadi-ki-burada-insan-yasayir-ne-bas-verib\\\/\"]}]},{\"@type\":\"ImageObject\",\"inLanguage\":\"az\",\"@id\":\"https:\\\/\\\/www.meydan.tv\\\/az\\\/article\\\/evi-ucan-sakin-hec-kim-gelib-maraqlanmadi-ki-burada-insan-yasayir-ne-bas-verib\\\/#primaryimage\",\"url\":\"https:\\\/\\\/www.meydan.tv\\\/wp-content\\\/uploads\\\/image_from_ios_11_awrnmks.jpg\",\"contentUrl\":\"https:\\\/\\\/www.meydan.tv\\\/wp-content\\\/uploads\\\/image_from_ios_11_awrnmks.jpg\",\"width\":960,\"height\":480,\"caption\":\"Source: meydan.tv\"},{\"@type\":\"BreadcrumbList\",\"@id\":\"https:\\\/\\\/www.meydan.tv\\\/az\\\/article\\\/evi-ucan-sakin-hec-kim-gelib-maraqlanmadi-ki-burada-insan-yasayir-ne-bas-verib\\\/#breadcrumb\",\"itemListElement\":[{\"@type\":\"ListItem\",\"position\":1,\"name\":\"Ana s\u0259hif\u0259\",\"item\":\"https:\\\/\\\/www.meydan.tv\\\/az\\\/\"},{\"@type\":\"ListItem\",\"position\":2,\"name\":\"B\u00f6lg\u0259\",\"item\":\"https:\\\/\\\/www.meydan.tv\\\/az\\\/section\\\/bolge\\\/\"},{\"@type\":\"ListItem\",\"position\":3,\"name\":\"Evi u\u00e7an sakin: He\u00e7 kim g\u0259lib, maraqlanmad\u0131 ki, burada insan ya\u015fay\u0131r, n\u0259 ba\u015f verib\"}]},{\"@type\":\"WebSite\",\"@id\":\"https:\\\/\\\/www.meydan.tv\\\/az\\\/#website\",\"url\":\"https:\\\/\\\/www.meydan.tv\\\/az\\\/\",\"name\":\"MEYDAN.TV\",\"description\":\"Meydan TV Az\u0259rbaycan\u0131n media m\u0259kan\u0131ndak\u0131 alternativ s\u0259sidir\",\"publisher\":{\"@id\":\"https:\\\/\\\/www.meydan.tv\\\/az\\\/#organization\"},\"potentialAction\":[{\"@type\":\"SearchAction\",\"target\":{\"@type\":\"EntryPoint\",\"urlTemplate\":\"https:\\\/\\\/www.meydan.tv\\\/az\\\/?s={search_term_string}\"},\"query-input\":{\"@type\":\"PropertyValueSpecification\",\"valueRequired\":true,\"valueName\":\"search_term_string\"}}],\"inLanguage\":\"az\"},{\"@type\":\"Organization\",\"@id\":\"https:\\\/\\\/www.meydan.tv\\\/az\\\/#organization\",\"name\":\"Meydan TV\",\"url\":\"https:\\\/\\\/www.meydan.tv\\\/az\\\/\",\"logo\":{\"@type\":\"ImageObject\",\"inLanguage\":\"az\",\"@id\":\"https:\\\/\\\/www.meydan.tv\\\/az\\\/#\\\/schema\\\/logo\\\/image\\\/\",\"url\":\"https:\\\/\\\/www.meydan.tv\\\/wp-content\\\/uploads\\\/2021\\\/07\\\/meydan-logo.svg\",\"contentUrl\":\"https:\\\/\\\/www.meydan.tv\\\/wp-content\\\/uploads\\\/2021\\\/07\\\/meydan-logo.svg\",\"width\":195,\"height\":46,\"caption\":\"Meydan TV\"},\"image\":{\"@id\":\"https:\\\/\\\/www.meydan.tv\\\/az\\\/#\\\/schema\\\/logo\\\/image\\\/\"}},{\"@type\":\"Person\",\"@id\":\"https:\\\/\\\/www.meydan.tv\\\/az\\\/#\\\/schema\\\/person\\\/10d11eccf6da3662cf5fdab9806ea91a\",\"name\":\"user-manager\"}]}<\/script>\n<!-- \/ Yoast SEO plugin. -->","yoast_head_json":{"title":"Evi u\u00e7an sakin: He\u00e7 kim g\u0259lib, maraqlanmad\u0131 ki, burada insan ya\u015fay\u0131r, n\u0259 ba\u015f verib - MEYDAN.TV","robots":{"index":"index","follow":"follow","max-snippet":"max-snippet:-1","max-image-preview":"max-image-preview:large","max-video-preview":"max-video-preview:-1"},"canonical":"https:\/\/www.meydan.tv\/az\/article\/evi-ucan-sakin-hec-kim-gelib-maraqlanmadi-ki-burada-insan-yasayir-ne-bas-verib\/","og_locale":"az_AZ","og_type":"article","og_title":"Evi u\u00e7an sakin: He\u00e7 kim g\u0259lib, maraqlanmad\u0131 ki, burada insan ya\u015fay\u0131r, n\u0259 ba\u015f verib - MEYDAN.TV","og_description":"Baxaq, yerind\u0259 ayd\u0131nla\u015fd\u0131raq, g\u00f6r\u0259k m\u00fcraci\u0259t edibs\u0259, ona n\u0259 cavab verilib.","og_url":"https:\/\/www.meydan.tv\/az\/article\/evi-ucan-sakin-hec-kim-gelib-maraqlanmadi-ki-burada-insan-yasayir-ne-bas-verib\/","og_site_name":"MEYDAN.TV","article_published_time":"2019-09-24T21:01:02+00:00","og_image":[{"width":960,"height":480,"url":"https:\/\/www.meydan.tv\/wp-content\/uploads\/image_from_ios_11_awrnmks.jpg","type":"image\/jpeg"}],"author":"user-manager","twitter_card":"summary_large_image","schema":{"@context":"https:\/\/schema.org","@graph":[{"@type":"Article","@id":"https:\/\/www.meydan.tv\/az\/article\/evi-ucan-sakin-hec-kim-gelib-maraqlanmadi-ki-burada-insan-yasayir-ne-bas-verib\/#article","isPartOf":{"@id":"https:\/\/www.meydan.tv\/az\/article\/evi-ucan-sakin-hec-kim-gelib-maraqlanmadi-ki-burada-insan-yasayir-ne-bas-verib\/"},"author":{"name":"user-manager","@id":"https:\/\/www.meydan.tv\/az\/#\/schema\/person\/10d11eccf6da3662cf5fdab9806ea91a"},"headline":"Evi u\u00e7an sakin: He\u00e7 kim g\u0259lib, maraqlanmad\u0131 ki, burada insan ya\u015fay\u0131r, n\u0259 ba\u015f verib","datePublished":"2019-09-24T21:01:02+00:00","mainEntityOfPage":{"@id":"https:\/\/www.meydan.tv\/az\/article\/evi-ucan-sakin-hec-kim-gelib-maraqlanmadi-ki-burada-insan-yasayir-ne-bas-verib\/"},"wordCount":1439,"publisher":{"@id":"https:\/\/www.meydan.tv\/az\/#organization"},"image":{"@id":"https:\/\/www.meydan.tv\/az\/article\/evi-ucan-sakin-hec-kim-gelib-maraqlanmadi-ki-burada-insan-yasayir-ne-bas-verib\/#primaryimage"},"thumbnailUrl":"https:\/\/www.meydan.tv\/wp-content\/uploads\/image_from_ios_11_awrnmks.jpg","articleSection":["B\u00f6lg\u0259"],"inLanguage":"az"},{"@type":"WebPage","@id":"https:\/\/www.meydan.tv\/az\/article\/evi-ucan-sakin-hec-kim-gelib-maraqlanmadi-ki-burada-insan-yasayir-ne-bas-verib\/","url":"https:\/\/www.meydan.tv\/az\/article\/evi-ucan-sakin-hec-kim-gelib-maraqlanmadi-ki-burada-insan-yasayir-ne-bas-verib\/","name":"Evi u\u00e7an sakin: He\u00e7 kim g\u0259lib, maraqlanmad\u0131 ki, burada insan ya\u015fay\u0131r, n\u0259 ba\u015f verib - MEYDAN.TV","isPartOf":{"@id":"https:\/\/www.meydan.tv\/az\/#website"},"primaryImageOfPage":{"@id":"https:\/\/www.meydan.tv\/az\/article\/evi-ucan-sakin-hec-kim-gelib-maraqlanmadi-ki-burada-insan-yasayir-ne-bas-verib\/#primaryimage"},"image":{"@id":"https:\/\/www.meydan.tv\/az\/article\/evi-ucan-sakin-hec-kim-gelib-maraqlanmadi-ki-burada-insan-yasayir-ne-bas-verib\/#primaryimage"},"thumbnailUrl":"https:\/\/www.meydan.tv\/wp-content\/uploads\/image_from_ios_11_awrnmks.jpg","datePublished":"2019-09-24T21:01:02+00:00","breadcrumb":{"@id":"https:\/\/www.meydan.tv\/az\/article\/evi-ucan-sakin-hec-kim-gelib-maraqlanmadi-ki-burada-insan-yasayir-ne-bas-verib\/#breadcrumb"},"inLanguage":"az","potentialAction":[{"@type":"ReadAction","target":["https:\/\/www.meydan.tv\/az\/article\/evi-ucan-sakin-hec-kim-gelib-maraqlanmadi-ki-burada-insan-yasayir-ne-bas-verib\/"]}]},{"@type":"ImageObject","inLanguage":"az","@id":"https:\/\/www.meydan.tv\/az\/article\/evi-ucan-sakin-hec-kim-gelib-maraqlanmadi-ki-burada-insan-yasayir-ne-bas-verib\/#primaryimage","url":"https:\/\/www.meydan.tv\/wp-content\/uploads\/image_from_ios_11_awrnmks.jpg","contentUrl":"https:\/\/www.meydan.tv\/wp-content\/uploads\/image_from_ios_11_awrnmks.jpg","width":960,"height":480,"caption":"Source: meydan.tv"},{"@type":"BreadcrumbList","@id":"https:\/\/www.meydan.tv\/az\/article\/evi-ucan-sakin-hec-kim-gelib-maraqlanmadi-ki-burada-insan-yasayir-ne-bas-verib\/#breadcrumb","itemListElement":[{"@type":"ListItem","position":1,"name":"Ana s\u0259hif\u0259","item":"https:\/\/www.meydan.tv\/az\/"},{"@type":"ListItem","position":2,"name":"B\u00f6lg\u0259","item":"https:\/\/www.meydan.tv\/az\/section\/bolge\/"},{"@type":"ListItem","position":3,"name":"Evi u\u00e7an sakin: He\u00e7 kim g\u0259lib, maraqlanmad\u0131 ki, burada insan ya\u015fay\u0131r, n\u0259 ba\u015f verib"}]},{"@type":"WebSite","@id":"https:\/\/www.meydan.tv\/az\/#website","url":"https:\/\/www.meydan.tv\/az\/","name":"MEYDAN.TV","description":"Meydan TV Az\u0259rbaycan\u0131n media m\u0259kan\u0131ndak\u0131 alternativ s\u0259sidir","publisher":{"@id":"https:\/\/www.meydan.tv\/az\/#organization"},"potentialAction":[{"@type":"SearchAction","target":{"@type":"EntryPoint","urlTemplate":"https:\/\/www.meydan.tv\/az\/?s={search_term_string}"},"query-input":{"@type":"PropertyValueSpecification","valueRequired":true,"valueName":"search_term_string"}}],"inLanguage":"az"},{"@type":"Organization","@id":"https:\/\/www.meydan.tv\/az\/#organization","name":"Meydan TV","url":"https:\/\/www.meydan.tv\/az\/","logo":{"@type":"ImageObject","inLanguage":"az","@id":"https:\/\/www.meydan.tv\/az\/#\/schema\/logo\/image\/","url":"https:\/\/www.meydan.tv\/wp-content\/uploads\/2021\/07\/meydan-logo.svg","contentUrl":"https:\/\/www.meydan.tv\/wp-content\/uploads\/2021\/07\/meydan-logo.svg","width":195,"height":46,"caption":"Meydan TV"},"image":{"@id":"https:\/\/www.meydan.tv\/az\/#\/schema\/logo\/image\/"}},{"@type":"Person","@id":"https:\/\/www.meydan.tv\/az\/#\/schema\/person\/10d11eccf6da3662cf5fdab9806ea91a","name":"user-manager"}]}},"_links":{"self":[{"href":"https:\/\/www.meydan.tv\/az\/wp-json\/wp\/v2\/posts\/197127","targetHints":{"allow":["GET"]}}],"collection":[{"href":"https:\/\/www.meydan.tv\/az\/wp-json\/wp\/v2\/posts"}],"about":[{"href":"https:\/\/www.meydan.tv\/az\/wp-json\/wp\/v2\/types\/post"}],"author":[{"embeddable":true,"href":"https:\/\/www.meydan.tv\/az\/wp-json\/wp\/v2\/users\/11"}],"replies":[{"embeddable":true,"href":"https:\/\/www.meydan.tv\/az\/wp-json\/wp\/v2\/comments?post=197127"}],"version-history":[{"count":0,"href":"https:\/\/www.meydan.tv\/az\/wp-json\/wp\/v2\/posts\/197127\/revisions"}],"wp:featuredmedia":[{"embeddable":true,"href":"https:\/\/www.meydan.tv\/az\/wp-json\/wp\/v2\/media\/130138"}],"wp:attachment":[{"href":"https:\/\/www.meydan.tv\/az\/wp-json\/wp\/v2\/media?parent=197127"}],"wp:term":[{"taxonomy":"category","embeddable":true,"href":"https:\/\/www.meydan.tv\/az\/wp-json\/wp\/v2\/categories?post=197127"},{"taxonomy":"post_tag","embeddable":true,"href":"https:\/\/www.meydan.tv\/az\/wp-json\/wp\/v2\/tags?post=197127"}],"curies":[{"name":"wp","href":"https:\/\/api.w.org\/{rel}","templated":true}]}}