{"id":197126,"date":"2019-09-24T21:13:17","date_gmt":"2019-09-24T21:13:17","guid":{"rendered":"https:\/\/www.meydan.tv\/article\/zibilliklerin-arasiyla-axib-gelen-arx-suyu-ile-cimirik-qizinmaga-odun-aliriq\/"},"modified":"2019-09-24T21:13:17","modified_gmt":"2019-09-24T21:13:17","slug":"zibilliklerin-arasiyla-axib-gelen-arx-suyu-ile-cimirik-qizinmaga-odun-aliriq","status":"publish","type":"post","link":"https:\/\/www.meydan.tv\/az\/article\/zibilliklerin-arasiyla-axib-gelen-arx-suyu-ile-cimirik-qizinmaga-odun-aliriq\/","title":{"rendered":"\u201cZibillikl\u0259rin aras\u0131yla ax\u0131b g\u0259l\u0259n arx suyu il\u0259 \u00e7imirik, q\u0131z\u0131nma\u011fa odun al\u0131r\u0131q\u201d"},"content":{"rendered":"<p>\n  <i><br \/>\n    Ucar\u0131n Qul\u0259b\u0259nd k\u0259ndi yax\u0131nl\u0131\u011f\u0131ndak\u0131 16 ail\u0259 qaz, su, telefon, internet arzusuyla ya\u015fay\u0131r<br \/>\n  <\/i>\n<\/p>\n<p>\n  \u201cUcar\u0131n m\u0259rk\u0259ziyl\u0259 aram\u0131zda 7 kilometr m\u0259saf\u0259 var. H\u0259r g\u00fcn 16 ail\u0259 burdan rayona gedir, i\u00e7m\u0259li su da\u015f\u0131y\u0131b g\u0259tirir. D\u00fczd\u00fcr, icra ba\u015f\u00e7\u0131s\u0131 bir arx qazd\u0131r\u0131b, o arxla su kanal\u0131ndan biz\u0259 t\u0259r\u0259f su ax\u0131b g\u0259lir, ancaq o suyu yaln\u0131z paltar, qab-qacaq yuma\u011fa istifad\u0259 ed\u0259 bilirik. \u0130\u00e7s\u0259k, z\u0259h\u0259rl\u0259nib \u00f6l\u0259rik\u201d.\n<\/p>\n<p>\n  Ucar Pamb\u0131q Zavodu h\u0259l\u0259 1980-ci ill\u0259rin ortalar\u0131nda Bak\u0131-Qazax yolunun \u00fcst\u00fcnd\u0259, Ucar\u0131n Qul\u0259b\u0259nd k\u0259ndi yax\u0131nl\u0131\u011f\u0131na d\u00fc\u015f\u0259n \u0259razid\u0259 (Pamb\u0131q zavodun \u0259razisi) zavodun \u00e7oxu\u015faql\u0131 ail\u0259l\u0259ri \u00fc\u00e7\u00fcn ya\u015fay\u0131\u015f binalar\u0131 in\u015fa etm\u0259k q\u0259rar\u0131na g\u0259lir. 1987-ci ild\u0259 ilk ikim\u0259rt\u0259b\u0259li, 16 m\u0259nzilli bina istifad\u0259y\u0259 verilir. Lakin Sovet h\u00f6kum\u0259ti da\u011f\u0131landan sonra zavod da f\u0259aliyy\u0259tini dayand\u0131r\u0131r, n\u00f6vb\u0259ti binalar tikilmir. N\u0259tic\u0259d\u0259 istifad\u0259y\u0259 verilmi\u015f ilk binan\u0131n bir s\u0131ra kommunal probleml\u0259ri d\u0259 h\u0259ll olunmam\u0131\u015f qal\u0131r. \u00dcst\u0259lik, 90-c\u0131 ill\u0259rin \u0259vv\u0259ll\u0259rind\u0259 h\u0259r yerd\u0259 oldu\u011fu kimi, bu \u0259razid\u0259 d\u0259 qaz, su q\u0131tl\u0131\u011f\u0131 yaran\u0131r. Uzun m\u00fcdd\u0259t istifad\u0259siz qalm\u0131\u015f qaz, su x\u0259tl\u0259ri k\u0259sil\u0259r\u0259k sat\u0131l\u0131r. N\u0259tic\u0259d\u0259 30 ild\u0259n \u00e7oxdur ki, 16 ail\u0259 mavi yanaca\u011f\u0131 odunla \u0259v\u0259z edib, i\u00e7m\u0259li suyu xeyli aral\u0131da yerl\u0259\u015f\u0259n rayondan da\u015f\u0131y\u0131r.\n<\/p>\n<p>\n  <i><br \/>\n    \u201c\u0130\u00e7m\u0259li suyu rayondan da\u015f\u0131y\u0131r\u0131q\u201d<br \/>\n  <\/i>\n<\/p>\n<p>\n  Bina sakini Teymur \u018fhm\u0259dov dan\u0131\u015f\u0131r:\n<\/p>\n<p>\n  \u201cSa\u011f olsun Ucar\u0131n icra hakimiyy\u0259tinin ba\u015f\u00e7\u0131s\u0131, binan\u0131 t\u0259mir etdirdi, dam \u00f6rt\u00fcy\u00fcn\u00fc d\u0259yi\u015fdirdi. Me\u015f\u0259d\u0259n ke\u00e7ib g\u0259l\u0259n Q\u0259zyan arx\u0131 var, zibillikl\u0259rd\u0259n ke\u00e7ib g\u0259lib bizim binaya \u00e7at\u0131r. O arx\u0131 da ba\u015f\u00e7\u0131n\u0131n g\u00f6st\u0259ri\u015fi il\u0259 qaz\u0131blar bizim \u00fc\u00e7\u00fcn. Biz o arx\u0131 ild\u0259 3-4 d\u0259f\u0259 \u00f6z hesab\u0131m\u0131za traktor g\u0259tirib qazd\u0131r\u0131r\u0131q, qam\u0131\u015fdan, y\u0131\u011f\u0131lan zibill\u0259rd\u0259n, qurba\u011falardan t\u0259mizl\u0259yirik ki, su, azca da olsa, t\u0259mizl\u0259nsin. O arx\u0131n suyuyla yaln\u0131z pal-paltar, qab-qacaq yuya bilirik. Ekoloji \u00e7irkli sudur. M\u0259cburuq ki, h\u0259r g\u00fcr rayona gedib, i\u00e7m\u0259li su g\u0259tir\u0259k. Bak\u0131-Qazax yolunun \u00fcst\u00fcnd\u0259 ikim\u0259rt\u0259b\u0259li bir binad\u0131r. \u018ftraf\u0131 bombo\u015fdur, bizim binadan ba\u015fqa ya\u015fay\u0131\u015f yoxdur\u201d.\n<\/p>\n<figure class=\"wp-block-image size-large\">\n  <img decoding=\"async\" src=\"https:\/\/www.meydan.tv\/az\/image_from_ios-jpg-87\/\" alt=\"image_from_ios.jpg\" class=\"wp-image-130153\"\/><figcaption>\n    &#8220;O arx\u0131n suyuyla yaln\u0131z pal-paltar, qab-qacaq yuya bilirik&#8221;<br \/>\n  <\/figcaption><\/figure>\n<p>\n  <i><br \/>\n    \u201cTelefon x\u0259tti binam\u0131z\u0131n qar\u015f\u0131s\u0131ndan k\u0259ndl\u0259r\u0259 q\u0259d\u0259r uzan\u0131r\u201d<br \/>\n  <\/i>\n<\/p>\n<p>\n  Sakinl\u0259rin dem\u0259sin\u0259 g\u00f6r\u0259, ya\u015fad\u0131qlar\u0131 yerd\u0259n 2 kilometr o t\u0259r\u0259f\u0259 \u2013 Z\u0259rdaba qaz x\u0259tti ke\u00e7ib gedir. Dig\u0259r t\u0259r\u0259fl\u0259rind\u0259n 1,5 kilometr m\u0259saf\u0259d\u0259ki G\u00fcl\u0259b\u0259nd k\u0259ndin\u0259 qaz verilir, ancaq onlar\u0131n binas\u0131na qaz x\u0259tti \u00e7\u0259kilmir. Buna g\u00f6r\u0259 d\u0259 sakinl\u0259r odundan istifad\u0259 edirl\u0259r:\n<\/p>\n<p>\n  &quot;Az\u0131 25 ildir ki, qaz yoxdur. Gedirik, t\u0259l\u0259b edirik ki, g\u0259tirin vaxtil\u0259 k\u0259sdiyiniz qaz x\u0259tl\u0259rini yerin\u0259 birl\u0259\u015fdirin, deyirl\u0259r, m\u00fcmk\u00fcn deyil. S\u0259b\u0259bini is\u0259 izah etmirl\u0259r. Bir ma\u015f\u0131n odun az\u0131 350 manata ba\u015fa g\u0259lir. Ail\u0259l\u0259rin \u00e7oxu ala bilmir. Bax, haz\u0131rda h\u0259r\u0259 \u00f6z evinin odun sobas\u0131n\u0131 \u00e7\u00f6l\u0259 \u00e7\u0131xar\u0131b r\u0259ngl\u0259yir, q\u0131\u015fa haz\u0131rl\u0131q g\u00f6r\u00fcr. Bir azdan havalar soyuyanda odun, istilik m\u0259s\u0259l\u0259si yen\u0259 binan\u0131n \u0259sas problemi olacaq\u201d.\n<\/p>\n<p>\n  Sakinl\u0259rin telefon v\u0259 internet problemi d\u0259 var. Onlar\u0131n dem\u0259sin\u0259 g\u00f6r\u0259, telefon x\u0259tti ya\u015fad\u0131qlar\u0131 binan\u0131n qar\u015f\u0131s\u0131ndan ke\u00e7ib k\u0259ndl\u0259r\u0259 q\u0259d\u0259r uzan\u0131r, ucqar k\u0259ndl\u0259rd\u0259 d\u0259 telefondan istifad\u0259 imkan\u0131 var, ancaq onlar\u0131n binas\u0131na telefon x\u0259tti \u00e7\u0259kilmir.\n<\/p>\n<p>\n  <i><br \/>\n    R\u0259smi qurumlar n\u0259 deyir&#8230;<br \/>\n  <\/i>\n<\/p>\n<p>\n  Sakinl\u0259r su, qaz v\u0259 telefon \u00e7\u0259kili\u015fi \u00fc\u00e7\u00fcn aidiyy\u0259ti qurumlara m\u00fcraci\u0259tl\u0259r edibl\u0259r. Su problemi il\u0259 ba\u011fl\u0131 \u201cBirl\u0259\u015fmi\u015f Sukanal\u201d MMC-d\u0259n sakinl\u0259r\u0259 g\u0259l\u0259n cavab m\u0259ktubunda bildirilir ki, h\u0259min \u0259razid\u0259 Ucar Sukalan \u0130dar\u0259sin\u0259 m\u0259xsus he\u00e7 bir i\u00e7m\u0259li su x\u0259tti v\u0259 m\u00fch\u0259ndis texniki qur\u011fular\u0131 m\u00f6vcud deyil. \u018fraziy\u0259 idar\u0259 t\u0259r\u0259find\u0259n he\u00e7 bir xidm\u0259t g\u00f6st\u0259rilmir.\n<\/p>\n<figure class=\"wp-block-image size-large\">\n  <img decoding=\"async\" src=\"https:\/\/www.meydan.tv\/az\/image_from_ios-5-jpg-44\/\" alt=\"image_from_ios (5).jpg\" class=\"wp-image-130156\"\/><figcaption>\n    &#8220;Sakinl\u0259rin telefon v\u0259 internet problemi d\u0259 var&#8221;<br \/>\n  <\/figcaption><\/figure>\n<p>\n  Rabit\u0259 v\u0259 Texnologiyalar Nazirliyind\u0259n g\u0259l\u0259n m\u0259ktubda sakinl\u0259r\u0259 bildirilib ki, Ucar Telekommunikasiya Qov\u015fa\u011f\u0131n\u0131n m\u00fct\u0259x\u0259ssisl\u0259ri binaya bax\u0131\u015f ke\u00e7irib. Bina kabell\u0259\u015fm\u0259diyind\u0259n m\u0259nzill\u0259r\u0259 telefon \u00e7\u0259kili\u015fi m\u00fcmk\u00fcn olmay\u0131b. \u201cAztelekom\u201d MMC-nin Ucar Telekommunikasiya Qov\u015fa\u011f\u0131n\u0131n maliyy\u0259 imkanlar\u0131 daxilind\u0259 2018-ci il \u0259rzind\u0259 binan\u0131n telefonla\u015fd\u0131r\u0131lmas\u0131 n\u0259z\u0259rd\u0259 tutulub.\n<\/p>\n<p>\n  Sakinl\u0259rin \u201cAz\u0259riqaz\u201d ASC-y\u0259 yazd\u0131qlar\u0131 m\u0259ktublarsa cavabs\u0131z qal\u0131b.\n<\/p>\n<p>\n  Ucar rayon \u0130cra Hakimiyy\u0259tind\u0259n Meydan TV-y\u0259 bildirilib ki, bir m\u00fcdd\u0259t \u0259vv\u0259l qurum Pamb\u0131q Zavodu \u0259razisind\u0259ki 16 m\u0259nzilli binan\u0131 t\u0259mir edib, dam \u00f6rt\u00fcy\u00fcn\u00fc t\u0259z\u0259l\u0259yib, binan\u0131n \u0259traf\u0131na asfalt \u00f6rt\u00fcy\u00fc \u00e7\u0259kib. Q\u0259zy\u0259n me\u015f\u0259sind\u0259n binan\u0131n yerl\u0259\u015fdiyi \u0259raziy\u0259d\u0259k su arx\u0131 qazd\u0131rmaqla m\u0259i\u015f\u0259td\u0259 su problemini qism\u0259n d\u0259 olsa h\u0259ll edib. Dig\u0259r probleml\u0259rin h\u0259lli \u00fc\u00e7\u00fcn is\u0259 aidiyy\u0259ti qurumlara m\u0259ktubla m\u00fcraci\u0259t edib: \u201cO bina 32 il \u0259vv\u0259l Pamb\u0131q Zavodunun \u00f6z i\u015f\u00e7il\u0259ri \u00fc\u00e7\u00fcn tikdiyi ilk bina idi, orada daha bir ne\u00e7\u0259 bina in\u015fa olunmal\u0131yd\u0131, Sovet da\u011f\u0131ld\u0131, zavod ba\u011fland\u0131, i\u015fl\u0259r yar\u0131m\u00e7\u0131q qald\u0131. Orada he\u00e7 kanalizasiya x\u0259tti d\u0259 yoxdur. Sakinl\u0259r \u00f6z x\u0259tl\u0259riyl\u0259, biz d\u0259 \u00f6z x\u0259ttimizl\u0259 aidiyy\u0259ti qurumlara m\u00fcraci\u0259t etmi\u015fik, yen\u0259 m\u00fcraci\u0259t ed\u0259c\u0259yik\u201d.\n<\/p>\n<p>\n  Qar\u015f\u0131dan q\u0131\u015f g\u0259lir. \u0130kim\u0259rt\u0259b\u0259li, 16 m\u0259nzilli binan\u0131n 72 sakininin is\u0259 indid\u0259n can\u0131na \u00fc\u015f\u00fctm\u0259 d\u00fc\u015f\u00fcb. Onlar yen\u0259 d\u0259 \u015faxtal\u0131, qarl\u0131 g\u00fcnl\u0259rd\u0259 su, odun da\u015f\u0131mal\u0131 olacaqlar.\n<\/p>\n<figure class=\"wp-block-image size-large\">\n  <img decoding=\"async\" src=\"https:\/\/www.meydan.tv\/az\/image_from_ios-6-jpg-39\/\" alt=\"image_from_ios (6).jpg\" class=\"wp-image-130159\"\/><figcaption>\n    &#8220;O bina 32 il \u0259vv\u0259l Pamb\u0131q Zavodunun \u00f6z i\u015f\u00e7il\u0259ri \u00fc\u00e7\u00fcn tikdiyi ilk bina idi, orada daha bir ne\u00e7\u0259 bina in\u015fa olunmal\u0131yd\u0131, Sovet da\u011f\u0131ld\u0131, zavod ba\u011fland\u0131, i\u015fl\u0259r yar\u0131m\u00e7\u0131q qald\u0131&#8221;<br \/>\n  <\/figcaption><\/figure>\n","protected":false},"excerpt":{"rendered":"<p>Sakinl\u0259r \u00f6z x\u0259tl\u0259riyl\u0259, biz d\u0259 \u00f6z x\u0259ttimizl\u0259 aidiyy\u0259ti qurumlara m\u00fcraci\u0259t etmi\u015fik, yen\u0259 m\u00fcraci\u0259t ed\u0259c\u0259yik<\/p>\n","protected":false},"author":11,"featured_media":130150,"comment_status":"closed","ping_status":"open","sticky":false,"template":"","format":"standard","meta":{"_acf_changed":false,"_sitemap_exclude":false,"_sitemap_priority":"","_sitemap_frequency":"","footnotes":""},"categories":[60],"tags":[],"class_list":["post-197126","post","type-post","status-publish","format-standard","has-post-thumbnail","hentry","category-bolge","infinite-scroll-item","generate-columns","tablet-grid-50","mobile-grid-100","grid-parent","grid-33","no-featured-image-padding"],"acf":[],"yoast_head":"<!-- This site is optimized with the Yoast SEO plugin v27.5 - https:\/\/yoast.com\/product\/yoast-seo-wordpress\/ -->\n<title>\u201cZibillikl\u0259rin aras\u0131yla ax\u0131b g\u0259l\u0259n arx suyu il\u0259 \u00e7imirik, q\u0131z\u0131nma\u011fa odun al\u0131r\u0131q\u201d - MEYDAN.TV<\/title>\n<meta name=\"robots\" content=\"index, follow, max-snippet:-1, max-image-preview:large, max-video-preview:-1\" \/>\n<link rel=\"canonical\" href=\"https:\/\/www.meydan.tv\/az\/article\/zibilliklerin-arasiyla-axib-gelen-arx-suyu-ile-cimirik-qizinmaga-odun-aliriq\/\" \/>\n<meta property=\"og:locale\" content=\"az_AZ\" \/>\n<meta property=\"og:type\" content=\"article\" \/>\n<meta property=\"og:title\" content=\"\u201cZibillikl\u0259rin aras\u0131yla ax\u0131b g\u0259l\u0259n arx suyu il\u0259 \u00e7imirik, q\u0131z\u0131nma\u011fa odun al\u0131r\u0131q\u201d - MEYDAN.TV\" \/>\n<meta property=\"og:description\" content=\"Sakinl\u0259r \u00f6z x\u0259tl\u0259riyl\u0259, biz d\u0259 \u00f6z x\u0259ttimizl\u0259 aidiyy\u0259ti qurumlara m\u00fcraci\u0259t etmi\u015fik, yen\u0259 m\u00fcraci\u0259t ed\u0259c\u0259yik\" \/>\n<meta property=\"og:url\" content=\"https:\/\/www.meydan.tv\/az\/article\/zibilliklerin-arasiyla-axib-gelen-arx-suyu-ile-cimirik-qizinmaga-odun-aliriq\/\" \/>\n<meta property=\"og:site_name\" content=\"MEYDAN.TV\" \/>\n<meta property=\"article:published_time\" content=\"2019-09-24T21:13:17+00:00\" \/>\n<meta property=\"og:image\" content=\"https:\/\/www.meydan.tv\/wp-content\/uploads\/image_from_ios_7_3z5gz3m.jpg\" \/>\n\t<meta property=\"og:image:width\" content=\"1024\" \/>\n\t<meta property=\"og:image:height\" content=\"576\" \/>\n\t<meta property=\"og:image:type\" content=\"image\/jpeg\" \/>\n<meta name=\"author\" content=\"user-manager\" \/>\n<meta name=\"twitter:card\" content=\"summary_large_image\" \/>\n<script type=\"application\/ld+json\" class=\"yoast-schema-graph\">{\"@context\":\"https:\\\/\\\/schema.org\",\"@graph\":[{\"@type\":\"Article\",\"@id\":\"https:\\\/\\\/www.meydan.tv\\\/az\\\/article\\\/zibilliklerin-arasiyla-axib-gelen-arx-suyu-ile-cimirik-qizinmaga-odun-aliriq\\\/#article\",\"isPartOf\":{\"@id\":\"https:\\\/\\\/www.meydan.tv\\\/az\\\/article\\\/zibilliklerin-arasiyla-axib-gelen-arx-suyu-ile-cimirik-qizinmaga-odun-aliriq\\\/\"},\"author\":{\"name\":\"user-manager\",\"@id\":\"https:\\\/\\\/www.meydan.tv\\\/az\\\/#\\\/schema\\\/person\\\/10d11eccf6da3662cf5fdab9806ea91a\"},\"headline\":\"\u201cZibillikl\u0259rin aras\u0131yla ax\u0131b g\u0259l\u0259n arx suyu il\u0259 \u00e7imirik, q\u0131z\u0131nma\u011fa odun al\u0131r\u0131q\u201d\",\"datePublished\":\"2019-09-24T21:13:17+00:00\",\"mainEntityOfPage\":{\"@id\":\"https:\\\/\\\/www.meydan.tv\\\/az\\\/article\\\/zibilliklerin-arasiyla-axib-gelen-arx-suyu-ile-cimirik-qizinmaga-odun-aliriq\\\/\"},\"wordCount\":1096,\"publisher\":{\"@id\":\"https:\\\/\\\/www.meydan.tv\\\/az\\\/#organization\"},\"image\":{\"@id\":\"https:\\\/\\\/www.meydan.tv\\\/az\\\/article\\\/zibilliklerin-arasiyla-axib-gelen-arx-suyu-ile-cimirik-qizinmaga-odun-aliriq\\\/#primaryimage\"},\"thumbnailUrl\":\"https:\\\/\\\/www.meydan.tv\\\/wp-content\\\/uploads\\\/image_from_ios_7_3z5gz3m.jpg\",\"articleSection\":[\"B\u00f6lg\u0259\"],\"inLanguage\":\"az\"},{\"@type\":\"WebPage\",\"@id\":\"https:\\\/\\\/www.meydan.tv\\\/az\\\/article\\\/zibilliklerin-arasiyla-axib-gelen-arx-suyu-ile-cimirik-qizinmaga-odun-aliriq\\\/\",\"url\":\"https:\\\/\\\/www.meydan.tv\\\/az\\\/article\\\/zibilliklerin-arasiyla-axib-gelen-arx-suyu-ile-cimirik-qizinmaga-odun-aliriq\\\/\",\"name\":\"\u201cZibillikl\u0259rin aras\u0131yla ax\u0131b g\u0259l\u0259n arx suyu il\u0259 \u00e7imirik, q\u0131z\u0131nma\u011fa odun al\u0131r\u0131q\u201d - MEYDAN.TV\",\"isPartOf\":{\"@id\":\"https:\\\/\\\/www.meydan.tv\\\/az\\\/#website\"},\"primaryImageOfPage\":{\"@id\":\"https:\\\/\\\/www.meydan.tv\\\/az\\\/article\\\/zibilliklerin-arasiyla-axib-gelen-arx-suyu-ile-cimirik-qizinmaga-odun-aliriq\\\/#primaryimage\"},\"image\":{\"@id\":\"https:\\\/\\\/www.meydan.tv\\\/az\\\/article\\\/zibilliklerin-arasiyla-axib-gelen-arx-suyu-ile-cimirik-qizinmaga-odun-aliriq\\\/#primaryimage\"},\"thumbnailUrl\":\"https:\\\/\\\/www.meydan.tv\\\/wp-content\\\/uploads\\\/image_from_ios_7_3z5gz3m.jpg\",\"datePublished\":\"2019-09-24T21:13:17+00:00\",\"breadcrumb\":{\"@id\":\"https:\\\/\\\/www.meydan.tv\\\/az\\\/article\\\/zibilliklerin-arasiyla-axib-gelen-arx-suyu-ile-cimirik-qizinmaga-odun-aliriq\\\/#breadcrumb\"},\"inLanguage\":\"az\",\"potentialAction\":[{\"@type\":\"ReadAction\",\"target\":[\"https:\\\/\\\/www.meydan.tv\\\/az\\\/article\\\/zibilliklerin-arasiyla-axib-gelen-arx-suyu-ile-cimirik-qizinmaga-odun-aliriq\\\/\"]}]},{\"@type\":\"ImageObject\",\"inLanguage\":\"az\",\"@id\":\"https:\\\/\\\/www.meydan.tv\\\/az\\\/article\\\/zibilliklerin-arasiyla-axib-gelen-arx-suyu-ile-cimirik-qizinmaga-odun-aliriq\\\/#primaryimage\",\"url\":\"https:\\\/\\\/www.meydan.tv\\\/wp-content\\\/uploads\\\/image_from_ios_7_3z5gz3m.jpg\",\"contentUrl\":\"https:\\\/\\\/www.meydan.tv\\\/wp-content\\\/uploads\\\/image_from_ios_7_3z5gz3m.jpg\",\"width\":1024,\"height\":576,\"caption\":\"Source: meydan.tv\"},{\"@type\":\"BreadcrumbList\",\"@id\":\"https:\\\/\\\/www.meydan.tv\\\/az\\\/article\\\/zibilliklerin-arasiyla-axib-gelen-arx-suyu-ile-cimirik-qizinmaga-odun-aliriq\\\/#breadcrumb\",\"itemListElement\":[{\"@type\":\"ListItem\",\"position\":1,\"name\":\"Ana s\u0259hif\u0259\",\"item\":\"https:\\\/\\\/www.meydan.tv\\\/az\\\/\"},{\"@type\":\"ListItem\",\"position\":2,\"name\":\"B\u00f6lg\u0259\",\"item\":\"https:\\\/\\\/www.meydan.tv\\\/az\\\/section\\\/bolge\\\/\"},{\"@type\":\"ListItem\",\"position\":3,\"name\":\"\u201cZibillikl\u0259rin aras\u0131yla ax\u0131b g\u0259l\u0259n arx suyu il\u0259 \u00e7imirik, q\u0131z\u0131nma\u011fa odun al\u0131r\u0131q\u201d\"}]},{\"@type\":\"WebSite\",\"@id\":\"https:\\\/\\\/www.meydan.tv\\\/az\\\/#website\",\"url\":\"https:\\\/\\\/www.meydan.tv\\\/az\\\/\",\"name\":\"MEYDAN.TV\",\"description\":\"Meydan TV Az\u0259rbaycan\u0131n media m\u0259kan\u0131ndak\u0131 alternativ s\u0259sidir\",\"publisher\":{\"@id\":\"https:\\\/\\\/www.meydan.tv\\\/az\\\/#organization\"},\"potentialAction\":[{\"@type\":\"SearchAction\",\"target\":{\"@type\":\"EntryPoint\",\"urlTemplate\":\"https:\\\/\\\/www.meydan.tv\\\/az\\\/?s={search_term_string}\"},\"query-input\":{\"@type\":\"PropertyValueSpecification\",\"valueRequired\":true,\"valueName\":\"search_term_string\"}}],\"inLanguage\":\"az\"},{\"@type\":\"Organization\",\"@id\":\"https:\\\/\\\/www.meydan.tv\\\/az\\\/#organization\",\"name\":\"Meydan TV\",\"url\":\"https:\\\/\\\/www.meydan.tv\\\/az\\\/\",\"logo\":{\"@type\":\"ImageObject\",\"inLanguage\":\"az\",\"@id\":\"https:\\\/\\\/www.meydan.tv\\\/az\\\/#\\\/schema\\\/logo\\\/image\\\/\",\"url\":\"https:\\\/\\\/www.meydan.tv\\\/wp-content\\\/uploads\\\/2021\\\/07\\\/meydan-logo.svg\",\"contentUrl\":\"https:\\\/\\\/www.meydan.tv\\\/wp-content\\\/uploads\\\/2021\\\/07\\\/meydan-logo.svg\",\"width\":195,\"height\":46,\"caption\":\"Meydan TV\"},\"image\":{\"@id\":\"https:\\\/\\\/www.meydan.tv\\\/az\\\/#\\\/schema\\\/logo\\\/image\\\/\"}},{\"@type\":\"Person\",\"@id\":\"https:\\\/\\\/www.meydan.tv\\\/az\\\/#\\\/schema\\\/person\\\/10d11eccf6da3662cf5fdab9806ea91a\",\"name\":\"user-manager\"}]}<\/script>\n<!-- \/ Yoast SEO plugin. -->","yoast_head_json":{"title":"\u201cZibillikl\u0259rin aras\u0131yla ax\u0131b g\u0259l\u0259n arx suyu il\u0259 \u00e7imirik, q\u0131z\u0131nma\u011fa odun al\u0131r\u0131q\u201d - MEYDAN.TV","robots":{"index":"index","follow":"follow","max-snippet":"max-snippet:-1","max-image-preview":"max-image-preview:large","max-video-preview":"max-video-preview:-1"},"canonical":"https:\/\/www.meydan.tv\/az\/article\/zibilliklerin-arasiyla-axib-gelen-arx-suyu-ile-cimirik-qizinmaga-odun-aliriq\/","og_locale":"az_AZ","og_type":"article","og_title":"\u201cZibillikl\u0259rin aras\u0131yla ax\u0131b g\u0259l\u0259n arx suyu il\u0259 \u00e7imirik, q\u0131z\u0131nma\u011fa odun al\u0131r\u0131q\u201d - MEYDAN.TV","og_description":"Sakinl\u0259r \u00f6z x\u0259tl\u0259riyl\u0259, biz d\u0259 \u00f6z x\u0259ttimizl\u0259 aidiyy\u0259ti qurumlara m\u00fcraci\u0259t etmi\u015fik, yen\u0259 m\u00fcraci\u0259t ed\u0259c\u0259yik","og_url":"https:\/\/www.meydan.tv\/az\/article\/zibilliklerin-arasiyla-axib-gelen-arx-suyu-ile-cimirik-qizinmaga-odun-aliriq\/","og_site_name":"MEYDAN.TV","article_published_time":"2019-09-24T21:13:17+00:00","og_image":[{"width":1024,"height":576,"url":"https:\/\/www.meydan.tv\/wp-content\/uploads\/image_from_ios_7_3z5gz3m.jpg","type":"image\/jpeg"}],"author":"user-manager","twitter_card":"summary_large_image","schema":{"@context":"https:\/\/schema.org","@graph":[{"@type":"Article","@id":"https:\/\/www.meydan.tv\/az\/article\/zibilliklerin-arasiyla-axib-gelen-arx-suyu-ile-cimirik-qizinmaga-odun-aliriq\/#article","isPartOf":{"@id":"https:\/\/www.meydan.tv\/az\/article\/zibilliklerin-arasiyla-axib-gelen-arx-suyu-ile-cimirik-qizinmaga-odun-aliriq\/"},"author":{"name":"user-manager","@id":"https:\/\/www.meydan.tv\/az\/#\/schema\/person\/10d11eccf6da3662cf5fdab9806ea91a"},"headline":"\u201cZibillikl\u0259rin aras\u0131yla ax\u0131b g\u0259l\u0259n arx suyu il\u0259 \u00e7imirik, q\u0131z\u0131nma\u011fa odun al\u0131r\u0131q\u201d","datePublished":"2019-09-24T21:13:17+00:00","mainEntityOfPage":{"@id":"https:\/\/www.meydan.tv\/az\/article\/zibilliklerin-arasiyla-axib-gelen-arx-suyu-ile-cimirik-qizinmaga-odun-aliriq\/"},"wordCount":1096,"publisher":{"@id":"https:\/\/www.meydan.tv\/az\/#organization"},"image":{"@id":"https:\/\/www.meydan.tv\/az\/article\/zibilliklerin-arasiyla-axib-gelen-arx-suyu-ile-cimirik-qizinmaga-odun-aliriq\/#primaryimage"},"thumbnailUrl":"https:\/\/www.meydan.tv\/wp-content\/uploads\/image_from_ios_7_3z5gz3m.jpg","articleSection":["B\u00f6lg\u0259"],"inLanguage":"az"},{"@type":"WebPage","@id":"https:\/\/www.meydan.tv\/az\/article\/zibilliklerin-arasiyla-axib-gelen-arx-suyu-ile-cimirik-qizinmaga-odun-aliriq\/","url":"https:\/\/www.meydan.tv\/az\/article\/zibilliklerin-arasiyla-axib-gelen-arx-suyu-ile-cimirik-qizinmaga-odun-aliriq\/","name":"\u201cZibillikl\u0259rin aras\u0131yla ax\u0131b g\u0259l\u0259n arx suyu il\u0259 \u00e7imirik, q\u0131z\u0131nma\u011fa odun al\u0131r\u0131q\u201d - MEYDAN.TV","isPartOf":{"@id":"https:\/\/www.meydan.tv\/az\/#website"},"primaryImageOfPage":{"@id":"https:\/\/www.meydan.tv\/az\/article\/zibilliklerin-arasiyla-axib-gelen-arx-suyu-ile-cimirik-qizinmaga-odun-aliriq\/#primaryimage"},"image":{"@id":"https:\/\/www.meydan.tv\/az\/article\/zibilliklerin-arasiyla-axib-gelen-arx-suyu-ile-cimirik-qizinmaga-odun-aliriq\/#primaryimage"},"thumbnailUrl":"https:\/\/www.meydan.tv\/wp-content\/uploads\/image_from_ios_7_3z5gz3m.jpg","datePublished":"2019-09-24T21:13:17+00:00","breadcrumb":{"@id":"https:\/\/www.meydan.tv\/az\/article\/zibilliklerin-arasiyla-axib-gelen-arx-suyu-ile-cimirik-qizinmaga-odun-aliriq\/#breadcrumb"},"inLanguage":"az","potentialAction":[{"@type":"ReadAction","target":["https:\/\/www.meydan.tv\/az\/article\/zibilliklerin-arasiyla-axib-gelen-arx-suyu-ile-cimirik-qizinmaga-odun-aliriq\/"]}]},{"@type":"ImageObject","inLanguage":"az","@id":"https:\/\/www.meydan.tv\/az\/article\/zibilliklerin-arasiyla-axib-gelen-arx-suyu-ile-cimirik-qizinmaga-odun-aliriq\/#primaryimage","url":"https:\/\/www.meydan.tv\/wp-content\/uploads\/image_from_ios_7_3z5gz3m.jpg","contentUrl":"https:\/\/www.meydan.tv\/wp-content\/uploads\/image_from_ios_7_3z5gz3m.jpg","width":1024,"height":576,"caption":"Source: meydan.tv"},{"@type":"BreadcrumbList","@id":"https:\/\/www.meydan.tv\/az\/article\/zibilliklerin-arasiyla-axib-gelen-arx-suyu-ile-cimirik-qizinmaga-odun-aliriq\/#breadcrumb","itemListElement":[{"@type":"ListItem","position":1,"name":"Ana s\u0259hif\u0259","item":"https:\/\/www.meydan.tv\/az\/"},{"@type":"ListItem","position":2,"name":"B\u00f6lg\u0259","item":"https:\/\/www.meydan.tv\/az\/section\/bolge\/"},{"@type":"ListItem","position":3,"name":"\u201cZibillikl\u0259rin aras\u0131yla ax\u0131b g\u0259l\u0259n arx suyu il\u0259 \u00e7imirik, q\u0131z\u0131nma\u011fa odun al\u0131r\u0131q\u201d"}]},{"@type":"WebSite","@id":"https:\/\/www.meydan.tv\/az\/#website","url":"https:\/\/www.meydan.tv\/az\/","name":"MEYDAN.TV","description":"Meydan TV Az\u0259rbaycan\u0131n media m\u0259kan\u0131ndak\u0131 alternativ s\u0259sidir","publisher":{"@id":"https:\/\/www.meydan.tv\/az\/#organization"},"potentialAction":[{"@type":"SearchAction","target":{"@type":"EntryPoint","urlTemplate":"https:\/\/www.meydan.tv\/az\/?s={search_term_string}"},"query-input":{"@type":"PropertyValueSpecification","valueRequired":true,"valueName":"search_term_string"}}],"inLanguage":"az"},{"@type":"Organization","@id":"https:\/\/www.meydan.tv\/az\/#organization","name":"Meydan TV","url":"https:\/\/www.meydan.tv\/az\/","logo":{"@type":"ImageObject","inLanguage":"az","@id":"https:\/\/www.meydan.tv\/az\/#\/schema\/logo\/image\/","url":"https:\/\/www.meydan.tv\/wp-content\/uploads\/2021\/07\/meydan-logo.svg","contentUrl":"https:\/\/www.meydan.tv\/wp-content\/uploads\/2021\/07\/meydan-logo.svg","width":195,"height":46,"caption":"Meydan TV"},"image":{"@id":"https:\/\/www.meydan.tv\/az\/#\/schema\/logo\/image\/"}},{"@type":"Person","@id":"https:\/\/www.meydan.tv\/az\/#\/schema\/person\/10d11eccf6da3662cf5fdab9806ea91a","name":"user-manager"}]}},"_links":{"self":[{"href":"https:\/\/www.meydan.tv\/az\/wp-json\/wp\/v2\/posts\/197126","targetHints":{"allow":["GET"]}}],"collection":[{"href":"https:\/\/www.meydan.tv\/az\/wp-json\/wp\/v2\/posts"}],"about":[{"href":"https:\/\/www.meydan.tv\/az\/wp-json\/wp\/v2\/types\/post"}],"author":[{"embeddable":true,"href":"https:\/\/www.meydan.tv\/az\/wp-json\/wp\/v2\/users\/11"}],"replies":[{"embeddable":true,"href":"https:\/\/www.meydan.tv\/az\/wp-json\/wp\/v2\/comments?post=197126"}],"version-history":[{"count":0,"href":"https:\/\/www.meydan.tv\/az\/wp-json\/wp\/v2\/posts\/197126\/revisions"}],"wp:featuredmedia":[{"embeddable":true,"href":"https:\/\/www.meydan.tv\/az\/wp-json\/wp\/v2\/media\/130150"}],"wp:attachment":[{"href":"https:\/\/www.meydan.tv\/az\/wp-json\/wp\/v2\/media?parent=197126"}],"wp:term":[{"taxonomy":"category","embeddable":true,"href":"https:\/\/www.meydan.tv\/az\/wp-json\/wp\/v2\/categories?post=197126"},{"taxonomy":"post_tag","embeddable":true,"href":"https:\/\/www.meydan.tv\/az\/wp-json\/wp\/v2\/tags?post=197126"}],"curies":[{"name":"wp","href":"https:\/\/api.w.org\/{rel}","templated":true}]}}