{"id":197124,"date":"2019-09-25T13:08:06","date_gmt":"2019-09-25T13:08:06","guid":{"rendered":"https:\/\/www.meydan.tv\/article\/azerbaycanda-vekiller-tehqiramiz-reftara-meruz-qalirlar\/"},"modified":"2019-09-25T13:08:06","modified_gmt":"2019-09-25T13:08:06","slug":"azerbaycanda-vekiller-tehqiramiz-reftara-meruz-qalirlar","status":"publish","type":"post","link":"https:\/\/www.meydan.tv\/az\/article\/azerbaycanda-vekiller-tehqiramiz-reftara-meruz-qalirlar\/","title":{"rendered":"\u201cAz\u0259rbaycanda v\u0259kill\u0259r t\u0259hqiramiz r\u0259ftara m\u0259ruz qal\u0131rlar\u201d"},"content":{"rendered":"<p>\n  <i><br \/>\n    \u201cFreedom House\u201d t\u0259\u015fkilat\u0131 v\u0259kil Nem\u0259t K\u0259rimli il\u0259 ba\u011fl\u0131 b\u0259yanat yay\u0131b<br \/>\n  <\/i>\n<\/p>\n<p>\n  Jurnalist \u018ffqan Muxtarl\u0131n\u0131n v\u0259kili Nem\u0259t K\u0259rimliy\u0259 qar\u015f\u0131 zorak\u0131l\u0131q Az\u0259rbaycan h\u00f6kum\u0259tinin siyasi m\u0259hbuslar\u0131 m\u00fcdafi\u0259 ed\u0259n v\u0259kill\u0259r\u0259 olan h\u00f6rm\u0259tsizliyini n\u00fcmayi\u015f etdirir.\n<\/p>\n<p>\n  Bel\u0259 bir b\u0259yanatla \u201cFreedom House\u201d h\u00fcquq m\u00fcdafi\u0259si t\u0259\u015fkilat\u0131n\u0131n Avropa v\u0259 Avrasiya proqramlar\u0131 \u00fczr\u0259 direktoru Mark Berendt \u00e7\u0131x\u0131\u015f edib.\n<\/p>\n<p>\n  \u201cTuran\u201d \u0130nformasiya Agentliyinin m\u0259lumat\u0131na g\u00f6r\u0259, M.Berendt b\u0259yanat\u0131nda daha sonra bildirib ki, Az\u0259rbaycanda h\u0259bsd\u0259 olan jurnalistl\u0259ri, f\u0259allar\u0131, h\u00fcquq m\u00fcdafi\u0259\u00e7il\u0259rini v\u0259 siyasi dissidentl\u0259ri m\u00fcdafi\u0259 ed\u0259n v\u0259kill\u0259r islah m\u00fc\u0259ssis\u0259l\u0259rin\u0259 daxil olark\u0259n v\u0259 oradan \u00e7\u0131xark\u0259n m\u00fct\u0259madi olaraq t\u0259hqiramiz v\u0259 al\u00e7ald\u0131c\u0131 r\u0259ftara m\u0259ruz qal\u0131rlar:\n<\/p>\n<p>\n  \u201cV\u0259kill\u0259rin \u00fcz\u0259rind\u0259 sistematik axtar\u0131\u015f apar\u0131lmas\u0131 v\u0259 m\u0259xfi materiallara bax\u0131lmas\u0131 v\u0259kil-m\u00fc\u015ft\u0259ri m\u0259xfiliyinin \u0259sas prinsipini pozur, siyasi m\u0259hbuslar\u0131 \u0259dal\u0259t m\u00fchakim\u0259sin\u0259 v\u0259 laz\u0131mi h\u00fcquqi prosedura \u00e7\u0131x\u0131\u015f h\u00fcququndan m\u0259hrum edir\u201d.\n<\/p>\n<p>\n  B\u0259yanatda deyilir ki, \u201cFreedom House\u201d Az\u0259rbaycan h\u00f6kum\u0259tini v\u0259kill\u0259r\u0259 qar\u015f\u0131 t\u0259zyiql\u0259r\u0259 v\u0259 h\u0259d\u0259l\u0259r\u0259 d\u0259rhal son qoyma\u011fa, siyasi motivli ittihamlarla h\u0259bs olunan b\u00fct\u00fcn m\u0259hbuslar\u0131 azad etm\u0259y\u0259 \u00e7a\u011f\u0131r\u0131r.\n<\/p>\n<p>\n  V\u0259kil Nem\u0259t K\u0259rimli sentyabr\u0131n 20-da 16 sayl\u0131 C\u0259za\u00e7\u0259km\u0259 M\u00fc\u0259ssis\u0259sind\u0259 \u018ffqan Muxtarl\u0131 il\u0259 g\u00f6r\u00fc\u015f\u0259 ged\u0259rk\u0259n t\u0259zyiql\u0259 \u00fczl\u0259\u015fdiyini bildirib.\n<\/p>\n<p>\n  Penitensiar Xidm\u0259t is\u0259 \u00f6z n\u00f6vb\u0259sind\u0259 b\u0259yan edib ki, v\u0259kil Nem\u0259t K\u0259rimli il\u0259 ba\u011fl\u0131 V\u0259kill\u0259r Kollegiyas\u0131na \u015fikay\u0259t ed\u0259c\u0259k.\n<\/p>\n<p>\n  Penitensiar Xidm\u0259t bildirilib ki, C\u0259zalar\u0131n \u0130cras\u0131 M\u0259c\u0259ll\u0259sinin 75.5-ci madd\u0259sinin, C\u0259za\u00e7\u0259km\u0259 M\u00fc\u0259ssis\u0259l\u0259rinin Daxili \u0130ntizam Qaydalar\u0131n\u0131n v\u0259 \u201cM\u00fc\u0259yy\u0259n m\u00fcdd\u0259t\u0259 azadl\u0131qdan m\u0259hrumetm\u0259 v\u0259 \u00f6m\u00fcrl\u00fck azadl\u0131qdan m\u0259hrumetm\u0259 n\u00f6v\u00fcnd\u0259 c\u0259zalar\u0131 icra ed\u0259n m\u00fc\u0259ssis\u0259l\u0259r\u0259 daxilolma Qaydas\u0131\u201dn\u0131n t\u0259l\u0259bl\u0259rin\u0259 uy\u011fun olaraq c\u0259za\u00e7\u0259km\u0259 m\u00fc\u0259ssis\u0259l\u0259rin\u0259 daxil olan v\u0259 \u00e7\u0131xan \u015f\u0259xsl\u0259r\u0259, el\u0259c\u0259 d\u0259 onlar\u0131n \u0259\u015fyalar\u0131na bax\u0131\u015f ke\u00e7iril\u0259 bil\u0259r.\n<\/p>\n<p>\n  <a href=\"https:\/\/www.meydan.tv\/az\/article\/penitensiar-xidmet-vekilin-cezalanmasini-isteyir\/?ref=list-news\"><br \/>\n    Nem\u0259t K\u0259rimli<br \/>\n  <\/a><br \/>\n  is\u0259 Meydan TV-y\u0259 deyib ki, Penitensiar Xidm\u0259t yalan m\u0259lumat yay\u0131r: \u201c\u018fg\u0259r m\u0259n yalan deyir\u0259ms\u0259, h\u0259bsxana qar\u015f\u0131s\u0131ndak\u0131 kameralar\u0131 da t\u0259qdim etsinl\u0259r. M\u0259n bu g\u00fcn d\u0259 \u018ffqan Muxtarl\u0131 il\u0259 g\u00f6r\u00fc\u015fd\u00fcm, amma h\u0259r hans\u0131 t\u0259zyiq olmad\u0131. \u00d6t\u0259n d\u0259f\u0259 is\u0259 zorak\u0131l\u0131qla qar\u015f\u0131la\u015fd\u0131m\u201d.\n<\/p>\n<p>\n  V\u0259kilin\u0259 edil\u0259n t\u0259zyiq\u0259 etiraz \u0259lam\u0259ti olaraq \u018ffqan Muxtarl\u0131 sentyabr\u0131n 21-d\u0259n acl\u0131q aksiyas\u0131na ba\u015flad\u0131\u011f\u0131n\u0131 bildirmi\u015fdi. \u00dc\u00e7 g\u00fcn sonra \u015f\u0259k\u0259rli diabet olan \u018ffqan Muxtarl\u0131 s\u0259hh\u0259tind\u0259 yaranan probleml\u0259rl\u0259 \u0259laq\u0259dar olaraq aksiyan\u0131 dayand\u0131r\u0131b. https:\/\/www.meydan.tv\/az\/article\/efqan-muxtarlinin-acliq-aksiyasini-dayandirdigi-bildirilir\/?ref=list-news\n<\/p>\n<p>\n  Jurnalistin m\u00fchacir\u0259td\u0259 olan xan\u0131m\u0131 Leyla Mustafayeva onunla telefonla dan\u0131\u015f\u0131b. \u201cFacebook\u201d sosial \u015f\u0259b\u0259k\u0259sind\u0259ki profilind\u0259 bu bar\u0259d\u0259 m\u0259lumat payla\u015fan Leyla Mustafayeva qeyd edib ki, \u018ffqan Muxtarl\u0131 acl\u0131q aksiyas\u0131n\u0131n \u00fc\u00e7\u00fcnc\u00fc g\u00fcn\u00fc g\u00f6z\u00fcnd\u0259 k\u0259skin a\u011fr\u0131lar ba\u015flad\u0131\u011f\u0131ndan acl\u0131\u011f\u0131 dayand\u0131rmaq m\u0259cburiyy\u0259tind\u0259 qal\u0131b.\n<\/p>\n<p>\n  \u201cA\u011fr\u0131lar\u0131 h\u0259l\u0259 d\u0259 ke\u00e7m\u0259yib. T\u0259cili m\u00fcayin\u0259y\u0259 ehtiyac\u0131 var\u201d, &#8211; Leyla Mustafayeva yaz\u0131b.\n<\/p>\n<p>\n  Bundan ba\u015fqa onun s\u00f6zl\u0259rin\u0259 g\u00f6r\u0259, \u018ffqan Muxtarl\u0131 v\u0259kili Nem\u0259t K\u0259rimliy\u0259 qar\u015f\u0131 t\u0259zyiql\u0259rin ara\u015fd\u0131r\u0131lmas\u0131n\u0131 \u018fdliyy\u0259 Nazirliyinin \u00fcz\u0259rin\u0259 g\u00f6t\u00fcrm\u0259sini ist\u0259yib:\n<\/p>\n<p>\n  \u201c\u018ffqan dedi ki, ara\u015fd\u0131rmalar yekunla\u015fanad\u0259k 16 sayl\u0131 C\u00c7M-nin r\u0259isi \u015e\u0259fay\u0259t Abbasov v\u0259 Emin Emin\u0259liyev v\u0259zif\u0259sind\u0259n uzaqla\u015fd\u0131r\u0131lmal\u0131d\u0131r. \u00c7\u00fcnki h\u0259bsxanada olan m\u0259hbuslardan m\u0259cburi \u015f\u0259kild\u0259 Nem\u0259t K\u0259rimliy\u0259 qar\u015f\u0131 ifad\u0259 al\u0131rlar. M\u0259hbuslardan ancaq biri ifad\u0259ni imzalamaqdan imtina edib. Eyni zamanda, o s\u00f6yl\u0259di ki, Penitensiar Xidm\u0259t Nem\u0259t K\u0259rimli il\u0259 ba\u011fl\u0131 \u015fikay\u0259t etm\u0259zd\u0259n \u0259vv\u0259l V\u0259kill\u0259r Assosiasiyas\u0131n\u0131n r\u0259hb\u0259ri Anar Ba\u011f\u0131rov v\u0259kill\u0259 ba\u011fl\u0131 h\u0259d\u0259l\u0259yici a\u00e7\u0131qlamalar verib. \u018ffqan hesab edir ki, V\u0259kill\u0259r Kollegiyas\u0131 v\u0259 Penitensiar Xidm\u0259t Nem\u0259t K\u0259rimli haqda \u0259vv\u0259lc\u0259d\u0259n planla\u015fd\u0131r\u0131lm\u0131\u015f t\u0259xribat haz\u0131rlay\u0131blar. M\u0259qs\u0259d Nem\u0259t K\u0259rimlini V\u0259kill\u0259r Kollegiyas\u0131ndan v\u0259 onun m\u00fcdafi\u0259sind\u0259n uzaqla\u015fd\u0131rmaqd\u0131r. Nem\u0259t K\u0259rimli 2018-ci ild\u0259 m\u0259hz onu m\u00fcdafi\u0259 etdiyin\u0259 g\u00f6r\u0259 kollegiyadan 1 illik uzaqla\u015fd\u0131r\u0131lm\u0131\u015fd\u0131\u201d.\n<\/p>\n<p>\n  Jurnalist v\u0259kilin\u0259 qar\u015f\u0131 \u00f6zba\u015f\u0131nal\u0131qlara son qoyulmasa, yenid\u0259n acl\u0131q aksiyas\u0131na ba\u015flayaca\u011f\u0131n\u0131 b\u0259yan edib:\n<\/p>\n<p>\n  \u201cBu d\u0259f\u0259 acl\u0131q aksiyas\u0131na ba\u015fqa m\u0259hbuslar da qo\u015fulacaq\u201d.\n<\/p>\n<p>\n  Penitensiar Xidm\u0259tin ictimaiyy\u0259tl\u0259 \u0259laq\u0259l\u0259r \u00fczr\u0259 \u015f\u00f6b\u0259nin r\u0259isi Mehman Sad\u0131qov Meydan TV-y\u0259 m\u0259hbus jurnalistin dedikl\u0259rinin do\u011fru olmad\u0131\u011f\u0131n\u0131 bildirib:\n<\/p>\n<p>\n  \u201cBu, m\u00fcmk\u00fcn deyil. \u00c7\u00fcnki v\u0259kil Nem\u0259t K\u0259rimli h\u0259min C\u0259za\u00e7\u0259km\u0259 M\u00fc\u0259ssis\u0259sind\u0259 yaln\u0131z \u018ffqan Muxtral\u0131n\u0131n v\u0259kilidir. Ba\u015fqa m\u0259hkumlar\u0131n ona aidiyyat\u0131 yoxdursa, onlardan v\u0259kil\u0259 qar\u015f\u0131 nec\u0259 ifad\u0259 almaq olar?\u201d.\n<\/p>\n<p>\n  Oturum izni il\u0259 G\u00fcrc\u00fcstanda ya\u015fayan jurnalist \u018ffqan Muxtarl\u0131 2017-ci il may\u0131n 29-da \u201cyoxa\u201d \u00e7\u0131x\u0131b v\u0259 s\u0259h\u0259ri g\u00fcn Az\u0259rbaycanda h\u0259bs edilib. Onun dediyin\u0259 g\u00f6r\u0259, Tbilisid\u0259 saxlan\u0131b, i\u015fg\u0259nc\u0259 verilib, zorla s\u0259rh\u0259d\u0259 g\u0259tiril\u0259r\u0259k Az\u0259rbaycan t\u0259r\u0259fin\u0259 t\u0259hvil verilib. \u00dcst\u0259lik, cibin\u0259 10 min avro pul qoyulub. Az\u0259rbaycan h\u00f6kum\u0259ti is\u0259 jurnalisti Cinay\u0259t M\u0259c\u0259ll\u0259sinin hakimiyy\u0259t n\u00fcmay\u0259nd\u0259sin\u0259 xidm\u0259ti v\u0259zif\u0259l\u0259rini yerin\u0259 yetir\u0259rk\u0259n ona qar\u015f\u0131 h\u0259yat v\u0259 sa\u011flaml\u0131q \u00fc\u00e7\u00fcn t\u0259hl\u00fck\u0259li olan zor t\u0259tbiq etm\u0259 madd\u0259si (315.2) il\u0259 ittiham edib.Bundan ba\u015fqa, ona d\u00f6vl\u0259t s\u0259rh\u0259dini m\u00fc\u0259yy\u0259n edilmi\u015f s\u0259n\u0259dl\u0259r olmadan v\u0259 ya d\u00f6vl\u0259t s\u0259rh\u0259dinin n\u0259zar\u0259t-burax\u0131l\u0131\u015f m\u0259nt\u0259q\u0259l\u0259rind\u0259n k\u0259narda ke\u00e7m\u0259 (318.1) v\u0259 qa\u00e7aqmal\u00e7\u0131l\u0131q (206.1) madd\u0259l\u0259ri il\u0259 ittiham ir\u0259li s\u00fcr\u00fcl\u00fcb.\n<\/p>\n<p>\n  \u018ffqan Muxtarl\u0131 6 il azadl\u0131qdan m\u0259hrum edilib.<\/p>\n","protected":false},"excerpt":{"rendered":"<p>Jurnalist v\u0259kilin\u0259 qar\u015f\u0131 \u00f6zba\u015f\u0131nal\u0131qlara son qoyulmasa, yenid\u0259n acl\u0131q aksiyas\u0131na ba\u015flayaca\u011f\u0131n\u0131 b\u0259yan edib<\/p>\n","protected":false},"author":11,"featured_media":121367,"comment_status":"closed","ping_status":"open","sticky":false,"template":"","format":"standard","meta":{"_acf_changed":false,"_sitemap_exclude":false,"_sitemap_priority":"","_sitemap_frequency":"","footnotes":""},"categories":[59],"tags":[],"class_list":["post-197124","post","type-post","status-publish","format-standard","has-post-thumbnail","hentry","category-siyaset","infinite-scroll-item","generate-columns","tablet-grid-50","mobile-grid-100","grid-parent","grid-33","no-featured-image-padding"],"acf":[],"yoast_head":"<!-- This site is optimized with the Yoast SEO plugin v27.5 - https:\/\/yoast.com\/product\/yoast-seo-wordpress\/ -->\n<title>\u201cAz\u0259rbaycanda v\u0259kill\u0259r t\u0259hqiramiz r\u0259ftara m\u0259ruz qal\u0131rlar\u201d - MEYDAN.TV<\/title>\n<meta name=\"robots\" content=\"index, follow, max-snippet:-1, max-image-preview:large, max-video-preview:-1\" \/>\n<link rel=\"canonical\" href=\"https:\/\/www.meydan.tv\/az\/article\/azerbaycanda-vekiller-tehqiramiz-reftara-meruz-qalirlar\/\" \/>\n<meta property=\"og:locale\" content=\"az_AZ\" \/>\n<meta property=\"og:type\" content=\"article\" \/>\n<meta property=\"og:title\" content=\"\u201cAz\u0259rbaycanda v\u0259kill\u0259r t\u0259hqiramiz r\u0259ftara m\u0259ruz qal\u0131rlar\u201d - MEYDAN.TV\" \/>\n<meta property=\"og:description\" content=\"Jurnalist v\u0259kilin\u0259 qar\u015f\u0131 \u00f6zba\u015f\u0131nal\u0131qlara son qoyulmasa, yenid\u0259n acl\u0131q aksiyas\u0131na ba\u015flayaca\u011f\u0131n\u0131 b\u0259yan edib\" \/>\n<meta property=\"og:url\" content=\"https:\/\/www.meydan.tv\/az\/article\/azerbaycanda-vekiller-tehqiramiz-reftara-meruz-qalirlar\/\" \/>\n<meta property=\"og:site_name\" content=\"MEYDAN.TV\" \/>\n<meta property=\"article:published_time\" content=\"2019-09-25T13:08:06+00:00\" \/>\n<meta property=\"og:image\" content=\"https:\/\/www.meydan.tv\/wp-content\/uploads\/b7b71fb0-6d49-4a3e-aa26-2d5037f561b9_w1023_r1_s.jpg\" \/>\n\t<meta property=\"og:image:width\" content=\"1023\" \/>\n\t<meta property=\"og:image:height\" content=\"575\" \/>\n\t<meta property=\"og:image:type\" content=\"image\/jpeg\" \/>\n<meta name=\"author\" content=\"user-manager\" \/>\n<meta name=\"twitter:card\" content=\"summary_large_image\" \/>\n<script type=\"application\/ld+json\" class=\"yoast-schema-graph\">{\"@context\":\"https:\\\/\\\/schema.org\",\"@graph\":[{\"@type\":\"Article\",\"@id\":\"https:\\\/\\\/www.meydan.tv\\\/az\\\/article\\\/azerbaycanda-vekiller-tehqiramiz-reftara-meruz-qalirlar\\\/#article\",\"isPartOf\":{\"@id\":\"https:\\\/\\\/www.meydan.tv\\\/az\\\/article\\\/azerbaycanda-vekiller-tehqiramiz-reftara-meruz-qalirlar\\\/\"},\"author\":{\"name\":\"user-manager\",\"@id\":\"https:\\\/\\\/www.meydan.tv\\\/az\\\/#\\\/schema\\\/person\\\/10d11eccf6da3662cf5fdab9806ea91a\"},\"headline\":\"\u201cAz\u0259rbaycanda v\u0259kill\u0259r t\u0259hqiramiz r\u0259ftara m\u0259ruz qal\u0131rlar\u201d\",\"datePublished\":\"2019-09-25T13:08:06+00:00\",\"mainEntityOfPage\":{\"@id\":\"https:\\\/\\\/www.meydan.tv\\\/az\\\/article\\\/azerbaycanda-vekiller-tehqiramiz-reftara-meruz-qalirlar\\\/\"},\"wordCount\":1113,\"publisher\":{\"@id\":\"https:\\\/\\\/www.meydan.tv\\\/az\\\/#organization\"},\"image\":{\"@id\":\"https:\\\/\\\/www.meydan.tv\\\/az\\\/article\\\/azerbaycanda-vekiller-tehqiramiz-reftara-meruz-qalirlar\\\/#primaryimage\"},\"thumbnailUrl\":\"https:\\\/\\\/www.meydan.tv\\\/wp-content\\\/uploads\\\/b7b71fb0-6d49-4a3e-aa26-2d5037f561b9_w1023_r1_s.jpg\",\"articleSection\":[\"Siyas\u0259t\"],\"inLanguage\":\"az\"},{\"@type\":\"WebPage\",\"@id\":\"https:\\\/\\\/www.meydan.tv\\\/az\\\/article\\\/azerbaycanda-vekiller-tehqiramiz-reftara-meruz-qalirlar\\\/\",\"url\":\"https:\\\/\\\/www.meydan.tv\\\/az\\\/article\\\/azerbaycanda-vekiller-tehqiramiz-reftara-meruz-qalirlar\\\/\",\"name\":\"\u201cAz\u0259rbaycanda v\u0259kill\u0259r t\u0259hqiramiz r\u0259ftara m\u0259ruz qal\u0131rlar\u201d - MEYDAN.TV\",\"isPartOf\":{\"@id\":\"https:\\\/\\\/www.meydan.tv\\\/az\\\/#website\"},\"primaryImageOfPage\":{\"@id\":\"https:\\\/\\\/www.meydan.tv\\\/az\\\/article\\\/azerbaycanda-vekiller-tehqiramiz-reftara-meruz-qalirlar\\\/#primaryimage\"},\"image\":{\"@id\":\"https:\\\/\\\/www.meydan.tv\\\/az\\\/article\\\/azerbaycanda-vekiller-tehqiramiz-reftara-meruz-qalirlar\\\/#primaryimage\"},\"thumbnailUrl\":\"https:\\\/\\\/www.meydan.tv\\\/wp-content\\\/uploads\\\/b7b71fb0-6d49-4a3e-aa26-2d5037f561b9_w1023_r1_s.jpg\",\"datePublished\":\"2019-09-25T13:08:06+00:00\",\"breadcrumb\":{\"@id\":\"https:\\\/\\\/www.meydan.tv\\\/az\\\/article\\\/azerbaycanda-vekiller-tehqiramiz-reftara-meruz-qalirlar\\\/#breadcrumb\"},\"inLanguage\":\"az\",\"potentialAction\":[{\"@type\":\"ReadAction\",\"target\":[\"https:\\\/\\\/www.meydan.tv\\\/az\\\/article\\\/azerbaycanda-vekiller-tehqiramiz-reftara-meruz-qalirlar\\\/\"]}]},{\"@type\":\"ImageObject\",\"inLanguage\":\"az\",\"@id\":\"https:\\\/\\\/www.meydan.tv\\\/az\\\/article\\\/azerbaycanda-vekiller-tehqiramiz-reftara-meruz-qalirlar\\\/#primaryimage\",\"url\":\"https:\\\/\\\/www.meydan.tv\\\/wp-content\\\/uploads\\\/b7b71fb0-6d49-4a3e-aa26-2d5037f561b9_w1023_r1_s.jpg\",\"contentUrl\":\"https:\\\/\\\/www.meydan.tv\\\/wp-content\\\/uploads\\\/b7b71fb0-6d49-4a3e-aa26-2d5037f561b9_w1023_r1_s.jpg\",\"width\":1023,\"height\":575,\"caption\":\"Source: google.az\"},{\"@type\":\"BreadcrumbList\",\"@id\":\"https:\\\/\\\/www.meydan.tv\\\/az\\\/article\\\/azerbaycanda-vekiller-tehqiramiz-reftara-meruz-qalirlar\\\/#breadcrumb\",\"itemListElement\":[{\"@type\":\"ListItem\",\"position\":1,\"name\":\"Ana s\u0259hif\u0259\",\"item\":\"https:\\\/\\\/www.meydan.tv\\\/az\\\/\"},{\"@type\":\"ListItem\",\"position\":2,\"name\":\"Siyas\u0259t\",\"item\":\"https:\\\/\\\/www.meydan.tv\\\/az\\\/section\\\/siyaset\\\/\"},{\"@type\":\"ListItem\",\"position\":3,\"name\":\"\u201cAz\u0259rbaycanda v\u0259kill\u0259r t\u0259hqiramiz r\u0259ftara m\u0259ruz qal\u0131rlar\u201d\"}]},{\"@type\":\"WebSite\",\"@id\":\"https:\\\/\\\/www.meydan.tv\\\/az\\\/#website\",\"url\":\"https:\\\/\\\/www.meydan.tv\\\/az\\\/\",\"name\":\"MEYDAN.TV\",\"description\":\"Meydan TV Az\u0259rbaycan\u0131n media m\u0259kan\u0131ndak\u0131 alternativ s\u0259sidir\",\"publisher\":{\"@id\":\"https:\\\/\\\/www.meydan.tv\\\/az\\\/#organization\"},\"potentialAction\":[{\"@type\":\"SearchAction\",\"target\":{\"@type\":\"EntryPoint\",\"urlTemplate\":\"https:\\\/\\\/www.meydan.tv\\\/az\\\/?s={search_term_string}\"},\"query-input\":{\"@type\":\"PropertyValueSpecification\",\"valueRequired\":true,\"valueName\":\"search_term_string\"}}],\"inLanguage\":\"az\"},{\"@type\":\"Organization\",\"@id\":\"https:\\\/\\\/www.meydan.tv\\\/az\\\/#organization\",\"name\":\"Meydan TV\",\"url\":\"https:\\\/\\\/www.meydan.tv\\\/az\\\/\",\"logo\":{\"@type\":\"ImageObject\",\"inLanguage\":\"az\",\"@id\":\"https:\\\/\\\/www.meydan.tv\\\/az\\\/#\\\/schema\\\/logo\\\/image\\\/\",\"url\":\"https:\\\/\\\/www.meydan.tv\\\/wp-content\\\/uploads\\\/2021\\\/07\\\/meydan-logo.svg\",\"contentUrl\":\"https:\\\/\\\/www.meydan.tv\\\/wp-content\\\/uploads\\\/2021\\\/07\\\/meydan-logo.svg\",\"width\":195,\"height\":46,\"caption\":\"Meydan TV\"},\"image\":{\"@id\":\"https:\\\/\\\/www.meydan.tv\\\/az\\\/#\\\/schema\\\/logo\\\/image\\\/\"}},{\"@type\":\"Person\",\"@id\":\"https:\\\/\\\/www.meydan.tv\\\/az\\\/#\\\/schema\\\/person\\\/10d11eccf6da3662cf5fdab9806ea91a\",\"name\":\"user-manager\"}]}<\/script>\n<!-- \/ Yoast SEO plugin. -->","yoast_head_json":{"title":"\u201cAz\u0259rbaycanda v\u0259kill\u0259r t\u0259hqiramiz r\u0259ftara m\u0259ruz qal\u0131rlar\u201d - MEYDAN.TV","robots":{"index":"index","follow":"follow","max-snippet":"max-snippet:-1","max-image-preview":"max-image-preview:large","max-video-preview":"max-video-preview:-1"},"canonical":"https:\/\/www.meydan.tv\/az\/article\/azerbaycanda-vekiller-tehqiramiz-reftara-meruz-qalirlar\/","og_locale":"az_AZ","og_type":"article","og_title":"\u201cAz\u0259rbaycanda v\u0259kill\u0259r t\u0259hqiramiz r\u0259ftara m\u0259ruz qal\u0131rlar\u201d - MEYDAN.TV","og_description":"Jurnalist v\u0259kilin\u0259 qar\u015f\u0131 \u00f6zba\u015f\u0131nal\u0131qlara son qoyulmasa, yenid\u0259n acl\u0131q aksiyas\u0131na ba\u015flayaca\u011f\u0131n\u0131 b\u0259yan edib","og_url":"https:\/\/www.meydan.tv\/az\/article\/azerbaycanda-vekiller-tehqiramiz-reftara-meruz-qalirlar\/","og_site_name":"MEYDAN.TV","article_published_time":"2019-09-25T13:08:06+00:00","og_image":[{"width":1023,"height":575,"url":"https:\/\/www.meydan.tv\/wp-content\/uploads\/b7b71fb0-6d49-4a3e-aa26-2d5037f561b9_w1023_r1_s.jpg","type":"image\/jpeg"}],"author":"user-manager","twitter_card":"summary_large_image","schema":{"@context":"https:\/\/schema.org","@graph":[{"@type":"Article","@id":"https:\/\/www.meydan.tv\/az\/article\/azerbaycanda-vekiller-tehqiramiz-reftara-meruz-qalirlar\/#article","isPartOf":{"@id":"https:\/\/www.meydan.tv\/az\/article\/azerbaycanda-vekiller-tehqiramiz-reftara-meruz-qalirlar\/"},"author":{"name":"user-manager","@id":"https:\/\/www.meydan.tv\/az\/#\/schema\/person\/10d11eccf6da3662cf5fdab9806ea91a"},"headline":"\u201cAz\u0259rbaycanda v\u0259kill\u0259r t\u0259hqiramiz r\u0259ftara m\u0259ruz qal\u0131rlar\u201d","datePublished":"2019-09-25T13:08:06+00:00","mainEntityOfPage":{"@id":"https:\/\/www.meydan.tv\/az\/article\/azerbaycanda-vekiller-tehqiramiz-reftara-meruz-qalirlar\/"},"wordCount":1113,"publisher":{"@id":"https:\/\/www.meydan.tv\/az\/#organization"},"image":{"@id":"https:\/\/www.meydan.tv\/az\/article\/azerbaycanda-vekiller-tehqiramiz-reftara-meruz-qalirlar\/#primaryimage"},"thumbnailUrl":"https:\/\/www.meydan.tv\/wp-content\/uploads\/b7b71fb0-6d49-4a3e-aa26-2d5037f561b9_w1023_r1_s.jpg","articleSection":["Siyas\u0259t"],"inLanguage":"az"},{"@type":"WebPage","@id":"https:\/\/www.meydan.tv\/az\/article\/azerbaycanda-vekiller-tehqiramiz-reftara-meruz-qalirlar\/","url":"https:\/\/www.meydan.tv\/az\/article\/azerbaycanda-vekiller-tehqiramiz-reftara-meruz-qalirlar\/","name":"\u201cAz\u0259rbaycanda v\u0259kill\u0259r t\u0259hqiramiz r\u0259ftara m\u0259ruz qal\u0131rlar\u201d - MEYDAN.TV","isPartOf":{"@id":"https:\/\/www.meydan.tv\/az\/#website"},"primaryImageOfPage":{"@id":"https:\/\/www.meydan.tv\/az\/article\/azerbaycanda-vekiller-tehqiramiz-reftara-meruz-qalirlar\/#primaryimage"},"image":{"@id":"https:\/\/www.meydan.tv\/az\/article\/azerbaycanda-vekiller-tehqiramiz-reftara-meruz-qalirlar\/#primaryimage"},"thumbnailUrl":"https:\/\/www.meydan.tv\/wp-content\/uploads\/b7b71fb0-6d49-4a3e-aa26-2d5037f561b9_w1023_r1_s.jpg","datePublished":"2019-09-25T13:08:06+00:00","breadcrumb":{"@id":"https:\/\/www.meydan.tv\/az\/article\/azerbaycanda-vekiller-tehqiramiz-reftara-meruz-qalirlar\/#breadcrumb"},"inLanguage":"az","potentialAction":[{"@type":"ReadAction","target":["https:\/\/www.meydan.tv\/az\/article\/azerbaycanda-vekiller-tehqiramiz-reftara-meruz-qalirlar\/"]}]},{"@type":"ImageObject","inLanguage":"az","@id":"https:\/\/www.meydan.tv\/az\/article\/azerbaycanda-vekiller-tehqiramiz-reftara-meruz-qalirlar\/#primaryimage","url":"https:\/\/www.meydan.tv\/wp-content\/uploads\/b7b71fb0-6d49-4a3e-aa26-2d5037f561b9_w1023_r1_s.jpg","contentUrl":"https:\/\/www.meydan.tv\/wp-content\/uploads\/b7b71fb0-6d49-4a3e-aa26-2d5037f561b9_w1023_r1_s.jpg","width":1023,"height":575,"caption":"Source: google.az"},{"@type":"BreadcrumbList","@id":"https:\/\/www.meydan.tv\/az\/article\/azerbaycanda-vekiller-tehqiramiz-reftara-meruz-qalirlar\/#breadcrumb","itemListElement":[{"@type":"ListItem","position":1,"name":"Ana s\u0259hif\u0259","item":"https:\/\/www.meydan.tv\/az\/"},{"@type":"ListItem","position":2,"name":"Siyas\u0259t","item":"https:\/\/www.meydan.tv\/az\/section\/siyaset\/"},{"@type":"ListItem","position":3,"name":"\u201cAz\u0259rbaycanda v\u0259kill\u0259r t\u0259hqiramiz r\u0259ftara m\u0259ruz qal\u0131rlar\u201d"}]},{"@type":"WebSite","@id":"https:\/\/www.meydan.tv\/az\/#website","url":"https:\/\/www.meydan.tv\/az\/","name":"MEYDAN.TV","description":"Meydan TV Az\u0259rbaycan\u0131n media m\u0259kan\u0131ndak\u0131 alternativ s\u0259sidir","publisher":{"@id":"https:\/\/www.meydan.tv\/az\/#organization"},"potentialAction":[{"@type":"SearchAction","target":{"@type":"EntryPoint","urlTemplate":"https:\/\/www.meydan.tv\/az\/?s={search_term_string}"},"query-input":{"@type":"PropertyValueSpecification","valueRequired":true,"valueName":"search_term_string"}}],"inLanguage":"az"},{"@type":"Organization","@id":"https:\/\/www.meydan.tv\/az\/#organization","name":"Meydan TV","url":"https:\/\/www.meydan.tv\/az\/","logo":{"@type":"ImageObject","inLanguage":"az","@id":"https:\/\/www.meydan.tv\/az\/#\/schema\/logo\/image\/","url":"https:\/\/www.meydan.tv\/wp-content\/uploads\/2021\/07\/meydan-logo.svg","contentUrl":"https:\/\/www.meydan.tv\/wp-content\/uploads\/2021\/07\/meydan-logo.svg","width":195,"height":46,"caption":"Meydan TV"},"image":{"@id":"https:\/\/www.meydan.tv\/az\/#\/schema\/logo\/image\/"}},{"@type":"Person","@id":"https:\/\/www.meydan.tv\/az\/#\/schema\/person\/10d11eccf6da3662cf5fdab9806ea91a","name":"user-manager"}]}},"_links":{"self":[{"href":"https:\/\/www.meydan.tv\/az\/wp-json\/wp\/v2\/posts\/197124","targetHints":{"allow":["GET"]}}],"collection":[{"href":"https:\/\/www.meydan.tv\/az\/wp-json\/wp\/v2\/posts"}],"about":[{"href":"https:\/\/www.meydan.tv\/az\/wp-json\/wp\/v2\/types\/post"}],"author":[{"embeddable":true,"href":"https:\/\/www.meydan.tv\/az\/wp-json\/wp\/v2\/users\/11"}],"replies":[{"embeddable":true,"href":"https:\/\/www.meydan.tv\/az\/wp-json\/wp\/v2\/comments?post=197124"}],"version-history":[{"count":0,"href":"https:\/\/www.meydan.tv\/az\/wp-json\/wp\/v2\/posts\/197124\/revisions"}],"wp:featuredmedia":[{"embeddable":true,"href":"https:\/\/www.meydan.tv\/az\/wp-json\/wp\/v2\/media\/121367"}],"wp:attachment":[{"href":"https:\/\/www.meydan.tv\/az\/wp-json\/wp\/v2\/media?parent=197124"}],"wp:term":[{"taxonomy":"category","embeddable":true,"href":"https:\/\/www.meydan.tv\/az\/wp-json\/wp\/v2\/categories?post=197124"},{"taxonomy":"post_tag","embeddable":true,"href":"https:\/\/www.meydan.tv\/az\/wp-json\/wp\/v2\/tags?post=197124"}],"curies":[{"name":"wp","href":"https:\/\/api.w.org\/{rel}","templated":true}]}}