{"id":197120,"date":"2019-09-25T11:51:22","date_gmt":"2019-09-25T11:51:22","guid":{"rendered":"https:\/\/www.meydan.tv\/article\/ali-mehkeme-meydan-tv-ile-bagli-qerar-qebul-edib\/"},"modified":"2019-09-25T11:51:22","modified_gmt":"2019-09-25T11:51:22","slug":"ali-mehkeme-meydan-tv-ile-bagli-qerar-qebul-edib","status":"publish","type":"post","link":"https:\/\/www.meydan.tv\/az\/article\/ali-mehkeme-meydan-tv-ile-bagli-qerar-qebul-edib\/","title":{"rendered":"Ali M\u0259hk\u0259m\u0259 Meydan TV il\u0259 ba\u011fl\u0131 q\u0259rar q\u0259bul edib"},"content":{"rendered":"<p>\n  <i><br \/>\n    \u0130\u015f Apelyasiya M\u0259hk\u0259m\u0259sin\u0259 g\u00f6nd\u0259rilib<br \/>\n  <\/i>\n<\/p>\n<p>\n  Ali M\u0259hk\u0259m\u0259 Bak\u0131 Apelyasiya M\u0259hk\u0259m\u0259sinin Meydan TV il\u0259 ba\u011fl\u0131 q\u0259rar\u0131n\u0131 l\u0259\u011fv edib. Proses sentyabr\u0131n 10-da hakim \u018fl\u0259sg\u0259r \u018fliyevin s\u0259drliyi il\u0259 ke\u00e7irilib. \u0130\u015f yenid\u0259n Bak\u0131 Apelyasiya M\u0259hk\u0259m\u0259sin\u0259 g\u00f6nd\u0259rilib.\n<\/p>\n<p>\n  M\u0259lumat\u0131 Meydan TV-y\u0259 v\u0259kil El\u00e7in Sad\u0131qov verib.\n<\/p>\n<p>\n  V\u0259kil bildirib ki, S\u0259bail Rayon M\u0259hk\u0259m\u0259si 2017-ci il 12 may tarixli q\u0259tnam\u0259si il\u0259 N\u0259qliyyat, Rabit\u0259 v\u0259 Y\u00fcks\u0259k Texnologiyalar Nazirliyinin Meydan TV-nin yay\u0131m\u0131n\u0131n m\u0259hdudla\u015fd\u0131r\u0131lmas\u0131 haqda m\u00fcraci\u0259tini t\u0259min edib.<br \/>\n  <a href=\"https:\/\/www.meydan.tv\/az\/article\/meydan-tv-nin-bloklanmasi-qerari-quvvede-qalib\/?ref=search\"><br \/>\n    Bak\u0131 Apelyasiya M\u0259hk\u0259m\u0259si<br \/>\n  <\/a><br \/>\n  is\u0259 23 aprel 2019-cu il tarixli q\u0259tnam\u0259si il\u0259 \u0259vv\u0259lki instansiya m\u0259hk\u0259m\u0259sinin q\u0259rar\u0131n\u0131 q\u00fcvv\u0259d\u0259 saxlay\u0131b.\n<\/p>\n<p>\n  2017-ci ilin mart\u0131n 10-da Milli M\u0259clisin plenar iclas\u0131nda \u201c\u0130nformasiya, informasiyala\u015fd\u0131rma v\u0259 informasiyan\u0131n m\u00fchafiz\u0259si\u201d v\u0259 \u201cTelekommunikasiya haqq\u0131nda\u201d qanunlara d\u0259yi\u015fiklikl\u0259 internet resurslar\u0131n\u0131n d\u00f6vl\u0259t qurumu t\u0259r\u0259find\u0259n r\u0259smi qaydada bloklanma qaydalar\u0131 q\u0259bul edilib.<\/p>\n","protected":false},"excerpt":{"rendered":"<p>Ali M\u0259hk\u0259m\u0259d\u0259 sentyabr\u0131n 10-da hakim \u018fl\u0259sg\u0259r \u018fliyevin s\u0259drliyi il\u0259 Apelyasiya M\u0259hk\u0259m\u0259sinin Meydan TV bar\u0259sind\u0259 q\u0259tnam\u0259si tam l\u0259\u011fv edilib<\/p>\n","protected":false},"author":11,"featured_media":121364,"comment_status":"closed","ping_status":"open","sticky":false,"template":"","format":"standard","meta":{"_acf_changed":false,"_sitemap_exclude":false,"_sitemap_priority":"","_sitemap_frequency":"","footnotes":""},"categories":[59],"tags":[],"class_list":["post-197120","post","type-post","status-publish","format-standard","has-post-thumbnail","hentry","category-siyaset","infinite-scroll-item","generate-columns","tablet-grid-50","mobile-grid-100","grid-parent","grid-33","no-featured-image-padding"],"acf":[],"yoast_head":"<!-- This site is optimized with the Yoast SEO plugin v27.5 - https:\/\/yoast.com\/product\/yoast-seo-wordpress\/ -->\n<title>Ali M\u0259hk\u0259m\u0259 Meydan TV il\u0259 ba\u011fl\u0131 q\u0259rar q\u0259bul edib - MEYDAN.TV<\/title>\n<meta name=\"robots\" content=\"index, follow, max-snippet:-1, max-image-preview:large, max-video-preview:-1\" \/>\n<link rel=\"canonical\" href=\"https:\/\/www.meydan.tv\/az\/article\/ali-mehkeme-meydan-tv-ile-bagli-qerar-qebul-edib\/\" \/>\n<meta property=\"og:locale\" content=\"az_AZ\" \/>\n<meta property=\"og:type\" content=\"article\" \/>\n<meta property=\"og:title\" content=\"Ali M\u0259hk\u0259m\u0259 Meydan TV il\u0259 ba\u011fl\u0131 q\u0259rar q\u0259bul edib - MEYDAN.TV\" \/>\n<meta property=\"og:description\" content=\"Ali M\u0259hk\u0259m\u0259d\u0259 sentyabr\u0131n 10-da hakim \u018fl\u0259sg\u0259r \u018fliyevin s\u0259drliyi il\u0259 Apelyasiya M\u0259hk\u0259m\u0259sinin Meydan TV bar\u0259sind\u0259 q\u0259tnam\u0259si tam l\u0259\u011fv edilib\" \/>\n<meta property=\"og:url\" content=\"https:\/\/www.meydan.tv\/az\/article\/ali-mehkeme-meydan-tv-ile-bagli-qerar-qebul-edib\/\" \/>\n<meta property=\"og:site_name\" content=\"MEYDAN.TV\" \/>\n<meta property=\"article:published_time\" content=\"2019-09-25T11:51:22+00:00\" \/>\n<meta property=\"og:image\" content=\"https:\/\/www.meydan.tv\/wp-content\/uploads\/trend_ali_mehkeme_main.jpg\" \/>\n\t<meta property=\"og:image:width\" content=\"1200\" \/>\n\t<meta property=\"og:image:height\" content=\"900\" \/>\n\t<meta property=\"og:image:type\" content=\"image\/jpeg\" \/>\n<meta name=\"author\" content=\"user-manager\" \/>\n<meta name=\"twitter:card\" content=\"summary_large_image\" \/>\n<script type=\"application\/ld+json\" class=\"yoast-schema-graph\">{\"@context\":\"https:\\\/\\\/schema.org\",\"@graph\":[{\"@type\":\"Article\",\"@id\":\"https:\\\/\\\/www.meydan.tv\\\/az\\\/article\\\/ali-mehkeme-meydan-tv-ile-bagli-qerar-qebul-edib\\\/#article\",\"isPartOf\":{\"@id\":\"https:\\\/\\\/www.meydan.tv\\\/az\\\/article\\\/ali-mehkeme-meydan-tv-ile-bagli-qerar-qebul-edib\\\/\"},\"author\":{\"name\":\"user-manager\",\"@id\":\"https:\\\/\\\/www.meydan.tv\\\/az\\\/#\\\/schema\\\/person\\\/10d11eccf6da3662cf5fdab9806ea91a\"},\"headline\":\"Ali M\u0259hk\u0259m\u0259 Meydan TV il\u0259 ba\u011fl\u0131 q\u0259rar q\u0259bul edib\",\"datePublished\":\"2019-09-25T11:51:22+00:00\",\"mainEntityOfPage\":{\"@id\":\"https:\\\/\\\/www.meydan.tv\\\/az\\\/article\\\/ali-mehkeme-meydan-tv-ile-bagli-qerar-qebul-edib\\\/\"},\"wordCount\":204,\"publisher\":{\"@id\":\"https:\\\/\\\/www.meydan.tv\\\/az\\\/#organization\"},\"image\":{\"@id\":\"https:\\\/\\\/www.meydan.tv\\\/az\\\/article\\\/ali-mehkeme-meydan-tv-ile-bagli-qerar-qebul-edib\\\/#primaryimage\"},\"thumbnailUrl\":\"https:\\\/\\\/www.meydan.tv\\\/wp-content\\\/uploads\\\/trend_ali_mehkeme_main.jpg\",\"articleSection\":[\"Siyas\u0259t\"],\"inLanguage\":\"az\"},{\"@type\":\"WebPage\",\"@id\":\"https:\\\/\\\/www.meydan.tv\\\/az\\\/article\\\/ali-mehkeme-meydan-tv-ile-bagli-qerar-qebul-edib\\\/\",\"url\":\"https:\\\/\\\/www.meydan.tv\\\/az\\\/article\\\/ali-mehkeme-meydan-tv-ile-bagli-qerar-qebul-edib\\\/\",\"name\":\"Ali M\u0259hk\u0259m\u0259 Meydan TV il\u0259 ba\u011fl\u0131 q\u0259rar q\u0259bul edib - MEYDAN.TV\",\"isPartOf\":{\"@id\":\"https:\\\/\\\/www.meydan.tv\\\/az\\\/#website\"},\"primaryImageOfPage\":{\"@id\":\"https:\\\/\\\/www.meydan.tv\\\/az\\\/article\\\/ali-mehkeme-meydan-tv-ile-bagli-qerar-qebul-edib\\\/#primaryimage\"},\"image\":{\"@id\":\"https:\\\/\\\/www.meydan.tv\\\/az\\\/article\\\/ali-mehkeme-meydan-tv-ile-bagli-qerar-qebul-edib\\\/#primaryimage\"},\"thumbnailUrl\":\"https:\\\/\\\/www.meydan.tv\\\/wp-content\\\/uploads\\\/trend_ali_mehkeme_main.jpg\",\"datePublished\":\"2019-09-25T11:51:22+00:00\",\"breadcrumb\":{\"@id\":\"https:\\\/\\\/www.meydan.tv\\\/az\\\/article\\\/ali-mehkeme-meydan-tv-ile-bagli-qerar-qebul-edib\\\/#breadcrumb\"},\"inLanguage\":\"az\",\"potentialAction\":[{\"@type\":\"ReadAction\",\"target\":[\"https:\\\/\\\/www.meydan.tv\\\/az\\\/article\\\/ali-mehkeme-meydan-tv-ile-bagli-qerar-qebul-edib\\\/\"]}]},{\"@type\":\"ImageObject\",\"inLanguage\":\"az\",\"@id\":\"https:\\\/\\\/www.meydan.tv\\\/az\\\/article\\\/ali-mehkeme-meydan-tv-ile-bagli-qerar-qebul-edib\\\/#primaryimage\",\"url\":\"https:\\\/\\\/www.meydan.tv\\\/wp-content\\\/uploads\\\/trend_ali_mehkeme_main.jpg\",\"contentUrl\":\"https:\\\/\\\/www.meydan.tv\\\/wp-content\\\/uploads\\\/trend_ali_mehkeme_main.jpg\",\"width\":1200,\"height\":900,\"caption\":\"Foto: Meydan TV\"},{\"@type\":\"BreadcrumbList\",\"@id\":\"https:\\\/\\\/www.meydan.tv\\\/az\\\/article\\\/ali-mehkeme-meydan-tv-ile-bagli-qerar-qebul-edib\\\/#breadcrumb\",\"itemListElement\":[{\"@type\":\"ListItem\",\"position\":1,\"name\":\"Ana s\u0259hif\u0259\",\"item\":\"https:\\\/\\\/www.meydan.tv\\\/az\\\/\"},{\"@type\":\"ListItem\",\"position\":2,\"name\":\"Siyas\u0259t\",\"item\":\"https:\\\/\\\/www.meydan.tv\\\/az\\\/section\\\/siyaset\\\/\"},{\"@type\":\"ListItem\",\"position\":3,\"name\":\"Ali M\u0259hk\u0259m\u0259 Meydan TV il\u0259 ba\u011fl\u0131 q\u0259rar q\u0259bul edib\"}]},{\"@type\":\"WebSite\",\"@id\":\"https:\\\/\\\/www.meydan.tv\\\/az\\\/#website\",\"url\":\"https:\\\/\\\/www.meydan.tv\\\/az\\\/\",\"name\":\"MEYDAN.TV\",\"description\":\"Meydan TV Az\u0259rbaycan\u0131n media m\u0259kan\u0131ndak\u0131 alternativ s\u0259sidir\",\"publisher\":{\"@id\":\"https:\\\/\\\/www.meydan.tv\\\/az\\\/#organization\"},\"potentialAction\":[{\"@type\":\"SearchAction\",\"target\":{\"@type\":\"EntryPoint\",\"urlTemplate\":\"https:\\\/\\\/www.meydan.tv\\\/az\\\/?s={search_term_string}\"},\"query-input\":{\"@type\":\"PropertyValueSpecification\",\"valueRequired\":true,\"valueName\":\"search_term_string\"}}],\"inLanguage\":\"az\"},{\"@type\":\"Organization\",\"@id\":\"https:\\\/\\\/www.meydan.tv\\\/az\\\/#organization\",\"name\":\"Meydan TV\",\"url\":\"https:\\\/\\\/www.meydan.tv\\\/az\\\/\",\"logo\":{\"@type\":\"ImageObject\",\"inLanguage\":\"az\",\"@id\":\"https:\\\/\\\/www.meydan.tv\\\/az\\\/#\\\/schema\\\/logo\\\/image\\\/\",\"url\":\"https:\\\/\\\/www.meydan.tv\\\/wp-content\\\/uploads\\\/2021\\\/07\\\/meydan-logo.svg\",\"contentUrl\":\"https:\\\/\\\/www.meydan.tv\\\/wp-content\\\/uploads\\\/2021\\\/07\\\/meydan-logo.svg\",\"width\":195,\"height\":46,\"caption\":\"Meydan TV\"},\"image\":{\"@id\":\"https:\\\/\\\/www.meydan.tv\\\/az\\\/#\\\/schema\\\/logo\\\/image\\\/\"}},{\"@type\":\"Person\",\"@id\":\"https:\\\/\\\/www.meydan.tv\\\/az\\\/#\\\/schema\\\/person\\\/10d11eccf6da3662cf5fdab9806ea91a\",\"name\":\"user-manager\"}]}<\/script>\n<!-- \/ Yoast SEO plugin. -->","yoast_head_json":{"title":"Ali M\u0259hk\u0259m\u0259 Meydan TV il\u0259 ba\u011fl\u0131 q\u0259rar q\u0259bul edib - MEYDAN.TV","robots":{"index":"index","follow":"follow","max-snippet":"max-snippet:-1","max-image-preview":"max-image-preview:large","max-video-preview":"max-video-preview:-1"},"canonical":"https:\/\/www.meydan.tv\/az\/article\/ali-mehkeme-meydan-tv-ile-bagli-qerar-qebul-edib\/","og_locale":"az_AZ","og_type":"article","og_title":"Ali M\u0259hk\u0259m\u0259 Meydan TV il\u0259 ba\u011fl\u0131 q\u0259rar q\u0259bul edib - MEYDAN.TV","og_description":"Ali M\u0259hk\u0259m\u0259d\u0259 sentyabr\u0131n 10-da hakim \u018fl\u0259sg\u0259r \u018fliyevin s\u0259drliyi il\u0259 Apelyasiya M\u0259hk\u0259m\u0259sinin Meydan TV bar\u0259sind\u0259 q\u0259tnam\u0259si tam l\u0259\u011fv edilib","og_url":"https:\/\/www.meydan.tv\/az\/article\/ali-mehkeme-meydan-tv-ile-bagli-qerar-qebul-edib\/","og_site_name":"MEYDAN.TV","article_published_time":"2019-09-25T11:51:22+00:00","og_image":[{"width":1200,"height":900,"url":"https:\/\/www.meydan.tv\/wp-content\/uploads\/trend_ali_mehkeme_main.jpg","type":"image\/jpeg"}],"author":"user-manager","twitter_card":"summary_large_image","schema":{"@context":"https:\/\/schema.org","@graph":[{"@type":"Article","@id":"https:\/\/www.meydan.tv\/az\/article\/ali-mehkeme-meydan-tv-ile-bagli-qerar-qebul-edib\/#article","isPartOf":{"@id":"https:\/\/www.meydan.tv\/az\/article\/ali-mehkeme-meydan-tv-ile-bagli-qerar-qebul-edib\/"},"author":{"name":"user-manager","@id":"https:\/\/www.meydan.tv\/az\/#\/schema\/person\/10d11eccf6da3662cf5fdab9806ea91a"},"headline":"Ali M\u0259hk\u0259m\u0259 Meydan TV il\u0259 ba\u011fl\u0131 q\u0259rar q\u0259bul edib","datePublished":"2019-09-25T11:51:22+00:00","mainEntityOfPage":{"@id":"https:\/\/www.meydan.tv\/az\/article\/ali-mehkeme-meydan-tv-ile-bagli-qerar-qebul-edib\/"},"wordCount":204,"publisher":{"@id":"https:\/\/www.meydan.tv\/az\/#organization"},"image":{"@id":"https:\/\/www.meydan.tv\/az\/article\/ali-mehkeme-meydan-tv-ile-bagli-qerar-qebul-edib\/#primaryimage"},"thumbnailUrl":"https:\/\/www.meydan.tv\/wp-content\/uploads\/trend_ali_mehkeme_main.jpg","articleSection":["Siyas\u0259t"],"inLanguage":"az"},{"@type":"WebPage","@id":"https:\/\/www.meydan.tv\/az\/article\/ali-mehkeme-meydan-tv-ile-bagli-qerar-qebul-edib\/","url":"https:\/\/www.meydan.tv\/az\/article\/ali-mehkeme-meydan-tv-ile-bagli-qerar-qebul-edib\/","name":"Ali M\u0259hk\u0259m\u0259 Meydan TV il\u0259 ba\u011fl\u0131 q\u0259rar q\u0259bul edib - MEYDAN.TV","isPartOf":{"@id":"https:\/\/www.meydan.tv\/az\/#website"},"primaryImageOfPage":{"@id":"https:\/\/www.meydan.tv\/az\/article\/ali-mehkeme-meydan-tv-ile-bagli-qerar-qebul-edib\/#primaryimage"},"image":{"@id":"https:\/\/www.meydan.tv\/az\/article\/ali-mehkeme-meydan-tv-ile-bagli-qerar-qebul-edib\/#primaryimage"},"thumbnailUrl":"https:\/\/www.meydan.tv\/wp-content\/uploads\/trend_ali_mehkeme_main.jpg","datePublished":"2019-09-25T11:51:22+00:00","breadcrumb":{"@id":"https:\/\/www.meydan.tv\/az\/article\/ali-mehkeme-meydan-tv-ile-bagli-qerar-qebul-edib\/#breadcrumb"},"inLanguage":"az","potentialAction":[{"@type":"ReadAction","target":["https:\/\/www.meydan.tv\/az\/article\/ali-mehkeme-meydan-tv-ile-bagli-qerar-qebul-edib\/"]}]},{"@type":"ImageObject","inLanguage":"az","@id":"https:\/\/www.meydan.tv\/az\/article\/ali-mehkeme-meydan-tv-ile-bagli-qerar-qebul-edib\/#primaryimage","url":"https:\/\/www.meydan.tv\/wp-content\/uploads\/trend_ali_mehkeme_main.jpg","contentUrl":"https:\/\/www.meydan.tv\/wp-content\/uploads\/trend_ali_mehkeme_main.jpg","width":1200,"height":900,"caption":"Foto: Meydan TV"},{"@type":"BreadcrumbList","@id":"https:\/\/www.meydan.tv\/az\/article\/ali-mehkeme-meydan-tv-ile-bagli-qerar-qebul-edib\/#breadcrumb","itemListElement":[{"@type":"ListItem","position":1,"name":"Ana s\u0259hif\u0259","item":"https:\/\/www.meydan.tv\/az\/"},{"@type":"ListItem","position":2,"name":"Siyas\u0259t","item":"https:\/\/www.meydan.tv\/az\/section\/siyaset\/"},{"@type":"ListItem","position":3,"name":"Ali M\u0259hk\u0259m\u0259 Meydan TV il\u0259 ba\u011fl\u0131 q\u0259rar q\u0259bul edib"}]},{"@type":"WebSite","@id":"https:\/\/www.meydan.tv\/az\/#website","url":"https:\/\/www.meydan.tv\/az\/","name":"MEYDAN.TV","description":"Meydan TV Az\u0259rbaycan\u0131n media m\u0259kan\u0131ndak\u0131 alternativ s\u0259sidir","publisher":{"@id":"https:\/\/www.meydan.tv\/az\/#organization"},"potentialAction":[{"@type":"SearchAction","target":{"@type":"EntryPoint","urlTemplate":"https:\/\/www.meydan.tv\/az\/?s={search_term_string}"},"query-input":{"@type":"PropertyValueSpecification","valueRequired":true,"valueName":"search_term_string"}}],"inLanguage":"az"},{"@type":"Organization","@id":"https:\/\/www.meydan.tv\/az\/#organization","name":"Meydan TV","url":"https:\/\/www.meydan.tv\/az\/","logo":{"@type":"ImageObject","inLanguage":"az","@id":"https:\/\/www.meydan.tv\/az\/#\/schema\/logo\/image\/","url":"https:\/\/www.meydan.tv\/wp-content\/uploads\/2021\/07\/meydan-logo.svg","contentUrl":"https:\/\/www.meydan.tv\/wp-content\/uploads\/2021\/07\/meydan-logo.svg","width":195,"height":46,"caption":"Meydan TV"},"image":{"@id":"https:\/\/www.meydan.tv\/az\/#\/schema\/logo\/image\/"}},{"@type":"Person","@id":"https:\/\/www.meydan.tv\/az\/#\/schema\/person\/10d11eccf6da3662cf5fdab9806ea91a","name":"user-manager"}]}},"_links":{"self":[{"href":"https:\/\/www.meydan.tv\/az\/wp-json\/wp\/v2\/posts\/197120","targetHints":{"allow":["GET"]}}],"collection":[{"href":"https:\/\/www.meydan.tv\/az\/wp-json\/wp\/v2\/posts"}],"about":[{"href":"https:\/\/www.meydan.tv\/az\/wp-json\/wp\/v2\/types\/post"}],"author":[{"embeddable":true,"href":"https:\/\/www.meydan.tv\/az\/wp-json\/wp\/v2\/users\/11"}],"replies":[{"embeddable":true,"href":"https:\/\/www.meydan.tv\/az\/wp-json\/wp\/v2\/comments?post=197120"}],"version-history":[{"count":0,"href":"https:\/\/www.meydan.tv\/az\/wp-json\/wp\/v2\/posts\/197120\/revisions"}],"wp:featuredmedia":[{"embeddable":true,"href":"https:\/\/www.meydan.tv\/az\/wp-json\/wp\/v2\/media\/121364"}],"wp:attachment":[{"href":"https:\/\/www.meydan.tv\/az\/wp-json\/wp\/v2\/media?parent=197120"}],"wp:term":[{"taxonomy":"category","embeddable":true,"href":"https:\/\/www.meydan.tv\/az\/wp-json\/wp\/v2\/categories?post=197120"},{"taxonomy":"post_tag","embeddable":true,"href":"https:\/\/www.meydan.tv\/az\/wp-json\/wp\/v2\/tags?post=197120"}],"curies":[{"name":"wp","href":"https:\/\/api.w.org\/{rel}","templated":true}]}}