{"id":197119,"date":"2019-09-24T20:36:14","date_gmt":"2019-09-24T20:36:14","guid":{"rendered":"https:\/\/www.meydan.tv\/article\/eldar-mahmudovun-emisi-oglunun-isi-bir-fotoya-gore-menden-10-min-500-dollar-pul-aldilar\/"},"modified":"2019-09-24T20:36:14","modified_gmt":"2019-09-24T20:36:14","slug":"eldar-mahmudovun-emisi-oglunun-isi-bir-fotoya-gore-menden-10-min-500-dollar-pul-aldilar","status":"publish","type":"post","link":"https:\/\/www.meydan.tv\/az\/article\/eldar-mahmudovun-emisi-oglunun-isi-bir-fotoya-gore-menden-10-min-500-dollar-pul-aldilar\/","title":{"rendered":"Eldar Mahmudovun \u0259misi o\u011flunun i\u015fi: Bir fotoya g\u00f6r\u0259 m\u0259nd\u0259n 10 min 500 dollar pul ald\u0131lar"},"content":{"rendered":"<p>\n  <i><br \/>\n    \u201cM\u0259ni R\u00f6v\u015f\u0259n L\u0259nk\u0259ranskinin d\u0259st\u0259sinin \u00fczv\u00fc olmaqda ittiham edibl\u0259r\u201d<br \/>\n  <\/i>\n<\/p>\n<p>\n  Sentyabr\u0131n 24-d\u0259 Bak\u0131 H\u0259rbi M\u0259hk\u0259m\u0259sind\u0259 ke\u00e7mi\u015f milli t\u0259hl\u00fck\u0259sizlik naziri Eldar Mahmudovun \u0259misi o\u011flu V\u00fcqar Mahmudovun m\u00fchakim\u0259si davam edib. V.Mahmudov r\u0259smi s\u0259n\u0259dl\u0259r\u0259 g\u00f6r\u0259, MTN-d\u0259 Antiterror M\u0259rk\u0259zind\u0259 \u015f\u00f6b\u0259 r\u0259isinin m\u00fcavini olsa da, \u0259slind\u0259, \u0259misi o\u011flunun &#8211; nazirin k\u00f6m\u0259k\u00e7isi kimi f\u0259aliyy\u0259t g\u00f6st\u0259rib.\n<\/p>\n<p>\n  Hakim Elb\u0259y Allahverdiyevin s\u0259drliyi il\u0259 ke\u00e7iril\u0259n prosesd\u0259 Tural \u0130sg\u0259nd\u0259rli z\u0259r\u0259r\u00e7\u0259kmi\u015f qismind\u0259 ifad\u0259 verib. O bildirib ki, &quot;Facebook&quot;dak\u0131 profilind\u0259 yayd\u0131\u011f\u0131 fotoya g\u00f6r\u0259 MTN-nin X\u0259z\u0259r Rayon \u0130dar\u0259sinin r\u0259isi olmu\u015f Rafiq S\u0259f\u0259rov ondan 10 min 500 dollar pul al\u0131b. Onun s\u00f6zl\u0259rin\u0259 g\u00f6r\u0259, s\u00f6z\u00fcged\u0259n fotoda o, &quot;Niva&quot; markal\u0131 ma\u015f\u0131n\u0131n yan\u0131nda, \u0259lind\u0259 avtomatla dayan\u0131b.\n<\/p>\n<p>\n  T.\u0130sg\u0259nd\u0259rli bildirib ki, onu idar\u0259d\u0259 h\u0259d\u0259l\u0259yib, bu c\u00fcr \u015f\u0259kill\u0259rin \u00f6lk\u0259d\u0259 xaos yaratd\u0131\u011f\u0131n\u0131 deyibl\u0259r, \u0259sl\u0259n L\u0259nk\u0259randan olmas\u0131na g\u00f6r\u0259 R\u00f6v\u015f\u0259n L\u0259nk\u0259ranskinin d\u0259st\u0259sinin \u00fczv\u00fc olmaqda ittiham edibl\u0259r.\n<\/p>\n<p>\n  Z\u0259r\u0259r\u00e7\u0259kmi\u015fin s\u00f6zl\u0259rin\u0259 g\u00f6r\u0259, idar\u0259d\u0259 onun qar\u015f\u0131s\u0131na narkotik v\u0259 silah qoyub, h\u0259bs olunmamas\u0131 \u00fc\u00e7\u00fcn 20 min manat pul t\u0259l\u0259b edibl\u0259r. Amma dan\u0131\u015f\u0131qlardan sonra m\u0259bl\u0259\u011f azald\u0131l\u0131b v\u0259 ax\u0131rda 10 min 500 dollar verib can\u0131n\u0131 qurtar\u0131b.\n<\/p>\n<p>\n  O, ifad\u0259sinin sonunda t\u0259qsirl\u0259ndiril\u0259n V.Mahmudovu tan\u0131mad\u0131\u011f\u0131n\u0131, pulu verdiyi R.S\u0259f\u0259rovun c\u0259zaland\u0131r\u0131lmas\u0131n\u0131 ist\u0259diyini bildirib.\n<\/p>\n<p>\n  \u0130\u015f materiallar\u0131na \u0259sas\u0259n, V.Mahmudovla ba\u011fl\u0131 ara\u015fd\u0131rmalar zaman\u0131 onunla R.S\u0259f\u0259rov aras\u0131ndak\u0131 yaz\u0131\u015fmadan m\u0259lum olub ki, bu z\u0259r\u0259r\u00e7\u0259k\u0259nd\u0259n al\u0131nan puldan nazirin k\u00f6m\u0259k\u00e7isin\u0259 d\u0259 \u00e7at\u0131b.\n<\/p>\n<p>\n  V.Mahmudovun m\u0259hk\u0259m\u0259si oktyabr\u0131n 7-n\u0259 q\u0259d\u0259r t\u0259xir\u0259 sal\u0131n\u0131b.\n<\/p>\n<p>\n  Polkovnik-leytenant V.Mahmudov 2017-ci ild\u0259 noyabr ay\u0131n\u0131n \u0259vv\u0259lind\u0259 h\u0259bs edilib. O, m\u0259nims\u0259m\u0259, h\u0259d\u0259-qorxu il\u0259 t\u0259l\u0259betm\u0259, hakimiyy\u0259td\u0259n sui-istifad\u0259 v\u0259 s. \u0259m\u0259ll\u0259rd\u0259 ittiham olunur.<\/p>\n","protected":false},"excerpt":{"rendered":"<p>T.\u0130sg\u0259nd\u0259rli bildirib ki, onu idar\u0259d\u0259 h\u0259d\u0259l\u0259yib, bu c\u00fcr \u015f\u0259kill\u0259rin \u00f6lk\u0259d\u0259 xaos yaratd\u0131\u011f\u0131n\u0131 deyibl\u0259r, \u0259sl\u0259n L\u0259nk\u0259randan olmas\u0131na g\u00f6r\u0259 R\u00f6v\u015f\u0259n L\u0259nk\u0259ranskinin d\u0259st\u0259sinin \u00fczv\u00fc olmaqda ittiham edibl\u0259r.<\/p>\n","protected":false},"author":11,"featured_media":93234,"comment_status":"closed","ping_status":"open","sticky":false,"template":"","format":"standard","meta":{"_acf_changed":false,"_sitemap_exclude":false,"_sitemap_priority":"","_sitemap_frequency":"","footnotes":""},"categories":[59],"tags":[],"class_list":["post-197119","post","type-post","status-publish","format-standard","has-post-thumbnail","hentry","category-siyaset","infinite-scroll-item","generate-columns","tablet-grid-50","mobile-grid-100","grid-parent","grid-33","no-featured-image-padding"],"acf":[],"yoast_head":"<!-- This site is optimized with the Yoast SEO plugin v27.5 - https:\/\/yoast.com\/product\/yoast-seo-wordpress\/ -->\n<title>Eldar Mahmudovun \u0259misi o\u011flunun i\u015fi: Bir fotoya g\u00f6r\u0259 m\u0259nd\u0259n 10 min 500 dollar pul ald\u0131lar - MEYDAN.TV<\/title>\n<meta name=\"robots\" content=\"index, follow, max-snippet:-1, max-image-preview:large, max-video-preview:-1\" \/>\n<link rel=\"canonical\" href=\"https:\/\/www.meydan.tv\/az\/article\/eldar-mahmudovun-emisi-oglunun-isi-bir-fotoya-gore-menden-10-min-500-dollar-pul-aldilar\/\" \/>\n<meta property=\"og:locale\" content=\"az_AZ\" \/>\n<meta property=\"og:type\" content=\"article\" \/>\n<meta property=\"og:title\" content=\"Eldar Mahmudovun \u0259misi o\u011flunun i\u015fi: Bir fotoya g\u00f6r\u0259 m\u0259nd\u0259n 10 min 500 dollar pul ald\u0131lar - MEYDAN.TV\" \/>\n<meta property=\"og:description\" content=\"T.\u0130sg\u0259nd\u0259rli bildirib ki, onu idar\u0259d\u0259 h\u0259d\u0259l\u0259yib, bu c\u00fcr \u015f\u0259kill\u0259rin \u00f6lk\u0259d\u0259 xaos yaratd\u0131\u011f\u0131n\u0131 deyibl\u0259r, \u0259sl\u0259n L\u0259nk\u0259randan olmas\u0131na g\u00f6r\u0259 R\u00f6v\u015f\u0259n L\u0259nk\u0259ranskinin d\u0259st\u0259sinin \u00fczv\u00fc olmaqda ittiham edibl\u0259r.\" \/>\n<meta property=\"og:url\" content=\"https:\/\/www.meydan.tv\/az\/article\/eldar-mahmudovun-emisi-oglunun-isi-bir-fotoya-gore-menden-10-min-500-dollar-pul-aldilar\/\" \/>\n<meta property=\"og:site_name\" content=\"MEYDAN.TV\" \/>\n<meta property=\"article:published_time\" content=\"2019-09-24T20:36:14+00:00\" \/>\n<meta property=\"og:image\" content=\"https:\/\/www.meydan.tv\/wp-content\/uploads\/36819-scaled.jpg\" \/>\n\t<meta property=\"og:image:width\" content=\"2560\" \/>\n\t<meta property=\"og:image:height\" content=\"1164\" \/>\n\t<meta property=\"og:image:type\" content=\"image\/jpeg\" \/>\n<meta name=\"author\" content=\"user-manager\" \/>\n<meta name=\"twitter:card\" content=\"summary_large_image\" \/>\n<script type=\"application\/ld+json\" class=\"yoast-schema-graph\">{\"@context\":\"https:\\\/\\\/schema.org\",\"@graph\":[{\"@type\":\"Article\",\"@id\":\"https:\\\/\\\/www.meydan.tv\\\/az\\\/article\\\/eldar-mahmudovun-emisi-oglunun-isi-bir-fotoya-gore-menden-10-min-500-dollar-pul-aldilar\\\/#article\",\"isPartOf\":{\"@id\":\"https:\\\/\\\/www.meydan.tv\\\/az\\\/article\\\/eldar-mahmudovun-emisi-oglunun-isi-bir-fotoya-gore-menden-10-min-500-dollar-pul-aldilar\\\/\"},\"author\":{\"name\":\"user-manager\",\"@id\":\"https:\\\/\\\/www.meydan.tv\\\/az\\\/#\\\/schema\\\/person\\\/10d11eccf6da3662cf5fdab9806ea91a\"},\"headline\":\"Eldar Mahmudovun \u0259misi o\u011flunun i\u015fi: Bir fotoya g\u00f6r\u0259 m\u0259nd\u0259n 10 min 500 dollar pul ald\u0131lar\",\"datePublished\":\"2019-09-24T20:36:14+00:00\",\"mainEntityOfPage\":{\"@id\":\"https:\\\/\\\/www.meydan.tv\\\/az\\\/article\\\/eldar-mahmudovun-emisi-oglunun-isi-bir-fotoya-gore-menden-10-min-500-dollar-pul-aldilar\\\/\"},\"wordCount\":406,\"publisher\":{\"@id\":\"https:\\\/\\\/www.meydan.tv\\\/az\\\/#organization\"},\"image\":{\"@id\":\"https:\\\/\\\/www.meydan.tv\\\/az\\\/article\\\/eldar-mahmudovun-emisi-oglunun-isi-bir-fotoya-gore-menden-10-min-500-dollar-pul-aldilar\\\/#primaryimage\"},\"thumbnailUrl\":\"https:\\\/\\\/www.meydan.tv\\\/wp-content\\\/uploads\\\/36819-scaled-e1654630445974.jpg\",\"articleSection\":[\"Siyas\u0259t\"],\"inLanguage\":\"az\"},{\"@type\":\"WebPage\",\"@id\":\"https:\\\/\\\/www.meydan.tv\\\/az\\\/article\\\/eldar-mahmudovun-emisi-oglunun-isi-bir-fotoya-gore-menden-10-min-500-dollar-pul-aldilar\\\/\",\"url\":\"https:\\\/\\\/www.meydan.tv\\\/az\\\/article\\\/eldar-mahmudovun-emisi-oglunun-isi-bir-fotoya-gore-menden-10-min-500-dollar-pul-aldilar\\\/\",\"name\":\"Eldar Mahmudovun \u0259misi o\u011flunun i\u015fi: Bir fotoya g\u00f6r\u0259 m\u0259nd\u0259n 10 min 500 dollar pul ald\u0131lar - MEYDAN.TV\",\"isPartOf\":{\"@id\":\"https:\\\/\\\/www.meydan.tv\\\/az\\\/#website\"},\"primaryImageOfPage\":{\"@id\":\"https:\\\/\\\/www.meydan.tv\\\/az\\\/article\\\/eldar-mahmudovun-emisi-oglunun-isi-bir-fotoya-gore-menden-10-min-500-dollar-pul-aldilar\\\/#primaryimage\"},\"image\":{\"@id\":\"https:\\\/\\\/www.meydan.tv\\\/az\\\/article\\\/eldar-mahmudovun-emisi-oglunun-isi-bir-fotoya-gore-menden-10-min-500-dollar-pul-aldilar\\\/#primaryimage\"},\"thumbnailUrl\":\"https:\\\/\\\/www.meydan.tv\\\/wp-content\\\/uploads\\\/36819-scaled-e1654630445974.jpg\",\"datePublished\":\"2019-09-24T20:36:14+00:00\",\"breadcrumb\":{\"@id\":\"https:\\\/\\\/www.meydan.tv\\\/az\\\/article\\\/eldar-mahmudovun-emisi-oglunun-isi-bir-fotoya-gore-menden-10-min-500-dollar-pul-aldilar\\\/#breadcrumb\"},\"inLanguage\":\"az\",\"potentialAction\":[{\"@type\":\"ReadAction\",\"target\":[\"https:\\\/\\\/www.meydan.tv\\\/az\\\/article\\\/eldar-mahmudovun-emisi-oglunun-isi-bir-fotoya-gore-menden-10-min-500-dollar-pul-aldilar\\\/\"]}]},{\"@type\":\"ImageObject\",\"inLanguage\":\"az\",\"@id\":\"https:\\\/\\\/www.meydan.tv\\\/az\\\/article\\\/eldar-mahmudovun-emisi-oglunun-isi-bir-fotoya-gore-menden-10-min-500-dollar-pul-aldilar\\\/#primaryimage\",\"url\":\"https:\\\/\\\/www.meydan.tv\\\/wp-content\\\/uploads\\\/36819-scaled-e1654630445974.jpg\",\"contentUrl\":\"https:\\\/\\\/www.meydan.tv\\\/wp-content\\\/uploads\\\/36819-scaled-e1654630445974.jpg\",\"width\":2560,\"height\":972,\"caption\":\"Eldar Mahmudov. Foto: Meydan TV\"},{\"@type\":\"BreadcrumbList\",\"@id\":\"https:\\\/\\\/www.meydan.tv\\\/az\\\/article\\\/eldar-mahmudovun-emisi-oglunun-isi-bir-fotoya-gore-menden-10-min-500-dollar-pul-aldilar\\\/#breadcrumb\",\"itemListElement\":[{\"@type\":\"ListItem\",\"position\":1,\"name\":\"Ana s\u0259hif\u0259\",\"item\":\"https:\\\/\\\/www.meydan.tv\\\/az\\\/\"},{\"@type\":\"ListItem\",\"position\":2,\"name\":\"Siyas\u0259t\",\"item\":\"https:\\\/\\\/www.meydan.tv\\\/az\\\/section\\\/siyaset\\\/\"},{\"@type\":\"ListItem\",\"position\":3,\"name\":\"Eldar Mahmudovun \u0259misi o\u011flunun i\u015fi: Bir fotoya g\u00f6r\u0259 m\u0259nd\u0259n 10 min 500 dollar pul ald\u0131lar\"}]},{\"@type\":\"WebSite\",\"@id\":\"https:\\\/\\\/www.meydan.tv\\\/az\\\/#website\",\"url\":\"https:\\\/\\\/www.meydan.tv\\\/az\\\/\",\"name\":\"MEYDAN.TV\",\"description\":\"Meydan TV Az\u0259rbaycan\u0131n media m\u0259kan\u0131ndak\u0131 alternativ s\u0259sidir\",\"publisher\":{\"@id\":\"https:\\\/\\\/www.meydan.tv\\\/az\\\/#organization\"},\"potentialAction\":[{\"@type\":\"SearchAction\",\"target\":{\"@type\":\"EntryPoint\",\"urlTemplate\":\"https:\\\/\\\/www.meydan.tv\\\/az\\\/?s={search_term_string}\"},\"query-input\":{\"@type\":\"PropertyValueSpecification\",\"valueRequired\":true,\"valueName\":\"search_term_string\"}}],\"inLanguage\":\"az\"},{\"@type\":\"Organization\",\"@id\":\"https:\\\/\\\/www.meydan.tv\\\/az\\\/#organization\",\"name\":\"Meydan TV\",\"url\":\"https:\\\/\\\/www.meydan.tv\\\/az\\\/\",\"logo\":{\"@type\":\"ImageObject\",\"inLanguage\":\"az\",\"@id\":\"https:\\\/\\\/www.meydan.tv\\\/az\\\/#\\\/schema\\\/logo\\\/image\\\/\",\"url\":\"https:\\\/\\\/www.meydan.tv\\\/wp-content\\\/uploads\\\/2021\\\/07\\\/meydan-logo.svg\",\"contentUrl\":\"https:\\\/\\\/www.meydan.tv\\\/wp-content\\\/uploads\\\/2021\\\/07\\\/meydan-logo.svg\",\"width\":195,\"height\":46,\"caption\":\"Meydan TV\"},\"image\":{\"@id\":\"https:\\\/\\\/www.meydan.tv\\\/az\\\/#\\\/schema\\\/logo\\\/image\\\/\"}},{\"@type\":\"Person\",\"@id\":\"https:\\\/\\\/www.meydan.tv\\\/az\\\/#\\\/schema\\\/person\\\/10d11eccf6da3662cf5fdab9806ea91a\",\"name\":\"user-manager\"}]}<\/script>\n<!-- \/ Yoast SEO plugin. -->","yoast_head_json":{"title":"Eldar Mahmudovun \u0259misi o\u011flunun i\u015fi: Bir fotoya g\u00f6r\u0259 m\u0259nd\u0259n 10 min 500 dollar pul ald\u0131lar - MEYDAN.TV","robots":{"index":"index","follow":"follow","max-snippet":"max-snippet:-1","max-image-preview":"max-image-preview:large","max-video-preview":"max-video-preview:-1"},"canonical":"https:\/\/www.meydan.tv\/az\/article\/eldar-mahmudovun-emisi-oglunun-isi-bir-fotoya-gore-menden-10-min-500-dollar-pul-aldilar\/","og_locale":"az_AZ","og_type":"article","og_title":"Eldar Mahmudovun \u0259misi o\u011flunun i\u015fi: Bir fotoya g\u00f6r\u0259 m\u0259nd\u0259n 10 min 500 dollar pul ald\u0131lar - MEYDAN.TV","og_description":"T.\u0130sg\u0259nd\u0259rli bildirib ki, onu idar\u0259d\u0259 h\u0259d\u0259l\u0259yib, bu c\u00fcr \u015f\u0259kill\u0259rin \u00f6lk\u0259d\u0259 xaos yaratd\u0131\u011f\u0131n\u0131 deyibl\u0259r, \u0259sl\u0259n L\u0259nk\u0259randan olmas\u0131na g\u00f6r\u0259 R\u00f6v\u015f\u0259n L\u0259nk\u0259ranskinin d\u0259st\u0259sinin \u00fczv\u00fc olmaqda ittiham edibl\u0259r.","og_url":"https:\/\/www.meydan.tv\/az\/article\/eldar-mahmudovun-emisi-oglunun-isi-bir-fotoya-gore-menden-10-min-500-dollar-pul-aldilar\/","og_site_name":"MEYDAN.TV","article_published_time":"2019-09-24T20:36:14+00:00","og_image":[{"width":2560,"height":1164,"url":"https:\/\/www.meydan.tv\/wp-content\/uploads\/36819-scaled.jpg","type":"image\/jpeg"}],"author":"user-manager","twitter_card":"summary_large_image","schema":{"@context":"https:\/\/schema.org","@graph":[{"@type":"Article","@id":"https:\/\/www.meydan.tv\/az\/article\/eldar-mahmudovun-emisi-oglunun-isi-bir-fotoya-gore-menden-10-min-500-dollar-pul-aldilar\/#article","isPartOf":{"@id":"https:\/\/www.meydan.tv\/az\/article\/eldar-mahmudovun-emisi-oglunun-isi-bir-fotoya-gore-menden-10-min-500-dollar-pul-aldilar\/"},"author":{"name":"user-manager","@id":"https:\/\/www.meydan.tv\/az\/#\/schema\/person\/10d11eccf6da3662cf5fdab9806ea91a"},"headline":"Eldar Mahmudovun \u0259misi o\u011flunun i\u015fi: Bir fotoya g\u00f6r\u0259 m\u0259nd\u0259n 10 min 500 dollar pul ald\u0131lar","datePublished":"2019-09-24T20:36:14+00:00","mainEntityOfPage":{"@id":"https:\/\/www.meydan.tv\/az\/article\/eldar-mahmudovun-emisi-oglunun-isi-bir-fotoya-gore-menden-10-min-500-dollar-pul-aldilar\/"},"wordCount":406,"publisher":{"@id":"https:\/\/www.meydan.tv\/az\/#organization"},"image":{"@id":"https:\/\/www.meydan.tv\/az\/article\/eldar-mahmudovun-emisi-oglunun-isi-bir-fotoya-gore-menden-10-min-500-dollar-pul-aldilar\/#primaryimage"},"thumbnailUrl":"https:\/\/www.meydan.tv\/wp-content\/uploads\/36819-scaled-e1654630445974.jpg","articleSection":["Siyas\u0259t"],"inLanguage":"az"},{"@type":"WebPage","@id":"https:\/\/www.meydan.tv\/az\/article\/eldar-mahmudovun-emisi-oglunun-isi-bir-fotoya-gore-menden-10-min-500-dollar-pul-aldilar\/","url":"https:\/\/www.meydan.tv\/az\/article\/eldar-mahmudovun-emisi-oglunun-isi-bir-fotoya-gore-menden-10-min-500-dollar-pul-aldilar\/","name":"Eldar Mahmudovun \u0259misi o\u011flunun i\u015fi: Bir fotoya g\u00f6r\u0259 m\u0259nd\u0259n 10 min 500 dollar pul ald\u0131lar - MEYDAN.TV","isPartOf":{"@id":"https:\/\/www.meydan.tv\/az\/#website"},"primaryImageOfPage":{"@id":"https:\/\/www.meydan.tv\/az\/article\/eldar-mahmudovun-emisi-oglunun-isi-bir-fotoya-gore-menden-10-min-500-dollar-pul-aldilar\/#primaryimage"},"image":{"@id":"https:\/\/www.meydan.tv\/az\/article\/eldar-mahmudovun-emisi-oglunun-isi-bir-fotoya-gore-menden-10-min-500-dollar-pul-aldilar\/#primaryimage"},"thumbnailUrl":"https:\/\/www.meydan.tv\/wp-content\/uploads\/36819-scaled-e1654630445974.jpg","datePublished":"2019-09-24T20:36:14+00:00","breadcrumb":{"@id":"https:\/\/www.meydan.tv\/az\/article\/eldar-mahmudovun-emisi-oglunun-isi-bir-fotoya-gore-menden-10-min-500-dollar-pul-aldilar\/#breadcrumb"},"inLanguage":"az","potentialAction":[{"@type":"ReadAction","target":["https:\/\/www.meydan.tv\/az\/article\/eldar-mahmudovun-emisi-oglunun-isi-bir-fotoya-gore-menden-10-min-500-dollar-pul-aldilar\/"]}]},{"@type":"ImageObject","inLanguage":"az","@id":"https:\/\/www.meydan.tv\/az\/article\/eldar-mahmudovun-emisi-oglunun-isi-bir-fotoya-gore-menden-10-min-500-dollar-pul-aldilar\/#primaryimage","url":"https:\/\/www.meydan.tv\/wp-content\/uploads\/36819-scaled-e1654630445974.jpg","contentUrl":"https:\/\/www.meydan.tv\/wp-content\/uploads\/36819-scaled-e1654630445974.jpg","width":2560,"height":972,"caption":"Eldar Mahmudov. Foto: Meydan TV"},{"@type":"BreadcrumbList","@id":"https:\/\/www.meydan.tv\/az\/article\/eldar-mahmudovun-emisi-oglunun-isi-bir-fotoya-gore-menden-10-min-500-dollar-pul-aldilar\/#breadcrumb","itemListElement":[{"@type":"ListItem","position":1,"name":"Ana s\u0259hif\u0259","item":"https:\/\/www.meydan.tv\/az\/"},{"@type":"ListItem","position":2,"name":"Siyas\u0259t","item":"https:\/\/www.meydan.tv\/az\/section\/siyaset\/"},{"@type":"ListItem","position":3,"name":"Eldar Mahmudovun \u0259misi o\u011flunun i\u015fi: Bir fotoya g\u00f6r\u0259 m\u0259nd\u0259n 10 min 500 dollar pul ald\u0131lar"}]},{"@type":"WebSite","@id":"https:\/\/www.meydan.tv\/az\/#website","url":"https:\/\/www.meydan.tv\/az\/","name":"MEYDAN.TV","description":"Meydan TV Az\u0259rbaycan\u0131n media m\u0259kan\u0131ndak\u0131 alternativ s\u0259sidir","publisher":{"@id":"https:\/\/www.meydan.tv\/az\/#organization"},"potentialAction":[{"@type":"SearchAction","target":{"@type":"EntryPoint","urlTemplate":"https:\/\/www.meydan.tv\/az\/?s={search_term_string}"},"query-input":{"@type":"PropertyValueSpecification","valueRequired":true,"valueName":"search_term_string"}}],"inLanguage":"az"},{"@type":"Organization","@id":"https:\/\/www.meydan.tv\/az\/#organization","name":"Meydan TV","url":"https:\/\/www.meydan.tv\/az\/","logo":{"@type":"ImageObject","inLanguage":"az","@id":"https:\/\/www.meydan.tv\/az\/#\/schema\/logo\/image\/","url":"https:\/\/www.meydan.tv\/wp-content\/uploads\/2021\/07\/meydan-logo.svg","contentUrl":"https:\/\/www.meydan.tv\/wp-content\/uploads\/2021\/07\/meydan-logo.svg","width":195,"height":46,"caption":"Meydan TV"},"image":{"@id":"https:\/\/www.meydan.tv\/az\/#\/schema\/logo\/image\/"}},{"@type":"Person","@id":"https:\/\/www.meydan.tv\/az\/#\/schema\/person\/10d11eccf6da3662cf5fdab9806ea91a","name":"user-manager"}]}},"_links":{"self":[{"href":"https:\/\/www.meydan.tv\/az\/wp-json\/wp\/v2\/posts\/197119","targetHints":{"allow":["GET"]}}],"collection":[{"href":"https:\/\/www.meydan.tv\/az\/wp-json\/wp\/v2\/posts"}],"about":[{"href":"https:\/\/www.meydan.tv\/az\/wp-json\/wp\/v2\/types\/post"}],"author":[{"embeddable":true,"href":"https:\/\/www.meydan.tv\/az\/wp-json\/wp\/v2\/users\/11"}],"replies":[{"embeddable":true,"href":"https:\/\/www.meydan.tv\/az\/wp-json\/wp\/v2\/comments?post=197119"}],"version-history":[{"count":0,"href":"https:\/\/www.meydan.tv\/az\/wp-json\/wp\/v2\/posts\/197119\/revisions"}],"wp:featuredmedia":[{"embeddable":true,"href":"https:\/\/www.meydan.tv\/az\/wp-json\/wp\/v2\/media\/93234"}],"wp:attachment":[{"href":"https:\/\/www.meydan.tv\/az\/wp-json\/wp\/v2\/media?parent=197119"}],"wp:term":[{"taxonomy":"category","embeddable":true,"href":"https:\/\/www.meydan.tv\/az\/wp-json\/wp\/v2\/categories?post=197119"},{"taxonomy":"post_tag","embeddable":true,"href":"https:\/\/www.meydan.tv\/az\/wp-json\/wp\/v2\/tags?post=197119"}],"curies":[{"name":"wp","href":"https:\/\/api.w.org\/{rel}","templated":true}]}}