{"id":197117,"date":"2019-09-24T17:01:05","date_gmt":"2019-09-24T17:01:05","guid":{"rendered":"https:\/\/www.meydan.tv\/article\/penitensiar-xidmet-vekilin-cezalanmasini-isteyir\/"},"modified":"2019-09-24T17:01:05","modified_gmt":"2019-09-24T17:01:05","slug":"penitensiar-xidmet-vekilin-cezalanmasini-isteyir","status":"publish","type":"post","link":"https:\/\/www.meydan.tv\/az\/article\/penitensiar-xidmet-vekilin-cezalanmasini-isteyir\/","title":{"rendered":"Penitensiar Xidm\u0259t v\u0259kilin c\u0259zalanmas\u0131n\u0131 ist\u0259yir"},"content":{"rendered":"<p>\n  <i><br \/>\n    Nem\u0259t K\u0259rimli: &#x27;&#x27;Penitensiar Xidm\u0259t yalan m\u0259lumat yay\u0131r&#x27;&#x27;<br \/>\n  <\/i>\n<\/p>\n<p>\n  Penitensiar Xidm\u0259t \u018ffqan Muxtarl\u0131n\u0131n v\u0259kili Nem\u0259t K\u0259rimli il\u0259 ba\u011fl\u0131 V\u0259kill\u0259r Kollegiyas\u0131na \u015fikay\u0259t ed\u0259c\u0259k. Bu bar\u0259d\u0259 \u201cReport\u201d Penitensiar Xidm\u0259t\u0259 istinad\u0259n yay\u0131b.\n<\/p>\n<p>\n  Penitensiar Xidm\u0259t bildirir ki, C\u0259zalar\u0131n \u0130cras\u0131 M\u0259c\u0259ll\u0259sinin 75.5-ci madd\u0259sinin, C\u0259za\u00e7\u0259km\u0259 M\u00fc\u0259ssis\u0259l\u0259rinin Daxili \u0130ntizam Qaydalar\u0131n\u0131n v\u0259 \u201cM\u00fc\u0259yy\u0259n m\u00fcdd\u0259t\u0259 azadl\u0131qdan m\u0259hrumetm\u0259 v\u0259 \u00f6m\u00fcrl\u00fck azadl\u0131qdan m\u0259hrumetm\u0259 n\u00f6v\u00fcnd\u0259 c\u0259zalar\u0131 icra ed\u0259n m\u00fc\u0259ssis\u0259l\u0259r\u0259 daxilolma Qaydas\u0131\u201cn\u0131n t\u0259l\u0259bl\u0259rin\u0259 uy\u011fun olaraq c\u0259za\u00e7\u0259km\u0259 m\u00fc\u0259ssis\u0259l\u0259rin\u0259 daxil olan v\u0259 \u00e7\u0131xan \u015f\u0259xsl\u0259r\u0259, el\u0259c\u0259 d\u0259 onlar\u0131n \u0259\u015fyalar\u0131na bax\u0131\u015f ke\u00e7iril\u0259 bil\u0259r.\n<\/p>\n<p>\n  \u201cV\u0259kil Nem\u0259t K\u0259rimli pe\u015f\u0259 f\u0259aliyy\u0259ti il\u0259 ba\u011fl\u0131 d\u0259f\u0259l\u0259rl\u0259 ist\u0259r m\u0259hkum \u018f.Muxtarl\u0131, ist\u0259rs\u0259 d\u0259 h\u00fcquqlar\u0131n\u0131 m\u00fcdafi\u0259 etdiyi dig\u0259r m\u0259hkum v\u0259 h\u0259bs edilmi\u015f \u015f\u0259xsl\u0259rl\u0259 g\u00f6r\u00fc\u015f\u0259 g\u0259lib, bu zaman c\u0259za\u00e7\u0259km\u0259 m\u00fc\u0259ssis\u0259l\u0259rin\u0259 v\u0259 istintaq t\u0259cridxanalar\u0131na giri\u015f-\u00e7\u0131x\u0131\u015f qaydalar\u0131 il\u0259 m\u00fct\u0259madi olaraq tan\u0131\u015f edilib.\n<\/p>\n<p>\n  N.K\u0259rimli c\u0259za\u00e7\u0259km\u0259 m\u00fc\u0259ssis\u0259l\u0259rin\u0259 burax\u0131l\u0131\u015f qaydalar\u0131n\u0131 v\u0259 qanunvericiliyin t\u0259l\u0259bl\u0259rini bildiyi halda, sonuncu d\u0259f\u0259 m\u0259hkum \u018f.Muxtarl\u0131 il\u0259 g\u00f6r\u00fc\u015fd\u0259n \u0259vv\u0259l v\u0259 sonra m\u00f6vcud rejim qaydalar\u0131na riay\u0259t etm\u0259yib, \u0259m\u0259kda\u015flar\u0131n qanuni t\u0259l\u0259bl\u0259rin\u0259 tabe olmay\u0131b, s\u00fcni olaraq m\u00fcnaqi\u015f\u0259li v\u0259ziyy\u0259t yaratma\u011fa \u00e7al\u0131\u015f\u0131b.\n<\/p>\n<p>\n  G\u00f6r\u00fc\u015fd\u0259n sonra \u00f6z h\u0259r\u0259k\u0259tl\u0259rin\u0259 siyasi don geyindir\u0259r\u0259k bax\u0131\u015f prosedurunu \u201c45-50 d\u0259qiq\u0259 girov saxlama\u201d kimi qiym\u0259tl\u0259ndirm\u0259y\u0259 \u00e7al\u0131\u015fan N.K\u0259rimli guya qanunsuz h\u0259r\u0259k\u0259tl\u0259r\u0259 m\u0259ruz qald\u0131\u011f\u0131n\u0131 qeyd ed\u0259r\u0259k \u0259m\u0259kda\u015flar\u0131n onunla davran\u0131\u015f\u0131n\u0131 t\u0259hrif edilmi\u015f formada \u00f6z maraqlar\u0131na uy\u011fun ictimail\u0259\u015fdirib.\n<\/p>\n<p>\n  Bununla N.K\u0259rimli bil\u0259r\u0259kd\u0259n Penitensiar xidm\u0259tin f\u0259aliyy\u0259ti haqq\u0131nda ictimaiyy\u0259td\u0259 m\u0259nfi r\u0259y formala\u015fd\u0131rma\u011fa c\u0259hd edib, \u201cV\u0259kill\u0259rin davran\u0131\u015f qaydalar\u0131 haqq\u0131nda \u018fsasnam\u0259\u201cnin t\u0259l\u0259bl\u0259rini pozub.\n<\/p>\n<p>\n  Bununla \u0259laq\u0259dar Penitensiar xidm\u0259t t\u0259r\u0259find\u0259n h\u0259min v\u0259kil bar\u0259sind\u0259 qanunam\u00fcvafiq t\u0259dbirl\u0259rin g\u00f6r\u00fclm\u0259si \u00fc\u00e7\u00fcn V\u0259kill\u0259r Kollegiyas\u0131na m\u00fcraci\u0259t olunub,\u201c- m\u0259lumatda deyilir.\n<\/p>\n<p>\n  Nem\u0259t K\u0259rimli is\u0259 Meydan TV-y\u0259 deyib ki, Penitensiar Xidm\u0259t yalan m\u0259lumat yay\u0131r: \u201c\u018fg\u0259r m\u0259n yalan deyir\u0259ms\u0259, h\u0259bsxana qar\u015f\u0131s\u0131ndak\u0131 kameralar\u0131 da t\u0259qdim etsinl\u0259r. M\u0259n bu g\u00fcn d\u0259 \u018ffqan Muxtarl\u0131 il\u0259 g\u00f6r\u00fc\u015fd\u00fcm, amma h\u0259r hans\u0131 t\u0259zyiq olmad\u0131, \u00f6t\u0259n d\u0259f\u0259 is\u0259 zorak\u0131l\u0131qla qar\u015f\u0131la\u015fd\u0131m\u201d.<\/p>\n","protected":false},"excerpt":{"rendered":"<p>Nem\u0259t K\u0259rimli: &#8221;Penitensiar Xidm\u0259t yalan m\u0259lumat yay\u0131r&#8221;<\/p>\n","protected":false},"author":11,"featured_media":129994,"comment_status":"closed","ping_status":"open","sticky":false,"template":"","format":"standard","meta":{"_acf_changed":false,"_sitemap_exclude":false,"_sitemap_priority":"","_sitemap_frequency":"","footnotes":""},"categories":[56],"tags":[],"class_list":["post-197117","post","type-post","status-publish","format-standard","has-post-thumbnail","hentry","category-xeberler","infinite-scroll-item","generate-columns","tablet-grid-50","mobile-grid-100","grid-parent","grid-33","no-featured-image-padding"],"acf":[],"yoast_head":"<!-- This site is optimized with the Yoast SEO plugin v27.5 - https:\/\/yoast.com\/product\/yoast-seo-wordpress\/ -->\n<title>Penitensiar Xidm\u0259t v\u0259kilin c\u0259zalanmas\u0131n\u0131 ist\u0259yir - MEYDAN.TV<\/title>\n<meta name=\"robots\" content=\"index, follow, max-snippet:-1, max-image-preview:large, max-video-preview:-1\" \/>\n<link rel=\"canonical\" href=\"https:\/\/www.meydan.tv\/az\/article\/penitensiar-xidmet-vekilin-cezalanmasini-isteyir\/\" \/>\n<meta property=\"og:locale\" content=\"az_AZ\" \/>\n<meta property=\"og:type\" content=\"article\" \/>\n<meta property=\"og:title\" content=\"Penitensiar Xidm\u0259t v\u0259kilin c\u0259zalanmas\u0131n\u0131 ist\u0259yir - MEYDAN.TV\" \/>\n<meta property=\"og:description\" content=\"Nem\u0259t K\u0259rimli: &#039;&#039;Penitensiar Xidm\u0259t yalan m\u0259lumat yay\u0131r&#039;&#039;\" \/>\n<meta property=\"og:url\" content=\"https:\/\/www.meydan.tv\/az\/article\/penitensiar-xidmet-vekilin-cezalanmasini-isteyir\/\" \/>\n<meta property=\"og:site_name\" content=\"MEYDAN.TV\" \/>\n<meta property=\"article:published_time\" content=\"2019-09-24T17:01:05+00:00\" \/>\n<meta property=\"og:image\" content=\"https:\/\/www.meydan.tv\/wp-content\/uploads\/untitled_design_1_jfqjl0m.png\" \/>\n\t<meta property=\"og:image:width\" content=\"1280\" \/>\n\t<meta property=\"og:image:height\" content=\"720\" \/>\n\t<meta property=\"og:image:type\" content=\"image\/png\" \/>\n<meta name=\"author\" content=\"user-manager\" \/>\n<meta name=\"twitter:card\" content=\"summary_large_image\" \/>\n<script type=\"application\/ld+json\" class=\"yoast-schema-graph\">{\"@context\":\"https:\\\/\\\/schema.org\",\"@graph\":[{\"@type\":\"Article\",\"@id\":\"https:\\\/\\\/www.meydan.tv\\\/az\\\/article\\\/penitensiar-xidmet-vekilin-cezalanmasini-isteyir\\\/#article\",\"isPartOf\":{\"@id\":\"https:\\\/\\\/www.meydan.tv\\\/az\\\/article\\\/penitensiar-xidmet-vekilin-cezalanmasini-isteyir\\\/\"},\"author\":{\"name\":\"user-manager\",\"@id\":\"https:\\\/\\\/www.meydan.tv\\\/az\\\/#\\\/schema\\\/person\\\/10d11eccf6da3662cf5fdab9806ea91a\"},\"headline\":\"Penitensiar Xidm\u0259t v\u0259kilin c\u0259zalanmas\u0131n\u0131 ist\u0259yir\",\"datePublished\":\"2019-09-24T17:01:05+00:00\",\"mainEntityOfPage\":{\"@id\":\"https:\\\/\\\/www.meydan.tv\\\/az\\\/article\\\/penitensiar-xidmet-vekilin-cezalanmasini-isteyir\\\/\"},\"wordCount\":514,\"publisher\":{\"@id\":\"https:\\\/\\\/www.meydan.tv\\\/az\\\/#organization\"},\"image\":{\"@id\":\"https:\\\/\\\/www.meydan.tv\\\/az\\\/article\\\/penitensiar-xidmet-vekilin-cezalanmasini-isteyir\\\/#primaryimage\"},\"thumbnailUrl\":\"https:\\\/\\\/www.meydan.tv\\\/wp-content\\\/uploads\\\/untitled_design_1_jfqjl0m-e1731678833904.png\",\"articleSection\":[\"X\u0259b\u0259rl\u0259r\"],\"inLanguage\":\"az\"},{\"@type\":\"WebPage\",\"@id\":\"https:\\\/\\\/www.meydan.tv\\\/az\\\/article\\\/penitensiar-xidmet-vekilin-cezalanmasini-isteyir\\\/\",\"url\":\"https:\\\/\\\/www.meydan.tv\\\/az\\\/article\\\/penitensiar-xidmet-vekilin-cezalanmasini-isteyir\\\/\",\"name\":\"Penitensiar Xidm\u0259t v\u0259kilin c\u0259zalanmas\u0131n\u0131 ist\u0259yir - MEYDAN.TV\",\"isPartOf\":{\"@id\":\"https:\\\/\\\/www.meydan.tv\\\/az\\\/#website\"},\"primaryImageOfPage\":{\"@id\":\"https:\\\/\\\/www.meydan.tv\\\/az\\\/article\\\/penitensiar-xidmet-vekilin-cezalanmasini-isteyir\\\/#primaryimage\"},\"image\":{\"@id\":\"https:\\\/\\\/www.meydan.tv\\\/az\\\/article\\\/penitensiar-xidmet-vekilin-cezalanmasini-isteyir\\\/#primaryimage\"},\"thumbnailUrl\":\"https:\\\/\\\/www.meydan.tv\\\/wp-content\\\/uploads\\\/untitled_design_1_jfqjl0m-e1731678833904.png\",\"datePublished\":\"2019-09-24T17:01:05+00:00\",\"breadcrumb\":{\"@id\":\"https:\\\/\\\/www.meydan.tv\\\/az\\\/article\\\/penitensiar-xidmet-vekilin-cezalanmasini-isteyir\\\/#breadcrumb\"},\"inLanguage\":\"az\",\"potentialAction\":[{\"@type\":\"ReadAction\",\"target\":[\"https:\\\/\\\/www.meydan.tv\\\/az\\\/article\\\/penitensiar-xidmet-vekilin-cezalanmasini-isteyir\\\/\"]}]},{\"@type\":\"ImageObject\",\"inLanguage\":\"az\",\"@id\":\"https:\\\/\\\/www.meydan.tv\\\/az\\\/article\\\/penitensiar-xidmet-vekilin-cezalanmasini-isteyir\\\/#primaryimage\",\"url\":\"https:\\\/\\\/www.meydan.tv\\\/wp-content\\\/uploads\\\/untitled_design_1_jfqjl0m-e1731678833904.png\",\"contentUrl\":\"https:\\\/\\\/www.meydan.tv\\\/wp-content\\\/uploads\\\/untitled_design_1_jfqjl0m-e1731678833904.png\",\"width\":1280,\"height\":484,\"caption\":\"Foto: Nem\u0259t K\u0259rimlinin \u015f\u0259xsi arxivind\u0259n\"},{\"@type\":\"BreadcrumbList\",\"@id\":\"https:\\\/\\\/www.meydan.tv\\\/az\\\/article\\\/penitensiar-xidmet-vekilin-cezalanmasini-isteyir\\\/#breadcrumb\",\"itemListElement\":[{\"@type\":\"ListItem\",\"position\":1,\"name\":\"Ana s\u0259hif\u0259\",\"item\":\"https:\\\/\\\/www.meydan.tv\\\/az\\\/\"},{\"@type\":\"ListItem\",\"position\":2,\"name\":\"X\u0259b\u0259rl\u0259r\",\"item\":\"https:\\\/\\\/www.meydan.tv\\\/az\\\/section\\\/xeberler\\\/\"},{\"@type\":\"ListItem\",\"position\":3,\"name\":\"Penitensiar Xidm\u0259t v\u0259kilin c\u0259zalanmas\u0131n\u0131 ist\u0259yir\"}]},{\"@type\":\"WebSite\",\"@id\":\"https:\\\/\\\/www.meydan.tv\\\/az\\\/#website\",\"url\":\"https:\\\/\\\/www.meydan.tv\\\/az\\\/\",\"name\":\"MEYDAN.TV\",\"description\":\"Meydan TV Az\u0259rbaycan\u0131n media m\u0259kan\u0131ndak\u0131 alternativ s\u0259sidir\",\"publisher\":{\"@id\":\"https:\\\/\\\/www.meydan.tv\\\/az\\\/#organization\"},\"potentialAction\":[{\"@type\":\"SearchAction\",\"target\":{\"@type\":\"EntryPoint\",\"urlTemplate\":\"https:\\\/\\\/www.meydan.tv\\\/az\\\/?s={search_term_string}\"},\"query-input\":{\"@type\":\"PropertyValueSpecification\",\"valueRequired\":true,\"valueName\":\"search_term_string\"}}],\"inLanguage\":\"az\"},{\"@type\":\"Organization\",\"@id\":\"https:\\\/\\\/www.meydan.tv\\\/az\\\/#organization\",\"name\":\"Meydan TV\",\"url\":\"https:\\\/\\\/www.meydan.tv\\\/az\\\/\",\"logo\":{\"@type\":\"ImageObject\",\"inLanguage\":\"az\",\"@id\":\"https:\\\/\\\/www.meydan.tv\\\/az\\\/#\\\/schema\\\/logo\\\/image\\\/\",\"url\":\"https:\\\/\\\/www.meydan.tv\\\/wp-content\\\/uploads\\\/2021\\\/07\\\/meydan-logo.svg\",\"contentUrl\":\"https:\\\/\\\/www.meydan.tv\\\/wp-content\\\/uploads\\\/2021\\\/07\\\/meydan-logo.svg\",\"width\":195,\"height\":46,\"caption\":\"Meydan TV\"},\"image\":{\"@id\":\"https:\\\/\\\/www.meydan.tv\\\/az\\\/#\\\/schema\\\/logo\\\/image\\\/\"}},{\"@type\":\"Person\",\"@id\":\"https:\\\/\\\/www.meydan.tv\\\/az\\\/#\\\/schema\\\/person\\\/10d11eccf6da3662cf5fdab9806ea91a\",\"name\":\"user-manager\"}]}<\/script>\n<!-- \/ Yoast SEO plugin. -->","yoast_head_json":{"title":"Penitensiar Xidm\u0259t v\u0259kilin c\u0259zalanmas\u0131n\u0131 ist\u0259yir - MEYDAN.TV","robots":{"index":"index","follow":"follow","max-snippet":"max-snippet:-1","max-image-preview":"max-image-preview:large","max-video-preview":"max-video-preview:-1"},"canonical":"https:\/\/www.meydan.tv\/az\/article\/penitensiar-xidmet-vekilin-cezalanmasini-isteyir\/","og_locale":"az_AZ","og_type":"article","og_title":"Penitensiar Xidm\u0259t v\u0259kilin c\u0259zalanmas\u0131n\u0131 ist\u0259yir - MEYDAN.TV","og_description":"Nem\u0259t K\u0259rimli: ''Penitensiar Xidm\u0259t yalan m\u0259lumat yay\u0131r''","og_url":"https:\/\/www.meydan.tv\/az\/article\/penitensiar-xidmet-vekilin-cezalanmasini-isteyir\/","og_site_name":"MEYDAN.TV","article_published_time":"2019-09-24T17:01:05+00:00","og_image":[{"width":1280,"height":720,"url":"https:\/\/www.meydan.tv\/wp-content\/uploads\/untitled_design_1_jfqjl0m.png","type":"image\/png"}],"author":"user-manager","twitter_card":"summary_large_image","schema":{"@context":"https:\/\/schema.org","@graph":[{"@type":"Article","@id":"https:\/\/www.meydan.tv\/az\/article\/penitensiar-xidmet-vekilin-cezalanmasini-isteyir\/#article","isPartOf":{"@id":"https:\/\/www.meydan.tv\/az\/article\/penitensiar-xidmet-vekilin-cezalanmasini-isteyir\/"},"author":{"name":"user-manager","@id":"https:\/\/www.meydan.tv\/az\/#\/schema\/person\/10d11eccf6da3662cf5fdab9806ea91a"},"headline":"Penitensiar Xidm\u0259t v\u0259kilin c\u0259zalanmas\u0131n\u0131 ist\u0259yir","datePublished":"2019-09-24T17:01:05+00:00","mainEntityOfPage":{"@id":"https:\/\/www.meydan.tv\/az\/article\/penitensiar-xidmet-vekilin-cezalanmasini-isteyir\/"},"wordCount":514,"publisher":{"@id":"https:\/\/www.meydan.tv\/az\/#organization"},"image":{"@id":"https:\/\/www.meydan.tv\/az\/article\/penitensiar-xidmet-vekilin-cezalanmasini-isteyir\/#primaryimage"},"thumbnailUrl":"https:\/\/www.meydan.tv\/wp-content\/uploads\/untitled_design_1_jfqjl0m-e1731678833904.png","articleSection":["X\u0259b\u0259rl\u0259r"],"inLanguage":"az"},{"@type":"WebPage","@id":"https:\/\/www.meydan.tv\/az\/article\/penitensiar-xidmet-vekilin-cezalanmasini-isteyir\/","url":"https:\/\/www.meydan.tv\/az\/article\/penitensiar-xidmet-vekilin-cezalanmasini-isteyir\/","name":"Penitensiar Xidm\u0259t v\u0259kilin c\u0259zalanmas\u0131n\u0131 ist\u0259yir - MEYDAN.TV","isPartOf":{"@id":"https:\/\/www.meydan.tv\/az\/#website"},"primaryImageOfPage":{"@id":"https:\/\/www.meydan.tv\/az\/article\/penitensiar-xidmet-vekilin-cezalanmasini-isteyir\/#primaryimage"},"image":{"@id":"https:\/\/www.meydan.tv\/az\/article\/penitensiar-xidmet-vekilin-cezalanmasini-isteyir\/#primaryimage"},"thumbnailUrl":"https:\/\/www.meydan.tv\/wp-content\/uploads\/untitled_design_1_jfqjl0m-e1731678833904.png","datePublished":"2019-09-24T17:01:05+00:00","breadcrumb":{"@id":"https:\/\/www.meydan.tv\/az\/article\/penitensiar-xidmet-vekilin-cezalanmasini-isteyir\/#breadcrumb"},"inLanguage":"az","potentialAction":[{"@type":"ReadAction","target":["https:\/\/www.meydan.tv\/az\/article\/penitensiar-xidmet-vekilin-cezalanmasini-isteyir\/"]}]},{"@type":"ImageObject","inLanguage":"az","@id":"https:\/\/www.meydan.tv\/az\/article\/penitensiar-xidmet-vekilin-cezalanmasini-isteyir\/#primaryimage","url":"https:\/\/www.meydan.tv\/wp-content\/uploads\/untitled_design_1_jfqjl0m-e1731678833904.png","contentUrl":"https:\/\/www.meydan.tv\/wp-content\/uploads\/untitled_design_1_jfqjl0m-e1731678833904.png","width":1280,"height":484,"caption":"Foto: Nem\u0259t K\u0259rimlinin \u015f\u0259xsi arxivind\u0259n"},{"@type":"BreadcrumbList","@id":"https:\/\/www.meydan.tv\/az\/article\/penitensiar-xidmet-vekilin-cezalanmasini-isteyir\/#breadcrumb","itemListElement":[{"@type":"ListItem","position":1,"name":"Ana s\u0259hif\u0259","item":"https:\/\/www.meydan.tv\/az\/"},{"@type":"ListItem","position":2,"name":"X\u0259b\u0259rl\u0259r","item":"https:\/\/www.meydan.tv\/az\/section\/xeberler\/"},{"@type":"ListItem","position":3,"name":"Penitensiar Xidm\u0259t v\u0259kilin c\u0259zalanmas\u0131n\u0131 ist\u0259yir"}]},{"@type":"WebSite","@id":"https:\/\/www.meydan.tv\/az\/#website","url":"https:\/\/www.meydan.tv\/az\/","name":"MEYDAN.TV","description":"Meydan TV Az\u0259rbaycan\u0131n media m\u0259kan\u0131ndak\u0131 alternativ s\u0259sidir","publisher":{"@id":"https:\/\/www.meydan.tv\/az\/#organization"},"potentialAction":[{"@type":"SearchAction","target":{"@type":"EntryPoint","urlTemplate":"https:\/\/www.meydan.tv\/az\/?s={search_term_string}"},"query-input":{"@type":"PropertyValueSpecification","valueRequired":true,"valueName":"search_term_string"}}],"inLanguage":"az"},{"@type":"Organization","@id":"https:\/\/www.meydan.tv\/az\/#organization","name":"Meydan TV","url":"https:\/\/www.meydan.tv\/az\/","logo":{"@type":"ImageObject","inLanguage":"az","@id":"https:\/\/www.meydan.tv\/az\/#\/schema\/logo\/image\/","url":"https:\/\/www.meydan.tv\/wp-content\/uploads\/2021\/07\/meydan-logo.svg","contentUrl":"https:\/\/www.meydan.tv\/wp-content\/uploads\/2021\/07\/meydan-logo.svg","width":195,"height":46,"caption":"Meydan TV"},"image":{"@id":"https:\/\/www.meydan.tv\/az\/#\/schema\/logo\/image\/"}},{"@type":"Person","@id":"https:\/\/www.meydan.tv\/az\/#\/schema\/person\/10d11eccf6da3662cf5fdab9806ea91a","name":"user-manager"}]}},"_links":{"self":[{"href":"https:\/\/www.meydan.tv\/az\/wp-json\/wp\/v2\/posts\/197117","targetHints":{"allow":["GET"]}}],"collection":[{"href":"https:\/\/www.meydan.tv\/az\/wp-json\/wp\/v2\/posts"}],"about":[{"href":"https:\/\/www.meydan.tv\/az\/wp-json\/wp\/v2\/types\/post"}],"author":[{"embeddable":true,"href":"https:\/\/www.meydan.tv\/az\/wp-json\/wp\/v2\/users\/11"}],"replies":[{"embeddable":true,"href":"https:\/\/www.meydan.tv\/az\/wp-json\/wp\/v2\/comments?post=197117"}],"version-history":[{"count":0,"href":"https:\/\/www.meydan.tv\/az\/wp-json\/wp\/v2\/posts\/197117\/revisions"}],"wp:featuredmedia":[{"embeddable":true,"href":"https:\/\/www.meydan.tv\/az\/wp-json\/wp\/v2\/media\/129994"}],"wp:attachment":[{"href":"https:\/\/www.meydan.tv\/az\/wp-json\/wp\/v2\/media?parent=197117"}],"wp:term":[{"taxonomy":"category","embeddable":true,"href":"https:\/\/www.meydan.tv\/az\/wp-json\/wp\/v2\/categories?post=197117"},{"taxonomy":"post_tag","embeddable":true,"href":"https:\/\/www.meydan.tv\/az\/wp-json\/wp\/v2\/tags?post=197117"}],"curies":[{"name":"wp","href":"https:\/\/api.w.org\/{rel}","templated":true}]}}