{"id":197105,"date":"2019-09-24T10:11:46","date_gmt":"2019-09-24T10:11:46","guid":{"rendered":"https:\/\/www.meydan.tv\/article\/sehid-anasi-haqqim-olani-almaq-ucun-yaltaqlanmaq-niyyetinde-deyilem\/"},"modified":"2019-09-24T10:11:46","modified_gmt":"2019-09-24T10:11:46","slug":"sehid-anasi-haqqim-olani-almaq-ucun-yaltaqlanmaq-niyyetinde-deyilem","status":"publish","type":"post","link":"https:\/\/www.meydan.tv\/az\/article\/sehid-anasi-haqqim-olani-almaq-ucun-yaltaqlanmaq-niyyetinde-deyilem\/","title":{"rendered":"\u015e\u0259hid anas\u0131: Haqq\u0131m olan\u0131 almaq \u00fc\u00e7\u00fcn yaltaqlanmaq niyy\u0259tind\u0259 deyil\u0259m"},"content":{"rendered":"<p>\n  <i><br \/>\n    \u201c\u015e\u0259hidl\u0259r aras\u0131nda ayr\u0131-se\u00e7kilik etm\u0259zl\u0259r\u201d<br \/>\n  <\/i>\n<\/p>\n<p>\n  Qaraba\u011f m\u00fcharib\u0259sind\u0259 h\u0259lak olan o\u011fluna g\u00f6r\u0259 bird\u0259f\u0259lik m\u00fcavin\u0259t ala bilm\u0259y\u0259n daha bir ana Meydan TV-y\u0259 m\u00fcraci\u0259t edib.\n<\/p>\n<p>\n  Z\u0259rniyar K\u0259rimova deyir ki, o\u011flu 1992-ci ild\u0259 Qaraba\u011f m\u00fcharib\u0259sind\u0259 h\u0259lak olub. Amma o\u011flunun \u0259sg\u0259rliy\u0259 k\u00f6n\u00fcll\u00fc getm\u0259sini s\u0259b\u0259b g\u00f6st\u0259r\u0259r\u0259k, ona bird\u0259f\u0259lik m\u00fcavin\u0259t vermirl\u0259r.\n<\/p>\n<p>\n  Z\u0259rniyar K\u0259rimova K\u00fcrd\u0259mirin \u015eahsev\u0259n k\u0259ndind\u0259ndir. Daha \u00f6nc\u0259 is\u0259<br \/>\n  <a href=\"https:\/\/www.meydan.tv\/az\/article\/sehid-anasi-dediler-oglun-konullu-doyusub-size-birdefelik-pul-dusmur\/?ref=list-regions\"><br \/>\n    Meydan TV<br \/>\n  <\/a><br \/>\n  -y\u0259 eyni \u015fikay\u0259tl\u0259 K\u00fcrd\u0259mirin Qaraqocal\u0131 k\u0259ndind\u0259n olan G\u00fclnar Zamanova m\u00fcraci\u0259t etmi\u015fdi. O da o\u011flu Sehran Q\u0259niyevin 15 ya\u015f\u0131nda k\u00f6n\u00fcll\u00fc Qaraba\u011f m\u00fcharib\u0259sin\u0259 qat\u0131ld\u0131\u011f\u0131n\u0131, 1992-ci ild\u0259 A\u011fd\u0259r\u0259nin \u00c7ayl\u0131 k\u0259ndind\u0259 h\u0259lak oldu\u011funu s\u00f6yl\u0259mi\u015fdi. Ana prezidentin s\u0259r\u0259ncam\u0131 il\u0259 \u015f\u0259hid ail\u0259l\u0259rin\u0259 bird\u0259f\u0259lik \u00f6d\u0259n\u0259n 11 min manatl\u0131q sm\u00fcavin\u0259ti ala bilm\u0259yib. M\u00fcraci\u0259t edib, \u201cs\u0259nin o\u011flun k\u00f6n\u00fcll\u00fc d\u00f6y\u00fc\u015f\u00fcb, ona m\u00fcavin\u0259t d\u00fc\u015fm\u00fcr\u201d \u2013 cavab\u0131n\u0131 al\u0131b.\n<\/p>\n<p>\n  Z\u0259rniyar K\u0259rimovaya da f\u0259rqli cavab verilm\u0259yib. O\u011flu Qaraba\u011fda k\u00f6n\u00fcll\u00fc d\u00f6y\u00fc\u015fd\u00fcy\u00fc \u00fc\u00e7\u00fcn onlara bird\u0259f\u0259lik m\u00fcavin\u0259tin d\u00fc\u015fm\u0259diyini s\u00f6yl\u0259yibl\u0259r. Ana deyir ki, \u0259slind\u0259 s\u00f6hb\u0259t t\u0259kc\u0259 maddiyyatda deyil, ona t\u0259sir ed\u0259n, h\u00f6rm\u0259tsizlik, saymazl\u0131q, ayr\u0131-se\u00e7kilikdir:\n<\/p>\n<p>\n  \u201cM\u0259nim \u00f6vlad\u0131m \u00f6vlad deyil? M\u0259nim \u015f\u0259hidim \u015f\u0259hid deyil? \u0130nan\u0131n, i\u00e7im yan\u0131r, ill\u0259r ke\u00e7ib, m\u0259nim yaram ilk g\u00fcnk\u00fc kimi t\u0259z\u0259dir. Sevimli \u00f6vlad\u0131m olub. Arada \u015f\u0259kil albomlar\u0131na bax\u0131ram. El\u0259 imkanl\u0131 ail\u0259 olmam\u0131\u015f\u0131q. Ba\u015f\u0131m\u0131z g\u00fcnd\u0259lik m\u0259i\u015f\u0259t i\u015fl\u0259rin\u0259 qar\u0131\u015f\u0131b. U\u015faqlar\u0131n \u00e7ox \u015f\u0259kli yoxdur. Ancaq Teymurumun \u015f\u0259kill\u0259ri var. El\u0259 bil \u00fcr\u0259yim\u0259 damm\u0131\u015fd\u0131 tez ayr\u0131laca\u011f\u0131m\u0131z. Onunla \u00e7ox \u015f\u0259kil \u00e7\u0259kdirmi\u015fik\u201d.\n<\/p>\n<p>\n  Z\u0259rniyar K\u0259rimova indi o \u015f\u0259kill\u0259r\u0259 bax\u0131b, t\u0259s\u0259lli tap\u0131r. Deyir, o\u011flu \u00e7ox v\u0259t\u0259np\u0259rv\u0259r olub, Qaraba\u011fa k\u00f6n\u00fcll\u00fc ged\u0259nd\u0259 18 ya\u015f\u0131 yenic\u0259 tamam olubmu\u015f:\n<\/p>\n<p>\n  \u201c\u00c7a\u011f\u0131r\u0131\u015f\u0131 g\u00f6zl\u0259m\u0259di, k\u00f6n\u00fcll\u00fc getdi. Ged\u0259nd\u0259n bir m\u00fcdd\u0259t sonra da meyitini g\u0259tirdil\u0259r. \u0130ndi ham\u0131ya, m\u0259cburi \u0259sg\u0259rliy\u0259 apar\u0131lanlar\u0131n ail\u0259l\u0259rin\u0259 11 minlik m\u00fcavin\u0259t verdil\u0259r. Biz\u0259 is\u0259 dedil\u0259r ki, sizin o\u011flunuz k\u00f6n\u00fcll\u00fc getdiyi \u00fc\u00e7\u00fcn ona d\u00fc\u015fm\u00fcr. Ke\u00e7\u0259n d\u0259f\u0259 g\u00f6rd\u00fcm, sizd\u0259 bel\u0259 bir material getmi\u015fdi. Ham\u0131 onlara g\u00fcld\u00fc, etdikl\u0259rini la\u011fa qoydu, mill\u0259t a\u011fz\u0131na g\u0259l\u0259ni yazm\u0131\u015fd\u0131. \u00dcr\u0259yimd\u0259n tikan \u00e7\u0131xd\u0131. \u0130st\u0259dim bilsinl\u0259r ki, bel\u0259 hal bir deyil, \u00e7oxdu\u201d.\n<\/p>\n<p>\n  Z\u0259rniyar K\u0259rimova \u0259dal\u0259tsizlikd\u0259n gileyl\u0259nir. Deyir, bu adam Qaraba\u011fda d\u00f6y\u00fc\u015f\u00fcb, orda h\u0259lak olub, evind\u0259 \u00f6lm\u0259yib. N\u0259 d\u0259xli var, k\u00f6n\u00fcll\u00fc gedib, yoxsa \u00e7a\u011f\u0131r\u0131blar. Prezidentin s\u0259r\u0259ncam\u0131nda \u201ck\u00f6n\u00fcll\u00fc ged\u0259n\u0259 m\u00fcavin\u0259t d\u00fc\u015fm\u00fcr\u201d yaz\u0131lmay\u0131b:\n<\/p>\n<p>\n  \u201cY\u0259qin ist\u0259yirl\u0259r ki, \u0259vv\u0259lc\u0259 onlar\u0131 t\u0259rifl\u0259y\u0259k, sonra m\u00fcavin\u0259ti alaq. Ancaq m\u0259n haqq\u0131m olan\u0131 almaq \u00fc\u00e7\u00fcn yaltaqlanmaq niyy\u0259tind\u0259 deyil\u0259m. Haqq\u0131md\u0131r, ist\u0259yirl\u0259r versinl\u0259r, ist\u0259yirl\u0259r verm\u0259sinl\u0259r. Buna g\u00f6r\u0259 he\u00e7 kimi t\u0259rifl\u0259m\u0259k fikrind\u0259 deyil\u0259m\u201d.\n<\/p>\n<figure class=\"wp-block-image size-large\">\n  <img decoding=\"async\" src=\"https:\/\/www.meydan.tv\/az\/image_from_ios-10-jpg-9\/\" alt=\"image_from_ios (10).jpg\" class=\"wp-image-130096\"\/><figcaption>\n    Z\u0259rniyar K\u0259rimova<br \/>\n  <\/figcaption><\/figure>\n<p>\n  Ana deyir ki, bir m\u00fcdd\u0259t \u00f6nd\u0259 sosial \u015f\u0259b\u0259k\u0259 vasit\u0259sil\u0259 ba\u015f\u0131na g\u0259l\u0259nl\u0259ri dan\u0131\u015f\u0131b. H\u00f6kum\u0259ti t\u0259nqid edib. D\u00fc\u015f\u00fcn\u00fcr ki, b\u0259lk\u0259 d\u0259 o\u011fluna, ail\u0259sin\u0259 qar\u015f\u0131 bu yad m\u00fcnasib\u0259t ona g\u00f6r\u0259dir:\n<\/p>\n<p>\n  \u201cAncaq m\u0259n olan\u0131 dedim, yen\u0259 olan\u0131 deyir\u0259m. \u015e\u0259hidl\u0259r aras\u0131nda ayr\u0131-se\u00e7kilik etm\u0259zl\u0259r. El\u0259 onda da \u00e7\u0131x\u0131\u015f\u0131mda dedim ki, bu \u00f6lk\u0259d\u0259 \u015f\u0259hidi ay\u0131r\u0131rlar, bir s\u0259r\u0259ncam verilibs\u0259, ax\u0131racan \u00fcst\u00fcnd\u0259 durulsun, ham\u0131ya bir g\u00f6zl\u0259 bax\u0131ls\u0131n. B\u00fct\u00fcn \u015f\u0259hidl\u0259r\u0259 h\u00f6rm\u0259t edilsin. Bu, g\u00f6r\u00fcn\u00fcr, onlara xo\u015f g\u0259lm\u0259di\u201d.\n<\/p>\n<p>\n  Ana deyir ki, bundan sonra evl\u0259rin\u0259 ARB telekanal\u0131n\u0131n \u0259m\u0259kda\u015flar\u0131 g\u0259lib:\n<\/p>\n<p>\n  \u201cG\u00f6zl\u0259yirdil\u0259r ki, bu d\u0259f\u0259 t\u0259rifl\u0259y\u0259c\u0259yik, onlar da pulumuzu ver\u0259c\u0259kl\u0259r. M\u0259n yen\u0259 t\u0259rif dem\u0259dim. Dedim, \u00f6vlad\u0131m\u0131n haqq\u0131 olan v\u0259saitin verilm\u0259sin\u0259 g\u00f6r\u0259 he\u00e7 kim\u0259 t\u0259\u015f\u0259kk\u00fcr etm\u0259y\u0259c\u0259y\u0259m. G\u00f6r\u00fcn\u00fcr, bu da onlar\u0131n xo\u015funa g\u0259lm\u0259di. Verm\u0259sinl\u0259r, eybi yox, ancaq ham\u0131 da bu haqs\u0131zl\u0131\u011f\u0131 bilsin. Bilsinl\u0259r ki, bu \u00f6lk\u0259, v\u0259t\u0259n u\u011frunda can\u0131ndan ke\u00e7\u0259n\u0259, k\u00f6n\u00fcll\u00fc d\u00f6y\u00fc\u015f\u0259n\u0259 qiym\u0259t verilmir\u201d.\n<\/p>\n<p>\n  Meydan TV m\u0259s\u0259l\u0259y\u0259 M\u00fcdafi\u0259 Nazirliyind\u0259n m\u00fcnasib\u0259t \u00f6yr\u0259n\u0259 bilm\u0259yib.\n<\/p>\n<p>\n  2019-cu ilin \u0259vv\u0259li prezident \u0130lham \u018fliyev 10 min\u0259 yax\u0131n \u015f\u0259hid ail\u0259sin\u0259 d\u00f6vl\u0259t t\u0259r\u0259find\u0259n 11 min manat m\u0259bl\u0259\u011find\u0259 bird\u0259f\u0259lik \u00f6d\u0259m\u0259l\u0259rin verilm\u0259sini n\u0259z\u0259rd\u0259 tutan F\u0259rman imzalay\u0131b.\n<\/p>\n<p>\n  \u018fm\u0259k v\u0259 \u018fhalinin Sosial M\u00fcdafi\u0259si Nazirliyi \u00f6t\u0259n ay yayd\u0131\u011f\u0131 a\u00e7\u0131qlamada is\u0259 bildirib ki, daha 104 \u015f\u0259hidin v\u0259r\u0259s\u0259sin\u0259 birf\u0259f\u0259lik \u00f6d\u0259m\u0259nin verilm\u0259si il\u0259 ba\u011fl\u0131 q\u0259rar q\u0259bul edilib.\n<\/p>\n<p>\n  M\u0259lumatda bildirilir ki, prezident \u0130lham \u018fliyevin m\u00fcvafiq F\u0259rman\u0131n\u0131n icras\u0131 olaraq, \u015f\u0259hidl\u0259rin v\u0259r\u0259s\u0259l\u0259rinin bird\u0259f\u0259lik \u00f6d\u0259m\u0259 (11 min manat) il\u0259 t\u0259minat\u0131 i\u015fl\u0259ri davam edir:\n<\/p>\n<p>\n  \u201cKomissiyan\u0131n n\u00f6vb\u0259ti iclas\u0131nda daha 104 \u015f\u0259hidin 162 v\u0259r\u0259s\u0259sin\u0259 bird\u0259f\u0259lik \u00f6d\u0259m\u0259nin verilm\u0259sin\u0259 dair q\u0259rar q\u0259bul olunub. Bird\u0259f\u0259lik \u00f6d\u0259m\u0259l\u0259rin yax\u0131n g\u00fcnl\u0259rd\u0259 h\u0259min v\u0259r\u0259s\u0259l\u0259rin bank hesablar\u0131na k\u00f6\u00e7\u00fcr\u00fclm\u0259si \u00fc\u00e7\u00fcn m\u00fcvafiq i\u015fl\u0259r apar\u0131l\u0131r\u201d.\n<\/p>\n<p>\n  M\u0259lumata g\u00f6r\u0259, \u00fcmumilikd\u0259 12268 \u015f\u0259hidin v\u0259r\u0259s\u0259l\u0259rinin bird\u0259f\u0259lik \u00f6d\u0259m\u0259 almaq h\u00fcququ m\u00fc\u0259yy\u0259n edilib. Bu g\u00fcn\u0259d\u0259k art\u0131q 11 507 \u015f\u0259hidin 17 111 v\u0259r\u0259s\u0259sinin bird\u0259f\u0259lik \u00f6d\u0259m\u0259 il\u0259 t\u0259minat\u0131na dair q\u0259rar q\u0259bul edilib.\n<\/p>\n<p>\n  Nazirlik bildirir ki, \u015f\u0259hidl\u0259rin v\u0259r\u0259s\u0259l\u0259rinin bird\u0259f\u0259lik \u00f6d\u0259m\u0259 il\u0259 t\u0259minat\u0131 proqram\u0131 art\u0131q 94 faiz icra olunub.<\/p>\n","protected":false},"excerpt":{"rendered":"<p>Ana deyir ki, bundan sonra evl\u0259rin\u0259 ARB telekanal\u0131n\u0131n \u0259m\u0259kda\u015flar\u0131 g\u0259lib<\/p>\n","protected":false},"author":11,"featured_media":130102,"comment_status":"closed","ping_status":"open","sticky":false,"template":"","format":"standard","meta":{"_acf_changed":false,"_sitemap_exclude":false,"_sitemap_priority":"","_sitemap_frequency":"","footnotes":""},"categories":[60],"tags":[],"class_list":["post-197105","post","type-post","status-publish","format-standard","has-post-thumbnail","hentry","category-bolge","infinite-scroll-item","generate-columns","tablet-grid-50","mobile-grid-100","grid-parent","grid-33","no-featured-image-padding"],"acf":[],"yoast_head":"<!-- This site is optimized with the Yoast SEO plugin v27.5 - https:\/\/yoast.com\/product\/yoast-seo-wordpress\/ -->\n<title>\u015e\u0259hid anas\u0131: Haqq\u0131m olan\u0131 almaq \u00fc\u00e7\u00fcn yaltaqlanmaq niyy\u0259tind\u0259 deyil\u0259m - MEYDAN.TV<\/title>\n<meta name=\"robots\" content=\"index, follow, max-snippet:-1, max-image-preview:large, max-video-preview:-1\" \/>\n<link rel=\"canonical\" href=\"https:\/\/www.meydan.tv\/az\/article\/sehid-anasi-haqqim-olani-almaq-ucun-yaltaqlanmaq-niyyetinde-deyilem\/\" \/>\n<meta property=\"og:locale\" content=\"az_AZ\" \/>\n<meta property=\"og:type\" content=\"article\" \/>\n<meta property=\"og:title\" content=\"\u015e\u0259hid anas\u0131: Haqq\u0131m olan\u0131 almaq \u00fc\u00e7\u00fcn yaltaqlanmaq niyy\u0259tind\u0259 deyil\u0259m - MEYDAN.TV\" \/>\n<meta property=\"og:description\" content=\"Ana deyir ki, bundan sonra evl\u0259rin\u0259 ARB telekanal\u0131n\u0131n \u0259m\u0259kda\u015flar\u0131 g\u0259lib\" \/>\n<meta property=\"og:url\" content=\"https:\/\/www.meydan.tv\/az\/article\/sehid-anasi-haqqim-olani-almaq-ucun-yaltaqlanmaq-niyyetinde-deyilem\/\" \/>\n<meta property=\"og:site_name\" content=\"MEYDAN.TV\" \/>\n<meta property=\"article:published_time\" content=\"2019-09-24T10:11:46+00:00\" \/>\n<meta property=\"og:image\" content=\"https:\/\/www.meydan.tv\/wp-content\/uploads\/image_from_ios_11_2fkns3z-scaled.jpg\" \/>\n\t<meta property=\"og:image:width\" content=\"2560\" \/>\n\t<meta property=\"og:image:height\" content=\"1920\" \/>\n\t<meta property=\"og:image:type\" content=\"image\/jpeg\" \/>\n<meta name=\"author\" content=\"user-manager\" \/>\n<meta name=\"twitter:card\" content=\"summary_large_image\" \/>\n<script type=\"application\/ld+json\" class=\"yoast-schema-graph\">{\"@context\":\"https:\\\/\\\/schema.org\",\"@graph\":[{\"@type\":\"Article\",\"@id\":\"https:\\\/\\\/www.meydan.tv\\\/az\\\/article\\\/sehid-anasi-haqqim-olani-almaq-ucun-yaltaqlanmaq-niyyetinde-deyilem\\\/#article\",\"isPartOf\":{\"@id\":\"https:\\\/\\\/www.meydan.tv\\\/az\\\/article\\\/sehid-anasi-haqqim-olani-almaq-ucun-yaltaqlanmaq-niyyetinde-deyilem\\\/\"},\"author\":{\"name\":\"user-manager\",\"@id\":\"https:\\\/\\\/www.meydan.tv\\\/az\\\/#\\\/schema\\\/person\\\/10d11eccf6da3662cf5fdab9806ea91a\"},\"headline\":\"\u015e\u0259hid anas\u0131: Haqq\u0131m olan\u0131 almaq \u00fc\u00e7\u00fcn yaltaqlanmaq niyy\u0259tind\u0259 deyil\u0259m\",\"datePublished\":\"2019-09-24T10:11:46+00:00\",\"mainEntityOfPage\":{\"@id\":\"https:\\\/\\\/www.meydan.tv\\\/az\\\/article\\\/sehid-anasi-haqqim-olani-almaq-ucun-yaltaqlanmaq-niyyetinde-deyilem\\\/\"},\"wordCount\":1127,\"publisher\":{\"@id\":\"https:\\\/\\\/www.meydan.tv\\\/az\\\/#organization\"},\"image\":{\"@id\":\"https:\\\/\\\/www.meydan.tv\\\/az\\\/article\\\/sehid-anasi-haqqim-olani-almaq-ucun-yaltaqlanmaq-niyyetinde-deyilem\\\/#primaryimage\"},\"thumbnailUrl\":\"https:\\\/\\\/www.meydan.tv\\\/wp-content\\\/uploads\\\/image_from_ios_11_2fkns3z-scaled.jpg\",\"articleSection\":[\"B\u00f6lg\u0259\"],\"inLanguage\":\"az\"},{\"@type\":\"WebPage\",\"@id\":\"https:\\\/\\\/www.meydan.tv\\\/az\\\/article\\\/sehid-anasi-haqqim-olani-almaq-ucun-yaltaqlanmaq-niyyetinde-deyilem\\\/\",\"url\":\"https:\\\/\\\/www.meydan.tv\\\/az\\\/article\\\/sehid-anasi-haqqim-olani-almaq-ucun-yaltaqlanmaq-niyyetinde-deyilem\\\/\",\"name\":\"\u015e\u0259hid anas\u0131: Haqq\u0131m olan\u0131 almaq \u00fc\u00e7\u00fcn yaltaqlanmaq niyy\u0259tind\u0259 deyil\u0259m - MEYDAN.TV\",\"isPartOf\":{\"@id\":\"https:\\\/\\\/www.meydan.tv\\\/az\\\/#website\"},\"primaryImageOfPage\":{\"@id\":\"https:\\\/\\\/www.meydan.tv\\\/az\\\/article\\\/sehid-anasi-haqqim-olani-almaq-ucun-yaltaqlanmaq-niyyetinde-deyilem\\\/#primaryimage\"},\"image\":{\"@id\":\"https:\\\/\\\/www.meydan.tv\\\/az\\\/article\\\/sehid-anasi-haqqim-olani-almaq-ucun-yaltaqlanmaq-niyyetinde-deyilem\\\/#primaryimage\"},\"thumbnailUrl\":\"https:\\\/\\\/www.meydan.tv\\\/wp-content\\\/uploads\\\/image_from_ios_11_2fkns3z-scaled.jpg\",\"datePublished\":\"2019-09-24T10:11:46+00:00\",\"breadcrumb\":{\"@id\":\"https:\\\/\\\/www.meydan.tv\\\/az\\\/article\\\/sehid-anasi-haqqim-olani-almaq-ucun-yaltaqlanmaq-niyyetinde-deyilem\\\/#breadcrumb\"},\"inLanguage\":\"az\",\"potentialAction\":[{\"@type\":\"ReadAction\",\"target\":[\"https:\\\/\\\/www.meydan.tv\\\/az\\\/article\\\/sehid-anasi-haqqim-olani-almaq-ucun-yaltaqlanmaq-niyyetinde-deyilem\\\/\"]}]},{\"@type\":\"ImageObject\",\"inLanguage\":\"az\",\"@id\":\"https:\\\/\\\/www.meydan.tv\\\/az\\\/article\\\/sehid-anasi-haqqim-olani-almaq-ucun-yaltaqlanmaq-niyyetinde-deyilem\\\/#primaryimage\",\"url\":\"https:\\\/\\\/www.meydan.tv\\\/wp-content\\\/uploads\\\/image_from_ios_11_2fkns3z-scaled.jpg\",\"contentUrl\":\"https:\\\/\\\/www.meydan.tv\\\/wp-content\\\/uploads\\\/image_from_ios_11_2fkns3z-scaled.jpg\",\"width\":2560,\"height\":1920,\"caption\":\"Source: Specify Source\"},{\"@type\":\"BreadcrumbList\",\"@id\":\"https:\\\/\\\/www.meydan.tv\\\/az\\\/article\\\/sehid-anasi-haqqim-olani-almaq-ucun-yaltaqlanmaq-niyyetinde-deyilem\\\/#breadcrumb\",\"itemListElement\":[{\"@type\":\"ListItem\",\"position\":1,\"name\":\"Ana s\u0259hif\u0259\",\"item\":\"https:\\\/\\\/www.meydan.tv\\\/az\\\/\"},{\"@type\":\"ListItem\",\"position\":2,\"name\":\"B\u00f6lg\u0259\",\"item\":\"https:\\\/\\\/www.meydan.tv\\\/az\\\/section\\\/bolge\\\/\"},{\"@type\":\"ListItem\",\"position\":3,\"name\":\"\u015e\u0259hid anas\u0131: Haqq\u0131m olan\u0131 almaq \u00fc\u00e7\u00fcn yaltaqlanmaq niyy\u0259tind\u0259 deyil\u0259m\"}]},{\"@type\":\"WebSite\",\"@id\":\"https:\\\/\\\/www.meydan.tv\\\/az\\\/#website\",\"url\":\"https:\\\/\\\/www.meydan.tv\\\/az\\\/\",\"name\":\"MEYDAN.TV\",\"description\":\"Meydan TV Az\u0259rbaycan\u0131n media m\u0259kan\u0131ndak\u0131 alternativ s\u0259sidir\",\"publisher\":{\"@id\":\"https:\\\/\\\/www.meydan.tv\\\/az\\\/#organization\"},\"potentialAction\":[{\"@type\":\"SearchAction\",\"target\":{\"@type\":\"EntryPoint\",\"urlTemplate\":\"https:\\\/\\\/www.meydan.tv\\\/az\\\/?s={search_term_string}\"},\"query-input\":{\"@type\":\"PropertyValueSpecification\",\"valueRequired\":true,\"valueName\":\"search_term_string\"}}],\"inLanguage\":\"az\"},{\"@type\":\"Organization\",\"@id\":\"https:\\\/\\\/www.meydan.tv\\\/az\\\/#organization\",\"name\":\"Meydan TV\",\"url\":\"https:\\\/\\\/www.meydan.tv\\\/az\\\/\",\"logo\":{\"@type\":\"ImageObject\",\"inLanguage\":\"az\",\"@id\":\"https:\\\/\\\/www.meydan.tv\\\/az\\\/#\\\/schema\\\/logo\\\/image\\\/\",\"url\":\"https:\\\/\\\/www.meydan.tv\\\/wp-content\\\/uploads\\\/2021\\\/07\\\/meydan-logo.svg\",\"contentUrl\":\"https:\\\/\\\/www.meydan.tv\\\/wp-content\\\/uploads\\\/2021\\\/07\\\/meydan-logo.svg\",\"width\":195,\"height\":46,\"caption\":\"Meydan TV\"},\"image\":{\"@id\":\"https:\\\/\\\/www.meydan.tv\\\/az\\\/#\\\/schema\\\/logo\\\/image\\\/\"}},{\"@type\":\"Person\",\"@id\":\"https:\\\/\\\/www.meydan.tv\\\/az\\\/#\\\/schema\\\/person\\\/10d11eccf6da3662cf5fdab9806ea91a\",\"name\":\"user-manager\"}]}<\/script>\n<!-- \/ Yoast SEO plugin. -->","yoast_head_json":{"title":"\u015e\u0259hid anas\u0131: Haqq\u0131m olan\u0131 almaq \u00fc\u00e7\u00fcn yaltaqlanmaq niyy\u0259tind\u0259 deyil\u0259m - MEYDAN.TV","robots":{"index":"index","follow":"follow","max-snippet":"max-snippet:-1","max-image-preview":"max-image-preview:large","max-video-preview":"max-video-preview:-1"},"canonical":"https:\/\/www.meydan.tv\/az\/article\/sehid-anasi-haqqim-olani-almaq-ucun-yaltaqlanmaq-niyyetinde-deyilem\/","og_locale":"az_AZ","og_type":"article","og_title":"\u015e\u0259hid anas\u0131: Haqq\u0131m olan\u0131 almaq \u00fc\u00e7\u00fcn yaltaqlanmaq niyy\u0259tind\u0259 deyil\u0259m - MEYDAN.TV","og_description":"Ana deyir ki, bundan sonra evl\u0259rin\u0259 ARB telekanal\u0131n\u0131n \u0259m\u0259kda\u015flar\u0131 g\u0259lib","og_url":"https:\/\/www.meydan.tv\/az\/article\/sehid-anasi-haqqim-olani-almaq-ucun-yaltaqlanmaq-niyyetinde-deyilem\/","og_site_name":"MEYDAN.TV","article_published_time":"2019-09-24T10:11:46+00:00","og_image":[{"width":2560,"height":1920,"url":"https:\/\/www.meydan.tv\/wp-content\/uploads\/image_from_ios_11_2fkns3z-scaled.jpg","type":"image\/jpeg"}],"author":"user-manager","twitter_card":"summary_large_image","schema":{"@context":"https:\/\/schema.org","@graph":[{"@type":"Article","@id":"https:\/\/www.meydan.tv\/az\/article\/sehid-anasi-haqqim-olani-almaq-ucun-yaltaqlanmaq-niyyetinde-deyilem\/#article","isPartOf":{"@id":"https:\/\/www.meydan.tv\/az\/article\/sehid-anasi-haqqim-olani-almaq-ucun-yaltaqlanmaq-niyyetinde-deyilem\/"},"author":{"name":"user-manager","@id":"https:\/\/www.meydan.tv\/az\/#\/schema\/person\/10d11eccf6da3662cf5fdab9806ea91a"},"headline":"\u015e\u0259hid anas\u0131: Haqq\u0131m olan\u0131 almaq \u00fc\u00e7\u00fcn yaltaqlanmaq niyy\u0259tind\u0259 deyil\u0259m","datePublished":"2019-09-24T10:11:46+00:00","mainEntityOfPage":{"@id":"https:\/\/www.meydan.tv\/az\/article\/sehid-anasi-haqqim-olani-almaq-ucun-yaltaqlanmaq-niyyetinde-deyilem\/"},"wordCount":1127,"publisher":{"@id":"https:\/\/www.meydan.tv\/az\/#organization"},"image":{"@id":"https:\/\/www.meydan.tv\/az\/article\/sehid-anasi-haqqim-olani-almaq-ucun-yaltaqlanmaq-niyyetinde-deyilem\/#primaryimage"},"thumbnailUrl":"https:\/\/www.meydan.tv\/wp-content\/uploads\/image_from_ios_11_2fkns3z-scaled.jpg","articleSection":["B\u00f6lg\u0259"],"inLanguage":"az"},{"@type":"WebPage","@id":"https:\/\/www.meydan.tv\/az\/article\/sehid-anasi-haqqim-olani-almaq-ucun-yaltaqlanmaq-niyyetinde-deyilem\/","url":"https:\/\/www.meydan.tv\/az\/article\/sehid-anasi-haqqim-olani-almaq-ucun-yaltaqlanmaq-niyyetinde-deyilem\/","name":"\u015e\u0259hid anas\u0131: Haqq\u0131m olan\u0131 almaq \u00fc\u00e7\u00fcn yaltaqlanmaq niyy\u0259tind\u0259 deyil\u0259m - MEYDAN.TV","isPartOf":{"@id":"https:\/\/www.meydan.tv\/az\/#website"},"primaryImageOfPage":{"@id":"https:\/\/www.meydan.tv\/az\/article\/sehid-anasi-haqqim-olani-almaq-ucun-yaltaqlanmaq-niyyetinde-deyilem\/#primaryimage"},"image":{"@id":"https:\/\/www.meydan.tv\/az\/article\/sehid-anasi-haqqim-olani-almaq-ucun-yaltaqlanmaq-niyyetinde-deyilem\/#primaryimage"},"thumbnailUrl":"https:\/\/www.meydan.tv\/wp-content\/uploads\/image_from_ios_11_2fkns3z-scaled.jpg","datePublished":"2019-09-24T10:11:46+00:00","breadcrumb":{"@id":"https:\/\/www.meydan.tv\/az\/article\/sehid-anasi-haqqim-olani-almaq-ucun-yaltaqlanmaq-niyyetinde-deyilem\/#breadcrumb"},"inLanguage":"az","potentialAction":[{"@type":"ReadAction","target":["https:\/\/www.meydan.tv\/az\/article\/sehid-anasi-haqqim-olani-almaq-ucun-yaltaqlanmaq-niyyetinde-deyilem\/"]}]},{"@type":"ImageObject","inLanguage":"az","@id":"https:\/\/www.meydan.tv\/az\/article\/sehid-anasi-haqqim-olani-almaq-ucun-yaltaqlanmaq-niyyetinde-deyilem\/#primaryimage","url":"https:\/\/www.meydan.tv\/wp-content\/uploads\/image_from_ios_11_2fkns3z-scaled.jpg","contentUrl":"https:\/\/www.meydan.tv\/wp-content\/uploads\/image_from_ios_11_2fkns3z-scaled.jpg","width":2560,"height":1920,"caption":"Source: Specify Source"},{"@type":"BreadcrumbList","@id":"https:\/\/www.meydan.tv\/az\/article\/sehid-anasi-haqqim-olani-almaq-ucun-yaltaqlanmaq-niyyetinde-deyilem\/#breadcrumb","itemListElement":[{"@type":"ListItem","position":1,"name":"Ana s\u0259hif\u0259","item":"https:\/\/www.meydan.tv\/az\/"},{"@type":"ListItem","position":2,"name":"B\u00f6lg\u0259","item":"https:\/\/www.meydan.tv\/az\/section\/bolge\/"},{"@type":"ListItem","position":3,"name":"\u015e\u0259hid anas\u0131: Haqq\u0131m olan\u0131 almaq \u00fc\u00e7\u00fcn yaltaqlanmaq niyy\u0259tind\u0259 deyil\u0259m"}]},{"@type":"WebSite","@id":"https:\/\/www.meydan.tv\/az\/#website","url":"https:\/\/www.meydan.tv\/az\/","name":"MEYDAN.TV","description":"Meydan TV Az\u0259rbaycan\u0131n media m\u0259kan\u0131ndak\u0131 alternativ s\u0259sidir","publisher":{"@id":"https:\/\/www.meydan.tv\/az\/#organization"},"potentialAction":[{"@type":"SearchAction","target":{"@type":"EntryPoint","urlTemplate":"https:\/\/www.meydan.tv\/az\/?s={search_term_string}"},"query-input":{"@type":"PropertyValueSpecification","valueRequired":true,"valueName":"search_term_string"}}],"inLanguage":"az"},{"@type":"Organization","@id":"https:\/\/www.meydan.tv\/az\/#organization","name":"Meydan TV","url":"https:\/\/www.meydan.tv\/az\/","logo":{"@type":"ImageObject","inLanguage":"az","@id":"https:\/\/www.meydan.tv\/az\/#\/schema\/logo\/image\/","url":"https:\/\/www.meydan.tv\/wp-content\/uploads\/2021\/07\/meydan-logo.svg","contentUrl":"https:\/\/www.meydan.tv\/wp-content\/uploads\/2021\/07\/meydan-logo.svg","width":195,"height":46,"caption":"Meydan TV"},"image":{"@id":"https:\/\/www.meydan.tv\/az\/#\/schema\/logo\/image\/"}},{"@type":"Person","@id":"https:\/\/www.meydan.tv\/az\/#\/schema\/person\/10d11eccf6da3662cf5fdab9806ea91a","name":"user-manager"}]}},"_links":{"self":[{"href":"https:\/\/www.meydan.tv\/az\/wp-json\/wp\/v2\/posts\/197105","targetHints":{"allow":["GET"]}}],"collection":[{"href":"https:\/\/www.meydan.tv\/az\/wp-json\/wp\/v2\/posts"}],"about":[{"href":"https:\/\/www.meydan.tv\/az\/wp-json\/wp\/v2\/types\/post"}],"author":[{"embeddable":true,"href":"https:\/\/www.meydan.tv\/az\/wp-json\/wp\/v2\/users\/11"}],"replies":[{"embeddable":true,"href":"https:\/\/www.meydan.tv\/az\/wp-json\/wp\/v2\/comments?post=197105"}],"version-history":[{"count":0,"href":"https:\/\/www.meydan.tv\/az\/wp-json\/wp\/v2\/posts\/197105\/revisions"}],"wp:featuredmedia":[{"embeddable":true,"href":"https:\/\/www.meydan.tv\/az\/wp-json\/wp\/v2\/media\/130102"}],"wp:attachment":[{"href":"https:\/\/www.meydan.tv\/az\/wp-json\/wp\/v2\/media?parent=197105"}],"wp:term":[{"taxonomy":"category","embeddable":true,"href":"https:\/\/www.meydan.tv\/az\/wp-json\/wp\/v2\/categories?post=197105"},{"taxonomy":"post_tag","embeddable":true,"href":"https:\/\/www.meydan.tv\/az\/wp-json\/wp\/v2\/tags?post=197105"}],"curies":[{"name":"wp","href":"https:\/\/api.w.org\/{rel}","templated":true}]}}