{"id":197104,"date":"2019-09-23T19:14:02","date_gmt":"2019-09-23T19:14:02","guid":{"rendered":"https:\/\/www.meydan.tv\/article\/fuad-qehremanli-yayilan-ses-yazisinin-ona-aid-olmadigini-deyir\/"},"modified":"2019-09-23T19:14:02","modified_gmt":"2019-09-23T19:14:02","slug":"fuad-qehremanli-yayilan-ses-yazisinin-ona-aid-olmadigini-deyir","status":"publish","type":"post","link":"https:\/\/www.meydan.tv\/az\/article\/fuad-qehremanli-yayilan-ses-yazisinin-ona-aid-olmadigini-deyir\/","title":{"rendered":"Fuad Q\u0259hr\u0259manl\u0131 yay\u0131lan s\u0259s yaz\u0131s\u0131n\u0131n ona aid olmad\u0131\u011f\u0131n\u0131 deyir"},"content":{"rendered":"<p>\n  <i><br \/>\n    \u201c\u018fg\u0259r m\u0259n h\u0259r hans\u0131 bir raz\u0131la\u015fman\u0131n i\u00e7ind\u0259y\u0259ms\u0259, o zaman niy\u0259 bunu edirl\u0259r?\u201d<br \/>\n  <\/i>\n<\/p>\n<p>\n  \u00d6t\u0259n h\u0259ft\u0259 Az\u0259rbaycan Xalq C\u0259bh\u0259si Partiyas\u0131n\u0131n s\u0259dr m\u00fcavinliyind\u0259n istefa vermi\u015f Fuad Q\u0259hr\u0259manl\u0131n\u0131n oldu\u011fu iddia edil\u0259n s\u0259s yaz\u0131s\u0131 yay\u0131l\u0131b.\n<\/p>\n<p>\n  H\u0259min audio yaz\u0131da Fuad Q\u0259hr\u0259manl\u0131 oldu\u011fu g\u00fcman edil\u0259n \u015f\u0259xs deputat olmaq ist\u0259diyini, hakimiyy\u0259tl\u0259 m\u00fcxalif\u0259tin raz\u0131la\u015fd\u0131r\u0131lm\u0131\u015f namiz\u0259di olaca\u011f\u0131n\u0131 s\u00f6yl\u0259yir:\n<\/p>\n<p>\n  \u201c\u018fg\u0259r YAP iqtidar\u0131 saxlaya bilmirs\u0259, \u018fli K\u0259rimli v\u0259 d\u0259st\u0259si d\u0259 hakimiyy\u0259t\u0259 g\u0259l\u0259 bilmirs\u0259, onlar optimal variant olaraq m\u0259nim namiz\u0259dliyimin \u00fcz\u0259rind\u0259 dayanacaqlar. \u00c7\u00fcnki h\u0259r iki t\u0259r\u0259f bilir ki, birinin hakimiyy\u0259td\u0259 qalmas\u0131 v\u0259 ya o birinin hakimiyy\u0259t\u0259 g\u0259lm\u0259si dig\u0259ri \u00fc\u00e7\u00fcn faci\u0259dir. Bu s\u0259b\u0259bd\u0259n onlar m\u0259cbur qal\u0131b, m\u0259nim namiz\u0259dliyimi q\u0259bul ed\u0259c\u0259kl\u0259r. \u00c7\u00fcnki m\u0259n h\u0259m iqtidara, h\u0259m d\u0259 AXCP-y\u0259 i\u015fl\u0259yir\u0259m\u201d.\n<\/p>\n<p>\n  H\u0259min \u015f\u0259xs \u018frdo\u011fan\u0131n siyasi texnologiyas\u0131ndan istifad\u0259 ed\u0259c\u0259yini vur\u011fulay\u0131r: \u201c\u018frdo\u011fan N\u0259cm\u0259ddin \u018frbakan\u0131 aldatd\u0131\u011f\u0131 kimi, m\u0259n d\u0259 \u018fli K\u0259rimlini aldadacam\u201d.\n<\/p>\n<p>\n  S\u0259s yaz\u0131s\u0131n\u0131n ona aid olmad\u0131\u011f\u0131n\u0131 dey\u0259n Fuad Q\u0259hr\u0259manl\u0131 orada deyil\u0259nl\u0259ri absurd hesab edir:\n<\/p>\n<p>\n  \u201cOrada iddia olunur ki, m\u0259n parlament se\u00e7kil\u0259rind\u0259n istifad\u0259 edib deputat olamaq ist\u0259yir\u0259m v\u0259 bu zaman \u018fli b\u0259y k\u0259narda qalacaq. Sonra da \u0130lham \u018fliyev hakimiyy\u0259ti \u0259ld\u0259 saxlaya bilm\u0259y\u0259nd\u0259 onunla AXCP aras\u0131nda h\u0259r iki t\u0259r\u0259fin raz\u0131lasaca\u011f\u0131 fiqur kimi hakimiyy\u0259t\u0259 g\u0259l\u0259c\u0259y\u0259m. Bu q\u0259d\u0259r absurd v\u0259 C\u0131rtdan\u0131n na\u011f\u0131l\u0131na b\u0259nz\u0259r plan ola bil\u0259r?\n<\/p>\n<p>\n  \u018fvv\u0259la, partiya parlament se\u00e7kisin\u0259 getm\u0259y\u0259c\u0259ks\u0259, he\u00e7 vaxt se\u00e7kiy\u0259 getm\u0259r\u0259m, partiya da i\u015ftirak ed\u0259nd\u0259 m\u0259nd\u0259n qabaq \u018fli b\u0259y bu se\u00e7kid\u0259 qalib olacaq.\n<\/p>\n<p>\n  \u0130kinci, hakimiyy\u0259t raz\u0131la\u015fma yolu il\u0259 deyil, se\u00e7ki yolu il\u0259 d\u0259yi\u015f\u0259 bil\u0259r.\n<\/p>\n<p>\n  \u00dc\u00e7\u00fcnc\u00fc \u018fli K\u0259rimlinin statusu el\u0259dir ki, n\u0259inki m\u0259n, bu g\u00fcn m\u00fcxalif\u0259td\u0259 he\u00e7 kim onun \u00fcst\u00fcnd\u0259n adlay\u0131b hakimiyy\u0259t\u0259 g\u0259l\u0259 bilm\u0259z\u201d.\n<\/p>\n<p>\n  F.Q\u0259hr\u0259manl\u0131 sual edir:\n<\/p>\n<p>\n  \u201cM\u0259n bel\u0259 ciddi bir plan\u0131 kiminl\u0259 dan\u0131\u015fa bil\u0259r\u0259m? Bunu iqtidar n\u00fcmay\u0259nd\u0259si il\u0259 dan\u0131\u015fmaq olmaz, \u00e7\u00fcnk\u00fc hakimiyy\u0259tin \u0130lham \u018fliyevd\u0259n al\u0131nmas\u0131 m\u00f6vzusunu hakimiyy\u0259tin n\u00fcmay\u0259nd\u0259si il\u0259 etm\u0259k olmaz. Eyni m\u0259ntiql\u0259 bunu AXCP-d\u0259n olanlarla da m\u00fczakir\u0259 etm\u0259k olmaz, \u00e7\u00fcnki bu zaman da \u018fli b\u0259y\u0259 qar\u015f\u0131 \u00e7\u0131xmaq olur.\n<\/p>\n<p>\n  M\u0259nim s\u0259simd\u0259n x\u00fcsusi komp\u00fcter proqram\u0131ndan istifad\u0259 olunaraq y\u0131\u011f\u0131lm\u0131\u015f bu saxta s\u0259s yaz\u0131s\u0131 niy\u0259 yay\u0131l\u0131b? \u018fg\u0259r m\u0259n h\u0259r hans\u0131 bir raz\u0131la\u015fman\u0131n i\u00e7ind\u0259y\u0259ms\u0259, o zaman niy\u0259 bunu edirl\u0259r? M\u0259ntiq varm\u0131? Hakimiyy\u0259tin raz\u0131l\u0131\u011f\u0131 olmadan kim bel\u0259 bir saxta s\u0259s yaz\u0131s\u0131 haz\u0131rlay\u0131b yaya bil\u0259r? Bir d\u0259 bu s\u0259si yazan, niy\u0259 video g\u00f6r\u00fcnt\u00fc \u00e7\u0259km\u0259yib, bir halda ki, bu i\u015f \u00fc\u00e7\u00fcn haz\u0131rl\u0131q gedibs\u0259, g\u0259r\u0259k video da olayd\u0131. Dem\u0259li, bel\u0259 bir dan\u0131\u015f\u0131q olmay\u0131b.\n<\/p>\n<p>\n  S\u0259s yaz\u0131s\u0131ndan bel\u0259 m\u0259lum olur ki, m\u0259n bu plan\u0131 kim\u0259s\u0259 diqt\u0259 edir\u0259m. M\u0259nim tabe\u00e7iliyimd\u0259 el\u0259 bir qurum yoxdur ki, ona bel\u0259 bir plan h\u0259val\u0259 edim.\n<\/p>\n<p>\n  \u018fksin\u0259, bu, onu g\u00f6st\u0259rir ki, m\u0259qs\u0259d m\u0259lum olaydan sonra m\u0259ni partyada\u015flar\u0131m\u0131n v\u0259 c\u0259miyy\u0259tin m\u00fcdafi\u0259sind\u0259n m\u0259hrum etm\u0259kdir.\n<\/p>\n<p>\n  Ayd\u0131n s\u00fcbut olunur ki, hakimiyy\u0259t art\u0131q bu m\u0259s\u0259l\u0259d\u0259 bir t\u0259r\u0259fdir\u201d.\n<\/p>\n<p>\n  <a href=\"https:\/\/www.meydan.tv\/az\/article\/fuad-qehremanli-axcp-sedrinin-muavini-postundan-istefa-verdi\/?ref=search\"><br \/>\n    Fuad Q\u0259hr\u0259manl\u0131<br \/>\n  <\/a><br \/>\n  n\u0131n q\u0131z\u0131, haz\u0131rda Niderlandda t\u0259hsil alan g\u0259nc f\u0259al Selcan Ya\u011fmur sentyabr\u0131n 19-da a\u00e7\u0131qlama yayaraq atas\u0131ndan, onun soyad\u0131ndan imtina etdiyini bildirib. Anas\u0131, yazar Z\u00fcmr\u00fcd Ya\u011fmurun t\u0259x\u0259ll\u00fcs\u00fc il\u0259 \u00e7\u0131x\u0131\u015f ed\u0259n Selcan buna s\u0259b\u0259b kimi atas\u0131n\u0131n ail\u0259sin\u0259 g\u00f6st\u0259rdiyi \u015fidd\u0259td\u0259n dan\u0131\u015f\u0131b.\n<\/p>\n<p>\n  \u0130ctimai q\u0131na\u011fa tu\u015f g\u0259l\u0259n Fuad Q\u0259hr\u0259manl\u0131 s\u0259dr m\u00fcavini postundan istefa verib.\n<\/p>\n<p>\n  2015-ci ild\u0259 Nardaran hadis\u0259l\u0259ri il\u0259 ba\u011fl\u0131 h\u0259bs olunan F.Q\u0259hr\u0259manl\u0131 bu ilin part\u0131nda prezident \u0130lham \u018fliyevin imzalad\u0131\u011f\u0131 \u018ffv s\u0259r\u0259ncam\u0131 il\u0259 azadl\u0131\u011fa \u00e7\u0131xm\u0131\u015fd\u0131. Beyn\u0259lxalq t\u0259\u015fkilatlar onu siyasi m\u0259hbus kimi tan\u0131y\u0131rd\u0131.<\/p>\n","protected":false},"excerpt":{"rendered":"<p>Orada iddia olunur ki,  m\u0259n  parlament se\u00e7kil\u0259rind\u0259n istifad\u0259 edib deputat olamaq ist\u0259yir\u0259m v\u0259 bu zaman \u018fli b\u0259y k\u0259narda qalacaq.<\/p>\n","protected":false},"author":11,"featured_media":48079,"comment_status":"closed","ping_status":"open","sticky":false,"template":"","format":"standard","meta":{"_acf_changed":false,"_sitemap_exclude":false,"_sitemap_priority":"","_sitemap_frequency":"","footnotes":""},"categories":[59],"tags":[],"class_list":["post-197104","post","type-post","status-publish","format-standard","has-post-thumbnail","hentry","category-siyaset","infinite-scroll-item","generate-columns","tablet-grid-50","mobile-grid-100","grid-parent","grid-33","no-featured-image-padding"],"acf":[],"yoast_head":"<!-- This site is optimized with the Yoast SEO plugin v27.5 - https:\/\/yoast.com\/product\/yoast-seo-wordpress\/ -->\n<title>Fuad Q\u0259hr\u0259manl\u0131 yay\u0131lan s\u0259s yaz\u0131s\u0131n\u0131n ona aid olmad\u0131\u011f\u0131n\u0131 deyir - MEYDAN.TV<\/title>\n<meta name=\"robots\" content=\"index, follow, max-snippet:-1, max-image-preview:large, max-video-preview:-1\" \/>\n<link rel=\"canonical\" href=\"https:\/\/www.meydan.tv\/az\/article\/fuad-qehremanli-yayilan-ses-yazisinin-ona-aid-olmadigini-deyir\/\" \/>\n<meta property=\"og:locale\" content=\"az_AZ\" \/>\n<meta property=\"og:type\" content=\"article\" \/>\n<meta property=\"og:title\" content=\"Fuad Q\u0259hr\u0259manl\u0131 yay\u0131lan s\u0259s yaz\u0131s\u0131n\u0131n ona aid olmad\u0131\u011f\u0131n\u0131 deyir - MEYDAN.TV\" \/>\n<meta property=\"og:description\" content=\"Orada iddia olunur ki, m\u0259n parlament se\u00e7kil\u0259rind\u0259n istifad\u0259 edib deputat olamaq ist\u0259yir\u0259m v\u0259 bu zaman \u018fli b\u0259y k\u0259narda qalacaq.\" \/>\n<meta property=\"og:url\" content=\"https:\/\/www.meydan.tv\/az\/article\/fuad-qehremanli-yayilan-ses-yazisinin-ona-aid-olmadigini-deyir\/\" \/>\n<meta property=\"og:site_name\" content=\"MEYDAN.TV\" \/>\n<meta property=\"article:published_time\" content=\"2019-09-23T19:14:02+00:00\" \/>\n<meta property=\"og:image\" content=\"https:\/\/www.meydan.tv\/wp-content\/uploads\/18045.jpg\" \/>\n\t<meta property=\"og:image:width\" content=\"639\" \/>\n\t<meta property=\"og:image:height\" content=\"479\" \/>\n\t<meta property=\"og:image:type\" content=\"image\/jpeg\" \/>\n<meta name=\"author\" content=\"user-manager\" \/>\n<meta name=\"twitter:card\" content=\"summary_large_image\" \/>\n<script type=\"application\/ld+json\" class=\"yoast-schema-graph\">{\"@context\":\"https:\\\/\\\/schema.org\",\"@graph\":[{\"@type\":\"Article\",\"@id\":\"https:\\\/\\\/www.meydan.tv\\\/az\\\/article\\\/fuad-qehremanli-yayilan-ses-yazisinin-ona-aid-olmadigini-deyir\\\/#article\",\"isPartOf\":{\"@id\":\"https:\\\/\\\/www.meydan.tv\\\/az\\\/article\\\/fuad-qehremanli-yayilan-ses-yazisinin-ona-aid-olmadigini-deyir\\\/\"},\"author\":{\"name\":\"user-manager\",\"@id\":\"https:\\\/\\\/www.meydan.tv\\\/az\\\/#\\\/schema\\\/person\\\/10d11eccf6da3662cf5fdab9806ea91a\"},\"headline\":\"Fuad Q\u0259hr\u0259manl\u0131 yay\u0131lan s\u0259s yaz\u0131s\u0131n\u0131n ona aid olmad\u0131\u011f\u0131n\u0131 deyir\",\"datePublished\":\"2019-09-23T19:14:02+00:00\",\"mainEntityOfPage\":{\"@id\":\"https:\\\/\\\/www.meydan.tv\\\/az\\\/article\\\/fuad-qehremanli-yayilan-ses-yazisinin-ona-aid-olmadigini-deyir\\\/\"},\"wordCount\":817,\"publisher\":{\"@id\":\"https:\\\/\\\/www.meydan.tv\\\/az\\\/#organization\"},\"image\":{\"@id\":\"https:\\\/\\\/www.meydan.tv\\\/az\\\/article\\\/fuad-qehremanli-yayilan-ses-yazisinin-ona-aid-olmadigini-deyir\\\/#primaryimage\"},\"thumbnailUrl\":\"https:\\\/\\\/www.meydan.tv\\\/wp-content\\\/uploads\\\/18045.jpg\",\"articleSection\":[\"Siyas\u0259t\"],\"inLanguage\":\"az\"},{\"@type\":\"WebPage\",\"@id\":\"https:\\\/\\\/www.meydan.tv\\\/az\\\/article\\\/fuad-qehremanli-yayilan-ses-yazisinin-ona-aid-olmadigini-deyir\\\/\",\"url\":\"https:\\\/\\\/www.meydan.tv\\\/az\\\/article\\\/fuad-qehremanli-yayilan-ses-yazisinin-ona-aid-olmadigini-deyir\\\/\",\"name\":\"Fuad Q\u0259hr\u0259manl\u0131 yay\u0131lan s\u0259s yaz\u0131s\u0131n\u0131n ona aid olmad\u0131\u011f\u0131n\u0131 deyir - MEYDAN.TV\",\"isPartOf\":{\"@id\":\"https:\\\/\\\/www.meydan.tv\\\/az\\\/#website\"},\"primaryImageOfPage\":{\"@id\":\"https:\\\/\\\/www.meydan.tv\\\/az\\\/article\\\/fuad-qehremanli-yayilan-ses-yazisinin-ona-aid-olmadigini-deyir\\\/#primaryimage\"},\"image\":{\"@id\":\"https:\\\/\\\/www.meydan.tv\\\/az\\\/article\\\/fuad-qehremanli-yayilan-ses-yazisinin-ona-aid-olmadigini-deyir\\\/#primaryimage\"},\"thumbnailUrl\":\"https:\\\/\\\/www.meydan.tv\\\/wp-content\\\/uploads\\\/18045.jpg\",\"datePublished\":\"2019-09-23T19:14:02+00:00\",\"breadcrumb\":{\"@id\":\"https:\\\/\\\/www.meydan.tv\\\/az\\\/article\\\/fuad-qehremanli-yayilan-ses-yazisinin-ona-aid-olmadigini-deyir\\\/#breadcrumb\"},\"inLanguage\":\"az\",\"potentialAction\":[{\"@type\":\"ReadAction\",\"target\":[\"https:\\\/\\\/www.meydan.tv\\\/az\\\/article\\\/fuad-qehremanli-yayilan-ses-yazisinin-ona-aid-olmadigini-deyir\\\/\"]}]},{\"@type\":\"ImageObject\",\"inLanguage\":\"az\",\"@id\":\"https:\\\/\\\/www.meydan.tv\\\/az\\\/article\\\/fuad-qehremanli-yayilan-ses-yazisinin-ona-aid-olmadigini-deyir\\\/#primaryimage\",\"url\":\"https:\\\/\\\/www.meydan.tv\\\/wp-content\\\/uploads\\\/18045.jpg\",\"contentUrl\":\"https:\\\/\\\/www.meydan.tv\\\/wp-content\\\/uploads\\\/18045.jpg\",\"width\":639,\"height\":479,\"caption\":\"Source:\"},{\"@type\":\"BreadcrumbList\",\"@id\":\"https:\\\/\\\/www.meydan.tv\\\/az\\\/article\\\/fuad-qehremanli-yayilan-ses-yazisinin-ona-aid-olmadigini-deyir\\\/#breadcrumb\",\"itemListElement\":[{\"@type\":\"ListItem\",\"position\":1,\"name\":\"Ana s\u0259hif\u0259\",\"item\":\"https:\\\/\\\/www.meydan.tv\\\/az\\\/\"},{\"@type\":\"ListItem\",\"position\":2,\"name\":\"Siyas\u0259t\",\"item\":\"https:\\\/\\\/www.meydan.tv\\\/az\\\/section\\\/siyaset\\\/\"},{\"@type\":\"ListItem\",\"position\":3,\"name\":\"Fuad Q\u0259hr\u0259manl\u0131 yay\u0131lan s\u0259s yaz\u0131s\u0131n\u0131n ona aid olmad\u0131\u011f\u0131n\u0131 deyir\"}]},{\"@type\":\"WebSite\",\"@id\":\"https:\\\/\\\/www.meydan.tv\\\/az\\\/#website\",\"url\":\"https:\\\/\\\/www.meydan.tv\\\/az\\\/\",\"name\":\"MEYDAN.TV\",\"description\":\"Meydan TV Az\u0259rbaycan\u0131n media m\u0259kan\u0131ndak\u0131 alternativ s\u0259sidir\",\"publisher\":{\"@id\":\"https:\\\/\\\/www.meydan.tv\\\/az\\\/#organization\"},\"potentialAction\":[{\"@type\":\"SearchAction\",\"target\":{\"@type\":\"EntryPoint\",\"urlTemplate\":\"https:\\\/\\\/www.meydan.tv\\\/az\\\/?s={search_term_string}\"},\"query-input\":{\"@type\":\"PropertyValueSpecification\",\"valueRequired\":true,\"valueName\":\"search_term_string\"}}],\"inLanguage\":\"az\"},{\"@type\":\"Organization\",\"@id\":\"https:\\\/\\\/www.meydan.tv\\\/az\\\/#organization\",\"name\":\"Meydan TV\",\"url\":\"https:\\\/\\\/www.meydan.tv\\\/az\\\/\",\"logo\":{\"@type\":\"ImageObject\",\"inLanguage\":\"az\",\"@id\":\"https:\\\/\\\/www.meydan.tv\\\/az\\\/#\\\/schema\\\/logo\\\/image\\\/\",\"url\":\"https:\\\/\\\/www.meydan.tv\\\/wp-content\\\/uploads\\\/2021\\\/07\\\/meydan-logo.svg\",\"contentUrl\":\"https:\\\/\\\/www.meydan.tv\\\/wp-content\\\/uploads\\\/2021\\\/07\\\/meydan-logo.svg\",\"width\":195,\"height\":46,\"caption\":\"Meydan TV\"},\"image\":{\"@id\":\"https:\\\/\\\/www.meydan.tv\\\/az\\\/#\\\/schema\\\/logo\\\/image\\\/\"}},{\"@type\":\"Person\",\"@id\":\"https:\\\/\\\/www.meydan.tv\\\/az\\\/#\\\/schema\\\/person\\\/10d11eccf6da3662cf5fdab9806ea91a\",\"name\":\"user-manager\"}]}<\/script>\n<!-- \/ Yoast SEO plugin. -->","yoast_head_json":{"title":"Fuad Q\u0259hr\u0259manl\u0131 yay\u0131lan s\u0259s yaz\u0131s\u0131n\u0131n ona aid olmad\u0131\u011f\u0131n\u0131 deyir - MEYDAN.TV","robots":{"index":"index","follow":"follow","max-snippet":"max-snippet:-1","max-image-preview":"max-image-preview:large","max-video-preview":"max-video-preview:-1"},"canonical":"https:\/\/www.meydan.tv\/az\/article\/fuad-qehremanli-yayilan-ses-yazisinin-ona-aid-olmadigini-deyir\/","og_locale":"az_AZ","og_type":"article","og_title":"Fuad Q\u0259hr\u0259manl\u0131 yay\u0131lan s\u0259s yaz\u0131s\u0131n\u0131n ona aid olmad\u0131\u011f\u0131n\u0131 deyir - MEYDAN.TV","og_description":"Orada iddia olunur ki, m\u0259n parlament se\u00e7kil\u0259rind\u0259n istifad\u0259 edib deputat olamaq ist\u0259yir\u0259m v\u0259 bu zaman \u018fli b\u0259y k\u0259narda qalacaq.","og_url":"https:\/\/www.meydan.tv\/az\/article\/fuad-qehremanli-yayilan-ses-yazisinin-ona-aid-olmadigini-deyir\/","og_site_name":"MEYDAN.TV","article_published_time":"2019-09-23T19:14:02+00:00","og_image":[{"width":639,"height":479,"url":"https:\/\/www.meydan.tv\/wp-content\/uploads\/18045.jpg","type":"image\/jpeg"}],"author":"user-manager","twitter_card":"summary_large_image","schema":{"@context":"https:\/\/schema.org","@graph":[{"@type":"Article","@id":"https:\/\/www.meydan.tv\/az\/article\/fuad-qehremanli-yayilan-ses-yazisinin-ona-aid-olmadigini-deyir\/#article","isPartOf":{"@id":"https:\/\/www.meydan.tv\/az\/article\/fuad-qehremanli-yayilan-ses-yazisinin-ona-aid-olmadigini-deyir\/"},"author":{"name":"user-manager","@id":"https:\/\/www.meydan.tv\/az\/#\/schema\/person\/10d11eccf6da3662cf5fdab9806ea91a"},"headline":"Fuad Q\u0259hr\u0259manl\u0131 yay\u0131lan s\u0259s yaz\u0131s\u0131n\u0131n ona aid olmad\u0131\u011f\u0131n\u0131 deyir","datePublished":"2019-09-23T19:14:02+00:00","mainEntityOfPage":{"@id":"https:\/\/www.meydan.tv\/az\/article\/fuad-qehremanli-yayilan-ses-yazisinin-ona-aid-olmadigini-deyir\/"},"wordCount":817,"publisher":{"@id":"https:\/\/www.meydan.tv\/az\/#organization"},"image":{"@id":"https:\/\/www.meydan.tv\/az\/article\/fuad-qehremanli-yayilan-ses-yazisinin-ona-aid-olmadigini-deyir\/#primaryimage"},"thumbnailUrl":"https:\/\/www.meydan.tv\/wp-content\/uploads\/18045.jpg","articleSection":["Siyas\u0259t"],"inLanguage":"az"},{"@type":"WebPage","@id":"https:\/\/www.meydan.tv\/az\/article\/fuad-qehremanli-yayilan-ses-yazisinin-ona-aid-olmadigini-deyir\/","url":"https:\/\/www.meydan.tv\/az\/article\/fuad-qehremanli-yayilan-ses-yazisinin-ona-aid-olmadigini-deyir\/","name":"Fuad Q\u0259hr\u0259manl\u0131 yay\u0131lan s\u0259s yaz\u0131s\u0131n\u0131n ona aid olmad\u0131\u011f\u0131n\u0131 deyir - MEYDAN.TV","isPartOf":{"@id":"https:\/\/www.meydan.tv\/az\/#website"},"primaryImageOfPage":{"@id":"https:\/\/www.meydan.tv\/az\/article\/fuad-qehremanli-yayilan-ses-yazisinin-ona-aid-olmadigini-deyir\/#primaryimage"},"image":{"@id":"https:\/\/www.meydan.tv\/az\/article\/fuad-qehremanli-yayilan-ses-yazisinin-ona-aid-olmadigini-deyir\/#primaryimage"},"thumbnailUrl":"https:\/\/www.meydan.tv\/wp-content\/uploads\/18045.jpg","datePublished":"2019-09-23T19:14:02+00:00","breadcrumb":{"@id":"https:\/\/www.meydan.tv\/az\/article\/fuad-qehremanli-yayilan-ses-yazisinin-ona-aid-olmadigini-deyir\/#breadcrumb"},"inLanguage":"az","potentialAction":[{"@type":"ReadAction","target":["https:\/\/www.meydan.tv\/az\/article\/fuad-qehremanli-yayilan-ses-yazisinin-ona-aid-olmadigini-deyir\/"]}]},{"@type":"ImageObject","inLanguage":"az","@id":"https:\/\/www.meydan.tv\/az\/article\/fuad-qehremanli-yayilan-ses-yazisinin-ona-aid-olmadigini-deyir\/#primaryimage","url":"https:\/\/www.meydan.tv\/wp-content\/uploads\/18045.jpg","contentUrl":"https:\/\/www.meydan.tv\/wp-content\/uploads\/18045.jpg","width":639,"height":479,"caption":"Source:"},{"@type":"BreadcrumbList","@id":"https:\/\/www.meydan.tv\/az\/article\/fuad-qehremanli-yayilan-ses-yazisinin-ona-aid-olmadigini-deyir\/#breadcrumb","itemListElement":[{"@type":"ListItem","position":1,"name":"Ana s\u0259hif\u0259","item":"https:\/\/www.meydan.tv\/az\/"},{"@type":"ListItem","position":2,"name":"Siyas\u0259t","item":"https:\/\/www.meydan.tv\/az\/section\/siyaset\/"},{"@type":"ListItem","position":3,"name":"Fuad Q\u0259hr\u0259manl\u0131 yay\u0131lan s\u0259s yaz\u0131s\u0131n\u0131n ona aid olmad\u0131\u011f\u0131n\u0131 deyir"}]},{"@type":"WebSite","@id":"https:\/\/www.meydan.tv\/az\/#website","url":"https:\/\/www.meydan.tv\/az\/","name":"MEYDAN.TV","description":"Meydan TV Az\u0259rbaycan\u0131n media m\u0259kan\u0131ndak\u0131 alternativ s\u0259sidir","publisher":{"@id":"https:\/\/www.meydan.tv\/az\/#organization"},"potentialAction":[{"@type":"SearchAction","target":{"@type":"EntryPoint","urlTemplate":"https:\/\/www.meydan.tv\/az\/?s={search_term_string}"},"query-input":{"@type":"PropertyValueSpecification","valueRequired":true,"valueName":"search_term_string"}}],"inLanguage":"az"},{"@type":"Organization","@id":"https:\/\/www.meydan.tv\/az\/#organization","name":"Meydan TV","url":"https:\/\/www.meydan.tv\/az\/","logo":{"@type":"ImageObject","inLanguage":"az","@id":"https:\/\/www.meydan.tv\/az\/#\/schema\/logo\/image\/","url":"https:\/\/www.meydan.tv\/wp-content\/uploads\/2021\/07\/meydan-logo.svg","contentUrl":"https:\/\/www.meydan.tv\/wp-content\/uploads\/2021\/07\/meydan-logo.svg","width":195,"height":46,"caption":"Meydan TV"},"image":{"@id":"https:\/\/www.meydan.tv\/az\/#\/schema\/logo\/image\/"}},{"@type":"Person","@id":"https:\/\/www.meydan.tv\/az\/#\/schema\/person\/10d11eccf6da3662cf5fdab9806ea91a","name":"user-manager"}]}},"_links":{"self":[{"href":"https:\/\/www.meydan.tv\/az\/wp-json\/wp\/v2\/posts\/197104","targetHints":{"allow":["GET"]}}],"collection":[{"href":"https:\/\/www.meydan.tv\/az\/wp-json\/wp\/v2\/posts"}],"about":[{"href":"https:\/\/www.meydan.tv\/az\/wp-json\/wp\/v2\/types\/post"}],"author":[{"embeddable":true,"href":"https:\/\/www.meydan.tv\/az\/wp-json\/wp\/v2\/users\/11"}],"replies":[{"embeddable":true,"href":"https:\/\/www.meydan.tv\/az\/wp-json\/wp\/v2\/comments?post=197104"}],"version-history":[{"count":0,"href":"https:\/\/www.meydan.tv\/az\/wp-json\/wp\/v2\/posts\/197104\/revisions"}],"wp:featuredmedia":[{"embeddable":true,"href":"https:\/\/www.meydan.tv\/az\/wp-json\/wp\/v2\/media\/48079"}],"wp:attachment":[{"href":"https:\/\/www.meydan.tv\/az\/wp-json\/wp\/v2\/media?parent=197104"}],"wp:term":[{"taxonomy":"category","embeddable":true,"href":"https:\/\/www.meydan.tv\/az\/wp-json\/wp\/v2\/categories?post=197104"},{"taxonomy":"post_tag","embeddable":true,"href":"https:\/\/www.meydan.tv\/az\/wp-json\/wp\/v2\/tags?post=197104"}],"curies":[{"name":"wp","href":"https:\/\/api.w.org\/{rel}","templated":true}]}}