{"id":197098,"date":"2019-09-23T15:07:39","date_gmt":"2019-09-23T15:07:39","guid":{"rendered":"https:\/\/www.meydan.tv\/article\/intihara-cehd-eden-adam-goycayin-icra-bascisinin-elaltilari-meni-bu-hedde-catdirib\/"},"modified":"2019-09-23T15:07:39","modified_gmt":"2019-09-23T15:07:39","slug":"intihara-cehd-eden-adam-goycayin-icra-bascisinin-elaltilari-meni-bu-hedde-catdirib","status":"publish","type":"post","link":"https:\/\/www.meydan.tv\/az\/article\/intihara-cehd-eden-adam-goycayin-icra-bascisinin-elaltilari-meni-bu-hedde-catdirib\/","title":{"rendered":"\u0130ntihara c\u0259hd ed\u0259n adam: G\u00f6y\u00e7ay\u0131n icra ba\u015f\u00e7\u0131s\u0131n\u0131n \u0259lalt\u0131lar\u0131 m\u0259ni bu h\u0259dd\u0259 \u00e7atd\u0131r\u0131b"},"content":{"rendered":"<p>\n  <i><br \/>\n    \u201c\u0130cra hakimiyy\u0259ti m\u0259ni aldad\u0131b saxta s\u0259n\u0259d verib\u201d<br \/>\n  <\/i>\n<\/p>\n<p>\n  Bu il sentyabr\u0131n 19-da G\u00f6y\u00e7ay \u015f\u0259h\u0259ri, H\u0259bibi k\u00fc\u00e7\u0259si, ev 50 \u00fcnvan\u0131nda ya\u015fayan Seymur \u018flibala o\u011flu Azadov intihara c\u0259hd edib. Polisin m\u00fcdaxil\u0259si il\u0259 xilas olunan z\u0259r\u0259r\u00e7\u0259k\u0259nin v\u0259ziyy\u0259ti haz\u0131rda normald\u0131r.\n<\/p>\n<p>\n  \u201cG\u00f6y\u00e7ay rayon icra ba\u015f\u00e7\u0131s\u0131 Mehdi S\u0259limzad\u0259nin \u0259lalt\u0131lar\u0131 m\u0259ni intihar h\u0259ddin\u0259 \u00e7atd\u0131r\u0131blar. Memarl\u0131q v\u0259 tikinti \u015f\u00f6b\u0259sinin m\u00fcdiri, ba\u015f memar \u0130ntiqam S\u00fcleymanovla, ba\u015f m\u0259sl\u0259h\u0259t\u00e7i, m\u00fch\u0259ndis Kamil Qas\u0131mov can\u0131mdan bezdirdikl\u0259ri \u00fc\u00e7\u00fcn d\u00f6zm\u0259yib, \u00f6z\u00fcm\u00fc asd\u0131m\u201d, &#8211; dey\u0259 Seymur Azadov Meydan TV-y\u0259 bildirib.\n<\/p>\n<p>\n  \u015eikay\u0259t\u00e7i iddia edir ki, icra ba\u015f\u00e7\u0131 Mehdi S\u0259limzad\u0259nin g\u00f6st\u0259ri\u015fi il\u0259 ona aid olan avtomobil t\u0259miri sexi qanunsuz olaraq s\u00f6k\u00fcl\u00fcb:\n<\/p>\n<p>\n  \u201cDedil\u0259r ki, G\u00f6y\u00e7ay\u0131n giri\u015find\u0259 qap\u0131lar tikil\u0259c\u0259k, sexin yerl\u0259\u015fdiyi \u0259razi d\u0259 plana d\u00fc\u015f\u00fcb. D\u00f6vl\u0259t \u0259h\u0259miyy\u0259tli layih\u0259dir, buna g\u00f6r\u0259 siz\u0259 t\u0259zminat \u00f6d\u0259nil\u0259c\u0259k. Sexi s\u00f6kd\u00fcl\u0259r, lakin he\u00e7 bir q\u0259pik d\u0259 pul verilm\u0259di. \u0130cra Hakimiyy\u0259tin\u0259 \u00e7ox gedib-g\u0259ldim, n\u0259hay\u0259t, m\u0259n\u0259 42 kvadratmetrlik ki\u00e7ik bir sah\u0259 ay\u0131rd\u0131lar. Buna g\u00f6r\u0259 d\u0259 5 min manat\u0131m\u0131 ald\u0131lar. Sah\u0259y\u0259 g\u00f6r\u0259 s\u0259n\u0259d d\u0259 verdil\u0259r. Orada ma\u015f\u0131n t\u0259miri sexi tikdim, el\u0259 yenic\u0259 bitirib, dam\u0131n\u0131 vururdum, bir n\u0259f\u0259r g\u0259ldi ki, m\u0259nim torpa\u011f\u0131mda n\u0259 tikirs\u0259n? Dedim ki, buran\u0131 \u0130cra Hakimiyy\u0259tind\u0259n pulla alm\u0131\u015fam, bu da s\u0259n\u0259dl\u0259ri. Dava d\u00fc\u015fd\u00fc, s\u00f6hb\u0259t polis\u0259 q\u0259d\u0259r gedib \u00e7\u0131xd\u0131. Daxili \u0130\u015fl\u0259r Nazirliyinin \u201c102&quot; xidm\u0259tin\u0259 z\u0259ng el\u0259dim, g\u0259lib, icran\u0131n i\u015f\u00e7il\u0259ri t\u0259r\u0259find\u0259n veril\u0259n s\u0259n\u0259d\u0259 bax\u0131\u015f ke\u00e7irdil\u0259r. M\u0259lum oldu ki, m\u0259ni aldad\u0131b, saxta s\u0259n\u0259d veribl\u0259r\u201d.\n<\/p>\n<p>\n  Seymur Azadova ikinci d\u0259f\u0259 yenid\u0259n torpaq sah\u0259si ay\u0131r\u0131blar. Bu d\u0259f\u0259 ona G\u00f6y\u00e7ay rayonu, \u00c7ayarx\u0131 k\u0259ndi \u0259razisind\u0259 yer veribl\u0259r:\n<\/p>\n<p>\n  \u201cSonradan bir adam\u0131n obyektinin yan\u0131ndan yer verdil\u0259r. Oran\u0131n sahibi d\u0259 g\u0259ldi ki, m\u0259nim yerimi xeyir ola, b\u00f6l\u00fcrs\u00fcn\u00fcz? He\u00e7 kim m\u0259nim yerimi b\u00f6l\u0259 bilm\u0259z. D\u00fcz, 2017-ci ild\u0259n m\u0259nim ba\u015f\u0131ma bu oyunlar\u0131 a\u00e7\u0131rlar. \u0130craya gedib-g\u0259lm\u0259kd\u0259n yorulmu\u015fam, n\u0259 pulumu verirl\u0259r, n\u0259 d\u0259 ki, do\u011fru-d\u00fczg\u00fcn yer ay\u0131rm\u0131rlar. N\u0259hay\u0259t, \u00fc\u00e7\u00fcnc\u00fc d\u0259f\u0259, t\u0259xmin\u0259n yeddi ay \u00f6nc\u0259 m\u0259n\u0259 C\u0259yirli k\u0259ndinin \u0259razisind\u0259 45 kvadratmetrlik sah\u0259si olan yer verdil\u0259r. Orada tikinti i\u015fi apard\u0131m, k\u0259narlar\u0131n\u0131 birt\u0259h\u0259r \u015fiferl\u0259 d\u00fcz\u0259ltmi\u015fdim. Ba\u015f\u0131m\u0131 sal\u0131b, a\u015fa\u011f\u0131 i\u015fl\u0259yib, ail\u0259mi doland\u0131r\u0131rd\u0131m. Bu d\u0259f\u0259 dedil\u0259r ki, \u015fiferi s\u00f6k\u00fcm, k\u0259rpicl\u0259 tikim ki, ora s\u0259n\u0259d ver\u0259 bilsinl\u0259r. Art\u0131q iyirmi g\u00fcnd\u0259n \u00e7oxdur ki, sexin b\u00f6y\u00fcr-ba\u015f\u0131n\u0131 s\u00f6k\u00fcbl\u0259r, qalm\u0131\u015fam, \u00e7\u00f6ld\u0259. Guya burada tikinti tikildikd\u0259n sonra bunlar s\u0259n\u0259di m\u0259n\u0259 k\u00f6m\u0259k m\u0259qs\u0259dil\u0259 ver\u0259c\u0259kl\u0259r. \u0130lin-g\u00fcn\u00fcn bu vaxt\u0131nda d\u00f6rd u\u015faq saxlay\u0131ram, m\u0259ni niy\u0259 bu g\u00fcn\u0259 qoymusunuz? G\u0259lib, tikintinin yan-y\u00f6r\u0259sini s\u00f6k\u00fcbl\u0259r, i\u015f d\u0259 g\u00f6rd\u00fcrm\u00fcrl\u0259r, qoyublar yar\u0131m\u00e7\u0131q\u201d.\n<\/p>\n<p>\n  \u201cG\u00f6y\u00e7ayda hans\u0131 d\u00f6vl\u0259t orqan\u0131na m\u00fcraci\u0259t edir\u0259m, sanki bunlardan qorxurlar, \u015fikay\u0259tim\u0259 baxan yoxdur\u201d, &#8211; Seymur Azadov deyir:\n<\/p>\n<p>\n  \u201cBel\u0259 haqs\u0131zl\u0131q olmaz, ya pulumu versinl\u0259r, ya da s\u0259n\u0259di qaydas\u0131nda olan torpaq sah\u0259si ay\u0131rs\u0131nlar. Z\u0259ng el\u0259dim, n\u0259 \u0130ntiqam S\u00fcleymanov, n\u0259 d\u0259 Kamil Qas\u0131mov telefona cavab verdi. Art\u0131q h\u0259r yerd\u0259n \u0259lac\u0131m k\u0259silmi\u015fdi. Ax\u0131rda d\u00f6zm\u0259dim, \u0259vv\u0259lc\u0259 \u201c102&quot; xidm\u0259tin y\u0131\u011fd\u0131m, sonra da G\u00f6y\u00e7ay Rayon Prokurorlu\u011funu m\u0259lumatland\u0131rd\u0131m ki, \u00f6z\u00fcm\u00fc asaca\u011fam. Neyl\u0259yim, bunlar m\u0259ni \u00f6l\u00fcm h\u0259ddin\u0259 \u00e7atd\u0131r\u0131blar. Sexd\u0259 bo\u011faz\u0131ma k\u0259ndiri ke\u00e7irib, sallanan vaxt, polis \u0259m\u0259kda\u015flar\u0131 i\u00e7\u0259ri girdil\u0259r, m\u0259ni xilas etdil\u0259r. Oradan da g\u00f6t\u00fcr\u00fcb, prokurorlu\u011fa apard\u0131lar. Tibbi ekspertizadan ke\u00e7dim. \u0130ntihar etm\u0259mi\u015fd\u0259n \u00f6nc\u0259 yazd\u0131\u011f\u0131m m\u0259ktubumu prokurorlu\u011fa t\u0259qdim etdim. Bu rayonda m\u0259nim ba\u015f\u0131ma g\u0259tiril\u0259n oyunu ham\u0131 bilir. Amma t\u0259\u0259ss\u00fcf ki, he\u00e7 kim \u0259ncam \u00e7\u0259kmir\u201d.\n<\/p>\n<p>\n  Z\u0259r\u0259r\u00e7\u0259k\u0259n s\u00f6yl\u0259yir ki, ona qar\u015f\u0131 edil\u0259n saxtakarl\u0131\u011fa g\u00f6r\u0259 \u00f6t\u0259n il \u015fikay\u0259t videosu \u00e7\u0259k\u0259r\u0259k, \u201cYouTube\u201da yerl\u0259\u015fdirib. Bundan sonra t\u0259zyiql\u0259r\u0259 m\u0259ruz qal\u0131b:\n<\/p>\n<p>\n  \u201cVideoda onlar\u0131n m\u0259nim ba\u015f\u0131ma a\u00e7d\u0131qlar\u0131 oyunlardan dan\u0131\u015fd\u0131m. Dedim ki, icra ba\u015f\u00e7\u0131s\u0131n\u0131n imzas\u0131, m\u00f6h\u00fcr\u00fc olan saxta s\u0259n\u0259d verirl\u0259r. Pulum da gedib, yerimi d\u0259 ala bilmir\u0259m. \u015eikay\u0259tim\u0259 d\u0259 he\u00e7 bir qurum baxm\u0131r. Videonu \u201cYouTube\u201da qoyan g\u00fcn, g\u00fcnorta birin yar\u0131s\u0131 g\u0259lib, m\u0259ni evimd\u0259n apard\u0131lar ki, ba\u015f\u00e7\u0131 s\u0259ni g\u00f6zl\u0259yir. Qap\u0131ma adam g\u00f6nd\u0259rdikl\u0259ri \u00fc\u00e7\u00fcn \u015f\u00fcbh\u0259l\u0259ndim ki, cibim\u0259 n\u0259s\u0259 at\u0131b, \u015f\u0259rl\u0259yib tutarlar, bunlardan n\u0259 des\u0259n \u00e7\u0131xar. Buna g\u00f6r\u0259 d\u0259 \u00f6z\u00fcml\u0259 uksus g\u00f6t\u00fcrd\u00fcm, bildim ki, bu i\u015fd\u0259 n\u0259s\u0259 var.\n<\/p>\n<figure class=\"wp-block-image size-large\">\n  <img decoding=\"async\" src=\"https:\/\/www.meydan.tv\/az\/avtomobil-temiri-sexi\/\" alt=\"avtomobil t\u0259miri sexi\" class=\"wp-image-130072\"\/><figcaption>\n    T\u0259mir sexi<br \/>\n  <\/figcaption><\/figure>\n<p>\n  \u0130cra ba\u015f\u00e7\u0131s\u0131 Mehdi S\u0259limzad\u0259 m\u0259n\u0259 \u201c\u00c7\u0131x, de ki, s\u0259rxo\u015f v\u0259 \u0259s\u0259bi olmu\u015fam, el\u0259mi\u015f\u0259m, dedikl\u0259rimi geri g\u00f6t\u00fcr\u00fcr\u0259m\u201d- s\u00f6yl\u0259di. M\u0259n\u0259 bu g\u00f6st\u0259ri\u015fi t\u0259hqirl\u0259 dedi. M\u0259n d\u0259 onun t\u0259hqir v\u0259 t\u0259zyiql\u0259rin\u0259 d\u00f6zm\u0259dim. Onlar \u00e7ox, m\u0259n is\u0259 t\u0259k, ona g\u00f6r\u0259 \u00f6z\u00fcm\u0259 q\u0259sd el\u0259dim. Uksusu i\u00e7dim, m\u0259ni x\u0259st\u0259xanaya aparma\u011fa imkan verm\u0259dil\u0259r. \u0130cra Hakimiyy\u0259tin\u0259 T\u0259cili Tibbi Yard\u0131m \u00e7a\u011f\u0131rd\u0131lar. Dedil\u0259r ki, T\u0259cili Tibbi Yard\u0131m\u0131n ba\u015f h\u0259kimi s\u0259n\u0259 n\u0259zar\u0259t ed\u0259c\u0259k, x\u0259st\u0259xanada yatma\u011fa ehtiyac yoxdur. \u0130ki-\u00fc\u00e7 g\u00fcn yola verdil\u0259r, bununla da i\u015f bitdi. Verdikl\u0259ri saxta s\u0259n\u0259di, \u0130cra Hakimiyy\u0259tind\u0259 olanda, \u0259limd\u0259n al\u0131b c\u0131rd\u0131lar. Daha d\u00fc\u015f\u00fcnm\u0259dil\u0259r ki, \u0259lli d\u0259n\u0259 s\u00fcr\u0259t \u00e7\u0131xarm\u0131\u015fam. M\u0259n\u0259 indiy\u0259 kimi saxta yolla verdikl\u0259ri obyektl\u0259rin \u015f\u0259kill\u0259rini \u00e7\u0259kmi\u015f\u0259m\u201d.\n<\/p>\n<p>\n  M\u0259s\u0259l\u0259 il\u0259 ba\u011fl\u0131 G\u00f6y\u00e7ay Rayon \u0130cra Hakimiyy\u0259tinin m\u00f6vqeyini \u00f6yr\u0259nm\u0259k m\u00fcmk\u00fcn olmay\u0131b.\n<\/p>\n<p>\n  G\u00f6y\u00e7ay Rayonu Prokurorlu\u011fundan bildiridil\u0259r ki, faktla ba\u011fl\u0131 Cinay\u0259t M\u0259c\u0259ll\u0259sinin 125-ci (\u00d6z\u00fcn\u00fc \u00f6ld\u00fcrm\u0259 h\u0259ddin\u0259 \u00e7atd\u0131rma) madd\u0259si il\u0259 cinay\u0259t i\u015fi a\u00e7\u0131l\u0131b.\n<\/p>\n<figure class=\"wp-block-image size-large\">\n  <img decoding=\"async\" src=\"https:\/\/www.meydan.tv\/az\/seymur-azadov-3\/\" alt=\"Seymur Azadov\" class=\"wp-image-130078\"\/><figcaption>\n    Seymur Azadov<br \/>\n  <\/figcaption><\/figure>\n<figure class=\"wp-block-image size-large\">\n  <img decoding=\"async\" src=\"https:\/\/www.meydan.tv\/az\/avtomobil-temiri-sexi-2\/\" alt=\"avtomobil t\u0259miri sexi\" class=\"wp-image-130081\"\/><figcaption>\n    T\u0259mir sexi<br \/>\n  <\/figcaption><\/figure>\n","protected":false},"excerpt":{"rendered":"<p>\u201c\u0130cra hakimiyy\u0259ti m\u0259ni aldad\u0131b saxta s\u0259n\u0259d verib\u201d<\/p>\n","protected":false},"author":11,"featured_media":130075,"comment_status":"closed","ping_status":"open","sticky":false,"template":"","format":"standard","meta":{"_acf_changed":false,"_sitemap_exclude":false,"_sitemap_priority":"","_sitemap_frequency":"","footnotes":""},"categories":[60],"tags":[],"class_list":["post-197098","post","type-post","status-publish","format-standard","has-post-thumbnail","hentry","category-bolge","infinite-scroll-item","generate-columns","tablet-grid-50","mobile-grid-100","grid-parent","grid-33","no-featured-image-padding"],"acf":[],"yoast_head":"<!-- This site is optimized with the Yoast SEO plugin v27.5 - https:\/\/yoast.com\/product\/yoast-seo-wordpress\/ -->\n<title>\u0130ntihara c\u0259hd ed\u0259n adam: G\u00f6y\u00e7ay\u0131n icra ba\u015f\u00e7\u0131s\u0131n\u0131n \u0259lalt\u0131lar\u0131 m\u0259ni bu h\u0259dd\u0259 \u00e7atd\u0131r\u0131b - MEYDAN.TV<\/title>\n<meta name=\"robots\" content=\"index, follow, max-snippet:-1, max-image-preview:large, max-video-preview:-1\" \/>\n<link rel=\"canonical\" href=\"https:\/\/www.meydan.tv\/az\/article\/intihara-cehd-eden-adam-goycayin-icra-bascisinin-elaltilari-meni-bu-hedde-catdirib\/\" \/>\n<meta property=\"og:locale\" content=\"az_AZ\" \/>\n<meta property=\"og:type\" content=\"article\" \/>\n<meta property=\"og:title\" content=\"\u0130ntihara c\u0259hd ed\u0259n adam: G\u00f6y\u00e7ay\u0131n icra ba\u015f\u00e7\u0131s\u0131n\u0131n \u0259lalt\u0131lar\u0131 m\u0259ni bu h\u0259dd\u0259 \u00e7atd\u0131r\u0131b - MEYDAN.TV\" \/>\n<meta property=\"og:description\" content=\"\u201c\u0130cra hakimiyy\u0259ti m\u0259ni aldad\u0131b saxta s\u0259n\u0259d verib\u201d\" \/>\n<meta property=\"og:url\" content=\"https:\/\/www.meydan.tv\/az\/article\/intihara-cehd-eden-adam-goycayin-icra-bascisinin-elaltilari-meni-bu-hedde-catdirib\/\" \/>\n<meta property=\"og:site_name\" content=\"MEYDAN.TV\" \/>\n<meta property=\"article:published_time\" content=\"2019-09-23T15:07:39+00:00\" \/>\n<meta property=\"og:image\" content=\"https:\/\/www.meydan.tv\/wp-content\/uploads\/image_from_ios_77-scaled.jpg\" \/>\n\t<meta property=\"og:image:width\" content=\"2560\" \/>\n\t<meta property=\"og:image:height\" content=\"1920\" \/>\n\t<meta property=\"og:image:type\" content=\"image\/jpeg\" \/>\n<meta name=\"author\" content=\"user-manager\" \/>\n<meta name=\"twitter:card\" content=\"summary_large_image\" \/>\n<script type=\"application\/ld+json\" class=\"yoast-schema-graph\">{\"@context\":\"https:\\\/\\\/schema.org\",\"@graph\":[{\"@type\":\"Article\",\"@id\":\"https:\\\/\\\/www.meydan.tv\\\/az\\\/article\\\/intihara-cehd-eden-adam-goycayin-icra-bascisinin-elaltilari-meni-bu-hedde-catdirib\\\/#article\",\"isPartOf\":{\"@id\":\"https:\\\/\\\/www.meydan.tv\\\/az\\\/article\\\/intihara-cehd-eden-adam-goycayin-icra-bascisinin-elaltilari-meni-bu-hedde-catdirib\\\/\"},\"author\":{\"name\":\"user-manager\",\"@id\":\"https:\\\/\\\/www.meydan.tv\\\/az\\\/#\\\/schema\\\/person\\\/10d11eccf6da3662cf5fdab9806ea91a\"},\"headline\":\"\u0130ntihara c\u0259hd ed\u0259n adam: G\u00f6y\u00e7ay\u0131n icra ba\u015f\u00e7\u0131s\u0131n\u0131n \u0259lalt\u0131lar\u0131 m\u0259ni bu h\u0259dd\u0259 \u00e7atd\u0131r\u0131b\",\"datePublished\":\"2019-09-23T15:07:39+00:00\",\"mainEntityOfPage\":{\"@id\":\"https:\\\/\\\/www.meydan.tv\\\/az\\\/article\\\/intihara-cehd-eden-adam-goycayin-icra-bascisinin-elaltilari-meni-bu-hedde-catdirib\\\/\"},\"wordCount\":1225,\"publisher\":{\"@id\":\"https:\\\/\\\/www.meydan.tv\\\/az\\\/#organization\"},\"image\":{\"@id\":\"https:\\\/\\\/www.meydan.tv\\\/az\\\/article\\\/intihara-cehd-eden-adam-goycayin-icra-bascisinin-elaltilari-meni-bu-hedde-catdirib\\\/#primaryimage\"},\"thumbnailUrl\":\"https:\\\/\\\/www.meydan.tv\\\/wp-content\\\/uploads\\\/image_from_ios_77-scaled.jpg\",\"articleSection\":[\"B\u00f6lg\u0259\"],\"inLanguage\":\"az\"},{\"@type\":\"WebPage\",\"@id\":\"https:\\\/\\\/www.meydan.tv\\\/az\\\/article\\\/intihara-cehd-eden-adam-goycayin-icra-bascisinin-elaltilari-meni-bu-hedde-catdirib\\\/\",\"url\":\"https:\\\/\\\/www.meydan.tv\\\/az\\\/article\\\/intihara-cehd-eden-adam-goycayin-icra-bascisinin-elaltilari-meni-bu-hedde-catdirib\\\/\",\"name\":\"\u0130ntihara c\u0259hd ed\u0259n adam: G\u00f6y\u00e7ay\u0131n icra ba\u015f\u00e7\u0131s\u0131n\u0131n \u0259lalt\u0131lar\u0131 m\u0259ni bu h\u0259dd\u0259 \u00e7atd\u0131r\u0131b - MEYDAN.TV\",\"isPartOf\":{\"@id\":\"https:\\\/\\\/www.meydan.tv\\\/az\\\/#website\"},\"primaryImageOfPage\":{\"@id\":\"https:\\\/\\\/www.meydan.tv\\\/az\\\/article\\\/intihara-cehd-eden-adam-goycayin-icra-bascisinin-elaltilari-meni-bu-hedde-catdirib\\\/#primaryimage\"},\"image\":{\"@id\":\"https:\\\/\\\/www.meydan.tv\\\/az\\\/article\\\/intihara-cehd-eden-adam-goycayin-icra-bascisinin-elaltilari-meni-bu-hedde-catdirib\\\/#primaryimage\"},\"thumbnailUrl\":\"https:\\\/\\\/www.meydan.tv\\\/wp-content\\\/uploads\\\/image_from_ios_77-scaled.jpg\",\"datePublished\":\"2019-09-23T15:07:39+00:00\",\"breadcrumb\":{\"@id\":\"https:\\\/\\\/www.meydan.tv\\\/az\\\/article\\\/intihara-cehd-eden-adam-goycayin-icra-bascisinin-elaltilari-meni-bu-hedde-catdirib\\\/#breadcrumb\"},\"inLanguage\":\"az\",\"potentialAction\":[{\"@type\":\"ReadAction\",\"target\":[\"https:\\\/\\\/www.meydan.tv\\\/az\\\/article\\\/intihara-cehd-eden-adam-goycayin-icra-bascisinin-elaltilari-meni-bu-hedde-catdirib\\\/\"]}]},{\"@type\":\"ImageObject\",\"inLanguage\":\"az\",\"@id\":\"https:\\\/\\\/www.meydan.tv\\\/az\\\/article\\\/intihara-cehd-eden-adam-goycayin-icra-bascisinin-elaltilari-meni-bu-hedde-catdirib\\\/#primaryimage\",\"url\":\"https:\\\/\\\/www.meydan.tv\\\/wp-content\\\/uploads\\\/image_from_ios_77-scaled.jpg\",\"contentUrl\":\"https:\\\/\\\/www.meydan.tv\\\/wp-content\\\/uploads\\\/image_from_ios_77-scaled.jpg\",\"width\":2560,\"height\":1920,\"caption\":\"Source: Meydan Tv\"},{\"@type\":\"BreadcrumbList\",\"@id\":\"https:\\\/\\\/www.meydan.tv\\\/az\\\/article\\\/intihara-cehd-eden-adam-goycayin-icra-bascisinin-elaltilari-meni-bu-hedde-catdirib\\\/#breadcrumb\",\"itemListElement\":[{\"@type\":\"ListItem\",\"position\":1,\"name\":\"Ana s\u0259hif\u0259\",\"item\":\"https:\\\/\\\/www.meydan.tv\\\/az\\\/\"},{\"@type\":\"ListItem\",\"position\":2,\"name\":\"B\u00f6lg\u0259\",\"item\":\"https:\\\/\\\/www.meydan.tv\\\/az\\\/section\\\/bolge\\\/\"},{\"@type\":\"ListItem\",\"position\":3,\"name\":\"\u0130ntihara c\u0259hd ed\u0259n adam: G\u00f6y\u00e7ay\u0131n icra ba\u015f\u00e7\u0131s\u0131n\u0131n \u0259lalt\u0131lar\u0131 m\u0259ni bu h\u0259dd\u0259 \u00e7atd\u0131r\u0131b\"}]},{\"@type\":\"WebSite\",\"@id\":\"https:\\\/\\\/www.meydan.tv\\\/az\\\/#website\",\"url\":\"https:\\\/\\\/www.meydan.tv\\\/az\\\/\",\"name\":\"MEYDAN.TV\",\"description\":\"Meydan TV Az\u0259rbaycan\u0131n media m\u0259kan\u0131ndak\u0131 alternativ s\u0259sidir\",\"publisher\":{\"@id\":\"https:\\\/\\\/www.meydan.tv\\\/az\\\/#organization\"},\"potentialAction\":[{\"@type\":\"SearchAction\",\"target\":{\"@type\":\"EntryPoint\",\"urlTemplate\":\"https:\\\/\\\/www.meydan.tv\\\/az\\\/?s={search_term_string}\"},\"query-input\":{\"@type\":\"PropertyValueSpecification\",\"valueRequired\":true,\"valueName\":\"search_term_string\"}}],\"inLanguage\":\"az\"},{\"@type\":\"Organization\",\"@id\":\"https:\\\/\\\/www.meydan.tv\\\/az\\\/#organization\",\"name\":\"Meydan TV\",\"url\":\"https:\\\/\\\/www.meydan.tv\\\/az\\\/\",\"logo\":{\"@type\":\"ImageObject\",\"inLanguage\":\"az\",\"@id\":\"https:\\\/\\\/www.meydan.tv\\\/az\\\/#\\\/schema\\\/logo\\\/image\\\/\",\"url\":\"https:\\\/\\\/www.meydan.tv\\\/wp-content\\\/uploads\\\/2021\\\/07\\\/meydan-logo.svg\",\"contentUrl\":\"https:\\\/\\\/www.meydan.tv\\\/wp-content\\\/uploads\\\/2021\\\/07\\\/meydan-logo.svg\",\"width\":195,\"height\":46,\"caption\":\"Meydan TV\"},\"image\":{\"@id\":\"https:\\\/\\\/www.meydan.tv\\\/az\\\/#\\\/schema\\\/logo\\\/image\\\/\"}},{\"@type\":\"Person\",\"@id\":\"https:\\\/\\\/www.meydan.tv\\\/az\\\/#\\\/schema\\\/person\\\/10d11eccf6da3662cf5fdab9806ea91a\",\"name\":\"user-manager\"}]}<\/script>\n<!-- \/ Yoast SEO plugin. -->","yoast_head_json":{"title":"\u0130ntihara c\u0259hd ed\u0259n adam: G\u00f6y\u00e7ay\u0131n icra ba\u015f\u00e7\u0131s\u0131n\u0131n \u0259lalt\u0131lar\u0131 m\u0259ni bu h\u0259dd\u0259 \u00e7atd\u0131r\u0131b - MEYDAN.TV","robots":{"index":"index","follow":"follow","max-snippet":"max-snippet:-1","max-image-preview":"max-image-preview:large","max-video-preview":"max-video-preview:-1"},"canonical":"https:\/\/www.meydan.tv\/az\/article\/intihara-cehd-eden-adam-goycayin-icra-bascisinin-elaltilari-meni-bu-hedde-catdirib\/","og_locale":"az_AZ","og_type":"article","og_title":"\u0130ntihara c\u0259hd ed\u0259n adam: G\u00f6y\u00e7ay\u0131n icra ba\u015f\u00e7\u0131s\u0131n\u0131n \u0259lalt\u0131lar\u0131 m\u0259ni bu h\u0259dd\u0259 \u00e7atd\u0131r\u0131b - MEYDAN.TV","og_description":"\u201c\u0130cra hakimiyy\u0259ti m\u0259ni aldad\u0131b saxta s\u0259n\u0259d verib\u201d","og_url":"https:\/\/www.meydan.tv\/az\/article\/intihara-cehd-eden-adam-goycayin-icra-bascisinin-elaltilari-meni-bu-hedde-catdirib\/","og_site_name":"MEYDAN.TV","article_published_time":"2019-09-23T15:07:39+00:00","og_image":[{"width":2560,"height":1920,"url":"https:\/\/www.meydan.tv\/wp-content\/uploads\/image_from_ios_77-scaled.jpg","type":"image\/jpeg"}],"author":"user-manager","twitter_card":"summary_large_image","schema":{"@context":"https:\/\/schema.org","@graph":[{"@type":"Article","@id":"https:\/\/www.meydan.tv\/az\/article\/intihara-cehd-eden-adam-goycayin-icra-bascisinin-elaltilari-meni-bu-hedde-catdirib\/#article","isPartOf":{"@id":"https:\/\/www.meydan.tv\/az\/article\/intihara-cehd-eden-adam-goycayin-icra-bascisinin-elaltilari-meni-bu-hedde-catdirib\/"},"author":{"name":"user-manager","@id":"https:\/\/www.meydan.tv\/az\/#\/schema\/person\/10d11eccf6da3662cf5fdab9806ea91a"},"headline":"\u0130ntihara c\u0259hd ed\u0259n adam: G\u00f6y\u00e7ay\u0131n icra ba\u015f\u00e7\u0131s\u0131n\u0131n \u0259lalt\u0131lar\u0131 m\u0259ni bu h\u0259dd\u0259 \u00e7atd\u0131r\u0131b","datePublished":"2019-09-23T15:07:39+00:00","mainEntityOfPage":{"@id":"https:\/\/www.meydan.tv\/az\/article\/intihara-cehd-eden-adam-goycayin-icra-bascisinin-elaltilari-meni-bu-hedde-catdirib\/"},"wordCount":1225,"publisher":{"@id":"https:\/\/www.meydan.tv\/az\/#organization"},"image":{"@id":"https:\/\/www.meydan.tv\/az\/article\/intihara-cehd-eden-adam-goycayin-icra-bascisinin-elaltilari-meni-bu-hedde-catdirib\/#primaryimage"},"thumbnailUrl":"https:\/\/www.meydan.tv\/wp-content\/uploads\/image_from_ios_77-scaled.jpg","articleSection":["B\u00f6lg\u0259"],"inLanguage":"az"},{"@type":"WebPage","@id":"https:\/\/www.meydan.tv\/az\/article\/intihara-cehd-eden-adam-goycayin-icra-bascisinin-elaltilari-meni-bu-hedde-catdirib\/","url":"https:\/\/www.meydan.tv\/az\/article\/intihara-cehd-eden-adam-goycayin-icra-bascisinin-elaltilari-meni-bu-hedde-catdirib\/","name":"\u0130ntihara c\u0259hd ed\u0259n adam: G\u00f6y\u00e7ay\u0131n icra ba\u015f\u00e7\u0131s\u0131n\u0131n \u0259lalt\u0131lar\u0131 m\u0259ni bu h\u0259dd\u0259 \u00e7atd\u0131r\u0131b - MEYDAN.TV","isPartOf":{"@id":"https:\/\/www.meydan.tv\/az\/#website"},"primaryImageOfPage":{"@id":"https:\/\/www.meydan.tv\/az\/article\/intihara-cehd-eden-adam-goycayin-icra-bascisinin-elaltilari-meni-bu-hedde-catdirib\/#primaryimage"},"image":{"@id":"https:\/\/www.meydan.tv\/az\/article\/intihara-cehd-eden-adam-goycayin-icra-bascisinin-elaltilari-meni-bu-hedde-catdirib\/#primaryimage"},"thumbnailUrl":"https:\/\/www.meydan.tv\/wp-content\/uploads\/image_from_ios_77-scaled.jpg","datePublished":"2019-09-23T15:07:39+00:00","breadcrumb":{"@id":"https:\/\/www.meydan.tv\/az\/article\/intihara-cehd-eden-adam-goycayin-icra-bascisinin-elaltilari-meni-bu-hedde-catdirib\/#breadcrumb"},"inLanguage":"az","potentialAction":[{"@type":"ReadAction","target":["https:\/\/www.meydan.tv\/az\/article\/intihara-cehd-eden-adam-goycayin-icra-bascisinin-elaltilari-meni-bu-hedde-catdirib\/"]}]},{"@type":"ImageObject","inLanguage":"az","@id":"https:\/\/www.meydan.tv\/az\/article\/intihara-cehd-eden-adam-goycayin-icra-bascisinin-elaltilari-meni-bu-hedde-catdirib\/#primaryimage","url":"https:\/\/www.meydan.tv\/wp-content\/uploads\/image_from_ios_77-scaled.jpg","contentUrl":"https:\/\/www.meydan.tv\/wp-content\/uploads\/image_from_ios_77-scaled.jpg","width":2560,"height":1920,"caption":"Source: Meydan Tv"},{"@type":"BreadcrumbList","@id":"https:\/\/www.meydan.tv\/az\/article\/intihara-cehd-eden-adam-goycayin-icra-bascisinin-elaltilari-meni-bu-hedde-catdirib\/#breadcrumb","itemListElement":[{"@type":"ListItem","position":1,"name":"Ana s\u0259hif\u0259","item":"https:\/\/www.meydan.tv\/az\/"},{"@type":"ListItem","position":2,"name":"B\u00f6lg\u0259","item":"https:\/\/www.meydan.tv\/az\/section\/bolge\/"},{"@type":"ListItem","position":3,"name":"\u0130ntihara c\u0259hd ed\u0259n adam: G\u00f6y\u00e7ay\u0131n icra ba\u015f\u00e7\u0131s\u0131n\u0131n \u0259lalt\u0131lar\u0131 m\u0259ni bu h\u0259dd\u0259 \u00e7atd\u0131r\u0131b"}]},{"@type":"WebSite","@id":"https:\/\/www.meydan.tv\/az\/#website","url":"https:\/\/www.meydan.tv\/az\/","name":"MEYDAN.TV","description":"Meydan TV Az\u0259rbaycan\u0131n media m\u0259kan\u0131ndak\u0131 alternativ s\u0259sidir","publisher":{"@id":"https:\/\/www.meydan.tv\/az\/#organization"},"potentialAction":[{"@type":"SearchAction","target":{"@type":"EntryPoint","urlTemplate":"https:\/\/www.meydan.tv\/az\/?s={search_term_string}"},"query-input":{"@type":"PropertyValueSpecification","valueRequired":true,"valueName":"search_term_string"}}],"inLanguage":"az"},{"@type":"Organization","@id":"https:\/\/www.meydan.tv\/az\/#organization","name":"Meydan TV","url":"https:\/\/www.meydan.tv\/az\/","logo":{"@type":"ImageObject","inLanguage":"az","@id":"https:\/\/www.meydan.tv\/az\/#\/schema\/logo\/image\/","url":"https:\/\/www.meydan.tv\/wp-content\/uploads\/2021\/07\/meydan-logo.svg","contentUrl":"https:\/\/www.meydan.tv\/wp-content\/uploads\/2021\/07\/meydan-logo.svg","width":195,"height":46,"caption":"Meydan TV"},"image":{"@id":"https:\/\/www.meydan.tv\/az\/#\/schema\/logo\/image\/"}},{"@type":"Person","@id":"https:\/\/www.meydan.tv\/az\/#\/schema\/person\/10d11eccf6da3662cf5fdab9806ea91a","name":"user-manager"}]}},"_links":{"self":[{"href":"https:\/\/www.meydan.tv\/az\/wp-json\/wp\/v2\/posts\/197098","targetHints":{"allow":["GET"]}}],"collection":[{"href":"https:\/\/www.meydan.tv\/az\/wp-json\/wp\/v2\/posts"}],"about":[{"href":"https:\/\/www.meydan.tv\/az\/wp-json\/wp\/v2\/types\/post"}],"author":[{"embeddable":true,"href":"https:\/\/www.meydan.tv\/az\/wp-json\/wp\/v2\/users\/11"}],"replies":[{"embeddable":true,"href":"https:\/\/www.meydan.tv\/az\/wp-json\/wp\/v2\/comments?post=197098"}],"version-history":[{"count":0,"href":"https:\/\/www.meydan.tv\/az\/wp-json\/wp\/v2\/posts\/197098\/revisions"}],"wp:featuredmedia":[{"embeddable":true,"href":"https:\/\/www.meydan.tv\/az\/wp-json\/wp\/v2\/media\/130075"}],"wp:attachment":[{"href":"https:\/\/www.meydan.tv\/az\/wp-json\/wp\/v2\/media?parent=197098"}],"wp:term":[{"taxonomy":"category","embeddable":true,"href":"https:\/\/www.meydan.tv\/az\/wp-json\/wp\/v2\/categories?post=197098"},{"taxonomy":"post_tag","embeddable":true,"href":"https:\/\/www.meydan.tv\/az\/wp-json\/wp\/v2\/tags?post=197098"}],"curies":[{"name":"wp","href":"https:\/\/api.w.org\/{rel}","templated":true}]}}