{"id":197097,"date":"2019-09-23T17:20:39","date_gmt":"2019-09-23T17:20:39","guid":{"rendered":"https:\/\/www.meydan.tv\/article\/penitensiar-xidmet-efqan-muxtarlinin-acliq-aksiyasina-basladigini-tesdiq-edib\/"},"modified":"2019-09-23T17:20:39","modified_gmt":"2019-09-23T17:20:39","slug":"penitensiar-xidmet-efqan-muxtarlinin-acliq-aksiyasina-basladigini-tesdiq-edib","status":"publish","type":"post","link":"https:\/\/www.meydan.tv\/az\/article\/penitensiar-xidmet-efqan-muxtarlinin-acliq-aksiyasina-basladigini-tesdiq-edib\/","title":{"rendered":"\u018ffqan Muxtarl\u0131 &#8221;kars&#8221;a sal\u0131n\u0131b"},"content":{"rendered":"<p>\n  <b><br \/>\n    <i><br \/>\n      Jurnalist \u018ffqan Muxtarl\u0131n\u0131n \u201ckars\u201da sal\u0131nd\u0131\u011f\u0131 bildirilir.  Bu bar\u0259d\u0259 ictimai f\u0259al Samir \u018fs\u0259dli m\u0259lumat yay\u0131b. Onun s\u00f6zl\u0259rin\u0259 g\u00f6r\u0259, \u018ffqan Muxtarl\u0131 art\u0131q iki g\u00fcnd\u00fcr ki, d\u0259rmanlar\u0131n\u0131 da q\u0259bul etm\u0259kd\u0259n imtina edib. Jurnalist \u015f\u0259k\u0259rli diabetd\u0259n \u0259ziyy\u0259t \u00e7\u0259kir. D\u0259rmanlar\u0131 q\u0259bul etm\u0259m\u0259k v\u0259 yem\u0259k yem\u0259m\u0259k birba\u015fa intihara c\u0259hd kimi qiym\u0259tl\u0259ndirilir.<br \/>\n    <\/i><br \/>\n  <\/b>\n<\/p>\n<p>\n  ***\n<\/p>\n<p>\n  <i><br \/>\n    Mehman Sad\u0131qov: \u201cH\u0259bsxanaya g\u0259l\u0259n b\u00fct\u00fcn v\u0259kill\u0259r yoxlan\u0131l\u0131r\u201d<br \/>\n  <\/i>\n<\/p>\n<p>\n  Penitensiar Xidm\u0259tin ictimaiyy\u0259tl\u0259 \u0259laq\u0259l\u0259r \u00fczr\u0259 \u015f\u00f6b\u0259nin r\u0259isi Mehman Sad\u0131qov Meydan TV-y\u0259 m\u0259hbus jurnalist \u018ffqan Muxtarl\u0131n\u0131n acl\u0131q aksiyas\u0131na ba\u015flad\u0131\u011f\u0131n\u0131 t\u0259sdiql\u0259yib.\n<\/p>\n<p>\n  Mehman Sad\u0131qov deyib ki, \u018ffqan Muxtarl\u0131 sentyabr\u0131n 23-d\u0259n acl\u0131q aksiyas\u0131na ba\u015flay\u0131b.\n<\/p>\n<p>\n  \u201cSad\u0259c\u0259, acl\u0131q ke\u00e7ir\u0259c\u0259yi haqda \u0259riz\u0259ni d\u00fcn\u0259n t\u0259qdim edib\u201d, &#8211; \u015f\u00f6b\u0259 r\u0259isi deyib.\n<\/p>\n<p>\n  Mehman Sad\u0131qovun s\u00f6zl\u0259rin\u0259 g\u00f6r\u0259, \u018ffqan Muxtarl\u0131 \u0259riz\u0259sind\u0259 v\u0259kili Nem\u0259t K\u0259rimliy\u0259 qar\u015f\u0131 kobudlu\u011fa etiraz olaraq acl\u0131q aksiyas\u0131na ba\u015flad\u0131\u011f\u0131n\u0131 qeyd edib.\n<\/p>\n<p>\n  \u201cAmma Nem\u0259t K\u0259rimlinin dedikl\u0259ri do\u011fru deyil. Ona qar\u015f\u0131 h\u0259r hans\u0131 kobudluq olmay\u0131b. Daxili qaydalara \u0259sas\u0259n h\u0259bsxanaya g\u0259l\u0259n b\u00fct\u00fcn v\u0259kill\u0259r yoxlan\u0131l\u0131r\u201d.\n<\/p>\n<p>\n  M\u0259lumata g\u00f6r\u0259 \u018ffqan Muxtarl\u0131 acl\u0131q aksiyas\u0131na sentyabr\u0131n 21-d\u0259 ba\u015flasa da, aksiya bar\u0259d\u0259 \u0259riz\u0259ni sentyabr\u0131n 22-d\u0259 t\u0259qdim edib.\n<\/p>\n<p>\n  V\u0259kil Nem\u0259t K\u0259rimli sentyabr\u0131n 20-d\u0259 m\u00fcv\u0259kkilinin saxlan\u0131ld\u0131\u011f\u0131 16 sayl\u0131 C\u0259za\u00e7\u0259km\u0259 M\u00fc\u0259ssis\u0259sind\u0259 t\u0259zyiql\u0259 \u00fczl\u0259\u015fdiyi haqda a\u00e7\u0131qlama yaylb. Onun s\u00f6zl\u0259rin\u0259 g\u00f6r\u0259, h\u0259bsxana r\u0259isinin m\u00fcavini t\u0259r\u0259find\u0259n t\u0259zyiq\u0259 m\u0259ruz qal\u0131b, 45-50 d\u0259qiq\u0259 otaqlar\u0131n birind\u0259 girov saxlan\u0131l\u0131b.\n<\/p>\n<p>\n  Bundan sonra jurnalist<br \/>\n  <a href=\"https:\/\/www.meydan.tv\/az\/article\/efqan-muxtarli-acliga-basladigini-deyib\/?ref=list-news\"><br \/>\n    \u018ffqan Muxtarl\u0131<br \/>\n  <\/a><br \/>\n  acl\u0131q aksiyas\u0131na ba\u015flad\u0131\u011f\u0131 bar\u0259d\u0259 m\u0259lumat yay\u0131b.\n<\/p>\n<figure class=\"wp-block-image size-large\">\n  <img decoding=\"async\" src=\"https:\/\/www.meydan.tv\/az\/71380992_10219846383820268_9187187053350092800_o-jpg\/\" alt=\"71380992_10219846383820268_9187187053350092800_o.jpg\" class=\"wp-image-130018\"\/><figcaption>\n    \u018ffqan Muxtarl\u0131<br \/>\n  <\/figcaption><\/figure>\n<p>\n  Oturum izni il\u0259 G\u00fcrc\u00fcstanda ya\u015fayan jurnalist \u018ffqan Muxtarl\u0131 2017-ci il may\u0131n 29-da \u201cyoxa\u201d \u00e7\u0131x\u0131b v\u0259 s\u0259h\u0259ri g\u00fcn Az\u0259rbaycanda h\u0259bs edilib. Onun dediyin\u0259 g\u00f6r\u0259, Tbilisid\u0259 saxlan\u0131b, i\u015fg\u0259nc\u0259 verilib, zorla s\u0259rh\u0259d\u0259 g\u0259tiril\u0259r\u0259k Az\u0259rbaycan t\u0259r\u0259fin\u0259 t\u0259hvil verilib. \u00dcst\u0259lik, cibin\u0259 10 min avro pul qoyulub.\n<\/p>\n<p>\n  Az\u0259rbaycan h\u00f6kum\u0259ti is\u0259 jurnalisti Cinay\u0259t M\u0259c\u0259ll\u0259sinin hakimiyy\u0259t n\u00fcmay\u0259nd\u0259sin\u0259 xidm\u0259ti v\u0259zif\u0259l\u0259rini yerin\u0259 yetir\u0259rk\u0259n ona qar\u015f\u0131 h\u0259yat v\u0259 sa\u011flaml\u0131q \u00fc\u00e7\u00fcn t\u0259hl\u00fck\u0259li olan zor t\u0259tbiq etm\u0259 madd\u0259si (315.2) il\u0259 ittiham edib.Bundan ba\u015fqa, ona d\u00f6vl\u0259t s\u0259rh\u0259dini m\u00fc\u0259yy\u0259n edilmi\u015f s\u0259n\u0259dl\u0259r olmadan v\u0259 ya d\u00f6vl\u0259t s\u0259rh\u0259dinin n\u0259zar\u0259t-burax\u0131l\u0131\u015f m\u0259nt\u0259q\u0259l\u0259rind\u0259n k\u0259narda ke\u00e7m\u0259 (318.1) v\u0259 qa\u00e7aqmal\u00e7\u0131l\u0131q (206.1) madd\u0259l\u0259ri il\u0259 ittiham ir\u0259li s\u00fcr\u00fcl\u00fcb.\n<\/p>\n<p>\n  \u018ffqan Muxtarl\u0131 6 il azadl\u0131qdan m\u0259hrum edilib.\n<\/p>\n<p>\n  Beyn\u0259lxalq h\u00fcquq m\u00fcdafi\u0259 t\u0259\u015fkilatlar\u0131 \u018ffqan Muxtarl\u0131n\u0131 siyasi m\u0259hbus kimi tan\u0131y\u0131r.<\/p>\n","protected":false},"excerpt":{"rendered":"<p>Mehman Sad\u0131qovun s\u00f6zl\u0259rin\u0259 g\u00f6r\u0259, \u018ffqan Muxtarl\u0131 \u0259riz\u0259sind\u0259 v\u0259kili Nem\u0259t K\u0259rimliy\u0259 qar\u015f\u0131 kobudlu\u011fa etiraz olaraq acl\u0131q aksiyas\u0131na ba\u015flad\u0131\u011f\u0131n\u0131 qeyd edib.<\/p>\n","protected":false},"author":11,"featured_media":130063,"comment_status":"closed","ping_status":"open","sticky":false,"template":"","format":"standard","meta":{"_acf_changed":false,"_sitemap_exclude":false,"_sitemap_priority":"","_sitemap_frequency":"","footnotes":""},"categories":[59],"tags":[],"class_list":["post-197097","post","type-post","status-publish","format-standard","has-post-thumbnail","hentry","category-siyaset","infinite-scroll-item","generate-columns","tablet-grid-50","mobile-grid-100","grid-parent","grid-33","no-featured-image-padding"],"acf":[],"yoast_head":"<!-- This site is optimized with the Yoast SEO plugin v27.5 - https:\/\/yoast.com\/product\/yoast-seo-wordpress\/ -->\n<title>\u018ffqan Muxtarl\u0131 &#039;&#039;kars&#039;&#039;a sal\u0131n\u0131b - MEYDAN.TV<\/title>\n<meta name=\"robots\" content=\"index, follow, max-snippet:-1, max-image-preview:large, max-video-preview:-1\" \/>\n<link rel=\"canonical\" href=\"https:\/\/www.meydan.tv\/az\/article\/penitensiar-xidmet-efqan-muxtarlinin-acliq-aksiyasina-basladigini-tesdiq-edib\/\" \/>\n<meta property=\"og:locale\" content=\"az_AZ\" \/>\n<meta property=\"og:type\" content=\"article\" \/>\n<meta property=\"og:title\" content=\"\u018ffqan Muxtarl\u0131 &#039;&#039;kars&#039;&#039;a sal\u0131n\u0131b - MEYDAN.TV\" \/>\n<meta property=\"og:description\" content=\"Mehman Sad\u0131qovun s\u00f6zl\u0259rin\u0259 g\u00f6r\u0259, \u018ffqan Muxtarl\u0131 \u0259riz\u0259sind\u0259 v\u0259kili Nem\u0259t K\u0259rimliy\u0259 qar\u015f\u0131 kobudlu\u011fa etiraz olaraq acl\u0131q aksiyas\u0131na ba\u015flad\u0131\u011f\u0131n\u0131 qeyd edib.\" \/>\n<meta property=\"og:url\" content=\"https:\/\/www.meydan.tv\/az\/article\/penitensiar-xidmet-efqan-muxtarlinin-acliq-aksiyasina-basladigini-tesdiq-edib\/\" \/>\n<meta property=\"og:site_name\" content=\"MEYDAN.TV\" \/>\n<meta property=\"article:published_time\" content=\"2019-09-23T17:20:39+00:00\" \/>\n<meta property=\"og:image\" content=\"https:\/\/www.meydan.tv\/wp-content\/uploads\/2-1-1280x720-1.jpg\" \/>\n\t<meta property=\"og:image:width\" content=\"1280\" \/>\n\t<meta property=\"og:image:height\" content=\"720\" \/>\n\t<meta property=\"og:image:type\" content=\"image\/jpeg\" \/>\n<meta name=\"author\" content=\"user-manager\" \/>\n<meta name=\"twitter:card\" content=\"summary_large_image\" \/>\n<script type=\"application\/ld+json\" class=\"yoast-schema-graph\">{\"@context\":\"https:\\\/\\\/schema.org\",\"@graph\":[{\"@type\":\"Article\",\"@id\":\"https:\\\/\\\/www.meydan.tv\\\/az\\\/article\\\/penitensiar-xidmet-efqan-muxtarlinin-acliq-aksiyasina-basladigini-tesdiq-edib\\\/#article\",\"isPartOf\":{\"@id\":\"https:\\\/\\\/www.meydan.tv\\\/az\\\/article\\\/penitensiar-xidmet-efqan-muxtarlinin-acliq-aksiyasina-basladigini-tesdiq-edib\\\/\"},\"author\":{\"name\":\"user-manager\",\"@id\":\"https:\\\/\\\/www.meydan.tv\\\/az\\\/#\\\/schema\\\/person\\\/10d11eccf6da3662cf5fdab9806ea91a\"},\"headline\":\"\u018ffqan Muxtarl\u0131 &#8221;kars&#8221;a sal\u0131n\u0131b\",\"datePublished\":\"2019-09-23T17:20:39+00:00\",\"mainEntityOfPage\":{\"@id\":\"https:\\\/\\\/www.meydan.tv\\\/az\\\/article\\\/penitensiar-xidmet-efqan-muxtarlinin-acliq-aksiyasina-basladigini-tesdiq-edib\\\/\"},\"wordCount\":552,\"publisher\":{\"@id\":\"https:\\\/\\\/www.meydan.tv\\\/az\\\/#organization\"},\"image\":{\"@id\":\"https:\\\/\\\/www.meydan.tv\\\/az\\\/article\\\/penitensiar-xidmet-efqan-muxtarlinin-acliq-aksiyasina-basladigini-tesdiq-edib\\\/#primaryimage\"},\"thumbnailUrl\":\"https:\\\/\\\/www.meydan.tv\\\/wp-content\\\/uploads\\\/2-1-1280x720-1.jpg\",\"articleSection\":[\"Siyas\u0259t\"],\"inLanguage\":\"az\"},{\"@type\":\"WebPage\",\"@id\":\"https:\\\/\\\/www.meydan.tv\\\/az\\\/article\\\/penitensiar-xidmet-efqan-muxtarlinin-acliq-aksiyasina-basladigini-tesdiq-edib\\\/\",\"url\":\"https:\\\/\\\/www.meydan.tv\\\/az\\\/article\\\/penitensiar-xidmet-efqan-muxtarlinin-acliq-aksiyasina-basladigini-tesdiq-edib\\\/\",\"name\":\"\u018ffqan Muxtarl\u0131 ''kars''a sal\u0131n\u0131b - MEYDAN.TV\",\"isPartOf\":{\"@id\":\"https:\\\/\\\/www.meydan.tv\\\/az\\\/#website\"},\"primaryImageOfPage\":{\"@id\":\"https:\\\/\\\/www.meydan.tv\\\/az\\\/article\\\/penitensiar-xidmet-efqan-muxtarlinin-acliq-aksiyasina-basladigini-tesdiq-edib\\\/#primaryimage\"},\"image\":{\"@id\":\"https:\\\/\\\/www.meydan.tv\\\/az\\\/article\\\/penitensiar-xidmet-efqan-muxtarlinin-acliq-aksiyasina-basladigini-tesdiq-edib\\\/#primaryimage\"},\"thumbnailUrl\":\"https:\\\/\\\/www.meydan.tv\\\/wp-content\\\/uploads\\\/2-1-1280x720-1.jpg\",\"datePublished\":\"2019-09-23T17:20:39+00:00\",\"breadcrumb\":{\"@id\":\"https:\\\/\\\/www.meydan.tv\\\/az\\\/article\\\/penitensiar-xidmet-efqan-muxtarlinin-acliq-aksiyasina-basladigini-tesdiq-edib\\\/#breadcrumb\"},\"inLanguage\":\"az\",\"potentialAction\":[{\"@type\":\"ReadAction\",\"target\":[\"https:\\\/\\\/www.meydan.tv\\\/az\\\/article\\\/penitensiar-xidmet-efqan-muxtarlinin-acliq-aksiyasina-basladigini-tesdiq-edib\\\/\"]}]},{\"@type\":\"ImageObject\",\"inLanguage\":\"az\",\"@id\":\"https:\\\/\\\/www.meydan.tv\\\/az\\\/article\\\/penitensiar-xidmet-efqan-muxtarlinin-acliq-aksiyasina-basladigini-tesdiq-edib\\\/#primaryimage\",\"url\":\"https:\\\/\\\/www.meydan.tv\\\/wp-content\\\/uploads\\\/2-1-1280x720-1.jpg\",\"contentUrl\":\"https:\\\/\\\/www.meydan.tv\\\/wp-content\\\/uploads\\\/2-1-1280x720-1.jpg\",\"width\":1280,\"height\":720,\"caption\":\"Source: meydan.tv\"},{\"@type\":\"BreadcrumbList\",\"@id\":\"https:\\\/\\\/www.meydan.tv\\\/az\\\/article\\\/penitensiar-xidmet-efqan-muxtarlinin-acliq-aksiyasina-basladigini-tesdiq-edib\\\/#breadcrumb\",\"itemListElement\":[{\"@type\":\"ListItem\",\"position\":1,\"name\":\"Ana s\u0259hif\u0259\",\"item\":\"https:\\\/\\\/www.meydan.tv\\\/az\\\/\"},{\"@type\":\"ListItem\",\"position\":2,\"name\":\"Siyas\u0259t\",\"item\":\"https:\\\/\\\/www.meydan.tv\\\/az\\\/section\\\/siyaset\\\/\"},{\"@type\":\"ListItem\",\"position\":3,\"name\":\"\u018ffqan Muxtarl\u0131 &#8221;kars&#8221;a sal\u0131n\u0131b\"}]},{\"@type\":\"WebSite\",\"@id\":\"https:\\\/\\\/www.meydan.tv\\\/az\\\/#website\",\"url\":\"https:\\\/\\\/www.meydan.tv\\\/az\\\/\",\"name\":\"MEYDAN.TV\",\"description\":\"Meydan TV Az\u0259rbaycan\u0131n media m\u0259kan\u0131ndak\u0131 alternativ s\u0259sidir\",\"publisher\":{\"@id\":\"https:\\\/\\\/www.meydan.tv\\\/az\\\/#organization\"},\"potentialAction\":[{\"@type\":\"SearchAction\",\"target\":{\"@type\":\"EntryPoint\",\"urlTemplate\":\"https:\\\/\\\/www.meydan.tv\\\/az\\\/?s={search_term_string}\"},\"query-input\":{\"@type\":\"PropertyValueSpecification\",\"valueRequired\":true,\"valueName\":\"search_term_string\"}}],\"inLanguage\":\"az\"},{\"@type\":\"Organization\",\"@id\":\"https:\\\/\\\/www.meydan.tv\\\/az\\\/#organization\",\"name\":\"Meydan TV\",\"url\":\"https:\\\/\\\/www.meydan.tv\\\/az\\\/\",\"logo\":{\"@type\":\"ImageObject\",\"inLanguage\":\"az\",\"@id\":\"https:\\\/\\\/www.meydan.tv\\\/az\\\/#\\\/schema\\\/logo\\\/image\\\/\",\"url\":\"https:\\\/\\\/www.meydan.tv\\\/wp-content\\\/uploads\\\/2021\\\/07\\\/meydan-logo.svg\",\"contentUrl\":\"https:\\\/\\\/www.meydan.tv\\\/wp-content\\\/uploads\\\/2021\\\/07\\\/meydan-logo.svg\",\"width\":195,\"height\":46,\"caption\":\"Meydan TV\"},\"image\":{\"@id\":\"https:\\\/\\\/www.meydan.tv\\\/az\\\/#\\\/schema\\\/logo\\\/image\\\/\"}},{\"@type\":\"Person\",\"@id\":\"https:\\\/\\\/www.meydan.tv\\\/az\\\/#\\\/schema\\\/person\\\/10d11eccf6da3662cf5fdab9806ea91a\",\"name\":\"user-manager\"}]}<\/script>\n<!-- \/ Yoast SEO plugin. -->","yoast_head_json":{"title":"\u018ffqan Muxtarl\u0131 ''kars''a sal\u0131n\u0131b - MEYDAN.TV","robots":{"index":"index","follow":"follow","max-snippet":"max-snippet:-1","max-image-preview":"max-image-preview:large","max-video-preview":"max-video-preview:-1"},"canonical":"https:\/\/www.meydan.tv\/az\/article\/penitensiar-xidmet-efqan-muxtarlinin-acliq-aksiyasina-basladigini-tesdiq-edib\/","og_locale":"az_AZ","og_type":"article","og_title":"\u018ffqan Muxtarl\u0131 ''kars''a sal\u0131n\u0131b - MEYDAN.TV","og_description":"Mehman Sad\u0131qovun s\u00f6zl\u0259rin\u0259 g\u00f6r\u0259, \u018ffqan Muxtarl\u0131 \u0259riz\u0259sind\u0259 v\u0259kili Nem\u0259t K\u0259rimliy\u0259 qar\u015f\u0131 kobudlu\u011fa etiraz olaraq acl\u0131q aksiyas\u0131na ba\u015flad\u0131\u011f\u0131n\u0131 qeyd edib.","og_url":"https:\/\/www.meydan.tv\/az\/article\/penitensiar-xidmet-efqan-muxtarlinin-acliq-aksiyasina-basladigini-tesdiq-edib\/","og_site_name":"MEYDAN.TV","article_published_time":"2019-09-23T17:20:39+00:00","og_image":[{"width":1280,"height":720,"url":"https:\/\/www.meydan.tv\/wp-content\/uploads\/2-1-1280x720-1.jpg","type":"image\/jpeg"}],"author":"user-manager","twitter_card":"summary_large_image","schema":{"@context":"https:\/\/schema.org","@graph":[{"@type":"Article","@id":"https:\/\/www.meydan.tv\/az\/article\/penitensiar-xidmet-efqan-muxtarlinin-acliq-aksiyasina-basladigini-tesdiq-edib\/#article","isPartOf":{"@id":"https:\/\/www.meydan.tv\/az\/article\/penitensiar-xidmet-efqan-muxtarlinin-acliq-aksiyasina-basladigini-tesdiq-edib\/"},"author":{"name":"user-manager","@id":"https:\/\/www.meydan.tv\/az\/#\/schema\/person\/10d11eccf6da3662cf5fdab9806ea91a"},"headline":"\u018ffqan Muxtarl\u0131 &#8221;kars&#8221;a sal\u0131n\u0131b","datePublished":"2019-09-23T17:20:39+00:00","mainEntityOfPage":{"@id":"https:\/\/www.meydan.tv\/az\/article\/penitensiar-xidmet-efqan-muxtarlinin-acliq-aksiyasina-basladigini-tesdiq-edib\/"},"wordCount":552,"publisher":{"@id":"https:\/\/www.meydan.tv\/az\/#organization"},"image":{"@id":"https:\/\/www.meydan.tv\/az\/article\/penitensiar-xidmet-efqan-muxtarlinin-acliq-aksiyasina-basladigini-tesdiq-edib\/#primaryimage"},"thumbnailUrl":"https:\/\/www.meydan.tv\/wp-content\/uploads\/2-1-1280x720-1.jpg","articleSection":["Siyas\u0259t"],"inLanguage":"az"},{"@type":"WebPage","@id":"https:\/\/www.meydan.tv\/az\/article\/penitensiar-xidmet-efqan-muxtarlinin-acliq-aksiyasina-basladigini-tesdiq-edib\/","url":"https:\/\/www.meydan.tv\/az\/article\/penitensiar-xidmet-efqan-muxtarlinin-acliq-aksiyasina-basladigini-tesdiq-edib\/","name":"\u018ffqan Muxtarl\u0131 ''kars''a sal\u0131n\u0131b - MEYDAN.TV","isPartOf":{"@id":"https:\/\/www.meydan.tv\/az\/#website"},"primaryImageOfPage":{"@id":"https:\/\/www.meydan.tv\/az\/article\/penitensiar-xidmet-efqan-muxtarlinin-acliq-aksiyasina-basladigini-tesdiq-edib\/#primaryimage"},"image":{"@id":"https:\/\/www.meydan.tv\/az\/article\/penitensiar-xidmet-efqan-muxtarlinin-acliq-aksiyasina-basladigini-tesdiq-edib\/#primaryimage"},"thumbnailUrl":"https:\/\/www.meydan.tv\/wp-content\/uploads\/2-1-1280x720-1.jpg","datePublished":"2019-09-23T17:20:39+00:00","breadcrumb":{"@id":"https:\/\/www.meydan.tv\/az\/article\/penitensiar-xidmet-efqan-muxtarlinin-acliq-aksiyasina-basladigini-tesdiq-edib\/#breadcrumb"},"inLanguage":"az","potentialAction":[{"@type":"ReadAction","target":["https:\/\/www.meydan.tv\/az\/article\/penitensiar-xidmet-efqan-muxtarlinin-acliq-aksiyasina-basladigini-tesdiq-edib\/"]}]},{"@type":"ImageObject","inLanguage":"az","@id":"https:\/\/www.meydan.tv\/az\/article\/penitensiar-xidmet-efqan-muxtarlinin-acliq-aksiyasina-basladigini-tesdiq-edib\/#primaryimage","url":"https:\/\/www.meydan.tv\/wp-content\/uploads\/2-1-1280x720-1.jpg","contentUrl":"https:\/\/www.meydan.tv\/wp-content\/uploads\/2-1-1280x720-1.jpg","width":1280,"height":720,"caption":"Source: meydan.tv"},{"@type":"BreadcrumbList","@id":"https:\/\/www.meydan.tv\/az\/article\/penitensiar-xidmet-efqan-muxtarlinin-acliq-aksiyasina-basladigini-tesdiq-edib\/#breadcrumb","itemListElement":[{"@type":"ListItem","position":1,"name":"Ana s\u0259hif\u0259","item":"https:\/\/www.meydan.tv\/az\/"},{"@type":"ListItem","position":2,"name":"Siyas\u0259t","item":"https:\/\/www.meydan.tv\/az\/section\/siyaset\/"},{"@type":"ListItem","position":3,"name":"\u018ffqan Muxtarl\u0131 &#8221;kars&#8221;a sal\u0131n\u0131b"}]},{"@type":"WebSite","@id":"https:\/\/www.meydan.tv\/az\/#website","url":"https:\/\/www.meydan.tv\/az\/","name":"MEYDAN.TV","description":"Meydan TV Az\u0259rbaycan\u0131n media m\u0259kan\u0131ndak\u0131 alternativ s\u0259sidir","publisher":{"@id":"https:\/\/www.meydan.tv\/az\/#organization"},"potentialAction":[{"@type":"SearchAction","target":{"@type":"EntryPoint","urlTemplate":"https:\/\/www.meydan.tv\/az\/?s={search_term_string}"},"query-input":{"@type":"PropertyValueSpecification","valueRequired":true,"valueName":"search_term_string"}}],"inLanguage":"az"},{"@type":"Organization","@id":"https:\/\/www.meydan.tv\/az\/#organization","name":"Meydan TV","url":"https:\/\/www.meydan.tv\/az\/","logo":{"@type":"ImageObject","inLanguage":"az","@id":"https:\/\/www.meydan.tv\/az\/#\/schema\/logo\/image\/","url":"https:\/\/www.meydan.tv\/wp-content\/uploads\/2021\/07\/meydan-logo.svg","contentUrl":"https:\/\/www.meydan.tv\/wp-content\/uploads\/2021\/07\/meydan-logo.svg","width":195,"height":46,"caption":"Meydan TV"},"image":{"@id":"https:\/\/www.meydan.tv\/az\/#\/schema\/logo\/image\/"}},{"@type":"Person","@id":"https:\/\/www.meydan.tv\/az\/#\/schema\/person\/10d11eccf6da3662cf5fdab9806ea91a","name":"user-manager"}]}},"_links":{"self":[{"href":"https:\/\/www.meydan.tv\/az\/wp-json\/wp\/v2\/posts\/197097","targetHints":{"allow":["GET"]}}],"collection":[{"href":"https:\/\/www.meydan.tv\/az\/wp-json\/wp\/v2\/posts"}],"about":[{"href":"https:\/\/www.meydan.tv\/az\/wp-json\/wp\/v2\/types\/post"}],"author":[{"embeddable":true,"href":"https:\/\/www.meydan.tv\/az\/wp-json\/wp\/v2\/users\/11"}],"replies":[{"embeddable":true,"href":"https:\/\/www.meydan.tv\/az\/wp-json\/wp\/v2\/comments?post=197097"}],"version-history":[{"count":0,"href":"https:\/\/www.meydan.tv\/az\/wp-json\/wp\/v2\/posts\/197097\/revisions"}],"wp:featuredmedia":[{"embeddable":true,"href":"https:\/\/www.meydan.tv\/az\/wp-json\/wp\/v2\/media\/130063"}],"wp:attachment":[{"href":"https:\/\/www.meydan.tv\/az\/wp-json\/wp\/v2\/media?parent=197097"}],"wp:term":[{"taxonomy":"category","embeddable":true,"href":"https:\/\/www.meydan.tv\/az\/wp-json\/wp\/v2\/categories?post=197097"},{"taxonomy":"post_tag","embeddable":true,"href":"https:\/\/www.meydan.tv\/az\/wp-json\/wp\/v2\/tags?post=197097"}],"curies":[{"name":"wp","href":"https:\/\/api.w.org\/{rel}","templated":true}]}}