{"id":197093,"date":"2019-09-23T13:20:02","date_gmt":"2019-09-23T13:20:02","guid":{"rendered":"https:\/\/www.meydan.tv\/article\/mehbus-heyati-yasayan-dindar-feal-ehsen-nuruzade-karsa-salinib\/"},"modified":"2019-09-23T13:20:02","modified_gmt":"2019-09-23T13:20:02","slug":"mehbus-heyati-yasayan-dindar-feal-ehsen-nuruzade-karsa-salinib","status":"publish","type":"post","link":"https:\/\/www.meydan.tv\/az\/article\/mehbus-heyati-yasayan-dindar-feal-ehsen-nuruzade-karsa-salinib\/","title":{"rendered":"M\u0259hbus h\u0259yat\u0131 ya\u015fayan dindar f\u0259al \u018fhs\u0259n Nuruzad\u0259 \u201ckars\u201da sal\u0131n\u0131b"},"content":{"rendered":"<p>\n  <i><br \/>\n    Oqtay G\u00fclal\u0131yev: \u201c\u018fhs\u0259n Nuruzad\u0259y\u0259 t\u0259zyiql\u0259r art\u0131b\u201d<br \/>\n  <\/i>\n<\/p>\n<p>\n  6 sayl\u0131 C\u0259za\u00e7\u0259km\u0259 M\u00fc\u0259ssis\u0259sind\u0259 m\u0259hbus h\u0259yat\u0131 ya\u015fayan \u018fhs\u0259n Nuruzad\u0259 sentyabr\u0131n 22-d\u0259 c\u0259rim\u0259 t\u0259cridxanas\u0131na (\u201ckars\u201d) sal\u0131n\u0131b.\n<\/p>\n<p>\n  M\u0259lumat\u0131 h\u00fcquq m\u00fcdafi\u0259\u00e7isi Oqtay G\u00fclal\u0131yev \u018fhs\u0259n Nuruzad\u0259nin yax\u0131nlar\u0131na istinad\u0259n yay\u0131b.\n<\/p>\n<p>\n  Oqtay G\u00fclal\u0131yev bildirib ki, \u018fhs\u0259n Nuruzad\u0259y\u0259 son zamanlar t\u0259zyiql\u0259r v\u0259 n\u0259zar\u0259t art\u0131b:\n<\/p>\n<p>\n  \u201cOna \u201cG\u0259nc\u0259 m\u0259hbuslar\u0131\u201d il\u0259 t\u0259mas qurmamaq \u00fc\u00e7\u00fcn bir ne\u00e7\u0259 d\u0259f\u0259 \u0259sass\u0131z olaraq x\u0259b\u0259rdarl\u0131q edilib. Ancaq Nuruzad\u0259nin c\u0259rim\u0259 t\u0259cridxanas\u0131na sal\u0131nma s\u0259b\u0259bi v\u0259 m\u00fcdd\u0259ti bilinmir\u201d.\n<\/p>\n<p>\n  Penitensiar Xidm\u0259tin ictimaiyy\u0259tl\u0259 \u0259laq\u0259l\u0259r \u00fczr\u0259 r\u0259smisi Mehman Sad\u0131xov Meydan TV-nin bu bar\u0259d\u0259 sor\u011fusuna konkret cavab verm\u0259yib:\n<\/p>\n<p>\n  \u201cBiz bu c\u00fcr m\u0259s\u0259l\u0259l\u0259ri \u015f\u0259rh etmirik. \u018fg\u0259r Nuruzad\u0259 c\u0259rim\u0259 t\u0259cridxanas\u0131na sal\u0131n\u0131bsa, dem\u0259li, daxili intizam qaydalar\u0131n\u0131 pozub\u201d.\n<\/p>\n<p>\n  7 il azadl\u0131qdan m\u0259hrum edil\u0259n<br \/>\n  <a href=\"https:\/\/www.meydan.tv\/az\/article\/ehsen-nuruzadeye-hokm-oxundu\/?ref=search\"><br \/>\n    \u018fhs\u0259n Nuruzad\u0259<br \/>\n  <\/a><br \/>\n  2017-ci il oktyabr\u0131n 6-da D\u0130N-in Ba\u015f M\u00fct\u0259\u015f\u0259kkil Cinay\u0259tkarl\u0131qla M\u00fcbariz\u0259 \u0130dar\u0259sinin \u0259m\u0259kda\u015flar\u0131 t\u0259r\u0259find\u0259n h\u0259bs olunub. O CM-nin 234.4.3 (sat\u0131\u015f m\u0259qs\u0259di il\u0259 k\u00fclli miqdarda narkotik \u0259ld\u0259 etm\u0259, saxlama) madd\u0259si il\u0259 ittiham olunub. \u018f.Nuruzad\u0259nin \u00fcz\u0259rind\u0259n 14.775 qram heroin tap\u0131ld\u0131\u011f\u0131 iddia olunur.\n<\/p>\n<p>\n  Dindar f\u0259al ittiham\u0131 r\u0259dd edir. Bildirir ki, h\u0259min idar\u0259nin \u0259m\u0259kda\u015flar\u0131 bundan \u00f6nc\u0259 onu iki d\u0259f\u0259 h\u0259bs ed\u0259r\u0259k, Taleh Ba\u011f\u0131rzad\u0259nin m\u00fcdafi\u0259sind\u0259n v\u0259 \u201cM\u00fcs\u0259lman Birliyi\u201d H\u0259r\u0259kat\u0131ndan uzaqla\u015fma\u011f\u0131 t\u0259l\u0259b edibl\u0259r, \u0259ks halda, uzunm\u00fcdd\u0259tli h\u0259bs\u0259 g\u00f6nd\u0259ril\u0259c\u0259yi haqda x\u0259b\u0259rdarl\u0131q edibl\u0259r.\n<\/p>\n<p>\n  Onun s\u00f6zl\u0259rin\u0259 g\u00f6r\u0259, narkotiki cibin\u0259 idar\u0259d\u0259 polisl\u0259r at\u0131b.<\/p>\n","protected":false},"excerpt":{"rendered":"<p>\u201cOna \u201cG\u0259nc\u0259 m\u0259hbuslar\u0131\u201d il\u0259 t\u0259mas qurmamaq \u00fc\u00e7\u00fcn bir ne\u00e7\u0259 d\u0259f\u0259 \u0259sass\u0131z olaraq x\u0259b\u0259rdarl\u0131q edilib.<\/p>\n","protected":false},"author":11,"featured_media":98479,"comment_status":"closed","ping_status":"open","sticky":false,"template":"","format":"standard","meta":{"_acf_changed":false,"_sitemap_exclude":false,"_sitemap_priority":"","_sitemap_frequency":"","footnotes":""},"categories":[59],"tags":[],"class_list":["post-197093","post","type-post","status-publish","format-standard","has-post-thumbnail","hentry","category-siyaset","infinite-scroll-item","generate-columns","tablet-grid-50","mobile-grid-100","grid-parent","grid-33","no-featured-image-padding"],"acf":[],"yoast_head":"<!-- This site is optimized with the Yoast SEO plugin v27.5 - https:\/\/yoast.com\/product\/yoast-seo-wordpress\/ -->\n<title>M\u0259hbus h\u0259yat\u0131 ya\u015fayan dindar f\u0259al \u018fhs\u0259n Nuruzad\u0259 \u201ckars\u201da sal\u0131n\u0131b - MEYDAN.TV<\/title>\n<meta name=\"robots\" content=\"index, follow, max-snippet:-1, max-image-preview:large, max-video-preview:-1\" \/>\n<link rel=\"canonical\" href=\"https:\/\/www.meydan.tv\/az\/article\/mehbus-heyati-yasayan-dindar-feal-ehsen-nuruzade-karsa-salinib\/\" \/>\n<meta property=\"og:locale\" content=\"az_AZ\" \/>\n<meta property=\"og:type\" content=\"article\" \/>\n<meta property=\"og:title\" content=\"M\u0259hbus h\u0259yat\u0131 ya\u015fayan dindar f\u0259al \u018fhs\u0259n Nuruzad\u0259 \u201ckars\u201da sal\u0131n\u0131b - MEYDAN.TV\" \/>\n<meta property=\"og:description\" content=\"\u201cOna \u201cG\u0259nc\u0259 m\u0259hbuslar\u0131\u201d il\u0259 t\u0259mas qurmamaq \u00fc\u00e7\u00fcn bir ne\u00e7\u0259 d\u0259f\u0259 \u0259sass\u0131z olaraq x\u0259b\u0259rdarl\u0131q edilib.\" \/>\n<meta property=\"og:url\" content=\"https:\/\/www.meydan.tv\/az\/article\/mehbus-heyati-yasayan-dindar-feal-ehsen-nuruzade-karsa-salinib\/\" \/>\n<meta property=\"og:site_name\" content=\"MEYDAN.TV\" \/>\n<meta property=\"article:published_time\" content=\"2019-09-23T13:20:02+00:00\" \/>\n<meta property=\"og:image\" content=\"https:\/\/www.meydan.tv\/wp-content\/uploads\/38947.png\" \/>\n\t<meta property=\"og:image:width\" content=\"1281\" \/>\n\t<meta property=\"og:image:height\" content=\"721\" \/>\n\t<meta property=\"og:image:type\" content=\"image\/png\" \/>\n<meta name=\"author\" content=\"user-manager\" \/>\n<meta name=\"twitter:card\" content=\"summary_large_image\" \/>\n<script type=\"application\/ld+json\" class=\"yoast-schema-graph\">{\"@context\":\"https:\\\/\\\/schema.org\",\"@graph\":[{\"@type\":\"Article\",\"@id\":\"https:\\\/\\\/www.meydan.tv\\\/az\\\/article\\\/mehbus-heyati-yasayan-dindar-feal-ehsen-nuruzade-karsa-salinib\\\/#article\",\"isPartOf\":{\"@id\":\"https:\\\/\\\/www.meydan.tv\\\/az\\\/article\\\/mehbus-heyati-yasayan-dindar-feal-ehsen-nuruzade-karsa-salinib\\\/\"},\"author\":{\"name\":\"user-manager\",\"@id\":\"https:\\\/\\\/www.meydan.tv\\\/az\\\/#\\\/schema\\\/person\\\/10d11eccf6da3662cf5fdab9806ea91a\"},\"headline\":\"M\u0259hbus h\u0259yat\u0131 ya\u015fayan dindar f\u0259al \u018fhs\u0259n Nuruzad\u0259 \u201ckars\u201da sal\u0131n\u0131b\",\"datePublished\":\"2019-09-23T13:20:02+00:00\",\"mainEntityOfPage\":{\"@id\":\"https:\\\/\\\/www.meydan.tv\\\/az\\\/article\\\/mehbus-heyati-yasayan-dindar-feal-ehsen-nuruzade-karsa-salinib\\\/\"},\"wordCount\":347,\"publisher\":{\"@id\":\"https:\\\/\\\/www.meydan.tv\\\/az\\\/#organization\"},\"image\":{\"@id\":\"https:\\\/\\\/www.meydan.tv\\\/az\\\/article\\\/mehbus-heyati-yasayan-dindar-feal-ehsen-nuruzade-karsa-salinib\\\/#primaryimage\"},\"thumbnailUrl\":\"https:\\\/\\\/www.meydan.tv\\\/wp-content\\\/uploads\\\/38947.png\",\"articleSection\":[\"Siyas\u0259t\"],\"inLanguage\":\"az\"},{\"@type\":\"WebPage\",\"@id\":\"https:\\\/\\\/www.meydan.tv\\\/az\\\/article\\\/mehbus-heyati-yasayan-dindar-feal-ehsen-nuruzade-karsa-salinib\\\/\",\"url\":\"https:\\\/\\\/www.meydan.tv\\\/az\\\/article\\\/mehbus-heyati-yasayan-dindar-feal-ehsen-nuruzade-karsa-salinib\\\/\",\"name\":\"M\u0259hbus h\u0259yat\u0131 ya\u015fayan dindar f\u0259al \u018fhs\u0259n Nuruzad\u0259 \u201ckars\u201da sal\u0131n\u0131b - MEYDAN.TV\",\"isPartOf\":{\"@id\":\"https:\\\/\\\/www.meydan.tv\\\/az\\\/#website\"},\"primaryImageOfPage\":{\"@id\":\"https:\\\/\\\/www.meydan.tv\\\/az\\\/article\\\/mehbus-heyati-yasayan-dindar-feal-ehsen-nuruzade-karsa-salinib\\\/#primaryimage\"},\"image\":{\"@id\":\"https:\\\/\\\/www.meydan.tv\\\/az\\\/article\\\/mehbus-heyati-yasayan-dindar-feal-ehsen-nuruzade-karsa-salinib\\\/#primaryimage\"},\"thumbnailUrl\":\"https:\\\/\\\/www.meydan.tv\\\/wp-content\\\/uploads\\\/38947.png\",\"datePublished\":\"2019-09-23T13:20:02+00:00\",\"breadcrumb\":{\"@id\":\"https:\\\/\\\/www.meydan.tv\\\/az\\\/article\\\/mehbus-heyati-yasayan-dindar-feal-ehsen-nuruzade-karsa-salinib\\\/#breadcrumb\"},\"inLanguage\":\"az\",\"potentialAction\":[{\"@type\":\"ReadAction\",\"target\":[\"https:\\\/\\\/www.meydan.tv\\\/az\\\/article\\\/mehbus-heyati-yasayan-dindar-feal-ehsen-nuruzade-karsa-salinib\\\/\"]}]},{\"@type\":\"ImageObject\",\"inLanguage\":\"az\",\"@id\":\"https:\\\/\\\/www.meydan.tv\\\/az\\\/article\\\/mehbus-heyati-yasayan-dindar-feal-ehsen-nuruzade-karsa-salinib\\\/#primaryimage\",\"url\":\"https:\\\/\\\/www.meydan.tv\\\/wp-content\\\/uploads\\\/38947.png\",\"contentUrl\":\"https:\\\/\\\/www.meydan.tv\\\/wp-content\\\/uploads\\\/38947.png\",\"width\":1281,\"height\":721,\"caption\":\"Foto: arxiv\"},{\"@type\":\"BreadcrumbList\",\"@id\":\"https:\\\/\\\/www.meydan.tv\\\/az\\\/article\\\/mehbus-heyati-yasayan-dindar-feal-ehsen-nuruzade-karsa-salinib\\\/#breadcrumb\",\"itemListElement\":[{\"@type\":\"ListItem\",\"position\":1,\"name\":\"Ana s\u0259hif\u0259\",\"item\":\"https:\\\/\\\/www.meydan.tv\\\/az\\\/\"},{\"@type\":\"ListItem\",\"position\":2,\"name\":\"Siyas\u0259t\",\"item\":\"https:\\\/\\\/www.meydan.tv\\\/az\\\/section\\\/siyaset\\\/\"},{\"@type\":\"ListItem\",\"position\":3,\"name\":\"M\u0259hbus h\u0259yat\u0131 ya\u015fayan dindar f\u0259al \u018fhs\u0259n Nuruzad\u0259 \u201ckars\u201da sal\u0131n\u0131b\"}]},{\"@type\":\"WebSite\",\"@id\":\"https:\\\/\\\/www.meydan.tv\\\/az\\\/#website\",\"url\":\"https:\\\/\\\/www.meydan.tv\\\/az\\\/\",\"name\":\"MEYDAN.TV\",\"description\":\"Meydan TV Az\u0259rbaycan\u0131n media m\u0259kan\u0131ndak\u0131 alternativ s\u0259sidir\",\"publisher\":{\"@id\":\"https:\\\/\\\/www.meydan.tv\\\/az\\\/#organization\"},\"potentialAction\":[{\"@type\":\"SearchAction\",\"target\":{\"@type\":\"EntryPoint\",\"urlTemplate\":\"https:\\\/\\\/www.meydan.tv\\\/az\\\/?s={search_term_string}\"},\"query-input\":{\"@type\":\"PropertyValueSpecification\",\"valueRequired\":true,\"valueName\":\"search_term_string\"}}],\"inLanguage\":\"az\"},{\"@type\":\"Organization\",\"@id\":\"https:\\\/\\\/www.meydan.tv\\\/az\\\/#organization\",\"name\":\"Meydan TV\",\"url\":\"https:\\\/\\\/www.meydan.tv\\\/az\\\/\",\"logo\":{\"@type\":\"ImageObject\",\"inLanguage\":\"az\",\"@id\":\"https:\\\/\\\/www.meydan.tv\\\/az\\\/#\\\/schema\\\/logo\\\/image\\\/\",\"url\":\"https:\\\/\\\/www.meydan.tv\\\/wp-content\\\/uploads\\\/2021\\\/07\\\/meydan-logo.svg\",\"contentUrl\":\"https:\\\/\\\/www.meydan.tv\\\/wp-content\\\/uploads\\\/2021\\\/07\\\/meydan-logo.svg\",\"width\":195,\"height\":46,\"caption\":\"Meydan TV\"},\"image\":{\"@id\":\"https:\\\/\\\/www.meydan.tv\\\/az\\\/#\\\/schema\\\/logo\\\/image\\\/\"}},{\"@type\":\"Person\",\"@id\":\"https:\\\/\\\/www.meydan.tv\\\/az\\\/#\\\/schema\\\/person\\\/10d11eccf6da3662cf5fdab9806ea91a\",\"name\":\"user-manager\"}]}<\/script>\n<!-- \/ Yoast SEO plugin. -->","yoast_head_json":{"title":"M\u0259hbus h\u0259yat\u0131 ya\u015fayan dindar f\u0259al \u018fhs\u0259n Nuruzad\u0259 \u201ckars\u201da sal\u0131n\u0131b - MEYDAN.TV","robots":{"index":"index","follow":"follow","max-snippet":"max-snippet:-1","max-image-preview":"max-image-preview:large","max-video-preview":"max-video-preview:-1"},"canonical":"https:\/\/www.meydan.tv\/az\/article\/mehbus-heyati-yasayan-dindar-feal-ehsen-nuruzade-karsa-salinib\/","og_locale":"az_AZ","og_type":"article","og_title":"M\u0259hbus h\u0259yat\u0131 ya\u015fayan dindar f\u0259al \u018fhs\u0259n Nuruzad\u0259 \u201ckars\u201da sal\u0131n\u0131b - MEYDAN.TV","og_description":"\u201cOna \u201cG\u0259nc\u0259 m\u0259hbuslar\u0131\u201d il\u0259 t\u0259mas qurmamaq \u00fc\u00e7\u00fcn bir ne\u00e7\u0259 d\u0259f\u0259 \u0259sass\u0131z olaraq x\u0259b\u0259rdarl\u0131q edilib.","og_url":"https:\/\/www.meydan.tv\/az\/article\/mehbus-heyati-yasayan-dindar-feal-ehsen-nuruzade-karsa-salinib\/","og_site_name":"MEYDAN.TV","article_published_time":"2019-09-23T13:20:02+00:00","og_image":[{"width":1281,"height":721,"url":"https:\/\/www.meydan.tv\/wp-content\/uploads\/38947.png","type":"image\/png"}],"author":"user-manager","twitter_card":"summary_large_image","schema":{"@context":"https:\/\/schema.org","@graph":[{"@type":"Article","@id":"https:\/\/www.meydan.tv\/az\/article\/mehbus-heyati-yasayan-dindar-feal-ehsen-nuruzade-karsa-salinib\/#article","isPartOf":{"@id":"https:\/\/www.meydan.tv\/az\/article\/mehbus-heyati-yasayan-dindar-feal-ehsen-nuruzade-karsa-salinib\/"},"author":{"name":"user-manager","@id":"https:\/\/www.meydan.tv\/az\/#\/schema\/person\/10d11eccf6da3662cf5fdab9806ea91a"},"headline":"M\u0259hbus h\u0259yat\u0131 ya\u015fayan dindar f\u0259al \u018fhs\u0259n Nuruzad\u0259 \u201ckars\u201da sal\u0131n\u0131b","datePublished":"2019-09-23T13:20:02+00:00","mainEntityOfPage":{"@id":"https:\/\/www.meydan.tv\/az\/article\/mehbus-heyati-yasayan-dindar-feal-ehsen-nuruzade-karsa-salinib\/"},"wordCount":347,"publisher":{"@id":"https:\/\/www.meydan.tv\/az\/#organization"},"image":{"@id":"https:\/\/www.meydan.tv\/az\/article\/mehbus-heyati-yasayan-dindar-feal-ehsen-nuruzade-karsa-salinib\/#primaryimage"},"thumbnailUrl":"https:\/\/www.meydan.tv\/wp-content\/uploads\/38947.png","articleSection":["Siyas\u0259t"],"inLanguage":"az"},{"@type":"WebPage","@id":"https:\/\/www.meydan.tv\/az\/article\/mehbus-heyati-yasayan-dindar-feal-ehsen-nuruzade-karsa-salinib\/","url":"https:\/\/www.meydan.tv\/az\/article\/mehbus-heyati-yasayan-dindar-feal-ehsen-nuruzade-karsa-salinib\/","name":"M\u0259hbus h\u0259yat\u0131 ya\u015fayan dindar f\u0259al \u018fhs\u0259n Nuruzad\u0259 \u201ckars\u201da sal\u0131n\u0131b - MEYDAN.TV","isPartOf":{"@id":"https:\/\/www.meydan.tv\/az\/#website"},"primaryImageOfPage":{"@id":"https:\/\/www.meydan.tv\/az\/article\/mehbus-heyati-yasayan-dindar-feal-ehsen-nuruzade-karsa-salinib\/#primaryimage"},"image":{"@id":"https:\/\/www.meydan.tv\/az\/article\/mehbus-heyati-yasayan-dindar-feal-ehsen-nuruzade-karsa-salinib\/#primaryimage"},"thumbnailUrl":"https:\/\/www.meydan.tv\/wp-content\/uploads\/38947.png","datePublished":"2019-09-23T13:20:02+00:00","breadcrumb":{"@id":"https:\/\/www.meydan.tv\/az\/article\/mehbus-heyati-yasayan-dindar-feal-ehsen-nuruzade-karsa-salinib\/#breadcrumb"},"inLanguage":"az","potentialAction":[{"@type":"ReadAction","target":["https:\/\/www.meydan.tv\/az\/article\/mehbus-heyati-yasayan-dindar-feal-ehsen-nuruzade-karsa-salinib\/"]}]},{"@type":"ImageObject","inLanguage":"az","@id":"https:\/\/www.meydan.tv\/az\/article\/mehbus-heyati-yasayan-dindar-feal-ehsen-nuruzade-karsa-salinib\/#primaryimage","url":"https:\/\/www.meydan.tv\/wp-content\/uploads\/38947.png","contentUrl":"https:\/\/www.meydan.tv\/wp-content\/uploads\/38947.png","width":1281,"height":721,"caption":"Foto: arxiv"},{"@type":"BreadcrumbList","@id":"https:\/\/www.meydan.tv\/az\/article\/mehbus-heyati-yasayan-dindar-feal-ehsen-nuruzade-karsa-salinib\/#breadcrumb","itemListElement":[{"@type":"ListItem","position":1,"name":"Ana s\u0259hif\u0259","item":"https:\/\/www.meydan.tv\/az\/"},{"@type":"ListItem","position":2,"name":"Siyas\u0259t","item":"https:\/\/www.meydan.tv\/az\/section\/siyaset\/"},{"@type":"ListItem","position":3,"name":"M\u0259hbus h\u0259yat\u0131 ya\u015fayan dindar f\u0259al \u018fhs\u0259n Nuruzad\u0259 \u201ckars\u201da sal\u0131n\u0131b"}]},{"@type":"WebSite","@id":"https:\/\/www.meydan.tv\/az\/#website","url":"https:\/\/www.meydan.tv\/az\/","name":"MEYDAN.TV","description":"Meydan TV Az\u0259rbaycan\u0131n media m\u0259kan\u0131ndak\u0131 alternativ s\u0259sidir","publisher":{"@id":"https:\/\/www.meydan.tv\/az\/#organization"},"potentialAction":[{"@type":"SearchAction","target":{"@type":"EntryPoint","urlTemplate":"https:\/\/www.meydan.tv\/az\/?s={search_term_string}"},"query-input":{"@type":"PropertyValueSpecification","valueRequired":true,"valueName":"search_term_string"}}],"inLanguage":"az"},{"@type":"Organization","@id":"https:\/\/www.meydan.tv\/az\/#organization","name":"Meydan TV","url":"https:\/\/www.meydan.tv\/az\/","logo":{"@type":"ImageObject","inLanguage":"az","@id":"https:\/\/www.meydan.tv\/az\/#\/schema\/logo\/image\/","url":"https:\/\/www.meydan.tv\/wp-content\/uploads\/2021\/07\/meydan-logo.svg","contentUrl":"https:\/\/www.meydan.tv\/wp-content\/uploads\/2021\/07\/meydan-logo.svg","width":195,"height":46,"caption":"Meydan TV"},"image":{"@id":"https:\/\/www.meydan.tv\/az\/#\/schema\/logo\/image\/"}},{"@type":"Person","@id":"https:\/\/www.meydan.tv\/az\/#\/schema\/person\/10d11eccf6da3662cf5fdab9806ea91a","name":"user-manager"}]}},"_links":{"self":[{"href":"https:\/\/www.meydan.tv\/az\/wp-json\/wp\/v2\/posts\/197093","targetHints":{"allow":["GET"]}}],"collection":[{"href":"https:\/\/www.meydan.tv\/az\/wp-json\/wp\/v2\/posts"}],"about":[{"href":"https:\/\/www.meydan.tv\/az\/wp-json\/wp\/v2\/types\/post"}],"author":[{"embeddable":true,"href":"https:\/\/www.meydan.tv\/az\/wp-json\/wp\/v2\/users\/11"}],"replies":[{"embeddable":true,"href":"https:\/\/www.meydan.tv\/az\/wp-json\/wp\/v2\/comments?post=197093"}],"version-history":[{"count":0,"href":"https:\/\/www.meydan.tv\/az\/wp-json\/wp\/v2\/posts\/197093\/revisions"}],"wp:featuredmedia":[{"embeddable":true,"href":"https:\/\/www.meydan.tv\/az\/wp-json\/wp\/v2\/media\/98479"}],"wp:attachment":[{"href":"https:\/\/www.meydan.tv\/az\/wp-json\/wp\/v2\/media?parent=197093"}],"wp:term":[{"taxonomy":"category","embeddable":true,"href":"https:\/\/www.meydan.tv\/az\/wp-json\/wp\/v2\/categories?post=197093"},{"taxonomy":"post_tag","embeddable":true,"href":"https:\/\/www.meydan.tv\/az\/wp-json\/wp\/v2\/tags?post=197093"}],"curies":[{"name":"wp","href":"https:\/\/api.w.org\/{rel}","templated":true}]}}