{"id":197091,"date":"2019-09-23T11:59:30","date_gmt":"2019-09-23T11:59:30","guid":{"rendered":"https:\/\/www.meydan.tv\/article\/azerbaycan-avropa-birliyi-ile-viza-prosedurunu-sadelesdirmekde-maraqli-deyil\/"},"modified":"2019-09-23T11:59:30","modified_gmt":"2019-09-23T11:59:30","slug":"azerbaycan-avropa-birliyi-ile-viza-prosedurunu-sadelesdirmekde-maraqli-deyil","status":"publish","type":"post","link":"https:\/\/www.meydan.tv\/az\/article\/azerbaycan-avropa-birliyi-ile-viza-prosedurunu-sadelesdirmekde-maraqli-deyil\/","title":{"rendered":"\u201cAz\u0259rbaycan Avropa Birliyi il\u0259 viza prosedurunu sad\u0259l\u0259\u015fdirm\u0259kd\u0259 maraql\u0131 deyil\u201d"},"content":{"rendered":"<p>\n  <i><br \/>\n    Fazil Mustafa: \u201cAz\u0259rbaycan da \u0259vv\u0259l-ax\u0131r Avropa m\u0259kan\u0131na inteqrasiyas\u0131n\u0131 g\u00fccl\u0259ndirm\u0259lidir\u201d<br \/>\n  <\/i>\n<\/p>\n<p>\n  Belarus prezidenti<br \/>\n  <a href=\"https:\/\/www.meydan.tv\/az\/article\/belarus-lideri-ab-ile-viza-rejimini-sadelesdiren-sazis-imzalamaga-hazirlasir\/?ref=list-news\"><br \/>\n    Aleksandr Luka\u015fenko<br \/>\n  <\/a><br \/>\n  Avropa Birliyi \u00f6lk\u0259l\u0259ri il\u0259 viza rejiminin sad\u0259l\u0259\u015fdirilm\u0259si bar\u0259d\u0259 q\u0259rara g\u0259lib.\n<\/p>\n<p>\n  Bel\u0259likl\u0259 Avropa Birliyinin \u015e\u0259rq T\u0259r\u0259fda\u015fl\u0131\u011f\u0131 Proqram\u0131n\u0131n \u00fczvl\u0259ri aras\u0131nda (Az\u0259rbaycan, Erm\u0259nistan, G\u00fcrc\u00fcstan, Ukrayna, Moldova, Belarus) bu add\u0131m\u0131 atmayan t\u0259kc\u0259 Az\u0259rbaycan qal\u0131r. Avropa Birliyi bu add\u0131mlara cavab olaraq Ukrayna, G\u00fcrc\u00fcstan, Moldova v\u0259t\u0259nda\u015flar\u0131 \u00fc\u00e7\u00fcn viza rejimini l\u0259\u011fv edib.\n<\/p>\n<p>\n  <i><br \/>\n    \u201cH\u0259l\u0259lik bizim h\u00f6kum\u0259t \u00f6z\u00fcn\u00fc t\u0259crid yolunu tutub\u201d<br \/>\n  <\/i>\n<\/p>\n<p>\n  Meydan TV-nin Az\u0259rbaycana bu add\u0131m\u0131 atma\u011fa n\u0259 mane olur v\u0259 \u00fcmumiyy\u0259tl\u0259 bunu n\u0259 vaxt ed\u0259 bil\u0259r sual\u0131na cavab ver\u0259n siyasi icmal\u00e7\u0131 Hikm\u0259t Hac\u0131zad\u0259 viza sad\u0259l\u0259\u015fdirilm\u0259si m\u0259s\u0259l\u0259sinin gecikm\u0259sini r\u0259smi Bak\u0131n\u0131n Br\u00fcsselin bir s\u0131ra \u015f\u0259rtl\u0259rini yerin\u0259 yetirm\u0259m\u0259si il\u0259 izah edir:\n<\/p>\n<p>\n  \u201cS\u00f6hb\u0259t m\u0259hk\u0259m\u0259 islahatlar\u0131, insan h\u00fcquqlar\u0131 v\u0259 iqtisadi \u015f\u0259rtl\u0259rd\u0259n gedir. Az\u0259rbaycan G\u00fcrc\u00fcstan yolunu tutsa, d\u0259yi\u015fiklik ola bil\u0259r. H\u0259l\u0259lik bizim h\u00f6kum\u0259t \u00f6z\u00fcn\u00fc t\u0259crid yolunu tutub. N\u0259 \u00dcmumd\u00fcnya Ticar\u0259t T\u0259\u015fkilat\u0131na \u00fczv olur, n\u0259 d\u0259 ba\u015fqa iqtisadi-siyasi qurumlarla inteqrasiyan\u0131 d\u0259rinl\u0259\u015fdirir. Ona g\u00f6r\u0259 d\u0259 indiki pis m\u0259nz\u0259r\u0259 yaran\u0131b\u201d.\n<\/p>\n<figure class=\"wp-block-image size-large\">\n  <img decoding=\"async\" src=\"https:\/\/www.meydan.tv\/az\/hikmet-hacizade-7\/\" alt=\"Hikm\u0259t Hac\u0131zad\u0259\" class=\"wp-image-65751\"\/><figcaption>\n    Hikm\u0259t Hac\u0131zad\u0259<br \/>\n  <\/figcaption><\/figure>\n<p>\n  <i><br \/>\n    \u201cBu m\u0259s\u0259l\u0259d\u0259 \u00d6zb\u0259kistan da Az\u0259rbaycandan ir\u0259li gedib\u201d<br \/>\n  <\/i>\n<\/p>\n<p>\n  Avropa Birliyi \u015e\u0259rq T\u0259r\u0259fda\u015fl\u0131\u011f\u0131 V\u0259t\u0259nda\u015f C\u0259miyy\u0259ti Forumunun \u0130dar\u0259 Hey\u0259tinin \u00fczv\u00fc Zaur \u018fkb\u0259r bu m\u0259s\u0259l\u0259d\u0259 n\u0259inki \u015e\u0259rq T\u0259r\u0259fda\u015fl\u0131\u011f\u0131 Proqram\u0131nda olan \u00f6lk\u0259l\u0259rin, h\u0259tta Avropaya aid olmayan \u00d6zb\u0259kistan\u0131n da Az\u0259rbaycandan ir\u0259li getdiyini deyib.\n<\/p>\n<p>\n  \u201c\u00d6zb\u0259kistan bir il \u0259vv\u0259l Avropa Birliyi il\u0259 viza sad\u0259l\u0259\u015fdirilm\u0259si haqda s\u0259n\u0259d imzalay\u0131b. Y\u0259ni birt\u0259r\u0259fli qaydada Avropa Birliyi v\u0259t\u0259nda\u015flar\u0131n\u0131n bu \u00f6lk\u0259y\u0259 g\u0259lm\u0259si t\u0259min edilib. Amma Az\u0259rbaycan inteqrasiya prosesinin s\u00fcr\u0259tl\u0259ndirilm\u0259sind\u0259 gecik\u0259n \u00f6lk\u0259dir\u201d.\n<\/p>\n<p>\n  Onun s\u00f6zl\u0259rin\u0259 g\u00f6r\u0259, T\u0259r\u0259fda\u015fl\u0131q Sazi\u015finin gecikdirilm\u0259sind\u0259 m\u0259suliyy\u0259t Bak\u0131n\u0131n \u00fcz\u0259rind\u0259dir v\u0259 bu m\u0259s\u0259l\u0259d\u0259 \u00f6lk\u0259 ba\u015f\u00e7\u0131s\u0131 \u0130lham \u018fliyev s\u0259viyy\u0259sind\u0259 maraql\u0131 deyil:\n<\/p>\n<p>\n  \u201c\u00d6t\u0259n il Avropa Birliyi \u00f6lk\u0259l\u0259rini t\u0259msil ed\u0259n bir ne\u00e7\u0259 QHT n\u00fcmay\u0259nd\u0259si Az\u0259rbaycana g\u0259lm\u0259k ist\u0259s\u0259 d\u0259, viza ala bilm\u0259di. Onlar\u0131 s\u0259firliy\u0259 \u00e7a\u011f\u0131r\u0131b sor\u011fu-sual edibl\u0259r ki, n\u0259 \u00fc\u00e7\u00fcn gedirs\u0259n, m\u0259qs\u0259din n\u0259dir. Bu adamlarda da \u015eimali Koreya t\u0259\u0259s\u00fcrat\u0131 yarad\u0131blar. \u018fslind\u0259 g\u00fcl\u00fcnc arqumentl\u0259rl\u0259 bu insanlara viza verm\u0259yibl\u0259r.\n<\/p>\n<p>\n  H\u00f6kum\u0259t Az\u0259rbaycana jurnalistl\u0259rin, v\u0259t\u0259nda\u015f c\u0259miyy\u0259tinin n\u00fcmay\u0259nd\u0259l\u0259rinin g\u0259lm\u0259sind\u0259 maraql\u0131 deyil\u201d.\n<\/p>\n<p>\n  Z.\u018fkb\u0259r t\u0259\u0259ss\u00fcfl\u0259 qeyd edib ki, Az\u0259rbaycan b\u00fct\u00fcn m\u0259nalarda gecikir, bu m\u0259s\u0259l\u0259d\u0259 \u00f6lk\u0259 olaraq itiririk.\n<\/p>\n<p>\n  \u201cG\u00fcrc\u00fcstanla m\u00fcqayis\u0259d\u0259 turistl\u0259rin c\u0259lb olunmas\u0131nda gecikirik. Az\u0259rbaycana g\u0259l\u0259n turistl\u0259rin \u0259ks\u0259riyy\u0259ti \u0259r\u0259b \u00f6lk\u0259l\u0259rind\u0259ndir, onlar \u00fc\u00e7\u00fcn viza problemi yoxdur. Avropa Birliyi \u00f6lk\u0259l\u0259ri \u00fc\u00e7\u00fcn d\u0259 bu m\u0259s\u0259l\u0259 h\u0259llini tapmal\u0131d\u0131r. Br\u00fcssel bununla ba\u011fl\u0131 Bak\u0131ya bir ne\u00e7\u0259 d\u0259f\u0259 t\u0259klifl\u0259r vers\u0259 d\u0259, h\u0259l\u0259 q\u0259na\u0259tb\u0259x\u015f bir \u015fey yoxdur. M\u0259s\u0259l\u0259nin gecikm\u0259si siyasi maraqlardan do\u011fur. Bu problem aradan qalxsa, t\u0259yyar\u0259 v\u0259 hotel qiym\u0259tl\u0259rinin bahal\u0131 olmas\u0131na baxmayaraq avropal\u0131lar\u0131n Az\u0259rbaycana ax\u0131n\u0131 g\u00fccl\u0259n\u0259 bil\u0259r\u201d.\n<\/p>\n<figure class=\"wp-block-image size-large\">\n  <img decoding=\"async\" src=\"https:\/\/www.meydan.tv\/az\/zaur-ekber-2\/\" alt=\"Zaur \u018fkb\u0259r\" class=\"wp-image-124005\"\/><figcaption>\n    Zaur \u018fkb\u0259r<br \/>\n  <\/figcaption><\/figure>\n<p>\n  Zaur \u018fkb\u0259rin s\u00f6zl\u0259rin\u0259 g\u00f6r\u0259, Az\u0259rbaycan ist\u0259diyi vaxt bu istiqam\u0259td\u0259 m\u00fcsb\u0259t add\u0131m ata bil\u0259r. Br\u00fcssel iki il \u0259vv\u0259l vizan\u0131n sad\u0259l\u0259\u015fdirilm\u0259si il\u0259 ba\u011fl\u0131 jest d\u0259 edib, ikit\u0259r\u0259fli sazi\u015f d\u0259 imzalan\u0131b, amma Bak\u0131 h\u0259l\u0259 d\u0259 add\u0131m atmay\u0131b.\n<\/p>\n<p>\n  <i><br \/>\n    \u201cViza sad\u0259l\u0259\u015fdirilm\u0259sin\u0259 getm\u0259k vacibdir\u201d<br \/>\n  <\/i>\n<\/p>\n<p>\n  B\u00f6y\u00fck Qurulu\u015f Partiyas\u0131n\u0131n ba\u015fqan\u0131, deputat Fazil Mustafa hesab edir ki, Az\u0259rbaycan da \u0259vv\u0259l-ax\u0131r \u00f6lk\u0259nin maraqlar\u0131n\u0131 n\u0259z\u0259r\u0259 alaraq Avropa m\u0259kan\u0131na inteqrasiyas\u0131n\u0131, \u00e7\u0131x\u0131\u015f\u0131n\u0131 g\u00fccl\u0259ndirm\u0259lidir.\n<\/p>\n<figure class=\"wp-block-image size-large\">\n  <img decoding=\"async\" src=\"https:\/\/www.meydan.tv\/az\/fazil_mustafa_1-jpg-3\/\" alt=\"fazil_mustafa_(1).jpg\" class=\"wp-image-126484\"\/><figcaption>\n    Fazil Mustafa<br \/>\n  <\/figcaption><\/figure>\n<p>\n  \u201cS\u00f6hb\u0259t iqtisadi-siyasi m\u0259nafel\u0259rd\u0259n gedir. M\u0259s\u0259l\u0259 ondad\u0131r ki, sad\u0259l\u0259\u015fdirilmi\u015f viza rejimi Az\u0259rbaycan v\u0259t\u0259nda\u015flar\u0131n\u0131n v\u0259ziyy\u0259tini yax\u015f\u0131la\u015fd\u0131r\u0131r, maddi durumuna xeyli t\u0259sir g\u00f6st\u0259r\u0259r, iqtisadi-ticar\u0259t \u0259laq\u0259l\u0259rinin Avropa il\u0259 geni\u015fl\u0259nm\u0259sin\u0259 xeyli \u015f\u0259rait yaradar. Burada yaln\u0131z Belarusun yox, G\u00fcrc\u00fcstan\u0131n da t\u0259cr\u00fcb\u0259sini \u00f6yr\u0259nm\u0259k laz\u0131md\u0131r. T\u0259bii ki, siyas\u0259t olaraq Avropa Birliyi il\u0259 m\u0259saf\u0259ni nec\u0259 m\u00fc\u0259yy\u0259nl\u0259\u015fdirm\u0259kd\u0259n as\u0131l\u0131 olmayaraq viza sad\u0259l\u0259\u015fdirilm\u0259sin\u0259 getm\u0259k vacibdir\u201d.<\/p>\n","protected":false},"excerpt":{"rendered":"<p>T\u0259bii ki, siyas\u0259t olaraq Avropa Birliyi il\u0259 m\u0259saf\u0259ni nec\u0259 m\u00fc\u0259yy\u0259nl\u0259\u015fdirm\u0259kd\u0259n as\u0131l\u0131 olmayaraq viza sad\u0259l\u0259\u015fdirilm\u0259sin\u0259 getm\u0259k vacibdir.<\/p>\n","protected":false},"author":11,"featured_media":121689,"comment_status":"closed","ping_status":"open","sticky":false,"template":"","format":"standard","meta":{"_acf_changed":false,"_sitemap_exclude":false,"_sitemap_priority":"","_sitemap_frequency":"","footnotes":""},"categories":[59],"tags":[],"class_list":["post-197091","post","type-post","status-publish","format-standard","has-post-thumbnail","hentry","category-siyaset","infinite-scroll-item","generate-columns","tablet-grid-50","mobile-grid-100","grid-parent","grid-33","no-featured-image-padding"],"acf":[],"yoast_head":"<!-- This site is optimized with the Yoast SEO plugin v27.5 - https:\/\/yoast.com\/product\/yoast-seo-wordpress\/ -->\n<title>\u201cAz\u0259rbaycan Avropa Birliyi il\u0259 viza prosedurunu sad\u0259l\u0259\u015fdirm\u0259kd\u0259 maraql\u0131 deyil\u201d - MEYDAN.TV<\/title>\n<meta name=\"robots\" content=\"index, follow, max-snippet:-1, max-image-preview:large, max-video-preview:-1\" \/>\n<link rel=\"canonical\" href=\"https:\/\/www.meydan.tv\/az\/article\/azerbaycan-avropa-birliyi-ile-viza-prosedurunu-sadelesdirmekde-maraqli-deyil\/\" \/>\n<meta property=\"og:locale\" content=\"az_AZ\" \/>\n<meta property=\"og:type\" content=\"article\" \/>\n<meta property=\"og:title\" content=\"\u201cAz\u0259rbaycan Avropa Birliyi il\u0259 viza prosedurunu sad\u0259l\u0259\u015fdirm\u0259kd\u0259 maraql\u0131 deyil\u201d - MEYDAN.TV\" \/>\n<meta property=\"og:description\" content=\"T\u0259bii ki, siyas\u0259t olaraq Avropa Birliyi il\u0259 m\u0259saf\u0259ni nec\u0259 m\u00fc\u0259yy\u0259nl\u0259\u015fdirm\u0259kd\u0259n as\u0131l\u0131 olmayaraq viza sad\u0259l\u0259\u015fdirilm\u0259sin\u0259 getm\u0259k vacibdir.\" \/>\n<meta property=\"og:url\" content=\"https:\/\/www.meydan.tv\/az\/article\/azerbaycan-avropa-birliyi-ile-viza-prosedurunu-sadelesdirmekde-maraqli-deyil\/\" \/>\n<meta property=\"og:site_name\" content=\"MEYDAN.TV\" \/>\n<meta property=\"article:published_time\" content=\"2019-09-23T11:59:30+00:00\" \/>\n<meta property=\"og:image\" content=\"https:\/\/www.meydan.tv\/wp-content\/uploads\/bayraq.jpg\" \/>\n\t<meta property=\"og:image:width\" content=\"1023\" \/>\n\t<meta property=\"og:image:height\" content=\"575\" \/>\n\t<meta property=\"og:image:type\" content=\"image\/jpeg\" \/>\n<meta name=\"author\" content=\"user-manager\" \/>\n<meta name=\"twitter:card\" content=\"summary_large_image\" \/>\n<script type=\"application\/ld+json\" class=\"yoast-schema-graph\">{\"@context\":\"https:\\\/\\\/schema.org\",\"@graph\":[{\"@type\":\"Article\",\"@id\":\"https:\\\/\\\/www.meydan.tv\\\/az\\\/article\\\/azerbaycan-avropa-birliyi-ile-viza-prosedurunu-sadelesdirmekde-maraqli-deyil\\\/#article\",\"isPartOf\":{\"@id\":\"https:\\\/\\\/www.meydan.tv\\\/az\\\/article\\\/azerbaycan-avropa-birliyi-ile-viza-prosedurunu-sadelesdirmekde-maraqli-deyil\\\/\"},\"author\":{\"name\":\"user-manager\",\"@id\":\"https:\\\/\\\/www.meydan.tv\\\/az\\\/#\\\/schema\\\/person\\\/10d11eccf6da3662cf5fdab9806ea91a\"},\"headline\":\"\u201cAz\u0259rbaycan Avropa Birliyi il\u0259 viza prosedurunu sad\u0259l\u0259\u015fdirm\u0259kd\u0259 maraql\u0131 deyil\u201d\",\"datePublished\":\"2019-09-23T11:59:30+00:00\",\"mainEntityOfPage\":{\"@id\":\"https:\\\/\\\/www.meydan.tv\\\/az\\\/article\\\/azerbaycan-avropa-birliyi-ile-viza-prosedurunu-sadelesdirmekde-maraqli-deyil\\\/\"},\"wordCount\":882,\"publisher\":{\"@id\":\"https:\\\/\\\/www.meydan.tv\\\/az\\\/#organization\"},\"image\":{\"@id\":\"https:\\\/\\\/www.meydan.tv\\\/az\\\/article\\\/azerbaycan-avropa-birliyi-ile-viza-prosedurunu-sadelesdirmekde-maraqli-deyil\\\/#primaryimage\"},\"thumbnailUrl\":\"https:\\\/\\\/www.meydan.tv\\\/wp-content\\\/uploads\\\/bayraq.jpg\",\"articleSection\":[\"Siyas\u0259t\"],\"inLanguage\":\"az\"},{\"@type\":\"WebPage\",\"@id\":\"https:\\\/\\\/www.meydan.tv\\\/az\\\/article\\\/azerbaycan-avropa-birliyi-ile-viza-prosedurunu-sadelesdirmekde-maraqli-deyil\\\/\",\"url\":\"https:\\\/\\\/www.meydan.tv\\\/az\\\/article\\\/azerbaycan-avropa-birliyi-ile-viza-prosedurunu-sadelesdirmekde-maraqli-deyil\\\/\",\"name\":\"\u201cAz\u0259rbaycan Avropa Birliyi il\u0259 viza prosedurunu sad\u0259l\u0259\u015fdirm\u0259kd\u0259 maraql\u0131 deyil\u201d - MEYDAN.TV\",\"isPartOf\":{\"@id\":\"https:\\\/\\\/www.meydan.tv\\\/az\\\/#website\"},\"primaryImageOfPage\":{\"@id\":\"https:\\\/\\\/www.meydan.tv\\\/az\\\/article\\\/azerbaycan-avropa-birliyi-ile-viza-prosedurunu-sadelesdirmekde-maraqli-deyil\\\/#primaryimage\"},\"image\":{\"@id\":\"https:\\\/\\\/www.meydan.tv\\\/az\\\/article\\\/azerbaycan-avropa-birliyi-ile-viza-prosedurunu-sadelesdirmekde-maraqli-deyil\\\/#primaryimage\"},\"thumbnailUrl\":\"https:\\\/\\\/www.meydan.tv\\\/wp-content\\\/uploads\\\/bayraq.jpg\",\"datePublished\":\"2019-09-23T11:59:30+00:00\",\"breadcrumb\":{\"@id\":\"https:\\\/\\\/www.meydan.tv\\\/az\\\/article\\\/azerbaycan-avropa-birliyi-ile-viza-prosedurunu-sadelesdirmekde-maraqli-deyil\\\/#breadcrumb\"},\"inLanguage\":\"az\",\"potentialAction\":[{\"@type\":\"ReadAction\",\"target\":[\"https:\\\/\\\/www.meydan.tv\\\/az\\\/article\\\/azerbaycan-avropa-birliyi-ile-viza-prosedurunu-sadelesdirmekde-maraqli-deyil\\\/\"]}]},{\"@type\":\"ImageObject\",\"inLanguage\":\"az\",\"@id\":\"https:\\\/\\\/www.meydan.tv\\\/az\\\/article\\\/azerbaycan-avropa-birliyi-ile-viza-prosedurunu-sadelesdirmekde-maraqli-deyil\\\/#primaryimage\",\"url\":\"https:\\\/\\\/www.meydan.tv\\\/wp-content\\\/uploads\\\/bayraq.jpg\",\"contentUrl\":\"https:\\\/\\\/www.meydan.tv\\\/wp-content\\\/uploads\\\/bayraq.jpg\",\"width\":1023,\"height\":575,\"caption\":\"Foto: Meydan TV\"},{\"@type\":\"BreadcrumbList\",\"@id\":\"https:\\\/\\\/www.meydan.tv\\\/az\\\/article\\\/azerbaycan-avropa-birliyi-ile-viza-prosedurunu-sadelesdirmekde-maraqli-deyil\\\/#breadcrumb\",\"itemListElement\":[{\"@type\":\"ListItem\",\"position\":1,\"name\":\"Ana s\u0259hif\u0259\",\"item\":\"https:\\\/\\\/www.meydan.tv\\\/az\\\/\"},{\"@type\":\"ListItem\",\"position\":2,\"name\":\"Siyas\u0259t\",\"item\":\"https:\\\/\\\/www.meydan.tv\\\/az\\\/section\\\/siyaset\\\/\"},{\"@type\":\"ListItem\",\"position\":3,\"name\":\"\u201cAz\u0259rbaycan Avropa Birliyi il\u0259 viza prosedurunu sad\u0259l\u0259\u015fdirm\u0259kd\u0259 maraql\u0131 deyil\u201d\"}]},{\"@type\":\"WebSite\",\"@id\":\"https:\\\/\\\/www.meydan.tv\\\/az\\\/#website\",\"url\":\"https:\\\/\\\/www.meydan.tv\\\/az\\\/\",\"name\":\"MEYDAN.TV\",\"description\":\"Meydan TV Az\u0259rbaycan\u0131n media m\u0259kan\u0131ndak\u0131 alternativ s\u0259sidir\",\"publisher\":{\"@id\":\"https:\\\/\\\/www.meydan.tv\\\/az\\\/#organization\"},\"potentialAction\":[{\"@type\":\"SearchAction\",\"target\":{\"@type\":\"EntryPoint\",\"urlTemplate\":\"https:\\\/\\\/www.meydan.tv\\\/az\\\/?s={search_term_string}\"},\"query-input\":{\"@type\":\"PropertyValueSpecification\",\"valueRequired\":true,\"valueName\":\"search_term_string\"}}],\"inLanguage\":\"az\"},{\"@type\":\"Organization\",\"@id\":\"https:\\\/\\\/www.meydan.tv\\\/az\\\/#organization\",\"name\":\"Meydan TV\",\"url\":\"https:\\\/\\\/www.meydan.tv\\\/az\\\/\",\"logo\":{\"@type\":\"ImageObject\",\"inLanguage\":\"az\",\"@id\":\"https:\\\/\\\/www.meydan.tv\\\/az\\\/#\\\/schema\\\/logo\\\/image\\\/\",\"url\":\"https:\\\/\\\/www.meydan.tv\\\/wp-content\\\/uploads\\\/2021\\\/07\\\/meydan-logo.svg\",\"contentUrl\":\"https:\\\/\\\/www.meydan.tv\\\/wp-content\\\/uploads\\\/2021\\\/07\\\/meydan-logo.svg\",\"width\":195,\"height\":46,\"caption\":\"Meydan TV\"},\"image\":{\"@id\":\"https:\\\/\\\/www.meydan.tv\\\/az\\\/#\\\/schema\\\/logo\\\/image\\\/\"}},{\"@type\":\"Person\",\"@id\":\"https:\\\/\\\/www.meydan.tv\\\/az\\\/#\\\/schema\\\/person\\\/10d11eccf6da3662cf5fdab9806ea91a\",\"name\":\"user-manager\"}]}<\/script>\n<!-- \/ Yoast SEO plugin. -->","yoast_head_json":{"title":"\u201cAz\u0259rbaycan Avropa Birliyi il\u0259 viza prosedurunu sad\u0259l\u0259\u015fdirm\u0259kd\u0259 maraql\u0131 deyil\u201d - MEYDAN.TV","robots":{"index":"index","follow":"follow","max-snippet":"max-snippet:-1","max-image-preview":"max-image-preview:large","max-video-preview":"max-video-preview:-1"},"canonical":"https:\/\/www.meydan.tv\/az\/article\/azerbaycan-avropa-birliyi-ile-viza-prosedurunu-sadelesdirmekde-maraqli-deyil\/","og_locale":"az_AZ","og_type":"article","og_title":"\u201cAz\u0259rbaycan Avropa Birliyi il\u0259 viza prosedurunu sad\u0259l\u0259\u015fdirm\u0259kd\u0259 maraql\u0131 deyil\u201d - MEYDAN.TV","og_description":"T\u0259bii ki, siyas\u0259t olaraq Avropa Birliyi il\u0259 m\u0259saf\u0259ni nec\u0259 m\u00fc\u0259yy\u0259nl\u0259\u015fdirm\u0259kd\u0259n as\u0131l\u0131 olmayaraq viza sad\u0259l\u0259\u015fdirilm\u0259sin\u0259 getm\u0259k vacibdir.","og_url":"https:\/\/www.meydan.tv\/az\/article\/azerbaycan-avropa-birliyi-ile-viza-prosedurunu-sadelesdirmekde-maraqli-deyil\/","og_site_name":"MEYDAN.TV","article_published_time":"2019-09-23T11:59:30+00:00","og_image":[{"width":1023,"height":575,"url":"https:\/\/www.meydan.tv\/wp-content\/uploads\/bayraq.jpg","type":"image\/jpeg"}],"author":"user-manager","twitter_card":"summary_large_image","schema":{"@context":"https:\/\/schema.org","@graph":[{"@type":"Article","@id":"https:\/\/www.meydan.tv\/az\/article\/azerbaycan-avropa-birliyi-ile-viza-prosedurunu-sadelesdirmekde-maraqli-deyil\/#article","isPartOf":{"@id":"https:\/\/www.meydan.tv\/az\/article\/azerbaycan-avropa-birliyi-ile-viza-prosedurunu-sadelesdirmekde-maraqli-deyil\/"},"author":{"name":"user-manager","@id":"https:\/\/www.meydan.tv\/az\/#\/schema\/person\/10d11eccf6da3662cf5fdab9806ea91a"},"headline":"\u201cAz\u0259rbaycan Avropa Birliyi il\u0259 viza prosedurunu sad\u0259l\u0259\u015fdirm\u0259kd\u0259 maraql\u0131 deyil\u201d","datePublished":"2019-09-23T11:59:30+00:00","mainEntityOfPage":{"@id":"https:\/\/www.meydan.tv\/az\/article\/azerbaycan-avropa-birliyi-ile-viza-prosedurunu-sadelesdirmekde-maraqli-deyil\/"},"wordCount":882,"publisher":{"@id":"https:\/\/www.meydan.tv\/az\/#organization"},"image":{"@id":"https:\/\/www.meydan.tv\/az\/article\/azerbaycan-avropa-birliyi-ile-viza-prosedurunu-sadelesdirmekde-maraqli-deyil\/#primaryimage"},"thumbnailUrl":"https:\/\/www.meydan.tv\/wp-content\/uploads\/bayraq.jpg","articleSection":["Siyas\u0259t"],"inLanguage":"az"},{"@type":"WebPage","@id":"https:\/\/www.meydan.tv\/az\/article\/azerbaycan-avropa-birliyi-ile-viza-prosedurunu-sadelesdirmekde-maraqli-deyil\/","url":"https:\/\/www.meydan.tv\/az\/article\/azerbaycan-avropa-birliyi-ile-viza-prosedurunu-sadelesdirmekde-maraqli-deyil\/","name":"\u201cAz\u0259rbaycan Avropa Birliyi il\u0259 viza prosedurunu sad\u0259l\u0259\u015fdirm\u0259kd\u0259 maraql\u0131 deyil\u201d - MEYDAN.TV","isPartOf":{"@id":"https:\/\/www.meydan.tv\/az\/#website"},"primaryImageOfPage":{"@id":"https:\/\/www.meydan.tv\/az\/article\/azerbaycan-avropa-birliyi-ile-viza-prosedurunu-sadelesdirmekde-maraqli-deyil\/#primaryimage"},"image":{"@id":"https:\/\/www.meydan.tv\/az\/article\/azerbaycan-avropa-birliyi-ile-viza-prosedurunu-sadelesdirmekde-maraqli-deyil\/#primaryimage"},"thumbnailUrl":"https:\/\/www.meydan.tv\/wp-content\/uploads\/bayraq.jpg","datePublished":"2019-09-23T11:59:30+00:00","breadcrumb":{"@id":"https:\/\/www.meydan.tv\/az\/article\/azerbaycan-avropa-birliyi-ile-viza-prosedurunu-sadelesdirmekde-maraqli-deyil\/#breadcrumb"},"inLanguage":"az","potentialAction":[{"@type":"ReadAction","target":["https:\/\/www.meydan.tv\/az\/article\/azerbaycan-avropa-birliyi-ile-viza-prosedurunu-sadelesdirmekde-maraqli-deyil\/"]}]},{"@type":"ImageObject","inLanguage":"az","@id":"https:\/\/www.meydan.tv\/az\/article\/azerbaycan-avropa-birliyi-ile-viza-prosedurunu-sadelesdirmekde-maraqli-deyil\/#primaryimage","url":"https:\/\/www.meydan.tv\/wp-content\/uploads\/bayraq.jpg","contentUrl":"https:\/\/www.meydan.tv\/wp-content\/uploads\/bayraq.jpg","width":1023,"height":575,"caption":"Foto: Meydan TV"},{"@type":"BreadcrumbList","@id":"https:\/\/www.meydan.tv\/az\/article\/azerbaycan-avropa-birliyi-ile-viza-prosedurunu-sadelesdirmekde-maraqli-deyil\/#breadcrumb","itemListElement":[{"@type":"ListItem","position":1,"name":"Ana s\u0259hif\u0259","item":"https:\/\/www.meydan.tv\/az\/"},{"@type":"ListItem","position":2,"name":"Siyas\u0259t","item":"https:\/\/www.meydan.tv\/az\/section\/siyaset\/"},{"@type":"ListItem","position":3,"name":"\u201cAz\u0259rbaycan Avropa Birliyi il\u0259 viza prosedurunu sad\u0259l\u0259\u015fdirm\u0259kd\u0259 maraql\u0131 deyil\u201d"}]},{"@type":"WebSite","@id":"https:\/\/www.meydan.tv\/az\/#website","url":"https:\/\/www.meydan.tv\/az\/","name":"MEYDAN.TV","description":"Meydan TV Az\u0259rbaycan\u0131n media m\u0259kan\u0131ndak\u0131 alternativ s\u0259sidir","publisher":{"@id":"https:\/\/www.meydan.tv\/az\/#organization"},"potentialAction":[{"@type":"SearchAction","target":{"@type":"EntryPoint","urlTemplate":"https:\/\/www.meydan.tv\/az\/?s={search_term_string}"},"query-input":{"@type":"PropertyValueSpecification","valueRequired":true,"valueName":"search_term_string"}}],"inLanguage":"az"},{"@type":"Organization","@id":"https:\/\/www.meydan.tv\/az\/#organization","name":"Meydan TV","url":"https:\/\/www.meydan.tv\/az\/","logo":{"@type":"ImageObject","inLanguage":"az","@id":"https:\/\/www.meydan.tv\/az\/#\/schema\/logo\/image\/","url":"https:\/\/www.meydan.tv\/wp-content\/uploads\/2021\/07\/meydan-logo.svg","contentUrl":"https:\/\/www.meydan.tv\/wp-content\/uploads\/2021\/07\/meydan-logo.svg","width":195,"height":46,"caption":"Meydan TV"},"image":{"@id":"https:\/\/www.meydan.tv\/az\/#\/schema\/logo\/image\/"}},{"@type":"Person","@id":"https:\/\/www.meydan.tv\/az\/#\/schema\/person\/10d11eccf6da3662cf5fdab9806ea91a","name":"user-manager"}]}},"_links":{"self":[{"href":"https:\/\/www.meydan.tv\/az\/wp-json\/wp\/v2\/posts\/197091","targetHints":{"allow":["GET"]}}],"collection":[{"href":"https:\/\/www.meydan.tv\/az\/wp-json\/wp\/v2\/posts"}],"about":[{"href":"https:\/\/www.meydan.tv\/az\/wp-json\/wp\/v2\/types\/post"}],"author":[{"embeddable":true,"href":"https:\/\/www.meydan.tv\/az\/wp-json\/wp\/v2\/users\/11"}],"replies":[{"embeddable":true,"href":"https:\/\/www.meydan.tv\/az\/wp-json\/wp\/v2\/comments?post=197091"}],"version-history":[{"count":0,"href":"https:\/\/www.meydan.tv\/az\/wp-json\/wp\/v2\/posts\/197091\/revisions"}],"wp:featuredmedia":[{"embeddable":true,"href":"https:\/\/www.meydan.tv\/az\/wp-json\/wp\/v2\/media\/121689"}],"wp:attachment":[{"href":"https:\/\/www.meydan.tv\/az\/wp-json\/wp\/v2\/media?parent=197091"}],"wp:term":[{"taxonomy":"category","embeddable":true,"href":"https:\/\/www.meydan.tv\/az\/wp-json\/wp\/v2\/categories?post=197091"},{"taxonomy":"post_tag","embeddable":true,"href":"https:\/\/www.meydan.tv\/az\/wp-json\/wp\/v2\/tags?post=197091"}],"curies":[{"name":"wp","href":"https:\/\/api.w.org\/{rel}","templated":true}]}}