{"id":197089,"date":"2019-09-23T12:00:45","date_gmt":"2019-09-23T12:00:45","guid":{"rendered":"https:\/\/www.meydan.tv\/article\/amerikanin-sesi-radiosunun-emekdasi-polis-tezyiqi-ile-uzlesib\/"},"modified":"2019-09-23T12:00:45","modified_gmt":"2019-09-23T12:00:45","slug":"amerikanin-sesi-radiosunun-emekdasi-polis-tezyiqi-ile-uzlesib","status":"publish","type":"post","link":"https:\/\/www.meydan.tv\/az\/article\/amerikanin-sesi-radiosunun-emekdasi-polis-tezyiqi-ile-uzlesib\/","title":{"rendered":"\u201cAmerikan\u0131n s\u0259si\u201d radiosunun \u0259m\u0259kda\u015f\u0131 polis t\u0259zyiqi il\u0259 \u00fczl\u0259\u015fib"},"content":{"rendered":"<p>\n  <i><br \/>\n    Jurnalist \u00e7\u0259kili\u015f aparark\u0259n saxlan\u0131b<br \/>\n  <\/i>\n<\/p>\n<p>\n  Bak\u0131da sentyabr\u0131n 23-d\u0259 s\u0259h\u0259r saat 10:20-d\u0259 polis \u201cAmerikan\u0131n s\u0259si\u201d radiosunun m\u00fcxbiri Tapd\u0131q Quliyevi (F\u0259rhado\u011flu) saxlay\u0131b. Saxlanma prokurorlu\u011fun A\u011f\u0131r Cinay\u0259tl\u0259r\u0259 dair \u0130\u015fl\u0259r \u00fczr\u0259 \u0130dar\u0259sinin qar\u015f\u0131s\u0131nda \u201cT\u0259rt\u0259r i\u015fi\u201d \u00fczr\u0259 m\u00fchakim\u0259 olunanlar\u0131n valideynl\u0259rinin etiraz aksiyas\u0131 zaman\u0131 ba\u015f verib.\n<\/p>\n<p>\n  M\u0259lumat\u0131 \u201cTuran\u201d \u0130nformasiya Agentliyi yay\u0131b.\n<\/p>\n<p>\n  M\u0259lumata g\u00f6r\u0259, bir ne\u00e7\u0259 polis zabiti jurnalist\u0259 qar\u015f\u0131 g\u00fcc t\u0259tbiq edib, onun \u0259lind\u0259n kameras\u0131n\u0131 v\u0259 mikrofonunu al\u0131b. Onu D\u0130N N\u0259qliyyatda Polis \u0130dar\u0259sin\u0259 apar\u0131blar v\u0259 orada telefonunu al\u0131blar.\n<\/p>\n<p>\n  \u201cT.Quliyev\u0259 qar\u015f\u0131 zorak\u0131l\u0131\u011f\u0131 onun jurnalist h\u0259mkarlar\u0131 g\u00f6r\u00fcbl\u0259r v\u0259 bu bar\u0259d\u0259 D\u0130N m\u0259tbuat xidm\u0259tin\u0259 v\u0259 jurnalistl\u0259rin h\u00fcquqlar\u0131na \u0259m\u0259l olunmas\u0131n\u0131n t\u0259min edilm\u0259sin\u0259 y\u00f6n\u0259lmi\u015f Bak\u0131 polisinin Monitorinq qrupuna m\u0259lumat veribl\u0259r.\n<\/p>\n<figure class=\"wp-block-image size-large\">\n  <img decoding=\"async\" src=\"https:\/\/www.meydan.tv\/az\/092300021879-jpg\/\" alt=\"092300021879.jpg\" class=\"wp-image-130024\"\/><figcaption>\n    Hadis\u0259 yerind\u0259 \u00e7\u0259kili\u015f<br \/>\n  <\/figcaption><\/figure>\n<p>\n  Polisd\u0259 T.Quliyev\u0259 h\u0259mkarlar\u0131na v\u0259 v\u0259kil\u0259 z\u0259ng etm\u0259sin\u0259 imkan verilm\u0259yib. Onu idar\u0259d\u0259 yar\u0131m saat saxlay\u0131blar, \u201cbir daha bel\u0259 \u015feyl\u0259r etm\u0259m\u0259yi\u201d t\u00f6vsiy\u0259 edibl\u0259r. D\u0130N m\u0259tbuat xidm\u0259ti v\u0259 \u015f\u0259h\u0259r polisinin Monitorinq qrupu ba\u015f ver\u0259nl\u0259ri \u015f\u0259rh etm\u0259yib\u201d, m\u0259lumatda deyilir.<\/p>\n","protected":false},"excerpt":{"rendered":"<p>Polisd\u0259 T.Quliyev\u0259 h\u0259mkarlar\u0131na v\u0259 v\u0259kil\u0259 z\u0259ng etm\u0259sin\u0259 imkan verilm\u0259yib.<\/p>\n","protected":false},"author":11,"featured_media":130021,"comment_status":"closed","ping_status":"open","sticky":false,"template":"","format":"standard","meta":{"_acf_changed":false,"_sitemap_exclude":false,"_sitemap_priority":"","_sitemap_frequency":"","footnotes":""},"categories":[59],"tags":[],"class_list":["post-197089","post","type-post","status-publish","format-standard","has-post-thumbnail","hentry","category-siyaset","infinite-scroll-item","generate-columns","tablet-grid-50","mobile-grid-100","grid-parent","grid-33","no-featured-image-padding"],"acf":[],"yoast_head":"<!-- This site is optimized with the Yoast SEO plugin v27.5 - https:\/\/yoast.com\/product\/yoast-seo-wordpress\/ -->\n<title>\u201cAmerikan\u0131n s\u0259si\u201d radiosunun \u0259m\u0259kda\u015f\u0131 polis t\u0259zyiqi il\u0259 \u00fczl\u0259\u015fib - MEYDAN.TV<\/title>\n<meta name=\"robots\" content=\"index, follow, max-snippet:-1, max-image-preview:large, max-video-preview:-1\" \/>\n<link rel=\"canonical\" href=\"https:\/\/www.meydan.tv\/az\/article\/amerikanin-sesi-radiosunun-emekdasi-polis-tezyiqi-ile-uzlesib\/\" \/>\n<meta property=\"og:locale\" content=\"az_AZ\" \/>\n<meta property=\"og:type\" content=\"article\" \/>\n<meta property=\"og:title\" content=\"\u201cAmerikan\u0131n s\u0259si\u201d radiosunun \u0259m\u0259kda\u015f\u0131 polis t\u0259zyiqi il\u0259 \u00fczl\u0259\u015fib - MEYDAN.TV\" \/>\n<meta property=\"og:description\" content=\"Polisd\u0259 T.Quliyev\u0259 h\u0259mkarlar\u0131na v\u0259 v\u0259kil\u0259 z\u0259ng etm\u0259sin\u0259 imkan verilm\u0259yib.\" \/>\n<meta property=\"og:url\" content=\"https:\/\/www.meydan.tv\/az\/article\/amerikanin-sesi-radiosunun-emekdasi-polis-tezyiqi-ile-uzlesib\/\" \/>\n<meta property=\"og:site_name\" content=\"MEYDAN.TV\" \/>\n<meta property=\"article:published_time\" content=\"2019-09-23T12:00:45+00:00\" \/>\n<meta property=\"og:image\" content=\"https:\/\/www.meydan.tv\/wp-content\/uploads\/tapdiq-frhadoglu-1280x720-1.jpg\" \/>\n\t<meta property=\"og:image:width\" content=\"1280\" \/>\n\t<meta property=\"og:image:height\" content=\"720\" \/>\n\t<meta property=\"og:image:type\" content=\"image\/jpeg\" \/>\n<meta name=\"author\" content=\"user-manager\" \/>\n<meta name=\"twitter:card\" content=\"summary_large_image\" \/>\n<script type=\"application\/ld+json\" class=\"yoast-schema-graph\">{\"@context\":\"https:\\\/\\\/schema.org\",\"@graph\":[{\"@type\":\"Article\",\"@id\":\"https:\\\/\\\/www.meydan.tv\\\/az\\\/article\\\/amerikanin-sesi-radiosunun-emekdasi-polis-tezyiqi-ile-uzlesib\\\/#article\",\"isPartOf\":{\"@id\":\"https:\\\/\\\/www.meydan.tv\\\/az\\\/article\\\/amerikanin-sesi-radiosunun-emekdasi-polis-tezyiqi-ile-uzlesib\\\/\"},\"author\":{\"name\":\"user-manager\",\"@id\":\"https:\\\/\\\/www.meydan.tv\\\/az\\\/#\\\/schema\\\/person\\\/10d11eccf6da3662cf5fdab9806ea91a\"},\"headline\":\"\u201cAmerikan\u0131n s\u0259si\u201d radiosunun \u0259m\u0259kda\u015f\u0131 polis t\u0259zyiqi il\u0259 \u00fczl\u0259\u015fib\",\"datePublished\":\"2019-09-23T12:00:45+00:00\",\"mainEntityOfPage\":{\"@id\":\"https:\\\/\\\/www.meydan.tv\\\/az\\\/article\\\/amerikanin-sesi-radiosunun-emekdasi-polis-tezyiqi-ile-uzlesib\\\/\"},\"wordCount\":235,\"publisher\":{\"@id\":\"https:\\\/\\\/www.meydan.tv\\\/az\\\/#organization\"},\"image\":{\"@id\":\"https:\\\/\\\/www.meydan.tv\\\/az\\\/article\\\/amerikanin-sesi-radiosunun-emekdasi-polis-tezyiqi-ile-uzlesib\\\/#primaryimage\"},\"thumbnailUrl\":\"https:\\\/\\\/www.meydan.tv\\\/wp-content\\\/uploads\\\/tapdiq-frhadoglu-1280x720-1.jpg\",\"articleSection\":[\"Siyas\u0259t\"],\"inLanguage\":\"az\"},{\"@type\":\"WebPage\",\"@id\":\"https:\\\/\\\/www.meydan.tv\\\/az\\\/article\\\/amerikanin-sesi-radiosunun-emekdasi-polis-tezyiqi-ile-uzlesib\\\/\",\"url\":\"https:\\\/\\\/www.meydan.tv\\\/az\\\/article\\\/amerikanin-sesi-radiosunun-emekdasi-polis-tezyiqi-ile-uzlesib\\\/\",\"name\":\"\u201cAmerikan\u0131n s\u0259si\u201d radiosunun \u0259m\u0259kda\u015f\u0131 polis t\u0259zyiqi il\u0259 \u00fczl\u0259\u015fib - MEYDAN.TV\",\"isPartOf\":{\"@id\":\"https:\\\/\\\/www.meydan.tv\\\/az\\\/#website\"},\"primaryImageOfPage\":{\"@id\":\"https:\\\/\\\/www.meydan.tv\\\/az\\\/article\\\/amerikanin-sesi-radiosunun-emekdasi-polis-tezyiqi-ile-uzlesib\\\/#primaryimage\"},\"image\":{\"@id\":\"https:\\\/\\\/www.meydan.tv\\\/az\\\/article\\\/amerikanin-sesi-radiosunun-emekdasi-polis-tezyiqi-ile-uzlesib\\\/#primaryimage\"},\"thumbnailUrl\":\"https:\\\/\\\/www.meydan.tv\\\/wp-content\\\/uploads\\\/tapdiq-frhadoglu-1280x720-1.jpg\",\"datePublished\":\"2019-09-23T12:00:45+00:00\",\"breadcrumb\":{\"@id\":\"https:\\\/\\\/www.meydan.tv\\\/az\\\/article\\\/amerikanin-sesi-radiosunun-emekdasi-polis-tezyiqi-ile-uzlesib\\\/#breadcrumb\"},\"inLanguage\":\"az\",\"potentialAction\":[{\"@type\":\"ReadAction\",\"target\":[\"https:\\\/\\\/www.meydan.tv\\\/az\\\/article\\\/amerikanin-sesi-radiosunun-emekdasi-polis-tezyiqi-ile-uzlesib\\\/\"]}]},{\"@type\":\"ImageObject\",\"inLanguage\":\"az\",\"@id\":\"https:\\\/\\\/www.meydan.tv\\\/az\\\/article\\\/amerikanin-sesi-radiosunun-emekdasi-polis-tezyiqi-ile-uzlesib\\\/#primaryimage\",\"url\":\"https:\\\/\\\/www.meydan.tv\\\/wp-content\\\/uploads\\\/tapdiq-frhadoglu-1280x720-1.jpg\",\"contentUrl\":\"https:\\\/\\\/www.meydan.tv\\\/wp-content\\\/uploads\\\/tapdiq-frhadoglu-1280x720-1.jpg\",\"width\":1280,\"height\":720,\"caption\":\"Source: meydan.tv\"},{\"@type\":\"BreadcrumbList\",\"@id\":\"https:\\\/\\\/www.meydan.tv\\\/az\\\/article\\\/amerikanin-sesi-radiosunun-emekdasi-polis-tezyiqi-ile-uzlesib\\\/#breadcrumb\",\"itemListElement\":[{\"@type\":\"ListItem\",\"position\":1,\"name\":\"Ana s\u0259hif\u0259\",\"item\":\"https:\\\/\\\/www.meydan.tv\\\/az\\\/\"},{\"@type\":\"ListItem\",\"position\":2,\"name\":\"Siyas\u0259t\",\"item\":\"https:\\\/\\\/www.meydan.tv\\\/az\\\/section\\\/siyaset\\\/\"},{\"@type\":\"ListItem\",\"position\":3,\"name\":\"\u201cAmerikan\u0131n s\u0259si\u201d radiosunun \u0259m\u0259kda\u015f\u0131 polis t\u0259zyiqi il\u0259 \u00fczl\u0259\u015fib\"}]},{\"@type\":\"WebSite\",\"@id\":\"https:\\\/\\\/www.meydan.tv\\\/az\\\/#website\",\"url\":\"https:\\\/\\\/www.meydan.tv\\\/az\\\/\",\"name\":\"MEYDAN.TV\",\"description\":\"Meydan TV Az\u0259rbaycan\u0131n media m\u0259kan\u0131ndak\u0131 alternativ s\u0259sidir\",\"publisher\":{\"@id\":\"https:\\\/\\\/www.meydan.tv\\\/az\\\/#organization\"},\"potentialAction\":[{\"@type\":\"SearchAction\",\"target\":{\"@type\":\"EntryPoint\",\"urlTemplate\":\"https:\\\/\\\/www.meydan.tv\\\/az\\\/?s={search_term_string}\"},\"query-input\":{\"@type\":\"PropertyValueSpecification\",\"valueRequired\":true,\"valueName\":\"search_term_string\"}}],\"inLanguage\":\"az\"},{\"@type\":\"Organization\",\"@id\":\"https:\\\/\\\/www.meydan.tv\\\/az\\\/#organization\",\"name\":\"Meydan TV\",\"url\":\"https:\\\/\\\/www.meydan.tv\\\/az\\\/\",\"logo\":{\"@type\":\"ImageObject\",\"inLanguage\":\"az\",\"@id\":\"https:\\\/\\\/www.meydan.tv\\\/az\\\/#\\\/schema\\\/logo\\\/image\\\/\",\"url\":\"https:\\\/\\\/www.meydan.tv\\\/wp-content\\\/uploads\\\/2021\\\/07\\\/meydan-logo.svg\",\"contentUrl\":\"https:\\\/\\\/www.meydan.tv\\\/wp-content\\\/uploads\\\/2021\\\/07\\\/meydan-logo.svg\",\"width\":195,\"height\":46,\"caption\":\"Meydan TV\"},\"image\":{\"@id\":\"https:\\\/\\\/www.meydan.tv\\\/az\\\/#\\\/schema\\\/logo\\\/image\\\/\"}},{\"@type\":\"Person\",\"@id\":\"https:\\\/\\\/www.meydan.tv\\\/az\\\/#\\\/schema\\\/person\\\/10d11eccf6da3662cf5fdab9806ea91a\",\"name\":\"user-manager\"}]}<\/script>\n<!-- \/ Yoast SEO plugin. -->","yoast_head_json":{"title":"\u201cAmerikan\u0131n s\u0259si\u201d radiosunun \u0259m\u0259kda\u015f\u0131 polis t\u0259zyiqi il\u0259 \u00fczl\u0259\u015fib - MEYDAN.TV","robots":{"index":"index","follow":"follow","max-snippet":"max-snippet:-1","max-image-preview":"max-image-preview:large","max-video-preview":"max-video-preview:-1"},"canonical":"https:\/\/www.meydan.tv\/az\/article\/amerikanin-sesi-radiosunun-emekdasi-polis-tezyiqi-ile-uzlesib\/","og_locale":"az_AZ","og_type":"article","og_title":"\u201cAmerikan\u0131n s\u0259si\u201d radiosunun \u0259m\u0259kda\u015f\u0131 polis t\u0259zyiqi il\u0259 \u00fczl\u0259\u015fib - MEYDAN.TV","og_description":"Polisd\u0259 T.Quliyev\u0259 h\u0259mkarlar\u0131na v\u0259 v\u0259kil\u0259 z\u0259ng etm\u0259sin\u0259 imkan verilm\u0259yib.","og_url":"https:\/\/www.meydan.tv\/az\/article\/amerikanin-sesi-radiosunun-emekdasi-polis-tezyiqi-ile-uzlesib\/","og_site_name":"MEYDAN.TV","article_published_time":"2019-09-23T12:00:45+00:00","og_image":[{"width":1280,"height":720,"url":"https:\/\/www.meydan.tv\/wp-content\/uploads\/tapdiq-frhadoglu-1280x720-1.jpg","type":"image\/jpeg"}],"author":"user-manager","twitter_card":"summary_large_image","schema":{"@context":"https:\/\/schema.org","@graph":[{"@type":"Article","@id":"https:\/\/www.meydan.tv\/az\/article\/amerikanin-sesi-radiosunun-emekdasi-polis-tezyiqi-ile-uzlesib\/#article","isPartOf":{"@id":"https:\/\/www.meydan.tv\/az\/article\/amerikanin-sesi-radiosunun-emekdasi-polis-tezyiqi-ile-uzlesib\/"},"author":{"name":"user-manager","@id":"https:\/\/www.meydan.tv\/az\/#\/schema\/person\/10d11eccf6da3662cf5fdab9806ea91a"},"headline":"\u201cAmerikan\u0131n s\u0259si\u201d radiosunun \u0259m\u0259kda\u015f\u0131 polis t\u0259zyiqi il\u0259 \u00fczl\u0259\u015fib","datePublished":"2019-09-23T12:00:45+00:00","mainEntityOfPage":{"@id":"https:\/\/www.meydan.tv\/az\/article\/amerikanin-sesi-radiosunun-emekdasi-polis-tezyiqi-ile-uzlesib\/"},"wordCount":235,"publisher":{"@id":"https:\/\/www.meydan.tv\/az\/#organization"},"image":{"@id":"https:\/\/www.meydan.tv\/az\/article\/amerikanin-sesi-radiosunun-emekdasi-polis-tezyiqi-ile-uzlesib\/#primaryimage"},"thumbnailUrl":"https:\/\/www.meydan.tv\/wp-content\/uploads\/tapdiq-frhadoglu-1280x720-1.jpg","articleSection":["Siyas\u0259t"],"inLanguage":"az"},{"@type":"WebPage","@id":"https:\/\/www.meydan.tv\/az\/article\/amerikanin-sesi-radiosunun-emekdasi-polis-tezyiqi-ile-uzlesib\/","url":"https:\/\/www.meydan.tv\/az\/article\/amerikanin-sesi-radiosunun-emekdasi-polis-tezyiqi-ile-uzlesib\/","name":"\u201cAmerikan\u0131n s\u0259si\u201d radiosunun \u0259m\u0259kda\u015f\u0131 polis t\u0259zyiqi il\u0259 \u00fczl\u0259\u015fib - MEYDAN.TV","isPartOf":{"@id":"https:\/\/www.meydan.tv\/az\/#website"},"primaryImageOfPage":{"@id":"https:\/\/www.meydan.tv\/az\/article\/amerikanin-sesi-radiosunun-emekdasi-polis-tezyiqi-ile-uzlesib\/#primaryimage"},"image":{"@id":"https:\/\/www.meydan.tv\/az\/article\/amerikanin-sesi-radiosunun-emekdasi-polis-tezyiqi-ile-uzlesib\/#primaryimage"},"thumbnailUrl":"https:\/\/www.meydan.tv\/wp-content\/uploads\/tapdiq-frhadoglu-1280x720-1.jpg","datePublished":"2019-09-23T12:00:45+00:00","breadcrumb":{"@id":"https:\/\/www.meydan.tv\/az\/article\/amerikanin-sesi-radiosunun-emekdasi-polis-tezyiqi-ile-uzlesib\/#breadcrumb"},"inLanguage":"az","potentialAction":[{"@type":"ReadAction","target":["https:\/\/www.meydan.tv\/az\/article\/amerikanin-sesi-radiosunun-emekdasi-polis-tezyiqi-ile-uzlesib\/"]}]},{"@type":"ImageObject","inLanguage":"az","@id":"https:\/\/www.meydan.tv\/az\/article\/amerikanin-sesi-radiosunun-emekdasi-polis-tezyiqi-ile-uzlesib\/#primaryimage","url":"https:\/\/www.meydan.tv\/wp-content\/uploads\/tapdiq-frhadoglu-1280x720-1.jpg","contentUrl":"https:\/\/www.meydan.tv\/wp-content\/uploads\/tapdiq-frhadoglu-1280x720-1.jpg","width":1280,"height":720,"caption":"Source: meydan.tv"},{"@type":"BreadcrumbList","@id":"https:\/\/www.meydan.tv\/az\/article\/amerikanin-sesi-radiosunun-emekdasi-polis-tezyiqi-ile-uzlesib\/#breadcrumb","itemListElement":[{"@type":"ListItem","position":1,"name":"Ana s\u0259hif\u0259","item":"https:\/\/www.meydan.tv\/az\/"},{"@type":"ListItem","position":2,"name":"Siyas\u0259t","item":"https:\/\/www.meydan.tv\/az\/section\/siyaset\/"},{"@type":"ListItem","position":3,"name":"\u201cAmerikan\u0131n s\u0259si\u201d radiosunun \u0259m\u0259kda\u015f\u0131 polis t\u0259zyiqi il\u0259 \u00fczl\u0259\u015fib"}]},{"@type":"WebSite","@id":"https:\/\/www.meydan.tv\/az\/#website","url":"https:\/\/www.meydan.tv\/az\/","name":"MEYDAN.TV","description":"Meydan TV Az\u0259rbaycan\u0131n media m\u0259kan\u0131ndak\u0131 alternativ s\u0259sidir","publisher":{"@id":"https:\/\/www.meydan.tv\/az\/#organization"},"potentialAction":[{"@type":"SearchAction","target":{"@type":"EntryPoint","urlTemplate":"https:\/\/www.meydan.tv\/az\/?s={search_term_string}"},"query-input":{"@type":"PropertyValueSpecification","valueRequired":true,"valueName":"search_term_string"}}],"inLanguage":"az"},{"@type":"Organization","@id":"https:\/\/www.meydan.tv\/az\/#organization","name":"Meydan TV","url":"https:\/\/www.meydan.tv\/az\/","logo":{"@type":"ImageObject","inLanguage":"az","@id":"https:\/\/www.meydan.tv\/az\/#\/schema\/logo\/image\/","url":"https:\/\/www.meydan.tv\/wp-content\/uploads\/2021\/07\/meydan-logo.svg","contentUrl":"https:\/\/www.meydan.tv\/wp-content\/uploads\/2021\/07\/meydan-logo.svg","width":195,"height":46,"caption":"Meydan TV"},"image":{"@id":"https:\/\/www.meydan.tv\/az\/#\/schema\/logo\/image\/"}},{"@type":"Person","@id":"https:\/\/www.meydan.tv\/az\/#\/schema\/person\/10d11eccf6da3662cf5fdab9806ea91a","name":"user-manager"}]}},"_links":{"self":[{"href":"https:\/\/www.meydan.tv\/az\/wp-json\/wp\/v2\/posts\/197089","targetHints":{"allow":["GET"]}}],"collection":[{"href":"https:\/\/www.meydan.tv\/az\/wp-json\/wp\/v2\/posts"}],"about":[{"href":"https:\/\/www.meydan.tv\/az\/wp-json\/wp\/v2\/types\/post"}],"author":[{"embeddable":true,"href":"https:\/\/www.meydan.tv\/az\/wp-json\/wp\/v2\/users\/11"}],"replies":[{"embeddable":true,"href":"https:\/\/www.meydan.tv\/az\/wp-json\/wp\/v2\/comments?post=197089"}],"version-history":[{"count":0,"href":"https:\/\/www.meydan.tv\/az\/wp-json\/wp\/v2\/posts\/197089\/revisions"}],"wp:featuredmedia":[{"embeddable":true,"href":"https:\/\/www.meydan.tv\/az\/wp-json\/wp\/v2\/media\/130021"}],"wp:attachment":[{"href":"https:\/\/www.meydan.tv\/az\/wp-json\/wp\/v2\/media?parent=197089"}],"wp:term":[{"taxonomy":"category","embeddable":true,"href":"https:\/\/www.meydan.tv\/az\/wp-json\/wp\/v2\/categories?post=197089"},{"taxonomy":"post_tag","embeddable":true,"href":"https:\/\/www.meydan.tv\/az\/wp-json\/wp\/v2\/tags?post=197089"}],"curies":[{"name":"wp","href":"https:\/\/api.w.org\/{rel}","templated":true}]}}