{"id":197081,"date":"2019-09-22T12:42:40","date_gmt":"2019-09-22T12:42:40","guid":{"rendered":"https:\/\/www.meydan.tv\/article\/efqan-muxtarli-acliga-basladigini-deyib\/"},"modified":"2019-09-22T12:42:40","modified_gmt":"2019-09-22T12:42:40","slug":"efqan-muxtarli-acliga-basladigini-deyib","status":"publish","type":"post","link":"https:\/\/www.meydan.tv\/az\/article\/efqan-muxtarli-acliga-basladigini-deyib\/","title":{"rendered":"\u018ffqan Muxtarl\u0131 acl\u0131\u011fa ba\u015flad\u0131\u011f\u0131n\u0131 deyib"},"content":{"rendered":"<p>\n  Siyasi m\u0259hbus, ara\u015fd\u0131rma\u00e7\u0131 jurnalist \u018ffqan Muxtarl\u0131n\u0131n 16 sayl\u0131 C\u0259za\u00e7\u0259km\u0259 M\u00fc\u0259ssis\u0259sind\u0259 acl\u0131q aksiyas\u0131na ba\u015flad\u0131\u011f\u0131 bildirilir. M\u0259lumat\u0131 sosial \u015f\u0259b\u0259k\u0259l\u0259rd\u0259 ictimai f\u0259al Samir \u018fs\u0259dli payla\u015f\u0131b.\n<\/p>\n<p>\n  \u018ffqan Muxtarl\u0131 aksiya ke\u00e7irm\u0259sinin s\u0259b\u0259bini b\u0259yan edib:\n<\/p>\n<p>\n  \u201c20 sentyabrdan v\u0259kilim Nem\u0259t K\u0259rimliy\u0259 qar\u015f\u0131 qanunsuzlu\u011fa v\u0259 zorak\u0131l\u0131\u011fa etiraz \u0259lam\u0259ti olaraq acl\u0131q aksiyas\u0131na ba\u015flay\u0131ram. R\u0259is m\u00fcavini Emin Emin\u0259liyev siyasi m\u0259hbuslara qar\u015f\u0131 q\u0259ddarl\u0131\u011f\u0131 il\u0259 se\u00e7ilib. Bundan \u0259vv\u0259l siyasi m\u0259hbus M\u0259mm\u0259d \u0130brahim\u0259 qar\u015f\u0131 zorak\u0131l\u0131q etmi\u015fdir, m\u0259hbuslara qar\u015f\u0131 amans\u0131z v\u0259 q\u0259ddard\u0131r. Onun bar\u0259sind\u0259 prokurorlu\u011fa olan \u015fikay\u0259tl\u0259r ara\u015fd\u0131r\u0131lm\u0131r. \u0130lham \u018fliyevd\u0259n t\u0259l\u0259b edir\u0259m ki, ba\u015f vermi\u015f hadis\u0259 obyektiv ara\u015fd\u0131r\u0131ls\u0131n. Emin Emin\u0259liyev v\u0259 ba\u015fqa zorak\u0131l\u0131q ed\u0259n \u0259m\u0259kda\u015flar c\u0259zaland\u0131r\u0131lmal\u0131d\u0131r. V\u0259kil\u0259 qar\u015f\u0131 olanlar m\u0259nim h\u00fcquqlar\u0131m\u0131 pozma\u011fa y\u00f6n\u0259lib, \u0259vv\u0259ll\u0259r Nem\u0259t K\u0259rimli bir il m\u00fcdd\u0259tin\u0259 v\u0259killikd\u0259n m\u0259rhum edilib. \u0130ndiki h\u00fccumlar avropal\u0131 deputatlar Sunna Thorhildur v\u0259 D. Myatovi\u00e7l\u0259 g\u00f6r\u00fc\u015fd\u0259n sonra ba\u015f verib\u201d.\n<\/p>\n<p>\n  V\u0259kil Nem\u0259t K\u0259rimli sentyabr\u0131n 20-d\u0259 m\u00fcv\u0259kkilinin saxlan\u0131ld\u0131\u011f\u0131 16 sayl\u0131 C\u0259za\u00e7\u0259km\u0259 M\u00fc\u0259ssis\u0259sind\u0259 t\u0259zyiql\u0259 \u00fczl\u0259\u015fdiyini deyir. Onun s\u00f6zl\u0259rin\u0259 g\u00f6r\u0259, h\u0259bsxana r\u0259isinin m\u00fcavini t\u0259r\u0259find\u0259n t\u0259zyiq\u0259 m\u0259ruz qal\u0131b, 45-50 d\u0259qiq\u0259 otaqlar\u0131n birind\u0259 girov<br \/>\n  <a href=\"https:\/\/www.meydan.tv\/az\/article\/nemet-kerimli-meni-hebsxanada-45-50-deqiqe-girov-saxladilar\/?ref=homepage-news\"><br \/>\n    saxlan\u0131l\u0131b<br \/>\n  <\/a><br \/>\n  .\n<\/p>\n<p>\n  Oturum izni il\u0259 G\u00fcrc\u00fcstanda ya\u015fayan jurnalist \u018ffqan Muxtarl\u0131 2017-ci il may\u0131n 29-da \u201cyoxa\u201d \u00e7\u0131x\u0131b v\u0259 s\u0259h\u0259risi g\u00fcn Az\u0259rbaycanda h\u0259bs edilib. Onun dediyin\u0259 g\u00f6r\u0259, Tbilisid\u0259 saxlan\u0131b, i\u015fg\u0259nc\u0259 verilib, zorla s\u0259rh\u0259d\u0259 g\u0259tiril\u0259r\u0259k Az\u0259rbaycan t\u0259r\u0259fin\u0259 t\u0259hvil verilib. \u00dcst\u0259lik, cibin\u0259 10 min avro pul qoyulub.\n<\/p>\n<p>\n  Az\u0259rbaycan h\u00f6kum\u0259ti is\u0259 jurnalisti Cinay\u0259t M\u0259c\u0259ll\u0259sinin hakimiyy\u0259t n\u00fcmay\u0259nd\u0259sin\u0259 xidm\u0259ti v\u0259zif\u0259l\u0259rini yerin\u0259 yetir\u0259rk\u0259n ona qar\u015f\u0131 h\u0259yat v\u0259 sa\u011flaml\u0131q \u00fc\u00e7\u00fcn t\u0259hl\u00fck\u0259li olan zor t\u0259tbiq etm\u0259 madd\u0259si (315.2) il\u0259 ittiham edib.\n<\/p>\n<p>\n  Bundan ba\u015fqa, ona d\u00f6vl\u0259t s\u0259rh\u0259dini m\u00fc\u0259yy\u0259n edilmi\u015f s\u0259n\u0259dl\u0259r olmadan v\u0259 ya d\u00f6vl\u0259t s\u0259rh\u0259dinin n\u0259zar\u0259t-burax\u0131l\u0131\u015f m\u0259nt\u0259q\u0259l\u0259rind\u0259n k\u0259narda ke\u00e7m\u0259 (318.1) v\u0259 qa\u00e7aqmal\u00e7\u0131l\u0131q (206.1) madd\u0259l\u0259ri il\u0259 ittiham ir\u0259li s\u00fcr\u00fcl\u00fcb.\n<\/p>\n<p>\n  \u018ffqan Muxtarl\u0131 6 il azadl\u0131qdan m\u0259hrum edilib.\n<\/p>\n<p>\n  Beyn\u0259lxalq h\u00fcquq m\u00fcdafi\u0259 t\u0259\u015fkilatlar\u0131 \u018ffqan Muxtarl\u0131n\u0131 siyasi m\u0259hbus kimi tan\u0131y\u0131r.<\/p>\n","protected":false},"excerpt":{"rendered":"<p>Jurnalist v\u0259kilin\u0259 t\u0259zyiq g\u00f6st\u0259r\u0259nl\u0259rin c\u0259zaland\u0131r\u0131lmas\u0131n\u0131 ist\u0259yir<\/p>\n","protected":false},"author":11,"featured_media":104418,"comment_status":"closed","ping_status":"open","sticky":false,"template":"","format":"standard","meta":{"_acf_changed":false,"_sitemap_exclude":false,"_sitemap_priority":"","_sitemap_frequency":"","footnotes":""},"categories":[59],"tags":[],"class_list":["post-197081","post","type-post","status-publish","format-standard","has-post-thumbnail","hentry","category-siyaset","infinite-scroll-item","generate-columns","tablet-grid-50","mobile-grid-100","grid-parent","grid-33","no-featured-image-padding"],"acf":[],"yoast_head":"<!-- This site is optimized with the Yoast SEO plugin v27.5 - https:\/\/yoast.com\/product\/yoast-seo-wordpress\/ -->\n<title>\u018ffqan Muxtarl\u0131 acl\u0131\u011fa ba\u015flad\u0131\u011f\u0131n\u0131 deyib - MEYDAN.TV<\/title>\n<meta name=\"robots\" content=\"index, follow, max-snippet:-1, max-image-preview:large, max-video-preview:-1\" \/>\n<link rel=\"canonical\" href=\"https:\/\/www.meydan.tv\/az\/article\/efqan-muxtarli-acliga-basladigini-deyib\/\" \/>\n<meta property=\"og:locale\" content=\"az_AZ\" \/>\n<meta property=\"og:type\" content=\"article\" \/>\n<meta property=\"og:title\" content=\"\u018ffqan Muxtarl\u0131 acl\u0131\u011fa ba\u015flad\u0131\u011f\u0131n\u0131 deyib - MEYDAN.TV\" \/>\n<meta property=\"og:description\" content=\"Jurnalist v\u0259kilin\u0259 t\u0259zyiq g\u00f6st\u0259r\u0259nl\u0259rin c\u0259zaland\u0131r\u0131lmas\u0131n\u0131 ist\u0259yir\" \/>\n<meta property=\"og:url\" content=\"https:\/\/www.meydan.tv\/az\/article\/efqan-muxtarli-acliga-basladigini-deyib\/\" \/>\n<meta property=\"og:site_name\" content=\"MEYDAN.TV\" \/>\n<meta property=\"article:published_time\" content=\"2019-09-22T12:42:40+00:00\" \/>\n<meta property=\"og:image\" content=\"https:\/\/www.meydan.tv\/wp-content\/uploads\/41437.jpg\" \/>\n\t<meta property=\"og:image:width\" content=\"1920\" \/>\n\t<meta property=\"og:image:height\" content=\"1080\" \/>\n\t<meta property=\"og:image:type\" content=\"image\/jpeg\" \/>\n<meta name=\"author\" content=\"user-manager\" \/>\n<meta name=\"twitter:card\" content=\"summary_large_image\" \/>\n<script type=\"application\/ld+json\" class=\"yoast-schema-graph\">{\"@context\":\"https:\\\/\\\/schema.org\",\"@graph\":[{\"@type\":\"Article\",\"@id\":\"https:\\\/\\\/www.meydan.tv\\\/az\\\/article\\\/efqan-muxtarli-acliga-basladigini-deyib\\\/#article\",\"isPartOf\":{\"@id\":\"https:\\\/\\\/www.meydan.tv\\\/az\\\/article\\\/efqan-muxtarli-acliga-basladigini-deyib\\\/\"},\"author\":{\"name\":\"user-manager\",\"@id\":\"https:\\\/\\\/www.meydan.tv\\\/az\\\/#\\\/schema\\\/person\\\/10d11eccf6da3662cf5fdab9806ea91a\"},\"headline\":\"\u018ffqan Muxtarl\u0131 acl\u0131\u011fa ba\u015flad\u0131\u011f\u0131n\u0131 deyib\",\"datePublished\":\"2019-09-22T12:42:40+00:00\",\"mainEntityOfPage\":{\"@id\":\"https:\\\/\\\/www.meydan.tv\\\/az\\\/article\\\/efqan-muxtarli-acliga-basladigini-deyib\\\/\"},\"wordCount\":485,\"publisher\":{\"@id\":\"https:\\\/\\\/www.meydan.tv\\\/az\\\/#organization\"},\"image\":{\"@id\":\"https:\\\/\\\/www.meydan.tv\\\/az\\\/article\\\/efqan-muxtarli-acliga-basladigini-deyib\\\/#primaryimage\"},\"thumbnailUrl\":\"https:\\\/\\\/www.meydan.tv\\\/wp-content\\\/uploads\\\/41437.jpg\",\"articleSection\":[\"Siyas\u0259t\"],\"inLanguage\":\"az\"},{\"@type\":\"WebPage\",\"@id\":\"https:\\\/\\\/www.meydan.tv\\\/az\\\/article\\\/efqan-muxtarli-acliga-basladigini-deyib\\\/\",\"url\":\"https:\\\/\\\/www.meydan.tv\\\/az\\\/article\\\/efqan-muxtarli-acliga-basladigini-deyib\\\/\",\"name\":\"\u018ffqan Muxtarl\u0131 acl\u0131\u011fa ba\u015flad\u0131\u011f\u0131n\u0131 deyib - MEYDAN.TV\",\"isPartOf\":{\"@id\":\"https:\\\/\\\/www.meydan.tv\\\/az\\\/#website\"},\"primaryImageOfPage\":{\"@id\":\"https:\\\/\\\/www.meydan.tv\\\/az\\\/article\\\/efqan-muxtarli-acliga-basladigini-deyib\\\/#primaryimage\"},\"image\":{\"@id\":\"https:\\\/\\\/www.meydan.tv\\\/az\\\/article\\\/efqan-muxtarli-acliga-basladigini-deyib\\\/#primaryimage\"},\"thumbnailUrl\":\"https:\\\/\\\/www.meydan.tv\\\/wp-content\\\/uploads\\\/41437.jpg\",\"datePublished\":\"2019-09-22T12:42:40+00:00\",\"breadcrumb\":{\"@id\":\"https:\\\/\\\/www.meydan.tv\\\/az\\\/article\\\/efqan-muxtarli-acliga-basladigini-deyib\\\/#breadcrumb\"},\"inLanguage\":\"az\",\"potentialAction\":[{\"@type\":\"ReadAction\",\"target\":[\"https:\\\/\\\/www.meydan.tv\\\/az\\\/article\\\/efqan-muxtarli-acliga-basladigini-deyib\\\/\"]}]},{\"@type\":\"ImageObject\",\"inLanguage\":\"az\",\"@id\":\"https:\\\/\\\/www.meydan.tv\\\/az\\\/article\\\/efqan-muxtarli-acliga-basladigini-deyib\\\/#primaryimage\",\"url\":\"https:\\\/\\\/www.meydan.tv\\\/wp-content\\\/uploads\\\/41437.jpg\",\"contentUrl\":\"https:\\\/\\\/www.meydan.tv\\\/wp-content\\\/uploads\\\/41437.jpg\",\"width\":1920,\"height\":1080,\"caption\":\"Source:\"},{\"@type\":\"BreadcrumbList\",\"@id\":\"https:\\\/\\\/www.meydan.tv\\\/az\\\/article\\\/efqan-muxtarli-acliga-basladigini-deyib\\\/#breadcrumb\",\"itemListElement\":[{\"@type\":\"ListItem\",\"position\":1,\"name\":\"Ana s\u0259hif\u0259\",\"item\":\"https:\\\/\\\/www.meydan.tv\\\/az\\\/\"},{\"@type\":\"ListItem\",\"position\":2,\"name\":\"Siyas\u0259t\",\"item\":\"https:\\\/\\\/www.meydan.tv\\\/az\\\/section\\\/siyaset\\\/\"},{\"@type\":\"ListItem\",\"position\":3,\"name\":\"\u018ffqan Muxtarl\u0131 acl\u0131\u011fa ba\u015flad\u0131\u011f\u0131n\u0131 deyib\"}]},{\"@type\":\"WebSite\",\"@id\":\"https:\\\/\\\/www.meydan.tv\\\/az\\\/#website\",\"url\":\"https:\\\/\\\/www.meydan.tv\\\/az\\\/\",\"name\":\"MEYDAN.TV\",\"description\":\"Meydan TV Az\u0259rbaycan\u0131n media m\u0259kan\u0131ndak\u0131 alternativ s\u0259sidir\",\"publisher\":{\"@id\":\"https:\\\/\\\/www.meydan.tv\\\/az\\\/#organization\"},\"potentialAction\":[{\"@type\":\"SearchAction\",\"target\":{\"@type\":\"EntryPoint\",\"urlTemplate\":\"https:\\\/\\\/www.meydan.tv\\\/az\\\/?s={search_term_string}\"},\"query-input\":{\"@type\":\"PropertyValueSpecification\",\"valueRequired\":true,\"valueName\":\"search_term_string\"}}],\"inLanguage\":\"az\"},{\"@type\":\"Organization\",\"@id\":\"https:\\\/\\\/www.meydan.tv\\\/az\\\/#organization\",\"name\":\"Meydan TV\",\"url\":\"https:\\\/\\\/www.meydan.tv\\\/az\\\/\",\"logo\":{\"@type\":\"ImageObject\",\"inLanguage\":\"az\",\"@id\":\"https:\\\/\\\/www.meydan.tv\\\/az\\\/#\\\/schema\\\/logo\\\/image\\\/\",\"url\":\"https:\\\/\\\/www.meydan.tv\\\/wp-content\\\/uploads\\\/2021\\\/07\\\/meydan-logo.svg\",\"contentUrl\":\"https:\\\/\\\/www.meydan.tv\\\/wp-content\\\/uploads\\\/2021\\\/07\\\/meydan-logo.svg\",\"width\":195,\"height\":46,\"caption\":\"Meydan TV\"},\"image\":{\"@id\":\"https:\\\/\\\/www.meydan.tv\\\/az\\\/#\\\/schema\\\/logo\\\/image\\\/\"}},{\"@type\":\"Person\",\"@id\":\"https:\\\/\\\/www.meydan.tv\\\/az\\\/#\\\/schema\\\/person\\\/10d11eccf6da3662cf5fdab9806ea91a\",\"name\":\"user-manager\"}]}<\/script>\n<!-- \/ Yoast SEO plugin. -->","yoast_head_json":{"title":"\u018ffqan Muxtarl\u0131 acl\u0131\u011fa ba\u015flad\u0131\u011f\u0131n\u0131 deyib - MEYDAN.TV","robots":{"index":"index","follow":"follow","max-snippet":"max-snippet:-1","max-image-preview":"max-image-preview:large","max-video-preview":"max-video-preview:-1"},"canonical":"https:\/\/www.meydan.tv\/az\/article\/efqan-muxtarli-acliga-basladigini-deyib\/","og_locale":"az_AZ","og_type":"article","og_title":"\u018ffqan Muxtarl\u0131 acl\u0131\u011fa ba\u015flad\u0131\u011f\u0131n\u0131 deyib - MEYDAN.TV","og_description":"Jurnalist v\u0259kilin\u0259 t\u0259zyiq g\u00f6st\u0259r\u0259nl\u0259rin c\u0259zaland\u0131r\u0131lmas\u0131n\u0131 ist\u0259yir","og_url":"https:\/\/www.meydan.tv\/az\/article\/efqan-muxtarli-acliga-basladigini-deyib\/","og_site_name":"MEYDAN.TV","article_published_time":"2019-09-22T12:42:40+00:00","og_image":[{"width":1920,"height":1080,"url":"https:\/\/www.meydan.tv\/wp-content\/uploads\/41437.jpg","type":"image\/jpeg"}],"author":"user-manager","twitter_card":"summary_large_image","schema":{"@context":"https:\/\/schema.org","@graph":[{"@type":"Article","@id":"https:\/\/www.meydan.tv\/az\/article\/efqan-muxtarli-acliga-basladigini-deyib\/#article","isPartOf":{"@id":"https:\/\/www.meydan.tv\/az\/article\/efqan-muxtarli-acliga-basladigini-deyib\/"},"author":{"name":"user-manager","@id":"https:\/\/www.meydan.tv\/az\/#\/schema\/person\/10d11eccf6da3662cf5fdab9806ea91a"},"headline":"\u018ffqan Muxtarl\u0131 acl\u0131\u011fa ba\u015flad\u0131\u011f\u0131n\u0131 deyib","datePublished":"2019-09-22T12:42:40+00:00","mainEntityOfPage":{"@id":"https:\/\/www.meydan.tv\/az\/article\/efqan-muxtarli-acliga-basladigini-deyib\/"},"wordCount":485,"publisher":{"@id":"https:\/\/www.meydan.tv\/az\/#organization"},"image":{"@id":"https:\/\/www.meydan.tv\/az\/article\/efqan-muxtarli-acliga-basladigini-deyib\/#primaryimage"},"thumbnailUrl":"https:\/\/www.meydan.tv\/wp-content\/uploads\/41437.jpg","articleSection":["Siyas\u0259t"],"inLanguage":"az"},{"@type":"WebPage","@id":"https:\/\/www.meydan.tv\/az\/article\/efqan-muxtarli-acliga-basladigini-deyib\/","url":"https:\/\/www.meydan.tv\/az\/article\/efqan-muxtarli-acliga-basladigini-deyib\/","name":"\u018ffqan Muxtarl\u0131 acl\u0131\u011fa ba\u015flad\u0131\u011f\u0131n\u0131 deyib - MEYDAN.TV","isPartOf":{"@id":"https:\/\/www.meydan.tv\/az\/#website"},"primaryImageOfPage":{"@id":"https:\/\/www.meydan.tv\/az\/article\/efqan-muxtarli-acliga-basladigini-deyib\/#primaryimage"},"image":{"@id":"https:\/\/www.meydan.tv\/az\/article\/efqan-muxtarli-acliga-basladigini-deyib\/#primaryimage"},"thumbnailUrl":"https:\/\/www.meydan.tv\/wp-content\/uploads\/41437.jpg","datePublished":"2019-09-22T12:42:40+00:00","breadcrumb":{"@id":"https:\/\/www.meydan.tv\/az\/article\/efqan-muxtarli-acliga-basladigini-deyib\/#breadcrumb"},"inLanguage":"az","potentialAction":[{"@type":"ReadAction","target":["https:\/\/www.meydan.tv\/az\/article\/efqan-muxtarli-acliga-basladigini-deyib\/"]}]},{"@type":"ImageObject","inLanguage":"az","@id":"https:\/\/www.meydan.tv\/az\/article\/efqan-muxtarli-acliga-basladigini-deyib\/#primaryimage","url":"https:\/\/www.meydan.tv\/wp-content\/uploads\/41437.jpg","contentUrl":"https:\/\/www.meydan.tv\/wp-content\/uploads\/41437.jpg","width":1920,"height":1080,"caption":"Source:"},{"@type":"BreadcrumbList","@id":"https:\/\/www.meydan.tv\/az\/article\/efqan-muxtarli-acliga-basladigini-deyib\/#breadcrumb","itemListElement":[{"@type":"ListItem","position":1,"name":"Ana s\u0259hif\u0259","item":"https:\/\/www.meydan.tv\/az\/"},{"@type":"ListItem","position":2,"name":"Siyas\u0259t","item":"https:\/\/www.meydan.tv\/az\/section\/siyaset\/"},{"@type":"ListItem","position":3,"name":"\u018ffqan Muxtarl\u0131 acl\u0131\u011fa ba\u015flad\u0131\u011f\u0131n\u0131 deyib"}]},{"@type":"WebSite","@id":"https:\/\/www.meydan.tv\/az\/#website","url":"https:\/\/www.meydan.tv\/az\/","name":"MEYDAN.TV","description":"Meydan TV Az\u0259rbaycan\u0131n media m\u0259kan\u0131ndak\u0131 alternativ s\u0259sidir","publisher":{"@id":"https:\/\/www.meydan.tv\/az\/#organization"},"potentialAction":[{"@type":"SearchAction","target":{"@type":"EntryPoint","urlTemplate":"https:\/\/www.meydan.tv\/az\/?s={search_term_string}"},"query-input":{"@type":"PropertyValueSpecification","valueRequired":true,"valueName":"search_term_string"}}],"inLanguage":"az"},{"@type":"Organization","@id":"https:\/\/www.meydan.tv\/az\/#organization","name":"Meydan TV","url":"https:\/\/www.meydan.tv\/az\/","logo":{"@type":"ImageObject","inLanguage":"az","@id":"https:\/\/www.meydan.tv\/az\/#\/schema\/logo\/image\/","url":"https:\/\/www.meydan.tv\/wp-content\/uploads\/2021\/07\/meydan-logo.svg","contentUrl":"https:\/\/www.meydan.tv\/wp-content\/uploads\/2021\/07\/meydan-logo.svg","width":195,"height":46,"caption":"Meydan TV"},"image":{"@id":"https:\/\/www.meydan.tv\/az\/#\/schema\/logo\/image\/"}},{"@type":"Person","@id":"https:\/\/www.meydan.tv\/az\/#\/schema\/person\/10d11eccf6da3662cf5fdab9806ea91a","name":"user-manager"}]}},"_links":{"self":[{"href":"https:\/\/www.meydan.tv\/az\/wp-json\/wp\/v2\/posts\/197081","targetHints":{"allow":["GET"]}}],"collection":[{"href":"https:\/\/www.meydan.tv\/az\/wp-json\/wp\/v2\/posts"}],"about":[{"href":"https:\/\/www.meydan.tv\/az\/wp-json\/wp\/v2\/types\/post"}],"author":[{"embeddable":true,"href":"https:\/\/www.meydan.tv\/az\/wp-json\/wp\/v2\/users\/11"}],"replies":[{"embeddable":true,"href":"https:\/\/www.meydan.tv\/az\/wp-json\/wp\/v2\/comments?post=197081"}],"version-history":[{"count":0,"href":"https:\/\/www.meydan.tv\/az\/wp-json\/wp\/v2\/posts\/197081\/revisions"}],"wp:featuredmedia":[{"embeddable":true,"href":"https:\/\/www.meydan.tv\/az\/wp-json\/wp\/v2\/media\/104418"}],"wp:attachment":[{"href":"https:\/\/www.meydan.tv\/az\/wp-json\/wp\/v2\/media?parent=197081"}],"wp:term":[{"taxonomy":"category","embeddable":true,"href":"https:\/\/www.meydan.tv\/az\/wp-json\/wp\/v2\/categories?post=197081"},{"taxonomy":"post_tag","embeddable":true,"href":"https:\/\/www.meydan.tv\/az\/wp-json\/wp\/v2\/tags?post=197081"}],"curies":[{"name":"wp","href":"https:\/\/api.w.org\/{rel}","templated":true}]}}