{"id":197079,"date":"2019-09-21T16:00:38","date_gmt":"2019-09-21T16:00:38","guid":{"rendered":"https:\/\/www.meydan.tv\/article\/ankarada-antiamerkan-zirvesi\/"},"modified":"2019-09-21T16:00:38","modified_gmt":"2019-09-21T16:00:38","slug":"ankarada-antiamerkan-zirvesi","status":"publish","type":"post","link":"https:\/\/www.meydan.tv\/az\/article\/ankarada-antiamerkan-zirvesi\/","title":{"rendered":"Ankarada Antiamerikan zirv\u0259si"},"content":{"rendered":"<p>\n  Suriya b\u00f6hran\u0131 \u00fc\u00e7\u00fcn topla\u015fan \u201cAnkara \u00fc\u00e7l\u00fcy\u00fc\u201d d\u00fcnyan\u0131n diqq\u0259t m\u0259rk\u0259zind\u0259 oldu. H\u0259s\u0259n Ruhani, Vladimir Putin v\u0259 R\u0259c\u0259b Tayyib \u018frdo\u011fan\u0131n diqq\u0259t m\u0259rk\u0259zind\u0259 is\u0259 Suriyadan \u00e7ox AB\u015e-\u0131n oldu\u011fu bariz idi. B\u0259\u015f\u0259r \u018fs\u0259din siyasi taleyi, Suriyan\u0131n g\u0259l\u0259c\u0259yi il\u0259 dem\u0259k olar ki, \u0259laq\u0259li g\u00f6r\u00fcnm\u0259yib. B\u00fct\u00fcn bunlar h\u0259m d\u0259 han\u0131s\u0131sa formada biri dig\u0259ri il\u0259 sava\u015fm\u0131\u015f q\u00fcvv\u0259l\u0259r aras\u0131nda ba\u015f verib. O zaman bu zirv\u0259d\u0259n n\u0259 g\u00f6zl\u0259m\u0259k olar v\u0259 toplanmaqda m\u0259qs\u0259d n\u0259 idi?\n<\/p>\n<h3>\n  Rusiya m\u00fctt\u0259fiq tan\u0131m\u0131r<br \/>\n<\/h3>\n<p>\n  Zirv\u0259 konstitusiya komissiyas\u0131n\u0131n yarad\u0131ld\u0131\u011f\u0131n\u0131 elan etm\u0259kl\u0259 dolay\u0131 yolla B\u0259\u015f\u0259r \u018fs\u0259din qeyri legitimliyi m\u0259s\u0259l\u0259sind\u0259 raz\u0131l\u0131\u011fa g\u0259ldikl\u0259rini elan edib. Bu durumda Putin ona bel ba\u011flayan daha bir diktatoru pis v\u0259ziyy\u0259td\u0259 qoymu\u015f olmurmu? \u018flb\u0259tt\u0259, olur. Ancaq bu o dem\u0259kdir ki, h\u0259m d\u0259 T\u00fcrkiy\u0259 bu durum haqq\u0131nda d\u00fc\u015f\u00fcnm\u0259lidir. \u018fs\u0259din qeyri-legitimliyi m\u0259s\u0259l\u0259si Q\u0259rb t\u0259r\u0259find\u0259n ir\u0259li s\u00fcr\u00fcl\u0259rk\u0259n Moskva bu m\u0259s\u0259l\u0259d\u0259 ciddi m\u00fcqavim\u0259t g\u00f6st\u0259rirdi. Ancaq yen\u0259 d\u0259 son anda m\u00f6vqeyini d\u0259yi\u015fdi. T\u00fcrkiy\u0259 is\u0259 Rusiyan\u0131n ipi il\u0259 \u201calovlu Yax\u0131n \u015e\u0259rq quyusu\u201dna gir\u0259rk\u0259n bir daha d\u00fc\u015f\u00fcnm\u0259lidir. O, bunu h\u0259m bir NATO \u00f6lk\u0259si kimi, h\u0259m d\u0259 Rusiyan\u0131n isti d\u0259nizl\u0259rd\u0259 \u0259n ciddi r\u0259qibi kimi etm\u0259lidir.\n<\/p>\n<h3>\n  \u0130dlibd\u0259 toqqu\u015fma<br \/>\n<\/h3>\n<p>\n  \u0130dlib b\u00f6lg\u0259sind\u0259 terror\u00e7ular aktivl\u0259\u015fdiyi \u00fc\u00e7\u00fcn orada h\u0259rbi \u0259m\u0259liyyatlara ehtiyac oldu\u011fu dil\u0259 g\u0259tirilib. Ancaq maraql\u0131d\u0131r ki, ist\u0259r Rusiya, ist\u0259rs\u0259 d\u0259 \u0130ran birba\u015fa v\u0259 ya dolay\u0131 yolla Suriyada T\u00fcrkiy\u0259 il\u0259 toqqu\u015fublar. Onlar \u018fs\u0259d rejiminin m\u00fcdafi\u0259\u00e7isi rolunda ik\u0259n T\u00fcrkiy\u0259 Rusiya h\u0259rbi t\u0259yyar\u0259sini vurmaq m\u0259cburiyy\u0131tind\u0259 qalm\u0131\u015fd\u0131. Hizbullah\u0131n bir ne\u00e7\u0259 min \u0259sg\u0259rinin d\u0259 b\u00f6lg\u0259d\u0259 \u018fs\u0259di m\u00fcdafi\u0259 etdiyi he\u00e7 kim\u0259 sirr deyil. El\u0259 bu anlamda \u0130dlibd\u0259 \u0259sas \u0259m\u0259liyyat\u0131 kim v\u0259 nec\u0259 aparacaq? Ruhani bu m\u00f6vzuda i\u015fl\u0259rin dan\u0131\u015f\u0131ld\u0131\u011f\u0131 kimi getm\u0259diyini dem\u0259kl\u0259, \u0259slind\u0259 Suriyada \u0259sas m\u0259s\u0259l\u0259nin h\u0259llinin formas\u0131nda raz\u0131l\u0131\u011f\u0131n olmad\u0131\u011f\u0131n\u0131 dil\u0259 g\u0259tirib. El\u0259 is\u0259 bu zirv\u0259 n\u0259yi v\u0259 nec\u0259 raz\u0131la\u015fd\u0131r\u0131b?\n<\/p>\n<h3>\n  AB\u015e b\u00f6lg\u0259d\u0259n getsin<br \/>\n<\/h3>\n<p>\n  Rusiya lideri daha s\u0259mimi g\u00f6r\u00fcn\u00fcb v\u0259 Tramp\u0131n birl\u0259\u015fmi\u015f \u015ftatlar\u0131n Suriyadan \u00e7\u0259kil\u0259c\u0259yin\u0259 dair q\u0259rar\u0131n\u0131n m\u00fcsb\u0259t\u0259 meyilli oldu\u011funu deyib. Onun fikrinc\u0259, AB\u015e b\u00f6lg\u0259d\u0259n getm\u0259lidir. Ancaq bu q\u0259rar\u0131n m\u00fcnaqi\u015f\u0259nin h\u0259llin\u0259 hans\u0131 t\u00f6hf\u0259 ver\u0259c\u0259yin\u0259 dair he\u00e7 n\u0259 dem\u0259yib. G\u00f6r\u00fcn\u00fcr ki, \u0259sas m\u0259s\u0259l\u0259 m\u00fcnaqi\u015f\u0259nin h\u0259lli deyil, AB\u015e-\u0131n b\u00f6lg\u0259y\u0259 t\u0259sirinin ya olmamas\u0131, ya da azalmas\u0131d\u0131r. Biz Kremlin bu c\u00fcr siyas\u0259tini \u201cQaraba\u011f\u201d, \u201cAbxaziya\u201d, \u201cOsetiya\u201d kimi m\u00fcnaqi\u015f\u0259l\u0259rd\u0259 ayd\u0131n g\u00f6r\u0259 bilirik. Moskva bir m\u00fcnaqi\u015f\u0259ni h\u0259ll etm\u0259kd\u0259n daha \u00e7ox onu donmu\u015f v\u0259 ya z\u0259if aktiv saxlamaqla t\u0259r\u0259fl\u0259r \u00fcz\u0259rind\u0259 t\u0259sirini g\u00fccl\u0259ndirm\u0259y\u0259 \u00e7al\u0131\u015f\u0131r. Bu m\u0259s\u0259l\u0259d\u0259 is\u0259 aktiv birl\u0259\u015fmi\u015f \u015ftatlar ciddi mane\u0259dir v\u0259 ona qar\u015f\u0131 b\u00f6lg\u0259nin dig\u0259r iki g\u00fccl\u00fc d\u00f6vl\u0259ti il\u0259 bir m\u00f6vqed\u0259n \u00e7\u0131x\u0131\u015f etm\u0259k Putin\u0259 \u0259lav\u0259 g\u00fcc verir. Ancaq bu g\u00fcc\u00fcn AB\u015e-\u0131 neytralla\u015fd\u0131rmaq imkan\u0131 varm\u0131? Bu sual y\u0259qin ki, \u00e7ox t\u0259r\u0259dd\u00fcdl\u0259r\u0259 s\u0259b\u0259b olmayacaq. D\u00fcnya v\u0259 s\u00f6zged\u0259n b\u00f6lg\u0259nin siyas\u0259tind\u0259 AB\u015e reall\u0131\u011f\u0131 qalmaqdad\u0131r. \u018frdo\u011fan\u0131n bu m\u0259s\u0259l\u0259d\u0259 susqun i\u015ftirak\u0131 Putinl\u0259 raz\u0131l\u0131q mesaj\u0131d\u0131r. \u0130ranl\u0131 lider is\u0259 Qolan t\u0259p\u0259l\u0259ri m\u0259s\u0259l\u0259sin\u0259 toxunaraq, AB\u015e-\u0131n bir \u00f6lk\u0259nin \u0259razil\u0259rini dig\u0259rin\u0259 ba\u011f\u0131\u015flama\u011fa haqq\u0131 olmad\u0131\u011f\u0131 halda bunu etdiyin\u0259 diqq\u0259t \u00e7\u0259kib. \u018flb\u0259tt\u0259, bu add\u0131m\u0131 v\u0259 Q\u00fcds\u00fc \u0130srailin paytaxt\u0131 kimi tan\u0131mas\u0131 Tramp hakimiyy\u0259tinin Birl\u0259\u015fmi\u015f \u015etatlar\u0131n b\u00f6lg\u0259 siyas\u0259tin\u0259 ciddi z\u0259rb\u0259si saymaq olar. Bu add\u0131m Va\u015finqtonu beyn\u0259lxalq ictimai r\u0259yd\u0259 obyektiv g\u00f6r\u00fcnm\u0259kd\u0259n m\u0259hrum edib. Ancaq bu siyasi q\u0259rarla Suriyadak\u0131 h\u0259rbi missiyan\u0131n tam uzla\u015fmad\u0131\u011f\u0131 da ortadad\u0131r. AB\u015e h\u0259rbi missiyas\u0131 b\u00f6lg\u0259nin t\u0259hl\u00fck\u0259sizliyi \u00fc\u00e7\u00fcn ciddi faktordur v\u0259 bunu g\u00f6rm\u0259zd\u0259n g\u0259lm\u0259k d\u0259 \u00e7\u0259tin m\u0259s\u0259l\u0259dir. Va\u015finqton is\u0259 g\u00f6r\u00fcn\u00fcr b\u00f6lg\u0259 il\u0259 ba\u011fl\u0131 yeni strategiya haz\u0131rlayacaq. Rusiya v\u0259 \u0130ranla ba\u011fl\u0131 el\u0259 d\u0259 ciddi sual yoxdur, amma T\u00fcrkiy\u0259nin Rusiyadan S-400 raket kompleksini almas\u0131 v\u0259 AB\u015e-\u0131n T\u00fcrkiy\u0259ni F-35 proqram\u0131ndan tam \u00e7\u0131xarmaq q\u0259rar\u0131 dem\u0259y\u0259 \u0259sas verir ki, biz b\u00f6lg\u0259 siyas\u0259tind\u0259 yenilikl\u0259rl\u0259 tan\u0131\u015f olaca\u011f\u0131q.\n<\/p>\n<h3>\n  H\u0259r\u0259nin \u00f6z d\u0259rdi<br \/>\n<\/h3>\n<p>\n  Rusiya v\u0259 \u0130ran AB\u015e-\u0131n b\u00f6lg\u0259d\u0259ki h\u0259rbi varl\u0131\u011f\u0131na son qoymaq ist\u0259y\u0259rk\u0259n T\u00fcrkiy\u0259 \u00f6lk\u0259sind\u0259ki milyonlarla qa\u00e7q\u0131n\u0131n geri qaytar\u0131lmas\u0131n\u0131 qabard\u0131b. O, iki \u00f6lk\u0259 aras\u0131ndak\u0131 s\u00fclh d\u0259hlizin\u0259 3 milyona q\u0259d\u0259r suriyal\u0131n\u0131n s\u0131\u011f\u0131\u015fa bil\u0259c\u0259yini deyib. Bu m\u0259s\u0259l\u0259d\u0259 d\u0259 hans\u0131sa q\u0259rar olmay\u0131b. Dem\u0259li, h\u0259r bir halda bu, AB\u015e-a qar\u015f\u0131 n\u00f6vb\u0259ti \u201cvarl\u0131q b\u0259yan\u0131\u201d zirv\u0259si olub v\u0259 Suriyan\u0131n g\u0259l\u0259c\u0259yin\u0259 dair he\u00e7 bir \u00fcmid vermir.<\/p>\n","protected":false},"excerpt":{"rendered":"<p>Putin v\u0259 Ruhani AB\u015e-dan, \u018frdo\u011fan is\u0259 qa\u00e7q\u0131nlardan qurtulmaq ist\u0259yir<\/p>\n","protected":false},"author":11,"featured_media":129937,"comment_status":"closed","ping_status":"open","sticky":false,"template":"","format":"standard","meta":{"_acf_changed":false,"_sitemap_exclude":false,"_sitemap_priority":"","_sitemap_frequency":"","footnotes":""},"categories":[57],"tags":[],"class_list":["post-197079","post","type-post","status-publish","format-standard","has-post-thumbnail","hentry","category-menim-fikrimce","infinite-scroll-item","generate-columns","tablet-grid-50","mobile-grid-100","grid-parent","grid-33","no-featured-image-padding"],"acf":[],"yoast_head":"<!-- This site is optimized with the Yoast SEO plugin v27.4 - https:\/\/yoast.com\/product\/yoast-seo-wordpress\/ -->\n<title>Ankarada Antiamerikan zirv\u0259si - MEYDAN.TV<\/title>\n<meta name=\"robots\" content=\"index, follow, max-snippet:-1, max-image-preview:large, max-video-preview:-1\" \/>\n<link rel=\"canonical\" href=\"https:\/\/www.meydan.tv\/az\/article\/ankarada-antiamerkan-zirvesi\/\" \/>\n<meta property=\"og:locale\" content=\"az_AZ\" \/>\n<meta property=\"og:type\" content=\"article\" \/>\n<meta property=\"og:title\" content=\"Ankarada Antiamerikan zirv\u0259si - MEYDAN.TV\" \/>\n<meta property=\"og:description\" content=\"Putin v\u0259 Ruhani AB\u015e-dan, \u018frdo\u011fan is\u0259 qa\u00e7q\u0131nlardan qurtulmaq ist\u0259yir\" \/>\n<meta property=\"og:url\" content=\"https:\/\/www.meydan.tv\/az\/article\/ankarada-antiamerkan-zirvesi\/\" \/>\n<meta property=\"og:site_name\" content=\"MEYDAN.TV\" \/>\n<meta property=\"article:published_time\" content=\"2019-09-21T16:00:38+00:00\" \/>\n<meta property=\"og:image\" content=\"https:\/\/www.meydan.tv\/wp-content\/uploads\/untitled_artwork_5iccn6j-scaled.jpg\" \/>\n\t<meta property=\"og:image:width\" content=\"2560\" \/>\n\t<meta property=\"og:image:height\" content=\"1440\" \/>\n\t<meta property=\"og:image:type\" content=\"image\/jpeg\" \/>\n<meta name=\"author\" content=\"user-manager\" \/>\n<meta name=\"twitter:card\" content=\"summary_large_image\" \/>\n<script type=\"application\/ld+json\" class=\"yoast-schema-graph\">{\"@context\":\"https:\\\/\\\/schema.org\",\"@graph\":[{\"@type\":\"Article\",\"@id\":\"https:\\\/\\\/www.meydan.tv\\\/az\\\/article\\\/ankarada-antiamerkan-zirvesi\\\/#article\",\"isPartOf\":{\"@id\":\"https:\\\/\\\/www.meydan.tv\\\/az\\\/article\\\/ankarada-antiamerkan-zirvesi\\\/\"},\"author\":{\"name\":\"user-manager\",\"@id\":\"https:\\\/\\\/www.meydan.tv\\\/az\\\/#\\\/schema\\\/person\\\/10d11eccf6da3662cf5fdab9806ea91a\"},\"headline\":\"Ankarada Antiamerikan zirv\u0259si\",\"datePublished\":\"2019-09-21T16:00:38+00:00\",\"mainEntityOfPage\":{\"@id\":\"https:\\\/\\\/www.meydan.tv\\\/az\\\/article\\\/ankarada-antiamerkan-zirvesi\\\/\"},\"wordCount\":982,\"publisher\":{\"@id\":\"https:\\\/\\\/www.meydan.tv\\\/az\\\/#organization\"},\"image\":{\"@id\":\"https:\\\/\\\/www.meydan.tv\\\/az\\\/article\\\/ankarada-antiamerkan-zirvesi\\\/#primaryimage\"},\"thumbnailUrl\":\"https:\\\/\\\/www.meydan.tv\\\/wp-content\\\/uploads\\\/untitled_artwork_5iccn6j-scaled.jpg\",\"articleSection\":[\"M\u0259nim Fikrimc\u0259\"],\"inLanguage\":\"az\"},{\"@type\":\"WebPage\",\"@id\":\"https:\\\/\\\/www.meydan.tv\\\/az\\\/article\\\/ankarada-antiamerkan-zirvesi\\\/\",\"url\":\"https:\\\/\\\/www.meydan.tv\\\/az\\\/article\\\/ankarada-antiamerkan-zirvesi\\\/\",\"name\":\"Ankarada Antiamerikan zirv\u0259si - MEYDAN.TV\",\"isPartOf\":{\"@id\":\"https:\\\/\\\/www.meydan.tv\\\/az\\\/#website\"},\"primaryImageOfPage\":{\"@id\":\"https:\\\/\\\/www.meydan.tv\\\/az\\\/article\\\/ankarada-antiamerkan-zirvesi\\\/#primaryimage\"},\"image\":{\"@id\":\"https:\\\/\\\/www.meydan.tv\\\/az\\\/article\\\/ankarada-antiamerkan-zirvesi\\\/#primaryimage\"},\"thumbnailUrl\":\"https:\\\/\\\/www.meydan.tv\\\/wp-content\\\/uploads\\\/untitled_artwork_5iccn6j-scaled.jpg\",\"datePublished\":\"2019-09-21T16:00:38+00:00\",\"breadcrumb\":{\"@id\":\"https:\\\/\\\/www.meydan.tv\\\/az\\\/article\\\/ankarada-antiamerkan-zirvesi\\\/#breadcrumb\"},\"inLanguage\":\"az\",\"potentialAction\":[{\"@type\":\"ReadAction\",\"target\":[\"https:\\\/\\\/www.meydan.tv\\\/az\\\/article\\\/ankarada-antiamerkan-zirvesi\\\/\"]}]},{\"@type\":\"ImageObject\",\"inLanguage\":\"az\",\"@id\":\"https:\\\/\\\/www.meydan.tv\\\/az\\\/article\\\/ankarada-antiamerkan-zirvesi\\\/#primaryimage\",\"url\":\"https:\\\/\\\/www.meydan.tv\\\/wp-content\\\/uploads\\\/untitled_artwork_5iccn6j-scaled.jpg\",\"contentUrl\":\"https:\\\/\\\/www.meydan.tv\\\/wp-content\\\/uploads\\\/untitled_artwork_5iccn6j-scaled.jpg\",\"width\":2560,\"height\":1440,\"caption\":\"Seymur H\u0259zi, Foto:: Meydan TV\"},{\"@type\":\"BreadcrumbList\",\"@id\":\"https:\\\/\\\/www.meydan.tv\\\/az\\\/article\\\/ankarada-antiamerkan-zirvesi\\\/#breadcrumb\",\"itemListElement\":[{\"@type\":\"ListItem\",\"position\":1,\"name\":\"Ana s\u0259hif\u0259\",\"item\":\"https:\\\/\\\/www.meydan.tv\\\/az\\\/\"},{\"@type\":\"ListItem\",\"position\":2,\"name\":\"M\u0259nim Fikrimc\u0259\",\"item\":\"https:\\\/\\\/www.meydan.tv\\\/az\\\/section\\\/menim-fikrimce\\\/\"},{\"@type\":\"ListItem\",\"position\":3,\"name\":\"Ankarada Antiamerikan zirv\u0259si\"}]},{\"@type\":\"WebSite\",\"@id\":\"https:\\\/\\\/www.meydan.tv\\\/az\\\/#website\",\"url\":\"https:\\\/\\\/www.meydan.tv\\\/az\\\/\",\"name\":\"MEYDAN.TV\",\"description\":\"Meydan TV Az\u0259rbaycan\u0131n media m\u0259kan\u0131ndak\u0131 alternativ s\u0259sidir\",\"publisher\":{\"@id\":\"https:\\\/\\\/www.meydan.tv\\\/az\\\/#organization\"},\"potentialAction\":[{\"@type\":\"SearchAction\",\"target\":{\"@type\":\"EntryPoint\",\"urlTemplate\":\"https:\\\/\\\/www.meydan.tv\\\/az\\\/?s={search_term_string}\"},\"query-input\":{\"@type\":\"PropertyValueSpecification\",\"valueRequired\":true,\"valueName\":\"search_term_string\"}}],\"inLanguage\":\"az\"},{\"@type\":\"Organization\",\"@id\":\"https:\\\/\\\/www.meydan.tv\\\/az\\\/#organization\",\"name\":\"Meydan TV\",\"url\":\"https:\\\/\\\/www.meydan.tv\\\/az\\\/\",\"logo\":{\"@type\":\"ImageObject\",\"inLanguage\":\"az\",\"@id\":\"https:\\\/\\\/www.meydan.tv\\\/az\\\/#\\\/schema\\\/logo\\\/image\\\/\",\"url\":\"https:\\\/\\\/www.meydan.tv\\\/wp-content\\\/uploads\\\/2021\\\/07\\\/meydan-logo.svg\",\"contentUrl\":\"https:\\\/\\\/www.meydan.tv\\\/wp-content\\\/uploads\\\/2021\\\/07\\\/meydan-logo.svg\",\"width\":195,\"height\":46,\"caption\":\"Meydan TV\"},\"image\":{\"@id\":\"https:\\\/\\\/www.meydan.tv\\\/az\\\/#\\\/schema\\\/logo\\\/image\\\/\"}},{\"@type\":\"Person\",\"@id\":\"https:\\\/\\\/www.meydan.tv\\\/az\\\/#\\\/schema\\\/person\\\/10d11eccf6da3662cf5fdab9806ea91a\",\"name\":\"user-manager\"}]}<\/script>\n<!-- \/ Yoast SEO plugin. -->","yoast_head_json":{"title":"Ankarada Antiamerikan zirv\u0259si - MEYDAN.TV","robots":{"index":"index","follow":"follow","max-snippet":"max-snippet:-1","max-image-preview":"max-image-preview:large","max-video-preview":"max-video-preview:-1"},"canonical":"https:\/\/www.meydan.tv\/az\/article\/ankarada-antiamerkan-zirvesi\/","og_locale":"az_AZ","og_type":"article","og_title":"Ankarada Antiamerikan zirv\u0259si - MEYDAN.TV","og_description":"Putin v\u0259 Ruhani AB\u015e-dan, \u018frdo\u011fan is\u0259 qa\u00e7q\u0131nlardan qurtulmaq ist\u0259yir","og_url":"https:\/\/www.meydan.tv\/az\/article\/ankarada-antiamerkan-zirvesi\/","og_site_name":"MEYDAN.TV","article_published_time":"2019-09-21T16:00:38+00:00","og_image":[{"width":2560,"height":1440,"url":"https:\/\/www.meydan.tv\/wp-content\/uploads\/untitled_artwork_5iccn6j-scaled.jpg","type":"image\/jpeg"}],"author":"user-manager","twitter_card":"summary_large_image","schema":{"@context":"https:\/\/schema.org","@graph":[{"@type":"Article","@id":"https:\/\/www.meydan.tv\/az\/article\/ankarada-antiamerkan-zirvesi\/#article","isPartOf":{"@id":"https:\/\/www.meydan.tv\/az\/article\/ankarada-antiamerkan-zirvesi\/"},"author":{"name":"user-manager","@id":"https:\/\/www.meydan.tv\/az\/#\/schema\/person\/10d11eccf6da3662cf5fdab9806ea91a"},"headline":"Ankarada Antiamerikan zirv\u0259si","datePublished":"2019-09-21T16:00:38+00:00","mainEntityOfPage":{"@id":"https:\/\/www.meydan.tv\/az\/article\/ankarada-antiamerkan-zirvesi\/"},"wordCount":982,"publisher":{"@id":"https:\/\/www.meydan.tv\/az\/#organization"},"image":{"@id":"https:\/\/www.meydan.tv\/az\/article\/ankarada-antiamerkan-zirvesi\/#primaryimage"},"thumbnailUrl":"https:\/\/www.meydan.tv\/wp-content\/uploads\/untitled_artwork_5iccn6j-scaled.jpg","articleSection":["M\u0259nim Fikrimc\u0259"],"inLanguage":"az"},{"@type":"WebPage","@id":"https:\/\/www.meydan.tv\/az\/article\/ankarada-antiamerkan-zirvesi\/","url":"https:\/\/www.meydan.tv\/az\/article\/ankarada-antiamerkan-zirvesi\/","name":"Ankarada Antiamerikan zirv\u0259si - MEYDAN.TV","isPartOf":{"@id":"https:\/\/www.meydan.tv\/az\/#website"},"primaryImageOfPage":{"@id":"https:\/\/www.meydan.tv\/az\/article\/ankarada-antiamerkan-zirvesi\/#primaryimage"},"image":{"@id":"https:\/\/www.meydan.tv\/az\/article\/ankarada-antiamerkan-zirvesi\/#primaryimage"},"thumbnailUrl":"https:\/\/www.meydan.tv\/wp-content\/uploads\/untitled_artwork_5iccn6j-scaled.jpg","datePublished":"2019-09-21T16:00:38+00:00","breadcrumb":{"@id":"https:\/\/www.meydan.tv\/az\/article\/ankarada-antiamerkan-zirvesi\/#breadcrumb"},"inLanguage":"az","potentialAction":[{"@type":"ReadAction","target":["https:\/\/www.meydan.tv\/az\/article\/ankarada-antiamerkan-zirvesi\/"]}]},{"@type":"ImageObject","inLanguage":"az","@id":"https:\/\/www.meydan.tv\/az\/article\/ankarada-antiamerkan-zirvesi\/#primaryimage","url":"https:\/\/www.meydan.tv\/wp-content\/uploads\/untitled_artwork_5iccn6j-scaled.jpg","contentUrl":"https:\/\/www.meydan.tv\/wp-content\/uploads\/untitled_artwork_5iccn6j-scaled.jpg","width":2560,"height":1440,"caption":"Seymur H\u0259zi, Foto:: Meydan TV"},{"@type":"BreadcrumbList","@id":"https:\/\/www.meydan.tv\/az\/article\/ankarada-antiamerkan-zirvesi\/#breadcrumb","itemListElement":[{"@type":"ListItem","position":1,"name":"Ana s\u0259hif\u0259","item":"https:\/\/www.meydan.tv\/az\/"},{"@type":"ListItem","position":2,"name":"M\u0259nim Fikrimc\u0259","item":"https:\/\/www.meydan.tv\/az\/section\/menim-fikrimce\/"},{"@type":"ListItem","position":3,"name":"Ankarada Antiamerikan zirv\u0259si"}]},{"@type":"WebSite","@id":"https:\/\/www.meydan.tv\/az\/#website","url":"https:\/\/www.meydan.tv\/az\/","name":"MEYDAN.TV","description":"Meydan TV Az\u0259rbaycan\u0131n media m\u0259kan\u0131ndak\u0131 alternativ s\u0259sidir","publisher":{"@id":"https:\/\/www.meydan.tv\/az\/#organization"},"potentialAction":[{"@type":"SearchAction","target":{"@type":"EntryPoint","urlTemplate":"https:\/\/www.meydan.tv\/az\/?s={search_term_string}"},"query-input":{"@type":"PropertyValueSpecification","valueRequired":true,"valueName":"search_term_string"}}],"inLanguage":"az"},{"@type":"Organization","@id":"https:\/\/www.meydan.tv\/az\/#organization","name":"Meydan TV","url":"https:\/\/www.meydan.tv\/az\/","logo":{"@type":"ImageObject","inLanguage":"az","@id":"https:\/\/www.meydan.tv\/az\/#\/schema\/logo\/image\/","url":"https:\/\/www.meydan.tv\/wp-content\/uploads\/2021\/07\/meydan-logo.svg","contentUrl":"https:\/\/www.meydan.tv\/wp-content\/uploads\/2021\/07\/meydan-logo.svg","width":195,"height":46,"caption":"Meydan TV"},"image":{"@id":"https:\/\/www.meydan.tv\/az\/#\/schema\/logo\/image\/"}},{"@type":"Person","@id":"https:\/\/www.meydan.tv\/az\/#\/schema\/person\/10d11eccf6da3662cf5fdab9806ea91a","name":"user-manager"}]}},"_links":{"self":[{"href":"https:\/\/www.meydan.tv\/az\/wp-json\/wp\/v2\/posts\/197079","targetHints":{"allow":["GET"]}}],"collection":[{"href":"https:\/\/www.meydan.tv\/az\/wp-json\/wp\/v2\/posts"}],"about":[{"href":"https:\/\/www.meydan.tv\/az\/wp-json\/wp\/v2\/types\/post"}],"author":[{"embeddable":true,"href":"https:\/\/www.meydan.tv\/az\/wp-json\/wp\/v2\/users\/11"}],"replies":[{"embeddable":true,"href":"https:\/\/www.meydan.tv\/az\/wp-json\/wp\/v2\/comments?post=197079"}],"version-history":[{"count":0,"href":"https:\/\/www.meydan.tv\/az\/wp-json\/wp\/v2\/posts\/197079\/revisions"}],"wp:featuredmedia":[{"embeddable":true,"href":"https:\/\/www.meydan.tv\/az\/wp-json\/wp\/v2\/media\/129937"}],"wp:attachment":[{"href":"https:\/\/www.meydan.tv\/az\/wp-json\/wp\/v2\/media?parent=197079"}],"wp:term":[{"taxonomy":"category","embeddable":true,"href":"https:\/\/www.meydan.tv\/az\/wp-json\/wp\/v2\/categories?post=197079"},{"taxonomy":"post_tag","embeddable":true,"href":"https:\/\/www.meydan.tv\/az\/wp-json\/wp\/v2\/tags?post=197079"}],"curies":[{"name":"wp","href":"https:\/\/api.w.org\/{rel}","templated":true}]}}