{"id":197076,"date":"2019-09-20T19:41:47","date_gmt":"2019-09-20T19:41:47","guid":{"rendered":"https:\/\/www.meydan.tv\/article\/belarus-lideri-ab-ile-viza-rejimini-sadelesdiren-sazis-imzalamaga-hazirlasir\/"},"modified":"2019-09-20T19:41:47","modified_gmt":"2019-09-20T19:41:47","slug":"belarus-lideri-ab-ile-viza-rejimini-sadelesdiren-sazis-imzalamaga-hazirlasir","status":"publish","type":"post","link":"https:\/\/www.meydan.tv\/az\/article\/belarus-lideri-ab-ile-viza-rejimini-sadelesdiren-sazis-imzalamaga-hazirlasir\/","title":{"rendered":"Belarus lideri AB il\u0259 viza rejimini sad\u0259l\u0259\u015fdir\u0259n sazi\u015f imzalama\u011fa haz\u0131rla\u015f\u0131r"},"content":{"rendered":"<p>\n  Belarusiya prezidenti Aleksandr Luka\u015fenko Avropa Birliyin\u0259 \u00fczv olan \u00f6lk\u0259l\u0259r\u0259 ged\u0259n Belarus v\u0259t\u0259nda\u015flar\u0131 \u00fc\u00e7\u00fcn viza rejimini sad\u0259l\u0259\u015fdir\u0259n sazi\u015f imzalamaq q\u0259rar\u0131na g\u0259lib, &#8211; RFE\/RL x\u0259b\u0259r verir.\n<\/p>\n<p>\n  Xarici \u0130\u015fl\u0259r Nazirliyinin s\u00f6zc\u00fcs\u00fc Anatol Hlaz sentyabr\u0131n 20-d\u0259 Minskd\u0259 jurnalistl\u0259r\u0259 deyib: \u201cLuka\u015fenko m\u00fcmk\u00fcn olan h\u0259r bir risk v\u0259 n\u0259tic\u0259ni \u0259trafl\u0131 t\u0259hlil etdikd\u0259n sonra bu add\u0131m\u0131n insanlar\u0131m\u0131z\u0131n s\u0259rb\u0259st h\u0259r\u0259k\u0259ti \u00fc\u00e7\u00fcn \u0259h\u0259miyy\u0259tini ba\u015fa d\u00fc\u015f\u00fcr\u201d.\n<\/p>\n<p>\n  \u201cBiz h\u0259mi\u015f\u0259 insani v\u0259 i\u015fg\u00fczar \u0259laq\u0259l\u0259rin qurulmas\u0131na d\u0259st\u0259k vermi\u015fik,\u201d &#8211; Hlaz deyib.\n<\/p>\n<p>\n  Hlaz\u0131n s\u00f6zl\u0259rin\u0259 g\u00f6r\u0259, sazi\u015f Belarus parlamenti v\u0259 Avropa Parlamenti t\u0259r\u0259find\u0259n t\u0259sdiql\u0259nm\u0259lidir.\n<\/p>\n<p>\n  Hlaz\u0131n a\u00e7\u0131qlamas\u0131nda \u00fc\u00e7 g\u00fcn \u00f6nc\u0259 AB\u015e-\u0131n siyasi m\u0259s\u0259l\u0259l\u0259r \u00fczr\u0259 d\u00f6vl\u0259t katibi Deyvid Heyl (David Hale) Minskd\u0259 \u00e7\u0131x\u0131\u015f ed\u0259r\u0259k s\u00f6yl\u0259mi\u015fdi ki, Rusiyan\u0131n xarici siyas\u0259t s\u0259rg\u00fcz\u0259\u015ftl\u0259ri il\u0259 \u0259laq\u0259dar qar\u015f\u0131l\u0131ql\u0131 artan narahatl\u0131qlar m\u00fchitind\u0259, 11 illik fasil\u0259d\u0259n sonra h\u0259r iki \u00f6lk\u0259 s\u0259firl\u0259rin q\u0259bulunu b\u0259rpa ed\u0259c\u0259k.\n<\/p>\n<p>\n  Heyl bu b\u0259yanat\u0131 Luka\u015fenko il\u0259 dan\u0131\u015f\u0131qlardan sonra verib. Son bir ne\u00e7\u0259 ild\u0259 Va\u015finqton v\u0259 Minsk aras\u0131nda r\u0259smil\u0259rin g\u00f6r\u00fc\u015fl\u0259ri art\u0131b. Ke\u00e7\u0259n ay AB\u015e milli t\u0259hl\u00fck\u0259sizlik m\u00fc\u015faviri olmu\u015f Con Bolton (John Bolton)  Mink\u0259 s\u0259yah\u0259t edib. Bu s\u0259f\u0259r A\u011f Ev r\u0259smisinin son 20 ild\u0259 ilk s\u0259f\u0259ri idi.\n<\/p>\n<p>\n  AB\u015e v\u0259 Avropa Birliyi 2006-c\u0131 il prezident se\u00e7kil\u0259rind\u0259n sonra davam ed\u0259n basq\u0131lara g\u00f6r\u0259 Belarusa qar\u015f\u0131 sanksiyalar t\u0259tbiq etmi\u015fdi.\n<\/p>\n<p>\n  Sanksiyalardan sonra Belarus 2008-ci ild\u0259 AB\u015e-dak\u0131 s\u0259firini geri \u00e7a\u011f\u0131rma\u011fa vadar olmu\u015fdu v\u0259 AB\u015e-\u0131n Minskd\u0259ki s\u0259firi d\u0259 q\u0131sa m\u00fcdd\u0259t sonra \u00f6lk\u0259ni t\u0259rk etmi\u015fdi.\n<\/p>\n<p>\n  Rusiya 2014-c\u00fc ild\u0259 Ukraynan\u0131n Kr\u0131m yar\u0131madas\u0131n\u0131 ilhaq etdikd\u0259n v\u0259 Belarusun \u0259razi b\u00fct\u00f6vl\u00fcy\u00fcn\u0259 dair narahatl\u0131q do\u011furan Ukraynan\u0131n \u015f\u0259rqind\u0259ki separat\u00e7\u0131lara d\u0259st\u0259k verdikd\u0259n sonra iki \u00f6lk\u0259 donmu\u015f m\u00fcnasib\u0259tl\u0259rini yenid\u0259n n\u0259z\u0259rd\u0259n ke\u00e7irm\u0259y\u0259 ba\u015flay\u0131b.\n<\/p>\n<p>\n  Moskva uzun m\u00fcdd\u0259tdir Rusiya v\u0259 Belarus aras\u0131nda bir birlik d\u00f6vl\u0259ti qurma\u011fa can at\u0131r. Analitikl\u0259r bildirir ki, Moskvan\u0131n bu c\u0259hdi Minskin siyasi m\u00fcst\u0259qilliyinin b\u00f6y\u00fck hiss\u0259sini itirm\u0259si il\u0259 n\u0259tic\u0259l\u0259n\u0259 bil\u0259r.\n<\/p>\n<p>\n  NATO \u015e\u0259rqi Avropadak\u0131 m\u00f6vcudlu\u011funu geni\u015fl\u0259ndirdikd\u0259n sonra Kreml Belarusda hava bazas\u0131 yerl\u0259\u015fdirm\u0259y\u0259 \u00e7al\u0131\u015f\u0131b. Minsk Rusiyan\u0131n bu h\u0259r\u0259k\u0259tini d\u0259st\u0259kl\u0259m\u0259kd\u0259n \u00e7\u0259kinib.<\/p>\n","protected":false},"excerpt":{"rendered":"<p>Nazir: \u201cBiz h\u0259mi\u015f\u0259 insani v\u0259 i\u015fg\u00fczar \u0259laq\u0259l\u0259rin qurulmas\u0131na d\u0259st\u0259k vermi\u015fik\u201d<\/p>\n","protected":false},"author":11,"featured_media":129997,"comment_status":"closed","ping_status":"open","sticky":false,"template":"","format":"standard","meta":{"_acf_changed":false,"_sitemap_exclude":false,"_sitemap_priority":"","_sitemap_frequency":"","footnotes":""},"categories":[64],"tags":[],"class_list":["post-197076","post","type-post","status-publish","format-standard","has-post-thumbnail","hentry","category-dunya","infinite-scroll-item","generate-columns","tablet-grid-50","mobile-grid-100","grid-parent","grid-33","no-featured-image-padding"],"acf":[],"yoast_head":"<!-- This site is optimized with the Yoast SEO plugin v27.5 - https:\/\/yoast.com\/product\/yoast-seo-wordpress\/ -->\n<title>Belarus lideri AB il\u0259 viza rejimini sad\u0259l\u0259\u015fdir\u0259n sazi\u015f imzalama\u011fa haz\u0131rla\u015f\u0131r - MEYDAN.TV<\/title>\n<meta name=\"robots\" content=\"index, follow, max-snippet:-1, max-image-preview:large, max-video-preview:-1\" \/>\n<link rel=\"canonical\" href=\"https:\/\/www.meydan.tv\/az\/article\/belarus-lideri-ab-ile-viza-rejimini-sadelesdiren-sazis-imzalamaga-hazirlasir\/\" \/>\n<meta property=\"og:locale\" content=\"az_AZ\" \/>\n<meta property=\"og:type\" content=\"article\" \/>\n<meta property=\"og:title\" content=\"Belarus lideri AB il\u0259 viza rejimini sad\u0259l\u0259\u015fdir\u0259n sazi\u015f imzalama\u011fa haz\u0131rla\u015f\u0131r - MEYDAN.TV\" \/>\n<meta property=\"og:description\" content=\"Nazir: \u201cBiz h\u0259mi\u015f\u0259 insani v\u0259 i\u015fg\u00fczar \u0259laq\u0259l\u0259rin qurulmas\u0131na d\u0259st\u0259k vermi\u015fik\u201d\" \/>\n<meta property=\"og:url\" content=\"https:\/\/www.meydan.tv\/az\/article\/belarus-lideri-ab-ile-viza-rejimini-sadelesdiren-sazis-imzalamaga-hazirlasir\/\" \/>\n<meta property=\"og:site_name\" content=\"MEYDAN.TV\" \/>\n<meta property=\"article:published_time\" content=\"2019-09-20T19:41:47+00:00\" \/>\n<meta property=\"og:image\" content=\"https:\/\/www.meydan.tv\/wp-content\/uploads\/h_54841647-scaled.jpg\" \/>\n\t<meta property=\"og:image:width\" content=\"2560\" \/>\n\t<meta property=\"og:image:height\" content=\"1737\" \/>\n\t<meta property=\"og:image:type\" content=\"image\/jpeg\" \/>\n<meta name=\"author\" content=\"user-manager\" \/>\n<meta name=\"twitter:card\" content=\"summary_large_image\" \/>\n<script type=\"application\/ld+json\" class=\"yoast-schema-graph\">{\"@context\":\"https:\\\/\\\/schema.org\",\"@graph\":[{\"@type\":\"Article\",\"@id\":\"https:\\\/\\\/www.meydan.tv\\\/az\\\/article\\\/belarus-lideri-ab-ile-viza-rejimini-sadelesdiren-sazis-imzalamaga-hazirlasir\\\/#article\",\"isPartOf\":{\"@id\":\"https:\\\/\\\/www.meydan.tv\\\/az\\\/article\\\/belarus-lideri-ab-ile-viza-rejimini-sadelesdiren-sazis-imzalamaga-hazirlasir\\\/\"},\"author\":{\"name\":\"user-manager\",\"@id\":\"https:\\\/\\\/www.meydan.tv\\\/az\\\/#\\\/schema\\\/person\\\/10d11eccf6da3662cf5fdab9806ea91a\"},\"headline\":\"Belarus lideri AB il\u0259 viza rejimini sad\u0259l\u0259\u015fdir\u0259n sazi\u015f imzalama\u011fa haz\u0131rla\u015f\u0131r\",\"datePublished\":\"2019-09-20T19:41:47+00:00\",\"mainEntityOfPage\":{\"@id\":\"https:\\\/\\\/www.meydan.tv\\\/az\\\/article\\\/belarus-lideri-ab-ile-viza-rejimini-sadelesdiren-sazis-imzalamaga-hazirlasir\\\/\"},\"wordCount\":502,\"publisher\":{\"@id\":\"https:\\\/\\\/www.meydan.tv\\\/az\\\/#organization\"},\"image\":{\"@id\":\"https:\\\/\\\/www.meydan.tv\\\/az\\\/article\\\/belarus-lideri-ab-ile-viza-rejimini-sadelesdiren-sazis-imzalamaga-hazirlasir\\\/#primaryimage\"},\"thumbnailUrl\":\"https:\\\/\\\/www.meydan.tv\\\/wp-content\\\/uploads\\\/h_54841647-scaled.jpg\",\"articleSection\":[\"D\u00fcnya\"],\"inLanguage\":\"az\"},{\"@type\":\"WebPage\",\"@id\":\"https:\\\/\\\/www.meydan.tv\\\/az\\\/article\\\/belarus-lideri-ab-ile-viza-rejimini-sadelesdiren-sazis-imzalamaga-hazirlasir\\\/\",\"url\":\"https:\\\/\\\/www.meydan.tv\\\/az\\\/article\\\/belarus-lideri-ab-ile-viza-rejimini-sadelesdiren-sazis-imzalamaga-hazirlasir\\\/\",\"name\":\"Belarus lideri AB il\u0259 viza rejimini sad\u0259l\u0259\u015fdir\u0259n sazi\u015f imzalama\u011fa haz\u0131rla\u015f\u0131r - MEYDAN.TV\",\"isPartOf\":{\"@id\":\"https:\\\/\\\/www.meydan.tv\\\/az\\\/#website\"},\"primaryImageOfPage\":{\"@id\":\"https:\\\/\\\/www.meydan.tv\\\/az\\\/article\\\/belarus-lideri-ab-ile-viza-rejimini-sadelesdiren-sazis-imzalamaga-hazirlasir\\\/#primaryimage\"},\"image\":{\"@id\":\"https:\\\/\\\/www.meydan.tv\\\/az\\\/article\\\/belarus-lideri-ab-ile-viza-rejimini-sadelesdiren-sazis-imzalamaga-hazirlasir\\\/#primaryimage\"},\"thumbnailUrl\":\"https:\\\/\\\/www.meydan.tv\\\/wp-content\\\/uploads\\\/h_54841647-scaled.jpg\",\"datePublished\":\"2019-09-20T19:41:47+00:00\",\"breadcrumb\":{\"@id\":\"https:\\\/\\\/www.meydan.tv\\\/az\\\/article\\\/belarus-lideri-ab-ile-viza-rejimini-sadelesdiren-sazis-imzalamaga-hazirlasir\\\/#breadcrumb\"},\"inLanguage\":\"az\",\"potentialAction\":[{\"@type\":\"ReadAction\",\"target\":[\"https:\\\/\\\/www.meydan.tv\\\/az\\\/article\\\/belarus-lideri-ab-ile-viza-rejimini-sadelesdiren-sazis-imzalamaga-hazirlasir\\\/\"]}]},{\"@type\":\"ImageObject\",\"inLanguage\":\"az\",\"@id\":\"https:\\\/\\\/www.meydan.tv\\\/az\\\/article\\\/belarus-lideri-ab-ile-viza-rejimini-sadelesdiren-sazis-imzalamaga-hazirlasir\\\/#primaryimage\",\"url\":\"https:\\\/\\\/www.meydan.tv\\\/wp-content\\\/uploads\\\/h_54841647-scaled.jpg\",\"contentUrl\":\"https:\\\/\\\/www.meydan.tv\\\/wp-content\\\/uploads\\\/h_54841647-scaled.jpg\",\"width\":2560,\"height\":1737,\"caption\":\"Source: Meydan TV\"},{\"@type\":\"BreadcrumbList\",\"@id\":\"https:\\\/\\\/www.meydan.tv\\\/az\\\/article\\\/belarus-lideri-ab-ile-viza-rejimini-sadelesdiren-sazis-imzalamaga-hazirlasir\\\/#breadcrumb\",\"itemListElement\":[{\"@type\":\"ListItem\",\"position\":1,\"name\":\"Ana s\u0259hif\u0259\",\"item\":\"https:\\\/\\\/www.meydan.tv\\\/az\\\/\"},{\"@type\":\"ListItem\",\"position\":2,\"name\":\"D\u00fcnya\",\"item\":\"https:\\\/\\\/www.meydan.tv\\\/az\\\/section\\\/dunya\\\/\"},{\"@type\":\"ListItem\",\"position\":3,\"name\":\"Belarus lideri AB il\u0259 viza rejimini sad\u0259l\u0259\u015fdir\u0259n sazi\u015f imzalama\u011fa haz\u0131rla\u015f\u0131r\"}]},{\"@type\":\"WebSite\",\"@id\":\"https:\\\/\\\/www.meydan.tv\\\/az\\\/#website\",\"url\":\"https:\\\/\\\/www.meydan.tv\\\/az\\\/\",\"name\":\"MEYDAN.TV\",\"description\":\"Meydan TV Az\u0259rbaycan\u0131n media m\u0259kan\u0131ndak\u0131 alternativ s\u0259sidir\",\"publisher\":{\"@id\":\"https:\\\/\\\/www.meydan.tv\\\/az\\\/#organization\"},\"potentialAction\":[{\"@type\":\"SearchAction\",\"target\":{\"@type\":\"EntryPoint\",\"urlTemplate\":\"https:\\\/\\\/www.meydan.tv\\\/az\\\/?s={search_term_string}\"},\"query-input\":{\"@type\":\"PropertyValueSpecification\",\"valueRequired\":true,\"valueName\":\"search_term_string\"}}],\"inLanguage\":\"az\"},{\"@type\":\"Organization\",\"@id\":\"https:\\\/\\\/www.meydan.tv\\\/az\\\/#organization\",\"name\":\"Meydan TV\",\"url\":\"https:\\\/\\\/www.meydan.tv\\\/az\\\/\",\"logo\":{\"@type\":\"ImageObject\",\"inLanguage\":\"az\",\"@id\":\"https:\\\/\\\/www.meydan.tv\\\/az\\\/#\\\/schema\\\/logo\\\/image\\\/\",\"url\":\"https:\\\/\\\/www.meydan.tv\\\/wp-content\\\/uploads\\\/2021\\\/07\\\/meydan-logo.svg\",\"contentUrl\":\"https:\\\/\\\/www.meydan.tv\\\/wp-content\\\/uploads\\\/2021\\\/07\\\/meydan-logo.svg\",\"width\":195,\"height\":46,\"caption\":\"Meydan TV\"},\"image\":{\"@id\":\"https:\\\/\\\/www.meydan.tv\\\/az\\\/#\\\/schema\\\/logo\\\/image\\\/\"}},{\"@type\":\"Person\",\"@id\":\"https:\\\/\\\/www.meydan.tv\\\/az\\\/#\\\/schema\\\/person\\\/10d11eccf6da3662cf5fdab9806ea91a\",\"name\":\"user-manager\"}]}<\/script>\n<!-- \/ Yoast SEO plugin. -->","yoast_head_json":{"title":"Belarus lideri AB il\u0259 viza rejimini sad\u0259l\u0259\u015fdir\u0259n sazi\u015f imzalama\u011fa haz\u0131rla\u015f\u0131r - MEYDAN.TV","robots":{"index":"index","follow":"follow","max-snippet":"max-snippet:-1","max-image-preview":"max-image-preview:large","max-video-preview":"max-video-preview:-1"},"canonical":"https:\/\/www.meydan.tv\/az\/article\/belarus-lideri-ab-ile-viza-rejimini-sadelesdiren-sazis-imzalamaga-hazirlasir\/","og_locale":"az_AZ","og_type":"article","og_title":"Belarus lideri AB il\u0259 viza rejimini sad\u0259l\u0259\u015fdir\u0259n sazi\u015f imzalama\u011fa haz\u0131rla\u015f\u0131r - MEYDAN.TV","og_description":"Nazir: \u201cBiz h\u0259mi\u015f\u0259 insani v\u0259 i\u015fg\u00fczar \u0259laq\u0259l\u0259rin qurulmas\u0131na d\u0259st\u0259k vermi\u015fik\u201d","og_url":"https:\/\/www.meydan.tv\/az\/article\/belarus-lideri-ab-ile-viza-rejimini-sadelesdiren-sazis-imzalamaga-hazirlasir\/","og_site_name":"MEYDAN.TV","article_published_time":"2019-09-20T19:41:47+00:00","og_image":[{"width":2560,"height":1737,"url":"https:\/\/www.meydan.tv\/wp-content\/uploads\/h_54841647-scaled.jpg","type":"image\/jpeg"}],"author":"user-manager","twitter_card":"summary_large_image","schema":{"@context":"https:\/\/schema.org","@graph":[{"@type":"Article","@id":"https:\/\/www.meydan.tv\/az\/article\/belarus-lideri-ab-ile-viza-rejimini-sadelesdiren-sazis-imzalamaga-hazirlasir\/#article","isPartOf":{"@id":"https:\/\/www.meydan.tv\/az\/article\/belarus-lideri-ab-ile-viza-rejimini-sadelesdiren-sazis-imzalamaga-hazirlasir\/"},"author":{"name":"user-manager","@id":"https:\/\/www.meydan.tv\/az\/#\/schema\/person\/10d11eccf6da3662cf5fdab9806ea91a"},"headline":"Belarus lideri AB il\u0259 viza rejimini sad\u0259l\u0259\u015fdir\u0259n sazi\u015f imzalama\u011fa haz\u0131rla\u015f\u0131r","datePublished":"2019-09-20T19:41:47+00:00","mainEntityOfPage":{"@id":"https:\/\/www.meydan.tv\/az\/article\/belarus-lideri-ab-ile-viza-rejimini-sadelesdiren-sazis-imzalamaga-hazirlasir\/"},"wordCount":502,"publisher":{"@id":"https:\/\/www.meydan.tv\/az\/#organization"},"image":{"@id":"https:\/\/www.meydan.tv\/az\/article\/belarus-lideri-ab-ile-viza-rejimini-sadelesdiren-sazis-imzalamaga-hazirlasir\/#primaryimage"},"thumbnailUrl":"https:\/\/www.meydan.tv\/wp-content\/uploads\/h_54841647-scaled.jpg","articleSection":["D\u00fcnya"],"inLanguage":"az"},{"@type":"WebPage","@id":"https:\/\/www.meydan.tv\/az\/article\/belarus-lideri-ab-ile-viza-rejimini-sadelesdiren-sazis-imzalamaga-hazirlasir\/","url":"https:\/\/www.meydan.tv\/az\/article\/belarus-lideri-ab-ile-viza-rejimini-sadelesdiren-sazis-imzalamaga-hazirlasir\/","name":"Belarus lideri AB il\u0259 viza rejimini sad\u0259l\u0259\u015fdir\u0259n sazi\u015f imzalama\u011fa haz\u0131rla\u015f\u0131r - MEYDAN.TV","isPartOf":{"@id":"https:\/\/www.meydan.tv\/az\/#website"},"primaryImageOfPage":{"@id":"https:\/\/www.meydan.tv\/az\/article\/belarus-lideri-ab-ile-viza-rejimini-sadelesdiren-sazis-imzalamaga-hazirlasir\/#primaryimage"},"image":{"@id":"https:\/\/www.meydan.tv\/az\/article\/belarus-lideri-ab-ile-viza-rejimini-sadelesdiren-sazis-imzalamaga-hazirlasir\/#primaryimage"},"thumbnailUrl":"https:\/\/www.meydan.tv\/wp-content\/uploads\/h_54841647-scaled.jpg","datePublished":"2019-09-20T19:41:47+00:00","breadcrumb":{"@id":"https:\/\/www.meydan.tv\/az\/article\/belarus-lideri-ab-ile-viza-rejimini-sadelesdiren-sazis-imzalamaga-hazirlasir\/#breadcrumb"},"inLanguage":"az","potentialAction":[{"@type":"ReadAction","target":["https:\/\/www.meydan.tv\/az\/article\/belarus-lideri-ab-ile-viza-rejimini-sadelesdiren-sazis-imzalamaga-hazirlasir\/"]}]},{"@type":"ImageObject","inLanguage":"az","@id":"https:\/\/www.meydan.tv\/az\/article\/belarus-lideri-ab-ile-viza-rejimini-sadelesdiren-sazis-imzalamaga-hazirlasir\/#primaryimage","url":"https:\/\/www.meydan.tv\/wp-content\/uploads\/h_54841647-scaled.jpg","contentUrl":"https:\/\/www.meydan.tv\/wp-content\/uploads\/h_54841647-scaled.jpg","width":2560,"height":1737,"caption":"Source: Meydan TV"},{"@type":"BreadcrumbList","@id":"https:\/\/www.meydan.tv\/az\/article\/belarus-lideri-ab-ile-viza-rejimini-sadelesdiren-sazis-imzalamaga-hazirlasir\/#breadcrumb","itemListElement":[{"@type":"ListItem","position":1,"name":"Ana s\u0259hif\u0259","item":"https:\/\/www.meydan.tv\/az\/"},{"@type":"ListItem","position":2,"name":"D\u00fcnya","item":"https:\/\/www.meydan.tv\/az\/section\/dunya\/"},{"@type":"ListItem","position":3,"name":"Belarus lideri AB il\u0259 viza rejimini sad\u0259l\u0259\u015fdir\u0259n sazi\u015f imzalama\u011fa haz\u0131rla\u015f\u0131r"}]},{"@type":"WebSite","@id":"https:\/\/www.meydan.tv\/az\/#website","url":"https:\/\/www.meydan.tv\/az\/","name":"MEYDAN.TV","description":"Meydan TV Az\u0259rbaycan\u0131n media m\u0259kan\u0131ndak\u0131 alternativ s\u0259sidir","publisher":{"@id":"https:\/\/www.meydan.tv\/az\/#organization"},"potentialAction":[{"@type":"SearchAction","target":{"@type":"EntryPoint","urlTemplate":"https:\/\/www.meydan.tv\/az\/?s={search_term_string}"},"query-input":{"@type":"PropertyValueSpecification","valueRequired":true,"valueName":"search_term_string"}}],"inLanguage":"az"},{"@type":"Organization","@id":"https:\/\/www.meydan.tv\/az\/#organization","name":"Meydan TV","url":"https:\/\/www.meydan.tv\/az\/","logo":{"@type":"ImageObject","inLanguage":"az","@id":"https:\/\/www.meydan.tv\/az\/#\/schema\/logo\/image\/","url":"https:\/\/www.meydan.tv\/wp-content\/uploads\/2021\/07\/meydan-logo.svg","contentUrl":"https:\/\/www.meydan.tv\/wp-content\/uploads\/2021\/07\/meydan-logo.svg","width":195,"height":46,"caption":"Meydan TV"},"image":{"@id":"https:\/\/www.meydan.tv\/az\/#\/schema\/logo\/image\/"}},{"@type":"Person","@id":"https:\/\/www.meydan.tv\/az\/#\/schema\/person\/10d11eccf6da3662cf5fdab9806ea91a","name":"user-manager"}]}},"_links":{"self":[{"href":"https:\/\/www.meydan.tv\/az\/wp-json\/wp\/v2\/posts\/197076","targetHints":{"allow":["GET"]}}],"collection":[{"href":"https:\/\/www.meydan.tv\/az\/wp-json\/wp\/v2\/posts"}],"about":[{"href":"https:\/\/www.meydan.tv\/az\/wp-json\/wp\/v2\/types\/post"}],"author":[{"embeddable":true,"href":"https:\/\/www.meydan.tv\/az\/wp-json\/wp\/v2\/users\/11"}],"replies":[{"embeddable":true,"href":"https:\/\/www.meydan.tv\/az\/wp-json\/wp\/v2\/comments?post=197076"}],"version-history":[{"count":0,"href":"https:\/\/www.meydan.tv\/az\/wp-json\/wp\/v2\/posts\/197076\/revisions"}],"wp:featuredmedia":[{"embeddable":true,"href":"https:\/\/www.meydan.tv\/az\/wp-json\/wp\/v2\/media\/129997"}],"wp:attachment":[{"href":"https:\/\/www.meydan.tv\/az\/wp-json\/wp\/v2\/media?parent=197076"}],"wp:term":[{"taxonomy":"category","embeddable":true,"href":"https:\/\/www.meydan.tv\/az\/wp-json\/wp\/v2\/categories?post=197076"},{"taxonomy":"post_tag","embeddable":true,"href":"https:\/\/www.meydan.tv\/az\/wp-json\/wp\/v2\/tags?post=197076"}],"curies":[{"name":"wp","href":"https:\/\/api.w.org\/{rel}","templated":true}]}}