{"id":197074,"date":"2019-09-20T19:38:44","date_gmt":"2019-09-20T19:38:44","guid":{"rendered":"https:\/\/www.meydan.tv\/article\/nemet-kerimli-meni-hebsxanada-45-50-deqiqe-girov-saxladilar\/"},"modified":"2019-09-20T19:38:44","modified_gmt":"2019-09-20T19:38:44","slug":"nemet-kerimli-meni-hebsxanada-45-50-deqiqe-girov-saxladilar","status":"publish","type":"post","link":"https:\/\/www.meydan.tv\/az\/article\/nemet-kerimli-meni-hebsxanada-45-50-deqiqe-girov-saxladilar\/","title":{"rendered":"Nem\u0259t K\u0259rimli: M\u0259ni h\u0259bsxanada 45-50 d\u0259qiq\u0259 girov saxlad\u0131lar"},"content":{"rendered":"<p>\n  Haz\u0131rda h\u0259bsd\u0259 olan jurnalist \u018ffqan Muxtarl\u0131n\u0131n v\u0259kili Nem\u0259t K\u0259rimli m\u00fcv\u0259kkilinin saxlan\u0131ld\u0131\u011f\u0131 16 sayl\u0131 C\u0259za\u00e7\u0259km\u0259 M\u00fc\u0259ssis\u0259sind\u0259 t\u0259zyiql\u0259 \u00fczl\u0259\u015fdiyini deyir. Bu bar\u0259d\u0259 \u00f6z \u201cFacebook\u201d hesab\u0131nda yazan v\u0259kilin s\u00f6zl\u0259rin\u0259 g\u00f6r\u0259, sentyabr\u0131n 20-d\u0259 \u018ffqan Muxtar\u0131l il\u0259 g\u00f6r\u00fc\u015f\u0259 gedib. T\u0259xmin\u0259n 45 d\u0259qiq\u0259 g\u00f6zl\u0259dikd\u0259n sonra onu i\u00e7\u0259ri burax\u0131blar v\u0259 \u00fcz\u0259rind\u0259 axtar\u0131\u015f aparmaq ist\u0259yibl\u0259r:\n<\/p>\n<p>\n  \u201c\u018fvv\u0259l raz\u0131la\u015fmasam da, g\u0259rginlik yaratmamaq \u00fc\u00e7\u00fcn icaz\u0259 verdim, qanunsuz olaraq ayaqqab\u0131m\u0131n i\u00e7ini, corablara q\u0259d\u0259r axtar\u0131\u015f etdil\u0259r. G\u00f6r\u00fc\u015fd\u0259n \u00e7\u0131xark\u0259n yenid\u0259n \u00fcz\u0259rimd\u0259 axtar\u0131\u015f aparmaq ist\u0259dil\u0259r. Q\u0259rar t\u0259l\u0259b etdim, dedil\u0259r, axtaraca\u011f\u0131q.  Kimis\u0259 \u00e7a\u011f\u0131rd\u0131lar, \u00f6z\u00fcn\u00fc r\u0259is m\u00fcavini kimi t\u0259qdim ed\u0259n Emin adl\u0131 \u015f\u0259xs g\u0259ldi. Yenid\u0259n q\u0259rar t\u0259l\u0259b etdim, \u201cham\u0131n\u0131 axtar\u0131r\u0131q, icaz\u0259miz var\u201d dedi, s\u00f6hb\u0259td\u0259n sonra bax\u0131\u015f ke\u00e7irtm\u0259y\u0259 icaz\u0259 verdim\u201d.\n<\/p>\n<p>\n  V\u0259kilin s\u00f6zl\u0259rin\u0259 g\u00f6r\u0259, yoxlay\u0131c\u0131lar qeydl\u0259ri oxumaq ist\u0259dikd\u0259 icaz\u0259 verm\u0259yib. Bundan sonra \u00f6z\u00fcn\u00fc r\u0259is m\u00fcavini kimi t\u0259qdim ed\u0259n \u015f\u0259xsin t\u0259zyiqin\u0259 m\u0259ruz qal\u0131b:\n<\/p>\n<p>\n  \u201cYenid\u0259n Emin m\u00fcdaxil\u0259 etdi v\u0259 dedi ki, r\u0259is s\u0259ni \u00e7a\u011f\u0131r\u0131r, q\u0259buluna ged\u0259k. M\u0259n imtina etdim, o, y\u0259ni Emin zorla k\u00f6yn\u0259yimin yaxas\u0131ndan dartd\u0131, divara t\u0259r\u0259f m\u00f6hk\u0259m it\u0259l\u0259di, \u201cs\u0259n kims\u0259n?, bura m\u00fc\u0259ssis\u0259dir, s\u0259n\u0259 g\u00f6st\u0259r\u0259r\u0259m, kim\u0259 ist\u0259s\u0259n \u015fikay\u0259t et, q\u0259sd\u0259n skandal yarad\u0131rsan\u201d deyib, q\u0131\u015fq\u0131ra-q\u0131\u015fq\u0131ra zorla r\u0259isin yan\u0131na aparmaq ist\u0259di. \u0130mtina etdim, \u0259limd\u0259ki \u00e7antan\u0131 zorla \u0259limd\u0259n ald\u0131, i\u00e7\u0259risind\u0259kil\u0259ri stolun \u00fcst\u00fcn\u0259 t\u00f6kd\u00fc, 2 v\u0259r\u0259q ba\u015fqa m\u0259hk\u0259m\u0259 prosesind\u0259n olan v\u0259 dig\u0259r \u015f\u0259xsi qeydl\u0259rimi g\u00f6t\u00fcr\u00fcb oxudu. Sonra r\u0259is\u0259 m\u0259r\u00fcz\u0259 etdi v\u0259 s\u0259n\u0259dl\u0259ri onun yan\u0131na apard\u0131. M\u0259ni t\u0259xmin\u0259n 45-50 d\u0259qiq\u0259 otaqlar\u0131n birind\u0259 girov saxlad\u0131lar. Sonradan s\u0259n\u0259dl\u0259rimi verib, yola sald\u0131lar\u201d.\n<\/p>\n<p>\n  Demokratik d\u00f6vl\u0259td\u0259 bel\u0259 hal\u0131n ba\u015f verm\u0259diyini, olarsa h\u0259min \u015f\u0259xsl\u0259rin c\u0259zaland\u0131r\u0131ld\u0131\u011f\u0131n\u0131 diqq\u0259t\u0259 \u00e7atd\u0131ran v\u0259kil sentyabr\u0131n 23-d\u0259 bu bar\u0259d\u0259 r\u0259smi \u015fikay\u0259t ed\u0259c\u0259yini vur\u011fulay\u0131b.\n<\/p>\n<p>\n  Meydan TV m\u0259s\u0259l\u0259y\u0259 Penitensiar Xidm\u0259td\u0259n m\u00fcnasib\u0259t \u00f6yr\u0259n\u0259 bilm\u0259yib.<\/p>\n","protected":false},"excerpt":{"rendered":"<p>\u018ffqan Muxtarl\u0131 il\u0259 g\u00f6r\u00fc\u015f\u0259 ged\u0259n v\u0259kil t\u0259zyiql\u0259 \u00fczl\u0259\u015fdiyini deyir<\/p>\n","protected":false},"author":11,"featured_media":129994,"comment_status":"closed","ping_status":"open","sticky":false,"template":"","format":"standard","meta":{"_acf_changed":false,"_sitemap_exclude":false,"_sitemap_priority":"","_sitemap_frequency":"","footnotes":""},"categories":[59],"tags":[],"class_list":["post-197074","post","type-post","status-publish","format-standard","has-post-thumbnail","hentry","category-siyaset","infinite-scroll-item","generate-columns","tablet-grid-50","mobile-grid-100","grid-parent","grid-33","no-featured-image-padding"],"acf":[],"yoast_head":"<!-- This site is optimized with the Yoast SEO plugin v27.5 - https:\/\/yoast.com\/product\/yoast-seo-wordpress\/ -->\n<title>Nem\u0259t K\u0259rimli: M\u0259ni h\u0259bsxanada 45-50 d\u0259qiq\u0259 girov saxlad\u0131lar - MEYDAN.TV<\/title>\n<meta name=\"robots\" content=\"index, follow, max-snippet:-1, max-image-preview:large, max-video-preview:-1\" \/>\n<link rel=\"canonical\" href=\"https:\/\/www.meydan.tv\/az\/article\/nemet-kerimli-meni-hebsxanada-45-50-deqiqe-girov-saxladilar\/\" \/>\n<meta property=\"og:locale\" content=\"az_AZ\" \/>\n<meta property=\"og:type\" content=\"article\" \/>\n<meta property=\"og:title\" content=\"Nem\u0259t K\u0259rimli: M\u0259ni h\u0259bsxanada 45-50 d\u0259qiq\u0259 girov saxlad\u0131lar - MEYDAN.TV\" \/>\n<meta property=\"og:description\" content=\"\u018ffqan Muxtarl\u0131 il\u0259 g\u00f6r\u00fc\u015f\u0259 ged\u0259n v\u0259kil t\u0259zyiql\u0259 \u00fczl\u0259\u015fdiyini deyir\" \/>\n<meta property=\"og:url\" content=\"https:\/\/www.meydan.tv\/az\/article\/nemet-kerimli-meni-hebsxanada-45-50-deqiqe-girov-saxladilar\/\" \/>\n<meta property=\"og:site_name\" content=\"MEYDAN.TV\" \/>\n<meta property=\"article:published_time\" content=\"2019-09-20T19:38:44+00:00\" \/>\n<meta property=\"og:image\" content=\"https:\/\/www.meydan.tv\/wp-content\/uploads\/untitled_design_1_jfqjl0m.png\" \/>\n\t<meta property=\"og:image:width\" content=\"1280\" \/>\n\t<meta property=\"og:image:height\" content=\"720\" \/>\n\t<meta property=\"og:image:type\" content=\"image\/png\" \/>\n<meta name=\"author\" content=\"user-manager\" \/>\n<meta name=\"twitter:card\" content=\"summary_large_image\" \/>\n<script type=\"application\/ld+json\" class=\"yoast-schema-graph\">{\"@context\":\"https:\\\/\\\/schema.org\",\"@graph\":[{\"@type\":\"Article\",\"@id\":\"https:\\\/\\\/www.meydan.tv\\\/az\\\/article\\\/nemet-kerimli-meni-hebsxanada-45-50-deqiqe-girov-saxladilar\\\/#article\",\"isPartOf\":{\"@id\":\"https:\\\/\\\/www.meydan.tv\\\/az\\\/article\\\/nemet-kerimli-meni-hebsxanada-45-50-deqiqe-girov-saxladilar\\\/\"},\"author\":{\"name\":\"user-manager\",\"@id\":\"https:\\\/\\\/www.meydan.tv\\\/az\\\/#\\\/schema\\\/person\\\/10d11eccf6da3662cf5fdab9806ea91a\"},\"headline\":\"Nem\u0259t K\u0259rimli: M\u0259ni h\u0259bsxanada 45-50 d\u0259qiq\u0259 girov saxlad\u0131lar\",\"datePublished\":\"2019-09-20T19:38:44+00:00\",\"mainEntityOfPage\":{\"@id\":\"https:\\\/\\\/www.meydan.tv\\\/az\\\/article\\\/nemet-kerimli-meni-hebsxanada-45-50-deqiqe-girov-saxladilar\\\/\"},\"wordCount\":457,\"publisher\":{\"@id\":\"https:\\\/\\\/www.meydan.tv\\\/az\\\/#organization\"},\"image\":{\"@id\":\"https:\\\/\\\/www.meydan.tv\\\/az\\\/article\\\/nemet-kerimli-meni-hebsxanada-45-50-deqiqe-girov-saxladilar\\\/#primaryimage\"},\"thumbnailUrl\":\"https:\\\/\\\/www.meydan.tv\\\/wp-content\\\/uploads\\\/untitled_design_1_jfqjl0m-e1731678833904.png\",\"articleSection\":[\"Siyas\u0259t\"],\"inLanguage\":\"az\"},{\"@type\":\"WebPage\",\"@id\":\"https:\\\/\\\/www.meydan.tv\\\/az\\\/article\\\/nemet-kerimli-meni-hebsxanada-45-50-deqiqe-girov-saxladilar\\\/\",\"url\":\"https:\\\/\\\/www.meydan.tv\\\/az\\\/article\\\/nemet-kerimli-meni-hebsxanada-45-50-deqiqe-girov-saxladilar\\\/\",\"name\":\"Nem\u0259t K\u0259rimli: M\u0259ni h\u0259bsxanada 45-50 d\u0259qiq\u0259 girov saxlad\u0131lar - MEYDAN.TV\",\"isPartOf\":{\"@id\":\"https:\\\/\\\/www.meydan.tv\\\/az\\\/#website\"},\"primaryImageOfPage\":{\"@id\":\"https:\\\/\\\/www.meydan.tv\\\/az\\\/article\\\/nemet-kerimli-meni-hebsxanada-45-50-deqiqe-girov-saxladilar\\\/#primaryimage\"},\"image\":{\"@id\":\"https:\\\/\\\/www.meydan.tv\\\/az\\\/article\\\/nemet-kerimli-meni-hebsxanada-45-50-deqiqe-girov-saxladilar\\\/#primaryimage\"},\"thumbnailUrl\":\"https:\\\/\\\/www.meydan.tv\\\/wp-content\\\/uploads\\\/untitled_design_1_jfqjl0m-e1731678833904.png\",\"datePublished\":\"2019-09-20T19:38:44+00:00\",\"breadcrumb\":{\"@id\":\"https:\\\/\\\/www.meydan.tv\\\/az\\\/article\\\/nemet-kerimli-meni-hebsxanada-45-50-deqiqe-girov-saxladilar\\\/#breadcrumb\"},\"inLanguage\":\"az\",\"potentialAction\":[{\"@type\":\"ReadAction\",\"target\":[\"https:\\\/\\\/www.meydan.tv\\\/az\\\/article\\\/nemet-kerimli-meni-hebsxanada-45-50-deqiqe-girov-saxladilar\\\/\"]}]},{\"@type\":\"ImageObject\",\"inLanguage\":\"az\",\"@id\":\"https:\\\/\\\/www.meydan.tv\\\/az\\\/article\\\/nemet-kerimli-meni-hebsxanada-45-50-deqiqe-girov-saxladilar\\\/#primaryimage\",\"url\":\"https:\\\/\\\/www.meydan.tv\\\/wp-content\\\/uploads\\\/untitled_design_1_jfqjl0m-e1731678833904.png\",\"contentUrl\":\"https:\\\/\\\/www.meydan.tv\\\/wp-content\\\/uploads\\\/untitled_design_1_jfqjl0m-e1731678833904.png\",\"width\":1280,\"height\":484,\"caption\":\"Foto: Nem\u0259t K\u0259rimlinin \u015f\u0259xsi arxivind\u0259n\"},{\"@type\":\"BreadcrumbList\",\"@id\":\"https:\\\/\\\/www.meydan.tv\\\/az\\\/article\\\/nemet-kerimli-meni-hebsxanada-45-50-deqiqe-girov-saxladilar\\\/#breadcrumb\",\"itemListElement\":[{\"@type\":\"ListItem\",\"position\":1,\"name\":\"Ana s\u0259hif\u0259\",\"item\":\"https:\\\/\\\/www.meydan.tv\\\/az\\\/\"},{\"@type\":\"ListItem\",\"position\":2,\"name\":\"Siyas\u0259t\",\"item\":\"https:\\\/\\\/www.meydan.tv\\\/az\\\/section\\\/siyaset\\\/\"},{\"@type\":\"ListItem\",\"position\":3,\"name\":\"Nem\u0259t K\u0259rimli: M\u0259ni h\u0259bsxanada 45-50 d\u0259qiq\u0259 girov saxlad\u0131lar\"}]},{\"@type\":\"WebSite\",\"@id\":\"https:\\\/\\\/www.meydan.tv\\\/az\\\/#website\",\"url\":\"https:\\\/\\\/www.meydan.tv\\\/az\\\/\",\"name\":\"MEYDAN.TV\",\"description\":\"Meydan TV Az\u0259rbaycan\u0131n media m\u0259kan\u0131ndak\u0131 alternativ s\u0259sidir\",\"publisher\":{\"@id\":\"https:\\\/\\\/www.meydan.tv\\\/az\\\/#organization\"},\"potentialAction\":[{\"@type\":\"SearchAction\",\"target\":{\"@type\":\"EntryPoint\",\"urlTemplate\":\"https:\\\/\\\/www.meydan.tv\\\/az\\\/?s={search_term_string}\"},\"query-input\":{\"@type\":\"PropertyValueSpecification\",\"valueRequired\":true,\"valueName\":\"search_term_string\"}}],\"inLanguage\":\"az\"},{\"@type\":\"Organization\",\"@id\":\"https:\\\/\\\/www.meydan.tv\\\/az\\\/#organization\",\"name\":\"Meydan TV\",\"url\":\"https:\\\/\\\/www.meydan.tv\\\/az\\\/\",\"logo\":{\"@type\":\"ImageObject\",\"inLanguage\":\"az\",\"@id\":\"https:\\\/\\\/www.meydan.tv\\\/az\\\/#\\\/schema\\\/logo\\\/image\\\/\",\"url\":\"https:\\\/\\\/www.meydan.tv\\\/wp-content\\\/uploads\\\/2021\\\/07\\\/meydan-logo.svg\",\"contentUrl\":\"https:\\\/\\\/www.meydan.tv\\\/wp-content\\\/uploads\\\/2021\\\/07\\\/meydan-logo.svg\",\"width\":195,\"height\":46,\"caption\":\"Meydan TV\"},\"image\":{\"@id\":\"https:\\\/\\\/www.meydan.tv\\\/az\\\/#\\\/schema\\\/logo\\\/image\\\/\"}},{\"@type\":\"Person\",\"@id\":\"https:\\\/\\\/www.meydan.tv\\\/az\\\/#\\\/schema\\\/person\\\/10d11eccf6da3662cf5fdab9806ea91a\",\"name\":\"user-manager\"}]}<\/script>\n<!-- \/ Yoast SEO plugin. -->","yoast_head_json":{"title":"Nem\u0259t K\u0259rimli: M\u0259ni h\u0259bsxanada 45-50 d\u0259qiq\u0259 girov saxlad\u0131lar - MEYDAN.TV","robots":{"index":"index","follow":"follow","max-snippet":"max-snippet:-1","max-image-preview":"max-image-preview:large","max-video-preview":"max-video-preview:-1"},"canonical":"https:\/\/www.meydan.tv\/az\/article\/nemet-kerimli-meni-hebsxanada-45-50-deqiqe-girov-saxladilar\/","og_locale":"az_AZ","og_type":"article","og_title":"Nem\u0259t K\u0259rimli: M\u0259ni h\u0259bsxanada 45-50 d\u0259qiq\u0259 girov saxlad\u0131lar - MEYDAN.TV","og_description":"\u018ffqan Muxtarl\u0131 il\u0259 g\u00f6r\u00fc\u015f\u0259 ged\u0259n v\u0259kil t\u0259zyiql\u0259 \u00fczl\u0259\u015fdiyini deyir","og_url":"https:\/\/www.meydan.tv\/az\/article\/nemet-kerimli-meni-hebsxanada-45-50-deqiqe-girov-saxladilar\/","og_site_name":"MEYDAN.TV","article_published_time":"2019-09-20T19:38:44+00:00","og_image":[{"width":1280,"height":720,"url":"https:\/\/www.meydan.tv\/wp-content\/uploads\/untitled_design_1_jfqjl0m.png","type":"image\/png"}],"author":"user-manager","twitter_card":"summary_large_image","schema":{"@context":"https:\/\/schema.org","@graph":[{"@type":"Article","@id":"https:\/\/www.meydan.tv\/az\/article\/nemet-kerimli-meni-hebsxanada-45-50-deqiqe-girov-saxladilar\/#article","isPartOf":{"@id":"https:\/\/www.meydan.tv\/az\/article\/nemet-kerimli-meni-hebsxanada-45-50-deqiqe-girov-saxladilar\/"},"author":{"name":"user-manager","@id":"https:\/\/www.meydan.tv\/az\/#\/schema\/person\/10d11eccf6da3662cf5fdab9806ea91a"},"headline":"Nem\u0259t K\u0259rimli: M\u0259ni h\u0259bsxanada 45-50 d\u0259qiq\u0259 girov saxlad\u0131lar","datePublished":"2019-09-20T19:38:44+00:00","mainEntityOfPage":{"@id":"https:\/\/www.meydan.tv\/az\/article\/nemet-kerimli-meni-hebsxanada-45-50-deqiqe-girov-saxladilar\/"},"wordCount":457,"publisher":{"@id":"https:\/\/www.meydan.tv\/az\/#organization"},"image":{"@id":"https:\/\/www.meydan.tv\/az\/article\/nemet-kerimli-meni-hebsxanada-45-50-deqiqe-girov-saxladilar\/#primaryimage"},"thumbnailUrl":"https:\/\/www.meydan.tv\/wp-content\/uploads\/untitled_design_1_jfqjl0m-e1731678833904.png","articleSection":["Siyas\u0259t"],"inLanguage":"az"},{"@type":"WebPage","@id":"https:\/\/www.meydan.tv\/az\/article\/nemet-kerimli-meni-hebsxanada-45-50-deqiqe-girov-saxladilar\/","url":"https:\/\/www.meydan.tv\/az\/article\/nemet-kerimli-meni-hebsxanada-45-50-deqiqe-girov-saxladilar\/","name":"Nem\u0259t K\u0259rimli: M\u0259ni h\u0259bsxanada 45-50 d\u0259qiq\u0259 girov saxlad\u0131lar - MEYDAN.TV","isPartOf":{"@id":"https:\/\/www.meydan.tv\/az\/#website"},"primaryImageOfPage":{"@id":"https:\/\/www.meydan.tv\/az\/article\/nemet-kerimli-meni-hebsxanada-45-50-deqiqe-girov-saxladilar\/#primaryimage"},"image":{"@id":"https:\/\/www.meydan.tv\/az\/article\/nemet-kerimli-meni-hebsxanada-45-50-deqiqe-girov-saxladilar\/#primaryimage"},"thumbnailUrl":"https:\/\/www.meydan.tv\/wp-content\/uploads\/untitled_design_1_jfqjl0m-e1731678833904.png","datePublished":"2019-09-20T19:38:44+00:00","breadcrumb":{"@id":"https:\/\/www.meydan.tv\/az\/article\/nemet-kerimli-meni-hebsxanada-45-50-deqiqe-girov-saxladilar\/#breadcrumb"},"inLanguage":"az","potentialAction":[{"@type":"ReadAction","target":["https:\/\/www.meydan.tv\/az\/article\/nemet-kerimli-meni-hebsxanada-45-50-deqiqe-girov-saxladilar\/"]}]},{"@type":"ImageObject","inLanguage":"az","@id":"https:\/\/www.meydan.tv\/az\/article\/nemet-kerimli-meni-hebsxanada-45-50-deqiqe-girov-saxladilar\/#primaryimage","url":"https:\/\/www.meydan.tv\/wp-content\/uploads\/untitled_design_1_jfqjl0m-e1731678833904.png","contentUrl":"https:\/\/www.meydan.tv\/wp-content\/uploads\/untitled_design_1_jfqjl0m-e1731678833904.png","width":1280,"height":484,"caption":"Foto: Nem\u0259t K\u0259rimlinin \u015f\u0259xsi arxivind\u0259n"},{"@type":"BreadcrumbList","@id":"https:\/\/www.meydan.tv\/az\/article\/nemet-kerimli-meni-hebsxanada-45-50-deqiqe-girov-saxladilar\/#breadcrumb","itemListElement":[{"@type":"ListItem","position":1,"name":"Ana s\u0259hif\u0259","item":"https:\/\/www.meydan.tv\/az\/"},{"@type":"ListItem","position":2,"name":"Siyas\u0259t","item":"https:\/\/www.meydan.tv\/az\/section\/siyaset\/"},{"@type":"ListItem","position":3,"name":"Nem\u0259t K\u0259rimli: M\u0259ni h\u0259bsxanada 45-50 d\u0259qiq\u0259 girov saxlad\u0131lar"}]},{"@type":"WebSite","@id":"https:\/\/www.meydan.tv\/az\/#website","url":"https:\/\/www.meydan.tv\/az\/","name":"MEYDAN.TV","description":"Meydan TV Az\u0259rbaycan\u0131n media m\u0259kan\u0131ndak\u0131 alternativ s\u0259sidir","publisher":{"@id":"https:\/\/www.meydan.tv\/az\/#organization"},"potentialAction":[{"@type":"SearchAction","target":{"@type":"EntryPoint","urlTemplate":"https:\/\/www.meydan.tv\/az\/?s={search_term_string}"},"query-input":{"@type":"PropertyValueSpecification","valueRequired":true,"valueName":"search_term_string"}}],"inLanguage":"az"},{"@type":"Organization","@id":"https:\/\/www.meydan.tv\/az\/#organization","name":"Meydan TV","url":"https:\/\/www.meydan.tv\/az\/","logo":{"@type":"ImageObject","inLanguage":"az","@id":"https:\/\/www.meydan.tv\/az\/#\/schema\/logo\/image\/","url":"https:\/\/www.meydan.tv\/wp-content\/uploads\/2021\/07\/meydan-logo.svg","contentUrl":"https:\/\/www.meydan.tv\/wp-content\/uploads\/2021\/07\/meydan-logo.svg","width":195,"height":46,"caption":"Meydan TV"},"image":{"@id":"https:\/\/www.meydan.tv\/az\/#\/schema\/logo\/image\/"}},{"@type":"Person","@id":"https:\/\/www.meydan.tv\/az\/#\/schema\/person\/10d11eccf6da3662cf5fdab9806ea91a","name":"user-manager"}]}},"_links":{"self":[{"href":"https:\/\/www.meydan.tv\/az\/wp-json\/wp\/v2\/posts\/197074","targetHints":{"allow":["GET"]}}],"collection":[{"href":"https:\/\/www.meydan.tv\/az\/wp-json\/wp\/v2\/posts"}],"about":[{"href":"https:\/\/www.meydan.tv\/az\/wp-json\/wp\/v2\/types\/post"}],"author":[{"embeddable":true,"href":"https:\/\/www.meydan.tv\/az\/wp-json\/wp\/v2\/users\/11"}],"replies":[{"embeddable":true,"href":"https:\/\/www.meydan.tv\/az\/wp-json\/wp\/v2\/comments?post=197074"}],"version-history":[{"count":0,"href":"https:\/\/www.meydan.tv\/az\/wp-json\/wp\/v2\/posts\/197074\/revisions"}],"wp:featuredmedia":[{"embeddable":true,"href":"https:\/\/www.meydan.tv\/az\/wp-json\/wp\/v2\/media\/129994"}],"wp:attachment":[{"href":"https:\/\/www.meydan.tv\/az\/wp-json\/wp\/v2\/media?parent=197074"}],"wp:term":[{"taxonomy":"category","embeddable":true,"href":"https:\/\/www.meydan.tv\/az\/wp-json\/wp\/v2\/categories?post=197074"},{"taxonomy":"post_tag","embeddable":true,"href":"https:\/\/www.meydan.tv\/az\/wp-json\/wp\/v2\/tags?post=197074"}],"curies":[{"name":"wp","href":"https:\/\/api.w.org\/{rel}","templated":true}]}}