{"id":197073,"date":"2019-09-20T18:57:01","date_gmt":"2019-09-20T18:57:01","guid":{"rendered":"https:\/\/www.meydan.tv\/article\/fuad-qehremanli-axcp-sedrinin-muavini-postundan-istefa-verdi\/"},"modified":"2019-09-20T18:57:01","modified_gmt":"2019-09-20T18:57:01","slug":"fuad-qehremanli-axcp-sedrinin-muavini-postundan-istefa-verdi","status":"publish","type":"post","link":"https:\/\/www.meydan.tv\/az\/article\/fuad-qehremanli-axcp-sedrinin-muavini-postundan-istefa-verdi\/","title":{"rendered":"Fuad Q\u0259hr\u0259manl\u0131 AXCP s\u0259drinin m\u00fcavini postundan istefa verdi"},"content":{"rendered":"<p>\n  Az\u0259rbaycan Xalq C\u0259bh\u0259si Partiyas\u0131n\u0131n (AXCP) s\u0259dr m\u00fcavini Fuad Q\u0259hr\u0259manl\u0131 istefa verdiyini b\u0259yan edib. O, bu bar\u0259d\u0259 \u00f6z \u201cFacebook\u201d hesab\u0131nda yaz\u0131b. S\u0259dr m\u00fcavini bu add\u0131m\u0131 q\u0131z\u0131 Selcan Ya\u011fmurun payla\u015f\u0131m\u0131ndan sonra yaranm\u0131\u015f v\u0259ziyy\u0259tl\u0259 \u0259laq\u0259l\u0259ndirib.\n<\/p>\n<p>\n  \u201cDostlar m\u0259niml\u0259 ba\u011fl\u0131 yaranm\u0131\u015f v\u0259ziyy\u0259t b\u0259han\u0259 ed\u0259r\u0259k ACXP- y\u0259 qar\u015f\u0131 s\u0259lib y\u00fcr\u00fc\u015f\u00fcn\u0259 ke\u00e7ibl\u0259r. H\u0259r zaman AXCP v\u0259 onun lideri \u018fli K\u0259rimli m\u0259nim \u00fc\u00e7\u00fcn siyasi f\u0259aliyy\u0259timin m\u0259nas\u0131, m\u0259hv\u0259ri olub. Ona g\u00f6r\u0259 d\u0259 n\u0259 liderim\u0259, n\u0259 d\u0259 ki, AXCP-y\u0259 bir ziyan d\u0259ym\u0259m\u0259si \u00fc\u00e7\u00fcn h\u0259r zaman h\u0259r c\u00fcr f\u0259dakarl\u0131\u011fa haz\u0131r olmusam,\u201d \u2013 dey\u0259 Fuad Q\u0259hr\u0259manl\u0131 yaz\u0131b.\n<\/p>\n<p>\n  Haz\u0131rda Niderlandda t\u0259hsil alan g\u0259nc f\u0259al Selcan Ya\u011fmur sentyabr\u0131n 19-da a\u00e7\u0131qlama yayaraq atas\u0131ndan, onun soyad\u0131ndan imtina etdiyini bildirmi\u015fdi. Anas\u0131, yazar Z\u00fcmr\u00fcd Ya\u011fmurun t\u0259x\u0259ll\u00fcs\u00fc il\u0259 \u00e7\u0131x\u0131\u015f ed\u0259n Selcan buna s\u0259b\u0259b kimi atas\u0131n\u0131n ail\u0259sin\u0259 g\u00f6st\u0259rdiyi \u015fidd\u0259td\u0259n dan\u0131\u015f\u0131b.\n<\/p>\n<p>\n  \u201c&#8230;Az\u0259rbaycan siyas\u0259tind\u0259 yet\u0259rli bir yeri olan, ana m\u00fcxalif\u0259t partiyas\u0131n\u0131n s\u0259dr m\u00fcavini, tribunalarda insan haqlar\u0131ndan dan\u0131\u015fan, h\u0259tta qad\u0131n haqlar\u0131 m\u00f6vzusunda bel\u0259 aman verm\u0259y\u0259n Fuad Q\u0259hr\u0259manl\u0131n\u0131n evind\u0259 q\u0131z\u0131n\u0131n dizini, arvad\u0131n\u0131n barmaqlar\u0131n\u0131 s\u0131nd\u0131rm\u0131\u015f, \u015fidd\u0259tin d\u0259 x\u00fcsusi sadist n\u00f6v\u00fcn\u00fc t\u0259tbiq ed\u0259n bir cani oldu\u011funu dem\u0259k, m\u0259n\u0259 el\u0259 g\u0259lir ki, sosial borcdur, m\u0259nim \u015f\u0259xsi ail\u0259vi problemim yox\u201d- dey\u0259 Selcan Ya\u011fmur yaz\u0131r.\n<\/p>\n<p>\n  G\u0259nc f\u0259al\u0131n yazd\u0131qlar\u0131 Az\u0259rbaycanda g\u00fcnd\u0259min \u0259sas m\u00fczakir\u0259 m\u00f6vzusu olub. Q\u0131z\u0131 Fuad Q\u0259hr\u0259manl\u0131n\u0131n t\u0259r\u0259fdarlar\u0131 v\u0259 \u0259ks\u0259r partiyada\u015flar\u0131 t\u0259r\u0259find\u0259n q\u0131naq obyektin\u0259 \u00e7evrilib. \u0130nsan haqlar\u0131 il\u0259 m\u0259\u015f\u011ful olan \u015f\u0259xsl\u0259r, ictimai f\u0259allar v\u0259 g\u0259ncl\u0259r is\u0259 Selcan Ya\u011fmura d\u0259st\u0259k n\u00fcmayi\u015f etdiribl\u0259r.\n<\/p>\n<p>\n  Selcan\u0131n \u00f6z a\u00e7\u0131qlamas\u0131nda AXCP s\u0259dri \u018fli K\u0259rimlinin v\u0259 atas\u0131na yax\u0131n \u015f\u0259xsl\u0259rin ad\u0131n\u0131 \u00e7\u0259km\u0259si partiyan\u0131 h\u0259d\u0259f\u0259 g\u0259tirib. \u0130ctimai-siyasi f\u0259allar Fuad Q\u0259hr\u0259manl\u0131n\u0131n istefas\u0131n\u0131 ist\u0259yibl\u0259r.\n<\/p>\n<p>\n  Fuad Q\u0259hr\u0259manl\u0131 \u00f6nc\u0259 q\u0131z\u0131n\u0131n s\u0259hif\u0259sinin o\u011furland\u0131\u011f\u0131n\u0131, yaz\u0131lanlar\u0131n ona aid olmad\u0131\u011f\u0131n\u0131 bildirib. Lakin Selcan Ya\u011fmur canl\u0131 yay\u0131ma \u00e7\u0131xaraq yazd\u0131qlar\u0131n\u0131 t\u0259sdiql\u0259yib.\n<\/p>\n<p>\n  2009-cu ild\u0259n ail\u0259sind\u0259 probleml\u0259r ya\u015fad\u0131qlar\u0131n\u0131 dey\u0259n g\u0259nc anas\u0131na qar\u015f\u0131 edil\u0259n \u015fidd\u0259td\u0259n d\u0259 s\u00f6z a\u00e7\u0131b:\n<\/p>\n<p>\n  \u201cAnam\u0131n bo\u015fanma \u00e7abalar\u0131n\u0131n (ki, bunun \u015fidd\u0259td\u0259n k\u0259nar ayr\u0131ca iyr\u0259nc s\u0259b\u0259bl\u0259ri var, sad\u0259c\u0259 bu s\u0259b\u0259bl\u0259r insan\u0131n \u015f\u0259xsi m\u0259s\u0259l\u0259sidir, m\u0259nim m\u00f6vzuma he\u00e7 bir d\u0259xli yoxdur) qar\u015f\u0131s\u0131n\u0131 m\u00fc\u0259yy\u0259n \u0259laq\u0259l\u0259ri say\u0259sind\u0259, y\u00fcz c\u00fcr t\u0259hdidl\u0259, \u015fantajla almas\u0131; azadl\u0131qdan dan\u0131\u015fan adam\u0131n evind\u0259, q\u0259rib\u0259 bir \u015f\u0259kild\u0259 t\u0259svir etm\u0259y\u0259 g\u00fcc\u00fcm yetm\u0259y\u0259n bir c\u0259h\u0259nn\u0259m m\u00fchiti olmas\u0131; \u015fidd\u0259tin a\u011f\u0131l almaz v\u0259 kreativ dozu; anam\u0131n v\u0259 bac\u0131m\u0131n b\u0259d\u0259nind\u0259n zamanla silinmi\u015f izl\u0259r v\u0259 b\u00fct\u00fcn bunlar\u0131n \u00fcz\u0259rin\u0259, \u201cm\u0259niml\u0259 \u015f\u0259kil yay\u0131n Facebook\u2019da\u201d dey\u0259 g\u0259l\u0259n tamam ayr\u0131 kateqoriyadaki zorak\u0131l\u0131q dal\u011fas\u0131&#8230; &#8211; bunlar bir siyas\u0259t\u00e7inin ail\u0259si bar\u0259d\u0259 bilinm\u0259li olan \u015feyl\u0259rdir\u201d.\n<\/p>\n<p>\n  Selcan \u00e7ox adam\u0131n, h\u0259tta atas\u0131n\u0131n partiyada\u015flar\u0131n\u0131n da m\u0259s\u0259l\u0259d\u0259n x\u0259b\u0259rdar oldu\u011funu vur\u011fulay\u0131b:\n<\/p>\n<p>\n  \u201cB\u00fct\u00fcn bunlar sirr deyil \u0259slind\u0259, qulaqdan dolma n\u0259 q\u0259d\u0259r adam bilir \u201cail\u0259mizd\u0259\u201d olanlar\u0131. Anama q\u0131rx d\u0259f\u0259 qolundaki, \u00fcz\u00fcnd\u0259ki izl\u0259rin n\u0259 oldu\u011funu soru\u015fan adamlar da, tipik \u201cqap\u0131ya d\u0259ymi\u015f\u0259m\u201d cavab\u0131n\u0131 3-c\u00fc d\u0259f\u0259d\u0259n art\u0131q e\u015fid\u0259nd\u0259, m\u00f6vzunun n\u0259 oldu\u011funu anlay\u0131blar. H\u0259tta b\u0259zil\u0259ri direkt m\u00f6vzunun i\u00e7ind\u0259 olub,\u00a0\u00a0\u00a0\u00a0S\u0259ad\u0259t Cahangir kimil\u0259ri. V\u0259 onlar da anama a\u011f\u0131ll\u0131 qad\u0131n olmaqla, susub siyasi prosesi d\u00fc\u015f\u00fcn\u00fcb, bo\u015fanaraq Q\u0259hr\u0259manl\u0131n\u0131n reputasiyas\u0131n\u0131 korlamamaqla ba\u011fl\u0131 g\u00f6z\u0259l m\u0259sl\u0259h\u0259tl\u0259r veribl\u0259r, anam\u0131n ad\u0131n\u0131 psixolojik x\u0259st\u0259y\u0259 q\u0259d\u0259r \u00e7\u0131xar\u0131blar.\n<\/p>\n<p>\n  Onun qolunda h\u0259l\u0259 d\u0259 izi qalan, yen\u0259 nec\u0259 yarand\u0131\u011f\u0131n\u0131 ba\u015fa salma\u011fa psixolojik g\u00fcc\u00fcm\u00fcn yetm\u0259diyi o yaran\u0131 g\u00f6r\u0259nd\u0259 \u201cs\u0259n d\u0259 az deyils\u0259n d\u0259, Z\u00fcmr\u00fcd, dilin\u0259 yiy\u0259 dur\u201d kimi bir \u015fey dediyini \u00f6z\u00fc d\u0259 danmaz.\n<\/p>\n<p>\n  H\u0259tta \u018fli K\u0259rimli ail\u0259 psixoloqlu\u011funa soyunub bu m\u00f6vzuda! Anama ba\u015fa sal\u0131b ki, ki\u015fil\u0259r bel\u0259 olur, d\u00f6zm\u0259k, g\u0259l\u0259c\u0259yi d\u00fc\u015f\u00fcnm\u0259k laz\u0131md\u0131r, u\u015faqlar\u0131n\u0131z var, \u201consuz da 40 ya\u015f\u0131ndan sonra bo\u015fan\u0131b n\u0259 ed\u0259c\u0259ksiniz ki?\u201c. B\u0259s siz \u018fli K\u0259rimlinin \u201cqon\u015fu arvad\u201d rolunda bu q\u0259d\u0259r bacar\u0131ql\u0131 oldu\u011funu bilirdiniz? Adam az qal\u0131rd\u0131 desin ki, \u201caz \u00e7\u00f6r\u0259yivi verir? Sus otur da\u201d.\n<\/p>\n<p>\n  Bel\u0259 g\u00f6rd\u00fcm ki, bu c\u0259bh\u0259 b\u00fct\u00fcn\u00fc il\u0259 iki\u00fczl\u00fc, iyr\u0259nc bir yerdir. \u018fli K\u0259rimli evd\u0259 nec\u0259 bir v\u0259h\u015filik etdiyini h\u0259rfi h\u0259rfin\u0259 bildiyi adam\u0131, sa\u011f yan\u0131nda saxlay\u0131r, -bunu ba\u015fa d\u00fc\u015fd\u00fcm, kadr yoxdur- amma adam canini yox, qurban\u0131 q\u0131nay\u0131r ki, \u201csiz d\u00fcz etmirsiniz\u201d. Qalanlar \u00fczvl\u0259r d\u0259, anama nec\u0259 \u201cyax\u015f\u0131 at \u00f6z\u00fcn\u0131 qam\u00e7\u0131 vurdurmaz\u201d, onu \u00f6yr\u0259dir, sonra da y\u0131\u011f\u0131\u015f\u0131b hakimiyy\u0259tin insanlar\u0131 \u0259zm\u0259yind\u0259n, \u0259dal\u0259td\u0259n dan\u0131\u015f\u0131rlar; h\u0259l\u0259 b\u00fct\u00fcn bunlar\u0131 bil\u0259n adamlar niy\u0259 u\u015faqlar \u201cYa\u011fmur\u201d soyad\u0131n\u0131 istifad\u0259 edir dey\u0259 gileyl\u0259nir, m\u00fcavinl\u0259rinin q\u0259z\u0259bini itil\u0259yib, \u201cham\u0131 deyir ki o evd\u0259 Fuad\u0131 saym\u0131rlar\u201d ba\u015fl\u0131ql\u0131 motivasiya \u00e7\u0131x\u0131\u015f\u0131 ed\u0259r\u0259k, n\u00f6vb\u0259ti zorak\u0131l\u0131q dal\u011fas\u0131 \u00fc\u00e7\u00fcn Q\u0259hr\u0259manl\u0131n\u0131 evimiz\u0259 g\u00f6nd\u0259rir, h\u0259yat\u0131m\u0131z\u0131 bir g\u00fcn daha qorxu filmin\u0259 \u00e7evirirl\u0259r. Impressive. Adam bu q\u0259d\u0259r nec\u0259 iyr\u0259nc olar ax\u0131? Siz bir partiyada nec\u0259 bir araya g\u0259libsiniz? Ortadaki bu \u0259xlaqs\u0131zl\u0131q potensial\u0131 g\u00f6z\u00fcm\u00fc ya\u015fard\u0131r, vallah\u201d.\n<\/p>\n<p>\n  \u201cH\u0259r g\u00fcn \u015fidd\u0259t, qan, t\u0259hdidl\u0259r, s\u0131nan s\u00fcm\u00fckl\u0259r&#8230; B\u00fct\u00fcn bunlar ona g\u00f6r\u0259 idi ki, anam bu adam\u0131n iki kateqoriyadaki iyr\u0259nc \u0259m\u0259ll\u0259rin\u0259 g\u00f6z yumsun v\u0259 bo\u015fanmas\u0131n. Amma indi durum d\u0259yi\u015fib, ikimiz d\u0259 el\u0259 ya\u015fday\u0131q ki, \u201cu\u015faqlar\u0131 s\u0259nd\u0259n alacam\u201d m\u00f6vzusu i\u015fl\u0259mir, adam d\u0259 el\u0259 v\u0259ziyy\u0259td\u0259dir ki, unikal t\u0259hdidl\u0259ri bu d\u0259qiq\u0259 i\u015f\u0259 yaram\u0131r. Bo\u015fanma \u0259riz\u0259si d\u0259 verilib, bir ne\u00e7\u0259 aya bo\u015fanma ba\u015f tutacaq,\u201c- dey\u0259 Selcan Ya\u011fmur yaz\u0131b.\n<\/p>\n<p>\n  Onun yazd\u0131qlar\u0131n\u0131 bac\u0131s\u0131 Sanay Ya\u011fmur da d\u0259st\u0259kl\u0259yib. Ba\u015f ver\u0259nl\u0259r haqq\u0131nda h\u0259l\u0259 \u0259trafl\u0131 dan\u0131\u015fmaq ist\u0259m\u0259diyini dey\u0259n Z\u00fcmr\u00fcd Ya\u011fmur Meydan TV-y\u0259 haz\u0131rda q\u0131zlar\u0131n\u0131n durumundan narahatl\u0131q ke\u00e7irdiyini, onlarla m\u0259\u015f\u011ful olmaq ist\u0259diyini s\u00f6yl\u0259yib.\n<\/p>\n<p>\n  Fuad Q\u0259hr\u0259manl\u0131n\u0131n m\u00fcdafi\u0259\u00e7il\u0259ri Selcan Ya\u011fmurun m\u0259s\u0259l\u0259ni m\u0259hz indi, 28 sentyabr mitinqi \u00f6nc\u0259si g\u00fcnd\u0259m\u0259 g\u0259tirm\u0259sini \u201chakimiyy\u0259tin oyunu\u201d kimi q\u0259l\u0259m\u0259 verm\u0259y\u0259 \u00e7al\u0131\u015fmaqla, \u201cniy\u0259 m\u0259hz indi yazd\u0131?\u201c-dey\u0259 sual edibl\u0259r. Meydan TV-nin \u0259ld\u0259 etdiyi m\u0259lumata g\u00f6r\u0259s\u0259, buna s\u0259b\u0259b ata v\u0259 q\u0131z\u0131 aras\u0131nda ya\u015fanm\u0131\u015f m\u00fcnaqi\u015f\u0259dir, mitinql\u0259 h\u0259r hans\u0131 \u0259laq\u0259si yoxdur. Bel\u0259 ki, Selcan Ya\u011fmur partiya s\u0259dri \u018fli K\u0259rimlinin qad\u0131n haqlar\u0131 il\u0259 ba\u011fl\u0131 t\u0259dbird\u0259n yay\u0131mlanm\u0131\u015f \u015f\u0259klin\u0259 ironiya il\u0259 yana\u015f\u0131b, Fuad Q\u0259hr\u0259manl\u0131 is\u0259 ondan h\u0259min \u015f\u0259rhi silm\u0259sini t\u0259l\u0259b edib.\n<\/p>\n<p>\n  \u018fli K\u0259rimlinin ad\u0131n\u0131 a\u00e7\u0131qlamasa da, Fuad Q\u0259hr\u0259manl\u0131 da deyil\u0259nl\u0259ri Azadl\u0131q Radiosuna m\u00fcsahib\u0259sind\u0259 etiraf edib. Ancaq F.Q\u0259hr\u0259manl\u0131 h\u0259min m\u00fcsahib\u0259sind\u0259 bo\u015fanma il\u0259 ba\u011fl\u0131 deyil\u0259nl\u0259ri yalanlay\u0131b.\n<\/p>\n<p>\n  Meydan TV-nin \u0259ld\u0259 etdiyi m\u0259lumat is\u0259 Selcan Ya\u011fmurun dedikl\u0259rini t\u0259sdiql\u0259yir. Z\u00fcmr\u00fcd Ya\u011fmurun bo\u015fanmaq \u00fc\u00e7\u00fcn m\u0259hk\u0259m\u0259y\u0259 m\u00fcraci\u0259t etdiyi bildirilir.\n<\/p>\n<p>\n  Fuad Q\u0259hr\u0259manl\u0131 istefas\u0131 il\u0259 ba\u011fl\u0131 a\u00e7\u0131qlamas\u0131nda ona qar\u015f\u0131 ittihamlar\u0131n t\u0259hrif olundu\u011funu s\u00f6yl\u0259yir:\n<\/p>\n<p>\n  \u201cBar\u0259md\u0259 deyil\u0259n ittihamlar t\u0259hrif olunub v\u0259 m\u0259n h\u0259bs olunmazdan \u00f6nc\u0259 4- 5 il \u00f6nc\u0259 konfliktli situasiya z\u0259minind\u0259 q\u0131sam\u00fcdd\u0259tli ail\u0259daxil m\u00fcnaqi\u015f\u0259 ya\u015fam\u0131\u015fam. Bu ba\u015f ver\u0259nl\u0259r\u0259 g\u00f6r\u0259 d\u0259 pe\u015fmanam. Bu zaman ya\u015fanan g\u0259rginlik \u00f6vladlar\u0131mda m\u0259n\u0259vi travma yarad\u0131b v\u0259 Selcan\u0131n a\u00e7\u0131qlamas\u0131 da bu travmadan do\u011fan emosional reaksiya olub.\n<\/p>\n<p>\n  Ancaq bundan sonra Z\u00fcmr\u00fcdl\u0259 5 illik birg\u0259 h\u0259yat s\u00fcrm\u0259kl\u0259, biz \u0259slind\u0259 o d\u00f6n\u0259min yaralar\u0131n\u0131 sarm\u0131\u015fd\u0131q. Selcan\u0131n statusunda qeyd etdiyi fikirl\u0259rl\u0259 ba\u011fl\u0131 polemikaya girm\u0259yi m\u0259n\u0259vi bax\u0131mdan \u00f6z\u00fcm\u0259 uy\u011fun g\u00f6rm\u0259diyimd\u0259n, onunla ba\u011fl\u0131 ger\u00e7\u0259k motivl\u0259ri d\u0259 ayd\u0131nla\u015f\u0131d\u0131rma\u011f\u0131 do\u011fru saym\u0131ram.\n<\/p>\n<p>\n  B\u00fct\u00fcn bunlara r\u0259\u011fm\u0259n m\u0259n indiki halda \u00f6z haql\u0131l\u0131\u011f\u0131m\u0131 deyil, AXCP-nin n\u00fcfuzunu v\u0259 ona qara yaxmaq ist\u0259y\u0259nl\u0259rin m\u0259krli niyy\u0259tl\u0259rinin qar\u015f\u0131s\u0131n\u0131 alma\u011f\u0131 \u0259sas g\u00f6t\u00fcr\u0259r\u0259k, AXCP s\u0259drinin m\u00fcavini postundan istefa verir\u0259m.\n<\/p>\n<p>\n  15 ya\u015f\u0131mdan \u00f6mr\u00fcm\u00fc ancaq rejim\u0259 qar\u015f\u0131 m\u00fcbariz\u0259y\u0259 s\u0259rf etdiyimd\u0259n, bu q\u0259rar\u0131 verm\u0259k he\u00e7 d\u0259 asan deyil. 30 illik bir siyasi prosesin yetisdirdiyi siyas\u0259t\u00e7inin getm\u0259si, he\u00e7 d\u0259 demokratik m\u00fcbariz\u0259nin xeyrin\u0259 deyil. Biz h\u0259r zaman statusa deyil, m\u00fcbarizy\u0259, prinsipl\u0259r\u0259 sadiq olmu\u015fuq\u201d.<\/p>\n","protected":false},"excerpt":{"rendered":"<p>Siyas\u0259t\u00e7i bu add\u0131m\u0131n\u0131 q\u0131z\u0131 Selcan Ya\u011fmurun a\u00e7\u0131qlanmas\u0131ndan sonra yaranm\u0131\u015f v\u0259ziyy\u0259tl\u0259 \u0259laq\u0259l\u0259ndirib<\/p>\n","protected":false},"author":11,"featured_media":129991,"comment_status":"closed","ping_status":"open","sticky":false,"template":"","format":"standard","meta":{"_acf_changed":false,"_sitemap_exclude":false,"_sitemap_priority":"","_sitemap_frequency":"","footnotes":""},"categories":[59],"tags":[],"class_list":["post-197073","post","type-post","status-publish","format-standard","has-post-thumbnail","hentry","category-siyaset","infinite-scroll-item","generate-columns","tablet-grid-50","mobile-grid-100","grid-parent","grid-33","no-featured-image-padding"],"acf":[],"yoast_head":"<!-- This site is optimized with the Yoast SEO plugin v27.5 - https:\/\/yoast.com\/product\/yoast-seo-wordpress\/ -->\n<title>Fuad Q\u0259hr\u0259manl\u0131 AXCP s\u0259drinin m\u00fcavini postundan istefa verdi - MEYDAN.TV<\/title>\n<meta name=\"robots\" content=\"index, follow, max-snippet:-1, max-image-preview:large, max-video-preview:-1\" \/>\n<link rel=\"canonical\" href=\"https:\/\/www.meydan.tv\/az\/article\/fuad-qehremanli-axcp-sedrinin-muavini-postundan-istefa-verdi\/\" \/>\n<meta property=\"og:locale\" content=\"az_AZ\" \/>\n<meta property=\"og:type\" content=\"article\" \/>\n<meta property=\"og:title\" content=\"Fuad Q\u0259hr\u0259manl\u0131 AXCP s\u0259drinin m\u00fcavini postundan istefa verdi - MEYDAN.TV\" \/>\n<meta property=\"og:description\" content=\"Siyas\u0259t\u00e7i bu add\u0131m\u0131n\u0131 q\u0131z\u0131 Selcan Ya\u011fmurun a\u00e7\u0131qlanmas\u0131ndan sonra yaranm\u0131\u015f v\u0259ziyy\u0259tl\u0259 \u0259laq\u0259l\u0259ndirib\" \/>\n<meta property=\"og:url\" content=\"https:\/\/www.meydan.tv\/az\/article\/fuad-qehremanli-axcp-sedrinin-muavini-postundan-istefa-verdi\/\" \/>\n<meta property=\"og:site_name\" content=\"MEYDAN.TV\" \/>\n<meta property=\"article:published_time\" content=\"2019-09-20T18:57:01+00:00\" \/>\n<meta property=\"og:image\" content=\"https:\/\/www.meydan.tv\/wp-content\/uploads\/untitled_design_kknspna.png\" \/>\n\t<meta property=\"og:image:width\" content=\"1280\" \/>\n\t<meta property=\"og:image:height\" content=\"720\" \/>\n\t<meta property=\"og:image:type\" content=\"image\/png\" \/>\n<meta name=\"author\" content=\"user-manager\" \/>\n<meta name=\"twitter:card\" content=\"summary_large_image\" \/>\n<script type=\"application\/ld+json\" class=\"yoast-schema-graph\">{\"@context\":\"https:\\\/\\\/schema.org\",\"@graph\":[{\"@type\":\"Article\",\"@id\":\"https:\\\/\\\/www.meydan.tv\\\/az\\\/article\\\/fuad-qehremanli-axcp-sedrinin-muavini-postundan-istefa-verdi\\\/#article\",\"isPartOf\":{\"@id\":\"https:\\\/\\\/www.meydan.tv\\\/az\\\/article\\\/fuad-qehremanli-axcp-sedrinin-muavini-postundan-istefa-verdi\\\/\"},\"author\":{\"name\":\"user-manager\",\"@id\":\"https:\\\/\\\/www.meydan.tv\\\/az\\\/#\\\/schema\\\/person\\\/10d11eccf6da3662cf5fdab9806ea91a\"},\"headline\":\"Fuad Q\u0259hr\u0259manl\u0131 AXCP s\u0259drinin m\u00fcavini postundan istefa verdi\",\"datePublished\":\"2019-09-20T18:57:01+00:00\",\"mainEntityOfPage\":{\"@id\":\"https:\\\/\\\/www.meydan.tv\\\/az\\\/article\\\/fuad-qehremanli-axcp-sedrinin-muavini-postundan-istefa-verdi\\\/\"},\"wordCount\":1755,\"publisher\":{\"@id\":\"https:\\\/\\\/www.meydan.tv\\\/az\\\/#organization\"},\"image\":{\"@id\":\"https:\\\/\\\/www.meydan.tv\\\/az\\\/article\\\/fuad-qehremanli-axcp-sedrinin-muavini-postundan-istefa-verdi\\\/#primaryimage\"},\"thumbnailUrl\":\"https:\\\/\\\/www.meydan.tv\\\/wp-content\\\/uploads\\\/untitled_design_kknspna.png\",\"articleSection\":[\"Siyas\u0259t\"],\"inLanguage\":\"az\"},{\"@type\":\"WebPage\",\"@id\":\"https:\\\/\\\/www.meydan.tv\\\/az\\\/article\\\/fuad-qehremanli-axcp-sedrinin-muavini-postundan-istefa-verdi\\\/\",\"url\":\"https:\\\/\\\/www.meydan.tv\\\/az\\\/article\\\/fuad-qehremanli-axcp-sedrinin-muavini-postundan-istefa-verdi\\\/\",\"name\":\"Fuad Q\u0259hr\u0259manl\u0131 AXCP s\u0259drinin m\u00fcavini postundan istefa verdi - MEYDAN.TV\",\"isPartOf\":{\"@id\":\"https:\\\/\\\/www.meydan.tv\\\/az\\\/#website\"},\"primaryImageOfPage\":{\"@id\":\"https:\\\/\\\/www.meydan.tv\\\/az\\\/article\\\/fuad-qehremanli-axcp-sedrinin-muavini-postundan-istefa-verdi\\\/#primaryimage\"},\"image\":{\"@id\":\"https:\\\/\\\/www.meydan.tv\\\/az\\\/article\\\/fuad-qehremanli-axcp-sedrinin-muavini-postundan-istefa-verdi\\\/#primaryimage\"},\"thumbnailUrl\":\"https:\\\/\\\/www.meydan.tv\\\/wp-content\\\/uploads\\\/untitled_design_kknspna.png\",\"datePublished\":\"2019-09-20T18:57:01+00:00\",\"breadcrumb\":{\"@id\":\"https:\\\/\\\/www.meydan.tv\\\/az\\\/article\\\/fuad-qehremanli-axcp-sedrinin-muavini-postundan-istefa-verdi\\\/#breadcrumb\"},\"inLanguage\":\"az\",\"potentialAction\":[{\"@type\":\"ReadAction\",\"target\":[\"https:\\\/\\\/www.meydan.tv\\\/az\\\/article\\\/fuad-qehremanli-axcp-sedrinin-muavini-postundan-istefa-verdi\\\/\"]}]},{\"@type\":\"ImageObject\",\"inLanguage\":\"az\",\"@id\":\"https:\\\/\\\/www.meydan.tv\\\/az\\\/article\\\/fuad-qehremanli-axcp-sedrinin-muavini-postundan-istefa-verdi\\\/#primaryimage\",\"url\":\"https:\\\/\\\/www.meydan.tv\\\/wp-content\\\/uploads\\\/untitled_design_kknspna.png\",\"contentUrl\":\"https:\\\/\\\/www.meydan.tv\\\/wp-content\\\/uploads\\\/untitled_design_kknspna.png\",\"width\":1280,\"height\":720,\"caption\":\"Source: Meydan TV\"},{\"@type\":\"BreadcrumbList\",\"@id\":\"https:\\\/\\\/www.meydan.tv\\\/az\\\/article\\\/fuad-qehremanli-axcp-sedrinin-muavini-postundan-istefa-verdi\\\/#breadcrumb\",\"itemListElement\":[{\"@type\":\"ListItem\",\"position\":1,\"name\":\"Ana s\u0259hif\u0259\",\"item\":\"https:\\\/\\\/www.meydan.tv\\\/az\\\/\"},{\"@type\":\"ListItem\",\"position\":2,\"name\":\"Siyas\u0259t\",\"item\":\"https:\\\/\\\/www.meydan.tv\\\/az\\\/section\\\/siyaset\\\/\"},{\"@type\":\"ListItem\",\"position\":3,\"name\":\"Fuad Q\u0259hr\u0259manl\u0131 AXCP s\u0259drinin m\u00fcavini postundan istefa verdi\"}]},{\"@type\":\"WebSite\",\"@id\":\"https:\\\/\\\/www.meydan.tv\\\/az\\\/#website\",\"url\":\"https:\\\/\\\/www.meydan.tv\\\/az\\\/\",\"name\":\"MEYDAN.TV\",\"description\":\"Meydan TV Az\u0259rbaycan\u0131n media m\u0259kan\u0131ndak\u0131 alternativ s\u0259sidir\",\"publisher\":{\"@id\":\"https:\\\/\\\/www.meydan.tv\\\/az\\\/#organization\"},\"potentialAction\":[{\"@type\":\"SearchAction\",\"target\":{\"@type\":\"EntryPoint\",\"urlTemplate\":\"https:\\\/\\\/www.meydan.tv\\\/az\\\/?s={search_term_string}\"},\"query-input\":{\"@type\":\"PropertyValueSpecification\",\"valueRequired\":true,\"valueName\":\"search_term_string\"}}],\"inLanguage\":\"az\"},{\"@type\":\"Organization\",\"@id\":\"https:\\\/\\\/www.meydan.tv\\\/az\\\/#organization\",\"name\":\"Meydan TV\",\"url\":\"https:\\\/\\\/www.meydan.tv\\\/az\\\/\",\"logo\":{\"@type\":\"ImageObject\",\"inLanguage\":\"az\",\"@id\":\"https:\\\/\\\/www.meydan.tv\\\/az\\\/#\\\/schema\\\/logo\\\/image\\\/\",\"url\":\"https:\\\/\\\/www.meydan.tv\\\/wp-content\\\/uploads\\\/2021\\\/07\\\/meydan-logo.svg\",\"contentUrl\":\"https:\\\/\\\/www.meydan.tv\\\/wp-content\\\/uploads\\\/2021\\\/07\\\/meydan-logo.svg\",\"width\":195,\"height\":46,\"caption\":\"Meydan TV\"},\"image\":{\"@id\":\"https:\\\/\\\/www.meydan.tv\\\/az\\\/#\\\/schema\\\/logo\\\/image\\\/\"}},{\"@type\":\"Person\",\"@id\":\"https:\\\/\\\/www.meydan.tv\\\/az\\\/#\\\/schema\\\/person\\\/10d11eccf6da3662cf5fdab9806ea91a\",\"name\":\"user-manager\"}]}<\/script>\n<!-- \/ Yoast SEO plugin. -->","yoast_head_json":{"title":"Fuad Q\u0259hr\u0259manl\u0131 AXCP s\u0259drinin m\u00fcavini postundan istefa verdi - MEYDAN.TV","robots":{"index":"index","follow":"follow","max-snippet":"max-snippet:-1","max-image-preview":"max-image-preview:large","max-video-preview":"max-video-preview:-1"},"canonical":"https:\/\/www.meydan.tv\/az\/article\/fuad-qehremanli-axcp-sedrinin-muavini-postundan-istefa-verdi\/","og_locale":"az_AZ","og_type":"article","og_title":"Fuad Q\u0259hr\u0259manl\u0131 AXCP s\u0259drinin m\u00fcavini postundan istefa verdi - MEYDAN.TV","og_description":"Siyas\u0259t\u00e7i bu add\u0131m\u0131n\u0131 q\u0131z\u0131 Selcan Ya\u011fmurun a\u00e7\u0131qlanmas\u0131ndan sonra yaranm\u0131\u015f v\u0259ziyy\u0259tl\u0259 \u0259laq\u0259l\u0259ndirib","og_url":"https:\/\/www.meydan.tv\/az\/article\/fuad-qehremanli-axcp-sedrinin-muavini-postundan-istefa-verdi\/","og_site_name":"MEYDAN.TV","article_published_time":"2019-09-20T18:57:01+00:00","og_image":[{"width":1280,"height":720,"url":"https:\/\/www.meydan.tv\/wp-content\/uploads\/untitled_design_kknspna.png","type":"image\/png"}],"author":"user-manager","twitter_card":"summary_large_image","schema":{"@context":"https:\/\/schema.org","@graph":[{"@type":"Article","@id":"https:\/\/www.meydan.tv\/az\/article\/fuad-qehremanli-axcp-sedrinin-muavini-postundan-istefa-verdi\/#article","isPartOf":{"@id":"https:\/\/www.meydan.tv\/az\/article\/fuad-qehremanli-axcp-sedrinin-muavini-postundan-istefa-verdi\/"},"author":{"name":"user-manager","@id":"https:\/\/www.meydan.tv\/az\/#\/schema\/person\/10d11eccf6da3662cf5fdab9806ea91a"},"headline":"Fuad Q\u0259hr\u0259manl\u0131 AXCP s\u0259drinin m\u00fcavini postundan istefa verdi","datePublished":"2019-09-20T18:57:01+00:00","mainEntityOfPage":{"@id":"https:\/\/www.meydan.tv\/az\/article\/fuad-qehremanli-axcp-sedrinin-muavini-postundan-istefa-verdi\/"},"wordCount":1755,"publisher":{"@id":"https:\/\/www.meydan.tv\/az\/#organization"},"image":{"@id":"https:\/\/www.meydan.tv\/az\/article\/fuad-qehremanli-axcp-sedrinin-muavini-postundan-istefa-verdi\/#primaryimage"},"thumbnailUrl":"https:\/\/www.meydan.tv\/wp-content\/uploads\/untitled_design_kknspna.png","articleSection":["Siyas\u0259t"],"inLanguage":"az"},{"@type":"WebPage","@id":"https:\/\/www.meydan.tv\/az\/article\/fuad-qehremanli-axcp-sedrinin-muavini-postundan-istefa-verdi\/","url":"https:\/\/www.meydan.tv\/az\/article\/fuad-qehremanli-axcp-sedrinin-muavini-postundan-istefa-verdi\/","name":"Fuad Q\u0259hr\u0259manl\u0131 AXCP s\u0259drinin m\u00fcavini postundan istefa verdi - MEYDAN.TV","isPartOf":{"@id":"https:\/\/www.meydan.tv\/az\/#website"},"primaryImageOfPage":{"@id":"https:\/\/www.meydan.tv\/az\/article\/fuad-qehremanli-axcp-sedrinin-muavini-postundan-istefa-verdi\/#primaryimage"},"image":{"@id":"https:\/\/www.meydan.tv\/az\/article\/fuad-qehremanli-axcp-sedrinin-muavini-postundan-istefa-verdi\/#primaryimage"},"thumbnailUrl":"https:\/\/www.meydan.tv\/wp-content\/uploads\/untitled_design_kknspna.png","datePublished":"2019-09-20T18:57:01+00:00","breadcrumb":{"@id":"https:\/\/www.meydan.tv\/az\/article\/fuad-qehremanli-axcp-sedrinin-muavini-postundan-istefa-verdi\/#breadcrumb"},"inLanguage":"az","potentialAction":[{"@type":"ReadAction","target":["https:\/\/www.meydan.tv\/az\/article\/fuad-qehremanli-axcp-sedrinin-muavini-postundan-istefa-verdi\/"]}]},{"@type":"ImageObject","inLanguage":"az","@id":"https:\/\/www.meydan.tv\/az\/article\/fuad-qehremanli-axcp-sedrinin-muavini-postundan-istefa-verdi\/#primaryimage","url":"https:\/\/www.meydan.tv\/wp-content\/uploads\/untitled_design_kknspna.png","contentUrl":"https:\/\/www.meydan.tv\/wp-content\/uploads\/untitled_design_kknspna.png","width":1280,"height":720,"caption":"Source: Meydan TV"},{"@type":"BreadcrumbList","@id":"https:\/\/www.meydan.tv\/az\/article\/fuad-qehremanli-axcp-sedrinin-muavini-postundan-istefa-verdi\/#breadcrumb","itemListElement":[{"@type":"ListItem","position":1,"name":"Ana s\u0259hif\u0259","item":"https:\/\/www.meydan.tv\/az\/"},{"@type":"ListItem","position":2,"name":"Siyas\u0259t","item":"https:\/\/www.meydan.tv\/az\/section\/siyaset\/"},{"@type":"ListItem","position":3,"name":"Fuad Q\u0259hr\u0259manl\u0131 AXCP s\u0259drinin m\u00fcavini postundan istefa verdi"}]},{"@type":"WebSite","@id":"https:\/\/www.meydan.tv\/az\/#website","url":"https:\/\/www.meydan.tv\/az\/","name":"MEYDAN.TV","description":"Meydan TV Az\u0259rbaycan\u0131n media m\u0259kan\u0131ndak\u0131 alternativ s\u0259sidir","publisher":{"@id":"https:\/\/www.meydan.tv\/az\/#organization"},"potentialAction":[{"@type":"SearchAction","target":{"@type":"EntryPoint","urlTemplate":"https:\/\/www.meydan.tv\/az\/?s={search_term_string}"},"query-input":{"@type":"PropertyValueSpecification","valueRequired":true,"valueName":"search_term_string"}}],"inLanguage":"az"},{"@type":"Organization","@id":"https:\/\/www.meydan.tv\/az\/#organization","name":"Meydan TV","url":"https:\/\/www.meydan.tv\/az\/","logo":{"@type":"ImageObject","inLanguage":"az","@id":"https:\/\/www.meydan.tv\/az\/#\/schema\/logo\/image\/","url":"https:\/\/www.meydan.tv\/wp-content\/uploads\/2021\/07\/meydan-logo.svg","contentUrl":"https:\/\/www.meydan.tv\/wp-content\/uploads\/2021\/07\/meydan-logo.svg","width":195,"height":46,"caption":"Meydan TV"},"image":{"@id":"https:\/\/www.meydan.tv\/az\/#\/schema\/logo\/image\/"}},{"@type":"Person","@id":"https:\/\/www.meydan.tv\/az\/#\/schema\/person\/10d11eccf6da3662cf5fdab9806ea91a","name":"user-manager"}]}},"_links":{"self":[{"href":"https:\/\/www.meydan.tv\/az\/wp-json\/wp\/v2\/posts\/197073","targetHints":{"allow":["GET"]}}],"collection":[{"href":"https:\/\/www.meydan.tv\/az\/wp-json\/wp\/v2\/posts"}],"about":[{"href":"https:\/\/www.meydan.tv\/az\/wp-json\/wp\/v2\/types\/post"}],"author":[{"embeddable":true,"href":"https:\/\/www.meydan.tv\/az\/wp-json\/wp\/v2\/users\/11"}],"replies":[{"embeddable":true,"href":"https:\/\/www.meydan.tv\/az\/wp-json\/wp\/v2\/comments?post=197073"}],"version-history":[{"count":0,"href":"https:\/\/www.meydan.tv\/az\/wp-json\/wp\/v2\/posts\/197073\/revisions"}],"wp:featuredmedia":[{"embeddable":true,"href":"https:\/\/www.meydan.tv\/az\/wp-json\/wp\/v2\/media\/129991"}],"wp:attachment":[{"href":"https:\/\/www.meydan.tv\/az\/wp-json\/wp\/v2\/media?parent=197073"}],"wp:term":[{"taxonomy":"category","embeddable":true,"href":"https:\/\/www.meydan.tv\/az\/wp-json\/wp\/v2\/categories?post=197073"},{"taxonomy":"post_tag","embeddable":true,"href":"https:\/\/www.meydan.tv\/az\/wp-json\/wp\/v2\/tags?post=197073"}],"curies":[{"name":"wp","href":"https:\/\/api.w.org\/{rel}","templated":true}]}}