{"id":197072,"date":"2019-09-20T17:33:38","date_gmt":"2019-09-20T17:33:38","guid":{"rendered":"https:\/\/www.meydan.tv\/article\/yerevanda-dilqem-esgerov-ve-sahbaz-quliyevin-ermeni-esirlerle-deyisdirilmesi-muzakire-edilir\/"},"modified":"2019-09-20T17:33:38","modified_gmt":"2019-09-20T17:33:38","slug":"yerevanda-dilqem-esgerov-ve-sahbaz-quliyevin-ermeni-esirlerle-deyisdirilmesi-muzakire-edilir","status":"publish","type":"post","link":"https:\/\/www.meydan.tv\/az\/article\/yerevanda-dilqem-esgerov-ve-sahbaz-quliyevin-ermeni-esirlerle-deyisdirilmesi-muzakire-edilir\/","title":{"rendered":"Yerevanda Dilq\u0259m \u018fsg\u0259rov v\u0259 \u015eahbaz Quliyevin erm\u0259ni \u0259sirl\u0259rl\u0259 d\u0259yi\u015fdirilm\u0259si m\u00fczakir\u0259 edilir"},"content":{"rendered":"<p>\n  Erm\u0259nistan t\u0259r\u0259fi Xank\u0259ndind\u0259 girovluqda olan Az\u0259rbaycan v\u0259t\u0259nda\u015flar\u0131 Dilq\u0259m \u018fsg\u0259rov v\u0259 \u015eahbaz Quliyevin qaytar\u0131lmas\u0131 m\u0259s\u0259l\u0259sinin m\u00fczakir\u0259 edildiyini bildirib.\n<\/p>\n<p>\n  \u201cAzadl\u0131q Radiosunun\u201d m\u0259lumat\u0131na g\u00f6r\u0259, Erm\u0259nistan\u0131n m\u00fcdafi\u0259 naziri David Tonoyan onlar\u0131n Az\u0259rbaycanda saxlanan iki Erm\u0259nistan v\u0259t\u0259nda\u015f\u0131 il\u0259 d\u0259yi\u015fdirilm\u0259sinin m\u00fcmk\u00fcnl\u00fcy\u00fcn\u00fc istisna etm\u0259yib.\n<\/p>\n<p>\n  S\u00f6hb\u0259t 34-ya\u015fl\u0131 Karen Kazaryan v\u0259 19-ya\u015fl\u0131 h\u0259rbi qulluq\u00e7u Araik Kazaryandan gedir.\n<\/p>\n<p>\n  Yerevanda sentyabr\u0131n 20-d\u0259 ke\u00e7irdiyi brifinqd\u0259 David Tonoyan  deyib ki, d\u00fcn\u0259n Q\u0131rm\u0131z\u0131 Xa\u00e7 t\u0259\u015fkilat\u0131 onlara Az\u0259rbaycan\u0131n r\u0259smi t\u0259klifini t\u0259qdim edib.\n<\/p>\n<p>\n  \u201cB\u0259zi m\u0259s\u0259l\u0259l\u0259r m\u00fczakir\u0259 olunmal\u0131 v\u0259 bundan sonra cavab verilm\u0259lidir. Biz prinsipc\u0259 Erm\u0259nistan v\u0259t\u0259nda\u015flar\u0131n\u0131n ev\u0259 d\u00f6nm\u0259sin\u0259 qar\u015f\u0131 deyilik. M\u0259n bunu s\u0131rf bir humanitar aksiya kimi qiym\u0259tl\u0259ndirir v\u0259 bu v\u0259ziyy\u0259t\u0259 m\u00fcbadil\u0259 m\u00f6vqeyind\u0259n yana\u015f\u0131ram\u201d, &#8211; m\u00fcdafi\u0259 naziri deyib.\n<\/p>\n<p>\n  Bununla bel\u0259 o, q\u0259rar\u0131n Qaraba\u011fdak\u0131 separat\u00e7\u0131 rejim t\u0259r\u0259find\u0259n verilm\u0259li oldu\u011funu deyib.\n<\/p>\n<p>\n  Bundan \u0259vv\u0259l Erm\u0259nistan\u0131n ba\u015f naziri Nikol Pa\u015finyan \u015e.Quliyev v\u0259 D.\u018fsg\u0259rovu q\u0259tld\u0259 ittiham ed\u0259r\u0259k onlar\u0131n Az\u0259rbaycana verilm\u0259sinin real olmad\u0131\u011f\u0131n\u0131 bildirmi\u015fdi.\n<\/p>\n<p>\n  \u015e.Quliyev il\u0259 D.\u018fsg\u0259rov 2014-c\u00fc ild\u0259 Az\u0259rbaycan\u0131n i\u015f\u011fal alt\u0131nda olan K\u0259lb\u0259c\u0259r rayonu \u0259razisind\u0259 \u0259sir d\u00fc\u015f\u00fcbl\u0259r. Onlar K\u0259lb\u0259c\u0259r\u0259 yax\u0131nlar\u0131n\u0131n m\u0259zarlar\u0131n\u0131 yad etm\u0259k \u00fc\u00e7\u00fcn getdikl\u0259rini bildirirl\u0259r. Erm\u0259ni t\u0259r\u0259fi is\u0259 onlar\u0131 q\u0259tl v\u0259 dig\u0259r a\u011f\u0131r cinay\u0259tl\u0259r t\u00f6r\u0259tm\u0259kd\u0259 ittiham edir.\n<\/p>\n<p>\n  D.\u018fsg\u0259rov \u00f6m\u00fcrl\u00fck, \u015e.Quliyev is\u0259 22 il azadl\u0131qdan m\u0259hrum edilibl\u0259r.<\/p>\n","protected":false},"excerpt":{"rendered":"<p>M\u00fcdafi\u0259 naziri ikinin ikiy\u0259 d\u0259yi\u015fdirilm\u0259nin \u0259leyhin\u0259 olmad\u0131\u011f\u0131n\u0131 deyib<\/p>\n","protected":false},"author":11,"featured_media":54885,"comment_status":"closed","ping_status":"open","sticky":false,"template":"","format":"standard","meta":{"_acf_changed":false,"_sitemap_exclude":false,"_sitemap_priority":"","_sitemap_frequency":"","footnotes":""},"categories":[59],"tags":[],"class_list":["post-197072","post","type-post","status-publish","format-standard","has-post-thumbnail","hentry","category-siyaset","infinite-scroll-item","generate-columns","tablet-grid-50","mobile-grid-100","grid-parent","grid-33","no-featured-image-padding"],"acf":[],"yoast_head":"<!-- This site is optimized with the Yoast SEO plugin v27.5 - https:\/\/yoast.com\/product\/yoast-seo-wordpress\/ -->\n<title>Yerevanda Dilq\u0259m \u018fsg\u0259rov v\u0259 \u015eahbaz Quliyevin erm\u0259ni \u0259sirl\u0259rl\u0259 d\u0259yi\u015fdirilm\u0259si m\u00fczakir\u0259 edilir - MEYDAN.TV<\/title>\n<meta name=\"robots\" content=\"index, follow, max-snippet:-1, max-image-preview:large, max-video-preview:-1\" \/>\n<link rel=\"canonical\" href=\"https:\/\/www.meydan.tv\/az\/article\/yerevanda-dilqem-esgerov-ve-sahbaz-quliyevin-ermeni-esirlerle-deyisdirilmesi-muzakire-edilir\/\" \/>\n<meta property=\"og:locale\" content=\"az_AZ\" \/>\n<meta property=\"og:type\" content=\"article\" \/>\n<meta property=\"og:title\" content=\"Yerevanda Dilq\u0259m \u018fsg\u0259rov v\u0259 \u015eahbaz Quliyevin erm\u0259ni \u0259sirl\u0259rl\u0259 d\u0259yi\u015fdirilm\u0259si m\u00fczakir\u0259 edilir - MEYDAN.TV\" \/>\n<meta property=\"og:description\" content=\"M\u00fcdafi\u0259 naziri ikinin ikiy\u0259 d\u0259yi\u015fdirilm\u0259nin \u0259leyhin\u0259 olmad\u0131\u011f\u0131n\u0131 deyib\" \/>\n<meta property=\"og:url\" content=\"https:\/\/www.meydan.tv\/az\/article\/yerevanda-dilqem-esgerov-ve-sahbaz-quliyevin-ermeni-esirlerle-deyisdirilmesi-muzakire-edilir\/\" \/>\n<meta property=\"og:site_name\" content=\"MEYDAN.TV\" \/>\n<meta property=\"article:published_time\" content=\"2019-09-20T17:33:38+00:00\" \/>\n<meta property=\"og:image\" content=\"https:\/\/www.meydan.tv\/wp-content\/uploads\/20720.jpg\" \/>\n\t<meta property=\"og:image:width\" content=\"557\" \/>\n\t<meta property=\"og:image:height\" content=\"418\" \/>\n\t<meta property=\"og:image:type\" content=\"image\/jpeg\" \/>\n<meta name=\"author\" content=\"user-manager\" \/>\n<meta name=\"twitter:card\" content=\"summary_large_image\" \/>\n<script type=\"application\/ld+json\" class=\"yoast-schema-graph\">{\"@context\":\"https:\\\/\\\/schema.org\",\"@graph\":[{\"@type\":\"Article\",\"@id\":\"https:\\\/\\\/www.meydan.tv\\\/az\\\/article\\\/yerevanda-dilqem-esgerov-ve-sahbaz-quliyevin-ermeni-esirlerle-deyisdirilmesi-muzakire-edilir\\\/#article\",\"isPartOf\":{\"@id\":\"https:\\\/\\\/www.meydan.tv\\\/az\\\/article\\\/yerevanda-dilqem-esgerov-ve-sahbaz-quliyevin-ermeni-esirlerle-deyisdirilmesi-muzakire-edilir\\\/\"},\"author\":{\"name\":\"user-manager\",\"@id\":\"https:\\\/\\\/www.meydan.tv\\\/az\\\/#\\\/schema\\\/person\\\/10d11eccf6da3662cf5fdab9806ea91a\"},\"headline\":\"Yerevanda Dilq\u0259m \u018fsg\u0259rov v\u0259 \u015eahbaz Quliyevin erm\u0259ni \u0259sirl\u0259rl\u0259 d\u0259yi\u015fdirilm\u0259si m\u00fczakir\u0259 edilir\",\"datePublished\":\"2019-09-20T17:33:38+00:00\",\"mainEntityOfPage\":{\"@id\":\"https:\\\/\\\/www.meydan.tv\\\/az\\\/article\\\/yerevanda-dilqem-esgerov-ve-sahbaz-quliyevin-ermeni-esirlerle-deyisdirilmesi-muzakire-edilir\\\/\"},\"wordCount\":335,\"publisher\":{\"@id\":\"https:\\\/\\\/www.meydan.tv\\\/az\\\/#organization\"},\"image\":{\"@id\":\"https:\\\/\\\/www.meydan.tv\\\/az\\\/article\\\/yerevanda-dilqem-esgerov-ve-sahbaz-quliyevin-ermeni-esirlerle-deyisdirilmesi-muzakire-edilir\\\/#primaryimage\"},\"thumbnailUrl\":\"https:\\\/\\\/www.meydan.tv\\\/wp-content\\\/uploads\\\/20720.jpg\",\"articleSection\":[\"Siyas\u0259t\"],\"inLanguage\":\"az\"},{\"@type\":\"WebPage\",\"@id\":\"https:\\\/\\\/www.meydan.tv\\\/az\\\/article\\\/yerevanda-dilqem-esgerov-ve-sahbaz-quliyevin-ermeni-esirlerle-deyisdirilmesi-muzakire-edilir\\\/\",\"url\":\"https:\\\/\\\/www.meydan.tv\\\/az\\\/article\\\/yerevanda-dilqem-esgerov-ve-sahbaz-quliyevin-ermeni-esirlerle-deyisdirilmesi-muzakire-edilir\\\/\",\"name\":\"Yerevanda Dilq\u0259m \u018fsg\u0259rov v\u0259 \u015eahbaz Quliyevin erm\u0259ni \u0259sirl\u0259rl\u0259 d\u0259yi\u015fdirilm\u0259si m\u00fczakir\u0259 edilir - MEYDAN.TV\",\"isPartOf\":{\"@id\":\"https:\\\/\\\/www.meydan.tv\\\/az\\\/#website\"},\"primaryImageOfPage\":{\"@id\":\"https:\\\/\\\/www.meydan.tv\\\/az\\\/article\\\/yerevanda-dilqem-esgerov-ve-sahbaz-quliyevin-ermeni-esirlerle-deyisdirilmesi-muzakire-edilir\\\/#primaryimage\"},\"image\":{\"@id\":\"https:\\\/\\\/www.meydan.tv\\\/az\\\/article\\\/yerevanda-dilqem-esgerov-ve-sahbaz-quliyevin-ermeni-esirlerle-deyisdirilmesi-muzakire-edilir\\\/#primaryimage\"},\"thumbnailUrl\":\"https:\\\/\\\/www.meydan.tv\\\/wp-content\\\/uploads\\\/20720.jpg\",\"datePublished\":\"2019-09-20T17:33:38+00:00\",\"breadcrumb\":{\"@id\":\"https:\\\/\\\/www.meydan.tv\\\/az\\\/article\\\/yerevanda-dilqem-esgerov-ve-sahbaz-quliyevin-ermeni-esirlerle-deyisdirilmesi-muzakire-edilir\\\/#breadcrumb\"},\"inLanguage\":\"az\",\"potentialAction\":[{\"@type\":\"ReadAction\",\"target\":[\"https:\\\/\\\/www.meydan.tv\\\/az\\\/article\\\/yerevanda-dilqem-esgerov-ve-sahbaz-quliyevin-ermeni-esirlerle-deyisdirilmesi-muzakire-edilir\\\/\"]}]},{\"@type\":\"ImageObject\",\"inLanguage\":\"az\",\"@id\":\"https:\\\/\\\/www.meydan.tv\\\/az\\\/article\\\/yerevanda-dilqem-esgerov-ve-sahbaz-quliyevin-ermeni-esirlerle-deyisdirilmesi-muzakire-edilir\\\/#primaryimage\",\"url\":\"https:\\\/\\\/www.meydan.tv\\\/wp-content\\\/uploads\\\/20720.jpg\",\"contentUrl\":\"https:\\\/\\\/www.meydan.tv\\\/wp-content\\\/uploads\\\/20720.jpg\",\"width\":557,\"height\":418,\"caption\":\"Source:\"},{\"@type\":\"BreadcrumbList\",\"@id\":\"https:\\\/\\\/www.meydan.tv\\\/az\\\/article\\\/yerevanda-dilqem-esgerov-ve-sahbaz-quliyevin-ermeni-esirlerle-deyisdirilmesi-muzakire-edilir\\\/#breadcrumb\",\"itemListElement\":[{\"@type\":\"ListItem\",\"position\":1,\"name\":\"Ana s\u0259hif\u0259\",\"item\":\"https:\\\/\\\/www.meydan.tv\\\/az\\\/\"},{\"@type\":\"ListItem\",\"position\":2,\"name\":\"Siyas\u0259t\",\"item\":\"https:\\\/\\\/www.meydan.tv\\\/az\\\/section\\\/siyaset\\\/\"},{\"@type\":\"ListItem\",\"position\":3,\"name\":\"Yerevanda Dilq\u0259m \u018fsg\u0259rov v\u0259 \u015eahbaz Quliyevin erm\u0259ni \u0259sirl\u0259rl\u0259 d\u0259yi\u015fdirilm\u0259si m\u00fczakir\u0259 edilir\"}]},{\"@type\":\"WebSite\",\"@id\":\"https:\\\/\\\/www.meydan.tv\\\/az\\\/#website\",\"url\":\"https:\\\/\\\/www.meydan.tv\\\/az\\\/\",\"name\":\"MEYDAN.TV\",\"description\":\"Meydan TV Az\u0259rbaycan\u0131n media m\u0259kan\u0131ndak\u0131 alternativ s\u0259sidir\",\"publisher\":{\"@id\":\"https:\\\/\\\/www.meydan.tv\\\/az\\\/#organization\"},\"potentialAction\":[{\"@type\":\"SearchAction\",\"target\":{\"@type\":\"EntryPoint\",\"urlTemplate\":\"https:\\\/\\\/www.meydan.tv\\\/az\\\/?s={search_term_string}\"},\"query-input\":{\"@type\":\"PropertyValueSpecification\",\"valueRequired\":true,\"valueName\":\"search_term_string\"}}],\"inLanguage\":\"az\"},{\"@type\":\"Organization\",\"@id\":\"https:\\\/\\\/www.meydan.tv\\\/az\\\/#organization\",\"name\":\"Meydan TV\",\"url\":\"https:\\\/\\\/www.meydan.tv\\\/az\\\/\",\"logo\":{\"@type\":\"ImageObject\",\"inLanguage\":\"az\",\"@id\":\"https:\\\/\\\/www.meydan.tv\\\/az\\\/#\\\/schema\\\/logo\\\/image\\\/\",\"url\":\"https:\\\/\\\/www.meydan.tv\\\/wp-content\\\/uploads\\\/2021\\\/07\\\/meydan-logo.svg\",\"contentUrl\":\"https:\\\/\\\/www.meydan.tv\\\/wp-content\\\/uploads\\\/2021\\\/07\\\/meydan-logo.svg\",\"width\":195,\"height\":46,\"caption\":\"Meydan TV\"},\"image\":{\"@id\":\"https:\\\/\\\/www.meydan.tv\\\/az\\\/#\\\/schema\\\/logo\\\/image\\\/\"}},{\"@type\":\"Person\",\"@id\":\"https:\\\/\\\/www.meydan.tv\\\/az\\\/#\\\/schema\\\/person\\\/10d11eccf6da3662cf5fdab9806ea91a\",\"name\":\"user-manager\"}]}<\/script>\n<!-- \/ Yoast SEO plugin. -->","yoast_head_json":{"title":"Yerevanda Dilq\u0259m \u018fsg\u0259rov v\u0259 \u015eahbaz Quliyevin erm\u0259ni \u0259sirl\u0259rl\u0259 d\u0259yi\u015fdirilm\u0259si m\u00fczakir\u0259 edilir - MEYDAN.TV","robots":{"index":"index","follow":"follow","max-snippet":"max-snippet:-1","max-image-preview":"max-image-preview:large","max-video-preview":"max-video-preview:-1"},"canonical":"https:\/\/www.meydan.tv\/az\/article\/yerevanda-dilqem-esgerov-ve-sahbaz-quliyevin-ermeni-esirlerle-deyisdirilmesi-muzakire-edilir\/","og_locale":"az_AZ","og_type":"article","og_title":"Yerevanda Dilq\u0259m \u018fsg\u0259rov v\u0259 \u015eahbaz Quliyevin erm\u0259ni \u0259sirl\u0259rl\u0259 d\u0259yi\u015fdirilm\u0259si m\u00fczakir\u0259 edilir - MEYDAN.TV","og_description":"M\u00fcdafi\u0259 naziri ikinin ikiy\u0259 d\u0259yi\u015fdirilm\u0259nin \u0259leyhin\u0259 olmad\u0131\u011f\u0131n\u0131 deyib","og_url":"https:\/\/www.meydan.tv\/az\/article\/yerevanda-dilqem-esgerov-ve-sahbaz-quliyevin-ermeni-esirlerle-deyisdirilmesi-muzakire-edilir\/","og_site_name":"MEYDAN.TV","article_published_time":"2019-09-20T17:33:38+00:00","og_image":[{"width":557,"height":418,"url":"https:\/\/www.meydan.tv\/wp-content\/uploads\/20720.jpg","type":"image\/jpeg"}],"author":"user-manager","twitter_card":"summary_large_image","schema":{"@context":"https:\/\/schema.org","@graph":[{"@type":"Article","@id":"https:\/\/www.meydan.tv\/az\/article\/yerevanda-dilqem-esgerov-ve-sahbaz-quliyevin-ermeni-esirlerle-deyisdirilmesi-muzakire-edilir\/#article","isPartOf":{"@id":"https:\/\/www.meydan.tv\/az\/article\/yerevanda-dilqem-esgerov-ve-sahbaz-quliyevin-ermeni-esirlerle-deyisdirilmesi-muzakire-edilir\/"},"author":{"name":"user-manager","@id":"https:\/\/www.meydan.tv\/az\/#\/schema\/person\/10d11eccf6da3662cf5fdab9806ea91a"},"headline":"Yerevanda Dilq\u0259m \u018fsg\u0259rov v\u0259 \u015eahbaz Quliyevin erm\u0259ni \u0259sirl\u0259rl\u0259 d\u0259yi\u015fdirilm\u0259si m\u00fczakir\u0259 edilir","datePublished":"2019-09-20T17:33:38+00:00","mainEntityOfPage":{"@id":"https:\/\/www.meydan.tv\/az\/article\/yerevanda-dilqem-esgerov-ve-sahbaz-quliyevin-ermeni-esirlerle-deyisdirilmesi-muzakire-edilir\/"},"wordCount":335,"publisher":{"@id":"https:\/\/www.meydan.tv\/az\/#organization"},"image":{"@id":"https:\/\/www.meydan.tv\/az\/article\/yerevanda-dilqem-esgerov-ve-sahbaz-quliyevin-ermeni-esirlerle-deyisdirilmesi-muzakire-edilir\/#primaryimage"},"thumbnailUrl":"https:\/\/www.meydan.tv\/wp-content\/uploads\/20720.jpg","articleSection":["Siyas\u0259t"],"inLanguage":"az"},{"@type":"WebPage","@id":"https:\/\/www.meydan.tv\/az\/article\/yerevanda-dilqem-esgerov-ve-sahbaz-quliyevin-ermeni-esirlerle-deyisdirilmesi-muzakire-edilir\/","url":"https:\/\/www.meydan.tv\/az\/article\/yerevanda-dilqem-esgerov-ve-sahbaz-quliyevin-ermeni-esirlerle-deyisdirilmesi-muzakire-edilir\/","name":"Yerevanda Dilq\u0259m \u018fsg\u0259rov v\u0259 \u015eahbaz Quliyevin erm\u0259ni \u0259sirl\u0259rl\u0259 d\u0259yi\u015fdirilm\u0259si m\u00fczakir\u0259 edilir - MEYDAN.TV","isPartOf":{"@id":"https:\/\/www.meydan.tv\/az\/#website"},"primaryImageOfPage":{"@id":"https:\/\/www.meydan.tv\/az\/article\/yerevanda-dilqem-esgerov-ve-sahbaz-quliyevin-ermeni-esirlerle-deyisdirilmesi-muzakire-edilir\/#primaryimage"},"image":{"@id":"https:\/\/www.meydan.tv\/az\/article\/yerevanda-dilqem-esgerov-ve-sahbaz-quliyevin-ermeni-esirlerle-deyisdirilmesi-muzakire-edilir\/#primaryimage"},"thumbnailUrl":"https:\/\/www.meydan.tv\/wp-content\/uploads\/20720.jpg","datePublished":"2019-09-20T17:33:38+00:00","breadcrumb":{"@id":"https:\/\/www.meydan.tv\/az\/article\/yerevanda-dilqem-esgerov-ve-sahbaz-quliyevin-ermeni-esirlerle-deyisdirilmesi-muzakire-edilir\/#breadcrumb"},"inLanguage":"az","potentialAction":[{"@type":"ReadAction","target":["https:\/\/www.meydan.tv\/az\/article\/yerevanda-dilqem-esgerov-ve-sahbaz-quliyevin-ermeni-esirlerle-deyisdirilmesi-muzakire-edilir\/"]}]},{"@type":"ImageObject","inLanguage":"az","@id":"https:\/\/www.meydan.tv\/az\/article\/yerevanda-dilqem-esgerov-ve-sahbaz-quliyevin-ermeni-esirlerle-deyisdirilmesi-muzakire-edilir\/#primaryimage","url":"https:\/\/www.meydan.tv\/wp-content\/uploads\/20720.jpg","contentUrl":"https:\/\/www.meydan.tv\/wp-content\/uploads\/20720.jpg","width":557,"height":418,"caption":"Source:"},{"@type":"BreadcrumbList","@id":"https:\/\/www.meydan.tv\/az\/article\/yerevanda-dilqem-esgerov-ve-sahbaz-quliyevin-ermeni-esirlerle-deyisdirilmesi-muzakire-edilir\/#breadcrumb","itemListElement":[{"@type":"ListItem","position":1,"name":"Ana s\u0259hif\u0259","item":"https:\/\/www.meydan.tv\/az\/"},{"@type":"ListItem","position":2,"name":"Siyas\u0259t","item":"https:\/\/www.meydan.tv\/az\/section\/siyaset\/"},{"@type":"ListItem","position":3,"name":"Yerevanda Dilq\u0259m \u018fsg\u0259rov v\u0259 \u015eahbaz Quliyevin erm\u0259ni \u0259sirl\u0259rl\u0259 d\u0259yi\u015fdirilm\u0259si m\u00fczakir\u0259 edilir"}]},{"@type":"WebSite","@id":"https:\/\/www.meydan.tv\/az\/#website","url":"https:\/\/www.meydan.tv\/az\/","name":"MEYDAN.TV","description":"Meydan TV Az\u0259rbaycan\u0131n media m\u0259kan\u0131ndak\u0131 alternativ s\u0259sidir","publisher":{"@id":"https:\/\/www.meydan.tv\/az\/#organization"},"potentialAction":[{"@type":"SearchAction","target":{"@type":"EntryPoint","urlTemplate":"https:\/\/www.meydan.tv\/az\/?s={search_term_string}"},"query-input":{"@type":"PropertyValueSpecification","valueRequired":true,"valueName":"search_term_string"}}],"inLanguage":"az"},{"@type":"Organization","@id":"https:\/\/www.meydan.tv\/az\/#organization","name":"Meydan TV","url":"https:\/\/www.meydan.tv\/az\/","logo":{"@type":"ImageObject","inLanguage":"az","@id":"https:\/\/www.meydan.tv\/az\/#\/schema\/logo\/image\/","url":"https:\/\/www.meydan.tv\/wp-content\/uploads\/2021\/07\/meydan-logo.svg","contentUrl":"https:\/\/www.meydan.tv\/wp-content\/uploads\/2021\/07\/meydan-logo.svg","width":195,"height":46,"caption":"Meydan TV"},"image":{"@id":"https:\/\/www.meydan.tv\/az\/#\/schema\/logo\/image\/"}},{"@type":"Person","@id":"https:\/\/www.meydan.tv\/az\/#\/schema\/person\/10d11eccf6da3662cf5fdab9806ea91a","name":"user-manager"}]}},"_links":{"self":[{"href":"https:\/\/www.meydan.tv\/az\/wp-json\/wp\/v2\/posts\/197072","targetHints":{"allow":["GET"]}}],"collection":[{"href":"https:\/\/www.meydan.tv\/az\/wp-json\/wp\/v2\/posts"}],"about":[{"href":"https:\/\/www.meydan.tv\/az\/wp-json\/wp\/v2\/types\/post"}],"author":[{"embeddable":true,"href":"https:\/\/www.meydan.tv\/az\/wp-json\/wp\/v2\/users\/11"}],"replies":[{"embeddable":true,"href":"https:\/\/www.meydan.tv\/az\/wp-json\/wp\/v2\/comments?post=197072"}],"version-history":[{"count":0,"href":"https:\/\/www.meydan.tv\/az\/wp-json\/wp\/v2\/posts\/197072\/revisions"}],"wp:featuredmedia":[{"embeddable":true,"href":"https:\/\/www.meydan.tv\/az\/wp-json\/wp\/v2\/media\/54885"}],"wp:attachment":[{"href":"https:\/\/www.meydan.tv\/az\/wp-json\/wp\/v2\/media?parent=197072"}],"wp:term":[{"taxonomy":"category","embeddable":true,"href":"https:\/\/www.meydan.tv\/az\/wp-json\/wp\/v2\/categories?post=197072"},{"taxonomy":"post_tag","embeddable":true,"href":"https:\/\/www.meydan.tv\/az\/wp-json\/wp\/v2\/tags?post=197072"}],"curies":[{"name":"wp","href":"https:\/\/api.w.org\/{rel}","templated":true}]}}