{"id":197068,"date":"2019-09-20T15:13:09","date_gmt":"2019-09-20T15:13:09","guid":{"rendered":"https:\/\/www.meydan.tv\/article\/hekimler-xesteni-agir-veziyyetde-qoyub-asura-merasimine-getmisdi\/"},"modified":"2019-09-20T15:13:09","modified_gmt":"2019-09-20T15:13:09","slug":"hekimler-xesteni-agir-veziyyetde-qoyub-asura-merasimine-getmisdi","status":"publish","type":"post","link":"https:\/\/www.meydan.tv\/az\/article\/hekimler-xesteni-agir-veziyyetde-qoyub-asura-merasimine-getmisdi\/","title":{"rendered":"\u201cH\u0259kiml\u0259r x\u0259st\u0259ni a\u011f\u0131r v\u0259ziyy\u0259td\u0259 qoyub A\u015furada qantoplama aksiyas\u0131na gedibl\u0259r&#8221;"},"content":{"rendered":"<p>\n  <i><br \/>\n    \u015eirvan sakini deyir, 5 g\u00fcnd\u00fcr ki, x\u0259st\u0259xanaya a\u011f\u0131r v\u0259ziyy\u0259td\u0259 g\u00f6t\u00fcr\u00fcl\u0259n qarda\u015f\u0131 h\u0259kim bax\u0131ms\u0131zl\u0131\u011f\u0131 \u00fcz\u00fcnd\u0259n h\u0259yat\u0131n\u0131 itirm\u0259k \u00fczr\u0259dir<br \/>\n  <\/i>\n<\/p>\n<p>\n  \u201cQ\u0131colmas\u0131 tutdu, v\u0259ziyy\u0259ti a\u011f\u0131rla\u015fd\u0131, x\u0259st\u0259xanaya \u00e7atd\u0131rd\u0131q. \u00d6t\u0259n h\u0259ft\u0259nin \u015f\u0259nb\u0259 g\u00fcn\u00fcnd\u0259n x\u0259st\u0259xanadad\u0131r. Ancaq n\u0259 bir d\u0259qiq diaqnoz qoya bilirl\u0259r, n\u0259 d\u0259 m\u00fcalic\u0259 ed\u0259 bilirl\u0259r. H\u0259r g\u00fcn bir b\u0259han\u0259yl\u0259 vaxt qazan\u0131rlar, sanki g\u00f6zl\u0259yirl\u0259r ki, \u00f6ls\u00fcn, g\u00f6nd\u0259rsinl\u0259r morqa, bir x\u0259st\u0259d\u0259n d\u0259 bel\u0259c\u0259 qurtulmu\u015f olsunlar\u201d.\n<\/p>\n<p>\n  \u015eirvandak\u0131 Hac\u0131 Zeynalabdin Ta\u011f\u0131yev k\u00fc\u00e7\u0259sind\u0259 ya\u015fayan 1-ci qrup \u0259lil, 31 ya\u015fl\u0131 Eld\u0259niz \u018fliyevin qohumlar\u0131 Meydan TV-y\u0259 dan\u0131\u015f\u0131r ki, sentyabr\u0131n 7-d\u0259 q\u0259fl\u0259t\u0259n s\u0259hh\u0259ti pisl\u0259\u015fib. Onu \u015eirvan \u015e\u0259h\u0259r M\u0259rk\u0259zi X\u0259st\u0259xanas\u0131na g\u00f6t\u00fcr\u00fcbl\u0259r. Ancaq el\u0259 x\u0259st\u0259xanaya g\u00f6t\u00fcr\u00fcld\u00fcy\u00fc andan x\u0259st\u0259y\u0259 diqq\u0259t yetir\u0259n h\u0259kim olmay\u0131b.\n<\/p>\n<p>\n  <b><br \/>\n    \u201cN\u0259 vaxt ba\u015f h\u0259kimi soru\u015fsaq, deyirl\u0259r, m\u0259zuniyy\u0259td\u0259dir\u201d<br \/>\n  <\/b>\n<\/p>\n<p>\n  X\u0259st\u0259nin qarda\u015f\u0131 El\u00e7in \u018fliyev dan\u0131\u015f\u0131r:\n<\/p>\n<p>\n  \u201cX\u0259st\u0259xanaya a\u011f\u0131r v\u0259ziyy\u0259td\u0259 x\u0259st\u0259 daxil olur, bir h\u0259kim yax\u0131n durmur. \u00d6t\u0259n h\u0259ft\u0259nin \u015f\u0259nb\u0259 g\u00fcn\u00fcnd\u0259n g\u0259tirmi\u015fik, \u0259vv\u0259l dedil\u0259r, \u015f\u0259nb\u0259-bazar g\u00fcnl\u0259rin\u0259 d\u00fc\u015f\u00fcb, qeyri-i\u015f g\u00fcnl\u0259ridir, g\u00f6zl\u0259yin, bazar ert\u0259si olsun. H\u0259kiml\u0259r topla\u015fs\u0131n, ondan sonra g\u00f6r\u0259k, bu x\u0259st\u0259nin d\u0259rdi n\u0259dir. Bazar ert\u0259si d\u0259 h\u0259kiml\u0259rd\u0259n s\u0259s \u00e7\u0131xmad\u0131. \u00c7\u0259r\u015f\u0259nb\u0259 ax\u015fam\u0131 g\u00f6rd\u00fck ki, x\u0259st\u0259xanada x\u0259st\u0259l\u0259rd\u0259n ba\u015fqa he\u00e7 kim yoxdur. Soru\u015furuq, h\u0259kiml\u0259r han\u0131? Deyirl\u0259r, A\u015fura g\u00fcn\u00fcd\u00fcr, qantoplama aksiyas\u0131na gedibl\u0259r. Dem\u0259li, bunlar a\u011f\u0131r x\u0259st\u0259l\u0259ri bax\u0131ms\u0131z qoyub gedibl\u0259r A\u015fura m\u0259rasimin\u0259&#8230; S\u0259s-k\u00fcy sal\u0131r\u0131q, ba\u015f h\u0259kiml\u0259 g\u00f6r\u00fc\u015f\u0259 bilmirik, deyirl\u0259r, ba\u015f h\u0259kim m\u0259zuniyy\u0259td\u0259dir. \u0130lin ist\u0259nil\u0259n vaxt\u0131 hans\u0131 x\u0259st\u0259, ya hans\u0131 x\u0259st\u0259nin qohumu ba\u015f h\u0259kiml\u0259 g\u00f6r\u00fc\u015fm\u0259k ist\u0259s\u0259, yalandan deyirl\u0259r ki, i\u015fd\u0259 yoxdur\u201d.\n<\/p>\n<p>\n  \u201c<br \/>\n  <b><br \/>\n    Bak\u0131dan g\u0259l\u0259n h\u0259kim d\u0259 bir i\u015f\u0259 yaramad\u0131\u201d<br \/>\n  <\/b>\n<\/p>\n<p>\n  Qohumlar\u0131 deyir ki, Eld\u0259niz \u018fliyev g\u00f6zd\u0259n birinci qrup \u0259lildir. Bir ne\u00e7\u0259 il \u0259vv\u0259ls\u0259 abtomobil q\u0259zas\u0131na d\u00fc\u015f\u00fcb. O vaxtdan tez-tez q\u0131colmalar\u0131 var. H\u0259r d\u0259f\u0259 q\u0131colmas\u0131 tutanda \u00f6zl\u0259ri ev \u015f\u0259raitind\u0259 m\u00fcdaxil\u0259 edib problemi h\u0259ll edirl\u0259r. Bu d\u0259f\u0259 v\u0259ziyy\u0259ti k\u0259skin pisl\u0259\u015fdiyind\u0259n onu x\u0259st\u0259xanaya g\u00f6t\u00fcrm\u0259li olublar. Ancaq bax\u0131ms\u0131zl\u0131q \u00fcz\u00fcnd\u0259n x\u0259st\u0259nin ail\u0259 \u00fczvl\u0259riyl\u0259 x\u0259st\u0259xana i\u015f\u00e7il\u0259ri aras\u0131nda naraz\u0131l\u0131q yaran\u0131b:\n<\/p>\n<p>\n  \u201cH\u0259r ay bu m\u00fcsib\u0259ti ya\u015fay\u0131r\u0131q&#8230; \u0130ki g\u00fcn \u0259vv\u0259l h\u0259kiml\u0259r qarda\u015f\u0131m\u0131 reanimas\u0131yada a\u011f\u0131r v\u0259ziyy\u0259td\u0259 qoyub A\u015fura m\u0259rasimin\u0259 ged\u0259nd\u0259, dedik, bu, lap a\u011f oldu. S\u0259s-k\u00fcy sald\u0131q. \u0130cra hakimiyy\u0259tinin ba\u015f\u00e7\u0131s\u0131n\u0131n m\u00fcavinin\u0259 z\u0259ng etdik, z\u0259ngl\u0259rimiz\u0259 cavab verm\u0259di. Orda bir \u015f\u00f6b\u0259 m\u00fcdiri var, onunla dan\u0131\u015fd\u0131q. Dedil\u0259r, tap\u015f\u0131rm\u0131\u015f\u0131q, Bak\u0131dan h\u0259kim g\u0259lir, yoldad\u0131r. Bak\u0131dan h\u0259kim d\u0259 g\u0259ldi, x\u0259st\u0259y\u0259 baxd\u0131, m\u00fcayin\u0259l\u0259r etdi, gah dedi, v\u0259r\u0259mdir, gah ba\u015fqa x\u0259st\u0259likl\u0259rin ad\u0131n\u0131 \u00e7\u0259kdi&#8230; O da x\u0259st\u0259nin durumu il\u0259 ba\u011fl\u0131 konkret bir s\u00f6z dem\u0259yib, getdi\u201d.\n<\/p>\n<p>\n  Bel\u0259c\u0259, Eld\u0259niz \u018fliyevin qohumlar\u0131na m\u0259lumats\u0131z, \u00fcmidsiz, x\u0259st\u0259xanan\u0131n qar\u015f\u0131s\u0131nda g\u00fcnl\u0259rl\u0259 g\u00f6zl\u0259m\u0259k qal\u0131b. Ail\u0259 \u00fczvl\u0259ri deyir, h\u0259kiml\u0259r A\u015fura m\u0259rasimind\u0259 olark\u0259n x\u0259st\u0259xanan\u0131n \u00f6n\u00fcnd\u0259 s\u0259s-k\u00fcy salmalar\u0131 x\u0259st\u0259xana r\u0259hb\u0259rliyinin \u201cx\u0259trin\u0259 d\u0259yib\u201d. Ba\u015f h\u0259kimin m\u00fcavini ail\u0259 \u00fczvl\u0259rin\u0259 m\u0259sl\u0259h\u0259t g\u00f6r\u00fcb ki, x\u0259st\u0259ni ba\u015fqa x\u0259st\u0259xanaya g\u00f6t\u00fcrs\u00fcnl\u0259r.\n<\/p>\n<p>\n  \u201c<br \/>\n  <b><br \/>\n    S\u0259s-k\u00fcy salanda deyirl\u0259r, x\u0259st\u0259ni g\u00f6t\u00fcr, apar Bak\u0131ya\u201d<br \/>\n  <\/b>\n<\/p>\n<p>\n  \u201cG\u00f6rd\u00fcl\u0259r ki, s\u0259s-k\u00fcy sal\u0131r\u0131q, ba\u015f h\u0259kimin m\u00fcavini x\u0259st\u0259ni v\u0259 qohumlar\u0131n\u0131 x\u0259st\u0259xanadan uzaqla\u015fd\u0131rmaq \u00fc\u00e7\u00fcn m\u0259ni \u00e7a\u011f\u0131r\u0131b dedi ki, g\u00f6t\u00fcr\u00fcn, x\u0259st\u0259nizi Bak\u0131ya apar\u0131n. Dedim, \u0259n m\u00fcasir aparatlar, x\u0259st\u0259ni sa\u011faltmaq \u00fc\u00e7\u00fcn h\u0259r c\u00fcr \u015f\u0259rait ola-ola, m\u0259n x\u0259st\u0259ni niy\u0259 apar\u0131b Bak\u0131n\u0131n k\u00fc\u00e7\u0259l\u0259rin\u0259 salmal\u0131yam? M\u00fcalic\u0259 ed\u0259 bilmirdizs\u0259, be\u015f g\u00fcnd\u00fcr burda niy\u0259 saxlay\u0131b v\u0259ziyy\u0259tini daha da a\u011f\u0131rla\u015fd\u0131r\u0131rd\u0131z? X\u0259st\u0259 sizin \u00fc\u00e7\u00fcn n\u0259dir ki, reanimasiyada g\u00fcnl\u0259rl\u0259 saxlay\u0131b, sonra da \u201cg\u00f6t\u00fcr, hara ist\u0259yirs\u0259n, apar\u201d dey\u0259siz? Bundan sonra dedi, narahat olmay\u0131n, he\u00e7 yer\u0259 \u015fikay\u0259t etm\u0259yin, \u00f6z\u00fcm\u00fcz n\u0259 m\u00fcalic\u0259 laz\u0131md\u0131rsa, ed\u0259c\u0259yik,\u201d \u2013 qarda\u015f\u0131 deyir.\n<\/p>\n<p>\n  \u015eirvan \u015e\u0259h\u0259r X\u0259st\u0259xanas\u0131ndan Meydan TV-y\u0259 bildiribl\u0259r ki, ba\u015f h\u0259kim m\u0259zuniyy\u0259td\u0259dir, deyil\u0259nl\u0259r is\u0259 h\u0259qiq\u0259t\u0259uy\u011fun deyil. A\u015fura m\u0259rasimind\u0259 qantoplama aksiyas\u0131 ke\u00e7irildiyind\u0259n yaln\u0131z laboratoriya i\u015f\u00e7il\u0259ri m\u0259scid\u0259 gedib. H\u0259kiml\u0259r x\u0259st\u0259xanada x\u0259st\u0259l\u0259rin qullu\u011funda olub. Eld\u0259niz \u018fliyevin m\u00fcalic\u0259si is\u0259 el\u0259 x\u0259st\u0259xana h\u0259kiml\u0259ri t\u0259r\u0259find\u0259n davam etdirilir: \u201cX\u0259st\u0259 \u0259sas\u0259n t\u0259n\u0259ff\u00fcs \u00e7at\u0131\u015fmazl\u0131\u011f\u0131ndan \u0259ziyy\u0259t \u00e7\u0259kir, s\u00fcni t\u0259n\u0259ff\u00fcs aparat\u0131ndan istifad\u0259 edilir. Haz\u0131rda reanimasiya \u015f\u00f6b\u0259sind\u0259 m\u00fcalic\u0259 al\u0131r. V\u0259ziyy\u0259ti yax\u015f\u0131la\u015fanda palataya k\u00f6\u00e7\u00fcr\u00fcl\u0259c\u0259k\u201d.<\/p>\n","protected":false},"excerpt":{"rendered":"<p>\u015eirvan sakini deyir, 5 g\u00fcnd\u00fcr ki, x\u0259st\u0259xanaya a\u011f\u0131r v\u0259ziyy\u0259td\u0259 g\u00f6t\u00fcr\u00fcl\u0259n qarda\u015f\u0131 h\u0259kim bax\u0131ms\u0131zl\u0131\u011f\u0131 \u00fcz\u00fcnd\u0259n h\u0259yat\u0131n\u0131 itirm\u0259k \u00fczr\u0259dir<\/p>\n","protected":false},"author":11,"featured_media":129532,"comment_status":"closed","ping_status":"open","sticky":false,"template":"","format":"standard","meta":{"_acf_changed":false,"_sitemap_exclude":false,"_sitemap_priority":"","_sitemap_frequency":"","footnotes":""},"categories":[60],"tags":[],"class_list":["post-197068","post","type-post","status-publish","format-standard","has-post-thumbnail","hentry","category-bolge","infinite-scroll-item","generate-columns","tablet-grid-50","mobile-grid-100","grid-parent","grid-33","no-featured-image-padding"],"acf":[],"yoast_head":"<!-- This site is optimized with the Yoast SEO plugin v27.5 - https:\/\/yoast.com\/product\/yoast-seo-wordpress\/ -->\n<title>\u201cH\u0259kiml\u0259r x\u0259st\u0259ni a\u011f\u0131r v\u0259ziyy\u0259td\u0259 qoyub A\u015furada qantoplama aksiyas\u0131na gedibl\u0259r&quot; - MEYDAN.TV<\/title>\n<meta name=\"robots\" content=\"index, follow, max-snippet:-1, max-image-preview:large, max-video-preview:-1\" \/>\n<link rel=\"canonical\" href=\"https:\/\/www.meydan.tv\/az\/article\/hekimler-xesteni-agir-veziyyetde-qoyub-asura-merasimine-getmisdi\/\" \/>\n<meta property=\"og:locale\" content=\"az_AZ\" \/>\n<meta property=\"og:type\" content=\"article\" \/>\n<meta property=\"og:title\" content=\"\u201cH\u0259kiml\u0259r x\u0259st\u0259ni a\u011f\u0131r v\u0259ziyy\u0259td\u0259 qoyub A\u015furada qantoplama aksiyas\u0131na gedibl\u0259r&quot; - MEYDAN.TV\" \/>\n<meta property=\"og:description\" content=\"\u015eirvan sakini deyir, 5 g\u00fcnd\u00fcr ki, x\u0259st\u0259xanaya a\u011f\u0131r v\u0259ziyy\u0259td\u0259 g\u00f6t\u00fcr\u00fcl\u0259n qarda\u015f\u0131 h\u0259kim bax\u0131ms\u0131zl\u0131\u011f\u0131 \u00fcz\u00fcnd\u0259n h\u0259yat\u0131n\u0131 itirm\u0259k \u00fczr\u0259dir\" \/>\n<meta property=\"og:url\" content=\"https:\/\/www.meydan.tv\/az\/article\/hekimler-xesteni-agir-veziyyetde-qoyub-asura-merasimine-getmisdi\/\" \/>\n<meta property=\"og:site_name\" content=\"MEYDAN.TV\" \/>\n<meta property=\"article:published_time\" content=\"2019-09-20T15:13:09+00:00\" \/>\n<meta property=\"og:image\" content=\"https:\/\/www.meydan.tv\/wp-content\/uploads\/c138afe8-813d-4bfc-8538-05eaee62019a.jpeg\" \/>\n\t<meta property=\"og:image:width\" content=\"766\" \/>\n\t<meta property=\"og:image:height\" content=\"559\" \/>\n\t<meta property=\"og:image:type\" content=\"image\/jpeg\" \/>\n<meta name=\"author\" content=\"user-manager\" \/>\n<meta name=\"twitter:card\" content=\"summary_large_image\" \/>\n<script type=\"application\/ld+json\" class=\"yoast-schema-graph\">{\"@context\":\"https:\\\/\\\/schema.org\",\"@graph\":[{\"@type\":\"Article\",\"@id\":\"https:\\\/\\\/www.meydan.tv\\\/az\\\/article\\\/hekimler-xesteni-agir-veziyyetde-qoyub-asura-merasimine-getmisdi\\\/#article\",\"isPartOf\":{\"@id\":\"https:\\\/\\\/www.meydan.tv\\\/az\\\/article\\\/hekimler-xesteni-agir-veziyyetde-qoyub-asura-merasimine-getmisdi\\\/\"},\"author\":{\"name\":\"user-manager\",\"@id\":\"https:\\\/\\\/www.meydan.tv\\\/az\\\/#\\\/schema\\\/person\\\/10d11eccf6da3662cf5fdab9806ea91a\"},\"headline\":\"\u201cH\u0259kiml\u0259r x\u0259st\u0259ni a\u011f\u0131r v\u0259ziyy\u0259td\u0259 qoyub A\u015furada qantoplama aksiyas\u0131na gedibl\u0259r&#8221;\",\"datePublished\":\"2019-09-20T15:13:09+00:00\",\"mainEntityOfPage\":{\"@id\":\"https:\\\/\\\/www.meydan.tv\\\/az\\\/article\\\/hekimler-xesteni-agir-veziyyetde-qoyub-asura-merasimine-getmisdi\\\/\"},\"wordCount\":1044,\"publisher\":{\"@id\":\"https:\\\/\\\/www.meydan.tv\\\/az\\\/#organization\"},\"image\":{\"@id\":\"https:\\\/\\\/www.meydan.tv\\\/az\\\/article\\\/hekimler-xesteni-agir-veziyyetde-qoyub-asura-merasimine-getmisdi\\\/#primaryimage\"},\"thumbnailUrl\":\"https:\\\/\\\/www.meydan.tv\\\/wp-content\\\/uploads\\\/c138afe8-813d-4bfc-8538-05eaee62019a.jpeg\",\"articleSection\":[\"B\u00f6lg\u0259\"],\"inLanguage\":\"az\"},{\"@type\":\"WebPage\",\"@id\":\"https:\\\/\\\/www.meydan.tv\\\/az\\\/article\\\/hekimler-xesteni-agir-veziyyetde-qoyub-asura-merasimine-getmisdi\\\/\",\"url\":\"https:\\\/\\\/www.meydan.tv\\\/az\\\/article\\\/hekimler-xesteni-agir-veziyyetde-qoyub-asura-merasimine-getmisdi\\\/\",\"name\":\"\u201cH\u0259kiml\u0259r x\u0259st\u0259ni a\u011f\u0131r v\u0259ziyy\u0259td\u0259 qoyub A\u015furada qantoplama aksiyas\u0131na gedibl\u0259r\\\" - MEYDAN.TV\",\"isPartOf\":{\"@id\":\"https:\\\/\\\/www.meydan.tv\\\/az\\\/#website\"},\"primaryImageOfPage\":{\"@id\":\"https:\\\/\\\/www.meydan.tv\\\/az\\\/article\\\/hekimler-xesteni-agir-veziyyetde-qoyub-asura-merasimine-getmisdi\\\/#primaryimage\"},\"image\":{\"@id\":\"https:\\\/\\\/www.meydan.tv\\\/az\\\/article\\\/hekimler-xesteni-agir-veziyyetde-qoyub-asura-merasimine-getmisdi\\\/#primaryimage\"},\"thumbnailUrl\":\"https:\\\/\\\/www.meydan.tv\\\/wp-content\\\/uploads\\\/c138afe8-813d-4bfc-8538-05eaee62019a.jpeg\",\"datePublished\":\"2019-09-20T15:13:09+00:00\",\"breadcrumb\":{\"@id\":\"https:\\\/\\\/www.meydan.tv\\\/az\\\/article\\\/hekimler-xesteni-agir-veziyyetde-qoyub-asura-merasimine-getmisdi\\\/#breadcrumb\"},\"inLanguage\":\"az\",\"potentialAction\":[{\"@type\":\"ReadAction\",\"target\":[\"https:\\\/\\\/www.meydan.tv\\\/az\\\/article\\\/hekimler-xesteni-agir-veziyyetde-qoyub-asura-merasimine-getmisdi\\\/\"]}]},{\"@type\":\"ImageObject\",\"inLanguage\":\"az\",\"@id\":\"https:\\\/\\\/www.meydan.tv\\\/az\\\/article\\\/hekimler-xesteni-agir-veziyyetde-qoyub-asura-merasimine-getmisdi\\\/#primaryimage\",\"url\":\"https:\\\/\\\/www.meydan.tv\\\/wp-content\\\/uploads\\\/c138afe8-813d-4bfc-8538-05eaee62019a.jpeg\",\"contentUrl\":\"https:\\\/\\\/www.meydan.tv\\\/wp-content\\\/uploads\\\/c138afe8-813d-4bfc-8538-05eaee62019a.jpeg\",\"width\":766,\"height\":559,\"caption\":\"Source: Meydan Tv\"},{\"@type\":\"BreadcrumbList\",\"@id\":\"https:\\\/\\\/www.meydan.tv\\\/az\\\/article\\\/hekimler-xesteni-agir-veziyyetde-qoyub-asura-merasimine-getmisdi\\\/#breadcrumb\",\"itemListElement\":[{\"@type\":\"ListItem\",\"position\":1,\"name\":\"Ana s\u0259hif\u0259\",\"item\":\"https:\\\/\\\/www.meydan.tv\\\/az\\\/\"},{\"@type\":\"ListItem\",\"position\":2,\"name\":\"B\u00f6lg\u0259\",\"item\":\"https:\\\/\\\/www.meydan.tv\\\/az\\\/section\\\/bolge\\\/\"},{\"@type\":\"ListItem\",\"position\":3,\"name\":\"\u201cH\u0259kiml\u0259r x\u0259st\u0259ni a\u011f\u0131r v\u0259ziyy\u0259td\u0259 qoyub A\u015furada qantoplama aksiyas\u0131na gedibl\u0259r&#8221;\"}]},{\"@type\":\"WebSite\",\"@id\":\"https:\\\/\\\/www.meydan.tv\\\/az\\\/#website\",\"url\":\"https:\\\/\\\/www.meydan.tv\\\/az\\\/\",\"name\":\"MEYDAN.TV\",\"description\":\"Meydan TV Az\u0259rbaycan\u0131n media m\u0259kan\u0131ndak\u0131 alternativ s\u0259sidir\",\"publisher\":{\"@id\":\"https:\\\/\\\/www.meydan.tv\\\/az\\\/#organization\"},\"potentialAction\":[{\"@type\":\"SearchAction\",\"target\":{\"@type\":\"EntryPoint\",\"urlTemplate\":\"https:\\\/\\\/www.meydan.tv\\\/az\\\/?s={search_term_string}\"},\"query-input\":{\"@type\":\"PropertyValueSpecification\",\"valueRequired\":true,\"valueName\":\"search_term_string\"}}],\"inLanguage\":\"az\"},{\"@type\":\"Organization\",\"@id\":\"https:\\\/\\\/www.meydan.tv\\\/az\\\/#organization\",\"name\":\"Meydan TV\",\"url\":\"https:\\\/\\\/www.meydan.tv\\\/az\\\/\",\"logo\":{\"@type\":\"ImageObject\",\"inLanguage\":\"az\",\"@id\":\"https:\\\/\\\/www.meydan.tv\\\/az\\\/#\\\/schema\\\/logo\\\/image\\\/\",\"url\":\"https:\\\/\\\/www.meydan.tv\\\/wp-content\\\/uploads\\\/2021\\\/07\\\/meydan-logo.svg\",\"contentUrl\":\"https:\\\/\\\/www.meydan.tv\\\/wp-content\\\/uploads\\\/2021\\\/07\\\/meydan-logo.svg\",\"width\":195,\"height\":46,\"caption\":\"Meydan TV\"},\"image\":{\"@id\":\"https:\\\/\\\/www.meydan.tv\\\/az\\\/#\\\/schema\\\/logo\\\/image\\\/\"}},{\"@type\":\"Person\",\"@id\":\"https:\\\/\\\/www.meydan.tv\\\/az\\\/#\\\/schema\\\/person\\\/10d11eccf6da3662cf5fdab9806ea91a\",\"name\":\"user-manager\"}]}<\/script>\n<!-- \/ Yoast SEO plugin. -->","yoast_head_json":{"title":"\u201cH\u0259kiml\u0259r x\u0259st\u0259ni a\u011f\u0131r v\u0259ziyy\u0259td\u0259 qoyub A\u015furada qantoplama aksiyas\u0131na gedibl\u0259r\" - MEYDAN.TV","robots":{"index":"index","follow":"follow","max-snippet":"max-snippet:-1","max-image-preview":"max-image-preview:large","max-video-preview":"max-video-preview:-1"},"canonical":"https:\/\/www.meydan.tv\/az\/article\/hekimler-xesteni-agir-veziyyetde-qoyub-asura-merasimine-getmisdi\/","og_locale":"az_AZ","og_type":"article","og_title":"\u201cH\u0259kiml\u0259r x\u0259st\u0259ni a\u011f\u0131r v\u0259ziyy\u0259td\u0259 qoyub A\u015furada qantoplama aksiyas\u0131na gedibl\u0259r\" - MEYDAN.TV","og_description":"\u015eirvan sakini deyir, 5 g\u00fcnd\u00fcr ki, x\u0259st\u0259xanaya a\u011f\u0131r v\u0259ziyy\u0259td\u0259 g\u00f6t\u00fcr\u00fcl\u0259n qarda\u015f\u0131 h\u0259kim bax\u0131ms\u0131zl\u0131\u011f\u0131 \u00fcz\u00fcnd\u0259n h\u0259yat\u0131n\u0131 itirm\u0259k \u00fczr\u0259dir","og_url":"https:\/\/www.meydan.tv\/az\/article\/hekimler-xesteni-agir-veziyyetde-qoyub-asura-merasimine-getmisdi\/","og_site_name":"MEYDAN.TV","article_published_time":"2019-09-20T15:13:09+00:00","og_image":[{"width":766,"height":559,"url":"https:\/\/www.meydan.tv\/wp-content\/uploads\/c138afe8-813d-4bfc-8538-05eaee62019a.jpeg","type":"image\/jpeg"}],"author":"user-manager","twitter_card":"summary_large_image","schema":{"@context":"https:\/\/schema.org","@graph":[{"@type":"Article","@id":"https:\/\/www.meydan.tv\/az\/article\/hekimler-xesteni-agir-veziyyetde-qoyub-asura-merasimine-getmisdi\/#article","isPartOf":{"@id":"https:\/\/www.meydan.tv\/az\/article\/hekimler-xesteni-agir-veziyyetde-qoyub-asura-merasimine-getmisdi\/"},"author":{"name":"user-manager","@id":"https:\/\/www.meydan.tv\/az\/#\/schema\/person\/10d11eccf6da3662cf5fdab9806ea91a"},"headline":"\u201cH\u0259kiml\u0259r x\u0259st\u0259ni a\u011f\u0131r v\u0259ziyy\u0259td\u0259 qoyub A\u015furada qantoplama aksiyas\u0131na gedibl\u0259r&#8221;","datePublished":"2019-09-20T15:13:09+00:00","mainEntityOfPage":{"@id":"https:\/\/www.meydan.tv\/az\/article\/hekimler-xesteni-agir-veziyyetde-qoyub-asura-merasimine-getmisdi\/"},"wordCount":1044,"publisher":{"@id":"https:\/\/www.meydan.tv\/az\/#organization"},"image":{"@id":"https:\/\/www.meydan.tv\/az\/article\/hekimler-xesteni-agir-veziyyetde-qoyub-asura-merasimine-getmisdi\/#primaryimage"},"thumbnailUrl":"https:\/\/www.meydan.tv\/wp-content\/uploads\/c138afe8-813d-4bfc-8538-05eaee62019a.jpeg","articleSection":["B\u00f6lg\u0259"],"inLanguage":"az"},{"@type":"WebPage","@id":"https:\/\/www.meydan.tv\/az\/article\/hekimler-xesteni-agir-veziyyetde-qoyub-asura-merasimine-getmisdi\/","url":"https:\/\/www.meydan.tv\/az\/article\/hekimler-xesteni-agir-veziyyetde-qoyub-asura-merasimine-getmisdi\/","name":"\u201cH\u0259kiml\u0259r x\u0259st\u0259ni a\u011f\u0131r v\u0259ziyy\u0259td\u0259 qoyub A\u015furada qantoplama aksiyas\u0131na gedibl\u0259r\" - MEYDAN.TV","isPartOf":{"@id":"https:\/\/www.meydan.tv\/az\/#website"},"primaryImageOfPage":{"@id":"https:\/\/www.meydan.tv\/az\/article\/hekimler-xesteni-agir-veziyyetde-qoyub-asura-merasimine-getmisdi\/#primaryimage"},"image":{"@id":"https:\/\/www.meydan.tv\/az\/article\/hekimler-xesteni-agir-veziyyetde-qoyub-asura-merasimine-getmisdi\/#primaryimage"},"thumbnailUrl":"https:\/\/www.meydan.tv\/wp-content\/uploads\/c138afe8-813d-4bfc-8538-05eaee62019a.jpeg","datePublished":"2019-09-20T15:13:09+00:00","breadcrumb":{"@id":"https:\/\/www.meydan.tv\/az\/article\/hekimler-xesteni-agir-veziyyetde-qoyub-asura-merasimine-getmisdi\/#breadcrumb"},"inLanguage":"az","potentialAction":[{"@type":"ReadAction","target":["https:\/\/www.meydan.tv\/az\/article\/hekimler-xesteni-agir-veziyyetde-qoyub-asura-merasimine-getmisdi\/"]}]},{"@type":"ImageObject","inLanguage":"az","@id":"https:\/\/www.meydan.tv\/az\/article\/hekimler-xesteni-agir-veziyyetde-qoyub-asura-merasimine-getmisdi\/#primaryimage","url":"https:\/\/www.meydan.tv\/wp-content\/uploads\/c138afe8-813d-4bfc-8538-05eaee62019a.jpeg","contentUrl":"https:\/\/www.meydan.tv\/wp-content\/uploads\/c138afe8-813d-4bfc-8538-05eaee62019a.jpeg","width":766,"height":559,"caption":"Source: Meydan Tv"},{"@type":"BreadcrumbList","@id":"https:\/\/www.meydan.tv\/az\/article\/hekimler-xesteni-agir-veziyyetde-qoyub-asura-merasimine-getmisdi\/#breadcrumb","itemListElement":[{"@type":"ListItem","position":1,"name":"Ana s\u0259hif\u0259","item":"https:\/\/www.meydan.tv\/az\/"},{"@type":"ListItem","position":2,"name":"B\u00f6lg\u0259","item":"https:\/\/www.meydan.tv\/az\/section\/bolge\/"},{"@type":"ListItem","position":3,"name":"\u201cH\u0259kiml\u0259r x\u0259st\u0259ni a\u011f\u0131r v\u0259ziyy\u0259td\u0259 qoyub A\u015furada qantoplama aksiyas\u0131na gedibl\u0259r&#8221;"}]},{"@type":"WebSite","@id":"https:\/\/www.meydan.tv\/az\/#website","url":"https:\/\/www.meydan.tv\/az\/","name":"MEYDAN.TV","description":"Meydan TV Az\u0259rbaycan\u0131n media m\u0259kan\u0131ndak\u0131 alternativ s\u0259sidir","publisher":{"@id":"https:\/\/www.meydan.tv\/az\/#organization"},"potentialAction":[{"@type":"SearchAction","target":{"@type":"EntryPoint","urlTemplate":"https:\/\/www.meydan.tv\/az\/?s={search_term_string}"},"query-input":{"@type":"PropertyValueSpecification","valueRequired":true,"valueName":"search_term_string"}}],"inLanguage":"az"},{"@type":"Organization","@id":"https:\/\/www.meydan.tv\/az\/#organization","name":"Meydan TV","url":"https:\/\/www.meydan.tv\/az\/","logo":{"@type":"ImageObject","inLanguage":"az","@id":"https:\/\/www.meydan.tv\/az\/#\/schema\/logo\/image\/","url":"https:\/\/www.meydan.tv\/wp-content\/uploads\/2021\/07\/meydan-logo.svg","contentUrl":"https:\/\/www.meydan.tv\/wp-content\/uploads\/2021\/07\/meydan-logo.svg","width":195,"height":46,"caption":"Meydan TV"},"image":{"@id":"https:\/\/www.meydan.tv\/az\/#\/schema\/logo\/image\/"}},{"@type":"Person","@id":"https:\/\/www.meydan.tv\/az\/#\/schema\/person\/10d11eccf6da3662cf5fdab9806ea91a","name":"user-manager"}]}},"_links":{"self":[{"href":"https:\/\/www.meydan.tv\/az\/wp-json\/wp\/v2\/posts\/197068","targetHints":{"allow":["GET"]}}],"collection":[{"href":"https:\/\/www.meydan.tv\/az\/wp-json\/wp\/v2\/posts"}],"about":[{"href":"https:\/\/www.meydan.tv\/az\/wp-json\/wp\/v2\/types\/post"}],"author":[{"embeddable":true,"href":"https:\/\/www.meydan.tv\/az\/wp-json\/wp\/v2\/users\/11"}],"replies":[{"embeddable":true,"href":"https:\/\/www.meydan.tv\/az\/wp-json\/wp\/v2\/comments?post=197068"}],"version-history":[{"count":0,"href":"https:\/\/www.meydan.tv\/az\/wp-json\/wp\/v2\/posts\/197068\/revisions"}],"wp:featuredmedia":[{"embeddable":true,"href":"https:\/\/www.meydan.tv\/az\/wp-json\/wp\/v2\/media\/129532"}],"wp:attachment":[{"href":"https:\/\/www.meydan.tv\/az\/wp-json\/wp\/v2\/media?parent=197068"}],"wp:term":[{"taxonomy":"category","embeddable":true,"href":"https:\/\/www.meydan.tv\/az\/wp-json\/wp\/v2\/categories?post=197068"},{"taxonomy":"post_tag","embeddable":true,"href":"https:\/\/www.meydan.tv\/az\/wp-json\/wp\/v2\/tags?post=197068"}],"curies":[{"name":"wp","href":"https:\/\/api.w.org\/{rel}","templated":true}]}}