{"id":197067,"date":"2019-09-20T14:54:11","date_gmt":"2019-09-20T14:54:11","guid":{"rendered":"https:\/\/www.meydan.tv\/article\/aslan-ismayilov-hebs-olunmaq-tehlukesi-ile-uzlesdiyini-bildirib\/"},"modified":"2019-09-20T14:54:11","modified_gmt":"2019-09-20T14:54:11","slug":"aslan-ismayilov-hebs-olunmaq-tehlukesi-ile-uzlesdiyini-bildirib","status":"publish","type":"post","link":"https:\/\/www.meydan.tv\/az\/article\/aslan-ismayilov-hebs-olunmaq-tehlukesi-ile-uzlesdiyini-bildirib\/","title":{"rendered":"Aslan \u0130smay\u0131lov h\u0259bs olunmaq t\u0259hl\u00fck\u0259si il\u0259 \u00fczl\u0259\u015fdiyini bildirib"},"content":{"rendered":"<p>\n  V\u0259kil Aslan \u0130smay\u0131lov \u00f6z\u00fcn\u00fcn v\u0259 o\u011flunun h\u0259bs olunmaq t\u0259hl\u00fck\u0259si il\u0259 \u00fczl\u0259\u015fdiyini bildirib. O, bu bar\u0259d\u0259 \u201cFacebook\u201d sosial \u015f\u0259b\u0259k\u0259sind\u0259ki profilind\u0259 yaz\u0131b. V\u0259kil bu m\u0259s\u0259l\u0259d\u0259 prezidentin k\u00f6m\u0259k\u00e7isi \u018fli H\u0259s\u0259novu g\u00fcnahland\u0131r\u0131b.\n<\/p>\n<p>\n  Aslan \u0130smay\u0131lov yaz\u0131b ki, \u018fli H\u0259s\u0259nov onu v\u0259 o\u011flunu V\u0259t\u0259n\u0259 x\u0259yan\u0259td\u0259 ittiham edib tutdurmaq ist\u0259yir. V\u0259kil D\u00f6vl\u0259t T\u0259hl\u00fck\u0259sizlik Xidm\u0259tinin r\u0259isi \u018fli Na\u011f\u0131yev\u0259 m\u00fcraci\u0259t etdiyini bildirib. M\u00fcraci\u0259tind\u0259 o yaz\u0131b:\n<\/p>\n<p>\n  \u201cSiz d\u0259 t\u0259l\u0259b edin ki, \u018fli H\u0259s\u0259novun diqt\u0259si il\u0259 yaz\u0131lan \u0259riz\u0259l\u0259r, h\u0259m d\u0259 m\u0259nim \u0259riz\u0259m \u0259trafl\u0131 yoxlan\u0131ls\u0131n v\u0259 Siz\u0259 m\u0259lumat verilsin. B\u0259lk\u0259 do\u011frudan da m\u0259n V\u0259t\u0259n xainiy\u0259m? DTX ara\u015fd\u0131rs\u0131n v\u0259 Siz\u0259 m\u0259lumat versin. Yox, el\u0259 deyils\u0259 \u018fli H\u0259s\u0259nov kimdir, m\u0259qs\u0259di n\u0259dir, s\u00f6y\u00fc\u015f kampaniyas\u0131na n\u0259 \u00fc\u00e7\u00fcn ba\u015f\u00e7\u0131l\u0131q edir, bu bar\u0259d\u0259 d\u0259 Siz\u0259 m\u0259lumat versinl\u0259r. Bu bar\u0259d\u0259 h\u0259rt\u0259r\u0259fli ara\u015fd\u0131rmaya nail olsaq, d\u00f6vl\u0259timizin hans\u0131 t\u0259hl\u00fck\u0259d\u0259 oldu\u011funu g\u00f6r\u0259c\u0259ksiniz\u201d.\n<\/p>\n<p>\n  V\u0259kil ist\u0259nil\u0259n vaxt \u00f6lk\u0259d\u0259n getm\u0259k imkan\u0131n\u0131n oldu\u011funu xat\u0131rladaraq bildirib ki, onun Az\u0259rbaycan\u0131 t\u0259rk etm\u0259k fikri yoxdur:\n<\/p>\n<p>\n  \u201cM\u0259n t\u0259l\u0259b edir\u0259m, Siz d\u0259 qo\u015fulun, qoy o\u011flanlar\u0131m Ziy\u0259ddin v\u0259 Vaqif \u0130smay\u0131lovlar\u0131n, maraqlar\u0131 olsa ail\u0259min dig\u0259r \u00fczvl\u0259rinin, qohum-\u0259qr\u0259bam\u0131n da f\u0259aliyy\u0259tini ara\u015fd\u0131rs\u0131nlar, hans\u0131 q\u0259bah\u0259tl\u0259ri varsa elan etsinl\u0259r. Bununla bel\u0259 \u018fli H\u0259s\u0259novun ail\u0259 \u00fczvl\u0259rinin v\u0259 \u0259n y\u00fcks\u0259k v\u0259zif\u0259d\u0259 olan qohum-\u0259qr\u0259bas\u0131n\u0131n f\u0259aliyy\u0259tini, \u00f6lk\u0259ni talan etm\u0259l\u0259rini, d\u00f6vl\u0259t\u00e7iliyimiz\u0259 hans\u0131 t\u0259hl\u00fck\u0259l\u0259ri yaratd\u0131qlar\u0131n\u0131 ara\u015fd\u0131rs\u0131nlar v\u0259 m\u0259lumat versinl\u0259r. Siz d\u0259 seyr\u00e7i olmay\u0131n, he\u00e7 kim\u0259, o c\u00fcml\u0259d\u0259n m\u0259n\u0259 d\u0259 inanmay\u0131n, \u00f6z\u00fcn\u00fcz ara\u015fd\u0131r\u0131n. \u0130ndi bunu etm\u0259k \u00e7ox asand\u0131r. Sosial \u015f\u0259b\u0259k\u0259l\u0259rin, \u00f6z \u0259laq\u0259l\u0259rinizin imkanlar\u0131ndan istifad\u0259 edin. Az\u0259rbaycan \u00e7ox balaca \u00f6lk\u0259dir. Ham\u0131 ham\u0131n\u0131 tan\u0131y\u0131r. Ara\u015fd\u0131r\u0131n v\u0259 ictimail\u0259\u015fdirin\u201d.\n<\/p>\n<p>\n  Bundan ba\u015fqa Adil \u0130smay\u0131lov qeyri-h\u00f6kum\u0259t t\u0259\u015fkilatlar\u0131na, siyas\u0259t adamlar\u0131na, tan\u0131nm\u0131\u015f ziyal\u0131lara da m\u00fcraci\u0259t edib.\n<\/p>\n<p>\n  \u201cBir-birimiz\u0259 m\u00fcnasib\u0259td\u0259n as\u0131l\u0131 olmayaraq Siz d\u0259 qo\u015fulun. Birinci n\u00f6vb\u0259d\u0259 haqq\u0131mda n\u00f6qsanlar\u0131m\u0131, q\u0259bah\u0259timi, cinay\u0259tl\u0259rimi bilirsinizs\u0259 elan edin, if\u015fa edin. Eyni h\u0259r\u0259k\u0259ti \u018fli H\u0259s\u0259nov komandas\u0131na qar\u015f\u0131 da edin. \u018fg\u0259r kimins\u0259 \u0259lin\u0259 oynay\u0131ramsa, h\u0259r\u0259k\u0259tl\u0259rimd\u0259, yaz\u0131lar\u0131mda, \u00e7\u0131x\u0131\u015flar\u0131mda d\u00f6vl\u0259t\u00e7ilikd\u0259n ba\u015fqa dig\u0259r mara\u011f\u0131m varsa bunu elan edin. Ba\u015f ver\u0259nl\u0259r\u0259, D\u00f6vl\u0259tinizin g\u0259l\u0259c\u0259yin\u0259 bigan\u0259 qalmay\u0131n, c\u0259miyy\u0259tin t\u0259mizl\u0259nm\u0259si \u00fc\u00e7\u00fcn h\u0259r\u0259k\u0259t edin, pisl\u0259ri if\u015fa edin, haqs\u0131zl\u0131\u011fa susmay\u0131n. \u018fmin\u0259m ki, bu g\u00fcn Az\u0259rbaycanda \u00e7ox ciddi hadis\u0259l\u0259r ba\u015f verir v\u0259 bu hadis\u0259l\u0259r h\u0259m\u00e7inin Qaraba\u011f\u0131n taleyin\u0259 birba\u015fa t\u0259sir ed\u0259c\u0259k. Ona da \u0259min\u0259m ki, tarix bu g\u00fcn ba\u015f ver\u0259nl\u0259r\u0259, kiml\u0259rin nec\u0259 yana\u015fd\u0131\u011f\u0131na h\u00f6km\u0259n d\u00fczg\u00fcn qiym\u0259t ver\u0259c\u0259k!\u201d<\/p>\n","protected":false},"excerpt":{"rendered":"<p>V\u0259kil bu m\u0259s\u0259l\u0259d\u0259 prezidentin k\u00f6m\u0259k\u00e7isi \u018fli H\u0259s\u0259novu ittiham edib<\/p>\n","protected":false},"author":11,"featured_media":129979,"comment_status":"closed","ping_status":"open","sticky":false,"template":"","format":"standard","meta":{"_acf_changed":false,"_sitemap_exclude":false,"_sitemap_priority":"","_sitemap_frequency":"","footnotes":""},"categories":[59],"tags":[],"class_list":["post-197067","post","type-post","status-publish","format-standard","has-post-thumbnail","hentry","category-siyaset","infinite-scroll-item","generate-columns","tablet-grid-50","mobile-grid-100","grid-parent","grid-33","no-featured-image-padding"],"acf":[],"yoast_head":"<!-- This site is optimized with the Yoast SEO plugin v27.5 - https:\/\/yoast.com\/product\/yoast-seo-wordpress\/ -->\n<title>Aslan \u0130smay\u0131lov h\u0259bs olunmaq t\u0259hl\u00fck\u0259si il\u0259 \u00fczl\u0259\u015fdiyini bildirib - MEYDAN.TV<\/title>\n<meta name=\"robots\" content=\"index, follow, max-snippet:-1, max-image-preview:large, max-video-preview:-1\" \/>\n<link rel=\"canonical\" href=\"https:\/\/www.meydan.tv\/az\/article\/aslan-ismayilov-hebs-olunmaq-tehlukesi-ile-uzlesdiyini-bildirib\/\" \/>\n<meta property=\"og:locale\" content=\"az_AZ\" \/>\n<meta property=\"og:type\" content=\"article\" \/>\n<meta property=\"og:title\" content=\"Aslan \u0130smay\u0131lov h\u0259bs olunmaq t\u0259hl\u00fck\u0259si il\u0259 \u00fczl\u0259\u015fdiyini bildirib - MEYDAN.TV\" \/>\n<meta property=\"og:description\" content=\"V\u0259kil bu m\u0259s\u0259l\u0259d\u0259 prezidentin k\u00f6m\u0259k\u00e7isi \u018fli H\u0259s\u0259novu ittiham edib\" \/>\n<meta property=\"og:url\" content=\"https:\/\/www.meydan.tv\/az\/article\/aslan-ismayilov-hebs-olunmaq-tehlukesi-ile-uzlesdiyini-bildirib\/\" \/>\n<meta property=\"og:site_name\" content=\"MEYDAN.TV\" \/>\n<meta property=\"article:published_time\" content=\"2019-09-20T14:54:11+00:00\" \/>\n<meta property=\"og:image\" content=\"https:\/\/www.meydan.tv\/wp-content\/uploads\/70941596_2715252361826569_8304528513327693824_n.jpg\" \/>\n\t<meta property=\"og:image:width\" content=\"960\" \/>\n\t<meta property=\"og:image:height\" content=\"640\" \/>\n\t<meta property=\"og:image:type\" content=\"image\/jpeg\" \/>\n<meta name=\"author\" content=\"user-manager\" \/>\n<meta name=\"twitter:card\" content=\"summary_large_image\" \/>\n<script type=\"application\/ld+json\" class=\"yoast-schema-graph\">{\"@context\":\"https:\\\/\\\/schema.org\",\"@graph\":[{\"@type\":\"Article\",\"@id\":\"https:\\\/\\\/www.meydan.tv\\\/az\\\/article\\\/aslan-ismayilov-hebs-olunmaq-tehlukesi-ile-uzlesdiyini-bildirib\\\/#article\",\"isPartOf\":{\"@id\":\"https:\\\/\\\/www.meydan.tv\\\/az\\\/article\\\/aslan-ismayilov-hebs-olunmaq-tehlukesi-ile-uzlesdiyini-bildirib\\\/\"},\"author\":{\"name\":\"user-manager\",\"@id\":\"https:\\\/\\\/www.meydan.tv\\\/az\\\/#\\\/schema\\\/person\\\/10d11eccf6da3662cf5fdab9806ea91a\"},\"headline\":\"Aslan \u0130smay\u0131lov h\u0259bs olunmaq t\u0259hl\u00fck\u0259si il\u0259 \u00fczl\u0259\u015fdiyini bildirib\",\"datePublished\":\"2019-09-20T14:54:11+00:00\",\"mainEntityOfPage\":{\"@id\":\"https:\\\/\\\/www.meydan.tv\\\/az\\\/article\\\/aslan-ismayilov-hebs-olunmaq-tehlukesi-ile-uzlesdiyini-bildirib\\\/\"},\"wordCount\":638,\"publisher\":{\"@id\":\"https:\\\/\\\/www.meydan.tv\\\/az\\\/#organization\"},\"image\":{\"@id\":\"https:\\\/\\\/www.meydan.tv\\\/az\\\/article\\\/aslan-ismayilov-hebs-olunmaq-tehlukesi-ile-uzlesdiyini-bildirib\\\/#primaryimage\"},\"thumbnailUrl\":\"https:\\\/\\\/www.meydan.tv\\\/wp-content\\\/uploads\\\/70941596_2715252361826569_8304528513327693824_n.jpg\",\"articleSection\":[\"Siyas\u0259t\"],\"inLanguage\":\"az\"},{\"@type\":\"WebPage\",\"@id\":\"https:\\\/\\\/www.meydan.tv\\\/az\\\/article\\\/aslan-ismayilov-hebs-olunmaq-tehlukesi-ile-uzlesdiyini-bildirib\\\/\",\"url\":\"https:\\\/\\\/www.meydan.tv\\\/az\\\/article\\\/aslan-ismayilov-hebs-olunmaq-tehlukesi-ile-uzlesdiyini-bildirib\\\/\",\"name\":\"Aslan \u0130smay\u0131lov h\u0259bs olunmaq t\u0259hl\u00fck\u0259si il\u0259 \u00fczl\u0259\u015fdiyini bildirib - MEYDAN.TV\",\"isPartOf\":{\"@id\":\"https:\\\/\\\/www.meydan.tv\\\/az\\\/#website\"},\"primaryImageOfPage\":{\"@id\":\"https:\\\/\\\/www.meydan.tv\\\/az\\\/article\\\/aslan-ismayilov-hebs-olunmaq-tehlukesi-ile-uzlesdiyini-bildirib\\\/#primaryimage\"},\"image\":{\"@id\":\"https:\\\/\\\/www.meydan.tv\\\/az\\\/article\\\/aslan-ismayilov-hebs-olunmaq-tehlukesi-ile-uzlesdiyini-bildirib\\\/#primaryimage\"},\"thumbnailUrl\":\"https:\\\/\\\/www.meydan.tv\\\/wp-content\\\/uploads\\\/70941596_2715252361826569_8304528513327693824_n.jpg\",\"datePublished\":\"2019-09-20T14:54:11+00:00\",\"breadcrumb\":{\"@id\":\"https:\\\/\\\/www.meydan.tv\\\/az\\\/article\\\/aslan-ismayilov-hebs-olunmaq-tehlukesi-ile-uzlesdiyini-bildirib\\\/#breadcrumb\"},\"inLanguage\":\"az\",\"potentialAction\":[{\"@type\":\"ReadAction\",\"target\":[\"https:\\\/\\\/www.meydan.tv\\\/az\\\/article\\\/aslan-ismayilov-hebs-olunmaq-tehlukesi-ile-uzlesdiyini-bildirib\\\/\"]}]},{\"@type\":\"ImageObject\",\"inLanguage\":\"az\",\"@id\":\"https:\\\/\\\/www.meydan.tv\\\/az\\\/article\\\/aslan-ismayilov-hebs-olunmaq-tehlukesi-ile-uzlesdiyini-bildirib\\\/#primaryimage\",\"url\":\"https:\\\/\\\/www.meydan.tv\\\/wp-content\\\/uploads\\\/70941596_2715252361826569_8304528513327693824_n.jpg\",\"contentUrl\":\"https:\\\/\\\/www.meydan.tv\\\/wp-content\\\/uploads\\\/70941596_2715252361826569_8304528513327693824_n.jpg\",\"width\":960,\"height\":640,\"caption\":\"Source: Facebook\"},{\"@type\":\"BreadcrumbList\",\"@id\":\"https:\\\/\\\/www.meydan.tv\\\/az\\\/article\\\/aslan-ismayilov-hebs-olunmaq-tehlukesi-ile-uzlesdiyini-bildirib\\\/#breadcrumb\",\"itemListElement\":[{\"@type\":\"ListItem\",\"position\":1,\"name\":\"Ana s\u0259hif\u0259\",\"item\":\"https:\\\/\\\/www.meydan.tv\\\/az\\\/\"},{\"@type\":\"ListItem\",\"position\":2,\"name\":\"Siyas\u0259t\",\"item\":\"https:\\\/\\\/www.meydan.tv\\\/az\\\/section\\\/siyaset\\\/\"},{\"@type\":\"ListItem\",\"position\":3,\"name\":\"Aslan \u0130smay\u0131lov h\u0259bs olunmaq t\u0259hl\u00fck\u0259si il\u0259 \u00fczl\u0259\u015fdiyini bildirib\"}]},{\"@type\":\"WebSite\",\"@id\":\"https:\\\/\\\/www.meydan.tv\\\/az\\\/#website\",\"url\":\"https:\\\/\\\/www.meydan.tv\\\/az\\\/\",\"name\":\"MEYDAN.TV\",\"description\":\"Meydan TV Az\u0259rbaycan\u0131n media m\u0259kan\u0131ndak\u0131 alternativ s\u0259sidir\",\"publisher\":{\"@id\":\"https:\\\/\\\/www.meydan.tv\\\/az\\\/#organization\"},\"potentialAction\":[{\"@type\":\"SearchAction\",\"target\":{\"@type\":\"EntryPoint\",\"urlTemplate\":\"https:\\\/\\\/www.meydan.tv\\\/az\\\/?s={search_term_string}\"},\"query-input\":{\"@type\":\"PropertyValueSpecification\",\"valueRequired\":true,\"valueName\":\"search_term_string\"}}],\"inLanguage\":\"az\"},{\"@type\":\"Organization\",\"@id\":\"https:\\\/\\\/www.meydan.tv\\\/az\\\/#organization\",\"name\":\"Meydan TV\",\"url\":\"https:\\\/\\\/www.meydan.tv\\\/az\\\/\",\"logo\":{\"@type\":\"ImageObject\",\"inLanguage\":\"az\",\"@id\":\"https:\\\/\\\/www.meydan.tv\\\/az\\\/#\\\/schema\\\/logo\\\/image\\\/\",\"url\":\"https:\\\/\\\/www.meydan.tv\\\/wp-content\\\/uploads\\\/2021\\\/07\\\/meydan-logo.svg\",\"contentUrl\":\"https:\\\/\\\/www.meydan.tv\\\/wp-content\\\/uploads\\\/2021\\\/07\\\/meydan-logo.svg\",\"width\":195,\"height\":46,\"caption\":\"Meydan TV\"},\"image\":{\"@id\":\"https:\\\/\\\/www.meydan.tv\\\/az\\\/#\\\/schema\\\/logo\\\/image\\\/\"}},{\"@type\":\"Person\",\"@id\":\"https:\\\/\\\/www.meydan.tv\\\/az\\\/#\\\/schema\\\/person\\\/10d11eccf6da3662cf5fdab9806ea91a\",\"name\":\"user-manager\"}]}<\/script>\n<!-- \/ Yoast SEO plugin. -->","yoast_head_json":{"title":"Aslan \u0130smay\u0131lov h\u0259bs olunmaq t\u0259hl\u00fck\u0259si il\u0259 \u00fczl\u0259\u015fdiyini bildirib - MEYDAN.TV","robots":{"index":"index","follow":"follow","max-snippet":"max-snippet:-1","max-image-preview":"max-image-preview:large","max-video-preview":"max-video-preview:-1"},"canonical":"https:\/\/www.meydan.tv\/az\/article\/aslan-ismayilov-hebs-olunmaq-tehlukesi-ile-uzlesdiyini-bildirib\/","og_locale":"az_AZ","og_type":"article","og_title":"Aslan \u0130smay\u0131lov h\u0259bs olunmaq t\u0259hl\u00fck\u0259si il\u0259 \u00fczl\u0259\u015fdiyini bildirib - MEYDAN.TV","og_description":"V\u0259kil bu m\u0259s\u0259l\u0259d\u0259 prezidentin k\u00f6m\u0259k\u00e7isi \u018fli H\u0259s\u0259novu ittiham edib","og_url":"https:\/\/www.meydan.tv\/az\/article\/aslan-ismayilov-hebs-olunmaq-tehlukesi-ile-uzlesdiyini-bildirib\/","og_site_name":"MEYDAN.TV","article_published_time":"2019-09-20T14:54:11+00:00","og_image":[{"width":960,"height":640,"url":"https:\/\/www.meydan.tv\/wp-content\/uploads\/70941596_2715252361826569_8304528513327693824_n.jpg","type":"image\/jpeg"}],"author":"user-manager","twitter_card":"summary_large_image","schema":{"@context":"https:\/\/schema.org","@graph":[{"@type":"Article","@id":"https:\/\/www.meydan.tv\/az\/article\/aslan-ismayilov-hebs-olunmaq-tehlukesi-ile-uzlesdiyini-bildirib\/#article","isPartOf":{"@id":"https:\/\/www.meydan.tv\/az\/article\/aslan-ismayilov-hebs-olunmaq-tehlukesi-ile-uzlesdiyini-bildirib\/"},"author":{"name":"user-manager","@id":"https:\/\/www.meydan.tv\/az\/#\/schema\/person\/10d11eccf6da3662cf5fdab9806ea91a"},"headline":"Aslan \u0130smay\u0131lov h\u0259bs olunmaq t\u0259hl\u00fck\u0259si il\u0259 \u00fczl\u0259\u015fdiyini bildirib","datePublished":"2019-09-20T14:54:11+00:00","mainEntityOfPage":{"@id":"https:\/\/www.meydan.tv\/az\/article\/aslan-ismayilov-hebs-olunmaq-tehlukesi-ile-uzlesdiyini-bildirib\/"},"wordCount":638,"publisher":{"@id":"https:\/\/www.meydan.tv\/az\/#organization"},"image":{"@id":"https:\/\/www.meydan.tv\/az\/article\/aslan-ismayilov-hebs-olunmaq-tehlukesi-ile-uzlesdiyini-bildirib\/#primaryimage"},"thumbnailUrl":"https:\/\/www.meydan.tv\/wp-content\/uploads\/70941596_2715252361826569_8304528513327693824_n.jpg","articleSection":["Siyas\u0259t"],"inLanguage":"az"},{"@type":"WebPage","@id":"https:\/\/www.meydan.tv\/az\/article\/aslan-ismayilov-hebs-olunmaq-tehlukesi-ile-uzlesdiyini-bildirib\/","url":"https:\/\/www.meydan.tv\/az\/article\/aslan-ismayilov-hebs-olunmaq-tehlukesi-ile-uzlesdiyini-bildirib\/","name":"Aslan \u0130smay\u0131lov h\u0259bs olunmaq t\u0259hl\u00fck\u0259si il\u0259 \u00fczl\u0259\u015fdiyini bildirib - MEYDAN.TV","isPartOf":{"@id":"https:\/\/www.meydan.tv\/az\/#website"},"primaryImageOfPage":{"@id":"https:\/\/www.meydan.tv\/az\/article\/aslan-ismayilov-hebs-olunmaq-tehlukesi-ile-uzlesdiyini-bildirib\/#primaryimage"},"image":{"@id":"https:\/\/www.meydan.tv\/az\/article\/aslan-ismayilov-hebs-olunmaq-tehlukesi-ile-uzlesdiyini-bildirib\/#primaryimage"},"thumbnailUrl":"https:\/\/www.meydan.tv\/wp-content\/uploads\/70941596_2715252361826569_8304528513327693824_n.jpg","datePublished":"2019-09-20T14:54:11+00:00","breadcrumb":{"@id":"https:\/\/www.meydan.tv\/az\/article\/aslan-ismayilov-hebs-olunmaq-tehlukesi-ile-uzlesdiyini-bildirib\/#breadcrumb"},"inLanguage":"az","potentialAction":[{"@type":"ReadAction","target":["https:\/\/www.meydan.tv\/az\/article\/aslan-ismayilov-hebs-olunmaq-tehlukesi-ile-uzlesdiyini-bildirib\/"]}]},{"@type":"ImageObject","inLanguage":"az","@id":"https:\/\/www.meydan.tv\/az\/article\/aslan-ismayilov-hebs-olunmaq-tehlukesi-ile-uzlesdiyini-bildirib\/#primaryimage","url":"https:\/\/www.meydan.tv\/wp-content\/uploads\/70941596_2715252361826569_8304528513327693824_n.jpg","contentUrl":"https:\/\/www.meydan.tv\/wp-content\/uploads\/70941596_2715252361826569_8304528513327693824_n.jpg","width":960,"height":640,"caption":"Source: Facebook"},{"@type":"BreadcrumbList","@id":"https:\/\/www.meydan.tv\/az\/article\/aslan-ismayilov-hebs-olunmaq-tehlukesi-ile-uzlesdiyini-bildirib\/#breadcrumb","itemListElement":[{"@type":"ListItem","position":1,"name":"Ana s\u0259hif\u0259","item":"https:\/\/www.meydan.tv\/az\/"},{"@type":"ListItem","position":2,"name":"Siyas\u0259t","item":"https:\/\/www.meydan.tv\/az\/section\/siyaset\/"},{"@type":"ListItem","position":3,"name":"Aslan \u0130smay\u0131lov h\u0259bs olunmaq t\u0259hl\u00fck\u0259si il\u0259 \u00fczl\u0259\u015fdiyini bildirib"}]},{"@type":"WebSite","@id":"https:\/\/www.meydan.tv\/az\/#website","url":"https:\/\/www.meydan.tv\/az\/","name":"MEYDAN.TV","description":"Meydan TV Az\u0259rbaycan\u0131n media m\u0259kan\u0131ndak\u0131 alternativ s\u0259sidir","publisher":{"@id":"https:\/\/www.meydan.tv\/az\/#organization"},"potentialAction":[{"@type":"SearchAction","target":{"@type":"EntryPoint","urlTemplate":"https:\/\/www.meydan.tv\/az\/?s={search_term_string}"},"query-input":{"@type":"PropertyValueSpecification","valueRequired":true,"valueName":"search_term_string"}}],"inLanguage":"az"},{"@type":"Organization","@id":"https:\/\/www.meydan.tv\/az\/#organization","name":"Meydan TV","url":"https:\/\/www.meydan.tv\/az\/","logo":{"@type":"ImageObject","inLanguage":"az","@id":"https:\/\/www.meydan.tv\/az\/#\/schema\/logo\/image\/","url":"https:\/\/www.meydan.tv\/wp-content\/uploads\/2021\/07\/meydan-logo.svg","contentUrl":"https:\/\/www.meydan.tv\/wp-content\/uploads\/2021\/07\/meydan-logo.svg","width":195,"height":46,"caption":"Meydan TV"},"image":{"@id":"https:\/\/www.meydan.tv\/az\/#\/schema\/logo\/image\/"}},{"@type":"Person","@id":"https:\/\/www.meydan.tv\/az\/#\/schema\/person\/10d11eccf6da3662cf5fdab9806ea91a","name":"user-manager"}]}},"_links":{"self":[{"href":"https:\/\/www.meydan.tv\/az\/wp-json\/wp\/v2\/posts\/197067","targetHints":{"allow":["GET"]}}],"collection":[{"href":"https:\/\/www.meydan.tv\/az\/wp-json\/wp\/v2\/posts"}],"about":[{"href":"https:\/\/www.meydan.tv\/az\/wp-json\/wp\/v2\/types\/post"}],"author":[{"embeddable":true,"href":"https:\/\/www.meydan.tv\/az\/wp-json\/wp\/v2\/users\/11"}],"replies":[{"embeddable":true,"href":"https:\/\/www.meydan.tv\/az\/wp-json\/wp\/v2\/comments?post=197067"}],"version-history":[{"count":0,"href":"https:\/\/www.meydan.tv\/az\/wp-json\/wp\/v2\/posts\/197067\/revisions"}],"wp:featuredmedia":[{"embeddable":true,"href":"https:\/\/www.meydan.tv\/az\/wp-json\/wp\/v2\/media\/129979"}],"wp:attachment":[{"href":"https:\/\/www.meydan.tv\/az\/wp-json\/wp\/v2\/media?parent=197067"}],"wp:term":[{"taxonomy":"category","embeddable":true,"href":"https:\/\/www.meydan.tv\/az\/wp-json\/wp\/v2\/categories?post=197067"},{"taxonomy":"post_tag","embeddable":true,"href":"https:\/\/www.meydan.tv\/az\/wp-json\/wp\/v2\/tags?post=197067"}],"curies":[{"name":"wp","href":"https:\/\/api.w.org\/{rel}","templated":true}]}}