{"id":197066,"date":"2019-09-20T14:38:16","date_gmt":"2019-09-20T14:38:16","guid":{"rendered":"https:\/\/www.meydan.tv\/article\/oglu-xeste-ata-prezidentden-komek-isteyir\/"},"modified":"2019-09-20T14:38:16","modified_gmt":"2019-09-20T14:38:16","slug":"oglu-xeste-ata-prezidentden-komek-isteyir","status":"publish","type":"post","link":"https:\/\/www.meydan.tv\/az\/article\/oglu-xeste-ata-prezidentden-komek-isteyir\/","title":{"rendered":"O\u011flu x\u0259st\u0259 ata prezidentd\u0259n k\u00f6m\u0259k ist\u0259yir"},"content":{"rendered":"<p>\n  <i><br \/>\n    8 ya\u015f\u0131ndan sonra ayaqlar\u0131 tutulan Elmir Qas\u0131mov yerim\u0259k, m\u0259kt\u0259b\u0259 getm\u0259k arzusundad\u0131r<br \/>\n  <\/i>\n<\/p>\n<p>\n  \u201cO\u011flum 8 ya\u015f\u0131nacan tam sa\u011flam idi. Qa\u00e7\u0131rd\u0131, tuta bilmirdik. N\u0259 oldu, bilmir\u0259m. 8 ya\u015fdan sonra ayaqlar\u0131 tutuldu. Yava\u015f-yava\u015f yerim\u0259 qabiliyy\u0259tini itirdi. Aparmad\u0131\u011f\u0131m\u0131z h\u0259kim qalmay\u0131b, \u00e7ar\u0259sini tapa bilmirl\u0259r\u201d.\n<\/p>\n<p>\n  Ucar\u0131n Qaracall\u0131 k\u0259ndinin sakini T\u0259briz Qas\u0131mov bel\u0259 deyir. Bildirir ki, o\u011flu Elmir Qas\u0131mov haz\u0131rda yataq x\u0259st\u0259sidir. \u0130ndiy\u0259 q\u0259d\u0259r onun yerim\u0259si \u00fc\u00e7\u00fcn \u00e7\u0259kdikl\u0259ri x\u0259rc, \u0259ziyy\u0259t is\u0259 bo\u015fa gedib. U\u015faq yerimir ki, yerimir:\n<\/p>\n<p>\n  \u201cDeyirl\u0259r, Az\u0259rbaycanda m\u00fcalic\u0259si yoxdur. Xaric\u0259 aparma\u011fa da bizim g\u00fcc\u00fcm\u00fcz \u00e7atm\u0131r . Kas\u0131b ail\u0259yik, \u00f6z\u00fcm\u00fcz\u00fc g\u00fccl\u0259 doland\u0131r\u0131r\u0131q. Xaricd\u0259 m\u00fcalic\u0259 ucuz deyil, hardan alaq o q\u0259d\u0259r pulu?\u201d\n<\/p>\n<p>\n  Buna baxmayaraq, ail\u0259 he\u00e7 olmazsa \u00f6vladlar\u0131n\u0131n v\u0259ziyy\u0259tinin stabil saxlan\u0131lmas\u0131, daha da pisl\u0259\u015fm\u0259m\u0259si \u00fc\u00e7\u00fcn S\u0259hiyy\u0259 Nazirliyin\u0259 m\u00fcraci\u0259t edib. \u0130st\u0259yibl\u0259r ki, nazirlik Elmir Qas\u0131movun \u00f6lk\u0259 daxilind\u0259 m\u00fcalic\u0259sinin h\u0259yata ke\u00e7irilm\u0259sin\u0259 d\u0259st\u0259k olsun:\n<\/p>\n<p>\n  \u201cS\u0259hiyy\u0259 Nazirliyi \u0259riz\u0259mizi Ucar Rayon M\u0259rk\u0259zi X\u0259st\u0259xanas\u0131na g\u00f6nd\u0259rib. X\u0259st\u0259xanadan is\u0259 bildirirl\u0259r ki, Elmirin m\u00fcalic\u0259si rayonda m\u00fcmk\u00fcn olan i\u015f deyil. B\u0259lk\u0259 Bak\u0131da m\u00fcmk\u00fcn olar. Bizim art\u0131q onun m\u00fcalic\u0259sin\u0259 x\u0259rcl\u0259m\u0259y\u0259 bir q\u0259piyimiz d\u0259 qalmay\u0131b. He\u00e7 onsuz da \u00f6lk\u0259d\u0259 m\u00fcalic\u0259si m\u00fcmk\u00fcn deyil\u201d, &#8211; Elmirin n\u0259n\u0259si Raya Qas\u0131movan\u0131n s\u00f6zl\u0259ridir.\n<\/p>\n<p>\n  Raya Qas\u0131mova deyir ki, o\u011flunun ail\u0259si he\u00e7 d\u0259 ya\u011f-bal i\u00e7ind\u0259 ya\u015fam\u0131r. \u0130ndiki d\u00f6vrd\u0259 is\u0259 m\u00fcalic\u0259si olmayan x\u0259st\u0259ni saxlamaq a\u011f\u0131rd\u0131r:\n<\/p>\n<p>\n  \u201cCamaat \u00f6z\u00fcn\u00fc g\u00fccl\u0259 doland\u0131r\u0131r. O\u011flum bir ne\u00e7\u0259 aydanbir gedir Rusiyaya. \u0130\u015fl\u0259yir, qay\u0131d\u0131r. Bir tik\u0259 \u00e7\u00f6r\u0259kd\u0259n \u00f6tr\u00fc d\u0259rb\u0259d\u0259r olub. El\u0259 qazand\u0131\u011f\u0131n\u0131n da yar\u0131dan \u00e7oxu u\u015fa\u011f\u0131n iyn\u0259-d\u0259rman\u0131na, m\u00fcalic\u0259sin\u0259 gedir. O m\u00fcalic\u0259nin d\u0259 he\u00e7 bir xeyri yoxdur. He\u00e7 ki\u00e7ik barma\u011f\u0131n\u0131 da t\u0259rp\u0259d\u0259 bilmir\u201d.\n<\/p>\n<figure class=\"wp-block-image size-large\">\n  <img decoding=\"async\" src=\"https:\/\/www.meydan.tv\/az\/image_from_ios-7-jpg-21\/\" alt=\"image_from_ios (7).jpg\" class=\"wp-image-129973\"\/><figcaption>\n    &#8220;Deyirl\u0259r, \u0130sraild\u0259, T\u00fcrkiy\u0259d\u0259 Hindistanda v\u0259 bir ne\u00e7\u0259 ba\u015fqa \u00f6lk\u0259l\u0259rd\u0259 bu x\u0259st\u0259liyi m\u00fcalic\u0259 edir v\u0259 effektli n\u0259tic\u0259l\u0259r \u0259ld\u0259 ed\u0259 bilirl\u0259r&#8221;<br \/>\n  <\/figcaption><\/figure>\n<p>\n  Elmir Qas\u0131mov 4-c\u00fc ildir ki, yataq x\u0259st\u0259sidir. Raya Qas\u0131mova deyir ki, 7 ya\u015f\u0131nad\u0259k problemsiz yeriyib, y\u00fcy\u00fcr\u00fcb, \u0259n nadinc u\u015faq olub. Bir yerd\u0259 oturmurmu\u015f. 7 ya\u015fdan sonra yava\u015f-yava\u015f h\u0259r\u0259k\u0259tind\u0259 m\u0259hdudiyy\u0259tl\u0259r yaranma\u011fa ba\u015flay\u0131b:\n<\/p>\n<p>\n  \u201cTez-tez y\u0131x\u0131l\u0131rd\u0131. M\u0259kt\u0259b\u0259 ged\u0259nd\u0259, g\u0259l\u0259nd\u0259. Anas\u0131 danlay\u0131rd\u0131 ki, bala, \u00e7olaqsan, niy\u0259 h\u0259r g\u00fcn y\u0131x\u0131l\u0131rsan? S\u0259n dem\u0259, x\u0259st\u0259liyin ba\u015flan\u011f\u0131c\u0131 imi\u015f. N\u0259 bil\u0259k? 8 ya\u015f\u0131ndan sonra is\u0259 ayaqlar\u0131 tamamil\u0259 tutuldu. Son 3 ild\u0259, \u00fcmumiyy\u0259tl\u0259, aya\u011f\u0131n\u0131 yer\u0259 basmay\u0131b. El\u0259c\u0259 b\u00fct\u00fcn g\u00fcn\u00fc oturur divanda\u201d.\n<\/p>\n<p>\n  Elmir Qas\u0131mova Bak\u0131 x\u0259st\u0259xanalar\u0131n\u0131n birind\u0259 miopatiya dioqnozu qoyulub (\u0259z\u0259l\u0259 x\u0259st\u0259liyi, \u0259z\u0259l\u0259 z\u0259ifliyi il\u0259 m\u00fc\u015fahid\u0259 olunur-red). Tam sa\u011falmas\u0131n\u0131n is\u0259 m\u00fcmk\u00fcn olmad\u0131\u011f\u0131n\u0131 deyibl\u0259r. Ail\u0259 \u015f\u0259xsi ara\u015fd\u0131rma apar\u0131b. Deyirl\u0259r, \u0130sraild\u0259, T\u00fcrkiy\u0259d\u0259 Hindistanda v\u0259 bir ne\u00e7\u0259 ba\u015fqa \u00f6lk\u0259l\u0259rd\u0259 bu x\u0259st\u0259liyi m\u00fcalic\u0259 edir v\u0259 effektli n\u0259tic\u0259l\u0259r \u0259ld\u0259 ed\u0259 bilirl\u0259r. Ancaq m\u00fcalic\u0259 h\u0259ddind\u0259n art\u0131q bahad\u0131r. Ail\u0259nin is\u0259 bunu qar\u015f\u0131layacaq imkan\u0131 yoxdur:\n<\/p>\n<p>\n  \u201cU\u015faq n\u0259 q\u0259d\u0259r b\u00fct\u00fcn g\u00fcn\u00fc oturub televizora baxar? H\u0259r 6 aydanbir x\u0259st\u0259lik daha da a\u011f\u0131rla\u015f\u0131r. \u018fvv\u0259l birt\u0259h\u0259r yeriyirdi. Sonra ba\u015flad\u0131 im\u0259kl\u0259m\u0259y\u0259, daha sonra qollar\u0131 da g\u00fccd\u0259n d\u00fc\u015fd\u00fc, indi dizinin \u00fcst\u00fcnd\u0259 s\u00fcr\u00fcn\u00fcr. Art\u0131q qollar\u0131 da q\u00fcvv\u0259sini itirib. Adi bir st\u0259kan n\u0259dir ki, ona da g\u00fcc\u00fc \u00e7atm\u0131r. Getdikc\u0259 geril\u0259yir. Ke\u00e7\u0259n d\u0259f\u0259 y\u0131x\u0131ld\u0131, qolunu s\u0131nd\u0131rd\u0131. N\u0259 q\u0259d\u0259r gipsd\u0259 qald\u0131. \u0130\u015ftah\u0131 da yax\u015f\u0131d\u0131r, inan\u0131rs\u0131z, b\u00fct\u00fcn g\u00fcn\u00fc yem\u0259k t\u0259l\u0259b edir. Yeyir, k\u00f6k\u0259lir, yaz\u0131q anas\u0131 bir d\u0259ri, bir s\u00fcm\u00fckd\u00fcr, da\u015f\u0131ya da bilmir\u201d, &#8211; Raya Qas\u0131mova bildirir.\n<\/p>\n<p>\n  Ail\u0259 Elmirin m\u00fcalic\u0259sin\u0259 d\u0259st\u0259k olmas\u0131 \u00fc\u00e7\u00fcn Birinci vitse-prezident Mehriban \u018fliyevaya, Prezident \u0130lham \u018fliyev\u0259 d\u0259 m\u0259ktubla m\u00fcraci\u0259t edib. H\u0259l\u0259lik, m\u0259ktublar\u0131na cavab ala bilm\u0259yibl\u0259r:\n<\/p>\n<p>\n  \u201cDeyirik b\u0259lk\u0259 k\u00f6m\u0259k ed\u0259l\u0259r xaric\u0259 aparar\u0131q. Maraqlanm\u0131\u015f\u0131q, m\u00fcalic\u0259y\u0259 h\u0259r 6 aydanbir getm\u0259lidir. H\u0259r d\u0259f\u0259sin\u0259 20 min\u0259 yax\u0131n pul ist\u0259yirl\u0259r. Onunla eyni palatada yatan u\u015fa\u011f\u0131 apar\u0131blar, ona bu q\u0259d\u0259r pul x\u0259rcl\u0259nib. H\u0259min u\u015faq aya\u011fa qalx\u0131b. Bizim o q\u0259d\u0259r imkan\u0131m\u0131z yoxdur. F\u0259hl\u0259likl\u0259 n\u0259yi \u00e7atd\u0131r\u0131m?\u201d \u2013 dey\u0259, T\u0259briz Qas\u0131mov bildirir.\n<\/p>\n<p>\n  T\u0259briz Qas\u0131mov Prezident \u0130lham \u018fliyev v\u0259 onun xan\u0131m\u0131 Mehriban \u018fliyevaya m\u00fcraci\u0259t edir. Xahi\u015f edir ki, onlara \u00f6vladlar\u0131n\u0131 m\u00fcalic\u0259 etdirm\u0259k \u00fc\u00e7\u00fcn k\u00f6m\u0259k etsinl\u0259r:\n<\/p>\n<p>\n  \u201cAx\u015famacan televizorun qaba\u011f\u0131nda oturur. Ax\u015famacan da mama, Reyhan\u0259, ata, ata \u00e7a\u011f\u0131r\u0131r. A\u011flay\u0131r \u00f6z\u00fcn\u00fc \u00f6ld\u00fcr\u00fcr, ayaqqab\u0131 ald\u0131r\u0131r, \u00e7anta ald\u0131r\u0131r. M\u0259kt\u0259b\u0259 getm\u0259k ist\u0259yir. \u00c7ox pis durumday\u0131q. A\u011f\u0131rd\u0131r, d\u00f6zm\u0259k olmur\u201d.\n<\/p>\n<figure class=\"wp-block-image size-large\">\n  <img decoding=\"async\" src=\"https:\/\/www.meydan.tv\/az\/image_from_ios-8-jpg-18\/\" alt=\"image_from_ios (8).jpg\" class=\"wp-image-129976\"\/><figcaption>\n    Elmir son 3 ildir ki, yata\u011fa m\u0259hkum olub, ayaqlar\u0131 tamamil\u0259 tutulub<br \/>\n  <\/figcaption><\/figure>\n<p>\n  Meydan TV m\u0259s\u0259l\u0259 il\u0259 ba\u011fl\u0131 S\u0259hiyy\u0259 Nazirliyinin Ba\u015f pediatr\u0131, v\u0259t\u0259nda\u015flar\u0131n respublikadank\u0259nar m\u00fcalic\u0259y\u0259 g\u00f6nd\u0259rilm\u0259si \u00fczr\u0259 Komissiyan\u0131n s\u0259dri N\u0259sib Quliyevl\u0259 \u0259laq\u0259 saxlay\u0131b. H\u0259kim bildirib ki, miopatiya x\u0259st\u0259liyinin n\u0259inki Az\u0259rbaycanda, he\u00e7 d\u00fcnyada da radikal m\u00fcalic\u0259si m\u00f6vcud deyil. Ona g\u00f6r\u0259 xaric\u0259 aparsalar da, bir xeyri olmayacaq:\n<\/p>\n<p>\n  \u201cOnlar S\u0259hiyy\u0259, \u018fm\u0259k v\u0259 \u018fhalinin Sosial M\u00fcdafi\u0259si nazirlikl\u0259rinin u\u015faq reablitasiya m\u0259rk\u0259zl\u0259rin\u0259 m\u00fcraci\u0259t etsinl\u0259r. Burada o u\u015fa\u011f\u0131n x\u0259st\u0259liyinin f\u0259sadlar\u0131n\u0131n aradan qald\u0131r\u0131lmas\u0131 v\u0259 v\u0259ziyy\u0259tinin y\u00fcng\u00fcll\u0259\u015fdirilm\u0259si \u00fc\u00e7\u00fcn fizioterapiya, m\u00fcalic\u0259 kurslar\u0131 ke\u00e7\u0259c\u0259kl\u0259r. Amma bu x\u0259st\u0259lik irsidir v\u0259 m\u00fcalic\u0259si yoxdur\u201d.\n<\/p>\n<p>\n  H\u0259kim deyir ki, Elmir do\u011fulanda onda bu x\u0259st\u0259liyin simptomlar\u0131 olub. V\u0259 bu, m\u00fc\u0259yy\u0259n vaxtdan sonra \u00f6z\u00fcn\u00fc g\u00f6st\u0259rib:\n<\/p>\n<p>\n  \u201cBel\u0259 dey\u0259k, tutaq ki, m\u0259n \u015f\u0259k\u0259r x\u0259st\u0259siy\u0259m. D\u00fcnyan\u0131n haras\u0131na gets\u0259m, m\u0259n\u0259 d\u0259rman i\u00e7m\u0259yi v\u0259 p\u0259hriz saxlama\u011f\u0131 m\u0259sl\u0259h\u0259t g\u00f6r\u0259c\u0259kl\u0259r. Ancaq konkret bir sa\u011falma ehtimal\u0131 yoxdur, el\u0259mi? Bu u\u015fa\u011f\u0131n x\u0259st\u0259liyi d\u0259 bel\u0259 bir \u015feydir\u201d.<\/p>\n","protected":false},"excerpt":{"rendered":"<p>H\u0259kim deyir ki, Elmir do\u011fulanda onda bu x\u0259st\u0259liyin simptomlar\u0131 olub. V\u0259 bu, m\u00fc\u0259yy\u0259n vaxtdan sonra \u00f6z\u00fcn\u00fc g\u00f6st\u0259rib<\/p>\n","protected":false},"author":11,"featured_media":129988,"comment_status":"closed","ping_status":"open","sticky":false,"template":"","format":"standard","meta":{"_acf_changed":false,"_sitemap_exclude":false,"_sitemap_priority":"","_sitemap_frequency":"","footnotes":""},"categories":[60],"tags":[],"class_list":["post-197066","post","type-post","status-publish","format-standard","has-post-thumbnail","hentry","category-bolge","infinite-scroll-item","generate-columns","tablet-grid-50","mobile-grid-100","grid-parent","grid-33","no-featured-image-padding"],"acf":[],"yoast_head":"<!-- This site is optimized with the Yoast SEO plugin v27.5 - https:\/\/yoast.com\/product\/yoast-seo-wordpress\/ -->\n<title>O\u011flu x\u0259st\u0259 ata prezidentd\u0259n k\u00f6m\u0259k ist\u0259yir - MEYDAN.TV<\/title>\n<meta name=\"robots\" content=\"index, follow, max-snippet:-1, max-image-preview:large, max-video-preview:-1\" \/>\n<link rel=\"canonical\" href=\"https:\/\/www.meydan.tv\/az\/article\/oglu-xeste-ata-prezidentden-komek-isteyir\/\" \/>\n<meta property=\"og:locale\" content=\"az_AZ\" \/>\n<meta property=\"og:type\" content=\"article\" \/>\n<meta property=\"og:title\" content=\"O\u011flu x\u0259st\u0259 ata prezidentd\u0259n k\u00f6m\u0259k ist\u0259yir - MEYDAN.TV\" \/>\n<meta property=\"og:description\" content=\"H\u0259kim deyir ki, Elmir do\u011fulanda onda bu x\u0259st\u0259liyin simptomlar\u0131 olub. V\u0259 bu, m\u00fc\u0259yy\u0259n vaxtdan sonra \u00f6z\u00fcn\u00fc g\u00f6st\u0259rib\" \/>\n<meta property=\"og:url\" content=\"https:\/\/www.meydan.tv\/az\/article\/oglu-xeste-ata-prezidentden-komek-isteyir\/\" \/>\n<meta property=\"og:site_name\" content=\"MEYDAN.TV\" \/>\n<meta property=\"article:published_time\" content=\"2019-09-20T14:38:16+00:00\" \/>\n<meta property=\"og:image\" content=\"https:\/\/www.meydan.tv\/wp-content\/uploads\/image_from_ios_9_njouzdm-scaled.jpg\" \/>\n\t<meta property=\"og:image:width\" content=\"2560\" \/>\n\t<meta property=\"og:image:height\" content=\"1920\" \/>\n\t<meta property=\"og:image:type\" content=\"image\/jpeg\" \/>\n<meta name=\"author\" content=\"user-manager\" \/>\n<meta name=\"twitter:card\" content=\"summary_large_image\" \/>\n<script type=\"application\/ld+json\" class=\"yoast-schema-graph\">{\"@context\":\"https:\\\/\\\/schema.org\",\"@graph\":[{\"@type\":\"Article\",\"@id\":\"https:\\\/\\\/www.meydan.tv\\\/az\\\/article\\\/oglu-xeste-ata-prezidentden-komek-isteyir\\\/#article\",\"isPartOf\":{\"@id\":\"https:\\\/\\\/www.meydan.tv\\\/az\\\/article\\\/oglu-xeste-ata-prezidentden-komek-isteyir\\\/\"},\"author\":{\"name\":\"user-manager\",\"@id\":\"https:\\\/\\\/www.meydan.tv\\\/az\\\/#\\\/schema\\\/person\\\/10d11eccf6da3662cf5fdab9806ea91a\"},\"headline\":\"O\u011flu x\u0259st\u0259 ata prezidentd\u0259n k\u00f6m\u0259k ist\u0259yir\",\"datePublished\":\"2019-09-20T14:38:16+00:00\",\"mainEntityOfPage\":{\"@id\":\"https:\\\/\\\/www.meydan.tv\\\/az\\\/article\\\/oglu-xeste-ata-prezidentden-komek-isteyir\\\/\"},\"wordCount\":1217,\"publisher\":{\"@id\":\"https:\\\/\\\/www.meydan.tv\\\/az\\\/#organization\"},\"image\":{\"@id\":\"https:\\\/\\\/www.meydan.tv\\\/az\\\/article\\\/oglu-xeste-ata-prezidentden-komek-isteyir\\\/#primaryimage\"},\"thumbnailUrl\":\"https:\\\/\\\/www.meydan.tv\\\/wp-content\\\/uploads\\\/image_from_ios_9_njouzdm-scaled.jpg\",\"articleSection\":[\"B\u00f6lg\u0259\"],\"inLanguage\":\"az\"},{\"@type\":\"WebPage\",\"@id\":\"https:\\\/\\\/www.meydan.tv\\\/az\\\/article\\\/oglu-xeste-ata-prezidentden-komek-isteyir\\\/\",\"url\":\"https:\\\/\\\/www.meydan.tv\\\/az\\\/article\\\/oglu-xeste-ata-prezidentden-komek-isteyir\\\/\",\"name\":\"O\u011flu x\u0259st\u0259 ata prezidentd\u0259n k\u00f6m\u0259k ist\u0259yir - MEYDAN.TV\",\"isPartOf\":{\"@id\":\"https:\\\/\\\/www.meydan.tv\\\/az\\\/#website\"},\"primaryImageOfPage\":{\"@id\":\"https:\\\/\\\/www.meydan.tv\\\/az\\\/article\\\/oglu-xeste-ata-prezidentden-komek-isteyir\\\/#primaryimage\"},\"image\":{\"@id\":\"https:\\\/\\\/www.meydan.tv\\\/az\\\/article\\\/oglu-xeste-ata-prezidentden-komek-isteyir\\\/#primaryimage\"},\"thumbnailUrl\":\"https:\\\/\\\/www.meydan.tv\\\/wp-content\\\/uploads\\\/image_from_ios_9_njouzdm-scaled.jpg\",\"datePublished\":\"2019-09-20T14:38:16+00:00\",\"breadcrumb\":{\"@id\":\"https:\\\/\\\/www.meydan.tv\\\/az\\\/article\\\/oglu-xeste-ata-prezidentden-komek-isteyir\\\/#breadcrumb\"},\"inLanguage\":\"az\",\"potentialAction\":[{\"@type\":\"ReadAction\",\"target\":[\"https:\\\/\\\/www.meydan.tv\\\/az\\\/article\\\/oglu-xeste-ata-prezidentden-komek-isteyir\\\/\"]}]},{\"@type\":\"ImageObject\",\"inLanguage\":\"az\",\"@id\":\"https:\\\/\\\/www.meydan.tv\\\/az\\\/article\\\/oglu-xeste-ata-prezidentden-komek-isteyir\\\/#primaryimage\",\"url\":\"https:\\\/\\\/www.meydan.tv\\\/wp-content\\\/uploads\\\/image_from_ios_9_njouzdm-scaled.jpg\",\"contentUrl\":\"https:\\\/\\\/www.meydan.tv\\\/wp-content\\\/uploads\\\/image_from_ios_9_njouzdm-scaled.jpg\",\"width\":2560,\"height\":1920,\"caption\":\"Source: Specify Source\"},{\"@type\":\"BreadcrumbList\",\"@id\":\"https:\\\/\\\/www.meydan.tv\\\/az\\\/article\\\/oglu-xeste-ata-prezidentden-komek-isteyir\\\/#breadcrumb\",\"itemListElement\":[{\"@type\":\"ListItem\",\"position\":1,\"name\":\"Ana s\u0259hif\u0259\",\"item\":\"https:\\\/\\\/www.meydan.tv\\\/az\\\/\"},{\"@type\":\"ListItem\",\"position\":2,\"name\":\"B\u00f6lg\u0259\",\"item\":\"https:\\\/\\\/www.meydan.tv\\\/az\\\/section\\\/bolge\\\/\"},{\"@type\":\"ListItem\",\"position\":3,\"name\":\"O\u011flu x\u0259st\u0259 ata prezidentd\u0259n k\u00f6m\u0259k ist\u0259yir\"}]},{\"@type\":\"WebSite\",\"@id\":\"https:\\\/\\\/www.meydan.tv\\\/az\\\/#website\",\"url\":\"https:\\\/\\\/www.meydan.tv\\\/az\\\/\",\"name\":\"MEYDAN.TV\",\"description\":\"Meydan TV Az\u0259rbaycan\u0131n media m\u0259kan\u0131ndak\u0131 alternativ s\u0259sidir\",\"publisher\":{\"@id\":\"https:\\\/\\\/www.meydan.tv\\\/az\\\/#organization\"},\"potentialAction\":[{\"@type\":\"SearchAction\",\"target\":{\"@type\":\"EntryPoint\",\"urlTemplate\":\"https:\\\/\\\/www.meydan.tv\\\/az\\\/?s={search_term_string}\"},\"query-input\":{\"@type\":\"PropertyValueSpecification\",\"valueRequired\":true,\"valueName\":\"search_term_string\"}}],\"inLanguage\":\"az\"},{\"@type\":\"Organization\",\"@id\":\"https:\\\/\\\/www.meydan.tv\\\/az\\\/#organization\",\"name\":\"Meydan TV\",\"url\":\"https:\\\/\\\/www.meydan.tv\\\/az\\\/\",\"logo\":{\"@type\":\"ImageObject\",\"inLanguage\":\"az\",\"@id\":\"https:\\\/\\\/www.meydan.tv\\\/az\\\/#\\\/schema\\\/logo\\\/image\\\/\",\"url\":\"https:\\\/\\\/www.meydan.tv\\\/wp-content\\\/uploads\\\/2021\\\/07\\\/meydan-logo.svg\",\"contentUrl\":\"https:\\\/\\\/www.meydan.tv\\\/wp-content\\\/uploads\\\/2021\\\/07\\\/meydan-logo.svg\",\"width\":195,\"height\":46,\"caption\":\"Meydan TV\"},\"image\":{\"@id\":\"https:\\\/\\\/www.meydan.tv\\\/az\\\/#\\\/schema\\\/logo\\\/image\\\/\"}},{\"@type\":\"Person\",\"@id\":\"https:\\\/\\\/www.meydan.tv\\\/az\\\/#\\\/schema\\\/person\\\/10d11eccf6da3662cf5fdab9806ea91a\",\"name\":\"user-manager\"}]}<\/script>\n<!-- \/ Yoast SEO plugin. -->","yoast_head_json":{"title":"O\u011flu x\u0259st\u0259 ata prezidentd\u0259n k\u00f6m\u0259k ist\u0259yir - MEYDAN.TV","robots":{"index":"index","follow":"follow","max-snippet":"max-snippet:-1","max-image-preview":"max-image-preview:large","max-video-preview":"max-video-preview:-1"},"canonical":"https:\/\/www.meydan.tv\/az\/article\/oglu-xeste-ata-prezidentden-komek-isteyir\/","og_locale":"az_AZ","og_type":"article","og_title":"O\u011flu x\u0259st\u0259 ata prezidentd\u0259n k\u00f6m\u0259k ist\u0259yir - MEYDAN.TV","og_description":"H\u0259kim deyir ki, Elmir do\u011fulanda onda bu x\u0259st\u0259liyin simptomlar\u0131 olub. V\u0259 bu, m\u00fc\u0259yy\u0259n vaxtdan sonra \u00f6z\u00fcn\u00fc g\u00f6st\u0259rib","og_url":"https:\/\/www.meydan.tv\/az\/article\/oglu-xeste-ata-prezidentden-komek-isteyir\/","og_site_name":"MEYDAN.TV","article_published_time":"2019-09-20T14:38:16+00:00","og_image":[{"width":2560,"height":1920,"url":"https:\/\/www.meydan.tv\/wp-content\/uploads\/image_from_ios_9_njouzdm-scaled.jpg","type":"image\/jpeg"}],"author":"user-manager","twitter_card":"summary_large_image","schema":{"@context":"https:\/\/schema.org","@graph":[{"@type":"Article","@id":"https:\/\/www.meydan.tv\/az\/article\/oglu-xeste-ata-prezidentden-komek-isteyir\/#article","isPartOf":{"@id":"https:\/\/www.meydan.tv\/az\/article\/oglu-xeste-ata-prezidentden-komek-isteyir\/"},"author":{"name":"user-manager","@id":"https:\/\/www.meydan.tv\/az\/#\/schema\/person\/10d11eccf6da3662cf5fdab9806ea91a"},"headline":"O\u011flu x\u0259st\u0259 ata prezidentd\u0259n k\u00f6m\u0259k ist\u0259yir","datePublished":"2019-09-20T14:38:16+00:00","mainEntityOfPage":{"@id":"https:\/\/www.meydan.tv\/az\/article\/oglu-xeste-ata-prezidentden-komek-isteyir\/"},"wordCount":1217,"publisher":{"@id":"https:\/\/www.meydan.tv\/az\/#organization"},"image":{"@id":"https:\/\/www.meydan.tv\/az\/article\/oglu-xeste-ata-prezidentden-komek-isteyir\/#primaryimage"},"thumbnailUrl":"https:\/\/www.meydan.tv\/wp-content\/uploads\/image_from_ios_9_njouzdm-scaled.jpg","articleSection":["B\u00f6lg\u0259"],"inLanguage":"az"},{"@type":"WebPage","@id":"https:\/\/www.meydan.tv\/az\/article\/oglu-xeste-ata-prezidentden-komek-isteyir\/","url":"https:\/\/www.meydan.tv\/az\/article\/oglu-xeste-ata-prezidentden-komek-isteyir\/","name":"O\u011flu x\u0259st\u0259 ata prezidentd\u0259n k\u00f6m\u0259k ist\u0259yir - MEYDAN.TV","isPartOf":{"@id":"https:\/\/www.meydan.tv\/az\/#website"},"primaryImageOfPage":{"@id":"https:\/\/www.meydan.tv\/az\/article\/oglu-xeste-ata-prezidentden-komek-isteyir\/#primaryimage"},"image":{"@id":"https:\/\/www.meydan.tv\/az\/article\/oglu-xeste-ata-prezidentden-komek-isteyir\/#primaryimage"},"thumbnailUrl":"https:\/\/www.meydan.tv\/wp-content\/uploads\/image_from_ios_9_njouzdm-scaled.jpg","datePublished":"2019-09-20T14:38:16+00:00","breadcrumb":{"@id":"https:\/\/www.meydan.tv\/az\/article\/oglu-xeste-ata-prezidentden-komek-isteyir\/#breadcrumb"},"inLanguage":"az","potentialAction":[{"@type":"ReadAction","target":["https:\/\/www.meydan.tv\/az\/article\/oglu-xeste-ata-prezidentden-komek-isteyir\/"]}]},{"@type":"ImageObject","inLanguage":"az","@id":"https:\/\/www.meydan.tv\/az\/article\/oglu-xeste-ata-prezidentden-komek-isteyir\/#primaryimage","url":"https:\/\/www.meydan.tv\/wp-content\/uploads\/image_from_ios_9_njouzdm-scaled.jpg","contentUrl":"https:\/\/www.meydan.tv\/wp-content\/uploads\/image_from_ios_9_njouzdm-scaled.jpg","width":2560,"height":1920,"caption":"Source: Specify Source"},{"@type":"BreadcrumbList","@id":"https:\/\/www.meydan.tv\/az\/article\/oglu-xeste-ata-prezidentden-komek-isteyir\/#breadcrumb","itemListElement":[{"@type":"ListItem","position":1,"name":"Ana s\u0259hif\u0259","item":"https:\/\/www.meydan.tv\/az\/"},{"@type":"ListItem","position":2,"name":"B\u00f6lg\u0259","item":"https:\/\/www.meydan.tv\/az\/section\/bolge\/"},{"@type":"ListItem","position":3,"name":"O\u011flu x\u0259st\u0259 ata prezidentd\u0259n k\u00f6m\u0259k ist\u0259yir"}]},{"@type":"WebSite","@id":"https:\/\/www.meydan.tv\/az\/#website","url":"https:\/\/www.meydan.tv\/az\/","name":"MEYDAN.TV","description":"Meydan TV Az\u0259rbaycan\u0131n media m\u0259kan\u0131ndak\u0131 alternativ s\u0259sidir","publisher":{"@id":"https:\/\/www.meydan.tv\/az\/#organization"},"potentialAction":[{"@type":"SearchAction","target":{"@type":"EntryPoint","urlTemplate":"https:\/\/www.meydan.tv\/az\/?s={search_term_string}"},"query-input":{"@type":"PropertyValueSpecification","valueRequired":true,"valueName":"search_term_string"}}],"inLanguage":"az"},{"@type":"Organization","@id":"https:\/\/www.meydan.tv\/az\/#organization","name":"Meydan TV","url":"https:\/\/www.meydan.tv\/az\/","logo":{"@type":"ImageObject","inLanguage":"az","@id":"https:\/\/www.meydan.tv\/az\/#\/schema\/logo\/image\/","url":"https:\/\/www.meydan.tv\/wp-content\/uploads\/2021\/07\/meydan-logo.svg","contentUrl":"https:\/\/www.meydan.tv\/wp-content\/uploads\/2021\/07\/meydan-logo.svg","width":195,"height":46,"caption":"Meydan TV"},"image":{"@id":"https:\/\/www.meydan.tv\/az\/#\/schema\/logo\/image\/"}},{"@type":"Person","@id":"https:\/\/www.meydan.tv\/az\/#\/schema\/person\/10d11eccf6da3662cf5fdab9806ea91a","name":"user-manager"}]}},"_links":{"self":[{"href":"https:\/\/www.meydan.tv\/az\/wp-json\/wp\/v2\/posts\/197066","targetHints":{"allow":["GET"]}}],"collection":[{"href":"https:\/\/www.meydan.tv\/az\/wp-json\/wp\/v2\/posts"}],"about":[{"href":"https:\/\/www.meydan.tv\/az\/wp-json\/wp\/v2\/types\/post"}],"author":[{"embeddable":true,"href":"https:\/\/www.meydan.tv\/az\/wp-json\/wp\/v2\/users\/11"}],"replies":[{"embeddable":true,"href":"https:\/\/www.meydan.tv\/az\/wp-json\/wp\/v2\/comments?post=197066"}],"version-history":[{"count":0,"href":"https:\/\/www.meydan.tv\/az\/wp-json\/wp\/v2\/posts\/197066\/revisions"}],"wp:featuredmedia":[{"embeddable":true,"href":"https:\/\/www.meydan.tv\/az\/wp-json\/wp\/v2\/media\/129988"}],"wp:attachment":[{"href":"https:\/\/www.meydan.tv\/az\/wp-json\/wp\/v2\/media?parent=197066"}],"wp:term":[{"taxonomy":"category","embeddable":true,"href":"https:\/\/www.meydan.tv\/az\/wp-json\/wp\/v2\/categories?post=197066"},{"taxonomy":"post_tag","embeddable":true,"href":"https:\/\/www.meydan.tv\/az\/wp-json\/wp\/v2\/tags?post=197066"}],"curies":[{"name":"wp","href":"https:\/\/api.w.org\/{rel}","templated":true}]}}