{"id":197064,"date":"2019-09-20T13:46:40","date_gmt":"2019-09-20T13:46:40","guid":{"rendered":"https:\/\/www.meydan.tv\/article\/vezife-cinayetlerinde-gunahlandirilan-kecmis-icra-bascisina-30-manatliq-cerime\/"},"modified":"2019-09-20T13:46:40","modified_gmt":"2019-09-20T13:46:40","slug":"vezife-cinayetlerinde-gunahlandirilan-kecmis-icra-bascisina-30-manatliq-cerime","status":"publish","type":"post","link":"https:\/\/www.meydan.tv\/az\/article\/vezife-cinayetlerinde-gunahlandirilan-kecmis-icra-bascisina-30-manatliq-cerime\/","title":{"rendered":"V\u0259zif\u0259 cinay\u0259tl\u0259rind\u0259 g\u00fcnahland\u0131r\u0131lan ke\u00e7mi\u015f icra ba\u015f\u00e7\u0131s\u0131na 30 manatl\u0131q c\u0259rim\u0259"},"content":{"rendered":"<p>\n  <i><br \/>\n    G\u0259d\u0259b\u0259y Rayon M\u0259hk\u0259m\u0259si q\u0259rar\u0131n\u0131 elan etdi<br \/>\n  <\/i>\n<\/p>\n<p>\n  G\u0259d\u0259b\u0259y Rayon M\u0259hk\u0259m\u0259sind\u0259 sabiq icra ba\u015f\u00e7\u0131s\u0131 Ramiz Yediyarovun i\u015fi \u00fczr\u0259 m\u0259hk\u0259m\u0259 prosesi yekunla\u015f\u0131b. Hakim Maarif Kaz\u0131movun s\u0259drliyi il\u0259 ke\u00e7iril\u0259n prosesd\u0259 Ramiz Yediyarovun ittiham \u00fczr\u0259 t\u0259qsirli olmas\u0131 t\u0259sdiql\u0259nib. Hakim v\u0259zif\u0259 cinay\u0259tl\u0259rind\u0259 ittiham olunan, Cinay\u0259t M\u0259c\u0259ll\u0259sinin 222-2.1 (magistral boru k\u0259m\u0259rl\u0259rinin, g\u0259rginliyi 1000 voltdan \u00e7ox olan elektrik \u015f\u0259b\u0259k\u0259l\u0259rinin, metropolitenin, d\u0259mir yolu qur\u011fular\u0131n\u0131n, m\u00fcdafi\u0259 obyektl\u0259rinin, su t\u0259chizat\u0131 v\u0259 kanalizasiya sisteml\u0259rinin texniki qur\u011fular\u0131n\u0131n, neft buruqlar\u0131n\u0131n, avtomobil yollar\u0131n\u0131n v\u0259 ya sular\u0131n m\u00fchafiz\u0259 zonalar\u0131nda tikinti i\u015fl\u0259ri aparma), 308 (v\u0259zif\u0259 s\u0259lahiyy\u0259tl\u0259rind\u0259n sui-istifad\u0259 etm\u0259) v\u0259 ba\u015fqa madd\u0259l\u0259rl\u0259 m\u00fctt\u0259himl\u0259r k\u00fcrs\u00fcs\u00fcn\u0259 \u00e7\u0131xar\u0131lm\u0131\u015f Ramiz Yediyarovun c\u0259mi 30 manat c\u0259rim\u0259l\u0259nm\u0259si haqda h\u00f6km \u00e7\u0131xar\u0131b.\n<\/p>\n<p>\n  \u0130\u015f \u00fczr\u0259 z\u0259r\u0259r\u00e7\u0259kmi\u015f qismind\u0259 G\u0259d\u0259b\u0259y Rayon \u0130cra Hakimiyy\u0259ti tan\u0131nm\u0131\u015fd\u0131.\n<\/p>\n<p>\n  \u0130\u015f \u00fczr\u0259 istintaq\u0131 Ba\u015f Prokuror Yan\u0131nda Korrupsiyaya Qar\u015f\u0131 M\u00fcbariz\u0259 Ba\u015f \u0130dar\u0259si aparm\u0131\u015fd\u0131.\n<\/p>\n<p>\n  53 ya\u015fl\u0131 R.Yediyarov 1997-ci ild\u0259n 2012-ci ild\u0259 icra ba\u015f\u00e7\u0131s\u0131 t\u0259yin edil\u0259n\u0259 q\u0259d\u0259r vergi orqanlar\u0131nda i\u015fl\u0259yib. 2010-cu ild\u0259 Prezidentin S\u0259r\u0259ncam\u0131 il\u0259 o, \u201cAz\u0259rbaycan Respublikas\u0131 Vergil\u0259r Nazirliyinin 10-illiyi (2000-2010)\u201d yubiley medal\u0131 il\u0259 t\u0259ltif edilib.<\/p>\n","protected":false},"excerpt":{"rendered":"<p>Hakim Maarif Kaz\u0131movun s\u0259drliyi il\u0259 ke\u00e7iril\u0259n prosesd\u0259 Ramiz Yediyarovun ittiham \u00fczr\u0259 t\u0259qsirli olmas\u0131 t\u0259sdiql\u0259nib.<\/p>\n","protected":false},"author":11,"featured_media":129961,"comment_status":"closed","ping_status":"open","sticky":false,"template":"","format":"standard","meta":{"_acf_changed":false,"_sitemap_exclude":false,"_sitemap_priority":"","_sitemap_frequency":"","footnotes":""},"categories":[59],"tags":[],"class_list":["post-197064","post","type-post","status-publish","format-standard","has-post-thumbnail","hentry","category-siyaset","infinite-scroll-item","generate-columns","tablet-grid-50","mobile-grid-100","grid-parent","grid-33","no-featured-image-padding"],"acf":[],"yoast_head":"<!-- This site is optimized with the Yoast SEO plugin v27.5 - https:\/\/yoast.com\/product\/yoast-seo-wordpress\/ -->\n<title>V\u0259zif\u0259 cinay\u0259tl\u0259rind\u0259 g\u00fcnahland\u0131r\u0131lan ke\u00e7mi\u015f icra ba\u015f\u00e7\u0131s\u0131na 30 manatl\u0131q c\u0259rim\u0259 - MEYDAN.TV<\/title>\n<meta name=\"robots\" content=\"index, follow, max-snippet:-1, max-image-preview:large, max-video-preview:-1\" \/>\n<link rel=\"canonical\" href=\"https:\/\/www.meydan.tv\/az\/article\/vezife-cinayetlerinde-gunahlandirilan-kecmis-icra-bascisina-30-manatliq-cerime\/\" \/>\n<meta property=\"og:locale\" content=\"az_AZ\" \/>\n<meta property=\"og:type\" content=\"article\" \/>\n<meta property=\"og:title\" content=\"V\u0259zif\u0259 cinay\u0259tl\u0259rind\u0259 g\u00fcnahland\u0131r\u0131lan ke\u00e7mi\u015f icra ba\u015f\u00e7\u0131s\u0131na 30 manatl\u0131q c\u0259rim\u0259 - MEYDAN.TV\" \/>\n<meta property=\"og:description\" content=\"Hakim Maarif Kaz\u0131movun s\u0259drliyi il\u0259 ke\u00e7iril\u0259n prosesd\u0259 Ramiz Yediyarovun ittiham \u00fczr\u0259 t\u0259qsirli olmas\u0131 t\u0259sdiql\u0259nib.\" \/>\n<meta property=\"og:url\" content=\"https:\/\/www.meydan.tv\/az\/article\/vezife-cinayetlerinde-gunahlandirilan-kecmis-icra-bascisina-30-manatliq-cerime\/\" \/>\n<meta property=\"og:site_name\" content=\"MEYDAN.TV\" \/>\n<meta property=\"article:published_time\" content=\"2019-09-20T13:46:40+00:00\" \/>\n<meta property=\"og:image\" content=\"https:\/\/www.meydan.tv\/wp-content\/uploads\/be17cef4fa988cccdbf3c26b7d95fa6c.jpg\" \/>\n\t<meta property=\"og:image:width\" content=\"720\" \/>\n\t<meta property=\"og:image:height\" content=\"480\" \/>\n\t<meta property=\"og:image:type\" content=\"image\/jpeg\" \/>\n<meta name=\"author\" content=\"user-manager\" \/>\n<meta name=\"twitter:card\" content=\"summary_large_image\" \/>\n<script type=\"application\/ld+json\" class=\"yoast-schema-graph\">{\"@context\":\"https:\\\/\\\/schema.org\",\"@graph\":[{\"@type\":\"Article\",\"@id\":\"https:\\\/\\\/www.meydan.tv\\\/az\\\/article\\\/vezife-cinayetlerinde-gunahlandirilan-kecmis-icra-bascisina-30-manatliq-cerime\\\/#article\",\"isPartOf\":{\"@id\":\"https:\\\/\\\/www.meydan.tv\\\/az\\\/article\\\/vezife-cinayetlerinde-gunahlandirilan-kecmis-icra-bascisina-30-manatliq-cerime\\\/\"},\"author\":{\"name\":\"user-manager\",\"@id\":\"https:\\\/\\\/www.meydan.tv\\\/az\\\/#\\\/schema\\\/person\\\/10d11eccf6da3662cf5fdab9806ea91a\"},\"headline\":\"V\u0259zif\u0259 cinay\u0259tl\u0259rind\u0259 g\u00fcnahland\u0131r\u0131lan ke\u00e7mi\u015f icra ba\u015f\u00e7\u0131s\u0131na 30 manatl\u0131q c\u0259rim\u0259\",\"datePublished\":\"2019-09-20T13:46:40+00:00\",\"mainEntityOfPage\":{\"@id\":\"https:\\\/\\\/www.meydan.tv\\\/az\\\/article\\\/vezife-cinayetlerinde-gunahlandirilan-kecmis-icra-bascisina-30-manatliq-cerime\\\/\"},\"wordCount\":273,\"publisher\":{\"@id\":\"https:\\\/\\\/www.meydan.tv\\\/az\\\/#organization\"},\"image\":{\"@id\":\"https:\\\/\\\/www.meydan.tv\\\/az\\\/article\\\/vezife-cinayetlerinde-gunahlandirilan-kecmis-icra-bascisina-30-manatliq-cerime\\\/#primaryimage\"},\"thumbnailUrl\":\"https:\\\/\\\/www.meydan.tv\\\/wp-content\\\/uploads\\\/be17cef4fa988cccdbf3c26b7d95fa6c.jpg\",\"articleSection\":[\"Siyas\u0259t\"],\"inLanguage\":\"az\"},{\"@type\":\"WebPage\",\"@id\":\"https:\\\/\\\/www.meydan.tv\\\/az\\\/article\\\/vezife-cinayetlerinde-gunahlandirilan-kecmis-icra-bascisina-30-manatliq-cerime\\\/\",\"url\":\"https:\\\/\\\/www.meydan.tv\\\/az\\\/article\\\/vezife-cinayetlerinde-gunahlandirilan-kecmis-icra-bascisina-30-manatliq-cerime\\\/\",\"name\":\"V\u0259zif\u0259 cinay\u0259tl\u0259rind\u0259 g\u00fcnahland\u0131r\u0131lan ke\u00e7mi\u015f icra ba\u015f\u00e7\u0131s\u0131na 30 manatl\u0131q c\u0259rim\u0259 - MEYDAN.TV\",\"isPartOf\":{\"@id\":\"https:\\\/\\\/www.meydan.tv\\\/az\\\/#website\"},\"primaryImageOfPage\":{\"@id\":\"https:\\\/\\\/www.meydan.tv\\\/az\\\/article\\\/vezife-cinayetlerinde-gunahlandirilan-kecmis-icra-bascisina-30-manatliq-cerime\\\/#primaryimage\"},\"image\":{\"@id\":\"https:\\\/\\\/www.meydan.tv\\\/az\\\/article\\\/vezife-cinayetlerinde-gunahlandirilan-kecmis-icra-bascisina-30-manatliq-cerime\\\/#primaryimage\"},\"thumbnailUrl\":\"https:\\\/\\\/www.meydan.tv\\\/wp-content\\\/uploads\\\/be17cef4fa988cccdbf3c26b7d95fa6c.jpg\",\"datePublished\":\"2019-09-20T13:46:40+00:00\",\"breadcrumb\":{\"@id\":\"https:\\\/\\\/www.meydan.tv\\\/az\\\/article\\\/vezife-cinayetlerinde-gunahlandirilan-kecmis-icra-bascisina-30-manatliq-cerime\\\/#breadcrumb\"},\"inLanguage\":\"az\",\"potentialAction\":[{\"@type\":\"ReadAction\",\"target\":[\"https:\\\/\\\/www.meydan.tv\\\/az\\\/article\\\/vezife-cinayetlerinde-gunahlandirilan-kecmis-icra-bascisina-30-manatliq-cerime\\\/\"]}]},{\"@type\":\"ImageObject\",\"inLanguage\":\"az\",\"@id\":\"https:\\\/\\\/www.meydan.tv\\\/az\\\/article\\\/vezife-cinayetlerinde-gunahlandirilan-kecmis-icra-bascisina-30-manatliq-cerime\\\/#primaryimage\",\"url\":\"https:\\\/\\\/www.meydan.tv\\\/wp-content\\\/uploads\\\/be17cef4fa988cccdbf3c26b7d95fa6c.jpg\",\"contentUrl\":\"https:\\\/\\\/www.meydan.tv\\\/wp-content\\\/uploads\\\/be17cef4fa988cccdbf3c26b7d95fa6c.jpg\",\"width\":720,\"height\":480,\"caption\":\"Source: google.az\"},{\"@type\":\"BreadcrumbList\",\"@id\":\"https:\\\/\\\/www.meydan.tv\\\/az\\\/article\\\/vezife-cinayetlerinde-gunahlandirilan-kecmis-icra-bascisina-30-manatliq-cerime\\\/#breadcrumb\",\"itemListElement\":[{\"@type\":\"ListItem\",\"position\":1,\"name\":\"Ana s\u0259hif\u0259\",\"item\":\"https:\\\/\\\/www.meydan.tv\\\/az\\\/\"},{\"@type\":\"ListItem\",\"position\":2,\"name\":\"Siyas\u0259t\",\"item\":\"https:\\\/\\\/www.meydan.tv\\\/az\\\/section\\\/siyaset\\\/\"},{\"@type\":\"ListItem\",\"position\":3,\"name\":\"V\u0259zif\u0259 cinay\u0259tl\u0259rind\u0259 g\u00fcnahland\u0131r\u0131lan ke\u00e7mi\u015f icra ba\u015f\u00e7\u0131s\u0131na 30 manatl\u0131q c\u0259rim\u0259\"}]},{\"@type\":\"WebSite\",\"@id\":\"https:\\\/\\\/www.meydan.tv\\\/az\\\/#website\",\"url\":\"https:\\\/\\\/www.meydan.tv\\\/az\\\/\",\"name\":\"MEYDAN.TV\",\"description\":\"Meydan TV Az\u0259rbaycan\u0131n media m\u0259kan\u0131ndak\u0131 alternativ s\u0259sidir\",\"publisher\":{\"@id\":\"https:\\\/\\\/www.meydan.tv\\\/az\\\/#organization\"},\"potentialAction\":[{\"@type\":\"SearchAction\",\"target\":{\"@type\":\"EntryPoint\",\"urlTemplate\":\"https:\\\/\\\/www.meydan.tv\\\/az\\\/?s={search_term_string}\"},\"query-input\":{\"@type\":\"PropertyValueSpecification\",\"valueRequired\":true,\"valueName\":\"search_term_string\"}}],\"inLanguage\":\"az\"},{\"@type\":\"Organization\",\"@id\":\"https:\\\/\\\/www.meydan.tv\\\/az\\\/#organization\",\"name\":\"Meydan TV\",\"url\":\"https:\\\/\\\/www.meydan.tv\\\/az\\\/\",\"logo\":{\"@type\":\"ImageObject\",\"inLanguage\":\"az\",\"@id\":\"https:\\\/\\\/www.meydan.tv\\\/az\\\/#\\\/schema\\\/logo\\\/image\\\/\",\"url\":\"https:\\\/\\\/www.meydan.tv\\\/wp-content\\\/uploads\\\/2021\\\/07\\\/meydan-logo.svg\",\"contentUrl\":\"https:\\\/\\\/www.meydan.tv\\\/wp-content\\\/uploads\\\/2021\\\/07\\\/meydan-logo.svg\",\"width\":195,\"height\":46,\"caption\":\"Meydan TV\"},\"image\":{\"@id\":\"https:\\\/\\\/www.meydan.tv\\\/az\\\/#\\\/schema\\\/logo\\\/image\\\/\"}},{\"@type\":\"Person\",\"@id\":\"https:\\\/\\\/www.meydan.tv\\\/az\\\/#\\\/schema\\\/person\\\/10d11eccf6da3662cf5fdab9806ea91a\",\"name\":\"user-manager\"}]}<\/script>\n<!-- \/ Yoast SEO plugin. -->","yoast_head_json":{"title":"V\u0259zif\u0259 cinay\u0259tl\u0259rind\u0259 g\u00fcnahland\u0131r\u0131lan ke\u00e7mi\u015f icra ba\u015f\u00e7\u0131s\u0131na 30 manatl\u0131q c\u0259rim\u0259 - MEYDAN.TV","robots":{"index":"index","follow":"follow","max-snippet":"max-snippet:-1","max-image-preview":"max-image-preview:large","max-video-preview":"max-video-preview:-1"},"canonical":"https:\/\/www.meydan.tv\/az\/article\/vezife-cinayetlerinde-gunahlandirilan-kecmis-icra-bascisina-30-manatliq-cerime\/","og_locale":"az_AZ","og_type":"article","og_title":"V\u0259zif\u0259 cinay\u0259tl\u0259rind\u0259 g\u00fcnahland\u0131r\u0131lan ke\u00e7mi\u015f icra ba\u015f\u00e7\u0131s\u0131na 30 manatl\u0131q c\u0259rim\u0259 - MEYDAN.TV","og_description":"Hakim Maarif Kaz\u0131movun s\u0259drliyi il\u0259 ke\u00e7iril\u0259n prosesd\u0259 Ramiz Yediyarovun ittiham \u00fczr\u0259 t\u0259qsirli olmas\u0131 t\u0259sdiql\u0259nib.","og_url":"https:\/\/www.meydan.tv\/az\/article\/vezife-cinayetlerinde-gunahlandirilan-kecmis-icra-bascisina-30-manatliq-cerime\/","og_site_name":"MEYDAN.TV","article_published_time":"2019-09-20T13:46:40+00:00","og_image":[{"width":720,"height":480,"url":"https:\/\/www.meydan.tv\/wp-content\/uploads\/be17cef4fa988cccdbf3c26b7d95fa6c.jpg","type":"image\/jpeg"}],"author":"user-manager","twitter_card":"summary_large_image","schema":{"@context":"https:\/\/schema.org","@graph":[{"@type":"Article","@id":"https:\/\/www.meydan.tv\/az\/article\/vezife-cinayetlerinde-gunahlandirilan-kecmis-icra-bascisina-30-manatliq-cerime\/#article","isPartOf":{"@id":"https:\/\/www.meydan.tv\/az\/article\/vezife-cinayetlerinde-gunahlandirilan-kecmis-icra-bascisina-30-manatliq-cerime\/"},"author":{"name":"user-manager","@id":"https:\/\/www.meydan.tv\/az\/#\/schema\/person\/10d11eccf6da3662cf5fdab9806ea91a"},"headline":"V\u0259zif\u0259 cinay\u0259tl\u0259rind\u0259 g\u00fcnahland\u0131r\u0131lan ke\u00e7mi\u015f icra ba\u015f\u00e7\u0131s\u0131na 30 manatl\u0131q c\u0259rim\u0259","datePublished":"2019-09-20T13:46:40+00:00","mainEntityOfPage":{"@id":"https:\/\/www.meydan.tv\/az\/article\/vezife-cinayetlerinde-gunahlandirilan-kecmis-icra-bascisina-30-manatliq-cerime\/"},"wordCount":273,"publisher":{"@id":"https:\/\/www.meydan.tv\/az\/#organization"},"image":{"@id":"https:\/\/www.meydan.tv\/az\/article\/vezife-cinayetlerinde-gunahlandirilan-kecmis-icra-bascisina-30-manatliq-cerime\/#primaryimage"},"thumbnailUrl":"https:\/\/www.meydan.tv\/wp-content\/uploads\/be17cef4fa988cccdbf3c26b7d95fa6c.jpg","articleSection":["Siyas\u0259t"],"inLanguage":"az"},{"@type":"WebPage","@id":"https:\/\/www.meydan.tv\/az\/article\/vezife-cinayetlerinde-gunahlandirilan-kecmis-icra-bascisina-30-manatliq-cerime\/","url":"https:\/\/www.meydan.tv\/az\/article\/vezife-cinayetlerinde-gunahlandirilan-kecmis-icra-bascisina-30-manatliq-cerime\/","name":"V\u0259zif\u0259 cinay\u0259tl\u0259rind\u0259 g\u00fcnahland\u0131r\u0131lan ke\u00e7mi\u015f icra ba\u015f\u00e7\u0131s\u0131na 30 manatl\u0131q c\u0259rim\u0259 - MEYDAN.TV","isPartOf":{"@id":"https:\/\/www.meydan.tv\/az\/#website"},"primaryImageOfPage":{"@id":"https:\/\/www.meydan.tv\/az\/article\/vezife-cinayetlerinde-gunahlandirilan-kecmis-icra-bascisina-30-manatliq-cerime\/#primaryimage"},"image":{"@id":"https:\/\/www.meydan.tv\/az\/article\/vezife-cinayetlerinde-gunahlandirilan-kecmis-icra-bascisina-30-manatliq-cerime\/#primaryimage"},"thumbnailUrl":"https:\/\/www.meydan.tv\/wp-content\/uploads\/be17cef4fa988cccdbf3c26b7d95fa6c.jpg","datePublished":"2019-09-20T13:46:40+00:00","breadcrumb":{"@id":"https:\/\/www.meydan.tv\/az\/article\/vezife-cinayetlerinde-gunahlandirilan-kecmis-icra-bascisina-30-manatliq-cerime\/#breadcrumb"},"inLanguage":"az","potentialAction":[{"@type":"ReadAction","target":["https:\/\/www.meydan.tv\/az\/article\/vezife-cinayetlerinde-gunahlandirilan-kecmis-icra-bascisina-30-manatliq-cerime\/"]}]},{"@type":"ImageObject","inLanguage":"az","@id":"https:\/\/www.meydan.tv\/az\/article\/vezife-cinayetlerinde-gunahlandirilan-kecmis-icra-bascisina-30-manatliq-cerime\/#primaryimage","url":"https:\/\/www.meydan.tv\/wp-content\/uploads\/be17cef4fa988cccdbf3c26b7d95fa6c.jpg","contentUrl":"https:\/\/www.meydan.tv\/wp-content\/uploads\/be17cef4fa988cccdbf3c26b7d95fa6c.jpg","width":720,"height":480,"caption":"Source: google.az"},{"@type":"BreadcrumbList","@id":"https:\/\/www.meydan.tv\/az\/article\/vezife-cinayetlerinde-gunahlandirilan-kecmis-icra-bascisina-30-manatliq-cerime\/#breadcrumb","itemListElement":[{"@type":"ListItem","position":1,"name":"Ana s\u0259hif\u0259","item":"https:\/\/www.meydan.tv\/az\/"},{"@type":"ListItem","position":2,"name":"Siyas\u0259t","item":"https:\/\/www.meydan.tv\/az\/section\/siyaset\/"},{"@type":"ListItem","position":3,"name":"V\u0259zif\u0259 cinay\u0259tl\u0259rind\u0259 g\u00fcnahland\u0131r\u0131lan ke\u00e7mi\u015f icra ba\u015f\u00e7\u0131s\u0131na 30 manatl\u0131q c\u0259rim\u0259"}]},{"@type":"WebSite","@id":"https:\/\/www.meydan.tv\/az\/#website","url":"https:\/\/www.meydan.tv\/az\/","name":"MEYDAN.TV","description":"Meydan TV Az\u0259rbaycan\u0131n media m\u0259kan\u0131ndak\u0131 alternativ s\u0259sidir","publisher":{"@id":"https:\/\/www.meydan.tv\/az\/#organization"},"potentialAction":[{"@type":"SearchAction","target":{"@type":"EntryPoint","urlTemplate":"https:\/\/www.meydan.tv\/az\/?s={search_term_string}"},"query-input":{"@type":"PropertyValueSpecification","valueRequired":true,"valueName":"search_term_string"}}],"inLanguage":"az"},{"@type":"Organization","@id":"https:\/\/www.meydan.tv\/az\/#organization","name":"Meydan TV","url":"https:\/\/www.meydan.tv\/az\/","logo":{"@type":"ImageObject","inLanguage":"az","@id":"https:\/\/www.meydan.tv\/az\/#\/schema\/logo\/image\/","url":"https:\/\/www.meydan.tv\/wp-content\/uploads\/2021\/07\/meydan-logo.svg","contentUrl":"https:\/\/www.meydan.tv\/wp-content\/uploads\/2021\/07\/meydan-logo.svg","width":195,"height":46,"caption":"Meydan TV"},"image":{"@id":"https:\/\/www.meydan.tv\/az\/#\/schema\/logo\/image\/"}},{"@type":"Person","@id":"https:\/\/www.meydan.tv\/az\/#\/schema\/person\/10d11eccf6da3662cf5fdab9806ea91a","name":"user-manager"}]}},"_links":{"self":[{"href":"https:\/\/www.meydan.tv\/az\/wp-json\/wp\/v2\/posts\/197064","targetHints":{"allow":["GET"]}}],"collection":[{"href":"https:\/\/www.meydan.tv\/az\/wp-json\/wp\/v2\/posts"}],"about":[{"href":"https:\/\/www.meydan.tv\/az\/wp-json\/wp\/v2\/types\/post"}],"author":[{"embeddable":true,"href":"https:\/\/www.meydan.tv\/az\/wp-json\/wp\/v2\/users\/11"}],"replies":[{"embeddable":true,"href":"https:\/\/www.meydan.tv\/az\/wp-json\/wp\/v2\/comments?post=197064"}],"version-history":[{"count":0,"href":"https:\/\/www.meydan.tv\/az\/wp-json\/wp\/v2\/posts\/197064\/revisions"}],"wp:featuredmedia":[{"embeddable":true,"href":"https:\/\/www.meydan.tv\/az\/wp-json\/wp\/v2\/media\/129961"}],"wp:attachment":[{"href":"https:\/\/www.meydan.tv\/az\/wp-json\/wp\/v2\/media?parent=197064"}],"wp:term":[{"taxonomy":"category","embeddable":true,"href":"https:\/\/www.meydan.tv\/az\/wp-json\/wp\/v2\/categories?post=197064"},{"taxonomy":"post_tag","embeddable":true,"href":"https:\/\/www.meydan.tv\/az\/wp-json\/wp\/v2\/tags?post=197064"}],"curies":[{"name":"wp","href":"https:\/\/api.w.org\/{rel}","templated":true}]}}