{"id":197061,"date":"2019-09-20T12:47:28","date_gmt":"2019-09-20T12:47:28","guid":{"rendered":"https:\/\/www.meydan.tv\/article\/deputatin-borca-gore-vesiqesini-girov-qoydugu-bildirilir\/"},"modified":"2019-09-20T12:47:28","modified_gmt":"2019-09-20T12:47:28","slug":"deputatin-borca-gore-vesiqesini-girov-qoydugu-bildirilir","status":"publish","type":"post","link":"https:\/\/www.meydan.tv\/az\/article\/deputatin-borca-gore-vesiqesini-girov-qoydugu-bildirilir\/","title":{"rendered":"Deputat\u0131n borca g\u00f6r\u0259 v\u0259siq\u0259sini girov qoydu\u011fu bildirilir"},"content":{"rendered":"<p>\n  <i><br \/>\n    Rafael C\u0259bray\u0131lov 300 min dollar borca g\u00f6r\u0259 m\u0259hk\u0259m\u0259y\u0259 verilib<br \/>\n  <\/i>\n<\/p>\n<p>\n  Milli M\u0259clisin \u00fczv\u00fc Rafael C\u0259bray\u0131lovun 300 min dollar borc g\u00f6t\u00fcr\u00fcb, vaxt\u0131nda qaytara bilm\u0259diyi \u00fc\u00e7\u00fcn z\u0259man\u0259t kimi III v\u0259 IV \u00e7a\u011f\u0131r\u0131\u015f Az\u0259rbaycan Respublikas\u0131 Milli M\u0259clisinin Deputat\u0131n\u0131n v\u0259siq\u0259sinin \u0259slini girov qoydu\u011fu bildirilir.\n<\/p>\n<p>\n  <a href=\"https:\/\/report.az\/hadise\/millet-vekili-deputat-vesiqesini-girov-qoyub\/\"><br \/>\n    \u201cReport\u201d<br \/>\n  <\/a><br \/>\n  sayt\u0131n\u0131n m\u0259lumat\u0131na g\u00f6r\u0259, deputat ev tikm\u0259k \u00fc\u00e7\u00fcn 300 min AB\u015e dollar\u0131 m\u0259bl\u0259\u011find\u0259 borcu notariat qaydas\u0131nda 2015-ci il sentyabr\u0131n 9-da t\u0259sdiq edib. M\u0259lumata g\u00f6r\u0259, ona borc ver\u0259n \u015f\u0259xs F\u0259t\u0259liyeva T\u0259ran\u0259 Rasim q\u0131z\u0131 il\u0259 deputat ail\u0259vi yax\u0131n m\u00fcnasib\u0259tl\u0259rd\u0259 olub.\n<\/p>\n<p>\n  Borcun qaytar\u0131lmad\u0131\u011f\u0131n\u0131 g\u00f6r\u0259n T\u0259ran\u0259 F\u0259t\u0259liyeva Ab\u015feron Rayon M\u0259hk\u0259m\u0259sin\u0259 m\u00fcraci\u0259t edib. M\u0259hk\u0259m\u0259 iddia\u00e7\u0131n\u0131n xeyrin\u0259 15 fevral 2019-cu ild\u0259 qiyabi q\u0259tnam\u0259 q\u0259bul edib.\n<\/p>\n<p>\n  Cavabdeh \u015f\u0259xs, R\u0259fael C\u0259bray\u0131lov m\u0259hk\u0259m\u0259nin q\u0259rar\u0131 il\u0259 raz\u0131la\u015fmayaraq, apelyasiya \u015fikay\u0259ti verib. Apelyasiya m\u0259hk\u0259m\u0259si birinci instansiya m\u0259hk\u0259m\u0259sinin q\u0259rar\u0131n\u0131 q\u00fcvv\u0259d\u0259 saxlay\u0131b.<\/p>\n","protected":false},"excerpt":{"rendered":"<p>Borcun qaytar\u0131lmad\u0131\u011f\u0131n\u0131 g\u00f6r\u0259n T\u0259ran\u0259 F\u0259t\u0259liyeva Ab\u015feron Rayon M\u0259hk\u0259m\u0259sin\u0259 m\u00fcraci\u0259t edib.<\/p>\n","protected":false},"author":11,"featured_media":129964,"comment_status":"closed","ping_status":"open","sticky":false,"template":"","format":"standard","meta":{"_acf_changed":false,"_sitemap_exclude":false,"_sitemap_priority":"","_sitemap_frequency":"","footnotes":""},"categories":[59],"tags":[],"class_list":["post-197061","post","type-post","status-publish","format-standard","has-post-thumbnail","hentry","category-siyaset","infinite-scroll-item","generate-columns","tablet-grid-50","mobile-grid-100","grid-parent","grid-33","no-featured-image-padding"],"acf":[],"yoast_head":"<!-- This site is optimized with the Yoast SEO plugin v27.5 - https:\/\/yoast.com\/product\/yoast-seo-wordpress\/ -->\n<title>Deputat\u0131n borca g\u00f6r\u0259 v\u0259siq\u0259sini girov qoydu\u011fu bildirilir - MEYDAN.TV<\/title>\n<meta name=\"robots\" content=\"index, follow, max-snippet:-1, max-image-preview:large, max-video-preview:-1\" \/>\n<link rel=\"canonical\" href=\"https:\/\/www.meydan.tv\/az\/article\/deputatin-borca-gore-vesiqesini-girov-qoydugu-bildirilir\/\" \/>\n<meta property=\"og:locale\" content=\"az_AZ\" \/>\n<meta property=\"og:type\" content=\"article\" \/>\n<meta property=\"og:title\" content=\"Deputat\u0131n borca g\u00f6r\u0259 v\u0259siq\u0259sini girov qoydu\u011fu bildirilir - MEYDAN.TV\" \/>\n<meta property=\"og:description\" content=\"Borcun qaytar\u0131lmad\u0131\u011f\u0131n\u0131 g\u00f6r\u0259n T\u0259ran\u0259 F\u0259t\u0259liyeva Ab\u015feron Rayon M\u0259hk\u0259m\u0259sin\u0259 m\u00fcraci\u0259t edib.\" \/>\n<meta property=\"og:url\" content=\"https:\/\/www.meydan.tv\/az\/article\/deputatin-borca-gore-vesiqesini-girov-qoydugu-bildirilir\/\" \/>\n<meta property=\"og:site_name\" content=\"MEYDAN.TV\" \/>\n<meta property=\"article:published_time\" content=\"2019-09-20T12:47:28+00:00\" \/>\n<meta property=\"og:image\" content=\"https:\/\/www.meydan.tv\/wp-content\/uploads\/deputat.jpg\" \/>\n\t<meta property=\"og:image:width\" content=\"866\" \/>\n\t<meta property=\"og:image:height\" content=\"545\" \/>\n\t<meta property=\"og:image:type\" content=\"image\/jpeg\" \/>\n<meta name=\"author\" content=\"user-manager\" \/>\n<meta name=\"twitter:card\" content=\"summary_large_image\" \/>\n<script type=\"application\/ld+json\" class=\"yoast-schema-graph\">{\"@context\":\"https:\\\/\\\/schema.org\",\"@graph\":[{\"@type\":\"Article\",\"@id\":\"https:\\\/\\\/www.meydan.tv\\\/az\\\/article\\\/deputatin-borca-gore-vesiqesini-girov-qoydugu-bildirilir\\\/#article\",\"isPartOf\":{\"@id\":\"https:\\\/\\\/www.meydan.tv\\\/az\\\/article\\\/deputatin-borca-gore-vesiqesini-girov-qoydugu-bildirilir\\\/\"},\"author\":{\"name\":\"user-manager\",\"@id\":\"https:\\\/\\\/www.meydan.tv\\\/az\\\/#\\\/schema\\\/person\\\/10d11eccf6da3662cf5fdab9806ea91a\"},\"headline\":\"Deputat\u0131n borca g\u00f6r\u0259 v\u0259siq\u0259sini girov qoydu\u011fu bildirilir\",\"datePublished\":\"2019-09-20T12:47:28+00:00\",\"mainEntityOfPage\":{\"@id\":\"https:\\\/\\\/www.meydan.tv\\\/az\\\/article\\\/deputatin-borca-gore-vesiqesini-girov-qoydugu-bildirilir\\\/\"},\"wordCount\":212,\"publisher\":{\"@id\":\"https:\\\/\\\/www.meydan.tv\\\/az\\\/#organization\"},\"image\":{\"@id\":\"https:\\\/\\\/www.meydan.tv\\\/az\\\/article\\\/deputatin-borca-gore-vesiqesini-girov-qoydugu-bildirilir\\\/#primaryimage\"},\"thumbnailUrl\":\"https:\\\/\\\/www.meydan.tv\\\/wp-content\\\/uploads\\\/deputat.jpg\",\"articleSection\":[\"Siyas\u0259t\"],\"inLanguage\":\"az\"},{\"@type\":\"WebPage\",\"@id\":\"https:\\\/\\\/www.meydan.tv\\\/az\\\/article\\\/deputatin-borca-gore-vesiqesini-girov-qoydugu-bildirilir\\\/\",\"url\":\"https:\\\/\\\/www.meydan.tv\\\/az\\\/article\\\/deputatin-borca-gore-vesiqesini-girov-qoydugu-bildirilir\\\/\",\"name\":\"Deputat\u0131n borca g\u00f6r\u0259 v\u0259siq\u0259sini girov qoydu\u011fu bildirilir - MEYDAN.TV\",\"isPartOf\":{\"@id\":\"https:\\\/\\\/www.meydan.tv\\\/az\\\/#website\"},\"primaryImageOfPage\":{\"@id\":\"https:\\\/\\\/www.meydan.tv\\\/az\\\/article\\\/deputatin-borca-gore-vesiqesini-girov-qoydugu-bildirilir\\\/#primaryimage\"},\"image\":{\"@id\":\"https:\\\/\\\/www.meydan.tv\\\/az\\\/article\\\/deputatin-borca-gore-vesiqesini-girov-qoydugu-bildirilir\\\/#primaryimage\"},\"thumbnailUrl\":\"https:\\\/\\\/www.meydan.tv\\\/wp-content\\\/uploads\\\/deputat.jpg\",\"datePublished\":\"2019-09-20T12:47:28+00:00\",\"breadcrumb\":{\"@id\":\"https:\\\/\\\/www.meydan.tv\\\/az\\\/article\\\/deputatin-borca-gore-vesiqesini-girov-qoydugu-bildirilir\\\/#breadcrumb\"},\"inLanguage\":\"az\",\"potentialAction\":[{\"@type\":\"ReadAction\",\"target\":[\"https:\\\/\\\/www.meydan.tv\\\/az\\\/article\\\/deputatin-borca-gore-vesiqesini-girov-qoydugu-bildirilir\\\/\"]}]},{\"@type\":\"ImageObject\",\"inLanguage\":\"az\",\"@id\":\"https:\\\/\\\/www.meydan.tv\\\/az\\\/article\\\/deputatin-borca-gore-vesiqesini-girov-qoydugu-bildirilir\\\/#primaryimage\",\"url\":\"https:\\\/\\\/www.meydan.tv\\\/wp-content\\\/uploads\\\/deputat.jpg\",\"contentUrl\":\"https:\\\/\\\/www.meydan.tv\\\/wp-content\\\/uploads\\\/deputat.jpg\",\"width\":866,\"height\":545,\"caption\":\"Source: google.az\"},{\"@type\":\"BreadcrumbList\",\"@id\":\"https:\\\/\\\/www.meydan.tv\\\/az\\\/article\\\/deputatin-borca-gore-vesiqesini-girov-qoydugu-bildirilir\\\/#breadcrumb\",\"itemListElement\":[{\"@type\":\"ListItem\",\"position\":1,\"name\":\"Ana s\u0259hif\u0259\",\"item\":\"https:\\\/\\\/www.meydan.tv\\\/az\\\/\"},{\"@type\":\"ListItem\",\"position\":2,\"name\":\"Siyas\u0259t\",\"item\":\"https:\\\/\\\/www.meydan.tv\\\/az\\\/section\\\/siyaset\\\/\"},{\"@type\":\"ListItem\",\"position\":3,\"name\":\"Deputat\u0131n borca g\u00f6r\u0259 v\u0259siq\u0259sini girov qoydu\u011fu bildirilir\"}]},{\"@type\":\"WebSite\",\"@id\":\"https:\\\/\\\/www.meydan.tv\\\/az\\\/#website\",\"url\":\"https:\\\/\\\/www.meydan.tv\\\/az\\\/\",\"name\":\"MEYDAN.TV\",\"description\":\"Meydan TV Az\u0259rbaycan\u0131n media m\u0259kan\u0131ndak\u0131 alternativ s\u0259sidir\",\"publisher\":{\"@id\":\"https:\\\/\\\/www.meydan.tv\\\/az\\\/#organization\"},\"potentialAction\":[{\"@type\":\"SearchAction\",\"target\":{\"@type\":\"EntryPoint\",\"urlTemplate\":\"https:\\\/\\\/www.meydan.tv\\\/az\\\/?s={search_term_string}\"},\"query-input\":{\"@type\":\"PropertyValueSpecification\",\"valueRequired\":true,\"valueName\":\"search_term_string\"}}],\"inLanguage\":\"az\"},{\"@type\":\"Organization\",\"@id\":\"https:\\\/\\\/www.meydan.tv\\\/az\\\/#organization\",\"name\":\"Meydan TV\",\"url\":\"https:\\\/\\\/www.meydan.tv\\\/az\\\/\",\"logo\":{\"@type\":\"ImageObject\",\"inLanguage\":\"az\",\"@id\":\"https:\\\/\\\/www.meydan.tv\\\/az\\\/#\\\/schema\\\/logo\\\/image\\\/\",\"url\":\"https:\\\/\\\/www.meydan.tv\\\/wp-content\\\/uploads\\\/2021\\\/07\\\/meydan-logo.svg\",\"contentUrl\":\"https:\\\/\\\/www.meydan.tv\\\/wp-content\\\/uploads\\\/2021\\\/07\\\/meydan-logo.svg\",\"width\":195,\"height\":46,\"caption\":\"Meydan TV\"},\"image\":{\"@id\":\"https:\\\/\\\/www.meydan.tv\\\/az\\\/#\\\/schema\\\/logo\\\/image\\\/\"}},{\"@type\":\"Person\",\"@id\":\"https:\\\/\\\/www.meydan.tv\\\/az\\\/#\\\/schema\\\/person\\\/10d11eccf6da3662cf5fdab9806ea91a\",\"name\":\"user-manager\"}]}<\/script>\n<!-- \/ Yoast SEO plugin. -->","yoast_head_json":{"title":"Deputat\u0131n borca g\u00f6r\u0259 v\u0259siq\u0259sini girov qoydu\u011fu bildirilir - MEYDAN.TV","robots":{"index":"index","follow":"follow","max-snippet":"max-snippet:-1","max-image-preview":"max-image-preview:large","max-video-preview":"max-video-preview:-1"},"canonical":"https:\/\/www.meydan.tv\/az\/article\/deputatin-borca-gore-vesiqesini-girov-qoydugu-bildirilir\/","og_locale":"az_AZ","og_type":"article","og_title":"Deputat\u0131n borca g\u00f6r\u0259 v\u0259siq\u0259sini girov qoydu\u011fu bildirilir - MEYDAN.TV","og_description":"Borcun qaytar\u0131lmad\u0131\u011f\u0131n\u0131 g\u00f6r\u0259n T\u0259ran\u0259 F\u0259t\u0259liyeva Ab\u015feron Rayon M\u0259hk\u0259m\u0259sin\u0259 m\u00fcraci\u0259t edib.","og_url":"https:\/\/www.meydan.tv\/az\/article\/deputatin-borca-gore-vesiqesini-girov-qoydugu-bildirilir\/","og_site_name":"MEYDAN.TV","article_published_time":"2019-09-20T12:47:28+00:00","og_image":[{"width":866,"height":545,"url":"https:\/\/www.meydan.tv\/wp-content\/uploads\/deputat.jpg","type":"image\/jpeg"}],"author":"user-manager","twitter_card":"summary_large_image","schema":{"@context":"https:\/\/schema.org","@graph":[{"@type":"Article","@id":"https:\/\/www.meydan.tv\/az\/article\/deputatin-borca-gore-vesiqesini-girov-qoydugu-bildirilir\/#article","isPartOf":{"@id":"https:\/\/www.meydan.tv\/az\/article\/deputatin-borca-gore-vesiqesini-girov-qoydugu-bildirilir\/"},"author":{"name":"user-manager","@id":"https:\/\/www.meydan.tv\/az\/#\/schema\/person\/10d11eccf6da3662cf5fdab9806ea91a"},"headline":"Deputat\u0131n borca g\u00f6r\u0259 v\u0259siq\u0259sini girov qoydu\u011fu bildirilir","datePublished":"2019-09-20T12:47:28+00:00","mainEntityOfPage":{"@id":"https:\/\/www.meydan.tv\/az\/article\/deputatin-borca-gore-vesiqesini-girov-qoydugu-bildirilir\/"},"wordCount":212,"publisher":{"@id":"https:\/\/www.meydan.tv\/az\/#organization"},"image":{"@id":"https:\/\/www.meydan.tv\/az\/article\/deputatin-borca-gore-vesiqesini-girov-qoydugu-bildirilir\/#primaryimage"},"thumbnailUrl":"https:\/\/www.meydan.tv\/wp-content\/uploads\/deputat.jpg","articleSection":["Siyas\u0259t"],"inLanguage":"az"},{"@type":"WebPage","@id":"https:\/\/www.meydan.tv\/az\/article\/deputatin-borca-gore-vesiqesini-girov-qoydugu-bildirilir\/","url":"https:\/\/www.meydan.tv\/az\/article\/deputatin-borca-gore-vesiqesini-girov-qoydugu-bildirilir\/","name":"Deputat\u0131n borca g\u00f6r\u0259 v\u0259siq\u0259sini girov qoydu\u011fu bildirilir - MEYDAN.TV","isPartOf":{"@id":"https:\/\/www.meydan.tv\/az\/#website"},"primaryImageOfPage":{"@id":"https:\/\/www.meydan.tv\/az\/article\/deputatin-borca-gore-vesiqesini-girov-qoydugu-bildirilir\/#primaryimage"},"image":{"@id":"https:\/\/www.meydan.tv\/az\/article\/deputatin-borca-gore-vesiqesini-girov-qoydugu-bildirilir\/#primaryimage"},"thumbnailUrl":"https:\/\/www.meydan.tv\/wp-content\/uploads\/deputat.jpg","datePublished":"2019-09-20T12:47:28+00:00","breadcrumb":{"@id":"https:\/\/www.meydan.tv\/az\/article\/deputatin-borca-gore-vesiqesini-girov-qoydugu-bildirilir\/#breadcrumb"},"inLanguage":"az","potentialAction":[{"@type":"ReadAction","target":["https:\/\/www.meydan.tv\/az\/article\/deputatin-borca-gore-vesiqesini-girov-qoydugu-bildirilir\/"]}]},{"@type":"ImageObject","inLanguage":"az","@id":"https:\/\/www.meydan.tv\/az\/article\/deputatin-borca-gore-vesiqesini-girov-qoydugu-bildirilir\/#primaryimage","url":"https:\/\/www.meydan.tv\/wp-content\/uploads\/deputat.jpg","contentUrl":"https:\/\/www.meydan.tv\/wp-content\/uploads\/deputat.jpg","width":866,"height":545,"caption":"Source: google.az"},{"@type":"BreadcrumbList","@id":"https:\/\/www.meydan.tv\/az\/article\/deputatin-borca-gore-vesiqesini-girov-qoydugu-bildirilir\/#breadcrumb","itemListElement":[{"@type":"ListItem","position":1,"name":"Ana s\u0259hif\u0259","item":"https:\/\/www.meydan.tv\/az\/"},{"@type":"ListItem","position":2,"name":"Siyas\u0259t","item":"https:\/\/www.meydan.tv\/az\/section\/siyaset\/"},{"@type":"ListItem","position":3,"name":"Deputat\u0131n borca g\u00f6r\u0259 v\u0259siq\u0259sini girov qoydu\u011fu bildirilir"}]},{"@type":"WebSite","@id":"https:\/\/www.meydan.tv\/az\/#website","url":"https:\/\/www.meydan.tv\/az\/","name":"MEYDAN.TV","description":"Meydan TV Az\u0259rbaycan\u0131n media m\u0259kan\u0131ndak\u0131 alternativ s\u0259sidir","publisher":{"@id":"https:\/\/www.meydan.tv\/az\/#organization"},"potentialAction":[{"@type":"SearchAction","target":{"@type":"EntryPoint","urlTemplate":"https:\/\/www.meydan.tv\/az\/?s={search_term_string}"},"query-input":{"@type":"PropertyValueSpecification","valueRequired":true,"valueName":"search_term_string"}}],"inLanguage":"az"},{"@type":"Organization","@id":"https:\/\/www.meydan.tv\/az\/#organization","name":"Meydan TV","url":"https:\/\/www.meydan.tv\/az\/","logo":{"@type":"ImageObject","inLanguage":"az","@id":"https:\/\/www.meydan.tv\/az\/#\/schema\/logo\/image\/","url":"https:\/\/www.meydan.tv\/wp-content\/uploads\/2021\/07\/meydan-logo.svg","contentUrl":"https:\/\/www.meydan.tv\/wp-content\/uploads\/2021\/07\/meydan-logo.svg","width":195,"height":46,"caption":"Meydan TV"},"image":{"@id":"https:\/\/www.meydan.tv\/az\/#\/schema\/logo\/image\/"}},{"@type":"Person","@id":"https:\/\/www.meydan.tv\/az\/#\/schema\/person\/10d11eccf6da3662cf5fdab9806ea91a","name":"user-manager"}]}},"_links":{"self":[{"href":"https:\/\/www.meydan.tv\/az\/wp-json\/wp\/v2\/posts\/197061","targetHints":{"allow":["GET"]}}],"collection":[{"href":"https:\/\/www.meydan.tv\/az\/wp-json\/wp\/v2\/posts"}],"about":[{"href":"https:\/\/www.meydan.tv\/az\/wp-json\/wp\/v2\/types\/post"}],"author":[{"embeddable":true,"href":"https:\/\/www.meydan.tv\/az\/wp-json\/wp\/v2\/users\/11"}],"replies":[{"embeddable":true,"href":"https:\/\/www.meydan.tv\/az\/wp-json\/wp\/v2\/comments?post=197061"}],"version-history":[{"count":0,"href":"https:\/\/www.meydan.tv\/az\/wp-json\/wp\/v2\/posts\/197061\/revisions"}],"wp:featuredmedia":[{"embeddable":true,"href":"https:\/\/www.meydan.tv\/az\/wp-json\/wp\/v2\/media\/129964"}],"wp:attachment":[{"href":"https:\/\/www.meydan.tv\/az\/wp-json\/wp\/v2\/media?parent=197061"}],"wp:term":[{"taxonomy":"category","embeddable":true,"href":"https:\/\/www.meydan.tv\/az\/wp-json\/wp\/v2\/categories?post=197061"},{"taxonomy":"post_tag","embeddable":true,"href":"https:\/\/www.meydan.tv\/az\/wp-json\/wp\/v2\/tags?post=197061"}],"curies":[{"name":"wp","href":"https:\/\/api.w.org\/{rel}","templated":true}]}}