{"id":197059,"date":"2019-09-20T12:36:29","date_gmt":"2019-09-20T12:36:29","guid":{"rendered":"https:\/\/www.meydan.tv\/article\/prokuror-huseyn-abdullayeve-8-il-ceza-istedi-mehkemede-anasinin-veziyyeti-pislesdi\/"},"modified":"2019-09-20T12:36:29","modified_gmt":"2019-09-20T12:36:29","slug":"prokuror-huseyn-abdullayeve-8-il-ceza-istedi-mehkemede-anasinin-veziyyeti-pislesdi","status":"publish","type":"post","link":"https:\/\/www.meydan.tv\/az\/article\/prokuror-huseyn-abdullayeve-8-il-ceza-istedi-mehkemede-anasinin-veziyyeti-pislesdi\/","title":{"rendered":"Prokuror H\u00fcseyn Abdullayev\u0259 8 il c\u0259za ist\u0259di, m\u0259hk\u0259m\u0259d\u0259 anas\u0131n\u0131n v\u0259ziyy\u0259ti pisl\u0259\u015fdi"},"content":{"rendered":"<p>\n  Ke\u00e7mi\u015f deputat, \u00f6t\u0259n ilin aprelind\u0259 T\u00fcrkiy\u0259d\u0259 saxlan\u0131laraq Az\u0259rbaycana t\u0259hvil veril\u0259n H\u00fcseyn Abdullayev, anas\u0131 Zeyn\u0259b Abdullayeva v\u0259 daha 7 n\u0259f\u0259rin i\u015fi \u00fczr\u0259 m\u0259hk\u0259m\u0259 istintaq\u0131 ba\u015fa \u00e7at\u0131b. Sentyabr\u0131n 19-da Bak\u0131 H\u0259rbi M\u0259hk\u0259m\u0259sind\u0259 hakim H\u0259bib \u018fliyevin s\u0259drliyil\u0259 ke\u00e7iril\u0259n m\u0259hk\u0259m\u0259 iclas\u0131nda prokuror \u00e7\u0131x\u0131\u015f edib.\n<\/p>\n<p>\n  \u0130ttihamlar\u0131n m\u0259hk\u0259m\u0259 ara\u015fd\u0131rmas\u0131nda da s\u00fcbuta yetirildiyini dey\u0259n prokuror ke\u00e7mi\u015f deputat\u0131n 8 il azadl\u0131qdan m\u0259hrum edilm\u0259sini ist\u0259yib. Daha d\u0259qiq des\u0259k, prokuror haz\u0131rda ittiham olundu\u011fu CM-in 213 (vergid\u0259n yay\u0131nma), 178 (d\u0259l\u0259duzluq), 182 (h\u0259d\u0259-qorxu il\u0259 t\u0259l\u0259b etm\u0259) v\u0259 ba\u015fqa madd\u0259l\u0259rl\u0259 H.Abdullayev\u0259 7 il 6 ay h\u0259bs c\u0259zas\u0131 verilm\u0259sini t\u0259klif edib. D\u00f6vl\u0259t ittiham\u00e7\u0131s\u0131 H.Abdullayev\u0259 parlamentd\u0259 F\u0259zail A\u011famal\u0131 il\u0259 davas\u0131na g\u00f6r\u0259 xuliqanl\u0131q v\u0259 q\u0259sd\u0259n sa\u011flaml\u0131\u011fa az a\u011f\u0131r x\u0259sar\u0259t yetirm\u0259 madd\u0259l\u0259ril\u0259 verilmi\u015f 2 il \u015f\u0259rti c\u0259zan\u0131n da birl\u0259\u015fdirilm\u0259sini, onun \u00fcz\u0259rind\u0259 q\u0259ti olaraq, 8 il h\u0259bs c\u0259zas\u0131 saxlanmas\u0131n\u0131 ist\u0259yib.\n<\/p>\n<p>\n  Prokuror \u00e7\u0131x\u0131\u015f edib, ittihamlar\u0131n m\u0259hk\u0259m\u0259d\u0259 s\u00fcbuta yetirildiyini dedikc\u0259, H.Abdullayev d\u0259 yerind\u0259n bir ne\u00e7\u0259 d\u0259f\u0259 etiraz ed\u0259r\u0259k, yalan oldu\u011funu s\u00f6yl\u0259yib. Bu zaman hakim onu m\u0259hk\u0259m\u0259 zal\u0131ndan \u00e7\u0131xarmaqla h\u0259d\u0259l\u0259yib. H.Abdullayev prokurorun ona ist\u0259diyi c\u0259zan\u0131n da sifari\u015fli oldu\u011funu vur\u011fulay\u0131b. Bu zaman hakim H.Abdullayevin m\u0259hk\u0259m\u0259 zal\u0131ndan \u00e7\u0131xar\u0131lmas\u0131na g\u00f6st\u0259ri\u015f verib. Sabiq deputat\u0131n anas\u0131 Zeyn\u0259b Abdullayeva da buna etiraz edib v\u0259 n\u0259tic\u0259d\u0259 onun v\u0259ziyy\u0259ti pisl\u0259\u015fib. Durum o h\u0259dd\u0259 \u00e7at\u0131b ki, Bak\u0131 H\u0259rbi M\u0259hk\u0259m\u0259sinin binas\u0131na t\u0259cili tibbi yard\u0131m briqadas\u0131 \u00e7a\u011fr\u0131l\u0131b. Z.Abdullayeva m\u0259hk\u0259m\u0259 zal\u0131ndan \u00e7\u0131xar\u0131l\u0131b ki, ona tibbi yard\u0131m g\u00f6st\u0259rilsin.\n<\/p>\n<p>\n  Prokuror dig\u0259r t\u0259qsirl\u0259ndiril\u0259n \u015f\u0259xsl\u0259rd\u0259n Abdullayevl\u0259rin \u015firk\u0259tind\u0259 \u00e7al\u0131\u015fm\u0131\u015f Namiq Babayev\u0259 8 il, onlar\u0131n qohumlar\u0131 \u0130ntiqam S\u00fcleymanov v\u0259 Nazim \u018fliyevin h\u0259r birin\u0259 6 il azadl\u0131qdan m\u0259hrumetm\u0259 c\u0259zas\u0131 ist\u0259yib.\n<\/p>\n<p>\n  T\u0259qsirl\u0259ndiril\u0259n \u015f\u0259xsl\u0259r aras\u0131nda \u00fc\u00e7 n\u0259f\u0259r D\u00f6vl\u0259t S\u0259rh\u0259d Xidm\u0259tinin \u0259m\u0259kda\u015flar\u0131na da var &#8211; Zaur Quliyev, P\u0259rviz Kaz\u0131mov v\u0259 H\u0259bib \u0130brahimov. Prokuror h\u0259m onlara, h\u0259m d\u0259 Xalid \u018fliyev\u0259 \u015f\u0259rti c\u0259za verilm\u0259sini ist\u0259yib.\n<\/p>\n<p>\n  S\u0259rh\u0259d\u00e7il\u0259r \u00f6lk\u0259d\u0259n \u00e7\u0131x\u0131\u015f\u0131na qada\u011fa qoyulmu\u015f Z.Abdullayevan\u0131 bac\u0131s\u0131n\u0131n pasportu il\u0259 r\u00fc\u015fv\u0259t qar\u015f\u0131l\u0131\u011f\u0131nda \u00f6lk\u0259d\u0259n buraxmaqda ittiham edilir. \u0130ddia olunur ki, Z.Abdullayeva bu yolla \u00f6lk\u0259ni t\u0259rk ed\u0259r\u0259k, Almaniyada s\u0131\u011f\u0131nacaq alm\u0131\u015f o\u011flu H.Abdullayevl\u0259 bir ne\u00e7\u0259 d\u0259f\u0259 g\u00f6r\u00fc\u015f\u00fcb.\n<\/p>\n<p>\n  Prokuror Z.Abdullayevan\u0131n is\u0259 5 min manat c\u0259rim\u0259l\u0259nm\u0259sini, onun haqq\u0131nda ba\u015fqa yer\u0259 getm\u0259m\u0259y\u0259 dair iltizam q\u0259timkan t\u0259dbirinin t\u0259yin edilm\u0259sini ist\u0259yib.\n<\/p>\n<p>\n  Prokurorun ba\u015fqa bir t\u0259klifi is\u0259 Vergil\u0259r Nazirliyinin H,Abdullayev\u0259 qar\u015f\u0131 1 milyondan yuxar\u0131 m\u00fclki iddias\u0131n\u0131n t\u0259min edilm\u0259si, onun v\u0259 anas\u0131n\u0131n \u0259mlaklar\u0131n\u0131n m\u00fcsadir\u0259 edilm\u0259si olub.\n<\/p>\n<p>\n  Prosessual qaydalara g\u00f6r\u0259, prokurordan sonra v\u0259kill\u0259r \u00e7\u0131x\u0131\u015f etm\u0259lidir. V\u0259kill\u0259r d\u0259 m\u00fcdafi\u0259 \u00e7\u0131x\u0131\u015f\u0131na haz\u0131rla\u015fmaq \u00fc\u00e7\u00fcn 2 h\u0259ft\u0259 vaxt ist\u0259yibl\u0259r. Lakin hakim n\u00f6vb\u0259ti m\u0259hk\u0259m\u0259 iclas\u0131n\u0131 sentyabr\u0131n 24-n\u0259 t\u0259yin edib.\n<\/p>\n<p>\n  H.Abdullayev 1 milyon 810 min manat vergid\u0259n yay\u0131nmaqda, x\u00fcsusi raz\u0131l\u0131q (lisenziya) t\u0259l\u0259b olundu\u011fu halda, onu almadan bina tikib 966 min manat g\u0259lir \u0259ld\u0259 etm\u0259kd\u0259 v\u0259 s. ittiham olunur.\n<\/p>\n<p>\n  Lakin t\u0259qsirl\u0259ndiril\u0259n \u015f\u0259xsl\u0259rin he\u00e7 biri ittihamlar\u0131 q\u0259bul etmir.<\/p>\n","protected":false},"excerpt":{"rendered":"<p>M\u0259hk\u0259m\u0259y\u0259 t\u0259cili tibbi yard\u0131m \u00e7a\u011f\u0259r\u0131ld\u0131, Zeyn\u0259b Abdullayeva zaldan \u00e7\u0131xar\u0131ld\u0131<\/p>\n","protected":false},"author":11,"featured_media":99166,"comment_status":"closed","ping_status":"open","sticky":false,"template":"","format":"standard","meta":{"_acf_changed":false,"_sitemap_exclude":false,"_sitemap_priority":"","_sitemap_frequency":"","footnotes":""},"categories":[59],"tags":[],"class_list":["post-197059","post","type-post","status-publish","format-standard","has-post-thumbnail","hentry","category-siyaset","infinite-scroll-item","generate-columns","tablet-grid-50","mobile-grid-100","grid-parent","grid-33","no-featured-image-padding"],"acf":[],"yoast_head":"<!-- This site is optimized with the Yoast SEO plugin v27.5 - https:\/\/yoast.com\/product\/yoast-seo-wordpress\/ -->\n<title>Prokuror H\u00fcseyn Abdullayev\u0259 8 il c\u0259za ist\u0259di, m\u0259hk\u0259m\u0259d\u0259 anas\u0131n\u0131n v\u0259ziyy\u0259ti pisl\u0259\u015fdi - MEYDAN.TV<\/title>\n<meta name=\"robots\" content=\"index, follow, max-snippet:-1, max-image-preview:large, max-video-preview:-1\" \/>\n<link rel=\"canonical\" href=\"https:\/\/www.meydan.tv\/az\/article\/prokuror-huseyn-abdullayeve-8-il-ceza-istedi-mehkemede-anasinin-veziyyeti-pislesdi\/\" \/>\n<meta property=\"og:locale\" content=\"az_AZ\" \/>\n<meta property=\"og:type\" content=\"article\" \/>\n<meta property=\"og:title\" content=\"Prokuror H\u00fcseyn Abdullayev\u0259 8 il c\u0259za ist\u0259di, m\u0259hk\u0259m\u0259d\u0259 anas\u0131n\u0131n v\u0259ziyy\u0259ti pisl\u0259\u015fdi - MEYDAN.TV\" \/>\n<meta property=\"og:description\" content=\"M\u0259hk\u0259m\u0259y\u0259 t\u0259cili tibbi yard\u0131m \u00e7a\u011f\u0259r\u0131ld\u0131, Zeyn\u0259b Abdullayeva zaldan \u00e7\u0131xar\u0131ld\u0131\" \/>\n<meta property=\"og:url\" content=\"https:\/\/www.meydan.tv\/az\/article\/prokuror-huseyn-abdullayeve-8-il-ceza-istedi-mehkemede-anasinin-veziyyeti-pislesdi\/\" \/>\n<meta property=\"og:site_name\" content=\"MEYDAN.TV\" \/>\n<meta property=\"article:published_time\" content=\"2019-09-20T12:36:29+00:00\" \/>\n<meta property=\"og:image\" content=\"https:\/\/www.meydan.tv\/wp-content\/uploads\/39239.jpg\" \/>\n\t<meta property=\"og:image:width\" content=\"647\" \/>\n\t<meta property=\"og:image:height\" content=\"370\" \/>\n\t<meta property=\"og:image:type\" content=\"image\/jpeg\" \/>\n<meta name=\"author\" content=\"user-manager\" \/>\n<meta name=\"twitter:card\" content=\"summary_large_image\" \/>\n<script type=\"application\/ld+json\" class=\"yoast-schema-graph\">{\"@context\":\"https:\\\/\\\/schema.org\",\"@graph\":[{\"@type\":\"Article\",\"@id\":\"https:\\\/\\\/www.meydan.tv\\\/az\\\/article\\\/prokuror-huseyn-abdullayeve-8-il-ceza-istedi-mehkemede-anasinin-veziyyeti-pislesdi\\\/#article\",\"isPartOf\":{\"@id\":\"https:\\\/\\\/www.meydan.tv\\\/az\\\/article\\\/prokuror-huseyn-abdullayeve-8-il-ceza-istedi-mehkemede-anasinin-veziyyeti-pislesdi\\\/\"},\"author\":{\"name\":\"user-manager\",\"@id\":\"https:\\\/\\\/www.meydan.tv\\\/az\\\/#\\\/schema\\\/person\\\/10d11eccf6da3662cf5fdab9806ea91a\"},\"headline\":\"Prokuror H\u00fcseyn Abdullayev\u0259 8 il c\u0259za ist\u0259di, m\u0259hk\u0259m\u0259d\u0259 anas\u0131n\u0131n v\u0259ziyy\u0259ti pisl\u0259\u015fdi\",\"datePublished\":\"2019-09-20T12:36:29+00:00\",\"mainEntityOfPage\":{\"@id\":\"https:\\\/\\\/www.meydan.tv\\\/az\\\/article\\\/prokuror-huseyn-abdullayeve-8-il-ceza-istedi-mehkemede-anasinin-veziyyeti-pislesdi\\\/\"},\"wordCount\":689,\"publisher\":{\"@id\":\"https:\\\/\\\/www.meydan.tv\\\/az\\\/#organization\"},\"image\":{\"@id\":\"https:\\\/\\\/www.meydan.tv\\\/az\\\/article\\\/prokuror-huseyn-abdullayeve-8-il-ceza-istedi-mehkemede-anasinin-veziyyeti-pislesdi\\\/#primaryimage\"},\"thumbnailUrl\":\"https:\\\/\\\/www.meydan.tv\\\/wp-content\\\/uploads\\\/39239.jpg\",\"articleSection\":[\"Siyas\u0259t\"],\"inLanguage\":\"az\"},{\"@type\":\"WebPage\",\"@id\":\"https:\\\/\\\/www.meydan.tv\\\/az\\\/article\\\/prokuror-huseyn-abdullayeve-8-il-ceza-istedi-mehkemede-anasinin-veziyyeti-pislesdi\\\/\",\"url\":\"https:\\\/\\\/www.meydan.tv\\\/az\\\/article\\\/prokuror-huseyn-abdullayeve-8-il-ceza-istedi-mehkemede-anasinin-veziyyeti-pislesdi\\\/\",\"name\":\"Prokuror H\u00fcseyn Abdullayev\u0259 8 il c\u0259za ist\u0259di, m\u0259hk\u0259m\u0259d\u0259 anas\u0131n\u0131n v\u0259ziyy\u0259ti pisl\u0259\u015fdi - MEYDAN.TV\",\"isPartOf\":{\"@id\":\"https:\\\/\\\/www.meydan.tv\\\/az\\\/#website\"},\"primaryImageOfPage\":{\"@id\":\"https:\\\/\\\/www.meydan.tv\\\/az\\\/article\\\/prokuror-huseyn-abdullayeve-8-il-ceza-istedi-mehkemede-anasinin-veziyyeti-pislesdi\\\/#primaryimage\"},\"image\":{\"@id\":\"https:\\\/\\\/www.meydan.tv\\\/az\\\/article\\\/prokuror-huseyn-abdullayeve-8-il-ceza-istedi-mehkemede-anasinin-veziyyeti-pislesdi\\\/#primaryimage\"},\"thumbnailUrl\":\"https:\\\/\\\/www.meydan.tv\\\/wp-content\\\/uploads\\\/39239.jpg\",\"datePublished\":\"2019-09-20T12:36:29+00:00\",\"breadcrumb\":{\"@id\":\"https:\\\/\\\/www.meydan.tv\\\/az\\\/article\\\/prokuror-huseyn-abdullayeve-8-il-ceza-istedi-mehkemede-anasinin-veziyyeti-pislesdi\\\/#breadcrumb\"},\"inLanguage\":\"az\",\"potentialAction\":[{\"@type\":\"ReadAction\",\"target\":[\"https:\\\/\\\/www.meydan.tv\\\/az\\\/article\\\/prokuror-huseyn-abdullayeve-8-il-ceza-istedi-mehkemede-anasinin-veziyyeti-pislesdi\\\/\"]}]},{\"@type\":\"ImageObject\",\"inLanguage\":\"az\",\"@id\":\"https:\\\/\\\/www.meydan.tv\\\/az\\\/article\\\/prokuror-huseyn-abdullayeve-8-il-ceza-istedi-mehkemede-anasinin-veziyyeti-pislesdi\\\/#primaryimage\",\"url\":\"https:\\\/\\\/www.meydan.tv\\\/wp-content\\\/uploads\\\/39239.jpg\",\"contentUrl\":\"https:\\\/\\\/www.meydan.tv\\\/wp-content\\\/uploads\\\/39239.jpg\",\"width\":647,\"height\":370,\"caption\":\"Source:\"},{\"@type\":\"BreadcrumbList\",\"@id\":\"https:\\\/\\\/www.meydan.tv\\\/az\\\/article\\\/prokuror-huseyn-abdullayeve-8-il-ceza-istedi-mehkemede-anasinin-veziyyeti-pislesdi\\\/#breadcrumb\",\"itemListElement\":[{\"@type\":\"ListItem\",\"position\":1,\"name\":\"Ana s\u0259hif\u0259\",\"item\":\"https:\\\/\\\/www.meydan.tv\\\/az\\\/\"},{\"@type\":\"ListItem\",\"position\":2,\"name\":\"Siyas\u0259t\",\"item\":\"https:\\\/\\\/www.meydan.tv\\\/az\\\/section\\\/siyaset\\\/\"},{\"@type\":\"ListItem\",\"position\":3,\"name\":\"Prokuror H\u00fcseyn Abdullayev\u0259 8 il c\u0259za ist\u0259di, m\u0259hk\u0259m\u0259d\u0259 anas\u0131n\u0131n v\u0259ziyy\u0259ti pisl\u0259\u015fdi\"}]},{\"@type\":\"WebSite\",\"@id\":\"https:\\\/\\\/www.meydan.tv\\\/az\\\/#website\",\"url\":\"https:\\\/\\\/www.meydan.tv\\\/az\\\/\",\"name\":\"MEYDAN.TV\",\"description\":\"Meydan TV Az\u0259rbaycan\u0131n media m\u0259kan\u0131ndak\u0131 alternativ s\u0259sidir\",\"publisher\":{\"@id\":\"https:\\\/\\\/www.meydan.tv\\\/az\\\/#organization\"},\"potentialAction\":[{\"@type\":\"SearchAction\",\"target\":{\"@type\":\"EntryPoint\",\"urlTemplate\":\"https:\\\/\\\/www.meydan.tv\\\/az\\\/?s={search_term_string}\"},\"query-input\":{\"@type\":\"PropertyValueSpecification\",\"valueRequired\":true,\"valueName\":\"search_term_string\"}}],\"inLanguage\":\"az\"},{\"@type\":\"Organization\",\"@id\":\"https:\\\/\\\/www.meydan.tv\\\/az\\\/#organization\",\"name\":\"Meydan TV\",\"url\":\"https:\\\/\\\/www.meydan.tv\\\/az\\\/\",\"logo\":{\"@type\":\"ImageObject\",\"inLanguage\":\"az\",\"@id\":\"https:\\\/\\\/www.meydan.tv\\\/az\\\/#\\\/schema\\\/logo\\\/image\\\/\",\"url\":\"https:\\\/\\\/www.meydan.tv\\\/wp-content\\\/uploads\\\/2021\\\/07\\\/meydan-logo.svg\",\"contentUrl\":\"https:\\\/\\\/www.meydan.tv\\\/wp-content\\\/uploads\\\/2021\\\/07\\\/meydan-logo.svg\",\"width\":195,\"height\":46,\"caption\":\"Meydan TV\"},\"image\":{\"@id\":\"https:\\\/\\\/www.meydan.tv\\\/az\\\/#\\\/schema\\\/logo\\\/image\\\/\"}},{\"@type\":\"Person\",\"@id\":\"https:\\\/\\\/www.meydan.tv\\\/az\\\/#\\\/schema\\\/person\\\/10d11eccf6da3662cf5fdab9806ea91a\",\"name\":\"user-manager\"}]}<\/script>\n<!-- \/ Yoast SEO plugin. -->","yoast_head_json":{"title":"Prokuror H\u00fcseyn Abdullayev\u0259 8 il c\u0259za ist\u0259di, m\u0259hk\u0259m\u0259d\u0259 anas\u0131n\u0131n v\u0259ziyy\u0259ti pisl\u0259\u015fdi - MEYDAN.TV","robots":{"index":"index","follow":"follow","max-snippet":"max-snippet:-1","max-image-preview":"max-image-preview:large","max-video-preview":"max-video-preview:-1"},"canonical":"https:\/\/www.meydan.tv\/az\/article\/prokuror-huseyn-abdullayeve-8-il-ceza-istedi-mehkemede-anasinin-veziyyeti-pislesdi\/","og_locale":"az_AZ","og_type":"article","og_title":"Prokuror H\u00fcseyn Abdullayev\u0259 8 il c\u0259za ist\u0259di, m\u0259hk\u0259m\u0259d\u0259 anas\u0131n\u0131n v\u0259ziyy\u0259ti pisl\u0259\u015fdi - MEYDAN.TV","og_description":"M\u0259hk\u0259m\u0259y\u0259 t\u0259cili tibbi yard\u0131m \u00e7a\u011f\u0259r\u0131ld\u0131, Zeyn\u0259b Abdullayeva zaldan \u00e7\u0131xar\u0131ld\u0131","og_url":"https:\/\/www.meydan.tv\/az\/article\/prokuror-huseyn-abdullayeve-8-il-ceza-istedi-mehkemede-anasinin-veziyyeti-pislesdi\/","og_site_name":"MEYDAN.TV","article_published_time":"2019-09-20T12:36:29+00:00","og_image":[{"width":647,"height":370,"url":"https:\/\/www.meydan.tv\/wp-content\/uploads\/39239.jpg","type":"image\/jpeg"}],"author":"user-manager","twitter_card":"summary_large_image","schema":{"@context":"https:\/\/schema.org","@graph":[{"@type":"Article","@id":"https:\/\/www.meydan.tv\/az\/article\/prokuror-huseyn-abdullayeve-8-il-ceza-istedi-mehkemede-anasinin-veziyyeti-pislesdi\/#article","isPartOf":{"@id":"https:\/\/www.meydan.tv\/az\/article\/prokuror-huseyn-abdullayeve-8-il-ceza-istedi-mehkemede-anasinin-veziyyeti-pislesdi\/"},"author":{"name":"user-manager","@id":"https:\/\/www.meydan.tv\/az\/#\/schema\/person\/10d11eccf6da3662cf5fdab9806ea91a"},"headline":"Prokuror H\u00fcseyn Abdullayev\u0259 8 il c\u0259za ist\u0259di, m\u0259hk\u0259m\u0259d\u0259 anas\u0131n\u0131n v\u0259ziyy\u0259ti pisl\u0259\u015fdi","datePublished":"2019-09-20T12:36:29+00:00","mainEntityOfPage":{"@id":"https:\/\/www.meydan.tv\/az\/article\/prokuror-huseyn-abdullayeve-8-il-ceza-istedi-mehkemede-anasinin-veziyyeti-pislesdi\/"},"wordCount":689,"publisher":{"@id":"https:\/\/www.meydan.tv\/az\/#organization"},"image":{"@id":"https:\/\/www.meydan.tv\/az\/article\/prokuror-huseyn-abdullayeve-8-il-ceza-istedi-mehkemede-anasinin-veziyyeti-pislesdi\/#primaryimage"},"thumbnailUrl":"https:\/\/www.meydan.tv\/wp-content\/uploads\/39239.jpg","articleSection":["Siyas\u0259t"],"inLanguage":"az"},{"@type":"WebPage","@id":"https:\/\/www.meydan.tv\/az\/article\/prokuror-huseyn-abdullayeve-8-il-ceza-istedi-mehkemede-anasinin-veziyyeti-pislesdi\/","url":"https:\/\/www.meydan.tv\/az\/article\/prokuror-huseyn-abdullayeve-8-il-ceza-istedi-mehkemede-anasinin-veziyyeti-pislesdi\/","name":"Prokuror H\u00fcseyn Abdullayev\u0259 8 il c\u0259za ist\u0259di, m\u0259hk\u0259m\u0259d\u0259 anas\u0131n\u0131n v\u0259ziyy\u0259ti pisl\u0259\u015fdi - MEYDAN.TV","isPartOf":{"@id":"https:\/\/www.meydan.tv\/az\/#website"},"primaryImageOfPage":{"@id":"https:\/\/www.meydan.tv\/az\/article\/prokuror-huseyn-abdullayeve-8-il-ceza-istedi-mehkemede-anasinin-veziyyeti-pislesdi\/#primaryimage"},"image":{"@id":"https:\/\/www.meydan.tv\/az\/article\/prokuror-huseyn-abdullayeve-8-il-ceza-istedi-mehkemede-anasinin-veziyyeti-pislesdi\/#primaryimage"},"thumbnailUrl":"https:\/\/www.meydan.tv\/wp-content\/uploads\/39239.jpg","datePublished":"2019-09-20T12:36:29+00:00","breadcrumb":{"@id":"https:\/\/www.meydan.tv\/az\/article\/prokuror-huseyn-abdullayeve-8-il-ceza-istedi-mehkemede-anasinin-veziyyeti-pislesdi\/#breadcrumb"},"inLanguage":"az","potentialAction":[{"@type":"ReadAction","target":["https:\/\/www.meydan.tv\/az\/article\/prokuror-huseyn-abdullayeve-8-il-ceza-istedi-mehkemede-anasinin-veziyyeti-pislesdi\/"]}]},{"@type":"ImageObject","inLanguage":"az","@id":"https:\/\/www.meydan.tv\/az\/article\/prokuror-huseyn-abdullayeve-8-il-ceza-istedi-mehkemede-anasinin-veziyyeti-pislesdi\/#primaryimage","url":"https:\/\/www.meydan.tv\/wp-content\/uploads\/39239.jpg","contentUrl":"https:\/\/www.meydan.tv\/wp-content\/uploads\/39239.jpg","width":647,"height":370,"caption":"Source:"},{"@type":"BreadcrumbList","@id":"https:\/\/www.meydan.tv\/az\/article\/prokuror-huseyn-abdullayeve-8-il-ceza-istedi-mehkemede-anasinin-veziyyeti-pislesdi\/#breadcrumb","itemListElement":[{"@type":"ListItem","position":1,"name":"Ana s\u0259hif\u0259","item":"https:\/\/www.meydan.tv\/az\/"},{"@type":"ListItem","position":2,"name":"Siyas\u0259t","item":"https:\/\/www.meydan.tv\/az\/section\/siyaset\/"},{"@type":"ListItem","position":3,"name":"Prokuror H\u00fcseyn Abdullayev\u0259 8 il c\u0259za ist\u0259di, m\u0259hk\u0259m\u0259d\u0259 anas\u0131n\u0131n v\u0259ziyy\u0259ti pisl\u0259\u015fdi"}]},{"@type":"WebSite","@id":"https:\/\/www.meydan.tv\/az\/#website","url":"https:\/\/www.meydan.tv\/az\/","name":"MEYDAN.TV","description":"Meydan TV Az\u0259rbaycan\u0131n media m\u0259kan\u0131ndak\u0131 alternativ s\u0259sidir","publisher":{"@id":"https:\/\/www.meydan.tv\/az\/#organization"},"potentialAction":[{"@type":"SearchAction","target":{"@type":"EntryPoint","urlTemplate":"https:\/\/www.meydan.tv\/az\/?s={search_term_string}"},"query-input":{"@type":"PropertyValueSpecification","valueRequired":true,"valueName":"search_term_string"}}],"inLanguage":"az"},{"@type":"Organization","@id":"https:\/\/www.meydan.tv\/az\/#organization","name":"Meydan TV","url":"https:\/\/www.meydan.tv\/az\/","logo":{"@type":"ImageObject","inLanguage":"az","@id":"https:\/\/www.meydan.tv\/az\/#\/schema\/logo\/image\/","url":"https:\/\/www.meydan.tv\/wp-content\/uploads\/2021\/07\/meydan-logo.svg","contentUrl":"https:\/\/www.meydan.tv\/wp-content\/uploads\/2021\/07\/meydan-logo.svg","width":195,"height":46,"caption":"Meydan TV"},"image":{"@id":"https:\/\/www.meydan.tv\/az\/#\/schema\/logo\/image\/"}},{"@type":"Person","@id":"https:\/\/www.meydan.tv\/az\/#\/schema\/person\/10d11eccf6da3662cf5fdab9806ea91a","name":"user-manager"}]}},"_links":{"self":[{"href":"https:\/\/www.meydan.tv\/az\/wp-json\/wp\/v2\/posts\/197059","targetHints":{"allow":["GET"]}}],"collection":[{"href":"https:\/\/www.meydan.tv\/az\/wp-json\/wp\/v2\/posts"}],"about":[{"href":"https:\/\/www.meydan.tv\/az\/wp-json\/wp\/v2\/types\/post"}],"author":[{"embeddable":true,"href":"https:\/\/www.meydan.tv\/az\/wp-json\/wp\/v2\/users\/11"}],"replies":[{"embeddable":true,"href":"https:\/\/www.meydan.tv\/az\/wp-json\/wp\/v2\/comments?post=197059"}],"version-history":[{"count":0,"href":"https:\/\/www.meydan.tv\/az\/wp-json\/wp\/v2\/posts\/197059\/revisions"}],"wp:featuredmedia":[{"embeddable":true,"href":"https:\/\/www.meydan.tv\/az\/wp-json\/wp\/v2\/media\/99166"}],"wp:attachment":[{"href":"https:\/\/www.meydan.tv\/az\/wp-json\/wp\/v2\/media?parent=197059"}],"wp:term":[{"taxonomy":"category","embeddable":true,"href":"https:\/\/www.meydan.tv\/az\/wp-json\/wp\/v2\/categories?post=197059"},{"taxonomy":"post_tag","embeddable":true,"href":"https:\/\/www.meydan.tv\/az\/wp-json\/wp\/v2\/tags?post=197059"}],"curies":[{"name":"wp","href":"https:\/\/api.w.org\/{rel}","templated":true}]}}