{"id":197058,"date":"2019-09-20T10:17:29","date_gmt":"2019-09-20T10:17:29","guid":{"rendered":"https:\/\/www.meydan.tv\/article\/ana-olumunde-gunahlandirilan-hekimle-bagli-cinayet-isine-xitam-verilib\/"},"modified":"2019-09-20T10:17:29","modified_gmt":"2019-09-20T10:17:29","slug":"ana-olumunde-gunahlandirilan-hekimle-bagli-cinayet-isine-xitam-verilib","status":"publish","type":"post","link":"https:\/\/www.meydan.tv\/az\/article\/ana-olumunde-gunahlandirilan-hekimle-bagli-cinayet-isine-xitam-verilib\/","title":{"rendered":"Ana \u00f6l\u00fcm\u00fcnd\u0259 g\u00fcnahland\u0131r\u0131lan h\u0259kiml\u0259 ba\u011fl\u0131 cinay\u0259t i\u015fin\u0259 xitam verilib"},"content":{"rendered":"<p>\n  <i><br \/>\n    Z\u0259r\u0259r\u00e7\u0259k\u0259n ail\u0259 q\u0259rarla raz\u0131la\u015fm\u0131r<br \/>\n  <\/i>\n<\/p>\n<p>\n  Bu il aprelin 23-d\u0259<br \/>\n  <a href=\"https:\/\/d9mc3ts4czbpr.cloudfront.net\/az\/article\/hekim-heyat-yoldasimi-ve-usagimi-oldurdu\/?ref=list-regions&amp;fbclid=IwAR1s4PTq0FS9p7d4ySJblFzpxb5N53mtsx_2umB8B2_al0IZymIS4fxHB-Q\"><br \/>\n    Siy\u0259z\u0259n Regional M\u00fcalic\u0259 Diaqnostika M\u0259rk\u0259zi<br \/>\n  <\/a><br \/>\n  nd\u0259 yerli sakin, 32 ya\u015fl\u0131 B\u0259yl\u0259rova Z\u0259rif\u0259 Q\u0259ribxan q\u0131z\u0131n\u0131n do\u011fu\u015f zaman\u0131 v\u0259fat etm\u0259si il\u0259 ba\u011fl\u0131 a\u00e7\u0131lan cinay\u0259t i\u015fi \u00fczr\u0259 icraata xitam verilib.\n<\/p>\n<p>\n  Toplanm\u0131\u015f istintaq i\u015finin materiallar\u0131na \u0259sas\u0259n, Z\u0259rif\u0259 B\u0259yl\u0259rovan\u0131n \u00f6l\u00fcm\u00fc fakt\u0131nda, h\u0259r hans\u0131 bir \u015f\u0259xsin cinay\u0259t t\u0259rkibli \u0259m\u0259linin \u0259lam\u0259tl\u0259ri m\u00fc\u0259yy\u0259n olunmay\u0131b.\n<\/p>\n<p>\n  M\u0259hk\u0259m\u0259-tibbi ekspertizas\u0131n\u0131n 20 iyin 2019-cu il tarixli r\u0259yind\u0259 g\u00f6st\u0259rilib ki, m\u0259rhum do\u011fu\u015f zaman\u0131 qanaxmadan v\u0259fat edib. Qanaxma u\u015faql\u0131q boynunun \u00f6n divar\u0131n\u0131n 11 santimetr uzunluqda c\u0131r\u0131lmas\u0131, h\u0259m\u00e7inin d\u00f6ll\u0259, ciftin qar\u0131n bo\u015flu\u011funa d\u00fc\u015fm\u0259sin\u0259 g\u00f6r\u0259 ba\u015f verib.\n<\/p>\n<p>\n  Z\u0259rif\u0259 B\u0259yl\u0259rovan\u0131n ad\u0131na t\u0259rtib edilmi\u015f tibbi s\u0259n\u0259dl\u0259rd\u0259 g\u00f6st\u0259ril\u0259nl\u0259r\u0259 \u0259sas\u0259n, x\u0259st\u0259nin m\u00fcxt\u0259lif vaxtlarda d\u00f6rd d\u0259f\u0259 etdirdiyi abortlar zaman\u0131 u\u015faql\u0131q boynunda d\u0259rin \u00e7ap\u0131qlar yaran\u0131b. H\u0259min \u00e7ap\u0131qlar\u0131n c\u0131r\u0131lmas\u0131 da onun \u00f6l\u00fcm\u00fcn\u0259 s\u0259b\u0259b olub.\n<\/p>\n<p>\n  Bununla da, Siy\u0259z\u0259n Rayon Prokurorlu\u011funda Cinay\u0259t M\u0259c\u0259ll\u0259sinin 124.1-ci (Ehtiyats\u0131zl\u0131qdan adam \u00f6ld\u00fcrm\u0259) madd\u0259si il\u0259 a\u00e7\u0131lan istintaq i\u015fi 2019-cu il iyulun 15-d\u0259 yekunla\u015fd\u0131r\u0131l\u0131b.\n<\/p>\n<p>\n  M\u0259rhumun ail\u0259si q\u0259rarla raz\u0131la\u015fm\u0131r.\n<\/p>\n<figure class=\"wp-block-image size-large\">\n  <img decoding=\"async\" src=\"https:\/\/www.meydan.tv\/az\/image_from_ios-5-jpg-41\/\" alt=\"image_from_ios (5).jpg\" class=\"wp-image-129949\"\/><figcaption>\n    Q\u0131z\u0131n\u0131n \u00f6l\u00fcm\u00fcnd\u0259n sonra 63 ya\u015fl\u0131 G\u00fclar\u0259 Muxtarovaya n\u0259v\u0259l\u0259rinin u\u015faq evin\u0259 verilm\u0259si t\u00f6vsiy\u0259 olunub<br \/>\n  <\/figcaption><\/figure>\n<p>\n  Z\u0259rif\u0259 B\u0259yl\u0259rovan\u0131n bac\u0131s\u0131 Xuraman Nurm\u0259mm\u0259dova Meydan TV-y\u0259 a\u00e7\u0131qlamas\u0131nda iddia edib ki, cinay\u0259t i\u015fi qeyri-\u015f\u0259ffaf apar\u0131l\u0131b. Bildirib ki, bac\u0131s\u0131 v\u0259 k\u00f6rp\u0259sinin \u00f6l\u00fcm\u00fcn\u0259 ginekoloq-h\u0259kim Aynur Quliyevan\u0131n tibbi s\u0259hvi v\u0259 s\u0259hl\u0259nkarl\u0131\u011f\u0131 s\u0259b\u0259b olub:\n<\/p>\n<p>\n  \u201cAynur bac\u0131m\u0131 \u00f6ld\u00fcrd\u00fc, sonra evini sat\u0131b, pul verdi, can\u0131n\u0131 m\u0259hk\u0259m\u0259l\u0259rd\u0259n qurtard\u0131. Z\u0259rif\u0259nin d\u0259 \u00fc\u00e7 u\u015fa\u011f\u0131 ortal\u0131qda yetim qald\u0131. Do\u011fu\u015f zaman\u0131 bac\u0131m\u0131n v\u0259ziyy\u0259ti a\u011f\u0131rla\u015fsa da, onu \u0259m\u0259liyyata g\u00f6t\u00fcrm\u0259dil\u0259r. Can ver\u0259nd\u0259, dedi ki, h\u0259kim, m\u0259n \u00f6l\u00fcr\u0259m, \u00e7ar\u0259 q\u0131l. Vaxt\u0131nda \u0259m\u0259liyyata g\u00f6t\u00fcr\u00fcls\u0259ydi, q\u0131z sa\u011f qalard\u0131\u201d.\n<\/p>\n<p>\n  \u201cZ\u0259rif\u0259 g\u00fcl\u0259-g\u00fcl\u0259, dan\u0131\u015fa-dan\u0131\u015fa k\u00f6\u00e7d\u00fc bu h\u0259yatdan. O, do\u011fu\u015fa ged\u0259nd\u0259, he\u00e7 \u00f6l\u0259n\u0259 ox\u015fam\u0131rd\u0131. X\u0259st\u0259xanan\u0131n yem\u0259kxanas\u0131nda gedib, \u00e7ay i\u00e7ib, q\u0131zlarla s\u00f6hb\u0259tl\u0259\u015fib\u201d, &#8211; m\u0259rhumun anas\u0131 G\u00fclar\u0259 Muxtarova Meydan TV-y\u0259 deyir:\n<\/p>\n<p>\n  \u201cD\u00fczd\u00fcr, do\u011fu\u015f zaman\u0131 m\u0259n yan\u0131nda olmam\u0131\u015fam. Amma q\u0131z\u0131m Xuraman deyir ki, Aynur \u0259m\u0259liyyat \u00fc\u00e7\u00fcn \u0259lind\u0259 t\u0259sdiq ed\u0259n s\u0259n\u0259din olmamas\u0131n\u0131 b\u0259han\u0259 edib. N\u0259 olsun, \u0259lind\u0259 ka\u011f\u0131z yoxdur, s\u0259nin x\u0259st\u0259n \u00f6l\u00fcr ax\u0131. Ne\u00e7\u0259 ill\u0259rin h\u0259kimis\u0259n, x\u0259st\u0259y\u0259 baxan kimi bilm\u0259lis\u0259n ki, do\u011facaq, ya \u0259m\u0259liyyatl\u0131q olacaq. Bunlar ancaq onu bilirl\u0259r ki, x\u0259st\u0259l\u0259rd\u0259n pul als\u0131nlar. Bununla da i\u015fl\u0259rini bitmi\u015f hesab edirl\u0259r. \u00c7oxu art\u0131q do\u011fu\u015f \u00fc\u00e7\u00fcn Quba x\u0259st\u0259xanas\u0131na gedir. \u00c7\u00fcnki Aynur h\u0259kim d\u00fcz 16 ana v\u0259 u\u015faq \u00f6l\u00fcm\u00fcn\u0259 bais olub. X\u0259st\u0259xanan\u0131n qap\u0131s\u0131ndan i\u00e7\u0259ri aya\u011f\u0131n\u0131 qoyursan, ancaq pul ist\u0259yirl\u0259r. \u0130nsan h\u0259yat\u0131 onlar \u00fc\u00e7\u00fcn he\u00e7 n\u0259dir\u201d.\n<\/p>\n<p>\n  Q\u0131z\u0131n\u0131n \u00f6l\u00fcm\u00fcnd\u0259n sonra 63 ya\u015fl\u0131 G\u00fclar\u0259 Muxtarovaya n\u0259v\u0259l\u0259rinin u\u015faq evin\u0259 verilm\u0259si t\u00f6vsiy\u0259 olunub. N\u0259n\u0259 raz\u0131la\u015fmay\u0131b, bundan sonra h\u0259r \u00fc\u00e7 u\u015fa\u011f\u0131n q\u0259yyumlu\u011fu ona verilib:\n<\/p>\n<p>\n  \u201c\u0130cra Hakimiyy\u0259tind\u0259 dedil\u0259r ki, siz\u0259 bu u\u015faqlar\u0131 saxlamaq \u00e7\u0259tin olar, yetimxanaya verin. M\u0259n d\u0259 dedim ki, niy\u0259 balalar\u0131m\u0131 u\u015faq evin\u0259 verm\u0259liy\u0259m? N\u0259n\u0259si, xalas\u0131 olmasa, u\u015faq kims\u0259siz olsa, ba\u015fqa m\u0259s\u0259l\u0259. Amma u\u015faqlar kims\u0259siz deyil ax\u0131. Ata-ana yoxdur, n\u0259n\u0259, xala ki var. Yeddi \u00f6vlad b\u00f6y\u00fctm\u00fc\u015f\u0259m. M\u0259nim \u00fc\u00e7\u00fcn u\u015faq saxlama\u011f\u0131n he\u00e7 bir \u00e7\u0259tinliyi yoxdur. Sad\u0259c\u0259 olaraq, maddi imkans\u0131zl\u0131qd\u0131r. Allah \u00f6m\u00fcr versin, bu u\u015faqlar\u0131 sa\u011f-salamat b\u00f6y\u00fcd\u00fcm.\n<\/p>\n<p>\n  N\u0259v\u0259l\u0259rimin q\u0259yyumulu\u011fu m\u0259n\u0259 veril\u0259nd\u0259n sonra, d\u00f6vl\u0259t t\u0259r\u0259find\u0259n \u00fcmumilikd\u0259 ayda iki y\u00fcz q\u0131rx manat pul ayr\u0131ld\u0131. Bir u\u015fa\u011f\u0131n paltar bazarl\u0131\u011f\u0131 el\u0259 iki y\u00fcz manat tutur. H\u0259r u\u015fa\u011fa g\u00f6r\u0259 iki y\u00fcz manat\u0131 haradan al\u0131m? Vallah dolanmaq olmur. Ya\u015fl\u0131 adamam, sabah-birig\u00fcn ba\u015f\u0131m\u0131 yer\u0259 qoyub \u00f6ls\u0259m, bu \u00fc\u00e7 u\u015fa\u011f\u0131n hal\u0131 nec\u0259 olacaq bilmir\u0259m. Q\u0131z alt\u0131nc\u0131, o\u011flan is\u0259 \u00fc\u00e7\u00fcnc\u00fc sinifd\u0259 oxuyur. Balaca o\u011flu is\u0259 h\u0259l\u0259 k\u00f6rp\u0259dir. T\u0259k ist\u0259yim odur ki, bu i\u015f\u0259 \u0259dal\u0259tl\u0259 bax\u0131ls\u0131n, balam\u0131n qan\u0131 yerd\u0259 qalmas\u0131n\u201d.\n<\/p>\n<figure class=\"wp-block-image size-large\">\n  <img decoding=\"async\" src=\"https:\/\/www.meydan.tv\/az\/image_from_ios-6-jpg-37\/\" alt=\"image_from_ios (6).jpg\" class=\"wp-image-129952\"\/><figcaption>\n    Siy\u0259z\u0259n Regional M\u00fcalic\u0259 Diaqnostika M\u0259rk\u0259zinin ba\u015f h\u0259kimi Dada\u015f H\u00fcmb\u0259tov Meydan TV-y\u0259 Z\u0259rif\u0259 B\u0259yl\u0259rovan\u0131n \u00f6l\u00fcm fakt\u0131 il\u0259 ba\u011fl\u0131 ged\u0259n cinay\u0259t i\u015find\u0259n \u00fcmumiyy\u0259tl\u0259, x\u0259b\u0259rsiz oldu\u011funu bildirib<br \/>\n  <\/figcaption><\/figure>\n<p>\n  Siy\u0259z\u0259n Regional M\u00fcalic\u0259 Diaqnostika M\u0259rk\u0259zinin ba\u015f h\u0259kimi Dada\u015f H\u00fcmb\u0259tov Meydan TV-y\u0259 Z\u0259rif\u0259 B\u0259yl\u0259rovan\u0131n \u00f6l\u00fcm fakt\u0131 il\u0259 ba\u011fl\u0131 ged\u0259n cinay\u0259t i\u015find\u0259n \u00fcmumiyy\u0259tl\u0259, x\u0259b\u0259rsiz oldu\u011funu bildirib:\n<\/p>\n<p>\n  \u201cS\u0259hiyy\u0259 Nazirliyi v\u0259 m\u0259nim t\u0259r\u0259fimd\u0259n \u00f6hd\u0259miz\u0259 d\u00fc\u015f\u0259ni etmi\u015fik. Prosesin n\u0259 il\u0259 yekunla\u015fd\u0131\u011f\u0131ndan x\u0259b\u0259rim yoxdur. M\u0259n prokuror, n\u0259 d\u0259 hakim deyil\u0259m ki, kim\u0259s\u0259 i\u015f k\u0259sim, c\u0259za verim. M\u0259hk\u0259m\u0259d\u0259n soru\u015fun ki, bu adam\u0131n t\u0259qsiri vard\u0131sa, niy\u0259 m\u0259suliyy\u0259t\u0259 c\u0259lb etm\u0259diniz? Haz\u0131rda x\u0259st\u0259xanada i\u015fl\u0259yir. \u018fg\u0259r onun t\u0259qsiri varsa, tutsun, niy\u0259 tutmur? M\u0259n adam tutanam? M\u0259n ba\u015f h\u0259kim\u0259m. Onun c\u0259zas\u0131n\u0131 verib, son x\u0259b\u0259rdarl\u0131\u011f\u0131m\u0131 etmi\u015f\u0259m. Durub, i\u015fd\u0259n \u00e7\u0131xaraca\u011fam, gedib, m\u0259ni m\u0259hk\u0259m\u0259y\u0259 ver\u0259c\u0259k. M\u0259hk\u0259m\u0259ni uduzaca\u011fam, bu ya\u015f\u0131mda \u00f6z\u00fcm\u00fc y\u00fcng\u00fcl etmi\u015f olaca\u011fam.\n<\/p>\n<p>\n  H\u0259l\u0259 dig\u0259r \u015fikay\u0259t\u00e7i Siy\u0259z\u0259n rayon sakini<br \/>\n  <a href=\"https:\/\/d9mc3ts4czbpr.cloudfront.net\/ru\/article\/siyezende-tibb-bacisinin-unutqanligi-olume-sebeb-olub\/\"><br \/>\n    M\u00f6h\u00fcbb\u0259t \u0130srafilov<br \/>\n  <\/a><br \/>\n  bizi m\u0259hk\u0259m\u0259y\u0259 verib.\n<\/p>\n<p>\n  Onun q\u0131z\u0131 Ayt\u0259n Qas\u0131mova ke\u00e7\u0259n il iyunun 11-d\u0259 bizim x\u0259st\u0259xanaya hamil\u0259 v\u0259ziyy\u0259tind\u0259 daxil olub. USM m\u00fcayin\u0259d\u0259n sonra h\u0259kiml\u0259r onu qeys\u0259riyy\u0259 \u0259m\u0259liyyat\u0131na g\u00f6t\u00fcr\u00fcb. \u018fm\u0259liyyatdan 20 d\u0259qiq\u0259 sonra is\u0259 pasiyent v\u0259fat edib. Bu da tibb bac\u0131s\u0131n\u0131n diqq\u0259tsizliyi ucbat\u0131ndan ba\u015f verib. Oktyabr\u0131n 6-da m\u0259hk\u0259m\u0259dir. 100 min m\u0259n\u0259vi, 10 min manat is\u0259 maddi ziyana g\u00f6r\u0259 iddia qald\u0131r\u0131blar. Tibb bac\u0131s\u0131na min d\u0259f\u0259 tap\u015f\u0131r\u0131l\u0131b ki, bu iyn\u0259ni (\u201cAnalqin\u201d-red) vurmaq olmaz. Vurub, x\u0259st\u0259 \u00f6l\u00fcb. Bunun ziyan\u0131n\u0131 m\u0259n \u00e7\u0259km\u0259liy\u0259m?\u201d\n<\/p>\n<p>\n  Ginekoloq-h\u0259kim Aynur Quliyeva Meydan TV-y\u0259 bildirib ki, ekspertiza r\u0259yin\u0259 \u0259sas\u0259n, Z\u0259rif\u0259 B\u0259yl\u0259rovan\u0131n u\u015faql\u0131q boynunda k\u00f6hn\u0259 d\u0259rin \u00e7ap\u0131q olub:\n<\/p>\n<p>\n  \u201cBu da d\u00f6rd d\u0259f\u0259 etdirdiyi abortlarla ba\u011fl\u0131d\u0131r. Do\u011fu\u015fa g\u0259l\u0259nd\u0259 d\u0259, c\u0131r\u0131lma \u00f6zba\u015f\u0131na gedib, do\u011fu\u015fla \u0259laq\u0259li olmay\u0131b. Bunu prokurorluq a\u00e7\u0131qlad\u0131, abort olunan ill\u0259r tibbi s\u0259n\u0259dl\u0259rl\u0259 t\u0259sdiq olunub.\n<\/p>\n<p>\n  Tibbi ekspertizan\u0131n cavab\u0131na \u0259sas\u0259n d\u0259 q\u0259rar q\u0259bul olundu. \u00d6l\u00fcm fakt\u0131n\u0131n tibb i\u015f\u00e7il\u0259rinin g\u00fcnah\u0131ndan olmad\u0131\u011f\u0131 \u00fc\u00e7\u00fcn i\u015f ba\u011fland\u0131.\n<\/p>\n<p>\n  Ayt\u0259n Qas\u0131mova is\u0259 anaflaktik \u015fokdan v\u0259fat edib. Y\u0259ni bu i\u015fin m\u0259niml\u0259 \u0259laq\u0259si yoxdur, tibb bac\u0131s\u0131n\u0131n s\u0259hl\u0259nkarl\u0131\u011f\u0131ndan olub. M\u0259n \u0259m\u0259liyyat\u0131 u\u011furla ba\u015fa vurub, x\u0259st\u0259ni tibb bac\u0131s\u0131na t\u0259hvil vermi\u015f\u0259m. Tutal\u0131m, m\u0259n bir x\u0259st\u0259y\u0259 bax\u0131b, ke\u00e7dim. Kims\u0259 ona b\u0131\u00e7aq vurdu, \u00f6ld\u00fcrd\u00fc, burda m\u0259nim g\u00fcnah\u0131m yoxdur ax\u0131. G\u00fcnah\u0131 olan c\u0259zas\u0131n\u0131 \u00e7\u0259kir. H\u0259min tibb bac\u0131s\u0131na 2 il 6 ay m\u00fcdd\u0259tind\u0259 icbari i\u015f k\u0259silib, \u00f6z\u00fc d\u0259 x\u0259st\u0259xanadan \u00e7\u0131xar\u0131l\u0131b\u201d.\n<\/p>\n<p>\n  \u0130stintaq i\u015fini aparan m\u00fcst\u0259ntiq \u015eahin Mehdiyev is\u0259 Meydan TV-nin cavabland\u0131rmaqdan imtina edib.<\/p>\n","protected":false},"excerpt":{"rendered":"<p>Aynur bac\u0131m\u0131 \u00f6ld\u00fcrd\u00fc, sonra evini sat\u0131b, pul verdi, can\u0131n\u0131 m\u0259hk\u0259m\u0259l\u0259rd\u0259n qurtard\u0131.<\/p>\n","protected":false},"author":11,"featured_media":129946,"comment_status":"closed","ping_status":"open","sticky":false,"template":"","format":"standard","meta":{"_acf_changed":false,"_sitemap_exclude":false,"_sitemap_priority":"","_sitemap_frequency":"","footnotes":""},"categories":[60],"tags":[],"class_list":["post-197058","post","type-post","status-publish","format-standard","has-post-thumbnail","hentry","category-bolge","infinite-scroll-item","generate-columns","tablet-grid-50","mobile-grid-100","grid-parent","grid-33","no-featured-image-padding"],"acf":[],"yoast_head":"<!-- This site is optimized with the Yoast SEO plugin v27.5 - https:\/\/yoast.com\/product\/yoast-seo-wordpress\/ -->\n<title>Ana \u00f6l\u00fcm\u00fcnd\u0259 g\u00fcnahland\u0131r\u0131lan h\u0259kiml\u0259 ba\u011fl\u0131 cinay\u0259t i\u015fin\u0259 xitam verilib - MEYDAN.TV<\/title>\n<meta name=\"robots\" content=\"index, follow, max-snippet:-1, max-image-preview:large, max-video-preview:-1\" \/>\n<link rel=\"canonical\" href=\"https:\/\/www.meydan.tv\/az\/article\/ana-olumunde-gunahlandirilan-hekimle-bagli-cinayet-isine-xitam-verilib\/\" \/>\n<meta property=\"og:locale\" content=\"az_AZ\" \/>\n<meta property=\"og:type\" content=\"article\" \/>\n<meta property=\"og:title\" content=\"Ana \u00f6l\u00fcm\u00fcnd\u0259 g\u00fcnahland\u0131r\u0131lan h\u0259kiml\u0259 ba\u011fl\u0131 cinay\u0259t i\u015fin\u0259 xitam verilib - MEYDAN.TV\" \/>\n<meta property=\"og:description\" content=\"Aynur bac\u0131m\u0131 \u00f6ld\u00fcrd\u00fc, sonra evini sat\u0131b, pul verdi, can\u0131n\u0131 m\u0259hk\u0259m\u0259l\u0259rd\u0259n qurtard\u0131.\" \/>\n<meta property=\"og:url\" content=\"https:\/\/www.meydan.tv\/az\/article\/ana-olumunde-gunahlandirilan-hekimle-bagli-cinayet-isine-xitam-verilib\/\" \/>\n<meta property=\"og:site_name\" content=\"MEYDAN.TV\" \/>\n<meta property=\"article:published_time\" content=\"2019-09-20T10:17:29+00:00\" \/>\n<meta property=\"og:image\" content=\"https:\/\/www.meydan.tv\/wp-content\/uploads\/image_from_ios_4_mxjpjev.jpg\" \/>\n\t<meta property=\"og:image:width\" content=\"960\" \/>\n\t<meta property=\"og:image:height\" content=\"720\" \/>\n\t<meta property=\"og:image:type\" content=\"image\/jpeg\" \/>\n<meta name=\"author\" content=\"user-manager\" \/>\n<meta name=\"twitter:card\" content=\"summary_large_image\" \/>\n<script type=\"application\/ld+json\" class=\"yoast-schema-graph\">{\"@context\":\"https:\\\/\\\/schema.org\",\"@graph\":[{\"@type\":\"Article\",\"@id\":\"https:\\\/\\\/www.meydan.tv\\\/az\\\/article\\\/ana-olumunde-gunahlandirilan-hekimle-bagli-cinayet-isine-xitam-verilib\\\/#article\",\"isPartOf\":{\"@id\":\"https:\\\/\\\/www.meydan.tv\\\/az\\\/article\\\/ana-olumunde-gunahlandirilan-hekimle-bagli-cinayet-isine-xitam-verilib\\\/\"},\"author\":{\"name\":\"user-manager\",\"@id\":\"https:\\\/\\\/www.meydan.tv\\\/az\\\/#\\\/schema\\\/person\\\/10d11eccf6da3662cf5fdab9806ea91a\"},\"headline\":\"Ana \u00f6l\u00fcm\u00fcnd\u0259 g\u00fcnahland\u0131r\u0131lan h\u0259kiml\u0259 ba\u011fl\u0131 cinay\u0259t i\u015fin\u0259 xitam verilib\",\"datePublished\":\"2019-09-20T10:17:29+00:00\",\"mainEntityOfPage\":{\"@id\":\"https:\\\/\\\/www.meydan.tv\\\/az\\\/article\\\/ana-olumunde-gunahlandirilan-hekimle-bagli-cinayet-isine-xitam-verilib\\\/\"},\"wordCount\":1508,\"publisher\":{\"@id\":\"https:\\\/\\\/www.meydan.tv\\\/az\\\/#organization\"},\"image\":{\"@id\":\"https:\\\/\\\/www.meydan.tv\\\/az\\\/article\\\/ana-olumunde-gunahlandirilan-hekimle-bagli-cinayet-isine-xitam-verilib\\\/#primaryimage\"},\"thumbnailUrl\":\"https:\\\/\\\/www.meydan.tv\\\/wp-content\\\/uploads\\\/image_from_ios_4_mxjpjev.jpg\",\"articleSection\":[\"B\u00f6lg\u0259\"],\"inLanguage\":\"az\"},{\"@type\":\"WebPage\",\"@id\":\"https:\\\/\\\/www.meydan.tv\\\/az\\\/article\\\/ana-olumunde-gunahlandirilan-hekimle-bagli-cinayet-isine-xitam-verilib\\\/\",\"url\":\"https:\\\/\\\/www.meydan.tv\\\/az\\\/article\\\/ana-olumunde-gunahlandirilan-hekimle-bagli-cinayet-isine-xitam-verilib\\\/\",\"name\":\"Ana \u00f6l\u00fcm\u00fcnd\u0259 g\u00fcnahland\u0131r\u0131lan h\u0259kiml\u0259 ba\u011fl\u0131 cinay\u0259t i\u015fin\u0259 xitam verilib - MEYDAN.TV\",\"isPartOf\":{\"@id\":\"https:\\\/\\\/www.meydan.tv\\\/az\\\/#website\"},\"primaryImageOfPage\":{\"@id\":\"https:\\\/\\\/www.meydan.tv\\\/az\\\/article\\\/ana-olumunde-gunahlandirilan-hekimle-bagli-cinayet-isine-xitam-verilib\\\/#primaryimage\"},\"image\":{\"@id\":\"https:\\\/\\\/www.meydan.tv\\\/az\\\/article\\\/ana-olumunde-gunahlandirilan-hekimle-bagli-cinayet-isine-xitam-verilib\\\/#primaryimage\"},\"thumbnailUrl\":\"https:\\\/\\\/www.meydan.tv\\\/wp-content\\\/uploads\\\/image_from_ios_4_mxjpjev.jpg\",\"datePublished\":\"2019-09-20T10:17:29+00:00\",\"breadcrumb\":{\"@id\":\"https:\\\/\\\/www.meydan.tv\\\/az\\\/article\\\/ana-olumunde-gunahlandirilan-hekimle-bagli-cinayet-isine-xitam-verilib\\\/#breadcrumb\"},\"inLanguage\":\"az\",\"potentialAction\":[{\"@type\":\"ReadAction\",\"target\":[\"https:\\\/\\\/www.meydan.tv\\\/az\\\/article\\\/ana-olumunde-gunahlandirilan-hekimle-bagli-cinayet-isine-xitam-verilib\\\/\"]}]},{\"@type\":\"ImageObject\",\"inLanguage\":\"az\",\"@id\":\"https:\\\/\\\/www.meydan.tv\\\/az\\\/article\\\/ana-olumunde-gunahlandirilan-hekimle-bagli-cinayet-isine-xitam-verilib\\\/#primaryimage\",\"url\":\"https:\\\/\\\/www.meydan.tv\\\/wp-content\\\/uploads\\\/image_from_ios_4_mxjpjev.jpg\",\"contentUrl\":\"https:\\\/\\\/www.meydan.tv\\\/wp-content\\\/uploads\\\/image_from_ios_4_mxjpjev.jpg\",\"width\":960,\"height\":720,\"caption\":\"Source: Specify Source\"},{\"@type\":\"BreadcrumbList\",\"@id\":\"https:\\\/\\\/www.meydan.tv\\\/az\\\/article\\\/ana-olumunde-gunahlandirilan-hekimle-bagli-cinayet-isine-xitam-verilib\\\/#breadcrumb\",\"itemListElement\":[{\"@type\":\"ListItem\",\"position\":1,\"name\":\"Ana s\u0259hif\u0259\",\"item\":\"https:\\\/\\\/www.meydan.tv\\\/az\\\/\"},{\"@type\":\"ListItem\",\"position\":2,\"name\":\"B\u00f6lg\u0259\",\"item\":\"https:\\\/\\\/www.meydan.tv\\\/az\\\/section\\\/bolge\\\/\"},{\"@type\":\"ListItem\",\"position\":3,\"name\":\"Ana \u00f6l\u00fcm\u00fcnd\u0259 g\u00fcnahland\u0131r\u0131lan h\u0259kiml\u0259 ba\u011fl\u0131 cinay\u0259t i\u015fin\u0259 xitam verilib\"}]},{\"@type\":\"WebSite\",\"@id\":\"https:\\\/\\\/www.meydan.tv\\\/az\\\/#website\",\"url\":\"https:\\\/\\\/www.meydan.tv\\\/az\\\/\",\"name\":\"MEYDAN.TV\",\"description\":\"Meydan TV Az\u0259rbaycan\u0131n media m\u0259kan\u0131ndak\u0131 alternativ s\u0259sidir\",\"publisher\":{\"@id\":\"https:\\\/\\\/www.meydan.tv\\\/az\\\/#organization\"},\"potentialAction\":[{\"@type\":\"SearchAction\",\"target\":{\"@type\":\"EntryPoint\",\"urlTemplate\":\"https:\\\/\\\/www.meydan.tv\\\/az\\\/?s={search_term_string}\"},\"query-input\":{\"@type\":\"PropertyValueSpecification\",\"valueRequired\":true,\"valueName\":\"search_term_string\"}}],\"inLanguage\":\"az\"},{\"@type\":\"Organization\",\"@id\":\"https:\\\/\\\/www.meydan.tv\\\/az\\\/#organization\",\"name\":\"Meydan TV\",\"url\":\"https:\\\/\\\/www.meydan.tv\\\/az\\\/\",\"logo\":{\"@type\":\"ImageObject\",\"inLanguage\":\"az\",\"@id\":\"https:\\\/\\\/www.meydan.tv\\\/az\\\/#\\\/schema\\\/logo\\\/image\\\/\",\"url\":\"https:\\\/\\\/www.meydan.tv\\\/wp-content\\\/uploads\\\/2021\\\/07\\\/meydan-logo.svg\",\"contentUrl\":\"https:\\\/\\\/www.meydan.tv\\\/wp-content\\\/uploads\\\/2021\\\/07\\\/meydan-logo.svg\",\"width\":195,\"height\":46,\"caption\":\"Meydan TV\"},\"image\":{\"@id\":\"https:\\\/\\\/www.meydan.tv\\\/az\\\/#\\\/schema\\\/logo\\\/image\\\/\"}},{\"@type\":\"Person\",\"@id\":\"https:\\\/\\\/www.meydan.tv\\\/az\\\/#\\\/schema\\\/person\\\/10d11eccf6da3662cf5fdab9806ea91a\",\"name\":\"user-manager\"}]}<\/script>\n<!-- \/ Yoast SEO plugin. -->","yoast_head_json":{"title":"Ana \u00f6l\u00fcm\u00fcnd\u0259 g\u00fcnahland\u0131r\u0131lan h\u0259kiml\u0259 ba\u011fl\u0131 cinay\u0259t i\u015fin\u0259 xitam verilib - MEYDAN.TV","robots":{"index":"index","follow":"follow","max-snippet":"max-snippet:-1","max-image-preview":"max-image-preview:large","max-video-preview":"max-video-preview:-1"},"canonical":"https:\/\/www.meydan.tv\/az\/article\/ana-olumunde-gunahlandirilan-hekimle-bagli-cinayet-isine-xitam-verilib\/","og_locale":"az_AZ","og_type":"article","og_title":"Ana \u00f6l\u00fcm\u00fcnd\u0259 g\u00fcnahland\u0131r\u0131lan h\u0259kiml\u0259 ba\u011fl\u0131 cinay\u0259t i\u015fin\u0259 xitam verilib - MEYDAN.TV","og_description":"Aynur bac\u0131m\u0131 \u00f6ld\u00fcrd\u00fc, sonra evini sat\u0131b, pul verdi, can\u0131n\u0131 m\u0259hk\u0259m\u0259l\u0259rd\u0259n qurtard\u0131.","og_url":"https:\/\/www.meydan.tv\/az\/article\/ana-olumunde-gunahlandirilan-hekimle-bagli-cinayet-isine-xitam-verilib\/","og_site_name":"MEYDAN.TV","article_published_time":"2019-09-20T10:17:29+00:00","og_image":[{"width":960,"height":720,"url":"https:\/\/www.meydan.tv\/wp-content\/uploads\/image_from_ios_4_mxjpjev.jpg","type":"image\/jpeg"}],"author":"user-manager","twitter_card":"summary_large_image","schema":{"@context":"https:\/\/schema.org","@graph":[{"@type":"Article","@id":"https:\/\/www.meydan.tv\/az\/article\/ana-olumunde-gunahlandirilan-hekimle-bagli-cinayet-isine-xitam-verilib\/#article","isPartOf":{"@id":"https:\/\/www.meydan.tv\/az\/article\/ana-olumunde-gunahlandirilan-hekimle-bagli-cinayet-isine-xitam-verilib\/"},"author":{"name":"user-manager","@id":"https:\/\/www.meydan.tv\/az\/#\/schema\/person\/10d11eccf6da3662cf5fdab9806ea91a"},"headline":"Ana \u00f6l\u00fcm\u00fcnd\u0259 g\u00fcnahland\u0131r\u0131lan h\u0259kiml\u0259 ba\u011fl\u0131 cinay\u0259t i\u015fin\u0259 xitam verilib","datePublished":"2019-09-20T10:17:29+00:00","mainEntityOfPage":{"@id":"https:\/\/www.meydan.tv\/az\/article\/ana-olumunde-gunahlandirilan-hekimle-bagli-cinayet-isine-xitam-verilib\/"},"wordCount":1508,"publisher":{"@id":"https:\/\/www.meydan.tv\/az\/#organization"},"image":{"@id":"https:\/\/www.meydan.tv\/az\/article\/ana-olumunde-gunahlandirilan-hekimle-bagli-cinayet-isine-xitam-verilib\/#primaryimage"},"thumbnailUrl":"https:\/\/www.meydan.tv\/wp-content\/uploads\/image_from_ios_4_mxjpjev.jpg","articleSection":["B\u00f6lg\u0259"],"inLanguage":"az"},{"@type":"WebPage","@id":"https:\/\/www.meydan.tv\/az\/article\/ana-olumunde-gunahlandirilan-hekimle-bagli-cinayet-isine-xitam-verilib\/","url":"https:\/\/www.meydan.tv\/az\/article\/ana-olumunde-gunahlandirilan-hekimle-bagli-cinayet-isine-xitam-verilib\/","name":"Ana \u00f6l\u00fcm\u00fcnd\u0259 g\u00fcnahland\u0131r\u0131lan h\u0259kiml\u0259 ba\u011fl\u0131 cinay\u0259t i\u015fin\u0259 xitam verilib - MEYDAN.TV","isPartOf":{"@id":"https:\/\/www.meydan.tv\/az\/#website"},"primaryImageOfPage":{"@id":"https:\/\/www.meydan.tv\/az\/article\/ana-olumunde-gunahlandirilan-hekimle-bagli-cinayet-isine-xitam-verilib\/#primaryimage"},"image":{"@id":"https:\/\/www.meydan.tv\/az\/article\/ana-olumunde-gunahlandirilan-hekimle-bagli-cinayet-isine-xitam-verilib\/#primaryimage"},"thumbnailUrl":"https:\/\/www.meydan.tv\/wp-content\/uploads\/image_from_ios_4_mxjpjev.jpg","datePublished":"2019-09-20T10:17:29+00:00","breadcrumb":{"@id":"https:\/\/www.meydan.tv\/az\/article\/ana-olumunde-gunahlandirilan-hekimle-bagli-cinayet-isine-xitam-verilib\/#breadcrumb"},"inLanguage":"az","potentialAction":[{"@type":"ReadAction","target":["https:\/\/www.meydan.tv\/az\/article\/ana-olumunde-gunahlandirilan-hekimle-bagli-cinayet-isine-xitam-verilib\/"]}]},{"@type":"ImageObject","inLanguage":"az","@id":"https:\/\/www.meydan.tv\/az\/article\/ana-olumunde-gunahlandirilan-hekimle-bagli-cinayet-isine-xitam-verilib\/#primaryimage","url":"https:\/\/www.meydan.tv\/wp-content\/uploads\/image_from_ios_4_mxjpjev.jpg","contentUrl":"https:\/\/www.meydan.tv\/wp-content\/uploads\/image_from_ios_4_mxjpjev.jpg","width":960,"height":720,"caption":"Source: Specify Source"},{"@type":"BreadcrumbList","@id":"https:\/\/www.meydan.tv\/az\/article\/ana-olumunde-gunahlandirilan-hekimle-bagli-cinayet-isine-xitam-verilib\/#breadcrumb","itemListElement":[{"@type":"ListItem","position":1,"name":"Ana s\u0259hif\u0259","item":"https:\/\/www.meydan.tv\/az\/"},{"@type":"ListItem","position":2,"name":"B\u00f6lg\u0259","item":"https:\/\/www.meydan.tv\/az\/section\/bolge\/"},{"@type":"ListItem","position":3,"name":"Ana \u00f6l\u00fcm\u00fcnd\u0259 g\u00fcnahland\u0131r\u0131lan h\u0259kiml\u0259 ba\u011fl\u0131 cinay\u0259t i\u015fin\u0259 xitam verilib"}]},{"@type":"WebSite","@id":"https:\/\/www.meydan.tv\/az\/#website","url":"https:\/\/www.meydan.tv\/az\/","name":"MEYDAN.TV","description":"Meydan TV Az\u0259rbaycan\u0131n media m\u0259kan\u0131ndak\u0131 alternativ s\u0259sidir","publisher":{"@id":"https:\/\/www.meydan.tv\/az\/#organization"},"potentialAction":[{"@type":"SearchAction","target":{"@type":"EntryPoint","urlTemplate":"https:\/\/www.meydan.tv\/az\/?s={search_term_string}"},"query-input":{"@type":"PropertyValueSpecification","valueRequired":true,"valueName":"search_term_string"}}],"inLanguage":"az"},{"@type":"Organization","@id":"https:\/\/www.meydan.tv\/az\/#organization","name":"Meydan TV","url":"https:\/\/www.meydan.tv\/az\/","logo":{"@type":"ImageObject","inLanguage":"az","@id":"https:\/\/www.meydan.tv\/az\/#\/schema\/logo\/image\/","url":"https:\/\/www.meydan.tv\/wp-content\/uploads\/2021\/07\/meydan-logo.svg","contentUrl":"https:\/\/www.meydan.tv\/wp-content\/uploads\/2021\/07\/meydan-logo.svg","width":195,"height":46,"caption":"Meydan TV"},"image":{"@id":"https:\/\/www.meydan.tv\/az\/#\/schema\/logo\/image\/"}},{"@type":"Person","@id":"https:\/\/www.meydan.tv\/az\/#\/schema\/person\/10d11eccf6da3662cf5fdab9806ea91a","name":"user-manager"}]}},"_links":{"self":[{"href":"https:\/\/www.meydan.tv\/az\/wp-json\/wp\/v2\/posts\/197058","targetHints":{"allow":["GET"]}}],"collection":[{"href":"https:\/\/www.meydan.tv\/az\/wp-json\/wp\/v2\/posts"}],"about":[{"href":"https:\/\/www.meydan.tv\/az\/wp-json\/wp\/v2\/types\/post"}],"author":[{"embeddable":true,"href":"https:\/\/www.meydan.tv\/az\/wp-json\/wp\/v2\/users\/11"}],"replies":[{"embeddable":true,"href":"https:\/\/www.meydan.tv\/az\/wp-json\/wp\/v2\/comments?post=197058"}],"version-history":[{"count":0,"href":"https:\/\/www.meydan.tv\/az\/wp-json\/wp\/v2\/posts\/197058\/revisions"}],"wp:featuredmedia":[{"embeddable":true,"href":"https:\/\/www.meydan.tv\/az\/wp-json\/wp\/v2\/media\/129946"}],"wp:attachment":[{"href":"https:\/\/www.meydan.tv\/az\/wp-json\/wp\/v2\/media?parent=197058"}],"wp:term":[{"taxonomy":"category","embeddable":true,"href":"https:\/\/www.meydan.tv\/az\/wp-json\/wp\/v2\/categories?post=197058"},{"taxonomy":"post_tag","embeddable":true,"href":"https:\/\/www.meydan.tv\/az\/wp-json\/wp\/v2\/tags?post=197058"}],"curies":[{"name":"wp","href":"https:\/\/api.w.org\/{rel}","templated":true}]}}