{"id":197057,"date":"2019-09-20T10:25:32","date_gmt":"2019-09-20T10:25:32","guid":{"rendered":"https:\/\/www.meydan.tv\/article\/hebsde-olan-axcp-fealinin-sikayetine-yox-deyildi\/"},"modified":"2019-09-20T10:25:32","modified_gmt":"2019-09-20T10:25:32","slug":"hebsde-olan-axcp-fealinin-sikayetine-yox-deyildi","status":"publish","type":"post","link":"https:\/\/www.meydan.tv\/az\/article\/hebsde-olan-axcp-fealinin-sikayetine-yox-deyildi\/","title":{"rendered":"H\u0259bsd\u0259 olan AXCP f\u0259al\u0131n\u0131n \u015fikay\u0259tin\u0259 &#8220;yox&#8221; deyildi"},"content":{"rendered":"<p>\n  <i><br \/>\n    Ruslan \u018fmirovun apelyasiya \u015fikay\u0259ti t\u0259min olunmay\u0131b<br \/>\n  <\/i>\n<\/p>\n<p>\n  Bu g\u00fcn Bak\u0131 Apelyasiya M\u0259hk\u0259m\u0259sind\u0259 hakim Elmar R\u0259himovun s\u0259drliyil\u0259 AXCP f\u0259al\u0131 Ruslan \u018fmirovun 30 g\u00fcnl\u00fck inzibati h\u0259bsi bar\u0259d\u0259 q\u0259rardan veril\u0259n \u015fikay\u0259t\u0259 bax\u0131l\u0131b.\n<\/p>\n<p>\n  R.\u018fmirov sentyabr\u0131n 10-da saxlan\u0131laraq, bar\u0259sind\u0259 \u0130nzibati X\u0259talar M\u0259c\u0259ll\u0259sinin 510 (x\u0131rda xuliqanl\u0131q) v\u0259 535.1 (polis\u0259 tabe olmamaq) madd\u0259l\u0259ri il\u0259 protokol t\u0259rtib olunub. \u0130ddia edilir ki, R.\u018fmirov k\u00fc\u00e7\u0259d\u0259 telefonla dan\u0131\u015fark\u0259n s\u00f6y\u00fc\u015f s\u00f6y\u00fcb, onu intizama d\u0259v\u0259t ed\u0259n polisl\u0259rin qanuni t\u0259l\u0259bl\u0259rin\u0259 tabe olmay\u0131b.\n<\/p>\n<p>\n  Ruslan \u018fmirov is\u0259 deyir ki, h\u0259min g\u00fcn Milli Onkologiya M\u0259rk\u0259zind\u0259 m\u00fcalic\u0259 olunan bac\u0131s\u0131n\u0131n yan\u0131na ged\u0259rk\u0259n x\u0259st\u0259xanan\u0131n qar\u015f\u0131s\u0131nda q\u0259fild\u0259n onu saxlay\u0131b, Yasamal rayonu, 29-cu polis b\u00f6lm\u0259sin\u0259 apar\u0131blar. Ert\u0259si g\u00fcn d\u0259 Yasamal Rayon M\u0259hk\u0259m\u0259sind\u0259 onun haqq\u0131nda 30 g\u00fcnl\u00fck h\u0259bs q\u0259rar\u0131 \u00e7\u0131xar\u0131l\u0131b.\n<\/p>\n<p>\n  Onun apelyasiya \u015fikay\u0259tin\u0259 bax\u0131lark\u0259n v\u0259kili Milli Onkologiya M\u0259rk\u0259zinin qar\u015f\u0131s\u0131ndak\u0131 kamera g\u00f6r\u00fcnt\u00fcl\u0259rinin al\u0131nmas\u0131, saxlan\u0131lark\u0259n Ruslan\u0131n yan\u0131nda olmu\u015f qohumu Niyam\u0259ddin Zeynalovun \u015fahid kimi dindirilm\u0259si, mobil operatora sor\u011fu g\u00f6nd\u0259rilib h\u0259min vaxt AXCP f\u0259al\u0131n\u0131n telefon dan\u0131\u015f\u0131\u011f\u0131n\u0131n olub-olmamas\u0131n\u0131n m\u00fc\u0259yy\u0259nl\u0259\u015fdirilm\u0259si bar\u0259d\u0259 v\u0259sat\u0259tl\u0259r qald\u0131r\u0131b. Lakin v\u0259sat\u0259tl\u0259rin he\u00e7 biri t\u0259min olunmay\u0131b.\n<\/p>\n<p>\n  Hakim apelyasiya \u015fikay\u0259tini t\u0259min etm\u0259y\u0259r\u0259k, Yasamal Rayon M\u0259hk\u0259m\u0259sinin 30 sutkal\u0131q h\u0259bs q\u0259rar\u0131n\u0131 da q\u00fcvv\u0259d\u0259 saxlay\u0131b.\n<\/p>\n<p>\n  AXCP-d\u0259n Meydan TV-y\u0259 bildirilib ki, q\u0259rardan Avropa M\u0259hk\u0259m\u0259sin\u0259 \u015fikay\u0259t g\u00f6nd\u0259ril\u0259c\u0259k: &quot;\u0130nzibati x\u0259talarla ba\u011fl\u0131 i\u015fl\u0259rd\u0259 \u00f6lk\u0259 daxilind\u0259 sonuncu m\u00fcdafi\u0259 yeri apelyasiya m\u0259hk\u0259m\u0259sidir. Ona g\u00f6r\u0259 d\u0259 bu q\u0259rardan Avropa M\u0259hk\u0259m\u0259sin\u0259 \u015fikay\u0259t veril\u0259c\u0259k&quot;.<\/p>\n","protected":false},"excerpt":{"rendered":"<p>Onun apelyasiya \u015fikay\u0259tin\u0259 bax\u0131lark\u0259n v\u0259kili Milli Onkologiya M\u0259rk\u0259zinin qar\u015f\u0131s\u0131ndak\u0131 kamera g\u00f6r\u00fcnt\u00fcl\u0259rinin al\u0131nmas\u0131, saxlan\u0131lark\u0259n Ruslan\u0131n yan\u0131nda olmu\u015f qohumu Niyam\u0259ddin Zeynalovun \u015fahid kimi dindirilm\u0259si, mobil operatora sor\u011fu g\u00f6nd\u0259rilib h\u0259min vaxt AXCP f\u0259al\u0131n\u0131n telefon dan\u0131\u015f\u0131\u011f\u0131n\u0131n olub-olmamas\u0131n\u0131n m\u00fc\u0259yy\u0259nl\u0259\u015fdirilm\u0259si bar\u0259d\u0259 v\u0259sat\u0259tl\u0259r qald\u0131r\u0131b.<\/p>\n","protected":false},"author":11,"featured_media":129955,"comment_status":"closed","ping_status":"open","sticky":false,"template":"","format":"standard","meta":{"_acf_changed":false,"_sitemap_exclude":false,"_sitemap_priority":"","_sitemap_frequency":"","footnotes":""},"categories":[59],"tags":[],"class_list":["post-197057","post","type-post","status-publish","format-standard","has-post-thumbnail","hentry","category-siyaset","infinite-scroll-item","generate-columns","tablet-grid-50","mobile-grid-100","grid-parent","grid-33","no-featured-image-padding"],"acf":[],"yoast_head":"<!-- This site is optimized with the Yoast SEO plugin v27.5 - https:\/\/yoast.com\/product\/yoast-seo-wordpress\/ -->\n<title>H\u0259bsd\u0259 olan AXCP f\u0259al\u0131n\u0131n \u015fikay\u0259tin\u0259 &quot;yox&quot; deyildi - MEYDAN.TV<\/title>\n<meta name=\"robots\" content=\"index, follow, max-snippet:-1, max-image-preview:large, max-video-preview:-1\" \/>\n<link rel=\"canonical\" href=\"https:\/\/www.meydan.tv\/az\/article\/hebsde-olan-axcp-fealinin-sikayetine-yox-deyildi\/\" \/>\n<meta property=\"og:locale\" content=\"az_AZ\" \/>\n<meta property=\"og:type\" content=\"article\" \/>\n<meta property=\"og:title\" content=\"H\u0259bsd\u0259 olan AXCP f\u0259al\u0131n\u0131n \u015fikay\u0259tin\u0259 &quot;yox&quot; deyildi - MEYDAN.TV\" \/>\n<meta property=\"og:description\" content=\"Onun apelyasiya \u015fikay\u0259tin\u0259 bax\u0131lark\u0259n v\u0259kili Milli Onkologiya M\u0259rk\u0259zinin qar\u015f\u0131s\u0131ndak\u0131 kamera g\u00f6r\u00fcnt\u00fcl\u0259rinin al\u0131nmas\u0131, saxlan\u0131lark\u0259n Ruslan\u0131n yan\u0131nda olmu\u015f qohumu Niyam\u0259ddin Zeynalovun \u015fahid kimi dindirilm\u0259si, mobil operatora sor\u011fu g\u00f6nd\u0259rilib h\u0259min vaxt AXCP f\u0259al\u0131n\u0131n telefon dan\u0131\u015f\u0131\u011f\u0131n\u0131n olub-olmamas\u0131n\u0131n m\u00fc\u0259yy\u0259nl\u0259\u015fdirilm\u0259si bar\u0259d\u0259 v\u0259sat\u0259tl\u0259r qald\u0131r\u0131b.\" \/>\n<meta property=\"og:url\" content=\"https:\/\/www.meydan.tv\/az\/article\/hebsde-olan-axcp-fealinin-sikayetine-yox-deyildi\/\" \/>\n<meta property=\"og:site_name\" content=\"MEYDAN.TV\" \/>\n<meta property=\"article:published_time\" content=\"2019-09-20T10:25:32+00:00\" \/>\n<meta property=\"og:image\" content=\"https:\/\/www.meydan.tv\/wp-content\/uploads\/0033f2e8-03b7-41a8-8b74-2d5f6c5e58a0_w1023_r1_s.jpg\" \/>\n\t<meta property=\"og:image:width\" content=\"1023\" \/>\n\t<meta property=\"og:image:height\" content=\"575\" \/>\n\t<meta property=\"og:image:type\" content=\"image\/jpeg\" \/>\n<meta name=\"author\" content=\"user-manager\" \/>\n<meta name=\"twitter:card\" content=\"summary_large_image\" \/>\n<script type=\"application\/ld+json\" class=\"yoast-schema-graph\">{\"@context\":\"https:\\\/\\\/schema.org\",\"@graph\":[{\"@type\":\"Article\",\"@id\":\"https:\\\/\\\/www.meydan.tv\\\/az\\\/article\\\/hebsde-olan-axcp-fealinin-sikayetine-yox-deyildi\\\/#article\",\"isPartOf\":{\"@id\":\"https:\\\/\\\/www.meydan.tv\\\/az\\\/article\\\/hebsde-olan-axcp-fealinin-sikayetine-yox-deyildi\\\/\"},\"author\":{\"name\":\"user-manager\",\"@id\":\"https:\\\/\\\/www.meydan.tv\\\/az\\\/#\\\/schema\\\/person\\\/10d11eccf6da3662cf5fdab9806ea91a\"},\"headline\":\"H\u0259bsd\u0259 olan AXCP f\u0259al\u0131n\u0131n \u015fikay\u0259tin\u0259 &#8220;yox&#8221; deyildi\",\"datePublished\":\"2019-09-20T10:25:32+00:00\",\"mainEntityOfPage\":{\"@id\":\"https:\\\/\\\/www.meydan.tv\\\/az\\\/article\\\/hebsde-olan-axcp-fealinin-sikayetine-yox-deyildi\\\/\"},\"wordCount\":370,\"publisher\":{\"@id\":\"https:\\\/\\\/www.meydan.tv\\\/az\\\/#organization\"},\"image\":{\"@id\":\"https:\\\/\\\/www.meydan.tv\\\/az\\\/article\\\/hebsde-olan-axcp-fealinin-sikayetine-yox-deyildi\\\/#primaryimage\"},\"thumbnailUrl\":\"https:\\\/\\\/www.meydan.tv\\\/wp-content\\\/uploads\\\/0033f2e8-03b7-41a8-8b74-2d5f6c5e58a0_w1023_r1_s.jpg\",\"articleSection\":[\"Siyas\u0259t\"],\"inLanguage\":\"az\"},{\"@type\":\"WebPage\",\"@id\":\"https:\\\/\\\/www.meydan.tv\\\/az\\\/article\\\/hebsde-olan-axcp-fealinin-sikayetine-yox-deyildi\\\/\",\"url\":\"https:\\\/\\\/www.meydan.tv\\\/az\\\/article\\\/hebsde-olan-axcp-fealinin-sikayetine-yox-deyildi\\\/\",\"name\":\"H\u0259bsd\u0259 olan AXCP f\u0259al\u0131n\u0131n \u015fikay\u0259tin\u0259 \\\"yox\\\" deyildi - MEYDAN.TV\",\"isPartOf\":{\"@id\":\"https:\\\/\\\/www.meydan.tv\\\/az\\\/#website\"},\"primaryImageOfPage\":{\"@id\":\"https:\\\/\\\/www.meydan.tv\\\/az\\\/article\\\/hebsde-olan-axcp-fealinin-sikayetine-yox-deyildi\\\/#primaryimage\"},\"image\":{\"@id\":\"https:\\\/\\\/www.meydan.tv\\\/az\\\/article\\\/hebsde-olan-axcp-fealinin-sikayetine-yox-deyildi\\\/#primaryimage\"},\"thumbnailUrl\":\"https:\\\/\\\/www.meydan.tv\\\/wp-content\\\/uploads\\\/0033f2e8-03b7-41a8-8b74-2d5f6c5e58a0_w1023_r1_s.jpg\",\"datePublished\":\"2019-09-20T10:25:32+00:00\",\"breadcrumb\":{\"@id\":\"https:\\\/\\\/www.meydan.tv\\\/az\\\/article\\\/hebsde-olan-axcp-fealinin-sikayetine-yox-deyildi\\\/#breadcrumb\"},\"inLanguage\":\"az\",\"potentialAction\":[{\"@type\":\"ReadAction\",\"target\":[\"https:\\\/\\\/www.meydan.tv\\\/az\\\/article\\\/hebsde-olan-axcp-fealinin-sikayetine-yox-deyildi\\\/\"]}]},{\"@type\":\"ImageObject\",\"inLanguage\":\"az\",\"@id\":\"https:\\\/\\\/www.meydan.tv\\\/az\\\/article\\\/hebsde-olan-axcp-fealinin-sikayetine-yox-deyildi\\\/#primaryimage\",\"url\":\"https:\\\/\\\/www.meydan.tv\\\/wp-content\\\/uploads\\\/0033f2e8-03b7-41a8-8b74-2d5f6c5e58a0_w1023_r1_s.jpg\",\"contentUrl\":\"https:\\\/\\\/www.meydan.tv\\\/wp-content\\\/uploads\\\/0033f2e8-03b7-41a8-8b74-2d5f6c5e58a0_w1023_r1_s.jpg\",\"width\":1023,\"height\":575,\"caption\":\"Source: google.az\"},{\"@type\":\"BreadcrumbList\",\"@id\":\"https:\\\/\\\/www.meydan.tv\\\/az\\\/article\\\/hebsde-olan-axcp-fealinin-sikayetine-yox-deyildi\\\/#breadcrumb\",\"itemListElement\":[{\"@type\":\"ListItem\",\"position\":1,\"name\":\"Ana s\u0259hif\u0259\",\"item\":\"https:\\\/\\\/www.meydan.tv\\\/az\\\/\"},{\"@type\":\"ListItem\",\"position\":2,\"name\":\"Siyas\u0259t\",\"item\":\"https:\\\/\\\/www.meydan.tv\\\/az\\\/section\\\/siyaset\\\/\"},{\"@type\":\"ListItem\",\"position\":3,\"name\":\"H\u0259bsd\u0259 olan AXCP f\u0259al\u0131n\u0131n \u015fikay\u0259tin\u0259 &#8220;yox&#8221; deyildi\"}]},{\"@type\":\"WebSite\",\"@id\":\"https:\\\/\\\/www.meydan.tv\\\/az\\\/#website\",\"url\":\"https:\\\/\\\/www.meydan.tv\\\/az\\\/\",\"name\":\"MEYDAN.TV\",\"description\":\"Meydan TV Az\u0259rbaycan\u0131n media m\u0259kan\u0131ndak\u0131 alternativ s\u0259sidir\",\"publisher\":{\"@id\":\"https:\\\/\\\/www.meydan.tv\\\/az\\\/#organization\"},\"potentialAction\":[{\"@type\":\"SearchAction\",\"target\":{\"@type\":\"EntryPoint\",\"urlTemplate\":\"https:\\\/\\\/www.meydan.tv\\\/az\\\/?s={search_term_string}\"},\"query-input\":{\"@type\":\"PropertyValueSpecification\",\"valueRequired\":true,\"valueName\":\"search_term_string\"}}],\"inLanguage\":\"az\"},{\"@type\":\"Organization\",\"@id\":\"https:\\\/\\\/www.meydan.tv\\\/az\\\/#organization\",\"name\":\"Meydan TV\",\"url\":\"https:\\\/\\\/www.meydan.tv\\\/az\\\/\",\"logo\":{\"@type\":\"ImageObject\",\"inLanguage\":\"az\",\"@id\":\"https:\\\/\\\/www.meydan.tv\\\/az\\\/#\\\/schema\\\/logo\\\/image\\\/\",\"url\":\"https:\\\/\\\/www.meydan.tv\\\/wp-content\\\/uploads\\\/2021\\\/07\\\/meydan-logo.svg\",\"contentUrl\":\"https:\\\/\\\/www.meydan.tv\\\/wp-content\\\/uploads\\\/2021\\\/07\\\/meydan-logo.svg\",\"width\":195,\"height\":46,\"caption\":\"Meydan TV\"},\"image\":{\"@id\":\"https:\\\/\\\/www.meydan.tv\\\/az\\\/#\\\/schema\\\/logo\\\/image\\\/\"}},{\"@type\":\"Person\",\"@id\":\"https:\\\/\\\/www.meydan.tv\\\/az\\\/#\\\/schema\\\/person\\\/10d11eccf6da3662cf5fdab9806ea91a\",\"name\":\"user-manager\"}]}<\/script>\n<!-- \/ Yoast SEO plugin. -->","yoast_head_json":{"title":"H\u0259bsd\u0259 olan AXCP f\u0259al\u0131n\u0131n \u015fikay\u0259tin\u0259 \"yox\" deyildi - MEYDAN.TV","robots":{"index":"index","follow":"follow","max-snippet":"max-snippet:-1","max-image-preview":"max-image-preview:large","max-video-preview":"max-video-preview:-1"},"canonical":"https:\/\/www.meydan.tv\/az\/article\/hebsde-olan-axcp-fealinin-sikayetine-yox-deyildi\/","og_locale":"az_AZ","og_type":"article","og_title":"H\u0259bsd\u0259 olan AXCP f\u0259al\u0131n\u0131n \u015fikay\u0259tin\u0259 \"yox\" deyildi - MEYDAN.TV","og_description":"Onun apelyasiya \u015fikay\u0259tin\u0259 bax\u0131lark\u0259n v\u0259kili Milli Onkologiya M\u0259rk\u0259zinin qar\u015f\u0131s\u0131ndak\u0131 kamera g\u00f6r\u00fcnt\u00fcl\u0259rinin al\u0131nmas\u0131, saxlan\u0131lark\u0259n Ruslan\u0131n yan\u0131nda olmu\u015f qohumu Niyam\u0259ddin Zeynalovun \u015fahid kimi dindirilm\u0259si, mobil operatora sor\u011fu g\u00f6nd\u0259rilib h\u0259min vaxt AXCP f\u0259al\u0131n\u0131n telefon dan\u0131\u015f\u0131\u011f\u0131n\u0131n olub-olmamas\u0131n\u0131n m\u00fc\u0259yy\u0259nl\u0259\u015fdirilm\u0259si bar\u0259d\u0259 v\u0259sat\u0259tl\u0259r qald\u0131r\u0131b.","og_url":"https:\/\/www.meydan.tv\/az\/article\/hebsde-olan-axcp-fealinin-sikayetine-yox-deyildi\/","og_site_name":"MEYDAN.TV","article_published_time":"2019-09-20T10:25:32+00:00","og_image":[{"width":1023,"height":575,"url":"https:\/\/www.meydan.tv\/wp-content\/uploads\/0033f2e8-03b7-41a8-8b74-2d5f6c5e58a0_w1023_r1_s.jpg","type":"image\/jpeg"}],"author":"user-manager","twitter_card":"summary_large_image","schema":{"@context":"https:\/\/schema.org","@graph":[{"@type":"Article","@id":"https:\/\/www.meydan.tv\/az\/article\/hebsde-olan-axcp-fealinin-sikayetine-yox-deyildi\/#article","isPartOf":{"@id":"https:\/\/www.meydan.tv\/az\/article\/hebsde-olan-axcp-fealinin-sikayetine-yox-deyildi\/"},"author":{"name":"user-manager","@id":"https:\/\/www.meydan.tv\/az\/#\/schema\/person\/10d11eccf6da3662cf5fdab9806ea91a"},"headline":"H\u0259bsd\u0259 olan AXCP f\u0259al\u0131n\u0131n \u015fikay\u0259tin\u0259 &#8220;yox&#8221; deyildi","datePublished":"2019-09-20T10:25:32+00:00","mainEntityOfPage":{"@id":"https:\/\/www.meydan.tv\/az\/article\/hebsde-olan-axcp-fealinin-sikayetine-yox-deyildi\/"},"wordCount":370,"publisher":{"@id":"https:\/\/www.meydan.tv\/az\/#organization"},"image":{"@id":"https:\/\/www.meydan.tv\/az\/article\/hebsde-olan-axcp-fealinin-sikayetine-yox-deyildi\/#primaryimage"},"thumbnailUrl":"https:\/\/www.meydan.tv\/wp-content\/uploads\/0033f2e8-03b7-41a8-8b74-2d5f6c5e58a0_w1023_r1_s.jpg","articleSection":["Siyas\u0259t"],"inLanguage":"az"},{"@type":"WebPage","@id":"https:\/\/www.meydan.tv\/az\/article\/hebsde-olan-axcp-fealinin-sikayetine-yox-deyildi\/","url":"https:\/\/www.meydan.tv\/az\/article\/hebsde-olan-axcp-fealinin-sikayetine-yox-deyildi\/","name":"H\u0259bsd\u0259 olan AXCP f\u0259al\u0131n\u0131n \u015fikay\u0259tin\u0259 \"yox\" deyildi - MEYDAN.TV","isPartOf":{"@id":"https:\/\/www.meydan.tv\/az\/#website"},"primaryImageOfPage":{"@id":"https:\/\/www.meydan.tv\/az\/article\/hebsde-olan-axcp-fealinin-sikayetine-yox-deyildi\/#primaryimage"},"image":{"@id":"https:\/\/www.meydan.tv\/az\/article\/hebsde-olan-axcp-fealinin-sikayetine-yox-deyildi\/#primaryimage"},"thumbnailUrl":"https:\/\/www.meydan.tv\/wp-content\/uploads\/0033f2e8-03b7-41a8-8b74-2d5f6c5e58a0_w1023_r1_s.jpg","datePublished":"2019-09-20T10:25:32+00:00","breadcrumb":{"@id":"https:\/\/www.meydan.tv\/az\/article\/hebsde-olan-axcp-fealinin-sikayetine-yox-deyildi\/#breadcrumb"},"inLanguage":"az","potentialAction":[{"@type":"ReadAction","target":["https:\/\/www.meydan.tv\/az\/article\/hebsde-olan-axcp-fealinin-sikayetine-yox-deyildi\/"]}]},{"@type":"ImageObject","inLanguage":"az","@id":"https:\/\/www.meydan.tv\/az\/article\/hebsde-olan-axcp-fealinin-sikayetine-yox-deyildi\/#primaryimage","url":"https:\/\/www.meydan.tv\/wp-content\/uploads\/0033f2e8-03b7-41a8-8b74-2d5f6c5e58a0_w1023_r1_s.jpg","contentUrl":"https:\/\/www.meydan.tv\/wp-content\/uploads\/0033f2e8-03b7-41a8-8b74-2d5f6c5e58a0_w1023_r1_s.jpg","width":1023,"height":575,"caption":"Source: google.az"},{"@type":"BreadcrumbList","@id":"https:\/\/www.meydan.tv\/az\/article\/hebsde-olan-axcp-fealinin-sikayetine-yox-deyildi\/#breadcrumb","itemListElement":[{"@type":"ListItem","position":1,"name":"Ana s\u0259hif\u0259","item":"https:\/\/www.meydan.tv\/az\/"},{"@type":"ListItem","position":2,"name":"Siyas\u0259t","item":"https:\/\/www.meydan.tv\/az\/section\/siyaset\/"},{"@type":"ListItem","position":3,"name":"H\u0259bsd\u0259 olan AXCP f\u0259al\u0131n\u0131n \u015fikay\u0259tin\u0259 &#8220;yox&#8221; deyildi"}]},{"@type":"WebSite","@id":"https:\/\/www.meydan.tv\/az\/#website","url":"https:\/\/www.meydan.tv\/az\/","name":"MEYDAN.TV","description":"Meydan TV Az\u0259rbaycan\u0131n media m\u0259kan\u0131ndak\u0131 alternativ s\u0259sidir","publisher":{"@id":"https:\/\/www.meydan.tv\/az\/#organization"},"potentialAction":[{"@type":"SearchAction","target":{"@type":"EntryPoint","urlTemplate":"https:\/\/www.meydan.tv\/az\/?s={search_term_string}"},"query-input":{"@type":"PropertyValueSpecification","valueRequired":true,"valueName":"search_term_string"}}],"inLanguage":"az"},{"@type":"Organization","@id":"https:\/\/www.meydan.tv\/az\/#organization","name":"Meydan TV","url":"https:\/\/www.meydan.tv\/az\/","logo":{"@type":"ImageObject","inLanguage":"az","@id":"https:\/\/www.meydan.tv\/az\/#\/schema\/logo\/image\/","url":"https:\/\/www.meydan.tv\/wp-content\/uploads\/2021\/07\/meydan-logo.svg","contentUrl":"https:\/\/www.meydan.tv\/wp-content\/uploads\/2021\/07\/meydan-logo.svg","width":195,"height":46,"caption":"Meydan TV"},"image":{"@id":"https:\/\/www.meydan.tv\/az\/#\/schema\/logo\/image\/"}},{"@type":"Person","@id":"https:\/\/www.meydan.tv\/az\/#\/schema\/person\/10d11eccf6da3662cf5fdab9806ea91a","name":"user-manager"}]}},"_links":{"self":[{"href":"https:\/\/www.meydan.tv\/az\/wp-json\/wp\/v2\/posts\/197057","targetHints":{"allow":["GET"]}}],"collection":[{"href":"https:\/\/www.meydan.tv\/az\/wp-json\/wp\/v2\/posts"}],"about":[{"href":"https:\/\/www.meydan.tv\/az\/wp-json\/wp\/v2\/types\/post"}],"author":[{"embeddable":true,"href":"https:\/\/www.meydan.tv\/az\/wp-json\/wp\/v2\/users\/11"}],"replies":[{"embeddable":true,"href":"https:\/\/www.meydan.tv\/az\/wp-json\/wp\/v2\/comments?post=197057"}],"version-history":[{"count":0,"href":"https:\/\/www.meydan.tv\/az\/wp-json\/wp\/v2\/posts\/197057\/revisions"}],"wp:featuredmedia":[{"embeddable":true,"href":"https:\/\/www.meydan.tv\/az\/wp-json\/wp\/v2\/media\/129955"}],"wp:attachment":[{"href":"https:\/\/www.meydan.tv\/az\/wp-json\/wp\/v2\/media?parent=197057"}],"wp:term":[{"taxonomy":"category","embeddable":true,"href":"https:\/\/www.meydan.tv\/az\/wp-json\/wp\/v2\/categories?post=197057"},{"taxonomy":"post_tag","embeddable":true,"href":"https:\/\/www.meydan.tv\/az\/wp-json\/wp\/v2\/tags?post=197057"}],"curies":[{"name":"wp","href":"https:\/\/api.w.org\/{rel}","templated":true}]}}