{"id":197049,"date":"2019-09-19T16:34:05","date_gmt":"2019-09-19T16:34:05","guid":{"rendered":"https:\/\/www.meydan.tv\/article\/freedom-house-azerbaycanda-jurnalistlerin-teqibine-son-qoyulmur\/"},"modified":"2019-09-19T16:34:05","modified_gmt":"2019-09-19T16:34:05","slug":"freedom-house-azerbaycanda-jurnalistlerin-teqibine-son-qoyulmur","status":"publish","type":"post","link":"https:\/\/www.meydan.tv\/az\/article\/freedom-house-azerbaycanda-jurnalistlerin-teqibine-son-qoyulmur\/","title":{"rendered":"\u201cFreedom House\u201d: Az\u0259rbaycanda jurnalistl\u0259rin t\u0259qibin\u0259 son qoyulmur"},"content":{"rendered":"<p>\n  <i><br \/>\n    T\u0259\u015fkilat jurnalistl\u0259ri t\u0259qib ed\u0259n \u00f6lk\u0259l\u0259rin hakimiyy\u0259tl\u0259rin\u0259 m\u00fcraci\u0259t edib<br \/>\n  <\/i>\n<\/p>\n<p>\n  \u201cFreedom House\u201d h\u00fcquq m\u00fcdafi\u0259 t\u0259\u015fkilat\u0131 bir s\u0131ra AT\u018fT \u00f6lk\u0259l\u0259rind\u0259 &#8211; Az\u0259rbaycan, Qazax\u0131stan, T\u00fcrkiy\u0259, Rusiya, Ukrayna v\u0259 onun \u0259razisi olan Kr\u0131mda jurnalistl\u0259r\u0259 t\u0259zyiq v\u0259 onlar\u0131n t\u0259qibi faktlar\u0131n\u0131 pisl\u0259yib.\n<\/p>\n<p>\n  \u201cTuran\u201d \u0130nformasiya Agentliyinin yazd\u0131\u011f\u0131na g\u00f6r\u0259, t\u0259\u015fkilat\u0131n Var\u015favada yeni ba\u015fa \u00e7atm\u0131\u015f \u0130nsan \u0130nki\u015faf\u0131 \u00fczr\u0259 t\u0259dbirind\u0259 i\u015ftirak\u00e7\u0131lara \u00fcnvanlad\u0131\u011f\u0131 m\u00fcraci\u0259td\u0259 deyilir ki, bu \u00f6lk\u0259l\u0259rd\u0259 jurnalistl\u0259rin t\u0259qibin\u0259 son qoyulmur.\n<\/p>\n<p>\n  M\u00fcraci\u0259td\u0259 bildirilir ki, x\u00fcsus\u0259n, \u00f6z h\u00fcquq v\u0259 azadl\u0131qlar\u0131n\u0131n t\u0259min edilm\u0259sini t\u0259l\u0259b ed\u0259n milli azl\u0131qlar\u0131n n\u00fcmay\u0259nd\u0259l\u0259ri (Kr\u0131m tatarlar\u0131), habel\u0259 bu m\u0259s\u0259l\u0259l\u0259ri qald\u0131ran m\u0259tbuat i\u015f\u00e7il\u0259ri t\u0259qib olunur.\n<\/p>\n<p>\n  \u201cAz\u0259rbaycanda qarayaxma v\u0259 t\u0259qib kampaniyas\u0131 \u00f6lk\u0259nin hakim elitas\u0131n\u0131n korrupsiya faktlar\u0131n\u0131 ara\u015fd\u0131ran jurnalist X\u0259dic\u0259 \u0130smay\u0131lovan\u0131n i\u015find\u0259 \u00f6z\u00fcn\u00fc b\u00fcruz\u0259 verib. AB\u015e-da ya\u015fayan jurnalist Sevinc Osmanq\u0131z\u0131na v\u0259 \u201crealliq.info\u201d sayt\u0131n\u0131n redaktoru \u0130kram R\u0259himova qar\u015f\u0131 da analoji kampaniya h\u0259yata ke\u00e7irilib\u201d.\n<\/p>\n<p>\n  \u201cFreedom House\u201d t\u0259\u015fkilat\u0131n\u0131n m\u00fcraci\u0259tind\u0259 deyilir ki, jurnalistl\u0259rin \u00f6z i\u015fl\u0259rini g\u00f6r\u0259 bildiyi t\u0259hl\u00fck\u0259siz m\u00fchit AT\u018fT mexanizminin \u0259sas\u0131nda duran demokratik ideallar\u0131n s\u00fctunudur.\n<\/p>\n<p>\n  \u201cBununla \u0259laq\u0259dar \u201cFreedom House\u201d ad\u0131 \u00e7\u0259kil\u0259n \u00f6lk\u0259l\u0259rin hakimiyy\u0259tl\u0259rin\u0259 a\u015fa\u011f\u0131dak\u0131 \u00e7a\u011f\u0131r\u0131\u015flar\u0131 edir:\n<\/p>\n<ol>\n<li>\n    <i><br \/>\n      Jurnalistl\u0259r\u0259 qar\u015f\u0131 h\u00fccumlar\u0131 h\u0259rt\u0259r\u0259fli ara\u015fd\u0131rmaq v\u0259 t\u0259qsirkarlar\u0131n c\u0259zaland\u0131rmaq.<br \/>\n    <\/i>\n  <\/li>\n<li>\n    <i><br \/>\n      Hakimiyy\u0259ti t\u0259nqid ed\u0259n jurnalistl\u0259rin uydurma ittihamlarla t\u0259qibi t\u0259cr\u00fcb\u0259sin\u0259 son qoymaq.<br \/>\n    <\/i>\n  <\/li>\n<li>\n    <i><br \/>\n      M\u0259tbuat azald\u0131\u011f\u0131 il\u0259 ba\u011fl\u0131 qanunvericiliyi t\u0259kmill\u0259\u015fdirm\u0259k\u201d.<br \/>\n    <\/i>\n  <\/li>\n<\/ol>\n","protected":false},"excerpt":{"rendered":"<p>\u201cFreedom House\u201d t\u0259\u015fkilat\u0131n\u0131n m\u00fcraci\u0259tind\u0259 deyilir ki, jurnalistl\u0259rin \u00f6z i\u015fl\u0259rini g\u00f6r\u0259 bildiyi t\u0259hl\u00fck\u0259siz m\u00fchit AT\u018fT mexanizminin \u0259sas\u0131nda duran demokratik ideallar\u0131n s\u00fctunudur.<\/p>\n","protected":false},"author":11,"featured_media":129916,"comment_status":"closed","ping_status":"open","sticky":false,"template":"","format":"standard","meta":{"_acf_changed":false,"_sitemap_exclude":false,"_sitemap_priority":"","_sitemap_frequency":"","footnotes":""},"categories":[59],"tags":[],"class_list":["post-197049","post","type-post","status-publish","format-standard","has-post-thumbnail","hentry","category-siyaset","infinite-scroll-item","generate-columns","tablet-grid-50","mobile-grid-100","grid-parent","grid-33","no-featured-image-padding"],"acf":[],"yoast_head":"<!-- This site is optimized with the Yoast SEO plugin v27.5 - https:\/\/yoast.com\/product\/yoast-seo-wordpress\/ -->\n<title>\u201cFreedom House\u201d: Az\u0259rbaycanda jurnalistl\u0259rin t\u0259qibin\u0259 son qoyulmur - MEYDAN.TV<\/title>\n<meta name=\"robots\" content=\"index, follow, max-snippet:-1, max-image-preview:large, max-video-preview:-1\" \/>\n<link rel=\"canonical\" href=\"https:\/\/www.meydan.tv\/az\/article\/freedom-house-azerbaycanda-jurnalistlerin-teqibine-son-qoyulmur\/\" \/>\n<meta property=\"og:locale\" content=\"az_AZ\" \/>\n<meta property=\"og:type\" content=\"article\" \/>\n<meta property=\"og:title\" content=\"\u201cFreedom House\u201d: Az\u0259rbaycanda jurnalistl\u0259rin t\u0259qibin\u0259 son qoyulmur - MEYDAN.TV\" \/>\n<meta property=\"og:description\" content=\"\u201cFreedom House\u201d t\u0259\u015fkilat\u0131n\u0131n m\u00fcraci\u0259tind\u0259 deyilir ki, jurnalistl\u0259rin \u00f6z i\u015fl\u0259rini g\u00f6r\u0259 bildiyi t\u0259hl\u00fck\u0259siz m\u00fchit AT\u018fT mexanizminin \u0259sas\u0131nda duran demokratik ideallar\u0131n s\u00fctunudur.\" \/>\n<meta property=\"og:url\" content=\"https:\/\/www.meydan.tv\/az\/article\/freedom-house-azerbaycanda-jurnalistlerin-teqibine-son-qoyulmur\/\" \/>\n<meta property=\"og:site_name\" content=\"MEYDAN.TV\" \/>\n<meta property=\"article:published_time\" content=\"2019-09-19T16:34:05+00:00\" \/>\n<meta property=\"og:image\" content=\"https:\/\/www.meydan.tv\/wp-content\/uploads\/2461334.jpg\" \/>\n\t<meta property=\"og:image:width\" content=\"1502\" \/>\n\t<meta property=\"og:image:height\" content=\"800\" \/>\n\t<meta property=\"og:image:type\" content=\"image\/jpeg\" \/>\n<meta name=\"author\" content=\"user-manager\" \/>\n<meta name=\"twitter:card\" content=\"summary_large_image\" \/>\n<script type=\"application\/ld+json\" class=\"yoast-schema-graph\">{\"@context\":\"https:\\\/\\\/schema.org\",\"@graph\":[{\"@type\":\"Article\",\"@id\":\"https:\\\/\\\/www.meydan.tv\\\/az\\\/article\\\/freedom-house-azerbaycanda-jurnalistlerin-teqibine-son-qoyulmur\\\/#article\",\"isPartOf\":{\"@id\":\"https:\\\/\\\/www.meydan.tv\\\/az\\\/article\\\/freedom-house-azerbaycanda-jurnalistlerin-teqibine-son-qoyulmur\\\/\"},\"author\":{\"name\":\"user-manager\",\"@id\":\"https:\\\/\\\/www.meydan.tv\\\/az\\\/#\\\/schema\\\/person\\\/10d11eccf6da3662cf5fdab9806ea91a\"},\"headline\":\"\u201cFreedom House\u201d: Az\u0259rbaycanda jurnalistl\u0259rin t\u0259qibin\u0259 son qoyulmur\",\"datePublished\":\"2019-09-19T16:34:05+00:00\",\"mainEntityOfPage\":{\"@id\":\"https:\\\/\\\/www.meydan.tv\\\/az\\\/article\\\/freedom-house-azerbaycanda-jurnalistlerin-teqibine-son-qoyulmur\\\/\"},\"wordCount\":332,\"publisher\":{\"@id\":\"https:\\\/\\\/www.meydan.tv\\\/az\\\/#organization\"},\"image\":{\"@id\":\"https:\\\/\\\/www.meydan.tv\\\/az\\\/article\\\/freedom-house-azerbaycanda-jurnalistlerin-teqibine-son-qoyulmur\\\/#primaryimage\"},\"thumbnailUrl\":\"https:\\\/\\\/www.meydan.tv\\\/wp-content\\\/uploads\\\/2461334.jpg\",\"articleSection\":[\"Siyas\u0259t\"],\"inLanguage\":\"az\"},{\"@type\":\"WebPage\",\"@id\":\"https:\\\/\\\/www.meydan.tv\\\/az\\\/article\\\/freedom-house-azerbaycanda-jurnalistlerin-teqibine-son-qoyulmur\\\/\",\"url\":\"https:\\\/\\\/www.meydan.tv\\\/az\\\/article\\\/freedom-house-azerbaycanda-jurnalistlerin-teqibine-son-qoyulmur\\\/\",\"name\":\"\u201cFreedom House\u201d: Az\u0259rbaycanda jurnalistl\u0259rin t\u0259qibin\u0259 son qoyulmur - MEYDAN.TV\",\"isPartOf\":{\"@id\":\"https:\\\/\\\/www.meydan.tv\\\/az\\\/#website\"},\"primaryImageOfPage\":{\"@id\":\"https:\\\/\\\/www.meydan.tv\\\/az\\\/article\\\/freedom-house-azerbaycanda-jurnalistlerin-teqibine-son-qoyulmur\\\/#primaryimage\"},\"image\":{\"@id\":\"https:\\\/\\\/www.meydan.tv\\\/az\\\/article\\\/freedom-house-azerbaycanda-jurnalistlerin-teqibine-son-qoyulmur\\\/#primaryimage\"},\"thumbnailUrl\":\"https:\\\/\\\/www.meydan.tv\\\/wp-content\\\/uploads\\\/2461334.jpg\",\"datePublished\":\"2019-09-19T16:34:05+00:00\",\"breadcrumb\":{\"@id\":\"https:\\\/\\\/www.meydan.tv\\\/az\\\/article\\\/freedom-house-azerbaycanda-jurnalistlerin-teqibine-son-qoyulmur\\\/#breadcrumb\"},\"inLanguage\":\"az\",\"potentialAction\":[{\"@type\":\"ReadAction\",\"target\":[\"https:\\\/\\\/www.meydan.tv\\\/az\\\/article\\\/freedom-house-azerbaycanda-jurnalistlerin-teqibine-son-qoyulmur\\\/\"]}]},{\"@type\":\"ImageObject\",\"inLanguage\":\"az\",\"@id\":\"https:\\\/\\\/www.meydan.tv\\\/az\\\/article\\\/freedom-house-azerbaycanda-jurnalistlerin-teqibine-son-qoyulmur\\\/#primaryimage\",\"url\":\"https:\\\/\\\/www.meydan.tv\\\/wp-content\\\/uploads\\\/2461334.jpg\",\"contentUrl\":\"https:\\\/\\\/www.meydan.tv\\\/wp-content\\\/uploads\\\/2461334.jpg\",\"width\":1502,\"height\":800,\"caption\":\"Foto: Meydan TV\"},{\"@type\":\"BreadcrumbList\",\"@id\":\"https:\\\/\\\/www.meydan.tv\\\/az\\\/article\\\/freedom-house-azerbaycanda-jurnalistlerin-teqibine-son-qoyulmur\\\/#breadcrumb\",\"itemListElement\":[{\"@type\":\"ListItem\",\"position\":1,\"name\":\"Ana s\u0259hif\u0259\",\"item\":\"https:\\\/\\\/www.meydan.tv\\\/az\\\/\"},{\"@type\":\"ListItem\",\"position\":2,\"name\":\"Siyas\u0259t\",\"item\":\"https:\\\/\\\/www.meydan.tv\\\/az\\\/section\\\/siyaset\\\/\"},{\"@type\":\"ListItem\",\"position\":3,\"name\":\"\u201cFreedom House\u201d: Az\u0259rbaycanda jurnalistl\u0259rin t\u0259qibin\u0259 son qoyulmur\"}]},{\"@type\":\"WebSite\",\"@id\":\"https:\\\/\\\/www.meydan.tv\\\/az\\\/#website\",\"url\":\"https:\\\/\\\/www.meydan.tv\\\/az\\\/\",\"name\":\"MEYDAN.TV\",\"description\":\"Meydan TV Az\u0259rbaycan\u0131n media m\u0259kan\u0131ndak\u0131 alternativ s\u0259sidir\",\"publisher\":{\"@id\":\"https:\\\/\\\/www.meydan.tv\\\/az\\\/#organization\"},\"potentialAction\":[{\"@type\":\"SearchAction\",\"target\":{\"@type\":\"EntryPoint\",\"urlTemplate\":\"https:\\\/\\\/www.meydan.tv\\\/az\\\/?s={search_term_string}\"},\"query-input\":{\"@type\":\"PropertyValueSpecification\",\"valueRequired\":true,\"valueName\":\"search_term_string\"}}],\"inLanguage\":\"az\"},{\"@type\":\"Organization\",\"@id\":\"https:\\\/\\\/www.meydan.tv\\\/az\\\/#organization\",\"name\":\"Meydan TV\",\"url\":\"https:\\\/\\\/www.meydan.tv\\\/az\\\/\",\"logo\":{\"@type\":\"ImageObject\",\"inLanguage\":\"az\",\"@id\":\"https:\\\/\\\/www.meydan.tv\\\/az\\\/#\\\/schema\\\/logo\\\/image\\\/\",\"url\":\"https:\\\/\\\/www.meydan.tv\\\/wp-content\\\/uploads\\\/2021\\\/07\\\/meydan-logo.svg\",\"contentUrl\":\"https:\\\/\\\/www.meydan.tv\\\/wp-content\\\/uploads\\\/2021\\\/07\\\/meydan-logo.svg\",\"width\":195,\"height\":46,\"caption\":\"Meydan TV\"},\"image\":{\"@id\":\"https:\\\/\\\/www.meydan.tv\\\/az\\\/#\\\/schema\\\/logo\\\/image\\\/\"}},{\"@type\":\"Person\",\"@id\":\"https:\\\/\\\/www.meydan.tv\\\/az\\\/#\\\/schema\\\/person\\\/10d11eccf6da3662cf5fdab9806ea91a\",\"name\":\"user-manager\"}]}<\/script>\n<!-- \/ Yoast SEO plugin. -->","yoast_head_json":{"title":"\u201cFreedom House\u201d: Az\u0259rbaycanda jurnalistl\u0259rin t\u0259qibin\u0259 son qoyulmur - MEYDAN.TV","robots":{"index":"index","follow":"follow","max-snippet":"max-snippet:-1","max-image-preview":"max-image-preview:large","max-video-preview":"max-video-preview:-1"},"canonical":"https:\/\/www.meydan.tv\/az\/article\/freedom-house-azerbaycanda-jurnalistlerin-teqibine-son-qoyulmur\/","og_locale":"az_AZ","og_type":"article","og_title":"\u201cFreedom House\u201d: Az\u0259rbaycanda jurnalistl\u0259rin t\u0259qibin\u0259 son qoyulmur - MEYDAN.TV","og_description":"\u201cFreedom House\u201d t\u0259\u015fkilat\u0131n\u0131n m\u00fcraci\u0259tind\u0259 deyilir ki, jurnalistl\u0259rin \u00f6z i\u015fl\u0259rini g\u00f6r\u0259 bildiyi t\u0259hl\u00fck\u0259siz m\u00fchit AT\u018fT mexanizminin \u0259sas\u0131nda duran demokratik ideallar\u0131n s\u00fctunudur.","og_url":"https:\/\/www.meydan.tv\/az\/article\/freedom-house-azerbaycanda-jurnalistlerin-teqibine-son-qoyulmur\/","og_site_name":"MEYDAN.TV","article_published_time":"2019-09-19T16:34:05+00:00","og_image":[{"width":1502,"height":800,"url":"https:\/\/www.meydan.tv\/wp-content\/uploads\/2461334.jpg","type":"image\/jpeg"}],"author":"user-manager","twitter_card":"summary_large_image","schema":{"@context":"https:\/\/schema.org","@graph":[{"@type":"Article","@id":"https:\/\/www.meydan.tv\/az\/article\/freedom-house-azerbaycanda-jurnalistlerin-teqibine-son-qoyulmur\/#article","isPartOf":{"@id":"https:\/\/www.meydan.tv\/az\/article\/freedom-house-azerbaycanda-jurnalistlerin-teqibine-son-qoyulmur\/"},"author":{"name":"user-manager","@id":"https:\/\/www.meydan.tv\/az\/#\/schema\/person\/10d11eccf6da3662cf5fdab9806ea91a"},"headline":"\u201cFreedom House\u201d: Az\u0259rbaycanda jurnalistl\u0259rin t\u0259qibin\u0259 son qoyulmur","datePublished":"2019-09-19T16:34:05+00:00","mainEntityOfPage":{"@id":"https:\/\/www.meydan.tv\/az\/article\/freedom-house-azerbaycanda-jurnalistlerin-teqibine-son-qoyulmur\/"},"wordCount":332,"publisher":{"@id":"https:\/\/www.meydan.tv\/az\/#organization"},"image":{"@id":"https:\/\/www.meydan.tv\/az\/article\/freedom-house-azerbaycanda-jurnalistlerin-teqibine-son-qoyulmur\/#primaryimage"},"thumbnailUrl":"https:\/\/www.meydan.tv\/wp-content\/uploads\/2461334.jpg","articleSection":["Siyas\u0259t"],"inLanguage":"az"},{"@type":"WebPage","@id":"https:\/\/www.meydan.tv\/az\/article\/freedom-house-azerbaycanda-jurnalistlerin-teqibine-son-qoyulmur\/","url":"https:\/\/www.meydan.tv\/az\/article\/freedom-house-azerbaycanda-jurnalistlerin-teqibine-son-qoyulmur\/","name":"\u201cFreedom House\u201d: Az\u0259rbaycanda jurnalistl\u0259rin t\u0259qibin\u0259 son qoyulmur - MEYDAN.TV","isPartOf":{"@id":"https:\/\/www.meydan.tv\/az\/#website"},"primaryImageOfPage":{"@id":"https:\/\/www.meydan.tv\/az\/article\/freedom-house-azerbaycanda-jurnalistlerin-teqibine-son-qoyulmur\/#primaryimage"},"image":{"@id":"https:\/\/www.meydan.tv\/az\/article\/freedom-house-azerbaycanda-jurnalistlerin-teqibine-son-qoyulmur\/#primaryimage"},"thumbnailUrl":"https:\/\/www.meydan.tv\/wp-content\/uploads\/2461334.jpg","datePublished":"2019-09-19T16:34:05+00:00","breadcrumb":{"@id":"https:\/\/www.meydan.tv\/az\/article\/freedom-house-azerbaycanda-jurnalistlerin-teqibine-son-qoyulmur\/#breadcrumb"},"inLanguage":"az","potentialAction":[{"@type":"ReadAction","target":["https:\/\/www.meydan.tv\/az\/article\/freedom-house-azerbaycanda-jurnalistlerin-teqibine-son-qoyulmur\/"]}]},{"@type":"ImageObject","inLanguage":"az","@id":"https:\/\/www.meydan.tv\/az\/article\/freedom-house-azerbaycanda-jurnalistlerin-teqibine-son-qoyulmur\/#primaryimage","url":"https:\/\/www.meydan.tv\/wp-content\/uploads\/2461334.jpg","contentUrl":"https:\/\/www.meydan.tv\/wp-content\/uploads\/2461334.jpg","width":1502,"height":800,"caption":"Foto: Meydan TV"},{"@type":"BreadcrumbList","@id":"https:\/\/www.meydan.tv\/az\/article\/freedom-house-azerbaycanda-jurnalistlerin-teqibine-son-qoyulmur\/#breadcrumb","itemListElement":[{"@type":"ListItem","position":1,"name":"Ana s\u0259hif\u0259","item":"https:\/\/www.meydan.tv\/az\/"},{"@type":"ListItem","position":2,"name":"Siyas\u0259t","item":"https:\/\/www.meydan.tv\/az\/section\/siyaset\/"},{"@type":"ListItem","position":3,"name":"\u201cFreedom House\u201d: Az\u0259rbaycanda jurnalistl\u0259rin t\u0259qibin\u0259 son qoyulmur"}]},{"@type":"WebSite","@id":"https:\/\/www.meydan.tv\/az\/#website","url":"https:\/\/www.meydan.tv\/az\/","name":"MEYDAN.TV","description":"Meydan TV Az\u0259rbaycan\u0131n media m\u0259kan\u0131ndak\u0131 alternativ s\u0259sidir","publisher":{"@id":"https:\/\/www.meydan.tv\/az\/#organization"},"potentialAction":[{"@type":"SearchAction","target":{"@type":"EntryPoint","urlTemplate":"https:\/\/www.meydan.tv\/az\/?s={search_term_string}"},"query-input":{"@type":"PropertyValueSpecification","valueRequired":true,"valueName":"search_term_string"}}],"inLanguage":"az"},{"@type":"Organization","@id":"https:\/\/www.meydan.tv\/az\/#organization","name":"Meydan TV","url":"https:\/\/www.meydan.tv\/az\/","logo":{"@type":"ImageObject","inLanguage":"az","@id":"https:\/\/www.meydan.tv\/az\/#\/schema\/logo\/image\/","url":"https:\/\/www.meydan.tv\/wp-content\/uploads\/2021\/07\/meydan-logo.svg","contentUrl":"https:\/\/www.meydan.tv\/wp-content\/uploads\/2021\/07\/meydan-logo.svg","width":195,"height":46,"caption":"Meydan TV"},"image":{"@id":"https:\/\/www.meydan.tv\/az\/#\/schema\/logo\/image\/"}},{"@type":"Person","@id":"https:\/\/www.meydan.tv\/az\/#\/schema\/person\/10d11eccf6da3662cf5fdab9806ea91a","name":"user-manager"}]}},"_links":{"self":[{"href":"https:\/\/www.meydan.tv\/az\/wp-json\/wp\/v2\/posts\/197049","targetHints":{"allow":["GET"]}}],"collection":[{"href":"https:\/\/www.meydan.tv\/az\/wp-json\/wp\/v2\/posts"}],"about":[{"href":"https:\/\/www.meydan.tv\/az\/wp-json\/wp\/v2\/types\/post"}],"author":[{"embeddable":true,"href":"https:\/\/www.meydan.tv\/az\/wp-json\/wp\/v2\/users\/11"}],"replies":[{"embeddable":true,"href":"https:\/\/www.meydan.tv\/az\/wp-json\/wp\/v2\/comments?post=197049"}],"version-history":[{"count":0,"href":"https:\/\/www.meydan.tv\/az\/wp-json\/wp\/v2\/posts\/197049\/revisions"}],"wp:featuredmedia":[{"embeddable":true,"href":"https:\/\/www.meydan.tv\/az\/wp-json\/wp\/v2\/media\/129916"}],"wp:attachment":[{"href":"https:\/\/www.meydan.tv\/az\/wp-json\/wp\/v2\/media?parent=197049"}],"wp:term":[{"taxonomy":"category","embeddable":true,"href":"https:\/\/www.meydan.tv\/az\/wp-json\/wp\/v2\/categories?post=197049"},{"taxonomy":"post_tag","embeddable":true,"href":"https:\/\/www.meydan.tv\/az\/wp-json\/wp\/v2\/tags?post=197049"}],"curies":[{"name":"wp","href":"https:\/\/api.w.org\/{rel}","templated":true}]}}