{"id":197048,"date":"2019-09-19T16:16:01","date_gmt":"2019-09-19T16:16:01","guid":{"rendered":"https:\/\/www.meydan.tv\/article\/ikram-rehimov-acliq-aksiyasina-basladigini-deyib\/"},"modified":"2019-09-19T16:16:01","modified_gmt":"2019-09-19T16:16:01","slug":"ikram-rehimov-acliq-aksiyasina-basladigini-deyib","status":"publish","type":"post","link":"https:\/\/www.meydan.tv\/az\/article\/ikram-rehimov-acliq-aksiyasina-basladigini-deyib\/","title":{"rendered":"\u0130kram R\u0259himov acl\u0131q aksiyas\u0131na ba\u015flad\u0131\u011f\u0131n\u0131 deyib"},"content":{"rendered":"<p>\n  <i><br \/>\n    Ba\u015f redaktor m\u0259hk\u0259m\u0259nin q\u0259rar\u0131 il\u0259 raz\u0131la\u015fm\u0131r<br \/>\n  <\/i>\n<\/p>\n<p>\n  Sentyabr\u0131n 18-d\u0259 Bak\u0131 Apelyasiya M\u0259hk\u0259m\u0259sind\u0259 hakim Rizvan S\u0259f\u0259rovun s\u0259drliyi il\u0259 \u201crealliq.info\u201d sayt\u0131n\u0131n ba\u015f redaktoru \u0130kram R\u0259himovun \u015fikay\u0259tin\u0259 bax\u0131l\u0131b.\n<\/p>\n<p>\n  M\u0259lumat\u0131 Meydan TV-y\u0259 ba\u015f redaktorun yax\u0131nlar\u0131 verib.\n<\/p>\n<p>\n  Bildirilib ki, v\u0259kil prosesd\u0259 b\u00fct\u00fcn \u015fahidl\u0259rin dindirilm\u0259si v\u0259sat\u0259tini qald\u0131rsa da, hakim yaln\u0131z Raqub Mirz\u0259yevin m\u0259hk\u0259m\u0259y\u0259 g\u0259tirilm\u0259sini t\u0259min edib:\n<\/p>\n<p>\n  \u201cRaqub Mirz\u0259yev is\u0259 ifad\u0259 verm\u0259yib v\u0259 \u0130kram R\u0259himovu tan\u0131mad\u0131\u011f\u0131n\u0131 s\u00f6yl\u0259yib. Bundan sonra m\u0259hk\u0259m\u0259 istintaq\u0131 yekunla\u015fd\u0131rd\u0131\u011f\u0131n\u0131 deyib v\u0259 \u00e7\u0131x\u0131\u015f\u00e7\u0131lara s\u00f6z verib\u201d.\n<\/p>\n<p>\n  V\u0259kil El\u00e7in Sad\u0131qov \u0130kram R\u0259himova b\u0259ra\u0259t ist\u0259s\u0259 d\u0259, hakim q\u0259rar\u0131nda madd\u0259l\u0259rin d\u0259yi\u015fdirilm\u0259d\u0259n saxlan\u0131ld\u0131\u011f\u0131n\u0131, amma c\u0259zan\u0131n 3 il azald\u0131ld\u0131\u011f\u0131n\u0131 elan edib.\n<\/p>\n<p>\n  Yax\u0131nlar\u0131n\u0131n s\u00f6zl\u0259rin\u0259 g\u00f6r\u0259, \u0130kram R\u0259himov Apelyasiya M\u0259hk\u0259m\u0259sinin q\u0259rar\u0131 il\u0259 raz\u0131la\u015fmay\u0131b v\u0259 tam b\u0259ra\u0259t ist\u0259y\u0259r\u0259k acl\u0131q aksiyas\u0131na ba\u015flad\u0131\u011f\u0131n\u0131 bildirib.\n<\/p>\n<p>\n  \u0130.R\u0259himov \u00f6t\u0259n ilin oktyabr\u0131n 26-da DTX \u0259m\u0259kda\u015flar\u0131 t\u0259r\u0259find\u0259n saxlan\u0131l\u0131b.\n<\/p>\n<p>\n  O, Cinay\u0259t M\u0259c\u0259ll\u0259sinin CM-in 182.2.1 v\u0259 182.2.2-ci (\u0259vv\u0259lc\u0259d\u0259n \u0259lbir olan bir qrup \u015f\u0259xs t\u0259r\u0259find\u0259n \u015fantaj) madd\u0259l\u0259ril\u0259 ittiham olunub. Ba\u015f redaktor ittihamlar\u0131 r\u0259dd edir.<\/p>\n","protected":false},"excerpt":{"rendered":"<p>Yax\u0131nlar\u0131n\u0131n s\u00f6zl\u0259rin\u0259 g\u00f6r\u0259, \u0130kram R\u0259himov Apelyasiya M\u0259hk\u0259m\u0259sinin q\u0259rar\u0131 il\u0259 raz\u0131la\u015fmay\u0131b v\u0259 tam b\u0259ra\u0259t ist\u0259y\u0259r\u0259k acl\u0131q aksiyas\u0131na ba\u015flad\u0131\u011f\u0131n\u0131 bildirib.<\/p>\n","protected":false},"author":11,"featured_media":110936,"comment_status":"closed","ping_status":"open","sticky":false,"template":"","format":"standard","meta":{"_acf_changed":false,"_sitemap_exclude":false,"_sitemap_priority":"","_sitemap_frequency":"","footnotes":""},"categories":[59],"tags":[],"class_list":["post-197048","post","type-post","status-publish","format-standard","has-post-thumbnail","hentry","category-siyaset","infinite-scroll-item","generate-columns","tablet-grid-50","mobile-grid-100","grid-parent","grid-33","no-featured-image-padding"],"acf":[],"yoast_head":"<!-- This site is optimized with the Yoast SEO plugin v27.5 - https:\/\/yoast.com\/product\/yoast-seo-wordpress\/ -->\n<title>\u0130kram R\u0259himov acl\u0131q aksiyas\u0131na ba\u015flad\u0131\u011f\u0131n\u0131 deyib - MEYDAN.TV<\/title>\n<meta name=\"robots\" content=\"index, follow, max-snippet:-1, max-image-preview:large, max-video-preview:-1\" \/>\n<link rel=\"canonical\" href=\"https:\/\/www.meydan.tv\/az\/article\/ikram-rehimov-acliq-aksiyasina-basladigini-deyib\/\" \/>\n<meta property=\"og:locale\" content=\"az_AZ\" \/>\n<meta property=\"og:type\" content=\"article\" \/>\n<meta property=\"og:title\" content=\"\u0130kram R\u0259himov acl\u0131q aksiyas\u0131na ba\u015flad\u0131\u011f\u0131n\u0131 deyib - MEYDAN.TV\" \/>\n<meta property=\"og:description\" content=\"Yax\u0131nlar\u0131n\u0131n s\u00f6zl\u0259rin\u0259 g\u00f6r\u0259, \u0130kram R\u0259himov Apelyasiya M\u0259hk\u0259m\u0259sinin q\u0259rar\u0131 il\u0259 raz\u0131la\u015fmay\u0131b v\u0259 tam b\u0259ra\u0259t ist\u0259y\u0259r\u0259k acl\u0131q aksiyas\u0131na ba\u015flad\u0131\u011f\u0131n\u0131 bildirib.\" \/>\n<meta property=\"og:url\" content=\"https:\/\/www.meydan.tv\/az\/article\/ikram-rehimov-acliq-aksiyasina-basladigini-deyib\/\" \/>\n<meta property=\"og:site_name\" content=\"MEYDAN.TV\" \/>\n<meta property=\"article:published_time\" content=\"2019-09-19T16:16:01+00:00\" \/>\n<meta property=\"og:image\" content=\"https:\/\/www.meydan.tv\/wp-content\/uploads\/44145.jpg\" \/>\n\t<meta property=\"og:image:width\" content=\"960\" \/>\n\t<meta property=\"og:image:height\" content=\"812\" \/>\n\t<meta property=\"og:image:type\" content=\"image\/jpeg\" \/>\n<meta name=\"author\" content=\"user-manager\" \/>\n<meta name=\"twitter:card\" content=\"summary_large_image\" \/>\n<script type=\"application\/ld+json\" class=\"yoast-schema-graph\">{\"@context\":\"https:\\\/\\\/schema.org\",\"@graph\":[{\"@type\":\"Article\",\"@id\":\"https:\\\/\\\/www.meydan.tv\\\/az\\\/article\\\/ikram-rehimov-acliq-aksiyasina-basladigini-deyib\\\/#article\",\"isPartOf\":{\"@id\":\"https:\\\/\\\/www.meydan.tv\\\/az\\\/article\\\/ikram-rehimov-acliq-aksiyasina-basladigini-deyib\\\/\"},\"author\":{\"name\":\"user-manager\",\"@id\":\"https:\\\/\\\/www.meydan.tv\\\/az\\\/#\\\/schema\\\/person\\\/10d11eccf6da3662cf5fdab9806ea91a\"},\"headline\":\"\u0130kram R\u0259himov acl\u0131q aksiyas\u0131na ba\u015flad\u0131\u011f\u0131n\u0131 deyib\",\"datePublished\":\"2019-09-19T16:16:01+00:00\",\"mainEntityOfPage\":{\"@id\":\"https:\\\/\\\/www.meydan.tv\\\/az\\\/article\\\/ikram-rehimov-acliq-aksiyasina-basladigini-deyib\\\/\"},\"wordCount\":268,\"publisher\":{\"@id\":\"https:\\\/\\\/www.meydan.tv\\\/az\\\/#organization\"},\"image\":{\"@id\":\"https:\\\/\\\/www.meydan.tv\\\/az\\\/article\\\/ikram-rehimov-acliq-aksiyasina-basladigini-deyib\\\/#primaryimage\"},\"thumbnailUrl\":\"https:\\\/\\\/www.meydan.tv\\\/wp-content\\\/uploads\\\/44145.jpg\",\"articleSection\":[\"Siyas\u0259t\"],\"inLanguage\":\"az\"},{\"@type\":\"WebPage\",\"@id\":\"https:\\\/\\\/www.meydan.tv\\\/az\\\/article\\\/ikram-rehimov-acliq-aksiyasina-basladigini-deyib\\\/\",\"url\":\"https:\\\/\\\/www.meydan.tv\\\/az\\\/article\\\/ikram-rehimov-acliq-aksiyasina-basladigini-deyib\\\/\",\"name\":\"\u0130kram R\u0259himov acl\u0131q aksiyas\u0131na ba\u015flad\u0131\u011f\u0131n\u0131 deyib - MEYDAN.TV\",\"isPartOf\":{\"@id\":\"https:\\\/\\\/www.meydan.tv\\\/az\\\/#website\"},\"primaryImageOfPage\":{\"@id\":\"https:\\\/\\\/www.meydan.tv\\\/az\\\/article\\\/ikram-rehimov-acliq-aksiyasina-basladigini-deyib\\\/#primaryimage\"},\"image\":{\"@id\":\"https:\\\/\\\/www.meydan.tv\\\/az\\\/article\\\/ikram-rehimov-acliq-aksiyasina-basladigini-deyib\\\/#primaryimage\"},\"thumbnailUrl\":\"https:\\\/\\\/www.meydan.tv\\\/wp-content\\\/uploads\\\/44145.jpg\",\"datePublished\":\"2019-09-19T16:16:01+00:00\",\"breadcrumb\":{\"@id\":\"https:\\\/\\\/www.meydan.tv\\\/az\\\/article\\\/ikram-rehimov-acliq-aksiyasina-basladigini-deyib\\\/#breadcrumb\"},\"inLanguage\":\"az\",\"potentialAction\":[{\"@type\":\"ReadAction\",\"target\":[\"https:\\\/\\\/www.meydan.tv\\\/az\\\/article\\\/ikram-rehimov-acliq-aksiyasina-basladigini-deyib\\\/\"]}]},{\"@type\":\"ImageObject\",\"inLanguage\":\"az\",\"@id\":\"https:\\\/\\\/www.meydan.tv\\\/az\\\/article\\\/ikram-rehimov-acliq-aksiyasina-basladigini-deyib\\\/#primaryimage\",\"url\":\"https:\\\/\\\/www.meydan.tv\\\/wp-content\\\/uploads\\\/44145.jpg\",\"contentUrl\":\"https:\\\/\\\/www.meydan.tv\\\/wp-content\\\/uploads\\\/44145.jpg\",\"width\":960,\"height\":812,\"caption\":\"Source:\"},{\"@type\":\"BreadcrumbList\",\"@id\":\"https:\\\/\\\/www.meydan.tv\\\/az\\\/article\\\/ikram-rehimov-acliq-aksiyasina-basladigini-deyib\\\/#breadcrumb\",\"itemListElement\":[{\"@type\":\"ListItem\",\"position\":1,\"name\":\"Ana s\u0259hif\u0259\",\"item\":\"https:\\\/\\\/www.meydan.tv\\\/az\\\/\"},{\"@type\":\"ListItem\",\"position\":2,\"name\":\"Siyas\u0259t\",\"item\":\"https:\\\/\\\/www.meydan.tv\\\/az\\\/section\\\/siyaset\\\/\"},{\"@type\":\"ListItem\",\"position\":3,\"name\":\"\u0130kram R\u0259himov acl\u0131q aksiyas\u0131na ba\u015flad\u0131\u011f\u0131n\u0131 deyib\"}]},{\"@type\":\"WebSite\",\"@id\":\"https:\\\/\\\/www.meydan.tv\\\/az\\\/#website\",\"url\":\"https:\\\/\\\/www.meydan.tv\\\/az\\\/\",\"name\":\"MEYDAN.TV\",\"description\":\"Meydan TV Az\u0259rbaycan\u0131n media m\u0259kan\u0131ndak\u0131 alternativ s\u0259sidir\",\"publisher\":{\"@id\":\"https:\\\/\\\/www.meydan.tv\\\/az\\\/#organization\"},\"potentialAction\":[{\"@type\":\"SearchAction\",\"target\":{\"@type\":\"EntryPoint\",\"urlTemplate\":\"https:\\\/\\\/www.meydan.tv\\\/az\\\/?s={search_term_string}\"},\"query-input\":{\"@type\":\"PropertyValueSpecification\",\"valueRequired\":true,\"valueName\":\"search_term_string\"}}],\"inLanguage\":\"az\"},{\"@type\":\"Organization\",\"@id\":\"https:\\\/\\\/www.meydan.tv\\\/az\\\/#organization\",\"name\":\"Meydan TV\",\"url\":\"https:\\\/\\\/www.meydan.tv\\\/az\\\/\",\"logo\":{\"@type\":\"ImageObject\",\"inLanguage\":\"az\",\"@id\":\"https:\\\/\\\/www.meydan.tv\\\/az\\\/#\\\/schema\\\/logo\\\/image\\\/\",\"url\":\"https:\\\/\\\/www.meydan.tv\\\/wp-content\\\/uploads\\\/2021\\\/07\\\/meydan-logo.svg\",\"contentUrl\":\"https:\\\/\\\/www.meydan.tv\\\/wp-content\\\/uploads\\\/2021\\\/07\\\/meydan-logo.svg\",\"width\":195,\"height\":46,\"caption\":\"Meydan TV\"},\"image\":{\"@id\":\"https:\\\/\\\/www.meydan.tv\\\/az\\\/#\\\/schema\\\/logo\\\/image\\\/\"}},{\"@type\":\"Person\",\"@id\":\"https:\\\/\\\/www.meydan.tv\\\/az\\\/#\\\/schema\\\/person\\\/10d11eccf6da3662cf5fdab9806ea91a\",\"name\":\"user-manager\"}]}<\/script>\n<!-- \/ Yoast SEO plugin. -->","yoast_head_json":{"title":"\u0130kram R\u0259himov acl\u0131q aksiyas\u0131na ba\u015flad\u0131\u011f\u0131n\u0131 deyib - MEYDAN.TV","robots":{"index":"index","follow":"follow","max-snippet":"max-snippet:-1","max-image-preview":"max-image-preview:large","max-video-preview":"max-video-preview:-1"},"canonical":"https:\/\/www.meydan.tv\/az\/article\/ikram-rehimov-acliq-aksiyasina-basladigini-deyib\/","og_locale":"az_AZ","og_type":"article","og_title":"\u0130kram R\u0259himov acl\u0131q aksiyas\u0131na ba\u015flad\u0131\u011f\u0131n\u0131 deyib - MEYDAN.TV","og_description":"Yax\u0131nlar\u0131n\u0131n s\u00f6zl\u0259rin\u0259 g\u00f6r\u0259, \u0130kram R\u0259himov Apelyasiya M\u0259hk\u0259m\u0259sinin q\u0259rar\u0131 il\u0259 raz\u0131la\u015fmay\u0131b v\u0259 tam b\u0259ra\u0259t ist\u0259y\u0259r\u0259k acl\u0131q aksiyas\u0131na ba\u015flad\u0131\u011f\u0131n\u0131 bildirib.","og_url":"https:\/\/www.meydan.tv\/az\/article\/ikram-rehimov-acliq-aksiyasina-basladigini-deyib\/","og_site_name":"MEYDAN.TV","article_published_time":"2019-09-19T16:16:01+00:00","og_image":[{"width":960,"height":812,"url":"https:\/\/www.meydan.tv\/wp-content\/uploads\/44145.jpg","type":"image\/jpeg"}],"author":"user-manager","twitter_card":"summary_large_image","schema":{"@context":"https:\/\/schema.org","@graph":[{"@type":"Article","@id":"https:\/\/www.meydan.tv\/az\/article\/ikram-rehimov-acliq-aksiyasina-basladigini-deyib\/#article","isPartOf":{"@id":"https:\/\/www.meydan.tv\/az\/article\/ikram-rehimov-acliq-aksiyasina-basladigini-deyib\/"},"author":{"name":"user-manager","@id":"https:\/\/www.meydan.tv\/az\/#\/schema\/person\/10d11eccf6da3662cf5fdab9806ea91a"},"headline":"\u0130kram R\u0259himov acl\u0131q aksiyas\u0131na ba\u015flad\u0131\u011f\u0131n\u0131 deyib","datePublished":"2019-09-19T16:16:01+00:00","mainEntityOfPage":{"@id":"https:\/\/www.meydan.tv\/az\/article\/ikram-rehimov-acliq-aksiyasina-basladigini-deyib\/"},"wordCount":268,"publisher":{"@id":"https:\/\/www.meydan.tv\/az\/#organization"},"image":{"@id":"https:\/\/www.meydan.tv\/az\/article\/ikram-rehimov-acliq-aksiyasina-basladigini-deyib\/#primaryimage"},"thumbnailUrl":"https:\/\/www.meydan.tv\/wp-content\/uploads\/44145.jpg","articleSection":["Siyas\u0259t"],"inLanguage":"az"},{"@type":"WebPage","@id":"https:\/\/www.meydan.tv\/az\/article\/ikram-rehimov-acliq-aksiyasina-basladigini-deyib\/","url":"https:\/\/www.meydan.tv\/az\/article\/ikram-rehimov-acliq-aksiyasina-basladigini-deyib\/","name":"\u0130kram R\u0259himov acl\u0131q aksiyas\u0131na ba\u015flad\u0131\u011f\u0131n\u0131 deyib - MEYDAN.TV","isPartOf":{"@id":"https:\/\/www.meydan.tv\/az\/#website"},"primaryImageOfPage":{"@id":"https:\/\/www.meydan.tv\/az\/article\/ikram-rehimov-acliq-aksiyasina-basladigini-deyib\/#primaryimage"},"image":{"@id":"https:\/\/www.meydan.tv\/az\/article\/ikram-rehimov-acliq-aksiyasina-basladigini-deyib\/#primaryimage"},"thumbnailUrl":"https:\/\/www.meydan.tv\/wp-content\/uploads\/44145.jpg","datePublished":"2019-09-19T16:16:01+00:00","breadcrumb":{"@id":"https:\/\/www.meydan.tv\/az\/article\/ikram-rehimov-acliq-aksiyasina-basladigini-deyib\/#breadcrumb"},"inLanguage":"az","potentialAction":[{"@type":"ReadAction","target":["https:\/\/www.meydan.tv\/az\/article\/ikram-rehimov-acliq-aksiyasina-basladigini-deyib\/"]}]},{"@type":"ImageObject","inLanguage":"az","@id":"https:\/\/www.meydan.tv\/az\/article\/ikram-rehimov-acliq-aksiyasina-basladigini-deyib\/#primaryimage","url":"https:\/\/www.meydan.tv\/wp-content\/uploads\/44145.jpg","contentUrl":"https:\/\/www.meydan.tv\/wp-content\/uploads\/44145.jpg","width":960,"height":812,"caption":"Source:"},{"@type":"BreadcrumbList","@id":"https:\/\/www.meydan.tv\/az\/article\/ikram-rehimov-acliq-aksiyasina-basladigini-deyib\/#breadcrumb","itemListElement":[{"@type":"ListItem","position":1,"name":"Ana s\u0259hif\u0259","item":"https:\/\/www.meydan.tv\/az\/"},{"@type":"ListItem","position":2,"name":"Siyas\u0259t","item":"https:\/\/www.meydan.tv\/az\/section\/siyaset\/"},{"@type":"ListItem","position":3,"name":"\u0130kram R\u0259himov acl\u0131q aksiyas\u0131na ba\u015flad\u0131\u011f\u0131n\u0131 deyib"}]},{"@type":"WebSite","@id":"https:\/\/www.meydan.tv\/az\/#website","url":"https:\/\/www.meydan.tv\/az\/","name":"MEYDAN.TV","description":"Meydan TV Az\u0259rbaycan\u0131n media m\u0259kan\u0131ndak\u0131 alternativ s\u0259sidir","publisher":{"@id":"https:\/\/www.meydan.tv\/az\/#organization"},"potentialAction":[{"@type":"SearchAction","target":{"@type":"EntryPoint","urlTemplate":"https:\/\/www.meydan.tv\/az\/?s={search_term_string}"},"query-input":{"@type":"PropertyValueSpecification","valueRequired":true,"valueName":"search_term_string"}}],"inLanguage":"az"},{"@type":"Organization","@id":"https:\/\/www.meydan.tv\/az\/#organization","name":"Meydan TV","url":"https:\/\/www.meydan.tv\/az\/","logo":{"@type":"ImageObject","inLanguage":"az","@id":"https:\/\/www.meydan.tv\/az\/#\/schema\/logo\/image\/","url":"https:\/\/www.meydan.tv\/wp-content\/uploads\/2021\/07\/meydan-logo.svg","contentUrl":"https:\/\/www.meydan.tv\/wp-content\/uploads\/2021\/07\/meydan-logo.svg","width":195,"height":46,"caption":"Meydan TV"},"image":{"@id":"https:\/\/www.meydan.tv\/az\/#\/schema\/logo\/image\/"}},{"@type":"Person","@id":"https:\/\/www.meydan.tv\/az\/#\/schema\/person\/10d11eccf6da3662cf5fdab9806ea91a","name":"user-manager"}]}},"_links":{"self":[{"href":"https:\/\/www.meydan.tv\/az\/wp-json\/wp\/v2\/posts\/197048","targetHints":{"allow":["GET"]}}],"collection":[{"href":"https:\/\/www.meydan.tv\/az\/wp-json\/wp\/v2\/posts"}],"about":[{"href":"https:\/\/www.meydan.tv\/az\/wp-json\/wp\/v2\/types\/post"}],"author":[{"embeddable":true,"href":"https:\/\/www.meydan.tv\/az\/wp-json\/wp\/v2\/users\/11"}],"replies":[{"embeddable":true,"href":"https:\/\/www.meydan.tv\/az\/wp-json\/wp\/v2\/comments?post=197048"}],"version-history":[{"count":0,"href":"https:\/\/www.meydan.tv\/az\/wp-json\/wp\/v2\/posts\/197048\/revisions"}],"wp:featuredmedia":[{"embeddable":true,"href":"https:\/\/www.meydan.tv\/az\/wp-json\/wp\/v2\/media\/110936"}],"wp:attachment":[{"href":"https:\/\/www.meydan.tv\/az\/wp-json\/wp\/v2\/media?parent=197048"}],"wp:term":[{"taxonomy":"category","embeddable":true,"href":"https:\/\/www.meydan.tv\/az\/wp-json\/wp\/v2\/categories?post=197048"},{"taxonomy":"post_tag","embeddable":true,"href":"https:\/\/www.meydan.tv\/az\/wp-json\/wp\/v2\/tags?post=197048"}],"curies":[{"name":"wp","href":"https:\/\/api.w.org\/{rel}","templated":true}]}}