{"id":197046,"date":"2019-09-19T12:44:08","date_gmt":"2019-09-19T12:44:08","guid":{"rendered":"https:\/\/www.meydan.tv\/article\/agsu-sakinlerinin-zibillik-problemi\/"},"modified":"2019-09-19T12:44:08","modified_gmt":"2019-09-19T12:44:08","slug":"agsu-sakinlerinin-zibillik-problemi","status":"publish","type":"post","link":"https:\/\/www.meydan.tv\/az\/article\/agsu-sakinlerinin-zibillik-problemi\/","title":{"rendered":"A\u011fsu sakinl\u0259rinin zibillik problemi"},"content":{"rendered":"<p>\n  <i><br \/>\n    500 ail\u0259lik m\u0259h\u0259ll\u0259 zibil qablar\u0131n\u0131n yoxlu\u011fundan \u0259ziyy\u0259t \u00e7\u0259kir<br \/>\n  <\/i>\n<\/p>\n<p>\n  A\u011fsu \u015f\u0259h\u0259ri, Heyd\u0259r \u018fliyev prospektind\u0259 ya\u015fayan sakinl\u0259r naraz\u0131l\u0131q edir.\n<\/p>\n<p>\n  Onlar Meydan TV-y\u0259 bildiribl\u0259r ki, rayonda yeni sal\u0131nan m\u0259h\u0259ll\u0259d\u0259 m\u0259skunla\u015fm\u0131\u015f be\u015f y\u00fcz ail\u0259 m\u0259i\u015f\u0259t tullant\u0131lar\u0131n\u0131 S\u00f6hb\u0259t Quliyev v\u0259 Cavan\u015fir \u015e\u0259rifov k\u00fc\u00e7\u0259l\u0259rinin k\u0259si\u015fm\u0259sind\u0259ki evl\u0259rin \u00f6n\u00fcnd\u0259 olan h\u0259y\u0259t\u0259 t\u00f6k\u00fcrl\u0259r. N\u0259 A\u011fsu rayon b\u0259l\u0259diyy\u0259si, n\u0259 d\u0259 ki, Kommunal M\u00fc\u0259ssis\u0259l\u0259r Kombinat\u0131 bu m\u0259s\u0259l\u0259y\u0259 \u0259ncam \u00e7\u0259kir.\n<\/p>\n<p>\n  \u201cCavan\u015fir \u015e\u0259rifov k\u00fc\u00e7\u0259sind\u0259 olan m\u0259h\u0259ll\u0259l\u0259r\u0259 zibil qablar\u0131 qoyulsa, bizim can\u0131m\u0131z qurtarar. Yeni m\u0259h\u0259ll\u0259y\u0259 zibil qab\u0131 qoydura bilmirik. Bu probleml\u0259 ba\u011fl\u0131 bir ne\u00e7\u0259 d\u0259f\u0259 \u0130cra Hakimiyy\u0259tind\u0259 olmu\u015fam. \u0130cra m\u0259s\u0259l\u0259ni t\u0259yinat\u0131 \u00fczr\u0259 b\u0259l\u0259diyy\u0259y\u0259 y\u00f6n\u0259ldib. B\u0259l\u0259diyy\u0259 deyir ki, yer tap, biz zibil qablar\u0131 qoyduraq. Kommunal M\u00fc\u0259ssis\u0259l\u0259r Kombinat\u0131n\u0131n r\u0259isi \u018fli Mustafayev deyir ki, yer tap, zibil qab\u0131 qoyduraq. \u018fg\u0259r yeri m\u0259n tapaca\u011famsa, siz niy\u0259 orada oturmusunuz?\n<\/p>\n<p>\n  T\u0259z\u0259 m\u0259h\u0259ll\u0259d\u0259 be\u015f y\u00fcz ail\u0259 ya\u015fay\u0131r. Ham\u0131s\u0131 da gec\u0259yl\u0259 g\u0259tirib, zibill\u0259rini bura at\u0131rlar. M\u0259n anlam\u0131ram, bura qarovul\u00e7u qoymal\u0131y\u0131q? H\u0259l\u0259 tap\u015f\u0131rm\u0131\u015f\u0131q ki, he\u00e7 olmasa, h\u0259ft\u0259nin bir, \u00fc\u00e7, alt\u0131nc\u0131 g\u00fcnl\u0259ri zibil at\u0131n, s\u00f6z\u00fcm\u00fcz\u0259 \u0259m\u0259l ed\u0259n yoxdur. Burada g\u00f6z\u0259t\u00e7i dayanmayaca\u011f\u0131q ki, i\u015f-g\u00fcc adamlar\u0131y\u0131q. Cavan\u015fir \u015e\u0259rifov k\u00fc\u00e7\u0259sin\u0259 zibil qablar\u0131 qoya bilmirl\u0259r, guya m\u0259h\u0259ll\u0259l\u0259r dard\u0131r, zibil ma\u015f\u0131nlar\u0131 girmir. \u018fliy\u0259 deyir\u0259m ki, ma\u015f\u0131nlar a\u015fa\u011f\u0131dan girib, zibill\u0259ri toplas\u0131n, yen\u0259 d\u0259 \u0259h\u0259miyy\u0259t ver\u0259n olmur\u201d, &#8211; M\u00fc\u015ffiq R\u0259himov s\u00f6yl\u0259yir.\n<\/p>\n<figure class=\"wp-block-image size-large\">\n  <img decoding=\"async\" src=\"https:\/\/www.meydan.tv\/az\/image_from_ios-12-jpg-8\/\" alt=\"image_from_ios (12).jpg\" class=\"wp-image-129903\"\/><figcaption>\n    M\u00fc\u015ffiq R\u0259himov<br \/>\n  <\/figcaption><\/figure>\n<p>\n  Firuz\u0259 M\u0259mm\u0259dova bildirir ki, qap\u0131s\u0131n\u0131n a\u011fz\u0131ndan h\u0259r s\u0259h\u0259r zibil toplamaqdan yorulub:\n<\/p>\n<p>\n  \u201cGec\u0259yl\u0259 g\u0259tirib, bura zibil at\u0131rlar. U\u015faqlar\u0131m\u0131z \u00e7\u0131x\u0131r h\u0259y\u0259t\u0259 oynama\u011fa, h\u0259r yer zibilxanad\u0131r. Pis qoxudan, mil\u00e7\u0259yin, a\u011fcaqanad\u0131n \u0259lind\u0259n h\u0259y\u0259td\u0259 otura bilmirik. Ham\u0131 g\u0259tirib, zibilini bizim h\u0259y\u0259tin qar\u015f\u0131s\u0131na t\u00f6k\u00fcr, bel\u0259 olmaz ax\u0131. H\u0259r m\u0259h\u0259ll\u0259y\u0259 zibil qab\u0131 qoysunlar. Burada b\u00f6y\u00fck bir zibilxana tikm\u0259k ist\u0259yirdil\u0259r, m\u0259n qoymad\u0131m, \u00e7\u00fcnki qap\u0131m\u0131n a\u011fz\u0131d\u0131r. Be\u015f y\u00fcz ail\u0259d\u0259n ibar\u0259t m\u0259h\u0259ll\u0259nin zibili bura t\u00f6k\u00fcls\u0259, evin i\u00e7ind\u0259 iyd\u0259n-qoxudan otura bilm\u0259rik. T\u0259k m\u0259n yox, b\u00fct\u00fcn qon\u015fular naraz\u0131d\u0131r. Zibill\u0259ri toplay\u0131ram, od vurub, yand\u0131r\u0131ram, gec\u0259 il\u0259 yen\u0259 g\u0259tirib, zibil at\u0131rlar. Daha n\u0259 q\u0259d\u0259r bel\u0259 ya\u015famaq olar? \u0130tl\u0259r zibilxanaya g\u00f6r\u0259 m\u0259h\u0259ll\u0259y\u0259 dadan\u0131b, onlar\u0131n ucbat\u0131ndan k\u00f6rp\u0259 u\u015faqlar\u0131m\u0131z m\u0259kt\u0259b\u0259 gedib-g\u0259l\u0259 bilmir. Qap\u0131m\u0131n a\u011fz\u0131nda, evimin i\u00e7ind\u0259 zibilxana tikilm\u0259sini ist\u0259mir\u0259m. H\u0259r m\u0259h\u0259ll\u0259y\u0259 zibil qab\u0131 qoyulsa, bel\u0259 v\u0259ziyy\u0259t d\u0259 yaranmaz\u201d.\n<\/p>\n<p>\n  \u201cZibili t\u00f6k\u00fcrl\u0259r, hava k\u00fcl\u0259kli olanda h\u0259y\u0259tl\u0259r\u0259 da\u011f\u0131l\u0131r. Ax\u015famlar biz a\u011fcaqanad \u0259lind\u0259n h\u0259y\u0259t bir yana, he\u00e7 evd\u0259 otura bilmirik. Anti-sanitariyad\u0131r, x\u0259st\u0259likdir. D\u0259f\u0259l\u0259rl\u0259 aidiyyat\u0131 \u00fczr\u0259 yaz\u0131l\u0131 v\u0259 \u015fifahi s\u00fcr\u0259td\u0259 m\u00fcraci\u0259t etmi\u015fik. Amma n\u0259 olsun, baxan yoxdur. U\u015faq itd\u0259n bir qorxar, iki qorxar. Bel\u0259 olmaz, u\u015faqlarda x\u0259st\u0259lik yaranar ax\u0131. Zibilxanaya dadanan k\u00fc\u00e7\u0259 itl\u0259rinin qorxusundan gec\u0259 bu yola \u00e7\u0131xanda, \u0259limiz\u0259 a\u011fac g\u00f6t\u00fcr\u00fcr\u00fck\u201d, &#8211; R\u0259hil\u0259 Musayeva deyir.\n<\/p>\n<figure class=\"wp-block-image size-large\">\n  <img decoding=\"async\" src=\"https:\/\/www.meydan.tv\/az\/image_from_ios-10-jpg-8\/\" alt=\"image_from_ios (10).jpg\" class=\"wp-image-129898\"\/><figcaption>\n    &#8220;Cavan\u015fir \u015e\u0259rifov k\u00fc\u00e7\u0259sind\u0259 olan m\u0259h\u0259ll\u0259l\u0259r\u0259 zibil qablar\u0131 qoyulsa, bizim can\u0131m\u0131z qurtarar&#8221;<br \/>\n  <\/figcaption><\/figure>\n<p>\n  Kommunal M\u00fc\u0259ssis\u0259l\u0259r Kombinat\u0131n\u0131n r\u0259hb\u0259ri \u018fli Mustafayev Meydan TV-y\u0259 bildirib ki, h\u0259min \u0259razid\u0259 m\u0259i\u015f\u0259t tullant\u0131lar\u0131 \u00fc\u00e7\u00fcn yer m\u00fc\u0259yy\u0259n etm\u0259k qurumun s\u0259lahiyy\u0259ti xaricind\u0259dir:\n<\/p>\n<p>\n  \u201cB\u0259l\u0259diyy\u0259 zibil yerl\u0259ri tikm\u0259lidir ki, biz qablar\u0131 qoyaq. B\u0259l\u0259diyy\u0259 insanlara be\u015f sot h\u0259y\u0259tyan\u0131 sah\u0259 verir, 6 metr d\u0259 yol sal\u0131r. Zibil qab\u0131n\u0131 hara qoyuramsa, h\u0259min v\u0259t\u0259nda\u015f deyir ki, m\u0259nim qap\u0131m\u0131n a\u011fz\u0131nda olmaz. Ona g\u00f6r\u0259 d\u0259 m\u0259cbur olmu\u015fam, h\u0259r g\u00fcn s\u0259h\u0259rl\u0259r ma\u015f\u0131nlar\u0131 yollay\u0131ram, h\u0259min m\u0259h\u0259ll\u0259l\u0259ri bir-bir g\u0259zib, zibill\u0259ri toplay\u0131rlar. M\u0259h\u0259ll\u0259l\u0259r yeni sal\u0131n\u0131b, biz\u0259 t\u0259hvil verilm\u0259s\u0259 d\u0259 bel\u0259, biz ma\u015f\u0131nlar\u0131 h\u0259min k\u00fc\u00e7\u0259y\u0259 sal\u0131b, zibill\u0259ri toplay\u0131r\u0131q\u201d.\n<\/p>\n<p>\n  A\u011fsu b\u0259l\u0259diyy\u0259sinin s\u0259dri \u0130lham Nur\u0259hm\u0259dov Meydan TV-y\u0259 \u00f6nc\u0259 bildirib ki, zibil qablar\u0131 \u00fc\u00e7\u00fcn yeri Kommunal M\u00fc\u0259ssis\u0259l\u0259r Kombinat\u0131 ay\u0131rmal\u0131d\u0131r. Kombinat\u0131n yaln\u0131z zibil qablar\u0131n\u0131 qoymaqda m\u0259sul oldu\u011funu xat\u0131rladanda b\u0259l\u0259diyy\u0259 s\u0259dri bildirib ki, h\u0259min \u0259razid\u0259 zibil \u00fc\u00e7\u00fcn art\u0131q yer m\u00fc\u0259yy\u0259n edil\u0259r\u0259k, tikilib. \u018fm\u0259kda\u015f\u0131m\u0131z s\u00f6yl\u0259y\u0259nd\u0259 ki, \u00f6z\u00fc h\u0259min k\u00fc\u00e7\u0259d\u0259 olub, \u015f\u0259kill\u0259r \u00e7\u0259kib, orada he\u00e7 bir zibil qab\u0131 yoxdur, \u0130lham Nur\u0259hm\u0259dov \u201cZibil qablar\u0131n\u0131 qon\u015fular g\u00f6t\u00fcr\u00fcb\u201d,- dey\u0259 \u0259lav\u0259 edib:\n<\/p>\n<p>\n  \u201cBiz orada yer d\u0259 d\u00fcz\u0259ltmi\u015fik, qab da qoymu\u015fuq. Qablar\u0131 qon\u015fular g\u00f6t\u00fcr\u00fcb. \u018frazid\u0259 olub, m\u0259s\u0259l\u0259ni ayd\u0131nla\u015fd\u0131r\u0131b, h\u0259ll ed\u0259c\u0259yik\u201d.\n<\/p>\n<figure class=\"wp-block-image size-large\">\n  <img decoding=\"async\" src=\"https:\/\/www.meydan.tv\/az\/image_from_ios-7-jpg-20\/\" alt=\"image_from_ios (7).jpg\" class=\"wp-image-129886\"\/><figcaption>\n    &#8220;Zibili t\u00f6k\u00fcrl\u0259r, hava k\u00fcl\u0259kli olanda h\u0259y\u0259tl\u0259r\u0259 da\u011f\u0131l\u0131r&#8221;<br \/>\n  <\/figcaption><\/figure>\n<figure class=\"wp-block-image size-large\">\n  <img decoding=\"async\" src=\"https:\/\/www.meydan.tv\/az\/image_from_ios-8-jpg-17\/\" alt=\"image_from_ios (8).jpg\" class=\"wp-image-129889\"\/><figcaption>\n    &#8220;B\u0259l\u0259diyy\u0259 zibil yerl\u0259ri tikm\u0259lidir ki, biz qablar\u0131 qoyaq&#8221;<br \/>\n  <\/figcaption><\/figure>\n<figure class=\"wp-block-image size-large\">\n  <img decoding=\"async\" src=\"https:\/\/www.meydan.tv\/az\/image_from_ios-11-jpg-9\/\" alt=\"image_from_ios (11).jpg\" class=\"wp-image-129895\"\/><figcaption>\n    &#8220;Ax\u015famlar biz a\u011fcaqanad \u0259lind\u0259n h\u0259y\u0259t bir yana, he\u00e7 evd\u0259 otura bilmirik&#8221;<br \/>\n  <\/figcaption><\/figure>\n","protected":false},"excerpt":{"rendered":"<p>Ax\u015famlar biz a\u011fcaqanad \u0259lind\u0259n h\u0259y\u0259t bir yana, he\u00e7 evd\u0259 otura bilmirik<\/p>\n","protected":false},"author":11,"featured_media":129892,"comment_status":"closed","ping_status":"open","sticky":false,"template":"","format":"standard","meta":{"_acf_changed":false,"_sitemap_exclude":false,"_sitemap_priority":"","_sitemap_frequency":"","footnotes":""},"categories":[60],"tags":[],"class_list":["post-197046","post","type-post","status-publish","format-standard","has-post-thumbnail","hentry","category-bolge","infinite-scroll-item","generate-columns","tablet-grid-50","mobile-grid-100","grid-parent","grid-33","no-featured-image-padding"],"acf":[],"yoast_head":"<!-- This site is optimized with the Yoast SEO plugin v27.5 - https:\/\/yoast.com\/product\/yoast-seo-wordpress\/ -->\n<title>A\u011fsu sakinl\u0259rinin zibillik problemi - MEYDAN.TV<\/title>\n<meta name=\"robots\" content=\"index, follow, max-snippet:-1, max-image-preview:large, max-video-preview:-1\" \/>\n<link rel=\"canonical\" href=\"https:\/\/www.meydan.tv\/az\/article\/agsu-sakinlerinin-zibillik-problemi\/\" \/>\n<meta property=\"og:locale\" content=\"az_AZ\" \/>\n<meta property=\"og:type\" content=\"article\" \/>\n<meta property=\"og:title\" content=\"A\u011fsu sakinl\u0259rinin zibillik problemi - MEYDAN.TV\" \/>\n<meta property=\"og:description\" content=\"Ax\u015famlar biz a\u011fcaqanad \u0259lind\u0259n h\u0259y\u0259t bir yana, he\u00e7 evd\u0259 otura bilmirik\" \/>\n<meta property=\"og:url\" content=\"https:\/\/www.meydan.tv\/az\/article\/agsu-sakinlerinin-zibillik-problemi\/\" \/>\n<meta property=\"og:site_name\" content=\"MEYDAN.TV\" \/>\n<meta property=\"article:published_time\" content=\"2019-09-19T12:44:08+00:00\" \/>\n<meta property=\"og:image\" content=\"https:\/\/www.meydan.tv\/wp-content\/uploads\/image_from_ios_9_bwooz0u.jpg\" \/>\n\t<meta property=\"og:image:width\" content=\"960\" \/>\n\t<meta property=\"og:image:height\" content=\"720\" \/>\n\t<meta property=\"og:image:type\" content=\"image\/jpeg\" \/>\n<meta name=\"author\" content=\"user-manager\" \/>\n<meta name=\"twitter:card\" content=\"summary_large_image\" \/>\n<script type=\"application\/ld+json\" class=\"yoast-schema-graph\">{\"@context\":\"https:\\\/\\\/schema.org\",\"@graph\":[{\"@type\":\"Article\",\"@id\":\"https:\\\/\\\/www.meydan.tv\\\/az\\\/article\\\/agsu-sakinlerinin-zibillik-problemi\\\/#article\",\"isPartOf\":{\"@id\":\"https:\\\/\\\/www.meydan.tv\\\/az\\\/article\\\/agsu-sakinlerinin-zibillik-problemi\\\/\"},\"author\":{\"name\":\"user-manager\",\"@id\":\"https:\\\/\\\/www.meydan.tv\\\/az\\\/#\\\/schema\\\/person\\\/10d11eccf6da3662cf5fdab9806ea91a\"},\"headline\":\"A\u011fsu sakinl\u0259rinin zibillik problemi\",\"datePublished\":\"2019-09-19T12:44:08+00:00\",\"mainEntityOfPage\":{\"@id\":\"https:\\\/\\\/www.meydan.tv\\\/az\\\/article\\\/agsu-sakinlerinin-zibillik-problemi\\\/\"},\"wordCount\":1034,\"publisher\":{\"@id\":\"https:\\\/\\\/www.meydan.tv\\\/az\\\/#organization\"},\"image\":{\"@id\":\"https:\\\/\\\/www.meydan.tv\\\/az\\\/article\\\/agsu-sakinlerinin-zibillik-problemi\\\/#primaryimage\"},\"thumbnailUrl\":\"https:\\\/\\\/www.meydan.tv\\\/wp-content\\\/uploads\\\/image_from_ios_9_bwooz0u.jpg\",\"articleSection\":[\"B\u00f6lg\u0259\"],\"inLanguage\":\"az\"},{\"@type\":\"WebPage\",\"@id\":\"https:\\\/\\\/www.meydan.tv\\\/az\\\/article\\\/agsu-sakinlerinin-zibillik-problemi\\\/\",\"url\":\"https:\\\/\\\/www.meydan.tv\\\/az\\\/article\\\/agsu-sakinlerinin-zibillik-problemi\\\/\",\"name\":\"A\u011fsu sakinl\u0259rinin zibillik problemi - MEYDAN.TV\",\"isPartOf\":{\"@id\":\"https:\\\/\\\/www.meydan.tv\\\/az\\\/#website\"},\"primaryImageOfPage\":{\"@id\":\"https:\\\/\\\/www.meydan.tv\\\/az\\\/article\\\/agsu-sakinlerinin-zibillik-problemi\\\/#primaryimage\"},\"image\":{\"@id\":\"https:\\\/\\\/www.meydan.tv\\\/az\\\/article\\\/agsu-sakinlerinin-zibillik-problemi\\\/#primaryimage\"},\"thumbnailUrl\":\"https:\\\/\\\/www.meydan.tv\\\/wp-content\\\/uploads\\\/image_from_ios_9_bwooz0u.jpg\",\"datePublished\":\"2019-09-19T12:44:08+00:00\",\"breadcrumb\":{\"@id\":\"https:\\\/\\\/www.meydan.tv\\\/az\\\/article\\\/agsu-sakinlerinin-zibillik-problemi\\\/#breadcrumb\"},\"inLanguage\":\"az\",\"potentialAction\":[{\"@type\":\"ReadAction\",\"target\":[\"https:\\\/\\\/www.meydan.tv\\\/az\\\/article\\\/agsu-sakinlerinin-zibillik-problemi\\\/\"]}]},{\"@type\":\"ImageObject\",\"inLanguage\":\"az\",\"@id\":\"https:\\\/\\\/www.meydan.tv\\\/az\\\/article\\\/agsu-sakinlerinin-zibillik-problemi\\\/#primaryimage\",\"url\":\"https:\\\/\\\/www.meydan.tv\\\/wp-content\\\/uploads\\\/image_from_ios_9_bwooz0u.jpg\",\"contentUrl\":\"https:\\\/\\\/www.meydan.tv\\\/wp-content\\\/uploads\\\/image_from_ios_9_bwooz0u.jpg\",\"width\":960,\"height\":720,\"caption\":\"Source: Specify Source\"},{\"@type\":\"BreadcrumbList\",\"@id\":\"https:\\\/\\\/www.meydan.tv\\\/az\\\/article\\\/agsu-sakinlerinin-zibillik-problemi\\\/#breadcrumb\",\"itemListElement\":[{\"@type\":\"ListItem\",\"position\":1,\"name\":\"Ana s\u0259hif\u0259\",\"item\":\"https:\\\/\\\/www.meydan.tv\\\/az\\\/\"},{\"@type\":\"ListItem\",\"position\":2,\"name\":\"B\u00f6lg\u0259\",\"item\":\"https:\\\/\\\/www.meydan.tv\\\/az\\\/section\\\/bolge\\\/\"},{\"@type\":\"ListItem\",\"position\":3,\"name\":\"A\u011fsu sakinl\u0259rinin zibillik problemi\"}]},{\"@type\":\"WebSite\",\"@id\":\"https:\\\/\\\/www.meydan.tv\\\/az\\\/#website\",\"url\":\"https:\\\/\\\/www.meydan.tv\\\/az\\\/\",\"name\":\"MEYDAN.TV\",\"description\":\"Meydan TV Az\u0259rbaycan\u0131n media m\u0259kan\u0131ndak\u0131 alternativ s\u0259sidir\",\"publisher\":{\"@id\":\"https:\\\/\\\/www.meydan.tv\\\/az\\\/#organization\"},\"potentialAction\":[{\"@type\":\"SearchAction\",\"target\":{\"@type\":\"EntryPoint\",\"urlTemplate\":\"https:\\\/\\\/www.meydan.tv\\\/az\\\/?s={search_term_string}\"},\"query-input\":{\"@type\":\"PropertyValueSpecification\",\"valueRequired\":true,\"valueName\":\"search_term_string\"}}],\"inLanguage\":\"az\"},{\"@type\":\"Organization\",\"@id\":\"https:\\\/\\\/www.meydan.tv\\\/az\\\/#organization\",\"name\":\"Meydan TV\",\"url\":\"https:\\\/\\\/www.meydan.tv\\\/az\\\/\",\"logo\":{\"@type\":\"ImageObject\",\"inLanguage\":\"az\",\"@id\":\"https:\\\/\\\/www.meydan.tv\\\/az\\\/#\\\/schema\\\/logo\\\/image\\\/\",\"url\":\"https:\\\/\\\/www.meydan.tv\\\/wp-content\\\/uploads\\\/2021\\\/07\\\/meydan-logo.svg\",\"contentUrl\":\"https:\\\/\\\/www.meydan.tv\\\/wp-content\\\/uploads\\\/2021\\\/07\\\/meydan-logo.svg\",\"width\":195,\"height\":46,\"caption\":\"Meydan TV\"},\"image\":{\"@id\":\"https:\\\/\\\/www.meydan.tv\\\/az\\\/#\\\/schema\\\/logo\\\/image\\\/\"}},{\"@type\":\"Person\",\"@id\":\"https:\\\/\\\/www.meydan.tv\\\/az\\\/#\\\/schema\\\/person\\\/10d11eccf6da3662cf5fdab9806ea91a\",\"name\":\"user-manager\"}]}<\/script>\n<!-- \/ Yoast SEO plugin. -->","yoast_head_json":{"title":"A\u011fsu sakinl\u0259rinin zibillik problemi - MEYDAN.TV","robots":{"index":"index","follow":"follow","max-snippet":"max-snippet:-1","max-image-preview":"max-image-preview:large","max-video-preview":"max-video-preview:-1"},"canonical":"https:\/\/www.meydan.tv\/az\/article\/agsu-sakinlerinin-zibillik-problemi\/","og_locale":"az_AZ","og_type":"article","og_title":"A\u011fsu sakinl\u0259rinin zibillik problemi - MEYDAN.TV","og_description":"Ax\u015famlar biz a\u011fcaqanad \u0259lind\u0259n h\u0259y\u0259t bir yana, he\u00e7 evd\u0259 otura bilmirik","og_url":"https:\/\/www.meydan.tv\/az\/article\/agsu-sakinlerinin-zibillik-problemi\/","og_site_name":"MEYDAN.TV","article_published_time":"2019-09-19T12:44:08+00:00","og_image":[{"width":960,"height":720,"url":"https:\/\/www.meydan.tv\/wp-content\/uploads\/image_from_ios_9_bwooz0u.jpg","type":"image\/jpeg"}],"author":"user-manager","twitter_card":"summary_large_image","schema":{"@context":"https:\/\/schema.org","@graph":[{"@type":"Article","@id":"https:\/\/www.meydan.tv\/az\/article\/agsu-sakinlerinin-zibillik-problemi\/#article","isPartOf":{"@id":"https:\/\/www.meydan.tv\/az\/article\/agsu-sakinlerinin-zibillik-problemi\/"},"author":{"name":"user-manager","@id":"https:\/\/www.meydan.tv\/az\/#\/schema\/person\/10d11eccf6da3662cf5fdab9806ea91a"},"headline":"A\u011fsu sakinl\u0259rinin zibillik problemi","datePublished":"2019-09-19T12:44:08+00:00","mainEntityOfPage":{"@id":"https:\/\/www.meydan.tv\/az\/article\/agsu-sakinlerinin-zibillik-problemi\/"},"wordCount":1034,"publisher":{"@id":"https:\/\/www.meydan.tv\/az\/#organization"},"image":{"@id":"https:\/\/www.meydan.tv\/az\/article\/agsu-sakinlerinin-zibillik-problemi\/#primaryimage"},"thumbnailUrl":"https:\/\/www.meydan.tv\/wp-content\/uploads\/image_from_ios_9_bwooz0u.jpg","articleSection":["B\u00f6lg\u0259"],"inLanguage":"az"},{"@type":"WebPage","@id":"https:\/\/www.meydan.tv\/az\/article\/agsu-sakinlerinin-zibillik-problemi\/","url":"https:\/\/www.meydan.tv\/az\/article\/agsu-sakinlerinin-zibillik-problemi\/","name":"A\u011fsu sakinl\u0259rinin zibillik problemi - MEYDAN.TV","isPartOf":{"@id":"https:\/\/www.meydan.tv\/az\/#website"},"primaryImageOfPage":{"@id":"https:\/\/www.meydan.tv\/az\/article\/agsu-sakinlerinin-zibillik-problemi\/#primaryimage"},"image":{"@id":"https:\/\/www.meydan.tv\/az\/article\/agsu-sakinlerinin-zibillik-problemi\/#primaryimage"},"thumbnailUrl":"https:\/\/www.meydan.tv\/wp-content\/uploads\/image_from_ios_9_bwooz0u.jpg","datePublished":"2019-09-19T12:44:08+00:00","breadcrumb":{"@id":"https:\/\/www.meydan.tv\/az\/article\/agsu-sakinlerinin-zibillik-problemi\/#breadcrumb"},"inLanguage":"az","potentialAction":[{"@type":"ReadAction","target":["https:\/\/www.meydan.tv\/az\/article\/agsu-sakinlerinin-zibillik-problemi\/"]}]},{"@type":"ImageObject","inLanguage":"az","@id":"https:\/\/www.meydan.tv\/az\/article\/agsu-sakinlerinin-zibillik-problemi\/#primaryimage","url":"https:\/\/www.meydan.tv\/wp-content\/uploads\/image_from_ios_9_bwooz0u.jpg","contentUrl":"https:\/\/www.meydan.tv\/wp-content\/uploads\/image_from_ios_9_bwooz0u.jpg","width":960,"height":720,"caption":"Source: Specify Source"},{"@type":"BreadcrumbList","@id":"https:\/\/www.meydan.tv\/az\/article\/agsu-sakinlerinin-zibillik-problemi\/#breadcrumb","itemListElement":[{"@type":"ListItem","position":1,"name":"Ana s\u0259hif\u0259","item":"https:\/\/www.meydan.tv\/az\/"},{"@type":"ListItem","position":2,"name":"B\u00f6lg\u0259","item":"https:\/\/www.meydan.tv\/az\/section\/bolge\/"},{"@type":"ListItem","position":3,"name":"A\u011fsu sakinl\u0259rinin zibillik problemi"}]},{"@type":"WebSite","@id":"https:\/\/www.meydan.tv\/az\/#website","url":"https:\/\/www.meydan.tv\/az\/","name":"MEYDAN.TV","description":"Meydan TV Az\u0259rbaycan\u0131n media m\u0259kan\u0131ndak\u0131 alternativ s\u0259sidir","publisher":{"@id":"https:\/\/www.meydan.tv\/az\/#organization"},"potentialAction":[{"@type":"SearchAction","target":{"@type":"EntryPoint","urlTemplate":"https:\/\/www.meydan.tv\/az\/?s={search_term_string}"},"query-input":{"@type":"PropertyValueSpecification","valueRequired":true,"valueName":"search_term_string"}}],"inLanguage":"az"},{"@type":"Organization","@id":"https:\/\/www.meydan.tv\/az\/#organization","name":"Meydan TV","url":"https:\/\/www.meydan.tv\/az\/","logo":{"@type":"ImageObject","inLanguage":"az","@id":"https:\/\/www.meydan.tv\/az\/#\/schema\/logo\/image\/","url":"https:\/\/www.meydan.tv\/wp-content\/uploads\/2021\/07\/meydan-logo.svg","contentUrl":"https:\/\/www.meydan.tv\/wp-content\/uploads\/2021\/07\/meydan-logo.svg","width":195,"height":46,"caption":"Meydan TV"},"image":{"@id":"https:\/\/www.meydan.tv\/az\/#\/schema\/logo\/image\/"}},{"@type":"Person","@id":"https:\/\/www.meydan.tv\/az\/#\/schema\/person\/10d11eccf6da3662cf5fdab9806ea91a","name":"user-manager"}]}},"_links":{"self":[{"href":"https:\/\/www.meydan.tv\/az\/wp-json\/wp\/v2\/posts\/197046","targetHints":{"allow":["GET"]}}],"collection":[{"href":"https:\/\/www.meydan.tv\/az\/wp-json\/wp\/v2\/posts"}],"about":[{"href":"https:\/\/www.meydan.tv\/az\/wp-json\/wp\/v2\/types\/post"}],"author":[{"embeddable":true,"href":"https:\/\/www.meydan.tv\/az\/wp-json\/wp\/v2\/users\/11"}],"replies":[{"embeddable":true,"href":"https:\/\/www.meydan.tv\/az\/wp-json\/wp\/v2\/comments?post=197046"}],"version-history":[{"count":0,"href":"https:\/\/www.meydan.tv\/az\/wp-json\/wp\/v2\/posts\/197046\/revisions"}],"wp:featuredmedia":[{"embeddable":true,"href":"https:\/\/www.meydan.tv\/az\/wp-json\/wp\/v2\/media\/129892"}],"wp:attachment":[{"href":"https:\/\/www.meydan.tv\/az\/wp-json\/wp\/v2\/media?parent=197046"}],"wp:term":[{"taxonomy":"category","embeddable":true,"href":"https:\/\/www.meydan.tv\/az\/wp-json\/wp\/v2\/categories?post=197046"},{"taxonomy":"post_tag","embeddable":true,"href":"https:\/\/www.meydan.tv\/az\/wp-json\/wp\/v2\/tags?post=197046"}],"curies":[{"name":"wp","href":"https:\/\/api.w.org\/{rel}","templated":true}]}}