{"id":197038,"date":"2019-09-19T11:42:02","date_gmt":"2019-09-19T11:42:02","guid":{"rendered":"https:\/\/www.meydan.tv\/article\/meiset-dissidenti\/"},"modified":"2019-09-19T11:42:02","modified_gmt":"2019-09-19T11:42:02","slug":"meiset-dissidenti","status":"publish","type":"post","link":"https:\/\/www.meydan.tv\/az\/article\/meiset-dissidenti\/","title":{"rendered":"M\u0259i\u015f\u0259t dissidenti"},"content":{"rendered":"<p>\n  Ba\u015fqa \u00f6lk\u0259d\u0259 bilmir\u0259m, bu \u00f6lk\u0259d\u0259 m\u0259i\u015f\u0259t dissidenti olmaq siyasi dissident olmaqdan \u00e7\u0259tindir. M\u0259i\u015f\u0259t q\u0259tll\u0259ri siyasi q\u0259tll\u0259rd\u0259n qat-qat \u00e7oxdur. Ev\u0259 h\u0259bs edil\u0259nl\u0259r siyasi m\u0259hbuslardan qat-qat \u00e7oxdur.\n<\/p>\n<p>\n  Siyasi dissident oldu\u011funa g\u00f6r\u0259 ictimai q\u0131na\u011fa m\u0259ruz qalmaq yaln\u0131z o s\u0259viyy\u0259d\u0259dir ki, &quot;ay\u0259, gedif prakuror i\u015fl\u0259yib, qaz vurub, qazan dolduras\u0131 adamsan, durmusan, bel\u0259-bel\u0259 i\u015fl\u0259rl\u0259 m\u0259\u015f\u011fulsan&quot;. Amma m\u0259i\u015f\u0259t dissidentin\u0259 t\u0259tbiq olunan ictimai q\u0131naq adi iqnordan tutmu\u015f \u0259xlaqs\u0131z \u00e7\u0131xartma\u011fa q\u0259d\u0259r gedir.\n<\/p>\n<p>\n  El\u0259 bilirsiniz, t\u0259bli\u011f etdiyini ya\u015famaq asand\u0131r? T\u0259bli\u011f etm\u0259y\u0259 n\u0259 var ki?! Uzaqba\u015f\u0131 dey\u0259c\u0259kl\u0259r, &quot;\u0259\u015fi, i\u015fin-g\u00fcc\u00fcn qurtar\u0131b ee&quot;. M\u0259s\u0259l\u0259 real t\u0259tbiq\u0259 g\u0259l\u0259nd\u0259&#8230; yooox, burada Az\u0259rbaycan xalq\u0131, sistemi sizi ba\u011f\u0131\u015flamaz, \u00f6zba\u015f\u0131na buraxmaz, sizi m\u0259hv ed\u0259r, yerl\u0259 bir ed\u0259n\u0259 kimi \u0259l \u00e7\u0259km\u0259z.\n<\/p>\n<p>\n  &quot;Qad\u0131nla ki\u015fi i\u015fl\u0259ri b\u00f6l\u00fc\u015fd\u00fcrm\u0259lidir&quot; dey\u0259 bil\u0259rsiniz. B\u0259s siz ki\u015fi olaraq harasa qonaq ged\u0259nd\u0259, ki\u015fil\u0259rl\u0259 oturub, vurandan sonra, s\u00fcfr\u0259 y\u0131\u011f\u0131\u015fd\u0131r\u0131lmas\u0131nda evin xan\u0131m\u0131na k\u00f6m\u0259k ed\u0259 bil\u0259rsiniz? Qiyam\u0259t d\u00fc\u015f\u0259r. Ham\u0131 qalxar aya\u011fa, \u201cqoymay\u0131n, filank\u0259s \u00f6z (! &#8211; ba\u015fqas\u0131n\u0131n yox h\u0259l\u0259) bo\u015fqab\u0131n\u0131 g\u00f6t\u00fcr\u00fcb\u201d. Bo\u015fqab\u0131 \u0259lind\u0259n dartan kim; \u00f6z bo\u015fqab\u0131n\u0131 g\u00f6t\u00fcr\u00fcb, s\u0259n\u0259 qo\u015fularaq, bu &quot;r\u00fcsvay\u00e7\u0131&quot; \u0259m\u0259li \u00f6rt-basd\u0131r etm\u0259y\u0259 \u00e7al\u0131\u015fan kim; evin xan\u0131m\u0131n\u0131n \u00fcst\u00fcn\u0259 q\u0131\u015fq\u0131r\u0131b, onu t\u0259qsirkar \u00e7\u0131xaran kim; &quot;boooy, aaz, biab\u0131r olduq&quot; deyib, altdan-altdan g\u00fcl\u0259r\u0259k, \u00f6z bo\u015fqab\u0131n\u0131 g\u00f6t\u00fcr\u0259nin arvad\u0131na &quot;s\u0259nin \u0259rin naki\u015fidir&quot; bax\u0131\u015flar\u0131 il\u0259 s\u00f6z soxan kim&#8230;\n<\/p>\n<p>\n  Siz arvad\u0131n\u0131 d\u00f6y\u0259n adamlar\u0131 \u201cFacebook\u201d-da s\u00f6y\u0259 bil\u0259rsiniz. Amma o adam sizin do\u011fman\u0131zd\u0131rsa, onunla \u00f6p\u00fc\u015f\u00fcb-g\u00f6r\u00fc\u015fm\u0259kd\u0259n imtina ed\u0259 bil\u0259rsinizmi? N\u0259sil s\u0259ni sil\u0259r, n\u0259sil kitab\u0131ndan sil\u0259r, sosial m\u00fcdafi\u0259nin d\u0259, normal biznes (ayaqda qalma) m\u00fchitinin d\u0259 olmad\u0131\u011f\u0131 \u00f6lk\u0259d\u0259 d\u00fczd\u0259 qalarsan.\n<\/p>\n<p>\n  Siyasi dissidentlikl\u0259 m\u0259i\u015f\u0259t dissidentliyini miks ed\u0259k: tutaq ki, kimins\u0259 i\u015fg\u0259nc\u0259 ver\u0259n, yaxud r\u00fc\u015fv\u0259t alan m\u0259mur oldu\u011funu bilirsiniz. O, m\u0259clis\u0259 g\u0259l\u0259nd\u0259 durub, m\u0259clisi t\u0259rk etmisinizmi? Yoxsa b\u00fct\u00fcn qohumlar\u0131n\u0131z, m\u0259clisd\u0259 birlikd\u0259 oturduqlar\u0131n\u0131z ham\u0131s\u0131 imam \u00f6vladlar\u0131 olublar?\n<\/p>\n<p>\n  S\u00f6hb\u0259t t\u0259k m\u0259clisd\u0259n getmir. He\u00e7mi k\u00fc\u00e7\u0259d\u0259 dil\u0259ndiril\u0259n u\u015faq g\u00f6rm\u0259misiniz? He\u00e7mi qon\u015funuzun arvad\u0131n\u0131 d\u00f6yd\u00fcy\u00fc bar\u0259d\u0259 e\u015fitm\u0259misiniz? Bunu oxuyan ne\u00e7\u0259 n\u0259f\u0259r bunlara etiraz edib? T\u0259liml\u0259r\u0259 gedib, &quot;U\u015faq h\u00fcquqlar\u0131n\u0131n qorunmas\u0131n\u0131n yolu \u00f6lk\u0259mizd\u0259 sivil q\u0259rb qanunvericilikl\u0259rinin m\u00fct\u0259r\u0259qqi m\u00fcdd\u0259alar\u0131n\u0131n milli s\u0259viyy\u0259d\u0259 i\u015fl\u0259nm\u0259sind\u0259n, polisl\u0259r\u0259 t\u0259lim ke\u00e7ilm\u0259sind\u0259n, u\u015faqlara qar\u015f\u0131 zorak\u0131l\u0131q t\u0259tbiq ed\u0259n valideynl\u0259rin valideynlik h\u00fcququndan m\u0259hrum edilm\u0259sind\u0259n ke\u00e7ir; bu m\u0259qs\u0259dl\u0259r namin\u0259 birl\u0259\u015fm\u0259li, vicdanl\u0131 \u015f\u0259xsl\u0259rin u\u015faqlara k\u00f6n\u00fcll\u00fc m\u00fcdafi\u0259-d\u0259st\u0259k d\u0259st\u0259l\u0259rini yaratmal\u0131y\u0131q&#8230;&quot; m\u0259zmununda \u00e7\u0131x\u0131\u015f etm\u0259k asand\u0131r. Amma sabah Neft\u00e7il\u0259r metrostansiyas\u0131nda qara\u00e7\u0131 u\u015fa\u011f\u0131n ba\u015f\u0131na qapaz vurula-vurula dil\u0259ndirildiyini g\u00f6r\u0259nd\u0259 Hitler\u0259 r\u0259hm\u0259t oxutduran &quot;qara\u00e7\u0131d\u0131r da, ad\u0259t-\u0259n\u0259n\u0259l\u0259ridir&quot; fikri beynind\u0259n ke\u00e7irs\u0259, dem\u0259li, s\u0259nin o t\u0259liml\u0259rd\u0259n sosial \u015f\u0259b\u0259k\u0259l\u0259rd\u0259 payla\u015fd\u0131\u011f\u0131n fotolar s\u0259nin yalan\u00e7\u0131 ictimai kimliyini m\u00fc\u0259yy\u0259n etm\u0259kd\u0259n ba\u015fqa bir yaral\u0131 barma\u011fa revanol olmur.\n<\/p>\n<p>\n  2006-07-ci ill\u0259rd\u0259 Alma q\u0259zetind\u0259, Alatoran jurnal\u0131nda milli mentalitetimizi la\u011fa qoyan, inkar ed\u0259n yaz\u0131larla maarifl\u0259nirdim. Orada la\u011fa qoyulan ifad\u0259l\u0259rd\u0259n biri d\u0259 \u201cX\u0259yan\u0259ti ba\u011f\u0131\u015flam\u0131ram\u201d ifad\u0259si idi. Tan\u0131\u015fl\u0131q saytlar\u0131nda, yaxud sad\u0259c\u0259 \u00f6z\u00fcn\u00fc t\u0259qdim ed\u0259rk\u0259n, \u201cX\u0259yan\u0259ti ba\u011f\u0131\u015flam\u0131ram\u201d dey\u0259n adamlar h\u0259d\u0259f se\u00e7ilirdi. M\u0259n\u0259 el\u0259 o vaxtdan maraql\u0131 g\u0259l\u0259n sual var, h\u0259l\u0259 d\u0259 cavab tapmam\u0131\u015fam. \u201cX\u0259yan\u0259ti ba\u011f\u0131\u015flam\u0131ram\u201d ifad\u0259sini la\u011fa qoyan adamlar, x\u0259yan\u0259tin onsuz da ba\u011f\u0131\u015flanmaz oldu\u011funu, bunu dem\u0259yin art\u0131q oldu\u011funu vur\u011fulay\u0131rd\u0131lar, yoxsa x\u0259yan\u0259ti ba\u011f\u0131\u015flaya bilm\u0259m\u0259yin \u00e7u\u015fkal\u0131q oldu\u011funu deyir, \u00f6zl\u0259rinin x\u0259yan\u0259ti ba\u011f\u0131\u015flaya bil\u0259c\u0259k q\u0259d\u0259r geni\u015f \u00fcr\u0259kli, ali, ari olduqlar\u0131n\u0131 deyirdil\u0259r? O adamlar x\u0259yan\u0259ti ba\u011f\u0131\u015flayarlarm\u0131? T\u0259bli\u011f etdikl\u0259rini \u015f\u0259xsi h\u0259yatlar\u0131nda t\u0259tbiq ed\u0259 bil\u0259rl\u0259rmi?\n<\/p>\n<p>\n  Sosial \u015f\u0259b\u0259k\u0259l\u0259rin faydal\u0131 v\u0259 ziyanl\u0131 xeyli t\u0259r\u0259fl\u0259ri var. Ziyanl\u0131 t\u0259r\u0259fl\u0259rd\u0259n biri d\u0259 budur ki, adamlar\u0131n \u0259slind\u0259 olmayan ikinci, \u00fc\u00e7\u00fcnc\u00fc\u2026 b\u0259z\u0259n y\u00fcz\u00fcnc\u00fc \u015f\u0259xsiyy\u0259tl\u0259ri, simalar\u0131 formala\u015f\u0131b, dig\u0259r simalar\u0131ndan m\u00fcst\u0259qil olaraq, virtual \u015f\u0259kild\u0259 ya\u015fay\u0131r. Adamlar real h\u0259yatlar\u0131 il\u0259 180 d\u0259r\u0259c\u0259 \u0259ks olan \u015feyl\u0259ri rahat-rahat t\u0259bli\u011f ed\u0259 bilirl\u0259r. Empatid\u0259n Andromeda q\u0259d\u0259r uzaqda dayan\u0131rlar. Ba\u015fqalar\u0131na x\u0131rdal\u0131qlar\u0131na q\u0259d\u0259r t\u0259svir edilmi\u015f bir h\u0259yat t\u0259rzi m\u0259sl\u0259h\u0259t g\u00f6r\u00fcr, \u00f6zl\u0259rin\u0259 is\u0259 bunu q\u0259tiyy\u0259n r\u0259va g\u00f6rm\u00fcrl\u0259r.\n<\/p>\n<p>\n  Dissident olmaq \u00e7\u0259tindir. Az\u0259rbaycanda m\u0259i\u015f\u0259t dissidenti olmaq is\u0259 publik imicinin intihar\u0131, qohumlar\u0131n v\u0259 yax\u0131nlar\u0131n\u0131n xeylisinin itirilm\u0259si dem\u0259kdir. H\u0259tta s\u0259n t\u0259bli\u011f etdiyin d\u0259y\u0259rl\u0259ri ya\u015famaq q\u0259rar\u0131na g\u0259ls\u0259n, g\u00f6r\u0259c\u0259ks\u0259n ki, s\u0259ninl\u0259 birlikd\u0259 o d\u0259y\u0259rl\u0259ri \u201ccani-dild\u0259n\u201d t\u0259bli\u011f etmi\u015f onlarla dostun s\u0259ni t\u0259hqir edir, bar\u0259nd\u0259 \u015f\u0259r-b\u00f6htan s\u0259sl\u0259ndirir, s\u0259n\u0259 ziyan vurma\u011fa \u00e7al\u0131\u015f\u0131r, \u00fcr\u0259kd\u0259n nifr\u0259t edirl\u0259r s\u0259n\u0259. \u00c7\u00fcnki onlar t\u0259bli\u011f etdikl\u0259rini ya\u015faya bilmirl\u0259r.\n<\/p>\n<p>\n  \u201cHer\u201d (\u201cO\u201d (qad\u0131n cinsind\u0259)) filmin\u0259 bax\u0131n. Orada s\u00fcni intellekt minl\u0259rl\u0259 insanla eyni zamanda e\u015fq m\u00fcnasib\u0259ti saxlay\u0131r, utanmadan, \u00e7\u0259kinm\u0259d\u0259n, s\u0131x\u0131lmadan. Biz t\u0259bii intellektik, bizim bir e\u015fqimiz, bir d\u0259y\u0259rimiz olur. Olmal\u0131d\u0131r yox, olur. Bir \u015feyi t\u0259bli\u011f edib, ba\u015fqa \u015feyi ya\u015fayanlar\u0131n da bir e\u015fqi, bir d\u0259y\u0259ri var \u2013 m\u0259hz ya\u015fad\u0131qlar\u0131d\u0131r, k\u00f6n\u00fcll\u00fc se\u00e7iml\u0259ri, imtinalar\u0131d\u0131r. Qalanlar\u0131 yaland\u0131r.<\/p>\n","protected":false},"excerpt":{"rendered":"<p>El\u0259 bilirsiniz, t\u0259bli\u011f etdiyini ya\u015famaq asand\u0131r?<\/p>\n","protected":false},"author":11,"featured_media":119093,"comment_status":"closed","ping_status":"open","sticky":false,"template":"","format":"standard","meta":{"_acf_changed":false,"_sitemap_exclude":false,"_sitemap_priority":"","_sitemap_frequency":"","footnotes":""},"categories":[57],"tags":[],"class_list":["post-197038","post","type-post","status-publish","format-standard","has-post-thumbnail","hentry","category-menim-fikrimce","infinite-scroll-item","generate-columns","tablet-grid-50","mobile-grid-100","grid-parent","grid-33","no-featured-image-padding"],"acf":[],"yoast_head":"<!-- This site is optimized with the Yoast SEO plugin v27.4 - https:\/\/yoast.com\/product\/yoast-seo-wordpress\/ -->\n<title>M\u0259i\u015f\u0259t dissidenti - MEYDAN.TV<\/title>\n<meta name=\"robots\" content=\"index, follow, max-snippet:-1, max-image-preview:large, max-video-preview:-1\" \/>\n<link rel=\"canonical\" href=\"https:\/\/www.meydan.tv\/az\/article\/meiset-dissidenti\/\" \/>\n<meta property=\"og:locale\" content=\"az_AZ\" \/>\n<meta property=\"og:type\" content=\"article\" \/>\n<meta property=\"og:title\" content=\"M\u0259i\u015f\u0259t dissidenti - MEYDAN.TV\" \/>\n<meta property=\"og:description\" content=\"El\u0259 bilirsiniz, t\u0259bli\u011f etdiyini ya\u015famaq asand\u0131r?\" \/>\n<meta property=\"og:url\" content=\"https:\/\/www.meydan.tv\/az\/article\/meiset-dissidenti\/\" \/>\n<meta property=\"og:site_name\" content=\"MEYDAN.TV\" \/>\n<meta property=\"article:published_time\" content=\"2019-09-19T11:42:02+00:00\" \/>\n<meta property=\"og:image\" content=\"https:\/\/www.meydan.tv\/wp-content\/uploads\/image_from_ios_4-scaled.jpg\" \/>\n\t<meta property=\"og:image:width\" content=\"2560\" \/>\n\t<meta property=\"og:image:height\" content=\"1440\" \/>\n\t<meta property=\"og:image:type\" content=\"image\/jpeg\" \/>\n<meta name=\"author\" content=\"user-manager\" \/>\n<meta name=\"twitter:card\" content=\"summary_large_image\" \/>\n<script type=\"application\/ld+json\" class=\"yoast-schema-graph\">{\"@context\":\"https:\\\/\\\/schema.org\",\"@graph\":[{\"@type\":\"Article\",\"@id\":\"https:\\\/\\\/www.meydan.tv\\\/az\\\/article\\\/meiset-dissidenti\\\/#article\",\"isPartOf\":{\"@id\":\"https:\\\/\\\/www.meydan.tv\\\/az\\\/article\\\/meiset-dissidenti\\\/\"},\"author\":{\"name\":\"user-manager\",\"@id\":\"https:\\\/\\\/www.meydan.tv\\\/az\\\/#\\\/schema\\\/person\\\/10d11eccf6da3662cf5fdab9806ea91a\"},\"headline\":\"M\u0259i\u015f\u0259t dissidenti\",\"datePublished\":\"2019-09-19T11:42:02+00:00\",\"mainEntityOfPage\":{\"@id\":\"https:\\\/\\\/www.meydan.tv\\\/az\\\/article\\\/meiset-dissidenti\\\/\"},\"wordCount\":1176,\"publisher\":{\"@id\":\"https:\\\/\\\/www.meydan.tv\\\/az\\\/#organization\"},\"image\":{\"@id\":\"https:\\\/\\\/www.meydan.tv\\\/az\\\/article\\\/meiset-dissidenti\\\/#primaryimage\"},\"thumbnailUrl\":\"https:\\\/\\\/www.meydan.tv\\\/wp-content\\\/uploads\\\/image_from_ios_4-scaled.jpg\",\"articleSection\":[\"M\u0259nim Fikrimc\u0259\"],\"inLanguage\":\"az\"},{\"@type\":\"WebPage\",\"@id\":\"https:\\\/\\\/www.meydan.tv\\\/az\\\/article\\\/meiset-dissidenti\\\/\",\"url\":\"https:\\\/\\\/www.meydan.tv\\\/az\\\/article\\\/meiset-dissidenti\\\/\",\"name\":\"M\u0259i\u015f\u0259t dissidenti - MEYDAN.TV\",\"isPartOf\":{\"@id\":\"https:\\\/\\\/www.meydan.tv\\\/az\\\/#website\"},\"primaryImageOfPage\":{\"@id\":\"https:\\\/\\\/www.meydan.tv\\\/az\\\/article\\\/meiset-dissidenti\\\/#primaryimage\"},\"image\":{\"@id\":\"https:\\\/\\\/www.meydan.tv\\\/az\\\/article\\\/meiset-dissidenti\\\/#primaryimage\"},\"thumbnailUrl\":\"https:\\\/\\\/www.meydan.tv\\\/wp-content\\\/uploads\\\/image_from_ios_4-scaled.jpg\",\"datePublished\":\"2019-09-19T11:42:02+00:00\",\"breadcrumb\":{\"@id\":\"https:\\\/\\\/www.meydan.tv\\\/az\\\/article\\\/meiset-dissidenti\\\/#breadcrumb\"},\"inLanguage\":\"az\",\"potentialAction\":[{\"@type\":\"ReadAction\",\"target\":[\"https:\\\/\\\/www.meydan.tv\\\/az\\\/article\\\/meiset-dissidenti\\\/\"]}]},{\"@type\":\"ImageObject\",\"inLanguage\":\"az\",\"@id\":\"https:\\\/\\\/www.meydan.tv\\\/az\\\/article\\\/meiset-dissidenti\\\/#primaryimage\",\"url\":\"https:\\\/\\\/www.meydan.tv\\\/wp-content\\\/uploads\\\/image_from_ios_4-scaled.jpg\",\"contentUrl\":\"https:\\\/\\\/www.meydan.tv\\\/wp-content\\\/uploads\\\/image_from_ios_4-scaled.jpg\",\"width\":2560,\"height\":1440,\"caption\":\"Source: Meydan TV\"},{\"@type\":\"BreadcrumbList\",\"@id\":\"https:\\\/\\\/www.meydan.tv\\\/az\\\/article\\\/meiset-dissidenti\\\/#breadcrumb\",\"itemListElement\":[{\"@type\":\"ListItem\",\"position\":1,\"name\":\"Ana s\u0259hif\u0259\",\"item\":\"https:\\\/\\\/www.meydan.tv\\\/az\\\/\"},{\"@type\":\"ListItem\",\"position\":2,\"name\":\"M\u0259nim Fikrimc\u0259\",\"item\":\"https:\\\/\\\/www.meydan.tv\\\/az\\\/section\\\/menim-fikrimce\\\/\"},{\"@type\":\"ListItem\",\"position\":3,\"name\":\"M\u0259i\u015f\u0259t dissidenti\"}]},{\"@type\":\"WebSite\",\"@id\":\"https:\\\/\\\/www.meydan.tv\\\/az\\\/#website\",\"url\":\"https:\\\/\\\/www.meydan.tv\\\/az\\\/\",\"name\":\"MEYDAN.TV\",\"description\":\"Meydan TV Az\u0259rbaycan\u0131n media m\u0259kan\u0131ndak\u0131 alternativ s\u0259sidir\",\"publisher\":{\"@id\":\"https:\\\/\\\/www.meydan.tv\\\/az\\\/#organization\"},\"potentialAction\":[{\"@type\":\"SearchAction\",\"target\":{\"@type\":\"EntryPoint\",\"urlTemplate\":\"https:\\\/\\\/www.meydan.tv\\\/az\\\/?s={search_term_string}\"},\"query-input\":{\"@type\":\"PropertyValueSpecification\",\"valueRequired\":true,\"valueName\":\"search_term_string\"}}],\"inLanguage\":\"az\"},{\"@type\":\"Organization\",\"@id\":\"https:\\\/\\\/www.meydan.tv\\\/az\\\/#organization\",\"name\":\"Meydan TV\",\"url\":\"https:\\\/\\\/www.meydan.tv\\\/az\\\/\",\"logo\":{\"@type\":\"ImageObject\",\"inLanguage\":\"az\",\"@id\":\"https:\\\/\\\/www.meydan.tv\\\/az\\\/#\\\/schema\\\/logo\\\/image\\\/\",\"url\":\"https:\\\/\\\/www.meydan.tv\\\/wp-content\\\/uploads\\\/2021\\\/07\\\/meydan-logo.svg\",\"contentUrl\":\"https:\\\/\\\/www.meydan.tv\\\/wp-content\\\/uploads\\\/2021\\\/07\\\/meydan-logo.svg\",\"width\":195,\"height\":46,\"caption\":\"Meydan TV\"},\"image\":{\"@id\":\"https:\\\/\\\/www.meydan.tv\\\/az\\\/#\\\/schema\\\/logo\\\/image\\\/\"}},{\"@type\":\"Person\",\"@id\":\"https:\\\/\\\/www.meydan.tv\\\/az\\\/#\\\/schema\\\/person\\\/10d11eccf6da3662cf5fdab9806ea91a\",\"name\":\"user-manager\"}]}<\/script>\n<!-- \/ Yoast SEO plugin. -->","yoast_head_json":{"title":"M\u0259i\u015f\u0259t dissidenti - MEYDAN.TV","robots":{"index":"index","follow":"follow","max-snippet":"max-snippet:-1","max-image-preview":"max-image-preview:large","max-video-preview":"max-video-preview:-1"},"canonical":"https:\/\/www.meydan.tv\/az\/article\/meiset-dissidenti\/","og_locale":"az_AZ","og_type":"article","og_title":"M\u0259i\u015f\u0259t dissidenti - MEYDAN.TV","og_description":"El\u0259 bilirsiniz, t\u0259bli\u011f etdiyini ya\u015famaq asand\u0131r?","og_url":"https:\/\/www.meydan.tv\/az\/article\/meiset-dissidenti\/","og_site_name":"MEYDAN.TV","article_published_time":"2019-09-19T11:42:02+00:00","og_image":[{"width":2560,"height":1440,"url":"https:\/\/www.meydan.tv\/wp-content\/uploads\/image_from_ios_4-scaled.jpg","type":"image\/jpeg"}],"author":"user-manager","twitter_card":"summary_large_image","schema":{"@context":"https:\/\/schema.org","@graph":[{"@type":"Article","@id":"https:\/\/www.meydan.tv\/az\/article\/meiset-dissidenti\/#article","isPartOf":{"@id":"https:\/\/www.meydan.tv\/az\/article\/meiset-dissidenti\/"},"author":{"name":"user-manager","@id":"https:\/\/www.meydan.tv\/az\/#\/schema\/person\/10d11eccf6da3662cf5fdab9806ea91a"},"headline":"M\u0259i\u015f\u0259t dissidenti","datePublished":"2019-09-19T11:42:02+00:00","mainEntityOfPage":{"@id":"https:\/\/www.meydan.tv\/az\/article\/meiset-dissidenti\/"},"wordCount":1176,"publisher":{"@id":"https:\/\/www.meydan.tv\/az\/#organization"},"image":{"@id":"https:\/\/www.meydan.tv\/az\/article\/meiset-dissidenti\/#primaryimage"},"thumbnailUrl":"https:\/\/www.meydan.tv\/wp-content\/uploads\/image_from_ios_4-scaled.jpg","articleSection":["M\u0259nim Fikrimc\u0259"],"inLanguage":"az"},{"@type":"WebPage","@id":"https:\/\/www.meydan.tv\/az\/article\/meiset-dissidenti\/","url":"https:\/\/www.meydan.tv\/az\/article\/meiset-dissidenti\/","name":"M\u0259i\u015f\u0259t dissidenti - MEYDAN.TV","isPartOf":{"@id":"https:\/\/www.meydan.tv\/az\/#website"},"primaryImageOfPage":{"@id":"https:\/\/www.meydan.tv\/az\/article\/meiset-dissidenti\/#primaryimage"},"image":{"@id":"https:\/\/www.meydan.tv\/az\/article\/meiset-dissidenti\/#primaryimage"},"thumbnailUrl":"https:\/\/www.meydan.tv\/wp-content\/uploads\/image_from_ios_4-scaled.jpg","datePublished":"2019-09-19T11:42:02+00:00","breadcrumb":{"@id":"https:\/\/www.meydan.tv\/az\/article\/meiset-dissidenti\/#breadcrumb"},"inLanguage":"az","potentialAction":[{"@type":"ReadAction","target":["https:\/\/www.meydan.tv\/az\/article\/meiset-dissidenti\/"]}]},{"@type":"ImageObject","inLanguage":"az","@id":"https:\/\/www.meydan.tv\/az\/article\/meiset-dissidenti\/#primaryimage","url":"https:\/\/www.meydan.tv\/wp-content\/uploads\/image_from_ios_4-scaled.jpg","contentUrl":"https:\/\/www.meydan.tv\/wp-content\/uploads\/image_from_ios_4-scaled.jpg","width":2560,"height":1440,"caption":"Source: Meydan TV"},{"@type":"BreadcrumbList","@id":"https:\/\/www.meydan.tv\/az\/article\/meiset-dissidenti\/#breadcrumb","itemListElement":[{"@type":"ListItem","position":1,"name":"Ana s\u0259hif\u0259","item":"https:\/\/www.meydan.tv\/az\/"},{"@type":"ListItem","position":2,"name":"M\u0259nim Fikrimc\u0259","item":"https:\/\/www.meydan.tv\/az\/section\/menim-fikrimce\/"},{"@type":"ListItem","position":3,"name":"M\u0259i\u015f\u0259t dissidenti"}]},{"@type":"WebSite","@id":"https:\/\/www.meydan.tv\/az\/#website","url":"https:\/\/www.meydan.tv\/az\/","name":"MEYDAN.TV","description":"Meydan TV Az\u0259rbaycan\u0131n media m\u0259kan\u0131ndak\u0131 alternativ s\u0259sidir","publisher":{"@id":"https:\/\/www.meydan.tv\/az\/#organization"},"potentialAction":[{"@type":"SearchAction","target":{"@type":"EntryPoint","urlTemplate":"https:\/\/www.meydan.tv\/az\/?s={search_term_string}"},"query-input":{"@type":"PropertyValueSpecification","valueRequired":true,"valueName":"search_term_string"}}],"inLanguage":"az"},{"@type":"Organization","@id":"https:\/\/www.meydan.tv\/az\/#organization","name":"Meydan TV","url":"https:\/\/www.meydan.tv\/az\/","logo":{"@type":"ImageObject","inLanguage":"az","@id":"https:\/\/www.meydan.tv\/az\/#\/schema\/logo\/image\/","url":"https:\/\/www.meydan.tv\/wp-content\/uploads\/2021\/07\/meydan-logo.svg","contentUrl":"https:\/\/www.meydan.tv\/wp-content\/uploads\/2021\/07\/meydan-logo.svg","width":195,"height":46,"caption":"Meydan TV"},"image":{"@id":"https:\/\/www.meydan.tv\/az\/#\/schema\/logo\/image\/"}},{"@type":"Person","@id":"https:\/\/www.meydan.tv\/az\/#\/schema\/person\/10d11eccf6da3662cf5fdab9806ea91a","name":"user-manager"}]}},"_links":{"self":[{"href":"https:\/\/www.meydan.tv\/az\/wp-json\/wp\/v2\/posts\/197038","targetHints":{"allow":["GET"]}}],"collection":[{"href":"https:\/\/www.meydan.tv\/az\/wp-json\/wp\/v2\/posts"}],"about":[{"href":"https:\/\/www.meydan.tv\/az\/wp-json\/wp\/v2\/types\/post"}],"author":[{"embeddable":true,"href":"https:\/\/www.meydan.tv\/az\/wp-json\/wp\/v2\/users\/11"}],"replies":[{"embeddable":true,"href":"https:\/\/www.meydan.tv\/az\/wp-json\/wp\/v2\/comments?post=197038"}],"version-history":[{"count":0,"href":"https:\/\/www.meydan.tv\/az\/wp-json\/wp\/v2\/posts\/197038\/revisions"}],"wp:featuredmedia":[{"embeddable":true,"href":"https:\/\/www.meydan.tv\/az\/wp-json\/wp\/v2\/media\/119093"}],"wp:attachment":[{"href":"https:\/\/www.meydan.tv\/az\/wp-json\/wp\/v2\/media?parent=197038"}],"wp:term":[{"taxonomy":"category","embeddable":true,"href":"https:\/\/www.meydan.tv\/az\/wp-json\/wp\/v2\/categories?post=197038"},{"taxonomy":"post_tag","embeddable":true,"href":"https:\/\/www.meydan.tv\/az\/wp-json\/wp\/v2\/tags?post=197038"}],"curies":[{"name":"wp","href":"https:\/\/api.w.org\/{rel}","templated":true}]}}