{"id":197022,"date":"2019-09-18T14:25:37","date_gmt":"2019-09-18T14:25:37","guid":{"rendered":"https:\/\/www.meydan.tv\/article\/salyan-sakini-bizim-evde-et-yediyimiz-yadima-gelmir\/"},"modified":"2019-09-18T14:25:37","modified_gmt":"2019-09-18T14:25:37","slug":"salyan-sakini-bizim-evde-et-yediyimiz-yadima-gelmir","status":"publish","type":"post","link":"https:\/\/www.meydan.tv\/az\/article\/salyan-sakini-bizim-evde-et-yediyimiz-yadima-gelmir\/","title":{"rendered":"Salyan sakini: Bizim evd\u0259 \u0259t yediyimiz yad\u0131ma g\u0259lmir"},"content":{"rendered":"<p>\n  <i><br \/>\n    \u201cBunun ad\u0131 ya\u015famaq deyil\u201d<br \/>\n  <\/i>\n<\/p>\n<p>\n  S\u0259daq\u0259t \u018fliyeva Salyan bazar\u0131nda g\u00f6y\u0259rti sat\u0131r. Yataqxanada ya\u015fayan d\u00f6rd n\u0259f\u0259rlik ail\u0259d\u0259 ev\u0259 qazanc g\u0259tir\u0259n yegan\u0259 adam da odur.\n<\/p>\n<p>\n  <i><br \/>\n    H\u0259yat\u0131 axtarark\u0259n&#8230;<br \/>\n  <\/i>\n<\/p>\n<p>\n  S\u0259daq\u0259t \u018fliyevan\u0131 el\u0259 bazarda tap\u0131r\u0131q. Ev\u0259 ged\u0259nd\u0259 yolda \u00f6yr\u0259nirik ki, 27 ya\u015fl\u0131 q\u0131z\u0131 H\u0259yat ruhi x\u0259st\u0259likd\u0259n \u0259ziyy\u0259t \u00e7\u0259kir. S\u0259daq\u0259tin h\u0259yat yolda\u015f\u0131 Vaqif qar\u015f\u0131m\u0131za \u00e7\u0131x\u0131r. G\u00fccl\u0259 n\u0259f\u0259s al\u0131r. Xan\u0131m\u0131 deyir ki, a\u011fciy\u0259rind\u0259n \u0259m\u0259liyyat olunandan sonra da v\u0259ziyy\u0259ti yax\u015f\u0131la\u015fmay\u0131b, \u00e7\u0259tinlikl\u0259 yeriyir.\n<\/p>\n<p>\n  Vaqif S\u0259daq\u0259t\u0259 \u00fcz\u00fcn\u00fc tutub deyir ki, yen\u0259 H\u0259yat\u0131 tapa bilmir. Q\u0131z tez-tez bel\u0259 ba\u015f al\u0131b gedir. Onu saatlarla axtarmal\u0131 olurlar.\n<\/p>\n<p>\n  \u201cAnadan travma il\u0259 do\u011fulub. Bilm\u0259mi\u015f\u0259m, \u00e7\u00fcnki b\u00fct\u00fcn h\u0259yat\u0131m\u0131 stress i\u00e7ind\u0259 ya\u015fam\u0131\u015fam. Hamil\u0259 olanda m\u00fcayin\u0259d\u0259n ke\u00e7m\u0259mi\u015fdim. M\u00fcalic\u0259si \u00fc\u00e7\u00fcn \u00e7ox \u00e7al\u0131\u015fd\u0131q. 20 ya\u015f\u0131 olanda Tehrana apard\u0131m. Dedil\u0259r, inki\u015fafdan qal\u0131b, \u00e7ox gecdi. B\u0259z\u0259n \u00e7ox aqressiv olur. D\u0259rman atanda bir az sakitl\u0259\u015fir. Yoxsa \u00e7ox dan\u0131\u015f\u0131r, \u00f6z\u00fc d\u0259 t\u0259krar-t\u0259krar. S\u0259sini y\u00fcks\u0259y\u0259 qald\u0131r\u0131r\u201d, &#8211; S\u0259daq\u0259t q\u0131z\u0131n\u0131n x\u0259st\u0259liyind\u0259n dan\u0131\u015f\u0131r.\n<\/p>\n<p>\n  H\u0259yat 130 manat t\u0259qa\u00fcd al\u0131r. S\u0259daq\u0259t deyir ki, bu pul q\u0131z\u0131n\u0131n he\u00e7 d\u0259rman x\u0259rci el\u0259mir. M\u00fcalic\u0259sin\u0259 d\u0259f\u0259l\u0259rl\u0259 \u00e7ox pul x\u0259rcl\u0259yibl\u0259r.\n<\/p>\n<p>\n  H\u0259yat\u0131 tap\u0131b g\u0259tirirl\u0259r. Stul \u00e7\u0259kib lap yax\u0131nda \u0259yl\u0259\u015fir. Diqq\u0259tl\u0259 qulaq as\u0131r, amma he\u00e7 dan\u0131\u015fm\u0131r. S\u0259daq\u0259t deyir ki, q\u0131z\u0131 \u00f6z\u00fcn\u00fc k\u00f6rp\u0259 kimi apar\u0131r: \u201cH\u0259r \u015feyi anlam\u0131r. Deyir, niy\u0259 biz\u0259 qurban \u0259ti vermirl\u0259r? M\u0259n gedib camaata nec\u0259 deyim ki, biz\u0259 d\u0259 \u0259t verin?\u201d\n<\/p>\n<figure class=\"wp-block-image size-large\">\n  <img decoding=\"async\" src=\"https:\/\/www.meydan.tv\/az\/image_from_ios-8-jpg-16\/\" alt=\"image_from_ios (8).jpg\" class=\"wp-image-129838\"\/><figcaption>\n    &#8220;Kommunal x\u0259rcl\u0259ri \u00f6d\u0259m\u0259k bir ayr\u0131 d\u0259rddir&#8221;<br \/>\n  <\/figcaption><\/figure>\n<p>\n  <i><br \/>\n    \u201cBu rejimd\u0259 i\u015fl\u0259m\u0259s\u0259m, g\u0259r\u0259k ail\u0259likc\u0259 dil\u0259n\u0259k\u201d<br \/>\n  <\/i>\n<\/p>\n<p>\n  S\u0259daq\u0259t \u018fliyeva g\u00f6y\u0259rti satmaqla q\u0259pik-quru\u015f qazand\u0131\u011f\u0131n\u0131 deyir. Gec\u0259 3-\u00fcn yar\u0131s\u0131 va\u011fzala mal g\u00f6t\u00fcrm\u0259y\u0259 gedir. Ax\u015fam saat 8-in yar\u0131s\u0131na q\u0259d\u0259r vaxt\u0131n\u0131 bazarda ke\u00e7irm\u0259li olur. \u201cM\u0259n yuxu \u00fcz\u00fc g\u00f6rm\u00fcr\u0259m. Bu rejimd\u0259 i\u015fl\u0259m\u0259s\u0259m, g\u0259r\u0259k ail\u0259likc\u0259 dil\u0259n\u0259k\u201d, &#8211; qad\u0131n \u00e7ar\u0259siz dan\u0131\u015f\u0131r.\n<\/p>\n<p>\n  Yataqxanadak\u0131 ota\u011f\u0131n v\u0259ziyy\u0259ti d\u0259 ail\u0259nin a\u011f\u0131r \u015f\u0259rtl\u0259rl\u0259 ya\u015fad\u0131\u011f\u0131ndan x\u0259b\u0259r verir. M\u0259tb\u0259x adland\u0131rd\u0131qlar\u0131 bir ne\u00e7\u0259 kvadratmetrlik nimda\u015f yer g\u00f6z\u0259 d\u0259yir. Ail\u0259nin ayr\u0131ca ayaqyolu, vanna ota\u011f\u0131 yoxdur.\n<\/p>\n<p>\n  \u201cAnam iki ayd\u0131r r\u0259hm\u0259t\u0259 gedib. Onu da alt\u0131 il burada saxlad\u0131m. Evd\u0259 iki x\u0259st\u0259 adam, \u00e7ox pis \u015f\u0259raitd\u0259 ya\u015fay\u0131r\u0131q. \u00d6z\u00fcn\u00fcz g\u00f6r\u00fcrs\u00fcz h\u0259r \u015feyi. H\u0259yat yolda\u015f\u0131m m\u0259nd\u0259n be\u015f ya\u015f ki\u00e7ikdi, amma x\u0259st\u0259lik onu el\u0259 \u0259ld\u0259n sal\u0131b ki, xeyli ya\u015fl\u0131 g\u00f6r\u00fcn\u00fcr. Ona pensiya d\u00fcz\u0259ltm\u0259k ist\u0259dik, pul ist\u0259dil\u0259r. 1500 manat dedil\u0259r. O q\u0259d\u0259r pulum olsa, gedib g\u00f6y\u0259rti satmaram ki&#8230;\u201d, &#8211; S\u0259daq\u0259t bel\u0259 deyir.\n<\/p>\n<p>\n  Qad\u0131n dan\u0131\u015f\u0131r ki, sosial yard\u0131m alma\u011fa c\u0259hd el\u0259yibl\u0259r. \u0130\u015f yerind\u0259n aray\u0131\u015f t\u0259l\u0259bi ortaya \u00e7\u0131x\u0131b. S\u0259daq\u0259t v\u0259ziyy\u0259tini d\u0259qiq t\u0259svir el\u0259y\u0259c\u0259k ifad\u0259 i\u015fl\u0259dir: \u201cM\u0259nim i\u015f yerim bazard\u0131. Orda aray\u0131\u015f yoxdu, ac\u0131ndan \u00f6lm\u0259m\u0259k \u00fc\u00e7\u00fcn m\u00fcbariz\u0259 var\u201d.\n<\/p>\n<figure class=\"wp-block-image size-large\">\n  <img decoding=\"async\" src=\"https:\/\/www.meydan.tv\/az\/image_from_ios-7-jpg-19\/\" alt=\"image_from_ios (7).jpg\" class=\"wp-image-129835\"\/><figcaption>\n    \u201cM\u0259nim i\u015f yerim bazard\u0131&#8221;<br \/>\n  <\/figcaption><\/figure>\n<p>\n  <i><br \/>\n    \u201c\u0130ki g\u00fcn \u0259vv\u0259l intihar el\u0259m\u0259k ist\u0259dim\u201d<br \/>\n  <\/i>\n<\/p>\n<p>\n  S\u0259daq\u0259t \u018fliyevan\u0131n dediyin\u0259 g\u00f6r\u0259, ill\u0259rdir bel\u0259 a\u011f\u0131r v\u0259ziyy\u0259td\u0259 ya\u015fay\u0131rlar, he\u00e7 vaxt asan olmay\u0131b. H\u0259mi\u015f\u0259 h\u0259yat yolda\u015f\u0131n\u0131n, q\u0131z\u0131n\u0131n x\u0259st\u0259liyi il\u0259 \u00e7arp\u0131\u015f\u0131blar. Adic\u0259 yem\u0259k qay\u011f\u0131s\u0131n\u0131n \u00f6hd\u0259sind\u0259n g\u0259l\u0259 bilmirl\u0259r: \u201cBizim evd\u0259 \u0259t yediyimiz yad\u0131ma g\u0259lmir\u201d.\n<\/p>\n<p>\n  Kommunal x\u0259rcl\u0259ri \u00f6d\u0259m\u0259k bir ayr\u0131 d\u0259rddir. Bir m\u00fcdd\u0259t \u0259vv\u0259l borca g\u00f6r\u0259 i\u015f\u0131\u011f\u0131 k\u0259sibl\u0259r. Q\u0131\u015fda qay\u011f\u0131lar \u00f6hd\u0259sind\u0259n g\u0259lm\u0259y\u0259c\u0259k q\u0259d\u0259r art\u0131r.\n<\/p>\n<p>\n  \u201cB\u00fct\u00fcn y\u00fck m\u0259nim \u00e7iyinl\u0259rimd\u0259di. Gedib o\u011furluq el\u0259y\u0259si, narkotik madd\u0259 satas\u0131 deyil\u0259m. G\u00f6y\u0259rti sat\u0131ram ki, balalar\u0131m kimins\u0259 \u0259lin\u0259 baxmas\u0131n. \u0130ki g\u00fcn \u0259vv\u0259l intihar el\u0259m\u0259k ist\u0259dim. Daha y\u00fck\u00fc da\u015f\u0131ya bilmir\u0259m. Sonra d\u00fc\u015f\u00fcnd\u00fcm ki, bu boyda k\u00fclf\u0259t m\u0259nd\u0259n as\u0131l\u0131d\u0131r. \u00d6z\u00fcn\u00fc \u00f6ld\u00fcr\u0259nd\u0259 d\u0259 dey\u0259c\u0259kl\u0259r ki, x\u0259st\u0259 u\u015fa\u011f\u0131 at\u0131b getdi. M\u0259n ya\u015fam\u0131ram. Bunun ad\u0131 ya\u015famaq deyil\u201d, &#8211; s\u00f6hb\u0259ti bel\u0259 bitiririk&#8230;<\/p>\n","protected":false},"excerpt":{"rendered":"<p>Gedib o\u011furluq el\u0259y\u0259si, narkotik madd\u0259 satas\u0131 deyil\u0259m.<\/p>\n","protected":false},"author":11,"featured_media":129850,"comment_status":"closed","ping_status":"open","sticky":false,"template":"","format":"standard","meta":{"_acf_changed":false,"_sitemap_exclude":false,"_sitemap_priority":"","_sitemap_frequency":"","footnotes":""},"categories":[60],"tags":[],"class_list":["post-197022","post","type-post","status-publish","format-standard","has-post-thumbnail","hentry","category-bolge","infinite-scroll-item","generate-columns","tablet-grid-50","mobile-grid-100","grid-parent","grid-33","no-featured-image-padding"],"acf":[],"yoast_head":"<!-- This site is optimized with the Yoast SEO plugin v27.5 - https:\/\/yoast.com\/product\/yoast-seo-wordpress\/ -->\n<title>Salyan sakini: Bizim evd\u0259 \u0259t yediyimiz yad\u0131ma g\u0259lmir - MEYDAN.TV<\/title>\n<meta name=\"robots\" content=\"index, follow, max-snippet:-1, max-image-preview:large, max-video-preview:-1\" \/>\n<link rel=\"canonical\" href=\"https:\/\/www.meydan.tv\/az\/article\/salyan-sakini-bizim-evde-et-yediyimiz-yadima-gelmir\/\" \/>\n<meta property=\"og:locale\" content=\"az_AZ\" \/>\n<meta property=\"og:type\" content=\"article\" \/>\n<meta property=\"og:title\" content=\"Salyan sakini: Bizim evd\u0259 \u0259t yediyimiz yad\u0131ma g\u0259lmir - MEYDAN.TV\" \/>\n<meta property=\"og:description\" content=\"Gedib o\u011furluq el\u0259y\u0259si, narkotik madd\u0259 satas\u0131 deyil\u0259m.\" \/>\n<meta property=\"og:url\" content=\"https:\/\/www.meydan.tv\/az\/article\/salyan-sakini-bizim-evde-et-yediyimiz-yadima-gelmir\/\" \/>\n<meta property=\"og:site_name\" content=\"MEYDAN.TV\" \/>\n<meta property=\"article:published_time\" content=\"2019-09-18T14:25:37+00:00\" \/>\n<meta property=\"og:image\" content=\"https:\/\/www.meydan.tv\/wp-content\/uploads\/untitled_design_86.jpg\" \/>\n\t<meta property=\"og:image:width\" content=\"1280\" \/>\n\t<meta property=\"og:image:height\" content=\"720\" \/>\n\t<meta property=\"og:image:type\" content=\"image\/jpeg\" \/>\n<meta name=\"author\" content=\"user-manager\" \/>\n<meta name=\"twitter:card\" content=\"summary_large_image\" \/>\n<script type=\"application\/ld+json\" class=\"yoast-schema-graph\">{\"@context\":\"https:\\\/\\\/schema.org\",\"@graph\":[{\"@type\":\"Article\",\"@id\":\"https:\\\/\\\/www.meydan.tv\\\/az\\\/article\\\/salyan-sakini-bizim-evde-et-yediyimiz-yadima-gelmir\\\/#article\",\"isPartOf\":{\"@id\":\"https:\\\/\\\/www.meydan.tv\\\/az\\\/article\\\/salyan-sakini-bizim-evde-et-yediyimiz-yadima-gelmir\\\/\"},\"author\":{\"name\":\"user-manager\",\"@id\":\"https:\\\/\\\/www.meydan.tv\\\/az\\\/#\\\/schema\\\/person\\\/10d11eccf6da3662cf5fdab9806ea91a\"},\"headline\":\"Salyan sakini: Bizim evd\u0259 \u0259t yediyimiz yad\u0131ma g\u0259lmir\",\"datePublished\":\"2019-09-18T14:25:37+00:00\",\"mainEntityOfPage\":{\"@id\":\"https:\\\/\\\/www.meydan.tv\\\/az\\\/article\\\/salyan-sakini-bizim-evde-et-yediyimiz-yadima-gelmir\\\/\"},\"wordCount\":865,\"publisher\":{\"@id\":\"https:\\\/\\\/www.meydan.tv\\\/az\\\/#organization\"},\"image\":{\"@id\":\"https:\\\/\\\/www.meydan.tv\\\/az\\\/article\\\/salyan-sakini-bizim-evde-et-yediyimiz-yadima-gelmir\\\/#primaryimage\"},\"thumbnailUrl\":\"https:\\\/\\\/www.meydan.tv\\\/wp-content\\\/uploads\\\/untitled_design_86.jpg\",\"articleSection\":[\"B\u00f6lg\u0259\"],\"inLanguage\":\"az\"},{\"@type\":\"WebPage\",\"@id\":\"https:\\\/\\\/www.meydan.tv\\\/az\\\/article\\\/salyan-sakini-bizim-evde-et-yediyimiz-yadima-gelmir\\\/\",\"url\":\"https:\\\/\\\/www.meydan.tv\\\/az\\\/article\\\/salyan-sakini-bizim-evde-et-yediyimiz-yadima-gelmir\\\/\",\"name\":\"Salyan sakini: Bizim evd\u0259 \u0259t yediyimiz yad\u0131ma g\u0259lmir - MEYDAN.TV\",\"isPartOf\":{\"@id\":\"https:\\\/\\\/www.meydan.tv\\\/az\\\/#website\"},\"primaryImageOfPage\":{\"@id\":\"https:\\\/\\\/www.meydan.tv\\\/az\\\/article\\\/salyan-sakini-bizim-evde-et-yediyimiz-yadima-gelmir\\\/#primaryimage\"},\"image\":{\"@id\":\"https:\\\/\\\/www.meydan.tv\\\/az\\\/article\\\/salyan-sakini-bizim-evde-et-yediyimiz-yadima-gelmir\\\/#primaryimage\"},\"thumbnailUrl\":\"https:\\\/\\\/www.meydan.tv\\\/wp-content\\\/uploads\\\/untitled_design_86.jpg\",\"datePublished\":\"2019-09-18T14:25:37+00:00\",\"breadcrumb\":{\"@id\":\"https:\\\/\\\/www.meydan.tv\\\/az\\\/article\\\/salyan-sakini-bizim-evde-et-yediyimiz-yadima-gelmir\\\/#breadcrumb\"},\"inLanguage\":\"az\",\"potentialAction\":[{\"@type\":\"ReadAction\",\"target\":[\"https:\\\/\\\/www.meydan.tv\\\/az\\\/article\\\/salyan-sakini-bizim-evde-et-yediyimiz-yadima-gelmir\\\/\"]}]},{\"@type\":\"ImageObject\",\"inLanguage\":\"az\",\"@id\":\"https:\\\/\\\/www.meydan.tv\\\/az\\\/article\\\/salyan-sakini-bizim-evde-et-yediyimiz-yadima-gelmir\\\/#primaryimage\",\"url\":\"https:\\\/\\\/www.meydan.tv\\\/wp-content\\\/uploads\\\/untitled_design_86.jpg\",\"contentUrl\":\"https:\\\/\\\/www.meydan.tv\\\/wp-content\\\/uploads\\\/untitled_design_86.jpg\",\"width\":1280,\"height\":720,\"caption\":\"Source: Meydan TV\"},{\"@type\":\"BreadcrumbList\",\"@id\":\"https:\\\/\\\/www.meydan.tv\\\/az\\\/article\\\/salyan-sakini-bizim-evde-et-yediyimiz-yadima-gelmir\\\/#breadcrumb\",\"itemListElement\":[{\"@type\":\"ListItem\",\"position\":1,\"name\":\"Ana s\u0259hif\u0259\",\"item\":\"https:\\\/\\\/www.meydan.tv\\\/az\\\/\"},{\"@type\":\"ListItem\",\"position\":2,\"name\":\"B\u00f6lg\u0259\",\"item\":\"https:\\\/\\\/www.meydan.tv\\\/az\\\/section\\\/bolge\\\/\"},{\"@type\":\"ListItem\",\"position\":3,\"name\":\"Salyan sakini: Bizim evd\u0259 \u0259t yediyimiz yad\u0131ma g\u0259lmir\"}]},{\"@type\":\"WebSite\",\"@id\":\"https:\\\/\\\/www.meydan.tv\\\/az\\\/#website\",\"url\":\"https:\\\/\\\/www.meydan.tv\\\/az\\\/\",\"name\":\"MEYDAN.TV\",\"description\":\"Meydan TV Az\u0259rbaycan\u0131n media m\u0259kan\u0131ndak\u0131 alternativ s\u0259sidir\",\"publisher\":{\"@id\":\"https:\\\/\\\/www.meydan.tv\\\/az\\\/#organization\"},\"potentialAction\":[{\"@type\":\"SearchAction\",\"target\":{\"@type\":\"EntryPoint\",\"urlTemplate\":\"https:\\\/\\\/www.meydan.tv\\\/az\\\/?s={search_term_string}\"},\"query-input\":{\"@type\":\"PropertyValueSpecification\",\"valueRequired\":true,\"valueName\":\"search_term_string\"}}],\"inLanguage\":\"az\"},{\"@type\":\"Organization\",\"@id\":\"https:\\\/\\\/www.meydan.tv\\\/az\\\/#organization\",\"name\":\"Meydan TV\",\"url\":\"https:\\\/\\\/www.meydan.tv\\\/az\\\/\",\"logo\":{\"@type\":\"ImageObject\",\"inLanguage\":\"az\",\"@id\":\"https:\\\/\\\/www.meydan.tv\\\/az\\\/#\\\/schema\\\/logo\\\/image\\\/\",\"url\":\"https:\\\/\\\/www.meydan.tv\\\/wp-content\\\/uploads\\\/2021\\\/07\\\/meydan-logo.svg\",\"contentUrl\":\"https:\\\/\\\/www.meydan.tv\\\/wp-content\\\/uploads\\\/2021\\\/07\\\/meydan-logo.svg\",\"width\":195,\"height\":46,\"caption\":\"Meydan TV\"},\"image\":{\"@id\":\"https:\\\/\\\/www.meydan.tv\\\/az\\\/#\\\/schema\\\/logo\\\/image\\\/\"}},{\"@type\":\"Person\",\"@id\":\"https:\\\/\\\/www.meydan.tv\\\/az\\\/#\\\/schema\\\/person\\\/10d11eccf6da3662cf5fdab9806ea91a\",\"name\":\"user-manager\"}]}<\/script>\n<!-- \/ Yoast SEO plugin. -->","yoast_head_json":{"title":"Salyan sakini: Bizim evd\u0259 \u0259t yediyimiz yad\u0131ma g\u0259lmir - MEYDAN.TV","robots":{"index":"index","follow":"follow","max-snippet":"max-snippet:-1","max-image-preview":"max-image-preview:large","max-video-preview":"max-video-preview:-1"},"canonical":"https:\/\/www.meydan.tv\/az\/article\/salyan-sakini-bizim-evde-et-yediyimiz-yadima-gelmir\/","og_locale":"az_AZ","og_type":"article","og_title":"Salyan sakini: Bizim evd\u0259 \u0259t yediyimiz yad\u0131ma g\u0259lmir - MEYDAN.TV","og_description":"Gedib o\u011furluq el\u0259y\u0259si, narkotik madd\u0259 satas\u0131 deyil\u0259m.","og_url":"https:\/\/www.meydan.tv\/az\/article\/salyan-sakini-bizim-evde-et-yediyimiz-yadima-gelmir\/","og_site_name":"MEYDAN.TV","article_published_time":"2019-09-18T14:25:37+00:00","og_image":[{"width":1280,"height":720,"url":"https:\/\/www.meydan.tv\/wp-content\/uploads\/untitled_design_86.jpg","type":"image\/jpeg"}],"author":"user-manager","twitter_card":"summary_large_image","schema":{"@context":"https:\/\/schema.org","@graph":[{"@type":"Article","@id":"https:\/\/www.meydan.tv\/az\/article\/salyan-sakini-bizim-evde-et-yediyimiz-yadima-gelmir\/#article","isPartOf":{"@id":"https:\/\/www.meydan.tv\/az\/article\/salyan-sakini-bizim-evde-et-yediyimiz-yadima-gelmir\/"},"author":{"name":"user-manager","@id":"https:\/\/www.meydan.tv\/az\/#\/schema\/person\/10d11eccf6da3662cf5fdab9806ea91a"},"headline":"Salyan sakini: Bizim evd\u0259 \u0259t yediyimiz yad\u0131ma g\u0259lmir","datePublished":"2019-09-18T14:25:37+00:00","mainEntityOfPage":{"@id":"https:\/\/www.meydan.tv\/az\/article\/salyan-sakini-bizim-evde-et-yediyimiz-yadima-gelmir\/"},"wordCount":865,"publisher":{"@id":"https:\/\/www.meydan.tv\/az\/#organization"},"image":{"@id":"https:\/\/www.meydan.tv\/az\/article\/salyan-sakini-bizim-evde-et-yediyimiz-yadima-gelmir\/#primaryimage"},"thumbnailUrl":"https:\/\/www.meydan.tv\/wp-content\/uploads\/untitled_design_86.jpg","articleSection":["B\u00f6lg\u0259"],"inLanguage":"az"},{"@type":"WebPage","@id":"https:\/\/www.meydan.tv\/az\/article\/salyan-sakini-bizim-evde-et-yediyimiz-yadima-gelmir\/","url":"https:\/\/www.meydan.tv\/az\/article\/salyan-sakini-bizim-evde-et-yediyimiz-yadima-gelmir\/","name":"Salyan sakini: Bizim evd\u0259 \u0259t yediyimiz yad\u0131ma g\u0259lmir - MEYDAN.TV","isPartOf":{"@id":"https:\/\/www.meydan.tv\/az\/#website"},"primaryImageOfPage":{"@id":"https:\/\/www.meydan.tv\/az\/article\/salyan-sakini-bizim-evde-et-yediyimiz-yadima-gelmir\/#primaryimage"},"image":{"@id":"https:\/\/www.meydan.tv\/az\/article\/salyan-sakini-bizim-evde-et-yediyimiz-yadima-gelmir\/#primaryimage"},"thumbnailUrl":"https:\/\/www.meydan.tv\/wp-content\/uploads\/untitled_design_86.jpg","datePublished":"2019-09-18T14:25:37+00:00","breadcrumb":{"@id":"https:\/\/www.meydan.tv\/az\/article\/salyan-sakini-bizim-evde-et-yediyimiz-yadima-gelmir\/#breadcrumb"},"inLanguage":"az","potentialAction":[{"@type":"ReadAction","target":["https:\/\/www.meydan.tv\/az\/article\/salyan-sakini-bizim-evde-et-yediyimiz-yadima-gelmir\/"]}]},{"@type":"ImageObject","inLanguage":"az","@id":"https:\/\/www.meydan.tv\/az\/article\/salyan-sakini-bizim-evde-et-yediyimiz-yadima-gelmir\/#primaryimage","url":"https:\/\/www.meydan.tv\/wp-content\/uploads\/untitled_design_86.jpg","contentUrl":"https:\/\/www.meydan.tv\/wp-content\/uploads\/untitled_design_86.jpg","width":1280,"height":720,"caption":"Source: Meydan TV"},{"@type":"BreadcrumbList","@id":"https:\/\/www.meydan.tv\/az\/article\/salyan-sakini-bizim-evde-et-yediyimiz-yadima-gelmir\/#breadcrumb","itemListElement":[{"@type":"ListItem","position":1,"name":"Ana s\u0259hif\u0259","item":"https:\/\/www.meydan.tv\/az\/"},{"@type":"ListItem","position":2,"name":"B\u00f6lg\u0259","item":"https:\/\/www.meydan.tv\/az\/section\/bolge\/"},{"@type":"ListItem","position":3,"name":"Salyan sakini: Bizim evd\u0259 \u0259t yediyimiz yad\u0131ma g\u0259lmir"}]},{"@type":"WebSite","@id":"https:\/\/www.meydan.tv\/az\/#website","url":"https:\/\/www.meydan.tv\/az\/","name":"MEYDAN.TV","description":"Meydan TV Az\u0259rbaycan\u0131n media m\u0259kan\u0131ndak\u0131 alternativ s\u0259sidir","publisher":{"@id":"https:\/\/www.meydan.tv\/az\/#organization"},"potentialAction":[{"@type":"SearchAction","target":{"@type":"EntryPoint","urlTemplate":"https:\/\/www.meydan.tv\/az\/?s={search_term_string}"},"query-input":{"@type":"PropertyValueSpecification","valueRequired":true,"valueName":"search_term_string"}}],"inLanguage":"az"},{"@type":"Organization","@id":"https:\/\/www.meydan.tv\/az\/#organization","name":"Meydan TV","url":"https:\/\/www.meydan.tv\/az\/","logo":{"@type":"ImageObject","inLanguage":"az","@id":"https:\/\/www.meydan.tv\/az\/#\/schema\/logo\/image\/","url":"https:\/\/www.meydan.tv\/wp-content\/uploads\/2021\/07\/meydan-logo.svg","contentUrl":"https:\/\/www.meydan.tv\/wp-content\/uploads\/2021\/07\/meydan-logo.svg","width":195,"height":46,"caption":"Meydan TV"},"image":{"@id":"https:\/\/www.meydan.tv\/az\/#\/schema\/logo\/image\/"}},{"@type":"Person","@id":"https:\/\/www.meydan.tv\/az\/#\/schema\/person\/10d11eccf6da3662cf5fdab9806ea91a","name":"user-manager"}]}},"_links":{"self":[{"href":"https:\/\/www.meydan.tv\/az\/wp-json\/wp\/v2\/posts\/197022","targetHints":{"allow":["GET"]}}],"collection":[{"href":"https:\/\/www.meydan.tv\/az\/wp-json\/wp\/v2\/posts"}],"about":[{"href":"https:\/\/www.meydan.tv\/az\/wp-json\/wp\/v2\/types\/post"}],"author":[{"embeddable":true,"href":"https:\/\/www.meydan.tv\/az\/wp-json\/wp\/v2\/users\/11"}],"replies":[{"embeddable":true,"href":"https:\/\/www.meydan.tv\/az\/wp-json\/wp\/v2\/comments?post=197022"}],"version-history":[{"count":0,"href":"https:\/\/www.meydan.tv\/az\/wp-json\/wp\/v2\/posts\/197022\/revisions"}],"wp:featuredmedia":[{"embeddable":true,"href":"https:\/\/www.meydan.tv\/az\/wp-json\/wp\/v2\/media\/129850"}],"wp:attachment":[{"href":"https:\/\/www.meydan.tv\/az\/wp-json\/wp\/v2\/media?parent=197022"}],"wp:term":[{"taxonomy":"category","embeddable":true,"href":"https:\/\/www.meydan.tv\/az\/wp-json\/wp\/v2\/categories?post=197022"},{"taxonomy":"post_tag","embeddable":true,"href":"https:\/\/www.meydan.tv\/az\/wp-json\/wp\/v2\/tags?post=197022"}],"curies":[{"name":"wp","href":"https:\/\/api.w.org\/{rel}","templated":true}]}}