{"id":197020,"date":"2019-09-18T13:14:53","date_gmt":"2019-09-18T13:14:53","guid":{"rendered":"https:\/\/www.meydan.tv\/article\/kohne-uaz-umidine-qalan-bas-goynukluler\/"},"modified":"2019-09-18T13:14:53","modified_gmt":"2019-09-18T13:14:53","slug":"kohne-uaz-umidine-qalan-bas-goynukluler","status":"publish","type":"post","link":"https:\/\/www.meydan.tv\/az\/article\/kohne-uaz-umidine-qalan-bas-goynukluler\/","title":{"rendered":"K\u00f6hn\u0259 UAZ-\u0131n \u00fcmidin\u0259 qalan ba\u015f g\u00f6yn\u00fckl\u00fcl\u0259r"},"content":{"rendered":"<p>\n  <i><br \/>\n    S\u00fcr\u00fcc\u00fc: \u201cMorqa \u00f6l\u00fc, x\u0259st\u0259xanaya x\u0259st\u0259 aparanda t\u0259cili yard\u0131m ma\u015f\u0131n\u0131 yolda xarab olur\u201d<br \/>\n  <\/i>\n<\/p>\n<p>\n  \u201c\u0130dar\u0259 etdiyim avtomobil texniki c\u0259h\u0259td\u0259n tam yarars\u0131z v\u0259ziyy\u0259td\u0259dir. M\u00fch\u0259rrik normadan d\u0259f\u0259l\u0259rl\u0259 art\u0131q ya\u011f i\u015fl\u0259dir. Y\u00fck yerinin sol bortu tamamil\u0259 \u00e7\u00fcr\u00fcy\u00fcb. \u00d6t\u00fcr\u00fcc\u00fc mexanizmi pis i\u015fl\u0259yir, t\u0259k\u0259rl\u0259rin istifad\u0259 m\u00fcdd\u0259ti \u00e7oxdan \u00f6t\u00fcb, yarars\u0131z v\u0259ziyy\u0259td\u0259dir. K\u0259ndin h\u0259kim m\u0259nt\u0259q\u0259si \u015f\u0259raitsizdir, he\u00e7 bir avadanl\u0131\u011f\u0131 yoxdur, ona g\u00f6r\u0259 d\u0259 x\u0259st\u0259l\u0259ri \u015e\u0259kinin m\u0259rk\u0259zin\u0259 &#8211; m\u0259rk\u0259zi x\u0259st\u0259xanaya g\u00f6t\u00fcrm\u0259li oluruq. Rayon m\u0259rk\u0259zin\u0259 &#8211; morqa \u00f6l\u00fc, m\u0259rk\u0259zi x\u0259st\u0259xanaya a\u011f\u0131r x\u0259st\u0259 aparark\u0259n d\u0259f\u0259l\u0259rl\u0259 ma\u015f\u0131n s\u0131radan \u00e7\u0131x\u0131b, yollarda qalm\u0131\u015f\u0131q\u201d.\n<\/p>\n<p>\n  Faiq V\u0259liyev \u015e\u0259kinin Ba\u015f G\u00f6yn\u00fck k\u0259ndinin h\u0259kim m\u0259nt\u0259q\u0259sinin t\u0259cili yard\u0131m ma\u015f\u0131n\u0131n\u0131n s\u00fcr\u00fcc\u00fcs\u00fcd\u00fcr. Meydan TV-y\u0259 istifad\u0259sind\u0259 olan UAZ markal\u0131 t\u0259cili tibbi yard\u0131m ma\u015f\u0131n\u0131n\u0131n ona v\u0259 da\u015f\u0131\u011f\u0131d\u0131 x\u0259st\u0259l\u0259r\u0259 ya\u015fatd\u0131\u011f\u0131 iztirablardan dan\u0131\u015f\u0131r.\n<\/p>\n<p>\n  <i><br \/>\n    \u201c35 ildir bu UAZ qarl\u0131, pal\u00e7\u0131ql\u0131 k\u0259nd yolu gedib-g\u0259lir\u201d<br \/>\n  <\/i>\n<\/p>\n<p>\n  Faiq V\u0259liyevd\u0259n \u0259vv\u0259l bu ma\u015f\u0131n\u0131 t\u0259xmin\u0259n 20 il atas\u0131 H\u00fcseynbala V\u0259liyev idar\u0259 edib. T\u0259qa\u00fcd\u0259 \u00e7\u0131xd\u0131qdan sonra k\u00f6hn\u0259 ma\u015f\u0131n\u0131n s\u00fckan\u0131n\u0131 o\u011fluna \u00f6t\u00fcr\u00fcb. 15 ildir ki, Ba\u015f G\u00f6yn\u00fckd\u0259 s\u0259hh\u0259ti pisl\u0259\u015f\u0259n insanlar\u0131 rayon m\u0259rk\u0259zind\u0259ki x\u0259st\u0259xanaya Faiq V\u0259liyev da\u015f\u0131y\u0131r. Ancaq avtomobilin k\u00f6hn\u0259 v\u0259 yarars\u0131z olmas\u0131 \u0259ks\u0259r hallarda x\u0259st\u0259l\u0259ri yar\u0131 yolda qoyur:\n<\/p>\n<figure class=\"wp-block-image size-large\">\n  <img decoding=\"async\" src=\"https:\/\/www.meydan.tv\/az\/image_from_ios-11-jpg-8\/\" alt=\"image_from_ios (11).jpg\" class=\"wp-image-129847\"\/><figcaption>\n    &#8220;Bir k\u0259ndin xidm\u0259tind\u0259 dem\u0259k olar ki, t\u0259m\u0259nnas\u0131z dayan\u0131ram&#8221;.<br \/>\n  <\/figcaption><\/figure>\n<p>\n  \u201cBa\u015f G\u00f6yn\u00fck\u00fcn 3 il \u0259vv\u0259l\u0259d\u0259k yolu olmay\u0131b. \u0130dar\u0259 etdiyim 99 JU 207 d\u00f6vl\u0259t qeydiyyat\u0131 olan, 1984-c\u00fc il burax\u0131l\u0131\u015fl\u0131 UAZ markal\u0131 t\u0259cili yard\u0131m avtomobili 35 ildir ki, pal\u00e7\u0131ql\u0131, qarl\u0131 d\u0259r\u0259-t\u0259p\u0259l\u0259rd\u0259n a\u015f\u0131r, k\u0259l\u0259-k\u00f6t\u00fcr k\u0259nd yollar\u0131yla gedib-g\u0259lir. K\u0259ndin \u0259halisinin say\u0131 10 min n\u0259f\u0259ri \u00f6t\u00fcb. 10 min adam\u0131n xidm\u0259tind\u0259 s\u0131n\u0131q-salxaq, istifad\u0259 m\u00fcdd\u0259ti \u00f6tm\u00fc\u015f ma\u015f\u0131n dayan\u0131r\u201d.\n<\/p>\n<p>\n  <i><br \/>\n    \u201cH\u0259r d\u0259f\u0259 deyir, xo\u015fun g\u0259lmir, a\u00e7arlar\u0131 t\u0259hvil ver\u201d<br \/>\n  <\/i>\n<\/p>\n<p>\n  Faiq V\u0259liyevin s\u00f6zl\u0259rin\u0259 g\u00f6r\u0259, h\u0259r ay ma\u015f\u0131n\u0131n s\u0131radan \u00e7\u0131xm\u0131\u015f hiss\u0259l\u0259rini ald\u0131\u011f\u0131 150 manat m\u0259bl\u0259\u011find\u0259 maa\u015f\u0131yla d\u00fcz\u0259ltdirir:\n<\/p>\n<p>\n  \u201cM\u0259rk\u0259zi X\u0259st\u0259xanan\u0131n t\u0259cili yard\u0131m ma\u015f\u0131nlar\u0131n\u0131n s\u00fcr\u00fcc\u00fcl\u0259rinin maa\u015f\u0131 qald\u0131r\u0131l\u0131b, 450 manat al\u0131rlar. \u00d6zl\u0259ri d\u0259 t\u0259z\u0259 t\u0259cili yard\u0131m ma\u015f\u0131nlar\u0131 s\u00fcr\u00fcrl\u0259r. Ma\u015f\u0131n\u0131n \u015f\u00fc\u015f\u0259l\u0259rini silm\u0259k \u00fc\u00e7\u00fcn istifad\u0259 etdikl\u0259ri \u0259skil\u0259ri d\u0259 x\u0259st\u0259xana verir. Maa\u015flar\u0131 da m\u0259nim maa\u015f\u0131mdan \u00fc\u00e7 d\u0259f\u0259 \u00e7ox&#8230; Ancaq k\u0259ndl\u0259rd\u0259ki h\u0259kim m\u0259nt\u0259q\u0259l\u0259rinin n\u0259 ma\u015f\u0131nlar\u0131na, n\u0259 d\u0259 s\u00fcr\u00fcc\u00fcl\u0259rin\u0259 diqq\u0259t g\u00f6st\u0259rilmir. D\u0259f\u0259l\u0259rl\u0259 ba\u015f h\u0259kimin yan\u0131na gedib t\u0259z\u0259 ma\u015f\u0131n t\u0259l\u0259b etmi\u015f\u0259m. K\u00f6hn\u0259 UAZ-la \u00e7\u0259kdiyim \u0259ziyy\u0259tl\u0259ri demi\u015f\u0259m. Bildirmi\u015f\u0259m ki, ma\u015f\u0131n xarab olanda \u00f6z cibimin hesab\u0131na d\u00fcz\u0259ltdirir\u0259m, h\u0259r d\u0259f\u0259 d\u0259 deyir, xo\u015fun g\u0259lmir, a\u00e7arlar\u0131 t\u0259hvil ver, get, \u00f6z\u00fcn\u0259 ba\u015fqa i\u015f tap. Bi i\u015f m\u0259nim atam\u0131n i\u015fidir, davam etdirir\u0259m. Bir k\u0259ndin xidm\u0259tind\u0259 dem\u0259k olar ki, t\u0259m\u0259nnas\u0131z dayan\u0131ram. Bunu he\u00e7 kim etm\u0259z ki, m\u0259n edir\u0259m. Ba\u015f h\u0259kim anlamal\u0131d\u0131r ki, bu ma\u015f\u0131n restorana sa\u011flam adam yox, x\u0259st\u0259xanaya yar\u0131mcan x\u0259st\u0259 da\u015f\u0131y\u0131r. Xarab olanda, x\u0259st\u0259ni vaxt\u0131nda x\u0259st\u0259xanaya \u00e7atd\u0131rmayanda bir insan h\u0259yat\u0131 \u0259ld\u0259n gedir. \u018flacs\u0131zl\u0131qdan h\u0259r il \u015f\u0259xsi t\u0259s\u0259rr\u00fcfat\u0131mda b\u0259sl\u0259diyim danalar\u0131 b\u00f6y\u00fcd\u00fcb sat\u0131b, ma\u015f\u0131n \u00fc\u00e7\u00fcn \u0259n vacib detallar\u0131 alm\u0131\u015fam, bu da ba\u015f h\u0259kimin m\u00fcnasib\u0259ti&#8230;\u201d\n<\/p>\n<figure class=\"wp-block-image size-large\">\n  <img decoding=\"async\" src=\"https:\/\/www.meydan.tv\/az\/image_from_ios-9-jpg-14\/\" alt=\"image_from_ios (9).jpg\" class=\"wp-image-129841\"\/><figcaption>\n    &#8220;Ba\u015f h\u0259kim anlamal\u0131d\u0131r ki, bu ma\u015f\u0131n restorana sa\u011flam adam yox, x\u0259st\u0259xanaya yar\u0131mcan x\u0259st\u0259 da\u015f\u0131y\u0131r&#8221;<br \/>\n  <\/figcaption><\/figure>\n<p>\n  <i><br \/>\n    \u201c\u0130\u00e7\u0259risind\u0259 x\u0259st\u0259 olan ma\u015f\u0131n\u0131 z\u0259ncir qo\u015fquyla dart\u0131b apar\u0131r\u0131rq\u201d<br \/>\n  <\/i>\n<\/p>\n<p>\n  Faiq V\u0259liyev yen\u0259 s\u00f6z\u00fc k\u00f6hn\u0259 UAZ-\u0131n x\u0259st\u0259l\u0259ri yar\u0131yolda qoymas\u0131n\u0131n \u00fcz\u0259rin\u0259 g\u0259tirir:\n<\/p>\n<p>\n  \u201cT\u0259cili yard\u0131m ma\u015f\u0131n\u0131 yolda xarab olub qalanda x\u0259st\u0259nin yax\u0131nlar\u0131 d\u00fc\u015f\u00fcb qar\u0131n, pal\u00e7\u0131\u011f\u0131n i\u00e7ind\u0259 ma\u015f\u0131n\u0131 it\u0259l\u0259yirl\u0259r. X\u0259st\u0259 ma\u015f\u0131n\u0131n i\u00e7\u0259risind\u0259 can\u0131yla \u00e7\u0259ki\u015fir, qohumlar\u0131 ma\u015f\u0131n\u0131 it\u0259l\u0259y\u0259-it\u0259l\u0259y\u0259 apar\u0131r. K\u0259nd yolundan rayon m\u0259rk\u0259zin\u0259 &#8211; x\u0259st\u0259xanayad\u0259k z\u0259ncir qo\u015fqu il\u0259 gedir. Bir anl\u0131q t\u0259s\u0259vv\u00fcr edin, a\u011f\u0131r x\u0259st\u0259 da\u015f\u0131yan ma\u015f\u0131n x\u0259st\u0259xanaya z\u0259ncir qo\u015fquyla dart\u0131laraq gedir\u201d.\n<\/p>\n<p>\n  S\u00fcr\u00fcc\u00fcn\u00fcn s\u00f6zl\u0259rin\u0259 g\u00f6r\u0259, bu ilin may\u0131nda k\u0259nd sakini S\u00fcmuz\u0259r M\u0259mm\u0259dova, avqust ay\u0131nda is\u0259 qad\u0131n\u0131n h\u0259yat yolda\u015f\u0131 \u018fhm\u0259d H\u0259midov ma\u015f\u0131n\u0131n nasazl\u0131\u011f\u0131 s\u0259b\u0259bind\u0259n vaxt\u0131nda x\u0259st\u0259xanaya \u00e7atd\u0131r\u0131lmad\u0131qlar\u0131 \u00fc\u00e7\u00fcn h\u0259yatlar\u0131n\u0131 itiribl\u0259r.\n<\/p>\n<p>\n  \u015e\u0259ki \u015e\u0259h\u0259r M\u0259rk\u0259zi X\u0259st\u0259xanas\u0131ndan bildirilib ki, k\u0259nd\u0259 yeni t\u0259cili yard\u0131m avtomobili ayr\u0131lmas\u0131 \u00fc\u00e7\u00fcn aidiyy\u0259ti quruma m\u00fcraci\u0259t olunub, bu bar\u0259d\u0259 s\u00fcr\u00fcc\u00fc Faiq V\u0259liyev\u0259 d\u0259 d\u0259f\u0259l\u0259rl\u0259 bildirilib. Faiq V\u0259liyevin maa\u015f\u0131 mart ay\u0131ndan art\u0131r\u0131l\u0131b v\u0259 haz\u0131rda 180 manat al\u0131r.\n<\/p>\n<p>\n  S\u0259hiyy\u0259 Nazirliyind\u0259n bildirilib ki, Faiq V\u0259liyevin m\u00fcraci\u0259tl\u0259ri \u0259sas\u0131nda sentyabr\u0131n 13-d\u0259 qurumun \u0259m\u0259kda\u015flar\u0131 Ba\u015f G\u00f6yn\u00fck k\u0259ndind\u0259ki h\u0259kim m\u0259nt\u0259q\u0259sind\u0259 olublar, t\u0259cili yard\u0131m ma\u015f\u0131n\u0131na bax\u0131\u015f ke\u00e7ir\u0259r\u0259k aktla\u015fd\u0131r\u0131blar.<\/p>\n","protected":false},"excerpt":{"rendered":"<p>S\u00fcr\u00fcc\u00fcn\u00fcn s\u00f6zl\u0259rin\u0259 g\u00f6r\u0259, bu ilin may\u0131nda k\u0259nd sakini S\u00fcmuz\u0259r M\u0259mm\u0259dova, avqust ay\u0131nda is\u0259 qad\u0131n\u0131n h\u0259yat yolda\u015f\u0131 \u018fhm\u0259d H\u0259midov ma\u015f\u0131n\u0131n nasazl\u0131\u011f\u0131 s\u0259b\u0259bind\u0259n vaxt\u0131nda x\u0259st\u0259xanaya \u00e7atd\u0131r\u0131lmad\u0131qlar\u0131 \u00fc\u00e7\u00fcn h\u0259yatlar\u0131n\u0131 itiribl\u0259r.<\/p>\n","protected":false},"author":11,"featured_media":129844,"comment_status":"closed","ping_status":"open","sticky":false,"template":"","format":"standard","meta":{"_acf_changed":false,"_sitemap_exclude":false,"_sitemap_priority":"","_sitemap_frequency":"","footnotes":""},"categories":[60],"tags":[],"class_list":["post-197020","post","type-post","status-publish","format-standard","has-post-thumbnail","hentry","category-bolge","infinite-scroll-item","generate-columns","tablet-grid-50","mobile-grid-100","grid-parent","grid-33","no-featured-image-padding"],"acf":[],"yoast_head":"<!-- This site is optimized with the Yoast SEO plugin v27.5 - https:\/\/yoast.com\/product\/yoast-seo-wordpress\/ -->\n<title>K\u00f6hn\u0259 UAZ-\u0131n \u00fcmidin\u0259 qalan ba\u015f g\u00f6yn\u00fckl\u00fcl\u0259r - MEYDAN.TV<\/title>\n<meta name=\"robots\" content=\"index, follow, max-snippet:-1, max-image-preview:large, max-video-preview:-1\" \/>\n<link rel=\"canonical\" href=\"https:\/\/www.meydan.tv\/az\/article\/kohne-uaz-umidine-qalan-bas-goynukluler\/\" \/>\n<meta property=\"og:locale\" content=\"az_AZ\" \/>\n<meta property=\"og:type\" content=\"article\" \/>\n<meta property=\"og:title\" content=\"K\u00f6hn\u0259 UAZ-\u0131n \u00fcmidin\u0259 qalan ba\u015f g\u00f6yn\u00fckl\u00fcl\u0259r - MEYDAN.TV\" \/>\n<meta property=\"og:description\" content=\"S\u00fcr\u00fcc\u00fcn\u00fcn s\u00f6zl\u0259rin\u0259 g\u00f6r\u0259, bu ilin may\u0131nda k\u0259nd sakini S\u00fcmuz\u0259r M\u0259mm\u0259dova, avqust ay\u0131nda is\u0259 qad\u0131n\u0131n h\u0259yat yolda\u015f\u0131 \u018fhm\u0259d H\u0259midov ma\u015f\u0131n\u0131n nasazl\u0131\u011f\u0131 s\u0259b\u0259bind\u0259n vaxt\u0131nda x\u0259st\u0259xanaya \u00e7atd\u0131r\u0131lmad\u0131qlar\u0131 \u00fc\u00e7\u00fcn h\u0259yatlar\u0131n\u0131 itiribl\u0259r.\" \/>\n<meta property=\"og:url\" content=\"https:\/\/www.meydan.tv\/az\/article\/kohne-uaz-umidine-qalan-bas-goynukluler\/\" \/>\n<meta property=\"og:site_name\" content=\"MEYDAN.TV\" \/>\n<meta property=\"article:published_time\" content=\"2019-09-18T13:14:53+00:00\" \/>\n<meta property=\"og:image\" content=\"https:\/\/www.meydan.tv\/wp-content\/uploads\/image_from_ios_10_lhgq9cs.jpg\" \/>\n\t<meta property=\"og:image:width\" content=\"1280\" \/>\n\t<meta property=\"og:image:height\" content=\"799\" \/>\n\t<meta property=\"og:image:type\" content=\"image\/jpeg\" \/>\n<meta name=\"author\" content=\"user-manager\" \/>\n<meta name=\"twitter:card\" content=\"summary_large_image\" \/>\n<script type=\"application\/ld+json\" class=\"yoast-schema-graph\">{\"@context\":\"https:\\\/\\\/schema.org\",\"@graph\":[{\"@type\":\"Article\",\"@id\":\"https:\\\/\\\/www.meydan.tv\\\/az\\\/article\\\/kohne-uaz-umidine-qalan-bas-goynukluler\\\/#article\",\"isPartOf\":{\"@id\":\"https:\\\/\\\/www.meydan.tv\\\/az\\\/article\\\/kohne-uaz-umidine-qalan-bas-goynukluler\\\/\"},\"author\":{\"name\":\"user-manager\",\"@id\":\"https:\\\/\\\/www.meydan.tv\\\/az\\\/#\\\/schema\\\/person\\\/10d11eccf6da3662cf5fdab9806ea91a\"},\"headline\":\"K\u00f6hn\u0259 UAZ-\u0131n \u00fcmidin\u0259 qalan ba\u015f g\u00f6yn\u00fckl\u00fcl\u0259r\",\"datePublished\":\"2019-09-18T13:14:53+00:00\",\"mainEntityOfPage\":{\"@id\":\"https:\\\/\\\/www.meydan.tv\\\/az\\\/article\\\/kohne-uaz-umidine-qalan-bas-goynukluler\\\/\"},\"wordCount\":1075,\"publisher\":{\"@id\":\"https:\\\/\\\/www.meydan.tv\\\/az\\\/#organization\"},\"image\":{\"@id\":\"https:\\\/\\\/www.meydan.tv\\\/az\\\/article\\\/kohne-uaz-umidine-qalan-bas-goynukluler\\\/#primaryimage\"},\"thumbnailUrl\":\"https:\\\/\\\/www.meydan.tv\\\/wp-content\\\/uploads\\\/image_from_ios_10_lhgq9cs.jpg\",\"articleSection\":[\"B\u00f6lg\u0259\"],\"inLanguage\":\"az\"},{\"@type\":\"WebPage\",\"@id\":\"https:\\\/\\\/www.meydan.tv\\\/az\\\/article\\\/kohne-uaz-umidine-qalan-bas-goynukluler\\\/\",\"url\":\"https:\\\/\\\/www.meydan.tv\\\/az\\\/article\\\/kohne-uaz-umidine-qalan-bas-goynukluler\\\/\",\"name\":\"K\u00f6hn\u0259 UAZ-\u0131n \u00fcmidin\u0259 qalan ba\u015f g\u00f6yn\u00fckl\u00fcl\u0259r - MEYDAN.TV\",\"isPartOf\":{\"@id\":\"https:\\\/\\\/www.meydan.tv\\\/az\\\/#website\"},\"primaryImageOfPage\":{\"@id\":\"https:\\\/\\\/www.meydan.tv\\\/az\\\/article\\\/kohne-uaz-umidine-qalan-bas-goynukluler\\\/#primaryimage\"},\"image\":{\"@id\":\"https:\\\/\\\/www.meydan.tv\\\/az\\\/article\\\/kohne-uaz-umidine-qalan-bas-goynukluler\\\/#primaryimage\"},\"thumbnailUrl\":\"https:\\\/\\\/www.meydan.tv\\\/wp-content\\\/uploads\\\/image_from_ios_10_lhgq9cs.jpg\",\"datePublished\":\"2019-09-18T13:14:53+00:00\",\"breadcrumb\":{\"@id\":\"https:\\\/\\\/www.meydan.tv\\\/az\\\/article\\\/kohne-uaz-umidine-qalan-bas-goynukluler\\\/#breadcrumb\"},\"inLanguage\":\"az\",\"potentialAction\":[{\"@type\":\"ReadAction\",\"target\":[\"https:\\\/\\\/www.meydan.tv\\\/az\\\/article\\\/kohne-uaz-umidine-qalan-bas-goynukluler\\\/\"]}]},{\"@type\":\"ImageObject\",\"inLanguage\":\"az\",\"@id\":\"https:\\\/\\\/www.meydan.tv\\\/az\\\/article\\\/kohne-uaz-umidine-qalan-bas-goynukluler\\\/#primaryimage\",\"url\":\"https:\\\/\\\/www.meydan.tv\\\/wp-content\\\/uploads\\\/image_from_ios_10_lhgq9cs.jpg\",\"contentUrl\":\"https:\\\/\\\/www.meydan.tv\\\/wp-content\\\/uploads\\\/image_from_ios_10_lhgq9cs.jpg\",\"width\":1280,\"height\":799,\"caption\":\"Source: Specify Source\"},{\"@type\":\"BreadcrumbList\",\"@id\":\"https:\\\/\\\/www.meydan.tv\\\/az\\\/article\\\/kohne-uaz-umidine-qalan-bas-goynukluler\\\/#breadcrumb\",\"itemListElement\":[{\"@type\":\"ListItem\",\"position\":1,\"name\":\"Ana s\u0259hif\u0259\",\"item\":\"https:\\\/\\\/www.meydan.tv\\\/az\\\/\"},{\"@type\":\"ListItem\",\"position\":2,\"name\":\"B\u00f6lg\u0259\",\"item\":\"https:\\\/\\\/www.meydan.tv\\\/az\\\/section\\\/bolge\\\/\"},{\"@type\":\"ListItem\",\"position\":3,\"name\":\"K\u00f6hn\u0259 UAZ-\u0131n \u00fcmidin\u0259 qalan ba\u015f g\u00f6yn\u00fckl\u00fcl\u0259r\"}]},{\"@type\":\"WebSite\",\"@id\":\"https:\\\/\\\/www.meydan.tv\\\/az\\\/#website\",\"url\":\"https:\\\/\\\/www.meydan.tv\\\/az\\\/\",\"name\":\"MEYDAN.TV\",\"description\":\"Meydan TV Az\u0259rbaycan\u0131n media m\u0259kan\u0131ndak\u0131 alternativ s\u0259sidir\",\"publisher\":{\"@id\":\"https:\\\/\\\/www.meydan.tv\\\/az\\\/#organization\"},\"potentialAction\":[{\"@type\":\"SearchAction\",\"target\":{\"@type\":\"EntryPoint\",\"urlTemplate\":\"https:\\\/\\\/www.meydan.tv\\\/az\\\/?s={search_term_string}\"},\"query-input\":{\"@type\":\"PropertyValueSpecification\",\"valueRequired\":true,\"valueName\":\"search_term_string\"}}],\"inLanguage\":\"az\"},{\"@type\":\"Organization\",\"@id\":\"https:\\\/\\\/www.meydan.tv\\\/az\\\/#organization\",\"name\":\"Meydan TV\",\"url\":\"https:\\\/\\\/www.meydan.tv\\\/az\\\/\",\"logo\":{\"@type\":\"ImageObject\",\"inLanguage\":\"az\",\"@id\":\"https:\\\/\\\/www.meydan.tv\\\/az\\\/#\\\/schema\\\/logo\\\/image\\\/\",\"url\":\"https:\\\/\\\/www.meydan.tv\\\/wp-content\\\/uploads\\\/2021\\\/07\\\/meydan-logo.svg\",\"contentUrl\":\"https:\\\/\\\/www.meydan.tv\\\/wp-content\\\/uploads\\\/2021\\\/07\\\/meydan-logo.svg\",\"width\":195,\"height\":46,\"caption\":\"Meydan TV\"},\"image\":{\"@id\":\"https:\\\/\\\/www.meydan.tv\\\/az\\\/#\\\/schema\\\/logo\\\/image\\\/\"}},{\"@type\":\"Person\",\"@id\":\"https:\\\/\\\/www.meydan.tv\\\/az\\\/#\\\/schema\\\/person\\\/10d11eccf6da3662cf5fdab9806ea91a\",\"name\":\"user-manager\"}]}<\/script>\n<!-- \/ Yoast SEO plugin. -->","yoast_head_json":{"title":"K\u00f6hn\u0259 UAZ-\u0131n \u00fcmidin\u0259 qalan ba\u015f g\u00f6yn\u00fckl\u00fcl\u0259r - MEYDAN.TV","robots":{"index":"index","follow":"follow","max-snippet":"max-snippet:-1","max-image-preview":"max-image-preview:large","max-video-preview":"max-video-preview:-1"},"canonical":"https:\/\/www.meydan.tv\/az\/article\/kohne-uaz-umidine-qalan-bas-goynukluler\/","og_locale":"az_AZ","og_type":"article","og_title":"K\u00f6hn\u0259 UAZ-\u0131n \u00fcmidin\u0259 qalan ba\u015f g\u00f6yn\u00fckl\u00fcl\u0259r - MEYDAN.TV","og_description":"S\u00fcr\u00fcc\u00fcn\u00fcn s\u00f6zl\u0259rin\u0259 g\u00f6r\u0259, bu ilin may\u0131nda k\u0259nd sakini S\u00fcmuz\u0259r M\u0259mm\u0259dova, avqust ay\u0131nda is\u0259 qad\u0131n\u0131n h\u0259yat yolda\u015f\u0131 \u018fhm\u0259d H\u0259midov ma\u015f\u0131n\u0131n nasazl\u0131\u011f\u0131 s\u0259b\u0259bind\u0259n vaxt\u0131nda x\u0259st\u0259xanaya \u00e7atd\u0131r\u0131lmad\u0131qlar\u0131 \u00fc\u00e7\u00fcn h\u0259yatlar\u0131n\u0131 itiribl\u0259r.","og_url":"https:\/\/www.meydan.tv\/az\/article\/kohne-uaz-umidine-qalan-bas-goynukluler\/","og_site_name":"MEYDAN.TV","article_published_time":"2019-09-18T13:14:53+00:00","og_image":[{"width":1280,"height":799,"url":"https:\/\/www.meydan.tv\/wp-content\/uploads\/image_from_ios_10_lhgq9cs.jpg","type":"image\/jpeg"}],"author":"user-manager","twitter_card":"summary_large_image","schema":{"@context":"https:\/\/schema.org","@graph":[{"@type":"Article","@id":"https:\/\/www.meydan.tv\/az\/article\/kohne-uaz-umidine-qalan-bas-goynukluler\/#article","isPartOf":{"@id":"https:\/\/www.meydan.tv\/az\/article\/kohne-uaz-umidine-qalan-bas-goynukluler\/"},"author":{"name":"user-manager","@id":"https:\/\/www.meydan.tv\/az\/#\/schema\/person\/10d11eccf6da3662cf5fdab9806ea91a"},"headline":"K\u00f6hn\u0259 UAZ-\u0131n \u00fcmidin\u0259 qalan ba\u015f g\u00f6yn\u00fckl\u00fcl\u0259r","datePublished":"2019-09-18T13:14:53+00:00","mainEntityOfPage":{"@id":"https:\/\/www.meydan.tv\/az\/article\/kohne-uaz-umidine-qalan-bas-goynukluler\/"},"wordCount":1075,"publisher":{"@id":"https:\/\/www.meydan.tv\/az\/#organization"},"image":{"@id":"https:\/\/www.meydan.tv\/az\/article\/kohne-uaz-umidine-qalan-bas-goynukluler\/#primaryimage"},"thumbnailUrl":"https:\/\/www.meydan.tv\/wp-content\/uploads\/image_from_ios_10_lhgq9cs.jpg","articleSection":["B\u00f6lg\u0259"],"inLanguage":"az"},{"@type":"WebPage","@id":"https:\/\/www.meydan.tv\/az\/article\/kohne-uaz-umidine-qalan-bas-goynukluler\/","url":"https:\/\/www.meydan.tv\/az\/article\/kohne-uaz-umidine-qalan-bas-goynukluler\/","name":"K\u00f6hn\u0259 UAZ-\u0131n \u00fcmidin\u0259 qalan ba\u015f g\u00f6yn\u00fckl\u00fcl\u0259r - MEYDAN.TV","isPartOf":{"@id":"https:\/\/www.meydan.tv\/az\/#website"},"primaryImageOfPage":{"@id":"https:\/\/www.meydan.tv\/az\/article\/kohne-uaz-umidine-qalan-bas-goynukluler\/#primaryimage"},"image":{"@id":"https:\/\/www.meydan.tv\/az\/article\/kohne-uaz-umidine-qalan-bas-goynukluler\/#primaryimage"},"thumbnailUrl":"https:\/\/www.meydan.tv\/wp-content\/uploads\/image_from_ios_10_lhgq9cs.jpg","datePublished":"2019-09-18T13:14:53+00:00","breadcrumb":{"@id":"https:\/\/www.meydan.tv\/az\/article\/kohne-uaz-umidine-qalan-bas-goynukluler\/#breadcrumb"},"inLanguage":"az","potentialAction":[{"@type":"ReadAction","target":["https:\/\/www.meydan.tv\/az\/article\/kohne-uaz-umidine-qalan-bas-goynukluler\/"]}]},{"@type":"ImageObject","inLanguage":"az","@id":"https:\/\/www.meydan.tv\/az\/article\/kohne-uaz-umidine-qalan-bas-goynukluler\/#primaryimage","url":"https:\/\/www.meydan.tv\/wp-content\/uploads\/image_from_ios_10_lhgq9cs.jpg","contentUrl":"https:\/\/www.meydan.tv\/wp-content\/uploads\/image_from_ios_10_lhgq9cs.jpg","width":1280,"height":799,"caption":"Source: Specify Source"},{"@type":"BreadcrumbList","@id":"https:\/\/www.meydan.tv\/az\/article\/kohne-uaz-umidine-qalan-bas-goynukluler\/#breadcrumb","itemListElement":[{"@type":"ListItem","position":1,"name":"Ana s\u0259hif\u0259","item":"https:\/\/www.meydan.tv\/az\/"},{"@type":"ListItem","position":2,"name":"B\u00f6lg\u0259","item":"https:\/\/www.meydan.tv\/az\/section\/bolge\/"},{"@type":"ListItem","position":3,"name":"K\u00f6hn\u0259 UAZ-\u0131n \u00fcmidin\u0259 qalan ba\u015f g\u00f6yn\u00fckl\u00fcl\u0259r"}]},{"@type":"WebSite","@id":"https:\/\/www.meydan.tv\/az\/#website","url":"https:\/\/www.meydan.tv\/az\/","name":"MEYDAN.TV","description":"Meydan TV Az\u0259rbaycan\u0131n media m\u0259kan\u0131ndak\u0131 alternativ s\u0259sidir","publisher":{"@id":"https:\/\/www.meydan.tv\/az\/#organization"},"potentialAction":[{"@type":"SearchAction","target":{"@type":"EntryPoint","urlTemplate":"https:\/\/www.meydan.tv\/az\/?s={search_term_string}"},"query-input":{"@type":"PropertyValueSpecification","valueRequired":true,"valueName":"search_term_string"}}],"inLanguage":"az"},{"@type":"Organization","@id":"https:\/\/www.meydan.tv\/az\/#organization","name":"Meydan TV","url":"https:\/\/www.meydan.tv\/az\/","logo":{"@type":"ImageObject","inLanguage":"az","@id":"https:\/\/www.meydan.tv\/az\/#\/schema\/logo\/image\/","url":"https:\/\/www.meydan.tv\/wp-content\/uploads\/2021\/07\/meydan-logo.svg","contentUrl":"https:\/\/www.meydan.tv\/wp-content\/uploads\/2021\/07\/meydan-logo.svg","width":195,"height":46,"caption":"Meydan TV"},"image":{"@id":"https:\/\/www.meydan.tv\/az\/#\/schema\/logo\/image\/"}},{"@type":"Person","@id":"https:\/\/www.meydan.tv\/az\/#\/schema\/person\/10d11eccf6da3662cf5fdab9806ea91a","name":"user-manager"}]}},"_links":{"self":[{"href":"https:\/\/www.meydan.tv\/az\/wp-json\/wp\/v2\/posts\/197020","targetHints":{"allow":["GET"]}}],"collection":[{"href":"https:\/\/www.meydan.tv\/az\/wp-json\/wp\/v2\/posts"}],"about":[{"href":"https:\/\/www.meydan.tv\/az\/wp-json\/wp\/v2\/types\/post"}],"author":[{"embeddable":true,"href":"https:\/\/www.meydan.tv\/az\/wp-json\/wp\/v2\/users\/11"}],"replies":[{"embeddable":true,"href":"https:\/\/www.meydan.tv\/az\/wp-json\/wp\/v2\/comments?post=197020"}],"version-history":[{"count":0,"href":"https:\/\/www.meydan.tv\/az\/wp-json\/wp\/v2\/posts\/197020\/revisions"}],"wp:featuredmedia":[{"embeddable":true,"href":"https:\/\/www.meydan.tv\/az\/wp-json\/wp\/v2\/media\/129844"}],"wp:attachment":[{"href":"https:\/\/www.meydan.tv\/az\/wp-json\/wp\/v2\/media?parent=197020"}],"wp:term":[{"taxonomy":"category","embeddable":true,"href":"https:\/\/www.meydan.tv\/az\/wp-json\/wp\/v2\/categories?post=197020"},{"taxonomy":"post_tag","embeddable":true,"href":"https:\/\/www.meydan.tv\/az\/wp-json\/wp\/v2\/tags?post=197020"}],"curies":[{"name":"wp","href":"https:\/\/api.w.org\/{rel}","templated":true}]}}