{"id":197006,"date":"2019-09-17T15:32:00","date_gmt":"2019-09-17T15:32:00","guid":{"rendered":"https:\/\/www.meydan.tv\/article\/azerbaycan-diller-universitetinin-muelliminden-daha-bir-mehkeme-iddiasi\/"},"modified":"2019-09-17T15:32:00","modified_gmt":"2019-09-17T15:32:00","slug":"azerbaycan-diller-universitetinin-muelliminden-daha-bir-mehkeme-iddiasi","status":"publish","type":"post","link":"https:\/\/www.meydan.tv\/az\/article\/azerbaycan-diller-universitetinin-muelliminden-daha-bir-mehkeme-iddiasi\/","title":{"rendered":"Az\u0259rbaycan Dill\u0259r Universitetinin m\u00fc\u0259llimind\u0259n daha bir m\u0259hk\u0259m\u0259 iddias\u0131"},"content":{"rendered":"<p>\n  <i><br \/>\n    \u201cT\u0259nqidl\u0259rim\u0259 g\u00f6r\u0259 universitet r\u0259hb\u0259rliyi f\u00fcrs\u0259t axtar\u0131r ki, m\u0259ni bu t\u0259hsil m\u00fc\u0259ssis\u0259sind\u0259n bird\u0259f\u0259lik uzaqla\u015fd\u0131rs\u0131n\u201d<br \/>\n  <\/i>\n<\/p>\n<p>\n  Az\u0259rbaycan Dill\u0259r Universitetinin m\u00fc\u0259llimi V\u00fcsal\u0259 A\u011fab\u0259yli bu t\u0259hsil m\u00fc\u0259ssis\u0259sinin r\u0259hb\u0259rliyin\u0259 qar\u015f\u0131 m\u0259hk\u0259m\u0259d\u0259 daha bir iddia qald\u0131r\u0131b. V.A\u011fab\u0259yli universitetin rektoru Kamal Abdullan\u0131n ona t\u00f6hm\u0259t verilm\u0259si bar\u0259d\u0259 \u0259mrinin qanunsuz say\u0131lmas\u0131, \u00f6d\u0259nilm\u0259mi\u015f \u0259m\u0259khaqq\u0131s\u0131n\u0131n \u00f6d\u0259nilm\u0259si, maa\u015f\u0131ndan qanunsuz tutmalar\u0131n qada\u011fan edilm\u0259sini ist\u0259yir.\n<\/p>\n<p>\n  V.A\u011fab\u0259ylinin bu bar\u0259d\u0259 iddias\u0131na N\u0259simi Rayon M\u0259hk\u0259m\u0259sind\u0259 bax\u0131l\u0131r. Universitetin filologiya v\u0259 jurnalistika fak\u00fclt\u0259sinin ke\u00e7mi\u015f dekan\u0131 olan V.A\u011fab\u0259yli iddia \u0259riz\u0259sind\u0259 yaz\u0131r ki, onun dekan v\u0259zif\u0259sind\u0259n azad edilm\u0259si, t\u00f6hm\u0259t verilm\u0259si bar\u0259d\u0259 rektorun \u0259mrl\u0259ri qanunsuz olub.\n<\/p>\n<p>\n  Onun s\u00f6zl\u0259rin\u0259 g\u00f6r\u0259, t\u00f6hm\u0259t verilm\u0259si, i\u015fd\u0259n azad edilm\u0259 bar\u0259d\u0259 \u0259mrl\u0259rin qanunsuz hesab olunmas\u0131, i\u015f\u0259b\u0259rpa v\u0259 m\u0259cburi i\u015fburaxmaya g\u00f6r\u0259 \u0259m\u0259khaqq\u0131n\u0131n \u00f6d\u0259nilm\u0259si t\u0259l\u0259bil\u0259 m\u0259hk\u0259m\u0259y\u0259 m\u00fcraci\u0259t ets\u0259 d\u0259, iddias\u0131 t\u0259min olunmay\u0131b.\n<\/p>\n<p>\n  V.A\u011fab\u0259yli dekan v\u0259zif\u0259sind\u0259n azad edil\u0259nd\u0259n sonra yar\u0131m\u015ftat m\u00fc\u0259llim kimi universitetd\u0259 f\u0259aliyy\u0259tini davam etdirib. Onun iddia \u0259riz\u0259sind\u0259 yazd\u0131\u011f\u0131na g\u00f6r\u0259, rektor bundan sonra da t\u0259zyiql\u0259ri davam etdirib. Hiss etdirib ki, bir m\u00fcdd\u0259t sonra universitetd\u0259n tam \u00e7\u0131xar\u0131lacaq. \u0130yulun 3-d\u0259n is\u0259 maa\u015f\u0131ndan birt\u0259r\u0259fli qaydada tutulub. N\u0259tic\u0259d\u0259 iyul ay\u0131nda onun maa\u015f kart\u0131na c\u0259mi 21 manat 38 q\u0259pik v\u0259sait k\u00f6\u00e7\u00fcr\u00fcl\u00fcb. Bununla \u0259laq\u0259dar universitet\u0259 m\u00fcraci\u0259t ed\u0259nd\u0259 is\u0259 ona cavab verilib ki, buraxd\u0131\u011f\u0131 i\u015f saatlar\u0131na g\u00f6r\u0259 maa\u015f\u0131n\u0131n bir hiss\u0259si tutulub. Bundan ba\u015fqa, 8 iyulda rektorun \u0259mril\u0259 ona \u0259m\u0259k intizam\u0131n\u0131 pozma\u011fa g\u00f6r\u0259 t\u00f6hm\u0259t verilib.\n<\/p>\n<p>\n  Eyni \u0259m\u0259l\u0259 g\u00f6r\u0259 iki d\u0259f\u0259 c\u0259zaland\u0131r\u0131ld\u0131\u011f\u0131n\u0131, bunun da qanuna zidd oldu\u011funu vur\u011fulayan V.A\u011fab\u0259ylinin s\u00f6zl\u0259rin\u0259 g\u00f6r\u0259, ba\u015f ver\u0259nl\u0259rin yegan\u0259 s\u0259b\u0259bi onun rektor K.Abdullaya qar\u015f\u0131 t\u0259nqidl\u0259ri, onunla aralar\u0131ndak\u0131 m\u00fcnaqi\u015f\u0259l\u0259rdir. M\u00fc\u0259llim\u0259 iddia edir ki, m\u0259hz rektorun g\u00f6st\u0259ri\u015fil\u0259 t\u0259zyiql\u0259r\u0259 m\u0259ruz qal\u0131r. Onun s\u00f6zl\u0259rin\u0259 g\u00f6r\u0259, rektorla aralar\u0131ndak\u0131 g\u0259rginliyin yegan\u0259 s\u0259b\u0259bi is\u0259 K.Abdullan\u0131n qanunsuz g\u00f6st\u0259ri\u015fl\u0259rini yerin\u0259 yetirm\u0259kd\u0259n imtina etm\u0259si, onun \u0259m\u0259ll\u0259rini a\u00e7\u0131q \u015f\u0259kild\u0259 t\u0259nqid etm\u0259sidir:\n<\/p>\n<p>\n  \u201cT\u0259nqidl\u0259rim\u0259 g\u00f6r\u0259 universitet r\u0259hb\u0259rliyi f\u00fcrs\u0259t axtar\u0131r ki, m\u0259ni bu t\u0259hsil m\u00fc\u0259ssis\u0259sind\u0259n bird\u0259f\u0259lik uzaqla\u015fd\u0131rs\u0131n\u201d.\n<\/p>\n<p>\n  Bu i\u015f \u00fczr\u0259 N\u0259simi Rayon M\u0259hk\u0259m\u0259sind\u0259 ke\u00e7iril\u0259n haz\u0131rl\u0131q iclas\u0131nda universitetin n\u00fcmay\u0259nd\u0259si, v\u0259kil Azad M\u0259mm\u0259dov v\u0259sat\u0259t qald\u0131r\u0131b ki, V.A\u011fab\u0259ylinin iddias\u0131na ba\u015fqa m\u0259hk\u0259m\u0259d\u0259 bax\u0131ls\u0131n. N\u00fcmay\u0259nd\u0259 T\u0259hsil Nazirliyinin N\u0259rimanov rayonu \u0259razisind\u0259 yerl\u0259\u015fdiyini \u0259sas g\u0259tir\u0259r\u0259k, bu iddiaya N\u0259simi Rayon M\u0259hk\u0259m\u0259sind\u0259 bax\u0131lmas\u0131na etiraz edib.\n<\/p>\n<p>\n  Hakim R\u0259\u015fid S\u0259m\u0259dov v\u0259sat\u0259ti t\u0259min etm\u0259yib. M\u0259hk\u0259m\u0259 bax\u0131\u015f\u0131 sentyabr\u0131n 20-n\u0259 t\u0259yin edilib.\n<\/p>\n<p>\n  Az\u0259rbaycan Dill\u0259r Universitetinin rektoru, akademik Kamal Abdulla il\u0259 filologiya-jurnalistika fak\u00fclt\u0259sinin ke\u00e7mi\u015f dekan\u0131 V\u00fcsal\u0259 A\u011fab\u0259yli aras\u0131ndak\u0131 qalmaqal art\u0131q m\u0259hk\u0259m\u0259 m\u00fcst\u0259visin\u0259 ke\u00e7ib. T\u0259r\u0259fl\u0259r bir-birini m\u0259hk\u0259m\u0259y\u0259 verib.<br \/>\n  <a href=\"https:\/\/www.meydan.tv\/az\/article\/kamal-abdullanin-prinsipleri-ondan-ibaretdir-ki-o-tehqir-edende-susmalisan\/?ref=search\"><br \/>\n    V\u00fcsal\u0259 A\u011fab\u0259yli<br \/>\n  <\/a><br \/>\n  Kamal Abdullan\u0131 i\u015f\u00e7il\u0259ri a\u015fa\u011f\u0131lamaqda, onunla raz\u0131la\u015fmayanlara t\u0259zyiq g\u00f6st\u0259rm\u0259kd\u0259 g\u00fcnahland\u0131r\u0131r.<\/p>\n","protected":false},"excerpt":{"rendered":"<p>N\u0259tic\u0259d\u0259 iyul ay\u0131nda onun maa\u015f kart\u0131na c\u0259mi 21 manat 38 q\u0259pik v\u0259sait k\u00f6\u00e7\u00fcr\u00fcl\u00fcb.<\/p>\n","protected":false},"author":11,"featured_media":129808,"comment_status":"closed","ping_status":"open","sticky":false,"template":"","format":"standard","meta":{"_acf_changed":false,"_sitemap_exclude":false,"_sitemap_priority":"","_sitemap_frequency":"","footnotes":""},"categories":[59],"tags":[],"class_list":["post-197006","post","type-post","status-publish","format-standard","has-post-thumbnail","hentry","category-siyaset","infinite-scroll-item","generate-columns","tablet-grid-50","mobile-grid-100","grid-parent","grid-33","no-featured-image-padding"],"acf":[],"yoast_head":"<!-- This site is optimized with the Yoast SEO plugin v27.5 - https:\/\/yoast.com\/product\/yoast-seo-wordpress\/ -->\n<title>Az\u0259rbaycan Dill\u0259r Universitetinin m\u00fc\u0259llimind\u0259n daha bir m\u0259hk\u0259m\u0259 iddias\u0131 - MEYDAN.TV<\/title>\n<meta name=\"robots\" content=\"index, follow, max-snippet:-1, max-image-preview:large, max-video-preview:-1\" \/>\n<link rel=\"canonical\" href=\"https:\/\/www.meydan.tv\/az\/article\/azerbaycan-diller-universitetinin-muelliminden-daha-bir-mehkeme-iddiasi\/\" \/>\n<meta property=\"og:locale\" content=\"az_AZ\" \/>\n<meta property=\"og:type\" content=\"article\" \/>\n<meta property=\"og:title\" content=\"Az\u0259rbaycan Dill\u0259r Universitetinin m\u00fc\u0259llimind\u0259n daha bir m\u0259hk\u0259m\u0259 iddias\u0131 - MEYDAN.TV\" \/>\n<meta property=\"og:description\" content=\"N\u0259tic\u0259d\u0259 iyul ay\u0131nda onun maa\u015f kart\u0131na c\u0259mi 21 manat 38 q\u0259pik v\u0259sait k\u00f6\u00e7\u00fcr\u00fcl\u00fcb.\" \/>\n<meta property=\"og:url\" content=\"https:\/\/www.meydan.tv\/az\/article\/azerbaycan-diller-universitetinin-muelliminden-daha-bir-mehkeme-iddiasi\/\" \/>\n<meta property=\"og:site_name\" content=\"MEYDAN.TV\" \/>\n<meta property=\"article:published_time\" content=\"2019-09-17T15:32:00+00:00\" \/>\n<meta property=\"og:image\" content=\"https:\/\/www.meydan.tv\/wp-content\/uploads\/iniazbaku.jpg\" \/>\n\t<meta property=\"og:image:width\" content=\"2102\" \/>\n\t<meta property=\"og:image:height\" content=\"1290\" \/>\n\t<meta property=\"og:image:type\" content=\"image\/jpeg\" \/>\n<meta name=\"author\" content=\"user-manager\" \/>\n<meta name=\"twitter:card\" content=\"summary_large_image\" \/>\n<script type=\"application\/ld+json\" class=\"yoast-schema-graph\">{\"@context\":\"https:\\\/\\\/schema.org\",\"@graph\":[{\"@type\":\"Article\",\"@id\":\"https:\\\/\\\/www.meydan.tv\\\/az\\\/article\\\/azerbaycan-diller-universitetinin-muelliminden-daha-bir-mehkeme-iddiasi\\\/#article\",\"isPartOf\":{\"@id\":\"https:\\\/\\\/www.meydan.tv\\\/az\\\/article\\\/azerbaycan-diller-universitetinin-muelliminden-daha-bir-mehkeme-iddiasi\\\/\"},\"author\":{\"name\":\"user-manager\",\"@id\":\"https:\\\/\\\/www.meydan.tv\\\/az\\\/#\\\/schema\\\/person\\\/10d11eccf6da3662cf5fdab9806ea91a\"},\"headline\":\"Az\u0259rbaycan Dill\u0259r Universitetinin m\u00fc\u0259llimind\u0259n daha bir m\u0259hk\u0259m\u0259 iddias\u0131\",\"datePublished\":\"2019-09-17T15:32:00+00:00\",\"mainEntityOfPage\":{\"@id\":\"https:\\\/\\\/www.meydan.tv\\\/az\\\/article\\\/azerbaycan-diller-universitetinin-muelliminden-daha-bir-mehkeme-iddiasi\\\/\"},\"wordCount\":695,\"publisher\":{\"@id\":\"https:\\\/\\\/www.meydan.tv\\\/az\\\/#organization\"},\"image\":{\"@id\":\"https:\\\/\\\/www.meydan.tv\\\/az\\\/article\\\/azerbaycan-diller-universitetinin-muelliminden-daha-bir-mehkeme-iddiasi\\\/#primaryimage\"},\"thumbnailUrl\":\"https:\\\/\\\/www.meydan.tv\\\/wp-content\\\/uploads\\\/iniazbaku.jpg\",\"articleSection\":[\"Siyas\u0259t\"],\"inLanguage\":\"az\"},{\"@type\":\"WebPage\",\"@id\":\"https:\\\/\\\/www.meydan.tv\\\/az\\\/article\\\/azerbaycan-diller-universitetinin-muelliminden-daha-bir-mehkeme-iddiasi\\\/\",\"url\":\"https:\\\/\\\/www.meydan.tv\\\/az\\\/article\\\/azerbaycan-diller-universitetinin-muelliminden-daha-bir-mehkeme-iddiasi\\\/\",\"name\":\"Az\u0259rbaycan Dill\u0259r Universitetinin m\u00fc\u0259llimind\u0259n daha bir m\u0259hk\u0259m\u0259 iddias\u0131 - MEYDAN.TV\",\"isPartOf\":{\"@id\":\"https:\\\/\\\/www.meydan.tv\\\/az\\\/#website\"},\"primaryImageOfPage\":{\"@id\":\"https:\\\/\\\/www.meydan.tv\\\/az\\\/article\\\/azerbaycan-diller-universitetinin-muelliminden-daha-bir-mehkeme-iddiasi\\\/#primaryimage\"},\"image\":{\"@id\":\"https:\\\/\\\/www.meydan.tv\\\/az\\\/article\\\/azerbaycan-diller-universitetinin-muelliminden-daha-bir-mehkeme-iddiasi\\\/#primaryimage\"},\"thumbnailUrl\":\"https:\\\/\\\/www.meydan.tv\\\/wp-content\\\/uploads\\\/iniazbaku.jpg\",\"datePublished\":\"2019-09-17T15:32:00+00:00\",\"breadcrumb\":{\"@id\":\"https:\\\/\\\/www.meydan.tv\\\/az\\\/article\\\/azerbaycan-diller-universitetinin-muelliminden-daha-bir-mehkeme-iddiasi\\\/#breadcrumb\"},\"inLanguage\":\"az\",\"potentialAction\":[{\"@type\":\"ReadAction\",\"target\":[\"https:\\\/\\\/www.meydan.tv\\\/az\\\/article\\\/azerbaycan-diller-universitetinin-muelliminden-daha-bir-mehkeme-iddiasi\\\/\"]}]},{\"@type\":\"ImageObject\",\"inLanguage\":\"az\",\"@id\":\"https:\\\/\\\/www.meydan.tv\\\/az\\\/article\\\/azerbaycan-diller-universitetinin-muelliminden-daha-bir-mehkeme-iddiasi\\\/#primaryimage\",\"url\":\"https:\\\/\\\/www.meydan.tv\\\/wp-content\\\/uploads\\\/iniazbaku.jpg\",\"contentUrl\":\"https:\\\/\\\/www.meydan.tv\\\/wp-content\\\/uploads\\\/iniazbaku.jpg\",\"width\":2102,\"height\":1290,\"caption\":\"Source: meydan.tv\"},{\"@type\":\"BreadcrumbList\",\"@id\":\"https:\\\/\\\/www.meydan.tv\\\/az\\\/article\\\/azerbaycan-diller-universitetinin-muelliminden-daha-bir-mehkeme-iddiasi\\\/#breadcrumb\",\"itemListElement\":[{\"@type\":\"ListItem\",\"position\":1,\"name\":\"Ana s\u0259hif\u0259\",\"item\":\"https:\\\/\\\/www.meydan.tv\\\/az\\\/\"},{\"@type\":\"ListItem\",\"position\":2,\"name\":\"Siyas\u0259t\",\"item\":\"https:\\\/\\\/www.meydan.tv\\\/az\\\/section\\\/siyaset\\\/\"},{\"@type\":\"ListItem\",\"position\":3,\"name\":\"Az\u0259rbaycan Dill\u0259r Universitetinin m\u00fc\u0259llimind\u0259n daha bir m\u0259hk\u0259m\u0259 iddias\u0131\"}]},{\"@type\":\"WebSite\",\"@id\":\"https:\\\/\\\/www.meydan.tv\\\/az\\\/#website\",\"url\":\"https:\\\/\\\/www.meydan.tv\\\/az\\\/\",\"name\":\"MEYDAN.TV\",\"description\":\"Meydan TV Az\u0259rbaycan\u0131n media m\u0259kan\u0131ndak\u0131 alternativ s\u0259sidir\",\"publisher\":{\"@id\":\"https:\\\/\\\/www.meydan.tv\\\/az\\\/#organization\"},\"potentialAction\":[{\"@type\":\"SearchAction\",\"target\":{\"@type\":\"EntryPoint\",\"urlTemplate\":\"https:\\\/\\\/www.meydan.tv\\\/az\\\/?s={search_term_string}\"},\"query-input\":{\"@type\":\"PropertyValueSpecification\",\"valueRequired\":true,\"valueName\":\"search_term_string\"}}],\"inLanguage\":\"az\"},{\"@type\":\"Organization\",\"@id\":\"https:\\\/\\\/www.meydan.tv\\\/az\\\/#organization\",\"name\":\"Meydan TV\",\"url\":\"https:\\\/\\\/www.meydan.tv\\\/az\\\/\",\"logo\":{\"@type\":\"ImageObject\",\"inLanguage\":\"az\",\"@id\":\"https:\\\/\\\/www.meydan.tv\\\/az\\\/#\\\/schema\\\/logo\\\/image\\\/\",\"url\":\"https:\\\/\\\/www.meydan.tv\\\/wp-content\\\/uploads\\\/2021\\\/07\\\/meydan-logo.svg\",\"contentUrl\":\"https:\\\/\\\/www.meydan.tv\\\/wp-content\\\/uploads\\\/2021\\\/07\\\/meydan-logo.svg\",\"width\":195,\"height\":46,\"caption\":\"Meydan TV\"},\"image\":{\"@id\":\"https:\\\/\\\/www.meydan.tv\\\/az\\\/#\\\/schema\\\/logo\\\/image\\\/\"}},{\"@type\":\"Person\",\"@id\":\"https:\\\/\\\/www.meydan.tv\\\/az\\\/#\\\/schema\\\/person\\\/10d11eccf6da3662cf5fdab9806ea91a\",\"name\":\"user-manager\"}]}<\/script>\n<!-- \/ Yoast SEO plugin. -->","yoast_head_json":{"title":"Az\u0259rbaycan Dill\u0259r Universitetinin m\u00fc\u0259llimind\u0259n daha bir m\u0259hk\u0259m\u0259 iddias\u0131 - MEYDAN.TV","robots":{"index":"index","follow":"follow","max-snippet":"max-snippet:-1","max-image-preview":"max-image-preview:large","max-video-preview":"max-video-preview:-1"},"canonical":"https:\/\/www.meydan.tv\/az\/article\/azerbaycan-diller-universitetinin-muelliminden-daha-bir-mehkeme-iddiasi\/","og_locale":"az_AZ","og_type":"article","og_title":"Az\u0259rbaycan Dill\u0259r Universitetinin m\u00fc\u0259llimind\u0259n daha bir m\u0259hk\u0259m\u0259 iddias\u0131 - MEYDAN.TV","og_description":"N\u0259tic\u0259d\u0259 iyul ay\u0131nda onun maa\u015f kart\u0131na c\u0259mi 21 manat 38 q\u0259pik v\u0259sait k\u00f6\u00e7\u00fcr\u00fcl\u00fcb.","og_url":"https:\/\/www.meydan.tv\/az\/article\/azerbaycan-diller-universitetinin-muelliminden-daha-bir-mehkeme-iddiasi\/","og_site_name":"MEYDAN.TV","article_published_time":"2019-09-17T15:32:00+00:00","og_image":[{"width":2102,"height":1290,"url":"https:\/\/www.meydan.tv\/wp-content\/uploads\/iniazbaku.jpg","type":"image\/jpeg"}],"author":"user-manager","twitter_card":"summary_large_image","schema":{"@context":"https:\/\/schema.org","@graph":[{"@type":"Article","@id":"https:\/\/www.meydan.tv\/az\/article\/azerbaycan-diller-universitetinin-muelliminden-daha-bir-mehkeme-iddiasi\/#article","isPartOf":{"@id":"https:\/\/www.meydan.tv\/az\/article\/azerbaycan-diller-universitetinin-muelliminden-daha-bir-mehkeme-iddiasi\/"},"author":{"name":"user-manager","@id":"https:\/\/www.meydan.tv\/az\/#\/schema\/person\/10d11eccf6da3662cf5fdab9806ea91a"},"headline":"Az\u0259rbaycan Dill\u0259r Universitetinin m\u00fc\u0259llimind\u0259n daha bir m\u0259hk\u0259m\u0259 iddias\u0131","datePublished":"2019-09-17T15:32:00+00:00","mainEntityOfPage":{"@id":"https:\/\/www.meydan.tv\/az\/article\/azerbaycan-diller-universitetinin-muelliminden-daha-bir-mehkeme-iddiasi\/"},"wordCount":695,"publisher":{"@id":"https:\/\/www.meydan.tv\/az\/#organization"},"image":{"@id":"https:\/\/www.meydan.tv\/az\/article\/azerbaycan-diller-universitetinin-muelliminden-daha-bir-mehkeme-iddiasi\/#primaryimage"},"thumbnailUrl":"https:\/\/www.meydan.tv\/wp-content\/uploads\/iniazbaku.jpg","articleSection":["Siyas\u0259t"],"inLanguage":"az"},{"@type":"WebPage","@id":"https:\/\/www.meydan.tv\/az\/article\/azerbaycan-diller-universitetinin-muelliminden-daha-bir-mehkeme-iddiasi\/","url":"https:\/\/www.meydan.tv\/az\/article\/azerbaycan-diller-universitetinin-muelliminden-daha-bir-mehkeme-iddiasi\/","name":"Az\u0259rbaycan Dill\u0259r Universitetinin m\u00fc\u0259llimind\u0259n daha bir m\u0259hk\u0259m\u0259 iddias\u0131 - MEYDAN.TV","isPartOf":{"@id":"https:\/\/www.meydan.tv\/az\/#website"},"primaryImageOfPage":{"@id":"https:\/\/www.meydan.tv\/az\/article\/azerbaycan-diller-universitetinin-muelliminden-daha-bir-mehkeme-iddiasi\/#primaryimage"},"image":{"@id":"https:\/\/www.meydan.tv\/az\/article\/azerbaycan-diller-universitetinin-muelliminden-daha-bir-mehkeme-iddiasi\/#primaryimage"},"thumbnailUrl":"https:\/\/www.meydan.tv\/wp-content\/uploads\/iniazbaku.jpg","datePublished":"2019-09-17T15:32:00+00:00","breadcrumb":{"@id":"https:\/\/www.meydan.tv\/az\/article\/azerbaycan-diller-universitetinin-muelliminden-daha-bir-mehkeme-iddiasi\/#breadcrumb"},"inLanguage":"az","potentialAction":[{"@type":"ReadAction","target":["https:\/\/www.meydan.tv\/az\/article\/azerbaycan-diller-universitetinin-muelliminden-daha-bir-mehkeme-iddiasi\/"]}]},{"@type":"ImageObject","inLanguage":"az","@id":"https:\/\/www.meydan.tv\/az\/article\/azerbaycan-diller-universitetinin-muelliminden-daha-bir-mehkeme-iddiasi\/#primaryimage","url":"https:\/\/www.meydan.tv\/wp-content\/uploads\/iniazbaku.jpg","contentUrl":"https:\/\/www.meydan.tv\/wp-content\/uploads\/iniazbaku.jpg","width":2102,"height":1290,"caption":"Source: meydan.tv"},{"@type":"BreadcrumbList","@id":"https:\/\/www.meydan.tv\/az\/article\/azerbaycan-diller-universitetinin-muelliminden-daha-bir-mehkeme-iddiasi\/#breadcrumb","itemListElement":[{"@type":"ListItem","position":1,"name":"Ana s\u0259hif\u0259","item":"https:\/\/www.meydan.tv\/az\/"},{"@type":"ListItem","position":2,"name":"Siyas\u0259t","item":"https:\/\/www.meydan.tv\/az\/section\/siyaset\/"},{"@type":"ListItem","position":3,"name":"Az\u0259rbaycan Dill\u0259r Universitetinin m\u00fc\u0259llimind\u0259n daha bir m\u0259hk\u0259m\u0259 iddias\u0131"}]},{"@type":"WebSite","@id":"https:\/\/www.meydan.tv\/az\/#website","url":"https:\/\/www.meydan.tv\/az\/","name":"MEYDAN.TV","description":"Meydan TV Az\u0259rbaycan\u0131n media m\u0259kan\u0131ndak\u0131 alternativ s\u0259sidir","publisher":{"@id":"https:\/\/www.meydan.tv\/az\/#organization"},"potentialAction":[{"@type":"SearchAction","target":{"@type":"EntryPoint","urlTemplate":"https:\/\/www.meydan.tv\/az\/?s={search_term_string}"},"query-input":{"@type":"PropertyValueSpecification","valueRequired":true,"valueName":"search_term_string"}}],"inLanguage":"az"},{"@type":"Organization","@id":"https:\/\/www.meydan.tv\/az\/#organization","name":"Meydan TV","url":"https:\/\/www.meydan.tv\/az\/","logo":{"@type":"ImageObject","inLanguage":"az","@id":"https:\/\/www.meydan.tv\/az\/#\/schema\/logo\/image\/","url":"https:\/\/www.meydan.tv\/wp-content\/uploads\/2021\/07\/meydan-logo.svg","contentUrl":"https:\/\/www.meydan.tv\/wp-content\/uploads\/2021\/07\/meydan-logo.svg","width":195,"height":46,"caption":"Meydan TV"},"image":{"@id":"https:\/\/www.meydan.tv\/az\/#\/schema\/logo\/image\/"}},{"@type":"Person","@id":"https:\/\/www.meydan.tv\/az\/#\/schema\/person\/10d11eccf6da3662cf5fdab9806ea91a","name":"user-manager"}]}},"_links":{"self":[{"href":"https:\/\/www.meydan.tv\/az\/wp-json\/wp\/v2\/posts\/197006","targetHints":{"allow":["GET"]}}],"collection":[{"href":"https:\/\/www.meydan.tv\/az\/wp-json\/wp\/v2\/posts"}],"about":[{"href":"https:\/\/www.meydan.tv\/az\/wp-json\/wp\/v2\/types\/post"}],"author":[{"embeddable":true,"href":"https:\/\/www.meydan.tv\/az\/wp-json\/wp\/v2\/users\/11"}],"replies":[{"embeddable":true,"href":"https:\/\/www.meydan.tv\/az\/wp-json\/wp\/v2\/comments?post=197006"}],"version-history":[{"count":0,"href":"https:\/\/www.meydan.tv\/az\/wp-json\/wp\/v2\/posts\/197006\/revisions"}],"wp:featuredmedia":[{"embeddable":true,"href":"https:\/\/www.meydan.tv\/az\/wp-json\/wp\/v2\/media\/129808"}],"wp:attachment":[{"href":"https:\/\/www.meydan.tv\/az\/wp-json\/wp\/v2\/media?parent=197006"}],"wp:term":[{"taxonomy":"category","embeddable":true,"href":"https:\/\/www.meydan.tv\/az\/wp-json\/wp\/v2\/categories?post=197006"},{"taxonomy":"post_tag","embeddable":true,"href":"https:\/\/www.meydan.tv\/az\/wp-json\/wp\/v2\/tags?post=197006"}],"curies":[{"name":"wp","href":"https:\/\/api.w.org\/{rel}","templated":true}]}}