{"id":197005,"date":"2019-09-17T15:17:57","date_gmt":"2019-09-17T15:17:57","guid":{"rendered":"https:\/\/www.meydan.tv\/article\/tehsil-kreditleri-haqqinda-qanun-layihesinin-hazirlanacaq\/"},"modified":"2019-09-17T15:17:57","modified_gmt":"2019-09-17T15:17:57","slug":"tehsil-kreditleri-haqqinda-qanun-layihesinin-hazirlanacaq","status":"publish","type":"post","link":"https:\/\/www.meydan.tv\/az\/article\/tehsil-kreditleri-haqqinda-qanun-layihesinin-hazirlanacaq\/","title":{"rendered":"&#8220;T\u0259hsil kreditl\u0259ri haqq\u0131nda\u201d qanun layih\u0259sinin haz\u0131rlanacaq"},"content":{"rendered":"<p>\n  <i><br \/>\n    \u0130sa H\u0259bibb\u0259yli: &quot;Ali m\u0259kt\u0259b d\u0259rslikl\u0259ri ill\u0259r \u0259vv\u0259l edilmi\u015f t\u0259rc\u00fcm\u0259l\u0259r\u0259 \u0259saslan\u0131r&quot;<br \/>\n  <\/i>\n<\/p>\n<p>\n  &quot; H\u0259r il 250-d\u0259n \u00e7ox m\u0259kt\u0259b ya tikilir, ya da \u0259sasl\u0131 \u015f\u0259kild\u0259 t\u0259mir edilir. Haz\u0131rda Az\u0259rbaycanda 3200 m\u0259kt\u0259b f\u0259aliyy\u0259t g\u00f6st\u0259rir. \u00d6lk\u0259d\u0259 son ill\u0259rd\u0259 2500-\u0259 yax\u0131n m\u0259kt\u0259b tikilib v\u0259 ya \u0259sasl\u0131 t\u0259mir olunub&quot;.\n<\/p>\n<p>\n  Milli M\u0259clisin Elm v\u0259 t\u0259hsil komit\u0259sinin sentyabr\u0131n 17-d\u0259 ke\u00e7iril\u0259n iclas\u0131nda komit\u0259 s\u0259dri \u0130sa H\u0259bibb\u0259yli bel\u0259 deyib. O bildirib ki, t\u0259mir edilm\u0259mi\u015f 500-600 m\u0259kt\u0259b qal\u0131b ki, onlar\u0131n da t\u0259miri yax\u0131n 2-3 il \u0259rzind\u0259 t\u0259miri h\u0259yata ke\u00e7irl\u0259c\u0259k.\n<\/p>\n<p>\n  Komit\u0259 s\u0259dri ali t\u0259hsil m\u00fc\u0259ssis\u0259l\u0259rinin d\u0259rslikl\u0259rind\u0259 probleml\u0259r oldu\u011funu da deyib.\n<\/p>\n<p>\n  O qeyd edib ki, t\u0259tbiqi, d\u0259qiq v\u0259 t\u0259bi\u0259t elml\u0259ri sah\u0259sind\u0259 d\u0259rslikl\u0259r ill\u0259r \u0259vv\u0259l edilmi\u015f t\u0259rc\u00fcm\u0259l\u0259r\u0259 \u0259saslan\u0131r. &quot;Bu sah\u0259d\u0259 i\u015fl\u0259r g\u00f6r\u00fclm\u0259lidir. X\u00fcsusil\u0259, magistratura \u00fc\u00e7\u00fcn d\u0259rslikl\u0259rin yarad\u0131lmas\u0131 i\u015fl\u0259ri d\u0259 \u00e7ox l\u0259ng gedir\u201d.\n<\/p>\n<p>\n  \u0130sa H\u0259bibb\u0259yli \u00f6d\u0259ni\u015fli t\u0259hsil alan t\u0259l\u0259b\u0259l\u0259rin probleml\u0259rini h\u0259ll etm\u0259k \u00fc\u00e7\u00fcn ayr\u0131ca qanunun haz\u0131rlanmas\u0131n\u0131n m\u0259qs\u0259d\u0259uy\u011fun hesab edildiyini v\u0259 &quot;T\u0259hsil kreditl\u0259ri haqq\u0131nda\u201d qanun layih\u0259sinin haz\u0131rlanaca\u011f\u0131n\u0131 da bildirib. \u201cBununla ba\u011fl\u0131 m\u00fczakir\u0259l\u0259r apar\u0131l\u0131r v\u0259 d\u00fcnya t\u0259cr\u00fcb\u0259si \u00f6yr\u0259nilir\u201d.<\/p>\n","protected":false},"excerpt":{"rendered":"<p>O bildirib ki, t\u0259mir edilm\u0259mi\u015f 500-600 m\u0259kt\u0259b qal\u0131b ki, onlar\u0131n da t\u0259miri yax\u0131n 2-3 il \u0259rzind\u0259 t\u0259miri h\u0259yata ke\u00e7irl\u0259c\u0259k.<\/p>\n","protected":false},"author":11,"featured_media":129805,"comment_status":"closed","ping_status":"open","sticky":false,"template":"","format":"standard","meta":{"_acf_changed":false,"_sitemap_exclude":false,"_sitemap_priority":"","_sitemap_frequency":"","footnotes":""},"categories":[59],"tags":[],"class_list":["post-197005","post","type-post","status-publish","format-standard","has-post-thumbnail","hentry","category-siyaset","infinite-scroll-item","generate-columns","tablet-grid-50","mobile-grid-100","grid-parent","grid-33","no-featured-image-padding"],"acf":[],"yoast_head":"<!-- This site is optimized with the Yoast SEO plugin v27.5 - https:\/\/yoast.com\/product\/yoast-seo-wordpress\/ -->\n<title>&quot;T\u0259hsil kreditl\u0259ri haqq\u0131nda\u201d qanun layih\u0259sinin haz\u0131rlanacaq - MEYDAN.TV<\/title>\n<meta name=\"robots\" content=\"index, follow, max-snippet:-1, max-image-preview:large, max-video-preview:-1\" \/>\n<link rel=\"canonical\" href=\"https:\/\/www.meydan.tv\/az\/article\/tehsil-kreditleri-haqqinda-qanun-layihesinin-hazirlanacaq\/\" \/>\n<meta property=\"og:locale\" content=\"az_AZ\" \/>\n<meta property=\"og:type\" content=\"article\" \/>\n<meta property=\"og:title\" content=\"&quot;T\u0259hsil kreditl\u0259ri haqq\u0131nda\u201d qanun layih\u0259sinin haz\u0131rlanacaq - MEYDAN.TV\" \/>\n<meta property=\"og:description\" content=\"O bildirib ki, t\u0259mir edilm\u0259mi\u015f 500-600 m\u0259kt\u0259b qal\u0131b ki, onlar\u0131n da t\u0259miri yax\u0131n 2-3 il \u0259rzind\u0259 t\u0259miri h\u0259yata ke\u00e7irl\u0259c\u0259k.\" \/>\n<meta property=\"og:url\" content=\"https:\/\/www.meydan.tv\/az\/article\/tehsil-kreditleri-haqqinda-qanun-layihesinin-hazirlanacaq\/\" \/>\n<meta property=\"og:site_name\" content=\"MEYDAN.TV\" \/>\n<meta property=\"article:published_time\" content=\"2019-09-17T15:17:57+00:00\" \/>\n<meta property=\"og:image\" content=\"https:\/\/www.meydan.tv\/wp-content\/uploads\/764302.jpg\" \/>\n\t<meta property=\"og:image:width\" content=\"800\" \/>\n\t<meta property=\"og:image:height\" content=\"600\" \/>\n\t<meta property=\"og:image:type\" content=\"image\/jpeg\" \/>\n<meta name=\"author\" content=\"user-manager\" \/>\n<meta name=\"twitter:card\" content=\"summary_large_image\" \/>\n<script type=\"application\/ld+json\" class=\"yoast-schema-graph\">{\"@context\":\"https:\\\/\\\/schema.org\",\"@graph\":[{\"@type\":\"Article\",\"@id\":\"https:\\\/\\\/www.meydan.tv\\\/az\\\/article\\\/tehsil-kreditleri-haqqinda-qanun-layihesinin-hazirlanacaq\\\/#article\",\"isPartOf\":{\"@id\":\"https:\\\/\\\/www.meydan.tv\\\/az\\\/article\\\/tehsil-kreditleri-haqqinda-qanun-layihesinin-hazirlanacaq\\\/\"},\"author\":{\"name\":\"user-manager\",\"@id\":\"https:\\\/\\\/www.meydan.tv\\\/az\\\/#\\\/schema\\\/person\\\/10d11eccf6da3662cf5fdab9806ea91a\"},\"headline\":\"&#8220;T\u0259hsil kreditl\u0259ri haqq\u0131nda\u201d qanun layih\u0259sinin haz\u0131rlanacaq\",\"datePublished\":\"2019-09-17T15:17:57+00:00\",\"mainEntityOfPage\":{\"@id\":\"https:\\\/\\\/www.meydan.tv\\\/az\\\/article\\\/tehsil-kreditleri-haqqinda-qanun-layihesinin-hazirlanacaq\\\/\"},\"wordCount\":294,\"publisher\":{\"@id\":\"https:\\\/\\\/www.meydan.tv\\\/az\\\/#organization\"},\"image\":{\"@id\":\"https:\\\/\\\/www.meydan.tv\\\/az\\\/article\\\/tehsil-kreditleri-haqqinda-qanun-layihesinin-hazirlanacaq\\\/#primaryimage\"},\"thumbnailUrl\":\"https:\\\/\\\/www.meydan.tv\\\/wp-content\\\/uploads\\\/764302.jpg\",\"articleSection\":[\"Siyas\u0259t\"],\"inLanguage\":\"az\"},{\"@type\":\"WebPage\",\"@id\":\"https:\\\/\\\/www.meydan.tv\\\/az\\\/article\\\/tehsil-kreditleri-haqqinda-qanun-layihesinin-hazirlanacaq\\\/\",\"url\":\"https:\\\/\\\/www.meydan.tv\\\/az\\\/article\\\/tehsil-kreditleri-haqqinda-qanun-layihesinin-hazirlanacaq\\\/\",\"name\":\"\\\"T\u0259hsil kreditl\u0259ri haqq\u0131nda\u201d qanun layih\u0259sinin haz\u0131rlanacaq - MEYDAN.TV\",\"isPartOf\":{\"@id\":\"https:\\\/\\\/www.meydan.tv\\\/az\\\/#website\"},\"primaryImageOfPage\":{\"@id\":\"https:\\\/\\\/www.meydan.tv\\\/az\\\/article\\\/tehsil-kreditleri-haqqinda-qanun-layihesinin-hazirlanacaq\\\/#primaryimage\"},\"image\":{\"@id\":\"https:\\\/\\\/www.meydan.tv\\\/az\\\/article\\\/tehsil-kreditleri-haqqinda-qanun-layihesinin-hazirlanacaq\\\/#primaryimage\"},\"thumbnailUrl\":\"https:\\\/\\\/www.meydan.tv\\\/wp-content\\\/uploads\\\/764302.jpg\",\"datePublished\":\"2019-09-17T15:17:57+00:00\",\"breadcrumb\":{\"@id\":\"https:\\\/\\\/www.meydan.tv\\\/az\\\/article\\\/tehsil-kreditleri-haqqinda-qanun-layihesinin-hazirlanacaq\\\/#breadcrumb\"},\"inLanguage\":\"az\",\"potentialAction\":[{\"@type\":\"ReadAction\",\"target\":[\"https:\\\/\\\/www.meydan.tv\\\/az\\\/article\\\/tehsil-kreditleri-haqqinda-qanun-layihesinin-hazirlanacaq\\\/\"]}]},{\"@type\":\"ImageObject\",\"inLanguage\":\"az\",\"@id\":\"https:\\\/\\\/www.meydan.tv\\\/az\\\/article\\\/tehsil-kreditleri-haqqinda-qanun-layihesinin-hazirlanacaq\\\/#primaryimage\",\"url\":\"https:\\\/\\\/www.meydan.tv\\\/wp-content\\\/uploads\\\/764302.jpg\",\"contentUrl\":\"https:\\\/\\\/www.meydan.tv\\\/wp-content\\\/uploads\\\/764302.jpg\",\"width\":800,\"height\":600,\"caption\":\"Foto: Meydan TV\"},{\"@type\":\"BreadcrumbList\",\"@id\":\"https:\\\/\\\/www.meydan.tv\\\/az\\\/article\\\/tehsil-kreditleri-haqqinda-qanun-layihesinin-hazirlanacaq\\\/#breadcrumb\",\"itemListElement\":[{\"@type\":\"ListItem\",\"position\":1,\"name\":\"Ana s\u0259hif\u0259\",\"item\":\"https:\\\/\\\/www.meydan.tv\\\/az\\\/\"},{\"@type\":\"ListItem\",\"position\":2,\"name\":\"Siyas\u0259t\",\"item\":\"https:\\\/\\\/www.meydan.tv\\\/az\\\/section\\\/siyaset\\\/\"},{\"@type\":\"ListItem\",\"position\":3,\"name\":\"&#8220;T\u0259hsil kreditl\u0259ri haqq\u0131nda\u201d qanun layih\u0259sinin haz\u0131rlanacaq\"}]},{\"@type\":\"WebSite\",\"@id\":\"https:\\\/\\\/www.meydan.tv\\\/az\\\/#website\",\"url\":\"https:\\\/\\\/www.meydan.tv\\\/az\\\/\",\"name\":\"MEYDAN.TV\",\"description\":\"Meydan TV Az\u0259rbaycan\u0131n media m\u0259kan\u0131ndak\u0131 alternativ s\u0259sidir\",\"publisher\":{\"@id\":\"https:\\\/\\\/www.meydan.tv\\\/az\\\/#organization\"},\"potentialAction\":[{\"@type\":\"SearchAction\",\"target\":{\"@type\":\"EntryPoint\",\"urlTemplate\":\"https:\\\/\\\/www.meydan.tv\\\/az\\\/?s={search_term_string}\"},\"query-input\":{\"@type\":\"PropertyValueSpecification\",\"valueRequired\":true,\"valueName\":\"search_term_string\"}}],\"inLanguage\":\"az\"},{\"@type\":\"Organization\",\"@id\":\"https:\\\/\\\/www.meydan.tv\\\/az\\\/#organization\",\"name\":\"Meydan TV\",\"url\":\"https:\\\/\\\/www.meydan.tv\\\/az\\\/\",\"logo\":{\"@type\":\"ImageObject\",\"inLanguage\":\"az\",\"@id\":\"https:\\\/\\\/www.meydan.tv\\\/az\\\/#\\\/schema\\\/logo\\\/image\\\/\",\"url\":\"https:\\\/\\\/www.meydan.tv\\\/wp-content\\\/uploads\\\/2021\\\/07\\\/meydan-logo.svg\",\"contentUrl\":\"https:\\\/\\\/www.meydan.tv\\\/wp-content\\\/uploads\\\/2021\\\/07\\\/meydan-logo.svg\",\"width\":195,\"height\":46,\"caption\":\"Meydan TV\"},\"image\":{\"@id\":\"https:\\\/\\\/www.meydan.tv\\\/az\\\/#\\\/schema\\\/logo\\\/image\\\/\"}},{\"@type\":\"Person\",\"@id\":\"https:\\\/\\\/www.meydan.tv\\\/az\\\/#\\\/schema\\\/person\\\/10d11eccf6da3662cf5fdab9806ea91a\",\"name\":\"user-manager\"}]}<\/script>\n<!-- \/ Yoast SEO plugin. -->","yoast_head_json":{"title":"\"T\u0259hsil kreditl\u0259ri haqq\u0131nda\u201d qanun layih\u0259sinin haz\u0131rlanacaq - MEYDAN.TV","robots":{"index":"index","follow":"follow","max-snippet":"max-snippet:-1","max-image-preview":"max-image-preview:large","max-video-preview":"max-video-preview:-1"},"canonical":"https:\/\/www.meydan.tv\/az\/article\/tehsil-kreditleri-haqqinda-qanun-layihesinin-hazirlanacaq\/","og_locale":"az_AZ","og_type":"article","og_title":"\"T\u0259hsil kreditl\u0259ri haqq\u0131nda\u201d qanun layih\u0259sinin haz\u0131rlanacaq - MEYDAN.TV","og_description":"O bildirib ki, t\u0259mir edilm\u0259mi\u015f 500-600 m\u0259kt\u0259b qal\u0131b ki, onlar\u0131n da t\u0259miri yax\u0131n 2-3 il \u0259rzind\u0259 t\u0259miri h\u0259yata ke\u00e7irl\u0259c\u0259k.","og_url":"https:\/\/www.meydan.tv\/az\/article\/tehsil-kreditleri-haqqinda-qanun-layihesinin-hazirlanacaq\/","og_site_name":"MEYDAN.TV","article_published_time":"2019-09-17T15:17:57+00:00","og_image":[{"width":800,"height":600,"url":"https:\/\/www.meydan.tv\/wp-content\/uploads\/764302.jpg","type":"image\/jpeg"}],"author":"user-manager","twitter_card":"summary_large_image","schema":{"@context":"https:\/\/schema.org","@graph":[{"@type":"Article","@id":"https:\/\/www.meydan.tv\/az\/article\/tehsil-kreditleri-haqqinda-qanun-layihesinin-hazirlanacaq\/#article","isPartOf":{"@id":"https:\/\/www.meydan.tv\/az\/article\/tehsil-kreditleri-haqqinda-qanun-layihesinin-hazirlanacaq\/"},"author":{"name":"user-manager","@id":"https:\/\/www.meydan.tv\/az\/#\/schema\/person\/10d11eccf6da3662cf5fdab9806ea91a"},"headline":"&#8220;T\u0259hsil kreditl\u0259ri haqq\u0131nda\u201d qanun layih\u0259sinin haz\u0131rlanacaq","datePublished":"2019-09-17T15:17:57+00:00","mainEntityOfPage":{"@id":"https:\/\/www.meydan.tv\/az\/article\/tehsil-kreditleri-haqqinda-qanun-layihesinin-hazirlanacaq\/"},"wordCount":294,"publisher":{"@id":"https:\/\/www.meydan.tv\/az\/#organization"},"image":{"@id":"https:\/\/www.meydan.tv\/az\/article\/tehsil-kreditleri-haqqinda-qanun-layihesinin-hazirlanacaq\/#primaryimage"},"thumbnailUrl":"https:\/\/www.meydan.tv\/wp-content\/uploads\/764302.jpg","articleSection":["Siyas\u0259t"],"inLanguage":"az"},{"@type":"WebPage","@id":"https:\/\/www.meydan.tv\/az\/article\/tehsil-kreditleri-haqqinda-qanun-layihesinin-hazirlanacaq\/","url":"https:\/\/www.meydan.tv\/az\/article\/tehsil-kreditleri-haqqinda-qanun-layihesinin-hazirlanacaq\/","name":"\"T\u0259hsil kreditl\u0259ri haqq\u0131nda\u201d qanun layih\u0259sinin haz\u0131rlanacaq - MEYDAN.TV","isPartOf":{"@id":"https:\/\/www.meydan.tv\/az\/#website"},"primaryImageOfPage":{"@id":"https:\/\/www.meydan.tv\/az\/article\/tehsil-kreditleri-haqqinda-qanun-layihesinin-hazirlanacaq\/#primaryimage"},"image":{"@id":"https:\/\/www.meydan.tv\/az\/article\/tehsil-kreditleri-haqqinda-qanun-layihesinin-hazirlanacaq\/#primaryimage"},"thumbnailUrl":"https:\/\/www.meydan.tv\/wp-content\/uploads\/764302.jpg","datePublished":"2019-09-17T15:17:57+00:00","breadcrumb":{"@id":"https:\/\/www.meydan.tv\/az\/article\/tehsil-kreditleri-haqqinda-qanun-layihesinin-hazirlanacaq\/#breadcrumb"},"inLanguage":"az","potentialAction":[{"@type":"ReadAction","target":["https:\/\/www.meydan.tv\/az\/article\/tehsil-kreditleri-haqqinda-qanun-layihesinin-hazirlanacaq\/"]}]},{"@type":"ImageObject","inLanguage":"az","@id":"https:\/\/www.meydan.tv\/az\/article\/tehsil-kreditleri-haqqinda-qanun-layihesinin-hazirlanacaq\/#primaryimage","url":"https:\/\/www.meydan.tv\/wp-content\/uploads\/764302.jpg","contentUrl":"https:\/\/www.meydan.tv\/wp-content\/uploads\/764302.jpg","width":800,"height":600,"caption":"Foto: Meydan TV"},{"@type":"BreadcrumbList","@id":"https:\/\/www.meydan.tv\/az\/article\/tehsil-kreditleri-haqqinda-qanun-layihesinin-hazirlanacaq\/#breadcrumb","itemListElement":[{"@type":"ListItem","position":1,"name":"Ana s\u0259hif\u0259","item":"https:\/\/www.meydan.tv\/az\/"},{"@type":"ListItem","position":2,"name":"Siyas\u0259t","item":"https:\/\/www.meydan.tv\/az\/section\/siyaset\/"},{"@type":"ListItem","position":3,"name":"&#8220;T\u0259hsil kreditl\u0259ri haqq\u0131nda\u201d qanun layih\u0259sinin haz\u0131rlanacaq"}]},{"@type":"WebSite","@id":"https:\/\/www.meydan.tv\/az\/#website","url":"https:\/\/www.meydan.tv\/az\/","name":"MEYDAN.TV","description":"Meydan TV Az\u0259rbaycan\u0131n media m\u0259kan\u0131ndak\u0131 alternativ s\u0259sidir","publisher":{"@id":"https:\/\/www.meydan.tv\/az\/#organization"},"potentialAction":[{"@type":"SearchAction","target":{"@type":"EntryPoint","urlTemplate":"https:\/\/www.meydan.tv\/az\/?s={search_term_string}"},"query-input":{"@type":"PropertyValueSpecification","valueRequired":true,"valueName":"search_term_string"}}],"inLanguage":"az"},{"@type":"Organization","@id":"https:\/\/www.meydan.tv\/az\/#organization","name":"Meydan TV","url":"https:\/\/www.meydan.tv\/az\/","logo":{"@type":"ImageObject","inLanguage":"az","@id":"https:\/\/www.meydan.tv\/az\/#\/schema\/logo\/image\/","url":"https:\/\/www.meydan.tv\/wp-content\/uploads\/2021\/07\/meydan-logo.svg","contentUrl":"https:\/\/www.meydan.tv\/wp-content\/uploads\/2021\/07\/meydan-logo.svg","width":195,"height":46,"caption":"Meydan TV"},"image":{"@id":"https:\/\/www.meydan.tv\/az\/#\/schema\/logo\/image\/"}},{"@type":"Person","@id":"https:\/\/www.meydan.tv\/az\/#\/schema\/person\/10d11eccf6da3662cf5fdab9806ea91a","name":"user-manager"}]}},"_links":{"self":[{"href":"https:\/\/www.meydan.tv\/az\/wp-json\/wp\/v2\/posts\/197005","targetHints":{"allow":["GET"]}}],"collection":[{"href":"https:\/\/www.meydan.tv\/az\/wp-json\/wp\/v2\/posts"}],"about":[{"href":"https:\/\/www.meydan.tv\/az\/wp-json\/wp\/v2\/types\/post"}],"author":[{"embeddable":true,"href":"https:\/\/www.meydan.tv\/az\/wp-json\/wp\/v2\/users\/11"}],"replies":[{"embeddable":true,"href":"https:\/\/www.meydan.tv\/az\/wp-json\/wp\/v2\/comments?post=197005"}],"version-history":[{"count":0,"href":"https:\/\/www.meydan.tv\/az\/wp-json\/wp\/v2\/posts\/197005\/revisions"}],"wp:featuredmedia":[{"embeddable":true,"href":"https:\/\/www.meydan.tv\/az\/wp-json\/wp\/v2\/media\/129805"}],"wp:attachment":[{"href":"https:\/\/www.meydan.tv\/az\/wp-json\/wp\/v2\/media?parent=197005"}],"wp:term":[{"taxonomy":"category","embeddable":true,"href":"https:\/\/www.meydan.tv\/az\/wp-json\/wp\/v2\/categories?post=197005"},{"taxonomy":"post_tag","embeddable":true,"href":"https:\/\/www.meydan.tv\/az\/wp-json\/wp\/v2\/tags?post=197005"}],"curies":[{"name":"wp","href":"https:\/\/api.w.org\/{rel}","templated":true}]}}