{"id":197003,"date":"2019-09-17T14:58:55","date_gmt":"2019-09-17T14:58:55","guid":{"rendered":"https:\/\/www.meydan.tv\/article\/gultekin-hacibeyliye-qarsi-50-min-dollarliq-mehkeme-qerari-cixarildi\/"},"modified":"2019-09-17T14:58:55","modified_gmt":"2019-09-17T14:58:55","slug":"gultekin-hacibeyliye-qarsi-50-min-dollarliq-mehkeme-qerari-cixarildi","status":"publish","type":"post","link":"https:\/\/www.meydan.tv\/az\/article\/gultekin-hacibeyliye-qarsi-50-min-dollarliq-mehkeme-qerari-cixarildi\/","title":{"rendered":"G\u00fclt\u0259kin Hac\u0131b\u0259yliy\u0259 qar\u015f\u0131 50 min dollarl\u0131q m\u0259hk\u0259m\u0259 q\u0259rar\u0131 \u00e7\u0131xar\u0131ld\u0131"},"content":{"rendered":"<p>\n  <i><br \/>\n    \u201cBu ail\u0259 m\u0259n\u0259 qar\u015f\u0131 t\u0259zyiql\u0259rin aktiv i\u015ftirak\u00e7\u0131s\u0131 olmaqla, \u00f6zl\u0259rin\u0259 g\u00fcn a\u011flay\u0131r\u201d<br \/>\n  <\/i>\n<\/p>\n<p>\n  N\u0259simi Rayon M\u0259hk\u0259m\u0259si ke\u00e7mi\u015f deputat, Milli \u015euran\u0131n Koordinasiya M\u0259rk\u0259zinin \u00fczv\u00fc G\u00fclt\u0259kin Hac\u0131b\u0259yli haqq\u0131nda q\u0259rar \u00e7\u0131xar\u0131b. Q\u0259rara \u0259sas\u0259n, G.Hac\u0131b\u0259ylid\u0259n 50 min dollar tutulub, ke\u00e7mi\u015f qay\u0131nanas\u0131 N\u0259hay\u0259t M\u0259mm\u0259dovaya \u00f6d\u0259nilm\u0259lidir.\n<\/p>\n<p>\n  N.M\u0259mm\u0259dovan\u0131n iddias\u0131na g\u00f6r\u0259, o, 2003-c\u00fc ild\u0259 ke\u00e7mi\u015f g\u0259lini G.Hac\u0131b\u0259yliy\u0259 evini t\u0259mir etdirm\u0259k \u00fc\u00e7\u00fcn 50 min dollar borc verib. G.Hac\u0131b\u0259yli d\u0259 bu g\u00fcn\u0259 q\u0259d\u0259r ondan ald\u0131\u011f\u0131 pulu qaytarmay\u0131b.\n<\/p>\n<p>\n  G.Hac\u0131b\u0259yli is\u0259 bu iddian\u0131n yalan oldu\u011funu, he\u00e7 vaxt N.M\u0259mm\u0259dova v\u0259 onun ba\u015fqa ail\u0259 \u00fczvl\u0259rind\u0259n pul almad\u0131\u011f\u0131n\u0131 bildirir. Deyir ki, bu da m\u00fcxalif d\u00fc\u015f\u0259rg\u0259y\u0259 qo\u015fulandan sonra ona qar\u015f\u0131 ba\u015flanan t\u0259zyiql\u0259rin t\u0259rkib hiss\u0259sidir: \u201cBu ail\u0259 m\u0259n\u0259 qar\u015f\u0131 t\u0259zyiql\u0259rin aktiv i\u015ftirak\u00e7\u0131s\u0131 olmaqla, \u00f6zl\u0259rin\u0259 g\u00fcn a\u011flay\u0131r. N\u0259hay\u0259t M\u0259mm\u0259dovan\u0131n o iddian\u0131 m\u0259hk\u0259m\u0259y\u0259 verdiyi g\u00fcn\u0259 diqq\u0259t yetirm\u0259k kifay\u0259tdir \u2013 10 iyun 2013-c\u00fc il. M\u0259hz h\u0259min g\u00fcn N\u0259hay\u0259t M\u0259mm\u0259dovan\u0131n q\u0131z\u0131n\u0131 \u0130nsan Alverin\u0259 qar\u015f\u0131 M\u00fcbariz\u0259 \u0130dar\u0259si filippinli qad\u0131na g\u00f6r\u0259 saxlam\u0131\u015fd\u0131. Sonradan bu \u0259m\u0259lin\u0259 g\u00f6r\u0259 ona 8 il 6 ay c\u0259za verib, 1 il s\u0131naq m\u00fcdd\u0259ti t\u0259yin etm\u0259kl\u0259, \u015f\u0259rti hesab etdil\u0259r. Q\u0131z\u0131na bu c\u00fcr g\u00fcz\u0259\u015ft olundu. O\u011flu (G.Hac\u0131b\u0259yli ke\u00e7mi\u015f h\u0259yat yolda\u015f\u0131n\u0131 n\u0259z\u0259rd\u0259 tutur-red.) vaxtil\u0259 prokurorluq \u0259m\u0259kda\u015f\u0131na yara\u015fmayan h\u0259r\u0259k\u0259t\u0259 yol verdiyin\u0259 &#8211; f\u0259rariliy\u0259 g\u00f6r\u0259 Zakir Qaralovun \u0259mri il\u0259 prokurorluqdan qovuldu\u011fu halda, m\u0259n\u0259 qar\u015f\u0131 prosesl\u0259rin i\u015ftirak\u00e7\u0131s\u0131 olandan sonra h\u0259min prokurorlu\u011fa m\u00fcst\u0259ntiq v\u0259zif\u0259sin\u0259 b\u0259rpa olundu. Yeri g\u0259lmi\u015fk\u0259n, o\u011flu h\u0259l\u0259 ill\u0259r \u00f6nc\u0259 m\u0259n\u0259 qar\u015f\u0131 bu hadis\u0259l\u0259rd\u0259 i\u015ftiraka ba\u015flayanda x\u0259b\u0259rdarl\u0131q el\u0259mi\u015fdi ki, vaxt g\u0259l\u0259c\u0259k, evini d\u0259 al\u0131b biz\u0259 ver\u0259c\u0259kl\u0259r. Dey\u0259s\u0259n, onlara veril\u0259n v\u0259di bu c\u00fcr absurd m\u0259hk\u0259m\u0259 q\u0259rarlar\u0131yla ger\u00e7\u0259kl\u0259\u015fdirm\u0259k ist\u0259yirl\u0259r\u201d.\n<\/p>\n<p>\n  N.M\u0259mm\u0259dova iddian\u0131 2013-c\u00fc ilin yay\u0131nda qald\u0131rsa da, m\u0259hk\u0259m\u0259 bax\u0131\u015f\u0131 dayand\u0131r\u0131lm\u0131\u015fd\u0131. Bu ilin fevral\u0131nda G.Hac\u0131b\u0259yli avtomobill\u0259 ged\u0259rk\u0259n saxlan\u0131l\u0131b, ma\u015f\u0131n\u0131n \u00fcz\u0259rin\u0259 h\u0259bs qoyuldu\u011fu bildirilib v\u0259 avtomobil o vaxtdan c\u0259rim\u0259 meydan\u00e7as\u0131na apar\u0131l\u0131b. Daha sonra m\u0259lum olub ki, iddian\u0131n t\u0259mini t\u0259dbiri kimi, ma\u015f\u0131nla yana\u015f\u0131, onun evinin d\u0259 \u00fcz\u0259rin\u0259 h\u0259bs qoyulub.\n<\/p>\n<p>\n  G.Hac\u0131b\u0259yli siyasi bax\u0131\u015flar\u0131yla \u0259laq\u0259dar Az\u0259rbaycandak\u0131 m\u0259hk\u0259m\u0259l\u0259rd\u0259 ona qar\u015f\u0131 i\u015fl\u0259rd\u0259 \u0259dal\u0259tli q\u0259rar \u00e7\u0131xar\u0131lmas\u0131na inanmad\u0131\u011f\u0131n\u0131 deyir. Bu i\u015fi Avropa \u0130nsan Haqlar\u0131 M\u0259hk\u0259m\u0259sin\u0259 g\u00f6nd\u0259r\u0259c\u0259yini, bu \u00fczd\u0259n d\u0259 yerli m\u0259hk\u0259m\u0259 instansiyalar\u0131n\u0131 ke\u00e7m\u0259k m\u0259cburiyy\u0259tind\u0259 qald\u0131\u011f\u0131n\u0131 bildirir. Ona g\u00f6r\u0259 d\u0259 q\u0259rardan apelyasiya \u015fikay\u0259ti ver\u0259c\u0259k: \u201c\u018fslind\u0259, biz N\u0259simi Rayon M\u0259hk\u0259m\u0259sind\u0259 bu iddian\u0131 darmada\u011f\u0131n el\u0259dik. Qar\u015f\u0131 t\u0259r\u0259fin \u0259lind\u0259 o\u011flunun yazd\u0131\u011f\u0131 c\u0131zmaqaralardan ba\u015fqa he\u00e7 n\u0259 yoxdur. T\u0259s\u0259vv\u00fcr edin, \u00fc\u00e7otaql\u0131 ev\u0259 \u00fc\u00e7 cakuzi \u00fc\u00e7\u00fcn pul verdiyini iddia edir. Yaxud evd\u0259 100 kvadratmetr sah\u0259d\u0259 al\u00e7ipandan istifad\u0259 olunub, bunlar iddiada 1500 kvadrat metrlik al\u00e7ipandan b\u0259hs edir. Tamamil\u0259 absurddur. M\u0259n o vaxt mill\u0259t v\u0259kili olmu\u015fam, bu is\u0259 pensiya\u00e7\u0131. Bel\u0259 \u00e7\u0131x\u0131r ki, deputat pensiya\u00e7\u0131dan 50 min dollar pul al\u0131r? \u018flimd\u0259 m\u00fcst\u0259qil \u0259mlak qiym\u0259tl\u0259ndirm\u0259 \u015firk\u0259tinin r\u0259yi var. Onlar\u0131n r\u0259yind\u0259n d\u0259 g\u00f6r\u00fcn\u00fcr ki, o d\u00f6vr\u00fcn pulu il\u0259 evimin t\u0259mirin\u0259 15 min dollar civar\u0131nda v\u0259sait x\u0259rcl\u0259nib. \u018fg\u0259r m\u0259n N\u0259hay\u0259t M\u0259mm\u0259dovadan pul alm\u0131\u015fd\u0131msa, 2013-c\u00fc il\u0259 q\u0259d\u0259r niy\u0259 susurdu, pulunu t\u0259l\u0259b el\u0259mirdi?\u201d\n<\/p>\n<p>\n  G.Hac\u0131b\u0259yli \u0259lav\u0259 edib ki, borcun t\u0259sdiqi \u00fc\u00e7\u00fcn m\u0259hk\u0259m\u0259y\u0259 notarial qaydada borc m\u00fcqavil\u0259si t\u0259qdim olunmal\u0131yd\u0131. Bel\u0259 m\u00fcqavil\u0259 is\u0259 yoxdur. Onun s\u00f6zl\u0259rin\u0259 g\u00f6r\u0259, h\u0259tta olsayd\u0131 bel\u0259, borc m\u00fcqavil\u0259l\u0259rind\u0259 iddia m\u00fcdd\u0259ti maksimum \u00fc\u00e7 ildir. G.Hac\u0131b\u0259yli bu c\u00fcr m\u0259hk\u0259m\u0259 q\u0259rarlar\u0131n\u0131n b\u00fct\u00f6vl\u00fckd\u0259 c\u0259miyy\u0259t \u00fc\u00e7\u00fcn pis presedent oldu\u011funu deyir: \u201cBu g\u00fcn m\u00fcxalif\u0259t\u00e7il\u0259r\u0259 qar\u015f\u0131 ba\u015f ver\u0259n bel\u0259 hallar sabah s\u0131ravi v\u0259t\u0259nda\u015flara qar\u015f\u0131 da ba\u015f ver\u0259 bil\u0259r. Hans\u0131sa m\u0259mur hiss el\u0259s\u0259 ki, kimins\u0259 5 manat art\u0131q pulu var, absurd bir iddia qald\u0131ra bil\u0259r ki, filan vaxt ona bu q\u0259d\u0259r pul vermi\u015f\u0259m. M\u0259hk\u0259m\u0259l\u0259r d\u0259 bunu t\u0259min ed\u0259r\u201d.<\/p>\n","protected":false},"excerpt":{"rendered":"<p>G.Hac\u0131b\u0259yli is\u0259 bu iddian\u0131n yalan oldu\u011funu, he\u00e7 vaxt N.M\u0259mm\u0259dova v\u0259 onun ba\u015fqa ail\u0259 \u00fczvl\u0259rind\u0259n pul almad\u0131\u011f\u0131n\u0131 bildirir.<\/p>\n","protected":false},"author":11,"featured_media":101466,"comment_status":"closed","ping_status":"open","sticky":false,"template":"","format":"standard","meta":{"_acf_changed":false,"_sitemap_exclude":false,"_sitemap_priority":"","_sitemap_frequency":"","footnotes":""},"categories":[59],"tags":[],"class_list":["post-197003","post","type-post","status-publish","format-standard","has-post-thumbnail","hentry","category-siyaset","infinite-scroll-item","generate-columns","tablet-grid-50","mobile-grid-100","grid-parent","grid-33","no-featured-image-padding"],"acf":[],"yoast_head":"<!-- This site is optimized with the Yoast SEO plugin v27.5 - https:\/\/yoast.com\/product\/yoast-seo-wordpress\/ -->\n<title>G\u00fclt\u0259kin Hac\u0131b\u0259yliy\u0259 qar\u015f\u0131 50 min dollarl\u0131q m\u0259hk\u0259m\u0259 q\u0259rar\u0131 \u00e7\u0131xar\u0131ld\u0131 - MEYDAN.TV<\/title>\n<meta name=\"robots\" content=\"index, follow, max-snippet:-1, max-image-preview:large, max-video-preview:-1\" \/>\n<link rel=\"canonical\" href=\"https:\/\/www.meydan.tv\/az\/article\/gultekin-hacibeyliye-qarsi-50-min-dollarliq-mehkeme-qerari-cixarildi\/\" \/>\n<meta property=\"og:locale\" content=\"az_AZ\" \/>\n<meta property=\"og:type\" content=\"article\" \/>\n<meta property=\"og:title\" content=\"G\u00fclt\u0259kin Hac\u0131b\u0259yliy\u0259 qar\u015f\u0131 50 min dollarl\u0131q m\u0259hk\u0259m\u0259 q\u0259rar\u0131 \u00e7\u0131xar\u0131ld\u0131 - MEYDAN.TV\" \/>\n<meta property=\"og:description\" content=\"G.Hac\u0131b\u0259yli is\u0259 bu iddian\u0131n yalan oldu\u011funu, he\u00e7 vaxt N.M\u0259mm\u0259dova v\u0259 onun ba\u015fqa ail\u0259 \u00fczvl\u0259rind\u0259n pul almad\u0131\u011f\u0131n\u0131 bildirir.\" \/>\n<meta property=\"og:url\" content=\"https:\/\/www.meydan.tv\/az\/article\/gultekin-hacibeyliye-qarsi-50-min-dollarliq-mehkeme-qerari-cixarildi\/\" \/>\n<meta property=\"og:site_name\" content=\"MEYDAN.TV\" \/>\n<meta property=\"article:published_time\" content=\"2019-09-17T14:58:55+00:00\" \/>\n<meta property=\"og:image\" content=\"https:\/\/www.meydan.tv\/wp-content\/uploads\/40153.jpg\" \/>\n\t<meta property=\"og:image:width\" content=\"800\" \/>\n\t<meta property=\"og:image:height\" content=\"600\" \/>\n\t<meta property=\"og:image:type\" content=\"image\/jpeg\" \/>\n<meta name=\"author\" content=\"user-manager\" \/>\n<meta name=\"twitter:card\" content=\"summary_large_image\" \/>\n<script type=\"application\/ld+json\" class=\"yoast-schema-graph\">{\"@context\":\"https:\\\/\\\/schema.org\",\"@graph\":[{\"@type\":\"Article\",\"@id\":\"https:\\\/\\\/www.meydan.tv\\\/az\\\/article\\\/gultekin-hacibeyliye-qarsi-50-min-dollarliq-mehkeme-qerari-cixarildi\\\/#article\",\"isPartOf\":{\"@id\":\"https:\\\/\\\/www.meydan.tv\\\/az\\\/article\\\/gultekin-hacibeyliye-qarsi-50-min-dollarliq-mehkeme-qerari-cixarildi\\\/\"},\"author\":{\"name\":\"user-manager\",\"@id\":\"https:\\\/\\\/www.meydan.tv\\\/az\\\/#\\\/schema\\\/person\\\/10d11eccf6da3662cf5fdab9806ea91a\"},\"headline\":\"G\u00fclt\u0259kin Hac\u0131b\u0259yliy\u0259 qar\u015f\u0131 50 min dollarl\u0131q m\u0259hk\u0259m\u0259 q\u0259rar\u0131 \u00e7\u0131xar\u0131ld\u0131\",\"datePublished\":\"2019-09-17T14:58:55+00:00\",\"mainEntityOfPage\":{\"@id\":\"https:\\\/\\\/www.meydan.tv\\\/az\\\/article\\\/gultekin-hacibeyliye-qarsi-50-min-dollarliq-mehkeme-qerari-cixarildi\\\/\"},\"wordCount\":900,\"publisher\":{\"@id\":\"https:\\\/\\\/www.meydan.tv\\\/az\\\/#organization\"},\"image\":{\"@id\":\"https:\\\/\\\/www.meydan.tv\\\/az\\\/article\\\/gultekin-hacibeyliye-qarsi-50-min-dollarliq-mehkeme-qerari-cixarildi\\\/#primaryimage\"},\"thumbnailUrl\":\"https:\\\/\\\/www.meydan.tv\\\/wp-content\\\/uploads\\\/40153.jpg\",\"articleSection\":[\"Siyas\u0259t\"],\"inLanguage\":\"az\"},{\"@type\":\"WebPage\",\"@id\":\"https:\\\/\\\/www.meydan.tv\\\/az\\\/article\\\/gultekin-hacibeyliye-qarsi-50-min-dollarliq-mehkeme-qerari-cixarildi\\\/\",\"url\":\"https:\\\/\\\/www.meydan.tv\\\/az\\\/article\\\/gultekin-hacibeyliye-qarsi-50-min-dollarliq-mehkeme-qerari-cixarildi\\\/\",\"name\":\"G\u00fclt\u0259kin Hac\u0131b\u0259yliy\u0259 qar\u015f\u0131 50 min dollarl\u0131q m\u0259hk\u0259m\u0259 q\u0259rar\u0131 \u00e7\u0131xar\u0131ld\u0131 - MEYDAN.TV\",\"isPartOf\":{\"@id\":\"https:\\\/\\\/www.meydan.tv\\\/az\\\/#website\"},\"primaryImageOfPage\":{\"@id\":\"https:\\\/\\\/www.meydan.tv\\\/az\\\/article\\\/gultekin-hacibeyliye-qarsi-50-min-dollarliq-mehkeme-qerari-cixarildi\\\/#primaryimage\"},\"image\":{\"@id\":\"https:\\\/\\\/www.meydan.tv\\\/az\\\/article\\\/gultekin-hacibeyliye-qarsi-50-min-dollarliq-mehkeme-qerari-cixarildi\\\/#primaryimage\"},\"thumbnailUrl\":\"https:\\\/\\\/www.meydan.tv\\\/wp-content\\\/uploads\\\/40153.jpg\",\"datePublished\":\"2019-09-17T14:58:55+00:00\",\"breadcrumb\":{\"@id\":\"https:\\\/\\\/www.meydan.tv\\\/az\\\/article\\\/gultekin-hacibeyliye-qarsi-50-min-dollarliq-mehkeme-qerari-cixarildi\\\/#breadcrumb\"},\"inLanguage\":\"az\",\"potentialAction\":[{\"@type\":\"ReadAction\",\"target\":[\"https:\\\/\\\/www.meydan.tv\\\/az\\\/article\\\/gultekin-hacibeyliye-qarsi-50-min-dollarliq-mehkeme-qerari-cixarildi\\\/\"]}]},{\"@type\":\"ImageObject\",\"inLanguage\":\"az\",\"@id\":\"https:\\\/\\\/www.meydan.tv\\\/az\\\/article\\\/gultekin-hacibeyliye-qarsi-50-min-dollarliq-mehkeme-qerari-cixarildi\\\/#primaryimage\",\"url\":\"https:\\\/\\\/www.meydan.tv\\\/wp-content\\\/uploads\\\/40153.jpg\",\"contentUrl\":\"https:\\\/\\\/www.meydan.tv\\\/wp-content\\\/uploads\\\/40153.jpg\",\"width\":800,\"height\":600,\"caption\":\"Source:\"},{\"@type\":\"BreadcrumbList\",\"@id\":\"https:\\\/\\\/www.meydan.tv\\\/az\\\/article\\\/gultekin-hacibeyliye-qarsi-50-min-dollarliq-mehkeme-qerari-cixarildi\\\/#breadcrumb\",\"itemListElement\":[{\"@type\":\"ListItem\",\"position\":1,\"name\":\"Ana s\u0259hif\u0259\",\"item\":\"https:\\\/\\\/www.meydan.tv\\\/az\\\/\"},{\"@type\":\"ListItem\",\"position\":2,\"name\":\"Siyas\u0259t\",\"item\":\"https:\\\/\\\/www.meydan.tv\\\/az\\\/section\\\/siyaset\\\/\"},{\"@type\":\"ListItem\",\"position\":3,\"name\":\"G\u00fclt\u0259kin Hac\u0131b\u0259yliy\u0259 qar\u015f\u0131 50 min dollarl\u0131q m\u0259hk\u0259m\u0259 q\u0259rar\u0131 \u00e7\u0131xar\u0131ld\u0131\"}]},{\"@type\":\"WebSite\",\"@id\":\"https:\\\/\\\/www.meydan.tv\\\/az\\\/#website\",\"url\":\"https:\\\/\\\/www.meydan.tv\\\/az\\\/\",\"name\":\"MEYDAN.TV\",\"description\":\"Meydan TV Az\u0259rbaycan\u0131n media m\u0259kan\u0131ndak\u0131 alternativ s\u0259sidir\",\"publisher\":{\"@id\":\"https:\\\/\\\/www.meydan.tv\\\/az\\\/#organization\"},\"potentialAction\":[{\"@type\":\"SearchAction\",\"target\":{\"@type\":\"EntryPoint\",\"urlTemplate\":\"https:\\\/\\\/www.meydan.tv\\\/az\\\/?s={search_term_string}\"},\"query-input\":{\"@type\":\"PropertyValueSpecification\",\"valueRequired\":true,\"valueName\":\"search_term_string\"}}],\"inLanguage\":\"az\"},{\"@type\":\"Organization\",\"@id\":\"https:\\\/\\\/www.meydan.tv\\\/az\\\/#organization\",\"name\":\"Meydan TV\",\"url\":\"https:\\\/\\\/www.meydan.tv\\\/az\\\/\",\"logo\":{\"@type\":\"ImageObject\",\"inLanguage\":\"az\",\"@id\":\"https:\\\/\\\/www.meydan.tv\\\/az\\\/#\\\/schema\\\/logo\\\/image\\\/\",\"url\":\"https:\\\/\\\/www.meydan.tv\\\/wp-content\\\/uploads\\\/2021\\\/07\\\/meydan-logo.svg\",\"contentUrl\":\"https:\\\/\\\/www.meydan.tv\\\/wp-content\\\/uploads\\\/2021\\\/07\\\/meydan-logo.svg\",\"width\":195,\"height\":46,\"caption\":\"Meydan TV\"},\"image\":{\"@id\":\"https:\\\/\\\/www.meydan.tv\\\/az\\\/#\\\/schema\\\/logo\\\/image\\\/\"}},{\"@type\":\"Person\",\"@id\":\"https:\\\/\\\/www.meydan.tv\\\/az\\\/#\\\/schema\\\/person\\\/10d11eccf6da3662cf5fdab9806ea91a\",\"name\":\"user-manager\"}]}<\/script>\n<!-- \/ Yoast SEO plugin. -->","yoast_head_json":{"title":"G\u00fclt\u0259kin Hac\u0131b\u0259yliy\u0259 qar\u015f\u0131 50 min dollarl\u0131q m\u0259hk\u0259m\u0259 q\u0259rar\u0131 \u00e7\u0131xar\u0131ld\u0131 - MEYDAN.TV","robots":{"index":"index","follow":"follow","max-snippet":"max-snippet:-1","max-image-preview":"max-image-preview:large","max-video-preview":"max-video-preview:-1"},"canonical":"https:\/\/www.meydan.tv\/az\/article\/gultekin-hacibeyliye-qarsi-50-min-dollarliq-mehkeme-qerari-cixarildi\/","og_locale":"az_AZ","og_type":"article","og_title":"G\u00fclt\u0259kin Hac\u0131b\u0259yliy\u0259 qar\u015f\u0131 50 min dollarl\u0131q m\u0259hk\u0259m\u0259 q\u0259rar\u0131 \u00e7\u0131xar\u0131ld\u0131 - MEYDAN.TV","og_description":"G.Hac\u0131b\u0259yli is\u0259 bu iddian\u0131n yalan oldu\u011funu, he\u00e7 vaxt N.M\u0259mm\u0259dova v\u0259 onun ba\u015fqa ail\u0259 \u00fczvl\u0259rind\u0259n pul almad\u0131\u011f\u0131n\u0131 bildirir.","og_url":"https:\/\/www.meydan.tv\/az\/article\/gultekin-hacibeyliye-qarsi-50-min-dollarliq-mehkeme-qerari-cixarildi\/","og_site_name":"MEYDAN.TV","article_published_time":"2019-09-17T14:58:55+00:00","og_image":[{"width":800,"height":600,"url":"https:\/\/www.meydan.tv\/wp-content\/uploads\/40153.jpg","type":"image\/jpeg"}],"author":"user-manager","twitter_card":"summary_large_image","schema":{"@context":"https:\/\/schema.org","@graph":[{"@type":"Article","@id":"https:\/\/www.meydan.tv\/az\/article\/gultekin-hacibeyliye-qarsi-50-min-dollarliq-mehkeme-qerari-cixarildi\/#article","isPartOf":{"@id":"https:\/\/www.meydan.tv\/az\/article\/gultekin-hacibeyliye-qarsi-50-min-dollarliq-mehkeme-qerari-cixarildi\/"},"author":{"name":"user-manager","@id":"https:\/\/www.meydan.tv\/az\/#\/schema\/person\/10d11eccf6da3662cf5fdab9806ea91a"},"headline":"G\u00fclt\u0259kin Hac\u0131b\u0259yliy\u0259 qar\u015f\u0131 50 min dollarl\u0131q m\u0259hk\u0259m\u0259 q\u0259rar\u0131 \u00e7\u0131xar\u0131ld\u0131","datePublished":"2019-09-17T14:58:55+00:00","mainEntityOfPage":{"@id":"https:\/\/www.meydan.tv\/az\/article\/gultekin-hacibeyliye-qarsi-50-min-dollarliq-mehkeme-qerari-cixarildi\/"},"wordCount":900,"publisher":{"@id":"https:\/\/www.meydan.tv\/az\/#organization"},"image":{"@id":"https:\/\/www.meydan.tv\/az\/article\/gultekin-hacibeyliye-qarsi-50-min-dollarliq-mehkeme-qerari-cixarildi\/#primaryimage"},"thumbnailUrl":"https:\/\/www.meydan.tv\/wp-content\/uploads\/40153.jpg","articleSection":["Siyas\u0259t"],"inLanguage":"az"},{"@type":"WebPage","@id":"https:\/\/www.meydan.tv\/az\/article\/gultekin-hacibeyliye-qarsi-50-min-dollarliq-mehkeme-qerari-cixarildi\/","url":"https:\/\/www.meydan.tv\/az\/article\/gultekin-hacibeyliye-qarsi-50-min-dollarliq-mehkeme-qerari-cixarildi\/","name":"G\u00fclt\u0259kin Hac\u0131b\u0259yliy\u0259 qar\u015f\u0131 50 min dollarl\u0131q m\u0259hk\u0259m\u0259 q\u0259rar\u0131 \u00e7\u0131xar\u0131ld\u0131 - MEYDAN.TV","isPartOf":{"@id":"https:\/\/www.meydan.tv\/az\/#website"},"primaryImageOfPage":{"@id":"https:\/\/www.meydan.tv\/az\/article\/gultekin-hacibeyliye-qarsi-50-min-dollarliq-mehkeme-qerari-cixarildi\/#primaryimage"},"image":{"@id":"https:\/\/www.meydan.tv\/az\/article\/gultekin-hacibeyliye-qarsi-50-min-dollarliq-mehkeme-qerari-cixarildi\/#primaryimage"},"thumbnailUrl":"https:\/\/www.meydan.tv\/wp-content\/uploads\/40153.jpg","datePublished":"2019-09-17T14:58:55+00:00","breadcrumb":{"@id":"https:\/\/www.meydan.tv\/az\/article\/gultekin-hacibeyliye-qarsi-50-min-dollarliq-mehkeme-qerari-cixarildi\/#breadcrumb"},"inLanguage":"az","potentialAction":[{"@type":"ReadAction","target":["https:\/\/www.meydan.tv\/az\/article\/gultekin-hacibeyliye-qarsi-50-min-dollarliq-mehkeme-qerari-cixarildi\/"]}]},{"@type":"ImageObject","inLanguage":"az","@id":"https:\/\/www.meydan.tv\/az\/article\/gultekin-hacibeyliye-qarsi-50-min-dollarliq-mehkeme-qerari-cixarildi\/#primaryimage","url":"https:\/\/www.meydan.tv\/wp-content\/uploads\/40153.jpg","contentUrl":"https:\/\/www.meydan.tv\/wp-content\/uploads\/40153.jpg","width":800,"height":600,"caption":"Source:"},{"@type":"BreadcrumbList","@id":"https:\/\/www.meydan.tv\/az\/article\/gultekin-hacibeyliye-qarsi-50-min-dollarliq-mehkeme-qerari-cixarildi\/#breadcrumb","itemListElement":[{"@type":"ListItem","position":1,"name":"Ana s\u0259hif\u0259","item":"https:\/\/www.meydan.tv\/az\/"},{"@type":"ListItem","position":2,"name":"Siyas\u0259t","item":"https:\/\/www.meydan.tv\/az\/section\/siyaset\/"},{"@type":"ListItem","position":3,"name":"G\u00fclt\u0259kin Hac\u0131b\u0259yliy\u0259 qar\u015f\u0131 50 min dollarl\u0131q m\u0259hk\u0259m\u0259 q\u0259rar\u0131 \u00e7\u0131xar\u0131ld\u0131"}]},{"@type":"WebSite","@id":"https:\/\/www.meydan.tv\/az\/#website","url":"https:\/\/www.meydan.tv\/az\/","name":"MEYDAN.TV","description":"Meydan TV Az\u0259rbaycan\u0131n media m\u0259kan\u0131ndak\u0131 alternativ s\u0259sidir","publisher":{"@id":"https:\/\/www.meydan.tv\/az\/#organization"},"potentialAction":[{"@type":"SearchAction","target":{"@type":"EntryPoint","urlTemplate":"https:\/\/www.meydan.tv\/az\/?s={search_term_string}"},"query-input":{"@type":"PropertyValueSpecification","valueRequired":true,"valueName":"search_term_string"}}],"inLanguage":"az"},{"@type":"Organization","@id":"https:\/\/www.meydan.tv\/az\/#organization","name":"Meydan TV","url":"https:\/\/www.meydan.tv\/az\/","logo":{"@type":"ImageObject","inLanguage":"az","@id":"https:\/\/www.meydan.tv\/az\/#\/schema\/logo\/image\/","url":"https:\/\/www.meydan.tv\/wp-content\/uploads\/2021\/07\/meydan-logo.svg","contentUrl":"https:\/\/www.meydan.tv\/wp-content\/uploads\/2021\/07\/meydan-logo.svg","width":195,"height":46,"caption":"Meydan TV"},"image":{"@id":"https:\/\/www.meydan.tv\/az\/#\/schema\/logo\/image\/"}},{"@type":"Person","@id":"https:\/\/www.meydan.tv\/az\/#\/schema\/person\/10d11eccf6da3662cf5fdab9806ea91a","name":"user-manager"}]}},"_links":{"self":[{"href":"https:\/\/www.meydan.tv\/az\/wp-json\/wp\/v2\/posts\/197003","targetHints":{"allow":["GET"]}}],"collection":[{"href":"https:\/\/www.meydan.tv\/az\/wp-json\/wp\/v2\/posts"}],"about":[{"href":"https:\/\/www.meydan.tv\/az\/wp-json\/wp\/v2\/types\/post"}],"author":[{"embeddable":true,"href":"https:\/\/www.meydan.tv\/az\/wp-json\/wp\/v2\/users\/11"}],"replies":[{"embeddable":true,"href":"https:\/\/www.meydan.tv\/az\/wp-json\/wp\/v2\/comments?post=197003"}],"version-history":[{"count":0,"href":"https:\/\/www.meydan.tv\/az\/wp-json\/wp\/v2\/posts\/197003\/revisions"}],"wp:featuredmedia":[{"embeddable":true,"href":"https:\/\/www.meydan.tv\/az\/wp-json\/wp\/v2\/media\/101466"}],"wp:attachment":[{"href":"https:\/\/www.meydan.tv\/az\/wp-json\/wp\/v2\/media?parent=197003"}],"wp:term":[{"taxonomy":"category","embeddable":true,"href":"https:\/\/www.meydan.tv\/az\/wp-json\/wp\/v2\/categories?post=197003"},{"taxonomy":"post_tag","embeddable":true,"href":"https:\/\/www.meydan.tv\/az\/wp-json\/wp\/v2\/tags?post=197003"}],"curies":[{"name":"wp","href":"https:\/\/api.w.org\/{rel}","templated":true}]}}