{"id":197001,"date":"2019-09-17T11:38:54","date_gmt":"2019-09-17T11:38:54","guid":{"rendered":"https:\/\/www.meydan.tv\/article\/sirvan-sakini-olub-yoxsa-oldurulub\/"},"modified":"2019-09-17T11:38:54","modified_gmt":"2019-09-17T11:38:54","slug":"sirvan-sakini-olub-yoxsa-oldurulub","status":"publish","type":"post","link":"https:\/\/www.meydan.tv\/az\/article\/sirvan-sakini-olub-yoxsa-oldurulub\/","title":{"rendered":"\u015eirvan sakini \u00f6l\u00fcb, yoxsa \u00f6ld\u00fcr\u00fcl\u00fcb?"},"content":{"rendered":"<p>\n  \u201cG\u00fcnorta i\u015fd\u0259n qay\u0131d\u0131b, az sonra telefonuna z\u0259ng g\u0259lib, kiminl\u0259s\u0259 dan\u0131\u015f\u0131b, evd\u0259n \u00e7\u0131x\u0131b. Bir ne\u00e7\u0259 saatdan sonra x\u0259b\u0259r g\u0259ldi ki, meyiti tap\u0131l\u0131b. \u00d6ld\u00fcr\u00fcbl\u0259r, sonra da yan\u0131na limon duzu, \u015fpris oyub, \u015f\u0259kill\u0259rini \u00e7\u0259kibl\u0259r, biz\u0259 g\u00f6st\u0259rirl\u0259r, guya ki, limon duzunu damar\u0131na vurub, \u00f6l\u00fcb\u201d.\n<\/p>\n<p>\n  \u015eirvan sakini G\u00fclsar\u0259 \u0130sayeva Meydan TV-y\u0259 dan\u0131\u015f\u0131r ki, 39 ya\u015fl\u0131 o\u011flu Vaqif \u0130sayev sentyabr\u0131n 10-da g\u00fcnorta saatlar\u0131nda evd\u0259n \u00e7\u0131x\u0131b, n\u00f6vb\u0259ti g\u00fcn ax\u015fam saatlar\u0131nda ail\u0259y\u0259 onun k\u00fc\u00e7\u0259d\u0259n meyitinin tap\u0131ld\u0131\u011f\u0131 x\u0259b\u0259ri verilib.\n<\/p>\n<h3>\n  \u201cZ\u0259ng vurdular, getdi, bir d\u0259 qay\u0131tmad\u0131\u201d<br \/>\n<\/h3>\n<p>\n  Ana deyir, o\u011flu i\u015fg\u0259nc\u0259yl\u0259 \u00f6ld\u00fcr\u00fcl\u00fcb, ancaq cinay\u0259t \u00f6rt-basd\u0131r edilir:\n<\/p>\n<p>\n  \u201cZibilxanada i\u015fl\u0259yirdi. He\u00e7 kiml\u0259 i\u015fi yox idi. \u0130\u015fin\u0259 gedib, evin\u0259 d\u00f6n\u00fcrd\u00fc. T\u0259z\u0259c\u0259 bir o\u011flu olmu\u015fdu, 6 ayl\u0131q idi, g\u00fcn\u00fcn yar\u0131s\u0131n\u0131 i\u015fd\u0259 ke\u00e7irirdi, yar\u0131s\u0131n\u0131 evd\u0259 u\u015fa\u011f\u0131yla&#8230; Ay\u0131n 10-da i\u015fd\u0259n g\u0259lib, \u0259l-\u00fcz\u00fcn\u00fc yuyub, yem\u0259y\u0259 haz\u0131rla\u015fanda telefonuna z\u0259ng g\u0259lib, kiminl\u0259s\u0259 dan\u0131\u015f\u0131b, evd\u0259n \u00e7\u0131x\u0131b, deyib, bir azdan qay\u0131dacam. Ax\u015fam g\u0259lib \u00e7\u0131xmad\u0131, g\u0259linim mobil telefonuna z\u0259ng vurdu, telefona z\u0259ng \u00e7at\u0131rd\u0131, ancaq cavab vermirdi. N\u00f6vb\u0259ti z\u0259ngl\u0259rd\u0259 g\u00f6rd\u00fck ki, telefon s\u00f6nd\u00fcr\u00fcl\u00fcb\u201d.\n<\/p>\n<p>\n  Ail\u0259 \u00fczvl\u0259ri s\u0259h\u0259r\u0259d\u0259k g\u00f6zl\u0259s\u0259l\u0259r d\u0259, Vaqif ev\u0259 d\u00f6nm\u0259yib. N\u00f6vb\u0259ti g\u00fcn d\u0259 ax\u015famad\u0259k bel\u0259c\u0259 ke\u00e7ib. N\u0259 telefona z\u0259ng \u00e7at\u0131b, n\u0259 d\u0259 ail\u0259 bir x\u0259b\u0259r \u0259ld\u0259 ed\u0259 bilib. H\u0259yat yolda\u015f\u0131 Ayb\u0259niz G\u00fclmal\u0131yeva dan\u0131\u015f\u0131r ki, n\u0259hay\u0259t, ax\u015fam saatlar\u0131nda bir tan\u0131\u015f onun \u00f6lm\u0259si bar\u0259d\u0259 x\u0259b\u0259r g\u0259tirib.\n<\/p>\n<h3>\n  \u201cD\u0259fn\u0259 g\u0259l\u0259nl\u0259r meyitin fotolar\u0131n\u0131 g\u00f6r\u00fcb \u015foka d\u00fc\u015fd\u00fcl\u0259r\u201d<br \/>\n<\/h3>\n<p>\n  \u201c\u0130nanmad\u0131q, qohumlar\u0131m\u0131z polis \u015f\u00f6b\u0259sin\u0259 getdi, polisd\u0259n bildirdil\u0259r ki, b\u0259li, Vaqif \u00f6l\u00fcb, meyiti morqdad\u0131r. Qohumlar gedib g\u00f6rd\u00fcl\u0259r ki, meyit yar\u0131l\u0131b. G\u00f6t\u00fcr\u00fcb g\u0259tirdil\u0259r ev\u0259, ham\u0131m\u0131z \u015fokdayd\u0131q. Gec\u0259 idi, s\u0259h\u0259r meyit yuyulma\u011fa apar\u0131lmal\u0131yd\u0131. Anas\u0131 Vaqifin meyiti olmas\u0131na inanm\u0131rd\u0131, ba\u015f hiss\u0259sini a\u00e7d\u0131q, baxd\u0131q ki, bo\u011faz\u0131nda \u0259l izl\u0259ri, c\u0131rmaq izl\u0259ri var. S\u0259h\u0259r yax\u0131n qohumlar meyiti yuma\u011fa apard\u0131lar. Tap\u015f\u0131rd\u0131q ki, bizim\u00e7\u00fcn meyitin fotolar\u0131n\u0131 \u00e7\u0259ksinl\u0259r. Meyit yuyulanda qohumlar bax\u0131blar ki, b\u0259d\u0259n, qollar, ayaqlar g\u00f6mg\u00f6yd\u00fcr, d\u00f6y\u00fclm\u0259 izl\u0259ri a\u015fkar g\u00f6r\u00fcn\u00fcr. Fotolar\u0131n\u0131 \u00e7\u0259kib g\u0259tirdil\u0259r. D\u0259fn\u0259 g\u0259l\u0259n qohumlar, tan\u0131\u015flar fotolara baxd\u0131lar, \u015foka d\u00fc\u015fd\u00fcl\u0259r, dedil\u0259r, bu, n\u0259 m\u00fcsib\u0259tdir? Bunu d\u0259fn el\u0259m\u0259yin, t\u0259l\u0259b edin, ekspertiza ke\u00e7irilsin, b\u0259d\u0259nind\u0259ki izl\u0259r qeyd\u0259 al\u0131ns\u0131n,\u201d- h\u0259yat yolda\u015f\u0131 dan\u0131\u015f\u0131r.\n<\/p>\n<p>\n  Ayb\u0259niz G\u00fclmal\u0131yeva s\u00f6z\u00fcn\u0259 davam edir. Deyir, Vaqifi d\u0259fn etm\u0259yibl\u0259r, ma\u015f\u0131nlara minib \u0259vv\u0259lc\u0259 rayon polis \u015f\u00f6b\u0259sin\u0259 gedibl\u0259r. Orada onlar\u0131 dinl\u0259y\u0259n olmay\u0131b, rayon prokurorlu\u011funa \u00fcz tutublar. Prokurorluqda meyit\u0259 bax\u0131\u015f ke\u00e7irilm\u0259sini t\u0259l\u0259b edibl\u0259r.\n<\/p>\n<figure class=\"wp-block-image size-large\">\n  <img decoding=\"async\" src=\"https:\/\/www.meydan.tv\/az\/copy-of-untitled-design-png-9\/\" alt=\"Copy of Untitled Design.png\" class=\"wp-image-129721\"\/><figcaption>\n    \u015eirvan sakini Vaqif \u0130sayevin c\u0259s\u0259di<br \/>\n  <\/figcaption><\/figure>\n<h3>\n  \u201cEkspert dedi, \u00f6z\u00fcm meyit\u0259 bax\u0131b n\u0259 laz\u0131md\u0131rsa, yazm\u0131\u015fam\u201d<br \/>\n<\/h3>\n<p>\n  H\u0259yat yolda\u015f\u0131 davam edir:\n<\/p>\n<p>\n  \u201cDedik, g\u0259lib meyit\u0259 baxmayana, b\u0259d\u0259nind\u0259ki izl\u0259ri ekspertiza etm\u0259y\u0259n\u0259 kimi meyit ortal\u0131qda qalacaq, d\u0259fn etm\u0259y\u0259c\u0259yik. Dedil\u0259r, gedin, bir azdan g\u0259l\u0259c\u0259yik. Qay\u0131d\u0131b g\u0259ldik, bir azdan bir h\u0259kim, bir ekspert, bir d\u0259 Yal\u00e7\u0131n adl\u0131 polis i\u015f\u00e7isi g\u0259ldi. K\u0259f\u0259ni a\u00e7d\u0131q, meyitin \u00f6n hiss\u0259sin\u0259 baxd\u0131lar, dedil\u0259r, he\u00e7 bir iz yoxdur, biz meyiti \u00e7evirm\u0259k ist\u0259dik ki, arxa t\u0259r\u0259fin\u0259 baxs\u0131nlar, ekspert imkan verm\u0259di, dedi, meyiti m\u0259n\u0259 g\u00f6st\u0259rm\u0259k laz\u0131m deyil, biz art\u0131q bu meyiti ekspertiza etmi\u015fik, n\u0259 laz\u0131md\u0131rsa yazm\u0131\u015f\u0131q, he\u00e7 bir iz yoxdur. Qohumlar meyitin qol hiss\u0259l\u0259rind\u0259k izl\u0259ri g\u00f6st\u0259rirl\u0259r, ekspert baxm\u0131r, deyir, m\u0259n art\u0131q bu meyit\u0259 bir d\u0259f\u0259 baxm\u0131\u015fam, baxma\u011f\u0131ma ehtiyac yoxdur. H\u0259kim\u0259 dedik, he\u00e7 olmasa s\u0259n bax, bildirdi ki, m\u0259n bir s\u00f6z dey\u0259 bilm\u0259r\u0259m\u201d.\n<\/p>\n<h3>\n  \u201cQolunda \u015fpris, cibind\u0259 limon tur\u015fusu olub\u201d<br \/>\n<\/h3>\n<p>\n  Sentyabr\u0131n 11-d\u0259 yerli x\u0259b\u0259r saytlar\u0131 m\u0259lumat yay\u0131blar ki, \u015eirvan \u015f\u0259h\u0259ri, D\u0259mir yolu k\u00fc\u00e7\u0259sind\u0259 yerl\u0259\u015f\u0259n tikanl\u0131q \u0259razid\u0259n nam\u0259lum ki\u015fi meyiti tapl\u0131b. Meyit m\u00fcayin\u0259 olunmaq \u00fc\u00e7\u00fcn \u015eirvan \u015f\u0259h\u0259r morquna t\u0259hvil verilib. M\u00fc\u0259yy\u0259n olunub ki, meyiti tap\u0131lan \u015f\u0259xs \u015eirvan sakini, 1980-ci il t\u0259v\u0259ll\u00fcdl\u00fc \u0130sayev Vaqif Vahid o\u011fludur. Meyitin \u00fcz\u0259rind\u0259 zorak\u0131l\u0131q \u0259lam\u0259tl\u0259ri a\u015fkar olunmasa da, qolunda narkotik madd\u0259 \u00fc\u00e7\u00fcn n\u0259z\u0259rd\u0259 tutulan inyeksiya \u015fprisi, cibind\u0259n is\u0259 narkotik madd\u0259y\u0259 qatq\u0131 kimi istifad\u0259 olunan limon tur\u015fusu a\u015fkar edilib. Onun narkotik vasit\u0259d\u0259n dozadan art\u0131q istifad\u0259 etdiyi \u00fc\u00e7\u00fcn \u00f6ld\u00fcy\u00fc ehtimal olunur.\n<\/p>\n<h3>\n  Prokurorluq ekspertizan\u0131n r\u0259yini g\u00f6zl\u0259yir<br \/>\n<\/h3>\n<p>\n  M\u0259rhumun ail\u0259 \u00fczvl\u0259ri is\u0259 iddia edir ki, Vaqif narkotik istifad\u0259\u00e7isi olmay\u0131b, onun \u00f6l\u00fcm s\u0259b\u0259binin narkotikl\u0259 ba\u011flanmas\u0131 da m\u0259qs\u0259dlidir:\n<\/p>\n<p>\n  \u201cAdam\u0131 i\u015fg\u0259nc\u0259yl\u0259 d\u00f6y\u00fcb, \u00f6ld\u00fcr\u00fcb, sonra da veribl\u0259r ki, apar\u0131n, basd\u0131r\u0131n. \u0130ndi d\u0259 \u00f6l\u00fcn\u00fc g\u00fcnahkar \u00e7\u0131xarma\u011fa \u00e7al\u0131\u015f\u0131rlar. M\u0259nim h\u0259yat yolda\u015f\u0131m he\u00e7 vaxt narkotik istifad\u0259\u00e7isi olmay\u0131b. Biz ail\u0259miz\u0259 qar\u015f\u0131 bu cinay\u0259ti t\u00f6r\u0259d\u0259nin kimliyini bilm\u0259k ist\u0259yirik ki, g\u0259l\u0259c\u0259kd\u0259 kimd\u0259n, nec\u0259 qorunaca\u011f\u0131m\u0131z\u0131 bil\u0259k. Biz d\u00fc\u015fm\u0259nimizi tan\u0131maq ist\u0259yirik. Polis, prokurorluq is\u0259 q\u0259tl kimi cinay\u0259tin \u00fcst\u00fcn\u00fc a\u00e7maqda maraql\u0131 deyil. Bizd\u0259 d\u0259 \u015f\u00fcbh\u0259 yaran\u0131r, polisin, prokurorlu\u011fun n\u0259 mara\u011f\u0131 var ki, bu cinay\u0259ti \u00f6rt-basd\u0131r edir?\u201d\n<\/p>\n<p>\n  \u015eirvan \u015e\u0259h\u0259r Prokurorlu\u011fundan bildirilib ki, meyitin xarici v\u0259 daxili m\u00fcayin\u0259l\u0259ri il\u0259 ba\u011fl\u0131 ekspertiza r\u0259yi olsa da, dig\u0259r m\u00fcayin\u0259 n\u00fcmun\u0259l\u0259ri g\u00f6t\u00fcr\u00fcl\u0259r\u0259k ekspertizaya g\u00f6nd\u0259rilib. Ekspertiza r\u0259yi prokurorlu\u011fa daxil olduqdan sonra \u00f6l\u00fcm\u00fcn s\u0259b\u0259bl\u0259ri b\u0259lli olacaq v\u0259 h\u00fcquqi add\u0131mlar at\u0131lacaq.<\/p>\n","protected":false},"excerpt":{"rendered":"<p>39 ya\u015fl\u0131 Vaqif \u0130sayevin ail\u0259si iddia edir ki, onu i\u015fg\u0259nc\u0259yl\u0259 \u00f6ld\u00fcr\u00fcbl\u0259r, izi itirm\u0259k \u00fc\u00e7\u00fcn ad\u0131n\u0131 \u201cnarkoman\u201d qoyublar<\/p>\n","protected":false},"author":11,"featured_media":129718,"comment_status":"closed","ping_status":"open","sticky":false,"template":"","format":"standard","meta":{"_acf_changed":false,"_sitemap_exclude":false,"_sitemap_priority":"","_sitemap_frequency":"","footnotes":""},"categories":[60],"tags":[],"class_list":["post-197001","post","type-post","status-publish","format-standard","has-post-thumbnail","hentry","category-bolge","infinite-scroll-item","generate-columns","tablet-grid-50","mobile-grid-100","grid-parent","grid-33","no-featured-image-padding"],"acf":[],"yoast_head":"<!-- This site is optimized with the Yoast SEO plugin v27.5 - https:\/\/yoast.com\/product\/yoast-seo-wordpress\/ -->\n<title>\u015eirvan sakini \u00f6l\u00fcb, yoxsa \u00f6ld\u00fcr\u00fcl\u00fcb? - MEYDAN.TV<\/title>\n<meta name=\"robots\" content=\"index, follow, max-snippet:-1, max-image-preview:large, max-video-preview:-1\" \/>\n<link rel=\"canonical\" href=\"https:\/\/www.meydan.tv\/az\/article\/sirvan-sakini-olub-yoxsa-oldurulub\/\" \/>\n<meta property=\"og:locale\" content=\"az_AZ\" \/>\n<meta property=\"og:type\" content=\"article\" \/>\n<meta property=\"og:title\" content=\"\u015eirvan sakini \u00f6l\u00fcb, yoxsa \u00f6ld\u00fcr\u00fcl\u00fcb? - MEYDAN.TV\" \/>\n<meta property=\"og:description\" content=\"39 ya\u015fl\u0131 Vaqif \u0130sayevin ail\u0259si iddia edir ki, onu i\u015fg\u0259nc\u0259yl\u0259 \u00f6ld\u00fcr\u00fcbl\u0259r, izi itirm\u0259k \u00fc\u00e7\u00fcn ad\u0131n\u0131 \u201cnarkoman\u201d qoyublar\" \/>\n<meta property=\"og:url\" content=\"https:\/\/www.meydan.tv\/az\/article\/sirvan-sakini-olub-yoxsa-oldurulub\/\" \/>\n<meta property=\"og:site_name\" content=\"MEYDAN.TV\" \/>\n<meta property=\"article:published_time\" content=\"2019-09-17T11:38:54+00:00\" \/>\n<meta property=\"og:image\" content=\"https:\/\/www.meydan.tv\/wp-content\/uploads\/copy_of_untitled_design_1_n4hhnbf.png\" \/>\n\t<meta property=\"og:image:width\" content=\"1280\" \/>\n\t<meta property=\"og:image:height\" content=\"720\" \/>\n\t<meta property=\"og:image:type\" content=\"image\/png\" \/>\n<meta name=\"author\" content=\"user-manager\" \/>\n<meta name=\"twitter:card\" content=\"summary_large_image\" \/>\n<script type=\"application\/ld+json\" class=\"yoast-schema-graph\">{\"@context\":\"https:\\\/\\\/schema.org\",\"@graph\":[{\"@type\":\"Article\",\"@id\":\"https:\\\/\\\/www.meydan.tv\\\/az\\\/article\\\/sirvan-sakini-olub-yoxsa-oldurulub\\\/#article\",\"isPartOf\":{\"@id\":\"https:\\\/\\\/www.meydan.tv\\\/az\\\/article\\\/sirvan-sakini-olub-yoxsa-oldurulub\\\/\"},\"author\":{\"name\":\"user-manager\",\"@id\":\"https:\\\/\\\/www.meydan.tv\\\/az\\\/#\\\/schema\\\/person\\\/10d11eccf6da3662cf5fdab9806ea91a\"},\"headline\":\"\u015eirvan sakini \u00f6l\u00fcb, yoxsa \u00f6ld\u00fcr\u00fcl\u00fcb?\",\"datePublished\":\"2019-09-17T11:38:54+00:00\",\"mainEntityOfPage\":{\"@id\":\"https:\\\/\\\/www.meydan.tv\\\/az\\\/article\\\/sirvan-sakini-olub-yoxsa-oldurulub\\\/\"},\"wordCount\":1143,\"publisher\":{\"@id\":\"https:\\\/\\\/www.meydan.tv\\\/az\\\/#organization\"},\"image\":{\"@id\":\"https:\\\/\\\/www.meydan.tv\\\/az\\\/article\\\/sirvan-sakini-olub-yoxsa-oldurulub\\\/#primaryimage\"},\"thumbnailUrl\":\"https:\\\/\\\/www.meydan.tv\\\/wp-content\\\/uploads\\\/copy_of_untitled_design_1_n4hhnbf.png\",\"articleSection\":[\"B\u00f6lg\u0259\"],\"inLanguage\":\"az\"},{\"@type\":\"WebPage\",\"@id\":\"https:\\\/\\\/www.meydan.tv\\\/az\\\/article\\\/sirvan-sakini-olub-yoxsa-oldurulub\\\/\",\"url\":\"https:\\\/\\\/www.meydan.tv\\\/az\\\/article\\\/sirvan-sakini-olub-yoxsa-oldurulub\\\/\",\"name\":\"\u015eirvan sakini \u00f6l\u00fcb, yoxsa \u00f6ld\u00fcr\u00fcl\u00fcb? - MEYDAN.TV\",\"isPartOf\":{\"@id\":\"https:\\\/\\\/www.meydan.tv\\\/az\\\/#website\"},\"primaryImageOfPage\":{\"@id\":\"https:\\\/\\\/www.meydan.tv\\\/az\\\/article\\\/sirvan-sakini-olub-yoxsa-oldurulub\\\/#primaryimage\"},\"image\":{\"@id\":\"https:\\\/\\\/www.meydan.tv\\\/az\\\/article\\\/sirvan-sakini-olub-yoxsa-oldurulub\\\/#primaryimage\"},\"thumbnailUrl\":\"https:\\\/\\\/www.meydan.tv\\\/wp-content\\\/uploads\\\/copy_of_untitled_design_1_n4hhnbf.png\",\"datePublished\":\"2019-09-17T11:38:54+00:00\",\"breadcrumb\":{\"@id\":\"https:\\\/\\\/www.meydan.tv\\\/az\\\/article\\\/sirvan-sakini-olub-yoxsa-oldurulub\\\/#breadcrumb\"},\"inLanguage\":\"az\",\"potentialAction\":[{\"@type\":\"ReadAction\",\"target\":[\"https:\\\/\\\/www.meydan.tv\\\/az\\\/article\\\/sirvan-sakini-olub-yoxsa-oldurulub\\\/\"]}]},{\"@type\":\"ImageObject\",\"inLanguage\":\"az\",\"@id\":\"https:\\\/\\\/www.meydan.tv\\\/az\\\/article\\\/sirvan-sakini-olub-yoxsa-oldurulub\\\/#primaryimage\",\"url\":\"https:\\\/\\\/www.meydan.tv\\\/wp-content\\\/uploads\\\/copy_of_untitled_design_1_n4hhnbf.png\",\"contentUrl\":\"https:\\\/\\\/www.meydan.tv\\\/wp-content\\\/uploads\\\/copy_of_untitled_design_1_n4hhnbf.png\",\"width\":1280,\"height\":720,\"caption\":\"Source: Meydan TV\"},{\"@type\":\"BreadcrumbList\",\"@id\":\"https:\\\/\\\/www.meydan.tv\\\/az\\\/article\\\/sirvan-sakini-olub-yoxsa-oldurulub\\\/#breadcrumb\",\"itemListElement\":[{\"@type\":\"ListItem\",\"position\":1,\"name\":\"Ana s\u0259hif\u0259\",\"item\":\"https:\\\/\\\/www.meydan.tv\\\/az\\\/\"},{\"@type\":\"ListItem\",\"position\":2,\"name\":\"B\u00f6lg\u0259\",\"item\":\"https:\\\/\\\/www.meydan.tv\\\/az\\\/section\\\/bolge\\\/\"},{\"@type\":\"ListItem\",\"position\":3,\"name\":\"\u015eirvan sakini \u00f6l\u00fcb, yoxsa \u00f6ld\u00fcr\u00fcl\u00fcb?\"}]},{\"@type\":\"WebSite\",\"@id\":\"https:\\\/\\\/www.meydan.tv\\\/az\\\/#website\",\"url\":\"https:\\\/\\\/www.meydan.tv\\\/az\\\/\",\"name\":\"MEYDAN.TV\",\"description\":\"Meydan TV Az\u0259rbaycan\u0131n media m\u0259kan\u0131ndak\u0131 alternativ s\u0259sidir\",\"publisher\":{\"@id\":\"https:\\\/\\\/www.meydan.tv\\\/az\\\/#organization\"},\"potentialAction\":[{\"@type\":\"SearchAction\",\"target\":{\"@type\":\"EntryPoint\",\"urlTemplate\":\"https:\\\/\\\/www.meydan.tv\\\/az\\\/?s={search_term_string}\"},\"query-input\":{\"@type\":\"PropertyValueSpecification\",\"valueRequired\":true,\"valueName\":\"search_term_string\"}}],\"inLanguage\":\"az\"},{\"@type\":\"Organization\",\"@id\":\"https:\\\/\\\/www.meydan.tv\\\/az\\\/#organization\",\"name\":\"Meydan TV\",\"url\":\"https:\\\/\\\/www.meydan.tv\\\/az\\\/\",\"logo\":{\"@type\":\"ImageObject\",\"inLanguage\":\"az\",\"@id\":\"https:\\\/\\\/www.meydan.tv\\\/az\\\/#\\\/schema\\\/logo\\\/image\\\/\",\"url\":\"https:\\\/\\\/www.meydan.tv\\\/wp-content\\\/uploads\\\/2021\\\/07\\\/meydan-logo.svg\",\"contentUrl\":\"https:\\\/\\\/www.meydan.tv\\\/wp-content\\\/uploads\\\/2021\\\/07\\\/meydan-logo.svg\",\"width\":195,\"height\":46,\"caption\":\"Meydan TV\"},\"image\":{\"@id\":\"https:\\\/\\\/www.meydan.tv\\\/az\\\/#\\\/schema\\\/logo\\\/image\\\/\"}},{\"@type\":\"Person\",\"@id\":\"https:\\\/\\\/www.meydan.tv\\\/az\\\/#\\\/schema\\\/person\\\/10d11eccf6da3662cf5fdab9806ea91a\",\"name\":\"user-manager\"}]}<\/script>\n<!-- \/ Yoast SEO plugin. -->","yoast_head_json":{"title":"\u015eirvan sakini \u00f6l\u00fcb, yoxsa \u00f6ld\u00fcr\u00fcl\u00fcb? - MEYDAN.TV","robots":{"index":"index","follow":"follow","max-snippet":"max-snippet:-1","max-image-preview":"max-image-preview:large","max-video-preview":"max-video-preview:-1"},"canonical":"https:\/\/www.meydan.tv\/az\/article\/sirvan-sakini-olub-yoxsa-oldurulub\/","og_locale":"az_AZ","og_type":"article","og_title":"\u015eirvan sakini \u00f6l\u00fcb, yoxsa \u00f6ld\u00fcr\u00fcl\u00fcb? - MEYDAN.TV","og_description":"39 ya\u015fl\u0131 Vaqif \u0130sayevin ail\u0259si iddia edir ki, onu i\u015fg\u0259nc\u0259yl\u0259 \u00f6ld\u00fcr\u00fcbl\u0259r, izi itirm\u0259k \u00fc\u00e7\u00fcn ad\u0131n\u0131 \u201cnarkoman\u201d qoyublar","og_url":"https:\/\/www.meydan.tv\/az\/article\/sirvan-sakini-olub-yoxsa-oldurulub\/","og_site_name":"MEYDAN.TV","article_published_time":"2019-09-17T11:38:54+00:00","og_image":[{"width":1280,"height":720,"url":"https:\/\/www.meydan.tv\/wp-content\/uploads\/copy_of_untitled_design_1_n4hhnbf.png","type":"image\/png"}],"author":"user-manager","twitter_card":"summary_large_image","schema":{"@context":"https:\/\/schema.org","@graph":[{"@type":"Article","@id":"https:\/\/www.meydan.tv\/az\/article\/sirvan-sakini-olub-yoxsa-oldurulub\/#article","isPartOf":{"@id":"https:\/\/www.meydan.tv\/az\/article\/sirvan-sakini-olub-yoxsa-oldurulub\/"},"author":{"name":"user-manager","@id":"https:\/\/www.meydan.tv\/az\/#\/schema\/person\/10d11eccf6da3662cf5fdab9806ea91a"},"headline":"\u015eirvan sakini \u00f6l\u00fcb, yoxsa \u00f6ld\u00fcr\u00fcl\u00fcb?","datePublished":"2019-09-17T11:38:54+00:00","mainEntityOfPage":{"@id":"https:\/\/www.meydan.tv\/az\/article\/sirvan-sakini-olub-yoxsa-oldurulub\/"},"wordCount":1143,"publisher":{"@id":"https:\/\/www.meydan.tv\/az\/#organization"},"image":{"@id":"https:\/\/www.meydan.tv\/az\/article\/sirvan-sakini-olub-yoxsa-oldurulub\/#primaryimage"},"thumbnailUrl":"https:\/\/www.meydan.tv\/wp-content\/uploads\/copy_of_untitled_design_1_n4hhnbf.png","articleSection":["B\u00f6lg\u0259"],"inLanguage":"az"},{"@type":"WebPage","@id":"https:\/\/www.meydan.tv\/az\/article\/sirvan-sakini-olub-yoxsa-oldurulub\/","url":"https:\/\/www.meydan.tv\/az\/article\/sirvan-sakini-olub-yoxsa-oldurulub\/","name":"\u015eirvan sakini \u00f6l\u00fcb, yoxsa \u00f6ld\u00fcr\u00fcl\u00fcb? - MEYDAN.TV","isPartOf":{"@id":"https:\/\/www.meydan.tv\/az\/#website"},"primaryImageOfPage":{"@id":"https:\/\/www.meydan.tv\/az\/article\/sirvan-sakini-olub-yoxsa-oldurulub\/#primaryimage"},"image":{"@id":"https:\/\/www.meydan.tv\/az\/article\/sirvan-sakini-olub-yoxsa-oldurulub\/#primaryimage"},"thumbnailUrl":"https:\/\/www.meydan.tv\/wp-content\/uploads\/copy_of_untitled_design_1_n4hhnbf.png","datePublished":"2019-09-17T11:38:54+00:00","breadcrumb":{"@id":"https:\/\/www.meydan.tv\/az\/article\/sirvan-sakini-olub-yoxsa-oldurulub\/#breadcrumb"},"inLanguage":"az","potentialAction":[{"@type":"ReadAction","target":["https:\/\/www.meydan.tv\/az\/article\/sirvan-sakini-olub-yoxsa-oldurulub\/"]}]},{"@type":"ImageObject","inLanguage":"az","@id":"https:\/\/www.meydan.tv\/az\/article\/sirvan-sakini-olub-yoxsa-oldurulub\/#primaryimage","url":"https:\/\/www.meydan.tv\/wp-content\/uploads\/copy_of_untitled_design_1_n4hhnbf.png","contentUrl":"https:\/\/www.meydan.tv\/wp-content\/uploads\/copy_of_untitled_design_1_n4hhnbf.png","width":1280,"height":720,"caption":"Source: Meydan TV"},{"@type":"BreadcrumbList","@id":"https:\/\/www.meydan.tv\/az\/article\/sirvan-sakini-olub-yoxsa-oldurulub\/#breadcrumb","itemListElement":[{"@type":"ListItem","position":1,"name":"Ana s\u0259hif\u0259","item":"https:\/\/www.meydan.tv\/az\/"},{"@type":"ListItem","position":2,"name":"B\u00f6lg\u0259","item":"https:\/\/www.meydan.tv\/az\/section\/bolge\/"},{"@type":"ListItem","position":3,"name":"\u015eirvan sakini \u00f6l\u00fcb, yoxsa \u00f6ld\u00fcr\u00fcl\u00fcb?"}]},{"@type":"WebSite","@id":"https:\/\/www.meydan.tv\/az\/#website","url":"https:\/\/www.meydan.tv\/az\/","name":"MEYDAN.TV","description":"Meydan TV Az\u0259rbaycan\u0131n media m\u0259kan\u0131ndak\u0131 alternativ s\u0259sidir","publisher":{"@id":"https:\/\/www.meydan.tv\/az\/#organization"},"potentialAction":[{"@type":"SearchAction","target":{"@type":"EntryPoint","urlTemplate":"https:\/\/www.meydan.tv\/az\/?s={search_term_string}"},"query-input":{"@type":"PropertyValueSpecification","valueRequired":true,"valueName":"search_term_string"}}],"inLanguage":"az"},{"@type":"Organization","@id":"https:\/\/www.meydan.tv\/az\/#organization","name":"Meydan TV","url":"https:\/\/www.meydan.tv\/az\/","logo":{"@type":"ImageObject","inLanguage":"az","@id":"https:\/\/www.meydan.tv\/az\/#\/schema\/logo\/image\/","url":"https:\/\/www.meydan.tv\/wp-content\/uploads\/2021\/07\/meydan-logo.svg","contentUrl":"https:\/\/www.meydan.tv\/wp-content\/uploads\/2021\/07\/meydan-logo.svg","width":195,"height":46,"caption":"Meydan TV"},"image":{"@id":"https:\/\/www.meydan.tv\/az\/#\/schema\/logo\/image\/"}},{"@type":"Person","@id":"https:\/\/www.meydan.tv\/az\/#\/schema\/person\/10d11eccf6da3662cf5fdab9806ea91a","name":"user-manager"}]}},"_links":{"self":[{"href":"https:\/\/www.meydan.tv\/az\/wp-json\/wp\/v2\/posts\/197001","targetHints":{"allow":["GET"]}}],"collection":[{"href":"https:\/\/www.meydan.tv\/az\/wp-json\/wp\/v2\/posts"}],"about":[{"href":"https:\/\/www.meydan.tv\/az\/wp-json\/wp\/v2\/types\/post"}],"author":[{"embeddable":true,"href":"https:\/\/www.meydan.tv\/az\/wp-json\/wp\/v2\/users\/11"}],"replies":[{"embeddable":true,"href":"https:\/\/www.meydan.tv\/az\/wp-json\/wp\/v2\/comments?post=197001"}],"version-history":[{"count":0,"href":"https:\/\/www.meydan.tv\/az\/wp-json\/wp\/v2\/posts\/197001\/revisions"}],"wp:featuredmedia":[{"embeddable":true,"href":"https:\/\/www.meydan.tv\/az\/wp-json\/wp\/v2\/media\/129718"}],"wp:attachment":[{"href":"https:\/\/www.meydan.tv\/az\/wp-json\/wp\/v2\/media?parent=197001"}],"wp:term":[{"taxonomy":"category","embeddable":true,"href":"https:\/\/www.meydan.tv\/az\/wp-json\/wp\/v2\/categories?post=197001"},{"taxonomy":"post_tag","embeddable":true,"href":"https:\/\/www.meydan.tv\/az\/wp-json\/wp\/v2\/tags?post=197001"}],"curies":[{"name":"wp","href":"https:\/\/api.w.org\/{rel}","templated":true}]}}