{"id":196992,"date":"2019-09-16T14:46:38","date_gmt":"2019-09-16T14:46:38","guid":{"rendered":"https:\/\/www.meydan.tv\/article\/lacindan-18-gun-ayaqyalin-yol-gelmisem-ki-hansisa-memur-ustume-qisqirsin\/"},"modified":"2019-09-16T14:46:38","modified_gmt":"2019-09-16T14:46:38","slug":"lacindan-18-gun-ayaqyalin-yol-gelmisem-ki-hansisa-memur-ustume-qisqirsin","status":"publish","type":"post","link":"https:\/\/www.meydan.tv\/az\/article\/lacindan-18-gun-ayaqyalin-yol-gelmisem-ki-hansisa-memur-ustume-qisqirsin\/","title":{"rendered":"\u201cLa\u00e7\u0131ndan 18 g\u00fcn ayaqyal\u0131n yol g\u0259lmi\u015f\u0259m ki, hans\u0131sa m\u0259mur \u00fcst\u00fcm\u0259 q\u0131\u015fq\u0131rs\u0131n?\u201d"},"content":{"rendered":"<p>\n  <i><br \/>\n    M\u0259cburi k\u00f6\u00e7k\u00fcn ona qar\u015f\u0131 laqeydlikd\u0259n \u015fikay\u0259t\u00e7idir<br \/>\n  <\/i>\n<\/p>\n<p>\n  \u201cDan\u0131\u015fanda a\u011f\u0131zlar\u0131na \u00e7ullu dov\u015fan s\u0131\u011fm\u0131r, deyirl\u0259r ki, Az\u0259rbaycanda m\u0259cburi k\u00f6\u00e7k\u00fcnl\u0259r\u0259 g\u00f6st\u0259ril\u0259n diqq\u0259t v\u0259 qay\u011f\u0131n\u0131n d\u00fcnyada analoqu yoxdur. G\u0259lsinl\u0259r, ya\u015fad\u0131\u011f\u0131m\u0131z yer\u0259 baxs\u0131nlar, sonra dan\u0131\u015fs\u0131nlar. Vallah, bu ya\u015famaq deyil, \u00f6l\u00fcmd\u00fcr, camaat q\u0131r\u0131l\u0131b-bat\u0131r\u201d.\n<\/p>\n<p>\n  Qarada\u011f rayonu, Sahil Q\u0259s\u0259b\u0259sind\u0259ki h\u0259rbi \u015f\u0259h\u0259rcikd\u0259 m\u0259skunla\u015fan bir ne\u00e7\u0259 m\u0259cburi k\u00f6\u00e7k\u00fcn ail\u0259si \u015fikay\u0259t\u00e7idir.\n<\/p>\n<p>\n  Bildirirl\u0259r ki, Qa\u00e7q\u0131nlar\u0131n v\u0259 M\u0259cburi K\u00f6\u00e7k\u00fcnl\u0259rin \u0130\u015fl\u0259ri \u00dczr\u0259 D\u00f6vl\u0259t Komit\u0259si t\u0259r\u0259find\u0259n onlara yeni sal\u0131nan \u201cQobu Park-2\u201d ya\u015fay\u0131\u015f kompleksind\u0259 m\u0259nzil veril\u0259c\u0259yin\u0259 dair v\u0259d verils\u0259 d\u0259, buna \u0259m\u0259l olunmay\u0131b.\n<\/p>\n<p>\n  \u201cHaz\u0131rda ail\u0259ml\u0259 birotaql\u0131 \u015fifer evd\u0259 ya\u015fay\u0131ram. \u0130ki o\u011flum var, biri 19, dig\u0259ri 21 ya\u015f\u0131ndad\u0131r. Ev \u015fifer oldu\u011funa g\u00f6r\u0259, yayda aralar\u0131ndan d\u0259f\u0259l\u0259rl\u0259 ilan ke\u00e7ib. Q\u0131\u015fda da pil\u0259t\u0259nin ikisini yand\u0131r\u0131r\u0131q, aya\u011f\u0131m\u0131z\u0131n alt\u0131na d\u00f6\u015f\u0259k qoyuruq, yen\u0259 d\u0259 can\u0131m\u0131z isinmir. Q\u0131\u015fda o\u011flum s\u0259h\u0259r oyan\u0131r, deyir ki, ata, gec\u0259 qolum bay\u0131rda qal\u0131b, i\u015fl\u0259mir. \u0130yirmi yeddi ildir ki, torpa\u011f\u0131mdan did\u0259rgin d\u00fc\u015fm\u00fc\u015f\u0259m. Bir yandan da d\u00f6vl\u0259t m\u0259n\u0259 v\u0259 ail\u0259m\u0259 \u015fiferd\u0259n olan evd\u0259 z\u00fclm edir.\n<\/p>\n<figure class=\"wp-block-image size-large\">\n  <img decoding=\"async\" src=\"https:\/\/www.meydan.tv\/az\/image_from_ios-9-jpg-13\/\" alt=\"image_from_ios (9).jpg\" class=\"wp-image-129685\"\/><figcaption>\n    &#8220;Haz\u0131rda ail\u0259ml\u0259 birotaql\u0131 \u015fifer evd\u0259 ya\u015fay\u0131ram&#8221;<br \/>\n  <\/figcaption><\/figure>\n<p>\n  \u201cQa\u00e7q\u0131nkom\u201d da deyir ki, sizi \u201c\u00dcmid\u201d\u0259 k\u00f6\u00e7\u00fcr\u0259c\u0259yik. H\u0259min \u015f\u0259h\u0259rcik \u201c\u00dcmid\u201d qaz yata\u011f\u0131na yax\u0131nd\u0131r. Havas\u0131 d\u0259h\u015f\u0259tdir, n\u0259f\u0259s almaq olmur. H\u0259yat yolda\u015f\u0131m da, m\u0259n d\u0259 x\u0259st\u0259 adamlar\u0131q. La\u00e7\u0131ndan on s\u0259kkiz g\u00fcn ayaqyal\u0131n yol g\u0259lmi\u015f\u0259m ki, burada hans\u0131sa m\u0259mur \u00fcst\u00fcm\u0259 q\u0131\u015fq\u0131rs\u0131n? Orduda olmu\u015fam, v\u0259t\u0259n \u00fc\u00e7\u00fcn can\u0131m\u0131 qoymu\u015fam. \u0130ndi d\u0259 m\u0259n\u0259 bax bu z\u00fclm\u00fc verirl\u0259r\u201d, &#8211; Nur\u0259ddin M\u0259mm\u0259dov deyir.\n<\/p>\n<p>\n  Sakinl\u0259r deyirl\u0259r ki, \u00fc\u00e7 d\u0259f\u0259 Prezident Adminstrasiyas\u0131nda olublar, lakin bu, he\u00e7 bir m\u00fcsb\u0259t n\u0259tic\u0259 verm\u0259yib.\n<\/p>\n<p>\n  \u201cBizi iki n\u0259f\u0259r q\u0259bul edib, yalandan s\u00f6z verib, sonra da yola sal\u0131blar ki, xo\u015f getdin. Hara m\u00fcraci\u0259t edirik, hans\u0131 orqana gedirik, deyirl\u0259r ki, \u00e7\u0131x \u00e7\u00f6l\u0259. Kim\u0259 \u015fikay\u0259t edirs\u0259n et, he\u00e7 kimd\u0259n d\u0259 qorxmuruq. B\u00fct\u00fcn s\u0259n\u0259dl\u0259rimiz qaydas\u0131ndad\u0131r, lakin \u201cQa\u00e7q\u0131nkom\u201d bizi evl\u0259 t\u0259min etmir. Deyir ki, gedin, n\u0259 vaxt zaman\u0131 \u00e7atar, onda da ev ver\u0259rik. Camaat he\u00e7 in\u0259yini, qoyununu burada saxlamaz. Qaz yoxdur, q\u0131\u015fda i\u015f\u0131q s\u00f6nd\u00fc, el\u0259 bil ki, \u00f6ld\u00fcn\u201d, &#8211; sakinl\u0259r bildirir.\n<\/p>\n<p>\n  \u201cDeyir\u0259m ki, ay qarda\u015f, m\u0259n d\u00f6vl\u0259tl\u0259, d\u00f6vl\u0259t\u00e7ilik ed\u0259 bilm\u0259r\u0259m, kas\u0131b adamam, ba\u015f\u0131m\u0131 z\u00fclml\u0259 h\u0259rl\u0259yir\u0259m. \u018fh\u0259miyy\u0259t ver\u0259n yoxdur. Deyir\u0259m ki, prezident f\u0259rman verib ki, imkans\u0131z, a\u011f\u0131r v\u0259ziyy\u0259td\u0259 ya\u015fayan ail\u0259l\u0259rin v\u0259ziyy\u0259tini n\u0259z\u0259r\u0259 al\u0131n. Ham\u0131m\u0131z imkans\u0131z adamlar\u0131q, y\u0131\u011f\u0131lm\u0131\u015f\u0131q bura.\u201d, &#8211; Ruslan Namazov s\u00f6yl\u0259yir:\n<\/p>\n<figure class=\"wp-block-image size-large\">\n  <img decoding=\"async\" src=\"https:\/\/www.meydan.tv\/az\/image_from_ios-10-jpg-6\/\" alt=\"image_from_ios (10).jpg\" class=\"wp-image-129691\"\/><figcaption>\n    &#8220;Kimin pulu var, verir, onu evl\u0259 t\u0259min edirl\u0259r&#8221;<br \/>\n  <\/figcaption><\/figure>\n<p>\n  \u201cBuradan y\u00fczd\u0259n \u00e7ox ail\u0259 k\u00f6\u00e7\u00fcr\u00fcbl\u0259r. Bilirsiniz, hans\u0131 ail\u0259l\u0259ri k\u00f6\u00e7\u00fcr\u00fcbl\u0259r? \u0130kim\u0259rt\u0259b\u0259li evi olanlar\u0131. Kimin pulu var, verir, onu evl\u0259 t\u0259min edirl\u0259r. On bir ail\u0259 qalm\u0131\u015f\u0131q burada. Vallah, Suriya buradan yax\u015f\u0131d\u0131r. Qarada\u011f rayonunun \u00dcmid q\u0259s\u0259b\u0259sind\u0259 ikinci m\u0259rh\u0259l\u0259 \u00fczr\u0259 in\u015fa edilimi\u015f yeni ya\u015fay\u0131\u015f binalar\u0131na buradan ail\u0259l\u0259r k\u00f6\u00e7\u00fcrd\u00fcl\u0259r. Yerd\u0259 qalan on bir ail\u0259nin s\u0259n\u0259dl\u0259ri qaydas\u0131nda oldu\u011fu \u00fc\u00e7\u00fcn \u201cQa\u00e7q\u0131nkom\u201ddan s\u00f6z verdil\u0259r ki, \u201cQobu Park-2\u201d ya\u015fay\u0131\u015f kompleksind\u0259 bizi m\u0259nzill\u0259 t\u0259min ed\u0259c\u0259kl\u0259r. Park a\u00e7\u0131lan vaxt gedirik ki, b\u0259s evl\u0259r paylan\u0131r, biz nec\u0259 olaca\u011f\u0131q? Deyirl\u0259r ki, bu d\u0259f\u0259 qald\u0131n\u0131z, siz\u0259 s\u0259kkiz aya tikil\u0259c\u0259k n\u00f6vb\u0259ti evl\u0259rd\u0259n m\u0259nzil ver\u0259c\u0259yik. Ay ki\u015fi, s\u0259kkiz aya tikib ver\u0259c\u0259y\u0259m deyirs\u0259n, a\u011fz\u0131ndan s\u00f6z \u00e7\u0131x\u0131b ax\u0131. On iki ail\u0259ni \u201cQobu Park\u201da yerl\u0259\u015fdir\u0259 bilmirs\u0259n. Bu d\u00f6vl\u0259t hara bax\u0131r?\u201d\n<\/p>\n<p>\n  Sirac Allahverdiyev deyir ki, buradak\u0131 on iki ail\u0259nin h\u0259r\u0259sind\u0259 2-3 u\u015faq var. U\u015faqlar m\u0259kt\u0259b\u0259 ged\u0259nd\u0259, 25 kilometr yol q\u0259t etm\u0259li olur:\n<\/p>\n<p>\n  \u201cBunlar\u0131n birinci sinif\u0259, haz\u0131rl\u0131\u011fa ged\u0259ni var. Ancaq yalandan v\u0259d verirl\u0259r. Deyirl\u0259r ki, siz\u0259 avtobus ay\u0131raca\u011f\u0131q. \u201cQa\u00e7q\u0131nkom\u201da bir adam ged\u0259, k\u0259nardan baxa, g\u00f6r\u0259 ki, orada s\u00f6y\u00fc\u015f\u00fcn biri bir q\u0259pikdir, ya yox. M\u0259n\u0259 inanm\u0131rs\u0131n\u0131zsa, \u00f6z\u00fcn\u00fcz gedin, \u015fahid olun. Yax\u015f\u0131 v\u0259ziyy\u0259td\u0259 ya\u015fayan\u0131 k\u00f6\u00e7\u00fcr\u0259nd\u0259, adam d\u00f6z\u0259 bilmir. Bel\u0259 haqs\u0131zl\u0131q olmaz. \u201cQa\u00e7q\u0131nkom\u201dda m\u0259nim kimi kas\u0131ba, fa\u011f\u0131r adama yer yoxdur\u201d.\n<\/p>\n<figure class=\"wp-block-image size-large\">\n  <img decoding=\"async\" src=\"https:\/\/www.meydan.tv\/az\/image_from_ios-13-jpg-5\/\" alt=\"image_from_ios (13).jpg\" class=\"wp-image-129700\"\/><figcaption>\n    &#8220;U\u015faqlar m\u0259kt\u0259b\u0259 ged\u0259nd\u0259, 25 kilometr yol q\u0259t etm\u0259li olur&#8221;<br \/>\n  <\/figcaption><\/figure>\n<p>\n  Sakinl\u0259r deyir ki, hans\u0131 m\u0259murun qap\u0131s\u0131n\u0131 a\u00e7\u0131rsan, adam\u0131n \u00fcst\u00fcn\u0259 nec\u0259 q\u0131\u015fq\u0131r\u0131rsa, dediyin\u0259 pe\u015fman olursan:\n<\/p>\n<p>\n  \u201cD\u00fc\u015f\u00fcn\u00fcrs\u0259n, g\u00f6r\u0259s\u0259n, m\u0259n n\u0259 say\u0131qlad\u0131m? O h\u0259dd\u0259 \u00e7atm\u0131\u015f\u0131q ki, s\u0131\u011f\u0131nacaq vers\u0259l\u0259r, \u00f6lk\u0259d\u0259n ba\u015f g\u00f6t\u00fcr\u00fcb, bird\u0259f\u0259lik ged\u0259rik. Bo\u011faza y\u0131\u011f\u0131lm\u0131\u015f\u0131q, can\u0131m\u0131zdan bezmi\u015fik, d\u0259rdimizi kim\u0259 dey\u0259k, bilmirik\u201d.\n<\/p>\n<p>\n  M\u0259s\u0259l\u0259 il\u0259 ba\u011fl\u0131 Qa\u00e7q\u0131nlar\u0131n v\u0259 M\u0259cburi K\u00f6\u00e7k\u00fcnl\u0259rin \u0130\u015fl\u0259ri \u00fczr\u0259 D\u00f6vl\u0259t Komit\u0259sinin m\u0259tbuat xidm\u0259tind\u0259n m\u00fcnasib\u0259t \u00f6yr\u0259nm\u0259k m\u00fcmk\u00fcn olmay\u0131b.\n<\/p>\n<figure class=\"wp-block-image size-large\">\n  <img decoding=\"async\" src=\"https:\/\/www.meydan.tv\/az\/image_from_ios-14-jpg-4\/\" alt=\"image_from_ios (14).jpg\" class=\"wp-image-129697\"\/><figcaption>\n    &#8220;Orduda olmu\u015fam, v\u0259t\u0259n \u00fc\u00e7\u00fcn can\u0131m\u0131 qoymu\u015fam. \u0130ndi d\u0259 m\u0259n\u0259 bax bu z\u00fclm\u00fc verirl\u0259r\u201d, &#8211; Nur\u0259ddin M\u0259mm\u0259dov deyir.<br \/>\n  <\/figcaption><\/figure>\n<figure class=\"wp-block-image size-large\">\n  <img decoding=\"async\" src=\"https:\/\/www.meydan.tv\/az\/image_from_ios-16-jpg-3\/\" alt=\"image_from_ios (16).jpg\" class=\"wp-image-129706\"\/><figcaption>\n    Bildirirl\u0259r ki, Qa\u00e7q\u0131nlar\u0131n v\u0259 M\u0259cburi K\u00f6\u00e7k\u00fcnl\u0259rin \u0130\u015fl\u0259ri \u00dczr\u0259 D\u00f6vl\u0259t Komit\u0259si t\u0259r\u0259find\u0259n onlara yeni sal\u0131nan \u201cQobu Park-2\u201d ya\u015fay\u0131\u015f kompleksind\u0259 m\u0259nzil veril\u0259c\u0259yin\u0259 dair v\u0259d verils\u0259 d\u0259, buna \u0259m\u0259l olunmay\u0131b.<br \/>\n  <\/figcaption><\/figure>\n<figure class=\"wp-block-image size-large\">\n  <img decoding=\"async\" src=\"https:\/\/www.meydan.tv\/az\/image_from_ios-12-jpg-7\/\" alt=\"image_from_ios (12).jpg\" class=\"wp-image-129694\"\/><figcaption>\n    Sakinl\u0259r deyirl\u0259r ki, \u00fc\u00e7 d\u0259f\u0259 Prezident Adminstrasiyas\u0131nda olublar, lakin bu, he\u00e7 bir m\u00fcsb\u0259t n\u0259tic\u0259 verm\u0259yib<br \/>\n  <\/figcaption><\/figure>\n<figure class=\"wp-block-image size-large\">\n  <img decoding=\"async\" src=\"https:\/\/www.meydan.tv\/az\/image_from_ios-8-jpg-15\/\" alt=\"image_from_ios (8).jpg\" class=\"wp-image-129682\"\/><figcaption>\n    &#8220;Buradan y\u00fczd\u0259n \u00e7ox ail\u0259 k\u00f6\u00e7\u00fcr\u00fcbl\u0259r&#8221;<br \/>\n  <\/figcaption><\/figure>\n","protected":false},"excerpt":{"rendered":"<p>Yerd\u0259 qalan on bir ail\u0259nin s\u0259n\u0259dl\u0259ri qaydas\u0131nda oldu\u011fu \u00fc\u00e7\u00fcn \u201cQa\u00e7q\u0131nkom\u201ddan s\u00f6z verdil\u0259r ki, \u201cQobu Park-2\u201d ya\u015fay\u0131\u015f kompleksind\u0259 bizi m\u0259nzill\u0259 t\u0259min ed\u0259c\u0259kl\u0259r.<\/p>\n","protected":false},"author":11,"featured_media":129703,"comment_status":"closed","ping_status":"open","sticky":false,"template":"","format":"standard","meta":{"_acf_changed":false,"_sitemap_exclude":false,"_sitemap_priority":"","_sitemap_frequency":"","footnotes":""},"categories":[60],"tags":[],"class_list":["post-196992","post","type-post","status-publish","format-standard","has-post-thumbnail","hentry","category-bolge","infinite-scroll-item","generate-columns","tablet-grid-50","mobile-grid-100","grid-parent","grid-33","no-featured-image-padding"],"acf":[],"yoast_head":"<!-- This site is optimized with the Yoast SEO plugin v27.5 - https:\/\/yoast.com\/product\/yoast-seo-wordpress\/ -->\n<title>\u201cLa\u00e7\u0131ndan 18 g\u00fcn ayaqyal\u0131n yol g\u0259lmi\u015f\u0259m ki, hans\u0131sa m\u0259mur \u00fcst\u00fcm\u0259 q\u0131\u015fq\u0131rs\u0131n?\u201d - MEYDAN.TV<\/title>\n<meta name=\"robots\" content=\"index, follow, max-snippet:-1, max-image-preview:large, max-video-preview:-1\" \/>\n<link rel=\"canonical\" href=\"https:\/\/www.meydan.tv\/az\/article\/lacindan-18-gun-ayaqyalin-yol-gelmisem-ki-hansisa-memur-ustume-qisqirsin\/\" \/>\n<meta property=\"og:locale\" content=\"az_AZ\" \/>\n<meta property=\"og:type\" content=\"article\" \/>\n<meta property=\"og:title\" content=\"\u201cLa\u00e7\u0131ndan 18 g\u00fcn ayaqyal\u0131n yol g\u0259lmi\u015f\u0259m ki, hans\u0131sa m\u0259mur \u00fcst\u00fcm\u0259 q\u0131\u015fq\u0131rs\u0131n?\u201d - MEYDAN.TV\" \/>\n<meta property=\"og:description\" content=\"Yerd\u0259 qalan on bir ail\u0259nin s\u0259n\u0259dl\u0259ri qaydas\u0131nda oldu\u011fu \u00fc\u00e7\u00fcn \u201cQa\u00e7q\u0131nkom\u201ddan s\u00f6z verdil\u0259r ki, \u201cQobu Park-2\u201d ya\u015fay\u0131\u015f kompleksind\u0259 bizi m\u0259nzill\u0259 t\u0259min ed\u0259c\u0259kl\u0259r.\" \/>\n<meta property=\"og:url\" content=\"https:\/\/www.meydan.tv\/az\/article\/lacindan-18-gun-ayaqyalin-yol-gelmisem-ki-hansisa-memur-ustume-qisqirsin\/\" \/>\n<meta property=\"og:site_name\" content=\"MEYDAN.TV\" \/>\n<meta property=\"article:published_time\" content=\"2019-09-16T14:46:38+00:00\" \/>\n<meta property=\"og:image\" content=\"https:\/\/www.meydan.tv\/wp-content\/uploads\/image_from_ios_15_2pfreb2.jpg\" \/>\n\t<meta property=\"og:image:width\" content=\"960\" \/>\n\t<meta property=\"og:image:height\" content=\"720\" \/>\n\t<meta property=\"og:image:type\" content=\"image\/jpeg\" \/>\n<meta name=\"author\" content=\"user-manager\" \/>\n<meta name=\"twitter:card\" content=\"summary_large_image\" \/>\n<script type=\"application\/ld+json\" class=\"yoast-schema-graph\">{\"@context\":\"https:\\\/\\\/schema.org\",\"@graph\":[{\"@type\":\"Article\",\"@id\":\"https:\\\/\\\/www.meydan.tv\\\/az\\\/article\\\/lacindan-18-gun-ayaqyalin-yol-gelmisem-ki-hansisa-memur-ustume-qisqirsin\\\/#article\",\"isPartOf\":{\"@id\":\"https:\\\/\\\/www.meydan.tv\\\/az\\\/article\\\/lacindan-18-gun-ayaqyalin-yol-gelmisem-ki-hansisa-memur-ustume-qisqirsin\\\/\"},\"author\":{\"name\":\"user-manager\",\"@id\":\"https:\\\/\\\/www.meydan.tv\\\/az\\\/#\\\/schema\\\/person\\\/10d11eccf6da3662cf5fdab9806ea91a\"},\"headline\":\"\u201cLa\u00e7\u0131ndan 18 g\u00fcn ayaqyal\u0131n yol g\u0259lmi\u015f\u0259m ki, hans\u0131sa m\u0259mur \u00fcst\u00fcm\u0259 q\u0131\u015fq\u0131rs\u0131n?\u201d\",\"datePublished\":\"2019-09-16T14:46:38+00:00\",\"mainEntityOfPage\":{\"@id\":\"https:\\\/\\\/www.meydan.tv\\\/az\\\/article\\\/lacindan-18-gun-ayaqyalin-yol-gelmisem-ki-hansisa-memur-ustume-qisqirsin\\\/\"},\"wordCount\":1164,\"publisher\":{\"@id\":\"https:\\\/\\\/www.meydan.tv\\\/az\\\/#organization\"},\"image\":{\"@id\":\"https:\\\/\\\/www.meydan.tv\\\/az\\\/article\\\/lacindan-18-gun-ayaqyalin-yol-gelmisem-ki-hansisa-memur-ustume-qisqirsin\\\/#primaryimage\"},\"thumbnailUrl\":\"https:\\\/\\\/www.meydan.tv\\\/wp-content\\\/uploads\\\/image_from_ios_15_2pfreb2.jpg\",\"articleSection\":[\"B\u00f6lg\u0259\"],\"inLanguage\":\"az\"},{\"@type\":\"WebPage\",\"@id\":\"https:\\\/\\\/www.meydan.tv\\\/az\\\/article\\\/lacindan-18-gun-ayaqyalin-yol-gelmisem-ki-hansisa-memur-ustume-qisqirsin\\\/\",\"url\":\"https:\\\/\\\/www.meydan.tv\\\/az\\\/article\\\/lacindan-18-gun-ayaqyalin-yol-gelmisem-ki-hansisa-memur-ustume-qisqirsin\\\/\",\"name\":\"\u201cLa\u00e7\u0131ndan 18 g\u00fcn ayaqyal\u0131n yol g\u0259lmi\u015f\u0259m ki, hans\u0131sa m\u0259mur \u00fcst\u00fcm\u0259 q\u0131\u015fq\u0131rs\u0131n?\u201d - MEYDAN.TV\",\"isPartOf\":{\"@id\":\"https:\\\/\\\/www.meydan.tv\\\/az\\\/#website\"},\"primaryImageOfPage\":{\"@id\":\"https:\\\/\\\/www.meydan.tv\\\/az\\\/article\\\/lacindan-18-gun-ayaqyalin-yol-gelmisem-ki-hansisa-memur-ustume-qisqirsin\\\/#primaryimage\"},\"image\":{\"@id\":\"https:\\\/\\\/www.meydan.tv\\\/az\\\/article\\\/lacindan-18-gun-ayaqyalin-yol-gelmisem-ki-hansisa-memur-ustume-qisqirsin\\\/#primaryimage\"},\"thumbnailUrl\":\"https:\\\/\\\/www.meydan.tv\\\/wp-content\\\/uploads\\\/image_from_ios_15_2pfreb2.jpg\",\"datePublished\":\"2019-09-16T14:46:38+00:00\",\"breadcrumb\":{\"@id\":\"https:\\\/\\\/www.meydan.tv\\\/az\\\/article\\\/lacindan-18-gun-ayaqyalin-yol-gelmisem-ki-hansisa-memur-ustume-qisqirsin\\\/#breadcrumb\"},\"inLanguage\":\"az\",\"potentialAction\":[{\"@type\":\"ReadAction\",\"target\":[\"https:\\\/\\\/www.meydan.tv\\\/az\\\/article\\\/lacindan-18-gun-ayaqyalin-yol-gelmisem-ki-hansisa-memur-ustume-qisqirsin\\\/\"]}]},{\"@type\":\"ImageObject\",\"inLanguage\":\"az\",\"@id\":\"https:\\\/\\\/www.meydan.tv\\\/az\\\/article\\\/lacindan-18-gun-ayaqyalin-yol-gelmisem-ki-hansisa-memur-ustume-qisqirsin\\\/#primaryimage\",\"url\":\"https:\\\/\\\/www.meydan.tv\\\/wp-content\\\/uploads\\\/image_from_ios_15_2pfreb2.jpg\",\"contentUrl\":\"https:\\\/\\\/www.meydan.tv\\\/wp-content\\\/uploads\\\/image_from_ios_15_2pfreb2.jpg\",\"width\":960,\"height\":720,\"caption\":\"Source: Specify Source\"},{\"@type\":\"BreadcrumbList\",\"@id\":\"https:\\\/\\\/www.meydan.tv\\\/az\\\/article\\\/lacindan-18-gun-ayaqyalin-yol-gelmisem-ki-hansisa-memur-ustume-qisqirsin\\\/#breadcrumb\",\"itemListElement\":[{\"@type\":\"ListItem\",\"position\":1,\"name\":\"Ana s\u0259hif\u0259\",\"item\":\"https:\\\/\\\/www.meydan.tv\\\/az\\\/\"},{\"@type\":\"ListItem\",\"position\":2,\"name\":\"B\u00f6lg\u0259\",\"item\":\"https:\\\/\\\/www.meydan.tv\\\/az\\\/section\\\/bolge\\\/\"},{\"@type\":\"ListItem\",\"position\":3,\"name\":\"\u201cLa\u00e7\u0131ndan 18 g\u00fcn ayaqyal\u0131n yol g\u0259lmi\u015f\u0259m ki, hans\u0131sa m\u0259mur \u00fcst\u00fcm\u0259 q\u0131\u015fq\u0131rs\u0131n?\u201d\"}]},{\"@type\":\"WebSite\",\"@id\":\"https:\\\/\\\/www.meydan.tv\\\/az\\\/#website\",\"url\":\"https:\\\/\\\/www.meydan.tv\\\/az\\\/\",\"name\":\"MEYDAN.TV\",\"description\":\"Meydan TV Az\u0259rbaycan\u0131n media m\u0259kan\u0131ndak\u0131 alternativ s\u0259sidir\",\"publisher\":{\"@id\":\"https:\\\/\\\/www.meydan.tv\\\/az\\\/#organization\"},\"potentialAction\":[{\"@type\":\"SearchAction\",\"target\":{\"@type\":\"EntryPoint\",\"urlTemplate\":\"https:\\\/\\\/www.meydan.tv\\\/az\\\/?s={search_term_string}\"},\"query-input\":{\"@type\":\"PropertyValueSpecification\",\"valueRequired\":true,\"valueName\":\"search_term_string\"}}],\"inLanguage\":\"az\"},{\"@type\":\"Organization\",\"@id\":\"https:\\\/\\\/www.meydan.tv\\\/az\\\/#organization\",\"name\":\"Meydan TV\",\"url\":\"https:\\\/\\\/www.meydan.tv\\\/az\\\/\",\"logo\":{\"@type\":\"ImageObject\",\"inLanguage\":\"az\",\"@id\":\"https:\\\/\\\/www.meydan.tv\\\/az\\\/#\\\/schema\\\/logo\\\/image\\\/\",\"url\":\"https:\\\/\\\/www.meydan.tv\\\/wp-content\\\/uploads\\\/2021\\\/07\\\/meydan-logo.svg\",\"contentUrl\":\"https:\\\/\\\/www.meydan.tv\\\/wp-content\\\/uploads\\\/2021\\\/07\\\/meydan-logo.svg\",\"width\":195,\"height\":46,\"caption\":\"Meydan TV\"},\"image\":{\"@id\":\"https:\\\/\\\/www.meydan.tv\\\/az\\\/#\\\/schema\\\/logo\\\/image\\\/\"}},{\"@type\":\"Person\",\"@id\":\"https:\\\/\\\/www.meydan.tv\\\/az\\\/#\\\/schema\\\/person\\\/10d11eccf6da3662cf5fdab9806ea91a\",\"name\":\"user-manager\"}]}<\/script>\n<!-- \/ Yoast SEO plugin. -->","yoast_head_json":{"title":"\u201cLa\u00e7\u0131ndan 18 g\u00fcn ayaqyal\u0131n yol g\u0259lmi\u015f\u0259m ki, hans\u0131sa m\u0259mur \u00fcst\u00fcm\u0259 q\u0131\u015fq\u0131rs\u0131n?\u201d - MEYDAN.TV","robots":{"index":"index","follow":"follow","max-snippet":"max-snippet:-1","max-image-preview":"max-image-preview:large","max-video-preview":"max-video-preview:-1"},"canonical":"https:\/\/www.meydan.tv\/az\/article\/lacindan-18-gun-ayaqyalin-yol-gelmisem-ki-hansisa-memur-ustume-qisqirsin\/","og_locale":"az_AZ","og_type":"article","og_title":"\u201cLa\u00e7\u0131ndan 18 g\u00fcn ayaqyal\u0131n yol g\u0259lmi\u015f\u0259m ki, hans\u0131sa m\u0259mur \u00fcst\u00fcm\u0259 q\u0131\u015fq\u0131rs\u0131n?\u201d - MEYDAN.TV","og_description":"Yerd\u0259 qalan on bir ail\u0259nin s\u0259n\u0259dl\u0259ri qaydas\u0131nda oldu\u011fu \u00fc\u00e7\u00fcn \u201cQa\u00e7q\u0131nkom\u201ddan s\u00f6z verdil\u0259r ki, \u201cQobu Park-2\u201d ya\u015fay\u0131\u015f kompleksind\u0259 bizi m\u0259nzill\u0259 t\u0259min ed\u0259c\u0259kl\u0259r.","og_url":"https:\/\/www.meydan.tv\/az\/article\/lacindan-18-gun-ayaqyalin-yol-gelmisem-ki-hansisa-memur-ustume-qisqirsin\/","og_site_name":"MEYDAN.TV","article_published_time":"2019-09-16T14:46:38+00:00","og_image":[{"width":960,"height":720,"url":"https:\/\/www.meydan.tv\/wp-content\/uploads\/image_from_ios_15_2pfreb2.jpg","type":"image\/jpeg"}],"author":"user-manager","twitter_card":"summary_large_image","schema":{"@context":"https:\/\/schema.org","@graph":[{"@type":"Article","@id":"https:\/\/www.meydan.tv\/az\/article\/lacindan-18-gun-ayaqyalin-yol-gelmisem-ki-hansisa-memur-ustume-qisqirsin\/#article","isPartOf":{"@id":"https:\/\/www.meydan.tv\/az\/article\/lacindan-18-gun-ayaqyalin-yol-gelmisem-ki-hansisa-memur-ustume-qisqirsin\/"},"author":{"name":"user-manager","@id":"https:\/\/www.meydan.tv\/az\/#\/schema\/person\/10d11eccf6da3662cf5fdab9806ea91a"},"headline":"\u201cLa\u00e7\u0131ndan 18 g\u00fcn ayaqyal\u0131n yol g\u0259lmi\u015f\u0259m ki, hans\u0131sa m\u0259mur \u00fcst\u00fcm\u0259 q\u0131\u015fq\u0131rs\u0131n?\u201d","datePublished":"2019-09-16T14:46:38+00:00","mainEntityOfPage":{"@id":"https:\/\/www.meydan.tv\/az\/article\/lacindan-18-gun-ayaqyalin-yol-gelmisem-ki-hansisa-memur-ustume-qisqirsin\/"},"wordCount":1164,"publisher":{"@id":"https:\/\/www.meydan.tv\/az\/#organization"},"image":{"@id":"https:\/\/www.meydan.tv\/az\/article\/lacindan-18-gun-ayaqyalin-yol-gelmisem-ki-hansisa-memur-ustume-qisqirsin\/#primaryimage"},"thumbnailUrl":"https:\/\/www.meydan.tv\/wp-content\/uploads\/image_from_ios_15_2pfreb2.jpg","articleSection":["B\u00f6lg\u0259"],"inLanguage":"az"},{"@type":"WebPage","@id":"https:\/\/www.meydan.tv\/az\/article\/lacindan-18-gun-ayaqyalin-yol-gelmisem-ki-hansisa-memur-ustume-qisqirsin\/","url":"https:\/\/www.meydan.tv\/az\/article\/lacindan-18-gun-ayaqyalin-yol-gelmisem-ki-hansisa-memur-ustume-qisqirsin\/","name":"\u201cLa\u00e7\u0131ndan 18 g\u00fcn ayaqyal\u0131n yol g\u0259lmi\u015f\u0259m ki, hans\u0131sa m\u0259mur \u00fcst\u00fcm\u0259 q\u0131\u015fq\u0131rs\u0131n?\u201d - MEYDAN.TV","isPartOf":{"@id":"https:\/\/www.meydan.tv\/az\/#website"},"primaryImageOfPage":{"@id":"https:\/\/www.meydan.tv\/az\/article\/lacindan-18-gun-ayaqyalin-yol-gelmisem-ki-hansisa-memur-ustume-qisqirsin\/#primaryimage"},"image":{"@id":"https:\/\/www.meydan.tv\/az\/article\/lacindan-18-gun-ayaqyalin-yol-gelmisem-ki-hansisa-memur-ustume-qisqirsin\/#primaryimage"},"thumbnailUrl":"https:\/\/www.meydan.tv\/wp-content\/uploads\/image_from_ios_15_2pfreb2.jpg","datePublished":"2019-09-16T14:46:38+00:00","breadcrumb":{"@id":"https:\/\/www.meydan.tv\/az\/article\/lacindan-18-gun-ayaqyalin-yol-gelmisem-ki-hansisa-memur-ustume-qisqirsin\/#breadcrumb"},"inLanguage":"az","potentialAction":[{"@type":"ReadAction","target":["https:\/\/www.meydan.tv\/az\/article\/lacindan-18-gun-ayaqyalin-yol-gelmisem-ki-hansisa-memur-ustume-qisqirsin\/"]}]},{"@type":"ImageObject","inLanguage":"az","@id":"https:\/\/www.meydan.tv\/az\/article\/lacindan-18-gun-ayaqyalin-yol-gelmisem-ki-hansisa-memur-ustume-qisqirsin\/#primaryimage","url":"https:\/\/www.meydan.tv\/wp-content\/uploads\/image_from_ios_15_2pfreb2.jpg","contentUrl":"https:\/\/www.meydan.tv\/wp-content\/uploads\/image_from_ios_15_2pfreb2.jpg","width":960,"height":720,"caption":"Source: Specify Source"},{"@type":"BreadcrumbList","@id":"https:\/\/www.meydan.tv\/az\/article\/lacindan-18-gun-ayaqyalin-yol-gelmisem-ki-hansisa-memur-ustume-qisqirsin\/#breadcrumb","itemListElement":[{"@type":"ListItem","position":1,"name":"Ana s\u0259hif\u0259","item":"https:\/\/www.meydan.tv\/az\/"},{"@type":"ListItem","position":2,"name":"B\u00f6lg\u0259","item":"https:\/\/www.meydan.tv\/az\/section\/bolge\/"},{"@type":"ListItem","position":3,"name":"\u201cLa\u00e7\u0131ndan 18 g\u00fcn ayaqyal\u0131n yol g\u0259lmi\u015f\u0259m ki, hans\u0131sa m\u0259mur \u00fcst\u00fcm\u0259 q\u0131\u015fq\u0131rs\u0131n?\u201d"}]},{"@type":"WebSite","@id":"https:\/\/www.meydan.tv\/az\/#website","url":"https:\/\/www.meydan.tv\/az\/","name":"MEYDAN.TV","description":"Meydan TV Az\u0259rbaycan\u0131n media m\u0259kan\u0131ndak\u0131 alternativ s\u0259sidir","publisher":{"@id":"https:\/\/www.meydan.tv\/az\/#organization"},"potentialAction":[{"@type":"SearchAction","target":{"@type":"EntryPoint","urlTemplate":"https:\/\/www.meydan.tv\/az\/?s={search_term_string}"},"query-input":{"@type":"PropertyValueSpecification","valueRequired":true,"valueName":"search_term_string"}}],"inLanguage":"az"},{"@type":"Organization","@id":"https:\/\/www.meydan.tv\/az\/#organization","name":"Meydan TV","url":"https:\/\/www.meydan.tv\/az\/","logo":{"@type":"ImageObject","inLanguage":"az","@id":"https:\/\/www.meydan.tv\/az\/#\/schema\/logo\/image\/","url":"https:\/\/www.meydan.tv\/wp-content\/uploads\/2021\/07\/meydan-logo.svg","contentUrl":"https:\/\/www.meydan.tv\/wp-content\/uploads\/2021\/07\/meydan-logo.svg","width":195,"height":46,"caption":"Meydan TV"},"image":{"@id":"https:\/\/www.meydan.tv\/az\/#\/schema\/logo\/image\/"}},{"@type":"Person","@id":"https:\/\/www.meydan.tv\/az\/#\/schema\/person\/10d11eccf6da3662cf5fdab9806ea91a","name":"user-manager"}]}},"_links":{"self":[{"href":"https:\/\/www.meydan.tv\/az\/wp-json\/wp\/v2\/posts\/196992","targetHints":{"allow":["GET"]}}],"collection":[{"href":"https:\/\/www.meydan.tv\/az\/wp-json\/wp\/v2\/posts"}],"about":[{"href":"https:\/\/www.meydan.tv\/az\/wp-json\/wp\/v2\/types\/post"}],"author":[{"embeddable":true,"href":"https:\/\/www.meydan.tv\/az\/wp-json\/wp\/v2\/users\/11"}],"replies":[{"embeddable":true,"href":"https:\/\/www.meydan.tv\/az\/wp-json\/wp\/v2\/comments?post=196992"}],"version-history":[{"count":0,"href":"https:\/\/www.meydan.tv\/az\/wp-json\/wp\/v2\/posts\/196992\/revisions"}],"wp:featuredmedia":[{"embeddable":true,"href":"https:\/\/www.meydan.tv\/az\/wp-json\/wp\/v2\/media\/129703"}],"wp:attachment":[{"href":"https:\/\/www.meydan.tv\/az\/wp-json\/wp\/v2\/media?parent=196992"}],"wp:term":[{"taxonomy":"category","embeddable":true,"href":"https:\/\/www.meydan.tv\/az\/wp-json\/wp\/v2\/categories?post=196992"},{"taxonomy":"post_tag","embeddable":true,"href":"https:\/\/www.meydan.tv\/az\/wp-json\/wp\/v2\/tags?post=196992"}],"curies":[{"name":"wp","href":"https:\/\/api.w.org\/{rel}","templated":true}]}}