{"id":196988,"date":"2019-09-16T14:05:39","date_gmt":"2019-09-16T14:05:39","guid":{"rendered":"https:\/\/www.meydan.tv\/article\/qazaxda-bir-qrup-sakin-musavatcinin-rayondan-cixarilmasini-isteyib\/"},"modified":"2019-09-16T14:05:39","modified_gmt":"2019-09-16T14:05:39","slug":"qazaxda-bir-qrup-sakin-musavatcinin-rayondan-cixarilmasini-isteyib","status":"publish","type":"post","link":"https:\/\/www.meydan.tv\/az\/article\/qazaxda-bir-qrup-sakin-musavatcinin-rayondan-cixarilmasini-isteyib\/","title":{"rendered":"Qazaxda bir qrup sakin m\u00fcsavat\u00e7\u0131n\u0131n rayondan \u00e7\u0131xar\u0131lmas\u0131n\u0131 ist\u0259yib"},"content":{"rendered":"<p>\n  <i><br \/>\n    Az\u0259r M\u0259mm\u0259dov: \u201cM\u00fcraci\u0259td\u0259n 37-ci ilin qoxusu g\u0259lir\u201d<br \/>\n  <\/i>\n<\/p>\n<p>\n  Qazax rayonunun bir qrup sakini m\u00fcsavat\u00e7\u0131 Az\u0259r M\u0259mm\u0259dovun b\u00f6lg\u0259d\u0259n \u00e7\u0131xar\u0131lmas\u0131 \u00fc\u00e7\u00fcn icra hakimiyy\u0259tinin ba\u015f\u00e7\u0131s\u0131 R\u0259c\u0259b Baba\u015fova m\u00fcraci\u0259t edib.\n<\/p>\n<p>\n  Onlar qazaxl\u0131lar\u0131n, rayon ziyal\u0131lar\u0131n\u0131n v\u0259 icra ba\u015f\u00e7\u0131s\u0131n\u0131n \u00fcnvan\u0131na \u201colub-olmayan yaz\u0131 yazan insanlar\u0131n bu el-obada ya\u015fama\u011fa haqq\u0131 yoxdur\u201d dey\u0259 bildiribl\u0259r.\n<\/p>\n<p>\n  M\u00fcraci\u0259tl\u0259 \u0259laq\u0259dar Meydan TV-y\u0259 dan\u0131\u015fan Az\u0259r M\u0259mm\u0259dov bildirib ki, ona qar\u015f\u0131 kampaniya \u201cFacebook\u201ddak\u0131 t\u0259nqidi statuslar\u0131 il\u0259 ba\u011fl\u0131d\u0131r v\u0259 rayon r\u0259hb\u0259rliyi t\u0259r\u0259find\u0259n t\u0259\u015fkil olunub. Bax\u0131n, m\u00fcraci\u0259ti imzalayanlar aras\u0131nda YAP-\u0131n yerli rayon t\u0259\u015fkilat\u0131n\u0131n s\u0259dri H\u0259mid P\u0259nahovun da ad\u0131 var ki, bu da hans\u0131 m\u0259rk\u0259z t\u0259r\u0259find\u0259n tap\u015f\u0131r\u0131q oldu\u011funu t\u0259sdiql\u0259yir.\n<\/p>\n<p>\n  Az\u0259r M\u0259mm\u0259dovun s\u00f6zl\u0259rin\u0259 g\u00f6r\u0259, \u0259vv\u0259l t\u0259zyiql\u0259r f\u0259rqli istiqam\u0259td\u0259ydi:\n<\/p>\n<p>\n  \u201c\u0130\u015f\u0131\u011f\u0131m\u0131 k\u0259sdil\u0259r, ard\u0131nca qar\u015f\u0131m\u0131 k\u0259sib h\u0259d\u0259-qorxu g\u0259ldil\u0259r. Sonra 25 n\u0259f\u0259r icra ba\u015f\u00e7\u0131s\u0131na m\u00fcraci\u0259t edib ki, guya, m\u0259n rayonda aran\u0131 qat\u0131ram, \u0259g\u0259r onu rayondan \u00e7\u0131xartmasan\u0131z, \u00f6zl\u0259ri \u00e7\u0131xardacaqlar. M\u00fcraci\u0259td\u0259n \u00f6t\u0259n \u0259srin 37-ci ilin qoxusu g\u0259lir. Bu g\u00fcn d\u0259 hakimiyy\u0259td\u0259 h\u0259min ill\u0259rd\u0259 bel\u0259 biab\u0131r\u00e7\u0131 i\u015fl\u0259rl\u0259 m\u0259\u015f\u011ful olanlar\u0131n n\u0259v\u0259l\u0259ridir\u201d.\n<\/p>\n<p>\n  <i><br \/>\n    \u201cM\u0259ktubu imzalayanlar \u0259hali aras\u0131na \u00e7\u0131xa bilmirl\u0259r\u201d<br \/>\n  <\/i>\n<\/p>\n<p>\n  O deyib ki, m\u00fcraci\u0259ti imzalayanlar\u0131n aras\u0131nda idar\u0259 m\u00fcdirl\u0259ri, m\u0259kt\u0259b direktorlar\u0131 var, pensiya ya\u015f\u0131n\u0131 ke\u00e7s\u0259l\u0259r d\u0259, i\u015fl\u0259y\u0259nl\u0259ri var, ham\u0131s\u0131 hakimiyy\u0259td\u0259n as\u0131l\u0131 adamlard\u0131r.\n<\/p>\n<p>\n  \u201cH\u0259tta bu adamlar\u0131n aras\u0131nda m\u0259nim yax\u0131n dostlar\u0131m, qohumlar\u0131m da var, m\u0259s\u0259l\u0259n, M\u0259h\u0259mm\u0259d A\u015furov, m\u0259kt\u0259b direktoru idi. El\u0259 bilib ki, imza atsa, pensiyaya g\u00f6nd\u0259rm\u0259y\u0259c\u0259kl\u0259r, amma imza qoyandan sonra pensiyaya g\u00f6nd\u0259ribl\u0259r. Bunlar el\u0259 bilirdi ki, m\u00fcraci\u0259t birba\u015fa Prezident Administrasiyas\u0131na ged\u0259c\u0259k v\u0259 m\u0259nim x\u0259b\u0259rim olmayacaq. \u0130cra ba\u015f\u00e7\u0131s\u0131 da m\u0259ktubu g\u00f6nd\u0259rib m\u0259n\u0259. Onlar\u0131n a\u011fl\u0131na g\u0259lm\u0259yib ki, icra ba\u015f\u00e7\u0131s\u0131 m\u00fcraci\u0259tin \u00fcst\u00fcn\u0259 m\u0259ktub qoyub m\u0259n\u0259 g\u00f6nd\u0259r\u0259c\u0259k. Haz\u0131rda rayonda m\u00fcraci\u0259ti imzalayanlar q\u0131naq obyektin\u0259 \u00e7evrilib, \u0259hali aras\u0131na \u00e7\u0131xa bilmirl\u0259r. Biab\u0131r\u00e7\u0131 m\u0259nz\u0259r\u0259 yaran\u0131b, \u015f\u0259h\u0259r\u0259 \u00e7\u0131xa bilmirl\u0259r, ham\u0131 onlardan dan\u0131\u015f\u0131r\u201d.\n<\/p>\n<p>\n  Az\u0259r M\u0259mm\u0259dov bildirib ki, m\u00fcraci\u0259td\u0259 \u201ct\u0259dbir g\u00f6r\u00fclm\u0259s\u0259, biz qazaxl\u0131lara \u00e7a\u011f\u0131r\u0131\u015f ed\u0259c\u0259yik ki, o rayondan \u00e7\u0131xs\u0131n\u201d c\u00fcml\u0259si yer al\u0131bsa, bu, art\u0131q zorak\u0131l\u0131\u011fa \u00e7a\u011f\u0131r\u0131\u015fd\u0131r. Ona g\u00f6r\u0259 h\u00fcquq-m\u00fchafiz\u0259 orqanlar\u0131 onlar haqq\u0131nda t\u0259dbir g\u00f6rm\u0259lidir:\n<\/p>\n<p>\n  \u201cStatus yazd\u0131\u011f\u0131m \u00fc\u00e7\u00fcn m\u0259ni niy\u0259 rayondan \u00e7\u0131xartmal\u0131d\u0131rlar? Bu, \u00e7a\u011f\u0131r\u0131\u015fd\u0131r, biz hans\u0131 \u0259srd\u0259 ya\u015fay\u0131r\u0131q?\u201d\n<\/p>\n<p>\n  <i><br \/>\n    \u201c\u0130cra ba\u015f\u00e7\u0131s\u0131n\u0131 prezident t\u0259yin edibs\u0259, ona toxunmaq olmaz\u201d<br \/>\n  <\/i>\n<\/p>\n<p>\n  M\u00fcraci\u0259ti imzalayanlardan biri Ramiz Ta\u011f\u0131yev Meydan TV-\u0259 dan\u0131\u015faraq, imza at\u0131b-atmama\u011f\u0131n\u0131n onun \u015f\u0259xsi i\u015fi oldu\u011funu s\u00f6yl\u0259yib:\n<\/p>\n<p>\n  \u201cBunu Az\u0259r M\u0259mm\u0259dov bil\u0259r, m\u0259n bil\u0259r\u0259m. M\u0259n Az\u0259rbaycan d\u00f6vl\u0259tini v\u0259 d\u00f6vl\u0259t\u00e7iliyini d\u0259st\u0259kl\u0259yir\u0259m. Kims\u0259, Qazax, Az\u0259rbaycan qad\u0131n\u0131na qar\u015f\u0131 s\u00f6z s\u00f6yl\u0259yirs\u0259, m\u0259n ona qar\u015f\u0131yam, ham\u0131m\u0131z\u0131n ana-bac\u0131m\u0131z var. Az\u0259r M\u0259mm\u0259dov yaz\u0131b ki, qazaxl\u0131 xan\u0131mlar Sabirabada \u00fczg\u00fc\u00e7\u00fcl\u00fck \u00f6yr\u0259nm\u0259y\u0259 gedir, bel\u0259 \u015feyl\u0259r olmaz. \u0130cra ba\u015f\u00e7\u0131s\u0131 haqda yaz\u0131r \u00f6z\u00fc, bil\u0259r. \u00dcmumiyy\u0259tl\u0259, n\u0259s\u0259 yaz\u0131rsa, \u00f6l\u00e7s\u00fcn, bi\u00e7sin\u201d.\n<\/p>\n<figure class=\"wp-block-image size-large\">\n  <img decoding=\"async\" src=\"https:\/\/www.meydan.tv\/az\/imzaaa-jpg\/\" alt=\"imzaaa.jpg\" class=\"wp-image-129658\"\/><figcaption>\n    M\u00fcraci\u0259t m\u0259ktubu<br \/>\n  <\/figcaption><\/figure>\n<p>\n  \u201cM\u0259g\u0259r, qad\u0131nlar\u0131n \u00fczg\u00fc\u00e7\u00fcl\u00fck \u00f6yr\u0259nm\u0259si bar\u0259d\u0259 yazmas\u0131 t\u0259hqirdir\u201d sual\u0131na konkret cavab verm\u0259di:\n<\/p>\n<p>\n  \u201cBu, rayonda pis hallan\u0131r. Bilirsiniz, Az\u0259r M\u0259mm\u0259dovla d\u00fc\u015fm\u0259n\u00e7iliyim yoxdur. Amma Az\u0259rbaycan\u0131n m\u0259nafeyin\u0259 zidd yazmaq olmaz. M\u0259n onun rayondan \u00e7\u0131xmas\u0131n\u0131 ist\u0259mir\u0259m. He\u00e7 k\u0259s he\u00e7 k\u0259si \u00e7\u0131xarda bilm\u0259z, s\u00fcrg\u00fcn n\u0259dir. El-oba var, bizim bir-birimiz\u0259 h\u00f6rm\u0259timiz var, d\u00f6vl\u0259t\u00e7iliyimiz\u0259 toxunmaq olmaz. Bizd\u0259 bir jurnalist vard\u0131, \u0130lham Hac\u0131al\u0131, Vaqif S\u0259m\u0259do\u011flu haqda yazm\u0131\u015fd\u0131 ki, onun \u015ferind\u0259 m\u0259ntiq yoxdur, bel\u0259 olmaz. Ax\u0131 Vaqif S\u0259m\u0259do\u011flu xalq \u015fairidir, g\u00f6z\u0259l mahn\u0131lar\u0131 var,S\u0259m\u0259d Vur\u011funun o\u011fludur. El\u0259 adamlar var ki, toxunmaq olmaz. Rayon r\u0259hb\u0259rini prezident t\u0259yin edibs\u0259, ona toxunmaq olmaz. Biz d\u0259 prezidenti d\u0259st\u0259kl\u0259yib k\u00f6m\u0259k etm\u0259liyik\u201d.\n<\/p>\n<p>\n  Qazax Rayon \u0130cra Ba\u015f\u00e7\u0131s\u0131n\u0131n k\u00f6m\u0259k\u00e7isi \u018fmin Ab\u0131yev Meydan TV-y\u0259 bildirib ki, Az\u0259r M\u0259mm\u0259dov bar\u0259sind\u0259 he\u00e7 bir t\u0259dbir g\u00f6r\u00fclm\u0259y\u0259c\u0259k:\n<\/p>\n<p>\n  \u201c\u0130cra ba\u015f\u00e7\u0131s\u0131 m\u00fcraci\u0259t\u0259 m\u0259ktub \u0259lav\u0259 ed\u0259r\u0259k qeyd edib ki, o, sosial \u015f\u0259b\u0259k\u0259l\u0259rd\u0259 yaln\u0131z \u00f6z ad\u0131ndan dan\u0131\u015fa bil\u0259r, yerli ziyal\u0131lar ad\u0131ndan yox. Bununla da m\u0259s\u0259l\u0259 qapan\u0131b\u201d.<\/p>\n","protected":false},"excerpt":{"rendered":"<p>Az\u0259r M\u0259mm\u0259dov bildirib ki, m\u00fcraci\u0259td\u0259 \u201ct\u0259dbir g\u00f6r\u00fclm\u0259s\u0259, biz qazaxl\u0131lara \u00e7a\u011f\u0131r\u0131\u015f ed\u0259c\u0259yik ki, o rayondan \u00e7\u0131xs\u0131n\u201d c\u00fcml\u0259si yer al\u0131bsa, bu, art\u0131q zorak\u0131l\u0131\u011fa \u00e7a\u011f\u0131r\u0131\u015fd\u0131r.<\/p>\n","protected":false},"author":11,"featured_media":101934,"comment_status":"closed","ping_status":"open","sticky":false,"template":"","format":"standard","meta":{"_acf_changed":false,"_sitemap_exclude":false,"_sitemap_priority":"","_sitemap_frequency":"","footnotes":""},"categories":[60],"tags":[],"class_list":["post-196988","post","type-post","status-publish","format-standard","has-post-thumbnail","hentry","category-bolge","infinite-scroll-item","generate-columns","tablet-grid-50","mobile-grid-100","grid-parent","grid-33","no-featured-image-padding"],"acf":[],"yoast_head":"<!-- This site is optimized with the Yoast SEO plugin v27.5 - https:\/\/yoast.com\/product\/yoast-seo-wordpress\/ -->\n<title>Qazaxda bir qrup sakin m\u00fcsavat\u00e7\u0131n\u0131n rayondan \u00e7\u0131xar\u0131lmas\u0131n\u0131 ist\u0259yib - MEYDAN.TV<\/title>\n<meta name=\"robots\" content=\"index, follow, max-snippet:-1, max-image-preview:large, max-video-preview:-1\" \/>\n<link rel=\"canonical\" href=\"https:\/\/www.meydan.tv\/az\/article\/qazaxda-bir-qrup-sakin-musavatcinin-rayondan-cixarilmasini-isteyib\/\" \/>\n<meta property=\"og:locale\" content=\"az_AZ\" \/>\n<meta property=\"og:type\" content=\"article\" \/>\n<meta property=\"og:title\" content=\"Qazaxda bir qrup sakin m\u00fcsavat\u00e7\u0131n\u0131n rayondan \u00e7\u0131xar\u0131lmas\u0131n\u0131 ist\u0259yib - MEYDAN.TV\" \/>\n<meta property=\"og:description\" content=\"Az\u0259r M\u0259mm\u0259dov bildirib ki, m\u00fcraci\u0259td\u0259 \u201ct\u0259dbir g\u00f6r\u00fclm\u0259s\u0259, biz qazaxl\u0131lara \u00e7a\u011f\u0131r\u0131\u015f ed\u0259c\u0259yik ki, o rayondan \u00e7\u0131xs\u0131n\u201d c\u00fcml\u0259si yer al\u0131bsa, bu, art\u0131q zorak\u0131l\u0131\u011fa \u00e7a\u011f\u0131r\u0131\u015fd\u0131r.\" \/>\n<meta property=\"og:url\" content=\"https:\/\/www.meydan.tv\/az\/article\/qazaxda-bir-qrup-sakin-musavatcinin-rayondan-cixarilmasini-isteyib\/\" \/>\n<meta property=\"og:site_name\" content=\"MEYDAN.TV\" \/>\n<meta property=\"article:published_time\" content=\"2019-09-16T14:05:39+00:00\" \/>\n<meta property=\"og:image\" content=\"https:\/\/www.meydan.tv\/wp-content\/uploads\/40386.jpg\" \/>\n\t<meta property=\"og:image:width\" content=\"1000\" \/>\n\t<meta property=\"og:image:height\" content=\"541\" \/>\n\t<meta property=\"og:image:type\" content=\"image\/jpeg\" \/>\n<meta name=\"author\" content=\"user-manager\" \/>\n<meta name=\"twitter:card\" content=\"summary_large_image\" \/>\n<script type=\"application\/ld+json\" class=\"yoast-schema-graph\">{\"@context\":\"https:\\\/\\\/schema.org\",\"@graph\":[{\"@type\":\"Article\",\"@id\":\"https:\\\/\\\/www.meydan.tv\\\/az\\\/article\\\/qazaxda-bir-qrup-sakin-musavatcinin-rayondan-cixarilmasini-isteyib\\\/#article\",\"isPartOf\":{\"@id\":\"https:\\\/\\\/www.meydan.tv\\\/az\\\/article\\\/qazaxda-bir-qrup-sakin-musavatcinin-rayondan-cixarilmasini-isteyib\\\/\"},\"author\":{\"name\":\"user-manager\",\"@id\":\"https:\\\/\\\/www.meydan.tv\\\/az\\\/#\\\/schema\\\/person\\\/10d11eccf6da3662cf5fdab9806ea91a\"},\"headline\":\"Qazaxda bir qrup sakin m\u00fcsavat\u00e7\u0131n\u0131n rayondan \u00e7\u0131xar\u0131lmas\u0131n\u0131 ist\u0259yib\",\"datePublished\":\"2019-09-16T14:05:39+00:00\",\"mainEntityOfPage\":{\"@id\":\"https:\\\/\\\/www.meydan.tv\\\/az\\\/article\\\/qazaxda-bir-qrup-sakin-musavatcinin-rayondan-cixarilmasini-isteyib\\\/\"},\"wordCount\":937,\"publisher\":{\"@id\":\"https:\\\/\\\/www.meydan.tv\\\/az\\\/#organization\"},\"image\":{\"@id\":\"https:\\\/\\\/www.meydan.tv\\\/az\\\/article\\\/qazaxda-bir-qrup-sakin-musavatcinin-rayondan-cixarilmasini-isteyib\\\/#primaryimage\"},\"thumbnailUrl\":\"https:\\\/\\\/www.meydan.tv\\\/wp-content\\\/uploads\\\/40386.jpg\",\"articleSection\":[\"B\u00f6lg\u0259\"],\"inLanguage\":\"az\"},{\"@type\":\"WebPage\",\"@id\":\"https:\\\/\\\/www.meydan.tv\\\/az\\\/article\\\/qazaxda-bir-qrup-sakin-musavatcinin-rayondan-cixarilmasini-isteyib\\\/\",\"url\":\"https:\\\/\\\/www.meydan.tv\\\/az\\\/article\\\/qazaxda-bir-qrup-sakin-musavatcinin-rayondan-cixarilmasini-isteyib\\\/\",\"name\":\"Qazaxda bir qrup sakin m\u00fcsavat\u00e7\u0131n\u0131n rayondan \u00e7\u0131xar\u0131lmas\u0131n\u0131 ist\u0259yib - MEYDAN.TV\",\"isPartOf\":{\"@id\":\"https:\\\/\\\/www.meydan.tv\\\/az\\\/#website\"},\"primaryImageOfPage\":{\"@id\":\"https:\\\/\\\/www.meydan.tv\\\/az\\\/article\\\/qazaxda-bir-qrup-sakin-musavatcinin-rayondan-cixarilmasini-isteyib\\\/#primaryimage\"},\"image\":{\"@id\":\"https:\\\/\\\/www.meydan.tv\\\/az\\\/article\\\/qazaxda-bir-qrup-sakin-musavatcinin-rayondan-cixarilmasini-isteyib\\\/#primaryimage\"},\"thumbnailUrl\":\"https:\\\/\\\/www.meydan.tv\\\/wp-content\\\/uploads\\\/40386.jpg\",\"datePublished\":\"2019-09-16T14:05:39+00:00\",\"breadcrumb\":{\"@id\":\"https:\\\/\\\/www.meydan.tv\\\/az\\\/article\\\/qazaxda-bir-qrup-sakin-musavatcinin-rayondan-cixarilmasini-isteyib\\\/#breadcrumb\"},\"inLanguage\":\"az\",\"potentialAction\":[{\"@type\":\"ReadAction\",\"target\":[\"https:\\\/\\\/www.meydan.tv\\\/az\\\/article\\\/qazaxda-bir-qrup-sakin-musavatcinin-rayondan-cixarilmasini-isteyib\\\/\"]}]},{\"@type\":\"ImageObject\",\"inLanguage\":\"az\",\"@id\":\"https:\\\/\\\/www.meydan.tv\\\/az\\\/article\\\/qazaxda-bir-qrup-sakin-musavatcinin-rayondan-cixarilmasini-isteyib\\\/#primaryimage\",\"url\":\"https:\\\/\\\/www.meydan.tv\\\/wp-content\\\/uploads\\\/40386.jpg\",\"contentUrl\":\"https:\\\/\\\/www.meydan.tv\\\/wp-content\\\/uploads\\\/40386.jpg\",\"width\":1000,\"height\":541,\"caption\":\"Foto: Qazax Rayon \u0130cra Hakimiyy\u0259ti\"},{\"@type\":\"BreadcrumbList\",\"@id\":\"https:\\\/\\\/www.meydan.tv\\\/az\\\/article\\\/qazaxda-bir-qrup-sakin-musavatcinin-rayondan-cixarilmasini-isteyib\\\/#breadcrumb\",\"itemListElement\":[{\"@type\":\"ListItem\",\"position\":1,\"name\":\"Ana s\u0259hif\u0259\",\"item\":\"https:\\\/\\\/www.meydan.tv\\\/az\\\/\"},{\"@type\":\"ListItem\",\"position\":2,\"name\":\"B\u00f6lg\u0259\",\"item\":\"https:\\\/\\\/www.meydan.tv\\\/az\\\/section\\\/bolge\\\/\"},{\"@type\":\"ListItem\",\"position\":3,\"name\":\"Qazaxda bir qrup sakin m\u00fcsavat\u00e7\u0131n\u0131n rayondan \u00e7\u0131xar\u0131lmas\u0131n\u0131 ist\u0259yib\"}]},{\"@type\":\"WebSite\",\"@id\":\"https:\\\/\\\/www.meydan.tv\\\/az\\\/#website\",\"url\":\"https:\\\/\\\/www.meydan.tv\\\/az\\\/\",\"name\":\"MEYDAN.TV\",\"description\":\"Meydan TV Az\u0259rbaycan\u0131n media m\u0259kan\u0131ndak\u0131 alternativ s\u0259sidir\",\"publisher\":{\"@id\":\"https:\\\/\\\/www.meydan.tv\\\/az\\\/#organization\"},\"potentialAction\":[{\"@type\":\"SearchAction\",\"target\":{\"@type\":\"EntryPoint\",\"urlTemplate\":\"https:\\\/\\\/www.meydan.tv\\\/az\\\/?s={search_term_string}\"},\"query-input\":{\"@type\":\"PropertyValueSpecification\",\"valueRequired\":true,\"valueName\":\"search_term_string\"}}],\"inLanguage\":\"az\"},{\"@type\":\"Organization\",\"@id\":\"https:\\\/\\\/www.meydan.tv\\\/az\\\/#organization\",\"name\":\"Meydan TV\",\"url\":\"https:\\\/\\\/www.meydan.tv\\\/az\\\/\",\"logo\":{\"@type\":\"ImageObject\",\"inLanguage\":\"az\",\"@id\":\"https:\\\/\\\/www.meydan.tv\\\/az\\\/#\\\/schema\\\/logo\\\/image\\\/\",\"url\":\"https:\\\/\\\/www.meydan.tv\\\/wp-content\\\/uploads\\\/2021\\\/07\\\/meydan-logo.svg\",\"contentUrl\":\"https:\\\/\\\/www.meydan.tv\\\/wp-content\\\/uploads\\\/2021\\\/07\\\/meydan-logo.svg\",\"width\":195,\"height\":46,\"caption\":\"Meydan TV\"},\"image\":{\"@id\":\"https:\\\/\\\/www.meydan.tv\\\/az\\\/#\\\/schema\\\/logo\\\/image\\\/\"}},{\"@type\":\"Person\",\"@id\":\"https:\\\/\\\/www.meydan.tv\\\/az\\\/#\\\/schema\\\/person\\\/10d11eccf6da3662cf5fdab9806ea91a\",\"name\":\"user-manager\"}]}<\/script>\n<!-- \/ Yoast SEO plugin. -->","yoast_head_json":{"title":"Qazaxda bir qrup sakin m\u00fcsavat\u00e7\u0131n\u0131n rayondan \u00e7\u0131xar\u0131lmas\u0131n\u0131 ist\u0259yib - MEYDAN.TV","robots":{"index":"index","follow":"follow","max-snippet":"max-snippet:-1","max-image-preview":"max-image-preview:large","max-video-preview":"max-video-preview:-1"},"canonical":"https:\/\/www.meydan.tv\/az\/article\/qazaxda-bir-qrup-sakin-musavatcinin-rayondan-cixarilmasini-isteyib\/","og_locale":"az_AZ","og_type":"article","og_title":"Qazaxda bir qrup sakin m\u00fcsavat\u00e7\u0131n\u0131n rayondan \u00e7\u0131xar\u0131lmas\u0131n\u0131 ist\u0259yib - MEYDAN.TV","og_description":"Az\u0259r M\u0259mm\u0259dov bildirib ki, m\u00fcraci\u0259td\u0259 \u201ct\u0259dbir g\u00f6r\u00fclm\u0259s\u0259, biz qazaxl\u0131lara \u00e7a\u011f\u0131r\u0131\u015f ed\u0259c\u0259yik ki, o rayondan \u00e7\u0131xs\u0131n\u201d c\u00fcml\u0259si yer al\u0131bsa, bu, art\u0131q zorak\u0131l\u0131\u011fa \u00e7a\u011f\u0131r\u0131\u015fd\u0131r.","og_url":"https:\/\/www.meydan.tv\/az\/article\/qazaxda-bir-qrup-sakin-musavatcinin-rayondan-cixarilmasini-isteyib\/","og_site_name":"MEYDAN.TV","article_published_time":"2019-09-16T14:05:39+00:00","og_image":[{"width":1000,"height":541,"url":"https:\/\/www.meydan.tv\/wp-content\/uploads\/40386.jpg","type":"image\/jpeg"}],"author":"user-manager","twitter_card":"summary_large_image","schema":{"@context":"https:\/\/schema.org","@graph":[{"@type":"Article","@id":"https:\/\/www.meydan.tv\/az\/article\/qazaxda-bir-qrup-sakin-musavatcinin-rayondan-cixarilmasini-isteyib\/#article","isPartOf":{"@id":"https:\/\/www.meydan.tv\/az\/article\/qazaxda-bir-qrup-sakin-musavatcinin-rayondan-cixarilmasini-isteyib\/"},"author":{"name":"user-manager","@id":"https:\/\/www.meydan.tv\/az\/#\/schema\/person\/10d11eccf6da3662cf5fdab9806ea91a"},"headline":"Qazaxda bir qrup sakin m\u00fcsavat\u00e7\u0131n\u0131n rayondan \u00e7\u0131xar\u0131lmas\u0131n\u0131 ist\u0259yib","datePublished":"2019-09-16T14:05:39+00:00","mainEntityOfPage":{"@id":"https:\/\/www.meydan.tv\/az\/article\/qazaxda-bir-qrup-sakin-musavatcinin-rayondan-cixarilmasini-isteyib\/"},"wordCount":937,"publisher":{"@id":"https:\/\/www.meydan.tv\/az\/#organization"},"image":{"@id":"https:\/\/www.meydan.tv\/az\/article\/qazaxda-bir-qrup-sakin-musavatcinin-rayondan-cixarilmasini-isteyib\/#primaryimage"},"thumbnailUrl":"https:\/\/www.meydan.tv\/wp-content\/uploads\/40386.jpg","articleSection":["B\u00f6lg\u0259"],"inLanguage":"az"},{"@type":"WebPage","@id":"https:\/\/www.meydan.tv\/az\/article\/qazaxda-bir-qrup-sakin-musavatcinin-rayondan-cixarilmasini-isteyib\/","url":"https:\/\/www.meydan.tv\/az\/article\/qazaxda-bir-qrup-sakin-musavatcinin-rayondan-cixarilmasini-isteyib\/","name":"Qazaxda bir qrup sakin m\u00fcsavat\u00e7\u0131n\u0131n rayondan \u00e7\u0131xar\u0131lmas\u0131n\u0131 ist\u0259yib - MEYDAN.TV","isPartOf":{"@id":"https:\/\/www.meydan.tv\/az\/#website"},"primaryImageOfPage":{"@id":"https:\/\/www.meydan.tv\/az\/article\/qazaxda-bir-qrup-sakin-musavatcinin-rayondan-cixarilmasini-isteyib\/#primaryimage"},"image":{"@id":"https:\/\/www.meydan.tv\/az\/article\/qazaxda-bir-qrup-sakin-musavatcinin-rayondan-cixarilmasini-isteyib\/#primaryimage"},"thumbnailUrl":"https:\/\/www.meydan.tv\/wp-content\/uploads\/40386.jpg","datePublished":"2019-09-16T14:05:39+00:00","breadcrumb":{"@id":"https:\/\/www.meydan.tv\/az\/article\/qazaxda-bir-qrup-sakin-musavatcinin-rayondan-cixarilmasini-isteyib\/#breadcrumb"},"inLanguage":"az","potentialAction":[{"@type":"ReadAction","target":["https:\/\/www.meydan.tv\/az\/article\/qazaxda-bir-qrup-sakin-musavatcinin-rayondan-cixarilmasini-isteyib\/"]}]},{"@type":"ImageObject","inLanguage":"az","@id":"https:\/\/www.meydan.tv\/az\/article\/qazaxda-bir-qrup-sakin-musavatcinin-rayondan-cixarilmasini-isteyib\/#primaryimage","url":"https:\/\/www.meydan.tv\/wp-content\/uploads\/40386.jpg","contentUrl":"https:\/\/www.meydan.tv\/wp-content\/uploads\/40386.jpg","width":1000,"height":541,"caption":"Foto: Qazax Rayon \u0130cra Hakimiyy\u0259ti"},{"@type":"BreadcrumbList","@id":"https:\/\/www.meydan.tv\/az\/article\/qazaxda-bir-qrup-sakin-musavatcinin-rayondan-cixarilmasini-isteyib\/#breadcrumb","itemListElement":[{"@type":"ListItem","position":1,"name":"Ana s\u0259hif\u0259","item":"https:\/\/www.meydan.tv\/az\/"},{"@type":"ListItem","position":2,"name":"B\u00f6lg\u0259","item":"https:\/\/www.meydan.tv\/az\/section\/bolge\/"},{"@type":"ListItem","position":3,"name":"Qazaxda bir qrup sakin m\u00fcsavat\u00e7\u0131n\u0131n rayondan \u00e7\u0131xar\u0131lmas\u0131n\u0131 ist\u0259yib"}]},{"@type":"WebSite","@id":"https:\/\/www.meydan.tv\/az\/#website","url":"https:\/\/www.meydan.tv\/az\/","name":"MEYDAN.TV","description":"Meydan TV Az\u0259rbaycan\u0131n media m\u0259kan\u0131ndak\u0131 alternativ s\u0259sidir","publisher":{"@id":"https:\/\/www.meydan.tv\/az\/#organization"},"potentialAction":[{"@type":"SearchAction","target":{"@type":"EntryPoint","urlTemplate":"https:\/\/www.meydan.tv\/az\/?s={search_term_string}"},"query-input":{"@type":"PropertyValueSpecification","valueRequired":true,"valueName":"search_term_string"}}],"inLanguage":"az"},{"@type":"Organization","@id":"https:\/\/www.meydan.tv\/az\/#organization","name":"Meydan TV","url":"https:\/\/www.meydan.tv\/az\/","logo":{"@type":"ImageObject","inLanguage":"az","@id":"https:\/\/www.meydan.tv\/az\/#\/schema\/logo\/image\/","url":"https:\/\/www.meydan.tv\/wp-content\/uploads\/2021\/07\/meydan-logo.svg","contentUrl":"https:\/\/www.meydan.tv\/wp-content\/uploads\/2021\/07\/meydan-logo.svg","width":195,"height":46,"caption":"Meydan TV"},"image":{"@id":"https:\/\/www.meydan.tv\/az\/#\/schema\/logo\/image\/"}},{"@type":"Person","@id":"https:\/\/www.meydan.tv\/az\/#\/schema\/person\/10d11eccf6da3662cf5fdab9806ea91a","name":"user-manager"}]}},"_links":{"self":[{"href":"https:\/\/www.meydan.tv\/az\/wp-json\/wp\/v2\/posts\/196988","targetHints":{"allow":["GET"]}}],"collection":[{"href":"https:\/\/www.meydan.tv\/az\/wp-json\/wp\/v2\/posts"}],"about":[{"href":"https:\/\/www.meydan.tv\/az\/wp-json\/wp\/v2\/types\/post"}],"author":[{"embeddable":true,"href":"https:\/\/www.meydan.tv\/az\/wp-json\/wp\/v2\/users\/11"}],"replies":[{"embeddable":true,"href":"https:\/\/www.meydan.tv\/az\/wp-json\/wp\/v2\/comments?post=196988"}],"version-history":[{"count":0,"href":"https:\/\/www.meydan.tv\/az\/wp-json\/wp\/v2\/posts\/196988\/revisions"}],"wp:featuredmedia":[{"embeddable":true,"href":"https:\/\/www.meydan.tv\/az\/wp-json\/wp\/v2\/media\/101934"}],"wp:attachment":[{"href":"https:\/\/www.meydan.tv\/az\/wp-json\/wp\/v2\/media?parent=196988"}],"wp:term":[{"taxonomy":"category","embeddable":true,"href":"https:\/\/www.meydan.tv\/az\/wp-json\/wp\/v2\/categories?post=196988"},{"taxonomy":"post_tag","embeddable":true,"href":"https:\/\/www.meydan.tv\/az\/wp-json\/wp\/v2\/tags?post=196988"}],"curies":[{"name":"wp","href":"https:\/\/api.w.org\/{rel}","templated":true}]}}