{"id":196984,"date":"2019-09-16T12:43:36","date_gmt":"2019-09-16T12:43:36","guid":{"rendered":"https:\/\/www.meydan.tv\/article\/iran-islamcilari-bakinin-vasinqton-ve-tel-evivle-muttefiqlik-munasibetlerinden-niye-narazidir\/"},"modified":"2019-09-16T12:43:36","modified_gmt":"2019-09-16T12:43:36","slug":"iran-islamcilari-bakinin-vasinqton-ve-tel-evivle-muttefiqlik-munasibetlerinden-niye-narazidir","status":"publish","type":"post","link":"https:\/\/www.meydan.tv\/az\/article\/iran-islamcilari-bakinin-vasinqton-ve-tel-evivle-muttefiqlik-munasibetlerinden-niye-narazidir\/","title":{"rendered":"\u0130ran islam\u00e7\u0131lar\u0131 Bak\u0131n\u0131n Va\u015finqton v\u0259 Tel-\u018fvivl\u0259 m\u00fctt\u0259fiqlik m\u00fcnasib\u0259tl\u0259rind\u0259n niy\u0259 naraz\u0131d\u0131r?"},"content":{"rendered":"<p>\n  <i><br \/>\n    R\u0259smi Bak\u0131 Az\u0259rbaycanda Yax\u0131n \u015e\u0259rq terroru t\u0259hl\u00fck\u0259si haqq\u0131nda he\u00e7 n\u0259 demir<br \/>\n  <\/i>\n<\/p>\n<p>\n  Son g\u00fcnl\u0259r \u0130ran-AB\u015e qar\u015f\u0131durmas\u0131n\u0131n g\u00fccl\u0259nm\u0259si regionda Va\u015finqtonun m\u00fctt\u0259fiql\u0259ri olan \u00f6lk\u0259l\u0259ri t\u0259hl\u00fck\u0259 alt\u0131na qoyur. AB\u015e-\u0131n \u0130rana qar\u015f\u0131 iqtisadi sanksiyalar\u0131 g\u00fccl\u0259ndirm\u0259sinin, \u0130raq v\u0259 Suriyada onun h\u0259rbi infrastrukturuna z\u0259rb\u0259l\u0259rin, habel\u0259 n\u00fcv\u0259 s\u00f6vd\u0259l\u0259\u015fm\u0259sind\u0259n \u00e7\u0131xmas\u0131n\u0131n inqilaba v\u0259 ya \u0259n az\u0131ndan Tehran rejiminin kapitulyasiyas\u0131na g\u0259tirib \u00e7\u0131xaraca\u011f\u0131 \u00fcmidl\u0259ri do\u011frulmad\u0131.Tehran\u0131n AB\u015e n\u00f6qteyi-n\u0259z\u0259rd\u0259n qeyri-adekvat olan cavab\u0131 Va\u015finqtonda m\u00fc\u0259yy\u0259n t\u0259la\u015fa s\u0259b\u0259b oldu v\u0259 \u0130rana t\u0259zyiqin memar\u0131, prezident Tramp\u0131n milli t\u0259hl\u00fck\u0259sizlik \u00fczr\u0259 m\u00fc\u015faviri Con Bolton istefaya g\u00f6nd\u0259rildi.\n<\/p>\n<p>\n  Amerikan\u0131n \u0130randak\u0131 blitskriqinin u\u011fursuzlu\u011fu Bak\u0131n\u0131n Va\u015finqton v\u0259 Tel-\u018fvivl\u0259 m\u00fctt\u0259fiqlik m\u00fcnasib\u0259tl\u0259rind\u0259n naraz\u0131 olan \u0130ran islam\u00e7\u0131lar\u0131n\u0131n v\u0259 dig\u0259r islam\u00e7\u0131lar\u0131n daim h\u0259d\u0259find\u0259 olan Az\u0259rbaycan\u0131 daha da z\u0259ifl\u0259dib.\n<\/p>\n<p>\n  Az\u0259rbaycan 1991-ci ild\u0259 m\u00fcst\u0259qillik \u0259ld\u0259 etdiyi v\u0259 \u0130ranla d\u0259mir p\u0259rd\u0259nin aradan qalxd\u0131\u011f\u0131 andan etibar\u0259n t\u0259hl\u00fck\u0259sizliyini g\u00fccl\u0259ndirm\u0259k \u00fc\u00e7\u00fcn m\u00fcxt\u0259lif yollardan istifad\u0259 edib, regionda mara\u011f\u0131 olan b\u00fct\u00fcn d\u00f6vl\u0259tl\u0259rin &#8211; Rusiya, T\u00fcrkiy\u0259, AB\u015e, \u0130srail v\u0259 Avropa \u00f6lk\u0259l\u0259rinin k\u00f6m\u0259yin\u0259 \u00fcz tutub. V\u0259 bu, t\u0259bii hald\u0131r, bel\u0259 ki, bu postsovet m\u00fcs\u0259lman \u00f6lk\u0259si \u00f6t\u0259n \u0259srin 90-c\u0131 ill\u0259rinin \u0259vv\u0259ll\u0259rind\u0259n m\u00fcxt\u0259lif m\u00fcs\u0259lman \u00f6lk\u0259l\u0259rinin v\u0259 B\u00f6y\u00fck \u015e\u0259rqin, x\u00fcsus\u0259n d\u0259, tarixi ba\u011fl\u0131l\u0131q v\u0259 co\u011frafi yax\u0131nl\u0131qla \u0259laq\u0259dar \u0130ran\u0131n islam\u00e7\u0131 dini c\u0259r\u0259yanlar\u0131n\u0131n t\u0259sir u\u011frunda m\u00fcbariz\u0259 meydan\u0131na \u00e7evrilib.\n<\/p>\n<p>\n  M\u00fcxt\u0259lif islami t\u0259\u015f\u0259bb\u00fcsl\u0259rd\u0259 i\u015ftirak yolu il\u0259 bu q\u00fcvv\u0259l\u0259rl\u0259 uzla\u015fmaq c\u0259hdi v\u0259 eyni zamanda d\u00f6vl\u0259tl\u0259rin k\u00f6m\u0259yi il\u0259 t\u0259hl\u00fck\u0259sizliyi t\u0259min etm\u0259k s\u0259yl\u0259ri, Tramp\u0131n \u0130ran\u0131 s\u0131x\u0131\u015fd\u0131rma siyas\u0259tinin b\u00f6hrana u\u011frad\u0131\u011f\u0131 \u015f\u0259raitd\u0259, dey\u0259s\u0259n, \u00e7at verib.\n<\/p>\n<p>\n  \u00d6lk\u0259nin t\u0259hl\u00fcks\u0259ziliyinin z\u0259ifliyi art\u0131b, bu ilin iyul-avqust aylar\u0131nda, Amerikan\u0131n \u0130rana sonuncu t\u0259zyiq t\u0259\u015f\u0259bb\u00fcs\u00fc \u0259n y\u00fcks\u0259k h\u0259dd\u0259 \u00e7atd\u0131\u011f\u0131 zaman \u0130raqda obyektl\u0259ri bombardmana m\u0259ruz qalan \u0130rany\u00f6nl\u00fc h\u0259rbi komandirl\u0259rin a\u00e7\u0131q-a\u015fkar b\u0259yanatlar\u0131 buna d\u0259lal\u0259t edir.\n<\/p>\n<p>\n  \u0130ran\u0131n n\u0259zar\u0259ti alt\u0131nda olan \u0259l-H\u0259\u015fd \u0259\u015f-\u015e\u0259abi qrupla\u015fmas\u0131n\u0131n komandir m\u00fcavini \u018fbu M\u0259hdi \u0259l-M\u00fch\u0259ndis Az\u0259rbaycan\u0131 \u0130srailin dronlarla \u0130raqdak\u0131 \u0130rany\u00f6nl\u00fc obyektl\u0259r\u0259 hava z\u0259rb\u0259l\u0259ri endirm\u0259k \u00fc\u00e7\u00fcn bu \u00f6lk\u0259nin \u0259razisind\u0259n istifad\u0259 etm\u0259sind\u0259 birba\u015fa ittiham edib. M\u00fch\u0259ndis \u0130sraild\u0259n intiqam alma\u011f\u0131 v\u0259d edib, bu da dolay\u0131 yolla Az\u0259rbaycana qar\u015f\u0131 t\u0259hdid dem\u0259k ola bil\u0259r.\n<\/p>\n<p>\n  Bunun ard\u0131nca Nyu-York Tayms a\u00e7\u0131q-a\u015fkar b\u0259yan edib ki, bundan \u0259vv\u0259l \u0130ran\u0131n n\u00fcv\u0259 obyektl\u0259rinin hava k\u0259\u015ffiyyat\u0131 \u00fc\u00e7\u00fcn Az\u0259rbaycan \u0259razisind\u0259n istifad\u0259 olunub. N\u0259\u015fr iddia edir ki, k\u0259\u015ffiyyat dronlar\u0131 Az\u0259rbaycan \u0259razisind\u0259n \u0130ran\u0131n hava m\u0259kan\u0131na u\u00e7u\u015f h\u0259yata ke\u00e7irib. N\u00fcfuzlu n\u0259\u015frin a\u00e7\u0131q m\u0259lumat s\u0131z\u0131nt\u0131s\u0131 AB\u015e v\u0259 \u0130srailin B\u00f6y\u00fck \u015e\u0259rq regionunda h\u0259rbi-siyasi f\u0259aliyy\u0259ti sistemind\u0259 status-kvonu a\u00e7\u0131q-a\u015fkar t\u0259sbit edir v\u0259 r\u0259smi Bak\u0131n\u0131 regional v\u0259 superd\u00f6vl\u0259tl\u0259r aras\u0131nda manevrl\u0259rd\u0259n m\u0259hrum edir, bu da Va\u015finqtonun m\u00fctt\u0259fiqi rolu il\u0259 raz\u0131la\u015fmaqdan ba\u015fqa se\u00e7im qoymur. Amma bu da son deyil.\n<\/p>\n<p>\n  Rusiyan\u0131n &quot;Nezavisimaya qazeta&quot;s\u0131n\u0131n m\u0259lumat\u0131na g\u00f6r\u0259, \u0130srail Rusiya v\u0259 AB\u015e-\u0131n icaz\u0259si il\u0259 \u0130raqda \u015fi\u0259 h\u0259rbi birl\u0259\u015fm\u0259l\u0259rinin m\u00f6vqel\u0259rin\u0259 z\u0259rb\u0259l\u0259r endirir. Bu bar\u0259d\u0259 Asharq Al-Awsat n\u0259\u015frin\u0259 Q\u0259rbd\u0259ki diplomatik m\u0259nb\u0259 bildirib. O etiraf edib ki, h\u0259rbi obyektl\u0259rd\u0259 artan partlay\u0131\u015flar\u0131n arxas\u0131nda m\u0259hz y\u0259hudi d\u00f6vl\u0259tinin q\u00fcvv\u0259l\u0259ri durur, amma Moskva v\u0259 Va\u015finqtonla raz\u0131la\u015fmalar s\u0259b\u0259bind\u0259n israillil\u0259r ke\u00e7ril\u0259n \u0259m\u0259liyatlarda i\u015ftiraklar\u0131 bar\u0259d\u0259 a\u00e7\u0131q dan\u0131\u015fa bilmir. Ekspertl\u0259r aras\u0131nda Rusiyan\u0131n h\u0259qiq\u0259t\u0259n z\u0259rb\u0259l\u0259r\u0259 ya\u015f\u0131l i\u015f\u0131q yand\u0131ra bil\u0259c\u0259yi ehtimal edilir.\n<\/p>\n<p>\n  Nyu-York Tayms-\u0131n b\u0259yanat\u0131 AB\u015e-\u0131n praktiki olaraq blitskriq strategiyas\u0131n\u0131n u\u011fursuzlu\u011fa d\u00fc\u00e7ar oldu\u011funu etiraf etdiyi, \u0130ran\u0131n \u0130raqdak\u0131 komandirl\u0259rinin \u015f\u0259xsind\u0259 qisasdan b\u0259hs etdiyi, Bak\u0131ya is\u0259 Rusiya T\u0259hl\u00fck\u0259sizlik \u015euras\u0131n\u0131n katibi Patru\u015fevin s\u0259f\u0259r etdiyi bir vaxtda s\u0259sl\u0259nib. Patru\u015fev Bak\u0131da t\u0259hl\u00fck\u0259sizlik v\u0259 Yax\u0131n \u015e\u0259rq h\u0259rbi tama\u015falar teatr\u0131ndan d\u00f6y\u00fc\u015f\u00e7\u00fcl\u0259rin regiona ke\u00e7m\u0259si yollar\u0131n\u0131n qar\u015f\u0131s\u0131n\u0131n al\u0131nmas\u0131 m\u0259s\u0259l\u0259l\u0259rini m\u00fczakir\u0259 edib. Qeyd etm\u0259k laz\u0131md\u0131r ki, \u0130\u015e\u0130D v\u0259 dig\u0259r radikal islam\u00e7\u0131 qruplar\u0131n d\u00f6y\u00fc\u015f\u00e7\u00fcl\u0259ri Az\u0259rbaycan\u0131 d\u00fcny\u0259vi siyas\u0259tin\u0259 g\u00f6r\u0259 a\u00e7\u0131q-a\u015fkar intiqamla t\u0259hdid edibl\u0259r. 2016-c\u0131 ilin yay\u0131nda T\u00fcrkiy\u0259nin &quot;Milliyet&quot; q\u0259zeti \u00f6lk\u0259nin x\u00fcsusi xidm\u0259tl\u0259rin\u0259 istinadla bildirib ki, \u0130\u015e\u0130D \u00f6l\u00fcm\u0259 m\u0259hkum edilmi\u015f terror\u00e7ular\u0131n Avropaya ke\u00e7irilm\u0259sinin yeni mar\u015frutunu se\u00e7ib &#8211; Az\u0259rbaycan, G\u00fcrc\u00fcstan v\u0259 Kipr vasit\u0259sil\u0259. H\u0259m\u00e7inin, T\u00fcrkiy\u0259 v\u0259 Az\u0259rbaycanda terror aktlar\u0131 silsil\u0259sinin haz\u0131rlanmas\u0131ndan b\u0259hs edilirdi, bunun \u00fc\u00e7\u00fcn \u0259sl\u0259n Az\u0259rbaycan v\u0259 \u015eimali Qafqazdan olan d\u00f6y\u00fc\u015f\u00e7\u00fcl\u0259r se\u00e7ilib.\n<\/p>\n<p>\n  R\u0259smi Bak\u0131 \u0130raqdak\u0131 h\u0259rbi obyektl\u0259r\u0259 h\u00fccum \u00fc\u00e7\u00fcn \u0259razisini \u0130srail\u0259 verm\u0259si haqq\u0131nda iddialar\u0131 t\u0259kzib edib. B\u0259yanat\u0131 X\u0130N v\u0259 M\u00fcdafi\u0259 Nazirliyi s\u0259sl\u0259ndirib. Amma Az\u0259rbaycan\u0131n \u00f6z \u0259razisinin m\u00fcdafi\u0259si \u00fc\u00e7\u00fcn \u00f6lk\u0259d\u0259 istehsal olunan \u0130srail dronlar\u0131n\u0131n \u0130rana qar\u015f\u0131 c\u0259lb edil\u0259 bil\u0259c\u0259yi istisna deyil.\n<\/p>\n<p>\n  Az\u0259rbaycan v\u0259 \u0130srailin t\u0259hl\u00fck\u0259sizlik sah\u0259sind\u0259 \u0259m\u0259kda\u015fl\u0131q etdiyi \u00e7oxdan sirr deyil, bundan ba\u015fqa, Tel-\u018fviv bu qar\u015f\u0131l\u0131ql\u0131 f\u0259aliyy\u0259ti a\u00e7\u0131q-a\u015fkar reklam edir. 2016-c\u0131 ilin dekabr\u0131nda ba\u015f nazir Netanyahunun Bak\u0131ya s\u0259f\u0259ri \u0259r\u0259f\u0259sind\u0259 \u0130srail x\u00fcsusi xidm\u0259ti Mossad-\u0131n r\u0259hb\u0259ri Yosi Koen s\u0259f\u0259ri t\u0259hl\u00fck\u0259sizlik sah\u0259sind\u0259 aktual m\u0259s\u0259l\u0259l\u0259rin m\u00fczakir\u0259si n\u00f6qteyi-n\u0259z\u0259rd\u0259n strateji \u0259h\u0259miyy\u0259t\u0259 malik s\u0259f\u0259r adland\u0131r\u0131b.\n<\/p>\n<p>\n  &quot;\u00dcmid edir\u0259m ki, qalan g\u00fcnl\u0259rd\u0259 r\u0259smi qar\u015f\u0131l\u0131ql\u0131 anla\u015fma memorandumunun yekun m\u0259tni haz\u0131rlanacaq, h\u0259r iki \u00f6lk\u0259nin v\u0259zif\u0259li \u015f\u0259xsl\u0259ri s\u0259n\u0259di imzalayacaq&quot;, dey\u0259 Koen bildirib.\n<\/p>\n<p>\n  Sazi\u015fd\u0259 h\u0259r iki t\u0259r\u0259f ortaq t\u0259hl\u00fck\u0259sizlik t\u0259hdidl\u0259ri il\u0259 ba\u011fl\u0131 h\u0259rt\u0259r\u0259fli \u0259m\u0259kda\u015fl\u0131\u011f\u0131 g\u00fccl\u0259ndirm\u0259k \u00f6hd\u0259liyi g\u00f6t\u00fcr\u00fcb v\u0259 Tel-\u018fviv Az\u0259rbaycan h\u00f6kum\u0259ti \u00fc\u00e7\u00fcn texnikan\u0131 v\u0259 qabaqc\u0131l t\u0259hl\u00fck\u0259sizlik sisteml\u0259rini gura\u015fd\u0131rmaq v\u0259 s\u0259f\u0259rb\u0259r etm\u0259yi boynuna g\u00f6t\u00fcr\u00fcb.\n<\/p>\n<p>\n  &quot;Az\u0259rbaycan\u0131n t\u0259hl\u00fck\u0259sizlik xidm\u0259tinin \u0259m\u0259kda\u015flar\u0131 il\u0259 \u0259vv\u0259lc\u0259d\u0259n \u0259ld\u0259 edilmi\u015f raz\u0131la\u015fmalara \u0259sas\u0259n, Mossad terrorizm\u0259, dini ekstremizm\u0259 qar\u015f\u0131 m\u00fcbariz\u0259, \u00e7evrili\u015fin qar\u015f\u0131s\u0131n\u0131n al\u0131nmas\u0131 v\u0259 \u00e7oxt\u0259r\u0259fli regional ittifaqlar\u0131n yarad\u0131lmas\u0131 sah\u0259sind\u0259 Az\u0259rbaycan h\u00f6kum\u0259ti il\u0259 \u0259m\u0259kda\u015fl\u0131q ed\u0259c\u0259k. Bununla \u0259laq\u0259dar t\u0259r\u0259fl\u0259r bir s\u0131ra t\u0259cr\u00fcb\u0259li Mossad zabitl\u0259rinin Bak\u0131da f\u0259aliyy\u0259t\u0259 ba\u015flayacaqlar\u0131 bar\u0259d\u0259 raz\u0131l\u0131q \u0259ld\u0259 edibl\u0259r. H\u0259m\u00e7inin, h\u0259r r\u00fcb Tel-\u018fviv v\u0259 Bak\u0131 aras\u0131nda t\u0259hl\u00fck\u0259sizlik m\u0259s\u0259l\u0259l\u0259ri \u00fczr\u0259 birg\u0259 iclaslar ke\u00e7iril\u0259c\u0259k&quot;, dey\u0259 Koen bildirib.\n<\/p>\n<p>\n  Sazi\u015fin m\u0259qs\u0259di haqq\u0131nda suala cavabda o deyib: Bu s\u0259n\u0259d, \u015f\u00fcbh\u0259siz ki, Az\u0259rbaycan\u0131n xarici t\u0259hdidl\u0259rd\u0259n t\u0259hl\u00fck\u0259sizliyini art\u0131racaq v\u0259 regionda h\u0259r iki \u00f6lk\u0259nin t\u0259hl\u00fck\u0259sizliyini t\u0259min ed\u0259c\u0259k&quot;.\n<\/p>\n<p>\n  R\u0259smi Bak\u0131 Az\u0259rbaycanda Yax\u0131n \u015e\u0259rq terroru t\u0259hl\u00fck\u0259si haqq\u0131nda he\u00e7 n\u0259 demir. Amma bu, prezident \u018fliyev administrasiyas\u0131n\u0131n \u0130rany\u00f6nl\u00fc sah\u0259 komandirl\u0259rinin qisas t\u0259hdidl\u0259rini diqq\u0259tsiz qoydu\u011fu dem\u0259k deyil. AB\u015e-\u0131n radikal add\u0131mlar\u0131na \u0130ran\u0131n radikal cavab add\u0131mlar\u0131 Tehran\u0131n t\u0259xmin edilm\u0259si \u00e7\u0259tin olan add\u0131mlara haz\u0131r oldu\u011funu n\u00fcmayi\u015f etdirir. A\u00e7\u0131q kartlarla m\u00fcr\u0259kk\u0259b oyun \u015f\u0259raitind\u0259 \u0130ran prezidenti Ruhaninin avqustun 13-d\u0259 prezident \u018fliyev\u0259 dostcas\u0131na telefon z\u0259ngini xo\u015f m\u0259ram\u0131n t\u0259zah\u00fcr\u00fc v\u0259 Az\u0259rbaycan\u0131n t\u0259hqir edilmi\u015f \u0130ran g\u00fcc\u00fcn\u00fcn qisas meydan\u0131na \u00e7evrilm\u0259y\u0259c\u0259yinin z\u0259man\u0259ti deyil. Bu kontekstd\u0259 \u018fliyevin ictimai f\u0259all\u0131\u011f\u0131n\u0131n azalmas\u0131 da \u0130ran \u0259traf\u0131nda son hadis\u0259l\u0259rin v\u0259 onun Az\u0259rbaycana qar\u015f\u0131 t\u0259hdidl\u0259rinin n\u0259tic\u0259si d\u0259 ola bil\u0259r.<\/p>\n","protected":false},"excerpt":{"rendered":"<p>Amma Az\u0259rbaycan\u0131n \u00f6z \u0259razisinin m\u00fcdafi\u0259si \u00fc\u00e7\u00fcn \u00f6lk\u0259d\u0259 istehsal olunan \u0130srail dronlar\u0131n\u0131n \u0130rana qar\u015f\u0131 c\u0259lb edil\u0259 bil\u0259c\u0259yi istisna deyil.<\/p>\n","protected":false},"author":11,"featured_media":129628,"comment_status":"closed","ping_status":"open","sticky":false,"template":"","format":"standard","meta":{"_acf_changed":false,"_sitemap_exclude":false,"_sitemap_priority":"","_sitemap_frequency":"","footnotes":""},"categories":[51],"tags":[],"class_list":["post-196984","post","type-post","status-publish","format-standard","has-post-thumbnail","hentry","category-analitika","infinite-scroll-item","generate-columns","tablet-grid-50","mobile-grid-100","grid-parent","grid-33","no-featured-image-padding"],"acf":[],"yoast_head":"<!-- This site is optimized with the Yoast SEO plugin v27.4 - https:\/\/yoast.com\/product\/yoast-seo-wordpress\/ -->\n<title>\u0130ran islam\u00e7\u0131lar\u0131 Bak\u0131n\u0131n Va\u015finqton v\u0259 Tel-\u018fvivl\u0259 m\u00fctt\u0259fiqlik m\u00fcnasib\u0259tl\u0259rind\u0259n niy\u0259 naraz\u0131d\u0131r? - MEYDAN.TV<\/title>\n<meta name=\"robots\" content=\"index, follow, max-snippet:-1, max-image-preview:large, max-video-preview:-1\" \/>\n<link rel=\"canonical\" href=\"https:\/\/www.meydan.tv\/az\/article\/iran-islamcilari-bakinin-vasinqton-ve-tel-evivle-muttefiqlik-munasibetlerinden-niye-narazidir\/\" \/>\n<meta property=\"og:locale\" content=\"az_AZ\" \/>\n<meta property=\"og:type\" content=\"article\" \/>\n<meta property=\"og:title\" content=\"\u0130ran islam\u00e7\u0131lar\u0131 Bak\u0131n\u0131n Va\u015finqton v\u0259 Tel-\u018fvivl\u0259 m\u00fctt\u0259fiqlik m\u00fcnasib\u0259tl\u0259rind\u0259n niy\u0259 naraz\u0131d\u0131r? - MEYDAN.TV\" \/>\n<meta property=\"og:description\" content=\"Amma Az\u0259rbaycan\u0131n \u00f6z \u0259razisinin m\u00fcdafi\u0259si \u00fc\u00e7\u00fcn \u00f6lk\u0259d\u0259 istehsal olunan \u0130srail dronlar\u0131n\u0131n \u0130rana qar\u015f\u0131 c\u0259lb edil\u0259 bil\u0259c\u0259yi istisna deyil.\" \/>\n<meta property=\"og:url\" content=\"https:\/\/www.meydan.tv\/az\/article\/iran-islamcilari-bakinin-vasinqton-ve-tel-evivle-muttefiqlik-munasibetlerinden-niye-narazidir\/\" \/>\n<meta property=\"og:site_name\" content=\"MEYDAN.TV\" \/>\n<meta property=\"article:published_time\" content=\"2019-09-16T12:43:36+00:00\" \/>\n<meta property=\"og:image\" content=\"https:\/\/www.meydan.tv\/wp-content\/uploads\/091500021719.jpg\" \/>\n\t<meta property=\"og:image:width\" content=\"853\" \/>\n\t<meta property=\"og:image:height\" content=\"480\" \/>\n\t<meta property=\"og:image:type\" content=\"image\/jpeg\" \/>\n<meta name=\"author\" content=\"user-manager\" \/>\n<meta name=\"twitter:card\" content=\"summary_large_image\" \/>\n<script type=\"application\/ld+json\" class=\"yoast-schema-graph\">{\"@context\":\"https:\\\/\\\/schema.org\",\"@graph\":[{\"@type\":\"Article\",\"@id\":\"https:\\\/\\\/www.meydan.tv\\\/az\\\/article\\\/iran-islamcilari-bakinin-vasinqton-ve-tel-evivle-muttefiqlik-munasibetlerinden-niye-narazidir\\\/#article\",\"isPartOf\":{\"@id\":\"https:\\\/\\\/www.meydan.tv\\\/az\\\/article\\\/iran-islamcilari-bakinin-vasinqton-ve-tel-evivle-muttefiqlik-munasibetlerinden-niye-narazidir\\\/\"},\"author\":{\"name\":\"user-manager\",\"@id\":\"https:\\\/\\\/www.meydan.tv\\\/az\\\/#\\\/schema\\\/person\\\/10d11eccf6da3662cf5fdab9806ea91a\"},\"headline\":\"\u0130ran islam\u00e7\u0131lar\u0131 Bak\u0131n\u0131n Va\u015finqton v\u0259 Tel-\u018fvivl\u0259 m\u00fctt\u0259fiqlik m\u00fcnasib\u0259tl\u0259rind\u0259n niy\u0259 naraz\u0131d\u0131r?\",\"datePublished\":\"2019-09-16T12:43:36+00:00\",\"mainEntityOfPage\":{\"@id\":\"https:\\\/\\\/www.meydan.tv\\\/az\\\/article\\\/iran-islamcilari-bakinin-vasinqton-ve-tel-evivle-muttefiqlik-munasibetlerinden-niye-narazidir\\\/\"},\"wordCount\":1624,\"publisher\":{\"@id\":\"https:\\\/\\\/www.meydan.tv\\\/az\\\/#organization\"},\"image\":{\"@id\":\"https:\\\/\\\/www.meydan.tv\\\/az\\\/article\\\/iran-islamcilari-bakinin-vasinqton-ve-tel-evivle-muttefiqlik-munasibetlerinden-niye-narazidir\\\/#primaryimage\"},\"thumbnailUrl\":\"https:\\\/\\\/www.meydan.tv\\\/wp-content\\\/uploads\\\/091500021719.jpg\",\"articleSection\":[\"Analitika\"],\"inLanguage\":\"az\"},{\"@type\":\"WebPage\",\"@id\":\"https:\\\/\\\/www.meydan.tv\\\/az\\\/article\\\/iran-islamcilari-bakinin-vasinqton-ve-tel-evivle-muttefiqlik-munasibetlerinden-niye-narazidir\\\/\",\"url\":\"https:\\\/\\\/www.meydan.tv\\\/az\\\/article\\\/iran-islamcilari-bakinin-vasinqton-ve-tel-evivle-muttefiqlik-munasibetlerinden-niye-narazidir\\\/\",\"name\":\"\u0130ran islam\u00e7\u0131lar\u0131 Bak\u0131n\u0131n Va\u015finqton v\u0259 Tel-\u018fvivl\u0259 m\u00fctt\u0259fiqlik m\u00fcnasib\u0259tl\u0259rind\u0259n niy\u0259 naraz\u0131d\u0131r? - MEYDAN.TV\",\"isPartOf\":{\"@id\":\"https:\\\/\\\/www.meydan.tv\\\/az\\\/#website\"},\"primaryImageOfPage\":{\"@id\":\"https:\\\/\\\/www.meydan.tv\\\/az\\\/article\\\/iran-islamcilari-bakinin-vasinqton-ve-tel-evivle-muttefiqlik-munasibetlerinden-niye-narazidir\\\/#primaryimage\"},\"image\":{\"@id\":\"https:\\\/\\\/www.meydan.tv\\\/az\\\/article\\\/iran-islamcilari-bakinin-vasinqton-ve-tel-evivle-muttefiqlik-munasibetlerinden-niye-narazidir\\\/#primaryimage\"},\"thumbnailUrl\":\"https:\\\/\\\/www.meydan.tv\\\/wp-content\\\/uploads\\\/091500021719.jpg\",\"datePublished\":\"2019-09-16T12:43:36+00:00\",\"breadcrumb\":{\"@id\":\"https:\\\/\\\/www.meydan.tv\\\/az\\\/article\\\/iran-islamcilari-bakinin-vasinqton-ve-tel-evivle-muttefiqlik-munasibetlerinden-niye-narazidir\\\/#breadcrumb\"},\"inLanguage\":\"az\",\"potentialAction\":[{\"@type\":\"ReadAction\",\"target\":[\"https:\\\/\\\/www.meydan.tv\\\/az\\\/article\\\/iran-islamcilari-bakinin-vasinqton-ve-tel-evivle-muttefiqlik-munasibetlerinden-niye-narazidir\\\/\"]}]},{\"@type\":\"ImageObject\",\"inLanguage\":\"az\",\"@id\":\"https:\\\/\\\/www.meydan.tv\\\/az\\\/article\\\/iran-islamcilari-bakinin-vasinqton-ve-tel-evivle-muttefiqlik-munasibetlerinden-niye-narazidir\\\/#primaryimage\",\"url\":\"https:\\\/\\\/www.meydan.tv\\\/wp-content\\\/uploads\\\/091500021719.jpg\",\"contentUrl\":\"https:\\\/\\\/www.meydan.tv\\\/wp-content\\\/uploads\\\/091500021719.jpg\",\"width\":853,\"height\":480,\"caption\":\"Source: Foto: Turan \u0130A\"},{\"@type\":\"BreadcrumbList\",\"@id\":\"https:\\\/\\\/www.meydan.tv\\\/az\\\/article\\\/iran-islamcilari-bakinin-vasinqton-ve-tel-evivle-muttefiqlik-munasibetlerinden-niye-narazidir\\\/#breadcrumb\",\"itemListElement\":[{\"@type\":\"ListItem\",\"position\":1,\"name\":\"Ana s\u0259hif\u0259\",\"item\":\"https:\\\/\\\/www.meydan.tv\\\/az\\\/\"},{\"@type\":\"ListItem\",\"position\":2,\"name\":\"Analitika\",\"item\":\"https:\\\/\\\/www.meydan.tv\\\/az\\\/section\\\/analitika\\\/\"},{\"@type\":\"ListItem\",\"position\":3,\"name\":\"\u0130ran islam\u00e7\u0131lar\u0131 Bak\u0131n\u0131n Va\u015finqton v\u0259 Tel-\u018fvivl\u0259 m\u00fctt\u0259fiqlik m\u00fcnasib\u0259tl\u0259rind\u0259n niy\u0259 naraz\u0131d\u0131r?\"}]},{\"@type\":\"WebSite\",\"@id\":\"https:\\\/\\\/www.meydan.tv\\\/az\\\/#website\",\"url\":\"https:\\\/\\\/www.meydan.tv\\\/az\\\/\",\"name\":\"MEYDAN.TV\",\"description\":\"Meydan TV Az\u0259rbaycan\u0131n media m\u0259kan\u0131ndak\u0131 alternativ s\u0259sidir\",\"publisher\":{\"@id\":\"https:\\\/\\\/www.meydan.tv\\\/az\\\/#organization\"},\"potentialAction\":[{\"@type\":\"SearchAction\",\"target\":{\"@type\":\"EntryPoint\",\"urlTemplate\":\"https:\\\/\\\/www.meydan.tv\\\/az\\\/?s={search_term_string}\"},\"query-input\":{\"@type\":\"PropertyValueSpecification\",\"valueRequired\":true,\"valueName\":\"search_term_string\"}}],\"inLanguage\":\"az\"},{\"@type\":\"Organization\",\"@id\":\"https:\\\/\\\/www.meydan.tv\\\/az\\\/#organization\",\"name\":\"Meydan TV\",\"url\":\"https:\\\/\\\/www.meydan.tv\\\/az\\\/\",\"logo\":{\"@type\":\"ImageObject\",\"inLanguage\":\"az\",\"@id\":\"https:\\\/\\\/www.meydan.tv\\\/az\\\/#\\\/schema\\\/logo\\\/image\\\/\",\"url\":\"https:\\\/\\\/www.meydan.tv\\\/wp-content\\\/uploads\\\/2021\\\/07\\\/meydan-logo.svg\",\"contentUrl\":\"https:\\\/\\\/www.meydan.tv\\\/wp-content\\\/uploads\\\/2021\\\/07\\\/meydan-logo.svg\",\"width\":195,\"height\":46,\"caption\":\"Meydan TV\"},\"image\":{\"@id\":\"https:\\\/\\\/www.meydan.tv\\\/az\\\/#\\\/schema\\\/logo\\\/image\\\/\"}},{\"@type\":\"Person\",\"@id\":\"https:\\\/\\\/www.meydan.tv\\\/az\\\/#\\\/schema\\\/person\\\/10d11eccf6da3662cf5fdab9806ea91a\",\"name\":\"user-manager\"}]}<\/script>\n<!-- \/ Yoast SEO plugin. -->","yoast_head_json":{"title":"\u0130ran islam\u00e7\u0131lar\u0131 Bak\u0131n\u0131n Va\u015finqton v\u0259 Tel-\u018fvivl\u0259 m\u00fctt\u0259fiqlik m\u00fcnasib\u0259tl\u0259rind\u0259n niy\u0259 naraz\u0131d\u0131r? - MEYDAN.TV","robots":{"index":"index","follow":"follow","max-snippet":"max-snippet:-1","max-image-preview":"max-image-preview:large","max-video-preview":"max-video-preview:-1"},"canonical":"https:\/\/www.meydan.tv\/az\/article\/iran-islamcilari-bakinin-vasinqton-ve-tel-evivle-muttefiqlik-munasibetlerinden-niye-narazidir\/","og_locale":"az_AZ","og_type":"article","og_title":"\u0130ran islam\u00e7\u0131lar\u0131 Bak\u0131n\u0131n Va\u015finqton v\u0259 Tel-\u018fvivl\u0259 m\u00fctt\u0259fiqlik m\u00fcnasib\u0259tl\u0259rind\u0259n niy\u0259 naraz\u0131d\u0131r? - MEYDAN.TV","og_description":"Amma Az\u0259rbaycan\u0131n \u00f6z \u0259razisinin m\u00fcdafi\u0259si \u00fc\u00e7\u00fcn \u00f6lk\u0259d\u0259 istehsal olunan \u0130srail dronlar\u0131n\u0131n \u0130rana qar\u015f\u0131 c\u0259lb edil\u0259 bil\u0259c\u0259yi istisna deyil.","og_url":"https:\/\/www.meydan.tv\/az\/article\/iran-islamcilari-bakinin-vasinqton-ve-tel-evivle-muttefiqlik-munasibetlerinden-niye-narazidir\/","og_site_name":"MEYDAN.TV","article_published_time":"2019-09-16T12:43:36+00:00","og_image":[{"width":853,"height":480,"url":"https:\/\/www.meydan.tv\/wp-content\/uploads\/091500021719.jpg","type":"image\/jpeg"}],"author":"user-manager","twitter_card":"summary_large_image","schema":{"@context":"https:\/\/schema.org","@graph":[{"@type":"Article","@id":"https:\/\/www.meydan.tv\/az\/article\/iran-islamcilari-bakinin-vasinqton-ve-tel-evivle-muttefiqlik-munasibetlerinden-niye-narazidir\/#article","isPartOf":{"@id":"https:\/\/www.meydan.tv\/az\/article\/iran-islamcilari-bakinin-vasinqton-ve-tel-evivle-muttefiqlik-munasibetlerinden-niye-narazidir\/"},"author":{"name":"user-manager","@id":"https:\/\/www.meydan.tv\/az\/#\/schema\/person\/10d11eccf6da3662cf5fdab9806ea91a"},"headline":"\u0130ran islam\u00e7\u0131lar\u0131 Bak\u0131n\u0131n Va\u015finqton v\u0259 Tel-\u018fvivl\u0259 m\u00fctt\u0259fiqlik m\u00fcnasib\u0259tl\u0259rind\u0259n niy\u0259 naraz\u0131d\u0131r?","datePublished":"2019-09-16T12:43:36+00:00","mainEntityOfPage":{"@id":"https:\/\/www.meydan.tv\/az\/article\/iran-islamcilari-bakinin-vasinqton-ve-tel-evivle-muttefiqlik-munasibetlerinden-niye-narazidir\/"},"wordCount":1624,"publisher":{"@id":"https:\/\/www.meydan.tv\/az\/#organization"},"image":{"@id":"https:\/\/www.meydan.tv\/az\/article\/iran-islamcilari-bakinin-vasinqton-ve-tel-evivle-muttefiqlik-munasibetlerinden-niye-narazidir\/#primaryimage"},"thumbnailUrl":"https:\/\/www.meydan.tv\/wp-content\/uploads\/091500021719.jpg","articleSection":["Analitika"],"inLanguage":"az"},{"@type":"WebPage","@id":"https:\/\/www.meydan.tv\/az\/article\/iran-islamcilari-bakinin-vasinqton-ve-tel-evivle-muttefiqlik-munasibetlerinden-niye-narazidir\/","url":"https:\/\/www.meydan.tv\/az\/article\/iran-islamcilari-bakinin-vasinqton-ve-tel-evivle-muttefiqlik-munasibetlerinden-niye-narazidir\/","name":"\u0130ran islam\u00e7\u0131lar\u0131 Bak\u0131n\u0131n Va\u015finqton v\u0259 Tel-\u018fvivl\u0259 m\u00fctt\u0259fiqlik m\u00fcnasib\u0259tl\u0259rind\u0259n niy\u0259 naraz\u0131d\u0131r? - MEYDAN.TV","isPartOf":{"@id":"https:\/\/www.meydan.tv\/az\/#website"},"primaryImageOfPage":{"@id":"https:\/\/www.meydan.tv\/az\/article\/iran-islamcilari-bakinin-vasinqton-ve-tel-evivle-muttefiqlik-munasibetlerinden-niye-narazidir\/#primaryimage"},"image":{"@id":"https:\/\/www.meydan.tv\/az\/article\/iran-islamcilari-bakinin-vasinqton-ve-tel-evivle-muttefiqlik-munasibetlerinden-niye-narazidir\/#primaryimage"},"thumbnailUrl":"https:\/\/www.meydan.tv\/wp-content\/uploads\/091500021719.jpg","datePublished":"2019-09-16T12:43:36+00:00","breadcrumb":{"@id":"https:\/\/www.meydan.tv\/az\/article\/iran-islamcilari-bakinin-vasinqton-ve-tel-evivle-muttefiqlik-munasibetlerinden-niye-narazidir\/#breadcrumb"},"inLanguage":"az","potentialAction":[{"@type":"ReadAction","target":["https:\/\/www.meydan.tv\/az\/article\/iran-islamcilari-bakinin-vasinqton-ve-tel-evivle-muttefiqlik-munasibetlerinden-niye-narazidir\/"]}]},{"@type":"ImageObject","inLanguage":"az","@id":"https:\/\/www.meydan.tv\/az\/article\/iran-islamcilari-bakinin-vasinqton-ve-tel-evivle-muttefiqlik-munasibetlerinden-niye-narazidir\/#primaryimage","url":"https:\/\/www.meydan.tv\/wp-content\/uploads\/091500021719.jpg","contentUrl":"https:\/\/www.meydan.tv\/wp-content\/uploads\/091500021719.jpg","width":853,"height":480,"caption":"Source: Foto: Turan \u0130A"},{"@type":"BreadcrumbList","@id":"https:\/\/www.meydan.tv\/az\/article\/iran-islamcilari-bakinin-vasinqton-ve-tel-evivle-muttefiqlik-munasibetlerinden-niye-narazidir\/#breadcrumb","itemListElement":[{"@type":"ListItem","position":1,"name":"Ana s\u0259hif\u0259","item":"https:\/\/www.meydan.tv\/az\/"},{"@type":"ListItem","position":2,"name":"Analitika","item":"https:\/\/www.meydan.tv\/az\/section\/analitika\/"},{"@type":"ListItem","position":3,"name":"\u0130ran islam\u00e7\u0131lar\u0131 Bak\u0131n\u0131n Va\u015finqton v\u0259 Tel-\u018fvivl\u0259 m\u00fctt\u0259fiqlik m\u00fcnasib\u0259tl\u0259rind\u0259n niy\u0259 naraz\u0131d\u0131r?"}]},{"@type":"WebSite","@id":"https:\/\/www.meydan.tv\/az\/#website","url":"https:\/\/www.meydan.tv\/az\/","name":"MEYDAN.TV","description":"Meydan TV Az\u0259rbaycan\u0131n media m\u0259kan\u0131ndak\u0131 alternativ s\u0259sidir","publisher":{"@id":"https:\/\/www.meydan.tv\/az\/#organization"},"potentialAction":[{"@type":"SearchAction","target":{"@type":"EntryPoint","urlTemplate":"https:\/\/www.meydan.tv\/az\/?s={search_term_string}"},"query-input":{"@type":"PropertyValueSpecification","valueRequired":true,"valueName":"search_term_string"}}],"inLanguage":"az"},{"@type":"Organization","@id":"https:\/\/www.meydan.tv\/az\/#organization","name":"Meydan TV","url":"https:\/\/www.meydan.tv\/az\/","logo":{"@type":"ImageObject","inLanguage":"az","@id":"https:\/\/www.meydan.tv\/az\/#\/schema\/logo\/image\/","url":"https:\/\/www.meydan.tv\/wp-content\/uploads\/2021\/07\/meydan-logo.svg","contentUrl":"https:\/\/www.meydan.tv\/wp-content\/uploads\/2021\/07\/meydan-logo.svg","width":195,"height":46,"caption":"Meydan TV"},"image":{"@id":"https:\/\/www.meydan.tv\/az\/#\/schema\/logo\/image\/"}},{"@type":"Person","@id":"https:\/\/www.meydan.tv\/az\/#\/schema\/person\/10d11eccf6da3662cf5fdab9806ea91a","name":"user-manager"}]}},"_links":{"self":[{"href":"https:\/\/www.meydan.tv\/az\/wp-json\/wp\/v2\/posts\/196984","targetHints":{"allow":["GET"]}}],"collection":[{"href":"https:\/\/www.meydan.tv\/az\/wp-json\/wp\/v2\/posts"}],"about":[{"href":"https:\/\/www.meydan.tv\/az\/wp-json\/wp\/v2\/types\/post"}],"author":[{"embeddable":true,"href":"https:\/\/www.meydan.tv\/az\/wp-json\/wp\/v2\/users\/11"}],"replies":[{"embeddable":true,"href":"https:\/\/www.meydan.tv\/az\/wp-json\/wp\/v2\/comments?post=196984"}],"version-history":[{"count":0,"href":"https:\/\/www.meydan.tv\/az\/wp-json\/wp\/v2\/posts\/196984\/revisions"}],"wp:featuredmedia":[{"embeddable":true,"href":"https:\/\/www.meydan.tv\/az\/wp-json\/wp\/v2\/media\/129628"}],"wp:attachment":[{"href":"https:\/\/www.meydan.tv\/az\/wp-json\/wp\/v2\/media?parent=196984"}],"wp:term":[{"taxonomy":"category","embeddable":true,"href":"https:\/\/www.meydan.tv\/az\/wp-json\/wp\/v2\/categories?post=196984"},{"taxonomy":"post_tag","embeddable":true,"href":"https:\/\/www.meydan.tv\/az\/wp-json\/wp\/v2\/tags?post=196984"}],"curies":[{"name":"wp","href":"https:\/\/api.w.org\/{rel}","templated":true}]}}