{"id":196977,"date":"2019-09-15T06:53:55","date_gmt":"2019-09-15T06:53:55","guid":{"rendered":"https:\/\/www.meydan.tv\/article\/ennagi-hacibeyli-huquqlarin-ekseriyyeti-deklarasiya-xarakteri-dasiyir\/"},"modified":"2019-09-15T06:53:55","modified_gmt":"2019-09-15T06:53:55","slug":"ennagi-hacibeyli-huquqlarin-ekseriyyeti-deklarasiya-xarakteri-dasiyir","status":"publish","type":"post","link":"https:\/\/www.meydan.tv\/az\/article\/ennagi-hacibeyli-huquqlarin-ekseriyyeti-deklarasiya-xarakteri-dasiyir\/","title":{"rendered":"\u018fnna\u011f\u0131 Hac\u0131b\u0259yli: H\u00fcquqlar\u0131n \u0259ks\u0259riyy\u0259ti deklarasiya xarakteri da\u015f\u0131y\u0131r"},"content":{"rendered":"<p>\n  <i><br \/>\n    15 sentyabr d\u00fcnyada Beyn\u0259lxalq Demokratiya G\u00fcn\u00fcd\u00fcr<br \/>\n  <\/i>\n<\/p>\n<p>\n  15 sentyabr d\u00fcnyada Beyn\u0259lxalq Demokratiya G\u00fcn\u00fc kimi qeyd edilir. Demokratiyan\u0131n \u0259sas elementl\u0259rind\u0259n biri insan v\u0259 v\u0259t\u0259nda\u015f h\u00fcquq v\u0259 azadl\u0131qlar\u0131 b\u0259\u015f\u0259riyy\u0259tin tarix boyu d\u00fc\u015f\u00fcnd\u00fcr\u0259n v\u0259 m\u00fcbariz\u0259 apard\u0131\u011f\u0131 prinsipl\u0259rdir. H\u0259l\u0259 eram\u0131zdan \u0259vv\u0259l Afina v\u0259 Romada insan h\u00fcquqlar\u0131 ideya \u015f\u0259klind\u0259 meydana g\u0259ls\u0259 d\u0259, s\u0259n\u0259d \u015f\u0259klind\u0259 1215-ci ild\u0259 \u0130ngilt\u0259r\u0259d\u0259 \u201cB\u00f6y\u00fck Azadl\u0131qlar Xartiyas\u0131\u201d ad\u0131 il\u0259 q\u0259bul olunub v\u0259 n\u0259tic\u0259d\u0259 kral hakimiyy\u0259tini feodallar\u0131n xeyrin\u0259 m\u0259hdudla\u015fd\u0131r\u0131b. XVIII \u0259srin sonunda AB\u015e \u0130stiqlaliyy\u0259t B\u0259yannam\u0259si v\u0259 Fransada insan v\u0259 v\u0259t\u0259nda\u015f h\u00fcquqlar\u0131n\u0131n b\u0259yannam\u0259si b\u0259\u015f\u0259riyy\u0259t \u00fc\u00e7\u00fcn yeni m\u0259rh\u0259l\u0259 a\u00e7d\u0131. 1948-ci il aprelin 10-da BMT Ba\u015f Assambleyas\u0131 \u0130nsan H\u00fcquqlar\u0131 B\u0259yannam\u0259sini q\u0259bul edib. \u0130ki il sonra \u0130nsan H\u00fcquqlar\u0131n\u0131n v\u0259 \u018fsas Azadl\u0131qlar\u0131n M\u00fcdafi\u0259si Haqq\u0131nda Avropa Konvensiyas\u0131 q\u0259bul olunub.\n<\/p>\n<p>\n  BMT Ba\u015f M\u0259clisi t\u0259r\u0259find\u0259n 2007-ci ild\u0259 t\u0259sis edilmi\u015f Beyn\u0259lxalq Demokratiya G\u00fcn\u00fc h\u0259r il sentyabr\u0131n 15-d\u0259 qeyd olunur. H\u0259min g\u00fcn yeni v\u0259 b\u0259rpa edilmi\u015f demokratiyalar\u0131n I Beyn\u0259lxalq konfrans\u0131nda BMT t\u0259r\u0259find\u0259n d\u00f6vl\u0259tl\u0259r\u0259, habel\u0259 regional, h\u00f6kum\u0259tl\u0259raras\u0131 t\u0259\u015fkilatlara v\u0259 qeyri-h\u00f6kum\u0259t qurumlar\u0131na yeni bayram\u0131 d\u00fcnyada demokratiyan\u0131n v\u0259ziyy\u0259tin\u0259 diqq\u0259t yetirm\u0259k imkan\u0131 kimi q\u0259bul etm\u0259yi t\u0259klif olunub.\n<\/p>\n<p>\n  1918-ci ild\u0259 q\u0259bul edilmi\u015f Az\u0259rbaycan\u0131n \u0130stiqlaliyy\u0259t B\u0259yannam\u0259sinin d\u00f6rd\u00fcnc\u00fc v\u0259 be\u015finci b\u0259ndl\u0259rind\u0259 qeyd olunub ki, Az\u04d9rbaycan Xalq C\u00fcmhuriyy\u04d9ti milliyy\u04d9tind\u04d9n, m\u04d9zh\u04d9bind\u04d9n, sinfind\u04d9n, silkind\u04d9n v\u04d9 cinsind\u04d9n as\u0131l\u0131 olmayaraq \u00f6z s\u04d9rh\u04d9dl\u04d9ri daxilind\u04d9 ya\u015fayan b\u00fct\u00fcn v\u04d9t\u04d9nda\u015flar\u0131na siyasi h\u00fcquqlar v\u04d9 v\u04d9t\u04d9nda\u015fl\u0131q h\u00fcququ t\u04d9min edir. Az\u04d9rbaycan Xalq C\u00fcmhuriyy\u04d9ti \u00f6z \u04d9razisi daxilind\u04d9 ya\u015fayan b\u00fct\u00fcn mill\u04d9tl\u04d9rin s\u04d9rb\u04d9st inki\u015faf\u0131 \u00fc\u00e7\u00fcn geni\u015f imkanlar yarad\u0131r.\n<\/p>\n<p>\n  M\u00fcst\u0259qilliyimizin b\u0259rpas\u0131ndan sonra 1995-ci ild\u0259 q\u0259bul edil\u0259n Konstitusiyan\u0131n III f\u0259sli \u018fsas \u0130nsan v\u0259 V\u0259t\u0259nda\u015f H\u00fcquqlar\u0131 v\u0259 Azadl\u0131qlar\u0131 adlan\u0131r. 47 madd\u0259d\u0259n ibar\u0259t f\u0259sil b\u0259rab\u0259rlik, ya\u015famaq, azadl\u0131q, m\u00fclkiyy\u0259t toxunulmazl\u0131\u011f\u0131n\u0131, \u0259qli m\u00fclkiyy\u0259t v\u0259 dig\u0259r h\u00fcquqlar\u0131 \u00f6z\u00fcnd\u0259 ehtiva edir.\n<\/p>\n<p>\n  Bu bax\u0131mdan ger\u00e7\u0259kd\u0259 insan v\u0259 v\u0259t\u0259nda\u015f h\u00fcquqlar\u0131 v\u0259 azadl\u0131qlar\u0131 hans\u0131 durumdad\u0131r sual\u0131 aktuall\u0131q k\u0259sb edir.\n<\/p>\n<figure class=\"wp-block-image size-large\">\n  <img decoding=\"async\" src=\"https:\/\/www.meydan.tv\/az\/1602-jpg\/\" alt=\"1602.jpg\" class=\"wp-image-129601\"\/><figcaption>\n    BMT Ba\u015f M\u0259clisi<br \/>\n  <\/figcaption><\/figure>\n<p>\n  <i><br \/>\n    \u201cGer\u00e7\u0259k v\u0259ziyy\u0259t Konstitusiyada g\u00f6st\u0259ril\u0259n azadl\u0131qlarla daban dabana ziddir\u201d<br \/>\n  <\/i>\n<\/p>\n<p>\n  H\u00fcquq\u015f\u00fcnas \u018fnna\u011f\u0131 Hac\u0131b\u0259yli hesab edir ki, \u00f6lk\u0259d\u0259 v\u0259t\u0259nda\u015f h\u00fcquq v\u0259 azadl\u0131qlar\u0131n\u0131n durumu haqda n\u0259inki m\u0259ruz\u0259, kitab da yazmaq olar. Onun fikrinc\u0259, Az\u0259rbaycanda Konstitusiyada g\u00f6st\u0259ril\u0259n v\u0259t\u0259nda\u015f h\u00fcquq v\u0259 azadl\u0131qlar\u0131 t\u0259min olunmad\u0131\u011f\u0131ndan v\u0259t\u0259nda\u015f h\u00fcquq v\u0259 azadl\u0131qlar\u0131n\u0131n ger\u00e7\u0259k v\u0259ziyy\u0259ti Konstitusiyada, qanunlarda v\u0259 q\u0259bul edil\u0259n Avropa Konvensiyas\u0131 il\u0259 daban-dabana ziddir. Onun s\u00f6zl\u0259rin\u0259 g\u00f6r\u0259, bu, ist\u0259r qanunvericilik kontekstind\u0259, ist\u0259rs\u0259 d\u0259 qanunvericiliyin praktik t\u0259tbiqi t\u0259cr\u00fcb\u0259sind\u0259 \u00f6z\u00fcn\u00fc g\u00f6st\u0259rir.\n<\/p>\n<p>\n  Konkret faktlara g\u0259dikd\u0259, \u018fnna\u011f\u0131 Hac\u0131b\u0259yli bildirib ki, \u201cS\u0259rb\u0259st topla\u015fmaq azadl\u0131\u011f\u0131\u201d, \u0259dal\u0259tli m\u0259hk\u0259m\u0259 ara\u015fd\u0131rmas\u0131, d\u00f6vl\u0259tin idar\u0259\u00e7iliyind\u0259 b\u0259rab\u0259r i\u015ftirak h\u00fcquqlar\u0131n\u0131n \u0259ks\u0259riyy\u0259ti praktikada pozulub, sad\u0259c\u0259, deklarasiya xarakteri da\u015f\u0131y\u0131r.\n<\/p>\n<p>\n  \u201cO c\u00fcml\u0259d\u0259n, v\u0259t\u0259nda\u015flar\u0131n \u0259m\u0259k, pensiya h\u00fcquqlar\u0131, fikir, s\u00f6z azadl\u0131qlar\u0131 son ill\u0259r qanunvericilik kontekstind\u0259 ancaq m\u0259hbudla\u015fma istiqam\u0259tind\u0259 gedir. M\u0259hk\u0259m\u0259 v\u0259 d\u00f6vl\u0259t orqanlar\u0131n\u0131n t\u0259cr\u00fcb\u0259sind\u0259 d\u0259 bu qanunlara \u0259m\u0259l edilm\u0259si \u00e7ox a\u015fa\u011f\u0131 s\u0259viyy\u0259d\u0259dir\u201d.\n<\/p>\n<p>\n  <i><br \/>\n    \u201cSon ill\u0259r media azadl\u0131\u011f\u0131 sah\u0259sind\u0259 qanunvericiliy\u0259 d\u0259yi\u015fiklikl\u0259r yaln\u0131z m\u0259hdudla\u015fd\u0131r\u0131c\u0131 olub\u201d<br \/>\n  <\/i>\n<\/p>\n<p>\n  \u018fnna\u011f\u0131 Hac\u0131b\u0259yli qeyd edib ki, son ill\u0259r media azadl\u0131\u011f\u0131 qanunvericiliyin\u0259 yaln\u0131z m\u0259hdudla\u015fd\u0131rma istiqam\u0259tind\u0259 d\u0259yi\u015fiklikl\u0259r edilib.\n<\/p>\n<p>\n  \u201cS\u0259rb\u0259st topla\u015fmaq azadl\u0131\u011f\u0131\u201dn\u0131n t\u0259min olunmas\u0131 art\u0131q formal h\u00fcquqa \u00e7evrilib, y\u0259ni x\u0259yali. \u018fks\u0259r hallarda mitinql\u0259rin, piketl\u0259rin ke\u00e7irilm\u0259si bar\u0259d\u0259 m\u00fcraci\u0259tl\u0259r\u0259 qanunsuz olaraq r\u0259dd cavab\u0131 verilir. \u018fvv\u0259ll\u0259r he\u00e7 olmasa m\u0259hk\u0259m\u0259l\u0259r\u0259 m\u00fcraci\u0259t vard\u0131. \u0130ndi m\u0259hk\u0259m\u0259l\u0259rd\u0259 qanun-qaydalar\u0131n olmamas\u0131 s\u0259b\u0259bind\u0259n mitinq t\u0259\u015fkilat\u00e7\u0131lar\u0131 \u0259ks\u0259r vaxtlarda m\u0259hk\u0259m\u0259l\u0259r\u0259 \u015fikay\u0259t etmirl\u0259r. G\u0259nc\u0259 hadis\u0259l\u0259ri, siyasi f\u0259allar\u0131n h\u0259bsi il\u0259 ba\u011fl\u0131 i\u015fl\u0259r s\u00fcbut edir ki, \u00f6lk\u0259d\u0259 insan h\u00fcquq v\u0259 azadl\u0131qlar\u0131n\u0131n t\u0259min edilm\u0259si ger\u00e7\u0259k h\u00fcquq olmad\u0131\u011f\u0131na g\u00f6r\u0259 v\u0259t\u0259nda\u015flar\u0131n h\u00fcquqlar\u0131 k\u00fctl\u0259vi \u015f\u0259kild\u0259 pozulur\u201d.\n<\/p>\n<figure class=\"wp-block-image size-large\">\n  <img decoding=\"async\" src=\"https:\/\/www.meydan.tv\/az\/ennagi-hacibeyli-2\/\" alt=\"\u018fnna\u011f\u0131 Hac\u0131b\u0259yli\" class=\"wp-image-111641\"\/><figcaption>\n    \u018fnna\u011f\u0131 Hac\u0131b\u0259yli<br \/>\n  <\/figcaption><\/figure>\n<p>\n  H\u00fcquq\u015f\u00fcnas gedi\u015fat\u0131n n\u0259tic\u0259sin\u0259 toxunaraq deyib ki, ad\u0259t\u0259n bel\u0259 hallar c\u0259miyy\u0259td\u0259 g\u0259rginliyin s\u0259viyy\u0259sini qald\u0131r\u0131r ki, bu da q\u0259tiyy\u0259n arzu edil\u0259n hal deyil.\n<\/p>\n<p>\n  \u201cM\u0259s\u0259l\u0259n, insanlara azad se\u00e7ki h\u00fcququ tan\u0131nm\u0131rsa, onun h\u0259yata ke\u00e7irilm\u0259sind\u0259 \u0259ng\u0259ll\u0259r t\u00f6r\u0259dilirs\u0259, son n\u0259tic\u0259d\u0259 hakimiyy\u0259tin qanuni, se\u00e7ki yolla d\u0259yi\u015film\u0259si m\u00fcmk\u00fcn olmur. N\u0259tic\u0259d\u0259 kataklizml\u0259r ba\u015f verir v\u0259 artan g\u0259rginlik h\u0259mi\u015f\u0259 d\u00f6vl\u0259t, hakimiyy\u0259t v\u0259 xalq \u00fc\u00e7\u00fcn arzu olunmaz hadis\u0259l\u0259r\u0259 g\u0259tirir. Ona g\u00f6r\u0259 d\u0259 \u00f6lk\u0259nin g\u0259l\u0259c\u0259k axar\u0131 t\u0259l\u0259b edir ki, v\u0259t\u0259nda\u015f h\u00fcquq v\u0259 azadl\u0131qlar\u0131 t\u0259min olunsun\u201d.\n<\/p>\n<p>\n  <i><br \/>\n    \u201cB\u0259zi hallarda ayr\u0131-ayr\u0131 m\u0259murlar insan h\u00fcquq v\u0259 azadl\u0131qlar\u0131n\u0131 pozur\u201d<br \/>\n  <\/i>\n<\/p>\n<p>\n  \u201cKonstitusiya Ara\u015fd\u0131rmalar\u0131 Fondu\u201dnun prezidenti \u018flim\u0259mm\u0259d Nuriyev xat\u0131rlad\u0131b ki, Ana Yasada v\u0259t\u0259nda\u015f h\u00fcquq v\u0259 azadl\u0131qlar\u0131n qorunmas\u0131, l\u0259yaq\u0259tli h\u0259yat s\u0259viyy\u0259sinin t\u0259min olunmas\u0131 d\u00f6vl\u0259tin ali m\u0259qs\u0259di hesab edilib. O vur\u011fulay\u0131b ki, h\u0259tta Konstitusiyaya g\u00f6r\u0259 insan h\u00fcquq v\u0259 azadl\u0131qlar\u0131n\u0131n m\u0259hdudla\u015fd\u0131r\u0131lmas\u0131n\u0131n geri \u00e7\u0259kilm\u0259si yaln\u0131z f\u00f6vq\u0259lad\u0259 hallarda m\u00fcmk\u00fcnd\u00fcr v\u0259 beyn\u0259lxalq konvensiyada n\u0259z\u0259rd\u0259 tutulan qaydada.\n<\/p>\n<p>\n  \u201cAna Yasada \u00e7oxsayl\u0131 h\u00fcquq v\u0259 azadl\u0131qlar t\u0259sbit olunub. Eyni zamanda, ayr\u0131-ayr\u0131 h\u00fcquqlarla ba\u011fl\u0131 bunu t\u0259nziml\u0259y\u0259n mexanizml\u0259ri h\u0259yata ke\u00e7ir\u0259n qanun olmasa bel\u0259 Konstitusiyaya istinad etm\u0259kl\u0259 t\u0259tbiq etm\u0259k m\u00fcmk\u00fcnd\u00fcr. H\u0259m d\u0259 Az\u0259rbaycanda beyn\u0259lxalq konvensiyalar \u00fcst\u00fcn h\u00fcquqa malikdir, insan h\u00fcquq v\u0259 azadl\u0131qlar\u0131 konvensiyalar\u0131 is\u0259 Ana Yasa il\u0259 ziddiyy\u0259t t\u0259\u015fkil ed\u0259rs\u0259, beyn\u0259lxalq prinsipl\u0259r t\u0259tbiq olunmal\u0131d\u0131r\u201d.\n<\/p>\n<p>\n  Onun s\u00f6zl\u0259rin\u0259 g\u00f6r\u0259, ba\u015fqa bir m\u0259s\u0259l\u0259 m\u00fc\u0259yy\u0259n t\u0259sisatlar\u0131n yarad\u0131lmas\u0131d\u0131r, \u0130nsan H\u00fcquqlar\u0131 \u00fczr\u0259 Ombudsman v\u0259 dig\u0259r qoruma mexanizml\u0259ri var, h\u0259m d\u0259 \u00f6lk\u0259 Avropa \u0130nsan H\u00fcquqlar\u0131 Konvensiyas\u0131na qo\u015fulub, Avropa M\u0259hk\u0259m\u0259sinin yurisdiksiyas\u0131ndad\u0131r.\n<\/p>\n<p>\n  Real v\u0259ziyy\u0259t\u0259 g\u0259ldikd\u0259, \u018flim\u0259mm\u0259d Nuriyev deyib ki, b\u0259zi hallarda ayr\u0131-ayr\u0131 m\u0259murlar insan h\u00fcquq v\u0259 azadl\u0131qlar\u0131n\u0131 pozur.\n<\/p>\n<p>\n  \u201cBuna g\u00f6r\u0259 m\u0259suliyy\u0259t\u0259 c\u0259lb edilm\u0259 hallar\u0131 da olub, amma b\u00fct\u00f6vl\u00fckd\u0259 bu proses sabitdir. \u0130st\u0259nil\u0259n h\u00fcququn m\u00f6vcud olmas\u0131 h\u0259r \u015feyd\u0259n \u0259vv\u0259l h\u00fcququn qorunmas\u0131n\u0131n vacibliyini \u015f\u0259rtl\u0259ndirir. Amma bu o dem\u0259k deyil ki, h\u00fcquqlar v\u0259 azadl\u0131qlar\u0131n \u00e7ox y\u00fcks\u0259k s\u0259viyy\u0259d\u0259 qorunmas\u0131 prosesi ba\u015flay\u0131b. H\u0259r bir \u00f6lk\u0259d\u0259 bu probleml\u0259r m\u00f6vcuddur, Az\u0259rbaycanda da insan h\u00fcquq v\u0259 azadl\u0131qlar\u0131n pozulmas\u0131 faktlar\u0131 var. Ombudsman ild\u0259 bir ne\u00e7\u0259 d\u0259f\u0259 Milli M\u0259clisd\u0259 v\u0259 ba\u015fqa t\u0259dbirl\u0259rd\u0259 bunlarla ba\u011fl\u0131 dan\u0131\u015f\u0131r. H\u0259m d\u0259 \u00f6lk\u0259d\u0259 insan h\u00fcquq v\u0259 azadl\u0131qlar\u0131 il\u0259 ba\u011fl\u0131 d\u00f6vl\u0259t proqram\u0131 q\u0259bul olunub. S\u0259b\u0259b d\u0259 bu sah\u0259d\u0259 olan probleml\u0259rin h\u0259lli y\u00f6n\u00fcnd\u0259 t\u0259dbirl\u0259rin h\u0259yata ke\u00e7irilm\u0259sidir. Ancaq bu proses davaml\u0131 olmal\u0131d\u0131r, v\u0259t\u0259nda\u015f h\u00fcquq v\u0259 azadl\u0131qlar\u0131n\u0131n qorunmas\u0131 d\u00f6vl\u0259tin \u0259n b\u00f6y\u00fck \u00f6hd\u0259liyidir. Bu \u00f6hd\u0259liyin t\u0259kmill\u0259\u015fm\u0259si istiqam\u0259tind\u0259 add\u0131mlar at\u0131lmal\u0131d\u0131r. Yaln\u0131z v\u0259zif\u0259li \u015f\u0259xsl\u0259rin yox, ayr\u0131-ayr\u0131 \u015f\u0259xsl\u0259rin d\u0259 bu m\u0259s\u0259l\u0259d\u0259 m\u0259suliyy\u0259tl\u0259ri vard\u0131r\u201d.\n<\/p>\n<figure class=\"wp-block-image size-large\">\n  <img decoding=\"async\" src=\"https:\/\/www.meydan.tv\/az\/elimemmed-nuriyev-4\/\" alt=\"\u018flim\u0259mm\u0259d Nuriyev\" class=\"wp-image-62125\"\/><figcaption>\n    \u018flim\u0259mm\u0259d Nuriyev<br \/>\n  <\/figcaption><\/figure>\n<p>\n  \u018flim\u0259mm\u0259d Nuriyev \u018fnna\u011f\u0131 Hac\u0131b\u0259ylinin \u201cAz\u0259rbaycanda v\u0259t\u0259nda\u015f h\u00fcquq v\u0259 azadl\u0131qlar\u0131n\u0131n ger\u00e7\u0259k v\u0259ziyy\u0259ti konstitusiyada, qanunlarda v\u0259 q\u0259bul edil\u0259n Avropa Konvensiyas\u0131 il\u0259 daban-dabana ziddir\u201d a\u00e7\u0131qlamas\u0131n\u0131 b\u00f6l\u00fc\u015fm\u00fcr:\n<\/p>\n<p>\n  \u201cM\u00fcst\u0259qil ekspertl\u0259r bunu qeyd ed\u0259 bilm\u0259z, yaln\u0131z m\u00fcxalif d\u00fc\u015f\u00fcnc\u0259li \u015f\u0259xsl\u0259r bel\u0259 dey\u0259 bil\u0259r. \u018fg\u0259r el\u0259dirs\u0259, g\u0259r\u0259k bu s\u00f6z\u00fc s\u00f6yl\u0259y\u0259n andan probleml\u0259r yarans\u0131n ki, bu da absurddur. B\u0259li, insan h\u00fcquq v\u0259 azadl\u0131qlar\u0131n pozulmas\u0131 bar\u0259d\u0259 ayr\u0131-ayr\u0131 faktlar var, b\u0259zi hallarda bu kobud \u015f\u0259kild\u0259 d\u0259 olur. Amma d\u0259rhal reaksiyalar da g\u00f6r\u00fcnm\u0259kd\u0259dir. Mexanizml\u0259r var ki, bel\u0259 situasiyalar\u0131 aradan qald\u0131r\u0131r. Ona g\u00f6r\u0259 dedim ki, bu m\u00fcdafi\u0259 \u00fcsullar\u0131 daha da t\u0259kmill\u0259\u015fdirilm\u0259lidir\u201d.\n<\/p>\n<p>\n  O, d\u00fc\u015f\u00fcn\u00fcr ki, \u0259g\u0259r \u201cS\u0259rb\u0259st topla\u015fmaq azadl\u0131\u011f\u0131\u201d m\u0259hdudla\u015fd\u0131r\u0131l\u0131rsa, Avropa \u0130nsan H\u00fcquqlar\u0131 M\u0259hk\u0259m\u0259sin\u0259 m\u00fcraci\u0259t edilm\u0259si imkan\u0131 da var:\n<\/p>\n<p>\n  \u201c\u00c7\u00fcnki bu, Avropa Konvensiyas\u0131 il\u0259 qorunan h\u00fcquqdur. Amma \u00e7ox hallarda bu h\u00fcququn pozuntusunu g\u00f6rs\u0259l\u0259r d\u0259, yaln\u0131z dan\u0131\u015f\u0131rlar, h\u0259r\u0259k\u0259tl\u0259ri g\u00f6r\u00fcnm\u00fcr. Hans\u0131 partiyan\u0131n s\u0259rb\u0259st topla\u015fmaq azadl\u0131\u011f\u0131 il\u0259 ba\u011fl\u0131 Avropa M\u0259hk\u0259m\u0259sin\u0259 m\u00fcraci\u0259ti t\u0259min edilm\u0259yib? Bel\u0259 bir insident yoxdur. Ona g\u00f6r\u0259 d\u0259 bu bar\u0259d\u0259 dan\u0131\u015fanlar, pozuntunu qeyd\u0259 al\u0131b, m\u00fcvafiq m\u00fcraci\u0259tl\u0259r ed\u0259 bil\u0259rl\u0259r. \u018flb\u0259tt\u0259, \u201cS\u0259rb\u0259st topla\u015fmaq azadl\u0131\u011f\u0131\u201d fundamental h\u00fcquq oldu\u011fundan t\u0259min edilm\u0259lidir\u201d.<\/p>\n","protected":false},"excerpt":{"rendered":"<p>B\u0259li, insan h\u00fcquq v\u0259 azadl\u0131qlar\u0131n pozulmas\u0131 bar\u0259d\u0259 ayr\u0131-ayr\u0131 faktlar var, b\u0259zi hallarda bu kobud \u015f\u0259kild\u0259 d\u0259 olur.<\/p>\n","protected":false},"author":11,"featured_media":110984,"comment_status":"closed","ping_status":"open","sticky":false,"template":"","format":"standard","meta":{"_acf_changed":false,"_sitemap_exclude":false,"_sitemap_priority":"","_sitemap_frequency":"","footnotes":""},"categories":[59],"tags":[],"class_list":["post-196977","post","type-post","status-publish","format-standard","has-post-thumbnail","hentry","category-siyaset","infinite-scroll-item","generate-columns","tablet-grid-50","mobile-grid-100","grid-parent","grid-33","no-featured-image-padding"],"acf":[],"yoast_head":"<!-- This site is optimized with the Yoast SEO plugin v27.5 - https:\/\/yoast.com\/product\/yoast-seo-wordpress\/ -->\n<title>\u018fnna\u011f\u0131 Hac\u0131b\u0259yli: H\u00fcquqlar\u0131n \u0259ks\u0259riyy\u0259ti deklarasiya xarakteri da\u015f\u0131y\u0131r - MEYDAN.TV<\/title>\n<meta name=\"robots\" content=\"index, follow, max-snippet:-1, max-image-preview:large, max-video-preview:-1\" \/>\n<link rel=\"canonical\" href=\"https:\/\/www.meydan.tv\/az\/article\/ennagi-hacibeyli-huquqlarin-ekseriyyeti-deklarasiya-xarakteri-dasiyir\/\" \/>\n<meta property=\"og:locale\" content=\"az_AZ\" \/>\n<meta property=\"og:type\" content=\"article\" \/>\n<meta property=\"og:title\" content=\"\u018fnna\u011f\u0131 Hac\u0131b\u0259yli: H\u00fcquqlar\u0131n \u0259ks\u0259riyy\u0259ti deklarasiya xarakteri da\u015f\u0131y\u0131r - MEYDAN.TV\" \/>\n<meta property=\"og:description\" content=\"B\u0259li, insan h\u00fcquq v\u0259 azadl\u0131qlar\u0131n pozulmas\u0131 bar\u0259d\u0259 ayr\u0131-ayr\u0131 faktlar var, b\u0259zi hallarda bu kobud \u015f\u0259kild\u0259 d\u0259 olur.\" \/>\n<meta property=\"og:url\" content=\"https:\/\/www.meydan.tv\/az\/article\/ennagi-hacibeyli-huquqlarin-ekseriyyeti-deklarasiya-xarakteri-dasiyir\/\" \/>\n<meta property=\"og:site_name\" content=\"MEYDAN.TV\" \/>\n<meta property=\"article:published_time\" content=\"2019-09-15T06:53:55+00:00\" \/>\n<meta property=\"og:image\" content=\"https:\/\/www.meydan.tv\/wp-content\/uploads\/44164.jpg\" \/>\n\t<meta property=\"og:image:width\" content=\"1280\" \/>\n\t<meta property=\"og:image:height\" content=\"720\" \/>\n\t<meta property=\"og:image:type\" content=\"image\/jpeg\" \/>\n<meta name=\"author\" content=\"user-manager\" \/>\n<meta name=\"twitter:card\" content=\"summary_large_image\" \/>\n<script type=\"application\/ld+json\" class=\"yoast-schema-graph\">{\"@context\":\"https:\\\/\\\/schema.org\",\"@graph\":[{\"@type\":\"Article\",\"@id\":\"https:\\\/\\\/www.meydan.tv\\\/az\\\/article\\\/ennagi-hacibeyli-huquqlarin-ekseriyyeti-deklarasiya-xarakteri-dasiyir\\\/#article\",\"isPartOf\":{\"@id\":\"https:\\\/\\\/www.meydan.tv\\\/az\\\/article\\\/ennagi-hacibeyli-huquqlarin-ekseriyyeti-deklarasiya-xarakteri-dasiyir\\\/\"},\"author\":{\"name\":\"user-manager\",\"@id\":\"https:\\\/\\\/www.meydan.tv\\\/az\\\/#\\\/schema\\\/person\\\/10d11eccf6da3662cf5fdab9806ea91a\"},\"headline\":\"\u018fnna\u011f\u0131 Hac\u0131b\u0259yli: H\u00fcquqlar\u0131n \u0259ks\u0259riyy\u0259ti deklarasiya xarakteri da\u015f\u0131y\u0131r\",\"datePublished\":\"2019-09-15T06:53:55+00:00\",\"mainEntityOfPage\":{\"@id\":\"https:\\\/\\\/www.meydan.tv\\\/az\\\/article\\\/ennagi-hacibeyli-huquqlarin-ekseriyyeti-deklarasiya-xarakteri-dasiyir\\\/\"},\"wordCount\":1820,\"publisher\":{\"@id\":\"https:\\\/\\\/www.meydan.tv\\\/az\\\/#organization\"},\"image\":{\"@id\":\"https:\\\/\\\/www.meydan.tv\\\/az\\\/article\\\/ennagi-hacibeyli-huquqlarin-ekseriyyeti-deklarasiya-xarakteri-dasiyir\\\/#primaryimage\"},\"thumbnailUrl\":\"https:\\\/\\\/www.meydan.tv\\\/wp-content\\\/uploads\\\/44164.jpg\",\"articleSection\":[\"Siyas\u0259t\"],\"inLanguage\":\"az\"},{\"@type\":\"WebPage\",\"@id\":\"https:\\\/\\\/www.meydan.tv\\\/az\\\/article\\\/ennagi-hacibeyli-huquqlarin-ekseriyyeti-deklarasiya-xarakteri-dasiyir\\\/\",\"url\":\"https:\\\/\\\/www.meydan.tv\\\/az\\\/article\\\/ennagi-hacibeyli-huquqlarin-ekseriyyeti-deklarasiya-xarakteri-dasiyir\\\/\",\"name\":\"\u018fnna\u011f\u0131 Hac\u0131b\u0259yli: H\u00fcquqlar\u0131n \u0259ks\u0259riyy\u0259ti deklarasiya xarakteri da\u015f\u0131y\u0131r - MEYDAN.TV\",\"isPartOf\":{\"@id\":\"https:\\\/\\\/www.meydan.tv\\\/az\\\/#website\"},\"primaryImageOfPage\":{\"@id\":\"https:\\\/\\\/www.meydan.tv\\\/az\\\/article\\\/ennagi-hacibeyli-huquqlarin-ekseriyyeti-deklarasiya-xarakteri-dasiyir\\\/#primaryimage\"},\"image\":{\"@id\":\"https:\\\/\\\/www.meydan.tv\\\/az\\\/article\\\/ennagi-hacibeyli-huquqlarin-ekseriyyeti-deklarasiya-xarakteri-dasiyir\\\/#primaryimage\"},\"thumbnailUrl\":\"https:\\\/\\\/www.meydan.tv\\\/wp-content\\\/uploads\\\/44164.jpg\",\"datePublished\":\"2019-09-15T06:53:55+00:00\",\"breadcrumb\":{\"@id\":\"https:\\\/\\\/www.meydan.tv\\\/az\\\/article\\\/ennagi-hacibeyli-huquqlarin-ekseriyyeti-deklarasiya-xarakteri-dasiyir\\\/#breadcrumb\"},\"inLanguage\":\"az\",\"potentialAction\":[{\"@type\":\"ReadAction\",\"target\":[\"https:\\\/\\\/www.meydan.tv\\\/az\\\/article\\\/ennagi-hacibeyli-huquqlarin-ekseriyyeti-deklarasiya-xarakteri-dasiyir\\\/\"]}]},{\"@type\":\"ImageObject\",\"inLanguage\":\"az\",\"@id\":\"https:\\\/\\\/www.meydan.tv\\\/az\\\/article\\\/ennagi-hacibeyli-huquqlarin-ekseriyyeti-deklarasiya-xarakteri-dasiyir\\\/#primaryimage\",\"url\":\"https:\\\/\\\/www.meydan.tv\\\/wp-content\\\/uploads\\\/44164.jpg\",\"contentUrl\":\"https:\\\/\\\/www.meydan.tv\\\/wp-content\\\/uploads\\\/44164.jpg\",\"width\":1280,\"height\":720,\"caption\":\"Source:\"},{\"@type\":\"BreadcrumbList\",\"@id\":\"https:\\\/\\\/www.meydan.tv\\\/az\\\/article\\\/ennagi-hacibeyli-huquqlarin-ekseriyyeti-deklarasiya-xarakteri-dasiyir\\\/#breadcrumb\",\"itemListElement\":[{\"@type\":\"ListItem\",\"position\":1,\"name\":\"Ana s\u0259hif\u0259\",\"item\":\"https:\\\/\\\/www.meydan.tv\\\/az\\\/\"},{\"@type\":\"ListItem\",\"position\":2,\"name\":\"Siyas\u0259t\",\"item\":\"https:\\\/\\\/www.meydan.tv\\\/az\\\/section\\\/siyaset\\\/\"},{\"@type\":\"ListItem\",\"position\":3,\"name\":\"\u018fnna\u011f\u0131 Hac\u0131b\u0259yli: H\u00fcquqlar\u0131n \u0259ks\u0259riyy\u0259ti deklarasiya xarakteri da\u015f\u0131y\u0131r\"}]},{\"@type\":\"WebSite\",\"@id\":\"https:\\\/\\\/www.meydan.tv\\\/az\\\/#website\",\"url\":\"https:\\\/\\\/www.meydan.tv\\\/az\\\/\",\"name\":\"MEYDAN.TV\",\"description\":\"Meydan TV Az\u0259rbaycan\u0131n media m\u0259kan\u0131ndak\u0131 alternativ s\u0259sidir\",\"publisher\":{\"@id\":\"https:\\\/\\\/www.meydan.tv\\\/az\\\/#organization\"},\"potentialAction\":[{\"@type\":\"SearchAction\",\"target\":{\"@type\":\"EntryPoint\",\"urlTemplate\":\"https:\\\/\\\/www.meydan.tv\\\/az\\\/?s={search_term_string}\"},\"query-input\":{\"@type\":\"PropertyValueSpecification\",\"valueRequired\":true,\"valueName\":\"search_term_string\"}}],\"inLanguage\":\"az\"},{\"@type\":\"Organization\",\"@id\":\"https:\\\/\\\/www.meydan.tv\\\/az\\\/#organization\",\"name\":\"Meydan TV\",\"url\":\"https:\\\/\\\/www.meydan.tv\\\/az\\\/\",\"logo\":{\"@type\":\"ImageObject\",\"inLanguage\":\"az\",\"@id\":\"https:\\\/\\\/www.meydan.tv\\\/az\\\/#\\\/schema\\\/logo\\\/image\\\/\",\"url\":\"https:\\\/\\\/www.meydan.tv\\\/wp-content\\\/uploads\\\/2021\\\/07\\\/meydan-logo.svg\",\"contentUrl\":\"https:\\\/\\\/www.meydan.tv\\\/wp-content\\\/uploads\\\/2021\\\/07\\\/meydan-logo.svg\",\"width\":195,\"height\":46,\"caption\":\"Meydan TV\"},\"image\":{\"@id\":\"https:\\\/\\\/www.meydan.tv\\\/az\\\/#\\\/schema\\\/logo\\\/image\\\/\"}},{\"@type\":\"Person\",\"@id\":\"https:\\\/\\\/www.meydan.tv\\\/az\\\/#\\\/schema\\\/person\\\/10d11eccf6da3662cf5fdab9806ea91a\",\"name\":\"user-manager\"}]}<\/script>\n<!-- \/ Yoast SEO plugin. -->","yoast_head_json":{"title":"\u018fnna\u011f\u0131 Hac\u0131b\u0259yli: H\u00fcquqlar\u0131n \u0259ks\u0259riyy\u0259ti deklarasiya xarakteri da\u015f\u0131y\u0131r - MEYDAN.TV","robots":{"index":"index","follow":"follow","max-snippet":"max-snippet:-1","max-image-preview":"max-image-preview:large","max-video-preview":"max-video-preview:-1"},"canonical":"https:\/\/www.meydan.tv\/az\/article\/ennagi-hacibeyli-huquqlarin-ekseriyyeti-deklarasiya-xarakteri-dasiyir\/","og_locale":"az_AZ","og_type":"article","og_title":"\u018fnna\u011f\u0131 Hac\u0131b\u0259yli: H\u00fcquqlar\u0131n \u0259ks\u0259riyy\u0259ti deklarasiya xarakteri da\u015f\u0131y\u0131r - MEYDAN.TV","og_description":"B\u0259li, insan h\u00fcquq v\u0259 azadl\u0131qlar\u0131n pozulmas\u0131 bar\u0259d\u0259 ayr\u0131-ayr\u0131 faktlar var, b\u0259zi hallarda bu kobud \u015f\u0259kild\u0259 d\u0259 olur.","og_url":"https:\/\/www.meydan.tv\/az\/article\/ennagi-hacibeyli-huquqlarin-ekseriyyeti-deklarasiya-xarakteri-dasiyir\/","og_site_name":"MEYDAN.TV","article_published_time":"2019-09-15T06:53:55+00:00","og_image":[{"width":1280,"height":720,"url":"https:\/\/www.meydan.tv\/wp-content\/uploads\/44164.jpg","type":"image\/jpeg"}],"author":"user-manager","twitter_card":"summary_large_image","schema":{"@context":"https:\/\/schema.org","@graph":[{"@type":"Article","@id":"https:\/\/www.meydan.tv\/az\/article\/ennagi-hacibeyli-huquqlarin-ekseriyyeti-deklarasiya-xarakteri-dasiyir\/#article","isPartOf":{"@id":"https:\/\/www.meydan.tv\/az\/article\/ennagi-hacibeyli-huquqlarin-ekseriyyeti-deklarasiya-xarakteri-dasiyir\/"},"author":{"name":"user-manager","@id":"https:\/\/www.meydan.tv\/az\/#\/schema\/person\/10d11eccf6da3662cf5fdab9806ea91a"},"headline":"\u018fnna\u011f\u0131 Hac\u0131b\u0259yli: H\u00fcquqlar\u0131n \u0259ks\u0259riyy\u0259ti deklarasiya xarakteri da\u015f\u0131y\u0131r","datePublished":"2019-09-15T06:53:55+00:00","mainEntityOfPage":{"@id":"https:\/\/www.meydan.tv\/az\/article\/ennagi-hacibeyli-huquqlarin-ekseriyyeti-deklarasiya-xarakteri-dasiyir\/"},"wordCount":1820,"publisher":{"@id":"https:\/\/www.meydan.tv\/az\/#organization"},"image":{"@id":"https:\/\/www.meydan.tv\/az\/article\/ennagi-hacibeyli-huquqlarin-ekseriyyeti-deklarasiya-xarakteri-dasiyir\/#primaryimage"},"thumbnailUrl":"https:\/\/www.meydan.tv\/wp-content\/uploads\/44164.jpg","articleSection":["Siyas\u0259t"],"inLanguage":"az"},{"@type":"WebPage","@id":"https:\/\/www.meydan.tv\/az\/article\/ennagi-hacibeyli-huquqlarin-ekseriyyeti-deklarasiya-xarakteri-dasiyir\/","url":"https:\/\/www.meydan.tv\/az\/article\/ennagi-hacibeyli-huquqlarin-ekseriyyeti-deklarasiya-xarakteri-dasiyir\/","name":"\u018fnna\u011f\u0131 Hac\u0131b\u0259yli: H\u00fcquqlar\u0131n \u0259ks\u0259riyy\u0259ti deklarasiya xarakteri da\u015f\u0131y\u0131r - MEYDAN.TV","isPartOf":{"@id":"https:\/\/www.meydan.tv\/az\/#website"},"primaryImageOfPage":{"@id":"https:\/\/www.meydan.tv\/az\/article\/ennagi-hacibeyli-huquqlarin-ekseriyyeti-deklarasiya-xarakteri-dasiyir\/#primaryimage"},"image":{"@id":"https:\/\/www.meydan.tv\/az\/article\/ennagi-hacibeyli-huquqlarin-ekseriyyeti-deklarasiya-xarakteri-dasiyir\/#primaryimage"},"thumbnailUrl":"https:\/\/www.meydan.tv\/wp-content\/uploads\/44164.jpg","datePublished":"2019-09-15T06:53:55+00:00","breadcrumb":{"@id":"https:\/\/www.meydan.tv\/az\/article\/ennagi-hacibeyli-huquqlarin-ekseriyyeti-deklarasiya-xarakteri-dasiyir\/#breadcrumb"},"inLanguage":"az","potentialAction":[{"@type":"ReadAction","target":["https:\/\/www.meydan.tv\/az\/article\/ennagi-hacibeyli-huquqlarin-ekseriyyeti-deklarasiya-xarakteri-dasiyir\/"]}]},{"@type":"ImageObject","inLanguage":"az","@id":"https:\/\/www.meydan.tv\/az\/article\/ennagi-hacibeyli-huquqlarin-ekseriyyeti-deklarasiya-xarakteri-dasiyir\/#primaryimage","url":"https:\/\/www.meydan.tv\/wp-content\/uploads\/44164.jpg","contentUrl":"https:\/\/www.meydan.tv\/wp-content\/uploads\/44164.jpg","width":1280,"height":720,"caption":"Source:"},{"@type":"BreadcrumbList","@id":"https:\/\/www.meydan.tv\/az\/article\/ennagi-hacibeyli-huquqlarin-ekseriyyeti-deklarasiya-xarakteri-dasiyir\/#breadcrumb","itemListElement":[{"@type":"ListItem","position":1,"name":"Ana s\u0259hif\u0259","item":"https:\/\/www.meydan.tv\/az\/"},{"@type":"ListItem","position":2,"name":"Siyas\u0259t","item":"https:\/\/www.meydan.tv\/az\/section\/siyaset\/"},{"@type":"ListItem","position":3,"name":"\u018fnna\u011f\u0131 Hac\u0131b\u0259yli: H\u00fcquqlar\u0131n \u0259ks\u0259riyy\u0259ti deklarasiya xarakteri da\u015f\u0131y\u0131r"}]},{"@type":"WebSite","@id":"https:\/\/www.meydan.tv\/az\/#website","url":"https:\/\/www.meydan.tv\/az\/","name":"MEYDAN.TV","description":"Meydan TV Az\u0259rbaycan\u0131n media m\u0259kan\u0131ndak\u0131 alternativ s\u0259sidir","publisher":{"@id":"https:\/\/www.meydan.tv\/az\/#organization"},"potentialAction":[{"@type":"SearchAction","target":{"@type":"EntryPoint","urlTemplate":"https:\/\/www.meydan.tv\/az\/?s={search_term_string}"},"query-input":{"@type":"PropertyValueSpecification","valueRequired":true,"valueName":"search_term_string"}}],"inLanguage":"az"},{"@type":"Organization","@id":"https:\/\/www.meydan.tv\/az\/#organization","name":"Meydan TV","url":"https:\/\/www.meydan.tv\/az\/","logo":{"@type":"ImageObject","inLanguage":"az","@id":"https:\/\/www.meydan.tv\/az\/#\/schema\/logo\/image\/","url":"https:\/\/www.meydan.tv\/wp-content\/uploads\/2021\/07\/meydan-logo.svg","contentUrl":"https:\/\/www.meydan.tv\/wp-content\/uploads\/2021\/07\/meydan-logo.svg","width":195,"height":46,"caption":"Meydan TV"},"image":{"@id":"https:\/\/www.meydan.tv\/az\/#\/schema\/logo\/image\/"}},{"@type":"Person","@id":"https:\/\/www.meydan.tv\/az\/#\/schema\/person\/10d11eccf6da3662cf5fdab9806ea91a","name":"user-manager"}]}},"_links":{"self":[{"href":"https:\/\/www.meydan.tv\/az\/wp-json\/wp\/v2\/posts\/196977","targetHints":{"allow":["GET"]}}],"collection":[{"href":"https:\/\/www.meydan.tv\/az\/wp-json\/wp\/v2\/posts"}],"about":[{"href":"https:\/\/www.meydan.tv\/az\/wp-json\/wp\/v2\/types\/post"}],"author":[{"embeddable":true,"href":"https:\/\/www.meydan.tv\/az\/wp-json\/wp\/v2\/users\/11"}],"replies":[{"embeddable":true,"href":"https:\/\/www.meydan.tv\/az\/wp-json\/wp\/v2\/comments?post=196977"}],"version-history":[{"count":0,"href":"https:\/\/www.meydan.tv\/az\/wp-json\/wp\/v2\/posts\/196977\/revisions"}],"wp:featuredmedia":[{"embeddable":true,"href":"https:\/\/www.meydan.tv\/az\/wp-json\/wp\/v2\/media\/110984"}],"wp:attachment":[{"href":"https:\/\/www.meydan.tv\/az\/wp-json\/wp\/v2\/media?parent=196977"}],"wp:term":[{"taxonomy":"category","embeddable":true,"href":"https:\/\/www.meydan.tv\/az\/wp-json\/wp\/v2\/categories?post=196977"},{"taxonomy":"post_tag","embeddable":true,"href":"https:\/\/www.meydan.tv\/az\/wp-json\/wp\/v2\/tags?post=196977"}],"curies":[{"name":"wp","href":"https:\/\/api.w.org\/{rel}","templated":true}]}}