{"id":196974,"date":"2019-09-13T17:47:20","date_gmt":"2019-09-13T17:47:20","guid":{"rendered":"https:\/\/www.meydan.tv\/article\/abid-serifovun-21-illik-emekhaqqi\/"},"modified":"2026-02-11T18:47:48","modified_gmt":"2026-02-11T14:47:48","slug":"abid-serifovun-21-illik-emekhaqqi","status":"publish","type":"post","link":"https:\/\/www.meydan.tv\/az\/article\/abid-serifovun-21-illik-emekhaqqi\/","title":{"rendered":"Abid \u015e\u0259rifovun 21 illik \u0259m\u0259khaqq\u0131"},"content":{"rendered":"<p>Nicat Mahmudov 20 ya\u015f\u0131ndan Londondad\u0131r. O, Bak\u0131dak\u0131 6 sayl\u0131 c\u0259za\u00e7\u0259km\u0259 m\u00fc\u0259ssis\u0259sinin r\u0259isi M\u0259mm\u0259d Mahmudovun o\u011flu, Ba\u015f nazirin ke\u00e7mi\u015f m\u00fcavini Abid \u015e\u0259rifovun n\u0259v\u0259sidir. Deyir ki, Britaniyaya k\u00f6\u00e7\u0259nd\u0259n sonra biznesd\u0259 qazand\u0131qlar\u0131 \u00f6z \u0259m\u0259yinin b\u0259hr\u0259sidir. Haz\u0131rda onun t\u0259kc\u0259 bir \u015firk\u0259t\u0259 yat\u0131r\u0131m\u0131 262 min funt sterlinq v\u0259 ya 540 min manatd\u0131rdir. Az, ya \u00e7oxdur \u2013 \u00f6z\u00fcn\u00fcz m\u00fcqayis\u0259 edin: yar\u0131m milyon manat onun babas\u0131n\u0131n \u00fcst-\u00fcst\u0259 21 illik r\u0259smi \u0259m\u0259k haqq\u0131 q\u0259d\u0259rdir. \u0130roniyaya bax ki, A. \u015e\u0259rifov h\u00f6kum\u0259td\u0259 bundan bir q\u0259d\u0259r \u00e7ox \u2013 23 il\u0259 yax\u0131n i\u015fl\u0259yib v\u0259 n\u0259hay\u0259t, \u00f6t\u0259n n\u00f6vb\u0259d\u0259nk\u0259nar prezident se\u00e7kil\u0259rind\u0259 postunu t\u0259rk edib. H\u00f6kum\u0259td\u0259 tikinti, n\u0259qliyyat v\u0259 rabit\u0259 sektorlar\u0131 \u00fczr\u0259 sorumlu olan A.\u015e\u0259rifovun ad\u0131 indi \u00e7oxunun yadda\u015f\u0131nda 2015-ci ilin may\u0131nda Azadl\u0131q prospektind\u0259 tezal\u0131\u015fan \u00fczl\u00fckl\u0259rl\u0259 \u00f6rt\u00fcl\u0259n ya\u015fay\u0131\u015f evind\u0259 ba\u015f vermi\u015f v\u0259 \u00e7oxlu sayda insan\u0131n h\u0259yat\u0131na son qoymas\u0131 il\u0259 n\u0259tic\u0259l\u0259n\u0259n yan\u011f\u0131ndan bir ne\u00e7\u0259 g\u00fcn sonra jurnalistl\u0259rin suallar\u0131n\u0131 cavabland\u0131rark\u0259n dediyi \u201cAlabala\u201d s\u00f6z\u00fc il\u0259 assosiasiya olunur.<\/p>\n<figure class=\"wp-block-image size-large\"><img decoding=\"async\" class=\"wp-image-129595\" src=\"https:\/\/www.meydan.tv\/az\/butalounge-jpg\/\" alt=\"ButaLounge.jpg\" \/><figcaption>Vestminstr s\u0259mtind\u0259ki Rathbone Place 29 \u00fcnvan\u0131nda yerl\u0259\u015f\u0259n \u201cButa Lounge\u201d restoran\u0131<\/figcaption><\/figure>\n<p>G\u0259nc Nicat\u0131 is\u0259 8,8 milyon \u0259halisi olan Londonda \u00e7ox az adam tan\u0131y\u0131r. 2011-ci ild\u0259 Londona ayaq basan Nicat n\u00f6vb\u0259ti il Vestminstr Universitetin\u0259 daxil olur. Bir il ke\u00e7\u0259r-ke\u00e7m\u0259z burada, Vestminstr s\u0259mtind\u0259ki Rathbone Place 29 \u00fcnvan\u0131nda dostlar\u0131 il\u0259 \u201cButa Lounge\u201d restoran\u0131 a\u00e7\u0131r. M\u00fc\u015ft\u0259ril\u0259r\u0259 Az\u0259rbaycan x\u00f6r\u0259kl\u0259ri, x\u00fcsusil\u0259 kabablar t\u0259klif olunur. Amma bu biznes \u00e7ox davam etmir. Sonra ba\u015f ver\u0259nl\u0259ri onun \u00f6z\u00fcnd\u0259n \u00f6yr\u0259nm\u0259k ist\u0259dik. Nicat Britaniyadak\u0131 i\u015fg\u00fczar f\u0259aliyy\u0259ti bar\u0259d\u0259 m\u0259lumat almaq ist\u0259yimizi isti qar\u015f\u0131lad\u0131 v\u0259 Bak\u0131dan \u00fcnvanlanan suallara cavab verm\u0259y\u0259 raz\u0131la\u015fd\u0131.<\/p>\n<h3>\u201c\u018fvv\u0259l \u00e7ox \u00e7\u0259tinlik \u00e7\u0259kirdim\u201d<\/h3>\n<p><b><br \/>\nMeydanTV<\/b>: Nicat b\u0259y, siz ictimai \u015f\u0259xsl\u0259rin \u00f6vlad\u0131 v\u0259 ail\u0259 \u00fczv\u00fcs\u00fcn\u00fcz. Bu s\u0259b\u0259bd\u0259n biznes f\u0259aliyy\u0259tiniz median\u0131n maraq dair\u0259sind\u0259dir. Britaniyada biznes f\u0259aliyy\u0259ti \u00fc\u00e7\u00fcn istifad\u0259 etdiyiniz v\u0259saitin m\u0259nb\u0259yini a\u00e7\u0131qlaya bil\u0259rsinizmi? Kiprd\u0259ki biznes f\u0259aliyy\u0259tiniz hans\u0131 sah\u0259l\u0259ri \u0259hat\u0259 edir v\u0259 bu \u00f6lk\u0259d\u0259 v\u0259t\u0259nda\u015fl\u0131q \u0259ld\u0259 etmisinizmi? Az\u0259rbaycanda sahibkarl\u0131qla m\u0259\u015f\u011ful olursunuzmu?<\/p>\n<p><b><br \/>\nN.Mahmudov<\/b>: B\u00f6y\u00fck Britaniyaya da\u015f\u0131nd\u0131qdan sonra burada v\u0259saiti tam \u015f\u0259kild\u0259 \u00f6z\u00fcm \u0259ld\u0259 etmi\u015f\u0259m. H\u00fcq\u00fcqi xidm\u0259tl\u0259r v\u0259 informasiya texnologiyalar\u0131 il\u0259 m\u0259\u015f\u011ful olan \u015firk\u0259tl\u0259rim var. \u0130lk \u0259vv\u0259l \u00e7ox \u00e7\u0259tinlik \u00e7\u0259kirdim, amma sonra i\u015fl\u0259r asanla\u015fd\u0131. Britaniyada olan \u015firk\u0259tl\u0259rimin filiallar\u0131 h\u0259m d\u0259 Kiprin Larnaka v\u0259 Limasol \u015f\u0259h\u0259rl\u0259rind\u0259 yerl\u0259\u015fir. Burada v\u0259t\u0259nda\u015fl\u0131q \u0259ld\u0259 etm\u0259mi\u015f\u0259m. Az\u0259rbaycana g\u0259linc\u0259, orada hal-haz\u0131rda aktiv f\u0259aliyy\u0259tim yoxdur. Kiprd\u0259 yarad\u0131lan \u201cWaverington Trading Limited\u201d v\u0259 \u201cLeofric \u0130nvestments Limited\u201d \u015firk\u0259tl\u0259rinin is\u0259 m\u0259n\u0259 aidiyyat\u0131 yoxdur. H\u0259r halda t\u0259sis\u00e7isi m\u0259niml\u0259 eyni ad-soyad da\u015f\u0131yan birisidir.<\/p>\n<figure class=\"wp-block-image size-large\"><img decoding=\"async\" class=\"wp-image-129589\" src=\"https:\/\/www.meydan.tv\/az\/1017146_10151887289236662_1377298581_n-jpg\/\" alt=\"1017146_10151887289236662_1377298581_n.jpg\" \/><figcaption>Abid \u015e\u0259rifovun n\u0259v\u0259si Nicat Mahmudov<\/figcaption><\/figure>\n<p><b><br \/>\nMeydanTV <\/b>: \u0130lk biznes t\u0259cr\u00fcb\u0259l\u0259rinizd\u0259n olan \u201cButa Lounge\u201d <a href=\"https:\/\/www.alamy.com\/stock-photo-buta-lounge-azerbaijani-shisha-lounge-bar-and-restaurant-in-rathbone-59155276.html\">restoran\u0131 <\/a>nec\u0259 oldu?<\/p>\n<p>Buta Lounge sat\u0131l\u0131b. X\u0131rda proyektl\u0259ri b\u00f6y\u00fcd\u00fcb sat\u0131r\u0131q. Avropa banklar\u0131 \u00e7ox \u0259lveri\u015fli \u015f\u0259rtl\u0259rl\u0259 kredit ay\u0131r\u0131r. \u201cAbeona Global Limited\u201d \u015firk\u0259tind\u0259n ba\u015fqa, h\u00fcquq sah\u0259sind\u0259 \u00e7al\u0131\u015fan \u201c<a href=\"https:\/\/lcl-solicitors.com\/about-us\/\">London Corporate Legal Limited<\/a>&#8220;, \u0130T sah\u0259sind\u0259 i\u015fl\u0259y\u0259n &#8220;<a href=\"https:\/\/www.syntax.co.uk\/\">Syntax \u0130ntegration Limited<\/a>&#8221; \u015firk\u0259tl\u0259rim var.<\/p>\n<p><b><br \/>\nMeydanTV<\/b>: Adlar\u0131n\u0131 qeyd etdiyiniz son iki \u015firk\u0259tin reyestr m\u0259lumatlar\u0131 il\u0259 tan\u0131\u015f oldum, ad\u0131n\u0131z t\u0259sis\u00e7il\u0259r (pay\u00e7\u0131lar) aras\u0131nda yoxdur. Sizd\u0259 t\u0259sdiqedici r\u0259smi s\u0259n\u0259dl\u0259r varm\u0131, sur\u0259tini t\u0259qdim ed\u0259 bil\u0259rsinizmi?<\/p>\n<p>S\u0259n\u0259dl\u0259rd\u0259 siz sad\u0259c\u0259 \u015firk\u0259tin idar\u0259edici hey\u0259tini g\u00f6r\u0259 bilirsiniz. Orada pay\u00e7\u0131lar g\u00f6r\u00fcnm\u00fcr. S\u0259n\u0259dl\u0259rin s\u00fcr\u0259tl\u0259rini g\u00f6nd\u0259r\u0259 bilm\u0259r\u0259m. S\u0259b\u0259b &#8211; m\u0259xfiliyin qorunmas\u0131d\u0131r. O bilgini siz\u0259 Britaniyan\u0131n Ali M\u0259hk\u0259m\u0259sind\u0259n ba\u015fqa hec kim a\u00e7\u0131qlaya bilm\u0259z. Detallara dair sizi maraqland\u0131ran k\u00f6lg\u0259li bir n\u00f6qt\u0259 varsa, h\u00fcquq\u015funas\u0131mla dan\u0131\u015fa bil\u0259rsiniz. \u201cAbeona Global Limited\u201d <a href=\"https:\/\/beta.companieshouse.gov.uk\/company\/10830834\/filing-history\">\u015firk\u0259tini <\/a>Nicat Mahmudov 2017-ci ilin yay\u0131nda t\u0259sis edib. Bir il sonrak\u0131 d\u00f6vr\u00fc \u0259hat\u0259 ed\u0259n maliyy\u0259 hesabat\u0131nda g\u00f6st\u0259rildiyin\u0259 g\u00f6r\u0259, onun hesab\u0131nda 259,6 min funt m\u0259bl\u0259\u011find\u0259 v\u0259sait var. Nicat MeydanTV-y\u0259 bu \u015firk\u0259tin FOREX \u0259m\u0259liyyatlar\u0131 (valyutalar\u0131n qiym\u0259t d\u0259yi\u015fiklikl\u0259rind\u0259n g\u0259lir \u0259ld\u0259 etm\u0259k imkan\u0131 ver\u0259n beyn\u0259lxalq valyuta bazar\u0131) sah\u0259sind\u0259 f\u0259aliyy\u0259t g\u00f6st\u0259rdiyini deyir. \u015eirk\u0259t Londonun Durueston (Durweston) k\u00fc\u00e7\u0259sind\u0259ki ikim\u0259rt\u0259b\u0259li 29 sayl\u0131 k\u00f6hn\u0259 binada yerl\u0259\u015fir. Bura h\u0259m d\u0259 Nicat\u0131n qeydiyyat yeri kimi t\u0259qdim olunur.<\/p>\n<h3>\u00c7exiyada da\u015f\u0131nmaz \u0259mlak \u015firk\u0259tinin \u015f\u0259riki<\/h3>\n<p>Mahmudovlar\u0131n Avropadak\u0131 biznesi Birl\u0259\u015fmi\u015f Krall\u0131qla m\u0259hdudla\u015fm\u0131r. \u00d6t\u0259n ilin iyun ay\u0131nda T\u0259ran\u0259 Abid q\u0131z\u0131 Mahmudova, Nicat\u0131n anas\u0131, \u00c7exiyada \u201cOlimpik Company s.r.o.\u201d \u015firk\u0259tinin pay\u00e7\u0131lar\u0131ndan v\u0259 idar\u0259edicil\u0259rind\u0259n biri olub. T. Mahmudova \u015firk\u0259tin kapital\u0131nda 50 faizlik pay\u0131 Oktay V\u0259liyevd\u0259n sat\u0131n al\u0131b. \u015eirk\u0259ti 2007-ci ild\u0259 Az\u0259rbaycan v\u0259t\u0259nda\u015f\u0131, i\u015fadam\u0131 O. V\u0259liyev yarad\u0131b. Da\u015f\u0131nmaz \u0259mlak\u0131n, o c\u00fcml\u0259d\u0259n m\u0259nzill\u0259rin v\u0259 qeyri-ya\u015fay\u0131\u015f sah\u0259l\u0259rinin icar\u0259si, lisenziya t\u0259l\u0259b olunmayan mallar\u0131n istehsal\u0131 v\u0259 sat\u0131\u015f\u0131 il\u0259 m\u0259\u015f\u011ful olan \u015firk\u0259tin kapital\u0131 200 min \u00e7ex kronudur (t\u0259xmin\u0259n 8,5 min AB\u015e dollar\u0131). Praqada, Athenska 1528\/5 \u00fcnvan\u0131nda yerl\u0259\u015f\u0259n \u015firk\u0259t, maliyy\u0259 hesabat\u0131na g\u00f6r\u0259, \u00f6t\u0259n il vur-tut 218 min kron d\u00f6vriyy\u0259 ed\u0259 bilib.<\/p>\n<p>\u018flli ya\u015fl\u0131 T\u0259ran\u0259 Mahmudova Bak\u0131dak\u0131 \u015eamama \u018fl\u0259sg\u0259rova ad\u0131na 5 n\u00f6mr\u0259li Klinik Do\u011fum Evind\u0259 h\u0259kim-neonatoloq i\u015fl\u0259yir. X\u0259st\u0259xanada MeydanTV-y\u0259 deyibl\u0259r ki, T. Mahmudovan\u0131n i\u015f\u0259 davamiyy\u0259ti normald\u0131r, i\u015finin \u00f6hd\u0259sind\u0259n g\u0259lir v\u0259 ondan he\u00e7 bir naraz\u0131l\u0131q yoxdur.Amma bura T.Mahmudovan\u0131n yegan\u0259 i\u015f yeri deyil. O, kapital\u0131na 30 min manat yat\u0131r\u0131lan \u201cA.N.N.N\u201d MMC-nin direktorudur. \u015eirk\u0259t onun qarda\u015f\u0131, Az\u0259rbaycan Beyn\u0259lxalq Bank\u0131n\u0131n Ab\u015feron filial\u0131n\u0131n m\u00fcdiri El\u00e7in \u015e\u0259rifovun Bak\u0131da, akademik H\u0259s\u0259n \u018fliyev k\u00fc\u00e7\u0259sind\u0259ki \u00e7oxm\u0259nzilli ya\u015fay\u0131\u015f evind\u0259ki m\u0259nzilind\u0259 2002-ci ild\u0259 qeydiyyata al\u0131n\u0131b. Bak\u0131dak\u0131 \u201cOptimed\u201d klinikas\u0131 bu \u015firk\u0259t\u0259 m\u0259xsusdur. Klinika tarz\u0259n Hac\u0131 M\u0259mm\u0259dov v\u0259 Mirz\u0259bala M\u0259mm\u0259dzad\u0259 k\u00fc\u00e7\u0259l\u0259rinin k\u0259si\u015fm\u0259sind\u0259ki ya\u015fay\u0131\u015f binas\u0131n\u0131n birinci m\u0259rt\u0259b\u0259sind\u0259 bir ne\u00e7\u0259 y\u00fcz kvadrat metr sah\u0259d\u0259 tibbin m\u00fcxt\u0259lif sah\u0259l\u0259rind\u0259 (terapiya, kardiologiya, qastroenterologiya, urologiya, kosmetologiya v\u0259 s.) xidm\u0259tl\u0259r g\u00f6st\u0259rir. 2017-ci ilin sonunda is\u0259 T. Mahmudovan\u0131n i\u015ftirak\u0131 il\u0259 daha bir \u015firk\u0259t \u2013 \u201cG\u00fcv\u0259n 2017\u201d MMC <a href=\"https:\/\/vergiler.az\/media\/archive\/2019\/07\/23\/newspaper_20190723173502.pdf\">yarad\u0131l\u0131b<\/a>. \u015eirk\u0259tin qeydiyyat yeri Mahmudovlar\u0131n akademik H\u0259s\u0259n \u018fliyev k\u00fc\u00e7\u0259sind\u0259 ba\u015fqa bir binadak\u0131 m\u0259nzilidir. \u0130ki il\u0259 yax\u0131n vaxt ke\u00e7s\u0259 d\u0259, T.Mahmudovan\u0131n r\u0259hb\u0259rlik etdiyi bu biznes qurumunun n\u0259 i\u015fl\u0259 m\u0259\u015f\u011ful oldu\u011fu h\u0259l\u0259 b\u0259lli deyil.<\/p>\n<h3>Metallurgiya n\u0259h\u0259nginin El\u00e7in \u015e\u0259rifov m\u0259nzlin\u0259 s\u0131\u011f\u0131\u015fan Bak\u0131 ofisi<\/h3>\n<p>Bunlar, yanvar ay\u0131nda 80 illik yubileyini qeyd etm\u0259y\u0259 haz\u0131rla\u015fan Ba\u015f nazirin ke\u00e7mi\u015f m\u00fcavininin ail\u0259 \u00fczvl\u0259rinin biznesinin he\u00e7 d\u0259 ham\u0131s\u0131 deyil. Ukraynan\u0131n metallurgiya qiqant\u0131 \u201c\u0130nterpipe\u201d korporasiyas\u0131 2000-ci ilin may\u0131nda Bak\u0131da \u201c\u0130nterpipe-Az\u0259rbaycan\u201d M\u0259hdud M\u0259suliyy\u0259tli Birg\u0259 M\u00fc\u0259ssis\u0259si t\u0259sis edib. Birg\u0259 m\u00fc\u0259ssis\u0259nin Az\u0259rbaycandan olan t\u0259r\u0259fda\u015f\u0131n\u0131n ad\u0131 a\u00e7\u0131qlanmay\u0131b. M\u0259lum olansa budur ki, \u015firk\u0259t bir ba\u015fqa yerd\u0259 deyil, A.\u015e\u0259rifovun bankir o\u011flunun m\u0259nzilind\u0259 qeydiyyata al\u0131n\u0131b. Ukrayna istehsal\u00e7\u0131s\u0131 g\u00f6r\u00fcn\u00fcr o zaman h\u00f6kum\u0259t r\u0259smisin\u0259 yax\u0131n olmaqla neft-qaz hasilat\u0131 v\u0259 da\u015f\u0131nmas\u0131 \u00fc\u00e7\u00fcn borular, el\u0259c\u0259 d\u0259 d\u0259mir yolu vaqonlar\u0131 \u00fc\u00e7\u00fcn t\u0259k\u0259r v\u0259 dig\u0259r komplektl\u0259\u015fdiricil\u0259rin Az\u0259rbaycandak\u0131 sat\u0131\u015f\u0131n\u0131n daha rahat yoluna qoyma\u011f\u0131 h\u0259d\u0259fl\u0259yibmi\u015f.<\/p>\n<figure class=\"wp-block-image size-large\"><img decoding=\"async\" class=\"wp-image-129592\" src=\"https:\/\/www.meydan.tv\/az\/uyykyukyk-jpg\/\" alt=\"uyykyukyk.jpg\" \/><figcaption>Ba\u015f nazirin ke\u00e7mi\u015f m\u00fcavini Abid \u015e\u0259rifov<\/figcaption><\/figure>\n<p>Abid \u015e\u0259rifovun h\u0259yat yolda\u015f\u0131 S\u0259day\u0259 xan\u0131m Tam Ortaql\u0131 \u201cK\u0259p\u0259z-S\u201d Firmas\u0131n\u0131n 3 orta\u011f\u0131ndan biridir. 2001-ci ild\u0259 iki \u015f\u0259xsin (Ya\u015far Qarayev v\u0259 <a href=\"http:\/\/patent.gov.az\/_files\/Emtee_2012_01.pdf\">S\u0259kin\u0259 Tal\u0131bova<\/a>) v\u0259saiti hesab\u0131na qurulan firmaya \u015e\u0259rifovlar sonradan qo\u015fulublar. D\u00f6vl\u0259t b\u00fcdc\u0259sin\u0259 2000 manat vergi borcu olan bu \u015firk\u0259tin d\u0259 hans\u0131 biznesl\u0259 m\u0259\u015f\u011ful olmas\u0131 haqda a\u00e7\u0131q m\u0259nb\u0259l\u0259rd\u0259 he\u00e7 bir m\u0259lumat yoxdur. Onun ad\u0131 h\u0259m d\u0259 iri tikinti layih\u0259l\u0259rinin icra\u00e7\u0131s\u0131 olan \u201cEVRASCON\u201d ASC-nin s\u0259hmdarlar\u0131 aras\u0131nda 12,15 faiz payla \u00f6n s\u0131ralardad\u0131r.<\/p>\n<p>Maraql\u0131d\u0131r ki, T\u0259ran\u0259 v\u0259 M\u0259mm\u0259d Mahmudovlar r\u0259smi olaraq iki \u00fcnvanda qeydiyyatdad\u0131rlar. Ba\u015fqa s\u00f6zl\u0259, se\u00e7ici siyah\u0131lar\u0131na iki d\u0259f\u0259 d\u00fc\u015fd\u00fckl\u0259rind\u0259n, onlar \u00fcmumxalq s\u0259sverm\u0259sind\u0259 iki n\u0259f\u0259rin yerin\u0259 i\u015ftirak ed\u0259, b\u0259l\u0259diyy\u0259 se\u00e7kil\u0259rind\u0259 is\u0259 Bak\u0131da h\u0259m Yasamal, h\u0259m d\u0259 N\u0259simi rayonu \u0259razisind\u0259 b\u0259l\u0259diyy\u0259 \u00fczvl\u0259rini se\u00e7\u0259 bilirl\u0259r. O ba\u015fqa m\u0259s\u0259l\u0259dir ki, Mahmudovlar\u0131 \u00f6lk\u0259 v\u0259t\u0259nda\u015flar\u0131n\u0131n \u0259ks\u0259riyy\u0259tind\u0259n f\u0259rql\u0259ndir\u0259n t\u0259kc\u0259 siyasi se\u00e7im imkanlar\u0131n\u0131n \u201cbollu\u011fu\u201d deyil.<\/p>\n","protected":false},"excerpt":{"rendered":"<p>Onun n\u0259v\u0259si yar\u0131m milyon manat\u0131 daha q\u0131sa zamanda qazand\u0131\u011f\u0131n\u0131 deyir<\/p>\n","protected":false},"author":11,"featured_media":129598,"comment_status":"closed","ping_status":"open","sticky":false,"template":"","format":"standard","meta":{"_acf_changed":false,"_sitemap_exclude":false,"_sitemap_priority":"","_sitemap_frequency":"","footnotes":""},"categories":[55],"tags":[],"class_list":["post-196974","post","type-post","status-publish","format-standard","has-post-thumbnail","hentry","category-arasdirma","infinite-scroll-item","generate-columns","tablet-grid-50","mobile-grid-100","grid-parent","grid-33","no-featured-image-padding"],"acf":[],"yoast_head":"<!-- This site is optimized with the Yoast SEO plugin v27.4 - https:\/\/yoast.com\/product\/yoast-seo-wordpress\/ -->\n<title>Abid \u015e\u0259rifovun 21 illik \u0259m\u0259khaqq\u0131 - MEYDAN.TV<\/title>\n<meta name=\"robots\" content=\"index, follow, max-snippet:-1, max-image-preview:large, max-video-preview:-1\" \/>\n<link rel=\"canonical\" href=\"https:\/\/www.meydan.tv\/az\/article\/abid-serifovun-21-illik-emekhaqqi\/\" \/>\n<meta property=\"og:locale\" content=\"az_AZ\" \/>\n<meta property=\"og:type\" content=\"article\" \/>\n<meta property=\"og:title\" content=\"Abid \u015e\u0259rifovun 21 illik \u0259m\u0259khaqq\u0131 - MEYDAN.TV\" \/>\n<meta property=\"og:description\" content=\"Onun n\u0259v\u0259si yar\u0131m milyon manat\u0131 daha q\u0131sa zamanda qazand\u0131\u011f\u0131n\u0131 deyir\" \/>\n<meta property=\"og:url\" content=\"https:\/\/www.meydan.tv\/az\/article\/abid-serifovun-21-illik-emekhaqqi\/\" \/>\n<meta property=\"og:site_name\" content=\"MEYDAN.TV\" \/>\n<meta property=\"article:published_time\" content=\"2019-09-13T17:47:20+00:00\" \/>\n<meta property=\"article:modified_time\" content=\"2026-02-11T14:47:48+00:00\" \/>\n<meta property=\"og:image\" content=\"https:\/\/www.meydan.tv\/wp-content\/uploads\/nicat_mahmudov-scaled.jpg\" \/>\n\t<meta property=\"og:image:width\" content=\"2560\" \/>\n\t<meta property=\"og:image:height\" content=\"1440\" \/>\n\t<meta property=\"og:image:type\" content=\"image\/jpeg\" \/>\n<meta name=\"author\" content=\"user-manager\" \/>\n<meta name=\"twitter:card\" content=\"summary_large_image\" \/>\n<script type=\"application\/ld+json\" class=\"yoast-schema-graph\">{\"@context\":\"https:\\\/\\\/schema.org\",\"@graph\":[{\"@type\":\"Article\",\"@id\":\"https:\\\/\\\/www.meydan.tv\\\/az\\\/article\\\/abid-serifovun-21-illik-emekhaqqi\\\/#article\",\"isPartOf\":{\"@id\":\"https:\\\/\\\/www.meydan.tv\\\/az\\\/article\\\/abid-serifovun-21-illik-emekhaqqi\\\/\"},\"author\":{\"name\":\"user-manager\",\"@id\":\"https:\\\/\\\/www.meydan.tv\\\/az\\\/#\\\/schema\\\/person\\\/10d11eccf6da3662cf5fdab9806ea91a\"},\"headline\":\"Abid \u015e\u0259rifovun 21 illik \u0259m\u0259khaqq\u0131\",\"datePublished\":\"2019-09-13T17:47:20+00:00\",\"dateModified\":\"2026-02-11T14:47:48+00:00\",\"mainEntityOfPage\":{\"@id\":\"https:\\\/\\\/www.meydan.tv\\\/az\\\/article\\\/abid-serifovun-21-illik-emekhaqqi\\\/\"},\"wordCount\":1658,\"publisher\":{\"@id\":\"https:\\\/\\\/www.meydan.tv\\\/az\\\/#organization\"},\"image\":{\"@id\":\"https:\\\/\\\/www.meydan.tv\\\/az\\\/article\\\/abid-serifovun-21-illik-emekhaqqi\\\/#primaryimage\"},\"thumbnailUrl\":\"https:\\\/\\\/www.meydan.tv\\\/wp-content\\\/uploads\\\/nicat_mahmudov-scaled.jpg\",\"articleSection\":[\"Ara\u015fd\u0131rma\"],\"inLanguage\":\"az\"},{\"@type\":\"WebPage\",\"@id\":\"https:\\\/\\\/www.meydan.tv\\\/az\\\/article\\\/abid-serifovun-21-illik-emekhaqqi\\\/\",\"url\":\"https:\\\/\\\/www.meydan.tv\\\/az\\\/article\\\/abid-serifovun-21-illik-emekhaqqi\\\/\",\"name\":\"Abid \u015e\u0259rifovun 21 illik \u0259m\u0259khaqq\u0131 - MEYDAN.TV\",\"isPartOf\":{\"@id\":\"https:\\\/\\\/www.meydan.tv\\\/az\\\/#website\"},\"primaryImageOfPage\":{\"@id\":\"https:\\\/\\\/www.meydan.tv\\\/az\\\/article\\\/abid-serifovun-21-illik-emekhaqqi\\\/#primaryimage\"},\"image\":{\"@id\":\"https:\\\/\\\/www.meydan.tv\\\/az\\\/article\\\/abid-serifovun-21-illik-emekhaqqi\\\/#primaryimage\"},\"thumbnailUrl\":\"https:\\\/\\\/www.meydan.tv\\\/wp-content\\\/uploads\\\/nicat_mahmudov-scaled.jpg\",\"datePublished\":\"2019-09-13T17:47:20+00:00\",\"dateModified\":\"2026-02-11T14:47:48+00:00\",\"breadcrumb\":{\"@id\":\"https:\\\/\\\/www.meydan.tv\\\/az\\\/article\\\/abid-serifovun-21-illik-emekhaqqi\\\/#breadcrumb\"},\"inLanguage\":\"az\",\"potentialAction\":[{\"@type\":\"ReadAction\",\"target\":[\"https:\\\/\\\/www.meydan.tv\\\/az\\\/article\\\/abid-serifovun-21-illik-emekhaqqi\\\/\"]}]},{\"@type\":\"ImageObject\",\"inLanguage\":\"az\",\"@id\":\"https:\\\/\\\/www.meydan.tv\\\/az\\\/article\\\/abid-serifovun-21-illik-emekhaqqi\\\/#primaryimage\",\"url\":\"https:\\\/\\\/www.meydan.tv\\\/wp-content\\\/uploads\\\/nicat_mahmudov-scaled.jpg\",\"contentUrl\":\"https:\\\/\\\/www.meydan.tv\\\/wp-content\\\/uploads\\\/nicat_mahmudov-scaled.jpg\",\"width\":2560,\"height\":1440,\"caption\":\"Source: Meydan TV\"},{\"@type\":\"BreadcrumbList\",\"@id\":\"https:\\\/\\\/www.meydan.tv\\\/az\\\/article\\\/abid-serifovun-21-illik-emekhaqqi\\\/#breadcrumb\",\"itemListElement\":[{\"@type\":\"ListItem\",\"position\":1,\"name\":\"Ana s\u0259hif\u0259\",\"item\":\"https:\\\/\\\/www.meydan.tv\\\/az\\\/\"},{\"@type\":\"ListItem\",\"position\":2,\"name\":\"Ara\u015fd\u0131rma\",\"item\":\"https:\\\/\\\/www.meydan.tv\\\/az\\\/section\\\/arasdirma\\\/\"},{\"@type\":\"ListItem\",\"position\":3,\"name\":\"Abid \u015e\u0259rifovun 21 illik \u0259m\u0259khaqq\u0131\"}]},{\"@type\":\"WebSite\",\"@id\":\"https:\\\/\\\/www.meydan.tv\\\/az\\\/#website\",\"url\":\"https:\\\/\\\/www.meydan.tv\\\/az\\\/\",\"name\":\"MEYDAN.TV\",\"description\":\"Meydan TV Az\u0259rbaycan\u0131n media m\u0259kan\u0131ndak\u0131 alternativ s\u0259sidir\",\"publisher\":{\"@id\":\"https:\\\/\\\/www.meydan.tv\\\/az\\\/#organization\"},\"potentialAction\":[{\"@type\":\"SearchAction\",\"target\":{\"@type\":\"EntryPoint\",\"urlTemplate\":\"https:\\\/\\\/www.meydan.tv\\\/az\\\/?s={search_term_string}\"},\"query-input\":{\"@type\":\"PropertyValueSpecification\",\"valueRequired\":true,\"valueName\":\"search_term_string\"}}],\"inLanguage\":\"az\"},{\"@type\":\"Organization\",\"@id\":\"https:\\\/\\\/www.meydan.tv\\\/az\\\/#organization\",\"name\":\"Meydan TV\",\"url\":\"https:\\\/\\\/www.meydan.tv\\\/az\\\/\",\"logo\":{\"@type\":\"ImageObject\",\"inLanguage\":\"az\",\"@id\":\"https:\\\/\\\/www.meydan.tv\\\/az\\\/#\\\/schema\\\/logo\\\/image\\\/\",\"url\":\"https:\\\/\\\/www.meydan.tv\\\/wp-content\\\/uploads\\\/2021\\\/07\\\/meydan-logo.svg\",\"contentUrl\":\"https:\\\/\\\/www.meydan.tv\\\/wp-content\\\/uploads\\\/2021\\\/07\\\/meydan-logo.svg\",\"width\":195,\"height\":46,\"caption\":\"Meydan TV\"},\"image\":{\"@id\":\"https:\\\/\\\/www.meydan.tv\\\/az\\\/#\\\/schema\\\/logo\\\/image\\\/\"}},{\"@type\":\"Person\",\"@id\":\"https:\\\/\\\/www.meydan.tv\\\/az\\\/#\\\/schema\\\/person\\\/10d11eccf6da3662cf5fdab9806ea91a\",\"name\":\"user-manager\"}]}<\/script>\n<!-- \/ Yoast SEO plugin. -->","yoast_head_json":{"title":"Abid \u015e\u0259rifovun 21 illik \u0259m\u0259khaqq\u0131 - MEYDAN.TV","robots":{"index":"index","follow":"follow","max-snippet":"max-snippet:-1","max-image-preview":"max-image-preview:large","max-video-preview":"max-video-preview:-1"},"canonical":"https:\/\/www.meydan.tv\/az\/article\/abid-serifovun-21-illik-emekhaqqi\/","og_locale":"az_AZ","og_type":"article","og_title":"Abid \u015e\u0259rifovun 21 illik \u0259m\u0259khaqq\u0131 - MEYDAN.TV","og_description":"Onun n\u0259v\u0259si yar\u0131m milyon manat\u0131 daha q\u0131sa zamanda qazand\u0131\u011f\u0131n\u0131 deyir","og_url":"https:\/\/www.meydan.tv\/az\/article\/abid-serifovun-21-illik-emekhaqqi\/","og_site_name":"MEYDAN.TV","article_published_time":"2019-09-13T17:47:20+00:00","article_modified_time":"2026-02-11T14:47:48+00:00","og_image":[{"width":2560,"height":1440,"url":"https:\/\/www.meydan.tv\/wp-content\/uploads\/nicat_mahmudov-scaled.jpg","type":"image\/jpeg"}],"author":"user-manager","twitter_card":"summary_large_image","schema":{"@context":"https:\/\/schema.org","@graph":[{"@type":"Article","@id":"https:\/\/www.meydan.tv\/az\/article\/abid-serifovun-21-illik-emekhaqqi\/#article","isPartOf":{"@id":"https:\/\/www.meydan.tv\/az\/article\/abid-serifovun-21-illik-emekhaqqi\/"},"author":{"name":"user-manager","@id":"https:\/\/www.meydan.tv\/az\/#\/schema\/person\/10d11eccf6da3662cf5fdab9806ea91a"},"headline":"Abid \u015e\u0259rifovun 21 illik \u0259m\u0259khaqq\u0131","datePublished":"2019-09-13T17:47:20+00:00","dateModified":"2026-02-11T14:47:48+00:00","mainEntityOfPage":{"@id":"https:\/\/www.meydan.tv\/az\/article\/abid-serifovun-21-illik-emekhaqqi\/"},"wordCount":1658,"publisher":{"@id":"https:\/\/www.meydan.tv\/az\/#organization"},"image":{"@id":"https:\/\/www.meydan.tv\/az\/article\/abid-serifovun-21-illik-emekhaqqi\/#primaryimage"},"thumbnailUrl":"https:\/\/www.meydan.tv\/wp-content\/uploads\/nicat_mahmudov-scaled.jpg","articleSection":["Ara\u015fd\u0131rma"],"inLanguage":"az"},{"@type":"WebPage","@id":"https:\/\/www.meydan.tv\/az\/article\/abid-serifovun-21-illik-emekhaqqi\/","url":"https:\/\/www.meydan.tv\/az\/article\/abid-serifovun-21-illik-emekhaqqi\/","name":"Abid \u015e\u0259rifovun 21 illik \u0259m\u0259khaqq\u0131 - MEYDAN.TV","isPartOf":{"@id":"https:\/\/www.meydan.tv\/az\/#website"},"primaryImageOfPage":{"@id":"https:\/\/www.meydan.tv\/az\/article\/abid-serifovun-21-illik-emekhaqqi\/#primaryimage"},"image":{"@id":"https:\/\/www.meydan.tv\/az\/article\/abid-serifovun-21-illik-emekhaqqi\/#primaryimage"},"thumbnailUrl":"https:\/\/www.meydan.tv\/wp-content\/uploads\/nicat_mahmudov-scaled.jpg","datePublished":"2019-09-13T17:47:20+00:00","dateModified":"2026-02-11T14:47:48+00:00","breadcrumb":{"@id":"https:\/\/www.meydan.tv\/az\/article\/abid-serifovun-21-illik-emekhaqqi\/#breadcrumb"},"inLanguage":"az","potentialAction":[{"@type":"ReadAction","target":["https:\/\/www.meydan.tv\/az\/article\/abid-serifovun-21-illik-emekhaqqi\/"]}]},{"@type":"ImageObject","inLanguage":"az","@id":"https:\/\/www.meydan.tv\/az\/article\/abid-serifovun-21-illik-emekhaqqi\/#primaryimage","url":"https:\/\/www.meydan.tv\/wp-content\/uploads\/nicat_mahmudov-scaled.jpg","contentUrl":"https:\/\/www.meydan.tv\/wp-content\/uploads\/nicat_mahmudov-scaled.jpg","width":2560,"height":1440,"caption":"Source: Meydan TV"},{"@type":"BreadcrumbList","@id":"https:\/\/www.meydan.tv\/az\/article\/abid-serifovun-21-illik-emekhaqqi\/#breadcrumb","itemListElement":[{"@type":"ListItem","position":1,"name":"Ana s\u0259hif\u0259","item":"https:\/\/www.meydan.tv\/az\/"},{"@type":"ListItem","position":2,"name":"Ara\u015fd\u0131rma","item":"https:\/\/www.meydan.tv\/az\/section\/arasdirma\/"},{"@type":"ListItem","position":3,"name":"Abid \u015e\u0259rifovun 21 illik \u0259m\u0259khaqq\u0131"}]},{"@type":"WebSite","@id":"https:\/\/www.meydan.tv\/az\/#website","url":"https:\/\/www.meydan.tv\/az\/","name":"MEYDAN.TV","description":"Meydan TV Az\u0259rbaycan\u0131n media m\u0259kan\u0131ndak\u0131 alternativ s\u0259sidir","publisher":{"@id":"https:\/\/www.meydan.tv\/az\/#organization"},"potentialAction":[{"@type":"SearchAction","target":{"@type":"EntryPoint","urlTemplate":"https:\/\/www.meydan.tv\/az\/?s={search_term_string}"},"query-input":{"@type":"PropertyValueSpecification","valueRequired":true,"valueName":"search_term_string"}}],"inLanguage":"az"},{"@type":"Organization","@id":"https:\/\/www.meydan.tv\/az\/#organization","name":"Meydan TV","url":"https:\/\/www.meydan.tv\/az\/","logo":{"@type":"ImageObject","inLanguage":"az","@id":"https:\/\/www.meydan.tv\/az\/#\/schema\/logo\/image\/","url":"https:\/\/www.meydan.tv\/wp-content\/uploads\/2021\/07\/meydan-logo.svg","contentUrl":"https:\/\/www.meydan.tv\/wp-content\/uploads\/2021\/07\/meydan-logo.svg","width":195,"height":46,"caption":"Meydan TV"},"image":{"@id":"https:\/\/www.meydan.tv\/az\/#\/schema\/logo\/image\/"}},{"@type":"Person","@id":"https:\/\/www.meydan.tv\/az\/#\/schema\/person\/10d11eccf6da3662cf5fdab9806ea91a","name":"user-manager"}]}},"_links":{"self":[{"href":"https:\/\/www.meydan.tv\/az\/wp-json\/wp\/v2\/posts\/196974","targetHints":{"allow":["GET"]}}],"collection":[{"href":"https:\/\/www.meydan.tv\/az\/wp-json\/wp\/v2\/posts"}],"about":[{"href":"https:\/\/www.meydan.tv\/az\/wp-json\/wp\/v2\/types\/post"}],"author":[{"embeddable":true,"href":"https:\/\/www.meydan.tv\/az\/wp-json\/wp\/v2\/users\/11"}],"replies":[{"embeddable":true,"href":"https:\/\/www.meydan.tv\/az\/wp-json\/wp\/v2\/comments?post=196974"}],"version-history":[{"count":2,"href":"https:\/\/www.meydan.tv\/az\/wp-json\/wp\/v2\/posts\/196974\/revisions"}],"predecessor-version":[{"id":341454,"href":"https:\/\/www.meydan.tv\/az\/wp-json\/wp\/v2\/posts\/196974\/revisions\/341454"}],"wp:featuredmedia":[{"embeddable":true,"href":"https:\/\/www.meydan.tv\/az\/wp-json\/wp\/v2\/media\/129598"}],"wp:attachment":[{"href":"https:\/\/www.meydan.tv\/az\/wp-json\/wp\/v2\/media?parent=196974"}],"wp:term":[{"taxonomy":"category","embeddable":true,"href":"https:\/\/www.meydan.tv\/az\/wp-json\/wp\/v2\/categories?post=196974"},{"taxonomy":"post_tag","embeddable":true,"href":"https:\/\/www.meydan.tv\/az\/wp-json\/wp\/v2\/tags?post=196974"}],"curies":[{"name":"wp","href":"https:\/\/api.w.org\/{rel}","templated":true}]}}