{"id":196962,"date":"2019-09-13T14:25:32","date_gmt":"2019-09-13T14:25:32","guid":{"rendered":"https:\/\/www.meydan.tv\/article\/rusiyaya-dil-muxtelifliyinin-qorunmasi-haqda-xeberdarliq-edilib\/"},"modified":"2019-09-13T14:25:32","modified_gmt":"2019-09-13T14:25:32","slug":"rusiyaya-dil-muxtelifliyinin-qorunmasi-haqda-xeberdarliq-edilib","status":"publish","type":"post","link":"https:\/\/www.meydan.tv\/az\/article\/rusiyaya-dil-muxtelifliyinin-qorunmasi-haqda-xeberdarliq-edilib\/","title":{"rendered":"Rusiyaya dil m\u00fcxt\u0259lifliyinin qorunmas\u0131 haqda x\u0259b\u0259rdarl\u0131q edilib"},"content":{"rendered":"<p>\n  <i><br \/>\n    79 ya\u015fl\u0131 \u015f\u0259xsin dil siyas\u0259tin\u0259 etiraz olaraq \u00f6z\u00fcn\u00fc yand\u0131rmas\u0131 beyn\u0259lxalq t\u0259\u015fkilatlar\u0131n diqq\u0259tini \u00e7\u0259kib<br \/>\n  <\/i>\n<\/p>\n<p>\n  Rusiyan\u0131n dil siyas\u0259tin\u0259 etiraz olaraq etnik Udmurt aliminin \u00f6z\u00fcn\u00fc yand\u0131rmas\u0131n\u0131n ard\u0131ndan \u201cHuman Rights Watch\u201d (HRW) Moskvan\u0131 \u00f6lk\u0259d\u0259 m\u00f6vcud olan etnik v\u0259 dil azl\u0131qlar\u0131n\u0131n \u00fczl\u0259\u015fdiyi \u201ck\u00f6kl\u00fc probleml\u0259ri\u201d h\u0259ll etm\u0259y\u0259 \u00e7a\u011f\u0131r\u0131b.\n<\/p>\n<p>\n  Rusiya \u201cdil m\u00fcxt\u0259lifliyini g\u00f6zard\u0131 ed\u0259n dil siyas\u0259tini yenid\u0259n n\u0259z\u0259rd\u0259n ke\u00e7irm\u0259lidir,\u201d HRW sentyabr\u0131n 12-d\u0259 verdiyi a\u00e7\u0131qlamada b\u0259yan edib.\n<\/p>\n<p>\n  \u201cRusiya h\u00f6kum\u0259ti Baltikyan\u0131 \u00f6lk\u0259l\u0259rd\u0259 v\u0259 Ukraynada rus dilind\u0259 dan\u0131\u015fanlar\u0131n dil h\u00fcquqlar\u0131 il\u0259 ba\u011fl\u0131 narahatl\u0131qlar\u0131n\u0131 ifad\u0259 etm\u0259k \u00fc\u00e7\u00fcn he\u00e7 bir s\u0259y g\u00f6st\u0259rm\u0259yib,\u201d- Nyu York m\u0259rk\u0259zlil insan haqlar\u0131 qurumu \u0259lav\u0259 edib.\n<\/p>\n<p>\n  \u0130ki g\u00fcn \u0259vv\u0259l Albert Razin Udmurtiya vilay\u0259tinin paytaxt\u0131 \u0130jevskd\u0259 parlament binas\u0131n\u0131n qar\u015f\u0131s\u0131nda \u00f6z\u00fcn\u00fc yand\u0131rd\u0131qdan sonra ald\u0131\u011f\u0131 x\u0259sar\u0259td\u0259n x\u0259st\u0259xanada h\u0259yat\u0131n\u0131 itirib.\n<\/p>\n<p>\n  Etiraz aksiyas\u0131 zaman\u0131 Razinin \u0259lind\u0259 tutdu\u011fu plakatda \u201cDilim sabah \u00f6l\u0259c\u0259ks\u0259, m\u0259n bu g\u00fcn \u00f6lm\u0259y\u0259 haz\u0131ram\u201d ifad\u0259l\u0259ri yaz\u0131lm\u0131\u015fd\u0131.\n<\/p>\n<p>\n  79 ya\u015fl\u0131 Razin 2018-ci ilin iyun ay\u0131nda yerli hakimiyy\u0259t\u0259 a\u00e7\u0131q m\u0259ktub \u00fcnvanlam\u0131\u015f bir qrup ekspert aras\u0131nda olub. Bel\u0259 ki, yerli aliml\u0259r Udmur parlamentind\u0259n ana dilin m\u0259kt\u0259bl\u0259rd\u0259 t\u0259drisiyl\u0259 ba\u011fl\u0131 qanun layih\u0259sin\u0259 etiraz etm\u0259y\u0259 \u00e7a\u011f\u0131r\u0131r. Onlar bu qanun layih\u0259sini yerli dil v\u0259 m\u0259d\u0259niyy\u0259tin inki\u015faf\u0131na t\u0259hl\u00fck\u0259 hesab edirl\u0259r.\n<\/p>\n<p>\n  Moskva ke\u00e7\u0259n il qeyri-rus etnik qruplar\u0131n t\u0259msil olundu\u011fu b\u00f6lg\u0259 v\u0259 respublikalarda yerli dill\u0259rin icbari t\u0259drisini t\u0259xir\u0259 salacaq yeni qanun q\u0259bul edib.\n<\/p>\n<p>\n  S\u0259lahiyy\u0259tlil\u0259r qeyd edirl\u0259r ki, qanuna edilmi\u015f d\u0259yi\u015fiklik dil m\u00fcxt\u0259lifliyini m\u0259hv etm\u0259k m\u0259qs\u0259di da\u015f\u0131m\u0131r v\u0259 \u0259ksin\u0259 insanlar\u0131n \u00f6z dill\u0259rini ist\u0259dikl\u0259ri halda \u00f6yr\u0259nm\u0259l\u0259rin\u0259 icaz\u0259 verdiyini bildirir.\n<\/p>\n<p>\n  Bununla yana\u015f\u0131 HRW bildirir ki, qanun layih\u0259si Rusiyada t\u0259dric\u0259n dil m\u00fcxt\u0259lifliyinin azalmas\u0131yla ba\u011fl\u0131 narahatedici m\u0259nz\u0259r\u0259y\u0259 t\u00f6hf\u0259 verir. B\u0259yanatda qurum a\u00e7\u0131q \u015f\u0259kild\u0259 bildirir ki, qanun yerli dilin rus diliyl\u0259 paralel istifad\u0259 olunmas\u0131 laz\u0131m olan respublika v\u0259 b\u00f6lg\u0259l\u0259rd\u0259 azl\u0131qlar\u0131n \u00f6z dill\u0259rini \u00f6yr\u0259nm\u0259sin\u0259 mane olur.\n<\/p>\n<p>\n  \u201cBu t\u0259nziml\u0259m\u0259 respublikalar\u0131n konstitusiyalar\u0131nda \u00f6z \u0259ksini tap\u0131b v\u0259 h\u0259r iki dilin \u00f6yr\u0259nilm\u0259si yerli qanunlarla m\u0259cburidir,\u201d dey\u0259 b\u0259yanatda \u0259lav\u0259 edilir.\n<\/p>\n<p>\n  \u201c\u00d6l\u00fcm\u00fc il\u0259 Razin Rusiyan\u0131 v\u0259 b\u00fct\u00fcn d\u00fcnyan\u0131 Udmurt dilinin f\u0259lak\u0259tli v\u0259ziyy\u0259tin\u0259 diqq\u0259t yetirm\u0259y\u0259 v\u0259 onu qorumaq \u00fc\u00e7\u00fcn t\u0259dbirl\u0259r g\u00f6rm\u0259y\u0259 \u00e7a\u011f\u0131r\u0131\u015f edib,\u201d- Udmurt m\u0259d\u0259niyy\u0259tini t\u0259bli\u011f ed\u0259n Udmurtlik qrupu sosial mediada qeyd edib.\n<\/p>\n<p>\n  \u201cBiz art\u0131q Udmurt dilinin probleml\u0259rin\u0259 m\u0259h\u0259l qoymama\u011fa davam ed\u0259 v\u0259 onun \u00f6l\u00fcm\u00fcn\u0259 laqeyd qala bilm\u0259rik,\u201d dey\u0259 f\u0259allar \u0259lav\u0259 edibl\u0259r.\n<\/p>\n<p>\n  Prezident Vladimir Putinin \u0130nsan H\u00fcquqlar\u0131 \u015euras\u0131n\u0131n \u00fczv\u00fc Andrey Babu\u015fkin \u201c\u0130nterfaks\u201da \u201cinsan haqlar\u0131 f\u0259allar\u0131 v\u0259ziyy\u0259tin (Udmurtiyada) dig\u0259r b\u00f6lg\u0259l\u0259r\u0259 nisb\u0259t\u0259n daha yax\u015f\u0131 oldu\u011funa inan\u0131rlar\u201d- deyib.\n<\/p>\n<p>\n  \u201cLakin Razinin \u00f6z\u00fcn\u00fc yand\u0131rmas\u0131 g\u00f6st\u0259rdi ki, h\u0259r \u015fey \u0259slind\u0259 g\u00f6r\u00fcnd\u00fcy\u00fc q\u0259d\u0259r yax\u015f\u0131 deyil,\u201d dey\u0259 Babu\u015fkin \u0259lav\u0259 edib.\n<\/p>\n<p>\n  Udmurt dili Finno-Uqor dill\u0259ri qrupuna daxildir. Bu dild\u0259 dan\u0131\u015fan insanlar\u0131n say\u0131 2002-ci ild\u0259 463.000-d\u0259n 2010-cu ild\u0259 324.000-\u0259 q\u0259d\u0259r azal\u0131b. Rusiyan\u0131n bu iki ild\u0259 h\u0259yata ke\u00e7irdiyi milli siyah\u0131yaalma m\u0259lumatlar\u0131nda bel\u0259 qeyd edilib.<\/p>\n","protected":false},"excerpt":{"rendered":"<p>79 ya\u015fl\u0131 \u015f\u0259xsin dil siyas\u0259tin\u0259 etiraz olaraq \u00f6z\u00fcn\u00fc yand\u0131rmas\u0131 beyn\u0259lxalq t\u0259\u015fkilatlar\u0131n diqq\u0259tini \u00e7\u0259kib<\/p>\n","protected":false},"author":11,"featured_media":119693,"comment_status":"closed","ping_status":"open","sticky":false,"template":"","format":"standard","meta":{"_acf_changed":false,"_sitemap_exclude":false,"_sitemap_priority":"","_sitemap_frequency":"","footnotes":""},"categories":[64],"tags":[],"class_list":["post-196962","post","type-post","status-publish","format-standard","has-post-thumbnail","hentry","category-dunya","infinite-scroll-item","generate-columns","tablet-grid-50","mobile-grid-100","grid-parent","grid-33","no-featured-image-padding"],"acf":[],"yoast_head":"<!-- This site is optimized with the Yoast SEO plugin v27.5 - https:\/\/yoast.com\/product\/yoast-seo-wordpress\/ -->\n<title>Rusiyaya dil m\u00fcxt\u0259lifliyinin qorunmas\u0131 haqda x\u0259b\u0259rdarl\u0131q edilib - MEYDAN.TV<\/title>\n<meta name=\"robots\" content=\"index, follow, max-snippet:-1, max-image-preview:large, max-video-preview:-1\" \/>\n<link rel=\"canonical\" href=\"https:\/\/www.meydan.tv\/az\/article\/rusiyaya-dil-muxtelifliyinin-qorunmasi-haqda-xeberdarliq-edilib\/\" \/>\n<meta property=\"og:locale\" content=\"az_AZ\" \/>\n<meta property=\"og:type\" content=\"article\" \/>\n<meta property=\"og:title\" content=\"Rusiyaya dil m\u00fcxt\u0259lifliyinin qorunmas\u0131 haqda x\u0259b\u0259rdarl\u0131q edilib - MEYDAN.TV\" \/>\n<meta property=\"og:description\" content=\"79 ya\u015fl\u0131 \u015f\u0259xsin dil siyas\u0259tin\u0259 etiraz olaraq \u00f6z\u00fcn\u00fc yand\u0131rmas\u0131 beyn\u0259lxalq t\u0259\u015fkilatlar\u0131n diqq\u0259tini \u00e7\u0259kib\" \/>\n<meta property=\"og:url\" content=\"https:\/\/www.meydan.tv\/az\/article\/rusiyaya-dil-muxtelifliyinin-qorunmasi-haqda-xeberdarliq-edilib\/\" \/>\n<meta property=\"og:site_name\" content=\"MEYDAN.TV\" \/>\n<meta property=\"article:published_time\" content=\"2019-09-13T14:25:32+00:00\" \/>\n<meta property=\"og:image\" content=\"https:\/\/www.meydan.tv\/wp-content\/uploads\/1046014822.jpg\" \/>\n\t<meta property=\"og:image:width\" content=\"1000\" \/>\n\t<meta property=\"og:image:height\" content=\"541\" \/>\n\t<meta property=\"og:image:type\" content=\"image\/jpeg\" \/>\n<meta name=\"author\" content=\"user-manager\" \/>\n<meta name=\"twitter:card\" content=\"summary_large_image\" \/>\n<script type=\"application\/ld+json\" class=\"yoast-schema-graph\">{\"@context\":\"https:\\\/\\\/schema.org\",\"@graph\":[{\"@type\":\"Article\",\"@id\":\"https:\\\/\\\/www.meydan.tv\\\/az\\\/article\\\/rusiyaya-dil-muxtelifliyinin-qorunmasi-haqda-xeberdarliq-edilib\\\/#article\",\"isPartOf\":{\"@id\":\"https:\\\/\\\/www.meydan.tv\\\/az\\\/article\\\/rusiyaya-dil-muxtelifliyinin-qorunmasi-haqda-xeberdarliq-edilib\\\/\"},\"author\":{\"name\":\"user-manager\",\"@id\":\"https:\\\/\\\/www.meydan.tv\\\/az\\\/#\\\/schema\\\/person\\\/10d11eccf6da3662cf5fdab9806ea91a\"},\"headline\":\"Rusiyaya dil m\u00fcxt\u0259lifliyinin qorunmas\u0131 haqda x\u0259b\u0259rdarl\u0131q edilib\",\"datePublished\":\"2019-09-13T14:25:32+00:00\",\"mainEntityOfPage\":{\"@id\":\"https:\\\/\\\/www.meydan.tv\\\/az\\\/article\\\/rusiyaya-dil-muxtelifliyinin-qorunmasi-haqda-xeberdarliq-edilib\\\/\"},\"wordCount\":654,\"publisher\":{\"@id\":\"https:\\\/\\\/www.meydan.tv\\\/az\\\/#organization\"},\"image\":{\"@id\":\"https:\\\/\\\/www.meydan.tv\\\/az\\\/article\\\/rusiyaya-dil-muxtelifliyinin-qorunmasi-haqda-xeberdarliq-edilib\\\/#primaryimage\"},\"thumbnailUrl\":\"https:\\\/\\\/www.meydan.tv\\\/wp-content\\\/uploads\\\/1046014822.jpg\",\"articleSection\":[\"D\u00fcnya\"],\"inLanguage\":\"az\"},{\"@type\":\"WebPage\",\"@id\":\"https:\\\/\\\/www.meydan.tv\\\/az\\\/article\\\/rusiyaya-dil-muxtelifliyinin-qorunmasi-haqda-xeberdarliq-edilib\\\/\",\"url\":\"https:\\\/\\\/www.meydan.tv\\\/az\\\/article\\\/rusiyaya-dil-muxtelifliyinin-qorunmasi-haqda-xeberdarliq-edilib\\\/\",\"name\":\"Rusiyaya dil m\u00fcxt\u0259lifliyinin qorunmas\u0131 haqda x\u0259b\u0259rdarl\u0131q edilib - MEYDAN.TV\",\"isPartOf\":{\"@id\":\"https:\\\/\\\/www.meydan.tv\\\/az\\\/#website\"},\"primaryImageOfPage\":{\"@id\":\"https:\\\/\\\/www.meydan.tv\\\/az\\\/article\\\/rusiyaya-dil-muxtelifliyinin-qorunmasi-haqda-xeberdarliq-edilib\\\/#primaryimage\"},\"image\":{\"@id\":\"https:\\\/\\\/www.meydan.tv\\\/az\\\/article\\\/rusiyaya-dil-muxtelifliyinin-qorunmasi-haqda-xeberdarliq-edilib\\\/#primaryimage\"},\"thumbnailUrl\":\"https:\\\/\\\/www.meydan.tv\\\/wp-content\\\/uploads\\\/1046014822.jpg\",\"datePublished\":\"2019-09-13T14:25:32+00:00\",\"breadcrumb\":{\"@id\":\"https:\\\/\\\/www.meydan.tv\\\/az\\\/article\\\/rusiyaya-dil-muxtelifliyinin-qorunmasi-haqda-xeberdarliq-edilib\\\/#breadcrumb\"},\"inLanguage\":\"az\",\"potentialAction\":[{\"@type\":\"ReadAction\",\"target\":[\"https:\\\/\\\/www.meydan.tv\\\/az\\\/article\\\/rusiyaya-dil-muxtelifliyinin-qorunmasi-haqda-xeberdarliq-edilib\\\/\"]}]},{\"@type\":\"ImageObject\",\"inLanguage\":\"az\",\"@id\":\"https:\\\/\\\/www.meydan.tv\\\/az\\\/article\\\/rusiyaya-dil-muxtelifliyinin-qorunmasi-haqda-xeberdarliq-edilib\\\/#primaryimage\",\"url\":\"https:\\\/\\\/www.meydan.tv\\\/wp-content\\\/uploads\\\/1046014822.jpg\",\"contentUrl\":\"https:\\\/\\\/www.meydan.tv\\\/wp-content\\\/uploads\\\/1046014822.jpg\",\"width\":1000,\"height\":541,\"caption\":\"Source: Meydan TV\"},{\"@type\":\"BreadcrumbList\",\"@id\":\"https:\\\/\\\/www.meydan.tv\\\/az\\\/article\\\/rusiyaya-dil-muxtelifliyinin-qorunmasi-haqda-xeberdarliq-edilib\\\/#breadcrumb\",\"itemListElement\":[{\"@type\":\"ListItem\",\"position\":1,\"name\":\"Ana s\u0259hif\u0259\",\"item\":\"https:\\\/\\\/www.meydan.tv\\\/az\\\/\"},{\"@type\":\"ListItem\",\"position\":2,\"name\":\"D\u00fcnya\",\"item\":\"https:\\\/\\\/www.meydan.tv\\\/az\\\/section\\\/dunya\\\/\"},{\"@type\":\"ListItem\",\"position\":3,\"name\":\"Rusiyaya dil m\u00fcxt\u0259lifliyinin qorunmas\u0131 haqda x\u0259b\u0259rdarl\u0131q edilib\"}]},{\"@type\":\"WebSite\",\"@id\":\"https:\\\/\\\/www.meydan.tv\\\/az\\\/#website\",\"url\":\"https:\\\/\\\/www.meydan.tv\\\/az\\\/\",\"name\":\"MEYDAN.TV\",\"description\":\"Meydan TV Az\u0259rbaycan\u0131n media m\u0259kan\u0131ndak\u0131 alternativ s\u0259sidir\",\"publisher\":{\"@id\":\"https:\\\/\\\/www.meydan.tv\\\/az\\\/#organization\"},\"potentialAction\":[{\"@type\":\"SearchAction\",\"target\":{\"@type\":\"EntryPoint\",\"urlTemplate\":\"https:\\\/\\\/www.meydan.tv\\\/az\\\/?s={search_term_string}\"},\"query-input\":{\"@type\":\"PropertyValueSpecification\",\"valueRequired\":true,\"valueName\":\"search_term_string\"}}],\"inLanguage\":\"az\"},{\"@type\":\"Organization\",\"@id\":\"https:\\\/\\\/www.meydan.tv\\\/az\\\/#organization\",\"name\":\"Meydan TV\",\"url\":\"https:\\\/\\\/www.meydan.tv\\\/az\\\/\",\"logo\":{\"@type\":\"ImageObject\",\"inLanguage\":\"az\",\"@id\":\"https:\\\/\\\/www.meydan.tv\\\/az\\\/#\\\/schema\\\/logo\\\/image\\\/\",\"url\":\"https:\\\/\\\/www.meydan.tv\\\/wp-content\\\/uploads\\\/2021\\\/07\\\/meydan-logo.svg\",\"contentUrl\":\"https:\\\/\\\/www.meydan.tv\\\/wp-content\\\/uploads\\\/2021\\\/07\\\/meydan-logo.svg\",\"width\":195,\"height\":46,\"caption\":\"Meydan TV\"},\"image\":{\"@id\":\"https:\\\/\\\/www.meydan.tv\\\/az\\\/#\\\/schema\\\/logo\\\/image\\\/\"}},{\"@type\":\"Person\",\"@id\":\"https:\\\/\\\/www.meydan.tv\\\/az\\\/#\\\/schema\\\/person\\\/10d11eccf6da3662cf5fdab9806ea91a\",\"name\":\"user-manager\"}]}<\/script>\n<!-- \/ Yoast SEO plugin. -->","yoast_head_json":{"title":"Rusiyaya dil m\u00fcxt\u0259lifliyinin qorunmas\u0131 haqda x\u0259b\u0259rdarl\u0131q edilib - MEYDAN.TV","robots":{"index":"index","follow":"follow","max-snippet":"max-snippet:-1","max-image-preview":"max-image-preview:large","max-video-preview":"max-video-preview:-1"},"canonical":"https:\/\/www.meydan.tv\/az\/article\/rusiyaya-dil-muxtelifliyinin-qorunmasi-haqda-xeberdarliq-edilib\/","og_locale":"az_AZ","og_type":"article","og_title":"Rusiyaya dil m\u00fcxt\u0259lifliyinin qorunmas\u0131 haqda x\u0259b\u0259rdarl\u0131q edilib - MEYDAN.TV","og_description":"79 ya\u015fl\u0131 \u015f\u0259xsin dil siyas\u0259tin\u0259 etiraz olaraq \u00f6z\u00fcn\u00fc yand\u0131rmas\u0131 beyn\u0259lxalq t\u0259\u015fkilatlar\u0131n diqq\u0259tini \u00e7\u0259kib","og_url":"https:\/\/www.meydan.tv\/az\/article\/rusiyaya-dil-muxtelifliyinin-qorunmasi-haqda-xeberdarliq-edilib\/","og_site_name":"MEYDAN.TV","article_published_time":"2019-09-13T14:25:32+00:00","og_image":[{"width":1000,"height":541,"url":"https:\/\/www.meydan.tv\/wp-content\/uploads\/1046014822.jpg","type":"image\/jpeg"}],"author":"user-manager","twitter_card":"summary_large_image","schema":{"@context":"https:\/\/schema.org","@graph":[{"@type":"Article","@id":"https:\/\/www.meydan.tv\/az\/article\/rusiyaya-dil-muxtelifliyinin-qorunmasi-haqda-xeberdarliq-edilib\/#article","isPartOf":{"@id":"https:\/\/www.meydan.tv\/az\/article\/rusiyaya-dil-muxtelifliyinin-qorunmasi-haqda-xeberdarliq-edilib\/"},"author":{"name":"user-manager","@id":"https:\/\/www.meydan.tv\/az\/#\/schema\/person\/10d11eccf6da3662cf5fdab9806ea91a"},"headline":"Rusiyaya dil m\u00fcxt\u0259lifliyinin qorunmas\u0131 haqda x\u0259b\u0259rdarl\u0131q edilib","datePublished":"2019-09-13T14:25:32+00:00","mainEntityOfPage":{"@id":"https:\/\/www.meydan.tv\/az\/article\/rusiyaya-dil-muxtelifliyinin-qorunmasi-haqda-xeberdarliq-edilib\/"},"wordCount":654,"publisher":{"@id":"https:\/\/www.meydan.tv\/az\/#organization"},"image":{"@id":"https:\/\/www.meydan.tv\/az\/article\/rusiyaya-dil-muxtelifliyinin-qorunmasi-haqda-xeberdarliq-edilib\/#primaryimage"},"thumbnailUrl":"https:\/\/www.meydan.tv\/wp-content\/uploads\/1046014822.jpg","articleSection":["D\u00fcnya"],"inLanguage":"az"},{"@type":"WebPage","@id":"https:\/\/www.meydan.tv\/az\/article\/rusiyaya-dil-muxtelifliyinin-qorunmasi-haqda-xeberdarliq-edilib\/","url":"https:\/\/www.meydan.tv\/az\/article\/rusiyaya-dil-muxtelifliyinin-qorunmasi-haqda-xeberdarliq-edilib\/","name":"Rusiyaya dil m\u00fcxt\u0259lifliyinin qorunmas\u0131 haqda x\u0259b\u0259rdarl\u0131q edilib - MEYDAN.TV","isPartOf":{"@id":"https:\/\/www.meydan.tv\/az\/#website"},"primaryImageOfPage":{"@id":"https:\/\/www.meydan.tv\/az\/article\/rusiyaya-dil-muxtelifliyinin-qorunmasi-haqda-xeberdarliq-edilib\/#primaryimage"},"image":{"@id":"https:\/\/www.meydan.tv\/az\/article\/rusiyaya-dil-muxtelifliyinin-qorunmasi-haqda-xeberdarliq-edilib\/#primaryimage"},"thumbnailUrl":"https:\/\/www.meydan.tv\/wp-content\/uploads\/1046014822.jpg","datePublished":"2019-09-13T14:25:32+00:00","breadcrumb":{"@id":"https:\/\/www.meydan.tv\/az\/article\/rusiyaya-dil-muxtelifliyinin-qorunmasi-haqda-xeberdarliq-edilib\/#breadcrumb"},"inLanguage":"az","potentialAction":[{"@type":"ReadAction","target":["https:\/\/www.meydan.tv\/az\/article\/rusiyaya-dil-muxtelifliyinin-qorunmasi-haqda-xeberdarliq-edilib\/"]}]},{"@type":"ImageObject","inLanguage":"az","@id":"https:\/\/www.meydan.tv\/az\/article\/rusiyaya-dil-muxtelifliyinin-qorunmasi-haqda-xeberdarliq-edilib\/#primaryimage","url":"https:\/\/www.meydan.tv\/wp-content\/uploads\/1046014822.jpg","contentUrl":"https:\/\/www.meydan.tv\/wp-content\/uploads\/1046014822.jpg","width":1000,"height":541,"caption":"Source: Meydan TV"},{"@type":"BreadcrumbList","@id":"https:\/\/www.meydan.tv\/az\/article\/rusiyaya-dil-muxtelifliyinin-qorunmasi-haqda-xeberdarliq-edilib\/#breadcrumb","itemListElement":[{"@type":"ListItem","position":1,"name":"Ana s\u0259hif\u0259","item":"https:\/\/www.meydan.tv\/az\/"},{"@type":"ListItem","position":2,"name":"D\u00fcnya","item":"https:\/\/www.meydan.tv\/az\/section\/dunya\/"},{"@type":"ListItem","position":3,"name":"Rusiyaya dil m\u00fcxt\u0259lifliyinin qorunmas\u0131 haqda x\u0259b\u0259rdarl\u0131q edilib"}]},{"@type":"WebSite","@id":"https:\/\/www.meydan.tv\/az\/#website","url":"https:\/\/www.meydan.tv\/az\/","name":"MEYDAN.TV","description":"Meydan TV Az\u0259rbaycan\u0131n media m\u0259kan\u0131ndak\u0131 alternativ s\u0259sidir","publisher":{"@id":"https:\/\/www.meydan.tv\/az\/#organization"},"potentialAction":[{"@type":"SearchAction","target":{"@type":"EntryPoint","urlTemplate":"https:\/\/www.meydan.tv\/az\/?s={search_term_string}"},"query-input":{"@type":"PropertyValueSpecification","valueRequired":true,"valueName":"search_term_string"}}],"inLanguage":"az"},{"@type":"Organization","@id":"https:\/\/www.meydan.tv\/az\/#organization","name":"Meydan TV","url":"https:\/\/www.meydan.tv\/az\/","logo":{"@type":"ImageObject","inLanguage":"az","@id":"https:\/\/www.meydan.tv\/az\/#\/schema\/logo\/image\/","url":"https:\/\/www.meydan.tv\/wp-content\/uploads\/2021\/07\/meydan-logo.svg","contentUrl":"https:\/\/www.meydan.tv\/wp-content\/uploads\/2021\/07\/meydan-logo.svg","width":195,"height":46,"caption":"Meydan TV"},"image":{"@id":"https:\/\/www.meydan.tv\/az\/#\/schema\/logo\/image\/"}},{"@type":"Person","@id":"https:\/\/www.meydan.tv\/az\/#\/schema\/person\/10d11eccf6da3662cf5fdab9806ea91a","name":"user-manager"}]}},"_links":{"self":[{"href":"https:\/\/www.meydan.tv\/az\/wp-json\/wp\/v2\/posts\/196962","targetHints":{"allow":["GET"]}}],"collection":[{"href":"https:\/\/www.meydan.tv\/az\/wp-json\/wp\/v2\/posts"}],"about":[{"href":"https:\/\/www.meydan.tv\/az\/wp-json\/wp\/v2\/types\/post"}],"author":[{"embeddable":true,"href":"https:\/\/www.meydan.tv\/az\/wp-json\/wp\/v2\/users\/11"}],"replies":[{"embeddable":true,"href":"https:\/\/www.meydan.tv\/az\/wp-json\/wp\/v2\/comments?post=196962"}],"version-history":[{"count":0,"href":"https:\/\/www.meydan.tv\/az\/wp-json\/wp\/v2\/posts\/196962\/revisions"}],"wp:featuredmedia":[{"embeddable":true,"href":"https:\/\/www.meydan.tv\/az\/wp-json\/wp\/v2\/media\/119693"}],"wp:attachment":[{"href":"https:\/\/www.meydan.tv\/az\/wp-json\/wp\/v2\/media?parent=196962"}],"wp:term":[{"taxonomy":"category","embeddable":true,"href":"https:\/\/www.meydan.tv\/az\/wp-json\/wp\/v2\/categories?post=196962"},{"taxonomy":"post_tag","embeddable":true,"href":"https:\/\/www.meydan.tv\/az\/wp-json\/wp\/v2\/tags?post=196962"}],"curies":[{"name":"wp","href":"https:\/\/api.w.org\/{rel}","templated":true}]}}