{"id":196956,"date":"2019-09-13T13:30:02","date_gmt":"2019-09-13T13:30:02","guid":{"rendered":"https:\/\/www.meydan.tv\/article\/tramp-talibana-zerbe-endireceyine-soz-verib\/"},"modified":"2019-09-13T13:30:02","modified_gmt":"2019-09-13T13:30:02","slug":"tramp-talibana-zerbe-endireceyine-soz-verib","status":"publish","type":"post","link":"https:\/\/www.meydan.tv\/az\/article\/tramp-talibana-zerbe-endireceyine-soz-verib\/","title":{"rendered":"Tramp Talibana z\u0259rb\u0259 endir\u0259c\u0259yin\u0259 s\u00f6z verib"},"content":{"rendered":"<p>\n  <i><br \/>\n    Prezident militanlara \u00e7a\u011f\u0131r\u0131\u015f ed\u0259r\u0259k onlara bir daha AB\u015e-a h\u00fccum etm\u0259m\u0259l\u0259ri bar\u0259d\u0259 x\u0259b\u0259rdarl\u0131q edib<br \/>\n  <\/i>\n<\/p>\n<p>\n  AB\u015e prezidenti Donald Tramp 2001-ci il 11 sentyabr terror akt\u0131n\u0131n 18-ci ild\u00f6n\u00fcm\u00fcnd\u0259 \u00e7\u0131x\u0131\u015f ed\u0259r\u0259k Talibana h\u0259r zamank\u0131ndan daha a\u011f\u0131r z\u0259rb\u0259 endiril\u0259c\u0259yin\u0259 s\u00f6z verib, &#8211; RFE\/RL x\u0259b\u0259r verir.\n<\/p>\n<p>\n  Tramp Pentaqonda \u00e7\u0131x\u0131\u015f ed\u0259r\u0259k 11 sentyabr h\u00fccumu zaman\u0131 h\u0259lak olan 3000-\u0259 yax\u0131n insan\u0131n xatir\u0259sini yad edib. \u00c7\u0131x\u0131\u015fdan bir ne\u00e7\u0259 g\u00fcn \u00f6nc\u0259 Tramp Talibanla s\u00fclh dan\u0131\u015f\u0131qlar\u0131n\u0131n \u201c\u00f6ld\u00fcy\u00fcn\u00fc\u201d elan etmi\u015fdi.\n<\/p>\n<p>\n  \u201cSon d\u00f6rd g\u00fcnd\u0259 AB\u015e q\u00fcvv\u0259l\u0259ri d\u00fc\u015fm\u0259nimizi \u0259vv\u0259ll\u0259r vurdu\u011fundan daha a\u011f\u0131r z\u0259rb\u0259l\u0259rl\u0259 vurub v\u0259 bu davam ed\u0259c\u0259k,\u201d &#8211; Tramp deyib.\n<\/p>\n<p>\n  Prezident militanlara \u00e7a\u011f\u0131r\u0131\u015f ed\u0259r\u0259k onlara bir daha AB\u015e-a h\u00fccum etm\u0259m\u0259l\u0259ri bar\u0259d\u0259 x\u0259b\u0259rdarl\u0131q edib.\n<\/p>\n<p>\n  \u201c\u018fks halda onlar bundan sonra ba\u015flar\u0131na g\u0259l\u0259c\u0259kl\u0259rd\u0259n x\u0259b\u0259rdar deyill\u0259r,\u201d- Tramp deyib. O h\u0259m\u00e7inin bildirib ki, n\u00fcv\u0259 silah\u0131ndan istifad\u0259ni n\u0259z\u0259rd\u0259 tutmur.\n<\/p>\n<p>\n  Tramp\u0131n \u00e7\u0131x\u0131\u015f\u0131 il\u0259 eyni zamanda 2001-ci ild\u0259 AB\u015e torpaqlar\u0131na terror h\u00fccumlar\u0131n\u0131 h\u0259yata ke\u00e7ir\u0259n \u018fl-Qaid\u0259 terror \u015f\u0259b\u0259k\u0259sinin lideri Ayman \u0259l-Z\u0259vahiri (Ayman al-Zawahiri) \u00e7\u0131x\u0131\u015f ed\u0259r\u0259k, \u201c\u0130srail, Amerika, \u0130ngilt\u0259r\u0259, Fransa, Rusiya v\u0259 dig\u0259r Avropa m\u00fctt\u0259fiql\u0259rinin maraqlar\u0131na h\u00fccum,\u201d \u00e7a\u011f\u0131r\u0131\u015f\u0131 edib.\n<\/p>\n<p>\n  2011-ci ild\u0259 qrupla\u015fman\u0131n lideri Osama bin Laden AB\u015e-\u0131n Pakistandak\u0131 x\u00fcsusi t\u0259yinatl\u0131lar\u0131 t\u0259r\u0259find\u0259n \u00f6ld\u00fcr\u00fcld\u00fckd\u0259n sonra Z\u0259vahiri \u0259l-Qaid\u0259nin ba\u015f\u00e7\u0131s\u0131 olaraq se\u00e7ilib.\n<\/p>\n<p>\n  Sentyabr\u0131n 11-d\u0259 etdiyi a\u00e7\u0131qlamada Tramp ke\u00e7\u0259n h\u0259ft\u0259 bir AB\u015e \u0259sg\u0259ri v\u0259 11 n\u0259f\u0259rin \u00f6l\u00fcm\u00fcn\u0259 s\u0259b\u0259b olan Kabuldak\u0131 h\u00fccumdan sonra Talibanla s\u00fclh dan\u0131\u015f\u0131qlar\u0131n\u0131 dayand\u0131rd\u0131\u011f\u0131n\u0131 bir daha t\u0259krarlay\u0131b.\n<\/p>\n<p>\n  18 illik m\u00fcharib\u0259ni dayand\u0131rmaq \u00fc\u00e7\u00fcn Q\u0259t\u0259rd\u0259 Talibanla ke\u00e7irilmi\u015f doqquz g\u00f6r\u00fc\u015fm\u0259d\u0259n sonra AB\u015e-\u0131n s\u00fclh el\u00e7isi Zalmay X\u0259lilzad militanlarla \u201cprinsipc\u0259\u201d raz\u0131l\u0131\u011fa g\u0259ldiyini demi\u015fdi.<\/p>\n","protected":false},"excerpt":{"rendered":"<p>Prezident militanlara \u00e7a\u011f\u0131r\u0131\u015f ed\u0259r\u0259k onlara bir daha AB\u015e-a h\u00fccum etm\u0259m\u0259l\u0259ri bar\u0259d\u0259 x\u0259b\u0259rdarl\u0131q edib<\/p>\n","protected":false},"author":11,"featured_media":72644,"comment_status":"closed","ping_status":"open","sticky":false,"template":"","format":"standard","meta":{"_acf_changed":false,"_sitemap_exclude":false,"_sitemap_priority":"","_sitemap_frequency":"","footnotes":""},"categories":[64],"tags":[],"class_list":["post-196956","post","type-post","status-publish","format-standard","has-post-thumbnail","hentry","category-dunya","infinite-scroll-item","generate-columns","tablet-grid-50","mobile-grid-100","grid-parent","grid-33","no-featured-image-padding"],"acf":[],"yoast_head":"<!-- This site is optimized with the Yoast SEO plugin v27.5 - https:\/\/yoast.com\/product\/yoast-seo-wordpress\/ -->\n<title>Tramp Talibana z\u0259rb\u0259 endir\u0259c\u0259yin\u0259 s\u00f6z verib - MEYDAN.TV<\/title>\n<meta name=\"robots\" content=\"index, follow, max-snippet:-1, max-image-preview:large, max-video-preview:-1\" \/>\n<link rel=\"canonical\" href=\"https:\/\/www.meydan.tv\/az\/article\/tramp-talibana-zerbe-endireceyine-soz-verib\/\" \/>\n<meta property=\"og:locale\" content=\"az_AZ\" \/>\n<meta property=\"og:type\" content=\"article\" \/>\n<meta property=\"og:title\" content=\"Tramp Talibana z\u0259rb\u0259 endir\u0259c\u0259yin\u0259 s\u00f6z verib - MEYDAN.TV\" \/>\n<meta property=\"og:description\" content=\"Prezident militanlara \u00e7a\u011f\u0131r\u0131\u015f ed\u0259r\u0259k onlara bir daha AB\u015e-a h\u00fccum etm\u0259m\u0259l\u0259ri bar\u0259d\u0259 x\u0259b\u0259rdarl\u0131q edib\" \/>\n<meta property=\"og:url\" content=\"https:\/\/www.meydan.tv\/az\/article\/tramp-talibana-zerbe-endireceyine-soz-verib\/\" \/>\n<meta property=\"og:site_name\" content=\"MEYDAN.TV\" \/>\n<meta property=\"article:published_time\" content=\"2019-09-13T13:30:02+00:00\" \/>\n<meta property=\"og:image\" content=\"https:\/\/www.meydan.tv\/wp-content\/uploads\/27981.jpg\" \/>\n\t<meta property=\"og:image:width\" content=\"600\" \/>\n\t<meta property=\"og:image:height\" content=\"400\" \/>\n\t<meta property=\"og:image:type\" content=\"image\/jpeg\" \/>\n<meta name=\"author\" content=\"user-manager\" \/>\n<meta name=\"twitter:card\" content=\"summary_large_image\" \/>\n<script type=\"application\/ld+json\" class=\"yoast-schema-graph\">{\"@context\":\"https:\\\/\\\/schema.org\",\"@graph\":[{\"@type\":\"Article\",\"@id\":\"https:\\\/\\\/www.meydan.tv\\\/az\\\/article\\\/tramp-talibana-zerbe-endireceyine-soz-verib\\\/#article\",\"isPartOf\":{\"@id\":\"https:\\\/\\\/www.meydan.tv\\\/az\\\/article\\\/tramp-talibana-zerbe-endireceyine-soz-verib\\\/\"},\"author\":{\"name\":\"user-manager\",\"@id\":\"https:\\\/\\\/www.meydan.tv\\\/az\\\/#\\\/schema\\\/person\\\/10d11eccf6da3662cf5fdab9806ea91a\"},\"headline\":\"Tramp Talibana z\u0259rb\u0259 endir\u0259c\u0259yin\u0259 s\u00f6z verib\",\"datePublished\":\"2019-09-13T13:30:02+00:00\",\"mainEntityOfPage\":{\"@id\":\"https:\\\/\\\/www.meydan.tv\\\/az\\\/article\\\/tramp-talibana-zerbe-endireceyine-soz-verib\\\/\"},\"wordCount\":395,\"publisher\":{\"@id\":\"https:\\\/\\\/www.meydan.tv\\\/az\\\/#organization\"},\"image\":{\"@id\":\"https:\\\/\\\/www.meydan.tv\\\/az\\\/article\\\/tramp-talibana-zerbe-endireceyine-soz-verib\\\/#primaryimage\"},\"thumbnailUrl\":\"https:\\\/\\\/www.meydan.tv\\\/wp-content\\\/uploads\\\/27981.jpg\",\"articleSection\":[\"D\u00fcnya\"],\"inLanguage\":\"az\"},{\"@type\":\"WebPage\",\"@id\":\"https:\\\/\\\/www.meydan.tv\\\/az\\\/article\\\/tramp-talibana-zerbe-endireceyine-soz-verib\\\/\",\"url\":\"https:\\\/\\\/www.meydan.tv\\\/az\\\/article\\\/tramp-talibana-zerbe-endireceyine-soz-verib\\\/\",\"name\":\"Tramp Talibana z\u0259rb\u0259 endir\u0259c\u0259yin\u0259 s\u00f6z verib - MEYDAN.TV\",\"isPartOf\":{\"@id\":\"https:\\\/\\\/www.meydan.tv\\\/az\\\/#website\"},\"primaryImageOfPage\":{\"@id\":\"https:\\\/\\\/www.meydan.tv\\\/az\\\/article\\\/tramp-talibana-zerbe-endireceyine-soz-verib\\\/#primaryimage\"},\"image\":{\"@id\":\"https:\\\/\\\/www.meydan.tv\\\/az\\\/article\\\/tramp-talibana-zerbe-endireceyine-soz-verib\\\/#primaryimage\"},\"thumbnailUrl\":\"https:\\\/\\\/www.meydan.tv\\\/wp-content\\\/uploads\\\/27981.jpg\",\"datePublished\":\"2019-09-13T13:30:02+00:00\",\"breadcrumb\":{\"@id\":\"https:\\\/\\\/www.meydan.tv\\\/az\\\/article\\\/tramp-talibana-zerbe-endireceyine-soz-verib\\\/#breadcrumb\"},\"inLanguage\":\"az\",\"potentialAction\":[{\"@type\":\"ReadAction\",\"target\":[\"https:\\\/\\\/www.meydan.tv\\\/az\\\/article\\\/tramp-talibana-zerbe-endireceyine-soz-verib\\\/\"]}]},{\"@type\":\"ImageObject\",\"inLanguage\":\"az\",\"@id\":\"https:\\\/\\\/www.meydan.tv\\\/az\\\/article\\\/tramp-talibana-zerbe-endireceyine-soz-verib\\\/#primaryimage\",\"url\":\"https:\\\/\\\/www.meydan.tv\\\/wp-content\\\/uploads\\\/27981.jpg\",\"contentUrl\":\"https:\\\/\\\/www.meydan.tv\\\/wp-content\\\/uploads\\\/27981.jpg\",\"width\":600,\"height\":400,\"caption\":\"Source:\"},{\"@type\":\"BreadcrumbList\",\"@id\":\"https:\\\/\\\/www.meydan.tv\\\/az\\\/article\\\/tramp-talibana-zerbe-endireceyine-soz-verib\\\/#breadcrumb\",\"itemListElement\":[{\"@type\":\"ListItem\",\"position\":1,\"name\":\"Ana s\u0259hif\u0259\",\"item\":\"https:\\\/\\\/www.meydan.tv\\\/az\\\/\"},{\"@type\":\"ListItem\",\"position\":2,\"name\":\"D\u00fcnya\",\"item\":\"https:\\\/\\\/www.meydan.tv\\\/az\\\/section\\\/dunya\\\/\"},{\"@type\":\"ListItem\",\"position\":3,\"name\":\"Tramp Talibana z\u0259rb\u0259 endir\u0259c\u0259yin\u0259 s\u00f6z verib\"}]},{\"@type\":\"WebSite\",\"@id\":\"https:\\\/\\\/www.meydan.tv\\\/az\\\/#website\",\"url\":\"https:\\\/\\\/www.meydan.tv\\\/az\\\/\",\"name\":\"MEYDAN.TV\",\"description\":\"Meydan TV Az\u0259rbaycan\u0131n media m\u0259kan\u0131ndak\u0131 alternativ s\u0259sidir\",\"publisher\":{\"@id\":\"https:\\\/\\\/www.meydan.tv\\\/az\\\/#organization\"},\"potentialAction\":[{\"@type\":\"SearchAction\",\"target\":{\"@type\":\"EntryPoint\",\"urlTemplate\":\"https:\\\/\\\/www.meydan.tv\\\/az\\\/?s={search_term_string}\"},\"query-input\":{\"@type\":\"PropertyValueSpecification\",\"valueRequired\":true,\"valueName\":\"search_term_string\"}}],\"inLanguage\":\"az\"},{\"@type\":\"Organization\",\"@id\":\"https:\\\/\\\/www.meydan.tv\\\/az\\\/#organization\",\"name\":\"Meydan TV\",\"url\":\"https:\\\/\\\/www.meydan.tv\\\/az\\\/\",\"logo\":{\"@type\":\"ImageObject\",\"inLanguage\":\"az\",\"@id\":\"https:\\\/\\\/www.meydan.tv\\\/az\\\/#\\\/schema\\\/logo\\\/image\\\/\",\"url\":\"https:\\\/\\\/www.meydan.tv\\\/wp-content\\\/uploads\\\/2021\\\/07\\\/meydan-logo.svg\",\"contentUrl\":\"https:\\\/\\\/www.meydan.tv\\\/wp-content\\\/uploads\\\/2021\\\/07\\\/meydan-logo.svg\",\"width\":195,\"height\":46,\"caption\":\"Meydan TV\"},\"image\":{\"@id\":\"https:\\\/\\\/www.meydan.tv\\\/az\\\/#\\\/schema\\\/logo\\\/image\\\/\"}},{\"@type\":\"Person\",\"@id\":\"https:\\\/\\\/www.meydan.tv\\\/az\\\/#\\\/schema\\\/person\\\/10d11eccf6da3662cf5fdab9806ea91a\",\"name\":\"user-manager\"}]}<\/script>\n<!-- \/ Yoast SEO plugin. -->","yoast_head_json":{"title":"Tramp Talibana z\u0259rb\u0259 endir\u0259c\u0259yin\u0259 s\u00f6z verib - MEYDAN.TV","robots":{"index":"index","follow":"follow","max-snippet":"max-snippet:-1","max-image-preview":"max-image-preview:large","max-video-preview":"max-video-preview:-1"},"canonical":"https:\/\/www.meydan.tv\/az\/article\/tramp-talibana-zerbe-endireceyine-soz-verib\/","og_locale":"az_AZ","og_type":"article","og_title":"Tramp Talibana z\u0259rb\u0259 endir\u0259c\u0259yin\u0259 s\u00f6z verib - MEYDAN.TV","og_description":"Prezident militanlara \u00e7a\u011f\u0131r\u0131\u015f ed\u0259r\u0259k onlara bir daha AB\u015e-a h\u00fccum etm\u0259m\u0259l\u0259ri bar\u0259d\u0259 x\u0259b\u0259rdarl\u0131q edib","og_url":"https:\/\/www.meydan.tv\/az\/article\/tramp-talibana-zerbe-endireceyine-soz-verib\/","og_site_name":"MEYDAN.TV","article_published_time":"2019-09-13T13:30:02+00:00","og_image":[{"width":600,"height":400,"url":"https:\/\/www.meydan.tv\/wp-content\/uploads\/27981.jpg","type":"image\/jpeg"}],"author":"user-manager","twitter_card":"summary_large_image","schema":{"@context":"https:\/\/schema.org","@graph":[{"@type":"Article","@id":"https:\/\/www.meydan.tv\/az\/article\/tramp-talibana-zerbe-endireceyine-soz-verib\/#article","isPartOf":{"@id":"https:\/\/www.meydan.tv\/az\/article\/tramp-talibana-zerbe-endireceyine-soz-verib\/"},"author":{"name":"user-manager","@id":"https:\/\/www.meydan.tv\/az\/#\/schema\/person\/10d11eccf6da3662cf5fdab9806ea91a"},"headline":"Tramp Talibana z\u0259rb\u0259 endir\u0259c\u0259yin\u0259 s\u00f6z verib","datePublished":"2019-09-13T13:30:02+00:00","mainEntityOfPage":{"@id":"https:\/\/www.meydan.tv\/az\/article\/tramp-talibana-zerbe-endireceyine-soz-verib\/"},"wordCount":395,"publisher":{"@id":"https:\/\/www.meydan.tv\/az\/#organization"},"image":{"@id":"https:\/\/www.meydan.tv\/az\/article\/tramp-talibana-zerbe-endireceyine-soz-verib\/#primaryimage"},"thumbnailUrl":"https:\/\/www.meydan.tv\/wp-content\/uploads\/27981.jpg","articleSection":["D\u00fcnya"],"inLanguage":"az"},{"@type":"WebPage","@id":"https:\/\/www.meydan.tv\/az\/article\/tramp-talibana-zerbe-endireceyine-soz-verib\/","url":"https:\/\/www.meydan.tv\/az\/article\/tramp-talibana-zerbe-endireceyine-soz-verib\/","name":"Tramp Talibana z\u0259rb\u0259 endir\u0259c\u0259yin\u0259 s\u00f6z verib - MEYDAN.TV","isPartOf":{"@id":"https:\/\/www.meydan.tv\/az\/#website"},"primaryImageOfPage":{"@id":"https:\/\/www.meydan.tv\/az\/article\/tramp-talibana-zerbe-endireceyine-soz-verib\/#primaryimage"},"image":{"@id":"https:\/\/www.meydan.tv\/az\/article\/tramp-talibana-zerbe-endireceyine-soz-verib\/#primaryimage"},"thumbnailUrl":"https:\/\/www.meydan.tv\/wp-content\/uploads\/27981.jpg","datePublished":"2019-09-13T13:30:02+00:00","breadcrumb":{"@id":"https:\/\/www.meydan.tv\/az\/article\/tramp-talibana-zerbe-endireceyine-soz-verib\/#breadcrumb"},"inLanguage":"az","potentialAction":[{"@type":"ReadAction","target":["https:\/\/www.meydan.tv\/az\/article\/tramp-talibana-zerbe-endireceyine-soz-verib\/"]}]},{"@type":"ImageObject","inLanguage":"az","@id":"https:\/\/www.meydan.tv\/az\/article\/tramp-talibana-zerbe-endireceyine-soz-verib\/#primaryimage","url":"https:\/\/www.meydan.tv\/wp-content\/uploads\/27981.jpg","contentUrl":"https:\/\/www.meydan.tv\/wp-content\/uploads\/27981.jpg","width":600,"height":400,"caption":"Source:"},{"@type":"BreadcrumbList","@id":"https:\/\/www.meydan.tv\/az\/article\/tramp-talibana-zerbe-endireceyine-soz-verib\/#breadcrumb","itemListElement":[{"@type":"ListItem","position":1,"name":"Ana s\u0259hif\u0259","item":"https:\/\/www.meydan.tv\/az\/"},{"@type":"ListItem","position":2,"name":"D\u00fcnya","item":"https:\/\/www.meydan.tv\/az\/section\/dunya\/"},{"@type":"ListItem","position":3,"name":"Tramp Talibana z\u0259rb\u0259 endir\u0259c\u0259yin\u0259 s\u00f6z verib"}]},{"@type":"WebSite","@id":"https:\/\/www.meydan.tv\/az\/#website","url":"https:\/\/www.meydan.tv\/az\/","name":"MEYDAN.TV","description":"Meydan TV Az\u0259rbaycan\u0131n media m\u0259kan\u0131ndak\u0131 alternativ s\u0259sidir","publisher":{"@id":"https:\/\/www.meydan.tv\/az\/#organization"},"potentialAction":[{"@type":"SearchAction","target":{"@type":"EntryPoint","urlTemplate":"https:\/\/www.meydan.tv\/az\/?s={search_term_string}"},"query-input":{"@type":"PropertyValueSpecification","valueRequired":true,"valueName":"search_term_string"}}],"inLanguage":"az"},{"@type":"Organization","@id":"https:\/\/www.meydan.tv\/az\/#organization","name":"Meydan TV","url":"https:\/\/www.meydan.tv\/az\/","logo":{"@type":"ImageObject","inLanguage":"az","@id":"https:\/\/www.meydan.tv\/az\/#\/schema\/logo\/image\/","url":"https:\/\/www.meydan.tv\/wp-content\/uploads\/2021\/07\/meydan-logo.svg","contentUrl":"https:\/\/www.meydan.tv\/wp-content\/uploads\/2021\/07\/meydan-logo.svg","width":195,"height":46,"caption":"Meydan TV"},"image":{"@id":"https:\/\/www.meydan.tv\/az\/#\/schema\/logo\/image\/"}},{"@type":"Person","@id":"https:\/\/www.meydan.tv\/az\/#\/schema\/person\/10d11eccf6da3662cf5fdab9806ea91a","name":"user-manager"}]}},"_links":{"self":[{"href":"https:\/\/www.meydan.tv\/az\/wp-json\/wp\/v2\/posts\/196956","targetHints":{"allow":["GET"]}}],"collection":[{"href":"https:\/\/www.meydan.tv\/az\/wp-json\/wp\/v2\/posts"}],"about":[{"href":"https:\/\/www.meydan.tv\/az\/wp-json\/wp\/v2\/types\/post"}],"author":[{"embeddable":true,"href":"https:\/\/www.meydan.tv\/az\/wp-json\/wp\/v2\/users\/11"}],"replies":[{"embeddable":true,"href":"https:\/\/www.meydan.tv\/az\/wp-json\/wp\/v2\/comments?post=196956"}],"version-history":[{"count":0,"href":"https:\/\/www.meydan.tv\/az\/wp-json\/wp\/v2\/posts\/196956\/revisions"}],"wp:featuredmedia":[{"embeddable":true,"href":"https:\/\/www.meydan.tv\/az\/wp-json\/wp\/v2\/media\/72644"}],"wp:attachment":[{"href":"https:\/\/www.meydan.tv\/az\/wp-json\/wp\/v2\/media?parent=196956"}],"wp:term":[{"taxonomy":"category","embeddable":true,"href":"https:\/\/www.meydan.tv\/az\/wp-json\/wp\/v2\/categories?post=196956"},{"taxonomy":"post_tag","embeddable":true,"href":"https:\/\/www.meydan.tv\/az\/wp-json\/wp\/v2\/tags?post=196956"}],"curies":[{"name":"wp","href":"https:\/\/api.w.org\/{rel}","templated":true}]}}