{"id":196955,"date":"2019-09-13T13:29:52","date_gmt":"2019-09-13T13:29:52","guid":{"rendered":"https:\/\/www.meydan.tv\/article\/fifa-resmileri-mavi-qiz-olumunun-ardindan-irana-sefer-edecek\/"},"modified":"2019-09-13T13:29:52","modified_gmt":"2019-09-13T13:29:52","slug":"fifa-resmileri-mavi-qiz-olumunun-ardindan-irana-sefer-edecek","status":"publish","type":"post","link":"https:\/\/www.meydan.tv\/az\/article\/fifa-resmileri-mavi-qiz-olumunun-ardindan-irana-sefer-edecek\/","title":{"rendered":"FIFA r\u0259smil\u0259ri &#8220;Mavi Q\u0131z&#8221;-\u0131n \u00f6l\u00fcm\u00fcn\u00fcn ard\u0131ndan \u0130rana s\u0259f\u0259r ed\u0259c\u0259k"},"content":{"rendered":"<p>\n  <i><br \/>\n    \u201cHuman Rights Watch\u201d F\u0130FA-dan S\u0259h\u0259rin \u00f6l\u00fcm\u00fcnd\u0259n sonra at\u0131lacaq add\u0131mlar haqda m\u0259lumat verm\u0259sini ist\u0259yib<br \/>\n  <\/i>\n<\/p>\n<p>\n  FIFA qad\u0131nlar\u0131n ki\u015fil\u0259rin futbol oyunlar\u0131nda i\u015ftirak\u0131na icaz\u0259 verilm\u0259si y\u00f6n\u00fcnd\u0259 apar\u0131lan haz\u0131rl\u0131qlar\u0131 n\u0259z\u0259rd\u0259n ke\u00e7irm\u0259k \u00fc\u00e7\u00fcn \u0130rana s\u0259f\u0259r ed\u0259c\u0259k, &#8211; sentyabr\u0131n 11-d\u0259 d\u00fcnya futbol idar\u0259etm\u0259 orqan\u0131n\u0131n s\u00f6zc\u00fcs\u00fc \u201cReuters\u201d v\u0259 AFP-y\u0259 deyib.\n<\/p>\n<p>\n  F\u0130FA r\u0259smil\u0259rinin yax\u0131n iki h\u0259ft\u0259 \u0259rzind\u0259 g\u00f6zl\u0259nil\u0259n ziyar\u0259tinin \u0259sas s\u0259b\u0259bi 29 ya\u015fl\u0131 g\u0259nc qad\u0131n\u0131n futbol mat\u00e7\u0131na qat\u0131lmaq ist\u0259m\u0259sind\u0259n sonra ittiham edilm\u0259si v\u0259 ard\u0131ndan \u00f6z\u00fcn\u00fc yand\u0131raraq \u00f6ld\u00fcrm\u0259si il\u0259 ba\u011fl\u0131d\u0131r.\n<\/p>\n<p>\n  Sentyabr\u0131n 9-da \u0130ran medias\u0131 x\u0259b\u0259r verib ki, sevimli komandas\u0131 olan \u201c\u0130stiqlal\u201d\u0131n (Esteghlal) r\u0259ngl\u0259rind\u0259n sonra \u201cMavi Q\u0131z\u201d l\u0259q\u0259bi alan S\u0259h\u0259r Xodayari (Sahar Khodayari) Tehranda x\u0259st\u0259xanada ald\u0131\u011f\u0131 yan\u0131q x\u0259sar\u0259tind\u0259n ke\u00e7inib.\n<\/p>\n<p>\n  Ancaq FIFA n\u00fcmay\u0259nd\u0259si deyib ki, n\u00fcmay\u0259nd\u0259 hey\u0259tinin ziyar\u0259ti birba\u015fa Xodayarinin \u00f6l\u00fcm\u00fc il\u0259 ba\u011fl\u0131 deyil, bel\u0259 ki, qurum oktyabr\u0131n 10-da Kamboca il\u0259 ke\u00e7iril\u0259c\u0259k D\u00fcnya Kuboku se\u00e7m\u0259 haz\u0131rl\u0131qlar\u0131 il\u0259 \u0259laq\u0259dar olaraq \u0130rana s\u0259f\u0259r ed\u0259c\u0259k.\n<\/p>\n<p>\n  Sentyabr\u0131n 10-da FIFA b\u0259yanat yayaraq \u201cMavi Q\u0131z\u201d\u0131n \u00f6l\u00fcm\u00fc il\u0259 ba\u011fl\u0131 ba\u015fsa\u011fl\u0131\u011f\u0131 verib v\u0259 a\u00e7\u0131qlamas\u0131nda deyib: \u201cBizim \u0130ran hakimiyy\u0259tind\u0259n ist\u0259yimiz odur ki, qad\u0131nlar\u0131n stadion qada\u011fas\u0131na son qoymaq \u00fc\u00e7\u00fcn m\u00fcbariz\u0259 aparan h\u0259r hans\u0131 bir qad\u0131n\u0131n azadl\u0131q v\u0259 t\u0259hl\u00fck\u0259sizliyi t\u0259min edilsin\u201d.\n<\/p>\n<p>\n  FIFA prezidenti Gianni \u0130nfantino bundan \u0259vv\u0259l \u0130ran hakimiyy\u0259tini iranl\u0131 v\u0259 xarici qad\u0131nlar\u0131n oyunlarda i\u015ftirak\u0131na icaz\u0259 \u00fc\u00e7\u00fcn \u201ckonkret add\u0131mlar atma\u011fa\u201d \u00e7a\u011f\u0131r\u0131b.\n<\/p>\n<p>\n  Bundan \u00f6nc\u0259 is\u0259 qad\u0131nlardan ibar\u0259t sad\u0259c\u0259 se\u00e7ilmi\u015f qruplar futbol mat\u00e7lar\u0131n\u0131 v\u0259 ya dig\u0259r ki\u015fi idman n\u00f6vl\u0259rini izl\u0259m\u0259k \u00fc\u00e7\u00fcn stadionlara burax\u0131l\u0131rd\u0131.\n<\/p>\n<p>\n  \u0130dman m\u0259kanlar\u0131nda qad\u0131nlara qoyulan qada\u011fa qanunvericiliy\u0259 aid deyil. Lakin bu qayda din adamlar\u0131 t\u0259r\u0259find\u0259n qad\u0131nlar\u0131n pis d\u00fc\u015f\u00fcnc\u0259li ki\u015fil\u0259rd\u0259n qorunmas\u0131 laz\u0131m oldu\u011funu iddia ed\u0259r\u0259k t\u0259tbiq edilir.\n<\/p>\n<p>\n  \u201cHuman Rights Watch\u201d t\u0259\u015fkilat\u0131n\u0131n qlobal t\u0259\u015f\u0259bb\u00fcsl\u0259r \u00fczr\u0259 direktoru Minki Vorden (Minky Worden) \u201cTwitter\u201dd\u0259 qeyd edib ki, \u0130nfantino \u0130rana qar\u015f\u0131 qanun pozuntular\u0131n\u0131 dayand\u0131rmaq \u00fc\u00e7\u00fcn kifay\u0259t q\u0259d\u0259r t\u0259zyiq t\u0259tbiq etm\u0259yib.\n<\/p>\n<p>\n  \u201cOnill\u0259rdir davam ed\u0259n stadion qada\u011fan\u0131na etiraz\u0131n b\u0259la il\u0259 n\u0259tic\u0259l\u0259n\u0259 bil\u0259c\u0259yi \u0259vv\u0259lc\u0259d\u0259n m\u0259lum idi,\u201d- o deyib v\u0259 F\u0130FA-dan S\u0259h\u0259rin faci\u0259li \u00f6l\u00fcm\u00fcnd\u0259n sonra at\u0131lacaq add\u0131mlar haqda m\u0259lumat verm\u0259sini ist\u0259yib.<\/p>\n","protected":false},"excerpt":{"rendered":"<p>\u201cHuman Rights Watch\u201d F\u0130FA-dan S\u0259h\u0259rin \u00f6l\u00fcm\u00fcnd\u0259n sonra at\u0131lacaq add\u0131mlar haqda m\u0259lumat verm\u0259sini ist\u0259yib<\/p>\n","protected":false},"author":11,"featured_media":129526,"comment_status":"closed","ping_status":"open","sticky":false,"template":"","format":"standard","meta":{"_acf_changed":false,"_sitemap_exclude":false,"_sitemap_priority":"","_sitemap_frequency":"","footnotes":""},"categories":[64],"tags":[],"class_list":["post-196955","post","type-post","status-publish","format-standard","has-post-thumbnail","hentry","category-dunya","infinite-scroll-item","generate-columns","tablet-grid-50","mobile-grid-100","grid-parent","grid-33","no-featured-image-padding"],"acf":[],"yoast_head":"<!-- This site is optimized with the Yoast SEO plugin v27.5 - https:\/\/yoast.com\/product\/yoast-seo-wordpress\/ -->\n<title>FIFA r\u0259smil\u0259ri &quot;Mavi Q\u0131z&quot;-\u0131n \u00f6l\u00fcm\u00fcn\u00fcn ard\u0131ndan \u0130rana s\u0259f\u0259r ed\u0259c\u0259k - MEYDAN.TV<\/title>\n<meta name=\"robots\" content=\"index, follow, max-snippet:-1, max-image-preview:large, max-video-preview:-1\" \/>\n<link rel=\"canonical\" href=\"https:\/\/www.meydan.tv\/az\/article\/fifa-resmileri-mavi-qiz-olumunun-ardindan-irana-sefer-edecek\/\" \/>\n<meta property=\"og:locale\" content=\"az_AZ\" \/>\n<meta property=\"og:type\" content=\"article\" \/>\n<meta property=\"og:title\" content=\"FIFA r\u0259smil\u0259ri &quot;Mavi Q\u0131z&quot;-\u0131n \u00f6l\u00fcm\u00fcn\u00fcn ard\u0131ndan \u0130rana s\u0259f\u0259r ed\u0259c\u0259k - MEYDAN.TV\" \/>\n<meta property=\"og:description\" content=\"\u201cHuman Rights Watch\u201d F\u0130FA-dan S\u0259h\u0259rin \u00f6l\u00fcm\u00fcnd\u0259n sonra at\u0131lacaq add\u0131mlar haqda m\u0259lumat verm\u0259sini ist\u0259yib\" \/>\n<meta property=\"og:url\" content=\"https:\/\/www.meydan.tv\/az\/article\/fifa-resmileri-mavi-qiz-olumunun-ardindan-irana-sefer-edecek\/\" \/>\n<meta property=\"og:site_name\" content=\"MEYDAN.TV\" \/>\n<meta property=\"article:published_time\" content=\"2019-09-13T13:29:52+00:00\" \/>\n<meta property=\"og:image\" content=\"https:\/\/www.meydan.tv\/wp-content\/uploads\/63e56224-a724-433d-bb8f-c2feaff6d658.jpeg\" \/>\n\t<meta property=\"og:image:width\" content=\"1536\" \/>\n\t<meta property=\"og:image:height\" content=\"910\" \/>\n\t<meta property=\"og:image:type\" content=\"image\/jpeg\" \/>\n<meta name=\"author\" content=\"user-manager\" \/>\n<meta name=\"twitter:card\" content=\"summary_large_image\" \/>\n<script type=\"application\/ld+json\" class=\"yoast-schema-graph\">{\"@context\":\"https:\\\/\\\/schema.org\",\"@graph\":[{\"@type\":\"Article\",\"@id\":\"https:\\\/\\\/www.meydan.tv\\\/az\\\/article\\\/fifa-resmileri-mavi-qiz-olumunun-ardindan-irana-sefer-edecek\\\/#article\",\"isPartOf\":{\"@id\":\"https:\\\/\\\/www.meydan.tv\\\/az\\\/article\\\/fifa-resmileri-mavi-qiz-olumunun-ardindan-irana-sefer-edecek\\\/\"},\"author\":{\"name\":\"user-manager\",\"@id\":\"https:\\\/\\\/www.meydan.tv\\\/az\\\/#\\\/schema\\\/person\\\/10d11eccf6da3662cf5fdab9806ea91a\"},\"headline\":\"FIFA r\u0259smil\u0259ri &#8220;Mavi Q\u0131z&#8221;-\u0131n \u00f6l\u00fcm\u00fcn\u00fcn ard\u0131ndan \u0130rana s\u0259f\u0259r ed\u0259c\u0259k\",\"datePublished\":\"2019-09-13T13:29:52+00:00\",\"mainEntityOfPage\":{\"@id\":\"https:\\\/\\\/www.meydan.tv\\\/az\\\/article\\\/fifa-resmileri-mavi-qiz-olumunun-ardindan-irana-sefer-edecek\\\/\"},\"wordCount\":532,\"publisher\":{\"@id\":\"https:\\\/\\\/www.meydan.tv\\\/az\\\/#organization\"},\"image\":{\"@id\":\"https:\\\/\\\/www.meydan.tv\\\/az\\\/article\\\/fifa-resmileri-mavi-qiz-olumunun-ardindan-irana-sefer-edecek\\\/#primaryimage\"},\"thumbnailUrl\":\"https:\\\/\\\/www.meydan.tv\\\/wp-content\\\/uploads\\\/63e56224-a724-433d-bb8f-c2feaff6d658.jpeg\",\"articleSection\":[\"D\u00fcnya\"],\"inLanguage\":\"az\"},{\"@type\":\"WebPage\",\"@id\":\"https:\\\/\\\/www.meydan.tv\\\/az\\\/article\\\/fifa-resmileri-mavi-qiz-olumunun-ardindan-irana-sefer-edecek\\\/\",\"url\":\"https:\\\/\\\/www.meydan.tv\\\/az\\\/article\\\/fifa-resmileri-mavi-qiz-olumunun-ardindan-irana-sefer-edecek\\\/\",\"name\":\"FIFA r\u0259smil\u0259ri \\\"Mavi Q\u0131z\\\"-\u0131n \u00f6l\u00fcm\u00fcn\u00fcn ard\u0131ndan \u0130rana s\u0259f\u0259r ed\u0259c\u0259k - MEYDAN.TV\",\"isPartOf\":{\"@id\":\"https:\\\/\\\/www.meydan.tv\\\/az\\\/#website\"},\"primaryImageOfPage\":{\"@id\":\"https:\\\/\\\/www.meydan.tv\\\/az\\\/article\\\/fifa-resmileri-mavi-qiz-olumunun-ardindan-irana-sefer-edecek\\\/#primaryimage\"},\"image\":{\"@id\":\"https:\\\/\\\/www.meydan.tv\\\/az\\\/article\\\/fifa-resmileri-mavi-qiz-olumunun-ardindan-irana-sefer-edecek\\\/#primaryimage\"},\"thumbnailUrl\":\"https:\\\/\\\/www.meydan.tv\\\/wp-content\\\/uploads\\\/63e56224-a724-433d-bb8f-c2feaff6d658.jpeg\",\"datePublished\":\"2019-09-13T13:29:52+00:00\",\"breadcrumb\":{\"@id\":\"https:\\\/\\\/www.meydan.tv\\\/az\\\/article\\\/fifa-resmileri-mavi-qiz-olumunun-ardindan-irana-sefer-edecek\\\/#breadcrumb\"},\"inLanguage\":\"az\",\"potentialAction\":[{\"@type\":\"ReadAction\",\"target\":[\"https:\\\/\\\/www.meydan.tv\\\/az\\\/article\\\/fifa-resmileri-mavi-qiz-olumunun-ardindan-irana-sefer-edecek\\\/\"]}]},{\"@type\":\"ImageObject\",\"inLanguage\":\"az\",\"@id\":\"https:\\\/\\\/www.meydan.tv\\\/az\\\/article\\\/fifa-resmileri-mavi-qiz-olumunun-ardindan-irana-sefer-edecek\\\/#primaryimage\",\"url\":\"https:\\\/\\\/www.meydan.tv\\\/wp-content\\\/uploads\\\/63e56224-a724-433d-bb8f-c2feaff6d658.jpeg\",\"contentUrl\":\"https:\\\/\\\/www.meydan.tv\\\/wp-content\\\/uploads\\\/63e56224-a724-433d-bb8f-c2feaff6d658.jpeg\",\"width\":1536,\"height\":910,\"caption\":\"Source: Google\"},{\"@type\":\"BreadcrumbList\",\"@id\":\"https:\\\/\\\/www.meydan.tv\\\/az\\\/article\\\/fifa-resmileri-mavi-qiz-olumunun-ardindan-irana-sefer-edecek\\\/#breadcrumb\",\"itemListElement\":[{\"@type\":\"ListItem\",\"position\":1,\"name\":\"Ana s\u0259hif\u0259\",\"item\":\"https:\\\/\\\/www.meydan.tv\\\/az\\\/\"},{\"@type\":\"ListItem\",\"position\":2,\"name\":\"D\u00fcnya\",\"item\":\"https:\\\/\\\/www.meydan.tv\\\/az\\\/section\\\/dunya\\\/\"},{\"@type\":\"ListItem\",\"position\":3,\"name\":\"FIFA r\u0259smil\u0259ri &#8220;Mavi Q\u0131z&#8221;-\u0131n \u00f6l\u00fcm\u00fcn\u00fcn ard\u0131ndan \u0130rana s\u0259f\u0259r ed\u0259c\u0259k\"}]},{\"@type\":\"WebSite\",\"@id\":\"https:\\\/\\\/www.meydan.tv\\\/az\\\/#website\",\"url\":\"https:\\\/\\\/www.meydan.tv\\\/az\\\/\",\"name\":\"MEYDAN.TV\",\"description\":\"Meydan TV Az\u0259rbaycan\u0131n media m\u0259kan\u0131ndak\u0131 alternativ s\u0259sidir\",\"publisher\":{\"@id\":\"https:\\\/\\\/www.meydan.tv\\\/az\\\/#organization\"},\"potentialAction\":[{\"@type\":\"SearchAction\",\"target\":{\"@type\":\"EntryPoint\",\"urlTemplate\":\"https:\\\/\\\/www.meydan.tv\\\/az\\\/?s={search_term_string}\"},\"query-input\":{\"@type\":\"PropertyValueSpecification\",\"valueRequired\":true,\"valueName\":\"search_term_string\"}}],\"inLanguage\":\"az\"},{\"@type\":\"Organization\",\"@id\":\"https:\\\/\\\/www.meydan.tv\\\/az\\\/#organization\",\"name\":\"Meydan TV\",\"url\":\"https:\\\/\\\/www.meydan.tv\\\/az\\\/\",\"logo\":{\"@type\":\"ImageObject\",\"inLanguage\":\"az\",\"@id\":\"https:\\\/\\\/www.meydan.tv\\\/az\\\/#\\\/schema\\\/logo\\\/image\\\/\",\"url\":\"https:\\\/\\\/www.meydan.tv\\\/wp-content\\\/uploads\\\/2021\\\/07\\\/meydan-logo.svg\",\"contentUrl\":\"https:\\\/\\\/www.meydan.tv\\\/wp-content\\\/uploads\\\/2021\\\/07\\\/meydan-logo.svg\",\"width\":195,\"height\":46,\"caption\":\"Meydan TV\"},\"image\":{\"@id\":\"https:\\\/\\\/www.meydan.tv\\\/az\\\/#\\\/schema\\\/logo\\\/image\\\/\"}},{\"@type\":\"Person\",\"@id\":\"https:\\\/\\\/www.meydan.tv\\\/az\\\/#\\\/schema\\\/person\\\/10d11eccf6da3662cf5fdab9806ea91a\",\"name\":\"user-manager\"}]}<\/script>\n<!-- \/ Yoast SEO plugin. -->","yoast_head_json":{"title":"FIFA r\u0259smil\u0259ri \"Mavi Q\u0131z\"-\u0131n \u00f6l\u00fcm\u00fcn\u00fcn ard\u0131ndan \u0130rana s\u0259f\u0259r ed\u0259c\u0259k - MEYDAN.TV","robots":{"index":"index","follow":"follow","max-snippet":"max-snippet:-1","max-image-preview":"max-image-preview:large","max-video-preview":"max-video-preview:-1"},"canonical":"https:\/\/www.meydan.tv\/az\/article\/fifa-resmileri-mavi-qiz-olumunun-ardindan-irana-sefer-edecek\/","og_locale":"az_AZ","og_type":"article","og_title":"FIFA r\u0259smil\u0259ri \"Mavi Q\u0131z\"-\u0131n \u00f6l\u00fcm\u00fcn\u00fcn ard\u0131ndan \u0130rana s\u0259f\u0259r ed\u0259c\u0259k - MEYDAN.TV","og_description":"\u201cHuman Rights Watch\u201d F\u0130FA-dan S\u0259h\u0259rin \u00f6l\u00fcm\u00fcnd\u0259n sonra at\u0131lacaq add\u0131mlar haqda m\u0259lumat verm\u0259sini ist\u0259yib","og_url":"https:\/\/www.meydan.tv\/az\/article\/fifa-resmileri-mavi-qiz-olumunun-ardindan-irana-sefer-edecek\/","og_site_name":"MEYDAN.TV","article_published_time":"2019-09-13T13:29:52+00:00","og_image":[{"width":1536,"height":910,"url":"https:\/\/www.meydan.tv\/wp-content\/uploads\/63e56224-a724-433d-bb8f-c2feaff6d658.jpeg","type":"image\/jpeg"}],"author":"user-manager","twitter_card":"summary_large_image","schema":{"@context":"https:\/\/schema.org","@graph":[{"@type":"Article","@id":"https:\/\/www.meydan.tv\/az\/article\/fifa-resmileri-mavi-qiz-olumunun-ardindan-irana-sefer-edecek\/#article","isPartOf":{"@id":"https:\/\/www.meydan.tv\/az\/article\/fifa-resmileri-mavi-qiz-olumunun-ardindan-irana-sefer-edecek\/"},"author":{"name":"user-manager","@id":"https:\/\/www.meydan.tv\/az\/#\/schema\/person\/10d11eccf6da3662cf5fdab9806ea91a"},"headline":"FIFA r\u0259smil\u0259ri &#8220;Mavi Q\u0131z&#8221;-\u0131n \u00f6l\u00fcm\u00fcn\u00fcn ard\u0131ndan \u0130rana s\u0259f\u0259r ed\u0259c\u0259k","datePublished":"2019-09-13T13:29:52+00:00","mainEntityOfPage":{"@id":"https:\/\/www.meydan.tv\/az\/article\/fifa-resmileri-mavi-qiz-olumunun-ardindan-irana-sefer-edecek\/"},"wordCount":532,"publisher":{"@id":"https:\/\/www.meydan.tv\/az\/#organization"},"image":{"@id":"https:\/\/www.meydan.tv\/az\/article\/fifa-resmileri-mavi-qiz-olumunun-ardindan-irana-sefer-edecek\/#primaryimage"},"thumbnailUrl":"https:\/\/www.meydan.tv\/wp-content\/uploads\/63e56224-a724-433d-bb8f-c2feaff6d658.jpeg","articleSection":["D\u00fcnya"],"inLanguage":"az"},{"@type":"WebPage","@id":"https:\/\/www.meydan.tv\/az\/article\/fifa-resmileri-mavi-qiz-olumunun-ardindan-irana-sefer-edecek\/","url":"https:\/\/www.meydan.tv\/az\/article\/fifa-resmileri-mavi-qiz-olumunun-ardindan-irana-sefer-edecek\/","name":"FIFA r\u0259smil\u0259ri \"Mavi Q\u0131z\"-\u0131n \u00f6l\u00fcm\u00fcn\u00fcn ard\u0131ndan \u0130rana s\u0259f\u0259r ed\u0259c\u0259k - MEYDAN.TV","isPartOf":{"@id":"https:\/\/www.meydan.tv\/az\/#website"},"primaryImageOfPage":{"@id":"https:\/\/www.meydan.tv\/az\/article\/fifa-resmileri-mavi-qiz-olumunun-ardindan-irana-sefer-edecek\/#primaryimage"},"image":{"@id":"https:\/\/www.meydan.tv\/az\/article\/fifa-resmileri-mavi-qiz-olumunun-ardindan-irana-sefer-edecek\/#primaryimage"},"thumbnailUrl":"https:\/\/www.meydan.tv\/wp-content\/uploads\/63e56224-a724-433d-bb8f-c2feaff6d658.jpeg","datePublished":"2019-09-13T13:29:52+00:00","breadcrumb":{"@id":"https:\/\/www.meydan.tv\/az\/article\/fifa-resmileri-mavi-qiz-olumunun-ardindan-irana-sefer-edecek\/#breadcrumb"},"inLanguage":"az","potentialAction":[{"@type":"ReadAction","target":["https:\/\/www.meydan.tv\/az\/article\/fifa-resmileri-mavi-qiz-olumunun-ardindan-irana-sefer-edecek\/"]}]},{"@type":"ImageObject","inLanguage":"az","@id":"https:\/\/www.meydan.tv\/az\/article\/fifa-resmileri-mavi-qiz-olumunun-ardindan-irana-sefer-edecek\/#primaryimage","url":"https:\/\/www.meydan.tv\/wp-content\/uploads\/63e56224-a724-433d-bb8f-c2feaff6d658.jpeg","contentUrl":"https:\/\/www.meydan.tv\/wp-content\/uploads\/63e56224-a724-433d-bb8f-c2feaff6d658.jpeg","width":1536,"height":910,"caption":"Source: Google"},{"@type":"BreadcrumbList","@id":"https:\/\/www.meydan.tv\/az\/article\/fifa-resmileri-mavi-qiz-olumunun-ardindan-irana-sefer-edecek\/#breadcrumb","itemListElement":[{"@type":"ListItem","position":1,"name":"Ana s\u0259hif\u0259","item":"https:\/\/www.meydan.tv\/az\/"},{"@type":"ListItem","position":2,"name":"D\u00fcnya","item":"https:\/\/www.meydan.tv\/az\/section\/dunya\/"},{"@type":"ListItem","position":3,"name":"FIFA r\u0259smil\u0259ri &#8220;Mavi Q\u0131z&#8221;-\u0131n \u00f6l\u00fcm\u00fcn\u00fcn ard\u0131ndan \u0130rana s\u0259f\u0259r ed\u0259c\u0259k"}]},{"@type":"WebSite","@id":"https:\/\/www.meydan.tv\/az\/#website","url":"https:\/\/www.meydan.tv\/az\/","name":"MEYDAN.TV","description":"Meydan TV Az\u0259rbaycan\u0131n media m\u0259kan\u0131ndak\u0131 alternativ s\u0259sidir","publisher":{"@id":"https:\/\/www.meydan.tv\/az\/#organization"},"potentialAction":[{"@type":"SearchAction","target":{"@type":"EntryPoint","urlTemplate":"https:\/\/www.meydan.tv\/az\/?s={search_term_string}"},"query-input":{"@type":"PropertyValueSpecification","valueRequired":true,"valueName":"search_term_string"}}],"inLanguage":"az"},{"@type":"Organization","@id":"https:\/\/www.meydan.tv\/az\/#organization","name":"Meydan TV","url":"https:\/\/www.meydan.tv\/az\/","logo":{"@type":"ImageObject","inLanguage":"az","@id":"https:\/\/www.meydan.tv\/az\/#\/schema\/logo\/image\/","url":"https:\/\/www.meydan.tv\/wp-content\/uploads\/2021\/07\/meydan-logo.svg","contentUrl":"https:\/\/www.meydan.tv\/wp-content\/uploads\/2021\/07\/meydan-logo.svg","width":195,"height":46,"caption":"Meydan TV"},"image":{"@id":"https:\/\/www.meydan.tv\/az\/#\/schema\/logo\/image\/"}},{"@type":"Person","@id":"https:\/\/www.meydan.tv\/az\/#\/schema\/person\/10d11eccf6da3662cf5fdab9806ea91a","name":"user-manager"}]}},"_links":{"self":[{"href":"https:\/\/www.meydan.tv\/az\/wp-json\/wp\/v2\/posts\/196955","targetHints":{"allow":["GET"]}}],"collection":[{"href":"https:\/\/www.meydan.tv\/az\/wp-json\/wp\/v2\/posts"}],"about":[{"href":"https:\/\/www.meydan.tv\/az\/wp-json\/wp\/v2\/types\/post"}],"author":[{"embeddable":true,"href":"https:\/\/www.meydan.tv\/az\/wp-json\/wp\/v2\/users\/11"}],"replies":[{"embeddable":true,"href":"https:\/\/www.meydan.tv\/az\/wp-json\/wp\/v2\/comments?post=196955"}],"version-history":[{"count":0,"href":"https:\/\/www.meydan.tv\/az\/wp-json\/wp\/v2\/posts\/196955\/revisions"}],"wp:featuredmedia":[{"embeddable":true,"href":"https:\/\/www.meydan.tv\/az\/wp-json\/wp\/v2\/media\/129526"}],"wp:attachment":[{"href":"https:\/\/www.meydan.tv\/az\/wp-json\/wp\/v2\/media?parent=196955"}],"wp:term":[{"taxonomy":"category","embeddable":true,"href":"https:\/\/www.meydan.tv\/az\/wp-json\/wp\/v2\/categories?post=196955"},{"taxonomy":"post_tag","embeddable":true,"href":"https:\/\/www.meydan.tv\/az\/wp-json\/wp\/v2\/tags?post=196955"}],"curies":[{"name":"wp","href":"https:\/\/api.w.org\/{rel}","templated":true}]}}