{"id":196917,"date":"2019-09-11T17:34:30","date_gmt":"2019-09-11T17:34:30","guid":{"rendered":"https:\/\/www.meydan.tv\/article\/bmt-abs-suriya-ve-rusiya-quvvelerini-muharibe-cinayetinde-ittiham-edir\/"},"modified":"2019-09-11T17:34:30","modified_gmt":"2019-09-11T17:34:30","slug":"bmt-abs-suriya-ve-rusiya-quvvelerini-muharibe-cinayetinde-ittiham-edir","status":"publish","type":"post","link":"https:\/\/www.meydan.tv\/az\/article\/bmt-abs-suriya-ve-rusiya-quvvelerini-muharibe-cinayetinde-ittiham-edir\/","title":{"rendered":"BMT AB\u015e, Suriya v\u0259 Rusiya q\u00fcvv\u0259l\u0259rini m\u00fcharib\u0259 cinay\u0259tind\u0259 ittiham edir"},"content":{"rendered":"<p>\n  AB\u015e v\u0259 koalisiya q\u00fcvv\u0259l\u0259rinin Suriyadak\u0131 hava z\u0259rb\u0259l\u0259ri \u00e7ox sayda m\u00fclki \u015f\u0259xsin \u00f6l\u00fcm\u00fcn\u0259 v\u0259 yaralanmas\u0131na s\u0259b\u0259b olub. Laz\u0131mi t\u0259dbirl\u0259r g\u00f6r\u00fclm\u0259diyind\u0259n Suriyada m\u00fcharib\u0259 cinay\u0259tl\u0259rinin ba\u015f verm\u0259 ehtimal\u0131 b\u00f6y\u00fckd\u00fcr, &#8211; BMT-nin ara\u015fd\u0131rma qrupu \u00e7\u0259r\u015f\u0259nb\u0259 g\u00fcn\u00fc b\u0259yan edib.\n<\/p>\n<p>\n  \u201cReuters\u201d x\u0259b\u0259r verir ki, Suriya h\u00f6kum\u0259ti v\u0259 onun m\u00fctt\u0259fiqi Rusiya d\u00f6y\u00fc\u015f t\u0259yyar\u0259l\u0259ri d\u0259 tibb m\u00fc\u0259ssis\u0259l\u0259rini, m\u0259kt\u0259bl\u0259ri, ma\u011fazalar\u0131 v\u0259 \u0259kin sah\u0259l\u0259rini h\u0259d\u0259f alacaq v\u0259 m\u00fcharib\u0259 cinay\u0259tl\u0259rin\u0259 s\u0259b\u0259b ola bil\u0259c\u0259k \u00f6l\u00fcmc\u00fcl kampaniya apar\u0131b.\n<\/p>\n<p>\n  BMT-nin Suriya \u00fczr\u0259 \u0130stintaq Komissiyas\u0131n\u0131n hesabat\u0131nda \u0259vv\u0259ll\u0259r Nusra C\u0259bh\u0259si kimi tan\u0131nan v\u0259 m\u00fclki insanlar\u0131n \u00f6ld\u00fcr\u00fclm\u0259sind\u0259 ittiham edil\u0259n Hayat Tahrir al-\u015eam qrupla\u015fmas\u0131 da t\u0259nqib edilib.\n<\/p>\n<p>\n  S\u0259kkiz illik m\u00fcharib\u0259 y\u00fcz minl\u0259rl\u0259 insan\u0131n \u00f6l\u00fcm\u00fcn\u0259 v\u0259 13 milyon insan\u0131n torpaqlar\u0131ndan zorla \u00e7\u0131xar\u0131lmas\u0131na s\u0259b\u0259b olub.\n<\/p>\n<p>\n  Tan\u0131nmam\u0131\u015f \u201c\u0130slam D\u00f6vl\u0259ti\u201dni devirm\u0259k u\u011frunda m\u00fcbariz\u0259d\u0259 AB\u015e-\u0131n r\u0259hb\u0259rlik etdiyi koalisiya hava q\u00fcvv\u0259l\u0259ri t\u0259r\u0259find\u0259n d\u0259st\u0259kl\u0259n\u0259n Suriya Demokratik Q\u00fcvv\u0259l\u0259ri (SDF) qrupunun Suriyan\u0131n \u015f\u0259rqind\u0259ki \u0259sas daya\u011f\u0131 olan Hajini \u00f6t\u0259n ilin dekabr\u0131nda geri al\u0131b.\n<\/p>\n<p>\n  AB\u015e koalisiyas\u0131n\u0131n \u201c\u018fl-C\u0259zir\u0259 F\u0131rt\u0131nas\u0131\u201d \u0259m\u0259liyyat\u0131 \u00e7ox sayda m\u00fclki v\u0259t\u0259nda\u015f\u0131n itkin d\u00fc\u015fm\u0259si il\u0259 n\u0259tic\u0259l\u0259nib. Yanvar\u0131n 3-d\u0259 Hajinin c\u0259nubundak\u0131 \u015eafah \u015f\u0259h\u0259rind\u0259 12 u\u015fa\u011f\u0131n da oldu\u011fu 16 m\u00fclki \u015f\u0259xsin \u00f6l\u00fcm\u00fc il\u0259 n\u0259tic\u0259l\u0259n\u0259n h\u00fccumlar ba\u015f verib.\n<\/p>\n<p>\n  \u201cKomissiya beyn\u0259lxalq koalisiya q\u00fcvv\u0259l\u0259rinin h\u00fccumlar\u0131n\u0131 konkret bir h\u0259rbi h\u0259d\u0259f\u0259 y\u00f6n\u0259ltm\u0259m\u0259sin\u0259 v\u0259 ya bunu laz\u0131mi t\u0259dbirl\u0259r g\u00f6rm\u0259d\u0259n ed\u0259 bilm\u0259m\u0259sin\u0259 inanmaq \u00fc\u00e7\u00fcn \u0259sasl\u0131 s\u0259b\u0259bl\u0259r \u0259ld\u0259 edib,\u201d hesabatda deyilir.\n<\/p>\n<p>\n  Hesabatda h\u0259m\u00e7inin deyilir, \u201cv\u0259t\u0259nda\u015flar\u0131n \u00f6l\u00fcm\u00fc v\u0259 ya yaralanmas\u0131 il\u0259 n\u0259tic\u0259l\u0259n\u0259n h\u00fccumlara g\u00f6st\u0259ril\u0259n diqq\u0259tsizlik m\u00fcharib\u0259 cinay\u0259tin\u0259 apara bil\u0259r\u201d.\n<\/p>\n<p>\n  Koalisiya r\u0259smil\u0259ri hesabatla ba\u011fl\u0131 \u015f\u0259rh verm\u0259kd\u0259n boyun qa\u00e7\u0131r\u0131blar.\n<\/p>\n<p>\n  Ara\u015fd\u0131rmac\u0131lar\u0131n s\u00f6zl\u0259rin\u0259 g\u00f6r\u0259, koalisiyan\u0131n d\u0259st\u0259kl\u0259diyi SDF q\u00fcvv\u0259l\u0259ri t\u0259r\u0259find\u0259n \u015eahild\u0259 v\u0259 Deyr \u0259l-Zor \u0259yal\u0259tinin dig\u0259r b\u00f6lg\u0259l\u0259rind\u0259 m\u00fclki v\u0259t\u0259nda\u015flar \u00f6ld\u00fcr\u00fcl\u00fcb v\u0259 yaralan\u0131b.\n<\/p>\n<p>\n  Suriyan\u0131n h\u00f6kum\u0259t q\u00fcvv\u0259l\u0259ri mart\u0131n 9-da \u0130dlib \u0259yal\u0259tinin \u015fimal-q\u0259rbind\u0259ki Saraqib b\u00f6lg\u0259sind\u0259 \u0259razinin koordinatlar\u0131n\u0131 bilm\u0259sin\u0259 baxmayaraq, t\u0259krar hava h\u00fccumlar\u0131 edib v\u0259 \u018fl-Hayat qad\u0131n v\u0259 u\u015faq x\u0259st\u0259xanas\u0131n\u0131 da\u011f\u0131d\u0131b.\n<\/p>\n<p>\n  May\u0131n 14-d\u0259 \u0130dlibd\u0259 h\u00f6kum\u0259ty\u00f6nl\u00fc q\u00fcvv\u0259l\u0259r bal\u0131q bazar\u0131n\u0131 v\u0259 Cisr \u0259l-\u015eu\u011furda q\u0131zlar \u00fc\u00e7\u00fcn ibtidai m\u0259kt\u0259bi vurub. H\u00fccum zaman\u0131 8 n\u0259f\u0259r \u00f6ld\u00fcr\u00fcl\u00fcb.\n<\/p>\n<p>\n  \u201cBu c\u00fcr h\u00fccumlar o c\u00fcml\u0259d\u0259n qorunan obyektl\u0259r\u0259 v\u0259 tibb m\u00fc\u0259ssis\u0259l\u0259rin\u0259 q\u0259sd\u0259n edilmi\u015f h\u00fccumlar m\u00fcharib\u0259 cinay\u0259tin\u0259 b\u0259rab\u0259r ola bil\u0259r,\u201d- hesabatda qeyd edilir.\n<\/p>\n<p>\n  Hesabat t\u0259xmin\u0259n 300 m\u00fcsahib\u0259y\u0259, peyk g\u00f6r\u00fcnt\u00fcl\u0259ri, foto v\u0259 videolar\u0131n t\u0259hlill\u0259rin\u0259 \u0259saslan\u0131r.<\/p>\n","protected":false},"excerpt":{"rendered":"<p>T\u0259\u015fkilat\u0131n ara\u015fd\u0131rma qrupu hesabat yay\u0131b<\/p>\n","protected":false},"author":11,"featured_media":129502,"comment_status":"closed","ping_status":"open","sticky":false,"template":"","format":"standard","meta":{"_acf_changed":false,"_sitemap_exclude":false,"_sitemap_priority":"","_sitemap_frequency":"","footnotes":""},"categories":[64],"tags":[],"class_list":["post-196917","post","type-post","status-publish","format-standard","has-post-thumbnail","hentry","category-dunya","infinite-scroll-item","generate-columns","tablet-grid-50","mobile-grid-100","grid-parent","grid-33","no-featured-image-padding"],"acf":[],"yoast_head":"<!-- This site is optimized with the Yoast SEO plugin v27.5 - https:\/\/yoast.com\/product\/yoast-seo-wordpress\/ -->\n<title>BMT AB\u015e, Suriya v\u0259 Rusiya q\u00fcvv\u0259l\u0259rini m\u00fcharib\u0259 cinay\u0259tind\u0259 ittiham edir - MEYDAN.TV<\/title>\n<meta name=\"robots\" content=\"index, follow, max-snippet:-1, max-image-preview:large, max-video-preview:-1\" \/>\n<link rel=\"canonical\" href=\"https:\/\/www.meydan.tv\/az\/article\/bmt-abs-suriya-ve-rusiya-quvvelerini-muharibe-cinayetinde-ittiham-edir\/\" \/>\n<meta property=\"og:locale\" content=\"az_AZ\" \/>\n<meta property=\"og:type\" content=\"article\" \/>\n<meta property=\"og:title\" content=\"BMT AB\u015e, Suriya v\u0259 Rusiya q\u00fcvv\u0259l\u0259rini m\u00fcharib\u0259 cinay\u0259tind\u0259 ittiham edir - MEYDAN.TV\" \/>\n<meta property=\"og:description\" content=\"T\u0259\u015fkilat\u0131n ara\u015fd\u0131rma qrupu hesabat yay\u0131b\" \/>\n<meta property=\"og:url\" content=\"https:\/\/www.meydan.tv\/az\/article\/bmt-abs-suriya-ve-rusiya-quvvelerini-muharibe-cinayetinde-ittiham-edir\/\" \/>\n<meta property=\"og:site_name\" content=\"MEYDAN.TV\" \/>\n<meta property=\"article:published_time\" content=\"2019-09-11T17:34:30+00:00\" \/>\n<meta property=\"og:image\" content=\"https:\/\/www.meydan.tv\/wp-content\/uploads\/russia-usa-syria-flag-shattered_mini.jpg\" \/>\n\t<meta property=\"og:image:width\" content=\"1920\" \/>\n\t<meta property=\"og:image:height\" content=\"1282\" \/>\n\t<meta property=\"og:image:type\" content=\"image\/jpeg\" \/>\n<meta name=\"author\" content=\"user-manager\" \/>\n<meta name=\"twitter:card\" content=\"summary_large_image\" \/>\n<script type=\"application\/ld+json\" class=\"yoast-schema-graph\">{\"@context\":\"https:\\\/\\\/schema.org\",\"@graph\":[{\"@type\":\"Article\",\"@id\":\"https:\\\/\\\/www.meydan.tv\\\/az\\\/article\\\/bmt-abs-suriya-ve-rusiya-quvvelerini-muharibe-cinayetinde-ittiham-edir\\\/#article\",\"isPartOf\":{\"@id\":\"https:\\\/\\\/www.meydan.tv\\\/az\\\/article\\\/bmt-abs-suriya-ve-rusiya-quvvelerini-muharibe-cinayetinde-ittiham-edir\\\/\"},\"author\":{\"name\":\"user-manager\",\"@id\":\"https:\\\/\\\/www.meydan.tv\\\/az\\\/#\\\/schema\\\/person\\\/10d11eccf6da3662cf5fdab9806ea91a\"},\"headline\":\"BMT AB\u015e, Suriya v\u0259 Rusiya q\u00fcvv\u0259l\u0259rini m\u00fcharib\u0259 cinay\u0259tind\u0259 ittiham edir\",\"datePublished\":\"2019-09-11T17:34:30+00:00\",\"mainEntityOfPage\":{\"@id\":\"https:\\\/\\\/www.meydan.tv\\\/az\\\/article\\\/bmt-abs-suriya-ve-rusiya-quvvelerini-muharibe-cinayetinde-ittiham-edir\\\/\"},\"wordCount\":627,\"publisher\":{\"@id\":\"https:\\\/\\\/www.meydan.tv\\\/az\\\/#organization\"},\"image\":{\"@id\":\"https:\\\/\\\/www.meydan.tv\\\/az\\\/article\\\/bmt-abs-suriya-ve-rusiya-quvvelerini-muharibe-cinayetinde-ittiham-edir\\\/#primaryimage\"},\"thumbnailUrl\":\"https:\\\/\\\/www.meydan.tv\\\/wp-content\\\/uploads\\\/russia-usa-syria-flag-shattered_mini.jpg\",\"articleSection\":[\"D\u00fcnya\"],\"inLanguage\":\"az\"},{\"@type\":\"WebPage\",\"@id\":\"https:\\\/\\\/www.meydan.tv\\\/az\\\/article\\\/bmt-abs-suriya-ve-rusiya-quvvelerini-muharibe-cinayetinde-ittiham-edir\\\/\",\"url\":\"https:\\\/\\\/www.meydan.tv\\\/az\\\/article\\\/bmt-abs-suriya-ve-rusiya-quvvelerini-muharibe-cinayetinde-ittiham-edir\\\/\",\"name\":\"BMT AB\u015e, Suriya v\u0259 Rusiya q\u00fcvv\u0259l\u0259rini m\u00fcharib\u0259 cinay\u0259tind\u0259 ittiham edir - MEYDAN.TV\",\"isPartOf\":{\"@id\":\"https:\\\/\\\/www.meydan.tv\\\/az\\\/#website\"},\"primaryImageOfPage\":{\"@id\":\"https:\\\/\\\/www.meydan.tv\\\/az\\\/article\\\/bmt-abs-suriya-ve-rusiya-quvvelerini-muharibe-cinayetinde-ittiham-edir\\\/#primaryimage\"},\"image\":{\"@id\":\"https:\\\/\\\/www.meydan.tv\\\/az\\\/article\\\/bmt-abs-suriya-ve-rusiya-quvvelerini-muharibe-cinayetinde-ittiham-edir\\\/#primaryimage\"},\"thumbnailUrl\":\"https:\\\/\\\/www.meydan.tv\\\/wp-content\\\/uploads\\\/russia-usa-syria-flag-shattered_mini.jpg\",\"datePublished\":\"2019-09-11T17:34:30+00:00\",\"breadcrumb\":{\"@id\":\"https:\\\/\\\/www.meydan.tv\\\/az\\\/article\\\/bmt-abs-suriya-ve-rusiya-quvvelerini-muharibe-cinayetinde-ittiham-edir\\\/#breadcrumb\"},\"inLanguage\":\"az\",\"potentialAction\":[{\"@type\":\"ReadAction\",\"target\":[\"https:\\\/\\\/www.meydan.tv\\\/az\\\/article\\\/bmt-abs-suriya-ve-rusiya-quvvelerini-muharibe-cinayetinde-ittiham-edir\\\/\"]}]},{\"@type\":\"ImageObject\",\"inLanguage\":\"az\",\"@id\":\"https:\\\/\\\/www.meydan.tv\\\/az\\\/article\\\/bmt-abs-suriya-ve-rusiya-quvvelerini-muharibe-cinayetinde-ittiham-edir\\\/#primaryimage\",\"url\":\"https:\\\/\\\/www.meydan.tv\\\/wp-content\\\/uploads\\\/russia-usa-syria-flag-shattered_mini.jpg\",\"contentUrl\":\"https:\\\/\\\/www.meydan.tv\\\/wp-content\\\/uploads\\\/russia-usa-syria-flag-shattered_mini.jpg\",\"width\":1920,\"height\":1282,\"caption\":\"Source: Meydan TV\"},{\"@type\":\"BreadcrumbList\",\"@id\":\"https:\\\/\\\/www.meydan.tv\\\/az\\\/article\\\/bmt-abs-suriya-ve-rusiya-quvvelerini-muharibe-cinayetinde-ittiham-edir\\\/#breadcrumb\",\"itemListElement\":[{\"@type\":\"ListItem\",\"position\":1,\"name\":\"Ana s\u0259hif\u0259\",\"item\":\"https:\\\/\\\/www.meydan.tv\\\/az\\\/\"},{\"@type\":\"ListItem\",\"position\":2,\"name\":\"D\u00fcnya\",\"item\":\"https:\\\/\\\/www.meydan.tv\\\/az\\\/section\\\/dunya\\\/\"},{\"@type\":\"ListItem\",\"position\":3,\"name\":\"BMT AB\u015e, Suriya v\u0259 Rusiya q\u00fcvv\u0259l\u0259rini m\u00fcharib\u0259 cinay\u0259tind\u0259 ittiham edir\"}]},{\"@type\":\"WebSite\",\"@id\":\"https:\\\/\\\/www.meydan.tv\\\/az\\\/#website\",\"url\":\"https:\\\/\\\/www.meydan.tv\\\/az\\\/\",\"name\":\"MEYDAN.TV\",\"description\":\"Meydan TV Az\u0259rbaycan\u0131n media m\u0259kan\u0131ndak\u0131 alternativ s\u0259sidir\",\"publisher\":{\"@id\":\"https:\\\/\\\/www.meydan.tv\\\/az\\\/#organization\"},\"potentialAction\":[{\"@type\":\"SearchAction\",\"target\":{\"@type\":\"EntryPoint\",\"urlTemplate\":\"https:\\\/\\\/www.meydan.tv\\\/az\\\/?s={search_term_string}\"},\"query-input\":{\"@type\":\"PropertyValueSpecification\",\"valueRequired\":true,\"valueName\":\"search_term_string\"}}],\"inLanguage\":\"az\"},{\"@type\":\"Organization\",\"@id\":\"https:\\\/\\\/www.meydan.tv\\\/az\\\/#organization\",\"name\":\"Meydan TV\",\"url\":\"https:\\\/\\\/www.meydan.tv\\\/az\\\/\",\"logo\":{\"@type\":\"ImageObject\",\"inLanguage\":\"az\",\"@id\":\"https:\\\/\\\/www.meydan.tv\\\/az\\\/#\\\/schema\\\/logo\\\/image\\\/\",\"url\":\"https:\\\/\\\/www.meydan.tv\\\/wp-content\\\/uploads\\\/2021\\\/07\\\/meydan-logo.svg\",\"contentUrl\":\"https:\\\/\\\/www.meydan.tv\\\/wp-content\\\/uploads\\\/2021\\\/07\\\/meydan-logo.svg\",\"width\":195,\"height\":46,\"caption\":\"Meydan TV\"},\"image\":{\"@id\":\"https:\\\/\\\/www.meydan.tv\\\/az\\\/#\\\/schema\\\/logo\\\/image\\\/\"}},{\"@type\":\"Person\",\"@id\":\"https:\\\/\\\/www.meydan.tv\\\/az\\\/#\\\/schema\\\/person\\\/10d11eccf6da3662cf5fdab9806ea91a\",\"name\":\"user-manager\"}]}<\/script>\n<!-- \/ Yoast SEO plugin. -->","yoast_head_json":{"title":"BMT AB\u015e, Suriya v\u0259 Rusiya q\u00fcvv\u0259l\u0259rini m\u00fcharib\u0259 cinay\u0259tind\u0259 ittiham edir - MEYDAN.TV","robots":{"index":"index","follow":"follow","max-snippet":"max-snippet:-1","max-image-preview":"max-image-preview:large","max-video-preview":"max-video-preview:-1"},"canonical":"https:\/\/www.meydan.tv\/az\/article\/bmt-abs-suriya-ve-rusiya-quvvelerini-muharibe-cinayetinde-ittiham-edir\/","og_locale":"az_AZ","og_type":"article","og_title":"BMT AB\u015e, Suriya v\u0259 Rusiya q\u00fcvv\u0259l\u0259rini m\u00fcharib\u0259 cinay\u0259tind\u0259 ittiham edir - MEYDAN.TV","og_description":"T\u0259\u015fkilat\u0131n ara\u015fd\u0131rma qrupu hesabat yay\u0131b","og_url":"https:\/\/www.meydan.tv\/az\/article\/bmt-abs-suriya-ve-rusiya-quvvelerini-muharibe-cinayetinde-ittiham-edir\/","og_site_name":"MEYDAN.TV","article_published_time":"2019-09-11T17:34:30+00:00","og_image":[{"width":1920,"height":1282,"url":"https:\/\/www.meydan.tv\/wp-content\/uploads\/russia-usa-syria-flag-shattered_mini.jpg","type":"image\/jpeg"}],"author":"user-manager","twitter_card":"summary_large_image","schema":{"@context":"https:\/\/schema.org","@graph":[{"@type":"Article","@id":"https:\/\/www.meydan.tv\/az\/article\/bmt-abs-suriya-ve-rusiya-quvvelerini-muharibe-cinayetinde-ittiham-edir\/#article","isPartOf":{"@id":"https:\/\/www.meydan.tv\/az\/article\/bmt-abs-suriya-ve-rusiya-quvvelerini-muharibe-cinayetinde-ittiham-edir\/"},"author":{"name":"user-manager","@id":"https:\/\/www.meydan.tv\/az\/#\/schema\/person\/10d11eccf6da3662cf5fdab9806ea91a"},"headline":"BMT AB\u015e, Suriya v\u0259 Rusiya q\u00fcvv\u0259l\u0259rini m\u00fcharib\u0259 cinay\u0259tind\u0259 ittiham edir","datePublished":"2019-09-11T17:34:30+00:00","mainEntityOfPage":{"@id":"https:\/\/www.meydan.tv\/az\/article\/bmt-abs-suriya-ve-rusiya-quvvelerini-muharibe-cinayetinde-ittiham-edir\/"},"wordCount":627,"publisher":{"@id":"https:\/\/www.meydan.tv\/az\/#organization"},"image":{"@id":"https:\/\/www.meydan.tv\/az\/article\/bmt-abs-suriya-ve-rusiya-quvvelerini-muharibe-cinayetinde-ittiham-edir\/#primaryimage"},"thumbnailUrl":"https:\/\/www.meydan.tv\/wp-content\/uploads\/russia-usa-syria-flag-shattered_mini.jpg","articleSection":["D\u00fcnya"],"inLanguage":"az"},{"@type":"WebPage","@id":"https:\/\/www.meydan.tv\/az\/article\/bmt-abs-suriya-ve-rusiya-quvvelerini-muharibe-cinayetinde-ittiham-edir\/","url":"https:\/\/www.meydan.tv\/az\/article\/bmt-abs-suriya-ve-rusiya-quvvelerini-muharibe-cinayetinde-ittiham-edir\/","name":"BMT AB\u015e, Suriya v\u0259 Rusiya q\u00fcvv\u0259l\u0259rini m\u00fcharib\u0259 cinay\u0259tind\u0259 ittiham edir - MEYDAN.TV","isPartOf":{"@id":"https:\/\/www.meydan.tv\/az\/#website"},"primaryImageOfPage":{"@id":"https:\/\/www.meydan.tv\/az\/article\/bmt-abs-suriya-ve-rusiya-quvvelerini-muharibe-cinayetinde-ittiham-edir\/#primaryimage"},"image":{"@id":"https:\/\/www.meydan.tv\/az\/article\/bmt-abs-suriya-ve-rusiya-quvvelerini-muharibe-cinayetinde-ittiham-edir\/#primaryimage"},"thumbnailUrl":"https:\/\/www.meydan.tv\/wp-content\/uploads\/russia-usa-syria-flag-shattered_mini.jpg","datePublished":"2019-09-11T17:34:30+00:00","breadcrumb":{"@id":"https:\/\/www.meydan.tv\/az\/article\/bmt-abs-suriya-ve-rusiya-quvvelerini-muharibe-cinayetinde-ittiham-edir\/#breadcrumb"},"inLanguage":"az","potentialAction":[{"@type":"ReadAction","target":["https:\/\/www.meydan.tv\/az\/article\/bmt-abs-suriya-ve-rusiya-quvvelerini-muharibe-cinayetinde-ittiham-edir\/"]}]},{"@type":"ImageObject","inLanguage":"az","@id":"https:\/\/www.meydan.tv\/az\/article\/bmt-abs-suriya-ve-rusiya-quvvelerini-muharibe-cinayetinde-ittiham-edir\/#primaryimage","url":"https:\/\/www.meydan.tv\/wp-content\/uploads\/russia-usa-syria-flag-shattered_mini.jpg","contentUrl":"https:\/\/www.meydan.tv\/wp-content\/uploads\/russia-usa-syria-flag-shattered_mini.jpg","width":1920,"height":1282,"caption":"Source: Meydan TV"},{"@type":"BreadcrumbList","@id":"https:\/\/www.meydan.tv\/az\/article\/bmt-abs-suriya-ve-rusiya-quvvelerini-muharibe-cinayetinde-ittiham-edir\/#breadcrumb","itemListElement":[{"@type":"ListItem","position":1,"name":"Ana s\u0259hif\u0259","item":"https:\/\/www.meydan.tv\/az\/"},{"@type":"ListItem","position":2,"name":"D\u00fcnya","item":"https:\/\/www.meydan.tv\/az\/section\/dunya\/"},{"@type":"ListItem","position":3,"name":"BMT AB\u015e, Suriya v\u0259 Rusiya q\u00fcvv\u0259l\u0259rini m\u00fcharib\u0259 cinay\u0259tind\u0259 ittiham edir"}]},{"@type":"WebSite","@id":"https:\/\/www.meydan.tv\/az\/#website","url":"https:\/\/www.meydan.tv\/az\/","name":"MEYDAN.TV","description":"Meydan TV Az\u0259rbaycan\u0131n media m\u0259kan\u0131ndak\u0131 alternativ s\u0259sidir","publisher":{"@id":"https:\/\/www.meydan.tv\/az\/#organization"},"potentialAction":[{"@type":"SearchAction","target":{"@type":"EntryPoint","urlTemplate":"https:\/\/www.meydan.tv\/az\/?s={search_term_string}"},"query-input":{"@type":"PropertyValueSpecification","valueRequired":true,"valueName":"search_term_string"}}],"inLanguage":"az"},{"@type":"Organization","@id":"https:\/\/www.meydan.tv\/az\/#organization","name":"Meydan TV","url":"https:\/\/www.meydan.tv\/az\/","logo":{"@type":"ImageObject","inLanguage":"az","@id":"https:\/\/www.meydan.tv\/az\/#\/schema\/logo\/image\/","url":"https:\/\/www.meydan.tv\/wp-content\/uploads\/2021\/07\/meydan-logo.svg","contentUrl":"https:\/\/www.meydan.tv\/wp-content\/uploads\/2021\/07\/meydan-logo.svg","width":195,"height":46,"caption":"Meydan TV"},"image":{"@id":"https:\/\/www.meydan.tv\/az\/#\/schema\/logo\/image\/"}},{"@type":"Person","@id":"https:\/\/www.meydan.tv\/az\/#\/schema\/person\/10d11eccf6da3662cf5fdab9806ea91a","name":"user-manager"}]}},"_links":{"self":[{"href":"https:\/\/www.meydan.tv\/az\/wp-json\/wp\/v2\/posts\/196917","targetHints":{"allow":["GET"]}}],"collection":[{"href":"https:\/\/www.meydan.tv\/az\/wp-json\/wp\/v2\/posts"}],"about":[{"href":"https:\/\/www.meydan.tv\/az\/wp-json\/wp\/v2\/types\/post"}],"author":[{"embeddable":true,"href":"https:\/\/www.meydan.tv\/az\/wp-json\/wp\/v2\/users\/11"}],"replies":[{"embeddable":true,"href":"https:\/\/www.meydan.tv\/az\/wp-json\/wp\/v2\/comments?post=196917"}],"version-history":[{"count":0,"href":"https:\/\/www.meydan.tv\/az\/wp-json\/wp\/v2\/posts\/196917\/revisions"}],"wp:featuredmedia":[{"embeddable":true,"href":"https:\/\/www.meydan.tv\/az\/wp-json\/wp\/v2\/media\/129502"}],"wp:attachment":[{"href":"https:\/\/www.meydan.tv\/az\/wp-json\/wp\/v2\/media?parent=196917"}],"wp:term":[{"taxonomy":"category","embeddable":true,"href":"https:\/\/www.meydan.tv\/az\/wp-json\/wp\/v2\/categories?post=196917"},{"taxonomy":"post_tag","embeddable":true,"href":"https:\/\/www.meydan.tv\/az\/wp-json\/wp\/v2\/tags?post=196917"}],"curies":[{"name":"wp","href":"https:\/\/api.w.org\/{rel}","templated":true}]}}