{"id":196916,"date":"2019-09-11T17:21:03","date_gmt":"2019-09-11T17:21:03","guid":{"rendered":"https:\/\/www.meydan.tv\/article\/moskvadaki-havadarlarimiz\/"},"modified":"2019-09-11T17:21:03","modified_gmt":"2019-09-11T17:21:03","slug":"moskvadaki-havadarlarimiz","status":"publish","type":"post","link":"https:\/\/www.meydan.tv\/az\/article\/moskvadaki-havadarlarimiz\/","title":{"rendered":"Moskvadak\u0131 havadarlar\u0131m\u0131z"},"content":{"rendered":"<p>\n  M\u00fcnaqi\u015f\u0259 ba\u015flayandan Moskvan\u0131n siyasi-ictimai s\u0259hn\u0259sin\u0259 tama\u015fa edir\u0259m.\n<\/p>\n<p>\n  Vaxtil\u0259 \u00e7ox y\u00fcks\u0259k qiym\u0259tl\u0259ndirdiyim sovet dissidentl\u0259rinin v\u0259 azadl\u0131qsev\u0259r liberal ziyal\u0131lar\u0131n \u0259ks\u0259riyy\u0259tinin k\u00fctl\u00fcy\u00fcn\u0259 v\u0259 satq\u0131nl\u0131\u011f\u0131na heyr\u0259tl\u0259 bax\u0131b n\u0259hay\u0259td\u0259 anlam\u0131\u015fam ki, bu, \u0259sla k\u00fctl\u00fck v\u0259 satq\u0131nl\u0131q deyil, sad\u0259c\u0259 siyasi biznesin adi t\u0259zah\u00fcr\u00fcd\u00fcr v\u0259 onu praqmatik biclik adland\u0131rmaq daha d\u00fczg\u00fcn olard\u0131.\n<\/p>\n<p>\n  H\u0259min vaxt m\u0259ni, \u0259yal\u0259t adam\u0131n\u0131 restoran masas\u0131n\u0131n \u0259traf\u0131nda hesab\u0131ma savadland\u0131rmaq ist\u0259y\u0259n ab\u0131rs\u0131z moskval\u0131 ictimai f\u0259al g\u00fcl\u0259-g\u00fcl\u0259 izah edirdi: \u201cB\u00f6yl\u0259 sad\u0259l\u00f6vh olma! Erm\u0259nil\u0259ri m\u00fcdafi\u0259 ed\u0259n moskval\u0131 xadiml\u0259rin he\u00e7 birinin az\u0259rbaycanl\u0131larla q\u0259r\u0259zi yoxdur! Onlar erm\u0259nil\u0259r\u0259 d\u0259, az\u0259rbaycanl\u0131lara da eyni d\u0259r\u0259c\u0259d\u0259 bigan\u0259dirl\u0259r. \u0130nan m\u0259n\u0259 ki, sizin ham\u0131n\u0131z, erm\u0259nil\u0259r d\u0259, az\u0259rbaycanl\u0131lar da, sabah q\u0259fild\u0259n y\u0131x\u0131l\u0131b \u00f6ls\u0259niz, he\u00e7 birimiz bir damla g\u00f6z ya\u015f\u0131 ax\u0131tmaz! Sad\u0259c\u0259 indiki \u015f\u0259raitd\u0259 erm\u0259nil\u0259rin dostu v\u0259 havadar\u0131 olmaq xeyirli i\u015fdir v\u0259 b\u00f6y\u00fck siyasi qazanc g\u0259tirir\u201d.\n<\/p>\n<p>\n  M\u0259n bu deyil\u0259nl\u0259r bar\u0259sind\u0259 xeyli d\u00fc\u015f\u00fcnd\u00fcm v\u0259 anlad\u0131m ki, b\u0259zi istisnalar\u0131 \u00e7\u0131xmaq \u015f\u0259rtil\u0259, bu s\u00f6zl\u0259rd\u0259 b\u00f6y\u00fck h\u0259qiq\u0259t var. Bizd\u0259n, hans\u0131sa m\u00fcc\u0259rr\u0259d beyn\u0259lxalq v\u0259 sovet qanunlar\u0131na inanan \u0259yal\u0259t sakinl\u0259rind\u0259n f\u0259rqli olaraq imperiya paytaxt\u0131n\u0131n sakinl\u0259ri olan moskval\u0131lar b\u00fct\u00fcn ictimai-siyasi t\u0259zah\u00fcrl\u0259r\u0259 daha a\u00e7\u0131q g\u00f6zl\u0259 bax\u0131rd\u0131lar, \u00e7\u00fcnki onlar hadis\u0259l\u0259rin gizlinl\u0259rini bilirdil\u0259r.\n<\/p>\n<p>\n  M\u0259s\u0259l\u0259n, biz Qaraba\u011f m\u00fc\u015fk\u00fcl\u00fcnd\u0259 sovet v\u0259 beyn\u0259lxalq qanunlara g\u00f6r\u0259 Az\u0259rbaycan\u0131n haql\u0131, Erm\u0259nistan\u0131n haqs\u0131z oldu\u011funu d\u00fc\u015f\u00fcn\u00fcrd\u00fcks\u0259, moskval\u0131lar d\u0259qiq bilirdil\u0259r ki, bu dan\u0131lmaz h\u0259qiq\u0259tin qara q\u0259piklik qiym\u0259ti yoxdur, zira erm\u0259nil\u0259rin t\u0259r\u0259find\u0259 SSR\u0130-nin s\u00fcqutunu ist\u0259y\u0259n Mixail Qorba\u00e7ov v\u0259 onun \u0259traf\u0131 durub, beyn\u0259lxalq al\u0259m is\u0259 erm\u0259nil\u0259ri ona g\u00f6r\u0259 d\u0259st\u0259kl\u0259yir ki, bu ki\u00e7ik, q\u0259dim v\u0259 m\u0259\u011frur xalq irridentizm k\u00fcl\u00fcng\u00fc il\u0259 h\u0259m sovet qurulu\u015funa, h\u0259m \u00f6z ba\u015flar\u0131na, h\u0259m d\u0259 az\u0259rbaycanl\u0131lar\u0131n ba\u015flar\u0131na d\u0259rin v\u0259 sa\u011falmaz yaralar vurur.\n<\/p>\n<p>\n  Kim ist\u0259m\u0259z ki, strateji d\u00fc\u015fm\u0259n \u00f6z\u00fc-\u00f6z\u00fcn\u00fc m\u0259hv etm\u0259sin?\n<\/p>\n<p>\n  \u00c7ox ill\u0259r sonra, d\u00fcnyadak\u0131 m\u00fcnaqi\u015f\u0259l\u0259rin gedi\u015fin\u0259 daha diqq\u0259tl\u0259 tama\u015fa etdikd\u0259 anlad\u0131m ki, imperiya m\u0259rk\u0259zl\u0259ri bu m\u00fcnaqi\u015f\u0259l\u0259rin davaml\u0131l\u0131\u011f\u0131 \u00fc\u00e7\u00fcn \u00f6z \u00f6lk\u0259l\u0259rinin g\u00f6rk\u0259mli inc\u0259s\u0259n\u0259t, elm v\u0259 siyas\u0259t xadiml\u0259rin\u0259 a\u00e7\u0131q tap\u015f\u0131r\u0131q verir, onlar da bu vacib tap\u015f\u0131r\u0131\u011f\u0131n icras\u0131ndan he\u00e7 c\u00fcr imtina ed\u0259 bilmirl\u0259r, zira \u201cmayalar\u0131na ziyan d\u0259y\u0259r\u201d. Bu tap\u015f\u0131r\u0131\u011fa g\u00f6r\u0259 b\u0259zi d\u00fcnya \u015f\u00f6hr\u0259tli kino ulduzlar\u0131, m\u0259s\u0259l\u0259n, q\u0259fild\u0259n c\u0259nubi sudanl\u0131lar\u0131 cani-dild\u0259n m\u00fcdafi\u0259 etm\u0259y\u0259 ba\u015flay\u0131rlar, onlar\u0131n xeyrin\u0259 d\u00fcnya miqyas\u0131nda xeyriyy\u0259 t\u0259dbirl\u0259ri ke\u00e7irirl\u0259r, says\u0131z m\u00fcsahib\u0259l\u0259r verib q\u0259ddar Sudan hakimiyy\u0259tini k\u0259skin if\u015fa edirl\u0259r.\n<\/p>\n<p>\n  B\u00fctp\u0259r\u0259st C\u0259nubi Sudan separat\u015f\u0131lar\u0131 Q\u0259rbin t\u0259m\u0259nnas\u0131z k\u00f6m\u0259yi say\u0259sind\u0259 otdan v\u0259 yarpaqlardan h\u00f6r\u00fclm\u00fc\u015f libaslar\u0131n\u0131 fabrik istehsal\u0131 olan par\u00e7a libasa d\u0259yi\u015f\u0259nd\u0259n sonra bataql\u0131q v\u0259 c\u0259ng\u0259llikl\u0259rd\u0259n \u00e7\u0131x\u0131b oxlar\u0131n\u0131 v\u0259 niz\u0259l\u0259rini tullay\u0131rlar k\u0259nara, \u0259ll\u0259rin\u0259 avtomat silah g\u00f6t\u00fcr\u00fcb \u201cmilli-azadl\u0131q m\u00fcbariz\u0259sin\u0259\u201d ba\u015flay\u0131rlar.\n<\/p>\n<p>\n  Vay Sudan hakimiyy\u0259tini hal\u0131na! El\u0259 ki bu hakimiyy\u0259t separat\u00e7\u0131lara qar\u015f\u0131 ilk h\u0259rbi \u0259m\u0259liyyat\u0131n\u0131 apard\u0131, el\u0259 h\u0259min an Ancelina Coli v\u0259 Bred Pitt bir d\u0259n\u0259 yek\u0259 m\u0259tbuat konfrans\u0131 ke\u00e7irib g\u00fcnahs\u0131z v\u0259 m\u0259sum c\u0259nubisudanl\u0131lara tutulan v\u0259h\u015fi q\u0259tliamdan \u00fcr\u0259k a\u011fr\u0131s\u0131 il\u0259 dan\u0131\u015fma\u011fa ba\u015flay\u0131rlar. Sonra is\u0259 humanist Q\u0259rb d\u00f6vl\u0259tl\u0259ri BMT-nin T\u0259hl\u00fck\u0259sizlik \u015euras\u0131na Sudan hakimiyy\u0259tin\u0259 \u00f6z\u00fcn\u00fc m\u00fcdafi\u0259ni qada\u011fan ed\u0259n bir g\u00f6y\u00e7\u0259k q\u0259tnam\u0259 layih\u0259si t\u0259qdim edir v\u0259 s\u0259sverm\u0259d\u0259n \u015f\u0131r\u0131pp\u0131lt\u0131 il\u0259 ke\u00e7irir. Zira d\u00fcnyada Sudan d\u00f6vl\u0259tinin birc\u0259 d\u0259n\u0259 f\u0259rli havadar\u0131 yoxdur.\n<\/p>\n<p>\n  \u018fc\u0259b olur ona, y\u0259ni Sudana!\n<\/p>\n<p>\n  D\u00fczd\u00fcr, C\u0259nubi Sudan b\u00f6y\u00fck Sudandan ayr\u0131l\u0131b m\u00fcst\u0259qill\u0259\u015f\u0259nd\u0259n sonra h\u0259min bu milli-azadl\u0131q m\u00fcbariz\u0259sinin iki \u015fanl\u0131 lideri aras\u0131nda neft g\u0259lirl\u0259rinin b\u00f6l\u00fcnm\u0259si \u0259traf\u0131nda ikiillik ki\u00e7ik silahl\u0131 diskussiya getdi v\u0259 n\u0259tic\u0259d\u0259 on minl\u0259rl\u0259 c\u0259nubisudanl\u0131 q\u0131r\u0131ld\u0131 v\u0259 did\u0259rgin d\u00fc\u015fd\u00fc, lakin n\u0259d\u0259ns\u0259 bu q\u0259ziyy\u0259y\u0259 n\u0259 Ancelina Coli, n\u0259 d\u0259 Bred Pitt qar\u0131\u015fd\u0131, \u00e7\u00fcnki onlar tap\u015f\u0131r\u0131\u011f\u0131 art\u0131q yerin\u0259 yetirib qurtarm\u0131\u015fd\u0131lar.\n<\/p>\n<p>\n  Qaraba\u011f m\u00fcnaqi\u015f\u0259si ba\u015flayanda v\u0259ziyy\u0259t ox\u015far idi, sad\u0259c\u0259 c\u0259nubisudanl\u0131lar\u0131n rolunu erm\u0259nil\u0259r, \u015fimalisudanl\u0131lar\u0131n rolunu az\u0259rbaycanl\u0131lar ifa edirdil\u0259r. Zira bizim hakimiyy\u0259timiz \u00d6m\u0259r \u0259l-B\u0259\u015fir\u0259 \u00e7ox b\u0259nz\u0259yirdi v\u0259 b\u0259nz\u0259yir. Ancelina Colinin rolunu y\u00fczl\u0259rl\u0259 g\u00f6rk\u0259mli rusiyal\u0131 kino, \u0259d\u0259biyyat, jurnalistika, siyas\u0259t v\u0259 ictimaiyy\u0259t xadimi ifa edirdi. Qalina Starovoytovadan tutmu\u015f \u015eeynis-\u015eabad-Veller\u0259 q\u0259d\u0259r ham\u0131n\u0131n \u00fcr\u0259yi m\u0259zlum erm\u0259nil\u0259r\u0259 yan\u0131rd\u0131.\n<\/p>\n<p>\n  Ke\u00e7\u0259n\u0259 g\u00fcz\u0259\u015ft dey\u0259rl\u0259r. Rusiya ist\u0259diyin\u0259 \u00e7atandan sonra b\u00f6lg\u0259y\u0259 diqq\u0259tini azaltd\u0131 v\u0259 bu zaman b\u0259zi s\u0259rb\u0259st d\u00fc\u015f\u00fcnm\u0259yi bacaran v\u0259 ist\u0259y\u0259n rusiyal\u0131 adam oyan\u0131b Az\u0259rbaycan\u0131n t\u0259r\u0259fin\u0259 ke\u00e7di. Bu yandan da erm\u0259nil\u0259r Qaraba\u011f m\u0259s\u0259l\u0259sinin bird\u0259f\u0259lik h\u0259ll olundu\u011funu z\u0259nn edib ist\u0259dil\u0259r Rusiyaya \u201cT\u0131 kto takoy, davay do svidaniya\u201d oxusunlar.\n<\/p>\n<p>\n  Rusiya m\u00f6hk\u0259m incidi. \u0130ncim\u0259yib neyn\u0259sin? Bu Yax\u0131n \u015e\u0259rq\u0259 s\u0259p\u0259l\u0259nmi\u015f k\u00fctl\u0259ni \u0259zab-\u0259ziyy\u0259tl\u0259 bir yer\u0259 y\u0131\u011fmaq, onlara tarixi v\u0259t\u0259n yapmaq, oxudub adam etm\u0259k, \u0259ll\u0259rin\u0259, t\u00fcrk\u00fcn m\u0259s\u0259li, silah verib onlardan qalib t\u0259r\u0259f qay\u0131rmaq m\u0259g\u0259r asan i\u015fdir? Burunlar\u0131ndan g\u0259lsin Rusiyan\u0131n z\u0259hm\u0259ti!\n<\/p>\n<p>\n  Yox, erm\u0259nil\u0259r\u0259 ba\u015fa salmaq laz\u0131md\u0131r ki, oyun h\u0259l\u0259 qurtarmay\u0131b. Bunun \u00fc\u00e7\u00fcn nisb\u0259t\u0259n a\u011f\u0131r \u00e7\u0259kili bir rus siyas\u0259t\u00e7isi m\u00fctl\u0259q Az\u0259rbaycan\u0131n t\u0259r\u0259fin\u0259 ke\u00e7m\u0259lidir. Bu tap\u015f\u0131r\u0131\u011f\u0131 kim\u0259 versinl\u0259r? Kim\u0259?\n<\/p>\n<p>\n  Vladimir Jirinovskiy\u0259!\n<\/p>\n<p>\n  Jirinovski \u0259vv\u0259l ist\u0259di etiraz etsin, dedi:\u201cm\u0259n d\u00fcn\u0259n demi\u015f\u0259m ki, Heyd\u0259r \u018fliyevin 7 milyon qoyunu var, az\u0259rbaycanl\u0131lar m\u0259nd\u0259n m\u00f6hk\u0259m inciyibl\u0259r, inanmazlar ki, m\u0259n onlar\u0131n t\u0259r\u0259fin\u0259 ke\u00e7ir\u0259m\u201d.\n<\/p>\n<p>\n  Kremld\u0259 ona izah etdil\u0259r ki, narahat olma\u011fa d\u0259ym\u0259z, zira \u00e7oxsayl\u0131 t\u0259cr\u00fcb\u0259l\u0259r dan\u0131lmaz t\u0259rzd\u0259 s\u00fcbut edib ki, az\u0259rbaycanl\u0131lar\u0131n n\u0259 tarixi, n\u0259 d\u0259 qeyri-tarixi yadda\u015f\u0131 yerli-dibli yoxdur, ist\u0259nil\u0259n zahiri g\u00f6r\u00fcnt\u00fcy\u0259 uyub inan\u0131rlar. H\u0259m d\u0259 ki, bu xalq d\u00fcnyada h\u0259r \u015feyd\u0259n \u00e7ox xo\u015f s\u00f6z\u00fc qiym\u0259tl\u0259ndirir, xo\u015f s\u00f6z deyib ist\u0259dyini etm\u0259k olar, h\u0259qiq\u0259td\u0259n is\u0259 z\u0259hl\u0259l\u0259ri  gedir. Odur ki, onlara n\u0259 q\u0259d\u0259r yalan t\u0259rif des\u0259n, bir o q\u0259d\u0259r s\u0259n\u0259 inanacaqlar.\n<\/p>\n<p>\n  Jirinovski soru\u015fdu ki, \u201cNe\u00e7\u0259\u201d? R\u0259q\u0259mi s\u0259sl\u0259ndir\u0259nd\u0259 dedi ki, \u201c\u0259\u015f\u015fi, m\u0259n ki, d\u00fcn\u0259nd\u0259n raz\u0131yd\u0131m!\u201d\n<\/p>\n<p>\n  Bel\u0259likl\u0259, Az\u0259rbaycan\u0131n Moskvada ali s\u0259f\u0259 \u00e7ox yax\u0131n olan bir m\u0259qamda yeni havadar\u0131 tap\u0131ld\u0131. Bu havadar bir q\u0259d\u0259r q\u0259rib\u0259dir, bir yanda qarda\u015f T\u00fcrkiy\u0259y\u0259 a\u00e7\u0131q v\u0259 s\u0259mimi-q\u0259lbd\u0259n nifr\u0259t edir, o biri t\u0259r\u0259fd\u0259n n\u0259d\u0259ns\u0259 Az\u0259rbaycan\u0131 sevib.\n<\/p>\n<p>\n  Q\u0259rib\u0259dir, deyilmi?\n<\/p>\n<p>\n  Xeyr, q\u0259rib\u0259 deyil. Anas\u0131 rus, atas\u0131 h\u00fcquq\u015f\u00fcnas olan bu istedadl\u0131 siyasi c\u00fcv\u0259lla\u011f\u0131n\u0131n \u0259sl h\u0259yat tarix\u00e7\u0259sini kim bils\u0259, bu q\u0259rib\u0259liy\u0259 t\u0259\u0259cc\u00fcbl\u0259nm\u0259z.\n<\/p>\n<p>\n  M\u0259n 1989-cu ild\u0259 Sov.\u0130KP-nin tap\u015f\u0131r\u0131\u011f\u0131 il\u0259 DTK-n\u0131n yaratd\u0131\u011f\u0131 Liberal-Demokrat Partiyas\u0131 bar\u0259d\u0259 h\u0259qiq\u0259ti demir\u0259m. M\u0259n 30 il \u0259rzind\u0259 o boyda b\u00f6y\u00fck rus xalq\u0131n\u0131 barma\u011f\u0131na dolayan mahir siyasi d\u0259l\u0259duz haqq\u0131nda b\u00fct\u00fcn rus medias\u0131n\u0131n yazd\u0131qlar\u0131 v\u0259 g\u00f6st\u0259rdikl\u0259ri h\u0259qiq\u0259ti n\u0259z\u0259rd\u0259 tutmuram.\n<\/p>\n<p>\n  M\u0259n, sabiq h\u0259mkar\u0131m Da\u011fl\u0131 Mamedin dan\u0131\u015fd\u0131\u011f\u0131 h\u0259qiq\u0259ti n\u0259z\u0259rd\u0259 tuturam.\n<\/p>\n<p>\n  B\u0259li, \u0259hvalat vaqe olur 1970-ci ill\u0259rin ortalar\u0131nda. Da\u011fl\u0131 Mamed \u015f\u0259rq\u015f\u00fcnasl\u0131q fakult\u0259sinin t\u00fcrkologiya \u015f\u00f6b\u0259sini bitirib yollan\u0131r h\u0259l\u0259 o zaman qarda\u015f olmayan, qat\u0131 d\u00fc\u015fm\u0259n NATO-nun c\u0259nub cinah\u0131nda SSR\u0130-y\u0259 qar\u015f\u0131 b\u0259nd\u0259rgahlar\u0131 qoruyan d\u00fc\u015fm\u0259n  T\u00fcrkiy\u0259y\u0259 dilmancl\u0131q etm\u0259y\u0259. Bu T\u00fcrkiy\u0259 d\u0259 SSR\u0130-y\u0259 v\u0259 Rusiyaya d\u00fc\u015fm\u0259n g\u00f6z\u00fc il\u0259 bax\u0131r, t\u00fcrk kommunistl\u0259rini harda tap\u0131rsa, hal\u0259n v\u0259 f\u00f6vr\u0259n vurub \u00f6ld\u00fcr\u00fcr, kommunizm ideologiyas\u0131 il\u0259 ba\u011fl\u0131 n\u0259 varsa, ham\u0131s\u0131n\u0131 q\u0259ti yasaq edir.\n<\/p>\n<p>\n  V\u0259 t\u0259sad\u00fcf\u0259n  Da\u011fl\u0131 Mamed T\u00fcrkiy\u0259y\u0259 dilmancl\u0131q etm\u0259y\u0259 g\u00f6nd\u0259rilmi\u015f Volodya Jirinovski naml\u0131 bir g\u0259ncl\u0259 tan\u0131\u015f olur. G\u00f6r\u00fcr ki, bu Volodya olmayan yerd\u0259n pul qazanma\u011f\u0131 bacar\u0131r. Bu qabiliyy\u0259ti Da\u011fl\u0131 Mamed sidqi-\u00fcr\u0259kd\u0259n alq\u0131\u015flay\u0131r. Lakin Volodyan\u0131n biznesinin bir sah\u0259si a\u011fciy\u0259r Da\u011fl\u0131 Mamedi ciddi narahat edir. G\u00f6r\u00fcr ki, Volodya Leninin u\u015faql\u0131q \u015f\u0259kill\u0259ri olan d\u00f6\u015f ni\u015fanlar\u0131n\u0131 t\u00fcrk kommunistl\u0259rin\u0259 yax\u015f\u0131 pula sat\u0131r. Ona ah\u0259st\u0259 deyir ki, \u201cVolodya, bu i\u015f xatal\u0131 i\u015fdir. T\u00fcrk k\u0259\u015ffiyyat\u0131 x\u0259b\u0259r tutsa, s\u0259nin d\u0259d\u0259nin goruna od qoyarlar\u201d. Balaca Volodya Ulyanovun u\u015faql\u0131q \u015f\u0259kill\u0259ri olan d\u00f6\u015f ni\u015fanlar\u0131n\u0131n sat\u0131\u015f\u0131ndan x\u0259yali y\u00fcks\u0259k qazanc g\u00f6t\u00fcr\u0259n g\u0259nc Volodya bu a\u011fciy\u0259r Da\u011fl\u0131 Mamed\u0259 deyir ki, \u201cNe dreyf, turetskiye kommunist\u0131 krepkiye mujiki, menya ne v\u0131dadut\u201d. Y\u0259ni t\u00fcrk kommunistl\u0259ri m\u00f6hk\u0259m adamlard\u0131r, m\u0259ni satmazlar.\n<\/p>\n<p>\n  \u0130\u015f el\u0259 g\u0259tirir ki, t\u00fcrk muxabarat\u0131 bir t\u00fcrk kommunistini if\u015fa edib tutur, evind\u0259 axtar\u0131\u015f aparanda q\u0259rib\u0259 bir d\u00f6\u015f ni\u015fan\u0131 tap\u0131r. Bu t\u00fcrk kommunisti yar\u0131mcan olana q\u0259d\u0259r d\u00f6y\u00fcl\u0259nd\u0259n sonra etiraf edir ki, bu d\u00f6\u015f ni\u015fan\u0131ndak\u0131 \u015f\u0259kil, tifil Leninin \u015f\u0259klidir.\n<\/p>\n<p>\n  T\u00fcrk muxabarat\u0131 d\u0259li olur. Nec\u0259 y\u0259ni tifil Lenin! D\u00f6y\u00fclm\u0259 v\u0259 h\u0259bsl\u0259r davam edir v\u0259 sonda g\u0259lib \u00e7\u0131x\u0131rlar tacir Volodya Jirinovskiy\u0259, tutub sal\u0131rlar onu qoduqlu\u011fa v\u0259 ba\u015flay\u0131rlar d\u00f6ym\u0259y\u0259. Volodya Jirinovski bu anlarda Da\u011fl\u0131 Mamedi xat\u0131rlay\u0131rd\u0131, ya yox, bunu d\u0259qiq bilmir\u0259m, lakin Da\u011fl\u0131 Mamed dan\u0131\u015fd\u0131 ki, g\u0259nc Volodya \u00e7ox s\u00fcr\u0259tl\u0259 s\u0131n\u0131b h\u0259l\u0259 x\u0131r\u0131d etm\u0259diyi d\u00f6\u015f ni\u015fanlar\u0131n\u0131 da t\u00fcrk k\u0259\u015ffiyyat\u0131na t\u0259hvil vermi\u015fdi.\n<\/p>\n<p>\n  N\u0259 is\u0259, t\u00fcrkoloq Jirinovskini sal\u0131rlar t\u00fcrk zindan\u0131na  ki, t\u00fcrk h\u0259yat\u0131 il\u0259 daha yax\u0131ndan tan\u0131\u015f olsun. O zamank\u0131 t\u00fcrk zindanlar\u0131 bar\u0259sind\u0259 h\u0259m t\u00fcrk siyasi v\u0259 qeyri-siyasi m\u0259hbuslar\u0131n, h\u0259min zindanlarda yatm\u0131\u015f \u0259cn\u0259bil\u0259rin d\u0259h\u015f\u0259tli v\u0259 iyr\u0259nc t\u0259f\u0259rr\u00fcatlarla z\u0259ngin xatir\u0259l\u0259ri m\u00f6vcuddur. Bu bar\u0259d\u0259 \u201cYar\u0131gec\u0259 s\u00fcr\u0259t qatar\u0131\u201d adl\u0131 m\u0259\u015fhur bir film d\u0259 \u00e7\u0259kilib.\n<\/p>\n<p>\n  Da\u011fl\u0131 Mamedin dan\u0131\u015fd\u0131\u011f\u0131na inansaq, g\u0259nc Volodya Jirinoski t\u00fcrk zindanlar\u0131n\u0131n \u0259ks\u0259r ayinl\u0259rind\u0259n ke\u00e7diyind\u0259n t\u00fcrkl\u0259r\u0259 indiy\u0259c\u0259n s\u0259mimi-q\u0259lbd\u0259n nifr\u0259t edir.\n<\/p>\n<p>\n  Lakin onun tacir xisl\u0259ti \u0259sla imkan vermir ki, s\u0259mimi-q\u0259lbd\u0259n nifr\u0259t etdiyi az\u0259rbaycanl\u0131lar\u0131 m\u00fcdafi\u0259 etm\u0259sin.\n<\/p>\n<p>\n  Sabiq dilmanc Jirinovski ruslar\u0131 aldad\u0131b \u00f6z\u00fcn\u00fcn t\u00fcrk dilini bildiyini s\u00fcbut etm\u0259k m\u0259qs\u0259dil\u0259 h\u0259rd\u0259n guya ki, t\u00fcrkc\u0259 konu\u015fma\u011fa c\u0259hd g\u00f6st\u0259rm\u0259si m\u0259ni \u0259min edir ki, Vladimir Volfovi\u00e7 Jirinivski h\u0259qiq\u0259t\u0259n t\u00fcrk dilini bilir, lakin onun tatar l\u0259hc\u0259sini.\n<\/p>\n<p>\n  \u0130ndi bu yeni havadar biz\u0259 ne\u00e7\u0259y\u0259 ba\u015fa g\u0259lir v\u0259 onun faydas\u0131 n\u0259d\u0259n ibar\u0259tdir, bel\u0259 havadar biz\u0259 Qaraba\u011f m\u00fc\u015fk\u00fcl\u00fcn\u00fc a\u00e7ma\u011f k\u00f6m\u0259k edirmi, qoy bu bar\u0259d\u0259 bil\u0259nl\u0259r desin.\n<\/p>\n<p>\n  N\u0259 m\u0259n, n\u0259 d\u0259 Da\u011fl\u0131 Mamed bu bar\u0259d\u0259 bir \u015fey dey\u0259 bilm\u0259rik.<\/p>\n","protected":false},"excerpt":{"rendered":"<p>M\u00fcnaqi\u015f\u0259 ba\u015flayandan Moskvan\u0131n siyasi-ictimai s\u0259hn\u0259sin\u0259 tama\u015fa edir\u0259m.<\/p>\n","protected":false},"author":11,"featured_media":120856,"comment_status":"closed","ping_status":"open","sticky":false,"template":"","format":"standard","meta":{"_acf_changed":false,"_sitemap_exclude":false,"_sitemap_priority":"","_sitemap_frequency":"","footnotes":""},"categories":[57],"tags":[],"class_list":["post-196916","post","type-post","status-publish","format-standard","has-post-thumbnail","hentry","category-menim-fikrimce","infinite-scroll-item","generate-columns","tablet-grid-50","mobile-grid-100","grid-parent","grid-33","no-featured-image-padding"],"acf":[],"yoast_head":"<!-- This site is optimized with the Yoast SEO plugin v27.4 - https:\/\/yoast.com\/product\/yoast-seo-wordpress\/ -->\n<title>Moskvadak\u0131 havadarlar\u0131m\u0131z - MEYDAN.TV<\/title>\n<meta name=\"robots\" content=\"index, follow, max-snippet:-1, max-image-preview:large, max-video-preview:-1\" \/>\n<link rel=\"canonical\" href=\"https:\/\/www.meydan.tv\/az\/article\/moskvadaki-havadarlarimiz\/\" \/>\n<meta property=\"og:locale\" content=\"az_AZ\" \/>\n<meta property=\"og:type\" content=\"article\" \/>\n<meta property=\"og:title\" content=\"Moskvadak\u0131 havadarlar\u0131m\u0131z - MEYDAN.TV\" \/>\n<meta property=\"og:description\" content=\"M\u00fcnaqi\u015f\u0259 ba\u015flayandan Moskvan\u0131n siyasi-ictimai s\u0259hn\u0259sin\u0259 tama\u015fa edir\u0259m.\" \/>\n<meta property=\"og:url\" content=\"https:\/\/www.meydan.tv\/az\/article\/moskvadaki-havadarlarimiz\/\" \/>\n<meta property=\"og:site_name\" content=\"MEYDAN.TV\" \/>\n<meta property=\"article:published_time\" content=\"2019-09-11T17:21:03+00:00\" \/>\n<meta property=\"og:image\" content=\"https:\/\/www.meydan.tv\/wp-content\/uploads\/zar.jpg\" \/>\n\t<meta property=\"og:image:width\" content=\"853\" \/>\n\t<meta property=\"og:image:height\" content=\"480\" \/>\n\t<meta property=\"og:image:type\" content=\"image\/jpeg\" \/>\n<meta name=\"author\" content=\"user-manager\" \/>\n<meta name=\"twitter:card\" content=\"summary_large_image\" \/>\n<script type=\"application\/ld+json\" class=\"yoast-schema-graph\">{\"@context\":\"https:\\\/\\\/schema.org\",\"@graph\":[{\"@type\":\"Article\",\"@id\":\"https:\\\/\\\/www.meydan.tv\\\/az\\\/article\\\/moskvadaki-havadarlarimiz\\\/#article\",\"isPartOf\":{\"@id\":\"https:\\\/\\\/www.meydan.tv\\\/az\\\/article\\\/moskvadaki-havadarlarimiz\\\/\"},\"author\":{\"name\":\"user-manager\",\"@id\":\"https:\\\/\\\/www.meydan.tv\\\/az\\\/#\\\/schema\\\/person\\\/10d11eccf6da3662cf5fdab9806ea91a\"},\"headline\":\"Moskvadak\u0131 havadarlar\u0131m\u0131z\",\"datePublished\":\"2019-09-11T17:21:03+00:00\",\"mainEntityOfPage\":{\"@id\":\"https:\\\/\\\/www.meydan.tv\\\/az\\\/article\\\/moskvadaki-havadarlarimiz\\\/\"},\"wordCount\":2244,\"publisher\":{\"@id\":\"https:\\\/\\\/www.meydan.tv\\\/az\\\/#organization\"},\"image\":{\"@id\":\"https:\\\/\\\/www.meydan.tv\\\/az\\\/article\\\/moskvadaki-havadarlarimiz\\\/#primaryimage\"},\"thumbnailUrl\":\"https:\\\/\\\/www.meydan.tv\\\/wp-content\\\/uploads\\\/zar.jpg\",\"articleSection\":[\"M\u0259nim Fikrimc\u0259\"],\"inLanguage\":\"az\"},{\"@type\":\"WebPage\",\"@id\":\"https:\\\/\\\/www.meydan.tv\\\/az\\\/article\\\/moskvadaki-havadarlarimiz\\\/\",\"url\":\"https:\\\/\\\/www.meydan.tv\\\/az\\\/article\\\/moskvadaki-havadarlarimiz\\\/\",\"name\":\"Moskvadak\u0131 havadarlar\u0131m\u0131z - MEYDAN.TV\",\"isPartOf\":{\"@id\":\"https:\\\/\\\/www.meydan.tv\\\/az\\\/#website\"},\"primaryImageOfPage\":{\"@id\":\"https:\\\/\\\/www.meydan.tv\\\/az\\\/article\\\/moskvadaki-havadarlarimiz\\\/#primaryimage\"},\"image\":{\"@id\":\"https:\\\/\\\/www.meydan.tv\\\/az\\\/article\\\/moskvadaki-havadarlarimiz\\\/#primaryimage\"},\"thumbnailUrl\":\"https:\\\/\\\/www.meydan.tv\\\/wp-content\\\/uploads\\\/zar.jpg\",\"datePublished\":\"2019-09-11T17:21:03+00:00\",\"breadcrumb\":{\"@id\":\"https:\\\/\\\/www.meydan.tv\\\/az\\\/article\\\/moskvadaki-havadarlarimiz\\\/#breadcrumb\"},\"inLanguage\":\"az\",\"potentialAction\":[{\"@type\":\"ReadAction\",\"target\":[\"https:\\\/\\\/www.meydan.tv\\\/az\\\/article\\\/moskvadaki-havadarlarimiz\\\/\"]}]},{\"@type\":\"ImageObject\",\"inLanguage\":\"az\",\"@id\":\"https:\\\/\\\/www.meydan.tv\\\/az\\\/article\\\/moskvadaki-havadarlarimiz\\\/#primaryimage\",\"url\":\"https:\\\/\\\/www.meydan.tv\\\/wp-content\\\/uploads\\\/zar.jpg\",\"contentUrl\":\"https:\\\/\\\/www.meydan.tv\\\/wp-content\\\/uploads\\\/zar.jpg\",\"width\":853,\"height\":480,\"caption\":\"Source: \u041c\u0435\u0439\u0434\u0430\u043d \u0422\u0412\"},{\"@type\":\"BreadcrumbList\",\"@id\":\"https:\\\/\\\/www.meydan.tv\\\/az\\\/article\\\/moskvadaki-havadarlarimiz\\\/#breadcrumb\",\"itemListElement\":[{\"@type\":\"ListItem\",\"position\":1,\"name\":\"Ana s\u0259hif\u0259\",\"item\":\"https:\\\/\\\/www.meydan.tv\\\/az\\\/\"},{\"@type\":\"ListItem\",\"position\":2,\"name\":\"M\u0259nim Fikrimc\u0259\",\"item\":\"https:\\\/\\\/www.meydan.tv\\\/az\\\/section\\\/menim-fikrimce\\\/\"},{\"@type\":\"ListItem\",\"position\":3,\"name\":\"Moskvadak\u0131 havadarlar\u0131m\u0131z\"}]},{\"@type\":\"WebSite\",\"@id\":\"https:\\\/\\\/www.meydan.tv\\\/az\\\/#website\",\"url\":\"https:\\\/\\\/www.meydan.tv\\\/az\\\/\",\"name\":\"MEYDAN.TV\",\"description\":\"Meydan TV Az\u0259rbaycan\u0131n media m\u0259kan\u0131ndak\u0131 alternativ s\u0259sidir\",\"publisher\":{\"@id\":\"https:\\\/\\\/www.meydan.tv\\\/az\\\/#organization\"},\"potentialAction\":[{\"@type\":\"SearchAction\",\"target\":{\"@type\":\"EntryPoint\",\"urlTemplate\":\"https:\\\/\\\/www.meydan.tv\\\/az\\\/?s={search_term_string}\"},\"query-input\":{\"@type\":\"PropertyValueSpecification\",\"valueRequired\":true,\"valueName\":\"search_term_string\"}}],\"inLanguage\":\"az\"},{\"@type\":\"Organization\",\"@id\":\"https:\\\/\\\/www.meydan.tv\\\/az\\\/#organization\",\"name\":\"Meydan TV\",\"url\":\"https:\\\/\\\/www.meydan.tv\\\/az\\\/\",\"logo\":{\"@type\":\"ImageObject\",\"inLanguage\":\"az\",\"@id\":\"https:\\\/\\\/www.meydan.tv\\\/az\\\/#\\\/schema\\\/logo\\\/image\\\/\",\"url\":\"https:\\\/\\\/www.meydan.tv\\\/wp-content\\\/uploads\\\/2021\\\/07\\\/meydan-logo.svg\",\"contentUrl\":\"https:\\\/\\\/www.meydan.tv\\\/wp-content\\\/uploads\\\/2021\\\/07\\\/meydan-logo.svg\",\"width\":195,\"height\":46,\"caption\":\"Meydan TV\"},\"image\":{\"@id\":\"https:\\\/\\\/www.meydan.tv\\\/az\\\/#\\\/schema\\\/logo\\\/image\\\/\"}},{\"@type\":\"Person\",\"@id\":\"https:\\\/\\\/www.meydan.tv\\\/az\\\/#\\\/schema\\\/person\\\/10d11eccf6da3662cf5fdab9806ea91a\",\"name\":\"user-manager\"}]}<\/script>\n<!-- \/ Yoast SEO plugin. -->","yoast_head_json":{"title":"Moskvadak\u0131 havadarlar\u0131m\u0131z - MEYDAN.TV","robots":{"index":"index","follow":"follow","max-snippet":"max-snippet:-1","max-image-preview":"max-image-preview:large","max-video-preview":"max-video-preview:-1"},"canonical":"https:\/\/www.meydan.tv\/az\/article\/moskvadaki-havadarlarimiz\/","og_locale":"az_AZ","og_type":"article","og_title":"Moskvadak\u0131 havadarlar\u0131m\u0131z - MEYDAN.TV","og_description":"M\u00fcnaqi\u015f\u0259 ba\u015flayandan Moskvan\u0131n siyasi-ictimai s\u0259hn\u0259sin\u0259 tama\u015fa edir\u0259m.","og_url":"https:\/\/www.meydan.tv\/az\/article\/moskvadaki-havadarlarimiz\/","og_site_name":"MEYDAN.TV","article_published_time":"2019-09-11T17:21:03+00:00","og_image":[{"width":853,"height":480,"url":"https:\/\/www.meydan.tv\/wp-content\/uploads\/zar.jpg","type":"image\/jpeg"}],"author":"user-manager","twitter_card":"summary_large_image","schema":{"@context":"https:\/\/schema.org","@graph":[{"@type":"Article","@id":"https:\/\/www.meydan.tv\/az\/article\/moskvadaki-havadarlarimiz\/#article","isPartOf":{"@id":"https:\/\/www.meydan.tv\/az\/article\/moskvadaki-havadarlarimiz\/"},"author":{"name":"user-manager","@id":"https:\/\/www.meydan.tv\/az\/#\/schema\/person\/10d11eccf6da3662cf5fdab9806ea91a"},"headline":"Moskvadak\u0131 havadarlar\u0131m\u0131z","datePublished":"2019-09-11T17:21:03+00:00","mainEntityOfPage":{"@id":"https:\/\/www.meydan.tv\/az\/article\/moskvadaki-havadarlarimiz\/"},"wordCount":2244,"publisher":{"@id":"https:\/\/www.meydan.tv\/az\/#organization"},"image":{"@id":"https:\/\/www.meydan.tv\/az\/article\/moskvadaki-havadarlarimiz\/#primaryimage"},"thumbnailUrl":"https:\/\/www.meydan.tv\/wp-content\/uploads\/zar.jpg","articleSection":["M\u0259nim Fikrimc\u0259"],"inLanguage":"az"},{"@type":"WebPage","@id":"https:\/\/www.meydan.tv\/az\/article\/moskvadaki-havadarlarimiz\/","url":"https:\/\/www.meydan.tv\/az\/article\/moskvadaki-havadarlarimiz\/","name":"Moskvadak\u0131 havadarlar\u0131m\u0131z - MEYDAN.TV","isPartOf":{"@id":"https:\/\/www.meydan.tv\/az\/#website"},"primaryImageOfPage":{"@id":"https:\/\/www.meydan.tv\/az\/article\/moskvadaki-havadarlarimiz\/#primaryimage"},"image":{"@id":"https:\/\/www.meydan.tv\/az\/article\/moskvadaki-havadarlarimiz\/#primaryimage"},"thumbnailUrl":"https:\/\/www.meydan.tv\/wp-content\/uploads\/zar.jpg","datePublished":"2019-09-11T17:21:03+00:00","breadcrumb":{"@id":"https:\/\/www.meydan.tv\/az\/article\/moskvadaki-havadarlarimiz\/#breadcrumb"},"inLanguage":"az","potentialAction":[{"@type":"ReadAction","target":["https:\/\/www.meydan.tv\/az\/article\/moskvadaki-havadarlarimiz\/"]}]},{"@type":"ImageObject","inLanguage":"az","@id":"https:\/\/www.meydan.tv\/az\/article\/moskvadaki-havadarlarimiz\/#primaryimage","url":"https:\/\/www.meydan.tv\/wp-content\/uploads\/zar.jpg","contentUrl":"https:\/\/www.meydan.tv\/wp-content\/uploads\/zar.jpg","width":853,"height":480,"caption":"Source: \u041c\u0435\u0439\u0434\u0430\u043d \u0422\u0412"},{"@type":"BreadcrumbList","@id":"https:\/\/www.meydan.tv\/az\/article\/moskvadaki-havadarlarimiz\/#breadcrumb","itemListElement":[{"@type":"ListItem","position":1,"name":"Ana s\u0259hif\u0259","item":"https:\/\/www.meydan.tv\/az\/"},{"@type":"ListItem","position":2,"name":"M\u0259nim Fikrimc\u0259","item":"https:\/\/www.meydan.tv\/az\/section\/menim-fikrimce\/"},{"@type":"ListItem","position":3,"name":"Moskvadak\u0131 havadarlar\u0131m\u0131z"}]},{"@type":"WebSite","@id":"https:\/\/www.meydan.tv\/az\/#website","url":"https:\/\/www.meydan.tv\/az\/","name":"MEYDAN.TV","description":"Meydan TV Az\u0259rbaycan\u0131n media m\u0259kan\u0131ndak\u0131 alternativ s\u0259sidir","publisher":{"@id":"https:\/\/www.meydan.tv\/az\/#organization"},"potentialAction":[{"@type":"SearchAction","target":{"@type":"EntryPoint","urlTemplate":"https:\/\/www.meydan.tv\/az\/?s={search_term_string}"},"query-input":{"@type":"PropertyValueSpecification","valueRequired":true,"valueName":"search_term_string"}}],"inLanguage":"az"},{"@type":"Organization","@id":"https:\/\/www.meydan.tv\/az\/#organization","name":"Meydan TV","url":"https:\/\/www.meydan.tv\/az\/","logo":{"@type":"ImageObject","inLanguage":"az","@id":"https:\/\/www.meydan.tv\/az\/#\/schema\/logo\/image\/","url":"https:\/\/www.meydan.tv\/wp-content\/uploads\/2021\/07\/meydan-logo.svg","contentUrl":"https:\/\/www.meydan.tv\/wp-content\/uploads\/2021\/07\/meydan-logo.svg","width":195,"height":46,"caption":"Meydan TV"},"image":{"@id":"https:\/\/www.meydan.tv\/az\/#\/schema\/logo\/image\/"}},{"@type":"Person","@id":"https:\/\/www.meydan.tv\/az\/#\/schema\/person\/10d11eccf6da3662cf5fdab9806ea91a","name":"user-manager"}]}},"_links":{"self":[{"href":"https:\/\/www.meydan.tv\/az\/wp-json\/wp\/v2\/posts\/196916","targetHints":{"allow":["GET"]}}],"collection":[{"href":"https:\/\/www.meydan.tv\/az\/wp-json\/wp\/v2\/posts"}],"about":[{"href":"https:\/\/www.meydan.tv\/az\/wp-json\/wp\/v2\/types\/post"}],"author":[{"embeddable":true,"href":"https:\/\/www.meydan.tv\/az\/wp-json\/wp\/v2\/users\/11"}],"replies":[{"embeddable":true,"href":"https:\/\/www.meydan.tv\/az\/wp-json\/wp\/v2\/comments?post=196916"}],"version-history":[{"count":0,"href":"https:\/\/www.meydan.tv\/az\/wp-json\/wp\/v2\/posts\/196916\/revisions"}],"wp:featuredmedia":[{"embeddable":true,"href":"https:\/\/www.meydan.tv\/az\/wp-json\/wp\/v2\/media\/120856"}],"wp:attachment":[{"href":"https:\/\/www.meydan.tv\/az\/wp-json\/wp\/v2\/media?parent=196916"}],"wp:term":[{"taxonomy":"category","embeddable":true,"href":"https:\/\/www.meydan.tv\/az\/wp-json\/wp\/v2\/categories?post=196916"},{"taxonomy":"post_tag","embeddable":true,"href":"https:\/\/www.meydan.tv\/az\/wp-json\/wp\/v2\/tags?post=196916"}],"curies":[{"name":"wp","href":"https:\/\/api.w.org\/{rel}","templated":true}]}}