{"id":196912,"date":"2019-09-11T15:33:49","date_gmt":"2019-09-11T15:33:49","guid":{"rendered":"https:\/\/www.meydan.tv\/article\/agsuda-genc-ananin-qetlinin-teferruatlari\/"},"modified":"2019-09-11T15:33:49","modified_gmt":"2019-09-11T15:33:49","slug":"agsuda-genc-ananin-qetlinin-teferruatlari","status":"publish","type":"post","link":"https:\/\/www.meydan.tv\/az\/article\/agsuda-genc-ananin-qetlinin-teferruatlari\/","title":{"rendered":"A\u011fsuda: G\u0259nc anan\u0131n q\u0259tlinin t\u0259f\u0259rr\u00fcatlar\u0131"},"content":{"rendered":"<p>\n  <i><br \/>\n    Jurnalist faci\u0259nin ba\u015f verdiyi ev\u0259 burax\u0131lmay\u0131b<br \/>\n  <\/i>\n<\/p>\n<p>\n  Az\u0259rbaycanda ail\u0259-m\u0259i\u015f\u0259t zorak\u0131l\u0131\u011f\u0131 z\u0259minind\u0259 ba\u015f ver\u0259n qad\u0131n q\u0259tll\u0259ri, t\u0259zyiql\u0259r tez-tez ictimaiyy\u0259tin \u0259sas m\u00fczakir\u0259 m\u00f6vzusuna \u00e7evrilir .\n<\/p>\n<p>\n  Q\u0259tll\u0259r \u00e7ox vaxt \u0259ks cinsin n\u00fcmay\u0259nd\u0259l\u0259ri- intim t\u0259r\u0259f m\u00fcqabill\u0259ri, yaxud da ail\u0259nin dig\u0259r ki\u015fi \u00fczvl\u0259ri t\u0259r\u0259find\u0259n t\u00f6r\u0259dilir. \u0130stintaq materiallar\u0131na \u0259sas\u0259n, \u00f6l\u00fcm fakt\u0131 da \u0259ks\u0259r hallarda q\u0131sqancl\u0131q v\u0259 x\u0259yan\u0259t, yaxud da ail\u0259-m\u0259i\u015f\u0259t probleml\u0259ri fonunda ba\u015f verir.\n<\/p>\n<p>\n  Bel\u0259 hadis\u0259l\u0259rd\u0259n biri sentyabr\u0131n 5-d\u0259 A\u011fsuda ba\u015f verib. \u0130stintaq\u0131n q\u0259na\u0259tin\u0259 g\u00f6r\u0259, k\u0259nd sakini 24 ya\u015fl\u0131 N.Z qarda\u015f\u0131n\u0131n h\u0259yat yolda\u015f\u0131, 19 ya\u015fl\u0131 H.Z-n\u0131 q\u0259tl\u0259 yetirib. Hadis\u0259nin q\u0131sqancl\u0131q z\u0259minind\u0259 t\u00f6r\u0259dildiyi bildirilir. Qad\u0131n bir il \u00f6nc\u0259 ail\u0259y\u0259 g\u0259lin g\u0259lib v\u0259 haz\u0131rda iki ayl\u0131q k\u00f6rp\u0259 \u00f6vlad\u0131 var. H\u0259yat yolda\u015f\u0131 h\u0259rb\u00e7idir, o, hadis\u0259 ba\u015f ver\u0259n zaman evd\u0259 olmay\u0131b.\n<\/p>\n<p>\n  \u0130ddia olunur ki, N.Z g\u0259linl\u0259rinin ba\u015fqas\u0131 il\u0259 olan m\u00fcnasib\u0259tind\u0259n \u015f\u00fcbh\u0259l\u0259nib.\n<\/p>\n<p>\n  A\u011fsu \u015f\u0259h\u0259r sakinl\u0259ri Meydan TV \u0259m\u0259kda\u015f\u0131na bildiribl\u0259r ki, k\u0259nd a\u011fsaqqallar\u0131 m\u0259rhumun ail\u0259sinin k\u0259ndi t\u0259rk etm\u0259sin\u0259 q\u0259rar veribl\u0259r, h\u0259tta onlara vaxt da qoyublar.\n<\/p>\n<p>\n  \u201cQ\u0131z\u0131n atas\u0131gil \u0259vv\u0259ll\u0259r ba\u015fqa k\u0259ndd\u0259 ya\u015fay\u0131blar, sonra bura k\u00f6\u00e7\u00fcbl\u0259r. M\u0259lum hadis\u0259d\u0259n sonra k\u0259ndin b\u0259l\u0259diyy\u0259si, a\u011fsaqqallar\u0131 v\u0259 yerli camaat bel\u0259 q\u0259rara g\u0259lib ki, q\u0131z\u0131n ail\u0259si k\u0259ndd\u0259n \u00e7\u0131xs\u0131n\u201d, &#8211; A\u011fsu sakini deyir.\n<\/p>\n<p>\n  Meydan TV \u0259m\u0259kda\u015f\u0131 hadis\u0259nin ba\u015f verdiyi k\u0259ndd\u0259 olub. K\u0259nd sakinl\u0259ri \u0259vv\u0259lc\u0259 dan\u0131\u015fmaq ist\u0259m\u0259s\u0259l\u0259r d\u0259, sonradan ail\u0259nin k\u0259ndd\u0259n \u00e7\u0131xar\u0131lma s\u00f6hb\u0259tinin \u0259sass\u0131z oldu\u011funu bildiribl\u0259r.\n<\/p>\n<figure class=\"wp-block-image size-large\">\n  <img decoding=\"async\" src=\"https:\/\/www.meydan.tv\/az\/hadisenin-toredildiyi-ev\/\" alt=\"Hadis\u0259nin t\u00f6r\u0259dildiyi ev\" class=\"wp-image-129478\"\/><figcaption>\n    Hadis\u0259nin t\u00f6r\u0259dildiyi ev<br \/>\n  <\/figcaption><\/figure>\n<p>\n  \u201cQ\u0131z\u0131n ail\u0259si niy\u0259 k\u0259ndd\u0259n \u00e7\u0131xmal\u0131d\u0131r? Camaat\u0131n ail\u0259sini da\u011f\u0131dan\u0131 k\u0259ndd\u0259n \u00e7\u0131xarmaq laz\u0131md\u0131r. Bu d\u00f6vl\u0259tin yiy\u0259si varsa, kas\u0131b\u0131n sahibi varsa, el\u0259 \u015f\u0259r\u0259fsizl\u0259ri k\u0259ndd\u0259n \u00e7\u0131xars\u0131n. Q\u0259tli t\u00f6r\u0259d\u0259n q\u0131z\u0131n \u00f6z day\u0131s\u0131 o\u011fludur. Hadis\u0259 namus \u00fcst\u00fcnd\u0259 olub. Ki\u015fi \u00f6z bac\u0131s\u0131 q\u0131z\u0131n\u0131 o\u011fluna al\u0131b. Q\u0131z\u0131n atas\u0131n\u0131 k\u0259ndd\u0259n \u00e7\u0131xarmaq ist\u0259yirl\u0259r s\u00f6hb\u0259ti yaland\u0131r. Bu d\u0259qiq\u0259 b\u00fct\u00fcn ail\u0259 bir yerd\u0259dir, arada he\u00e7 bir nifaq, s\u00f6z-s\u00f6hb\u0259t yoxdur\u201d, &#8211; qon\u015fulardan biri deyib.\n<\/p>\n<p>\n  Dig\u0259r k\u0259nd sakini is\u0259 \u201cOnlar\u0131n biz\u0259 uzaqdan qohumlu\u011fu \u00e7at\u0131r. O\u011flan day\u0131s\u0131 q\u0131z\u0131n\u0131, y\u0259ni qarda\u015f\u0131n\u0131n arvad\u0131n\u0131 evd\u0259 ba\u015fqa bir o\u011flanla tutub. Arada m\u00fcbahis\u0259 d\u00fc\u015f\u00fcb, q\u0131z da day\u0131s\u0131o\u011fluna deyib ki, \u0259c\u0259b edir\u0259m. O\u011flan da q\u0131z\u0131 bo\u011fub \u00f6ld\u00fcr\u00fcb,\u201d &#8211; deyir:\n<\/p>\n<p>\n  \u201cHadis\u0259 ay\u0131n 5-d\u0259 ba\u015f verib. Lakin yas m\u0259rasimi ke\u00e7irilmir. Kims\u0259 ba\u015fsa\u011fl\u0131\u011f\u0131na g\u0259l\u0259rs\u0259, qaba\u011f\u0131na bir st\u0259kan \u00e7ayla xurma qoyulur. Ail\u0259ni da\u011f\u0131dan \u015f\u0259r\u0259fsizi is\u0259 burax\u0131blar, azadl\u0131qda g\u0259zir. O, qon\u015fudur, bu k\u0259ndd\u0259ndir. Kimliyini dey\u0259 bilm\u0259rik, gedin, \u00f6z\u00fcn\u00fcz tap\u0131n\u201d.\n<\/p>\n<p>\n  Bir ne\u00e7\u0259 g\u0259nc, h\u0259m\u00e7inin q\u0259tli t\u00f6r\u0259tm\u0259kd\u0259 \u015f\u00fcbh\u0259li bilin\u0259n \u015f\u0259xsin atas\u0131 \u0130.Z Meydan TV \u0259m\u0259kda\u015f\u0131n\u0131n yas m\u0259rasimin\u0259 getm\u0259sin\u0259 mane olub. Q\u0259tl\u0259 yetiril\u0259n \u015f\u0259xsin ail\u0259si il\u0259 \u0259laq\u0259 saxlama\u011fa imkan verilm\u0259yib.\n<\/p>\n<p>\n  \u0130.Z bac\u0131s\u0131n\u0131n ail\u0259sinin k\u0259ndd\u0259n \u00e7\u0131xar\u0131lmas\u0131 il\u0259 ba\u011fl\u0131 yay\u0131lan \u015fayi\u0259nin \u0259sass\u0131z oldu\u011funu s\u00f6yl\u0259yib:\n<\/p>\n<p>\n  \u201cSiz\u0259 yanl\u0131\u015f m\u0259lumat veribl\u0259r. \u00d6ld\u00fcr\u0259n o\u011flan\u0131n valideyni m\u0259n\u0259m. Hadis\u0259 idi, oldu ke\u00e7di. Namus \u00fcst\u00fcnd\u0259dir. O\u011flum getdi, c\u0259zas\u0131n\u0131 \u00e7\u0259k\u0259c\u0259k. H\u0259min o\u011flan\u0131 niy\u0259 tutmay\u0131blar, prokurorlu\u011fa gedin, maraqlan\u0131n, ham\u0131 \u015fokdad\u0131r. O, g\u0259lib, g\u00f6z\u00fcm\u00fcz\u00fcn qaba\u011f\u0131nda g\u0259zir\u201d.\n<\/p>\n<p>\n  G\u0259ncl\u0259rd\u0259n biri is\u0259 \u201cBiz h\u0259min adam\u0131n k\u0259ndd\u0259n \u00e7\u0131xma\u011f\u0131n\u0131 ist\u0259yirik. Rahat-rahat g\u0259zir, amma Allah qoysa, onun bir \u015feyi \u00e7\u0131xacaq\u201d, &#8211; deyir.\n<\/p>\n<p>\n  K\u0259ndin inzibati \u0259razi dair\u0259si \u00fczr\u0259 n\u00fcmay\u0259nd\u0259si Araz R\u0259himov Meydan TV-y\u0259 bildirib ki, el aras\u0131nda \u00e7ox s\u00f6z-s\u00f6hb\u0259t olur, amma reall\u0131qda he\u00e7 biri \u00f6z \u0259ksini tapm\u0131r:\n<\/p>\n<p>\n  \u201cHadis\u0259 ba\u015f ver\u0259n g\u00fcn h\u00fcquq-m\u00fchafiz\u0259 orqanlar\u0131 il\u0259 birlikd\u0259 orada olmu\u015fam. El\u0259 bir s\u00f6hb\u0259t\u0259 rast g\u0259lm\u0259mi\u015f\u0259m. Biz\u0259 h\u0259min ail\u0259nin k\u0259ndd\u0259n \u00e7\u0131xar\u0131lmas\u0131 il\u0259 ba\u011fl\u0131 h\u0259r hans\u0131 m\u00fcraci\u0259t daxil olmay\u0131b. Dig\u0259r t\u0259r\u0259fd\u0259n is\u0259, \u00fcmumiyy\u0259tl\u0259, bu h\u00fcququ kim verib ki, kims\u0259 v\u0259t\u0259nda\u015f\u0131 k\u0259ndd\u0259n \u00e7\u0131xars\u0131n? M\u00fc\u0259yy\u0259n m\u00fcdd\u0259td\u0259n sonra qanun h\u0259r \u015feyi t\u0259nziml\u0259y\u0259c\u0259k\u201d.\n<\/p>\n<p>\n  \u201cT\u0259miz D\u00fcnya\u201d Qad\u0131nlara Yard\u0131m \u0130ctimai Birliyinin r\u0259hb\u0259ri Mehriban Zeynalova Meydan TV-y\u0259 bildirib ki, bu kimi \u00f6l\u00fcm faktlar\u0131nda \u00f6z\u00fcn\u00fc t\u0259miz\u0259 \u00e7\u0131xarmaq ist\u0259y\u0259nl\u0259r, q\u0259tli x\u0259yan\u0259tl\u0259 \u0259laq\u0259l\u0259ndirirl\u0259r:\n<\/p>\n<p>\n  \u201c\u00c7oxu emosional v\u0259ziyy\u0259td\u0259 v\u0259 yaxud bil\u0259r\u0259kd\u0259n, \u0259vv\u0259lc\u0259d\u0259n haz\u0131rlanm\u0131\u015f plan \u0259sas\u0131nda hans\u0131sa qad\u0131n\u0131 \u00f6ld\u00fcr\u00fcrs\u0259, bunu namus cinay\u0259ti kimi t\u0259qdim edir ki, bir az m\u0259suliyy\u0259td\u0259n azad olsun. Bu, sovetl\u0259r d\u00f6n\u0259mind\u0259n qal\u0131b. \u00c7\u00fcnki o vaxt qad\u0131n \u00f6l\u00fcml\u0259ri indiki kimi tez-tez ba\u015f vermirdi. On ild\u0259 bir hadis\u0259 olard\u0131 v\u0259 onda da m\u00fc\u0259yy\u0259n y\u00fcng\u00fcl c\u0259za verilirdi. T\u00f6r\u0259dil\u0259n cinay\u0259t, \u015f\u0259xsin emosional v\u0259 bu m\u0259s\u0259l\u0259d\u0259 g\u0259rgin affekt v\u0259ziyy\u0259tin\u0259 d\u00fc\u015fm\u0259si il\u0259 \u0259sasland\u0131r\u0131l\u0131rd\u0131.\n<\/p>\n<p>\n  M\u0259n \u0259vv\u0259ld\u0259n fikir y\u00fcr\u00fcd\u0259 bilm\u0259r\u0259m, orada x\u0259yan\u0259t olub, ya yox. Lakin 19 ya\u015fl\u0131 yeni ail\u0259 qurmu\u015f qad\u0131n\u0131n x\u0259yan\u0259t etm\u0259si m\u0259ntiq\u0259 s\u0131\u011fm\u0131r. Dig\u0259r t\u0259r\u0259fd\u0259n, \u0259g\u0259r kims\u0259 onu yoldan \u00e7\u0131xar\u0131bsa, bu, m\u0259n\u0259vi cinay\u0259t hesab olunur. T\u0259\u0259ss\u00fcf ki, bizd\u0259 m\u0259n\u0259vi cinay\u0259tl\u0259r ba\u015f ver\u0259nd\u0259 buna g\u00f6r\u0259 kims\u0259 m\u0259suliyy\u0259t\u0259 c\u0259lb olunmur. Kimins\u0259 h\u0259yat yolda\u015f\u0131n\u0131, g\u0259nc bir q\u0131z\u0131 yoldan \u00e7\u0131xarmaq, yaxud s\u00f6z atmaq, h\u0259m\u00e7inin haqq\u0131nda \u015fayi\u0259 yaymaq m\u0259n\u0259vi cinay\u0259tdir. \u018fg\u0259r biz milli mentaliteti qoruyuruqsa, buradan yola \u00e7\u0131xmaq laz\u0131md\u0131r. Halbuki, sadalad\u0131\u011f\u0131m hallara g\u00f6r\u0259 b\u00f6y\u00fck cinay\u0259tl\u0259r, ail\u0259 faci\u0259l\u0259ri ba\u015f verir\u201d.\n<\/p>\n<p>\n  Q\u0259tli t\u00f6r\u0259d\u0259n N.Z h\u00fcquq- m\u00fchafiz\u0259 orqanlar\u0131 t\u0259r\u0259find\u0259n saxlan\u0131l\u0131b. A\u011fsu rayon prokuroru Namiq Muradov Meydan TV-y\u0259 bildirib ki, faktla ba\u011fl\u0131 Cinay\u0259t M\u0259c\u0259ll\u0259sinin 120.1-ci (q\u0259sd\u0259n adam \u00f6ld\u00fcrm\u0259) madd\u0259si il\u0259 cinay\u0259t i\u015fi ba\u015flan\u0131b. \u0130stintaq\u0131 m\u00fcst\u0259ntiq Kamran A\u011fayev apar\u0131r.<\/p>\n","protected":false},"excerpt":{"rendered":"<p>Jurnalist faci\u0259nin ba\u015f verdiyi ev\u0259 burax\u0131lmay\u0131b<\/p>\n","protected":false},"author":11,"featured_media":129481,"comment_status":"closed","ping_status":"open","sticky":false,"template":"","format":"standard","meta":{"_acf_changed":false,"_sitemap_exclude":false,"_sitemap_priority":"","_sitemap_frequency":"","footnotes":""},"categories":[60],"tags":[],"class_list":["post-196912","post","type-post","status-publish","format-standard","has-post-thumbnail","hentry","category-bolge","infinite-scroll-item","generate-columns","tablet-grid-50","mobile-grid-100","grid-parent","grid-33","no-featured-image-padding"],"acf":[],"yoast_head":"<!-- This site is optimized with the Yoast SEO plugin v27.5 - https:\/\/yoast.com\/product\/yoast-seo-wordpress\/ -->\n<title>A\u011fsuda: G\u0259nc anan\u0131n q\u0259tlinin t\u0259f\u0259rr\u00fcatlar\u0131 - MEYDAN.TV<\/title>\n<meta name=\"robots\" content=\"index, follow, max-snippet:-1, max-image-preview:large, max-video-preview:-1\" \/>\n<link rel=\"canonical\" href=\"https:\/\/www.meydan.tv\/az\/article\/agsuda-genc-ananin-qetlinin-teferruatlari\/\" \/>\n<meta property=\"og:locale\" content=\"az_AZ\" \/>\n<meta property=\"og:type\" content=\"article\" \/>\n<meta property=\"og:title\" content=\"A\u011fsuda: G\u0259nc anan\u0131n q\u0259tlinin t\u0259f\u0259rr\u00fcatlar\u0131 - MEYDAN.TV\" \/>\n<meta property=\"og:description\" content=\"Jurnalist faci\u0259nin ba\u015f verdiyi ev\u0259 burax\u0131lmay\u0131b\" \/>\n<meta property=\"og:url\" content=\"https:\/\/www.meydan.tv\/az\/article\/agsuda-genc-ananin-qetlinin-teferruatlari\/\" \/>\n<meta property=\"og:site_name\" content=\"MEYDAN.TV\" \/>\n<meta property=\"article:published_time\" content=\"2019-09-11T15:33:49+00:00\" \/>\n<meta property=\"og:image\" content=\"https:\/\/www.meydan.tv\/wp-content\/uploads\/2d36d216-5acc-42d3-b0e0-a87026daf7ae-scaled.jpeg\" \/>\n\t<meta property=\"og:image:width\" content=\"2560\" \/>\n\t<meta property=\"og:image:height\" content=\"1440\" \/>\n\t<meta property=\"og:image:type\" content=\"image\/jpeg\" \/>\n<meta name=\"author\" content=\"user-manager\" \/>\n<meta name=\"twitter:card\" content=\"summary_large_image\" \/>\n<script type=\"application\/ld+json\" class=\"yoast-schema-graph\">{\"@context\":\"https:\\\/\\\/schema.org\",\"@graph\":[{\"@type\":\"Article\",\"@id\":\"https:\\\/\\\/www.meydan.tv\\\/az\\\/article\\\/agsuda-genc-ananin-qetlinin-teferruatlari\\\/#article\",\"isPartOf\":{\"@id\":\"https:\\\/\\\/www.meydan.tv\\\/az\\\/article\\\/agsuda-genc-ananin-qetlinin-teferruatlari\\\/\"},\"author\":{\"name\":\"user-manager\",\"@id\":\"https:\\\/\\\/www.meydan.tv\\\/az\\\/#\\\/schema\\\/person\\\/10d11eccf6da3662cf5fdab9806ea91a\"},\"headline\":\"A\u011fsuda: G\u0259nc anan\u0131n q\u0259tlinin t\u0259f\u0259rr\u00fcatlar\u0131\",\"datePublished\":\"2019-09-11T15:33:49+00:00\",\"mainEntityOfPage\":{\"@id\":\"https:\\\/\\\/www.meydan.tv\\\/az\\\/article\\\/agsuda-genc-ananin-qetlinin-teferruatlari\\\/\"},\"wordCount\":1256,\"publisher\":{\"@id\":\"https:\\\/\\\/www.meydan.tv\\\/az\\\/#organization\"},\"image\":{\"@id\":\"https:\\\/\\\/www.meydan.tv\\\/az\\\/article\\\/agsuda-genc-ananin-qetlinin-teferruatlari\\\/#primaryimage\"},\"thumbnailUrl\":\"https:\\\/\\\/www.meydan.tv\\\/wp-content\\\/uploads\\\/2d36d216-5acc-42d3-b0e0-a87026daf7ae-scaled.jpeg\",\"articleSection\":[\"B\u00f6lg\u0259\"],\"inLanguage\":\"az\"},{\"@type\":\"WebPage\",\"@id\":\"https:\\\/\\\/www.meydan.tv\\\/az\\\/article\\\/agsuda-genc-ananin-qetlinin-teferruatlari\\\/\",\"url\":\"https:\\\/\\\/www.meydan.tv\\\/az\\\/article\\\/agsuda-genc-ananin-qetlinin-teferruatlari\\\/\",\"name\":\"A\u011fsuda: G\u0259nc anan\u0131n q\u0259tlinin t\u0259f\u0259rr\u00fcatlar\u0131 - MEYDAN.TV\",\"isPartOf\":{\"@id\":\"https:\\\/\\\/www.meydan.tv\\\/az\\\/#website\"},\"primaryImageOfPage\":{\"@id\":\"https:\\\/\\\/www.meydan.tv\\\/az\\\/article\\\/agsuda-genc-ananin-qetlinin-teferruatlari\\\/#primaryimage\"},\"image\":{\"@id\":\"https:\\\/\\\/www.meydan.tv\\\/az\\\/article\\\/agsuda-genc-ananin-qetlinin-teferruatlari\\\/#primaryimage\"},\"thumbnailUrl\":\"https:\\\/\\\/www.meydan.tv\\\/wp-content\\\/uploads\\\/2d36d216-5acc-42d3-b0e0-a87026daf7ae-scaled.jpeg\",\"datePublished\":\"2019-09-11T15:33:49+00:00\",\"breadcrumb\":{\"@id\":\"https:\\\/\\\/www.meydan.tv\\\/az\\\/article\\\/agsuda-genc-ananin-qetlinin-teferruatlari\\\/#breadcrumb\"},\"inLanguage\":\"az\",\"potentialAction\":[{\"@type\":\"ReadAction\",\"target\":[\"https:\\\/\\\/www.meydan.tv\\\/az\\\/article\\\/agsuda-genc-ananin-qetlinin-teferruatlari\\\/\"]}]},{\"@type\":\"ImageObject\",\"inLanguage\":\"az\",\"@id\":\"https:\\\/\\\/www.meydan.tv\\\/az\\\/article\\\/agsuda-genc-ananin-qetlinin-teferruatlari\\\/#primaryimage\",\"url\":\"https:\\\/\\\/www.meydan.tv\\\/wp-content\\\/uploads\\\/2d36d216-5acc-42d3-b0e0-a87026daf7ae-scaled.jpeg\",\"contentUrl\":\"https:\\\/\\\/www.meydan.tv\\\/wp-content\\\/uploads\\\/2d36d216-5acc-42d3-b0e0-a87026daf7ae-scaled.jpeg\",\"width\":2560,\"height\":1440,\"caption\":\"Source: Meydan Tv\"},{\"@type\":\"BreadcrumbList\",\"@id\":\"https:\\\/\\\/www.meydan.tv\\\/az\\\/article\\\/agsuda-genc-ananin-qetlinin-teferruatlari\\\/#breadcrumb\",\"itemListElement\":[{\"@type\":\"ListItem\",\"position\":1,\"name\":\"Ana s\u0259hif\u0259\",\"item\":\"https:\\\/\\\/www.meydan.tv\\\/az\\\/\"},{\"@type\":\"ListItem\",\"position\":2,\"name\":\"B\u00f6lg\u0259\",\"item\":\"https:\\\/\\\/www.meydan.tv\\\/az\\\/section\\\/bolge\\\/\"},{\"@type\":\"ListItem\",\"position\":3,\"name\":\"A\u011fsuda: G\u0259nc anan\u0131n q\u0259tlinin t\u0259f\u0259rr\u00fcatlar\u0131\"}]},{\"@type\":\"WebSite\",\"@id\":\"https:\\\/\\\/www.meydan.tv\\\/az\\\/#website\",\"url\":\"https:\\\/\\\/www.meydan.tv\\\/az\\\/\",\"name\":\"MEYDAN.TV\",\"description\":\"Meydan TV Az\u0259rbaycan\u0131n media m\u0259kan\u0131ndak\u0131 alternativ s\u0259sidir\",\"publisher\":{\"@id\":\"https:\\\/\\\/www.meydan.tv\\\/az\\\/#organization\"},\"potentialAction\":[{\"@type\":\"SearchAction\",\"target\":{\"@type\":\"EntryPoint\",\"urlTemplate\":\"https:\\\/\\\/www.meydan.tv\\\/az\\\/?s={search_term_string}\"},\"query-input\":{\"@type\":\"PropertyValueSpecification\",\"valueRequired\":true,\"valueName\":\"search_term_string\"}}],\"inLanguage\":\"az\"},{\"@type\":\"Organization\",\"@id\":\"https:\\\/\\\/www.meydan.tv\\\/az\\\/#organization\",\"name\":\"Meydan TV\",\"url\":\"https:\\\/\\\/www.meydan.tv\\\/az\\\/\",\"logo\":{\"@type\":\"ImageObject\",\"inLanguage\":\"az\",\"@id\":\"https:\\\/\\\/www.meydan.tv\\\/az\\\/#\\\/schema\\\/logo\\\/image\\\/\",\"url\":\"https:\\\/\\\/www.meydan.tv\\\/wp-content\\\/uploads\\\/2021\\\/07\\\/meydan-logo.svg\",\"contentUrl\":\"https:\\\/\\\/www.meydan.tv\\\/wp-content\\\/uploads\\\/2021\\\/07\\\/meydan-logo.svg\",\"width\":195,\"height\":46,\"caption\":\"Meydan TV\"},\"image\":{\"@id\":\"https:\\\/\\\/www.meydan.tv\\\/az\\\/#\\\/schema\\\/logo\\\/image\\\/\"}},{\"@type\":\"Person\",\"@id\":\"https:\\\/\\\/www.meydan.tv\\\/az\\\/#\\\/schema\\\/person\\\/10d11eccf6da3662cf5fdab9806ea91a\",\"name\":\"user-manager\"}]}<\/script>\n<!-- \/ Yoast SEO plugin. -->","yoast_head_json":{"title":"A\u011fsuda: G\u0259nc anan\u0131n q\u0259tlinin t\u0259f\u0259rr\u00fcatlar\u0131 - MEYDAN.TV","robots":{"index":"index","follow":"follow","max-snippet":"max-snippet:-1","max-image-preview":"max-image-preview:large","max-video-preview":"max-video-preview:-1"},"canonical":"https:\/\/www.meydan.tv\/az\/article\/agsuda-genc-ananin-qetlinin-teferruatlari\/","og_locale":"az_AZ","og_type":"article","og_title":"A\u011fsuda: G\u0259nc anan\u0131n q\u0259tlinin t\u0259f\u0259rr\u00fcatlar\u0131 - MEYDAN.TV","og_description":"Jurnalist faci\u0259nin ba\u015f verdiyi ev\u0259 burax\u0131lmay\u0131b","og_url":"https:\/\/www.meydan.tv\/az\/article\/agsuda-genc-ananin-qetlinin-teferruatlari\/","og_site_name":"MEYDAN.TV","article_published_time":"2019-09-11T15:33:49+00:00","og_image":[{"width":2560,"height":1440,"url":"https:\/\/www.meydan.tv\/wp-content\/uploads\/2d36d216-5acc-42d3-b0e0-a87026daf7ae-scaled.jpeg","type":"image\/jpeg"}],"author":"user-manager","twitter_card":"summary_large_image","schema":{"@context":"https:\/\/schema.org","@graph":[{"@type":"Article","@id":"https:\/\/www.meydan.tv\/az\/article\/agsuda-genc-ananin-qetlinin-teferruatlari\/#article","isPartOf":{"@id":"https:\/\/www.meydan.tv\/az\/article\/agsuda-genc-ananin-qetlinin-teferruatlari\/"},"author":{"name":"user-manager","@id":"https:\/\/www.meydan.tv\/az\/#\/schema\/person\/10d11eccf6da3662cf5fdab9806ea91a"},"headline":"A\u011fsuda: G\u0259nc anan\u0131n q\u0259tlinin t\u0259f\u0259rr\u00fcatlar\u0131","datePublished":"2019-09-11T15:33:49+00:00","mainEntityOfPage":{"@id":"https:\/\/www.meydan.tv\/az\/article\/agsuda-genc-ananin-qetlinin-teferruatlari\/"},"wordCount":1256,"publisher":{"@id":"https:\/\/www.meydan.tv\/az\/#organization"},"image":{"@id":"https:\/\/www.meydan.tv\/az\/article\/agsuda-genc-ananin-qetlinin-teferruatlari\/#primaryimage"},"thumbnailUrl":"https:\/\/www.meydan.tv\/wp-content\/uploads\/2d36d216-5acc-42d3-b0e0-a87026daf7ae-scaled.jpeg","articleSection":["B\u00f6lg\u0259"],"inLanguage":"az"},{"@type":"WebPage","@id":"https:\/\/www.meydan.tv\/az\/article\/agsuda-genc-ananin-qetlinin-teferruatlari\/","url":"https:\/\/www.meydan.tv\/az\/article\/agsuda-genc-ananin-qetlinin-teferruatlari\/","name":"A\u011fsuda: G\u0259nc anan\u0131n q\u0259tlinin t\u0259f\u0259rr\u00fcatlar\u0131 - MEYDAN.TV","isPartOf":{"@id":"https:\/\/www.meydan.tv\/az\/#website"},"primaryImageOfPage":{"@id":"https:\/\/www.meydan.tv\/az\/article\/agsuda-genc-ananin-qetlinin-teferruatlari\/#primaryimage"},"image":{"@id":"https:\/\/www.meydan.tv\/az\/article\/agsuda-genc-ananin-qetlinin-teferruatlari\/#primaryimage"},"thumbnailUrl":"https:\/\/www.meydan.tv\/wp-content\/uploads\/2d36d216-5acc-42d3-b0e0-a87026daf7ae-scaled.jpeg","datePublished":"2019-09-11T15:33:49+00:00","breadcrumb":{"@id":"https:\/\/www.meydan.tv\/az\/article\/agsuda-genc-ananin-qetlinin-teferruatlari\/#breadcrumb"},"inLanguage":"az","potentialAction":[{"@type":"ReadAction","target":["https:\/\/www.meydan.tv\/az\/article\/agsuda-genc-ananin-qetlinin-teferruatlari\/"]}]},{"@type":"ImageObject","inLanguage":"az","@id":"https:\/\/www.meydan.tv\/az\/article\/agsuda-genc-ananin-qetlinin-teferruatlari\/#primaryimage","url":"https:\/\/www.meydan.tv\/wp-content\/uploads\/2d36d216-5acc-42d3-b0e0-a87026daf7ae-scaled.jpeg","contentUrl":"https:\/\/www.meydan.tv\/wp-content\/uploads\/2d36d216-5acc-42d3-b0e0-a87026daf7ae-scaled.jpeg","width":2560,"height":1440,"caption":"Source: Meydan Tv"},{"@type":"BreadcrumbList","@id":"https:\/\/www.meydan.tv\/az\/article\/agsuda-genc-ananin-qetlinin-teferruatlari\/#breadcrumb","itemListElement":[{"@type":"ListItem","position":1,"name":"Ana s\u0259hif\u0259","item":"https:\/\/www.meydan.tv\/az\/"},{"@type":"ListItem","position":2,"name":"B\u00f6lg\u0259","item":"https:\/\/www.meydan.tv\/az\/section\/bolge\/"},{"@type":"ListItem","position":3,"name":"A\u011fsuda: G\u0259nc anan\u0131n q\u0259tlinin t\u0259f\u0259rr\u00fcatlar\u0131"}]},{"@type":"WebSite","@id":"https:\/\/www.meydan.tv\/az\/#website","url":"https:\/\/www.meydan.tv\/az\/","name":"MEYDAN.TV","description":"Meydan TV Az\u0259rbaycan\u0131n media m\u0259kan\u0131ndak\u0131 alternativ s\u0259sidir","publisher":{"@id":"https:\/\/www.meydan.tv\/az\/#organization"},"potentialAction":[{"@type":"SearchAction","target":{"@type":"EntryPoint","urlTemplate":"https:\/\/www.meydan.tv\/az\/?s={search_term_string}"},"query-input":{"@type":"PropertyValueSpecification","valueRequired":true,"valueName":"search_term_string"}}],"inLanguage":"az"},{"@type":"Organization","@id":"https:\/\/www.meydan.tv\/az\/#organization","name":"Meydan TV","url":"https:\/\/www.meydan.tv\/az\/","logo":{"@type":"ImageObject","inLanguage":"az","@id":"https:\/\/www.meydan.tv\/az\/#\/schema\/logo\/image\/","url":"https:\/\/www.meydan.tv\/wp-content\/uploads\/2021\/07\/meydan-logo.svg","contentUrl":"https:\/\/www.meydan.tv\/wp-content\/uploads\/2021\/07\/meydan-logo.svg","width":195,"height":46,"caption":"Meydan TV"},"image":{"@id":"https:\/\/www.meydan.tv\/az\/#\/schema\/logo\/image\/"}},{"@type":"Person","@id":"https:\/\/www.meydan.tv\/az\/#\/schema\/person\/10d11eccf6da3662cf5fdab9806ea91a","name":"user-manager"}]}},"_links":{"self":[{"href":"https:\/\/www.meydan.tv\/az\/wp-json\/wp\/v2\/posts\/196912","targetHints":{"allow":["GET"]}}],"collection":[{"href":"https:\/\/www.meydan.tv\/az\/wp-json\/wp\/v2\/posts"}],"about":[{"href":"https:\/\/www.meydan.tv\/az\/wp-json\/wp\/v2\/types\/post"}],"author":[{"embeddable":true,"href":"https:\/\/www.meydan.tv\/az\/wp-json\/wp\/v2\/users\/11"}],"replies":[{"embeddable":true,"href":"https:\/\/www.meydan.tv\/az\/wp-json\/wp\/v2\/comments?post=196912"}],"version-history":[{"count":0,"href":"https:\/\/www.meydan.tv\/az\/wp-json\/wp\/v2\/posts\/196912\/revisions"}],"wp:featuredmedia":[{"embeddable":true,"href":"https:\/\/www.meydan.tv\/az\/wp-json\/wp\/v2\/media\/129481"}],"wp:attachment":[{"href":"https:\/\/www.meydan.tv\/az\/wp-json\/wp\/v2\/media?parent=196912"}],"wp:term":[{"taxonomy":"category","embeddable":true,"href":"https:\/\/www.meydan.tv\/az\/wp-json\/wp\/v2\/categories?post=196912"},{"taxonomy":"post_tag","embeddable":true,"href":"https:\/\/www.meydan.tv\/az\/wp-json\/wp\/v2\/tags?post=196912"}],"curies":[{"name":"wp","href":"https:\/\/api.w.org\/{rel}","templated":true}]}}